{"id":609832,"date":"2021-01-14T00:00:00","date_gmt":"2021-01-14T03:00:00","guid":{"rendered":"https:\/\/www.estrategiaconcursos.com.br\/blog\/?p=609832"},"modified":"2023-09-20T11:06:27","modified_gmt":"2023-09-20T14:06:27","slug":"edital-pm-pa-2021","status":"publish","type":"post","link":"https:\/\/www.estrategiaconcursos.com.br\/blog\/edital-pm-pa-2021\/","title":{"rendered":"EDITAL PM PA abre inscri\u00e7\u00f5es com 2.405 vagas. Confira!"},"content":{"rendered":"\n<p id=\"block-d91eb6df-c495-4221-8bbf-74a0a1f14ba8\">As inscri\u00e7\u00f5es para o edital PM PA est\u00e3o encerradas. Conforme o documento, s\u00e3o ofertadas <strong>2.405<\/strong> <strong>vagas<\/strong> para cargos de n\u00edveis m\u00e9dio e superior para a Pol\u00edcia Militar do Estado do Par\u00e1.<\/p>\n\n\n\n<p id=\"block-2d438ed9-8f3b-4c1b-b90b-c01f7ff19fdc\">Os interessados em participar da sele\u00e7\u00e3o devem fazer as inscri\u00e7\u00f5es at\u00e9 dia 14 de janeiro, no site do <strong>IADES<\/strong> <strong>(Instituto Americano de Desenvolvimento)<\/strong>, banca organizadora do certame, ao custo de <strong>R$ 76,00<\/strong> para Soldado e <strong>R$ 88,00<\/strong> para Oficial<strong>.<\/strong><\/p>\n\n\n\n<p>O edital j\u00e1 passou por retifica\u00e7\u00f5es e voc\u00ea precisa ficar atento. <a href=\"https:\/\/www.estrategiaconcursos.com.br\/blog\/edital-pm-pa-retificado\/\" target=\"_blank\" rel=\"noreferrer noopener\">Acesse aqui as Retifica\u00e7\u00f5es do Concurso PM PA 2020.<\/a><\/p>\n\n\n\n<p id=\"block-dee2c6e4-789c-485d-82ea-10ea257cc6a2\">A fim de te deixar sempre bem informado, elaboramos este artigo com as principais informa\u00e7\u00f5es e novidades sobre o concurso PM PA. Acompanhe os t\u00f3picos abaixo e n\u00e3o perca nenhum detalhe:<\/p>\n\n\n\n<ul class=\"wp-block-list\" id=\"block-a49c9f9c-d2eb-4ee0-a7c2-1aba34db1a1e\">\n<li><em><strong><a href=\"https:\/\/www.estrategiaconcursos.com.br\/blog\/wp-admin\/post.php?action=edit&amp;post=595516#datas\">Principais datas<\/a><\/strong><\/em><\/li>\n\n\n\n<li><em><strong><a href=\"https:\/\/www.estrategiaconcursos.com.br\/blog\/wp-admin\/post.php?action=edit&amp;post=595516#cargo\">Cargos, vagas e remunera\u00e7\u00f5es<\/a><\/strong><\/em><\/li>\n\n\n\n<li><em><strong><a href=\"https:\/\/www.estrategiaconcursos.com.br\/blog\/wp-admin\/post.php?action=edit&amp;post=595516#etapas\">Etapas e provas<\/a><\/strong><\/em><\/li>\n\n\n\n<li><a href=\"#plano\"><strong>Plano de estudos P\u00f3s edital<\/strong><\/a><\/li>\n\n\n\n<li><strong><em><a href=\"#estrategico\">Edital Estrat\u00e9gico<\/a><\/em><\/strong><\/li>\n\n\n\n<li><em><strong><a href=\"https:\/\/www.estrategiaconcursos.com.br\/blog\/wp-admin\/post.php?action=edit&amp;post=595516#curso\">Cursos e assinaturas<\/a><\/strong><\/em><\/li>\n\n\n\n<li><em><strong><a href=\"https:\/\/www.estrategiaconcursos.com.br\/blog\/wp-admin\/post.php?action=edit&amp;post=595516#ficha\">Ficha t\u00e9cnica<\/a><\/strong><\/em><\/li>\n<\/ul>\n\n\n\n<h2 class=\"wp-block-heading\" id=\"block-d6dbf667-bf6c-433e-9097-4e98a9a06cee\">Edital PM PA: principais datas<\/h2>\n\n\n\n<p class=\"has-cyan-bluish-gray-background-color has-background\" id=\"block-0f2ed3af-dfa7-4b29-abb9-60edae99b8e6\"><strong>Inscri\u00e7\u00f5es<\/strong>:<s>at\u00e9 14 de janeiro<\/s><br \/><strong>Isen\u00e7\u00e3o da taxa<\/strong>: 30 de novembro e 4 de dezembro de 2020<br \/><strong>Provas<\/strong> <strong>Oficial<\/strong>: 28 de fevereiro de 2021<br \/><strong>Provas Soldado<\/strong>: 07\/03\/21 &#8211; mulheres e 14\/03\/21 &#8211; homens<\/p>\n\n\n\n<h2 class=\"wp-block-heading\" id=\"block-5cc71ff8-ef65-4e7d-af33-5662357f303a\">Edital PM PA: cargos, vagas e remunera\u00e7\u00f5es<\/h2>\n\n\n\n<h3 class=\"wp-block-heading\" id=\"block-308cb276-d85a-4607-a8fe-71900c92a62c\">N\u00edvel m\u00e9dio<\/h3>\n\n\n\n<figure class=\"wp-block-table is-style-stripes\"><table><thead><tr><th class=\"has-text-align-center\" data-align=\"center\"><strong>CARGO<\/strong><\/th><th class=\"has-text-align-center\" data-align=\"center\"><strong>VAGAS<\/strong><\/th><th class=\"has-text-align-center\" data-align=\"center\"><strong>SAL\u00c1RIO<\/strong><\/th><\/tr><\/thead><tbody><tr><td class=\"has-text-align-center\" data-align=\"center\">Soldado Feminino<\/td><td class=\"has-text-align-center\" data-align=\"center\">231<\/td><td class=\"has-text-align-center\" data-align=\"center\">R$ 3.053,39 <\/td><\/tr><tr><td class=\"has-text-align-center\" data-align=\"center\">Soldado Masculino<\/td><td class=\"has-text-align-center\" data-align=\"center\">2.079<\/td><td class=\"has-text-align-center\" data-align=\"center\">R$ 3.053,39<\/td><\/tr><\/tbody><\/table><\/figure>\n\n\n\n<p><strong>Durante a realiza\u00e7\u00e3o do CFP\/PM,<\/strong> o Aluno Soldado receber\u00e1 remunera\u00e7\u00e3o no valor de R$ 848,16, al\u00e9m do aux\u00edlio alimenta\u00e7\u00e3o no valor mensal de R$ 942,03. <strong>Ap\u00f3s a conclus\u00e3o do CFP\/PM, <\/strong>j\u00e1 na condi\u00e7\u00e3o de Soldado PM, passar\u00e1 a receber a remunera\u00e7\u00e3o de <strong>R$3.053,39,<\/strong> al\u00e9m do aux\u00edlio alimenta\u00e7\u00e3o no valor mensal de R$ 942,03.<\/p>\n\n\n\n<h3 class=\"wp-block-heading\" id=\"block-308cb276-d85a-4607-a8fe-71900c92a62c\">N\u00edvel superior<\/h3>\n\n\n\n<figure class=\"wp-block-table is-style-stripes\"><table><thead><tr><th class=\"has-text-align-center\" data-align=\"center\"><strong>CARGO<\/strong><\/th><th class=\"has-text-align-center\" data-align=\"center\"><strong>VAGAS<\/strong><\/th><th class=\"has-text-align-center\" data-align=\"center\"><strong>SAL\u00c1RIO<\/strong><\/th><\/tr><\/thead><tbody><tr><td class=\"has-text-align-center\" data-align=\"center\">Oficial Feminino<\/td><td class=\"has-text-align-center\" data-align=\"center\">10<\/td><td class=\"has-text-align-center\" data-align=\"center\">R$ 4.256,98,<\/td><\/tr><tr><td class=\"has-text-align-center\" data-align=\"center\">Oficial Masculino<\/td><td class=\"has-text-align-center\" data-align=\"center\">85<\/td><td class=\"has-text-align-center\" data-align=\"center\">R$ 4.256,98,<\/td><\/tr><\/tbody><\/table><\/figure>\n\n\n\n<p><strong>Durante a realiza\u00e7\u00e3o do CFO\/PM,<\/strong> o Aluno Oficial receber\u00e1 remunera\u00e7\u00e3o no valor de R$ 3.896,98, al\u00e9m do aux\u00edlio alimenta\u00e7\u00e3o no valor mensal de<br \/>R$ 732,69.<br \/><strong>Ap\u00f3s a conclus\u00e3o do CFO\/PM,<\/strong> j\u00e1 na condi\u00e7\u00e3o de Aspirante-a-Oficial PM,<br \/>passar\u00e1 a receber a remunera\u00e7\u00e3o de R$ 4.256,98, al\u00e9m do aux\u00edlio alimenta\u00e7\u00e3o no valor mensal de R$ 732,69.<\/p>\n\n\n\n<h3 class=\"wp-block-heading\" id=\"requisitos\">Edital PM PA: principais requisitos<\/h3>\n\n\n\n<p><strong><em>Pra\u00e7as:<\/em><\/strong><\/p>\n\n\n\n<p>a) ser brasileiro;<br \/>b) ter idade compreendida <strong>entre 18 e 30 anos;<\/strong> &#8211; idade m\u00ednima na data da matr\u00edcula no CFP\/PM; idade m\u00e1xima na data de inscri\u00e7\u00e3o no concurso p\u00fablico.<br \/>c) ter <strong>altura m\u00ednima de 1,60 m<\/strong>, se homem, <strong>e de 1,55 m<\/strong> se mulher;<br \/>d) ser habilitado para conduzir ve\u00edculo automotor, possuidor da <strong>Carteira<br \/>Nacional de Habilita\u00e7\u00e3o &#8211; Categoria tipo \u201cB\u201d<\/strong><\/p>\n\n\n\n<p><em><strong>Oficiais:<\/strong><\/em><\/p>\n\n\n\n<p>a) ser brasileiro;<br \/>b) ter idade compreendida entre 18 e 30  anos; &#8211; idade m\u00ednima na data da matr\u00edcula no CFO\/PM; idade m\u00e1xima na data de inscri\u00e7\u00e3o no concurso p\u00fablico<br \/>c) ter altura m\u00ednima de 1,60 m, se homem, e de 1,55 m, se mulher;<br \/>d) ser habilitado para conduzir ve\u00edculo automotor, possuidor da Carteira<br \/>Nacional de Habilita\u00e7\u00e3o &#8211; Categoria tipo \u201cB<br \/>e) ter conclu\u00eddo o curso de gradua\u00e7\u00e3o superior em Direito <\/p>\n\n\n\n<p><strong>Confira a an\u00e1lise completa do edital para o Concurso PM PA: <\/strong><\/p>\n\n\n<figure class=\"wp-block-embed-youtube wp-block-embed is-type-video is-provider-youtube wp-embed-aspect-16-9 wp-has-aspect-ratio\"><div class=\"lyte-wrapper\" style=\"width:853px;max-width:100%;margin:5px;\"><div class=\"lyMe\" id=\"WYL_ltbqes80-Jk\"><div id=\"lyte_ltbqes80-Jk\" data-src=\"\/\/i.ytimg.com\/vi\/ltbqes80-Jk\/hqdefault.jpg\" class=\"pL\"><div class=\"tC\"><div class=\"tT\"><\/div><\/div><div class=\"play\"><\/div><div class=\"ctrl\"><div class=\"Lctrl\"><\/div><div class=\"Rctrl\"><\/div><\/div><\/div><noscript><a href=\"https:\/\/youtu.be\/ltbqes80-Jk\" rel=\"nofollow\"><img loading=\"lazy\" decoding=\"async\" src=\"https:\/\/i.ytimg.com\/vi\/ltbqes80-Jk\/0.jpg\" alt=\"YouTube video thumbnail\" width=\"853\" height=\"460\" \/><br \/>Assista a este v\u00eddeo no YouTube<\/a><\/noscript><\/div><\/div><div class=\"lL\" style=\"max-width:100%;width:853px;margin:5px;\"><\/div><figcaption><\/figcaption><\/figure>\n\n\n<h2 class=\"wp-block-heading\" id=\"block-deda3f64-e0fe-4502-9a50-646d33d1f46b\">Etapas e provas do Edital PM PA<\/h2>\n\n\n\n<p id=\"block-694e8e23-4fdf-4095-adc7-9f63d1dcf059\">Os editais do concurso PM PA s\u00e3o compostos pelas seguintes etapas:<\/p>\n\n\n\n<ol class=\"wp-block-list\">\n<li>Prova de Conhecimentos (eliminat\u00f3rio e classificat\u00f3rio);<\/li>\n\n\n\n<li>Avalia\u00e7\u00e3o Psicol\u00f3gica (eliminat\u00f3rio);<\/li>\n\n\n\n<li>Exame de Avalia\u00e7\u00e3o de Sa\u00fade (eliminat\u00f3rio)<\/li>\n\n\n\n<li>Teste de Avalia\u00e7\u00e3o F\u00edsica (eliminat\u00f3rio);<\/li>\n\n\n\n<li>Investiga\u00e7\u00e3o de Antecedentes Pessoais (eliminat\u00f3rio);<\/li>\n<\/ol>\n\n\n\n<h3 class=\"wp-block-heading\" id=\"block-5ccdace0-9326-4f36-8b8b-9568be0350ca\">Prova de conhecimentos<\/h3>\n\n\n\n<p class=\"has-medium-font-size\"><strong>Soldado<\/strong><\/p>\n\n\n\n<p><strong>Prova objetiva<\/strong> com 60 quest\u00f5es, de m\u00faltipla escolha, com 5 alternativas em cada quest\u00e3o, para escolha de 1 \u00fanica resposta correta, com valor igual a 1,0 por quest\u00e3o.<\/p>\n\n\n\n<ul class=\"wp-block-list\">\n<li>10  quest\u00f5es de L\u00edngua Portuguesa; <\/li>\n\n\n\n<li>8 quest\u00f5es de Atualidades; <\/li>\n\n\n\n<li>6 quest\u00f5es de Racioc\u00ednio L\u00f3gico; <\/li>\n\n\n\n<li>4 quest\u00f5es de No\u00e7\u00f5es de Direito Constitucional; <\/li>\n\n\n\n<li>4 quest\u00f5es de No\u00e7\u00f5es de Direito Administrativo; <\/li>\n\n\n\n<li>4 quest\u00f5es de No\u00e7\u00f5es de Direito Penal; <\/li>\n\n\n\n<li>4 quest\u00f5es de No\u00e7\u00f5es de Direito Processual Penal; <\/li>\n\n\n\n<li>4 quest\u00f5es de No\u00e7\u00f5es de Direito Penal Militar; <\/li>\n\n\n\n<li>4 quest\u00f5es de No\u00e7\u00f5es de Direito Processual Penal Militar; <\/li>\n\n\n\n<li>4 quest\u00f5es de No\u00e7\u00f5es de Legisla\u00e7\u00e3o Penal Especial; <\/li>\n\n\n\n<li>4 quest\u00f5es de No\u00e7\u00f5es de Direitos Humanos; <\/li>\n\n\n\n<li>4 quest\u00f5es de Legisla\u00e7\u00e3o Institucional;<\/li>\n<\/ul>\n\n\n\n<p>Ser\u00e3o considerados aprovados na prova objetiva os candidatos que<br \/>obtiverem o m\u00ednimo de 50% da pontua\u00e7\u00e3o total da prova.<\/p>\n\n\n\n<p class=\"has-medium-font-size\"><strong>Oficial<\/strong><\/p>\n\n\n\n<p><strong>Prova objetiva<\/strong> com 60 quest\u00f5es, de m\u00faltipla escolha, com 5 alternativas em cada quest\u00e3o, para escolha de 1 \u00fanica resposta correta, com valor igual a 1,0 por quest\u00e3o. Contar\u00e1 com 5 quest\u00f5es de cada uma das disciplinas<br \/>relacionadas abaixo: <\/p>\n\n\n\n<ul class=\"wp-block-list\">\n<li>L\u00edngua Portuguesa, <\/li>\n\n\n\n<li>Direitos Humanos,<\/li>\n\n\n\n<li>Legisla\u00e7\u00e3o Institucional, <\/li>\n\n\n\n<li>Direito Constitucional, <\/li>\n\n\n\n<li>Direito Administrativo, <\/li>\n\n\n\n<li>Direito Civil, <\/li>\n\n\n\n<li>Processo Civil, <\/li>\n\n\n\n<li>Direito Penal, <\/li>\n\n\n\n<li>Direito Processual Penal, <\/li>\n\n\n\n<li>Direito Penal Militar, <\/li>\n\n\n\n<li>Direito Processual Penal Militar <\/li>\n\n\n\n<li>Legisla\u00e7\u00e3o Penal Especial<\/li>\n<\/ul>\n\n\n\n<p>Ser\u00e3o considerados aprovados na prova objetiva os candidatos que obtiverem o m\u00ednimo de 50% da pontua\u00e7\u00e3o total da prova.<\/p>\n\n\n\n<h3 class=\"wp-block-heading\"><strong>Prova discursiva &#8211; Oficial<\/strong><\/h3>\n\n\n\n<p>A prova discursiva ser\u00e1 aplicada no mesmo dia, turno e dentro dos prazos de dura\u00e7\u00e3o previstos para a realiza\u00e7\u00e3o da prova objetiva.<\/p>\n\n\n\n<p>Ser\u00e3o avaliadas as provas discursivas dos candidatos aprovados na prova objetiva e classificados at\u00e9 as seguintes posi\u00e7\u00f5es, respeitados os empates da \u00faltima posi\u00e7\u00e3o:<\/p>\n\n\n\n<p>a) sexo masculino: candidatos classificados at\u00e9 a 255\u00aa (ducent\u00e9sima quinta) posi\u00e7\u00e3o; e<br \/>b) sexo feminino: candidatas classificadas at\u00e9 a 25\u00aa (vig\u00e9sima quinta) posi\u00e7\u00e3o<\/p>\n\n\n\n<p>A prova discursiva receber\u00e1 pontua\u00e7\u00e3o m\u00e1xima igual a 10,00 pontos e consistir\u00e1 na elabora\u00e7\u00e3o de texto dissertativo e(ou) descritivo, com extens\u00e3o m\u00ednima de 20 linhas e m\u00e1xima de 30 linhas, tendo como base um tema formulado pela banca examinadora.<\/p>\n\n\n\n<h3 class=\"wp-block-heading\" id=\"block-b7427970-b96c-49e0-a622-3262f83105e1\">Avalia\u00e7\u00e3o psicol\u00f3gica <\/h3>\n\n\n\n<p>A avalia\u00e7\u00e3o psicol\u00f3gica ter\u00e1 presen\u00e7a obrigat\u00f3rio e car\u00e1ter eliminat\u00f3rio, sendo composta por psic\u00f3logos devidamente credenciados no Conselho Regional de Psicologia 10\u00aa Regi\u00e3o (CRP-10) e habilitados em avalia\u00e7\u00e3o psicol\u00f3gica.<\/p>\n\n\n\n<p>Ser\u00e3o convocados para a avalia\u00e7\u00e3o psicol\u00f3gica os candidatos que obtiverem pontua\u00e7\u00e3o m\u00ednima estabelecida na prova discursiva.<\/p>\n\n\n\n<h3 class=\"wp-block-heading\" id=\"block-3b567cfb-511d-45c8-9e09-ad7580037762\">Avalia\u00e7\u00e3o de sa\u00fade<\/h3>\n\n\n\n<p>A avalia\u00e7\u00e3o de sa\u00fade, de presen\u00e7a obrigat\u00f3ria, ter\u00e1 car\u00e1ter exclusivamente eliminat\u00f3rio e consistir\u00e1 em avalia\u00e7\u00f5es antropom\u00e9trica\/m\u00e9dica e cl\u00ednica.<\/p>\n\n\n\n<p>Ser\u00e3o convocados para a avalia\u00e7\u00e3o de sa\u00fade todos os candidatos  considerados indicados no exame de avalia\u00e7\u00e3o psicol\u00f3gica.<\/p>\n\n\n\n<h3 class=\"wp-block-heading\" id=\"block-fffae323-be96-4dd6-9795-c16823a0e1c3\">Avalia\u00e7\u00e3o f\u00edsica<\/h3>\n\n\n\n<p>A avalia\u00e7\u00e3o f\u00edsica ter\u00e1 presen\u00e7a obrigat\u00f3ria e car\u00e1ter exclusivamente eliminat\u00f3rio, buscando avaliar o condicionamento f\u00edsico do candidato, exigindo os \u00edndices m\u00ednimos de desempenho f\u00edsico no desenvolvimento das atividades f\u00edsicas inerentes ao policial militar, durante o CFO\/PM (Curso de Forma\u00e7\u00e3o de Oficiais).<\/p>\n\n\n\n<p>Ser\u00e3o convocados todos os candidatos aprovados na avalia\u00e7\u00e3o de sa\u00fade.<\/p>\n\n\n\n<h3 class=\"wp-block-heading\" id=\"block-e538a8ab-50cc-4f92-b70e-cedbdcec78a3\">Teste de avalia\u00e7\u00e3o f\u00edsica do edital PM PA<\/h3>\n\n\n\n<p>Os testes f\u00edsicos ser\u00e3o realizados em at\u00e9 2 tentativas, exceto a corrida, que ser\u00e1 realizada em apenas 1 tentativa. Se o candidato n\u00e3o alcan\u00e7ar o \u00edndice m\u00ednimo na primeira tentativa, poder\u00e1 realizar uma segunda tentativa com um intervalo m\u00ednimo de 5 minutos e m\u00e1ximo de 1 hora entre a primeira e a segunda tentativa.<\/p>\n\n\n\n<p>Os testes e \u00edndices m\u00ednimos do teste de avalia\u00e7\u00e3o f\u00edsica seguir\u00e3o as normas abaixo, conforme \u00edndices m\u00ednimos dos seguintes exerc\u00edcios f\u00edsicos:<br \/><strong>a) flex\u00e3o\/sustenta\u00e7\u00e3o de bra\u00e7o na barra fixa horizontal<\/strong>: 2 repeti\u00e7\u00f5es  para o sexo masculino e 12 segundos de sustenta\u00e7\u00e3o para o sexo feminino;<br \/><strong>b) flex\u00e3o abdominal sobre o solo com dura\u00e7\u00e3o de 1 minuto<\/strong>: 30 repeti\u00e7\u00f5es para o sexo masculino e 27 repeti\u00e7\u00f5es para o sexo feminino;<br \/><strong>c) flex\u00e3o de bra\u00e7o no solo<\/strong>: 23 repeti\u00e7\u00f5es para ambos os sexos, sendo a execu\u00e7\u00e3o para os homens em 4 apoios (m\u00e3os e p\u00e9s) e para as mulheres em 6  apoios (m\u00e3os, joelhos e p\u00e9s);<br \/><strong>d) corrida com dura\u00e7\u00e3o de 12 minutos<\/strong>: 2.000 metros para o sexo masculino e 1.600 metros para o sexo feminino.<\/p>\n\n\n\n<h3 class=\"wp-block-heading\" id=\"block-0a1a0bed-8aec-4381-a92f-6492c0dd3fca\">Investiga\u00e7\u00e3o de antecedentes pessoais<\/h3>\n\n\n\n<p>A investiga\u00e7\u00e3o dos antecedentes pessoais ter\u00e1 car\u00e1ter exclusivamente eliminat\u00f3rio, sendo realizada por meio de investiga\u00e7\u00e3o no \u00e2mbito social, funcional, civil e criminal. <\/p>\n\n\n\n<p>Tem como objetivo buscar os elementos que demonstrem se o candidato possui idoneidade moral e conduta ilibada, imprescind\u00edveis para o exerc\u00edcio das atribui\u00e7\u00f5es inerentes ao cargo de policial militar. A aplica\u00e7\u00e3o fica a cargo da Pol\u00edcia Militar.<\/p>\n\n\n\n<p>A investiga\u00e7\u00e3o de antecedentes pessoais incluir\u00e1 o tempo anterior ao ingresso, iniciando-se da aprova\u00e7\u00e3o do candidato na 1\u00aa Etapa \u2013 Prova de Conhecimentos e terminando com a efetiva\u00e7\u00e3o do seu ingresso como policial militar na PMPA.<\/p>\n\n\n\n<p>Ser\u00e3o convocados para a apresenta\u00e7\u00e3o da documenta\u00e7\u00e3o relativa a investiga\u00e7\u00e3o dos antecedentes pessoais os aprovados na prova de conhecimentos.<\/p>\n\n\n\n<h2 class=\"wp-block-heading\">O CFO e o CFP<\/h2>\n\n\n\n<p>Ap\u00f3s o encerramento do concurso, os candidatos convocados ser\u00e3o<br \/>devidamente matriculados e incorporados no efetivo da Pol\u00edcia Militar, no<br \/>cargo de Aluno Oficial e Aluno Soldado para fins de realiza\u00e7\u00e3o do Curso de Forma\u00e7\u00e3o de Oficiais (CFO\/PM)  e de Soldado (CFP\/PM).<\/p>\n\n\n\n<p>Ocorrer\u00e1 no munic\u00edpio de Bel\u00e9m e\/ou em outros munic\u00edpios do interior do Estado, a crit\u00e9rio da Corpora\u00e7\u00e3o.<\/p>\n\n\n\n<ul class=\"wp-block-list\">\n<li><strong>Para Oficial &#8211;<\/strong> 18 meses de dura\u00e7\u00e3o<\/li>\n\n\n\n<li><strong>Para Soldado (Pra\u00e7a) <\/strong>&#8211; 6 meses de dura\u00e7\u00e3o<\/li>\n<\/ul>\n\n\n\n<h3 class=\"wp-block-heading\" id=\"plano\">Plano de Estudos P\u00f3s Edital<\/h3>\n\n\n\n<p>Abaixo, preparamos um super Plano de Estudos para te ajudar a organizar e melhorar sua forma de aprendizado para garantir uma das vagas.<\/p>\n\n\n<figure class=\"wp-block-embed-youtube wp-block-embed is-type-video is-provider-youtube wp-embed-aspect-16-9 wp-has-aspect-ratio\"><div class=\"lyte-wrapper\" style=\"width:853px;max-width:100%;margin:5px;\"><div class=\"lyMe\" id=\"WYL_O2TlLV1VAlo\"><div id=\"lyte_O2TlLV1VAlo\" data-src=\"\/\/i.ytimg.com\/vi\/O2TlLV1VAlo\/hqdefault.jpg\" class=\"pL\"><div class=\"tC\"><div class=\"tT\"><\/div><\/div><div class=\"play\"><\/div><div class=\"ctrl\"><div class=\"Lctrl\"><\/div><div class=\"Rctrl\"><\/div><\/div><\/div><noscript><a href=\"https:\/\/youtu.be\/O2TlLV1VAlo\" rel=\"nofollow\"><img loading=\"lazy\" decoding=\"async\" src=\"https:\/\/i.ytimg.com\/vi\/O2TlLV1VAlo\/0.jpg\" alt=\"YouTube video thumbnail\" width=\"853\" height=\"460\" \/><br \/>Assista a este v\u00eddeo no YouTube<\/a><\/noscript><\/div><\/div><div class=\"lL\" style=\"max-width:100%;width:853px;margin:5px;\"><\/div><figcaption><\/figcaption><\/figure>\n\n\n<h2 class=\"wp-block-heading\" id=\"estrategico\">Edital Estrat\u00e9gico concurso PM PA: baixe gratuitamente<\/h2>\n\n\n\n<p>Dando um espa\u00e7o para o Edital Estrat\u00e9gico entrar em sua rotina de estudos, ser\u00e1 poss\u00edvel acompanhar seu desempenho atrav\u00e9s de gr\u00e1ficos, garantindo uma vis\u00e3o completa das mat\u00e9rias que necessitam de mais revis\u00f5es.<\/p>\n\n\n\n<p>O registro de cada tarefa ser\u00e1 feito para cada assunto exigido no conte\u00fado program\u00e1tico do edital. No caso dos Editais Estrat\u00e9gicos de concursos que n\u00e3o est\u00e3o com \u201c<em>edital na pra\u00e7a<\/em>\u201d (ou seja, com inscri\u00e7\u00f5es abertas). A divis\u00e3o dos assuntos ser\u00e1 feita com base no edital.<\/p>\n\n\n\n<p>A partir das informa\u00e7\u00f5es preenchidas pelo aluno, uma \u201caba\u201d do Edital Estrat\u00e9gico ir\u00e1 demonstrar a progress\u00e3o em cada tarefa e assunto. A edi\u00e7\u00e3o poder\u00e1 ser realizada apenas na 3\u00aa aba, relativa ao preenchimento do progresso nas disciplinas. Caso voc\u00ea queira fazer outras modifica\u00e7\u00f5es no arquivo, \u00e9 s\u00f3 usar a&nbsp;senha \u201cadmin\u201d&nbsp;na op\u00e7\u00e3o&nbsp;<em><strong>desproteger<\/strong><\/em>&nbsp;planilha do Excel.<\/p>\n\n\n\n<p class=\"has-text-align-center\" style=\"font-size:clamp(14.082px, 0.88rem + ((1vw - 3.2px) * 0.678), 21px);px\"><strong><a href=\"https:\/\/dhg1h5j42swfq.cloudfront.net\/2020\/11\/16213332\/Edital-Estrategico_PM-PA_OFICIAL.xlsx\" target=\"_blank\" rel=\"noreferrer noopener\">Oficial<\/a><\/strong><br \/><strong><a rel=\"noreferrer noopener\" href=\"https:\/\/dhg1h5j42swfq.cloudfront.net\/2020\/11\/16213212\/Edital-Estrategico_PM-PA_SOLDADO.xlsx\" target=\"_blank\">Soldado<\/a><\/strong><\/p>\n\n\n\n<p><strong>IMPORTANTE:&nbsp;<\/strong>Ao clicar no link acima, vai ser aberta uma janela do Google Drive que tentar\u00e1 carregar a visualiza\u00e7\u00e3o da planilha no seu navegador. N\u00e3o h\u00e1 necessidade de esperar essa visualiza\u00e7\u00e3o (talvez at\u00e9 nem carregue, j\u00e1 que os arquivos s\u00e3o pesados).<\/p>\n\n\n\n<p>Fa\u00e7a o download clicando na seta para baixo no canto superior direito da janela do Google Drive que vai ser aberta ao clicar nos links acima.<\/p>\n\n\n\n<p>Todos os arquivos foram testados em diferentes computadores e celulares e est\u00e3o ok. Talvez alguma incompatibilidade (ou mensagem de erro, como \u201carquivo inv\u00e1lido\u201d) ocorra em virtude do seu pr\u00f3prio computador ou do tamanho dos arquivos que possuem mais conte\u00fado.<\/p>\n\n\n\n<h2 class=\"wp-block-heading has-text-align-center\" id=\"cursos-assinatura\"><strong><em>Quer estudar para edital do concurso Pol\u00edcia Militar do Par\u00e1?<\/em><\/strong><\/h2>\n\n\n\n<p class=\"has-text-align-center\"><em>Gostou desta oportunidade e deseja come\u00e7ar se preparar agora mesmo? Ent\u00e3o, confira os nossos cursos e comece a estudar para PM PA:<\/em><\/p>\n\n\n\n<div class=\"container\" id=\"boxes\">\n  <div class=\"row\">\n\n    <div class=\"col-sm\">\n      <div class=\"banner-policial\" id=\"box-assinatura\">\n        <h3 class=\"titulo-assinatura\">Curso PMPA<\/h3>\n        <p class=\"subtitulo-assinatura\">Conhe\u00e7a os cursos<\/p>\n        <div class=\"box-botao\">\n          <a class=\"btn-assinatura\" target=\"_blank\" href=\"https:\/\/www.estrategiaconcursos.com.br\/cursosPorConcurso\/policia-militar-pa-pm-pa\/\/\" role=\"button\" rel=\"noopener noreferrer\">Conhe\u00e7a mais<\/a>\n        <\/div>\n      <\/div>\n      <p class=\"texto-auxiliar\">Prepare-se com o melhor material e com quem mais aprova em Concursos P\u00fablicos em todo o pa\u00eds. <\/p>\n    <\/div>\n\n  <\/div>\n<\/div>\n\n\n\n<div class=\"container\" id=\"boxes\">\n  <div class=\"row\">\n\n    <div class=\"col-sm\">\n      <div class=\"estrategia\" id=\"box-assinatura\">\n        <h3 class=\"titulo-assinatura\">Assinatura Ilimitada<\/h3>\n        <p class=\"subtitulo-assinatura\">Assinatura Anual Ilimitada*<\/p>\n        <div class=\"box-botao\">\n          <a class=\"btn-assinatura\" target=\"_blank\" href=\"https:\/\/www.estrategiaconcursos.com.br\/assinaturas\/\" role=\"button\" rel=\"noopener noreferrer\">ASSINE AGORA<\/a>\n        <\/div>\n      <\/div>\n      <p class=\"texto-auxiliar\">Prepare-se com o melhor material e com quem mais aprova em Concursos P\u00fablicos em todo o pa\u00eds. Assine agora a nossa Assinatura Anual e tenha acesso ilimitado* a todos os nossos cursos.<\/p>\n    <\/div>\n\n    <div class=\"col-sm\">\n      <div class=\"questoes\" id=\"box-assinatura\">\n        <h3 class=\"titulo-assinatura\">Sistema de Quest\u00f5es<\/h3>\n        <p class=\"subtitulo-assinatura\">Assinatura Ilimitada*<\/p>\n        <div class=\"box-botao\">\n          <a class=\"btn-assinatura\" target=\"_blank\" href=\"https:\/\/www.estrategiaconcursos.com.br\/cursosPorConcurso\/sistema-de-questoes\/#\/\" role=\"button\" rel=\"noopener noreferrer\">ASSINE AGORA<\/a>\n        <\/div>\n      <\/div>\n      <p class=\"texto-auxiliar\">Estrat\u00e9gia Quest\u00f5es nasceu maior do que todos os concorrentes, com mais quest\u00f5es cadastradas e mais solu\u00e7\u00f5es por professores. Clique no link e aproveite os descontos e b\u00f4nus imperd\u00edveis!<\/p>\n    <\/div>\n  <\/div>\n<\/div>\n\n\n\n<figure class=\"wp-block-image\" id=\"block-c5746f60-b872-4e56-91f1-d84f977fe579\"><img decoding=\"async\" src=\"https:\/\/dhg1h5j42swfq.cloudfront.net\/2017\/03\/28152500\/coruja-ficha-tecnica-300x102.png\" alt=\"O atributo alt desta imagem est\u00e1 vazio. O nome do arquivo \u00e9 coruja-ficha-tecnica-300x102.png\"\/><\/figure>\n\n\n\n<h3 class=\"wp-block-heading\" id=\"block-438599c7-1a55-4df0-b2ef-91be56329cfd\"><strong>Informa\u00e7\u00f5es sobre o edital <\/strong>PM PA<\/h3>\n\n\n\n<ul class=\"wp-block-list\" id=\"block-24e7a999-6b48-439e-83bc-524eac714418\">\n<li><strong>Inscri\u00e7\u00f5es<\/strong>: 06 de dezembro a 10 de janeiro de 2021<\/li>\n\n\n\n<li><strong>Prova Oficial<\/strong>: 28 de fevereiro de 2021<\/li>\n\n\n\n<li><strong>Provas Soldado:<\/strong> 07\/03\/21 (mulheres) e 14\/03\/21 (homens)<\/li>\n\n\n\n<li><strong>Vagas<\/strong>: 2.405<\/li>\n\n\n\n<li><strong>Cargos<\/strong>: Soldado e Oficial<\/li>\n\n\n\n<li><strong>Banca<\/strong>: IADES<\/li>\n\n\n\n<li><strong>Escolaridade<\/strong>: N\u00edveis m\u00e9dio e superior<\/li>\n\n\n\n<li><strong>Edital<\/strong>:&nbsp;<strong><a href=\"https:\/\/dhg1h5j42swfq.cloudfront.net\/2020\/11\/13074426\/2020.11.13.DOE_.pdf\">Baixe AQUI!<\/a><\/strong><\/li>\n<\/ul>\n","protected":false},"excerpt":{"rendered":"<p>As inscri\u00e7\u00f5es para o edital PM PA est\u00e3o encerradas. Conforme o documento, s\u00e3o ofertadas 2.405 vagas para cargos de n\u00edveis m\u00e9dio e superior para a Pol\u00edcia Militar do Estado do Par\u00e1. Os interessados em participar da sele\u00e7\u00e3o devem fazer as inscri\u00e7\u00f5es at\u00e9 dia 14 de janeiro, no site do IADES (Instituto Americano de Desenvolvimento), banca [&hellip;]<\/p>\n","protected":false},"author":657,"featured_media":444273,"comment_status":"open","ping_status":"closed","sticky":false,"template":"","format":"standard","meta":{"post_tipo":"news","footnotes":""},"categories":[1988],"tags":[],"tax_estado":[219977],"class_list":["post-609832","post","type-post","status-publish","format-standard","has-post-thumbnail","hentry","category-policia","tax_estado-pa"],"acf":[],"yoast_head":"<!-- This site is optimized with the Yoast SEO Premium plugin v27.2 (Yoast SEO v27.2) - https:\/\/yoast.com\/product\/yoast-seo-premium-wordpress\/ -->\n<title>EDITAL PM PA abre inscri\u00e7\u00f5es com 2.405 vagas. Confira!<\/title>\n<meta name=\"description\" content=\"Foi publicado o edital PM PA, da Pol\u00edcia Militar do Par\u00e1. Conforme o documento, s\u00e3o ofertadas 2.405 vagas para cargos de n\u00edveis m\u00e9dio e superior.\" \/>\n<meta name=\"robots\" content=\"index, follow, max-snippet:-1, max-image-preview:large, max-video-preview:-1\" \/>\n<link rel=\"canonical\" href=\"https:\/\/www.estrategiaconcursos.com.br\/blog\/edital-pm-pa-2021\/\" \/>\n<meta property=\"og:locale\" content=\"pt_BR\" \/>\n<meta property=\"og:type\" content=\"article\" \/>\n<meta property=\"og:title\" content=\"EDITAL PM PA abre inscri\u00e7\u00f5es com 2.405 vagas. Confira!\" \/>\n<meta property=\"og:description\" content=\"Foi publicado o edital PM PA, da Pol\u00edcia Militar do Par\u00e1. Conforme o documento, s\u00e3o ofertadas 2.405 vagas para cargos de n\u00edveis m\u00e9dio e superior.\" \/>\n<meta property=\"og:url\" content=\"https:\/\/www.estrategiaconcursos.com.br\/blog\/edital-pm-pa-2021\/\" \/>\n<meta property=\"og:site_name\" content=\"Estrat\u00e9gia Concursos\" \/>\n<meta property=\"article:published_time\" content=\"2021-01-14T03:00:00+00:00\" \/>\n<meta property=\"article:modified_time\" content=\"2023-09-20T14:06:27+00:00\" \/>\n<meta property=\"og:image\" content=\"https:\/\/dhg1h5j42swfq.cloudfront.net\/2019\/11\/05113826\/Saiu-Edital-8.png\" \/>\n\t<meta property=\"og:image:width\" content=\"1200\" \/>\n\t<meta property=\"og:image:height\" content=\"628\" \/>\n\t<meta property=\"og:image:type\" content=\"image\/png\" \/>\n<meta name=\"author\" content=\"Nat\u00e1lia Scarano\" \/>\n<meta name=\"twitter:card\" content=\"summary_large_image\" \/>\n<meta name=\"twitter:creator\" content=\"@EstratConcursos\" \/>\n<meta name=\"twitter:site\" content=\"@EstratConcursos\" \/>\n<meta name=\"twitter:label1\" content=\"Escrito por\" \/>\n\t<meta name=\"twitter:data1\" content=\"Nat\u00e1lia Scarano\" \/>\n\t<meta name=\"twitter:label2\" content=\"Est. tempo de leitura\" \/>\n\t<meta name=\"twitter:data2\" content=\"10 minutos\" \/>\n<script type=\"application\/ld+json\" class=\"yoast-schema-graph\">{\"@context\":\"https:\/\/schema.org\",\"@graph\":[{\"@type\":\"NewsArticle\",\"@id\":\"https:\/\/www.estrategiaconcursos.com.br\/blog\/edital-pm-pa-2021\/#article\",\"isPartOf\":{\"@id\":\"https:\/\/www.estrategiaconcursos.com.br\/blog\/edital-pm-pa-2021\/\"},\"author\":{\"name\":\"Nat\u00e1lia Scarano\",\"@id\":\"https:\/\/www.estrategiaconcursos.com.br\/blog\/#\/schema\/person\/751aedf909a9d10cb23ce6ac527ce0f2\"},\"headline\":\"EDITAL PM PA abre inscri\u00e7\u00f5es com 2.405 vagas. Confira!\",\"datePublished\":\"2021-01-14T03:00:00+00:00\",\"dateModified\":\"2023-09-20T14:06:27+00:00\",\"mainEntityOfPage\":{\"@id\":\"https:\/\/www.estrategiaconcursos.com.br\/blog\/edital-pm-pa-2021\/\"},\"wordCount\":2073,\"commentCount\":1,\"publisher\":{\"@id\":\"https:\/\/www.estrategiaconcursos.com.br\/blog\/#organization\"},\"image\":{\"@id\":\"https:\/\/www.estrategiaconcursos.com.br\/blog\/edital-pm-pa-2021\/#primaryimage\"},\"thumbnailUrl\":\"https:\/\/dhg1h5j42swfq.cloudfront.net\/2019\/11\/05113826\/Saiu-Edital-8.png\",\"articleSection\":[\"Policial (Agente, Escriv\u00e3o e Investigador)\"],\"inLanguage\":\"pt-BR\",\"potentialAction\":[{\"@type\":\"CommentAction\",\"name\":\"Comment\",\"target\":[\"https:\/\/www.estrategiaconcursos.com.br\/blog\/edital-pm-pa-2021\/#respond\"]}],\"copyrightYear\":\"2021\",\"copyrightHolder\":{\"@id\":\"https:\/\/www.estrategiaconcursos.com.br\/blog\/#organization\"}},{\"@type\":\"WebPage\",\"@id\":\"https:\/\/www.estrategiaconcursos.com.br\/blog\/edital-pm-pa-2021\/\",\"url\":\"https:\/\/www.estrategiaconcursos.com.br\/blog\/edital-pm-pa-2021\/\",\"name\":\"EDITAL PM PA abre inscri\u00e7\u00f5es com 2.405 vagas. Confira!\",\"isPartOf\":{\"@id\":\"https:\/\/www.estrategiaconcursos.com.br\/blog\/#website\"},\"primaryImageOfPage\":{\"@id\":\"https:\/\/www.estrategiaconcursos.com.br\/blog\/edital-pm-pa-2021\/#primaryimage\"},\"image\":{\"@id\":\"https:\/\/www.estrategiaconcursos.com.br\/blog\/edital-pm-pa-2021\/#primaryimage\"},\"thumbnailUrl\":\"https:\/\/dhg1h5j42swfq.cloudfront.net\/2019\/11\/05113826\/Saiu-Edital-8.png\",\"datePublished\":\"2021-01-14T03:00:00+00:00\",\"dateModified\":\"2023-09-20T14:06:27+00:00\",\"description\":\"Foi publicado o edital PM PA, da Pol\u00edcia Militar do Par\u00e1. Conforme o documento, s\u00e3o ofertadas 2.405 vagas para cargos de n\u00edveis m\u00e9dio e superior.\",\"breadcrumb\":{\"@id\":\"https:\/\/www.estrategiaconcursos.com.br\/blog\/edital-pm-pa-2021\/#breadcrumb\"},\"inLanguage\":\"pt-BR\",\"potentialAction\":[{\"@type\":\"ReadAction\",\"target\":[\"https:\/\/www.estrategiaconcursos.com.br\/blog\/edital-pm-pa-2021\/\"]}]},{\"@type\":\"ImageObject\",\"inLanguage\":\"pt-BR\",\"@id\":\"https:\/\/www.estrategiaconcursos.com.br\/blog\/edital-pm-pa-2021\/#primaryimage\",\"url\":\"https:\/\/dhg1h5j42swfq.cloudfront.net\/2019\/11\/05113826\/Saiu-Edital-8.png\",\"contentUrl\":\"https:\/\/dhg1h5j42swfq.cloudfront.net\/2019\/11\/05113826\/Saiu-Edital-8.png\",\"width\":1200,\"height\":628,\"caption\":\"PSS NOVA IGUA\u00c7U RJ\"},{\"@type\":\"BreadcrumbList\",\"@id\":\"https:\/\/www.estrategiaconcursos.com.br\/blog\/edital-pm-pa-2021\/#breadcrumb\",\"itemListElement\":[{\"@type\":\"ListItem\",\"position\":1,\"name\":\"In\u00edcio\",\"item\":\"https:\/\/www.estrategiaconcursos.com.br\/blog\/\"},{\"@type\":\"ListItem\",\"position\":2,\"name\":\"EDITAL PM PA abre inscri\u00e7\u00f5es com 2.405 vagas. Confira!\"}]},{\"@type\":\"WebSite\",\"@id\":\"https:\/\/www.estrategiaconcursos.com.br\/blog\/#website\",\"url\":\"https:\/\/www.estrategiaconcursos.com.br\/blog\/\",\"name\":\"Estrat\u00e9gia Concursos\",\"description\":\"O blog da Estrat\u00e9gia Concursos traz not\u00edcias sobre concursos e artigos de professores oferecendo cursos para concursos (pdf + videaulas) no site.\",\"publisher\":{\"@id\":\"https:\/\/www.estrategiaconcursos.com.br\/blog\/#organization\"},\"potentialAction\":[{\"@type\":\"SearchAction\",\"target\":{\"@type\":\"EntryPoint\",\"urlTemplate\":\"https:\/\/www.estrategiaconcursos.com.br\/blog\/?s={search_term_string}\"},\"query-input\":{\"@type\":\"PropertyValueSpecification\",\"valueRequired\":true,\"valueName\":\"search_term_string\"}}],\"inLanguage\":\"pt-BR\"},{\"@type\":\"Organization\",\"@id\":\"https:\/\/www.estrategiaconcursos.com.br\/blog\/#organization\",\"name\":\"Estrat\u00e9gia Concursos\",\"url\":\"https:\/\/www.estrategiaconcursos.com.br\/blog\/\",\"logo\":{\"@type\":\"ImageObject\",\"inLanguage\":\"pt-BR\",\"@id\":\"https:\/\/www.estrategiaconcursos.com.br\/blog\/#\/schema\/logo\/image\/\",\"url\":\"https:\/\/dhg1h5j42swfq.cloudfront.net\/2025\/06\/03203428\/logo_concursos-1.jpg\",\"contentUrl\":\"https:\/\/dhg1h5j42swfq.cloudfront.net\/2025\/06\/03203428\/logo_concursos-1.jpg\",\"width\":230,\"height\":60,\"caption\":\"Estrat\u00e9gia Concursos\"},\"image\":{\"@id\":\"https:\/\/www.estrategiaconcursos.com.br\/blog\/#\/schema\/logo\/image\/\"},\"sameAs\":[\"https:\/\/x.com\/EstratConcursos\"]},{\"@type\":\"Person\",\"@id\":\"https:\/\/www.estrategiaconcursos.com.br\/blog\/#\/schema\/person\/751aedf909a9d10cb23ce6ac527ce0f2\",\"name\":\"Nat\u00e1lia Scarano\",\"image\":{\"@type\":\"ImageObject\",\"inLanguage\":\"pt-BR\",\"@id\":\"https:\/\/secure.gravatar.com\/avatar\/8a889b8db3dbd227a1a78627357ec8fe64f5e99189d1889a270127828ab372ac?s=96&d=mm&r=g\",\"url\":\"https:\/\/secure.gravatar.com\/avatar\/8a889b8db3dbd227a1a78627357ec8fe64f5e99189d1889a270127828ab372ac?s=96&d=mm&r=g\",\"contentUrl\":\"https:\/\/secure.gravatar.com\/avatar\/8a889b8db3dbd227a1a78627357ec8fe64f5e99189d1889a270127828ab372ac?s=96&d=mm&r=g\",\"caption\":\"Nat\u00e1lia Scarano\"},\"description\":\"Jornalista, formada e p\u00f3s graduada pelo IESB, faz parte do time de jornalistas do Estrat\u00e9gia desde 2017. Possui familiaridade com as \u00e1reas de Tribunais, Defensorias, Procuradorias, Minist\u00e9rios P\u00fablicos, Conselhos, Educa\u00e7\u00e3o, \u00c1rea de Seguran\u00e7a, concursos de Carreiras Jur\u00eddicas e OAB. Experi\u00eancia em marketing digital, assessoria de comunica\u00e7\u00e3o e institucional na \u00e1rea privada e p\u00fablica, com atua\u00e7\u00e3o em \u00f3rg\u00e3os como CGU, Cofen e CNM.\",\"url\":\"https:\/\/www.estrategiaconcursos.com.br\/blog\/author\/natalia-scaranoestrategiaconcursos-com-br\/\"}]}<\/script>\n<!-- \/ Yoast SEO Premium plugin. -->","yoast_head_json":{"title":"EDITAL PM PA abre inscri\u00e7\u00f5es com 2.405 vagas. Confira!","description":"Foi publicado o edital PM PA, da Pol\u00edcia Militar do Par\u00e1. Conforme o documento, s\u00e3o ofertadas 2.405 vagas para cargos de n\u00edveis m\u00e9dio e superior.","robots":{"index":"index","follow":"follow","max-snippet":"max-snippet:-1","max-image-preview":"max-image-preview:large","max-video-preview":"max-video-preview:-1"},"canonical":"https:\/\/www.estrategiaconcursos.com.br\/blog\/edital-pm-pa-2021\/","og_locale":"pt_BR","og_type":"article","og_title":"EDITAL PM PA abre inscri\u00e7\u00f5es com 2.405 vagas. Confira!","og_description":"Foi publicado o edital PM PA, da Pol\u00edcia Militar do Par\u00e1. Conforme o documento, s\u00e3o ofertadas 2.405 vagas para cargos de n\u00edveis m\u00e9dio e superior.","og_url":"https:\/\/www.estrategiaconcursos.com.br\/blog\/edital-pm-pa-2021\/","og_site_name":"Estrat\u00e9gia Concursos","article_published_time":"2021-01-14T03:00:00+00:00","article_modified_time":"2023-09-20T14:06:27+00:00","og_image":[{"width":1200,"height":628,"url":"https:\/\/dhg1h5j42swfq.cloudfront.net\/2019\/11\/05113826\/Saiu-Edital-8.png","type":"image\/png"}],"author":"Nat\u00e1lia Scarano","twitter_card":"summary_large_image","twitter_creator":"@EstratConcursos","twitter_site":"@EstratConcursos","twitter_misc":{"Escrito por":"Nat\u00e1lia Scarano","Est. tempo de leitura":"10 minutos"},"schema":{"@context":"https:\/\/schema.org","@graph":[{"@type":"NewsArticle","@id":"https:\/\/www.estrategiaconcursos.com.br\/blog\/edital-pm-pa-2021\/#article","isPartOf":{"@id":"https:\/\/www.estrategiaconcursos.com.br\/blog\/edital-pm-pa-2021\/"},"author":{"name":"Nat\u00e1lia Scarano","@id":"https:\/\/www.estrategiaconcursos.com.br\/blog\/#\/schema\/person\/751aedf909a9d10cb23ce6ac527ce0f2"},"headline":"EDITAL PM PA abre inscri\u00e7\u00f5es com 2.405 vagas. Confira!","datePublished":"2021-01-14T03:00:00+00:00","dateModified":"2023-09-20T14:06:27+00:00","mainEntityOfPage":{"@id":"https:\/\/www.estrategiaconcursos.com.br\/blog\/edital-pm-pa-2021\/"},"wordCount":2073,"commentCount":1,"publisher":{"@id":"https:\/\/www.estrategiaconcursos.com.br\/blog\/#organization"},"image":{"@id":"https:\/\/www.estrategiaconcursos.com.br\/blog\/edital-pm-pa-2021\/#primaryimage"},"thumbnailUrl":"https:\/\/dhg1h5j42swfq.cloudfront.net\/2019\/11\/05113826\/Saiu-Edital-8.png","articleSection":["Policial (Agente, Escriv\u00e3o e Investigador)"],"inLanguage":"pt-BR","potentialAction":[{"@type":"CommentAction","name":"Comment","target":["https:\/\/www.estrategiaconcursos.com.br\/blog\/edital-pm-pa-2021\/#respond"]}],"copyrightYear":"2021","copyrightHolder":{"@id":"https:\/\/www.estrategiaconcursos.com.br\/blog\/#organization"}},{"@type":"WebPage","@id":"https:\/\/www.estrategiaconcursos.com.br\/blog\/edital-pm-pa-2021\/","url":"https:\/\/www.estrategiaconcursos.com.br\/blog\/edital-pm-pa-2021\/","name":"EDITAL PM PA abre inscri\u00e7\u00f5es com 2.405 vagas. Confira!","isPartOf":{"@id":"https:\/\/www.estrategiaconcursos.com.br\/blog\/#website"},"primaryImageOfPage":{"@id":"https:\/\/www.estrategiaconcursos.com.br\/blog\/edital-pm-pa-2021\/#primaryimage"},"image":{"@id":"https:\/\/www.estrategiaconcursos.com.br\/blog\/edital-pm-pa-2021\/#primaryimage"},"thumbnailUrl":"https:\/\/dhg1h5j42swfq.cloudfront.net\/2019\/11\/05113826\/Saiu-Edital-8.png","datePublished":"2021-01-14T03:00:00+00:00","dateModified":"2023-09-20T14:06:27+00:00","description":"Foi publicado o edital PM PA, da Pol\u00edcia Militar do Par\u00e1. Conforme o documento, s\u00e3o ofertadas 2.405 vagas para cargos de n\u00edveis m\u00e9dio e superior.","breadcrumb":{"@id":"https:\/\/www.estrategiaconcursos.com.br\/blog\/edital-pm-pa-2021\/#breadcrumb"},"inLanguage":"pt-BR","potentialAction":[{"@type":"ReadAction","target":["https:\/\/www.estrategiaconcursos.com.br\/blog\/edital-pm-pa-2021\/"]}]},{"@type":"ImageObject","inLanguage":"pt-BR","@id":"https:\/\/www.estrategiaconcursos.com.br\/blog\/edital-pm-pa-2021\/#primaryimage","url":"https:\/\/dhg1h5j42swfq.cloudfront.net\/2019\/11\/05113826\/Saiu-Edital-8.png","contentUrl":"https:\/\/dhg1h5j42swfq.cloudfront.net\/2019\/11\/05113826\/Saiu-Edital-8.png","width":1200,"height":628,"caption":"PSS NOVA IGUA\u00c7U RJ"},{"@type":"BreadcrumbList","@id":"https:\/\/www.estrategiaconcursos.com.br\/blog\/edital-pm-pa-2021\/#breadcrumb","itemListElement":[{"@type":"ListItem","position":1,"name":"In\u00edcio","item":"https:\/\/www.estrategiaconcursos.com.br\/blog\/"},{"@type":"ListItem","position":2,"name":"EDITAL PM PA abre inscri\u00e7\u00f5es com 2.405 vagas. Confira!"}]},{"@type":"WebSite","@id":"https:\/\/www.estrategiaconcursos.com.br\/blog\/#website","url":"https:\/\/www.estrategiaconcursos.com.br\/blog\/","name":"Estrat\u00e9gia Concursos","description":"O blog da Estrat\u00e9gia Concursos traz not\u00edcias sobre concursos e artigos de professores oferecendo cursos para concursos (pdf + videaulas) no site.","publisher":{"@id":"https:\/\/www.estrategiaconcursos.com.br\/blog\/#organization"},"potentialAction":[{"@type":"SearchAction","target":{"@type":"EntryPoint","urlTemplate":"https:\/\/www.estrategiaconcursos.com.br\/blog\/?s={search_term_string}"},"query-input":{"@type":"PropertyValueSpecification","valueRequired":true,"valueName":"search_term_string"}}],"inLanguage":"pt-BR"},{"@type":"Organization","@id":"https:\/\/www.estrategiaconcursos.com.br\/blog\/#organization","name":"Estrat\u00e9gia Concursos","url":"https:\/\/www.estrategiaconcursos.com.br\/blog\/","logo":{"@type":"ImageObject","inLanguage":"pt-BR","@id":"https:\/\/www.estrategiaconcursos.com.br\/blog\/#\/schema\/logo\/image\/","url":"https:\/\/dhg1h5j42swfq.cloudfront.net\/2025\/06\/03203428\/logo_concursos-1.jpg","contentUrl":"https:\/\/dhg1h5j42swfq.cloudfront.net\/2025\/06\/03203428\/logo_concursos-1.jpg","width":230,"height":60,"caption":"Estrat\u00e9gia Concursos"},"image":{"@id":"https:\/\/www.estrategiaconcursos.com.br\/blog\/#\/schema\/logo\/image\/"},"sameAs":["https:\/\/x.com\/EstratConcursos"]},{"@type":"Person","@id":"https:\/\/www.estrategiaconcursos.com.br\/blog\/#\/schema\/person\/751aedf909a9d10cb23ce6ac527ce0f2","name":"Nat\u00e1lia Scarano","image":{"@type":"ImageObject","inLanguage":"pt-BR","@id":"https:\/\/secure.gravatar.com\/avatar\/8a889b8db3dbd227a1a78627357ec8fe64f5e99189d1889a270127828ab372ac?s=96&d=mm&r=g","url":"https:\/\/secure.gravatar.com\/avatar\/8a889b8db3dbd227a1a78627357ec8fe64f5e99189d1889a270127828ab372ac?s=96&d=mm&r=g","contentUrl":"https:\/\/secure.gravatar.com\/avatar\/8a889b8db3dbd227a1a78627357ec8fe64f5e99189d1889a270127828ab372ac?s=96&d=mm&r=g","caption":"Nat\u00e1lia Scarano"},"description":"Jornalista, formada e p\u00f3s graduada pelo IESB, faz parte do time de jornalistas do Estrat\u00e9gia desde 2017. Possui familiaridade com as \u00e1reas de Tribunais, Defensorias, Procuradorias, Minist\u00e9rios P\u00fablicos, Conselhos, Educa\u00e7\u00e3o, \u00c1rea de Seguran\u00e7a, concursos de Carreiras Jur\u00eddicas e OAB. Experi\u00eancia em marketing digital, assessoria de comunica\u00e7\u00e3o e institucional na \u00e1rea privada e p\u00fablica, com atua\u00e7\u00e3o em \u00f3rg\u00e3os como CGU, Cofen e CNM.","url":"https:\/\/www.estrategiaconcursos.com.br\/blog\/author\/natalia-scaranoestrategiaconcursos-com-br\/"}]}},"_links":{"self":[{"href":"https:\/\/www.estrategiaconcursos.com.br\/blog\/wp-json\/wp\/v2\/posts\/609832","targetHints":{"allow":["GET"]}}],"collection":[{"href":"https:\/\/www.estrategiaconcursos.com.br\/blog\/wp-json\/wp\/v2\/posts"}],"about":[{"href":"https:\/\/www.estrategiaconcursos.com.br\/blog\/wp-json\/wp\/v2\/types\/post"}],"author":[{"embeddable":true,"href":"https:\/\/www.estrategiaconcursos.com.br\/blog\/wp-json\/wp\/v2\/users\/657"}],"replies":[{"embeddable":true,"href":"https:\/\/www.estrategiaconcursos.com.br\/blog\/wp-json\/wp\/v2\/comments?post=609832"}],"version-history":[{"count":32,"href":"https:\/\/www.estrategiaconcursos.com.br\/blog\/wp-json\/wp\/v2\/posts\/609832\/revisions"}],"predecessor-version":[{"id":1238781,"href":"https:\/\/www.estrategiaconcursos.com.br\/blog\/wp-json\/wp\/v2\/posts\/609832\/revisions\/1238781"}],"wp:featuredmedia":[{"embeddable":true,"href":"https:\/\/www.estrategiaconcursos.com.br\/blog\/wp-json\/wp\/v2\/media\/444273"}],"wp:attachment":[{"href":"https:\/\/www.estrategiaconcursos.com.br\/blog\/wp-json\/wp\/v2\/media?parent=609832"}],"wp:term":[{"taxonomy":"category","embeddable":true,"href":"https:\/\/www.estrategiaconcursos.com.br\/blog\/wp-json\/wp\/v2\/categories?post=609832"},{"taxonomy":"post_tag","embeddable":true,"href":"https:\/\/www.estrategiaconcursos.com.br\/blog\/wp-json\/wp\/v2\/tags?post=609832"},{"taxonomy":"tax_estado","embeddable":true,"href":"https:\/\/www.estrategiaconcursos.com.br\/blog\/wp-json\/wp\/v2\/tax_estado?post=609832"}],"curies":[{"name":"wp","href":"https:\/\/api.w.org\/{rel}","templated":true}]}}