{"id":607921,"date":"2022-01-26T15:50:00","date_gmt":"2022-01-26T18:50:00","guid":{"rendered":"https:\/\/www.estrategiaconcursos.com.br\/blog\/?p=607921"},"modified":"2024-03-12T17:36:36","modified_gmt":"2024-03-12T20:36:36","slug":"concurso-prefeitura-alvorada-rs","status":"publish","type":"post","link":"https:\/\/www.estrategiaconcursos.com.br\/blog\/concurso-prefeitura-alvorada-rs\/","title":{"rendered":"Concurso Alvorada RS: sele\u00e7\u00e3o \u00e9 homologada. Confira!"},"content":{"rendered":"\n<p>Foram divulgados os editais de homologa\u00e7\u00e3o do <em><strong>concurso <\/strong><\/em><strong><em>da Prefeitura de Alvorada<\/em><\/strong>, Rio Grande do Sul.<\/p>\n\n\n\n<p>Assim, a sele\u00e7\u00e3o ficar\u00e1 <strong>v\u00e1lida at\u00e9 janeiro de 2024<\/strong>. Se necess\u00e1rio, esse prazo poder\u00e1 ser prorrogado uma \u00fanica vez, por mais dois anos.<\/p>\n\n\n\n<ul class=\"wp-block-list\"><li><a href=\"https:\/\/dhg1h5j42swfq.cloudfront.net\/2022\/03\/18102733\/1-1.pdf\" target=\"_blank\" rel=\"noreferrer noopener nofollow\">Homologa\u00e7\u00e3o &#8211; Edital 01<\/a>;<\/li><li><a href=\"https:\/\/dhg1h5j42swfq.cloudfront.net\/2022\/03\/18102728\/2-1.pdf\" target=\"_blank\" rel=\"noreferrer noopener nofollow\">Homologa\u00e7\u00e3o &#8211; Edital 02<\/a>;<\/li><li><a href=\"https:\/\/dhg1h5j42swfq.cloudfront.net\/2022\/03\/18102721\/3-3.pdf\" target=\"_blank\" rel=\"noreferrer noopener nofollow\">Homologa\u00e7\u00e3o &#8211; Edital 03<\/a>.<\/li><\/ul>\n\n\n\n<ul id=\"block-ee678516-e9d1-48bd-b327-7b9acd55f0fd\" class=\"has-very-light-gray-to-cyan-bluish-gray-gradient-background has-background wp-block-list\"><li><strong>Prefeitura Municipal de Alvorada RS<\/strong><\/li><li><span style=\"background-color: initial; color: initial;\"><strong>Status: <\/strong>Concurso homologado<\/span><\/li><li><strong>Banca:&nbsp;<\/strong><a href=\"https:\/\/legalleconcursos.com.br\/editais\" target=\"_blank\" rel=\"noreferrer noopener\">Legalle Concursos<\/a><\/li><li><strong>Vagas:&nbsp;<\/strong>142 + CR<\/li><li><strong>Remunera\u00e7\u00e3o:<\/strong>&nbsp;R$ 1.292,07 a R$ 14.104,29<\/li><li><strong>Editais: <\/strong><a href=\"https:\/\/dhg1h5j42swfq.cloudfront.net\/2021\/09\/01152824\/bb05d869b83384be52f3206621510e1b.pdf\" target=\"_blank\" rel=\"noreferrer noopener nofollow\">Edital 01<\/a> | <a href=\"https:\/\/dhg1h5j42swfq.cloudfront.net\/2021\/09\/01152819\/3a9367d3c9d6ed88c75523018c055a09.pdf\" target=\"_blank\" rel=\"noreferrer noopener nofollow\">Edital 02<\/a> | <a href=\"https:\/\/dhg1h5j42swfq.cloudfront.net\/2021\/09\/01152815\/a5d0cc12ee1f55eb3a1b64dccaa163d9.pdf\" target=\"_blank\" rel=\"noreferrer noopener nofollow\">Edital 03<\/a><\/li><\/ul>\n\n\n\n<p>Foram ofertadas<strong> 142 vagas imediatas mais forma\u00e7\u00e3o de cadastro reserva<\/strong>, para as \u00e1reas da sa\u00fade, educa\u00e7\u00e3o e administrativa. <\/p>\n\n\n\n<p>Se voc\u00ea tem interesse no concurso Alvorada, chegou ao lugar certo! Ao longo deste artigo reunimos as principais informa\u00e7\u00f5es sobre o certame. Acompanhe pelos t\u00f3picos abaixo:<\/p>\n\n\n\n<ul class=\"wp-block-list\" id=\"indice\"><li><a href=\"#vagas\">Distribui\u00e7\u00e3o das vagas<\/a><ul><li><a href=\"#edital-1\">Edital 01 &#8211; Sa\u00fade<\/a><\/li><li><a href=\"#edital-2\">Edital 02 &#8211; Geral<\/a><\/li><li><a href=\"#edital-3\">Edital 03 &#8211; Educa\u00e7\u00e3o<\/a><\/li><\/ul><\/li><li><a href=\"#etapas\">Etapas do concurso<\/a><ul><li><a href=\"#objetiva\">Prova Objetiva<\/a><\/li><li><a href=\"#titulos\">Avalia\u00e7\u00e3o de t\u00edtulos<\/a><\/li><\/ul><\/li><li><a href=\"#cursos\">Assinatura e cursos<\/a><\/li><li><a href=\"#ficha-tecnica\">Ficha t\u00e9cnica<\/a><\/li><\/ul>\n\n\n\n<div class=\"container\" id=\"boxes\">\n  <div class=\"row\">\n\n    <div class=\"col-sm\">\n      <div class=\"banner-estrategia\" id=\"box-assinatura\">\n        <h3 class=\"titulo-assinatura\">Concurso Prefeitura de Alvorada<\/h3>\n        <p class=\"subtitulo-assinatura\">Conhe\u00e7a nossos cursos<\/p>\n        <div class=\"box-botao\">\n          <a class=\"btn-assinatura\" target=\"_blank\" href=\"https:\/\/www.estrategiaconcursos.com.br\/cursosPorConcurso\/prefeitura-municipal-de-alvorada-rs\/\" role=\"button\" rel=\"noopener noreferrer\">Conhe\u00e7a mais<\/a>\n        <\/div>\n      <\/div>\n      \n    <\/div>\n\n  <\/div>\n<\/div>\n\n\n\n<h2 class=\"wp-block-heading\" id=\"vagas\">Concurso Alvorada: Distribui\u00e7\u00e3o das vagas <\/h2>\n\n\n\n<h3 class=\"wp-block-heading\" id=\"edital-1\">Edital 01 &#8211; Sa\u00fade<\/h3>\n\n\n\n<figure class=\"wp-block-table is-style-stripes\"><table class=\"has-fixed-layout\"><thead><tr><th class=\"has-text-align-center\" data-align=\"center\"> Cargo <\/th><th class=\"has-text-align-center\" data-align=\"center\"> Vagas <\/th><th class=\"has-text-align-center\" data-align=\"center\">Vencimento b\u00e1sico<\/th><th class=\"has-text-align-center\" data-align=\"center\"> Escolaridade <\/th><\/tr><\/thead><tbody><tr><td class=\"has-text-align-center\" data-align=\"center\">Enfermeiro<\/td><td class=\"has-text-align-center\" data-align=\"center\">03 + CR<\/td><td class=\"has-text-align-center\" data-align=\"center\">R$ 4.758,82<\/td><td class=\"has-text-align-center\" data-align=\"center\">  N\u00edvel superior  <\/td><\/tr><tr><td class=\"has-text-align-center\" data-align=\"center\">Farmac\u00eautico<br \/>Bioqu\u00edmico<\/td><td class=\"has-text-align-center\" data-align=\"center\">CR<\/td><td class=\"has-text-align-center\" data-align=\"center\">R$ 4.758,82<\/td><td class=\"has-text-align-center\" data-align=\"center\">  N\u00edvel superior  <\/td><\/tr><tr><td class=\"has-text-align-center\" data-align=\"center\">M\u00e9dico (v\u00e1rios)<\/td><td class=\"has-text-align-center\" data-align=\"center\"> 12 + CR <\/td><td class=\"has-text-align-center\" data-align=\"center\">R$ 7.052,07 a<br \/>R$ 14.104,29<\/td><td class=\"has-text-align-center\" data-align=\"center\">  N\u00edvel superior  <\/td><\/tr><tr><td class=\"has-text-align-center\" data-align=\"center\">Odont\u00f3logo<\/td><td class=\"has-text-align-center\" data-align=\"center\">01 + CR<\/td><td class=\"has-text-align-center\" data-align=\"center\">R$ 9.517,63<\/td><td class=\"has-text-align-center\" data-align=\"center\">  N\u00edvel superior  <\/td><\/tr><tr><td class=\"has-text-align-center\" data-align=\"center\">Terapeuta<br \/>Ocupacional<\/td><td class=\"has-text-align-center\" data-align=\"center\">CR<\/td><td class=\"has-text-align-center\" data-align=\"center\">R$ 4.758,82<\/td><td class=\"has-text-align-center\" data-align=\"center\">  N\u00edvel superior  <\/td><\/tr><tr><td class=\"has-text-align-center\" data-align=\"center\">T\u00e9cnico em<br \/>Higiene Bucal<\/td><td class=\"has-text-align-center\" data-align=\"center\">03 + CR<\/td><td class=\"has-text-align-center\" data-align=\"center\">R$ 2.526,00<\/td><td class=\"has-text-align-center\" data-align=\"center\">  N\u00edvel t\u00e9cnico<\/td><\/tr><tr><td class=\"has-text-align-center\" data-align=\"center\">T\u00e9cnico em<br \/>Enfermagem<\/td><td class=\"has-text-align-center\" data-align=\"center\">04 + CR<\/td><td class=\"has-text-align-center\" data-align=\"center\">R$ 2.526,00<\/td><td class=\"has-text-align-center\" data-align=\"center\">   N\u00edvel t\u00e9cnico <\/td><\/tr><tr><td class=\"has-text-align-center\" data-align=\"center\">Agente de<br \/>Vigil\u00e2ncia em<br \/>Sa\u00fade<\/td><td class=\"has-text-align-center\" data-align=\"center\">CR<\/td><td class=\"has-text-align-center\" data-align=\"center\">R$ 1.550,00<\/td><td class=\"has-text-align-center\" data-align=\"center\">   N\u00edvel fundamental<\/td><\/tr><\/tbody><\/table><\/figure>\n\n\n\n<h3 class=\"wp-block-heading\" id=\"edital-2\">Edital 02 &#8211; Geral<\/h3>\n\n\n\n<figure class=\"wp-block-table is-style-stripes\"><table class=\"has-fixed-layout\"><thead><tr><th class=\"has-text-align-center\" data-align=\"center\"> Cargo <\/th><th class=\"has-text-align-center\" data-align=\"center\"> Vagas <\/th><th class=\"has-text-align-center\" data-align=\"center\">Vencimento b\u00e1sico<\/th><th class=\"has-text-align-center\" data-align=\"center\"> Escolaridade <\/th><\/tr><\/thead><tbody><tr><td class=\"has-text-align-center\" data-align=\"center\">Arquiteto<\/td><td class=\"has-text-align-center\" data-align=\"center\">01 + CR<\/td><td class=\"has-text-align-center\" data-align=\"center\">R$ 4.758,82<\/td><td class=\"has-text-align-center\" data-align=\"center\"> N\u00edvel superior <\/td><\/tr><tr><td class=\"has-text-align-center\" data-align=\"center\">Bi\u00f3logo<\/td><td class=\"has-text-align-center\" data-align=\"center\">CR<\/td><td class=\"has-text-align-center\" data-align=\"center\">R$ 4.758,82<\/td><td class=\"has-text-align-center\" data-align=\"center\">  N\u00edvel superior  <\/td><\/tr><tr><td class=\"has-text-align-center\" data-align=\"center\">Contador<\/td><td class=\"has-text-align-center\" data-align=\"center\">01 + CR<\/td><td class=\"has-text-align-center\" data-align=\"center\">R$ 4.758,82<\/td><td class=\"has-text-align-center\" data-align=\"center\">  N\u00edvel superior  <\/td><\/tr><tr><td class=\"has-text-align-center\" data-align=\"center\">Engenheiro Civil<\/td><td class=\"has-text-align-center\" data-align=\"center\">CR<\/td><td class=\"has-text-align-center\" data-align=\"center\">R$ 4.758,82<\/td><td class=\"has-text-align-center\" data-align=\"center\">  N\u00edvel superior  <\/td><\/tr><tr><td class=\"has-text-align-center\" data-align=\"center\">Engenheiro de<br \/>Seguran\u00e7a do<br \/>Trabalho<\/td><td class=\"has-text-align-center\" data-align=\"center\">CR<\/td><td class=\"has-text-align-center\" data-align=\"center\">R$ 4.758,82<\/td><td class=\"has-text-align-center\" data-align=\"center\">  N\u00edvel superior  <\/td><\/tr><tr><td class=\"has-text-align-center\" data-align=\"center\">Engenheiro de<br \/>Tr\u00e1fego<\/td><td class=\"has-text-align-center\" data-align=\"center\">CR<\/td><td class=\"has-text-align-center\" data-align=\"center\">R$ 4.758,82<\/td><td class=\"has-text-align-center\" data-align=\"center\">  N\u00edvel superior  <\/td><\/tr><tr><td class=\"has-text-align-center\" data-align=\"center\">M\u00e9dico<br \/>Veterin\u00e1rio<\/td><td class=\"has-text-align-center\" data-align=\"center\">CR<\/td><td class=\"has-text-align-center\" data-align=\"center\">R$ 7.138,22<\/td><td class=\"has-text-align-center\" data-align=\"center\">  N\u00edvel superior  <\/td><\/tr><tr><td class=\"has-text-align-center\" data-align=\"center\">Programador de<br \/>Inform\u00e1tica<\/td><td class=\"has-text-align-center\" data-align=\"center\">01 + CR<\/td><td class=\"has-text-align-center\" data-align=\"center\"> R$ 4.758,82 <\/td><td class=\"has-text-align-center\" data-align=\"center\">  N\u00edvel superior  <\/td><\/tr><tr><td class=\"has-text-align-center\" data-align=\"center\">Auxiliar<br \/>Administrativo<\/td><td class=\"has-text-align-center\" data-align=\"center\">05 + CR<\/td><td class=\"has-text-align-center\" data-align=\"center\">R$ 1.869,09<\/td><td class=\"has-text-align-center\" data-align=\"center\">  N\u00edvel m\u00e9dio\/t\u00e9cnico<\/td><\/tr><tr><td class=\"has-text-align-center\" data-align=\"center\">Educador Social<\/td><td class=\"has-text-align-center\" data-align=\"center\"> 08 + CR <\/td><td class=\"has-text-align-center\" data-align=\"center\">R$ 1.869,09<\/td><td class=\"has-text-align-center\" data-align=\"center\">   N\u00edvel m\u00e9dio\/t\u00e9cnico <\/td><\/tr><tr><td class=\"has-text-align-center\" data-align=\"center\">Fiscal Ambiental<\/td><td class=\"has-text-align-center\" data-align=\"center\">CR<\/td><td class=\"has-text-align-center\" data-align=\"center\">R$ 2.526,00<\/td><td class=\"has-text-align-center\" data-align=\"center\">    N\u00edvel m\u00e9dio\/t\u00e9cnico  <\/td><\/tr><tr><td class=\"has-text-align-center\" data-align=\"center\">T\u00e9cnico<br \/>Agr\u00f4nomo<\/td><td class=\"has-text-align-center\" data-align=\"center\">CR<\/td><td class=\"has-text-align-center\" data-align=\"center\">R$ 2.526,00<\/td><td class=\"has-text-align-center\" data-align=\"center\">    N\u00edvel m\u00e9dio\/t\u00e9cnico  <\/td><\/tr><tr><td class=\"has-text-align-center\" data-align=\"center\">T\u00e9cnico<br \/>Ambiental<\/td><td class=\"has-text-align-center\" data-align=\"center\">CR<\/td><td class=\"has-text-align-center\" data-align=\"center\">R$ 2.526,00<\/td><td class=\"has-text-align-center\" data-align=\"center\">    N\u00edvel m\u00e9dio\/t\u00e9cnico  <\/td><\/tr><tr><td class=\"has-text-align-center\" data-align=\"center\">T\u00e9cnico em<br \/>Contabilidade<\/td><td class=\"has-text-align-center\" data-align=\"center\">CR<\/td><td class=\"has-text-align-center\" data-align=\"center\">R$ 2.526,00<\/td><td class=\"has-text-align-center\" data-align=\"center\">    N\u00edvel m\u00e9dio\/t\u00e9cnico  <\/td><\/tr><tr><td class=\"has-text-align-center\" data-align=\"center\">T\u00e9cnico em Eletricidade\/<br \/>Eletrot\u00e9cnica<\/td><td class=\"has-text-align-center\" data-align=\"center\">01 + CR<\/td><td class=\"has-text-align-center\" data-align=\"center\"> R$ 2.526,00 <\/td><td class=\"has-text-align-center\" data-align=\"center\">     N\u00edvel m\u00e9dio\/t\u00e9cnico   <\/td><\/tr><tr><td class=\"has-text-align-center\" data-align=\"center\">T\u00e9cnico em<br \/>Inform\u00e1tica<\/td><td class=\"has-text-align-center\" data-align=\"center\"> CR <\/td><td class=\"has-text-align-center\" data-align=\"center\"> R$ 2.526,00 <\/td><td class=\"has-text-align-center\" data-align=\"center\">     N\u00edvel m\u00e9dio\/t\u00e9cnico   <\/td><\/tr><tr><td class=\"has-text-align-center\" data-align=\"center\">T\u00e9cnico em<br \/>Seguran\u00e7a do<br \/>Trabalho<\/td><td class=\"has-text-align-center\" data-align=\"center\">CR<\/td><td class=\"has-text-align-center\" data-align=\"center\"> R$ 2.526,00 <\/td><td class=\"has-text-align-center\" data-align=\"center\">     N\u00edvel m\u00e9dio\/t\u00e9cnico   <\/td><\/tr><\/tbody><\/table><\/figure>\n\n\n\n<h3 class=\"wp-block-heading\" id=\"edital-3\">Edital 03 &#8211; Educa\u00e7\u00e3o<\/h3>\n\n\n\n<figure class=\"wp-block-table is-style-stripes\"><table class=\"has-fixed-layout\"><thead><tr><th class=\"has-text-align-center\" data-align=\"center\">Cargo<\/th><th class=\"has-text-align-center\" data-align=\"center\">Vagas<\/th><th class=\"has-text-align-center\" data-align=\"center\">Vencimento b\u00e1sico<\/th><th class=\"has-text-align-center\" data-align=\"center\">Escolaridade<\/th><\/tr><\/thead><tbody><tr><td class=\"has-text-align-center\" data-align=\"center\">Orientador<br \/>Educacional<\/td><td class=\"has-text-align-center\" data-align=\"center\">03 + CR<\/td><td class=\"has-text-align-center\" data-align=\"center\">R$ 1.934,49<\/td><td class=\"has-text-align-center\" data-align=\"center\">N\u00edvel superior<\/td><\/tr><tr><td class=\"has-text-align-center\" data-align=\"center\">Professor (v\u00e1rios)<\/td><td class=\"has-text-align-center\" data-align=\"center\"> 19 + CR <\/td><td class=\"has-text-align-center\" data-align=\"center\">R$ 1.443,29<\/td><td class=\"has-text-align-center\" data-align=\"center\"> N\u00edvel superior <\/td><\/tr><tr><td class=\"has-text-align-center\" data-align=\"center\">Supervisor<br \/>Educacional<\/td><td class=\"has-text-align-center\" data-align=\"center\">03 + CR<\/td><td class=\"has-text-align-center\" data-align=\"center\">R$ 1.934,49<\/td><td class=\"has-text-align-center\" data-align=\"center\">  N\u00edvel superior  <\/td><\/tr><tr><td class=\"has-text-align-center\" data-align=\"center\">Atendente de<br \/>Educa\u00e7\u00e3o Infantil<\/td><td class=\"has-text-align-center\" data-align=\"center\">26 + CR<\/td><td class=\"has-text-align-center\" data-align=\"center\">R$ 1.292,07<\/td><td class=\"has-text-align-center\" data-align=\"center\"> N\u00edvel m\u00e9dio <\/td><\/tr><tr><td class=\"has-text-align-center\" data-align=\"center\">Professor de<br \/>Anos Iniciais<\/td><td class=\"has-text-align-center\" data-align=\"center\">20 + CR<\/td><td class=\"has-text-align-center\" data-align=\"center\">R$ 1.443,29<\/td><td class=\"has-text-align-center\" data-align=\"center\"> N\u00edvel m\u00e9dio <\/td><\/tr><tr><td class=\"has-text-align-center\" data-align=\"center\">Professor de<br \/>Educa\u00e7\u00e3o Infantil<\/td><td class=\"has-text-align-center\" data-align=\"center\">10 + CR<\/td><td class=\"has-text-align-center\" data-align=\"center\">R$ 1.443,29<\/td><td class=\"has-text-align-center\" data-align=\"center\"> N\u00edvel m\u00e9dio <\/td><\/tr><tr><td class=\"has-text-align-center\" data-align=\"center\">Secret\u00e1rio de<br \/>Escola<\/td><td class=\"has-text-align-center\" data-align=\"center\">03 + CR<\/td><td class=\"has-text-align-center\" data-align=\"center\">R$ 1.869,09<\/td><td class=\"has-text-align-center\" data-align=\"center\"> N\u00edvel m\u00e9dio <\/td><\/tr><\/tbody><\/table><\/figure>\n\n\n\n<h2 class=\"wp-block-heading\" id=\"etapas\">Concurso Alvorada: Etapas<\/h2>\n\n\n\n<p>A avalia\u00e7\u00e3o dos candidatos do concurso Alvorada foi realizada atrav\u00e9s de at\u00e9 duas etapas, sendo uma Prova Objetiva para todos os cargos e Avalia\u00e7\u00e3o de T\u00edtulos, somente para os cargos de n\u00edvel superior.<\/p>\n\n\n\n<ul class=\"wp-block-list\"><li><strong>Prova Objetiva<\/strong> &#8211; Todos os cargos (eliminat\u00f3ria e classificat\u00f3ria);<\/li><li><strong>Avalia\u00e7\u00e3o de T\u00edtulos<\/strong> &#8211; para todos os cargos de n\u00edvel superior (classificat\u00f3ria).<\/li><\/ul>\n\n\n\n<h3 class=\"wp-block-heading\" id=\"objetiva\">Prova Objetiva<\/h3>\n\n\n\n<p>A prova te\u00f3rico-objetiva foi aplicada a todos os cargos e teve <strong>dura\u00e7\u00e3o de 03 horas<\/strong>. A prova contou com <strong>40 quest\u00f5es<\/strong> de m\u00faltipla escolha, compostas de 05 alternativas (A, B, C, D e E).<\/p>\n\n\n\n<p>Para ser aprovado na etapa objetiva do concurso Alvorada, o candidato tinha de alcan\u00e7ar <strong>50% ou mais<\/strong> na nota total e n\u00e3o zerar em nenhuma disciplina.<\/p>\n\n\n\n<p class=\"has-black-color has-text-color\"><strong>CARGOS DO EDITAL 01:<\/strong><\/p>\n\n\n\n<div class=\"wp-block-image\"><figure class=\"aligncenter size-full\"><img loading=\"lazy\" decoding=\"async\" width=\"651\" height=\"717\" src=\"https:\/\/dhg1h5j42swfq.cloudfront.net\/2021\/09\/01161511\/image-18.png\" alt=\"Prova objetiva do concurso Alvorada para os cargos do edital 01\" class=\"wp-image-851423\" srcset=\"https:\/\/dhg1h5j42swfq.cloudfront.net\/2021\/09\/01161511\/image-18.png 651w, https:\/\/dhg1h5j42swfq.cloudfront.net\/2021\/09\/01161511\/image-18-272x300.png 272w, https:\/\/dhg1h5j42swfq.cloudfront.net\/2021\/09\/01161511\/image-18-610x672.png 610w\" sizes=\"auto, (max-width: 651px) 100vw, 651px\" \/><\/figure><\/div>\n\n\n\n<p class=\"has-black-color has-text-color\"><strong>CARGOS DO EDITAL 02:<\/strong><\/p>\n\n\n\n<div class=\"wp-block-image\"><figure class=\"aligncenter size-full\"><img loading=\"lazy\" decoding=\"async\" width=\"653\" height=\"484\" src=\"https:\/\/dhg1h5j42swfq.cloudfront.net\/2021\/09\/01161643\/image-19.png\" alt=\"Prova objetiva do concurso Alvorada para os cargos do edital 02\" class=\"wp-image-851424\" srcset=\"https:\/\/dhg1h5j42swfq.cloudfront.net\/2021\/09\/01161643\/image-19.png 653w, https:\/\/dhg1h5j42swfq.cloudfront.net\/2021\/09\/01161643\/image-19-300x222.png 300w, https:\/\/dhg1h5j42swfq.cloudfront.net\/2021\/09\/01161643\/image-19-610x452.png 610w\" sizes=\"auto, (max-width: 653px) 100vw, 653px\" \/><\/figure><\/div>\n\n\n\n<p class=\"has-black-color has-text-color\"><strong>CARGOS DO EDITAL 03:<\/strong><\/p>\n\n\n\n<div class=\"wp-block-image\"><figure class=\"aligncenter size-full\"><img loading=\"lazy\" decoding=\"async\" width=\"648\" height=\"796\" src=\"https:\/\/dhg1h5j42swfq.cloudfront.net\/2021\/09\/01161714\/image-20.png\" alt=\"\" class=\"wp-image-851425\" srcset=\"https:\/\/dhg1h5j42swfq.cloudfront.net\/2021\/09\/01161714\/image-20.png 648w, https:\/\/dhg1h5j42swfq.cloudfront.net\/2021\/09\/01161714\/image-20-244x300.png 244w, https:\/\/dhg1h5j42swfq.cloudfront.net\/2021\/09\/01161714\/image-20-610x749.png 610w\" sizes=\"auto, (max-width: 648px) 100vw, 648px\" \/><\/figure><\/div>\n\n\n\n<h3 class=\"wp-block-heading\" id=\"titulos\">Avalia\u00e7\u00e3o de t\u00edtulos<\/h3>\n\n\n\n<p>A Prova de T\u00edtulos foi aplicada a todos os candidatos aprovados na Prova Te\u00f3rico-Objetiva e convocados para esta etapa, os quais deveram enviar os t\u00edtulos na MODALIDADE ELETR\u00d4NICA.<\/p>\n\n\n\n<p>Os t\u00edtulos apresentados na tabela a seguir receberam pontua\u00e7\u00e3o unit\u00e1ria, podendo ser pontuado somente o de maior valora\u00e7\u00e3o:<\/p>\n\n\n\n<div class=\"wp-block-image\"><figure class=\"aligncenter size-full\"><img loading=\"lazy\" decoding=\"async\" width=\"648\" height=\"161\" src=\"https:\/\/dhg1h5j42swfq.cloudfront.net\/2021\/09\/01161011\/image-16.png\" alt=\"\" class=\"wp-image-851416\" srcset=\"https:\/\/dhg1h5j42swfq.cloudfront.net\/2021\/09\/01161011\/image-16.png 648w, https:\/\/dhg1h5j42swfq.cloudfront.net\/2021\/09\/01161011\/image-16-300x75.png 300w, https:\/\/dhg1h5j42swfq.cloudfront.net\/2021\/09\/01161011\/image-16-610x152.png 610w\" sizes=\"auto, (max-width: 648px) 100vw, 648px\" \/><\/figure><\/div>\n\n\n\n<hr class=\"wp-block-separator\"\/>\n\n\n\n<h2 class=\"has-text-align-center wp-block-heading\" id=\"cursos\">Quer estudar para o Concurso Alvorada?<\/h2>\n\n\n\n<div class=\"container\" id=\"boxes\">\n  <div class=\"row\">\n\n    <div class=\"col-sm\">\n      <div class=\"banner-estrategia\" id=\"box-assinatura\">\n        <h3 class=\"titulo-assinatura\">Concurso Prefeitura de Alvorada<\/h3>\n        <p class=\"subtitulo-assinatura\">Conhe\u00e7a nossos cursos<\/p>\n        <div class=\"box-botao\">\n          <a class=\"btn-assinatura\" target=\"_blank\" href=\"https:\/\/www.estrategiaconcursos.com.br\/cursosPorConcurso\/prefeitura-municipal-de-alvorada-rs\/\" role=\"button\" rel=\"noopener noreferrer\">Conhe\u00e7a mais<\/a>\n        <\/div>\n      <\/div>\n      \n    <\/div>\n\n  <\/div>\n<\/div>\n\n\n\n<div class=\"container\" id=\"boxes\">\n  <div class=\"row\">\n\n    <div class=\"col-sm\">\n      <div class=\"estrategia\" id=\"box-assinatura\">\n        <h3 class=\"titulo-assinatura\">Assinatura Concursos<\/h3>\n        <p class=\"subtitulo-assinatura\">Assinatura de 1 ano ou 2 anos<\/p>\n        <div class=\"box-botao\">\n          <a class=\"btn-assinatura\" target=\"_blank\" href=\"https:\/\/www.estrategiaconcursos.com.br\/assinaturas\/\" role=\"button\" rel=\"noopener noreferrer\">ASSINE AGORA<\/a>\n        <\/div>\n      <\/div><\/div><\/div><\/div>\n\n\n\n<h2 class=\"has-text-align-center wp-block-heading\" id=\"h-quer-saber-tudo-sobre-concursos-previstos-confira-nossos-artigos\">Quer saber tudo sobre concursos previstos?<br \/>Confira nossos artigos!<\/h2>\n\n\n\n<ul class=\"wp-block-list\"><li><a href=\"https:\/\/www.estrategiaconcursos.com.br\/blog\/concursos-abertos\/\" target=\"_blank\" rel=\"noreferrer noopener\">Concursos abertos<\/a><\/li><li><a href=\"https:\/\/www.estrategiaconcursos.com.br\/blog\/concursos-2022\/\" target=\"_blank\" rel=\"noreferrer noopener\">Concursos 2022<\/a><\/li><\/ul>\n\n\n\n<figure class=\"wp-block-image size-full is-resized\"><img loading=\"lazy\" decoding=\"async\" src=\"https:\/\/dhg1h5j42swfq.cloudfront.net\/2020\/06\/11091249\/ficha-tecnica-1-1024x632-1-1.png\" alt=\"Informa\u00e7\u00f5es sobre o Concurso \" class=\"wp-image-764596\" width=\"277\" height=\"171\" srcset=\"https:\/\/dhg1h5j42swfq.cloudfront.net\/2020\/06\/11091249\/ficha-tecnica-1-1024x632-1-1.png 1024w, https:\/\/dhg1h5j42swfq.cloudfront.net\/2020\/06\/11091249\/ficha-tecnica-1-1024x632-1-1-300x185.png 300w, https:\/\/dhg1h5j42swfq.cloudfront.net\/2020\/06\/11091249\/ficha-tecnica-1-1024x632-1-1-768x474.png 768w, https:\/\/dhg1h5j42swfq.cloudfront.net\/2020\/06\/11091249\/ficha-tecnica-1-1024x632-1-1-610x376.png 610w\" sizes=\"auto, (max-width: 277px) 100vw, 277px\" \/><\/figure>\n\n\n\n<h3 class=\"wp-block-heading\" id=\"ficha-tecnica\">Informa\u00e7\u00f5es do Concurso Prefeitura de Alvorada-RS <\/h3>\n\n\n\n<ul class=\"wp-block-list\"><li><strong>Ano: <\/strong>2021<\/li><li><strong>Vagas<\/strong>: 142 + CR<\/li><li><strong>Cargos<\/strong>: V\u00e1rios<\/li><li><strong>Banca<\/strong>: Legalle Concursos<\/li><li><strong>Escolaridade<\/strong>: N\u00edveis fundamental, m\u00e9dio, t\u00e9cnico e superior<\/li><li><strong>Editais: <\/strong><a href=\"https:\/\/dhg1h5j42swfq.cloudfront.net\/2021\/09\/01152824\/bb05d869b83384be52f3206621510e1b.pdf\" target=\"_blank\" rel=\"noreferrer noopener nofollow\">Edital 01<\/a> | <a href=\"https:\/\/dhg1h5j42swfq.cloudfront.net\/2021\/09\/01152819\/3a9367d3c9d6ed88c75523018c055a09.pdf\" target=\"_blank\" rel=\"noreferrer noopener nofollow\">Edital 02<\/a> | <a href=\"https:\/\/dhg1h5j42swfq.cloudfront.net\/2021\/09\/01152815\/a5d0cc12ee1f55eb3a1b64dccaa163d9.pdf\" target=\"_blank\" rel=\"noreferrer noopener nofollow\">Edital 03<\/a><\/li><\/ul>\n","protected":false},"excerpt":{"rendered":"<p>Foram divulgados os editais de homologa\u00e7\u00e3o do concurso da Prefeitura de Alvorada, Rio Grande do Sul. Assim, a sele\u00e7\u00e3o ficar\u00e1 v\u00e1lida at\u00e9 janeiro de 2024. Se necess\u00e1rio, esse prazo poder\u00e1 ser prorrogado uma \u00fanica vez, por mais dois anos. Homologa\u00e7\u00e3o &#8211; Edital 01; Homologa\u00e7\u00e3o &#8211; Edital 02; Homologa\u00e7\u00e3o &#8211; Edital 03. Prefeitura Municipal de Alvorada [&hellip;]<\/p>\n","protected":false},"author":1,"featured_media":851568,"comment_status":"open","ping_status":"closed","sticky":false,"template":"","format":"standard","meta":{"post_tipo":"news_page","footnotes":""},"categories":[214992],"tags":[],"tax_estado":[219986],"class_list":["post-607921","post","type-post","status-publish","format-standard","has-post-thumbnail","hentry","category-concursos-administrativos","tax_estado-rs"],"acf":[],"yoast_head":"<!-- This site is optimized with the Yoast SEO Premium plugin v27.2 (Yoast SEO v27.2) - https:\/\/yoast.com\/product\/yoast-seo-premium-wordpress\/ -->\n<title>Concurso Alvorada RS: sele\u00e7\u00e3o \u00e9 homologada. Confira!<\/title>\n<meta name=\"description\" content=\"Concurso Alvorada RS: tr\u00eas editais ofertaram 142 vagas + CR para as \u00e1reas da Sa\u00fade, Educa\u00e7\u00e3o e Administrativa. Validade at\u00e9 janeiro de 2024.\" \/>\n<meta name=\"robots\" content=\"index, follow, max-snippet:-1, max-image-preview:large, max-video-preview:-1\" \/>\n<link rel=\"canonical\" href=\"https:\/\/www.estrategiaconcursos.com.br\/blog\/concurso-prefeitura-alvorada-rs\/\" \/>\n<meta property=\"og:locale\" content=\"pt_BR\" \/>\n<meta property=\"og:type\" content=\"article\" \/>\n<meta property=\"og:title\" content=\"Concurso Alvorada RS: sele\u00e7\u00e3o \u00e9 homologada. Confira!\" \/>\n<meta property=\"og:description\" content=\"Concurso Alvorada RS: tr\u00eas editais ofertaram 142 vagas + CR para as \u00e1reas da Sa\u00fade, Educa\u00e7\u00e3o e Administrativa. Validade at\u00e9 janeiro de 2024.\" \/>\n<meta property=\"og:url\" content=\"https:\/\/www.estrategiaconcursos.com.br\/blog\/concurso-prefeitura-alvorada-rs\/\" \/>\n<meta property=\"og:site_name\" content=\"Estrat\u00e9gia Concursos\" \/>\n<meta property=\"article:author\" content=\"https:\/\/www.facebook.com\/EstrategiaConcursos\" \/>\n<meta property=\"article:published_time\" content=\"2022-01-26T18:50:00+00:00\" \/>\n<meta property=\"article:modified_time\" content=\"2024-03-12T20:36:36+00:00\" \/>\n<meta property=\"og:image\" content=\"https:\/\/dhg1h5j42swfq.cloudfront.net\/2021\/09\/01172804\/alvorada.jpg\" \/>\n\t<meta property=\"og:image:width\" content=\"766\" \/>\n\t<meta property=\"og:image:height\" content=\"432\" \/>\n\t<meta property=\"og:image:type\" content=\"image\/jpeg\" \/>\n<meta name=\"author\" content=\"Coordena\u00e7\u00e3o\" \/>\n<meta name=\"twitter:card\" content=\"summary_large_image\" \/>\n<meta name=\"twitter:creator\" content=\"@EstratConcursos\" \/>\n<meta name=\"twitter:site\" content=\"@EstratConcursos\" \/>\n<meta name=\"twitter:label1\" content=\"Escrito por\" \/>\n\t<meta name=\"twitter:data1\" content=\"Coordena\u00e7\u00e3o\" \/>\n\t<meta name=\"twitter:label2\" content=\"Est. tempo de leitura\" \/>\n\t<meta name=\"twitter:data2\" content=\"5 minutos\" \/>\n<script type=\"application\/ld+json\" class=\"yoast-schema-graph\">{\"@context\":\"https:\/\/schema.org\",\"@graph\":[{\"@type\":\"NewsArticle\",\"@id\":\"https:\/\/www.estrategiaconcursos.com.br\/blog\/concurso-prefeitura-alvorada-rs\/#article\",\"isPartOf\":{\"@id\":\"https:\/\/www.estrategiaconcursos.com.br\/blog\/concurso-prefeitura-alvorada-rs\/\"},\"author\":{\"name\":\"Coordena\u00e7\u00e3o\",\"@id\":\"https:\/\/www.estrategiaconcursos.com.br\/blog\/#\/schema\/person\/b4a388c97673c5f483d72185668afa1f\"},\"headline\":\"Concurso Alvorada RS: sele\u00e7\u00e3o \u00e9 homologada. Confira!\",\"datePublished\":\"2022-01-26T18:50:00+00:00\",\"dateModified\":\"2024-03-12T20:36:36+00:00\",\"mainEntityOfPage\":{\"@id\":\"https:\/\/www.estrategiaconcursos.com.br\/blog\/concurso-prefeitura-alvorada-rs\/\"},\"wordCount\":762,\"commentCount\":0,\"publisher\":{\"@id\":\"https:\/\/www.estrategiaconcursos.com.br\/blog\/#organization\"},\"image\":{\"@id\":\"https:\/\/www.estrategiaconcursos.com.br\/blog\/concurso-prefeitura-alvorada-rs\/#primaryimage\"},\"thumbnailUrl\":\"https:\/\/dhg1h5j42swfq.cloudfront.net\/2021\/09\/01172804\/alvorada.jpg\",\"articleSection\":[\"Executivo (Administrativa)\"],\"inLanguage\":\"pt-BR\",\"potentialAction\":[{\"@type\":\"CommentAction\",\"name\":\"Comment\",\"target\":[\"https:\/\/www.estrategiaconcursos.com.br\/blog\/concurso-prefeitura-alvorada-rs\/#respond\"]}],\"copyrightYear\":\"2022\",\"copyrightHolder\":{\"@id\":\"https:\/\/www.estrategiaconcursos.com.br\/blog\/#organization\"}},{\"@type\":\"WebPage\",\"@id\":\"https:\/\/www.estrategiaconcursos.com.br\/blog\/concurso-prefeitura-alvorada-rs\/\",\"url\":\"https:\/\/www.estrategiaconcursos.com.br\/blog\/concurso-prefeitura-alvorada-rs\/\",\"name\":\"Concurso Alvorada RS: sele\u00e7\u00e3o \u00e9 homologada. Confira!\",\"isPartOf\":{\"@id\":\"https:\/\/www.estrategiaconcursos.com.br\/blog\/#website\"},\"primaryImageOfPage\":{\"@id\":\"https:\/\/www.estrategiaconcursos.com.br\/blog\/concurso-prefeitura-alvorada-rs\/#primaryimage\"},\"image\":{\"@id\":\"https:\/\/www.estrategiaconcursos.com.br\/blog\/concurso-prefeitura-alvorada-rs\/#primaryimage\"},\"thumbnailUrl\":\"https:\/\/dhg1h5j42swfq.cloudfront.net\/2021\/09\/01172804\/alvorada.jpg\",\"datePublished\":\"2022-01-26T18:50:00+00:00\",\"dateModified\":\"2024-03-12T20:36:36+00:00\",\"description\":\"Concurso Alvorada RS: tr\u00eas editais ofertaram 142 vagas + CR para as \u00e1reas da Sa\u00fade, Educa\u00e7\u00e3o e Administrativa. Validade at\u00e9 janeiro de 2024.\",\"breadcrumb\":{\"@id\":\"https:\/\/www.estrategiaconcursos.com.br\/blog\/concurso-prefeitura-alvorada-rs\/#breadcrumb\"},\"inLanguage\":\"pt-BR\",\"potentialAction\":[{\"@type\":\"ReadAction\",\"target\":[\"https:\/\/www.estrategiaconcursos.com.br\/blog\/concurso-prefeitura-alvorada-rs\/\"]}]},{\"@type\":\"ImageObject\",\"inLanguage\":\"pt-BR\",\"@id\":\"https:\/\/www.estrategiaconcursos.com.br\/blog\/concurso-prefeitura-alvorada-rs\/#primaryimage\",\"url\":\"https:\/\/dhg1h5j42swfq.cloudfront.net\/2021\/09\/01172804\/alvorada.jpg\",\"contentUrl\":\"https:\/\/dhg1h5j42swfq.cloudfront.net\/2021\/09\/01172804\/alvorada.jpg\",\"width\":766,\"height\":432,\"caption\":\"Prefeitura de Alvorada RS: Edital Publicado para diversos cargos - An\u00e1lise Completa\"},{\"@type\":\"BreadcrumbList\",\"@id\":\"https:\/\/www.estrategiaconcursos.com.br\/blog\/concurso-prefeitura-alvorada-rs\/#breadcrumb\",\"itemListElement\":[{\"@type\":\"ListItem\",\"position\":1,\"name\":\"In\u00edcio\",\"item\":\"https:\/\/www.estrategiaconcursos.com.br\/blog\/\"},{\"@type\":\"ListItem\",\"position\":2,\"name\":\"Concurso Alvorada RS: sele\u00e7\u00e3o \u00e9 homologada. Confira!\"}]},{\"@type\":\"WebSite\",\"@id\":\"https:\/\/www.estrategiaconcursos.com.br\/blog\/#website\",\"url\":\"https:\/\/www.estrategiaconcursos.com.br\/blog\/\",\"name\":\"Estrat\u00e9gia Concursos\",\"description\":\"O blog da Estrat\u00e9gia Concursos traz not\u00edcias sobre concursos e artigos de professores oferecendo cursos para concursos (pdf + videaulas) no site.\",\"publisher\":{\"@id\":\"https:\/\/www.estrategiaconcursos.com.br\/blog\/#organization\"},\"potentialAction\":[{\"@type\":\"SearchAction\",\"target\":{\"@type\":\"EntryPoint\",\"urlTemplate\":\"https:\/\/www.estrategiaconcursos.com.br\/blog\/?s={search_term_string}\"},\"query-input\":{\"@type\":\"PropertyValueSpecification\",\"valueRequired\":true,\"valueName\":\"search_term_string\"}}],\"inLanguage\":\"pt-BR\"},{\"@type\":\"Organization\",\"@id\":\"https:\/\/www.estrategiaconcursos.com.br\/blog\/#organization\",\"name\":\"Estrat\u00e9gia Concursos\",\"url\":\"https:\/\/www.estrategiaconcursos.com.br\/blog\/\",\"logo\":{\"@type\":\"ImageObject\",\"inLanguage\":\"pt-BR\",\"@id\":\"https:\/\/www.estrategiaconcursos.com.br\/blog\/#\/schema\/logo\/image\/\",\"url\":\"https:\/\/dhg1h5j42swfq.cloudfront.net\/2025\/06\/03203428\/logo_concursos-1.jpg\",\"contentUrl\":\"https:\/\/dhg1h5j42swfq.cloudfront.net\/2025\/06\/03203428\/logo_concursos-1.jpg\",\"width\":230,\"height\":60,\"caption\":\"Estrat\u00e9gia Concursos\"},\"image\":{\"@id\":\"https:\/\/www.estrategiaconcursos.com.br\/blog\/#\/schema\/logo\/image\/\"},\"sameAs\":[\"https:\/\/x.com\/EstratConcursos\"]},{\"@type\":\"Person\",\"@id\":\"https:\/\/www.estrategiaconcursos.com.br\/blog\/#\/schema\/person\/b4a388c97673c5f483d72185668afa1f\",\"name\":\"Coordena\u00e7\u00e3o\",\"image\":{\"@type\":\"ImageObject\",\"inLanguage\":\"pt-BR\",\"@id\":\"https:\/\/secure.gravatar.com\/avatar\/b720319e4c9a967eb58678d110f4fe35452fc5d5f97b202bac7b8acceb18c6ad?s=96&d=mm&r=g\",\"url\":\"https:\/\/secure.gravatar.com\/avatar\/b720319e4c9a967eb58678d110f4fe35452fc5d5f97b202bac7b8acceb18c6ad?s=96&d=mm&r=g\",\"contentUrl\":\"https:\/\/secure.gravatar.com\/avatar\/b720319e4c9a967eb58678d110f4fe35452fc5d5f97b202bac7b8acceb18c6ad?s=96&d=mm&r=g\",\"caption\":\"Coordena\u00e7\u00e3o\"},\"sameAs\":[\"https:\/\/www.facebook.com\/EstrategiaConcursos\",\"https:\/\/x.com\/EstratConcursos\"],\"url\":\"https:\/\/www.estrategiaconcursos.com.br\/blog\/author\/estrategia2013\/\"}]}<\/script>\n<!-- \/ Yoast SEO Premium plugin. -->","yoast_head_json":{"title":"Concurso Alvorada RS: sele\u00e7\u00e3o \u00e9 homologada. Confira!","description":"Concurso Alvorada RS: tr\u00eas editais ofertaram 142 vagas + CR para as \u00e1reas da Sa\u00fade, Educa\u00e7\u00e3o e Administrativa. Validade at\u00e9 janeiro de 2024.","robots":{"index":"index","follow":"follow","max-snippet":"max-snippet:-1","max-image-preview":"max-image-preview:large","max-video-preview":"max-video-preview:-1"},"canonical":"https:\/\/www.estrategiaconcursos.com.br\/blog\/concurso-prefeitura-alvorada-rs\/","og_locale":"pt_BR","og_type":"article","og_title":"Concurso Alvorada RS: sele\u00e7\u00e3o \u00e9 homologada. Confira!","og_description":"Concurso Alvorada RS: tr\u00eas editais ofertaram 142 vagas + CR para as \u00e1reas da Sa\u00fade, Educa\u00e7\u00e3o e Administrativa. Validade at\u00e9 janeiro de 2024.","og_url":"https:\/\/www.estrategiaconcursos.com.br\/blog\/concurso-prefeitura-alvorada-rs\/","og_site_name":"Estrat\u00e9gia Concursos","article_author":"https:\/\/www.facebook.com\/EstrategiaConcursos","article_published_time":"2022-01-26T18:50:00+00:00","article_modified_time":"2024-03-12T20:36:36+00:00","og_image":[{"width":766,"height":432,"url":"https:\/\/dhg1h5j42swfq.cloudfront.net\/2021\/09\/01172804\/alvorada.jpg","type":"image\/jpeg"}],"author":"Coordena\u00e7\u00e3o","twitter_card":"summary_large_image","twitter_creator":"@EstratConcursos","twitter_site":"@EstratConcursos","twitter_misc":{"Escrito por":"Coordena\u00e7\u00e3o","Est. tempo de leitura":"5 minutos"},"schema":{"@context":"https:\/\/schema.org","@graph":[{"@type":"NewsArticle","@id":"https:\/\/www.estrategiaconcursos.com.br\/blog\/concurso-prefeitura-alvorada-rs\/#article","isPartOf":{"@id":"https:\/\/www.estrategiaconcursos.com.br\/blog\/concurso-prefeitura-alvorada-rs\/"},"author":{"name":"Coordena\u00e7\u00e3o","@id":"https:\/\/www.estrategiaconcursos.com.br\/blog\/#\/schema\/person\/b4a388c97673c5f483d72185668afa1f"},"headline":"Concurso Alvorada RS: sele\u00e7\u00e3o \u00e9 homologada. Confira!","datePublished":"2022-01-26T18:50:00+00:00","dateModified":"2024-03-12T20:36:36+00:00","mainEntityOfPage":{"@id":"https:\/\/www.estrategiaconcursos.com.br\/blog\/concurso-prefeitura-alvorada-rs\/"},"wordCount":762,"commentCount":0,"publisher":{"@id":"https:\/\/www.estrategiaconcursos.com.br\/blog\/#organization"},"image":{"@id":"https:\/\/www.estrategiaconcursos.com.br\/blog\/concurso-prefeitura-alvorada-rs\/#primaryimage"},"thumbnailUrl":"https:\/\/dhg1h5j42swfq.cloudfront.net\/2021\/09\/01172804\/alvorada.jpg","articleSection":["Executivo (Administrativa)"],"inLanguage":"pt-BR","potentialAction":[{"@type":"CommentAction","name":"Comment","target":["https:\/\/www.estrategiaconcursos.com.br\/blog\/concurso-prefeitura-alvorada-rs\/#respond"]}],"copyrightYear":"2022","copyrightHolder":{"@id":"https:\/\/www.estrategiaconcursos.com.br\/blog\/#organization"}},{"@type":"WebPage","@id":"https:\/\/www.estrategiaconcursos.com.br\/blog\/concurso-prefeitura-alvorada-rs\/","url":"https:\/\/www.estrategiaconcursos.com.br\/blog\/concurso-prefeitura-alvorada-rs\/","name":"Concurso Alvorada RS: sele\u00e7\u00e3o \u00e9 homologada. Confira!","isPartOf":{"@id":"https:\/\/www.estrategiaconcursos.com.br\/blog\/#website"},"primaryImageOfPage":{"@id":"https:\/\/www.estrategiaconcursos.com.br\/blog\/concurso-prefeitura-alvorada-rs\/#primaryimage"},"image":{"@id":"https:\/\/www.estrategiaconcursos.com.br\/blog\/concurso-prefeitura-alvorada-rs\/#primaryimage"},"thumbnailUrl":"https:\/\/dhg1h5j42swfq.cloudfront.net\/2021\/09\/01172804\/alvorada.jpg","datePublished":"2022-01-26T18:50:00+00:00","dateModified":"2024-03-12T20:36:36+00:00","description":"Concurso Alvorada RS: tr\u00eas editais ofertaram 142 vagas + CR para as \u00e1reas da Sa\u00fade, Educa\u00e7\u00e3o e Administrativa. Validade at\u00e9 janeiro de 2024.","breadcrumb":{"@id":"https:\/\/www.estrategiaconcursos.com.br\/blog\/concurso-prefeitura-alvorada-rs\/#breadcrumb"},"inLanguage":"pt-BR","potentialAction":[{"@type":"ReadAction","target":["https:\/\/www.estrategiaconcursos.com.br\/blog\/concurso-prefeitura-alvorada-rs\/"]}]},{"@type":"ImageObject","inLanguage":"pt-BR","@id":"https:\/\/www.estrategiaconcursos.com.br\/blog\/concurso-prefeitura-alvorada-rs\/#primaryimage","url":"https:\/\/dhg1h5j42swfq.cloudfront.net\/2021\/09\/01172804\/alvorada.jpg","contentUrl":"https:\/\/dhg1h5j42swfq.cloudfront.net\/2021\/09\/01172804\/alvorada.jpg","width":766,"height":432,"caption":"Prefeitura de Alvorada RS: Edital Publicado para diversos cargos - An\u00e1lise Completa"},{"@type":"BreadcrumbList","@id":"https:\/\/www.estrategiaconcursos.com.br\/blog\/concurso-prefeitura-alvorada-rs\/#breadcrumb","itemListElement":[{"@type":"ListItem","position":1,"name":"In\u00edcio","item":"https:\/\/www.estrategiaconcursos.com.br\/blog\/"},{"@type":"ListItem","position":2,"name":"Concurso Alvorada RS: sele\u00e7\u00e3o \u00e9 homologada. Confira!"}]},{"@type":"WebSite","@id":"https:\/\/www.estrategiaconcursos.com.br\/blog\/#website","url":"https:\/\/www.estrategiaconcursos.com.br\/blog\/","name":"Estrat\u00e9gia Concursos","description":"O blog da Estrat\u00e9gia Concursos traz not\u00edcias sobre concursos e artigos de professores oferecendo cursos para concursos (pdf + videaulas) no site.","publisher":{"@id":"https:\/\/www.estrategiaconcursos.com.br\/blog\/#organization"},"potentialAction":[{"@type":"SearchAction","target":{"@type":"EntryPoint","urlTemplate":"https:\/\/www.estrategiaconcursos.com.br\/blog\/?s={search_term_string}"},"query-input":{"@type":"PropertyValueSpecification","valueRequired":true,"valueName":"search_term_string"}}],"inLanguage":"pt-BR"},{"@type":"Organization","@id":"https:\/\/www.estrategiaconcursos.com.br\/blog\/#organization","name":"Estrat\u00e9gia Concursos","url":"https:\/\/www.estrategiaconcursos.com.br\/blog\/","logo":{"@type":"ImageObject","inLanguage":"pt-BR","@id":"https:\/\/www.estrategiaconcursos.com.br\/blog\/#\/schema\/logo\/image\/","url":"https:\/\/dhg1h5j42swfq.cloudfront.net\/2025\/06\/03203428\/logo_concursos-1.jpg","contentUrl":"https:\/\/dhg1h5j42swfq.cloudfront.net\/2025\/06\/03203428\/logo_concursos-1.jpg","width":230,"height":60,"caption":"Estrat\u00e9gia Concursos"},"image":{"@id":"https:\/\/www.estrategiaconcursos.com.br\/blog\/#\/schema\/logo\/image\/"},"sameAs":["https:\/\/x.com\/EstratConcursos"]},{"@type":"Person","@id":"https:\/\/www.estrategiaconcursos.com.br\/blog\/#\/schema\/person\/b4a388c97673c5f483d72185668afa1f","name":"Coordena\u00e7\u00e3o","image":{"@type":"ImageObject","inLanguage":"pt-BR","@id":"https:\/\/secure.gravatar.com\/avatar\/b720319e4c9a967eb58678d110f4fe35452fc5d5f97b202bac7b8acceb18c6ad?s=96&d=mm&r=g","url":"https:\/\/secure.gravatar.com\/avatar\/b720319e4c9a967eb58678d110f4fe35452fc5d5f97b202bac7b8acceb18c6ad?s=96&d=mm&r=g","contentUrl":"https:\/\/secure.gravatar.com\/avatar\/b720319e4c9a967eb58678d110f4fe35452fc5d5f97b202bac7b8acceb18c6ad?s=96&d=mm&r=g","caption":"Coordena\u00e7\u00e3o"},"sameAs":["https:\/\/www.facebook.com\/EstrategiaConcursos","https:\/\/x.com\/EstratConcursos"],"url":"https:\/\/www.estrategiaconcursos.com.br\/blog\/author\/estrategia2013\/"}]}},"_links":{"self":[{"href":"https:\/\/www.estrategiaconcursos.com.br\/blog\/wp-json\/wp\/v2\/posts\/607921","targetHints":{"allow":["GET"]}}],"collection":[{"href":"https:\/\/www.estrategiaconcursos.com.br\/blog\/wp-json\/wp\/v2\/posts"}],"about":[{"href":"https:\/\/www.estrategiaconcursos.com.br\/blog\/wp-json\/wp\/v2\/types\/post"}],"author":[{"embeddable":true,"href":"https:\/\/www.estrategiaconcursos.com.br\/blog\/wp-json\/wp\/v2\/users\/1"}],"replies":[{"embeddable":true,"href":"https:\/\/www.estrategiaconcursos.com.br\/blog\/wp-json\/wp\/v2\/comments?post=607921"}],"version-history":[{"count":36,"href":"https:\/\/www.estrategiaconcursos.com.br\/blog\/wp-json\/wp\/v2\/posts\/607921\/revisions"}],"predecessor-version":[{"id":990982,"href":"https:\/\/www.estrategiaconcursos.com.br\/blog\/wp-json\/wp\/v2\/posts\/607921\/revisions\/990982"}],"wp:featuredmedia":[{"embeddable":true,"href":"https:\/\/www.estrategiaconcursos.com.br\/blog\/wp-json\/wp\/v2\/media\/851568"}],"wp:attachment":[{"href":"https:\/\/www.estrategiaconcursos.com.br\/blog\/wp-json\/wp\/v2\/media?parent=607921"}],"wp:term":[{"taxonomy":"category","embeddable":true,"href":"https:\/\/www.estrategiaconcursos.com.br\/blog\/wp-json\/wp\/v2\/categories?post=607921"},{"taxonomy":"post_tag","embeddable":true,"href":"https:\/\/www.estrategiaconcursos.com.br\/blog\/wp-json\/wp\/v2\/tags?post=607921"},{"taxonomy":"tax_estado","embeddable":true,"href":"https:\/\/www.estrategiaconcursos.com.br\/blog\/wp-json\/wp\/v2\/tax_estado?post=607921"}],"curies":[{"name":"wp","href":"https:\/\/api.w.org\/{rel}","templated":true}]}}