{"id":60763,"date":"2017-02-25T06:08:56","date_gmt":"2017-02-25T09:08:56","guid":{"rendered":"https:\/\/www.estrategiaconcursos.com.br\/blog\/?p=60763"},"modified":"2023-04-11T11:37:42","modified_gmt":"2023-04-11T14:37:42","slug":"analista-legislativo","status":"publish","type":"post","link":"https:\/\/www.estrategiaconcursos.com.br\/blog\/analista-legislativo\/","title":{"rendered":"Analista Legislativo &#8211; conhe\u00e7a minha carreira no Poder Legislativo"},"content":{"rendered":"<p style=\"text-align: justify;\"><strong>Analista Legislativo &#8211; conhe\u00e7a minha carreira no Poder Legislativo<\/strong><\/p>\n<p style=\"text-align: justify;\"><strong>Ol\u00e1, meus Valentes Concurseiros e Concurseiras!<\/strong><\/p>\n<p style=\"text-align: justify;\">Me chamo Fausto, sou <strong><a href=\"https:\/\/www.estrategiaconcursos.com.br\/professor\/fausto-barros-de-sa-teles-3559\/\">coach<\/a><\/strong> aqui no Estrat\u00e9gia Concursos e hoje resolvi falar um pouco sobre a minha carreira: <strong>Analista Legislativo.<\/strong><\/p>\n<p style=\"text-align: justify;\">Como atuo na C\u00e2mara dos Deputados desde 2014, em alguns momentos o foco do artigo estar\u00e1 voltado para a chamada Casa do Povo, mas a maior parte das informa\u00e7\u00f5es vale tamb\u00e9m para o Senado Federal, para a C\u00e2mara Legislativa do Distrito Federal &#8211; CLDF e para as Assembl\u00e9ias Legislativas dos estados, ok?<\/p>\n<p style=\"text-align: justify;\">N\u00e3o vou ficar de enrola\u00e7\u00e3o, pois o nosso neg\u00f3cio \u00e9 informa\u00e7\u00e3o!\u00a0Vamos l\u00e1?<\/p>\n<p style=\"text-align: justify;\">\n<p style=\"text-align: justify;\"><u><strong>REMUNERA\u00c7\u00c3O<\/strong><\/u><\/p>\n<p style=\"text-align: justify;\">Antes de mais nada, como n\u00e3o trabalhamos s\u00f3 para nos divertir, vamos\u00a0dar uma olhada na sua <u>futura remunera\u00e7\u00e3o<\/u>, caso voc\u00ea decida perseguir uma das carreiras no Legislativo.<\/p>\n<p style=\"text-align: justify;\">Falarei primeiro da remunera\u00e7\u00e3o b\u00e1sica\u00a0para os cargos de Analista Legislativo na C\u00e2mara dos Deputados, no Senado Federal e na CLDF.<\/p>\n<p style=\"text-align: justify;\">Observa\u00e7\u00e3o: na CLDF, o\u00a0cargo\u00a0correspondente\u00a0ao de <em>Analista Legislativo<\/em> \u00e9 chamado\u00a0<em>Consultor T\u00e9cnico Legislativo<\/em>.<\/p>\n<p style=\"text-align: justify;\">Logo depois, escreverei sobre outras vantagens de trabalhar nesses \u00f3rg\u00e3os, com\u00a0foco na C\u00e2mara, que \u00e9 onde atuo.<\/p>\n<p style=\"text-align: justify;\">\n<p style=\"text-align: justify;\"><strong>Remunera\u00e7\u00e3o B\u00e1sica &#8211; C\u00e2mara dos Deputados<\/strong><\/p>\n<p style=\"text-align: justify;\">A tabela abaixo mostra a remunera\u00e7\u00e3o do Analista Legislativo da C\u00e2mara dos Deputados, j\u00e1 com reajustes aprovados em lei at\u00e9 2019.<\/p>\n<p style=\"text-align: justify;\"><img loading=\"lazy\" decoding=\"async\" class=\"alignnone size-full wp-image-60909\" title=\"\" src=\"https:\/\/dhg1h5j42swfq.cloudfront.net\/2017\/01\/11145659\/Camara.jpg\" alt=\"Remunera\u00e7\u00e3o Analista Legislativo C\u00e2mara dos Deputados\" width=\"634\" height=\"228\" srcset=\"https:\/\/dhg1h5j42swfq.cloudfront.net\/2017\/01\/11145659\/Camara.jpg 634w, https:\/\/dhg1h5j42swfq.cloudfront.net\/2017\/01\/11145659\/Camara.jpg 300w, https:\/\/dhg1h5j42swfq.cloudfront.net\/2017\/01\/11145659\/Camara.jpg 500w\" sizes=\"auto, (max-width: 634px) 100vw, 634px\" \/><\/p>\n<p style=\"text-align: justify;\"><span style=\"font-size: 10px;\"><em>Fontes: Lei n\u00b0 13.323\/2015 e Lei n\u00b0 12.777\/2012.<\/em><\/span><\/p>\n<p style=\"text-align: justify;\">Veja que neste ano, de 2017, a <strong>remunera\u00e7\u00e3o b\u00e1sica<\/strong>\u00a0inicial ultrapassa 22 mil reais e a final chega a quase 29 mil reais.<\/p>\n<p style=\"text-align: justify;\">\n<p style=\"text-align: justify;\"><strong>Remunera\u00e7\u00e3o B\u00e1sica &#8211; Senado Federal:<\/strong><\/p>\n<p style=\"text-align: justify;\">Da mesma forma, a\u00a0tabela abaixo mostra a remunera\u00e7\u00e3o do Analista Legislativo do Senado Federal, que tamb\u00e9m teve reajustes aprovados em lei at\u00e9 2019.<\/p>\n<p style=\"text-align: justify;\"><img loading=\"lazy\" decoding=\"async\" class=\"alignnone size-full wp-image-60767\" title=\"\" src=\"https:\/\/dhg1h5j42swfq.cloudfront.net\/2017\/01\/10150344\/Senado1.jpg\" alt=\"Remunera\u00e7\u00e3o Analista Legislativo Senado Federal\" width=\"684\" height=\"250\" srcset=\"https:\/\/dhg1h5j42swfq.cloudfront.net\/2017\/01\/10150344\/Senado1.jpg 684w, https:\/\/dhg1h5j42swfq.cloudfront.net\/2017\/01\/10150344\/Senado1.jpg 300w, https:\/\/dhg1h5j42swfq.cloudfront.net\/2017\/01\/10150344\/Senado1.jpg 500w\" sizes=\"auto, (max-width: 684px) 100vw, 684px\" \/><\/p>\n<p style=\"text-align: justify;\"><span style=\"font-size: 10px;\"><em>Fonte: <a href=\"https:\/\/www.estrategiaconcursos.com.br\/blog\/concurso-do-senado-analise-completa\/\">https:\/\/www.estrategiaconcursos.com.br\/blog\/concurso-do-senado-analise-completa\/<\/a><\/em><\/span><\/p>\n<p style=\"text-align: justify;\">Podemos verificar que neste ano, de 2017, a <strong>remunera\u00e7\u00e3o b\u00e1sica<\/strong>\u00a0no SF inicial ultrapassa 23 mil reais e a final chega a quase 27 mil reais.<\/p>\n<p style=\"text-align: justify;\">\n<p style=\"text-align: justify;\"><strong>Remunera\u00e7\u00e3o B\u00e1sica &#8211; CLDF:<\/strong><\/p>\n<p style=\"text-align: justify;\">Por fim, lhes apresento a <strong>remunera\u00e7\u00e3o b\u00e1sica<\/strong> atual &#8211; vigente desde outubro de 2016 &#8211; do Consultor T\u00e9cnico Legislativo da CLDF, que inicia-se acima de 15 mil reais e termina em aproximadamente 28 mil reais.<\/p>\n<p style=\"text-align: justify;\"><img loading=\"lazy\" decoding=\"async\" class=\"alignnone size-full wp-image-60902\" title=\"\" src=\"https:\/\/dhg1h5j42swfq.cloudfront.net\/2017\/01\/11144323\/CLDF.jpg\" alt=\"Remunera\u00e7\u00e3o Analista Legislativo CLDF\" width=\"319\" height=\"593\" srcset=\"https:\/\/dhg1h5j42swfq.cloudfront.net\/2017\/01\/11144323\/CLDF.jpg 319w, https:\/\/dhg1h5j42swfq.cloudfront.net\/2017\/01\/11144323\/CLDF.jpg 161w\" sizes=\"auto, (max-width: 319px) 100vw, 319px\" \/><\/p>\n<p style=\"text-align: justify;\"><span style=\"font-size: 10px;\"><em>Fonte:\u00a0Lei n\u00ba 5.663, 2016 \u2013 DODF de 04.07.2016<\/em><\/span><\/p>\n<p style=\"text-align: justify;\">\n<p style=\"text-align: justify;\">Acabamos de ver quais s\u00e3o as remunera\u00e7\u00f5es b\u00e1sicas para as carreiras da C\u00e2mara, Senado e CLDF. Agora, vou lhes explicar sobre algumas <u>outras vantagens<\/u> de trabalhar nesses \u00f3rg\u00e3os.<\/p>\n<p style=\"text-align: justify;\">Ainda sobre dinheiro &#8211; juro que j\u00e1 vou parar de falar disso, rs &#8211; al\u00e9m da remunera\u00e7\u00e3o b\u00e1sica, caso voc\u00ea ocupe uma fun\u00e7\u00e3o gerencial ou de assessoramento t\u00e9cnico em um desses \u00f3rg\u00e3os, voc\u00ea far\u00e1 jus a uma <strong>fun\u00e7\u00e3o comissionada<\/strong>.<\/p>\n<p style=\"text-align: justify;\">Para que voc\u00ea tenha um ideia dos valores e da quantidade de fun\u00e7\u00f5es que existem nos \u00f3rg\u00e3os, vou lhe mostrar alguns dados da C\u00e2mara dos Deputados.<\/p>\n<p style=\"text-align: justify;\">\n<p style=\"text-align: justify;\"><strong>Valor das fun\u00e7\u00f5es comissionadas &#8211; C\u00e2mara dos Deputados<\/strong><\/p>\n<p style=\"text-align: justify;\"><img loading=\"lazy\" decoding=\"async\" class=\"alignnone size-full wp-image-60771\" title=\"\" src=\"https:\/\/dhg1h5j42swfq.cloudfront.net\/2017\/01\/10150658\/Valor-FCs-CD.jpg\" alt=\"Fun\u00e7\u00f5es Analista Legislativo C\u00e2mara dos Deputados\" width=\"869\" height=\"168\" srcset=\"https:\/\/dhg1h5j42swfq.cloudfront.net\/2017\/01\/10150658\/Valor-FCs-CD.jpg 1086w, https:\/\/dhg1h5j42swfq.cloudfront.net\/2017\/01\/10150658\/Valor-FCs-CD.jpg 300w, https:\/\/dhg1h5j42swfq.cloudfront.net\/2017\/01\/10150658\/Valor-FCs-CD.jpg 768w, https:\/\/dhg1h5j42swfq.cloudfront.net\/2017\/01\/10150658\/Valor-FCs-CD.jpg 1024w, https:\/\/dhg1h5j42swfq.cloudfront.net\/2017\/01\/10150658\/Valor-FCs-CD.jpg 500w\" sizes=\"auto, (max-width: 869px) 100vw, 869px\" \/><\/p>\n<p style=\"text-align: justify;\"><span style=\"font-size: 10px;\"><em>* Valores em 2016. Foram reajustados em aproximadamente 5% em 2017 e ser\u00e3o reajustados por percentual pr\u00f3ximo em 2018 e 2019.<\/em><\/span><\/p>\n<p style=\"text-align: justify;\"><span style=\"font-size: 10px;\"><em>Fonte: <a href=\"http:\/\/www2.camara.leg.br\/transparencia\/recursos-humanos\/quadro-remuneratorio\/remuneracao-de-cargos-em-comissao-e-funcao-comissionada-funcao-de-confianca\">http:\/\/www2.camara.leg.br\/transparencia\/recursos-humanos\/quadro-remuneratorio\/remuneracao-de-cargos-em-comissao-e-funcao-comissionada-funcao-de-confianca<\/a><\/em><\/span><\/p>\n<p style=\"text-align: justify;\">\n<p style=\"text-align: justify;\">Veja que a menor fun\u00e7\u00e3o comissionada acrescentaria mais de 3 mil reais \u00e0 sua remunera\u00e7\u00e3o. A maior &#8211; esta exclusiva para os dois mais altos cargos da C\u00e2mara &#8211; acrescentaria cerca de 10 mil reais \u00e0 sua remunera\u00e7\u00e3o b\u00e1sica!<\/p>\n<p style=\"text-align: justify;\">Mas, Fausto, qu\u00e3o dif\u00edcil \u00e9 conseguir uma fun\u00e7\u00e3o comissionada? Vou te dar uma ideia.<\/p>\n<p style=\"text-align: justify;\">\n<p style=\"text-align: justify;\"><strong>Quantitativo de fun\u00e7\u00f5es comissionadas &#8211; C\u00e2mara dos Deputados:<\/strong><\/p>\n<p style=\"text-align: justify;\"><img loading=\"lazy\" decoding=\"async\" class=\"alignnone size-full wp-image-60770\" title=\"\" src=\"https:\/\/dhg1h5j42swfq.cloudfront.net\/2017\/01\/10150551\/FCs-CD1.jpg\" alt=\"Fun\u00e7\u00f5es Analista Legislativo C\u00e2mara dos Deputados (quantidade)\" width=\"889\" height=\"240\" srcset=\"https:\/\/dhg1h5j42swfq.cloudfront.net\/2017\/01\/10150551\/FCs-CD1.jpg 889w, https:\/\/dhg1h5j42swfq.cloudfront.net\/2017\/01\/10150551\/FCs-CD1.jpg 300w, https:\/\/dhg1h5j42swfq.cloudfront.net\/2017\/01\/10150551\/FCs-CD1.jpg 768w, https:\/\/dhg1h5j42swfq.cloudfront.net\/2017\/01\/10150551\/FCs-CD1.jpg 500w\" sizes=\"auto, (max-width: 889px) 100vw, 889px\" \/><\/p>\n<p style=\"text-align: justify;\"><span style=\"font-size: 10px;\"><em>Fonte: <a href=\"http:\/\/www2.camara.leg.br\/transparencia\/recursos-humanos\/quadro-remuneratorio\/tabela_fcs_31122015.pdf\">http:\/\/www2.camara.leg.br\/transparencia\/recursos-humanos\/quadro-remuneratorio\/tabela_fcs_31122015.pdf<\/a><\/em><\/span><\/p>\n<p style=\"text-align: justify;\">Note que entre as FC-1 e FC-3, h\u00e1 mais de 1.600 fun\u00e7\u00f5es dispon\u00edveis que somariam entre R$ 3,6 mil e R$ 7 mil \u00e0 sua remunera\u00e7\u00e3o.<\/p>\n<p style=\"text-align: justify;\">\n<p style=\"text-align: justify;\">Neste momento, eu te pergunto: e\u00a0a\u00ed, vale a pena ser servidor do Legislativo, ou n\u00e3o?<\/p>\n<p style=\"text-align: justify;\">Voc\u00ea me responde: ainda n\u00e3o sei, pois dinheiro n\u00e3o \u00e9 tudo! Quero tamb\u00e9m saber de outras vantagens e de como \u00e9 trabalhar no Legislativo!<\/p>\n<p style=\"text-align: justify;\">E voc\u00ea tem toda raz\u00e3o! Vamos nessa!<\/p>\n<p style=\"text-align: justify;\">\n<p style=\"text-align: justify;\"><u><strong>OUTRAS VANTAGENS<\/strong><\/u><\/p>\n<p style=\"text-align: justify;\">Al\u00e9m das fun\u00e7\u00f5es comissionadas, os \u00f3rg\u00e3os do Poder Legislativo t\u00eam muitos outros benef\u00edcios, tanto em termos de remunera\u00e7\u00e3o como em condi\u00e7\u00f5es de trabalho. Na C\u00e2mara, por exemplo, os servidores podem tirar, al\u00e9m das <strong>f\u00e9rias <\/strong>&#8211; que pode ser divididas em at\u00e9 tr\u00eas per\u00edodos -,\u00a0mais duas semanas de <strong>recesso <\/strong>por ano. O <strong>hor\u00e1rio de trabalho \u00e9 flex\u00edvel<\/strong> na maior parte da Casa e o <strong>plano de sa\u00fade<\/strong> \u00e9 excelente e muito barato: ao redor de R$ 350,00 para o servidor, c\u00f4njuge e filhos.<\/p>\n<p style=\"text-align: justify;\">Isso sem falar no <strong>Aux\u00edlio Alimenta\u00e7\u00e3o<\/strong>, atualmente acima de R$ 900,00 e no <strong>Aux\u00edlio Pr\u00e9-escolar<\/strong>, acima de R$ 800,00.<\/p>\n<p style=\"text-align: justify;\">Os servidores s\u00e3o incentivados a buscar <strong>qualifica\u00e7\u00e3o continuada<\/strong>: h\u00e1 pagamento de adicionais para quem tem especializa\u00e7\u00f5es, mestrado ou doutorado. E mais: semestralmente h\u00e1 processo seletivo para que os servidores interessados afastem-se temporariamente para cursar mestrado, doutorado ou p\u00f3s doutorado mantendo a <u>remunera\u00e7\u00e3o integral<\/u>, desde que as \u00e1reas tem\u00e1ticas sejam de interesse do \u00f3rg\u00e3o.<\/p>\n<p style=\"text-align: justify;\">Por \u00faltimo, mas n\u00e3o menos importante: muitos servidores, que precisam ficar at\u00e9 mais tarde para acompanhar as atividades legislativas, recebem <strong>horas extras noturnas<\/strong>, que s\u00e3o proporcionais \u00e0 remunera\u00e7\u00e3o (ou seja: \u00f3timas!).<\/p>\n<p style=\"text-align: justify;\">Ah, quase esqueci: com \u00f3timas condi\u00e7\u00f5es de trabalho, capacita\u00e7\u00e3o e remunera\u00e7\u00e3o,\u00a0\u00e9 claro que o <strong>ambiente de trabalho tamb\u00e9m \u00e9 excelente<\/strong>! Em geral, as pessoas aqui s\u00e3o felizes, simples assim :D<\/p>\n<p style=\"text-align: justify;\">Ok, Fausto! Estou quase convencido! Mas afinal, o que eu vou fazer? Tenho medo de me tornar um carimbador, ou ter trabalho demais, ou ter trabalho de menos, ou ter de trabalhar com pol\u00edtica, ou sei l\u00e1&#8230;<\/p>\n<p style=\"text-align: justify;\">Calma! H\u00e1 tanto trabalho a ser feito no Legislativo que voc\u00ea com certeza achar\u00e1 algum que se encaixe no seu perfil e no seu ritmo!<\/p>\n<p style=\"text-align: justify;\">Para voc\u00ea entender melhor o que \u00e9 um \u00f3rg\u00e3o do Poder Legislativo, escrevi um pouco sobre a C\u00e2mara dos Deputados.<\/p>\n<p style=\"text-align: justify;\"><u><strong>A C\u00c2MARA DOS DEPUTADOS<\/strong><\/u><\/p>\n<p style=\"text-align: justify;\">Como sabemos, a C\u00e2mara dos Deputados \u00e9 uma das duas Casas Legislativas que comp\u00f5em nosso sistema bicameral no \u00e2mbito da Uni\u00e3o.<\/p>\n<p style=\"text-align: justify;\">Apesar de muitos desavisados acreditarem que a C\u00e2mara ocupa um n\u00edvel de hierarquia inferior ao do Senado, a verdade \u00e9 que n\u00e3o h\u00e1 hierarquia entre as duas Casas.<\/p>\n<p style=\"text-align: justify;\">Curiosamente, a\u00a0C\u00e2mara \u00e9 a Casa que tem papel preponderante\u00a0no Processo Legislativo. Isso ocorre porque, de acordo com a Constitui\u00e7\u00e3o Federal de 1988,\u00a0a maioria das proposi\u00e7\u00f5es devem ser apreciadas primeiro\u00a0na C\u00e2mara (geralmente \u00e9 a Casa Iniciadora). Assim, caso ocorra o emendamento no Senado (geralmente \u00e9 a Casa Revisora), tais proposi\u00e7\u00f5es s\u00e3o analisadas, por \u00faltimo, na pr\u00f3pria C\u00e2mara, que acaba por ter a palavra final na maior parte das\u00a0leis.<\/p>\n<p style=\"text-align: justify;\">Em linhas gerais, o papel da C\u00e2mara dos Deputados est\u00e1 bem resumido\u00a0na sua <strong><em>miss\u00e3o institucional<\/em><\/strong>, que foi elaborada como parte do seu programa de <a href=\"http:\/\/www2.camara.leg.br\/a-camara\/gestao-na-camara-dos-deputados\">Gest\u00e3o Estrat\u00e9gica<\/a>:<\/p>\n<p style=\"margin-left: 80px; text-align: justify;\"><em>&#8220;Representar o povo brasileiro, elaborar leis e fiscalizar os atos da Administra\u00e7\u00e3o P\u00fablica, com o prop\u00f3sito de promover a democracia e o desenvolvimento nacional com justi\u00e7a social.&#8221;<\/em><\/p>\n<p style=\"text-align: justify;\">Como vemos, o Poder Legislativo &#8211; e a C\u00e2mara dos Deputados -, s\u00e3o \u00f3rg\u00e3os essenciais para o fortalecimento da democracia brasileira.<\/p>\n<p style=\"text-align: justify;\">\n<p style=\"text-align: justify;\"><u><strong>ATRIBUI\u00c7\u00d5ES DO CARGO DE ANALISTA<\/strong><\/u><\/p>\n<p style=\"text-align: justify;\">&#8211; Ora, Fausto, tudo isso \u00e9 muito interessante. Mas onde \u00e9 que trabalham, na pr\u00e1tica, os Analistas Legislativos?<\/p>\n<p style=\"text-align: justify;\">Os Analistas atuam tanto nas atividades diretamente relacionadas ao Processo Legislativo &#8211; nas <em>\u00e1reas legislativas<\/em>; como em <em>\u00e1reas administrativas<\/em> da Casa.<\/p>\n<p style=\"text-align: justify;\">Para entender melhor, vamos conhecer o organograma da C\u00e2mara dos Deputados.<\/p>\n<p style=\"text-align: justify;\">\n<p style=\"text-align: justify;\"><img decoding=\"async\" class=\"alignnone size-full\" style=\"width: 900px; height: 511px;\" src=\"http:\/\/www2.camara.leg.br\/a-camara\/estruturaadm\/Organograma_Camara.jpg\" alt=\"Organograma da C\u00e2mara dos Deputados Poder Legislativo\" \/><\/p>\n<p style=\"text-align: justify;\"><span style=\"font-size: 10px;\"><em>Fonte: <a href=\"http:\/\/www2.camara.leg.br\/a-camara\/estruturaadm\">http:\/\/www2.camara.leg.br\/a-camara\/estruturaadm<\/a><\/em><\/span><\/p>\n<p style=\"text-align: justify;\">\n<p style=\"text-align: justify;\">Observa-se na imagem que o <em>Plen\u00e1rio <\/em>\u00e9 o \u00f3rg\u00e3o de maior hierarquia da C\u00e2mara.<\/p>\n<p style=\"text-align: justify;\">De fato, ao estudar o Regimento Interno da C\u00e2mara dos Deputados, voc\u00eas observar\u00e3o que o Plen\u00e1rio n\u00e3o \u00e9 listado expressamente como um \u00f3rg\u00e3o da C\u00e2mara no T\u00edtulo II da norma. No entanto, ver\u00e3o tamb\u00e9m que em diversas situa\u00e7\u00f5es\u00a0o Plen\u00e1rio \u00e9 o \u00f3rg\u00e3o que tem a compet\u00eancia final de decis\u00e3o, seja em car\u00e1ter origin\u00e1rio ou como revisor.<\/p>\n<p style=\"text-align: justify;\">Diretamente ligados ao Plen\u00e1rio, h\u00e1 v\u00e1rios \u00f3rg\u00e3os legislativos, dentre os quais o mais importante \u00e9 a <em>Mesa Diretora<\/em>. A esta compete, de acordo com o RICD: &#8220;a dire\u00e7\u00e3o dos trabalhos legislativos e dos servi\u00e7os administrativos da C\u00e2mara&#8221;.<\/p>\n<p style=\"text-align: justify;\">Abaixo da Mesa Diretora, verifica-se a exist\u00eancia de dois \u00f3rg\u00e3os: a <em>Diretoria-Geral<\/em> e a <em>Secretaria-Geral da Mesa<\/em>. Basicamente, a primeira cuida de <u>assuntos administrativos<\/u> e a segunda de <u>assuntos legislativos<\/u>.<\/p>\n<p style=\"text-align: justify;\">Aqui a coisa come\u00e7a a ficar interessante. Vou lhe explicar porque as Casas Legislativas\u00a0s\u00e3o lugares onde h\u00e1 tantos tipos de trabalho diferentes e\u00a0onde qualquer pessoa pode encontrar um trabalho de que goste.<\/p>\n<p style=\"text-align: justify;\">Digamos que voc\u00ea n\u00e3o tenha o menor interesse por pol\u00edtica ou processo legislativo. Sob a gest\u00e3o da Diretoria-Geral (DG), voc\u00ea poderia trabalhar nos mais diversos lugares, como por exemplo:\u00a0no Cefor &#8211; atividades ligadas \u00e0 doc\u00eancia, treinamentos, capacita\u00e7\u00e3o de servidores etc.; no Demed &#8211; em atividades ligadas \u00e0 sa\u00fade; no Depes &#8211; em atividades ligadas \u00e0 pol\u00edtica de RH, qualidade de vida dos servidores, pagamento etc.; no Cenin &#8211; em atividades ligadas a TI; no Detec &#8211; em atividades ligadas a Engenharia e Arquitetura.<\/p>\n<p style=\"text-align: justify;\">Poderia ainda, atuar em n\u00facleos de Assessoria Jur\u00eddica ou em n\u00facleos de Assessoria de Gest\u00e3o espalhados pela Casa. Entre muitos outros.<\/p>\n<p style=\"text-align: justify;\">Ou seja, h\u00e1 uma diversidade muito grande de atividades e de perfis necess\u00e1rios para manter a \u00e1rea administrativa da Casa funcionando com efici\u00eancia.<\/p>\n<p style=\"text-align: justify;\"><strong>E, em todas essas \u00e1reas, h\u00e1 Analistas Legislativos\u00a0(bem como T\u00e9cnicos Legislativos) das mais diversas especialidades\u00a0atuando.<\/strong><\/p>\n<p style=\"text-align: justify;\">Do outro lado &#8211; \u00e1rea legislativa, sob a Secretaria-Geral da Mesa (SGM), <strong>o Analista ou T\u00e9cnico Legislativo <\/strong>pode atuar: na Conle ou na Conof &#8211; contribuindo com os trabalhos das Consultorias Legislativa e de Or\u00e7amentos; no Cedi &#8211; atuando em atividades ligadas \u00e0s Ci\u00eancias da Informa\u00e7\u00e3o (Arquivologia, Biblioteconomia); no Detaq &#8211; registrando de perto os trabalhos legislativos como Taqu\u00edgrafo; no Decom &#8211; conduzindo e apoiando os trabalhos das Comiss\u00f5es da C\u00e2mara; na pr\u00f3pria SGM &#8211; conduzindo e apoiando os trabalhos do Plen\u00e1rio da C\u00e2mara\u00a0etc.<\/p>\n<p style=\"text-align: justify;\">Ainda dentre os \u00f3rg\u00e3os legislativos, h\u00e1 a op\u00e7\u00e3o de se atuar nas Lideran\u00e7as Partid\u00e1rias. Nesses \u00f3rg\u00e3os, os analistas e t\u00e9cnicos assessoram diretamente os deputados em todos os assuntos discutidos na Casa (energia, educa\u00e7\u00e3o, previd\u00eancia, economia, direito penal etc) e em quest\u00f5es ligadas \u00e0 interpreta\u00e7\u00e3o e aplica\u00e7\u00e3o do Regimento Interno da C\u00e2mara dos Deputados. Eu, por exemplo, atualmente trabalho em uma Lideran\u00e7a e gosto muito do trabalho. Muitas vezes \u00e9 poss\u00edvel n\u00e3o s\u00f3 acompanhar eventos hist\u00f3ricos, mas influenciar diretamente em decis\u00f5es importantes para o nosso pa\u00eds &#8211; uma grande honra e responsabilidade!<\/p>\n<p style=\"text-align: justify;\">\n<p style=\"text-align: justify;\">Enfim, isso tudo foi para dar uma pequena ideia do poss\u00edvel universo de atua\u00e7\u00e3o que voc\u00ea encontrar\u00e1 caso decida tornar-se servidor de uma Casa Legislativa, seja ela a C\u00e2mara, o Senado, a CLDF ou uma Assembl\u00e9ia Legislativa. Eu quis mostrar, ademais, a import\u00e2ncia de ter perfis profissionais os mais diversos no corpo de servidores para o funcionamento \u00f3timo de uma Casa Legislativa.<\/p>\n<p style=\"text-align: justify;\">Para finalizarmos, mais uma boa not\u00edcia: h\u00e1, em geral, bastante mobilidade entre os \u00f3rg\u00e3os da Casa\u00a0e encontra-se servidores das mais diversas especialidades atuando nos mais variados \u00f3rg\u00e3os.<\/p>\n<p style=\"text-align: justify;\">\n<p style=\"text-align: justify;\"><u><strong>CONCURSOS<\/strong><\/u><\/p>\n<p style=\"text-align: justify;\">Espera-se que a C\u00e2mara dos Deputados e a CLDF promovam concursos para os cargos de Analista Legislativo e T\u00e9cnico Legislativo ainda neste ano de 2017.<\/p>\n<p style=\"text-align: justify;\">O Senado Federal tamb\u00e9m est\u00e1 sem concurso vigente. Espera-se que a Casa organize um novo certame, no m\u00e1ximo,\u00a0at\u00e9 o final de 2018.<\/p>\n<p style=\"text-align: justify;\">Pelas boas remunera\u00e7\u00f5es e condi\u00e7\u00f5es de trabalho, os \u00f3rg\u00e3os do Legislativo s\u00e3o considerados por muitos aqui em Bras\u00edlia os melhores para trabalhar.<\/p>\n<p style=\"text-align: justify;\">Caso queira saber <strong>tudo<\/strong> sobre esses\u00a0concursos, acesse o\u00a0<strong>Panorama Completo dos Certames<\/strong>\u00a0e nosso <strong>Guia Completo das Carreiras Legislativas<\/strong>.<\/p>\n<p style=\"text-align: justify;\">\n<p style=\"text-align: justify;\"><u><strong>CONCLUS\u00c3O<\/strong><\/u><\/p>\n<p style=\"text-align: justify;\">Bom galera, por hoje \u00e9 s\u00f3! Tentei trazer pra voc\u00eas um artigo rico em informa\u00e7\u00f5es e lhes dar uma ideia de como \u00e9 ser Analista Legislativo.<\/p>\n<p style=\"text-align: justify;\">Espero ter cumprido essa miss\u00e3o! :D<\/p>\n<p style=\"text-align: justify;\">Caso tenham gostado do artigo, pe\u00e7o que deixem seus coment\u00e1rios ou d\u00favidas abaixo.<\/p>\n<p style=\"text-align: justify;\">Sabemos bem como o <em>Caminho do Concurseiro<\/em> \u00e9 desafiador e cheio de altos e baixos. Por isso, al\u00e9m dos materiais em PDF e videoaulas, o Estrat\u00e9gia Concursos tem oferecido\u00a0o <em><strong>Programa de Coaching<\/strong><\/em>, sobre o qual voc\u00ea pode saber mais clicando\u00a0<strong><a href=\"https:\/\/www.estrategiaconcursos.com.br\/cursosPorConcurso\/coaching-382\/\">aqui<\/a>.\u00a0<\/strong><\/p>\n<p style=\"text-align: justify;\">\n<p style=\"margin-left: 80px; text-align: justify;\">\u201cN\u00e3o se deve ir atr\u00e1s de objetivos f\u00e1ceis. \u00c9 preciso buscar o que s\u00f3 pode ser alcan\u00e7ado por meio dos maiores esfor\u00e7os.\u201d \u2013 Albert Einstein<\/p>\n<p style=\"margin-left: 80px; text-align: justify;\">\n<p style=\"text-align: justify;\">Fausto Barros de S\u00e1 Teles.\u00a0Analista Legislativo da C\u00e2mara dos Deputados e\u00a0<strong><a href=\"https:\/\/www.estrategiaconcursos.com.br\/professor\/fausto-barros-de-sa-teles-3559\/\">Coach do Estrat\u00e9gia Concursos<\/a>\u00a0.<\/strong><\/p>\n<p style=\"text-align: justify;\">\n","protected":false},"excerpt":{"rendered":"<p>Analista Legislativo &#8211; conhe\u00e7a minha carreira no Poder Legislativo Ol\u00e1, meus Valentes Concurseiros e Concurseiras! Me chamo Fausto, sou coach aqui no Estrat\u00e9gia Concursos e hoje resolvi falar um pouco sobre a minha carreira: Analista Legislativo. Como atuo na C\u00e2mara dos Deputados desde 2014, em alguns momentos o foco do artigo estar\u00e1 voltado para a [&hellip;]<\/p>\n","protected":false},"author":398,"featured_media":0,"comment_status":"open","ping_status":"open","sticky":false,"template":"","format":"standard","meta":{"post_tipo":"article","footnotes":""},"categories":[1],"tags":[306,1909,519,1629,317],"tax_estado":[],"class_list":["post-60763","post","type-post","status-publish","format-standard","hentry","category-cursos-e-concursos","tag-analista","tag-assembleia-legislativa","tag-camara-dos-deputados","tag-senado-federal","tag-tecnico"],"acf":[],"yoast_head":"<!-- This site is optimized with the Yoast SEO Premium plugin v27.2 (Yoast SEO v27.2) - https:\/\/yoast.com\/product\/yoast-seo-premium-wordpress\/ -->\n<title>Analista Legislativo - conhe\u00e7a minha carreira no Poder Legislativo<\/title>\n<meta name=\"description\" content=\"O que faz um Analista Legislativo? Saiba nesse post tudo sobre a minha carreira de Analista Legislativo da C\u00e2mara dos Deputados!\" \/>\n<meta name=\"robots\" content=\"index, follow, max-snippet:-1, max-image-preview:large, max-video-preview:-1\" \/>\n<link rel=\"canonical\" href=\"https:\/\/www.estrategiaconcursos.com.br\/blog\/analista-legislativo\/\" \/>\n<meta property=\"og:locale\" content=\"pt_BR\" \/>\n<meta property=\"og:type\" content=\"article\" \/>\n<meta property=\"og:title\" content=\"Analista Legislativo - conhe\u00e7a minha carreira no Poder Legislativo\" \/>\n<meta property=\"og:description\" content=\"O que faz um Analista Legislativo? Saiba nesse post tudo sobre a minha carreira de Analista Legislativo da C\u00e2mara dos Deputados!\" \/>\n<meta property=\"og:url\" content=\"https:\/\/www.estrategiaconcursos.com.br\/blog\/analista-legislativo\/\" \/>\n<meta property=\"og:site_name\" content=\"Estrat\u00e9gia Concursos\" \/>\n<meta property=\"article:published_time\" content=\"2017-02-25T09:08:56+00:00\" \/>\n<meta property=\"article:modified_time\" content=\"2023-04-11T14:37:42+00:00\" \/>\n<meta property=\"og:image\" content=\"https:\/\/www.estrategiaconcursos.com.br\/blog\/wp-content\/uploads\/2017\/01\/Camara.jpg\" \/>\n<meta name=\"author\" content=\"Fausto Barros de S\u00e1 Teles\" \/>\n<meta name=\"twitter:card\" content=\"summary_large_image\" \/>\n<meta name=\"twitter:creator\" content=\"@EstratConcursos\" \/>\n<meta name=\"twitter:site\" content=\"@EstratConcursos\" \/>\n<meta name=\"twitter:label1\" content=\"Escrito por\" \/>\n\t<meta name=\"twitter:data1\" content=\"Fausto Barros de S\u00e1 Teles\" \/>\n\t<meta name=\"twitter:label2\" content=\"Est. tempo de leitura\" \/>\n\t<meta name=\"twitter:data2\" content=\"11 minutos\" \/>\n<script type=\"application\/ld+json\" class=\"yoast-schema-graph\">{\"@context\":\"https:\/\/schema.org\",\"@graph\":[{\"@type\":\"NewsArticle\",\"@id\":\"https:\/\/www.estrategiaconcursos.com.br\/blog\/analista-legislativo\/#article\",\"isPartOf\":{\"@id\":\"https:\/\/www.estrategiaconcursos.com.br\/blog\/analista-legislativo\/\"},\"author\":{\"name\":\"Fausto Barros de S\u00e1 Teles\",\"@id\":\"https:\/\/www.estrategiaconcursos.com.br\/blog\/#\/schema\/person\/b8d987573f0f3da8dac2ff17f75208d4\"},\"headline\":\"Analista Legislativo &#8211; conhe\u00e7a minha carreira no Poder Legislativo\",\"datePublished\":\"2017-02-25T09:08:56+00:00\",\"dateModified\":\"2023-04-11T14:37:42+00:00\",\"mainEntityOfPage\":{\"@id\":\"https:\/\/www.estrategiaconcursos.com.br\/blog\/analista-legislativo\/\"},\"wordCount\":2185,\"commentCount\":4,\"publisher\":{\"@id\":\"https:\/\/www.estrategiaconcursos.com.br\/blog\/#organization\"},\"image\":{\"@id\":\"https:\/\/www.estrategiaconcursos.com.br\/blog\/analista-legislativo\/#primaryimage\"},\"thumbnailUrl\":\"https:\/\/www.estrategiaconcursos.com.br\/blog\/wp-content\/uploads\/2017\/01\/Camara.jpg\",\"keywords\":[\"Analista\",\"assembleia legislativa\",\"C\u00e2mara dos Deputados\",\"senado federal\",\"T\u00e9cnico\"],\"articleSection\":[\"Concursos P\u00fablicos\"],\"inLanguage\":\"pt-BR\",\"potentialAction\":[{\"@type\":\"CommentAction\",\"name\":\"Comment\",\"target\":[\"https:\/\/www.estrategiaconcursos.com.br\/blog\/analista-legislativo\/#respond\"]}],\"copyrightYear\":\"2017\",\"copyrightHolder\":{\"@id\":\"https:\/\/www.estrategiaconcursos.com.br\/blog\/#organization\"}},{\"@type\":\"WebPage\",\"@id\":\"https:\/\/www.estrategiaconcursos.com.br\/blog\/analista-legislativo\/\",\"url\":\"https:\/\/www.estrategiaconcursos.com.br\/blog\/analista-legislativo\/\",\"name\":\"Analista Legislativo - conhe\u00e7a minha carreira no Poder Legislativo\",\"isPartOf\":{\"@id\":\"https:\/\/www.estrategiaconcursos.com.br\/blog\/#website\"},\"primaryImageOfPage\":{\"@id\":\"https:\/\/www.estrategiaconcursos.com.br\/blog\/analista-legislativo\/#primaryimage\"},\"image\":{\"@id\":\"https:\/\/www.estrategiaconcursos.com.br\/blog\/analista-legislativo\/#primaryimage\"},\"thumbnailUrl\":\"https:\/\/www.estrategiaconcursos.com.br\/blog\/wp-content\/uploads\/2017\/01\/Camara.jpg\",\"datePublished\":\"2017-02-25T09:08:56+00:00\",\"dateModified\":\"2023-04-11T14:37:42+00:00\",\"description\":\"O que faz um Analista Legislativo? Saiba nesse post tudo sobre a minha carreira de Analista Legislativo da C\u00e2mara dos Deputados!\",\"breadcrumb\":{\"@id\":\"https:\/\/www.estrategiaconcursos.com.br\/blog\/analista-legislativo\/#breadcrumb\"},\"inLanguage\":\"pt-BR\",\"potentialAction\":[{\"@type\":\"ReadAction\",\"target\":[\"https:\/\/www.estrategiaconcursos.com.br\/blog\/analista-legislativo\/\"]}]},{\"@type\":\"ImageObject\",\"inLanguage\":\"pt-BR\",\"@id\":\"https:\/\/www.estrategiaconcursos.com.br\/blog\/analista-legislativo\/#primaryimage\",\"url\":\"https:\/\/dhg1h5j42swfq.cloudfront.net\/2017\/01\/11145659\/Camara.jpg\",\"contentUrl\":\"https:\/\/dhg1h5j42swfq.cloudfront.net\/2017\/01\/11145659\/Camara.jpg\",\"width\":634,\"height\":228},{\"@type\":\"BreadcrumbList\",\"@id\":\"https:\/\/www.estrategiaconcursos.com.br\/blog\/analista-legislativo\/#breadcrumb\",\"itemListElement\":[{\"@type\":\"ListItem\",\"position\":1,\"name\":\"In\u00edcio\",\"item\":\"https:\/\/www.estrategiaconcursos.com.br\/blog\/\"},{\"@type\":\"ListItem\",\"position\":2,\"name\":\"Analista Legislativo &#8211; conhe\u00e7a minha carreira no Poder Legislativo\"}]},{\"@type\":\"WebSite\",\"@id\":\"https:\/\/www.estrategiaconcursos.com.br\/blog\/#website\",\"url\":\"https:\/\/www.estrategiaconcursos.com.br\/blog\/\",\"name\":\"Estrat\u00e9gia Concursos\",\"description\":\"O blog da Estrat\u00e9gia Concursos traz not\u00edcias sobre concursos e artigos de professores oferecendo cursos para concursos (pdf + videaulas) no site.\",\"publisher\":{\"@id\":\"https:\/\/www.estrategiaconcursos.com.br\/blog\/#organization\"},\"potentialAction\":[{\"@type\":\"SearchAction\",\"target\":{\"@type\":\"EntryPoint\",\"urlTemplate\":\"https:\/\/www.estrategiaconcursos.com.br\/blog\/?s={search_term_string}\"},\"query-input\":{\"@type\":\"PropertyValueSpecification\",\"valueRequired\":true,\"valueName\":\"search_term_string\"}}],\"inLanguage\":\"pt-BR\"},{\"@type\":\"Organization\",\"@id\":\"https:\/\/www.estrategiaconcursos.com.br\/blog\/#organization\",\"name\":\"Estrat\u00e9gia Concursos\",\"url\":\"https:\/\/www.estrategiaconcursos.com.br\/blog\/\",\"logo\":{\"@type\":\"ImageObject\",\"inLanguage\":\"pt-BR\",\"@id\":\"https:\/\/www.estrategiaconcursos.com.br\/blog\/#\/schema\/logo\/image\/\",\"url\":\"https:\/\/dhg1h5j42swfq.cloudfront.net\/2025\/06\/03203428\/logo_concursos-1.jpg\",\"contentUrl\":\"https:\/\/dhg1h5j42swfq.cloudfront.net\/2025\/06\/03203428\/logo_concursos-1.jpg\",\"width\":230,\"height\":60,\"caption\":\"Estrat\u00e9gia Concursos\"},\"image\":{\"@id\":\"https:\/\/www.estrategiaconcursos.com.br\/blog\/#\/schema\/logo\/image\/\"},\"sameAs\":[\"https:\/\/x.com\/EstratConcursos\"]},{\"@type\":\"Person\",\"@id\":\"https:\/\/www.estrategiaconcursos.com.br\/blog\/#\/schema\/person\/b8d987573f0f3da8dac2ff17f75208d4\",\"name\":\"Fausto Barros de S\u00e1 Teles\",\"image\":{\"@type\":\"ImageObject\",\"inLanguage\":\"pt-BR\",\"@id\":\"https:\/\/secure.gravatar.com\/avatar\/7d0f85bdd629219b6582ce8a7eaa261df0dafa5ef297199cf88fe9352b1dc33c?s=96&d=mm&r=g\",\"url\":\"https:\/\/secure.gravatar.com\/avatar\/7d0f85bdd629219b6582ce8a7eaa261df0dafa5ef297199cf88fe9352b1dc33c?s=96&d=mm&r=g\",\"contentUrl\":\"https:\/\/secure.gravatar.com\/avatar\/7d0f85bdd629219b6582ce8a7eaa261df0dafa5ef297199cf88fe9352b1dc33c?s=96&d=mm&r=g\",\"caption\":\"Fausto Barros de S\u00e1 Teles\"},\"url\":\"https:\/\/www.estrategiaconcursos.com.br\/blog\/author\/faustosaestrategiaconcursos-com-br\/\"}]}<\/script>\n<!-- \/ Yoast SEO Premium plugin. -->","yoast_head_json":{"title":"Analista Legislativo - conhe\u00e7a minha carreira no Poder Legislativo","description":"O que faz um Analista Legislativo? Saiba nesse post tudo sobre a minha carreira de Analista Legislativo da C\u00e2mara dos Deputados!","robots":{"index":"index","follow":"follow","max-snippet":"max-snippet:-1","max-image-preview":"max-image-preview:large","max-video-preview":"max-video-preview:-1"},"canonical":"https:\/\/www.estrategiaconcursos.com.br\/blog\/analista-legislativo\/","og_locale":"pt_BR","og_type":"article","og_title":"Analista Legislativo - conhe\u00e7a minha carreira no Poder Legislativo","og_description":"O que faz um Analista Legislativo? Saiba nesse post tudo sobre a minha carreira de Analista Legislativo da C\u00e2mara dos Deputados!","og_url":"https:\/\/www.estrategiaconcursos.com.br\/blog\/analista-legislativo\/","og_site_name":"Estrat\u00e9gia Concursos","article_published_time":"2017-02-25T09:08:56+00:00","article_modified_time":"2023-04-11T14:37:42+00:00","og_image":[{"url":"https:\/\/www.estrategiaconcursos.com.br\/blog\/wp-content\/uploads\/2017\/01\/Camara.jpg","type":"","width":"","height":""}],"author":"Fausto Barros de S\u00e1 Teles","twitter_card":"summary_large_image","twitter_creator":"@EstratConcursos","twitter_site":"@EstratConcursos","twitter_misc":{"Escrito por":"Fausto Barros de S\u00e1 Teles","Est. tempo de leitura":"11 minutos"},"schema":{"@context":"https:\/\/schema.org","@graph":[{"@type":"NewsArticle","@id":"https:\/\/www.estrategiaconcursos.com.br\/blog\/analista-legislativo\/#article","isPartOf":{"@id":"https:\/\/www.estrategiaconcursos.com.br\/blog\/analista-legislativo\/"},"author":{"name":"Fausto Barros de S\u00e1 Teles","@id":"https:\/\/www.estrategiaconcursos.com.br\/blog\/#\/schema\/person\/b8d987573f0f3da8dac2ff17f75208d4"},"headline":"Analista Legislativo &#8211; conhe\u00e7a minha carreira no Poder Legislativo","datePublished":"2017-02-25T09:08:56+00:00","dateModified":"2023-04-11T14:37:42+00:00","mainEntityOfPage":{"@id":"https:\/\/www.estrategiaconcursos.com.br\/blog\/analista-legislativo\/"},"wordCount":2185,"commentCount":4,"publisher":{"@id":"https:\/\/www.estrategiaconcursos.com.br\/blog\/#organization"},"image":{"@id":"https:\/\/www.estrategiaconcursos.com.br\/blog\/analista-legislativo\/#primaryimage"},"thumbnailUrl":"https:\/\/www.estrategiaconcursos.com.br\/blog\/wp-content\/uploads\/2017\/01\/Camara.jpg","keywords":["Analista","assembleia legislativa","C\u00e2mara dos Deputados","senado federal","T\u00e9cnico"],"articleSection":["Concursos P\u00fablicos"],"inLanguage":"pt-BR","potentialAction":[{"@type":"CommentAction","name":"Comment","target":["https:\/\/www.estrategiaconcursos.com.br\/blog\/analista-legislativo\/#respond"]}],"copyrightYear":"2017","copyrightHolder":{"@id":"https:\/\/www.estrategiaconcursos.com.br\/blog\/#organization"}},{"@type":"WebPage","@id":"https:\/\/www.estrategiaconcursos.com.br\/blog\/analista-legislativo\/","url":"https:\/\/www.estrategiaconcursos.com.br\/blog\/analista-legislativo\/","name":"Analista Legislativo - conhe\u00e7a minha carreira no Poder Legislativo","isPartOf":{"@id":"https:\/\/www.estrategiaconcursos.com.br\/blog\/#website"},"primaryImageOfPage":{"@id":"https:\/\/www.estrategiaconcursos.com.br\/blog\/analista-legislativo\/#primaryimage"},"image":{"@id":"https:\/\/www.estrategiaconcursos.com.br\/blog\/analista-legislativo\/#primaryimage"},"thumbnailUrl":"https:\/\/www.estrategiaconcursos.com.br\/blog\/wp-content\/uploads\/2017\/01\/Camara.jpg","datePublished":"2017-02-25T09:08:56+00:00","dateModified":"2023-04-11T14:37:42+00:00","description":"O que faz um Analista Legislativo? Saiba nesse post tudo sobre a minha carreira de Analista Legislativo da C\u00e2mara dos Deputados!","breadcrumb":{"@id":"https:\/\/www.estrategiaconcursos.com.br\/blog\/analista-legislativo\/#breadcrumb"},"inLanguage":"pt-BR","potentialAction":[{"@type":"ReadAction","target":["https:\/\/www.estrategiaconcursos.com.br\/blog\/analista-legislativo\/"]}]},{"@type":"ImageObject","inLanguage":"pt-BR","@id":"https:\/\/www.estrategiaconcursos.com.br\/blog\/analista-legislativo\/#primaryimage","url":"https:\/\/dhg1h5j42swfq.cloudfront.net\/2017\/01\/11145659\/Camara.jpg","contentUrl":"https:\/\/dhg1h5j42swfq.cloudfront.net\/2017\/01\/11145659\/Camara.jpg","width":634,"height":228},{"@type":"BreadcrumbList","@id":"https:\/\/www.estrategiaconcursos.com.br\/blog\/analista-legislativo\/#breadcrumb","itemListElement":[{"@type":"ListItem","position":1,"name":"In\u00edcio","item":"https:\/\/www.estrategiaconcursos.com.br\/blog\/"},{"@type":"ListItem","position":2,"name":"Analista Legislativo &#8211; conhe\u00e7a minha carreira no Poder Legislativo"}]},{"@type":"WebSite","@id":"https:\/\/www.estrategiaconcursos.com.br\/blog\/#website","url":"https:\/\/www.estrategiaconcursos.com.br\/blog\/","name":"Estrat\u00e9gia Concursos","description":"O blog da Estrat\u00e9gia Concursos traz not\u00edcias sobre concursos e artigos de professores oferecendo cursos para concursos (pdf + videaulas) no site.","publisher":{"@id":"https:\/\/www.estrategiaconcursos.com.br\/blog\/#organization"},"potentialAction":[{"@type":"SearchAction","target":{"@type":"EntryPoint","urlTemplate":"https:\/\/www.estrategiaconcursos.com.br\/blog\/?s={search_term_string}"},"query-input":{"@type":"PropertyValueSpecification","valueRequired":true,"valueName":"search_term_string"}}],"inLanguage":"pt-BR"},{"@type":"Organization","@id":"https:\/\/www.estrategiaconcursos.com.br\/blog\/#organization","name":"Estrat\u00e9gia Concursos","url":"https:\/\/www.estrategiaconcursos.com.br\/blog\/","logo":{"@type":"ImageObject","inLanguage":"pt-BR","@id":"https:\/\/www.estrategiaconcursos.com.br\/blog\/#\/schema\/logo\/image\/","url":"https:\/\/dhg1h5j42swfq.cloudfront.net\/2025\/06\/03203428\/logo_concursos-1.jpg","contentUrl":"https:\/\/dhg1h5j42swfq.cloudfront.net\/2025\/06\/03203428\/logo_concursos-1.jpg","width":230,"height":60,"caption":"Estrat\u00e9gia Concursos"},"image":{"@id":"https:\/\/www.estrategiaconcursos.com.br\/blog\/#\/schema\/logo\/image\/"},"sameAs":["https:\/\/x.com\/EstratConcursos"]},{"@type":"Person","@id":"https:\/\/www.estrategiaconcursos.com.br\/blog\/#\/schema\/person\/b8d987573f0f3da8dac2ff17f75208d4","name":"Fausto Barros de S\u00e1 Teles","image":{"@type":"ImageObject","inLanguage":"pt-BR","@id":"https:\/\/secure.gravatar.com\/avatar\/7d0f85bdd629219b6582ce8a7eaa261df0dafa5ef297199cf88fe9352b1dc33c?s=96&d=mm&r=g","url":"https:\/\/secure.gravatar.com\/avatar\/7d0f85bdd629219b6582ce8a7eaa261df0dafa5ef297199cf88fe9352b1dc33c?s=96&d=mm&r=g","contentUrl":"https:\/\/secure.gravatar.com\/avatar\/7d0f85bdd629219b6582ce8a7eaa261df0dafa5ef297199cf88fe9352b1dc33c?s=96&d=mm&r=g","caption":"Fausto Barros de S\u00e1 Teles"},"url":"https:\/\/www.estrategiaconcursos.com.br\/blog\/author\/faustosaestrategiaconcursos-com-br\/"}]}},"_links":{"self":[{"href":"https:\/\/www.estrategiaconcursos.com.br\/blog\/wp-json\/wp\/v2\/posts\/60763","targetHints":{"allow":["GET"]}}],"collection":[{"href":"https:\/\/www.estrategiaconcursos.com.br\/blog\/wp-json\/wp\/v2\/posts"}],"about":[{"href":"https:\/\/www.estrategiaconcursos.com.br\/blog\/wp-json\/wp\/v2\/types\/post"}],"author":[{"embeddable":true,"href":"https:\/\/www.estrategiaconcursos.com.br\/blog\/wp-json\/wp\/v2\/users\/398"}],"replies":[{"embeddable":true,"href":"https:\/\/www.estrategiaconcursos.com.br\/blog\/wp-json\/wp\/v2\/comments?post=60763"}],"version-history":[{"count":18,"href":"https:\/\/www.estrategiaconcursos.com.br\/blog\/wp-json\/wp\/v2\/posts\/60763\/revisions"}],"predecessor-version":[{"id":1199930,"href":"https:\/\/www.estrategiaconcursos.com.br\/blog\/wp-json\/wp\/v2\/posts\/60763\/revisions\/1199930"}],"wp:attachment":[{"href":"https:\/\/www.estrategiaconcursos.com.br\/blog\/wp-json\/wp\/v2\/media?parent=60763"}],"wp:term":[{"taxonomy":"category","embeddable":true,"href":"https:\/\/www.estrategiaconcursos.com.br\/blog\/wp-json\/wp\/v2\/categories?post=60763"},{"taxonomy":"post_tag","embeddable":true,"href":"https:\/\/www.estrategiaconcursos.com.br\/blog\/wp-json\/wp\/v2\/tags?post=60763"},{"taxonomy":"tax_estado","embeddable":true,"href":"https:\/\/www.estrategiaconcursos.com.br\/blog\/wp-json\/wp\/v2\/tax_estado?post=60763"}],"curies":[{"name":"wp","href":"https:\/\/api.w.org\/{rel}","templated":true}]}}