{"id":607594,"date":"2020-11-09T14:38:09","date_gmt":"2020-11-09T17:38:09","guid":{"rendered":"https:\/\/www.estrategiaconcursos.com.br\/blog\/?p=607594"},"modified":"2023-06-28T10:14:58","modified_gmt":"2023-06-28T13:14:58","slug":"lei-taf-gestantes","status":"publish","type":"post","link":"https:\/\/www.estrategiaconcursos.com.br\/blog\/lei-taf-gestantes\/","title":{"rendered":"Lei fixa normas para a realiza\u00e7\u00e3o do TAF para gestantes no Par\u00e1"},"content":{"rendered":"\n<p>Foi sancionada pelo governador do Par\u00e1, Helder Barbalho, a Lei N\u00b0 9.143 que estabelece normas para a realiza\u00e7\u00e3o do Teste de Aptid\u00e3o F\u00edsica (TAF) para candidatas gestantes.<\/p>\n\n\n\n<p>A Lei servir\u00e1 de base para o regramento da etapa nos concursos que exigem este tipo de teste, como PC PA, da Pol\u00edcia Civil do Par\u00e1, e PM PA, da Pol\u00edcia Militar. Confira abaixo os artigos do texto aprovado: <\/p>\n\n\n\n<p><strong>Art. 1\u00ba<\/strong> A realiza\u00e7\u00e3o de testes de aptid\u00e3o f\u00edsica em concursos p\u00fablicos da Administra\u00e7\u00e3o P\u00fablica Direta e Indireta, condicionada \u00e0 exist\u00eancia de previs\u00e3o legal, exige a indica\u00e7\u00e3o no edital do tipo de avalia\u00e7\u00e3o, das t\u00e9cnicas admitidas e dos \u00edndices m\u00ednimos, em aten\u00e7\u00e3o ao desempenho m\u00e9dio da pessoa em condi\u00e7\u00e3o f\u00edsica ideal, especifi cados para candidatos do sexo masculino e feminino, necess\u00e1rios para a aprova\u00e7\u00e3o.<\/p>\n\n\n\n<p><strong>\u00a7 1\u00ba<\/strong> Os crit\u00e9rios previstos no edital de concurso p\u00fablico, mencionados no caput deste artigo, devem ser objetivos, recorr\u00edveis e guardar pertin\u00eancia l\u00f3gica com as atribui\u00e7\u00f5es do cargo p\u00fablico em disputa.<br \/><strong>\u00a7 2\u00ba<\/strong> As condi\u00e7\u00f5es de sa\u00fade para participa\u00e7\u00e3o em testes de aptid\u00e3o f\u00edsica s\u00e3o de exclusiva responsabilidade do candidato, que deve estar apto a realiz\u00e1-lo no dia, na hora e no local previamente definidos no edital.<br \/><strong>\u00a7 3\u00ba<\/strong> A gravidez, por si s\u00f3, n\u00e3o \u00e9 fator inabilitante para os testes de aptid\u00e3o f\u00edsica.<br \/><strong>\u00a7 4\u00ba<\/strong> N\u00e3o ser\u00e1 admitida a realiza\u00e7\u00e3o de testes de aptid\u00e3o f\u00edsica em datas distintas para os candidatos que, temporariamente ou n\u00e3o, encontrarem-se fisicamente impossibilitados de a eles se submeterem.<br \/><strong>\u00a7 5\u00ba<\/strong> O disposto no \u00a7 4\u00ba deste artigo n\u00e3o se aplica \u00e0s candidatas que estejam em qualquer per\u00edodo gestacional, independentemente de previs\u00e3o edital\u00edcia.<br \/><strong>\u00a7 6\u00b0<\/strong> A candidata que desejar a remarca\u00e7\u00e3o dos testes de aptid\u00e3o f\u00edsica dever\u00e1 requer\u00ea-la, comprovando documentalmente o estado de gravidez, mediante a apresenta\u00e7\u00e3o de declara\u00e7\u00e3o de profissional m\u00e9dico ou cl\u00ednica competente, acompanhada de exame laboratorial.<br \/><strong>\u00a7 7\u00ba<\/strong> A realiza\u00e7\u00e3o dos testes de aptid\u00e3o f\u00edsica dar-se-\u00e1 ap\u00f3s no m\u00ednimo 30 (trinta) e no m\u00e1ximo 90 (noventa) dias do t\u00e9rmino da gravidez, cabendo \u00e0 candidata comunicar formalmente ao \u00f3rg\u00e3o p\u00fablico estadual ou \u00e0 entidade p\u00fablica estadual respons\u00e1vel pelo concurso p\u00fablico o t\u00e9rmino da incapacidade tempor\u00e1ria.<br \/><strong>\u00a7 8\u00ba<\/strong> A comprova\u00e7\u00e3o de falsidade em qualquer dos documentos referidos no \u00a7 6\u00ba deste artigo, verificada com observ\u00e2ncia ao contradit\u00f3rio e \u00e0 ampla defesa, sujeita a candidata, sem preju\u00edzo das san\u00e7\u00f5es c\u00edveis e criminais cab\u00edveis: <strong>I<\/strong> &#8211; \u00e0 exclus\u00e3o sum\u00e1ria do concurso p\u00fablico; <strong>II<\/strong> &#8211; ao ressarcimento ao \u00f3rg\u00e3o p\u00fablico estadual ou \u00e0 entidade p\u00fablica estadual realizadora do concurso p\u00fablico de todas as despesas havidas com a realiza\u00e7\u00e3o dos testes de aptid\u00e3o f\u00edsica remarcados; e <strong>III<\/strong> &#8211; se j\u00e1 nomeada, empossada ou em exerc\u00edcio, \u00e0 anula\u00e7\u00e3o do ato administrativo, com a devolu\u00e7\u00e3o de todos os valores recebidos. <\/p>\n\n\n\n<p><strong>Art. 2\u00ba<\/strong> A nomea\u00e7\u00e3o, a posse e o exerc\u00edcio das fun\u00e7\u00f5es do cargo p\u00fablico da candidata s\u00e3o condicionados \u00e0 realiza\u00e7\u00e3o dos testes de aptid\u00e3o f\u00edsica e \u00e0 subsequente aprova\u00e7\u00e3o no concurso p\u00fablico.<\/p>\n\n\n\n<p><strong>Art. 3\u00b0<\/strong> Os prazos referidos no \u00a7 7\u00ba do art. 1\u00b0 desta Lei n\u00e3o se aplicam aos concursos p\u00fablicos nos quais, por lei espec\u00edfica, j\u00e1 se concedam \u00e0 candidata gestante prazos iguais ou maiores para a realiza\u00e7\u00e3o dos testes de aptid\u00e3o f\u00edsica.<\/p>\n\n\n\n<p><strong>Art. 4\u00b0<\/strong> O disposto nesta Lei n\u00e3o se aplica a provas objetivas, discursivas e orais, bem como a exames psicot\u00e9cnicos.<\/p>\n\n\n\n<p><strong>Art. 5\u00b0<\/strong> Esta Lei entra em vigor na data de sua publica\u00e7\u00e3o (06 de novembro de 2020.<\/p>\n\n\n\n<p><strong>Baixe o texto da Lei que fixa normas para a realiza\u00e7\u00e3o do TAF para gestantes no link abaixo:<\/strong><\/p>\n\n\n\n<p class=\"has-text-align-center has-pale-cyan-blue-background-color has-background\" style=\"font-size:clamp(15.747px, 0.984rem + ((1vw - 3.2px) * 0.809), 24px);px\"><strong><a rel=\"noreferrer noopener\" href=\"https:\/\/dhg1h5j42swfq.cloudfront.net\/2020\/11\/09143100\/Lei-TAF-Para.pdf\" target=\"_blank\">Lei N\u00b0 9.143 &#8211; TAF para gestantes<\/a> <\/strong><\/p>\n\n\n\n<div class=\"container\" id=\"boxes\">\n  <div class=\"row\">\n\n    <div class=\"col-sm\">\n      <div class=\"estrategia\" id=\"box-assinatura\">\n        <h3 class=\"titulo-assinatura\">Assinatura Ilimitada<\/h3>\n        <p class=\"subtitulo-assinatura\">Assinatura Anual Ilimitada*<\/p>\n        <div class=\"box-botao\">\n          <a class=\"btn-assinatura\" target=\"_blank\" href=\"https:\/\/www.estrategiaconcursos.com.br\/assinaturas\/\" role=\"button\" rel=\"noopener noreferrer\">ASSINE AGORA<\/a>\n        <\/div>\n      <\/div>\n      <p class=\"texto-auxiliar\">Prepare-se com o melhor material e com quem mais aprova em Concursos P\u00fablicos em todo o pa\u00eds. Assine agora a nossa Assinatura Anual e tenha acesso ilimitado* a todos os nossos cursos.<\/p>\n    <\/div>\n\n    <div class=\"col-sm\">\n      <div class=\"questoes\" id=\"box-assinatura\">\n        <h3 class=\"titulo-assinatura\">Sistema de Quest\u00f5es<\/h3>\n        <p class=\"subtitulo-assinatura\">Assinatura Ilimitada*\n<\/p>\n        <div class=\"box-botao\">\n          <a class=\"btn-assinatura\" target=\"_blank\" href=\"https:\/\/questoes.estrategiaconcursos.com.br\/\" role=\"button\" rel=\"noopener noreferrer\">ASSINE AGORA<\/a>\n        <\/div>\n      <\/div>\n      <p class=\"texto-auxiliar\">Estrat\u00e9gia Quest\u00f5es nasceu maior do que todos os concorrentes, com mais quest\u00f5es cadastradas e mais solu\u00e7\u00f5es por professores. Clique no link e aproveite os descontos e b\u00f4nus imperd\u00edveis!<\/p>\n    <\/div>\n  <\/div>\n<\/div>\n\n\n\n<p><\/p>\n\n\n\n<p>  <\/p>\n","protected":false},"excerpt":{"rendered":"<p>Foi sancionada pelo governador do Par\u00e1, Helder Barbalho, a Lei N\u00b0 9.143 que estabelece normas para a realiza\u00e7\u00e3o do Teste de Aptid\u00e3o F\u00edsica (TAF) para candidatas gestantes. A Lei servir\u00e1 de base para o regramento da etapa nos concursos que exigem este tipo de teste, como PC PA, da Pol\u00edcia Civil do Par\u00e1, e PM [&hellip;]<\/p>\n","protected":false},"author":657,"featured_media":572442,"comment_status":"open","ping_status":"closed","sticky":false,"template":"","format":"standard","meta":{"post_tipo":"article","footnotes":""},"categories":[1],"tags":[],"tax_estado":[],"class_list":["post-607594","post","type-post","status-publish","format-standard","has-post-thumbnail","hentry","category-cursos-e-concursos"],"acf":[],"yoast_head":"<!-- This site is optimized with the Yoast SEO Premium plugin v27.2 (Yoast SEO v27.2) - https:\/\/yoast.com\/product\/yoast-seo-premium-wordpress\/ -->\n<title>Lei fixa normas para a realiza\u00e7\u00e3o do TAF para gestantes no Par\u00e1<\/title>\n<meta name=\"description\" content=\"Foi sancionada a Lei N\u00b0 9.143 que estabelece normas para a realiza\u00e7\u00e3o do TAF para candidatas gestantes no Par\u00e1. Saiba mais!\" \/>\n<meta name=\"robots\" content=\"index, follow, max-snippet:-1, max-image-preview:large, max-video-preview:-1\" \/>\n<link rel=\"canonical\" href=\"https:\/\/www.estrategiaconcursos.com.br\/blog\/lei-taf-gestantes\/\" \/>\n<meta property=\"og:locale\" content=\"pt_BR\" \/>\n<meta property=\"og:type\" content=\"article\" \/>\n<meta property=\"og:title\" content=\"Lei fixa normas para a realiza\u00e7\u00e3o do TAF para gestantes no Par\u00e1\" \/>\n<meta property=\"og:description\" content=\"Foi sancionada a Lei N\u00b0 9.143 que estabelece normas para a realiza\u00e7\u00e3o do TAF para candidatas gestantes no Par\u00e1. Saiba mais!\" \/>\n<meta property=\"og:url\" content=\"https:\/\/www.estrategiaconcursos.com.br\/blog\/lei-taf-gestantes\/\" \/>\n<meta property=\"og:site_name\" content=\"Estrat\u00e9gia Concursos\" \/>\n<meta property=\"article:published_time\" content=\"2020-11-09T17:38:09+00:00\" \/>\n<meta property=\"article:modified_time\" content=\"2023-06-28T13:14:58+00:00\" \/>\n<meta property=\"og:image\" content=\"https:\/\/dhg1h5j42swfq.cloudfront.net\/2020\/09\/15154244\/estrategia-concursos.png\" \/>\n\t<meta property=\"og:image:width\" content=\"400\" \/>\n\t<meta property=\"og:image:height\" content=\"208\" \/>\n\t<meta property=\"og:image:type\" content=\"image\/png\" \/>\n<meta name=\"author\" content=\"Nat\u00e1lia Scarano\" \/>\n<meta name=\"twitter:card\" content=\"summary_large_image\" \/>\n<meta name=\"twitter:creator\" content=\"@EstratConcursos\" \/>\n<meta name=\"twitter:site\" content=\"@EstratConcursos\" \/>\n<meta name=\"twitter:label1\" content=\"Escrito por\" \/>\n\t<meta name=\"twitter:data1\" content=\"Nat\u00e1lia Scarano\" \/>\n\t<meta name=\"twitter:label2\" content=\"Est. tempo de leitura\" \/>\n\t<meta name=\"twitter:data2\" content=\"4 minutos\" \/>\n<script type=\"application\/ld+json\" class=\"yoast-schema-graph\">{\"@context\":\"https:\/\/schema.org\",\"@graph\":[{\"@type\":\"NewsArticle\",\"@id\":\"https:\/\/www.estrategiaconcursos.com.br\/blog\/lei-taf-gestantes\/#article\",\"isPartOf\":{\"@id\":\"https:\/\/www.estrategiaconcursos.com.br\/blog\/lei-taf-gestantes\/\"},\"author\":{\"name\":\"Nat\u00e1lia Scarano\",\"@id\":\"https:\/\/www.estrategiaconcursos.com.br\/blog\/#\/schema\/person\/751aedf909a9d10cb23ce6ac527ce0f2\"},\"headline\":\"Lei fixa normas para a realiza\u00e7\u00e3o do TAF para gestantes no Par\u00e1\",\"datePublished\":\"2020-11-09T17:38:09+00:00\",\"dateModified\":\"2023-06-28T13:14:58+00:00\",\"mainEntityOfPage\":{\"@id\":\"https:\/\/www.estrategiaconcursos.com.br\/blog\/lei-taf-gestantes\/\"},\"wordCount\":748,\"commentCount\":0,\"publisher\":{\"@id\":\"https:\/\/www.estrategiaconcursos.com.br\/blog\/#organization\"},\"image\":{\"@id\":\"https:\/\/www.estrategiaconcursos.com.br\/blog\/lei-taf-gestantes\/#primaryimage\"},\"thumbnailUrl\":\"https:\/\/dhg1h5j42swfq.cloudfront.net\/2020\/09\/15154244\/estrategia-concursos.png\",\"articleSection\":[\"Concursos P\u00fablicos\"],\"inLanguage\":\"pt-BR\",\"potentialAction\":[{\"@type\":\"CommentAction\",\"name\":\"Comment\",\"target\":[\"https:\/\/www.estrategiaconcursos.com.br\/blog\/lei-taf-gestantes\/#respond\"]}],\"copyrightYear\":\"2020\",\"copyrightHolder\":{\"@id\":\"https:\/\/www.estrategiaconcursos.com.br\/blog\/#organization\"}},{\"@type\":\"WebPage\",\"@id\":\"https:\/\/www.estrategiaconcursos.com.br\/blog\/lei-taf-gestantes\/\",\"url\":\"https:\/\/www.estrategiaconcursos.com.br\/blog\/lei-taf-gestantes\/\",\"name\":\"Lei fixa normas para a realiza\u00e7\u00e3o do TAF para gestantes no Par\u00e1\",\"isPartOf\":{\"@id\":\"https:\/\/www.estrategiaconcursos.com.br\/blog\/#website\"},\"primaryImageOfPage\":{\"@id\":\"https:\/\/www.estrategiaconcursos.com.br\/blog\/lei-taf-gestantes\/#primaryimage\"},\"image\":{\"@id\":\"https:\/\/www.estrategiaconcursos.com.br\/blog\/lei-taf-gestantes\/#primaryimage\"},\"thumbnailUrl\":\"https:\/\/dhg1h5j42swfq.cloudfront.net\/2020\/09\/15154244\/estrategia-concursos.png\",\"datePublished\":\"2020-11-09T17:38:09+00:00\",\"dateModified\":\"2023-06-28T13:14:58+00:00\",\"description\":\"Foi sancionada a Lei N\u00b0 9.143 que estabelece normas para a realiza\u00e7\u00e3o do TAF para candidatas gestantes no Par\u00e1. Saiba mais!\",\"breadcrumb\":{\"@id\":\"https:\/\/www.estrategiaconcursos.com.br\/blog\/lei-taf-gestantes\/#breadcrumb\"},\"inLanguage\":\"pt-BR\",\"potentialAction\":[{\"@type\":\"ReadAction\",\"target\":[\"https:\/\/www.estrategiaconcursos.com.br\/blog\/lei-taf-gestantes\/\"]}]},{\"@type\":\"ImageObject\",\"inLanguage\":\"pt-BR\",\"@id\":\"https:\/\/www.estrategiaconcursos.com.br\/blog\/lei-taf-gestantes\/#primaryimage\",\"url\":\"https:\/\/dhg1h5j42swfq.cloudfront.net\/2020\/09\/15154244\/estrategia-concursos.png\",\"contentUrl\":\"https:\/\/dhg1h5j42swfq.cloudfront.net\/2020\/09\/15154244\/estrategia-concursos.png\",\"width\":400,\"height\":208},{\"@type\":\"BreadcrumbList\",\"@id\":\"https:\/\/www.estrategiaconcursos.com.br\/blog\/lei-taf-gestantes\/#breadcrumb\",\"itemListElement\":[{\"@type\":\"ListItem\",\"position\":1,\"name\":\"In\u00edcio\",\"item\":\"https:\/\/www.estrategiaconcursos.com.br\/blog\/\"},{\"@type\":\"ListItem\",\"position\":2,\"name\":\"Lei fixa normas para a realiza\u00e7\u00e3o do TAF para gestantes no Par\u00e1\"}]},{\"@type\":\"WebSite\",\"@id\":\"https:\/\/www.estrategiaconcursos.com.br\/blog\/#website\",\"url\":\"https:\/\/www.estrategiaconcursos.com.br\/blog\/\",\"name\":\"Estrat\u00e9gia Concursos\",\"description\":\"O blog da Estrat\u00e9gia Concursos traz not\u00edcias sobre concursos e artigos de professores oferecendo cursos para concursos (pdf + videaulas) no site.\",\"publisher\":{\"@id\":\"https:\/\/www.estrategiaconcursos.com.br\/blog\/#organization\"},\"potentialAction\":[{\"@type\":\"SearchAction\",\"target\":{\"@type\":\"EntryPoint\",\"urlTemplate\":\"https:\/\/www.estrategiaconcursos.com.br\/blog\/?s={search_term_string}\"},\"query-input\":{\"@type\":\"PropertyValueSpecification\",\"valueRequired\":true,\"valueName\":\"search_term_string\"}}],\"inLanguage\":\"pt-BR\"},{\"@type\":\"Organization\",\"@id\":\"https:\/\/www.estrategiaconcursos.com.br\/blog\/#organization\",\"name\":\"Estrat\u00e9gia Concursos\",\"url\":\"https:\/\/www.estrategiaconcursos.com.br\/blog\/\",\"logo\":{\"@type\":\"ImageObject\",\"inLanguage\":\"pt-BR\",\"@id\":\"https:\/\/www.estrategiaconcursos.com.br\/blog\/#\/schema\/logo\/image\/\",\"url\":\"https:\/\/dhg1h5j42swfq.cloudfront.net\/2025\/06\/03203428\/logo_concursos-1.jpg\",\"contentUrl\":\"https:\/\/dhg1h5j42swfq.cloudfront.net\/2025\/06\/03203428\/logo_concursos-1.jpg\",\"width\":230,\"height\":60,\"caption\":\"Estrat\u00e9gia Concursos\"},\"image\":{\"@id\":\"https:\/\/www.estrategiaconcursos.com.br\/blog\/#\/schema\/logo\/image\/\"},\"sameAs\":[\"https:\/\/x.com\/EstratConcursos\"]},{\"@type\":\"Person\",\"@id\":\"https:\/\/www.estrategiaconcursos.com.br\/blog\/#\/schema\/person\/751aedf909a9d10cb23ce6ac527ce0f2\",\"name\":\"Nat\u00e1lia Scarano\",\"image\":{\"@type\":\"ImageObject\",\"inLanguage\":\"pt-BR\",\"@id\":\"https:\/\/secure.gravatar.com\/avatar\/8a889b8db3dbd227a1a78627357ec8fe64f5e99189d1889a270127828ab372ac?s=96&d=mm&r=g\",\"url\":\"https:\/\/secure.gravatar.com\/avatar\/8a889b8db3dbd227a1a78627357ec8fe64f5e99189d1889a270127828ab372ac?s=96&d=mm&r=g\",\"contentUrl\":\"https:\/\/secure.gravatar.com\/avatar\/8a889b8db3dbd227a1a78627357ec8fe64f5e99189d1889a270127828ab372ac?s=96&d=mm&r=g\",\"caption\":\"Nat\u00e1lia Scarano\"},\"description\":\"Jornalista, formada e p\u00f3s graduada pelo IESB, faz parte do time de jornalistas do Estrat\u00e9gia desde 2017. Possui familiaridade com as \u00e1reas de Tribunais, Defensorias, Procuradorias, Minist\u00e9rios P\u00fablicos, Conselhos, Educa\u00e7\u00e3o, \u00c1rea de Seguran\u00e7a, concursos de Carreiras Jur\u00eddicas e OAB. Experi\u00eancia em marketing digital, assessoria de comunica\u00e7\u00e3o e institucional na \u00e1rea privada e p\u00fablica, com atua\u00e7\u00e3o em \u00f3rg\u00e3os como CGU, Cofen e CNM.\",\"url\":\"https:\/\/www.estrategiaconcursos.com.br\/blog\/author\/natalia-scaranoestrategiaconcursos-com-br\/\"}]}<\/script>\n<!-- \/ Yoast SEO Premium plugin. -->","yoast_head_json":{"title":"Lei fixa normas para a realiza\u00e7\u00e3o do TAF para gestantes no Par\u00e1","description":"Foi sancionada a Lei N\u00b0 9.143 que estabelece normas para a realiza\u00e7\u00e3o do TAF para candidatas gestantes no Par\u00e1. Saiba mais!","robots":{"index":"index","follow":"follow","max-snippet":"max-snippet:-1","max-image-preview":"max-image-preview:large","max-video-preview":"max-video-preview:-1"},"canonical":"https:\/\/www.estrategiaconcursos.com.br\/blog\/lei-taf-gestantes\/","og_locale":"pt_BR","og_type":"article","og_title":"Lei fixa normas para a realiza\u00e7\u00e3o do TAF para gestantes no Par\u00e1","og_description":"Foi sancionada a Lei N\u00b0 9.143 que estabelece normas para a realiza\u00e7\u00e3o do TAF para candidatas gestantes no Par\u00e1. Saiba mais!","og_url":"https:\/\/www.estrategiaconcursos.com.br\/blog\/lei-taf-gestantes\/","og_site_name":"Estrat\u00e9gia Concursos","article_published_time":"2020-11-09T17:38:09+00:00","article_modified_time":"2023-06-28T13:14:58+00:00","og_image":[{"width":400,"height":208,"url":"https:\/\/dhg1h5j42swfq.cloudfront.net\/2020\/09\/15154244\/estrategia-concursos.png","type":"image\/png"}],"author":"Nat\u00e1lia Scarano","twitter_card":"summary_large_image","twitter_creator":"@EstratConcursos","twitter_site":"@EstratConcursos","twitter_misc":{"Escrito por":"Nat\u00e1lia Scarano","Est. tempo de leitura":"4 minutos"},"schema":{"@context":"https:\/\/schema.org","@graph":[{"@type":"NewsArticle","@id":"https:\/\/www.estrategiaconcursos.com.br\/blog\/lei-taf-gestantes\/#article","isPartOf":{"@id":"https:\/\/www.estrategiaconcursos.com.br\/blog\/lei-taf-gestantes\/"},"author":{"name":"Nat\u00e1lia Scarano","@id":"https:\/\/www.estrategiaconcursos.com.br\/blog\/#\/schema\/person\/751aedf909a9d10cb23ce6ac527ce0f2"},"headline":"Lei fixa normas para a realiza\u00e7\u00e3o do TAF para gestantes no Par\u00e1","datePublished":"2020-11-09T17:38:09+00:00","dateModified":"2023-06-28T13:14:58+00:00","mainEntityOfPage":{"@id":"https:\/\/www.estrategiaconcursos.com.br\/blog\/lei-taf-gestantes\/"},"wordCount":748,"commentCount":0,"publisher":{"@id":"https:\/\/www.estrategiaconcursos.com.br\/blog\/#organization"},"image":{"@id":"https:\/\/www.estrategiaconcursos.com.br\/blog\/lei-taf-gestantes\/#primaryimage"},"thumbnailUrl":"https:\/\/dhg1h5j42swfq.cloudfront.net\/2020\/09\/15154244\/estrategia-concursos.png","articleSection":["Concursos P\u00fablicos"],"inLanguage":"pt-BR","potentialAction":[{"@type":"CommentAction","name":"Comment","target":["https:\/\/www.estrategiaconcursos.com.br\/blog\/lei-taf-gestantes\/#respond"]}],"copyrightYear":"2020","copyrightHolder":{"@id":"https:\/\/www.estrategiaconcursos.com.br\/blog\/#organization"}},{"@type":"WebPage","@id":"https:\/\/www.estrategiaconcursos.com.br\/blog\/lei-taf-gestantes\/","url":"https:\/\/www.estrategiaconcursos.com.br\/blog\/lei-taf-gestantes\/","name":"Lei fixa normas para a realiza\u00e7\u00e3o do TAF para gestantes no Par\u00e1","isPartOf":{"@id":"https:\/\/www.estrategiaconcursos.com.br\/blog\/#website"},"primaryImageOfPage":{"@id":"https:\/\/www.estrategiaconcursos.com.br\/blog\/lei-taf-gestantes\/#primaryimage"},"image":{"@id":"https:\/\/www.estrategiaconcursos.com.br\/blog\/lei-taf-gestantes\/#primaryimage"},"thumbnailUrl":"https:\/\/dhg1h5j42swfq.cloudfront.net\/2020\/09\/15154244\/estrategia-concursos.png","datePublished":"2020-11-09T17:38:09+00:00","dateModified":"2023-06-28T13:14:58+00:00","description":"Foi sancionada a Lei N\u00b0 9.143 que estabelece normas para a realiza\u00e7\u00e3o do TAF para candidatas gestantes no Par\u00e1. Saiba mais!","breadcrumb":{"@id":"https:\/\/www.estrategiaconcursos.com.br\/blog\/lei-taf-gestantes\/#breadcrumb"},"inLanguage":"pt-BR","potentialAction":[{"@type":"ReadAction","target":["https:\/\/www.estrategiaconcursos.com.br\/blog\/lei-taf-gestantes\/"]}]},{"@type":"ImageObject","inLanguage":"pt-BR","@id":"https:\/\/www.estrategiaconcursos.com.br\/blog\/lei-taf-gestantes\/#primaryimage","url":"https:\/\/dhg1h5j42swfq.cloudfront.net\/2020\/09\/15154244\/estrategia-concursos.png","contentUrl":"https:\/\/dhg1h5j42swfq.cloudfront.net\/2020\/09\/15154244\/estrategia-concursos.png","width":400,"height":208},{"@type":"BreadcrumbList","@id":"https:\/\/www.estrategiaconcursos.com.br\/blog\/lei-taf-gestantes\/#breadcrumb","itemListElement":[{"@type":"ListItem","position":1,"name":"In\u00edcio","item":"https:\/\/www.estrategiaconcursos.com.br\/blog\/"},{"@type":"ListItem","position":2,"name":"Lei fixa normas para a realiza\u00e7\u00e3o do TAF para gestantes no Par\u00e1"}]},{"@type":"WebSite","@id":"https:\/\/www.estrategiaconcursos.com.br\/blog\/#website","url":"https:\/\/www.estrategiaconcursos.com.br\/blog\/","name":"Estrat\u00e9gia Concursos","description":"O blog da Estrat\u00e9gia Concursos traz not\u00edcias sobre concursos e artigos de professores oferecendo cursos para concursos (pdf + videaulas) no site.","publisher":{"@id":"https:\/\/www.estrategiaconcursos.com.br\/blog\/#organization"},"potentialAction":[{"@type":"SearchAction","target":{"@type":"EntryPoint","urlTemplate":"https:\/\/www.estrategiaconcursos.com.br\/blog\/?s={search_term_string}"},"query-input":{"@type":"PropertyValueSpecification","valueRequired":true,"valueName":"search_term_string"}}],"inLanguage":"pt-BR"},{"@type":"Organization","@id":"https:\/\/www.estrategiaconcursos.com.br\/blog\/#organization","name":"Estrat\u00e9gia Concursos","url":"https:\/\/www.estrategiaconcursos.com.br\/blog\/","logo":{"@type":"ImageObject","inLanguage":"pt-BR","@id":"https:\/\/www.estrategiaconcursos.com.br\/blog\/#\/schema\/logo\/image\/","url":"https:\/\/dhg1h5j42swfq.cloudfront.net\/2025\/06\/03203428\/logo_concursos-1.jpg","contentUrl":"https:\/\/dhg1h5j42swfq.cloudfront.net\/2025\/06\/03203428\/logo_concursos-1.jpg","width":230,"height":60,"caption":"Estrat\u00e9gia Concursos"},"image":{"@id":"https:\/\/www.estrategiaconcursos.com.br\/blog\/#\/schema\/logo\/image\/"},"sameAs":["https:\/\/x.com\/EstratConcursos"]},{"@type":"Person","@id":"https:\/\/www.estrategiaconcursos.com.br\/blog\/#\/schema\/person\/751aedf909a9d10cb23ce6ac527ce0f2","name":"Nat\u00e1lia Scarano","image":{"@type":"ImageObject","inLanguage":"pt-BR","@id":"https:\/\/secure.gravatar.com\/avatar\/8a889b8db3dbd227a1a78627357ec8fe64f5e99189d1889a270127828ab372ac?s=96&d=mm&r=g","url":"https:\/\/secure.gravatar.com\/avatar\/8a889b8db3dbd227a1a78627357ec8fe64f5e99189d1889a270127828ab372ac?s=96&d=mm&r=g","contentUrl":"https:\/\/secure.gravatar.com\/avatar\/8a889b8db3dbd227a1a78627357ec8fe64f5e99189d1889a270127828ab372ac?s=96&d=mm&r=g","caption":"Nat\u00e1lia Scarano"},"description":"Jornalista, formada e p\u00f3s graduada pelo IESB, faz parte do time de jornalistas do Estrat\u00e9gia desde 2017. Possui familiaridade com as \u00e1reas de Tribunais, Defensorias, Procuradorias, Minist\u00e9rios P\u00fablicos, Conselhos, Educa\u00e7\u00e3o, \u00c1rea de Seguran\u00e7a, concursos de Carreiras Jur\u00eddicas e OAB. Experi\u00eancia em marketing digital, assessoria de comunica\u00e7\u00e3o e institucional na \u00e1rea privada e p\u00fablica, com atua\u00e7\u00e3o em \u00f3rg\u00e3os como CGU, Cofen e CNM.","url":"https:\/\/www.estrategiaconcursos.com.br\/blog\/author\/natalia-scaranoestrategiaconcursos-com-br\/"}]}},"_links":{"self":[{"href":"https:\/\/www.estrategiaconcursos.com.br\/blog\/wp-json\/wp\/v2\/posts\/607594","targetHints":{"allow":["GET"]}}],"collection":[{"href":"https:\/\/www.estrategiaconcursos.com.br\/blog\/wp-json\/wp\/v2\/posts"}],"about":[{"href":"https:\/\/www.estrategiaconcursos.com.br\/blog\/wp-json\/wp\/v2\/types\/post"}],"author":[{"embeddable":true,"href":"https:\/\/www.estrategiaconcursos.com.br\/blog\/wp-json\/wp\/v2\/users\/657"}],"replies":[{"embeddable":true,"href":"https:\/\/www.estrategiaconcursos.com.br\/blog\/wp-json\/wp\/v2\/comments?post=607594"}],"version-history":[{"count":4,"href":"https:\/\/www.estrategiaconcursos.com.br\/blog\/wp-json\/wp\/v2\/posts\/607594\/revisions"}],"predecessor-version":[{"id":1240104,"href":"https:\/\/www.estrategiaconcursos.com.br\/blog\/wp-json\/wp\/v2\/posts\/607594\/revisions\/1240104"}],"wp:featuredmedia":[{"embeddable":true,"href":"https:\/\/www.estrategiaconcursos.com.br\/blog\/wp-json\/wp\/v2\/media\/572442"}],"wp:attachment":[{"href":"https:\/\/www.estrategiaconcursos.com.br\/blog\/wp-json\/wp\/v2\/media?parent=607594"}],"wp:term":[{"taxonomy":"category","embeddable":true,"href":"https:\/\/www.estrategiaconcursos.com.br\/blog\/wp-json\/wp\/v2\/categories?post=607594"},{"taxonomy":"post_tag","embeddable":true,"href":"https:\/\/www.estrategiaconcursos.com.br\/blog\/wp-json\/wp\/v2\/tags?post=607594"},{"taxonomy":"tax_estado","embeddable":true,"href":"https:\/\/www.estrategiaconcursos.com.br\/blog\/wp-json\/wp\/v2\/tax_estado?post=607594"}],"curies":[{"name":"wp","href":"https:\/\/api.w.org\/{rel}","templated":true}]}}