{"id":607481,"date":"2020-12-01T00:12:00","date_gmt":"2020-12-01T03:12:00","guid":{"rendered":"https:\/\/www.estrategiaconcursos.com.br\/blog\/?p=607481"},"modified":"2023-06-23T09:10:40","modified_gmt":"2023-06-23T12:10:40","slug":"edital-bombeiros-rj-oficial","status":"publish","type":"post","link":"https:\/\/www.estrategiaconcursos.com.br\/blog\/edital-bombeiros-rj-oficial\/","title":{"rendered":"Edital Bombeiros RJ Oficial: inscri\u00e7\u00f5es encerradas!"},"content":{"rendered":"\n<p>As inscri\u00e7\u00f5es para o Edital Bombeiros RJ com a oferta de 25 vagas para o cargo de Oficial (n\u00edvel m\u00e9dio), est\u00e3o encerradas.<\/p>\n\n\n\n<p>A <strong>primeira fase do concurso<\/strong>, a cargo da UERJ (Universidade Estadual do Rio de Janeiro), contempla as etapas de prova objetiva e reda\u00e7\u00e3o. De acordo com o documento, os <strong>100<\/strong> primeiros colocados ser\u00e3o convocados para a <strong>segunda etapa<\/strong>, sob responsabilidade do Corpo de Bombeiros:<\/p>\n\n\n\n<ul class=\"wp-block-list\">\n<li>Exame&nbsp;f\u00edsico; <\/li>\n\n\n\n<li>Exame de sa\u00fade; &nbsp;<\/li>\n\n\n\n<li>Pesquisas documental e social;<\/li>\n\n\n\n<li>Avalia\u00e7\u00e3o de confirma\u00e7\u00e3o de etnia para candidatos declarados negros e \u00edndios.<\/li>\n<\/ul>\n\n\n\n<p>Ser\u00e3o <strong>25 vagas<\/strong>, sendo 17 para ampla concorr\u00eancia, cinco (5) para negros\/\u00edndios e tr\u00eas (3) para aqueles que t\u00eam hipossufici\u00eancia econ\u00f4mica. N\u00e3o h\u00e1 distin\u00e7\u00e3o de vagas por sexo. Vale lembrar que as inscri\u00e7\u00f5es j\u00e1 est\u00e3o abertas<\/p>\n\n\n\n<p class=\"has-text-align-center\"><strong>Confira abaixo as principais informa\u00e7\u00f5es do Edital Bombeiros RJ Oficial:<\/strong><\/p>\n\n\n\n<h3 class=\"wp-block-heading\" id=\"data\">Principais datas<\/h3>\n\n\n\n<p class=\"has-cyan-bluish-gray-background-color has-background\"><strong>Inscri\u00e7\u00f5es:<\/strong>&nbsp;<s>18 a 30 de novembro<\/s><br \/><strong>Taxa:&nbsp;<\/strong>R$ 100,00<br \/><strong>Prova:<\/strong>&nbsp;10 de janeiro de 2021<\/p>\n\n\n\n<p>As solicita\u00e7\u00f5es de condi\u00e7\u00f5es espec\u00edficas ser\u00e3o aceitas entre os dias 19 de novembro e 2 de dezembro para os casos de:<\/p>\n\n\n\n<ul class=\"wp-block-list\">\n<li>Portadores de necessidades especiais;<\/li>\n\n\n\n<li>Candidatas lactantes;<\/li>\n\n\n\n<li>Candidatos amparados pelo Decreto 43.065 (uso do nome social para candidatos travestis e transexuais).<\/li>\n<\/ul>\n\n\n\n<h2 class=\"wp-block-heading\" id=\"carreira\">Edital Bombeiros RJ Oficial: Carreira<\/h2>\n\n\n\n<h3 class=\"wp-block-heading\" id=\"vaga\">Cargos e Vagas<\/h3>\n\n\n\n<p>Como dito no in\u00edcio do artigo, este edital traz a oferta de 25 vagas, sendo distribu\u00eddas da seguinte forma:<\/p>\n\n\n\n<figure class=\"wp-block-image size-large is-resized\"><img loading=\"lazy\" decoding=\"async\" src=\"https:\/\/dhg1h5j42swfq.cloudfront.net\/2020\/11\/09115503\/Captura-de-Tela-2020-11-09-a%CC%80s-11.54.16-1024x224.png\" alt=\"\" class=\"wp-image-607497\" width=\"722\" height=\"157\" srcset=\"https:\/\/dhg1h5j42swfq.cloudfront.net\/2020\/11\/09115503\/Captura-de-Tela-2020-11-09-a%CC%80s-11.54.16-1024x224.png 1024w, https:\/\/dhg1h5j42swfq.cloudfront.net\/2020\/11\/09115503\/Captura-de-Tela-2020-11-09-a%CC%80s-11.54.16-300x65.png 300w, https:\/\/dhg1h5j42swfq.cloudfront.net\/2020\/11\/09115503\/Captura-de-Tela-2020-11-09-a%CC%80s-11.54.16-768x168.png 768w, https:\/\/dhg1h5j42swfq.cloudfront.net\/2020\/11\/09115503\/Captura-de-Tela-2020-11-09-a%CC%80s-11.54.16-610x133.png 610w, https:\/\/dhg1h5j42swfq.cloudfront.net\/2020\/11\/09115503\/Captura-de-Tela-2020-11-09-a%CC%80s-11.54.16.png 1420w\" sizes=\"auto, (max-width: 722px) 100vw, 722px\" \/><\/figure>\n\n\n\n<h3 class=\"wp-block-heading\" id=\"beneficio\">Sal\u00e1rios e Benef\u00edcios<\/h3>\n\n\n\n<p>Al\u00e9m disso, de acordo com o Corpo de Bombeiros do RJ, a remunera\u00e7\u00e3o bruta de um Cadete \u00e9 de R$ 3.200,00 e, ap\u00f3s o curso de forma\u00e7\u00e3o (dura\u00e7\u00e3o de 3 anos) e se tornando Oficial, receber\u00e1 aproximadamente R$ 6.000,00.<\/p>\n\n\n\n<h3 class=\"wp-block-heading\" id=\"requisitos\">Requisitos<\/h3>\n\n\n\n<p>Os requisitos, al\u00e9m do n\u00edvel m\u00e9dio exigido, ainda n\u00e3o foram divulgados pela UERJ. Em breve este t\u00f3pico ser\u00e1 atualizado.<\/p>\n\n\n\n<h2 class=\"wp-block-heading\" id=\"etapa\">Edital Bombeiros RJ Oficial: Etapas de provas (UERJ)<\/h2>\n\n\n\n<p>A prova, realizada em um \u00fanico dia, ser\u00e1 composta de uma prova objetiva, contendo 50 quest\u00f5es de m\u00faltipla escolha, e uma prova de Reda\u00e7\u00e3o.<\/p>\n\n\n\n<p>A prova objetiva valer\u00e1 75 pontos e a prova de Reda\u00e7\u00e3o 25 pontos.<\/p>\n\n\n\n<h3 class=\"wp-block-heading\" id=\"exame-objetivo\">Prova Objetiva<\/h3>\n\n\n\n<p>A prova objetiva versar\u00e1 sobre os conte\u00fados b\u00e1sicos das seguintes \u00e1reas de conhecimento:<\/p>\n\n\n\n<p>a) Linguagens;<br \/>b) Matem\u00e1tica<br \/>c) Ci\u00eancias da Natureza;<br \/>d) Ci\u00eancias Humanas.<\/p>\n\n\n\n<p>A prova ser\u00e1 realizada no munic\u00edpio do Rio de Janeiro em local estabelecido pelo DSEA. O local e o hor\u00e1rio de sua realiza\u00e7\u00e3o ser\u00e3o divulgados no Cart\u00e3o de Confirma\u00e7\u00e3o de Inscri\u00e7\u00e3o.<\/p>\n\n\n\n<h3 class=\"wp-block-heading\" id=\"exame-de-t\u00edtulo\">Prova de Reda\u00e7\u00e3o<\/h3>\n\n\n\n<p>Somente ser\u00e3o corrigidas as Reda\u00e7\u00f5es dos candidatos com as maiores pontua\u00e7\u00f5es na prova objetiva, dentro do limite de quatro vezes o n\u00famero de vagas.<\/p>\n\n\n\n<h2 class=\"wp-block-heading\" id=\"etapa-cbmerj\">Edital Bombeiros RJ Oficial: demais etapas (CBMERJ)<\/h2>\n\n\n\n<h3 class=\"wp-block-heading\">2\u00aa fase<\/h3>\n\n\n\n<h3 class=\"wp-block-heading\" id=\"fisico\">Exame F\u00edsico<\/h3>\n\n\n\n<p>Todas as provas do exame f\u00edsico t\u00eam car\u00e1ter eliminat\u00f3rio, sendo considerado inapto o candidato que n\u00e3o obtive o \u00edndice m\u00ednimo em qualquer prova. <\/p>\n\n\n\n<p><em>No quadro abaixo est\u00e1 relacionado os exerc\u00edcios que comp\u00f5em esta etapa:<\/em><\/p>\n\n\n\n<figure class=\"wp-block-table is-style-stripes\"><table class=\"has-background has-fixed-layout\" style=\"background-color:#e7f5fe\"><tbody><tr><td><strong>Prova<\/strong><\/td><td><strong>\u00cdndice<\/strong><\/td><td><strong>Tempo M\u00e1ximo<\/strong><\/td><td><strong>Tentativas<\/strong><\/td><\/tr><tr><td>Corrida de meio-fundo<\/td><td>2.400 m<\/td><td>12 min 00 segundo<\/td><td>2<\/td><\/tr><tr><td>Nata\u00e7\u00e3o<\/td><td>50 m<\/td><td>55 segundos 00 cent\u00e9simo<\/td><td>2<\/td><\/tr><tr><td>Flex\u00e3o e extens\u00e3o de MMSS (barra fixa)<\/td><td>3 repeti\u00e7\u00f5es<\/td><td>&#8211;<\/td><td>2<\/td><\/tr><tr><td>Abdominal<\/td><td>35 repeti\u00e7\u00f5es<\/td><td>1 mim 00 segundo<\/td><td>2<\/td><\/tr><tr><td>Corrida de velocidade<\/td><td>100 m<\/td><td>17 segundos 00 cent\u00e9simo<\/td><td>2<\/td><\/tr><\/tbody><\/table><\/figure>\n\n\n\n<h3 class=\"wp-block-heading\" id=\"saude\">Exame de Sa\u00fade<\/h3>\n\n\n\n<p>Na data prevista no edital o candidato dever\u00e1 apresentar o laudo dos seguintes exames complementares e tamb\u00e9m de exame toxicol\u00f3gico:<\/p>\n\n\n\n<ol class=\"wp-block-list\">\n<li> sangue: hemograma completo<\/li>\n\n\n\n<li> urina: elementos anormais e sedimento (EAS); <\/li>\n\n\n\n<li> fezes: parasitol\u00f3gico; <\/li>\n\n\n\n<li>raios-X simples de t\u00f3rax PA e perfil; <\/li>\n\n\n\n<li>eletroencefalograma; <\/li>\n\n\n\n<li>audiometria tonal; <\/li>\n\n\n\n<li>eletrocardiograma; <\/li>\n\n\n\n<li>atestado de sanidade mental, emitido por psiquiatra; <\/li>\n\n\n\n<li>colpocitologia onc\u00f3tica (exame com validade de 6 meses), para candidatas do g\u00eanero feminino;<\/li>\n\n\n\n<li>radiografia odontol\u00f3gica panor\u00e2mica; <\/li>\n\n\n\n<li>teste ergom\u00e9trico, para candidatos com idade igual ou superior a 40 anos;<\/li>\n\n\n\n<li>PSA total para candidatos do g\u00eanero masculino, com idade igual ou superior a 45 anos na data da inscri\u00e7\u00e3o; <\/li>\n\n\n\n<li>mamografia bilateral com laudo para candidatas do g\u00eanero feminino, com idade igual ou superior a 40 anos na data da inscri\u00e7\u00e3o. <\/li>\n\n\n\n<li>exame toxicol\u00f3gico<\/li>\n<\/ol>\n\n\n\n<p>O custo dos exames \u00e9 de responsabilidade do candidato. <\/p>\n\n\n\n<h3 class=\"wp-block-heading\" id=\"social\">Pesquisa documental e social<\/h3>\n\n\n\n<p>Nesta fase os aprovados no exame de sa\u00fade devem apresentar a documenta\u00e7\u00e3o obrigat\u00f3ria ao CBMERJ, em data, hor\u00e1rio e local definidos no calend\u00e1rio de atividades. J\u00e1 a Pesquisa social \u00e9 realizada pela 2\u00aa Se\u00e7\u00e3o do Estado-Maior Geral da corpora\u00e7\u00e3o. <\/p>\n\n\n\n<p>O objetivo \u00e9 verificar se o candidato possui idoneidade moral e boa conduta para ingressar no Corpo de Bombeiros. <\/p>\n\n\n\n<p class=\"has-text-align-center has-cyan-bluish-gray-background-color has-background has-medium-font-size\">Saiba mais em: <a rel=\"noreferrer noopener\" href=\"https:\/\/www.estrategiaconcursos.com.br\/blog\/concurso-bombeiro-rj\/\" target=\"_blank\">Concurso Bombeiro RJ<\/a><\/p>\n\n\n\n<div class=\"container\" id=\"boxes\">\n  <div class=\"row\">\n\n    <div class=\"col-sm\">\n      <div class=\"banner-estrategia\" id=\"box-assinatura\">\n        <h3 class=\"titulo-assinatura\">Bombeiros RJ<\/h3>\n        <p class=\"subtitulo-assinatura\">Conhe\u00e7a os cursos<\/p>\n        <div class=\"box-botao\">\n          <a class=\"btn-assinatura\" target=\"_blank\" href=\"https:\/\/www.estrategiaconcursos.com.br\/cursosPorConcurso\/corpo-de-bombeiros-militar-do-rio-de-janeiro-cbm-rj\/\" role=\"button\" rel=\"noopener noreferrer\">Conhe\u00e7a mais<\/a>\n        <\/div>\n      <\/div>\n      <p class=\"texto-auxiliar\">Prepare-se com o melhor material e com quem mais aprova em Concursos P\u00fablicos em todo o pa\u00eds.<\/p>\n    <\/div>\n\n  <\/div>\n<\/div>\n\n\n\n<div class=\"container\" id=\"boxes\">\n  <div class=\"row\">\n\n    <div class=\"col-sm\">\n      <div class=\"estrategia\" id=\"box-assinatura\">\n        <h3 class=\"titulo-assinatura\">Assinatura Ilimitada<\/h3>\n        <p class=\"subtitulo-assinatura\">Assinatura Anual Ilimitada*<\/p>\n        <div class=\"box-botao\">\n          <a class=\"btn-assinatura\" target=\"_blank\" href=\"https:\/\/www.estrategiaconcursos.com.br\/assinaturas\/\" role=\"button\" rel=\"noopener noreferrer\">ASSINE AGORA<\/a>\n        <\/div>\n      <\/div>\n      <p class=\"texto-auxiliar\">Prepare-se com o melhor material e com quem mais aprova em Concursos P\u00fablicos em todo o pa\u00eds. Assine agora a nossa Assinatura Anual e tenha acesso ilimitado* a todos os nossos cursos.<\/p>\n    <\/div>\n\n    <div class=\"col-sm\">\n      <div class=\"questoes\" id=\"box-assinatura\">\n        <h3 class=\"titulo-assinatura\">Sistema de Quest\u00f5es<\/h3>\n        <p class=\"subtitulo-assinatura\">Assinatura Ilimitada*<\/p>\n        <div class=\"box-botao\">\n          <a class=\"btn-assinatura\" target=\"_blank\" href=\"https:\/\/www.estrategiaconcursos.com.br\/cursosPorConcurso\/sistema-de-questoes\/#\/\" role=\"button\" rel=\"noopener noreferrer\">ASSINE AGORA<\/a>\n        <\/div>\n      <\/div>\n      <p class=\"texto-auxiliar\">Estrat\u00e9gia Quest\u00f5es nasceu maior do que todos os concorrentes, com mais quest\u00f5es cadastradas e mais solu\u00e7\u00f5es por professores. Clique no link e aproveite os descontos e b\u00f4nus imperd\u00edveis!<\/p>\n    <\/div>\n  <\/div>\n<\/div>\n\n\n\n<figure class=\"wp-block-image\"><img loading=\"lazy\" decoding=\"async\" width=\"300\" height=\"102\" src=\"https:\/\/dhg1h5j42swfq.cloudfront.net\/2017\/03\/28152500\/coruja-ficha-tecnica-300x102.png\" alt=\"Ficha t\u00e9cnica concurso TJ RJ\" class=\"wp-image-68542\"\/><\/figure>\n\n\n\n<h3 class=\"wp-block-heading\">\u25ba <strong>Informa\u00e7\u00f5es do Edital Bombeiros RJ<\/strong> Oficial<\/h3>\n\n\n\n<p>\u25ba <strong>Inscri\u00e7\u00f5es<\/strong>: <s>18 a 30\/11<\/s><br \/>\u25ba <strong>1\u00ba etapa<\/strong>: Vestibular UERJ <br \/>\u25ba <strong>Data da prova<\/strong>: 10\/01\/2021<br \/>\u25ba<strong>2\u00ba etapa:<\/strong> CBM RJ<br \/>\u25ba<strong>Vagas:&nbsp;<\/strong>25<br \/>\u25ba<strong>Cargos:<\/strong>&nbsp;Curso de Forma\u00e7\u00e3o para Oficiais CBMRJ<br \/>\u25ba<strong>Lota\u00e7\u00f5es:<\/strong>&nbsp;Rio de Janeiro<br \/>\u25ba<strong>Escolaridade:<\/strong>&nbsp;N\u00edvel m\u00e9dio <br \/>\u25ba<strong>Edital<\/strong>: <a rel=\"noreferrer noopener\" href=\"https:\/\/dhg1h5j42swfq.cloudfront.net\/2020\/11\/09121015\/CBMERJ_Manual_2021_edital.pdf\" target=\"_blank\">Edital Concurso Bombeiro RJ 2021 (UERJ)<\/a> | <a rel=\"noreferrer noopener\" href=\"https:\/\/dhg1h5j42swfq.cloudfront.net\/2020\/11\/17104354\/Edital_Concurso_Bombeiros_RJ_oficial_2020.pdf\" target=\"_blank\">Edital CBMERJ &#8211; 2\u00aa fase<\/a><\/p>\n\n\n\n<p><em>Ascom Estrat\u00e9gia<\/em><br \/><\/p>\n","protected":false},"excerpt":{"rendered":"<p>As inscri\u00e7\u00f5es para o Edital Bombeiros RJ com a oferta de 25 vagas para o cargo de Oficial (n\u00edvel m\u00e9dio), est\u00e3o encerradas. A primeira fase do concurso, a cargo da UERJ (Universidade Estadual do Rio de Janeiro), contempla as etapas de prova objetiva e reda\u00e7\u00e3o. De acordo com o documento, os 100 primeiros colocados ser\u00e3o [&hellip;]<\/p>\n","protected":false},"author":248,"featured_media":444274,"comment_status":"open","ping_status":"closed","sticky":false,"template":"","format":"standard","meta":{"post_tipo":"article","footnotes":""},"categories":[1988],"tags":[],"tax_estado":[219982],"class_list":["post-607481","post","type-post","status-publish","format-standard","has-post-thumbnail","hentry","category-policia","tax_estado-rj"],"acf":[],"yoast_head":"<!-- This site is optimized with the Yoast SEO Premium plugin v27.2 (Yoast SEO v27.2) - https:\/\/yoast.com\/product\/yoast-seo-premium-wordpress\/ -->\n<title>Edital Bombeiros RJ Oficial: inscri\u00e7\u00f5es encerradas!<\/title>\n<meta name=\"description\" content=\"Edital Bombeiros RJ Oficial foi publicado com 25 vagas para n\u00edvel m\u00e9dio e provas ocorrer\u00e3o em janeiro de 2021! Confira tudo sobre essa oportunidade!\" \/>\n<meta name=\"robots\" content=\"index, follow, max-snippet:-1, max-image-preview:large, max-video-preview:-1\" \/>\n<link rel=\"canonical\" href=\"https:\/\/www.estrategiaconcursos.com.br\/blog\/edital-bombeiros-rj-oficial\/\" \/>\n<meta property=\"og:locale\" content=\"pt_BR\" \/>\n<meta property=\"og:type\" content=\"article\" \/>\n<meta property=\"og:title\" content=\"Edital Bombeiros RJ Oficial: inscri\u00e7\u00f5es encerradas!\" \/>\n<meta property=\"og:description\" content=\"Edital Bombeiros RJ Oficial foi publicado com 25 vagas para n\u00edvel m\u00e9dio e provas ocorrer\u00e3o em janeiro de 2021! Confira tudo sobre essa oportunidade!\" \/>\n<meta property=\"og:url\" content=\"https:\/\/www.estrategiaconcursos.com.br\/blog\/edital-bombeiros-rj-oficial\/\" \/>\n<meta property=\"og:site_name\" content=\"Estrat\u00e9gia Concursos\" \/>\n<meta property=\"article:published_time\" content=\"2020-12-01T03:12:00+00:00\" \/>\n<meta property=\"article:modified_time\" content=\"2023-06-23T12:10:40+00:00\" \/>\n<meta property=\"og:image\" content=\"https:\/\/dhg1h5j42swfq.cloudfront.net\/2019\/11\/05113836\/Saiu-Edital-7.png\" \/>\n\t<meta property=\"og:image:width\" content=\"1200\" \/>\n\t<meta property=\"og:image:height\" content=\"628\" \/>\n\t<meta property=\"og:image:type\" content=\"image\/png\" \/>\n<meta name=\"author\" content=\"Marcos Gir\u00e3o\" \/>\n<meta name=\"twitter:card\" content=\"summary_large_image\" \/>\n<meta name=\"twitter:creator\" content=\"@EstratConcursos\" \/>\n<meta name=\"twitter:site\" content=\"@EstratConcursos\" \/>\n<meta name=\"twitter:label1\" content=\"Escrito por\" \/>\n\t<meta name=\"twitter:data1\" content=\"Marcos Gir\u00e3o\" \/>\n\t<meta name=\"twitter:label2\" content=\"Est. tempo de leitura\" \/>\n\t<meta name=\"twitter:data2\" content=\"5 minutos\" \/>\n<script type=\"application\/ld+json\" class=\"yoast-schema-graph\">{\"@context\":\"https:\/\/schema.org\",\"@graph\":[{\"@type\":\"NewsArticle\",\"@id\":\"https:\/\/www.estrategiaconcursos.com.br\/blog\/edital-bombeiros-rj-oficial\/#article\",\"isPartOf\":{\"@id\":\"https:\/\/www.estrategiaconcursos.com.br\/blog\/edital-bombeiros-rj-oficial\/\"},\"author\":{\"name\":\"Marcos Gir\u00e3o\",\"@id\":\"https:\/\/www.estrategiaconcursos.com.br\/blog\/#\/schema\/person\/6be195b7a02a8ca214472b848686bb37\"},\"headline\":\"Edital Bombeiros RJ Oficial: inscri\u00e7\u00f5es encerradas!\",\"datePublished\":\"2020-12-01T03:12:00+00:00\",\"dateModified\":\"2023-06-23T12:10:40+00:00\",\"mainEntityOfPage\":{\"@id\":\"https:\/\/www.estrategiaconcursos.com.br\/blog\/edital-bombeiros-rj-oficial\/\"},\"wordCount\":933,\"commentCount\":1,\"publisher\":{\"@id\":\"https:\/\/www.estrategiaconcursos.com.br\/blog\/#organization\"},\"image\":{\"@id\":\"https:\/\/www.estrategiaconcursos.com.br\/blog\/edital-bombeiros-rj-oficial\/#primaryimage\"},\"thumbnailUrl\":\"https:\/\/dhg1h5j42swfq.cloudfront.net\/2019\/11\/05113836\/Saiu-Edital-7.png\",\"articleSection\":[\"Policial (Agente, Escriv\u00e3o e Investigador)\"],\"inLanguage\":\"pt-BR\",\"potentialAction\":[{\"@type\":\"CommentAction\",\"name\":\"Comment\",\"target\":[\"https:\/\/www.estrategiaconcursos.com.br\/blog\/edital-bombeiros-rj-oficial\/#respond\"]}],\"copyrightYear\":\"2020\",\"copyrightHolder\":{\"@id\":\"https:\/\/www.estrategiaconcursos.com.br\/blog\/#organization\"}},{\"@type\":\"WebPage\",\"@id\":\"https:\/\/www.estrategiaconcursos.com.br\/blog\/edital-bombeiros-rj-oficial\/\",\"url\":\"https:\/\/www.estrategiaconcursos.com.br\/blog\/edital-bombeiros-rj-oficial\/\",\"name\":\"Edital Bombeiros RJ Oficial: inscri\u00e7\u00f5es encerradas!\",\"isPartOf\":{\"@id\":\"https:\/\/www.estrategiaconcursos.com.br\/blog\/#website\"},\"primaryImageOfPage\":{\"@id\":\"https:\/\/www.estrategiaconcursos.com.br\/blog\/edital-bombeiros-rj-oficial\/#primaryimage\"},\"image\":{\"@id\":\"https:\/\/www.estrategiaconcursos.com.br\/blog\/edital-bombeiros-rj-oficial\/#primaryimage\"},\"thumbnailUrl\":\"https:\/\/dhg1h5j42swfq.cloudfront.net\/2019\/11\/05113836\/Saiu-Edital-7.png\",\"datePublished\":\"2020-12-01T03:12:00+00:00\",\"dateModified\":\"2023-06-23T12:10:40+00:00\",\"description\":\"Edital Bombeiros RJ Oficial foi publicado com 25 vagas para n\u00edvel m\u00e9dio e provas ocorrer\u00e3o em janeiro de 2021! Confira tudo sobre essa oportunidade!\",\"breadcrumb\":{\"@id\":\"https:\/\/www.estrategiaconcursos.com.br\/blog\/edital-bombeiros-rj-oficial\/#breadcrumb\"},\"inLanguage\":\"pt-BR\",\"potentialAction\":[{\"@type\":\"ReadAction\",\"target\":[\"https:\/\/www.estrategiaconcursos.com.br\/blog\/edital-bombeiros-rj-oficial\/\"]}]},{\"@type\":\"ImageObject\",\"inLanguage\":\"pt-BR\",\"@id\":\"https:\/\/www.estrategiaconcursos.com.br\/blog\/edital-bombeiros-rj-oficial\/#primaryimage\",\"url\":\"https:\/\/dhg1h5j42swfq.cloudfront.net\/2019\/11\/05113836\/Saiu-Edital-7.png\",\"contentUrl\":\"https:\/\/dhg1h5j42swfq.cloudfront.net\/2019\/11\/05113836\/Saiu-Edital-7.png\",\"width\":1200,\"height\":628,\"caption\":\"processo seletivo agu\"},{\"@type\":\"BreadcrumbList\",\"@id\":\"https:\/\/www.estrategiaconcursos.com.br\/blog\/edital-bombeiros-rj-oficial\/#breadcrumb\",\"itemListElement\":[{\"@type\":\"ListItem\",\"position\":1,\"name\":\"In\u00edcio\",\"item\":\"https:\/\/www.estrategiaconcursos.com.br\/blog\/\"},{\"@type\":\"ListItem\",\"position\":2,\"name\":\"Edital Bombeiros RJ Oficial: inscri\u00e7\u00f5es encerradas!\"}]},{\"@type\":\"WebSite\",\"@id\":\"https:\/\/www.estrategiaconcursos.com.br\/blog\/#website\",\"url\":\"https:\/\/www.estrategiaconcursos.com.br\/blog\/\",\"name\":\"Estrat\u00e9gia Concursos\",\"description\":\"O blog da Estrat\u00e9gia Concursos traz not\u00edcias sobre concursos e artigos de professores oferecendo cursos para concursos (pdf + videaulas) no site.\",\"publisher\":{\"@id\":\"https:\/\/www.estrategiaconcursos.com.br\/blog\/#organization\"},\"potentialAction\":[{\"@type\":\"SearchAction\",\"target\":{\"@type\":\"EntryPoint\",\"urlTemplate\":\"https:\/\/www.estrategiaconcursos.com.br\/blog\/?s={search_term_string}\"},\"query-input\":{\"@type\":\"PropertyValueSpecification\",\"valueRequired\":true,\"valueName\":\"search_term_string\"}}],\"inLanguage\":\"pt-BR\"},{\"@type\":\"Organization\",\"@id\":\"https:\/\/www.estrategiaconcursos.com.br\/blog\/#organization\",\"name\":\"Estrat\u00e9gia Concursos\",\"url\":\"https:\/\/www.estrategiaconcursos.com.br\/blog\/\",\"logo\":{\"@type\":\"ImageObject\",\"inLanguage\":\"pt-BR\",\"@id\":\"https:\/\/www.estrategiaconcursos.com.br\/blog\/#\/schema\/logo\/image\/\",\"url\":\"https:\/\/dhg1h5j42swfq.cloudfront.net\/2025\/06\/03203428\/logo_concursos-1.jpg\",\"contentUrl\":\"https:\/\/dhg1h5j42swfq.cloudfront.net\/2025\/06\/03203428\/logo_concursos-1.jpg\",\"width\":230,\"height\":60,\"caption\":\"Estrat\u00e9gia Concursos\"},\"image\":{\"@id\":\"https:\/\/www.estrategiaconcursos.com.br\/blog\/#\/schema\/logo\/image\/\"},\"sameAs\":[\"https:\/\/x.com\/EstratConcursos\"]},{\"@type\":\"Person\",\"@id\":\"https:\/\/www.estrategiaconcursos.com.br\/blog\/#\/schema\/person\/6be195b7a02a8ca214472b848686bb37\",\"name\":\"Marcos Gir\u00e3o\",\"image\":{\"@type\":\"ImageObject\",\"inLanguage\":\"pt-BR\",\"@id\":\"https:\/\/secure.gravatar.com\/avatar\/ac5b9a36e2c99a8280e07b5763e3b764471d5b861c47521bfd2edffdfbb06fbd?s=96&d=mm&r=g\",\"url\":\"https:\/\/secure.gravatar.com\/avatar\/ac5b9a36e2c99a8280e07b5763e3b764471d5b861c47521bfd2edffdfbb06fbd?s=96&d=mm&r=g\",\"contentUrl\":\"https:\/\/secure.gravatar.com\/avatar\/ac5b9a36e2c99a8280e07b5763e3b764471d5b861c47521bfd2edffdfbb06fbd?s=96&d=mm&r=g\",\"caption\":\"Marcos Gir\u00e3o\"},\"url\":\"https:\/\/www.estrategiaconcursos.com.br\/blog\/author\/marcosgiraoestrategiaconcursos-com-br\/\"}]}<\/script>\n<!-- \/ Yoast SEO Premium plugin. -->","yoast_head_json":{"title":"Edital Bombeiros RJ Oficial: inscri\u00e7\u00f5es encerradas!","description":"Edital Bombeiros RJ Oficial foi publicado com 25 vagas para n\u00edvel m\u00e9dio e provas ocorrer\u00e3o em janeiro de 2021! Confira tudo sobre essa oportunidade!","robots":{"index":"index","follow":"follow","max-snippet":"max-snippet:-1","max-image-preview":"max-image-preview:large","max-video-preview":"max-video-preview:-1"},"canonical":"https:\/\/www.estrategiaconcursos.com.br\/blog\/edital-bombeiros-rj-oficial\/","og_locale":"pt_BR","og_type":"article","og_title":"Edital Bombeiros RJ Oficial: inscri\u00e7\u00f5es encerradas!","og_description":"Edital Bombeiros RJ Oficial foi publicado com 25 vagas para n\u00edvel m\u00e9dio e provas ocorrer\u00e3o em janeiro de 2021! Confira tudo sobre essa oportunidade!","og_url":"https:\/\/www.estrategiaconcursos.com.br\/blog\/edital-bombeiros-rj-oficial\/","og_site_name":"Estrat\u00e9gia Concursos","article_published_time":"2020-12-01T03:12:00+00:00","article_modified_time":"2023-06-23T12:10:40+00:00","og_image":[{"width":1200,"height":628,"url":"https:\/\/dhg1h5j42swfq.cloudfront.net\/2019\/11\/05113836\/Saiu-Edital-7.png","type":"image\/png"}],"author":"Marcos Gir\u00e3o","twitter_card":"summary_large_image","twitter_creator":"@EstratConcursos","twitter_site":"@EstratConcursos","twitter_misc":{"Escrito por":"Marcos Gir\u00e3o","Est. tempo de leitura":"5 minutos"},"schema":{"@context":"https:\/\/schema.org","@graph":[{"@type":"NewsArticle","@id":"https:\/\/www.estrategiaconcursos.com.br\/blog\/edital-bombeiros-rj-oficial\/#article","isPartOf":{"@id":"https:\/\/www.estrategiaconcursos.com.br\/blog\/edital-bombeiros-rj-oficial\/"},"author":{"name":"Marcos Gir\u00e3o","@id":"https:\/\/www.estrategiaconcursos.com.br\/blog\/#\/schema\/person\/6be195b7a02a8ca214472b848686bb37"},"headline":"Edital Bombeiros RJ Oficial: inscri\u00e7\u00f5es encerradas!","datePublished":"2020-12-01T03:12:00+00:00","dateModified":"2023-06-23T12:10:40+00:00","mainEntityOfPage":{"@id":"https:\/\/www.estrategiaconcursos.com.br\/blog\/edital-bombeiros-rj-oficial\/"},"wordCount":933,"commentCount":1,"publisher":{"@id":"https:\/\/www.estrategiaconcursos.com.br\/blog\/#organization"},"image":{"@id":"https:\/\/www.estrategiaconcursos.com.br\/blog\/edital-bombeiros-rj-oficial\/#primaryimage"},"thumbnailUrl":"https:\/\/dhg1h5j42swfq.cloudfront.net\/2019\/11\/05113836\/Saiu-Edital-7.png","articleSection":["Policial (Agente, Escriv\u00e3o e Investigador)"],"inLanguage":"pt-BR","potentialAction":[{"@type":"CommentAction","name":"Comment","target":["https:\/\/www.estrategiaconcursos.com.br\/blog\/edital-bombeiros-rj-oficial\/#respond"]}],"copyrightYear":"2020","copyrightHolder":{"@id":"https:\/\/www.estrategiaconcursos.com.br\/blog\/#organization"}},{"@type":"WebPage","@id":"https:\/\/www.estrategiaconcursos.com.br\/blog\/edital-bombeiros-rj-oficial\/","url":"https:\/\/www.estrategiaconcursos.com.br\/blog\/edital-bombeiros-rj-oficial\/","name":"Edital Bombeiros RJ Oficial: inscri\u00e7\u00f5es encerradas!","isPartOf":{"@id":"https:\/\/www.estrategiaconcursos.com.br\/blog\/#website"},"primaryImageOfPage":{"@id":"https:\/\/www.estrategiaconcursos.com.br\/blog\/edital-bombeiros-rj-oficial\/#primaryimage"},"image":{"@id":"https:\/\/www.estrategiaconcursos.com.br\/blog\/edital-bombeiros-rj-oficial\/#primaryimage"},"thumbnailUrl":"https:\/\/dhg1h5j42swfq.cloudfront.net\/2019\/11\/05113836\/Saiu-Edital-7.png","datePublished":"2020-12-01T03:12:00+00:00","dateModified":"2023-06-23T12:10:40+00:00","description":"Edital Bombeiros RJ Oficial foi publicado com 25 vagas para n\u00edvel m\u00e9dio e provas ocorrer\u00e3o em janeiro de 2021! Confira tudo sobre essa oportunidade!","breadcrumb":{"@id":"https:\/\/www.estrategiaconcursos.com.br\/blog\/edital-bombeiros-rj-oficial\/#breadcrumb"},"inLanguage":"pt-BR","potentialAction":[{"@type":"ReadAction","target":["https:\/\/www.estrategiaconcursos.com.br\/blog\/edital-bombeiros-rj-oficial\/"]}]},{"@type":"ImageObject","inLanguage":"pt-BR","@id":"https:\/\/www.estrategiaconcursos.com.br\/blog\/edital-bombeiros-rj-oficial\/#primaryimage","url":"https:\/\/dhg1h5j42swfq.cloudfront.net\/2019\/11\/05113836\/Saiu-Edital-7.png","contentUrl":"https:\/\/dhg1h5j42swfq.cloudfront.net\/2019\/11\/05113836\/Saiu-Edital-7.png","width":1200,"height":628,"caption":"processo seletivo agu"},{"@type":"BreadcrumbList","@id":"https:\/\/www.estrategiaconcursos.com.br\/blog\/edital-bombeiros-rj-oficial\/#breadcrumb","itemListElement":[{"@type":"ListItem","position":1,"name":"In\u00edcio","item":"https:\/\/www.estrategiaconcursos.com.br\/blog\/"},{"@type":"ListItem","position":2,"name":"Edital Bombeiros RJ Oficial: inscri\u00e7\u00f5es encerradas!"}]},{"@type":"WebSite","@id":"https:\/\/www.estrategiaconcursos.com.br\/blog\/#website","url":"https:\/\/www.estrategiaconcursos.com.br\/blog\/","name":"Estrat\u00e9gia Concursos","description":"O blog da Estrat\u00e9gia Concursos traz not\u00edcias sobre concursos e artigos de professores oferecendo cursos para concursos (pdf + videaulas) no site.","publisher":{"@id":"https:\/\/www.estrategiaconcursos.com.br\/blog\/#organization"},"potentialAction":[{"@type":"SearchAction","target":{"@type":"EntryPoint","urlTemplate":"https:\/\/www.estrategiaconcursos.com.br\/blog\/?s={search_term_string}"},"query-input":{"@type":"PropertyValueSpecification","valueRequired":true,"valueName":"search_term_string"}}],"inLanguage":"pt-BR"},{"@type":"Organization","@id":"https:\/\/www.estrategiaconcursos.com.br\/blog\/#organization","name":"Estrat\u00e9gia Concursos","url":"https:\/\/www.estrategiaconcursos.com.br\/blog\/","logo":{"@type":"ImageObject","inLanguage":"pt-BR","@id":"https:\/\/www.estrategiaconcursos.com.br\/blog\/#\/schema\/logo\/image\/","url":"https:\/\/dhg1h5j42swfq.cloudfront.net\/2025\/06\/03203428\/logo_concursos-1.jpg","contentUrl":"https:\/\/dhg1h5j42swfq.cloudfront.net\/2025\/06\/03203428\/logo_concursos-1.jpg","width":230,"height":60,"caption":"Estrat\u00e9gia Concursos"},"image":{"@id":"https:\/\/www.estrategiaconcursos.com.br\/blog\/#\/schema\/logo\/image\/"},"sameAs":["https:\/\/x.com\/EstratConcursos"]},{"@type":"Person","@id":"https:\/\/www.estrategiaconcursos.com.br\/blog\/#\/schema\/person\/6be195b7a02a8ca214472b848686bb37","name":"Marcos Gir\u00e3o","image":{"@type":"ImageObject","inLanguage":"pt-BR","@id":"https:\/\/secure.gravatar.com\/avatar\/ac5b9a36e2c99a8280e07b5763e3b764471d5b861c47521bfd2edffdfbb06fbd?s=96&d=mm&r=g","url":"https:\/\/secure.gravatar.com\/avatar\/ac5b9a36e2c99a8280e07b5763e3b764471d5b861c47521bfd2edffdfbb06fbd?s=96&d=mm&r=g","contentUrl":"https:\/\/secure.gravatar.com\/avatar\/ac5b9a36e2c99a8280e07b5763e3b764471d5b861c47521bfd2edffdfbb06fbd?s=96&d=mm&r=g","caption":"Marcos Gir\u00e3o"},"url":"https:\/\/www.estrategiaconcursos.com.br\/blog\/author\/marcosgiraoestrategiaconcursos-com-br\/"}]}},"_links":{"self":[{"href":"https:\/\/www.estrategiaconcursos.com.br\/blog\/wp-json\/wp\/v2\/posts\/607481","targetHints":{"allow":["GET"]}}],"collection":[{"href":"https:\/\/www.estrategiaconcursos.com.br\/blog\/wp-json\/wp\/v2\/posts"}],"about":[{"href":"https:\/\/www.estrategiaconcursos.com.br\/blog\/wp-json\/wp\/v2\/types\/post"}],"author":[{"embeddable":true,"href":"https:\/\/www.estrategiaconcursos.com.br\/blog\/wp-json\/wp\/v2\/users\/248"}],"replies":[{"embeddable":true,"href":"https:\/\/www.estrategiaconcursos.com.br\/blog\/wp-json\/wp\/v2\/comments?post=607481"}],"version-history":[{"count":16,"href":"https:\/\/www.estrategiaconcursos.com.br\/blog\/wp-json\/wp\/v2\/posts\/607481\/revisions"}],"predecessor-version":[{"id":1237747,"href":"https:\/\/www.estrategiaconcursos.com.br\/blog\/wp-json\/wp\/v2\/posts\/607481\/revisions\/1237747"}],"wp:featuredmedia":[{"embeddable":true,"href":"https:\/\/www.estrategiaconcursos.com.br\/blog\/wp-json\/wp\/v2\/media\/444274"}],"wp:attachment":[{"href":"https:\/\/www.estrategiaconcursos.com.br\/blog\/wp-json\/wp\/v2\/media?parent=607481"}],"wp:term":[{"taxonomy":"category","embeddable":true,"href":"https:\/\/www.estrategiaconcursos.com.br\/blog\/wp-json\/wp\/v2\/categories?post=607481"},{"taxonomy":"post_tag","embeddable":true,"href":"https:\/\/www.estrategiaconcursos.com.br\/blog\/wp-json\/wp\/v2\/tags?post=607481"},{"taxonomy":"tax_estado","embeddable":true,"href":"https:\/\/www.estrategiaconcursos.com.br\/blog\/wp-json\/wp\/v2\/tax_estado?post=607481"}],"curies":[{"name":"wp","href":"https:\/\/api.w.org\/{rel}","templated":true}]}}