{"id":607449,"date":"2020-11-09T11:30:35","date_gmt":"2020-11-09T14:30:35","guid":{"rendered":"https:\/\/www.estrategiaconcursos.com.br\/blog\/?p=607449"},"modified":"2020-12-19T08:39:59","modified_gmt":"2020-12-19T11:39:59","slug":"xxxi-exame-de-ordem-data-da-prova-confirmada","status":"publish","type":"post","link":"https:\/\/www.estrategiaconcursos.com.br\/blog\/xxxi-exame-de-ordem-data-da-prova-confirmada\/","title":{"rendered":"XXXI Exame de Ordem: data da 2\u00aa fase \u00e9 confirmada"},"content":{"rendered":"\n<h2 class=\"wp-block-heading\"><em>OAB lan\u00e7a cartilha com medidas da preven\u00e7\u00e3o da Covid-19<\/em><\/h2>\n\n\n\n<p>A Coordena\u00e7\u00e3o Nacional do Exame de Ordem Unificado&nbsp;confirmou nesta segunda-feira (9), a realiza\u00e7\u00e3o da prova <strong>pr\u00e1tico-profissional<\/strong> do XXXI Exame de Ordem para o dia <strong>06 de Dezembro de 2020<\/strong>. <\/p>\n\n\n\n<p>A prova pr\u00e1tico-profissional ter\u00e1 a dura\u00e7\u00e3o de 5 (cinco) horas e ser\u00e1 aplicada das 13h \u00e0s 18h, no hor\u00e1rio oficial de Bras\u00edlia\/DF. Os locais de realiza\u00e7\u00e3o da prova pr\u00e1tico-profissional ser\u00e3o divulgados no endere\u00e7o<br \/>eletr\u00f4nico <strong>http:\/\/oab.fgv.br<\/strong> na data prov\u00e1vel de 1\u00ba de dezembro de 2020.<\/p>\n\n\n\n<p>Al\u00e9m disso, o \u00f3rg\u00e3o publicou uma cartilha com todas as orienta\u00e7\u00f5es para a realiza\u00e7\u00e3o da segunda fase (prova pr\u00e1tico-profissional) do Exame. <strong>Confira abaixo: <\/strong><\/p>\n\n\n\n<p>Todos os Locais de Aplica\u00e7\u00e3o selecionados pela FGV v\u00e3o dispor de: \u00c1lcool em gel 70% e papel-toalha descart\u00e1vel nas salas de aplica\u00e7\u00e3o, na Coordena\u00e7\u00e3o e nos banheiros; quantitativo reserva de m\u00e1scaras de prote\u00e7\u00e3o individual para utiliza\u00e7\u00e3o por examinandos e Colaboradores que estiverem sem prote\u00e7\u00e3o; rotas e marca\u00e7\u00f5es no ch\u00e3o, a fim de garantir um distanciamento social seguro; salas organizadas com distanciamento m\u00e1ximo entre as carteiras e os devidos cuidados de ventila\u00e7\u00e3o (ar condicionado ou ventilador ligado, com portas e janelas abertas); cartazes refor\u00e7ando as medidas preventivas de distanciamento e higieniza\u00e7\u00e3o; higieniza\u00e7\u00e3o dos ambientes do local de aplica\u00e7\u00e3o, antes da entrada de examinandos e Colaboradores e ao t\u00e9rmino das atividades; higieniza\u00e7\u00e3o constante dos banheiros, bem como das superf\u00edcies mais tocadas pelos examinandos e Colaboradores (como corrim\u00e3os e ma\u00e7anetas).<\/p>\n\n\n\n<p>Os examinandos ser\u00e3o orientados previamente pela FGV a usar apenas a pr\u00f3pria caneta preta fabricada em material transparente para a assinatura dos instrumentos de aplica\u00e7\u00e3o. Eles podem entrar no local de aplica\u00e7\u00e3o portando os pr\u00f3prios frascos de \u00e1lcool em gel, que n\u00e3o ser\u00e3o lacrados no envelope porta-objetos, a fim de que possam higienizar as m\u00e3os a qualquer momento. Os examinandos tamb\u00e9m poder\u00e3o usar face shield (estilo viseira), luvas descart\u00e1veis (transparentes ou semitransparentes), \u00f3culos de prote\u00e7\u00e3o transparentes e toalhas de papel para a higieniza\u00e7\u00e3o das m\u00e3os e objetos, independentemente da higieniza\u00e7\u00e3o a ser feita pela equipe da FGV.<\/p>\n\n\n\n<p>As m\u00e1scaras que forem utilizadas durante a aplica\u00e7\u00e3o poder\u00e3o ser descartadas em um saco pl\u00e1stico transparente, trazido pelos pr\u00f3prios examinandos. Recomenda-se, ainda, que os examinandos levem \u00e1gua para o seu pr\u00f3prio consumo, em embalagem transparente, para evitar a utiliza\u00e7\u00e3o de bebedouros ou de qualquer outro dispositivo de fornecimento coletivo de \u00e1gua para beber.<\/p>\n\n\n\n<p>No momento da identifica\u00e7\u00e3o, a uma dist\u00e2ncia segura, os fiscais de aplica\u00e7\u00e3o v\u00e3o solicitar que os examinandos retirem a m\u00e1scara, pelo el\u00e1stico, sem tocar na parte da frente. Ap\u00f3s identifica\u00e7\u00e3o, a m\u00e1scara deve ser recolocada. Em seguida, os examinandos devem higienizar as m\u00e3os com \u00e1lcool em gel e s\u00f3 depois ter\u00e3o a entrada liberada, um por vez, na sala de aplica\u00e7\u00e3o. Os fiscais de aplica\u00e7\u00e3o poder\u00e3o solicitar, a qualquer momento, a retirada da m\u00e1scara de prote\u00e7\u00e3o pelos examinandos para vistoria visual.<\/p>\n\n\n\n<div class=\"container\" id=\"boxes\">\n  <div class=\"row\">\n\n    <div class=\"col-sm\">\n      <div class=\"banner-oab\" id=\"box-assinatura\">\n        <h3 class=\"titulo-assinatura\">Curso OAB 1\u00aa Fase<\/h3>\n        <p class=\"subtitulo-assinatura\">Conhe\u00e7a os cursos<\/p>\n        <div class=\"box-botao\">\n          <a class=\"btn-assinatura\" target=\"_blank\" href=\"https:\/\/www.estrategiaconcursos.com.br\/cursosPorConcurso\/exame-de-ordem-oab-1-fase\/\" role=\"button\" rel=\"noopener noreferrer\">Conhe\u00e7a mais<\/a>\n        <\/div>\n      <\/div>\n      <p class=\"texto-auxiliar\">Prepare-se com o melhor material e com quem mais aprova em Concursos P\u00fablicos em todo o pa\u00eds. Assine agora a nossa Assinatura Anual e tenha acesso ilimitado* a todos os nossos cursos.<\/p>\n    <\/div>\n\n  <\/div>\n<\/div>\n\n\n\n<div class=\"container\" id=\"boxes\">\n  <div class=\"row\">\n\n    <div class=\"col-sm\">\n      <div class=\"banner-oab\" id=\"box-assinatura\">\n        <h3 class=\"titulo-assinatura\">Curso OAB 2\u00aa Fase<\/h3>\n        <p class=\"subtitulo-assinatura\">Conhe\u00e7a os cursos<\/p>\n        <div class=\"box-botao\">\n          <a class=\"btn-assinatura\" target=\"_blank\" href=\"https:\/\/www.estrategiaconcursos.com.br\/\/cursosPorConcurso\/oab-2-fase-192\/\" role=\"button\" rel=\"noopener noreferrer\">Conhe\u00e7a mais<\/a>\n        <\/div>\n      <\/div>\n      <p class=\"texto-auxiliar\">Prepare-se com o melhor material e com quem mais aprova em Concursos P\u00fablicos em todo o pa\u00eds. Assine agora a nossa Assinatura Anual e tenha acesso ilimitado* a todos os nossos cursos.<\/p>\n    <\/div>\n\n  <\/div>\n<\/div>\n\n\n\n<h2 class=\"has-text-align-center wp-block-heading\" id=\"cursos-ficha\">Assinatura Carreiras Jur\u00eddicas<\/h2>\n\n\n\n<p class=\"has-text-align-center\">O Estrat\u00e9gia Carreira Jur\u00eddica \u00e9 campe\u00e3o de aprova\u00e7\u00f5es nos concursos para Carreiras Jur\u00eddicas com um corpo docente qualificado e materiais completos. Conhe\u00e7a nossos cursos e garanta sua aprova\u00e7\u00e3o:<\/p>\n\n\n\n<div class=\"container\" id=\"boxes\">\n  <div class=\"row\">\n\n    <div class=\"col-sm\">\n      <div class=\"banner-ecj\" id=\"box-assinatura\">\n        <h3 class=\"titulo-assinatura\">Assinatura Jur\u00eddica <\/h3>\n        <p class=\"subtitulo-assinatura\">Conhe\u00e7a os planos<\/p>\n        <div class=\"box-botao\">\n          <a class=\"btn-assinatura\" target=\"_blank\" href=\"https:\/\/www.estrategiaconcursos.com.br\/assinaturas-ecj\/\" role=\"button\" rel=\"noopener noreferrer\">Conhe\u00e7a mais<\/a>\n        <\/div>\n      <\/div>\n      <p class=\"texto-auxiliar\">Prepare-se com o melhor material e com quem mais aprova em Concursos P\u00fablicos em todo o pa\u00eds. \n<\/p>\n    <\/div>\n\n  <\/div>\n<\/div>\n\n\n\n<div class=\"container\" id=\"boxes\">\n  <div class=\"row\">\n\n    <div class=\"col-sm\">\n      <div class=\"questoes\" id=\"box-assinatura\">\n        <h3 class=\"titulo-assinatura\">Sistema de Quest\u00f5es<\/h3>\n        <p class=\"subtitulo-assinatura\">Assinatura Ilimitada*\n<\/p>\n        <div class=\"box-botao\">\n          <a class=\"btn-assinatura\" target=\"_blank\" href=\"https:\/\/www.estrategiaconcursos.com.br\/cursosPorConcurso\/sistema-de-questoes\/#\/\" role=\"button\" rel=\"noopener noreferrer\">ASSINE AGORA<\/a>\n        <\/div>\n      <\/div>\n      <p class=\"texto-auxiliar\">Estrat\u00e9gia Quest\u00f5es nasceu maior do que todos os concorrentes, com mais quest\u00f5es cadastradas e mais solu\u00e7\u00f5es por professores. Clique no link e aproveite os descontos e b\u00f4nus imperd\u00edveis!<\/p>\n    <\/div>\n  <\/div>\n<\/div>\n\n\n\n<h2 class=\"has-text-align-center wp-block-heading\">Quer saber mais sobre o XXXI Exame de Ordem?<\/h2>\n\n\n\n<p class=\"has-text-align-center has-luminous-vivid-amber-background-color has-background has-medium-font-size\"><strong><a rel=\"noreferrer noopener\" href=\"https:\/\/www.estrategiaconcursos.com.br\/blog\/exame-de-ordem-2\/\" target=\"_blank\">EXAME OAB<\/a><\/strong><\/p>\n\n\n\n<p class=\"has-text-align-center\"><strong>Nossas redes sociais<\/strong><\/p>\n\n\n\n<p class=\"has-text-align-center has-pale-cyan-blue-background-color has-background\"><a href=\"https:\/\/www.instagram.com\/estrategiaoab\/\" target=\"_blank\" rel=\"noreferrer noopener\">Instagram Estrat\u00e9gia OAB<\/a><\/p>\n\n\n\n<p class=\"has-text-align-center has-light-green-cyan-background-color has-background\"><a href=\"https:\/\/www.youtube.com\/channel\/UC7rgrKTSF5aOrBGWOw60ovw\" target=\"_blank\" rel=\"noreferrer noopener\">YouTube do Estrat\u00e9gia OAB<\/a><\/p>\n\n\n\n<p class=\"has-text-align-center\"><strong>Grupo de Telegram para a OAB<\/strong><\/p>\n\n\n\n<p class=\"has-text-align-center has-very-light-gray-background-color has-background\"><a href=\"http:\/\/bit.ly\/TelegramOAB\"><strong>Inscreva-se no nosso grupo do Telegram<\/strong><\/a><\/p>\n","protected":false},"excerpt":{"rendered":"<p>OAB lan\u00e7a cartilha com medidas da preven\u00e7\u00e3o da Covid-19 A Coordena\u00e7\u00e3o Nacional do Exame de Ordem Unificado&nbsp;confirmou nesta segunda-feira (9), a realiza\u00e7\u00e3o da prova pr\u00e1tico-profissional do XXXI Exame de Ordem para o dia 06 de Dezembro de 2020. A prova pr\u00e1tico-profissional ter\u00e1 a dura\u00e7\u00e3o de 5 (cinco) horas e ser\u00e1 aplicada das 13h \u00e0s 18h, [&hellip;]<\/p>\n","protected":false},"author":1,"featured_media":177017,"comment_status":"open","ping_status":"closed","sticky":false,"template":"","format":"standard","meta":{"post_tipo":"news","footnotes":""},"categories":[1],"tags":[],"tax_estado":[219963],"class_list":["post-607449","post","type-post","status-publish","format-standard","has-post-thumbnail","hentry","category-cursos-e-concursos","tax_estado-concursos-federais"],"acf":[],"yoast_head":"<!-- This site is optimized with the Yoast SEO Premium plugin v27.2 (Yoast SEO v27.2) - https:\/\/yoast.com\/product\/yoast-seo-premium-wordpress\/ -->\n<title>XXXI Exame de Ordem: data da 2\u00aa fase \u00e9 confirmada<\/title>\n<meta name=\"description\" content=\"A prova pr\u00e1tico-profissional do XXXI Exame de Ordem acontecer\u00e1 no dia 06 de Dezembro de 2020. Saiba mais informa\u00e7\u00f5es neste artigo!\" \/>\n<meta name=\"robots\" content=\"index, follow, max-snippet:-1, max-image-preview:large, max-video-preview:-1\" \/>\n<link rel=\"canonical\" href=\"https:\/\/www.estrategiaconcursos.com.br\/blog\/xxxi-exame-de-ordem-data-da-prova-confirmada\/\" \/>\n<meta property=\"og:locale\" content=\"pt_BR\" \/>\n<meta property=\"og:type\" content=\"article\" \/>\n<meta property=\"og:title\" content=\"XXXI Exame de Ordem: data da 2\u00aa fase \u00e9 confirmada\" \/>\n<meta property=\"og:description\" content=\"A prova pr\u00e1tico-profissional do XXXI Exame de Ordem acontecer\u00e1 no dia 06 de Dezembro de 2020. Saiba mais informa\u00e7\u00f5es neste artigo!\" \/>\n<meta property=\"og:url\" content=\"https:\/\/www.estrategiaconcursos.com.br\/blog\/xxxi-exame-de-ordem-data-da-prova-confirmada\/\" \/>\n<meta property=\"og:site_name\" content=\"Estrat\u00e9gia Concursos\" \/>\n<meta property=\"article:author\" content=\"https:\/\/www.facebook.com\/EstrategiaConcursos\" \/>\n<meta property=\"article:published_time\" content=\"2020-11-09T14:30:35+00:00\" \/>\n<meta property=\"article:modified_time\" content=\"2020-12-19T11:39:59+00:00\" \/>\n<meta property=\"og:image\" content=\"https:\/\/dhg1h5j42swfq.cloudfront.net\/2019\/04\/05183135\/C%C3%B3pia-de-C%C3%B3pia-de-concurso-sedest-df-21.jpg\" \/>\n\t<meta property=\"og:image:width\" content=\"400\" \/>\n\t<meta property=\"og:image:height\" content=\"209\" \/>\n\t<meta property=\"og:image:type\" content=\"image\/jpeg\" \/>\n<meta name=\"author\" content=\"Coordena\u00e7\u00e3o\" \/>\n<meta name=\"twitter:card\" content=\"summary_large_image\" \/>\n<meta name=\"twitter:creator\" content=\"@EstratConcursos\" \/>\n<meta name=\"twitter:site\" content=\"@EstratConcursos\" \/>\n<meta name=\"twitter:label1\" content=\"Escrito por\" \/>\n\t<meta name=\"twitter:data1\" content=\"Coordena\u00e7\u00e3o\" \/>\n\t<meta name=\"twitter:label2\" content=\"Est. tempo de leitura\" \/>\n\t<meta name=\"twitter:data2\" content=\"4 minutos\" \/>\n<script type=\"application\/ld+json\" class=\"yoast-schema-graph\">{\"@context\":\"https:\/\/schema.org\",\"@graph\":[{\"@type\":\"NewsArticle\",\"@id\":\"https:\/\/www.estrategiaconcursos.com.br\/blog\/xxxi-exame-de-ordem-data-da-prova-confirmada\/#article\",\"isPartOf\":{\"@id\":\"https:\/\/www.estrategiaconcursos.com.br\/blog\/xxxi-exame-de-ordem-data-da-prova-confirmada\/\"},\"author\":{\"name\":\"Coordena\u00e7\u00e3o\",\"@id\":\"https:\/\/www.estrategiaconcursos.com.br\/blog\/#\/schema\/person\/b4a388c97673c5f483d72185668afa1f\"},\"headline\":\"XXXI Exame de Ordem: data da 2\u00aa fase \u00e9 confirmada\",\"datePublished\":\"2020-11-09T14:30:35+00:00\",\"dateModified\":\"2020-12-19T11:39:59+00:00\",\"mainEntityOfPage\":{\"@id\":\"https:\/\/www.estrategiaconcursos.com.br\/blog\/xxxi-exame-de-ordem-data-da-prova-confirmada\/\"},\"wordCount\":781,\"commentCount\":0,\"publisher\":{\"@id\":\"https:\/\/www.estrategiaconcursos.com.br\/blog\/#organization\"},\"image\":{\"@id\":\"https:\/\/www.estrategiaconcursos.com.br\/blog\/xxxi-exame-de-ordem-data-da-prova-confirmada\/#primaryimage\"},\"thumbnailUrl\":\"https:\/\/dhg1h5j42swfq.cloudfront.net\/2019\/04\/05183135\/C%C3%B3pia-de-C%C3%B3pia-de-concurso-sedest-df-21.jpg\",\"articleSection\":[\"Concursos P\u00fablicos\"],\"inLanguage\":\"pt-BR\",\"potentialAction\":[{\"@type\":\"CommentAction\",\"name\":\"Comment\",\"target\":[\"https:\/\/www.estrategiaconcursos.com.br\/blog\/xxxi-exame-de-ordem-data-da-prova-confirmada\/#respond\"]}],\"copyrightYear\":\"2020\",\"copyrightHolder\":{\"@id\":\"https:\/\/www.estrategiaconcursos.com.br\/blog\/#organization\"}},{\"@type\":\"WebPage\",\"@id\":\"https:\/\/www.estrategiaconcursos.com.br\/blog\/xxxi-exame-de-ordem-data-da-prova-confirmada\/\",\"url\":\"https:\/\/www.estrategiaconcursos.com.br\/blog\/xxxi-exame-de-ordem-data-da-prova-confirmada\/\",\"name\":\"XXXI Exame de Ordem: data da 2\u00aa fase \u00e9 confirmada\",\"isPartOf\":{\"@id\":\"https:\/\/www.estrategiaconcursos.com.br\/blog\/#website\"},\"primaryImageOfPage\":{\"@id\":\"https:\/\/www.estrategiaconcursos.com.br\/blog\/xxxi-exame-de-ordem-data-da-prova-confirmada\/#primaryimage\"},\"image\":{\"@id\":\"https:\/\/www.estrategiaconcursos.com.br\/blog\/xxxi-exame-de-ordem-data-da-prova-confirmada\/#primaryimage\"},\"thumbnailUrl\":\"https:\/\/dhg1h5j42swfq.cloudfront.net\/2019\/04\/05183135\/C%C3%B3pia-de-C%C3%B3pia-de-concurso-sedest-df-21.jpg\",\"datePublished\":\"2020-11-09T14:30:35+00:00\",\"dateModified\":\"2020-12-19T11:39:59+00:00\",\"description\":\"A prova pr\u00e1tico-profissional do XXXI Exame de Ordem acontecer\u00e1 no dia 06 de Dezembro de 2020. Saiba mais informa\u00e7\u00f5es neste artigo!\",\"breadcrumb\":{\"@id\":\"https:\/\/www.estrategiaconcursos.com.br\/blog\/xxxi-exame-de-ordem-data-da-prova-confirmada\/#breadcrumb\"},\"inLanguage\":\"pt-BR\",\"potentialAction\":[{\"@type\":\"ReadAction\",\"target\":[\"https:\/\/www.estrategiaconcursos.com.br\/blog\/xxxi-exame-de-ordem-data-da-prova-confirmada\/\"]}]},{\"@type\":\"ImageObject\",\"inLanguage\":\"pt-BR\",\"@id\":\"https:\/\/www.estrategiaconcursos.com.br\/blog\/xxxi-exame-de-ordem-data-da-prova-confirmada\/#primaryimage\",\"url\":\"https:\/\/dhg1h5j42swfq.cloudfront.net\/2019\/04\/05183135\/C%C3%B3pia-de-C%C3%B3pia-de-concurso-sedest-df-21.jpg\",\"contentUrl\":\"https:\/\/dhg1h5j42swfq.cloudfront.net\/2019\/04\/05183135\/C%C3%B3pia-de-C%C3%B3pia-de-concurso-sedest-df-21.jpg\",\"width\":400,\"height\":209,\"caption\":\"exame de ordem\"},{\"@type\":\"BreadcrumbList\",\"@id\":\"https:\/\/www.estrategiaconcursos.com.br\/blog\/xxxi-exame-de-ordem-data-da-prova-confirmada\/#breadcrumb\",\"itemListElement\":[{\"@type\":\"ListItem\",\"position\":1,\"name\":\"In\u00edcio\",\"item\":\"https:\/\/www.estrategiaconcursos.com.br\/blog\/\"},{\"@type\":\"ListItem\",\"position\":2,\"name\":\"XXXI Exame de Ordem: data da 2\u00aa fase \u00e9 confirmada\"}]},{\"@type\":\"WebSite\",\"@id\":\"https:\/\/www.estrategiaconcursos.com.br\/blog\/#website\",\"url\":\"https:\/\/www.estrategiaconcursos.com.br\/blog\/\",\"name\":\"Estrat\u00e9gia Concursos\",\"description\":\"O blog da Estrat\u00e9gia Concursos traz not\u00edcias sobre concursos e artigos de professores oferecendo cursos para concursos (pdf + videaulas) no site.\",\"publisher\":{\"@id\":\"https:\/\/www.estrategiaconcursos.com.br\/blog\/#organization\"},\"potentialAction\":[{\"@type\":\"SearchAction\",\"target\":{\"@type\":\"EntryPoint\",\"urlTemplate\":\"https:\/\/www.estrategiaconcursos.com.br\/blog\/?s={search_term_string}\"},\"query-input\":{\"@type\":\"PropertyValueSpecification\",\"valueRequired\":true,\"valueName\":\"search_term_string\"}}],\"inLanguage\":\"pt-BR\"},{\"@type\":\"Organization\",\"@id\":\"https:\/\/www.estrategiaconcursos.com.br\/blog\/#organization\",\"name\":\"Estrat\u00e9gia Concursos\",\"url\":\"https:\/\/www.estrategiaconcursos.com.br\/blog\/\",\"logo\":{\"@type\":\"ImageObject\",\"inLanguage\":\"pt-BR\",\"@id\":\"https:\/\/www.estrategiaconcursos.com.br\/blog\/#\/schema\/logo\/image\/\",\"url\":\"https:\/\/dhg1h5j42swfq.cloudfront.net\/2025\/06\/03203428\/logo_concursos-1.jpg\",\"contentUrl\":\"https:\/\/dhg1h5j42swfq.cloudfront.net\/2025\/06\/03203428\/logo_concursos-1.jpg\",\"width\":230,\"height\":60,\"caption\":\"Estrat\u00e9gia Concursos\"},\"image\":{\"@id\":\"https:\/\/www.estrategiaconcursos.com.br\/blog\/#\/schema\/logo\/image\/\"},\"sameAs\":[\"https:\/\/x.com\/EstratConcursos\"]},{\"@type\":\"Person\",\"@id\":\"https:\/\/www.estrategiaconcursos.com.br\/blog\/#\/schema\/person\/b4a388c97673c5f483d72185668afa1f\",\"name\":\"Coordena\u00e7\u00e3o\",\"image\":{\"@type\":\"ImageObject\",\"inLanguage\":\"pt-BR\",\"@id\":\"https:\/\/secure.gravatar.com\/avatar\/b720319e4c9a967eb58678d110f4fe35452fc5d5f97b202bac7b8acceb18c6ad?s=96&d=mm&r=g\",\"url\":\"https:\/\/secure.gravatar.com\/avatar\/b720319e4c9a967eb58678d110f4fe35452fc5d5f97b202bac7b8acceb18c6ad?s=96&d=mm&r=g\",\"contentUrl\":\"https:\/\/secure.gravatar.com\/avatar\/b720319e4c9a967eb58678d110f4fe35452fc5d5f97b202bac7b8acceb18c6ad?s=96&d=mm&r=g\",\"caption\":\"Coordena\u00e7\u00e3o\"},\"sameAs\":[\"https:\/\/www.facebook.com\/EstrategiaConcursos\",\"https:\/\/x.com\/EstratConcursos\"],\"url\":\"https:\/\/www.estrategiaconcursos.com.br\/blog\/author\/estrategia2013\/\"}]}<\/script>\n<!-- \/ Yoast SEO Premium plugin. -->","yoast_head_json":{"title":"XXXI Exame de Ordem: data da 2\u00aa fase \u00e9 confirmada","description":"A prova pr\u00e1tico-profissional do XXXI Exame de Ordem acontecer\u00e1 no dia 06 de Dezembro de 2020. Saiba mais informa\u00e7\u00f5es neste artigo!","robots":{"index":"index","follow":"follow","max-snippet":"max-snippet:-1","max-image-preview":"max-image-preview:large","max-video-preview":"max-video-preview:-1"},"canonical":"https:\/\/www.estrategiaconcursos.com.br\/blog\/xxxi-exame-de-ordem-data-da-prova-confirmada\/","og_locale":"pt_BR","og_type":"article","og_title":"XXXI Exame de Ordem: data da 2\u00aa fase \u00e9 confirmada","og_description":"A prova pr\u00e1tico-profissional do XXXI Exame de Ordem acontecer\u00e1 no dia 06 de Dezembro de 2020. Saiba mais informa\u00e7\u00f5es neste artigo!","og_url":"https:\/\/www.estrategiaconcursos.com.br\/blog\/xxxi-exame-de-ordem-data-da-prova-confirmada\/","og_site_name":"Estrat\u00e9gia Concursos","article_author":"https:\/\/www.facebook.com\/EstrategiaConcursos","article_published_time":"2020-11-09T14:30:35+00:00","article_modified_time":"2020-12-19T11:39:59+00:00","og_image":[{"width":400,"height":209,"url":"https:\/\/dhg1h5j42swfq.cloudfront.net\/2019\/04\/05183135\/C%C3%B3pia-de-C%C3%B3pia-de-concurso-sedest-df-21.jpg","type":"image\/jpeg"}],"author":"Coordena\u00e7\u00e3o","twitter_card":"summary_large_image","twitter_creator":"@EstratConcursos","twitter_site":"@EstratConcursos","twitter_misc":{"Escrito por":"Coordena\u00e7\u00e3o","Est. tempo de leitura":"4 minutos"},"schema":{"@context":"https:\/\/schema.org","@graph":[{"@type":"NewsArticle","@id":"https:\/\/www.estrategiaconcursos.com.br\/blog\/xxxi-exame-de-ordem-data-da-prova-confirmada\/#article","isPartOf":{"@id":"https:\/\/www.estrategiaconcursos.com.br\/blog\/xxxi-exame-de-ordem-data-da-prova-confirmada\/"},"author":{"name":"Coordena\u00e7\u00e3o","@id":"https:\/\/www.estrategiaconcursos.com.br\/blog\/#\/schema\/person\/b4a388c97673c5f483d72185668afa1f"},"headline":"XXXI Exame de Ordem: data da 2\u00aa fase \u00e9 confirmada","datePublished":"2020-11-09T14:30:35+00:00","dateModified":"2020-12-19T11:39:59+00:00","mainEntityOfPage":{"@id":"https:\/\/www.estrategiaconcursos.com.br\/blog\/xxxi-exame-de-ordem-data-da-prova-confirmada\/"},"wordCount":781,"commentCount":0,"publisher":{"@id":"https:\/\/www.estrategiaconcursos.com.br\/blog\/#organization"},"image":{"@id":"https:\/\/www.estrategiaconcursos.com.br\/blog\/xxxi-exame-de-ordem-data-da-prova-confirmada\/#primaryimage"},"thumbnailUrl":"https:\/\/dhg1h5j42swfq.cloudfront.net\/2019\/04\/05183135\/C%C3%B3pia-de-C%C3%B3pia-de-concurso-sedest-df-21.jpg","articleSection":["Concursos P\u00fablicos"],"inLanguage":"pt-BR","potentialAction":[{"@type":"CommentAction","name":"Comment","target":["https:\/\/www.estrategiaconcursos.com.br\/blog\/xxxi-exame-de-ordem-data-da-prova-confirmada\/#respond"]}],"copyrightYear":"2020","copyrightHolder":{"@id":"https:\/\/www.estrategiaconcursos.com.br\/blog\/#organization"}},{"@type":"WebPage","@id":"https:\/\/www.estrategiaconcursos.com.br\/blog\/xxxi-exame-de-ordem-data-da-prova-confirmada\/","url":"https:\/\/www.estrategiaconcursos.com.br\/blog\/xxxi-exame-de-ordem-data-da-prova-confirmada\/","name":"XXXI Exame de Ordem: data da 2\u00aa fase \u00e9 confirmada","isPartOf":{"@id":"https:\/\/www.estrategiaconcursos.com.br\/blog\/#website"},"primaryImageOfPage":{"@id":"https:\/\/www.estrategiaconcursos.com.br\/blog\/xxxi-exame-de-ordem-data-da-prova-confirmada\/#primaryimage"},"image":{"@id":"https:\/\/www.estrategiaconcursos.com.br\/blog\/xxxi-exame-de-ordem-data-da-prova-confirmada\/#primaryimage"},"thumbnailUrl":"https:\/\/dhg1h5j42swfq.cloudfront.net\/2019\/04\/05183135\/C%C3%B3pia-de-C%C3%B3pia-de-concurso-sedest-df-21.jpg","datePublished":"2020-11-09T14:30:35+00:00","dateModified":"2020-12-19T11:39:59+00:00","description":"A prova pr\u00e1tico-profissional do XXXI Exame de Ordem acontecer\u00e1 no dia 06 de Dezembro de 2020. Saiba mais informa\u00e7\u00f5es neste artigo!","breadcrumb":{"@id":"https:\/\/www.estrategiaconcursos.com.br\/blog\/xxxi-exame-de-ordem-data-da-prova-confirmada\/#breadcrumb"},"inLanguage":"pt-BR","potentialAction":[{"@type":"ReadAction","target":["https:\/\/www.estrategiaconcursos.com.br\/blog\/xxxi-exame-de-ordem-data-da-prova-confirmada\/"]}]},{"@type":"ImageObject","inLanguage":"pt-BR","@id":"https:\/\/www.estrategiaconcursos.com.br\/blog\/xxxi-exame-de-ordem-data-da-prova-confirmada\/#primaryimage","url":"https:\/\/dhg1h5j42swfq.cloudfront.net\/2019\/04\/05183135\/C%C3%B3pia-de-C%C3%B3pia-de-concurso-sedest-df-21.jpg","contentUrl":"https:\/\/dhg1h5j42swfq.cloudfront.net\/2019\/04\/05183135\/C%C3%B3pia-de-C%C3%B3pia-de-concurso-sedest-df-21.jpg","width":400,"height":209,"caption":"exame de ordem"},{"@type":"BreadcrumbList","@id":"https:\/\/www.estrategiaconcursos.com.br\/blog\/xxxi-exame-de-ordem-data-da-prova-confirmada\/#breadcrumb","itemListElement":[{"@type":"ListItem","position":1,"name":"In\u00edcio","item":"https:\/\/www.estrategiaconcursos.com.br\/blog\/"},{"@type":"ListItem","position":2,"name":"XXXI Exame de Ordem: data da 2\u00aa fase \u00e9 confirmada"}]},{"@type":"WebSite","@id":"https:\/\/www.estrategiaconcursos.com.br\/blog\/#website","url":"https:\/\/www.estrategiaconcursos.com.br\/blog\/","name":"Estrat\u00e9gia Concursos","description":"O blog da Estrat\u00e9gia Concursos traz not\u00edcias sobre concursos e artigos de professores oferecendo cursos para concursos (pdf + videaulas) no site.","publisher":{"@id":"https:\/\/www.estrategiaconcursos.com.br\/blog\/#organization"},"potentialAction":[{"@type":"SearchAction","target":{"@type":"EntryPoint","urlTemplate":"https:\/\/www.estrategiaconcursos.com.br\/blog\/?s={search_term_string}"},"query-input":{"@type":"PropertyValueSpecification","valueRequired":true,"valueName":"search_term_string"}}],"inLanguage":"pt-BR"},{"@type":"Organization","@id":"https:\/\/www.estrategiaconcursos.com.br\/blog\/#organization","name":"Estrat\u00e9gia Concursos","url":"https:\/\/www.estrategiaconcursos.com.br\/blog\/","logo":{"@type":"ImageObject","inLanguage":"pt-BR","@id":"https:\/\/www.estrategiaconcursos.com.br\/blog\/#\/schema\/logo\/image\/","url":"https:\/\/dhg1h5j42swfq.cloudfront.net\/2025\/06\/03203428\/logo_concursos-1.jpg","contentUrl":"https:\/\/dhg1h5j42swfq.cloudfront.net\/2025\/06\/03203428\/logo_concursos-1.jpg","width":230,"height":60,"caption":"Estrat\u00e9gia Concursos"},"image":{"@id":"https:\/\/www.estrategiaconcursos.com.br\/blog\/#\/schema\/logo\/image\/"},"sameAs":["https:\/\/x.com\/EstratConcursos"]},{"@type":"Person","@id":"https:\/\/www.estrategiaconcursos.com.br\/blog\/#\/schema\/person\/b4a388c97673c5f483d72185668afa1f","name":"Coordena\u00e7\u00e3o","image":{"@type":"ImageObject","inLanguage":"pt-BR","@id":"https:\/\/secure.gravatar.com\/avatar\/b720319e4c9a967eb58678d110f4fe35452fc5d5f97b202bac7b8acceb18c6ad?s=96&d=mm&r=g","url":"https:\/\/secure.gravatar.com\/avatar\/b720319e4c9a967eb58678d110f4fe35452fc5d5f97b202bac7b8acceb18c6ad?s=96&d=mm&r=g","contentUrl":"https:\/\/secure.gravatar.com\/avatar\/b720319e4c9a967eb58678d110f4fe35452fc5d5f97b202bac7b8acceb18c6ad?s=96&d=mm&r=g","caption":"Coordena\u00e7\u00e3o"},"sameAs":["https:\/\/www.facebook.com\/EstrategiaConcursos","https:\/\/x.com\/EstratConcursos"],"url":"https:\/\/www.estrategiaconcursos.com.br\/blog\/author\/estrategia2013\/"}]}},"_links":{"self":[{"href":"https:\/\/www.estrategiaconcursos.com.br\/blog\/wp-json\/wp\/v2\/posts\/607449","targetHints":{"allow":["GET"]}}],"collection":[{"href":"https:\/\/www.estrategiaconcursos.com.br\/blog\/wp-json\/wp\/v2\/posts"}],"about":[{"href":"https:\/\/www.estrategiaconcursos.com.br\/blog\/wp-json\/wp\/v2\/types\/post"}],"author":[{"embeddable":true,"href":"https:\/\/www.estrategiaconcursos.com.br\/blog\/wp-json\/wp\/v2\/users\/1"}],"replies":[{"embeddable":true,"href":"https:\/\/www.estrategiaconcursos.com.br\/blog\/wp-json\/wp\/v2\/comments?post=607449"}],"version-history":[{"count":9,"href":"https:\/\/www.estrategiaconcursos.com.br\/blog\/wp-json\/wp\/v2\/posts\/607449\/revisions"}],"predecessor-version":[{"id":634457,"href":"https:\/\/www.estrategiaconcursos.com.br\/blog\/wp-json\/wp\/v2\/posts\/607449\/revisions\/634457"}],"wp:featuredmedia":[{"embeddable":true,"href":"https:\/\/www.estrategiaconcursos.com.br\/blog\/wp-json\/wp\/v2\/media\/177017"}],"wp:attachment":[{"href":"https:\/\/www.estrategiaconcursos.com.br\/blog\/wp-json\/wp\/v2\/media?parent=607449"}],"wp:term":[{"taxonomy":"category","embeddable":true,"href":"https:\/\/www.estrategiaconcursos.com.br\/blog\/wp-json\/wp\/v2\/categories?post=607449"},{"taxonomy":"post_tag","embeddable":true,"href":"https:\/\/www.estrategiaconcursos.com.br\/blog\/wp-json\/wp\/v2\/tags?post=607449"},{"taxonomy":"tax_estado","embeddable":true,"href":"https:\/\/www.estrategiaconcursos.com.br\/blog\/wp-json\/wp\/v2\/tax_estado?post=607449"}],"curies":[{"name":"wp","href":"https:\/\/api.w.org\/{rel}","templated":true}]}}