{"id":607291,"date":"2020-11-09T08:56:47","date_gmt":"2020-11-09T11:56:47","guid":{"rendered":"https:\/\/www.estrategiaconcursos.com.br\/blog\/?p=607291"},"modified":"2023-06-29T09:41:51","modified_gmt":"2023-06-29T12:41:51","slug":"mpt-resultados-dos-recursos-da-discursiva","status":"publish","type":"post","link":"https:\/\/www.estrategiaconcursos.com.br\/blog\/mpt-resultados-dos-recursos-da-discursiva\/","title":{"rendered":"MPT: \u00f3rg\u00e3o publica resultados dos recursos da prova discursiva"},"content":{"rendered":"\n<h2 class=\"wp-block-heading\"><em><strong>S\u00e3o 4 vagas para Procurador<\/strong><\/em><\/h2>\n\n\n\n<p>Foi publicado no Di\u00e1rio Oficial da Uni\u00e3o desta segunda-feira (09), dos recursos interpostos contra o resultado da prova discursiva do concurso MPT. O exame foi realizado no \u00faltimo dia 10\/10\/2020. <\/p>\n\n\n\n<p>A Prova Discursiva teve dura\u00e7\u00e3o de 5 horas. Nela os candidatos puderam  consultar diplomas normativos quando os textos estivam desacompanhados de coment\u00e1rios, anota\u00e7\u00f5es, exposi\u00e7\u00f5es de motivos, transcri\u00e7\u00f5es e orienta\u00e7\u00f5es jurisprudenciais, s\u00famulas ou resolu\u00e7\u00f5es dos Tribunais, do Conselho Nacional do Minist\u00e9rio P\u00fablico, do Conselho Nacional de Justi\u00e7a ou de quaisquer \u00f3rg\u00e3os da Administra\u00e7\u00e3o P\u00fablica.<\/p>\n\n\n\n<p>O concurso MPT oferta aos candidatos 4 vagas imediatas mais cadastro de reserva para o cargo de Procurador do Trabalho. A remunera\u00e7\u00e3o do cargo passa dos R$ 30 mil.<\/p>\n\n\n\n<p>Para ingressar na carreira \u00e9 necess\u00e1rio ser&nbsp;<strong>bacharel em Direito<\/strong>&nbsp;e contar com&nbsp;<strong>tr\u00eas anos de atividade jur\u00eddica<\/strong>, exercidos ap\u00f3s a cola\u00e7\u00e3o de grau e comprovados at\u00e9 o tempo da inscri\u00e7\u00e3o definitiva no concurso (fase posterior \u00e0s provas discursiva e pr\u00e1tica).<\/p>\n\n\n\n<p><strong>Confira abaixo os resultados dos recursos interpostos: <\/strong><\/p>\n\n\n\n<p class=\"has-text-align-center has-pale-cyan-blue-background-color has-background\"><a rel=\"noreferrer noopener\" href=\"https:\/\/dhg1h5j42swfq.cloudfront.net\/2020\/11\/09082922\/MPT-Resultado-dos-recursos-2a-prova-discursiva-1.pdf\" target=\"_blank\"><strong>Prova discursiva \u2013 Recursos<\/strong><\/a><\/p>\n\n\n\n<h5 class=\"wp-block-heading\"><strong>Quer saber mais sobre o concurso? Clique no link abaixo e fique por dentro de tudo!<\/strong><\/h5>\n\n\n\n<p class=\"has-text-align-center has-light-green-cyan-background-color has-background\"><strong>Saiba mais: <a href=\"https:\/\/www.estrategiaconcursos.com.br\/blog\/concurso-mpt\/\" target=\"_blank\" rel=\"noreferrer noopener\">Concurso MPT<\/a><\/strong><\/p>\n\n\n\n<h2 class=\"wp-block-heading has-text-align-center\">Cursos para o concurso MPT &#8211; Procurador<\/h2>\n\n\n\n<div class=\"container\" id=\"boxes\">\n  <div class=\"row\">\n\n    <div class=\"col-sm\">\n      <div class=\"banner-ecj\" id=\"box-assinatura\">\n        <h3 class=\"titulo-assinatura\">Curso para o concurso MPT <\/h3>\n        <p class=\"subtitulo-assinatura\">Cursos focados no edital do concurso<\/p>\n        <div class=\"box-botao\">\n          <a class=\"btn-assinatura\" target=\"_blank\" href=\"https:\/\/www.estrategiaconcursos.com.br\/cursosPorConcurso\/ministerio-publico-do-trabalho-procurador\/\" role=\"button\" rel=\"noopener noreferrer\">Conhe\u00e7a mais<\/a>\n        <\/div>\n      <\/div>\n      <p class=\"texto-auxiliar\">Prepare-se com o melhor material e com quem mais aprova em concursos\n<\/p>\n    <\/div>\n\n  <\/div>\n<\/div>\n\n\n\n<div class=\"container\" id=\"boxes\">\n  <div class=\"row\">\n\n    <div class=\"col-sm\">\n      <div class=\"banner-ecj\" id=\"box-assinatura\">\n        <h3 class=\"titulo-assinatura\">Assinatura Jur\u00eddica <\/h3>\n        <p class=\"subtitulo-assinatura\">Conhe\u00e7a os planos<\/p>\n        <div class=\"box-botao\">\n          <a class=\"btn-assinatura\" target=\"_blank\" href=\"https:\/\/www.estrategiaconcursos.com.br\/assinaturas-ecj\/\" role=\"button\" rel=\"noopener noreferrer\">Conhe\u00e7a mais<\/a>\n        <\/div>\n      <\/div>\n      <p class=\"texto-auxiliar\">Prepare-se com o melhor material e com quem mais aprova em Concursos P\u00fablicos em todo o pa\u00eds. \n<\/p>\n    <\/div>\n\n  <\/div>\n<\/div>\n\n\n\n<figure class=\"wp-block-image\"><img loading=\"lazy\" decoding=\"async\" width=\"300\" height=\"102\" src=\"https:\/\/dhg1h5j42swfq.cloudfront.net\/2019\/05\/23103736\/coruja-ficha-tecnica-300x1021.png\" alt=\"ficha t\u00e9cnica\" class=\"wp-image-376876\"\/><\/figure>\n\n\n\n<h4 class=\"wp-block-heading\" id=\"ficha\"><strong>\u2666Informa\u00e7\u00f5es sobre o concurso MPT<\/strong> &#8211; Procurador<\/h4>\n\n\n\n<p>\u25baData: 10\/10\/2020 e 11\/10\/2020<br \/>\u25baVagas: 4 + CR<br \/>\u25baBanca: MPT<br \/>\u25baEscolaridade: bacharelado em Direito + 3 anos de atividade jur\u00eddica<br \/>\u25baCursos Estrat\u00e9gia Concursos:&nbsp;<strong><a rel=\"noreferrer noopener\" href=\"https:\/\/www.estrategiaconcursos.com.br\/cursosPorConcurso\/ministerio-publico-do-trabalho-procurador\/\" target=\"_blank\">CURSO MPT<\/a><\/strong><a href=\"https:\/\/dhg1h5j42swfq.cloudfront.net\/2019\/11\/12073419\/Edital-MPT-Procurador-do-Trabalho-2019.pdf\">\u25ba&nbsp;<strong>Edital MPT<\/strong>&nbsp;\u2013&nbsp;<\/a><a href=\"https:\/\/dhg1h5j42swfq.cloudfront.net\/2019\/11\/12073419\/Edital-MPT-Procurador-do-Trabalho-2019.pdf\">Procurador do Trabalho \u2013 2020<\/a><a href=\"https:\/\/dhg1h5j42swfq.cloudfront.net\/2019\/11\/12073419\/Edital-MPT-Procurador-do-Trabalho-2019.pdf\">Baixar<\/a><a href=\"https:\/\/dhg1h5j42swfq.cloudfront.net\/2019\/11\/12073515\/resolu143.pdf\" target=\"_blank\" rel=\"noreferrer noopener\">\u25ba<strong>Regulamento MPT<\/strong>&nbsp;\u2013 Procurador do Trabalho \u2013 2020<\/a><a href=\"https:\/\/dhg1h5j42swfq.cloudfront.net\/2019\/11\/12073515\/resolu143.pdf\">Baixar<\/a><\/p>\n","protected":false},"excerpt":{"rendered":"<p>S\u00e3o 4 vagas para Procurador Foi publicado no Di\u00e1rio Oficial da Uni\u00e3o desta segunda-feira (09), dos recursos interpostos contra o resultado da prova discursiva do concurso MPT. O exame foi realizado no \u00faltimo dia 10\/10\/2020. A Prova Discursiva teve dura\u00e7\u00e3o de 5 horas. Nela os candidatos puderam consultar diplomas normativos quando os textos estivam desacompanhados [&hellip;]<\/p>\n","protected":false},"author":221,"featured_media":429119,"comment_status":"open","ping_status":"closed","sticky":false,"template":"","format":"standard","meta":{"post_tipo":"article","footnotes":""},"categories":[1,2185],"tags":[],"tax_estado":[],"class_list":["post-607291","post","type-post","status-publish","format-standard","has-post-thumbnail","hentry","category-cursos-e-concursos","category-carreiras-juridicas"],"acf":[],"yoast_head":"<!-- This site is optimized with the Yoast SEO Premium plugin v27.2 (Yoast SEO v27.2) - https:\/\/yoast.com\/product\/yoast-seo-premium-wordpress\/ -->\n<title>MPT: \u00f3rg\u00e3o publica resultados dos recursos da prova discursiva<\/title>\n<meta name=\"description\" content=\"O MPT divulgou os resultados dos recursos interpostos contra o resultado da prova discursiva. Saiba mais informa\u00e7\u00f5es neste artigo.\" \/>\n<meta name=\"robots\" content=\"index, follow, max-snippet:-1, max-image-preview:large, max-video-preview:-1\" \/>\n<link rel=\"canonical\" href=\"https:\/\/www.estrategiaconcursos.com.br\/blog\/mpt-resultados-dos-recursos-da-discursiva\/\" \/>\n<meta property=\"og:locale\" content=\"pt_BR\" \/>\n<meta property=\"og:type\" content=\"article\" \/>\n<meta property=\"og:title\" content=\"MPT: \u00f3rg\u00e3o publica resultados dos recursos da prova discursiva\" \/>\n<meta property=\"og:description\" content=\"O MPT divulgou os resultados dos recursos interpostos contra o resultado da prova discursiva. Saiba mais informa\u00e7\u00f5es neste artigo.\" \/>\n<meta property=\"og:url\" content=\"https:\/\/www.estrategiaconcursos.com.br\/blog\/mpt-resultados-dos-recursos-da-discursiva\/\" \/>\n<meta property=\"og:site_name\" content=\"Estrat\u00e9gia Concursos\" \/>\n<meta property=\"article:published_time\" content=\"2020-11-09T11:56:47+00:00\" \/>\n<meta property=\"article:modified_time\" content=\"2023-06-29T12:41:51+00:00\" \/>\n<meta property=\"og:image\" content=\"https:\/\/dhg1h5j42swfq.cloudfront.net\/2019\/09\/02110116\/MPT.jpg\" \/>\n\t<meta property=\"og:image:width\" content=\"1200\" \/>\n\t<meta property=\"og:image:height\" content=\"628\" \/>\n\t<meta property=\"og:image:type\" content=\"image\/jpeg\" \/>\n<meta name=\"author\" content=\"Tulio Lages\" \/>\n<meta name=\"twitter:card\" content=\"summary_large_image\" \/>\n<meta name=\"twitter:creator\" content=\"@EstratConcursos\" \/>\n<meta name=\"twitter:site\" content=\"@EstratConcursos\" \/>\n<meta name=\"twitter:label1\" content=\"Escrito por\" \/>\n\t<meta name=\"twitter:data1\" content=\"Tulio Lages\" \/>\n\t<meta name=\"twitter:label2\" content=\"Est. tempo de leitura\" \/>\n\t<meta name=\"twitter:data2\" content=\"2 minutos\" \/>\n<script type=\"application\/ld+json\" class=\"yoast-schema-graph\">{\"@context\":\"https:\/\/schema.org\",\"@graph\":[{\"@type\":\"NewsArticle\",\"@id\":\"https:\/\/www.estrategiaconcursos.com.br\/blog\/mpt-resultados-dos-recursos-da-discursiva\/#article\",\"isPartOf\":{\"@id\":\"https:\/\/www.estrategiaconcursos.com.br\/blog\/mpt-resultados-dos-recursos-da-discursiva\/\"},\"author\":{\"name\":\"Tulio Lages\",\"@id\":\"https:\/\/www.estrategiaconcursos.com.br\/blog\/#\/schema\/person\/80581c41357e3666d4b56f2db6910639\"},\"headline\":\"MPT: \u00f3rg\u00e3o publica resultados dos recursos da prova discursiva\",\"datePublished\":\"2020-11-09T11:56:47+00:00\",\"dateModified\":\"2023-06-29T12:41:51+00:00\",\"mainEntityOfPage\":{\"@id\":\"https:\/\/www.estrategiaconcursos.com.br\/blog\/mpt-resultados-dos-recursos-da-discursiva\/\"},\"wordCount\":327,\"commentCount\":0,\"publisher\":{\"@id\":\"https:\/\/www.estrategiaconcursos.com.br\/blog\/#organization\"},\"image\":{\"@id\":\"https:\/\/www.estrategiaconcursos.com.br\/blog\/mpt-resultados-dos-recursos-da-discursiva\/#primaryimage\"},\"thumbnailUrl\":\"https:\/\/dhg1h5j42swfq.cloudfront.net\/2019\/09\/02110116\/MPT.jpg\",\"articleSection\":[\"Concursos P\u00fablicos\",\"Jur\u00eddico\"],\"inLanguage\":\"pt-BR\",\"potentialAction\":[{\"@type\":\"CommentAction\",\"name\":\"Comment\",\"target\":[\"https:\/\/www.estrategiaconcursos.com.br\/blog\/mpt-resultados-dos-recursos-da-discursiva\/#respond\"]}],\"copyrightYear\":\"2020\",\"copyrightHolder\":{\"@id\":\"https:\/\/www.estrategiaconcursos.com.br\/blog\/#organization\"}},{\"@type\":\"WebPage\",\"@id\":\"https:\/\/www.estrategiaconcursos.com.br\/blog\/mpt-resultados-dos-recursos-da-discursiva\/\",\"url\":\"https:\/\/www.estrategiaconcursos.com.br\/blog\/mpt-resultados-dos-recursos-da-discursiva\/\",\"name\":\"MPT: \u00f3rg\u00e3o publica resultados dos recursos da prova discursiva\",\"isPartOf\":{\"@id\":\"https:\/\/www.estrategiaconcursos.com.br\/blog\/#website\"},\"primaryImageOfPage\":{\"@id\":\"https:\/\/www.estrategiaconcursos.com.br\/blog\/mpt-resultados-dos-recursos-da-discursiva\/#primaryimage\"},\"image\":{\"@id\":\"https:\/\/www.estrategiaconcursos.com.br\/blog\/mpt-resultados-dos-recursos-da-discursiva\/#primaryimage\"},\"thumbnailUrl\":\"https:\/\/dhg1h5j42swfq.cloudfront.net\/2019\/09\/02110116\/MPT.jpg\",\"datePublished\":\"2020-11-09T11:56:47+00:00\",\"dateModified\":\"2023-06-29T12:41:51+00:00\",\"description\":\"O MPT divulgou os resultados dos recursos interpostos contra o resultado da prova discursiva. Saiba mais informa\u00e7\u00f5es neste artigo.\",\"breadcrumb\":{\"@id\":\"https:\/\/www.estrategiaconcursos.com.br\/blog\/mpt-resultados-dos-recursos-da-discursiva\/#breadcrumb\"},\"inLanguage\":\"pt-BR\",\"potentialAction\":[{\"@type\":\"ReadAction\",\"target\":[\"https:\/\/www.estrategiaconcursos.com.br\/blog\/mpt-resultados-dos-recursos-da-discursiva\/\"]}]},{\"@type\":\"ImageObject\",\"inLanguage\":\"pt-BR\",\"@id\":\"https:\/\/www.estrategiaconcursos.com.br\/blog\/mpt-resultados-dos-recursos-da-discursiva\/#primaryimage\",\"url\":\"https:\/\/dhg1h5j42swfq.cloudfront.net\/2019\/09\/02110116\/MPT.jpg\",\"contentUrl\":\"https:\/\/dhg1h5j42swfq.cloudfront.net\/2019\/09\/02110116\/MPT.jpg\",\"width\":1200,\"height\":628,\"caption\":\"concurso mpt\"},{\"@type\":\"BreadcrumbList\",\"@id\":\"https:\/\/www.estrategiaconcursos.com.br\/blog\/mpt-resultados-dos-recursos-da-discursiva\/#breadcrumb\",\"itemListElement\":[{\"@type\":\"ListItem\",\"position\":1,\"name\":\"In\u00edcio\",\"item\":\"https:\/\/www.estrategiaconcursos.com.br\/blog\/\"},{\"@type\":\"ListItem\",\"position\":2,\"name\":\"MPT: \u00f3rg\u00e3o publica resultados dos recursos da prova discursiva\"}]},{\"@type\":\"WebSite\",\"@id\":\"https:\/\/www.estrategiaconcursos.com.br\/blog\/#website\",\"url\":\"https:\/\/www.estrategiaconcursos.com.br\/blog\/\",\"name\":\"Estrat\u00e9gia Concursos\",\"description\":\"O blog da Estrat\u00e9gia Concursos traz not\u00edcias sobre concursos e artigos de professores oferecendo cursos para concursos (pdf + videaulas) no site.\",\"publisher\":{\"@id\":\"https:\/\/www.estrategiaconcursos.com.br\/blog\/#organization\"},\"potentialAction\":[{\"@type\":\"SearchAction\",\"target\":{\"@type\":\"EntryPoint\",\"urlTemplate\":\"https:\/\/www.estrategiaconcursos.com.br\/blog\/?s={search_term_string}\"},\"query-input\":{\"@type\":\"PropertyValueSpecification\",\"valueRequired\":true,\"valueName\":\"search_term_string\"}}],\"inLanguage\":\"pt-BR\"},{\"@type\":\"Organization\",\"@id\":\"https:\/\/www.estrategiaconcursos.com.br\/blog\/#organization\",\"name\":\"Estrat\u00e9gia Concursos\",\"url\":\"https:\/\/www.estrategiaconcursos.com.br\/blog\/\",\"logo\":{\"@type\":\"ImageObject\",\"inLanguage\":\"pt-BR\",\"@id\":\"https:\/\/www.estrategiaconcursos.com.br\/blog\/#\/schema\/logo\/image\/\",\"url\":\"https:\/\/dhg1h5j42swfq.cloudfront.net\/2025\/06\/03203428\/logo_concursos-1.jpg\",\"contentUrl\":\"https:\/\/dhg1h5j42swfq.cloudfront.net\/2025\/06\/03203428\/logo_concursos-1.jpg\",\"width\":230,\"height\":60,\"caption\":\"Estrat\u00e9gia Concursos\"},\"image\":{\"@id\":\"https:\/\/www.estrategiaconcursos.com.br\/blog\/#\/schema\/logo\/image\/\"},\"sameAs\":[\"https:\/\/x.com\/EstratConcursos\"]},{\"@type\":\"Person\",\"@id\":\"https:\/\/www.estrategiaconcursos.com.br\/blog\/#\/schema\/person\/80581c41357e3666d4b56f2db6910639\",\"name\":\"Tulio Lages\",\"image\":{\"@type\":\"ImageObject\",\"inLanguage\":\"pt-BR\",\"@id\":\"https:\/\/secure.gravatar.com\/avatar\/d24e31d7062c4ca48f968843d2bcad20a2ba1a5cf087b6f34171db005b925941?s=96&d=mm&r=g\",\"url\":\"https:\/\/secure.gravatar.com\/avatar\/d24e31d7062c4ca48f968843d2bcad20a2ba1a5cf087b6f34171db005b925941?s=96&d=mm&r=g\",\"contentUrl\":\"https:\/\/secure.gravatar.com\/avatar\/d24e31d7062c4ca48f968843d2bcad20a2ba1a5cf087b6f34171db005b925941?s=96&d=mm&r=g\",\"caption\":\"Tulio Lages\"},\"url\":\"https:\/\/www.estrategiaconcursos.com.br\/blog\/author\/tuliolagesestrategiaconcursos-com-br\/\"}]}<\/script>\n<!-- \/ Yoast SEO Premium plugin. -->","yoast_head_json":{"title":"MPT: \u00f3rg\u00e3o publica resultados dos recursos da prova discursiva","description":"O MPT divulgou os resultados dos recursos interpostos contra o resultado da prova discursiva. Saiba mais informa\u00e7\u00f5es neste artigo.","robots":{"index":"index","follow":"follow","max-snippet":"max-snippet:-1","max-image-preview":"max-image-preview:large","max-video-preview":"max-video-preview:-1"},"canonical":"https:\/\/www.estrategiaconcursos.com.br\/blog\/mpt-resultados-dos-recursos-da-discursiva\/","og_locale":"pt_BR","og_type":"article","og_title":"MPT: \u00f3rg\u00e3o publica resultados dos recursos da prova discursiva","og_description":"O MPT divulgou os resultados dos recursos interpostos contra o resultado da prova discursiva. Saiba mais informa\u00e7\u00f5es neste artigo.","og_url":"https:\/\/www.estrategiaconcursos.com.br\/blog\/mpt-resultados-dos-recursos-da-discursiva\/","og_site_name":"Estrat\u00e9gia Concursos","article_published_time":"2020-11-09T11:56:47+00:00","article_modified_time":"2023-06-29T12:41:51+00:00","og_image":[{"width":1200,"height":628,"url":"https:\/\/dhg1h5j42swfq.cloudfront.net\/2019\/09\/02110116\/MPT.jpg","type":"image\/jpeg"}],"author":"Tulio Lages","twitter_card":"summary_large_image","twitter_creator":"@EstratConcursos","twitter_site":"@EstratConcursos","twitter_misc":{"Escrito por":"Tulio Lages","Est. tempo de leitura":"2 minutos"},"schema":{"@context":"https:\/\/schema.org","@graph":[{"@type":"NewsArticle","@id":"https:\/\/www.estrategiaconcursos.com.br\/blog\/mpt-resultados-dos-recursos-da-discursiva\/#article","isPartOf":{"@id":"https:\/\/www.estrategiaconcursos.com.br\/blog\/mpt-resultados-dos-recursos-da-discursiva\/"},"author":{"name":"Tulio Lages","@id":"https:\/\/www.estrategiaconcursos.com.br\/blog\/#\/schema\/person\/80581c41357e3666d4b56f2db6910639"},"headline":"MPT: \u00f3rg\u00e3o publica resultados dos recursos da prova discursiva","datePublished":"2020-11-09T11:56:47+00:00","dateModified":"2023-06-29T12:41:51+00:00","mainEntityOfPage":{"@id":"https:\/\/www.estrategiaconcursos.com.br\/blog\/mpt-resultados-dos-recursos-da-discursiva\/"},"wordCount":327,"commentCount":0,"publisher":{"@id":"https:\/\/www.estrategiaconcursos.com.br\/blog\/#organization"},"image":{"@id":"https:\/\/www.estrategiaconcursos.com.br\/blog\/mpt-resultados-dos-recursos-da-discursiva\/#primaryimage"},"thumbnailUrl":"https:\/\/dhg1h5j42swfq.cloudfront.net\/2019\/09\/02110116\/MPT.jpg","articleSection":["Concursos P\u00fablicos","Jur\u00eddico"],"inLanguage":"pt-BR","potentialAction":[{"@type":"CommentAction","name":"Comment","target":["https:\/\/www.estrategiaconcursos.com.br\/blog\/mpt-resultados-dos-recursos-da-discursiva\/#respond"]}],"copyrightYear":"2020","copyrightHolder":{"@id":"https:\/\/www.estrategiaconcursos.com.br\/blog\/#organization"}},{"@type":"WebPage","@id":"https:\/\/www.estrategiaconcursos.com.br\/blog\/mpt-resultados-dos-recursos-da-discursiva\/","url":"https:\/\/www.estrategiaconcursos.com.br\/blog\/mpt-resultados-dos-recursos-da-discursiva\/","name":"MPT: \u00f3rg\u00e3o publica resultados dos recursos da prova discursiva","isPartOf":{"@id":"https:\/\/www.estrategiaconcursos.com.br\/blog\/#website"},"primaryImageOfPage":{"@id":"https:\/\/www.estrategiaconcursos.com.br\/blog\/mpt-resultados-dos-recursos-da-discursiva\/#primaryimage"},"image":{"@id":"https:\/\/www.estrategiaconcursos.com.br\/blog\/mpt-resultados-dos-recursos-da-discursiva\/#primaryimage"},"thumbnailUrl":"https:\/\/dhg1h5j42swfq.cloudfront.net\/2019\/09\/02110116\/MPT.jpg","datePublished":"2020-11-09T11:56:47+00:00","dateModified":"2023-06-29T12:41:51+00:00","description":"O MPT divulgou os resultados dos recursos interpostos contra o resultado da prova discursiva. Saiba mais informa\u00e7\u00f5es neste artigo.","breadcrumb":{"@id":"https:\/\/www.estrategiaconcursos.com.br\/blog\/mpt-resultados-dos-recursos-da-discursiva\/#breadcrumb"},"inLanguage":"pt-BR","potentialAction":[{"@type":"ReadAction","target":["https:\/\/www.estrategiaconcursos.com.br\/blog\/mpt-resultados-dos-recursos-da-discursiva\/"]}]},{"@type":"ImageObject","inLanguage":"pt-BR","@id":"https:\/\/www.estrategiaconcursos.com.br\/blog\/mpt-resultados-dos-recursos-da-discursiva\/#primaryimage","url":"https:\/\/dhg1h5j42swfq.cloudfront.net\/2019\/09\/02110116\/MPT.jpg","contentUrl":"https:\/\/dhg1h5j42swfq.cloudfront.net\/2019\/09\/02110116\/MPT.jpg","width":1200,"height":628,"caption":"concurso mpt"},{"@type":"BreadcrumbList","@id":"https:\/\/www.estrategiaconcursos.com.br\/blog\/mpt-resultados-dos-recursos-da-discursiva\/#breadcrumb","itemListElement":[{"@type":"ListItem","position":1,"name":"In\u00edcio","item":"https:\/\/www.estrategiaconcursos.com.br\/blog\/"},{"@type":"ListItem","position":2,"name":"MPT: \u00f3rg\u00e3o publica resultados dos recursos da prova discursiva"}]},{"@type":"WebSite","@id":"https:\/\/www.estrategiaconcursos.com.br\/blog\/#website","url":"https:\/\/www.estrategiaconcursos.com.br\/blog\/","name":"Estrat\u00e9gia Concursos","description":"O blog da Estrat\u00e9gia Concursos traz not\u00edcias sobre concursos e artigos de professores oferecendo cursos para concursos (pdf + videaulas) no site.","publisher":{"@id":"https:\/\/www.estrategiaconcursos.com.br\/blog\/#organization"},"potentialAction":[{"@type":"SearchAction","target":{"@type":"EntryPoint","urlTemplate":"https:\/\/www.estrategiaconcursos.com.br\/blog\/?s={search_term_string}"},"query-input":{"@type":"PropertyValueSpecification","valueRequired":true,"valueName":"search_term_string"}}],"inLanguage":"pt-BR"},{"@type":"Organization","@id":"https:\/\/www.estrategiaconcursos.com.br\/blog\/#organization","name":"Estrat\u00e9gia Concursos","url":"https:\/\/www.estrategiaconcursos.com.br\/blog\/","logo":{"@type":"ImageObject","inLanguage":"pt-BR","@id":"https:\/\/www.estrategiaconcursos.com.br\/blog\/#\/schema\/logo\/image\/","url":"https:\/\/dhg1h5j42swfq.cloudfront.net\/2025\/06\/03203428\/logo_concursos-1.jpg","contentUrl":"https:\/\/dhg1h5j42swfq.cloudfront.net\/2025\/06\/03203428\/logo_concursos-1.jpg","width":230,"height":60,"caption":"Estrat\u00e9gia Concursos"},"image":{"@id":"https:\/\/www.estrategiaconcursos.com.br\/blog\/#\/schema\/logo\/image\/"},"sameAs":["https:\/\/x.com\/EstratConcursos"]},{"@type":"Person","@id":"https:\/\/www.estrategiaconcursos.com.br\/blog\/#\/schema\/person\/80581c41357e3666d4b56f2db6910639","name":"Tulio Lages","image":{"@type":"ImageObject","inLanguage":"pt-BR","@id":"https:\/\/secure.gravatar.com\/avatar\/d24e31d7062c4ca48f968843d2bcad20a2ba1a5cf087b6f34171db005b925941?s=96&d=mm&r=g","url":"https:\/\/secure.gravatar.com\/avatar\/d24e31d7062c4ca48f968843d2bcad20a2ba1a5cf087b6f34171db005b925941?s=96&d=mm&r=g","contentUrl":"https:\/\/secure.gravatar.com\/avatar\/d24e31d7062c4ca48f968843d2bcad20a2ba1a5cf087b6f34171db005b925941?s=96&d=mm&r=g","caption":"Tulio Lages"},"url":"https:\/\/www.estrategiaconcursos.com.br\/blog\/author\/tuliolagesestrategiaconcursos-com-br\/"}]}},"_links":{"self":[{"href":"https:\/\/www.estrategiaconcursos.com.br\/blog\/wp-json\/wp\/v2\/posts\/607291","targetHints":{"allow":["GET"]}}],"collection":[{"href":"https:\/\/www.estrategiaconcursos.com.br\/blog\/wp-json\/wp\/v2\/posts"}],"about":[{"href":"https:\/\/www.estrategiaconcursos.com.br\/blog\/wp-json\/wp\/v2\/types\/post"}],"author":[{"embeddable":true,"href":"https:\/\/www.estrategiaconcursos.com.br\/blog\/wp-json\/wp\/v2\/users\/221"}],"replies":[{"embeddable":true,"href":"https:\/\/www.estrategiaconcursos.com.br\/blog\/wp-json\/wp\/v2\/comments?post=607291"}],"version-history":[{"count":8,"href":"https:\/\/www.estrategiaconcursos.com.br\/blog\/wp-json\/wp\/v2\/posts\/607291\/revisions"}],"predecessor-version":[{"id":1240814,"href":"https:\/\/www.estrategiaconcursos.com.br\/blog\/wp-json\/wp\/v2\/posts\/607291\/revisions\/1240814"}],"wp:featuredmedia":[{"embeddable":true,"href":"https:\/\/www.estrategiaconcursos.com.br\/blog\/wp-json\/wp\/v2\/media\/429119"}],"wp:attachment":[{"href":"https:\/\/www.estrategiaconcursos.com.br\/blog\/wp-json\/wp\/v2\/media?parent=607291"}],"wp:term":[{"taxonomy":"category","embeddable":true,"href":"https:\/\/www.estrategiaconcursos.com.br\/blog\/wp-json\/wp\/v2\/categories?post=607291"},{"taxonomy":"post_tag","embeddable":true,"href":"https:\/\/www.estrategiaconcursos.com.br\/blog\/wp-json\/wp\/v2\/tags?post=607291"},{"taxonomy":"tax_estado","embeddable":true,"href":"https:\/\/www.estrategiaconcursos.com.br\/blog\/wp-json\/wp\/v2\/tax_estado?post=607291"}],"curies":[{"name":"wp","href":"https:\/\/api.w.org\/{rel}","templated":true}]}}