{"id":607173,"date":"2020-11-14T10:45:00","date_gmt":"2020-11-14T13:45:00","guid":{"rendered":"https:\/\/www.estrategiaconcursos.com.br\/blog\/?p=607173"},"modified":"2021-08-27T09:57:07","modified_gmt":"2021-08-27T12:57:07","slug":"mnemonicos-no-direito-tributario-parte-2","status":"publish","type":"post","link":"https:\/\/www.estrategiaconcursos.com.br\/blog\/mnemonicos-no-direito-tributario-parte-2\/","title":{"rendered":"Mnem\u00f4nicos no direito tribut\u00e1rio \u2013 Memorize J\u00e1 &#8211; parte 2"},"content":{"rendered":"\n<p>Fala, pessoal. Tudo certo? Voltemos com o artigo sobre os mnem\u00f4nicos no Direito Tribut\u00e1rio, al\u00e9m de passar alguns bizus e dicas.<\/p>\n\n\n\n<p>Lembrando que os mnem\u00f4nicos s\u00e3o importantes ferramentas de memoriza\u00e7\u00e3o que realmente salvam na hora da prova. <\/p>\n\n\n\n<div class=\"wp-block-image\"><figure class=\"aligncenter is-resized\"><img loading=\"lazy\" decoding=\"async\" src=\"https:\/\/dhg1h5j42swfq.cloudfront.net\/2020\/11\/07141210\/image-71.png\" alt=\"Mnem\u00f4nicos no direito tribut\u00e1rio\" width=\"389\" height=\"355\"\/><figcaption>Mnem\u00f4nicos no direito tribut\u00e1rio<\/figcaption><\/figure><\/div>\n\n\n\n<p>Os mnem\u00f4nicos no Direito Tribut\u00e1rio ser\u00e3o desenvolvidos a partir das mat\u00e9rias do <a href=\"http:\/\/www.planalto.gov.br\/ccivil_03\/leis\/l5172compilado.htm\" data-type=\"URL\" data-id=\"http:\/\/www.planalto.gov.br\/ccivil_03\/leis\/l5172compilado.htm\">CTN<\/a> , beleza? Vamos l\u00e1. <\/p>\n\n\n\n<h2 class=\"wp-block-heading\" id=\"h-momento-da-ocorr-ncia-do-fato-gerador\">Momento da ocorr\u00eancia do fato gerador<\/h2>\n\n\n\n<p>O CTN disciplinou de forma gen\u00e9rica o aspecto temporal para dois grandes grupos de fatos geradores, fato gerador quando ocorre uma <strong><span class=\"has-inline-color has-vivid-green-cyan-color\">situa\u00e7\u00e3o de fato<\/span><\/strong>, aquela que possui apenas relev\u00e2ncia economia e n\u00e3o \u00e9 disciplina por outros ramos do direito (Ex: importa\u00e7\u00e3o) e a<span class=\"has-inline-color has-vivid-green-cyan-color\"> <strong>situa\u00e7\u00e3o jur\u00eddica<\/strong><\/span>, aquela que os efeitos jur\u00eddicos j\u00e1 s\u00e3o estipulados por outros ramos do Direito (ex: propriedade). Segundo o CTN:<\/p>\n\n\n\n<p><em>&nbsp;&nbsp;&nbsp;Art. 116. Salvo disposi\u00e7\u00e3o de lei em contr\u00e1rio, <\/em><strong><em><span class=\"has-inline-color has-vivid-cyan-blue-color\">considera-se ocorrido o fato gerador<\/span><\/em><\/strong><em> e existentes os seus efeitos:<\/em><\/p>\n\n\n\n<p><em>&nbsp;&nbsp;&nbsp;&nbsp;&nbsp;&nbsp;&nbsp; I &#8211; tratando-se de <\/em><strong><span class=\"has-inline-color has-vivid-green-cyan-color\"><em>situa\u00e7\u00e3o de fato<\/em><\/span><\/strong><em><span class=\"has-inline-color has-vivid-green-cyan-color\">,<\/span> desde o <strong>momento<\/strong> em que o se <strong>verifiquem as circunst\u00e2ncias materiais<\/strong> necess\u00e1rias a que produza os efeitos que normalmente lhe s\u00e3o pr\u00f3prios;<\/em><\/p>\n\n\n\n<p><em>&nbsp;&nbsp;&nbsp;&nbsp;&nbsp;&nbsp;&nbsp; II &#8211; tratando-se de<span class=\"has-inline-color has-vivid-green-cyan-color\"> <\/span><\/em><strong><span class=\"has-inline-color has-vivid-green-cyan-color\"><em>situa\u00e7\u00e3o jur\u00eddica<\/em><\/span><\/strong><em>, desde o <strong>momento<\/strong> em que esteja <strong>definitivamente constitu\u00edda<\/strong>, nos termos de <strong>direito aplic\u00e1vel<\/strong>.<\/em><\/p>\n\n\n\n<p>Esse artigo \u00e9 muito cobrado, ent\u00e3o \u00e9 importante memorizar que:<\/p>\n\n\n\n<p><span class=\"has-inline-color has-cyan-bluish-gray-color\"><strong>Bizu:<\/strong><\/span><\/p>\n\n\n\n<ul class=\"wp-block-list\"><li><span class=\"has-inline-color has-vivid-purple-color\"><strong>Situa\u00e7\u00e3o de fato<\/strong> <\/span>-&gt; circunst\u00e2ncias <strong>materiais<\/strong><\/li><li><span class=\"has-inline-color has-vivid-purple-color\"><strong>Situa\u00e7\u00e3o jur\u00eddica<\/strong> <\/span>-&gt; <strong>direito<\/strong> aplic\u00e1vel<\/li><\/ul>\n\n\n\n<h2 class=\"wp-block-heading\" id=\"h-domic-lio-tribut-rio\">Domic\u00edlio tribut\u00e1rio<\/h2>\n\n\n\n<p>O&nbsp;<strong>domic\u00edlio fiscal&nbsp;<\/strong>\u00e9 o endere\u00e7o\/local onde o contribuinte responde por suas obriga\u00e7\u00f5es tribut\u00e1rias. Em regra, o contribuinte elege seu domic\u00edlio, mas autoridade administrativa pode recusar o domic\u00edlio eleito, quando impossibilite ou dificulte a arrecada\u00e7\u00e3o ou a fiscaliza\u00e7\u00e3o do tributo. Vejamos o artigo 127 do CTN:<\/p>\n\n\n\n<p><em>&nbsp;&nbsp;&nbsp;&nbsp;&nbsp;&nbsp; Art. 127. <\/em><strong><em><span class=\"has-inline-color has-vivid-cyan-blue-color\">Na falta de elei\u00e7\u00e3o<\/span><\/em><\/strong><em>, pelo contribuinte ou respons\u00e1vel, de domic\u00edlio tribut\u00e1rio, na forma da legisla\u00e7\u00e3o aplic\u00e1vel, considera-se como tal:<\/em><\/p>\n\n\n\n<p><em>&nbsp;&nbsp;&nbsp;&nbsp;&nbsp;&nbsp;&nbsp; I &#8211; quanto \u00e0s <\/em><strong><em><span class=\"has-inline-color has-vivid-green-cyan-color\">pessoas naturais<\/span><\/em><\/strong><em>, a sua <strong>resid\u00eancia habitual<\/strong>, <span style=\"text-decoration: underline\">ou, sendo esta incerta ou desconhecida<\/span>, o <strong>centro habitual de sua atividade<\/strong>;<\/em><\/p>\n\n\n\n<p><em>&nbsp;&nbsp;&nbsp;&nbsp;&nbsp;&nbsp;&nbsp; II &#8211; quanto \u00e0s <\/em><strong><span class=\"has-inline-color has-vivid-green-cyan-color\"><em>pessoas jur\u00eddicas de direito privado<\/em><\/span><\/strong><em><span class=\"has-inline-color has-vivid-green-cyan-color\"> o<\/span><\/em><strong><span class=\"has-inline-color has-vivid-green-cyan-color\"><em>u \u00e0s firmas individuais<\/em><\/span><\/strong><em>, o <strong>lugar da sua sede<\/strong>, <span style=\"text-decoration: underline\">ou<\/span>, em rela\u00e7\u00e3o aos <\/em><strong><em>atos ou fatos que derem origem <\/em><\/strong><em>\u00e0 obriga\u00e7\u00e3o, o de <strong>cada estabelecimento<\/strong>;<\/em><\/p>\n\n\n\n<p><em>&nbsp;&nbsp;&nbsp;&nbsp;&nbsp;&nbsp;&nbsp; III &#8211; quanto \u00e0s <\/em><strong><em><span class=\"has-inline-color has-vivid-green-cyan-color\">pessoas jur\u00eddicas de direito p\u00fablico<\/span><\/em><\/strong><em>, <strong>qualquer<\/strong> de suas <strong>reparti\u00e7\u00f5es<\/strong> no territ\u00f3rio da entidade tributante.<\/em><\/p>\n\n\n\n<p><em>&nbsp;&nbsp;&nbsp;&nbsp;&nbsp;&nbsp;&nbsp; \u00a7 1\u00ba Quando <\/em><strong><em><span class=\"has-inline-color has-vivid-purple-color\">n\u00e3o couber a aplica\u00e7\u00e3o das regras fixadas<\/span><\/em><\/strong><em> em qualquer dos incisos deste artigo, considerar-se-\u00e1 como domic\u00edlio tribut\u00e1rio do contribuinte ou respons\u00e1vel o <strong>lugar da situa\u00e7\u00e3o dos bens ou da ocorr\u00eancia dos atos ou fatos que deram origem \u00e0 obriga\u00e7\u00e3o<\/strong>.<\/em><\/p>\n\n\n\n<p><em>&nbsp;&nbsp;&nbsp;&nbsp;&nbsp;&nbsp;&nbsp; \u00a7 2\u00ba A<span class=\"has-inline-color has-vivid-purple-color\"> <\/span><\/em><strong><span class=\"has-inline-color has-vivid-purple-color\"><em>autoridade administrativa pode recusar o domic\u00edlio eleito<\/em><\/span><\/strong><em>, quando <strong>impossibilite ou dificulte a arrecada\u00e7\u00e3o ou a fiscaliza\u00e7\u00e3o do tributo<\/strong>, <u>aplicando-se ent\u00e3o a regra do par\u00e1grafo anterior<\/u>.<\/em><\/p>\n\n\n\n<p>Essas regras costumam derrubar candidatados, ent\u00e3o vamos tentar facilitar as coisas.<\/p>\n\n\n\n<ul class=\"wp-block-list\"><li><span class=\"has-inline-color has-cyan-bluish-gray-color\"><strong>Regra<\/strong> <\/span>-&gt; <strong><span class=\"has-inline-color has-vivid-green-cyan-color\">Elei\u00e7\u00e3o<\/span><\/strong><\/li><\/ul>\n\n\n\n<ul class=\"wp-block-list\"><li><span class=\"has-inline-color has-cyan-bluish-gray-color\"><strong>Se n\u00e3o eleger seu domic\u00edlio<\/strong>:<\/span><\/li><\/ul>\n\n\n\n<p>Onde a<strong> <\/strong><span class=\"has-inline-color has-vivid-cyan-blue-color\"><strong>Pessoa<\/strong> <\/span><span class=\"has-inline-color has-vivid-green-cyan-color\"><strong>reside<\/strong> <\/span>?(Incerteza) no <strong><span class=\"has-inline-color has-vivid-green-cyan-color\">Centro<\/span><\/strong><br \/>E a <strong><span class=\"has-inline-color has-vivid-cyan-blue-color\">Empresa<\/span><\/strong>? Na <span class=\"has-inline-color has-vivid-green-cyan-color\"><strong>sede<\/strong> <\/span>ou em <span class=\"has-inline-color has-vivid-green-cyan-color\"><strong>cada<\/strong> <strong>estabelecimento<\/strong><\/span><strong> <\/strong>(fatos que deram origem)<br \/>J\u00e1 a<strong> <\/strong><span class=\"has-inline-color has-vivid-cyan-blue-color\"><strong>Administra<\/strong><\/span><span class=\"has-inline-color has-vivid-red-color\"><strong>\u00e7\u00e3o<\/strong> <\/span>\u00e9 na <strong>qualquer<\/strong> <span class=\"has-inline-color has-vivid-green-cyan-color\"><strong>reparti<\/strong><\/span><strong><span class=\"has-inline-color has-vivid-red-color\">\u00e7\u00e3o<\/span><\/strong><span class=\"has-inline-color has-vivid-green-cyan-color\"><strong>&nbsp;<\/strong><\/span><\/p>\n\n\n\n<ul class=\"wp-block-list\"><li><strong><span class=\"has-inline-color has-cyan-bluish-gray-color\">Se tudo der errado <\/span>-&gt; &nbsp;<\/strong>No local da <span class=\"has-inline-color has-vivid-green-cyan-color\"><strong>situa\u00e7\u00e3o dos bens<\/strong>\/<strong>ocorr\u00eancia dos atos<\/strong><\/span><\/li><\/ul>\n\n\n\n<h2 class=\"wp-block-heading\" id=\"h-suspens-o-da-exigibilidade-do-cr-dito-tribut-rio\">Suspens\u00e3o da Exigibilidade do Cr\u00e9dito Tribut\u00e1rio&nbsp;<\/h2>\n\n\n\n<p>A Fazenda realiza a constitui\u00e7\u00e3o do cr\u00e9dito pelo lan\u00e7amento, tendo como objetivo tornar o cr\u00e9dito exig\u00edvel, ou seja, fazer com que o sujeito passivo liquide a obriga\u00e7\u00e3o. No caso de descumprimento pelo sujeito passivo \u00e9 poss\u00edvel extrair um t\u00edtulo executivo (Certid\u00e3o de D\u00edvida Ativa) para possibilitar a a\u00e7\u00e3o de execu\u00e7\u00e3o fiscal (cobran\u00e7a via judici\u00e1rio), <span style=\"text-decoration: underline\">por\u00e9m em alguns casos a possibilidade de cobran\u00e7a fica suspensa<\/span>, chamamos de suspens\u00e3o da exigibilidade do cr\u00e9dito tribut\u00e1rio, ou simplesmente suspens\u00e3o do cr\u00e9dito tribut\u00e1rio.<\/p>\n\n\n\n<p><em>Art. 151. <strong><span class=\"has-inline-color has-vivid-cyan-blue-color\">Suspendem a exigibilidade<\/span><\/strong> do cr\u00e9dito tribut\u00e1rio:<\/em><\/p>\n\n\n\n<p><em>&nbsp;I &#8211; <strong><span class=\"has-inline-color has-vivid-red-color\">mor<\/span><\/strong>at\u00f3ria;<\/em><\/p>\n\n\n\n<p><em>&nbsp;II &#8211; o <strong><span class=\"has-inline-color has-vivid-red-color\">de<\/span><\/strong>p\u00f3sito do seu montante integral;<\/em><\/p>\n\n\n\n<p><em>&nbsp;III &#8211; as <strong><span class=\"has-inline-color has-vivid-red-color\">r<\/span><\/strong>eclama\u00e7\u00f5es e os recursos, nos termos das leis reguladoras do processo tribut\u00e1rio administrativo;<\/em><\/p>\n\n\n\n<p><em>&nbsp;IV &#8211; a concess\u00e3o de medida <strong><span class=\"has-inline-color has-vivid-red-color\">lim<\/span><\/strong>inar em mandado de seguran\u00e7a.<\/em><\/p>\n\n\n\n<p><em>&nbsp;V \u2013 a concess\u00e3o de medida <strong><span class=\"has-inline-color has-vivid-red-color\">lim<\/span><\/strong>inar ou de tutela antecipada, em outras esp\u00e9cies de a\u00e7\u00e3o judicial;&nbsp;&nbsp;&nbsp;&nbsp;&nbsp;&nbsp;&nbsp;&nbsp;&nbsp;&nbsp;&nbsp;&nbsp;<\/em><\/p>\n\n\n\n<p><em>&nbsp;VI \u2013 o <strong><span class=\"has-inline-color has-vivid-red-color\">par<\/span><\/strong>celamento<\/em><\/p>\n\n\n\n<p><span class=\"has-inline-color has-cyan-bluish-gray-color\"><strong>Mnem\u00f4nico:<\/strong> <\/span><strong><span class=\"has-inline-color has-vivid-red-color\">MOR-DE-R<\/span> e<span class=\"has-inline-color has-vivid-red-color\"> LIM\u00b2-PAR<\/span><\/strong><\/p>\n\n\n\n<h3 class=\"wp-block-heading\" id=\"h-morat-ria-em-car-ter-individual\">Morat\u00f3ria em car\u00e1ter individual:<\/h3>\n\n\n\n<p>O artigo 155 do CTN nos apresenta algumas regras sobre a concess\u00e3o de <strong>morat\u00f3ria em car\u00e1ter individual<\/strong> e seus efeitos perante a n\u00e3o aplica\u00e7\u00e3o do direito adquirido.<\/p>\n\n\n\n<p><em>&nbsp;Art. 155. A concess\u00e3o da <strong><span class=\"has-inline-color has-vivid-cyan-blue-color\">morat\u00f3ria em car\u00e1ter individual<\/span><\/strong> <strong><span class=\"has-inline-color has-vivid-green-cyan-color\">n\u00e3o gera direito adquirido<\/span><\/strong> e <strong><span class=\"has-inline-color has-vivid-green-cyan-color\">ser\u00e1 revogado de of\u00edcio<\/span><\/strong>, sempre que se apure que o <strong>beneficiado n\u00e3o satisfazia ou deixou de satisfazer as condi\u00e7\u00f5es<\/strong> ou n\u00e3o cumprira ou deixou de cumprir os requisitos para a concess\u00e3o do favor, <strong>cobrando-se o cr\u00e9dito acrescido de juros de mora<\/strong>:<\/em><\/p>\n\n\n\n<p><em>I &#8211; <span class=\"has-inline-color has-luminous-vivid-amber-color\"><strong>com<\/strong> <\/span><span class=\"has-inline-color has-vivid-purple-color\"><strong>imposi\u00e7\u00e3o da penalidade cab\u00edvel<\/strong><\/span>, nos casos de dolo ou simula\u00e7\u00e3o do beneficiado, ou de terceiro em benef\u00edcio daquele;<\/em><\/p>\n\n\n\n<p><em>II &#8211; <span class=\"has-inline-color has-luminous-vivid-amber-color\"><strong>sem<\/strong> <\/span><span class=\"has-inline-color has-vivid-purple-color\"><strong>imposi\u00e7\u00e3o de penalidade<\/strong><\/span>, nos demais casos.<\/em><\/p>\n\n\n\n<p>Apesar da literalidade do artigo citar apenas a <strong><span class=\"has-inline-color has-vivid-red-color\">M<\/span>orat\u00f3ria<\/strong>, outros benef\u00edcios fiscais tamb\u00e9m observam essas regras, como <strong><span class=\"has-inline-color has-vivid-red-color\">A<\/span>nistia<\/strong> (Art. 182, \u00a7u\u00ba), <strong><span class=\"has-inline-color has-vivid-red-color\">R<\/span>emiss\u00e3o<\/strong> (Art. 172, \u00a7u), <strong><span class=\"has-inline-color has-vivid-red-color\">I<\/span>sen\u00e7\u00e3o<\/strong> (Art. 179, \u00a72\u00ba), <strong><span class=\"has-inline-color has-vivid-red-color\">Pa<\/span>rcelamento<\/strong> (Art. 155-A, \u00a72\u00ba), assim fique atento!<\/p>\n\n\n\n<p><strong><span class=\"has-inline-color has-cyan-bluish-gray-color\">Mnem\u00f4nico:<\/span> <span class=\"has-inline-color has-vivid-red-color\">M-A-R-I-PA<\/span><\/strong><\/p>\n\n\n\n<h2 class=\"wp-block-heading\" id=\"h-exclus-o-do-cr-dito-tribut-rio\">Exclus\u00e3o do Cr\u00e9dito Tribut\u00e1rio<\/h2>\n\n\n\n<p>A exclus\u00e3o de cr\u00e9dito tribut\u00e1rio, a grosso modo, impede que a Fazenda constitua o cr\u00e9dito tribut\u00e1rio ap\u00f3s a ocorr\u00eancia do fato gerador e o CTN disciplinou apenas duas modalidades.<\/p>\n\n\n\n<p><em>Art. 175. <strong><span class=\"has-inline-color has-vivid-cyan-blue-color\">Excluem o cr\u00e9dito<\/span><\/strong> tribut\u00e1rio:<\/em><\/p>\n\n\n\n<p><em>&nbsp;I &#8211; a <\/em><strong><em><span class=\"has-inline-color has-vivid-green-cyan-color\">isen\u00e7\u00e3o<\/span><\/em><\/strong><em>;<\/em><\/p>\n\n\n\n<p><em>&nbsp;II &#8211; a <\/em><strong><em><span class=\"has-inline-color has-vivid-green-cyan-color\">anistia<\/span><\/em><\/strong><em>.<\/em><\/p>\n\n\n\n<p><strong><span class=\"has-inline-color has-cyan-bluish-gray-color\">Bizu:<\/span><\/strong> Exclus<strong><span class=\"has-inline-color has-vivid-red-color\">2<\/span><\/strong>\u00e3o -&gt; Apenas <span class=\"has-inline-color has-vivid-red-color\"><strong>2<\/strong><\/span> hip\u00f3teses<\/p>\n\n\n\n<p>Sendo que,<\/p>\n\n\n\n<ul class=\"wp-block-list\"><li><strong><span class=\"has-inline-color has-vivid-red-color\">A<\/span><span class=\"has-inline-color has-vivid-purple-color\">nistia<\/span><\/strong>: <strong>Apenas<\/strong> fatos <strong><span class=\"has-inline-color has-vivid-red-color\">A<\/span>nteriores <\/strong>\u00e0 vig\u00eancia da Lei <strong>-&gt;<\/strong>relacionado a <span class=\"has-inline-color has-luminous-vivid-amber-color\"><strong>Mult<\/strong><\/span><strong><span class=\"has-inline-color has-vivid-red-color\">a<\/span><\/strong><span class=\"has-inline-color has-luminous-vivid-amber-color\">&nbsp;&nbsp;<\/span><\/li><li><strong><span class=\"has-inline-color has-vivid-red-color\">I<\/span><span class=\"has-inline-color has-vivid-purple-color\">sen\u00e7\u00e3o<\/span><\/strong>: Poss\u00edvel para fatos posteriores (se disposto em lei) <strong>-&gt; <\/strong>relacionado a tributo a<strong> <span class=\"has-inline-color has-luminous-vivid-amber-color\">Tr<\/span><span class=\"has-inline-color has-vivid-red-color\">i<\/span><span class=\"has-inline-color has-luminous-vivid-amber-color\">buto<\/span><\/strong><\/li><\/ul>\n\n\n\n<h3 class=\"wp-block-heading\" id=\"h-suspens-o-x-exclus-o-x-extin-o\">Suspens\u00e3o X Exclus\u00e3o X Extin\u00e7\u00e3o<\/h3>\n\n\n\n<p>Muitas quest\u00f5es tentam simplesmente confundir o candidato trocando as hip\u00f3teses de suspens\u00e3o por exclus\u00e3o, exclus\u00e3o por extin\u00e7\u00e3o e etc., assim \u00e9 realmente necess\u00e1rio saber diferenci\u00e1-las.<\/p>\n\n\n\n<p>Utilizando os mnem\u00f4nicos que j\u00e1 vimos, teremos que:<\/p>\n\n\n\n<ul class=\"wp-block-list\"><li><strong><span class=\"has-inline-color has-vivid-purple-color\">Suspens\u00e3o<\/span><\/strong> (Art. 151): <strong><span class=\"has-inline-color has-vivid-red-color\">MOR-DE-R<\/span> e <span class=\"has-inline-color has-vivid-red-color\">LIM\u00b2-PAR<\/span><\/strong><\/li><li><span class=\"has-inline-color has-vivid-purple-color\"><strong>Exclus\u00e3o<\/strong> <\/span>(Art. 175): Exclu<strong><span class=\"has-inline-color has-vivid-red-color\">2<\/span><\/strong>\u00e3o -&gt; Apenas <strong><span class=\"has-inline-color has-vivid-red-color\">2<\/span><\/strong> hip\u00f3teses (isen\u00e7\u00e3o e anistia)<\/li><li><span class=\"has-inline-color has-vivid-purple-color\"><strong>Extin\u00e7\u00e3o<\/strong> <\/span>(Art. 156): Demais hip\u00f3teses n\u00e3o previstas nas duas anteriores<\/li><\/ul>\n\n\n\n<h2 class=\"wp-block-heading\" id=\"h-imputa-o-em-pagamento\">Imputa\u00e7\u00e3o em pagamento<\/h2>\n\n\n\n<p>A imputa\u00e7\u00e3o em pagamento, conforme o C\u00f3digo Civil ocorre quando a <strong>pessoa obrigada por dois ou mais d\u00e9bitos da mesma natureza<\/strong>, a um s\u00f3 credor, <strong>tem o direito de indicar a qual deles oferece pagamento,<\/strong> se todos forem l\u00edquidos e vencidos (CC, Art. 352).<\/p>\n\n\n\n<p>J\u00e1 no Direito Tribut\u00e1rio a imputa\u00e7\u00e3o em pagamento ocorre quando o sujeito passivo possui mais de um d\u00e9bito com o sujeito ativo, por\u00e9m ao oferecer o pagamento n\u00e3o tem o montante total para pagar toda a obriga\u00e7\u00e3o, logo a <strong>autoridade administrativa deve proceder a determinar\u00e1 a imputa\u00e7\u00e3o <\/strong>conforme regras estipuladas no CTN (Art. 163).<\/p>\n\n\n\n<p><em>Art. 163 (&#8230;) a autoridade administrativa competente para receber o pagamento determinar\u00e1 a respectiva imputa\u00e7\u00e3o, <strong><span class=\"has-inline-color has-vivid-cyan-blue-color\">obedecidas as seguintes regras<\/span><\/strong>, na ordem em que enumeradas:<\/em><\/p>\n\n\n\n<p><em>I &#8211; em primeiro lugar, aos <\/em><strong><em><span class=\"has-inline-color has-vivid-green-cyan-color\">d\u00e9bitos por obriga\u00e7\u00e3o pr\u00f3pria<\/span><\/em><\/strong><em>, e em segundo lugar aos decorrentes de <\/em><strong><em>responsabilidade tribut\u00e1ria<\/em><\/strong><em>;<\/em><\/p>\n\n\n\n<p><em>II &#8211; primeiramente, \u00e0s <\/em><strong><em><span class=\"has-inline-color has-vivid-green-cyan-color\">contribui\u00e7\u00f5es de melhoria<\/span><\/em><\/strong><em>, depois \u00e0s <\/em><strong><em>taxas<\/em><\/strong><em> e por fim aos <\/em><strong><em>impostos<\/em><\/strong><em>;<\/em><\/p>\n\n\n\n<p><em>III &#8211; na <\/em><strong><em>ordem crescente<\/em><\/strong><em> dos <\/em><strong><em><span class=\"has-inline-color has-vivid-green-cyan-color\">prazos de prescri\u00e7\u00e3o<\/span><\/em><\/strong><em>;<\/em><\/p>\n\n\n\n<p><em>IV &#8211; na <\/em><strong><em>ordem decrescente<\/em><\/strong><em> dos <\/em><strong><em><span class=\"has-inline-color has-vivid-green-cyan-color\">montantes<\/span><\/em><\/strong><em>.<\/em><\/p>\n\n\n\n<p>Vamos facilitar essas regras:<\/p>\n\n\n\n<p>Bizu:<\/p>\n\n\n\n<p><strong>1\u00ba <span class=\"has-inline-color has-vivid-purple-color\">Obriga\u00e7\u00e3o pr\u00f3pria<\/span><\/strong> &#8211; <strong><span class=\"has-inline-color has-vivid-red-color\">C<\/span><\/strong>ontribuinte depois <strong><span class=\"has-inline-color has-vivid-red-color\">R<\/span><\/strong>espons\u00e1vel (<strong><span class=\"has-inline-color has-vivid-red-color\">C<\/span><\/strong> vem antes de <strong><span class=\"has-inline-color has-vivid-red-color\">R<\/span><\/strong>)<br \/><strong>2\u00ba<\/strong> <strong><span class=\"has-inline-color has-vivid-purple-color\">Pela afeta\u00e7\u00e3o<\/span> \u2013 <span class=\"has-inline-color has-vivid-red-color\">C<\/span><\/strong>ome\u00e7a em <strong><span class=\"has-inline-color has-vivid-red-color\">M<\/span><\/strong>im (<strong><span class=\"has-inline-color has-vivid-red-color\">CM<\/span><\/strong> &gt; Taxas &gt; Impostos)<br \/><strong>3\u00ba <span class=\"has-inline-color has-vivid-red-color\">C<\/span><span class=\"has-inline-color has-vivid-purple-color\">rescente no prazo de pres<\/span><span class=\"has-inline-color has-vivid-red-color\">c<\/span><span class=\"has-inline-color has-vivid-purple-color\">ri\u00e7\u00e3o<\/span><\/strong><br \/><strong>4\u00ba <span class=\"has-inline-color has-vivid-red-color\">D<\/span><span class=\"has-inline-color has-vivid-purple-color\">escente dos montantes <\/span>&#8211; <span class=\"has-inline-color has-vivid-red-color\">d<\/span><\/strong>olar<\/p>\n\n\n\n<p><strong><span class=\"has-inline-color has-luminous-vivid-amber-color\">Obs.<\/span><\/strong> \u00c9 bom frisar que nos dias de hoje a imputa\u00e7\u00e3o em pagamento \u00e9 pouco utilizada na pr\u00e1tica do Direito Tribut\u00e1rio, uma vez que os pagamentos s\u00e3o realizados nos bancos, assim h\u00e1 exata demonstra\u00e7\u00e3o do cr\u00e9dito sendo pago, tornando a imputa\u00e7\u00e3o em pagamento sem aplicabilidade, entretanto a <strong>ordem de classifica\u00e7\u00e3o ainda continua sendo cobrada em provas de concurso<\/strong>.<\/p>\n\n\n\n<h2 class=\"wp-block-heading\" id=\"h-sigilo\">Sigilo<\/h2>\n\n\n\n<p>Para finalizar o artigo sobre os mnem\u00f4nicos no Direito Tribut\u00e1rio, vejamos sobre o Sigilo.<\/p>\n\n\n\n<p>A Fazenda P\u00fablica devido a peculiaridade de suas atribui\u00e7\u00f5es trabalha com informa\u00e7\u00f5es da situa\u00e7\u00e3o econ\u00f4mica ou financeira do sujeito passivo e sobre a natureza e o estado de seus neg\u00f3cios, ou seja, s\u00e3o informa\u00e7\u00f5es extremamente delicadas que poderia prejudicar e muito um determinado contribuinte se fossem publicitadas, nesse sentido a <strong>divulga\u00e7\u00e3o desse tipo de informa\u00e7\u00e3o \u00e9 vedada<\/strong>, por quest\u00f5es obvias.&nbsp;<\/p>\n\n\n\n<p><em>Art. 198. Sem preju\u00edzo do disposto na legisla\u00e7\u00e3o criminal, \u00e9 <\/em><strong><em><span class=\"has-inline-color has-vivid-cyan-blue-color\">vedada a divulga\u00e7\u00e3o<\/span><\/em><\/strong><em>, <strong>por parte da Fazenda<\/strong> P\u00fablica ou de seus servidores, de <strong>informa\u00e7\u00e3o obtida em raz\u00e3o do of\u00edcio<\/strong> sobre a situa\u00e7\u00e3o econ\u00f4mica ou financeira do sujeito passivo ou de terceiros e sobre a natureza e o estado de seus neg\u00f3cios ou atividades.&nbsp;<\/em><\/p>\n\n\n\n<p>H\u00e1 exce\u00e7\u00f5es a essa regra, como a requisi\u00e7\u00e3o de autoridade judici\u00e1ria e a solicita\u00e7\u00f5es de autoridade administrativa no interesse da Administra\u00e7\u00e3o P\u00fablica (Art. 198, \u00a71\u00ba) observando os devidos ritos procedimentais (Art. 198, \u00a72\u00ba), a Doutrina denomina essas exce\u00e7\u00f5es como <strong>Transfer\u00eancia de Sigilo<\/strong>, pois o que ocorre \u00e9 a mera transfer\u00eancia realmente, ficando as informa\u00e7\u00f5es ainda sigilosas.<\/p>\n\n\n\n<p>Entretanto h\u00e1 algumas informa\u00e7\u00f5es que devido sua natureza n\u00e3o foram protegidas pelo sigilo fiscal.<\/p>\n\n\n\n<p><em>Art. 198, \u00a7 3<u><sup>o<\/sup><\/u>&nbsp;<\/em><strong><em><span class=\"has-inline-color has-vivid-green-cyan-color\">N\u00e3o \u00e9 vedada a divulga\u00e7\u00e3o<\/span><\/em><\/strong><em> de informa\u00e7\u00f5es relativas a:&nbsp;<\/em><\/p>\n\n\n\n<p><em>&nbsp;I \u2013 <\/em><strong><em><span class=\"has-inline-color has-vivid-red-color\">re<\/span><\/em><\/strong><em>presenta\u00e7\u00f5es fiscais para <strong>fins penais<\/strong>;&nbsp;<\/em><\/p>\n\n\n\n<p><em>&nbsp;III \u2013 <\/em><strong><em><span class=\"has-inline-color has-vivid-red-color\">par<\/span><\/em><\/strong><em>celamento <strong>ou morat\u00f3ria<\/strong>.&nbsp;<\/em><\/p>\n\n\n\n<p><em>&nbsp;II \u2013 <\/em><strong><em><span class=\"has-inline-color has-vivid-red-color\">in<\/span><\/em><\/strong><em>scri\u00e7\u00f5es na <strong>D\u00edvida Ativa<\/strong> da Fazenda P\u00fablica;&nbsp;<\/em><\/p>\n\n\n\n<p><strong><span class=\"has-inline-color has-cyan-bluish-gray-color\">Mnem\u00f4nico:<\/span> <span class=\"has-inline-color has-vivid-red-color\">RE-PAR-IN<\/span><\/strong><\/p>\n\n\n\n<h2 class=\"wp-block-heading\" id=\"h-considera-es-finais\">Considera\u00e7\u00f5es Finais<\/h2>\n\n\n\n<p>Pessoal, chegamos ao final dos mnem\u00f4nicos no Direito Tribut\u00e1rio, espero que o artigo tenha sido efetivo no seu aprendizado e memoriza\u00e7\u00e3o.<\/p>\n\n\n\n<p>E a\u00ed conhece mais alguns Mnem\u00f4nicos no Direito Tribut\u00e1rio? N\u00e3o deixe de compartilh\u00e1-lo rs.<\/p>\n\n\n\n<p>At\u00e9 mais e bons estudos!<\/p>\n\n\n\n<p class=\"has-text-align-center\"><a href=\"https:\/\/www.instagram.com\/resumospassarin\/\">https:\/\/www.instagram.com\/resumospassarin\/<\/a><\/p>\n\n\n\n<p class=\"has-text-align-center\"><em><strong>Assinatura Anual Ilimitada*<\/strong><\/em><\/p>\n\n\n\n<p class=\"has-text-align-center\"><em>Prepare-se com o melhor material e com quem mais aprova em Concursos P\u00fablicos em todo o pa\u00eds. Assine agora a nossa Assinatura Anual e tenha acesso ilimitado* a todos os nossos cursos.<\/em><\/p>\n\n\n\n<p class=\"has-text-align-center has-light-green-cyan-background-color has-background\"><strong>ASSINE AGORA<\/strong>&nbsp;\u2013&nbsp;<strong><a rel=\"noreferrer noopener\" href=\"https:\/\/www.estrategiaconcursos.com.br\/assinaturas\" target=\"_blank\">Assinatura Ilimitada<\/a><\/strong><\/p>\n\n\n\n<p class=\"has-text-align-center\"><strong><em><strong>Sistema de Quest\u00f5es<\/strong><\/em><\/strong><\/p>\n\n\n\n<p class=\"has-text-align-center\"><em>Estrat\u00e9gia Quest\u00f5es nasceu maior do que todos os concorrentes, com mais quest\u00f5es cadastradas e mais solu\u00e7\u00f5es por professores. Ent\u00e3o, confira e aproveite os descontos e b\u00f4nus imperd\u00edveis!<\/em><\/p>\n\n\n\n<p class=\"has-text-align-center has-vivid-green-cyan-background-color has-background\"><strong>ASSINE AGORA \u2013&nbsp;<a rel=\"noreferrer noopener\" href=\"https:\/\/www.estrategiaconcursos.com.br\/cursosPorConcurso\/sistema-de-questoes\/#\/\" target=\"_blank\">Sistema de Quest\u00f5es<\/a><\/strong><\/p>\n\n\n\n<p class=\"has-text-align-center\"><strong><em>Fique por dentro dos concursos em aberto<\/em><\/strong><\/p>\n\n\n\n<p class=\"has-text-align-center has-pale-cyan-blue-background-color has-background\"><a rel=\"noreferrer noopener\" href=\"https:\/\/www.estrategiaconcursos.com.br\/blog\/concursos-abertos\/\" target=\"_blank\"><strong>CONCURSOS ABERTOS<\/strong><\/a><\/p>\n\n\n\n<p class=\"has-text-align-center\"><strong><em>As oportunidades previstas<\/em><\/strong><\/p>\n\n\n\n<p class=\"has-text-align-center has-pale-cyan-blue-background-color has-background\"><a rel=\"noreferrer noopener\" href=\"https:\/\/www.estrategiaconcursos.com.br\/blog\/concursos-2020\/\" target=\"_blank\"><strong>CONCURSOS&nbsp;2020<\/strong><\/a><\/p>\n\n\n\n<p class=\"has-text-align-center has-pale-cyan-blue-background-color has-background\"><a rel=\"noreferrer noopener\" href=\"https:\/\/www.estrategiaconcursos.com.br\/blog\/concursos-2021\/\" target=\"_blank\"><strong>CONCURSOS 2021<\/strong><\/a><\/p>\n","protected":false},"excerpt":{"rendered":"<p>Fala, pessoal. Tudo certo? Voltemos com o artigo sobre os mnem\u00f4nicos no Direito Tribut\u00e1rio, al\u00e9m de passar alguns bizus e dicas. Lembrando que os mnem\u00f4nicos s\u00e3o importantes ferramentas de memoriza\u00e7\u00e3o que realmente salvam na hora da prova. Os mnem\u00f4nicos no Direito Tribut\u00e1rio ser\u00e3o desenvolvidos a partir das mat\u00e9rias do CTN , beleza? Vamos l\u00e1. Momento [&hellip;]<\/p>\n","protected":false},"author":1763,"featured_media":607048,"comment_status":"open","ping_status":"closed","sticky":false,"template":"","format":"standard","meta":{"post_tipo":"article","footnotes":""},"categories":[1983,2185,1984,214710],"tags":[],"tax_estado":[],"class_list":["post-607173","post","type-post","status-publish","format-standard","has-post-thumbnail","hentry","category-fiscal-estadual","category-carreiras-juridicas","category-tribunais","category-tribunais-de-contas"],"acf":[],"yoast_head":"<!-- This site is optimized with the Yoast SEO Premium plugin v27.2 (Yoast SEO v27.2) - https:\/\/yoast.com\/product\/yoast-seo-premium-wordpress\/ -->\n<title>Mnem\u00f4nicos no direito tribut\u00e1rio \u2013 Memorize J\u00e1 - parte 2<\/title>\n<meta name=\"description\" content=\"Veja neste artigo sobre mnem\u00f4nicos e dicas no Direito Tribut\u00e1rio, parte II. Informa\u00e7\u00f5es important\u00edssimas para memoriza\u00e7\u00e3o do conte\u00fado.\" \/>\n<meta name=\"robots\" content=\"index, follow, max-snippet:-1, max-image-preview:large, max-video-preview:-1\" \/>\n<link rel=\"canonical\" href=\"https:\/\/www.estrategiaconcursos.com.br\/blog\/mnemonicos-no-direito-tributario-parte-2\/\" \/>\n<meta property=\"og:locale\" content=\"pt_BR\" \/>\n<meta property=\"og:type\" content=\"article\" \/>\n<meta property=\"og:title\" content=\"Mnem\u00f4nicos no direito tribut\u00e1rio \u2013 Memorize J\u00e1 - parte 2\" \/>\n<meta property=\"og:description\" content=\"Veja neste artigo sobre mnem\u00f4nicos e dicas no Direito Tribut\u00e1rio, parte II. Informa\u00e7\u00f5es important\u00edssimas para memoriza\u00e7\u00e3o do conte\u00fado.\" \/>\n<meta property=\"og:url\" content=\"https:\/\/www.estrategiaconcursos.com.br\/blog\/mnemonicos-no-direito-tributario-parte-2\/\" \/>\n<meta property=\"og:site_name\" content=\"Estrat\u00e9gia Concursos\" \/>\n<meta property=\"article:published_time\" content=\"2020-11-14T13:45:00+00:00\" \/>\n<meta property=\"article:modified_time\" content=\"2021-08-27T12:57:07+00:00\" \/>\n<meta property=\"og:image\" content=\"https:\/\/dhg1h5j42swfq.cloudfront.net\/2020\/11\/07141210\/image-71.png\" \/>\n\t<meta property=\"og:image:width\" content=\"1080\" \/>\n\t<meta property=\"og:image:height\" content=\"988\" \/>\n\t<meta property=\"og:image:type\" content=\"image\/png\" \/>\n<meta name=\"author\" content=\"Leonardo Menezes Passarin\" \/>\n<meta name=\"twitter:card\" content=\"summary_large_image\" \/>\n<meta name=\"twitter:creator\" content=\"@EstratConcursos\" \/>\n<meta name=\"twitter:site\" content=\"@EstratConcursos\" \/>\n<meta name=\"twitter:label1\" content=\"Escrito por\" \/>\n\t<meta name=\"twitter:data1\" content=\"Leonardo Menezes Passarin\" \/>\n\t<meta name=\"twitter:label2\" content=\"Est. tempo de leitura\" \/>\n\t<meta name=\"twitter:data2\" content=\"8 minutos\" \/>\n<script type=\"application\/ld+json\" class=\"yoast-schema-graph\">{\"@context\":\"https:\/\/schema.org\",\"@graph\":[{\"@type\":\"NewsArticle\",\"@id\":\"https:\/\/www.estrategiaconcursos.com.br\/blog\/mnemonicos-no-direito-tributario-parte-2\/#article\",\"isPartOf\":{\"@id\":\"https:\/\/www.estrategiaconcursos.com.br\/blog\/mnemonicos-no-direito-tributario-parte-2\/\"},\"author\":{\"name\":\"Leonardo Menezes Passarin\",\"@id\":\"https:\/\/www.estrategiaconcursos.com.br\/blog\/#\/schema\/person\/245b44e43eb13f0dbd04a7a078cd0d0d\"},\"headline\":\"Mnem\u00f4nicos no direito tribut\u00e1rio \u2013 Memorize J\u00e1 &#8211; parte 2\",\"datePublished\":\"2020-11-14T13:45:00+00:00\",\"dateModified\":\"2021-08-27T12:57:07+00:00\",\"mainEntityOfPage\":{\"@id\":\"https:\/\/www.estrategiaconcursos.com.br\/blog\/mnemonicos-no-direito-tributario-parte-2\/\"},\"wordCount\":1956,\"commentCount\":0,\"publisher\":{\"@id\":\"https:\/\/www.estrategiaconcursos.com.br\/blog\/#organization\"},\"image\":{\"@id\":\"https:\/\/www.estrategiaconcursos.com.br\/blog\/mnemonicos-no-direito-tributario-parte-2\/#primaryimage\"},\"thumbnailUrl\":\"https:\/\/dhg1h5j42swfq.cloudfront.net\/2020\/11\/07141210\/image-71.png\",\"articleSection\":[\"Fiscal - Estadual (ICMS)\",\"Jur\u00eddico\",\"Tribunais\",\"Tribunais de Contas (TCU, TCE, TCM)\"],\"inLanguage\":\"pt-BR\",\"potentialAction\":[{\"@type\":\"CommentAction\",\"name\":\"Comment\",\"target\":[\"https:\/\/www.estrategiaconcursos.com.br\/blog\/mnemonicos-no-direito-tributario-parte-2\/#respond\"]}],\"copyrightYear\":\"2020\",\"copyrightHolder\":{\"@id\":\"https:\/\/www.estrategiaconcursos.com.br\/blog\/#organization\"}},{\"@type\":\"WebPage\",\"@id\":\"https:\/\/www.estrategiaconcursos.com.br\/blog\/mnemonicos-no-direito-tributario-parte-2\/\",\"url\":\"https:\/\/www.estrategiaconcursos.com.br\/blog\/mnemonicos-no-direito-tributario-parte-2\/\",\"name\":\"Mnem\u00f4nicos no direito tribut\u00e1rio \u2013 Memorize J\u00e1 - parte 2\",\"isPartOf\":{\"@id\":\"https:\/\/www.estrategiaconcursos.com.br\/blog\/#website\"},\"primaryImageOfPage\":{\"@id\":\"https:\/\/www.estrategiaconcursos.com.br\/blog\/mnemonicos-no-direito-tributario-parte-2\/#primaryimage\"},\"image\":{\"@id\":\"https:\/\/www.estrategiaconcursos.com.br\/blog\/mnemonicos-no-direito-tributario-parte-2\/#primaryimage\"},\"thumbnailUrl\":\"https:\/\/dhg1h5j42swfq.cloudfront.net\/2020\/11\/07141210\/image-71.png\",\"datePublished\":\"2020-11-14T13:45:00+00:00\",\"dateModified\":\"2021-08-27T12:57:07+00:00\",\"description\":\"Veja neste artigo sobre mnem\u00f4nicos e dicas no Direito Tribut\u00e1rio, parte II. Informa\u00e7\u00f5es important\u00edssimas para memoriza\u00e7\u00e3o do conte\u00fado.\",\"breadcrumb\":{\"@id\":\"https:\/\/www.estrategiaconcursos.com.br\/blog\/mnemonicos-no-direito-tributario-parte-2\/#breadcrumb\"},\"inLanguage\":\"pt-BR\",\"potentialAction\":[{\"@type\":\"ReadAction\",\"target\":[\"https:\/\/www.estrategiaconcursos.com.br\/blog\/mnemonicos-no-direito-tributario-parte-2\/\"]}]},{\"@type\":\"ImageObject\",\"inLanguage\":\"pt-BR\",\"@id\":\"https:\/\/www.estrategiaconcursos.com.br\/blog\/mnemonicos-no-direito-tributario-parte-2\/#primaryimage\",\"url\":\"https:\/\/dhg1h5j42swfq.cloudfront.net\/2020\/11\/07141210\/image-71.png\",\"contentUrl\":\"https:\/\/dhg1h5j42swfq.cloudfront.net\/2020\/11\/07141210\/image-71.png\",\"width\":1080,\"height\":988},{\"@type\":\"BreadcrumbList\",\"@id\":\"https:\/\/www.estrategiaconcursos.com.br\/blog\/mnemonicos-no-direito-tributario-parte-2\/#breadcrumb\",\"itemListElement\":[{\"@type\":\"ListItem\",\"position\":1,\"name\":\"In\u00edcio\",\"item\":\"https:\/\/www.estrategiaconcursos.com.br\/blog\/\"},{\"@type\":\"ListItem\",\"position\":2,\"name\":\"Mnem\u00f4nicos no direito tribut\u00e1rio \u2013 Memorize J\u00e1 &#8211; parte 2\"}]},{\"@type\":\"WebSite\",\"@id\":\"https:\/\/www.estrategiaconcursos.com.br\/blog\/#website\",\"url\":\"https:\/\/www.estrategiaconcursos.com.br\/blog\/\",\"name\":\"Estrat\u00e9gia Concursos\",\"description\":\"O blog da Estrat\u00e9gia Concursos traz not\u00edcias sobre concursos e artigos de professores oferecendo cursos para concursos (pdf + videaulas) no site.\",\"publisher\":{\"@id\":\"https:\/\/www.estrategiaconcursos.com.br\/blog\/#organization\"},\"potentialAction\":[{\"@type\":\"SearchAction\",\"target\":{\"@type\":\"EntryPoint\",\"urlTemplate\":\"https:\/\/www.estrategiaconcursos.com.br\/blog\/?s={search_term_string}\"},\"query-input\":{\"@type\":\"PropertyValueSpecification\",\"valueRequired\":true,\"valueName\":\"search_term_string\"}}],\"inLanguage\":\"pt-BR\"},{\"@type\":\"Organization\",\"@id\":\"https:\/\/www.estrategiaconcursos.com.br\/blog\/#organization\",\"name\":\"Estrat\u00e9gia Concursos\",\"url\":\"https:\/\/www.estrategiaconcursos.com.br\/blog\/\",\"logo\":{\"@type\":\"ImageObject\",\"inLanguage\":\"pt-BR\",\"@id\":\"https:\/\/www.estrategiaconcursos.com.br\/blog\/#\/schema\/logo\/image\/\",\"url\":\"https:\/\/dhg1h5j42swfq.cloudfront.net\/2025\/06\/03203428\/logo_concursos-1.jpg\",\"contentUrl\":\"https:\/\/dhg1h5j42swfq.cloudfront.net\/2025\/06\/03203428\/logo_concursos-1.jpg\",\"width\":230,\"height\":60,\"caption\":\"Estrat\u00e9gia Concursos\"},\"image\":{\"@id\":\"https:\/\/www.estrategiaconcursos.com.br\/blog\/#\/schema\/logo\/image\/\"},\"sameAs\":[\"https:\/\/x.com\/EstratConcursos\"]},{\"@type\":\"Person\",\"@id\":\"https:\/\/www.estrategiaconcursos.com.br\/blog\/#\/schema\/person\/245b44e43eb13f0dbd04a7a078cd0d0d\",\"name\":\"Leonardo Menezes Passarin\",\"image\":{\"@type\":\"ImageObject\",\"inLanguage\":\"pt-BR\",\"@id\":\"https:\/\/secure.gravatar.com\/avatar\/fc0e5714ceaa97f24e6e6a30eab74ba8a701c2b62f8cab100ffdb22c6d8f42c3?s=96&d=mm&r=g\",\"url\":\"https:\/\/secure.gravatar.com\/avatar\/fc0e5714ceaa97f24e6e6a30eab74ba8a701c2b62f8cab100ffdb22c6d8f42c3?s=96&d=mm&r=g\",\"contentUrl\":\"https:\/\/secure.gravatar.com\/avatar\/fc0e5714ceaa97f24e6e6a30eab74ba8a701c2b62f8cab100ffdb22c6d8f42c3?s=96&d=mm&r=g\",\"caption\":\"Leonardo Menezes Passarin\"},\"url\":\"https:\/\/www.estrategiaconcursos.com.br\/blog\/author\/passarin-leonardohotmail-com\/\"}]}<\/script>\n<!-- \/ Yoast SEO Premium plugin. -->","yoast_head_json":{"title":"Mnem\u00f4nicos no direito tribut\u00e1rio \u2013 Memorize J\u00e1 - parte 2","description":"Veja neste artigo sobre mnem\u00f4nicos e dicas no Direito Tribut\u00e1rio, parte II. Informa\u00e7\u00f5es important\u00edssimas para memoriza\u00e7\u00e3o do conte\u00fado.","robots":{"index":"index","follow":"follow","max-snippet":"max-snippet:-1","max-image-preview":"max-image-preview:large","max-video-preview":"max-video-preview:-1"},"canonical":"https:\/\/www.estrategiaconcursos.com.br\/blog\/mnemonicos-no-direito-tributario-parte-2\/","og_locale":"pt_BR","og_type":"article","og_title":"Mnem\u00f4nicos no direito tribut\u00e1rio \u2013 Memorize J\u00e1 - parte 2","og_description":"Veja neste artigo sobre mnem\u00f4nicos e dicas no Direito Tribut\u00e1rio, parte II. Informa\u00e7\u00f5es important\u00edssimas para memoriza\u00e7\u00e3o do conte\u00fado.","og_url":"https:\/\/www.estrategiaconcursos.com.br\/blog\/mnemonicos-no-direito-tributario-parte-2\/","og_site_name":"Estrat\u00e9gia Concursos","article_published_time":"2020-11-14T13:45:00+00:00","article_modified_time":"2021-08-27T12:57:07+00:00","og_image":[{"width":1080,"height":988,"url":"https:\/\/dhg1h5j42swfq.cloudfront.net\/2020\/11\/07141210\/image-71.png","type":"image\/png"}],"author":"Leonardo Menezes Passarin","twitter_card":"summary_large_image","twitter_creator":"@EstratConcursos","twitter_site":"@EstratConcursos","twitter_misc":{"Escrito por":"Leonardo Menezes Passarin","Est. tempo de leitura":"8 minutos"},"schema":{"@context":"https:\/\/schema.org","@graph":[{"@type":"NewsArticle","@id":"https:\/\/www.estrategiaconcursos.com.br\/blog\/mnemonicos-no-direito-tributario-parte-2\/#article","isPartOf":{"@id":"https:\/\/www.estrategiaconcursos.com.br\/blog\/mnemonicos-no-direito-tributario-parte-2\/"},"author":{"name":"Leonardo Menezes Passarin","@id":"https:\/\/www.estrategiaconcursos.com.br\/blog\/#\/schema\/person\/245b44e43eb13f0dbd04a7a078cd0d0d"},"headline":"Mnem\u00f4nicos no direito tribut\u00e1rio \u2013 Memorize J\u00e1 &#8211; parte 2","datePublished":"2020-11-14T13:45:00+00:00","dateModified":"2021-08-27T12:57:07+00:00","mainEntityOfPage":{"@id":"https:\/\/www.estrategiaconcursos.com.br\/blog\/mnemonicos-no-direito-tributario-parte-2\/"},"wordCount":1956,"commentCount":0,"publisher":{"@id":"https:\/\/www.estrategiaconcursos.com.br\/blog\/#organization"},"image":{"@id":"https:\/\/www.estrategiaconcursos.com.br\/blog\/mnemonicos-no-direito-tributario-parte-2\/#primaryimage"},"thumbnailUrl":"https:\/\/dhg1h5j42swfq.cloudfront.net\/2020\/11\/07141210\/image-71.png","articleSection":["Fiscal - Estadual (ICMS)","Jur\u00eddico","Tribunais","Tribunais de Contas (TCU, TCE, TCM)"],"inLanguage":"pt-BR","potentialAction":[{"@type":"CommentAction","name":"Comment","target":["https:\/\/www.estrategiaconcursos.com.br\/blog\/mnemonicos-no-direito-tributario-parte-2\/#respond"]}],"copyrightYear":"2020","copyrightHolder":{"@id":"https:\/\/www.estrategiaconcursos.com.br\/blog\/#organization"}},{"@type":"WebPage","@id":"https:\/\/www.estrategiaconcursos.com.br\/blog\/mnemonicos-no-direito-tributario-parte-2\/","url":"https:\/\/www.estrategiaconcursos.com.br\/blog\/mnemonicos-no-direito-tributario-parte-2\/","name":"Mnem\u00f4nicos no direito tribut\u00e1rio \u2013 Memorize J\u00e1 - parte 2","isPartOf":{"@id":"https:\/\/www.estrategiaconcursos.com.br\/blog\/#website"},"primaryImageOfPage":{"@id":"https:\/\/www.estrategiaconcursos.com.br\/blog\/mnemonicos-no-direito-tributario-parte-2\/#primaryimage"},"image":{"@id":"https:\/\/www.estrategiaconcursos.com.br\/blog\/mnemonicos-no-direito-tributario-parte-2\/#primaryimage"},"thumbnailUrl":"https:\/\/dhg1h5j42swfq.cloudfront.net\/2020\/11\/07141210\/image-71.png","datePublished":"2020-11-14T13:45:00+00:00","dateModified":"2021-08-27T12:57:07+00:00","description":"Veja neste artigo sobre mnem\u00f4nicos e dicas no Direito Tribut\u00e1rio, parte II. Informa\u00e7\u00f5es important\u00edssimas para memoriza\u00e7\u00e3o do conte\u00fado.","breadcrumb":{"@id":"https:\/\/www.estrategiaconcursos.com.br\/blog\/mnemonicos-no-direito-tributario-parte-2\/#breadcrumb"},"inLanguage":"pt-BR","potentialAction":[{"@type":"ReadAction","target":["https:\/\/www.estrategiaconcursos.com.br\/blog\/mnemonicos-no-direito-tributario-parte-2\/"]}]},{"@type":"ImageObject","inLanguage":"pt-BR","@id":"https:\/\/www.estrategiaconcursos.com.br\/blog\/mnemonicos-no-direito-tributario-parte-2\/#primaryimage","url":"https:\/\/dhg1h5j42swfq.cloudfront.net\/2020\/11\/07141210\/image-71.png","contentUrl":"https:\/\/dhg1h5j42swfq.cloudfront.net\/2020\/11\/07141210\/image-71.png","width":1080,"height":988},{"@type":"BreadcrumbList","@id":"https:\/\/www.estrategiaconcursos.com.br\/blog\/mnemonicos-no-direito-tributario-parte-2\/#breadcrumb","itemListElement":[{"@type":"ListItem","position":1,"name":"In\u00edcio","item":"https:\/\/www.estrategiaconcursos.com.br\/blog\/"},{"@type":"ListItem","position":2,"name":"Mnem\u00f4nicos no direito tribut\u00e1rio \u2013 Memorize J\u00e1 &#8211; parte 2"}]},{"@type":"WebSite","@id":"https:\/\/www.estrategiaconcursos.com.br\/blog\/#website","url":"https:\/\/www.estrategiaconcursos.com.br\/blog\/","name":"Estrat\u00e9gia Concursos","description":"O blog da Estrat\u00e9gia Concursos traz not\u00edcias sobre concursos e artigos de professores oferecendo cursos para concursos (pdf + videaulas) no site.","publisher":{"@id":"https:\/\/www.estrategiaconcursos.com.br\/blog\/#organization"},"potentialAction":[{"@type":"SearchAction","target":{"@type":"EntryPoint","urlTemplate":"https:\/\/www.estrategiaconcursos.com.br\/blog\/?s={search_term_string}"},"query-input":{"@type":"PropertyValueSpecification","valueRequired":true,"valueName":"search_term_string"}}],"inLanguage":"pt-BR"},{"@type":"Organization","@id":"https:\/\/www.estrategiaconcursos.com.br\/blog\/#organization","name":"Estrat\u00e9gia Concursos","url":"https:\/\/www.estrategiaconcursos.com.br\/blog\/","logo":{"@type":"ImageObject","inLanguage":"pt-BR","@id":"https:\/\/www.estrategiaconcursos.com.br\/blog\/#\/schema\/logo\/image\/","url":"https:\/\/dhg1h5j42swfq.cloudfront.net\/2025\/06\/03203428\/logo_concursos-1.jpg","contentUrl":"https:\/\/dhg1h5j42swfq.cloudfront.net\/2025\/06\/03203428\/logo_concursos-1.jpg","width":230,"height":60,"caption":"Estrat\u00e9gia Concursos"},"image":{"@id":"https:\/\/www.estrategiaconcursos.com.br\/blog\/#\/schema\/logo\/image\/"},"sameAs":["https:\/\/x.com\/EstratConcursos"]},{"@type":"Person","@id":"https:\/\/www.estrategiaconcursos.com.br\/blog\/#\/schema\/person\/245b44e43eb13f0dbd04a7a078cd0d0d","name":"Leonardo Menezes Passarin","image":{"@type":"ImageObject","inLanguage":"pt-BR","@id":"https:\/\/secure.gravatar.com\/avatar\/fc0e5714ceaa97f24e6e6a30eab74ba8a701c2b62f8cab100ffdb22c6d8f42c3?s=96&d=mm&r=g","url":"https:\/\/secure.gravatar.com\/avatar\/fc0e5714ceaa97f24e6e6a30eab74ba8a701c2b62f8cab100ffdb22c6d8f42c3?s=96&d=mm&r=g","contentUrl":"https:\/\/secure.gravatar.com\/avatar\/fc0e5714ceaa97f24e6e6a30eab74ba8a701c2b62f8cab100ffdb22c6d8f42c3?s=96&d=mm&r=g","caption":"Leonardo Menezes Passarin"},"url":"https:\/\/www.estrategiaconcursos.com.br\/blog\/author\/passarin-leonardohotmail-com\/"}]}},"_links":{"self":[{"href":"https:\/\/www.estrategiaconcursos.com.br\/blog\/wp-json\/wp\/v2\/posts\/607173","targetHints":{"allow":["GET"]}}],"collection":[{"href":"https:\/\/www.estrategiaconcursos.com.br\/blog\/wp-json\/wp\/v2\/posts"}],"about":[{"href":"https:\/\/www.estrategiaconcursos.com.br\/blog\/wp-json\/wp\/v2\/types\/post"}],"author":[{"embeddable":true,"href":"https:\/\/www.estrategiaconcursos.com.br\/blog\/wp-json\/wp\/v2\/users\/1763"}],"replies":[{"embeddable":true,"href":"https:\/\/www.estrategiaconcursos.com.br\/blog\/wp-json\/wp\/v2\/comments?post=607173"}],"version-history":[{"count":4,"href":"https:\/\/www.estrategiaconcursos.com.br\/blog\/wp-json\/wp\/v2\/posts\/607173\/revisions"}],"predecessor-version":[{"id":847045,"href":"https:\/\/www.estrategiaconcursos.com.br\/blog\/wp-json\/wp\/v2\/posts\/607173\/revisions\/847045"}],"wp:featuredmedia":[{"embeddable":true,"href":"https:\/\/www.estrategiaconcursos.com.br\/blog\/wp-json\/wp\/v2\/media\/607048"}],"wp:attachment":[{"href":"https:\/\/www.estrategiaconcursos.com.br\/blog\/wp-json\/wp\/v2\/media?parent=607173"}],"wp:term":[{"taxonomy":"category","embeddable":true,"href":"https:\/\/www.estrategiaconcursos.com.br\/blog\/wp-json\/wp\/v2\/categories?post=607173"},{"taxonomy":"post_tag","embeddable":true,"href":"https:\/\/www.estrategiaconcursos.com.br\/blog\/wp-json\/wp\/v2\/tags?post=607173"},{"taxonomy":"tax_estado","embeddable":true,"href":"https:\/\/www.estrategiaconcursos.com.br\/blog\/wp-json\/wp\/v2\/tax_estado?post=607173"}],"curies":[{"name":"wp","href":"https:\/\/api.w.org\/{rel}","templated":true}]}}