{"id":60564,"date":"2017-01-09T06:12:06","date_gmt":"2017-01-09T09:12:06","guid":{"rendered":"https:\/\/www.estrategiaconcursos.com.br\/blog\/?p=60564"},"modified":"2017-01-09T06:13:23","modified_gmt":"2017-01-09T09:13:23","slug":"educacao-basica-direito-universal-e-condicionante-ao-exercicio-da-cidadania","status":"publish","type":"post","link":"https:\/\/www.estrategiaconcursos.com.br\/blog\/educacao-basica-direito-universal-e-condicionante-ao-exercicio-da-cidadania\/","title":{"rendered":"Educa\u00e7\u00e3o B\u00e1sica: direito universal e condicionante ao exerc\u00edcio da cidadania."},"content":{"rendered":"<p>Ol\u00e1 pessoal, tudo bem?<\/p>\n<p>&nbsp;<\/p>\n<p>Como um entusiasta da Educa\u00e7\u00e3o \u2014 livre de amarras ideol\u00f3gicas e baseada nos princ\u00edpios do ensino preconizados pelo art. 206 da CF\/88 \u2014, reconhecida como ferramenta eficaz \u00e0 verdadeira transforma\u00e7\u00e3o socioecon\u00f4mica que o nosso pa\u00eds tanto necessita, sinto-me na obriga\u00e7\u00e3o de recomendar aos meus alunos e ao p\u00fablico do <span style=\"color: #0000ff\">Estrat\u00e9gia<\/span> a visualiza\u00e7\u00e3o do v\u00eddeo exposto <a href=\"https:\/\/www.youtube.com\/watch?v=puiXJfQc0vc\">neste link<\/a>, que ganhou repercuss\u00e3o nas redes sociais.<\/p>\n<p>&nbsp;<\/p>\n<p>Neste v\u00eddeo, \u00e9 poss\u00edvel visualizarmos uma homenagem calorosa ao Professor Alain Donnat, de 70 anos, ap\u00f3s sua \u00faltima aula na escola francesa onde ensinou por cerca de 38 anos, devido sua aposentadoria.<\/p>\n<p>&nbsp;<\/p>\n<p>Esta emocionante cena deve nos motivar \u00e0 busca constante por maior valoriza\u00e7\u00e3o dos profissionais da Educa\u00e7\u00e3o no sistema de ensino brasileiro.<\/p>\n<p>&nbsp;<\/p>\n<p>Segundo afirmam as <em>Diretrizes Curriculares Nacionais Gerais para a Educa\u00e7\u00e3o B\u00e1sica<\/em> (Resolu\u00e7\u00e3o CNE\/CEB n\u00ba 4, de 13\/7\/2010):<\/p>\n<p>&nbsp;<\/p>\n<p><em>Art. 4\u00ba As bases que d\u00e3o sustenta\u00e7\u00e3o ao projeto nacional de educa\u00e7\u00e3o <strong>responsabilizam o poder p\u00fablico, a fam\u00edlia, a sociedade e a escola <\/strong>pela garantia a todos os educandos de um <strong>ensino<\/strong> ministrado de acordo com os <strong>princ\u00edpios<\/strong> de: <\/em><\/p>\n<p><em>(&#8230;)<\/em><\/p>\n<p><em>VII &#8211; <strong>valoriza\u00e7\u00e3o do profissional da educa\u00e7\u00e3o escolar<\/strong>;<\/em><\/p>\n<p><em>(&#8230;)<\/em><\/p>\n<p><em>Art. 5\u00ba A <strong><u>Educa\u00e7\u00e3o B\u00e1sica<\/u><\/strong> <strong>\u00e9 direito universal e alicerce indispens\u00e1vel para o exerc\u00edcio da cidadania em plenitude<\/strong>, <span style=\"color: #ff0000\"><strong>da qual depende a possibilidade de conquistar todos os demais direitos, definidos na Constitui\u00e7\u00e3o Federal, no Estatuto da Crian\u00e7a e do Adolescente (ECA), na legisla\u00e7\u00e3o ordin\u00e1ria e nas demais disposi\u00e7\u00f5es que consagram as prerrogativas do cidad\u00e3o.<\/strong><\/span><\/em><\/p>\n<p>&nbsp;<\/p>\n<p>Cumpre lembrar que, no recente exame do PISA &#8211; 2015 (<em>Programme for International Student Assessment<\/em> \u2013 <em>Programa Internacional de Avalia\u00e7\u00e3o de Estudantes<\/em> \u2013 faixa et\u00e1ria de 15 anos), desenvolvido e coordenado pela <em>Organiza\u00e7\u00e3o para Coopera\u00e7\u00e3o e Desenvolvimento Econ\u00f4mico \u2013 OCDE<\/em>, o Brasil obteve as seguintes posi\u00e7\u00f5es no ranking com 70 pa\u00edses e economias: 63\u00aa posi\u00e7\u00e3o em ci\u00eancias, 59\u00aa em leitura e 66\u00aa em matem\u00e1tica.<\/p>\n<p>&nbsp;<\/p>\n<p>Nesta metodologia de avalia\u00e7\u00e3o, os resultados dos estudantes em <strong>ci\u00eancias<\/strong> e <strong>leitura<\/strong> s\u00e3o distribu\u00eddos em uma escala de sete n\u00edveis de profici\u00eancia (1b, 1a, 2, 3, 4, 5 e 6). Em <strong>matem\u00e1tica<\/strong>, a escala vai de 1 a 6.<\/p>\n<p>&nbsp;<\/p>\n<p>Segundo a OCDE, o n\u00edvel m\u00ednimo de profici\u00eancia esperado \u00e9 o <strong>n\u00edvel 2<\/strong> \u2014 para ci\u00eancias, leitura e matem\u00e1tica \u2014, considerado o <strong><span style=\"color: #ff0000\">patamar m\u00ednimo para<\/span> <span style=\"color: #0000ff\">&#8220;<\/span><\/strong><span style=\"color: #0000ff\"><em><strong>a aprendizagem e a participa\u00e7\u00e3o plena na vida social, econ\u00f4mica e c\u00edvica das sociedades modernas em um mundo globalizado<\/strong><\/em><\/span><strong><span style=\"color: #0000ff\">&#8220;<\/span>. <\/strong><\/p>\n<p>&nbsp;<\/p>\n<p>Para a OCDE, o n\u00edvel 2 representa o <strong>m\u00ednimo necess\u00e1rio ao exerc\u00edcio da cidadania com criticidade.<\/strong><\/p>\n<p>&nbsp;<\/p>\n<p>No Brasil, tragicamente, em todas estas tr\u00eas \u00e1reas supracitadas, <strong>mais da metade dos estudantes<\/strong> ficaram abaixo deste patamar m\u00ednimo (n\u00edvel 2): matem\u00e1tica (70,25%), ci\u00eancias (56,%) e leitura (50,99%).<\/p>\n<p>&nbsp;<\/p>\n<p>Para agravar, foi consider\u00e1vel o percentual de estudantes brasileiros que ficaram <strong>abaixo do n\u00edvel inferior das escalas definidas pela OCDE<\/strong>: matem\u00e1tica (43,74%), leitura (7,06%) e ci\u00eancias (4,38%).<\/p>\n<p>&nbsp;<\/p>\n<p>Em 2015, o PISA foi aplicado em 23.141 estudantes brasileiros, de 841 escolas das 27 unidades federativas do Brasil, seguindo os crit\u00e9rios de amostragem\u00a0definidos pela OCDE.<\/p>\n<p>&nbsp;<\/p>\n<p>O PISA \u00e9 aplicado a cada tr\u00eas anos, e, em 2012, o Brasil ocupou a posi\u00e7\u00e3o geral 57\u00b0 do ranking, com 65 pa\u00edses participantes.<\/p>\n","protected":false},"excerpt":{"rendered":"<p>Ol\u00e1 pessoal, tudo bem? &nbsp; Como um entusiasta da Educa\u00e7\u00e3o \u2014 livre de amarras ideol\u00f3gicas e baseada nos princ\u00edpios do ensino preconizados pelo art. 206 da CF\/88 \u2014, reconhecida como ferramenta eficaz \u00e0 verdadeira transforma\u00e7\u00e3o socioecon\u00f4mica que o nosso pa\u00eds tanto necessita, sinto-me na obriga\u00e7\u00e3o de recomendar aos meus alunos e ao p\u00fablico do Estrat\u00e9gia [&hellip;]<\/p>\n","protected":false},"author":1,"featured_media":0,"comment_status":"open","ping_status":"open","sticky":false,"template":"","format":"standard","meta":{"post_tipo":"news","footnotes":""},"categories":[1],"tags":[],"tax_estado":[],"class_list":["post-60564","post","type-post","status-publish","format-standard","hentry","category-cursos-e-concursos"],"acf":[],"yoast_head":"<!-- This site is optimized with the Yoast SEO Premium plugin v27.2 (Yoast SEO v27.2) - https:\/\/yoast.com\/product\/yoast-seo-premium-wordpress\/ -->\n<title>Educa\u00e7\u00e3o B\u00e1sica: direito universal e condicionante ao exerc\u00edcio da cidadania.<\/title>\n<meta name=\"robots\" content=\"index, follow, max-snippet:-1, max-image-preview:large, max-video-preview:-1\" \/>\n<link rel=\"canonical\" href=\"https:\/\/www.estrategiaconcursos.com.br\/blog\/educacao-basica-direito-universal-e-condicionante-ao-exercicio-da-cidadania\/\" \/>\n<meta property=\"og:locale\" content=\"pt_BR\" \/>\n<meta property=\"og:type\" content=\"article\" \/>\n<meta property=\"og:title\" content=\"Educa\u00e7\u00e3o B\u00e1sica: direito universal e condicionante ao exerc\u00edcio da cidadania.\" \/>\n<meta property=\"og:description\" content=\"Ol\u00e1 pessoal, tudo bem? &nbsp; Como um entusiasta da Educa\u00e7\u00e3o \u2014 livre de amarras ideol\u00f3gicas e baseada nos princ\u00edpios do ensino preconizados pelo art. 206 da CF\/88 \u2014, reconhecida como ferramenta eficaz \u00e0 verdadeira transforma\u00e7\u00e3o socioecon\u00f4mica que o nosso pa\u00eds tanto necessita, sinto-me na obriga\u00e7\u00e3o de recomendar aos meus alunos e ao p\u00fablico do Estrat\u00e9gia [&hellip;]\" \/>\n<meta property=\"og:url\" content=\"https:\/\/www.estrategiaconcursos.com.br\/blog\/educacao-basica-direito-universal-e-condicionante-ao-exercicio-da-cidadania\/\" \/>\n<meta property=\"og:site_name\" content=\"Estrat\u00e9gia Concursos\" \/>\n<meta property=\"article:author\" content=\"https:\/\/www.facebook.com\/EstrategiaConcursos\" \/>\n<meta property=\"article:published_time\" content=\"2017-01-09T09:12:06+00:00\" \/>\n<meta property=\"article:modified_time\" content=\"2017-01-09T09:13:23+00:00\" \/>\n<meta name=\"author\" content=\"Coordena\u00e7\u00e3o\" \/>\n<meta name=\"twitter:card\" content=\"summary_large_image\" \/>\n<meta name=\"twitter:creator\" content=\"@EstratConcursos\" \/>\n<meta name=\"twitter:site\" content=\"@EstratConcursos\" \/>\n<meta name=\"twitter:label1\" content=\"Escrito por\" \/>\n\t<meta name=\"twitter:data1\" content=\"Coordena\u00e7\u00e3o\" \/>\n\t<meta name=\"twitter:label2\" content=\"Est. tempo de leitura\" \/>\n\t<meta name=\"twitter:data2\" content=\"3 minutos\" \/>\n<script type=\"application\/ld+json\" class=\"yoast-schema-graph\">{\"@context\":\"https:\/\/schema.org\",\"@graph\":[{\"@type\":\"NewsArticle\",\"@id\":\"https:\/\/www.estrategiaconcursos.com.br\/blog\/educacao-basica-direito-universal-e-condicionante-ao-exercicio-da-cidadania\/#article\",\"isPartOf\":{\"@id\":\"https:\/\/www.estrategiaconcursos.com.br\/blog\/educacao-basica-direito-universal-e-condicionante-ao-exercicio-da-cidadania\/\"},\"author\":{\"name\":\"Coordena\u00e7\u00e3o\",\"@id\":\"https:\/\/www.estrategiaconcursos.com.br\/blog\/#\/schema\/person\/b4a388c97673c5f483d72185668afa1f\"},\"headline\":\"Educa\u00e7\u00e3o B\u00e1sica: direito universal e condicionante ao exerc\u00edcio da cidadania.\",\"datePublished\":\"2017-01-09T09:12:06+00:00\",\"dateModified\":\"2017-01-09T09:13:23+00:00\",\"mainEntityOfPage\":{\"@id\":\"https:\/\/www.estrategiaconcursos.com.br\/blog\/educacao-basica-direito-universal-e-condicionante-ao-exercicio-da-cidadania\/\"},\"wordCount\":567,\"commentCount\":0,\"publisher\":{\"@id\":\"https:\/\/www.estrategiaconcursos.com.br\/blog\/#organization\"},\"articleSection\":[\"Concursos P\u00fablicos\"],\"inLanguage\":\"pt-BR\",\"potentialAction\":[{\"@type\":\"CommentAction\",\"name\":\"Comment\",\"target\":[\"https:\/\/www.estrategiaconcursos.com.br\/blog\/educacao-basica-direito-universal-e-condicionante-ao-exercicio-da-cidadania\/#respond\"]}],\"copyrightYear\":\"2017\",\"copyrightHolder\":{\"@id\":\"https:\/\/www.estrategiaconcursos.com.br\/blog\/#organization\"}},{\"@type\":\"WebPage\",\"@id\":\"https:\/\/www.estrategiaconcursos.com.br\/blog\/educacao-basica-direito-universal-e-condicionante-ao-exercicio-da-cidadania\/\",\"url\":\"https:\/\/www.estrategiaconcursos.com.br\/blog\/educacao-basica-direito-universal-e-condicionante-ao-exercicio-da-cidadania\/\",\"name\":\"Educa\u00e7\u00e3o B\u00e1sica: direito universal e condicionante ao exerc\u00edcio da cidadania.\",\"isPartOf\":{\"@id\":\"https:\/\/www.estrategiaconcursos.com.br\/blog\/#website\"},\"datePublished\":\"2017-01-09T09:12:06+00:00\",\"dateModified\":\"2017-01-09T09:13:23+00:00\",\"breadcrumb\":{\"@id\":\"https:\/\/www.estrategiaconcursos.com.br\/blog\/educacao-basica-direito-universal-e-condicionante-ao-exercicio-da-cidadania\/#breadcrumb\"},\"inLanguage\":\"pt-BR\",\"potentialAction\":[{\"@type\":\"ReadAction\",\"target\":[\"https:\/\/www.estrategiaconcursos.com.br\/blog\/educacao-basica-direito-universal-e-condicionante-ao-exercicio-da-cidadania\/\"]}]},{\"@type\":\"BreadcrumbList\",\"@id\":\"https:\/\/www.estrategiaconcursos.com.br\/blog\/educacao-basica-direito-universal-e-condicionante-ao-exercicio-da-cidadania\/#breadcrumb\",\"itemListElement\":[{\"@type\":\"ListItem\",\"position\":1,\"name\":\"In\u00edcio\",\"item\":\"https:\/\/www.estrategiaconcursos.com.br\/blog\/\"},{\"@type\":\"ListItem\",\"position\":2,\"name\":\"Educa\u00e7\u00e3o B\u00e1sica: direito universal e condicionante ao exerc\u00edcio da cidadania.\"}]},{\"@type\":\"WebSite\",\"@id\":\"https:\/\/www.estrategiaconcursos.com.br\/blog\/#website\",\"url\":\"https:\/\/www.estrategiaconcursos.com.br\/blog\/\",\"name\":\"Estrat\u00e9gia Concursos\",\"description\":\"O blog da Estrat\u00e9gia Concursos traz not\u00edcias sobre concursos e artigos de professores oferecendo cursos para concursos (pdf + videaulas) no site.\",\"publisher\":{\"@id\":\"https:\/\/www.estrategiaconcursos.com.br\/blog\/#organization\"},\"potentialAction\":[{\"@type\":\"SearchAction\",\"target\":{\"@type\":\"EntryPoint\",\"urlTemplate\":\"https:\/\/www.estrategiaconcursos.com.br\/blog\/?s={search_term_string}\"},\"query-input\":{\"@type\":\"PropertyValueSpecification\",\"valueRequired\":true,\"valueName\":\"search_term_string\"}}],\"inLanguage\":\"pt-BR\"},{\"@type\":\"Organization\",\"@id\":\"https:\/\/www.estrategiaconcursos.com.br\/blog\/#organization\",\"name\":\"Estrat\u00e9gia Concursos\",\"url\":\"https:\/\/www.estrategiaconcursos.com.br\/blog\/\",\"logo\":{\"@type\":\"ImageObject\",\"inLanguage\":\"pt-BR\",\"@id\":\"https:\/\/www.estrategiaconcursos.com.br\/blog\/#\/schema\/logo\/image\/\",\"url\":\"https:\/\/dhg1h5j42swfq.cloudfront.net\/2025\/06\/03203428\/logo_concursos-1.jpg\",\"contentUrl\":\"https:\/\/dhg1h5j42swfq.cloudfront.net\/2025\/06\/03203428\/logo_concursos-1.jpg\",\"width\":230,\"height\":60,\"caption\":\"Estrat\u00e9gia Concursos\"},\"image\":{\"@id\":\"https:\/\/www.estrategiaconcursos.com.br\/blog\/#\/schema\/logo\/image\/\"},\"sameAs\":[\"https:\/\/x.com\/EstratConcursos\"]},{\"@type\":\"Person\",\"@id\":\"https:\/\/www.estrategiaconcursos.com.br\/blog\/#\/schema\/person\/b4a388c97673c5f483d72185668afa1f\",\"name\":\"Coordena\u00e7\u00e3o\",\"image\":{\"@type\":\"ImageObject\",\"inLanguage\":\"pt-BR\",\"@id\":\"https:\/\/secure.gravatar.com\/avatar\/b720319e4c9a967eb58678d110f4fe35452fc5d5f97b202bac7b8acceb18c6ad?s=96&d=mm&r=g\",\"url\":\"https:\/\/secure.gravatar.com\/avatar\/b720319e4c9a967eb58678d110f4fe35452fc5d5f97b202bac7b8acceb18c6ad?s=96&d=mm&r=g\",\"contentUrl\":\"https:\/\/secure.gravatar.com\/avatar\/b720319e4c9a967eb58678d110f4fe35452fc5d5f97b202bac7b8acceb18c6ad?s=96&d=mm&r=g\",\"caption\":\"Coordena\u00e7\u00e3o\"},\"sameAs\":[\"https:\/\/www.facebook.com\/EstrategiaConcursos\",\"https:\/\/x.com\/EstratConcursos\"],\"url\":\"https:\/\/www.estrategiaconcursos.com.br\/blog\/author\/estrategia2013\/\"}]}<\/script>\n<!-- \/ Yoast SEO Premium plugin. -->","yoast_head_json":{"title":"Educa\u00e7\u00e3o B\u00e1sica: direito universal e condicionante ao exerc\u00edcio da cidadania.","robots":{"index":"index","follow":"follow","max-snippet":"max-snippet:-1","max-image-preview":"max-image-preview:large","max-video-preview":"max-video-preview:-1"},"canonical":"https:\/\/www.estrategiaconcursos.com.br\/blog\/educacao-basica-direito-universal-e-condicionante-ao-exercicio-da-cidadania\/","og_locale":"pt_BR","og_type":"article","og_title":"Educa\u00e7\u00e3o B\u00e1sica: direito universal e condicionante ao exerc\u00edcio da cidadania.","og_description":"Ol\u00e1 pessoal, tudo bem? &nbsp; Como um entusiasta da Educa\u00e7\u00e3o \u2014 livre de amarras ideol\u00f3gicas e baseada nos princ\u00edpios do ensino preconizados pelo art. 206 da CF\/88 \u2014, reconhecida como ferramenta eficaz \u00e0 verdadeira transforma\u00e7\u00e3o socioecon\u00f4mica que o nosso pa\u00eds tanto necessita, sinto-me na obriga\u00e7\u00e3o de recomendar aos meus alunos e ao p\u00fablico do Estrat\u00e9gia [&hellip;]","og_url":"https:\/\/www.estrategiaconcursos.com.br\/blog\/educacao-basica-direito-universal-e-condicionante-ao-exercicio-da-cidadania\/","og_site_name":"Estrat\u00e9gia Concursos","article_author":"https:\/\/www.facebook.com\/EstrategiaConcursos","article_published_time":"2017-01-09T09:12:06+00:00","article_modified_time":"2017-01-09T09:13:23+00:00","author":"Coordena\u00e7\u00e3o","twitter_card":"summary_large_image","twitter_creator":"@EstratConcursos","twitter_site":"@EstratConcursos","twitter_misc":{"Escrito por":"Coordena\u00e7\u00e3o","Est. tempo de leitura":"3 minutos"},"schema":{"@context":"https:\/\/schema.org","@graph":[{"@type":"NewsArticle","@id":"https:\/\/www.estrategiaconcursos.com.br\/blog\/educacao-basica-direito-universal-e-condicionante-ao-exercicio-da-cidadania\/#article","isPartOf":{"@id":"https:\/\/www.estrategiaconcursos.com.br\/blog\/educacao-basica-direito-universal-e-condicionante-ao-exercicio-da-cidadania\/"},"author":{"name":"Coordena\u00e7\u00e3o","@id":"https:\/\/www.estrategiaconcursos.com.br\/blog\/#\/schema\/person\/b4a388c97673c5f483d72185668afa1f"},"headline":"Educa\u00e7\u00e3o B\u00e1sica: direito universal e condicionante ao exerc\u00edcio da cidadania.","datePublished":"2017-01-09T09:12:06+00:00","dateModified":"2017-01-09T09:13:23+00:00","mainEntityOfPage":{"@id":"https:\/\/www.estrategiaconcursos.com.br\/blog\/educacao-basica-direito-universal-e-condicionante-ao-exercicio-da-cidadania\/"},"wordCount":567,"commentCount":0,"publisher":{"@id":"https:\/\/www.estrategiaconcursos.com.br\/blog\/#organization"},"articleSection":["Concursos P\u00fablicos"],"inLanguage":"pt-BR","potentialAction":[{"@type":"CommentAction","name":"Comment","target":["https:\/\/www.estrategiaconcursos.com.br\/blog\/educacao-basica-direito-universal-e-condicionante-ao-exercicio-da-cidadania\/#respond"]}],"copyrightYear":"2017","copyrightHolder":{"@id":"https:\/\/www.estrategiaconcursos.com.br\/blog\/#organization"}},{"@type":"WebPage","@id":"https:\/\/www.estrategiaconcursos.com.br\/blog\/educacao-basica-direito-universal-e-condicionante-ao-exercicio-da-cidadania\/","url":"https:\/\/www.estrategiaconcursos.com.br\/blog\/educacao-basica-direito-universal-e-condicionante-ao-exercicio-da-cidadania\/","name":"Educa\u00e7\u00e3o B\u00e1sica: direito universal e condicionante ao exerc\u00edcio da cidadania.","isPartOf":{"@id":"https:\/\/www.estrategiaconcursos.com.br\/blog\/#website"},"datePublished":"2017-01-09T09:12:06+00:00","dateModified":"2017-01-09T09:13:23+00:00","breadcrumb":{"@id":"https:\/\/www.estrategiaconcursos.com.br\/blog\/educacao-basica-direito-universal-e-condicionante-ao-exercicio-da-cidadania\/#breadcrumb"},"inLanguage":"pt-BR","potentialAction":[{"@type":"ReadAction","target":["https:\/\/www.estrategiaconcursos.com.br\/blog\/educacao-basica-direito-universal-e-condicionante-ao-exercicio-da-cidadania\/"]}]},{"@type":"BreadcrumbList","@id":"https:\/\/www.estrategiaconcursos.com.br\/blog\/educacao-basica-direito-universal-e-condicionante-ao-exercicio-da-cidadania\/#breadcrumb","itemListElement":[{"@type":"ListItem","position":1,"name":"In\u00edcio","item":"https:\/\/www.estrategiaconcursos.com.br\/blog\/"},{"@type":"ListItem","position":2,"name":"Educa\u00e7\u00e3o B\u00e1sica: direito universal e condicionante ao exerc\u00edcio da cidadania."}]},{"@type":"WebSite","@id":"https:\/\/www.estrategiaconcursos.com.br\/blog\/#website","url":"https:\/\/www.estrategiaconcursos.com.br\/blog\/","name":"Estrat\u00e9gia Concursos","description":"O blog da Estrat\u00e9gia Concursos traz not\u00edcias sobre concursos e artigos de professores oferecendo cursos para concursos (pdf + videaulas) no site.","publisher":{"@id":"https:\/\/www.estrategiaconcursos.com.br\/blog\/#organization"},"potentialAction":[{"@type":"SearchAction","target":{"@type":"EntryPoint","urlTemplate":"https:\/\/www.estrategiaconcursos.com.br\/blog\/?s={search_term_string}"},"query-input":{"@type":"PropertyValueSpecification","valueRequired":true,"valueName":"search_term_string"}}],"inLanguage":"pt-BR"},{"@type":"Organization","@id":"https:\/\/www.estrategiaconcursos.com.br\/blog\/#organization","name":"Estrat\u00e9gia Concursos","url":"https:\/\/www.estrategiaconcursos.com.br\/blog\/","logo":{"@type":"ImageObject","inLanguage":"pt-BR","@id":"https:\/\/www.estrategiaconcursos.com.br\/blog\/#\/schema\/logo\/image\/","url":"https:\/\/dhg1h5j42swfq.cloudfront.net\/2025\/06\/03203428\/logo_concursos-1.jpg","contentUrl":"https:\/\/dhg1h5j42swfq.cloudfront.net\/2025\/06\/03203428\/logo_concursos-1.jpg","width":230,"height":60,"caption":"Estrat\u00e9gia Concursos"},"image":{"@id":"https:\/\/www.estrategiaconcursos.com.br\/blog\/#\/schema\/logo\/image\/"},"sameAs":["https:\/\/x.com\/EstratConcursos"]},{"@type":"Person","@id":"https:\/\/www.estrategiaconcursos.com.br\/blog\/#\/schema\/person\/b4a388c97673c5f483d72185668afa1f","name":"Coordena\u00e7\u00e3o","image":{"@type":"ImageObject","inLanguage":"pt-BR","@id":"https:\/\/secure.gravatar.com\/avatar\/b720319e4c9a967eb58678d110f4fe35452fc5d5f97b202bac7b8acceb18c6ad?s=96&d=mm&r=g","url":"https:\/\/secure.gravatar.com\/avatar\/b720319e4c9a967eb58678d110f4fe35452fc5d5f97b202bac7b8acceb18c6ad?s=96&d=mm&r=g","contentUrl":"https:\/\/secure.gravatar.com\/avatar\/b720319e4c9a967eb58678d110f4fe35452fc5d5f97b202bac7b8acceb18c6ad?s=96&d=mm&r=g","caption":"Coordena\u00e7\u00e3o"},"sameAs":["https:\/\/www.facebook.com\/EstrategiaConcursos","https:\/\/x.com\/EstratConcursos"],"url":"https:\/\/www.estrategiaconcursos.com.br\/blog\/author\/estrategia2013\/"}]}},"_links":{"self":[{"href":"https:\/\/www.estrategiaconcursos.com.br\/blog\/wp-json\/wp\/v2\/posts\/60564","targetHints":{"allow":["GET"]}}],"collection":[{"href":"https:\/\/www.estrategiaconcursos.com.br\/blog\/wp-json\/wp\/v2\/posts"}],"about":[{"href":"https:\/\/www.estrategiaconcursos.com.br\/blog\/wp-json\/wp\/v2\/types\/post"}],"author":[{"embeddable":true,"href":"https:\/\/www.estrategiaconcursos.com.br\/blog\/wp-json\/wp\/v2\/users\/1"}],"replies":[{"embeddable":true,"href":"https:\/\/www.estrategiaconcursos.com.br\/blog\/wp-json\/wp\/v2\/comments?post=60564"}],"version-history":[{"count":2,"href":"https:\/\/www.estrategiaconcursos.com.br\/blog\/wp-json\/wp\/v2\/posts\/60564\/revisions"}],"predecessor-version":[{"id":60567,"href":"https:\/\/www.estrategiaconcursos.com.br\/blog\/wp-json\/wp\/v2\/posts\/60564\/revisions\/60567"}],"wp:attachment":[{"href":"https:\/\/www.estrategiaconcursos.com.br\/blog\/wp-json\/wp\/v2\/media?parent=60564"}],"wp:term":[{"taxonomy":"category","embeddable":true,"href":"https:\/\/www.estrategiaconcursos.com.br\/blog\/wp-json\/wp\/v2\/categories?post=60564"},{"taxonomy":"post_tag","embeddable":true,"href":"https:\/\/www.estrategiaconcursos.com.br\/blog\/wp-json\/wp\/v2\/tags?post=60564"},{"taxonomy":"tax_estado","embeddable":true,"href":"https:\/\/www.estrategiaconcursos.com.br\/blog\/wp-json\/wp\/v2\/tax_estado?post=60564"}],"curies":[{"name":"wp","href":"https:\/\/api.w.org\/{rel}","templated":true}]}}