{"id":60190,"date":"2017-10-20T13:40:05","date_gmt":"2017-10-20T16:40:05","guid":{"rendered":"https:\/\/www.estrategiaconcursos.com.br\/blog\/?p=60190"},"modified":"2022-10-17T18:02:42","modified_gmt":"2022-10-17T21:02:42","slug":"concursos-trt-panorama-completo","status":"publish","type":"post","link":"https:\/\/www.estrategiaconcursos.com.br\/blog\/concursos-trt-panorama-completo\/","title":{"rendered":"Concursos TRT &#8211; panorama COMPLETO! Confira!"},"content":{"rendered":"<p style=\"text-align: justify;\"><strong>Concursos TRT em 2017 &#8211; panorama COMPLETO! Confira!<\/strong><\/p>\n<p style=\"text-align: justify;\">Fala, pessoal! Caso n\u00e3o me conhe\u00e7a, meu nome \u00e9 <strong>Fabr\u00edcio R\u00eago<\/strong>, sou professor de legisla\u00e7\u00e3o no Estrat\u00e9gia Concursos, incluindo regimentos de tribunais e legislativos. No caso dos <strong>TRT\u00b4s, Tribunais Superiores e TRF\u00b4s,<\/strong> sou professor de regimento interno junto com o fera <strong>Paulo Guimar\u00e3es<\/strong>. Em fevereiro de 2017 publicamos este artigo aqui no site informando as situa\u00e7\u00f5es dos TRT\u00b4s (Tribunais Regionais do Trabalho) para 2017. Confira:<\/p>\n<ul style=\"text-align: justify;\">\n<li>Tribunal Superior do Trabalho &#8211; TST: em andamento (e bombando!!! ?)<\/li>\n<li>\u00a0Tribunal Regional do Trabalho da 7\u00aa Regi\u00e3o (TRT 7): em andamento<\/li>\n<li>Tribunal Regional do Trabalho da 21\u00aa Regi\u00e3o (TRT 21)<\/li>\n<li>Tribunal Regional do Trabalho da 12\u00aa Regi\u00e3o (TRT 12)<\/li>\n<\/ul>\n<p style=\"text-align: justify;\">Al\u00e9m desses, temos fortes expectativas para, por exemplo, TRT 15\u00aa Regi\u00e3o e outros.<\/p>\n<p style=\"text-align: justify;\">Neste artigo voc\u00ea saber\u00e1:<\/p>\n<ul>\n<li style=\"text-align: justify;\">A <strong>situa\u00e7\u00e3o atualizada<\/strong> dos TRT\u00b4s do pa\u00eds<\/li>\n<li style=\"text-align: justify;\">Acesso ao guia completo de Tribunais, artigo onde voc\u00ea encontrar\u00e1 uma s\u00e9rie de informa\u00e7\u00f5es b\u00e1sicas sobre os cargos do judici\u00e1rio.<\/li>\n<li style=\"text-align: justify;\">Entrevistas do programa Quartas das Carreiras relacionadas a tribunais do trabalho<\/li>\n<li style=\"text-align: justify;\">Webin\u00e1rio feito com a participa\u00e7\u00e3o de um ex-Oficial de Justi\u00e7a de TRT falando sobre a sua atua\u00e7\u00e3o<\/li>\n<li style=\"text-align: justify;\">Como estudar legisla\u00e7\u00e3o para concursos<\/li>\n<\/ul>\n<p style=\"text-align: justify;\">Antes de continuar, deixe eu te convidar a me acompanhar nas redes sociais. L\u00e1 posto diariamente uma s\u00e9ria de conte\u00fados elaborados com todo cuidado por mim, entre v\u00eddeos e mapas mentais de estudo, por exemplo. Cola l\u00e1:<\/p>\n<p><a href=\"https:\/\/www.instagram.com\/prof.fabriciorego\/\" target=\"_blank\" rel=\"noopener\"><img loading=\"lazy\" decoding=\"async\" class=\"alignleft wp-image-93177\" src=\"https:\/\/dhg1h5j42swfq.cloudfront.net\/2017\/10\/20092944\/rede-ig.jpg\" alt=\"\" width=\"58\" height=\"58\" srcset=\"https:\/\/dhg1h5j42swfq.cloudfront.net\/2017\/10\/20092944\/rede-ig.jpg 626w, https:\/\/dhg1h5j42swfq.cloudfront.net\/2017\/10\/20092944\/rede-ig.jpg 150w, https:\/\/dhg1h5j42swfq.cloudfront.net\/2017\/10\/20092944\/rede-ig.jpg 300w, https:\/\/dhg1h5j42swfq.cloudfront.net\/2017\/10\/20092944\/rede-ig.jpg 610w\" sizes=\"auto, (max-width: 58px) 100vw, 58px\" \/><\/a> <a href=\"https:\/\/www.facebook.com\/professorfabriciorego\/\" target=\"_blank\" rel=\"noopener\"><img loading=\"lazy\" decoding=\"async\" class=\"alignleft wp-image-93178\" src=\"https:\/\/dhg1h5j42swfq.cloudfront.net\/2017\/10\/20092945\/redes-facx.jpg\" alt=\"\" width=\"63\" height=\"63\" srcset=\"https:\/\/dhg1h5j42swfq.cloudfront.net\/2017\/10\/20092945\/redes-facx.jpg 400w, https:\/\/dhg1h5j42swfq.cloudfront.net\/2017\/10\/20092945\/redes-facx.jpg 150w, https:\/\/dhg1h5j42swfq.cloudfront.net\/2017\/10\/20092945\/redes-facx.jpg 300w\" sizes=\"auto, (max-width: 63px) 100vw, 63px\" \/><\/a> <a href=\"https:\/\/www.youtube.com\/channel\/UClhEu_ETPnguVIHhD-B8Juw\" target=\"_blank\" rel=\"noopener\"><img loading=\"lazy\" decoding=\"async\" class=\"alignleft wp-image-93179\" src=\"https:\/\/dhg1h5j42swfq.cloudfront.net\/2017\/10\/20092946\/redes-youtube.png\" alt=\"\" width=\"62\" height=\"62\" srcset=\"https:\/\/dhg1h5j42swfq.cloudfront.net\/2017\/10\/20092946\/redes-youtube.png 512w, https:\/\/dhg1h5j42swfq.cloudfront.net\/2017\/10\/20092946\/redes-youtube.png 150w, https:\/\/dhg1h5j42swfq.cloudfront.net\/2017\/10\/20092946\/redes-youtube.png 300w\" sizes=\"auto, (max-width: 62px) 100vw, 62px\" \/><\/a><\/p>\n<hr \/>\n<h2>Concurso TRT 1\u00aa Regi\u00e3o (TRT RJ)<\/h2>\n<p><img loading=\"lazy\" decoding=\"async\" class=\"aligncenter wp-image-60216\" src=\"https:\/\/dhg1h5j42swfq.cloudfront.net\/2017\/01\/05074319\/Adinoel-Panorama-TRT-foto-TRT1.jpg\" width=\"700\" height=\"258\" srcset=\"https:\/\/dhg1h5j42swfq.cloudfront.net\/2017\/01\/05074319\/Adinoel-Panorama-TRT-foto-TRT1.jpg 798w, https:\/\/dhg1h5j42swfq.cloudfront.net\/2017\/01\/05074319\/Adinoel-Panorama-TRT-foto-TRT1.jpg 300w, https:\/\/dhg1h5j42swfq.cloudfront.net\/2017\/01\/05074319\/Adinoel-Panorama-TRT-foto-TRT1.jpg 768w, https:\/\/dhg1h5j42swfq.cloudfront.net\/2017\/01\/05074319\/Adinoel-Panorama-TRT-foto-TRT1.jpg 500w\" sizes=\"auto, (max-width: 700px) 100vw, 700px\" \/><\/p>\n<p style=\"text-align: justify;\">O concurso <span style=\"color: #3366ff;\"><em><strong>TRT 1\u00aa<\/strong><\/em><\/span> Regi\u00e3o (<span style=\"color: #3366ff;\"><strong>TRT RJ<\/strong><\/span>) \u00e9 um dos mais aguardados do Brasil. Recentemente a corte divulgou que j\u00e1 est\u00e1 escolhendo a banca examinadora por dispensa de licita\u00e7\u00e3o, conforme noticiamos no site do Estrat\u00e9gia. Acompanha <a href=\"https:\/\/www.estrategiaconcursos.com.br\/blog\/concurso-trt-rj\/\" target=\"_blank\" rel=\"noopener\">aqui (mas lembre-se de voltar!!)<\/a><\/p>\n<p style=\"text-align: justify;\">Em termos de tamanho, o TRT 1 \u00e9 a segunda maior corte trabalhista do pa\u00eds, ficando atr\u00e1s apenas do TRT 2 (<a title=\"Concurso TRT SP\" href=\"https:\/\/www.estrategiaconcursos.com.br\/blog\/concurso-trt-sp\/\" target=\"_blank\" rel=\"noopener\">Concurso TRT SP<\/a>). Veja o quadro abaixo:<\/p>\n<p><img loading=\"lazy\" decoding=\"async\" class=\"aligncenter wp-image-60203\" src=\"https:\/\/dhg1h5j42swfq.cloudfront.net\/2017\/01\/05065659\/Adinoel-Panorama-TRT-foto-TRT1-cargos.jpg\" alt=\"concursos trt 2017\" width=\"450\" height=\"399\" srcset=\"https:\/\/dhg1h5j42swfq.cloudfront.net\/2017\/01\/05065659\/Adinoel-Panorama-TRT-foto-TRT1-cargos.jpg 512w, https:\/\/dhg1h5j42swfq.cloudfront.net\/2017\/01\/05065659\/Adinoel-Panorama-TRT-foto-TRT1-cargos.jpg 300w, https:\/\/dhg1h5j42swfq.cloudfront.net\/2017\/01\/05065659\/Adinoel-Panorama-TRT-foto-TRT1-cargos.jpg 338w\" sizes=\"auto, (max-width: 450px) 100vw, 450px\" \/><\/p>\n<p style=\"text-align: justify;\">O <strong><span style=\"color: #3366ff;\">\u00faltimo concurso TRT 1<\/span><\/strong> foi lan\u00e7ado no final de 2012, com provas em 2013. Esse concurso tamb\u00e9m foi organizado pela banca FCC.<\/p>\n<p style=\"text-align: justify;\">O <span style=\"color: #3366ff;\"><strong>prazo de validade<\/strong><\/span> do \u00faltimo concurso expirou em junho de 2017.<\/p>\n<p style=\"text-align: justify;\"><img loading=\"lazy\" decoding=\"async\" class=\"aligncenter wp-image-60201\" src=\"https:\/\/dhg1h5j42swfq.cloudfront.net\/2017\/01\/05065657\/Adinoel-Panorama-TRT-foto-TRT1-ultimo-concursos.jpg\" alt=\"concursos trt 2017\" width=\"350\" height=\"264\" srcset=\"https:\/\/dhg1h5j42swfq.cloudfront.net\/2017\/01\/05065657\/Adinoel-Panorama-TRT-foto-TRT1-ultimo-concursos.jpg 389w, https:\/\/dhg1h5j42swfq.cloudfront.net\/2017\/01\/05065657\/Adinoel-Panorama-TRT-foto-TRT1-ultimo-concursos.jpg 300w\" sizes=\"auto, (max-width: 350px) 100vw, 350px\" \/><\/p>\n<p style=\"text-align: justify;\">O edital concurso TRT 1 previa <strong><span style=\"color: #3366ff;\">43 vagas<\/span><\/strong> mais o Cadastro de Reserva. Por\u00e9m, esse concurso nomeou mais candidatos do que o inicialmente previsto. Somente para o cargo de Analista Judici\u00e1rio (AJAJ), foram mais de <a href=\"http:\/\/www.trt1.jus.br\/c\/document_library\/get_file?uuid=87a08603-39d1-46c9-99c7-464a0b4eef46&amp;groupId=24604088\">200 nomea\u00e7\u00f5es<\/a>.<\/p>\n<p style=\"text-align: justify;\">As <span style=\"color: #3366ff;\"><strong>principais disciplinas<\/strong><\/span> cobradas no \u00faltimo concurso TST tamb\u00e9m foram cobradas no \u00faltimo concurso TRT 1. Quais s\u00e3o essas disciplinas? S\u00e3o:\u00a0<strong>Portugu\u00eas<\/strong>, <strong>Direito Constitucional<\/strong>, <strong>Direito Administrativo<\/strong>, <strong>Direito do Trabalho<\/strong>.<\/p>\n<p style=\"text-align: justify;\">Al\u00e9m das disciplinas acima, <strong>Racioc\u00ednio L\u00f3gico<\/strong>, <strong>Inform\u00e1tica<\/strong> e <strong>Processo do Trabalho<\/strong> foram cobradas para os principais cargos do \u00faltimo concurso TRT RJ. Veja no quadro abaixo:<\/p>\n<p style=\"text-align: justify;\"><img loading=\"lazy\" decoding=\"async\" class=\"aligncenter wp-image-60206\" src=\"https:\/\/dhg1h5j42swfq.cloudfront.net\/2017\/01\/05071331\/Adinoel-Panorama-TRT-foto-TRT1-disciplinas.jpg\" alt=\"concursos trt 2017\" width=\"350\" height=\"311\" srcset=\"https:\/\/dhg1h5j42swfq.cloudfront.net\/2017\/01\/05071331\/Adinoel-Panorama-TRT-foto-TRT1-disciplinas.jpg 415w, https:\/\/dhg1h5j42swfq.cloudfront.net\/2017\/01\/05071331\/Adinoel-Panorama-TRT-foto-TRT1-disciplinas.jpg 300w, https:\/\/dhg1h5j42swfq.cloudfront.net\/2017\/01\/05071331\/Adinoel-Panorama-TRT-foto-TRT1-disciplinas.jpg 337w\" sizes=\"auto, (max-width: 350px) 100vw, 350px\" \/><\/p>\n<hr \/>\n<h2>Concurso TRT 15\u00aa Regi\u00e3o (TRT SP)<\/h2>\n<p>O concurso TRT 15 j\u00e1 foi autorizado e teve como banca escolhia a FCC, como de costume em boa parte dos concursos de TRT\u00b4s.<\/p>\n<p>O TRT 15 \u00e9 um tribunal que cobre praticamente todo o estado de SP, exceto a capital e regi\u00e3o metropolitana. Acesse <a href=\"https:\/\/www.estrategiaconcursos.com.br\/blog\/concurso-trt-15\/\" target=\"_blank\" rel=\"noopener\">aqui<\/a> as informa\u00e7\u00f5es b\u00e1sicas sobre o certame e veja abaixo o webin\u00e1rio que fizemos com a an\u00e1lise e informa\u00e7\u00f5es do \u00faltimo edital.<\/p>\n<hr \/>\n<p><span style=\"color: #008000;\"><em>Acesse o nosso Guia Completo Concursos Tribunais.<\/em><\/span><\/p>\n<p><a href=\"https:\/\/www.estrategiaconcursos.com.br\/blog\/guia-completo-concursos-tribunais\/\">Guia Completo Concursos Tribunais<\/a><\/p>\n<p>https:\/\/www.estrategiaconcursos.com.br\/blog\/como-estudar-regimento-interno-para-concursos-publicos\/<\/p>\n<h2 style=\"text-align: justify;\">\u00a0Concurso TRT 6\u00aa Regi\u00e3o (TRT PE)<\/h2>\n<p style=\"text-align: justify;\"><img loading=\"lazy\" decoding=\"async\" class=\"aligncenter wp-image-60211\" src=\"https:\/\/dhg1h5j42swfq.cloudfront.net\/2017\/01\/05073450\/Adinoel-Panorama-TRT-foto-TRT6.jpg\" width=\"700\" height=\"370\" srcset=\"https:\/\/dhg1h5j42swfq.cloudfront.net\/2017\/01\/05073450\/Adinoel-Panorama-TRT-foto-TRT6.jpg 793w, https:\/\/dhg1h5j42swfq.cloudfront.net\/2017\/01\/05073450\/Adinoel-Panorama-TRT-foto-TRT6.jpg 300w, https:\/\/dhg1h5j42swfq.cloudfront.net\/2017\/01\/05073450\/Adinoel-Panorama-TRT-foto-TRT6.jpg 768w, https:\/\/dhg1h5j42swfq.cloudfront.net\/2017\/01\/05073450\/Adinoel-Panorama-TRT-foto-TRT6.jpg 500w\" sizes=\"auto, (max-width: 700px) 100vw, 700px\" \/><\/p>\n<p style=\"text-align: justify;\">O <strong><span style=\"color: #3366ff;\">\u00faltimo concurso<\/span><\/strong> para o <span style=\"color: #3366ff;\"><strong><em>TRT 6\u00aa<\/em><\/strong><\/span> Regi\u00e3o (TRT PE) aconteceu em 2012, tamb\u00e9m organizado pela FCC.<\/p>\n<p style=\"text-align: justify;\">O <span style=\"color: #3366ff;\"><strong>prazo de validade<\/strong><\/span> do concurso TRT 6\u00aa Regi\u00e3o expirou para alguns cargos em agosto de 2016 e, para outros, em novembro de 2016. Ou seja, n\u00e3o h\u00e1 mais possibilidade de convocar candidatos aprovados naquele concurso.<\/p>\n<p style=\"text-align: justify;\">O concurso TRT PE previa <strong><span style=\"color: #3366ff;\">64 vagas<\/span><\/strong> mais o Cadastro de Reserva. No entanto, foram <span style=\"color: #3366ff;\"><strong>708 nomea\u00e7\u00f5es<\/strong><\/span> dentro do prazo de validade do concurso. Como voc\u00ea notar\u00e1 neste artigo, seguindo uma tend\u00eancia dos TRTs, o TRT 6 nomeou muitos candidatos al\u00e9m do n\u00famero de vagas inicialmente previstas no edital.<\/p>\n<p style=\"text-align: justify;\"><img loading=\"lazy\" decoding=\"async\" class=\"aligncenter wp-image-60243\" src=\"https:\/\/dhg1h5j42swfq.cloudfront.net\/2017\/01\/05104530\/Adinoel-Panorama-TRT-foto-TRT6-ultimo-concurso.jpg\" alt=\"concursos trt 2017\" width=\"600\" height=\"151\" srcset=\"https:\/\/dhg1h5j42swfq.cloudfront.net\/2017\/01\/05104530\/Adinoel-Panorama-TRT-foto-TRT6-ultimo-concurso.jpg 793w, https:\/\/dhg1h5j42swfq.cloudfront.net\/2017\/01\/05104530\/Adinoel-Panorama-TRT-foto-TRT6-ultimo-concurso.jpg 300w, https:\/\/dhg1h5j42swfq.cloudfront.net\/2017\/01\/05104530\/Adinoel-Panorama-TRT-foto-TRT6-ultimo-concurso.jpg 768w, https:\/\/dhg1h5j42swfq.cloudfront.net\/2017\/01\/05104530\/Adinoel-Panorama-TRT-foto-TRT6-ultimo-concurso.jpg 500w\" sizes=\"auto, (max-width: 600px) 100vw, 600px\" \/><\/p>\n<p style=\"text-align: justify;\">Dentre os nomeados tivemos;<\/p>\n<p style=\"text-align: justify; padding-left: 30px;\">\u2022 150 nomea\u00e7\u00f5es para Analista Judici\u00e1rio da \u00c1rea Judici\u00e1ria\u00a0(AJAJ), sendo 144 na concorr\u00eancia geral e 6 portadores de defici\u00eancia;<\/p>\n<p style=\"text-align: justify; padding-left: 30px;\">\u202230 nomea\u00e7\u00f5es para Oficial de Justi\u00e7a Avaliador Federal (OJAF), sendo 29 na concorr\u00eancia geral e 1 portador de defici\u00eancia;<\/p>\n<p style=\"text-align: justify; padding-left: 30px;\">\u202211 nomea\u00e7\u00f5es para Analista Judici\u00e1rio da \u00c1rea Administrativa (AJAA), sendo 10 na concorr\u00eancia geral e 1 portador de defici\u00eancia;<\/p>\n<p style=\"text-align: justify; padding-left: 30px;\">\u2022390 nomea\u00e7\u00f5es para T\u00e9cnico Judici\u00e1rio da \u00c1rea Administrativa (TJAA), sendo 363 na concorr\u00eancia geral e 27 portadores de defici\u00eancia;<\/p>\n<p style=\"text-align: justify; padding-left: 30px;\">\u2022127 nomea\u00e7\u00f5es para os demais cargos (m\u00e9dico, t\u00e9cnico de seguran\u00e7a, tecnologia da informa\u00e7\u00e3o, etc).<\/p>\n<p style=\"text-align: justify;\">As <span style=\"color: #3366ff;\"><strong>principais disciplinas<\/strong><\/span> cobradas no \u00faltimo concurso TST tamb\u00e9m foram cobradas no \u00faltimo concurso TRT 6 para os principais cargos (AJAJ, OFAF, AJAA, TJAA) disputados nesse certame. Quais s\u00e3o essas disciplinas? Essas disciplinas s\u00e3o:\u00a0<strong>Portugu\u00eas<\/strong>, <strong>Direito Constitucional<\/strong>, <strong>Direito Administrativo<\/strong>, <strong>Direito do Trabalho<\/strong>. Veja isso no gr\u00e1fico abaixo:<\/p>\n<p style=\"text-align: justify;\"><img loading=\"lazy\" decoding=\"async\" class=\"aligncenter wp-image-60250\" src=\"https:\/\/dhg1h5j42swfq.cloudfront.net\/2017\/01\/05110554\/Adinoel-Panorama-TRT-foto-TRT6-disciplinas.jpg\" alt=\"concursos trt 2017\" width=\"500\" height=\"191\" srcset=\"https:\/\/dhg1h5j42swfq.cloudfront.net\/2017\/01\/05110554\/Adinoel-Panorama-TRT-foto-TRT6-disciplinas.jpg 796w, https:\/\/dhg1h5j42swfq.cloudfront.net\/2017\/01\/05110554\/Adinoel-Panorama-TRT-foto-TRT6-disciplinas.jpg 300w, https:\/\/dhg1h5j42swfq.cloudfront.net\/2017\/01\/05110554\/Adinoel-Panorama-TRT-foto-TRT6-disciplinas.jpg 768w, https:\/\/dhg1h5j42swfq.cloudfront.net\/2017\/01\/05110554\/Adinoel-Panorama-TRT-foto-TRT6-disciplinas.jpg 500w\" sizes=\"auto, (max-width: 500px) 100vw, 500px\" \/><\/p>\n<p style=\"text-align: justify;\">H\u00e1 expectativas de um <strong><span style=\"color: #3366ff;\">pr\u00f3ximo concurso<\/span><\/strong> para TRT 6 em breve. Vale registrar que, em 2016, o PLN 12\/2016 abriu cr\u00e9dito suplementar para realiza\u00e7\u00e3o do concurso do TRT 6, mas as inscri\u00e7\u00f5es do concurso teriam que acontecer ainda em 2016. No final das contas, o Tribunal n\u00e3o chegou a aproveitar\u00a0o cr\u00e9dito.<\/p>\n<p style=\"text-align: justify;\">Tamb\u00e9m tramita no Congresso Nacional o Projeto de Lei 2.641\/2015 que cria 128 cargos no TRT 6, mas, como comentamos, este projeto de lei est\u00e1 com a tramita\u00e7\u00e3o suspensa a pedido do TST.<\/p>\n<p style=\"text-align: justify;\">Ainda temos um levamento de dezembro de 2015 que indica a situa\u00e7\u00e3o do quadro do TRT PE. Ao todo, o Tribunal possui 1.754 cargos de servidores. No entanto, naquele m\u00eas havia 1.575 cargos providos, sobrando 179 cargos vagos. Durante 2016, foram nomeados apenas 74 novos servidores, sobrando mais de 100 cargos vagos (n\u00e3o contabilizando as aposentadorias e vac\u00e2ncias nesse per\u00edodo).<\/p>\n<p style=\"text-align: justify;\"><img loading=\"lazy\" decoding=\"async\" class=\"aligncenter wp-image-60256\" src=\"https:\/\/dhg1h5j42swfq.cloudfront.net\/2017\/01\/05113331\/Adinoel-Panorama-TRT-foto-TRT6-pr%C3%B3ximo-concurso.jpg\" alt=\"concursos trt 2017\" width=\"600\" height=\"308\" srcset=\"https:\/\/dhg1h5j42swfq.cloudfront.net\/2017\/01\/05113331\/Adinoel-Panorama-TRT-foto-TRT6-pr%C3%B3ximo-concurso.jpg 794w, https:\/\/dhg1h5j42swfq.cloudfront.net\/2017\/01\/05113331\/Adinoel-Panorama-TRT-foto-TRT6-pr%C3%B3ximo-concurso.jpg 300w, https:\/\/dhg1h5j42swfq.cloudfront.net\/2017\/01\/05113331\/Adinoel-Panorama-TRT-foto-TRT6-pr%C3%B3ximo-concurso.jpg 768w, https:\/\/dhg1h5j42swfq.cloudfront.net\/2017\/01\/05113331\/Adinoel-Panorama-TRT-foto-TRT6-pr%C3%B3ximo-concurso.jpg 500w\" sizes=\"auto, (max-width: 600px) 100vw, 600px\" \/><\/p>\n<p style=\"text-align: justify;\">Em setembro deste ano a Corte divulgou a forma\u00e7\u00e3o de uma comiss\u00e3o de apoio. Confira <a href=\"https:\/\/www.estrategiaconcursos.com.br\/blog\/concurso-trt-6\/\" target=\"_blank\" rel=\"noopener\">aqui<\/a> (e volte, se n\u00e3o n\u00e3o vai passar!! rs).<\/p>\n<hr \/>\n<h2 style=\"text-align: justify;\">Concurso TRT 10\u00aa Regi\u00e3o<\/h2>\n<p><img loading=\"lazy\" decoding=\"async\" class=\"aligncenter wp-image-60275\" src=\"https:\/\/dhg1h5j42swfq.cloudfront.net\/2017\/01\/05132529\/Adinoel-Panorama-TRT-foto-TRT10.jpg\" alt=\"concursos trt 2017\" width=\"700\" height=\"467\" srcset=\"https:\/\/dhg1h5j42swfq.cloudfront.net\/2017\/01\/05132529\/Adinoel-Panorama-TRT-foto-TRT10.jpg 795w, https:\/\/dhg1h5j42swfq.cloudfront.net\/2017\/01\/05132529\/Adinoel-Panorama-TRT-foto-TRT10.jpg 300w, https:\/\/dhg1h5j42swfq.cloudfront.net\/2017\/01\/05132529\/Adinoel-Panorama-TRT-foto-TRT10.jpg 768w, https:\/\/dhg1h5j42swfq.cloudfront.net\/2017\/01\/05132529\/Adinoel-Panorama-TRT-foto-TRT10.jpg 450w\" sizes=\"auto, (max-width: 700px) 100vw, 700px\" \/><\/p>\n<p style=\"text-align: justify;\">O <span style=\"color: #3366ff;\"><strong>\u00faltimo concurso<\/strong><\/span> para o <span style=\"color: #3366ff;\"><em><strong>TRT 10<\/strong><\/em><\/span> se estendeu entre os anos de 2012 e 2013. Esse concurso foi organizado pela banca <span style=\"color: #3366ff;\"><a style=\"color: #3366ff;\" href=\"http:\/\/www.cespe.unb.br\/concursos\/\" target=\"_blank\" rel=\"noopener\">CESPE<\/a><\/span> (Centro de Sele\u00e7\u00e3o e de Promo\u00e7\u00e3o de Eventos da Universidade de Bras\u00edlia).<\/p>\n<p style=\"text-align: justify;\">O <strong><span style=\"color: #3366ff;\">prazo de validade<\/span><\/strong> do concurso TRT 10 vai at\u00e9 agosto de 2017.<\/p>\n<p style=\"text-align: justify;\">\u00a0O edital do \u00faltimo concurso TRT 10 trouxe <span style=\"color: #3366ff;\"><strong>26 vagas<\/strong><\/span> mais o Cadastro de Reserva (CR). Por\u00e9m, at\u00e9 12\/2016, esse concurso j\u00e1 tinha nomeado <span style=\"color: #3366ff;\"><strong>613 aprovados<\/strong><\/span>.<\/p>\n<p style=\"text-align: justify;\">\u00a0<img loading=\"lazy\" decoding=\"async\" class=\"aligncenter wp-image-60279\" src=\"https:\/\/dhg1h5j42swfq.cloudfront.net\/2017\/01\/05140333\/Adinoel-Panorama-TRT-foto-TRT10-ultimo-concurso.jpg\" alt=\"concursos trt 2017\" width=\"600\" height=\"191\" srcset=\"https:\/\/dhg1h5j42swfq.cloudfront.net\/2017\/01\/05140333\/Adinoel-Panorama-TRT-foto-TRT10-ultimo-concurso.jpg 795w, https:\/\/dhg1h5j42swfq.cloudfront.net\/2017\/01\/05140333\/Adinoel-Panorama-TRT-foto-TRT10-ultimo-concurso.jpg 300w, https:\/\/dhg1h5j42swfq.cloudfront.net\/2017\/01\/05140333\/Adinoel-Panorama-TRT-foto-TRT10-ultimo-concurso.jpg 768w, https:\/\/dhg1h5j42swfq.cloudfront.net\/2017\/01\/05140333\/Adinoel-Panorama-TRT-foto-TRT10-ultimo-concurso.jpg 500w\" sizes=\"auto, (max-width: 600px) 100vw, 600px\" \/><\/p>\n<p style=\"text-align: justify;\">\u00a0As 613 nomea\u00e7\u00f5es at\u00e9 12\/2016 foram assim distribu\u00eddas:<\/p>\n<p style=\"text-align: justify; padding-left: 30px;\">\u202288 Analistas Judici\u00e1rios da \u00c1rea Judici\u00e1ria (AJAJ), destes 2 s\u00e3o portadores de defici\u00eancia;<\/p>\n<p style=\"text-align: justify; padding-left: 30px;\">\u202217 Oficiais de Justi\u00e7a Avaliador Federal (OJAF), destes 1 \u00e9 portador de defici\u00eancia;<\/p>\n<p style=\"text-align: justify; padding-left: 30px;\">\u202297 Analistas Judici\u00e1rios da \u00c1rea Judici\u00e1ria (AJAA), destes 4 s\u00e3o portadores de defici\u00eancia;<\/p>\n<p style=\"text-align: justify; padding-left: 30px;\">\u2022340 T\u00e9cnicos Judici\u00e1rios da \u00c1rea Administrativa\u00a0(TJAA), deste 18 s\u00e3o portadores de defici\u00eancia;<\/p>\n<p style=\"text-align: justify; padding-left: 30px;\">\u202271 demais cargos.<\/p>\n<p style=\"text-align: justify;\">O\u00a0\u00faltimo concurso TRT 10 tamb\u00e9m cobrou as <span style=\"color: #3366ff;\"><strong>principais disciplinas<\/strong><\/span> que v\u00eam sendo cobradas nos concursos para tribunais trabalhistas, ou seja, <strong>Portugu\u00eas<\/strong>, <strong>Direito Constitucional<\/strong>, <strong>Direito Administrativo<\/strong>, <strong>Direito do Trabalho<\/strong>. Veja isso no gr\u00e1fico abaixo.<\/p>\n<p style=\"text-align: justify;\"><img loading=\"lazy\" decoding=\"async\" class=\"aligncenter wp-image-60284\" src=\"https:\/\/dhg1h5j42swfq.cloudfront.net\/2017\/01\/05142936\/Adinoel-Panorama-TRT-foto-TRT10-disciplina.jpg\" alt=\"concursos trt 2017\" width=\"350\" height=\"309\" srcset=\"https:\/\/dhg1h5j42swfq.cloudfront.net\/2017\/01\/05142936\/Adinoel-Panorama-TRT-foto-TRT10-disciplina.jpg 426w, https:\/\/dhg1h5j42swfq.cloudfront.net\/2017\/01\/05142936\/Adinoel-Panorama-TRT-foto-TRT10-disciplina.jpg 300w, https:\/\/dhg1h5j42swfq.cloudfront.net\/2017\/01\/05142936\/Adinoel-Panorama-TRT-foto-TRT10-disciplina.jpg 340w\" sizes=\"auto, (max-width: 350px) 100vw, 350px\" \/><\/p>\n<p style=\"text-align: justify;\">Pode ser que tenhamos um <span style=\"color: #3366ff;\"><strong>pr\u00f3ximo concurso<\/strong><\/span>\u00a0TRT 10 em breve, devido \u00e0 alta rotatividade deste tribunal (vide os mais de 600 nomeados dentro do prazo de validade do \u00faltimo do concurso).<\/p>\n<hr \/>\n<h2 style=\"text-align: justify;\">\u00a0Concurso TRT 18\u00aa Regi\u00e3o (TRT GO)<\/h2>\n<p style=\"text-align: justify;\"><img loading=\"lazy\" decoding=\"async\" class=\"aligncenter wp-image-60325\" src=\"https:\/\/dhg1h5j42swfq.cloudfront.net\/2017\/01\/06065648\/Adinoel-Panorama-TRT-foto-TRT18.jpg\" width=\"500\" height=\"319\" srcset=\"https:\/\/dhg1h5j42swfq.cloudfront.net\/2017\/01\/06065648\/Adinoel-Panorama-TRT-foto-TRT18.jpg 544w, https:\/\/dhg1h5j42swfq.cloudfront.net\/2017\/01\/06065648\/Adinoel-Panorama-TRT-foto-TRT18.jpg 300w, https:\/\/dhg1h5j42swfq.cloudfront.net\/2017\/01\/06065648\/Adinoel-Panorama-TRT-foto-TRT18.jpg 470w\" sizes=\"auto, (max-width: 500px) 100vw, 500px\" \/><\/p>\n<p style=\"text-align: justify;\">O <span style=\"color: #3366ff;\"><strong>\u00faltimo concurso<\/strong><\/span> para o <span style=\"color: #3366ff;\"><strong><em>TRT 18<\/em><\/strong><\/span> (TRT GO) aconteceu em 2013 e foi realizado pela banca FCC.<\/p>\n<p style=\"text-align: justify;\">O <span style=\"color: #3366ff;\"><strong>prazo de validade<\/strong><\/span> do concurso TRT 18 de 2013 expira em novembro de 2017, mas a Corte j\u00e1 se movimenta para realizar o pr\u00f3ximo certame, haja vista a contrata\u00e7\u00e3o da FCC. Confira <a href=\"https:\/\/www.estrategiaconcursos.com.br\/blog\/concurso-trt-18-go\/\" target=\"_blank\" rel=\"noopener\">aqui<\/a>.<\/p>\n<p style=\"text-align: justify;\">O conc<span style=\"color: #000000;\">urso TRT GO previa poucas vagas\u00a0e\u00a0nomeou candidatos segundo os dados abaixo<\/span>:<\/p>\n<p style=\"text-align: justify; padding-left: 30px;\">\u2022o edital previa 2 vagas para Analita Judici\u00e1ria da \u00c1rea Judici\u00e1ria (AJAJ), mas o Tribunal nomeou 180 aprovados (sendo 2 portadores de defici\u00eancia);<\/p>\n<p style=\"text-align: justify; padding-left: 30px;\">\u2022o edital previa 1 vaga para Oficial de Justi\u00e7a Avaliador Federal (OJAF), mas nomeou 54 aprovados (sendo 1 portador de defici\u00eancia);<\/p>\n<p style=\"text-align: justify; padding-left: 30px;\">\u2022o edital previa apenas Cadastro de Reserva para Analista Judici\u00e1rio da \u00c1rea Administrativa (AJAA), mas nomeou 61 aprovados (sendo 3 portadores de defici\u00eancia);<\/p>\n<p style=\"text-align: justify; padding-left: 30px;\">\u2022o edital previa 1 vaga para T\u00e9cnico Judici\u00e1rio da \u00c1rea Administrativa (TJAA), mas nomeou 224 aprovados (sendo 9 portadores de defici\u00eancia).<\/p>\n<p style=\"text-align: justify;\"><img loading=\"lazy\" decoding=\"async\" class=\"aligncenter wp-image-60328\" src=\"https:\/\/dhg1h5j42swfq.cloudfront.net\/2017\/01\/06071734\/Adinoel-Panorama-TRT-foto-TRT18-ultimo-concurso.jpg\" alt=\"concursos trt 2017\" width=\"500\" height=\"191\" srcset=\"https:\/\/dhg1h5j42swfq.cloudfront.net\/2017\/01\/06071734\/Adinoel-Panorama-TRT-foto-TRT18-ultimo-concurso.jpg 602w, https:\/\/dhg1h5j42swfq.cloudfront.net\/2017\/01\/06071734\/Adinoel-Panorama-TRT-foto-TRT18-ultimo-concurso.jpg 300w, https:\/\/dhg1h5j42swfq.cloudfront.net\/2017\/01\/06071734\/Adinoel-Panorama-TRT-foto-TRT18-ultimo-concurso.jpg 500w\" sizes=\"auto, (max-width: 500px) 100vw, 500px\" \/><\/p>\n<p style=\"text-align: justify;\">O\u00a0\u00faltimo concurso TRT 18\u00a0tamb\u00e9m cobrou as <span style=\"color: #3366ff;\"><strong>principais disciplinas<\/strong><\/span> que v\u00eam sendo cobradas nos concursos para tribunais trabalhistas, ou seja, <strong>Portugu\u00eas<\/strong>, <strong>Direito Constitucional<\/strong>, <strong>Direito Administrativo<\/strong>, <strong>Direito do Trabalho<\/strong>. Veja isso no gr\u00e1fico abaixo:<\/p>\n<p style=\"text-align: justify;\"><img loading=\"lazy\" decoding=\"async\" class=\"aligncenter wp-image-60329\" src=\"https:\/\/dhg1h5j42swfq.cloudfront.net\/2017\/01\/06071736\/Adinoel-Panorama-TRT-foto-TRT18-disciplinas.jpg\" alt=\"concursos trt 2017\" width=\"500\" height=\"305\" srcset=\"https:\/\/dhg1h5j42swfq.cloudfront.net\/2017\/01\/06071736\/Adinoel-Panorama-TRT-foto-TRT18-disciplinas.jpg 619w, https:\/\/dhg1h5j42swfq.cloudfront.net\/2017\/01\/06071736\/Adinoel-Panorama-TRT-foto-TRT18-disciplinas.jpg 300w, https:\/\/dhg1h5j42swfq.cloudfront.net\/2017\/01\/06071736\/Adinoel-Panorama-TRT-foto-TRT18-disciplinas.jpg 491w\" sizes=\"auto, (max-width: 500px) 100vw, 500px\" \/><\/p>\n<hr \/>\n<h2 style=\"text-align: justify;\">Concurso TRT 22 (TRT PI)<\/h2>\n<p style=\"text-align: justify;\"><img loading=\"lazy\" decoding=\"async\" class=\"aligncenter wp-image-60338\" src=\"https:\/\/dhg1h5j42swfq.cloudfront.net\/2017\/01\/06075845\/Adinoel-Panorama-TRT-foto-TRT22.jpg\" alt=\"concursos trt 2017\" width=\"450\" height=\"293\" srcset=\"https:\/\/dhg1h5j42swfq.cloudfront.net\/2017\/01\/06075845\/Adinoel-Panorama-TRT-foto-TRT22.jpg 468w, https:\/\/dhg1h5j42swfq.cloudfront.net\/2017\/01\/06075845\/Adinoel-Panorama-TRT-foto-TRT22.jpg 300w, https:\/\/dhg1h5j42swfq.cloudfront.net\/2017\/01\/06075845\/Adinoel-Panorama-TRT-foto-TRT22.jpg 460w\" sizes=\"auto, (max-width: 450px) 100vw, 450px\" \/><\/p>\n<p style=\"text-align: justify;\">O <span style=\"color: #3366ff;\"><strong>\u00faltimo concurso<\/strong><\/span> para o <span style=\"color: #3366ff;\"><em><strong>TRT 22<\/strong><\/em><\/span> (TRT PI) foi realizado pela banca FCC no ano de 2010.<\/p>\n<p style=\"text-align: justify;\">O <span style=\"color: #3366ff;\"><strong>prazo de validade<\/strong><\/span> do concurso TRT 22 de 2010 venceu no ano de 2015.<\/p>\n<p style=\"text-align: justify;\">O concurso TRT 22 de 2010 tamb\u00e9m <span style=\"color: #3366ff;\"><strong>nomeou al\u00e9m das vagas<\/strong><\/span> oferecidas no edital. Veja como foram as nomea\u00e7\u00f5es desse concurso abaixo:<\/p>\n<p style=\"text-align: justify;\">\u2022para Analista Judici\u00e1rio da \u00c1rea Judici\u00e1ria\u00a0(AJAJ) era 1 vaga, mas foram nomeados 5 aprovados;<\/p>\n<p style=\"text-align: justify;\">\u2022para Oficial de Justi\u00e7a Avaliador Federal (OJAF) era 1 vaga, mas foram nomeados 19 aprovados;<\/p>\n<p style=\"text-align: justify;\">\u2022para Analista Judici\u00e1rio da \u00c1rea Administrativa (AJAA) havia apenas previs\u00e3o de Cadastro de Reserva, mas foram nomeados 5 aprovados;<\/p>\n<p style=\"text-align: justify;\">\u2022para T\u00e9cnico Judici\u00e1rio da \u00c1rea Administrativa eram 4 vagas, mas foram nomeados 55 aprovados.<\/p>\n<p style=\"text-align: justify;\"><img loading=\"lazy\" decoding=\"async\" class=\"aligncenter wp-image-60337\" src=\"https:\/\/dhg1h5j42swfq.cloudfront.net\/2017\/01\/06075843\/Adinoel-Panorama-TRT-foto-TRT22-ultimo-concurso.jpg\" alt=\"concursos trt 2017\" width=\"500\" height=\"190\" srcset=\"https:\/\/dhg1h5j42swfq.cloudfront.net\/2017\/01\/06075843\/Adinoel-Panorama-TRT-foto-TRT22-ultimo-concurso.jpg 632w, https:\/\/dhg1h5j42swfq.cloudfront.net\/2017\/01\/06075843\/Adinoel-Panorama-TRT-foto-TRT22-ultimo-concurso.jpg 300w, https:\/\/dhg1h5j42swfq.cloudfront.net\/2017\/01\/06075843\/Adinoel-Panorama-TRT-foto-TRT22-ultimo-concurso.jpg 500w\" sizes=\"auto, (max-width: 500px) 100vw, 500px\" \/><\/p>\n<p style=\"text-align: justify;\">O edital do \u00faltimo concurso TRT 22\u00a0tamb\u00e9m cobrou as <span style=\"color: #3366ff;\"><strong>principais disciplinas<\/strong><\/span> , ou seja, <strong>Portugu\u00eas<\/strong>, <strong>Direito Constitucional<\/strong>, <strong>Direito Administrativo<\/strong>, <strong>Direito do Trabalho<\/strong>. Veja isso no gr\u00e1fico abaixo:<\/p>\n<p style=\"text-align: justify;\"><img loading=\"lazy\" decoding=\"async\" class=\"aligncenter wp-image-60336\" src=\"https:\/\/dhg1h5j42swfq.cloudfront.net\/2017\/01\/06075842\/Adinoel-Panorama-TRT-foto-TRT22-disciplinas.jpg\" alt=\"concursos trt 2017\" width=\"500\" height=\"273\" srcset=\"https:\/\/dhg1h5j42swfq.cloudfront.net\/2017\/01\/06075842\/Adinoel-Panorama-TRT-foto-TRT22-disciplinas.jpg 624w, https:\/\/dhg1h5j42swfq.cloudfront.net\/2017\/01\/06075842\/Adinoel-Panorama-TRT-foto-TRT22-disciplinas.jpg 300w, https:\/\/dhg1h5j42swfq.cloudfront.net\/2017\/01\/06075842\/Adinoel-Panorama-TRT-foto-TRT22-disciplinas.jpg 500w\" sizes=\"auto, (max-width: 500px) 100vw, 500px\" \/><\/p>\n<hr \/>\n<p style=\"text-align: justify;\">Conforme prometido, seguem abaixo os materiais sobre os quais falei. Apesar do t\u00edtulo, o webin\u00e1rio a seguir tem como foco o cargo de oficial de justi\u00e7a de TRT\u00b4s:<\/p>\n<p>https:\/\/www.estrategiaconcursos.com.br\/blog\/como-estudar-regimento-interno-para-concursos-publicos\/<\/p>\n<p><span style=\"color: #008000;\"><em>Acesse o nosso Guia Completo Concursos Tribunais.<\/em><\/span><\/p>\n<p><a href=\"https:\/\/www.estrategiaconcursos.com.br\/blog\/guia-completo-concursos-tribunais\/\">Guia Completo Concursos Tribunais<\/a><\/p>\n<hr \/>\n<h2 style=\"text-align: center;\"><img loading=\"lazy\" decoding=\"async\" class=\"alignleft wp-image-42649\" src=\"https:\/\/dhg1h5j42swfq.cloudfront.net\/2016\/05\/14113252\/novas-corujas-0621.png\" alt=\"apostila INSS\" width=\"200\" height=\"121\" srcset=\"https:\/\/dhg1h5j42swfq.cloudfront.net\/2016\/05\/14113252\/novas-corujas-0621.png 1020w, https:\/\/dhg1h5j42swfq.cloudfront.net\/2016\/05\/14113252\/novas-corujas-0621.png 300w, https:\/\/dhg1h5j42swfq.cloudfront.net\/2016\/05\/14113252\/novas-corujas-0621.png 768w, https:\/\/dhg1h5j42swfq.cloudfront.net\/2016\/05\/14113252\/novas-corujas-0621.png 497w\" sizes=\"auto, (max-width: 200px) 100vw, 200px\" \/><\/h2>\n<p style=\"text-align: justify;\"><span style=\"color: #008000;\">O Estrat\u00e9gia Concursos j\u00e1 lan\u00e7ou cursos focados no <a href=\"https:\/\/www.estrategiaconcursos.com.br\/cursosPorConcurso\/trts-cursos-regulares-62\/\" target=\"_blank\" rel=\"noopener\"><span style=\"color: #3366ff;\"><strong>Concurso TRT<\/strong><\/span><\/a>. Nossos cursos cont\u00eam o conte\u00fado completo que ser\u00e1 cobrado na sua prova. S\u00e3o PDF\u00b4s e videoaulas, al\u00e9m de um f\u00f3rum de d\u00favidas exclusivo na \u00e1rea do aluno para voc\u00ea esclarecer pontos com seus professores. Confiamos tanto na qualidade da nossa equipe e dos nossos materiais que n\u00f3s temos uma pol\u00edtica de satisfa\u00e7\u00e3o garantida ou seu dinheiro de volta, em at\u00e9 30 dias e sem burocracia. Voc\u00ea n\u00e3o tem nada a perder, conhe\u00e7a nossos cursos!<\/span><\/p>\n<hr \/>\n<p style=\"text-align: justify;\">Bons Estudos!<\/p>\n","protected":false},"excerpt":{"rendered":"<p>Concursos TRT em 2017 &#8211; panorama COMPLETO! Confira! Fala, pessoal! Caso n\u00e3o me conhe\u00e7a, meu nome \u00e9 Fabr\u00edcio R\u00eago, sou professor de legisla\u00e7\u00e3o no Estrat\u00e9gia Concursos, incluindo regimentos de tribunais e legislativos. No caso dos TRT\u00b4s, Tribunais Superiores e TRF\u00b4s, sou professor de regimento interno junto com o fera Paulo Guimar\u00e3es. Em fevereiro de 2017 [&hellip;]<\/p>\n","protected":false},"author":48,"featured_media":0,"comment_status":"open","ping_status":"open","sticky":false,"template":"","format":"standard","meta":{"post_tipo":"article","footnotes":""},"categories":[1,1984],"tags":[],"tax_estado":[219963],"class_list":["post-60190","post","type-post","status-publish","format-standard","hentry","category-cursos-e-concursos","category-tribunais","tax_estado-concursos-federais"],"acf":[],"yoast_head":"<!-- This site is optimized with the Yoast SEO Premium plugin v27.2 (Yoast SEO v27.2) - https:\/\/yoast.com\/product\/yoast-seo-premium-wordpress\/ -->\n<title>Concursos TRT em 2017 - Panorama Completa<\/title>\n<meta name=\"description\" content=\"Concursos TRT em 2017: acompanhe as principais novidades para 2017. Os nossos especialistas fizeram um panorama completo dos certames!\" \/>\n<meta name=\"robots\" content=\"index, follow, max-snippet:-1, max-image-preview:large, max-video-preview:-1\" \/>\n<link rel=\"canonical\" href=\"https:\/\/www.estrategiaconcursos.com.br\/blog\/concursos-trt-panorama-completo\/\" \/>\n<meta property=\"og:locale\" content=\"pt_BR\" \/>\n<meta property=\"og:type\" content=\"article\" \/>\n<meta property=\"og:title\" content=\"Concursos TRT - panorama COMPLETO! Confira!\" \/>\n<meta property=\"og:description\" content=\"Concursos TRT em 2017: acompanhe as principais novidades para 2017. Os nossos especialistas fizeram um panorama completo dos certames!\" \/>\n<meta property=\"og:url\" content=\"https:\/\/www.estrategiaconcursos.com.br\/blog\/concursos-trt-panorama-completo\/\" \/>\n<meta property=\"og:site_name\" content=\"Estrat\u00e9gia Concursos\" \/>\n<meta property=\"article:published_time\" content=\"2017-10-20T16:40:05+00:00\" \/>\n<meta property=\"article:modified_time\" content=\"2022-10-17T21:02:42+00:00\" \/>\n<meta property=\"og:image\" content=\"https:\/\/www.estrategiaconcursos.com.br\/blog\/wp-content\/uploads\/2017\/10\/rede-ig.jpg\" \/>\n<meta name=\"author\" content=\"Coordena\u00e7\u00e3o\" \/>\n<meta name=\"twitter:card\" content=\"summary_large_image\" \/>\n<meta name=\"twitter:creator\" content=\"@EstratConcursos\" \/>\n<meta name=\"twitter:site\" content=\"@EstratConcursos\" \/>\n<meta name=\"twitter:label1\" content=\"Escrito por\" \/>\n\t<meta name=\"twitter:data1\" content=\"Coordena\u00e7\u00e3o\" \/>\n\t<meta name=\"twitter:label2\" content=\"Est. tempo de leitura\" \/>\n\t<meta name=\"twitter:data2\" content=\"14 minutos\" \/>\n<script type=\"application\/ld+json\" class=\"yoast-schema-graph\">{\"@context\":\"https:\/\/schema.org\",\"@graph\":[{\"@type\":\"NewsArticle\",\"@id\":\"https:\/\/www.estrategiaconcursos.com.br\/blog\/concursos-trt-panorama-completo\/#article\",\"isPartOf\":{\"@id\":\"https:\/\/www.estrategiaconcursos.com.br\/blog\/concursos-trt-panorama-completo\/\"},\"author\":{\"name\":\"Coordena\u00e7\u00e3o\",\"@id\":\"https:\/\/www.estrategiaconcursos.com.br\/blog\/#\/schema\/person\/cdad40b5818eb228a838461fcd656da7\"},\"headline\":\"Concursos TRT &#8211; panorama COMPLETO! Confira!\",\"datePublished\":\"2017-10-20T16:40:05+00:00\",\"dateModified\":\"2022-10-17T21:02:42+00:00\",\"mainEntityOfPage\":{\"@id\":\"https:\/\/www.estrategiaconcursos.com.br\/blog\/concursos-trt-panorama-completo\/\"},\"wordCount\":1684,\"commentCount\":32,\"publisher\":{\"@id\":\"https:\/\/www.estrategiaconcursos.com.br\/blog\/#organization\"},\"image\":{\"@id\":\"https:\/\/www.estrategiaconcursos.com.br\/blog\/concursos-trt-panorama-completo\/#primaryimage\"},\"thumbnailUrl\":\"https:\/\/www.estrategiaconcursos.com.br\/blog\/wp-content\/uploads\/2017\/10\/rede-ig.jpg\",\"articleSection\":[\"Concursos P\u00fablicos\",\"Tribunais\"],\"inLanguage\":\"pt-BR\",\"potentialAction\":[{\"@type\":\"CommentAction\",\"name\":\"Comment\",\"target\":[\"https:\/\/www.estrategiaconcursos.com.br\/blog\/concursos-trt-panorama-completo\/#respond\"]}],\"copyrightYear\":\"2017\",\"copyrightHolder\":{\"@id\":\"https:\/\/www.estrategiaconcursos.com.br\/blog\/#organization\"}},{\"@type\":\"WebPage\",\"@id\":\"https:\/\/www.estrategiaconcursos.com.br\/blog\/concursos-trt-panorama-completo\/\",\"url\":\"https:\/\/www.estrategiaconcursos.com.br\/blog\/concursos-trt-panorama-completo\/\",\"name\":\"Concursos TRT em 2017 - Panorama Completa\",\"isPartOf\":{\"@id\":\"https:\/\/www.estrategiaconcursos.com.br\/blog\/#website\"},\"primaryImageOfPage\":{\"@id\":\"https:\/\/www.estrategiaconcursos.com.br\/blog\/concursos-trt-panorama-completo\/#primaryimage\"},\"image\":{\"@id\":\"https:\/\/www.estrategiaconcursos.com.br\/blog\/concursos-trt-panorama-completo\/#primaryimage\"},\"thumbnailUrl\":\"https:\/\/www.estrategiaconcursos.com.br\/blog\/wp-content\/uploads\/2017\/10\/rede-ig.jpg\",\"datePublished\":\"2017-10-20T16:40:05+00:00\",\"dateModified\":\"2022-10-17T21:02:42+00:00\",\"description\":\"Concursos TRT em 2017: acompanhe as principais novidades para 2017. Os nossos especialistas fizeram um panorama completo dos certames!\",\"breadcrumb\":{\"@id\":\"https:\/\/www.estrategiaconcursos.com.br\/blog\/concursos-trt-panorama-completo\/#breadcrumb\"},\"inLanguage\":\"pt-BR\",\"potentialAction\":[{\"@type\":\"ReadAction\",\"target\":[\"https:\/\/www.estrategiaconcursos.com.br\/blog\/concursos-trt-panorama-completo\/\"]}]},{\"@type\":\"ImageObject\",\"inLanguage\":\"pt-BR\",\"@id\":\"https:\/\/www.estrategiaconcursos.com.br\/blog\/concursos-trt-panorama-completo\/#primaryimage\",\"url\":\"https:\/\/dhg1h5j42swfq.cloudfront.net\/2017\/10\/20092944\/rede-ig.jpg\",\"contentUrl\":\"https:\/\/dhg1h5j42swfq.cloudfront.net\/2017\/10\/20092944\/rede-ig.jpg\",\"width\":626,\"height\":626},{\"@type\":\"BreadcrumbList\",\"@id\":\"https:\/\/www.estrategiaconcursos.com.br\/blog\/concursos-trt-panorama-completo\/#breadcrumb\",\"itemListElement\":[{\"@type\":\"ListItem\",\"position\":1,\"name\":\"In\u00edcio\",\"item\":\"https:\/\/www.estrategiaconcursos.com.br\/blog\/\"},{\"@type\":\"ListItem\",\"position\":2,\"name\":\"Concursos TRT &#8211; panorama COMPLETO! Confira!\"}]},{\"@type\":\"WebSite\",\"@id\":\"https:\/\/www.estrategiaconcursos.com.br\/blog\/#website\",\"url\":\"https:\/\/www.estrategiaconcursos.com.br\/blog\/\",\"name\":\"Estrat\u00e9gia Concursos\",\"description\":\"O blog da Estrat\u00e9gia Concursos traz not\u00edcias sobre concursos e artigos de professores oferecendo cursos para concursos (pdf + videaulas) no site.\",\"publisher\":{\"@id\":\"https:\/\/www.estrategiaconcursos.com.br\/blog\/#organization\"},\"potentialAction\":[{\"@type\":\"SearchAction\",\"target\":{\"@type\":\"EntryPoint\",\"urlTemplate\":\"https:\/\/www.estrategiaconcursos.com.br\/blog\/?s={search_term_string}\"},\"query-input\":{\"@type\":\"PropertyValueSpecification\",\"valueRequired\":true,\"valueName\":\"search_term_string\"}}],\"inLanguage\":\"pt-BR\"},{\"@type\":\"Organization\",\"@id\":\"https:\/\/www.estrategiaconcursos.com.br\/blog\/#organization\",\"name\":\"Estrat\u00e9gia Concursos\",\"url\":\"https:\/\/www.estrategiaconcursos.com.br\/blog\/\",\"logo\":{\"@type\":\"ImageObject\",\"inLanguage\":\"pt-BR\",\"@id\":\"https:\/\/www.estrategiaconcursos.com.br\/blog\/#\/schema\/logo\/image\/\",\"url\":\"https:\/\/dhg1h5j42swfq.cloudfront.net\/2025\/06\/03203428\/logo_concursos-1.jpg\",\"contentUrl\":\"https:\/\/dhg1h5j42swfq.cloudfront.net\/2025\/06\/03203428\/logo_concursos-1.jpg\",\"width\":230,\"height\":60,\"caption\":\"Estrat\u00e9gia Concursos\"},\"image\":{\"@id\":\"https:\/\/www.estrategiaconcursos.com.br\/blog\/#\/schema\/logo\/image\/\"},\"sameAs\":[\"https:\/\/x.com\/EstratConcursos\"]},{\"@type\":\"Person\",\"@id\":\"https:\/\/www.estrategiaconcursos.com.br\/blog\/#\/schema\/person\/cdad40b5818eb228a838461fcd656da7\",\"name\":\"Coordena\u00e7\u00e3o\",\"image\":{\"@type\":\"ImageObject\",\"inLanguage\":\"pt-BR\",\"@id\":\"https:\/\/secure.gravatar.com\/avatar\/a413b22da0f5009c634f6c4586a2dbe5207074fd5becd88db5183b8069ef25e4?s=96&d=mm&r=g\",\"url\":\"https:\/\/secure.gravatar.com\/avatar\/a413b22da0f5009c634f6c4586a2dbe5207074fd5becd88db5183b8069ef25e4?s=96&d=mm&r=g\",\"contentUrl\":\"https:\/\/secure.gravatar.com\/avatar\/a413b22da0f5009c634f6c4586a2dbe5207074fd5becd88db5183b8069ef25e4?s=96&d=mm&r=g\",\"caption\":\"Coordena\u00e7\u00e3o\"},\"url\":\"https:\/\/www.estrategiaconcursos.com.br\/blog\/author\/contatoestrategiaconcursos-com-br\/\"}]}<\/script>\n<!-- \/ Yoast SEO Premium plugin. -->","yoast_head_json":{"title":"Concursos TRT em 2017 - Panorama Completa","description":"Concursos TRT em 2017: acompanhe as principais novidades para 2017. Os nossos especialistas fizeram um panorama completo dos certames!","robots":{"index":"index","follow":"follow","max-snippet":"max-snippet:-1","max-image-preview":"max-image-preview:large","max-video-preview":"max-video-preview:-1"},"canonical":"https:\/\/www.estrategiaconcursos.com.br\/blog\/concursos-trt-panorama-completo\/","og_locale":"pt_BR","og_type":"article","og_title":"Concursos TRT - panorama COMPLETO! Confira!","og_description":"Concursos TRT em 2017: acompanhe as principais novidades para 2017. Os nossos especialistas fizeram um panorama completo dos certames!","og_url":"https:\/\/www.estrategiaconcursos.com.br\/blog\/concursos-trt-panorama-completo\/","og_site_name":"Estrat\u00e9gia Concursos","article_published_time":"2017-10-20T16:40:05+00:00","article_modified_time":"2022-10-17T21:02:42+00:00","og_image":[{"url":"https:\/\/www.estrategiaconcursos.com.br\/blog\/wp-content\/uploads\/2017\/10\/rede-ig.jpg","type":"","width":"","height":""}],"author":"Coordena\u00e7\u00e3o","twitter_card":"summary_large_image","twitter_creator":"@EstratConcursos","twitter_site":"@EstratConcursos","twitter_misc":{"Escrito por":"Coordena\u00e7\u00e3o","Est. tempo de leitura":"14 minutos"},"schema":{"@context":"https:\/\/schema.org","@graph":[{"@type":"NewsArticle","@id":"https:\/\/www.estrategiaconcursos.com.br\/blog\/concursos-trt-panorama-completo\/#article","isPartOf":{"@id":"https:\/\/www.estrategiaconcursos.com.br\/blog\/concursos-trt-panorama-completo\/"},"author":{"name":"Coordena\u00e7\u00e3o","@id":"https:\/\/www.estrategiaconcursos.com.br\/blog\/#\/schema\/person\/cdad40b5818eb228a838461fcd656da7"},"headline":"Concursos TRT &#8211; panorama COMPLETO! Confira!","datePublished":"2017-10-20T16:40:05+00:00","dateModified":"2022-10-17T21:02:42+00:00","mainEntityOfPage":{"@id":"https:\/\/www.estrategiaconcursos.com.br\/blog\/concursos-trt-panorama-completo\/"},"wordCount":1684,"commentCount":32,"publisher":{"@id":"https:\/\/www.estrategiaconcursos.com.br\/blog\/#organization"},"image":{"@id":"https:\/\/www.estrategiaconcursos.com.br\/blog\/concursos-trt-panorama-completo\/#primaryimage"},"thumbnailUrl":"https:\/\/www.estrategiaconcursos.com.br\/blog\/wp-content\/uploads\/2017\/10\/rede-ig.jpg","articleSection":["Concursos P\u00fablicos","Tribunais"],"inLanguage":"pt-BR","potentialAction":[{"@type":"CommentAction","name":"Comment","target":["https:\/\/www.estrategiaconcursos.com.br\/blog\/concursos-trt-panorama-completo\/#respond"]}],"copyrightYear":"2017","copyrightHolder":{"@id":"https:\/\/www.estrategiaconcursos.com.br\/blog\/#organization"}},{"@type":"WebPage","@id":"https:\/\/www.estrategiaconcursos.com.br\/blog\/concursos-trt-panorama-completo\/","url":"https:\/\/www.estrategiaconcursos.com.br\/blog\/concursos-trt-panorama-completo\/","name":"Concursos TRT em 2017 - Panorama Completa","isPartOf":{"@id":"https:\/\/www.estrategiaconcursos.com.br\/blog\/#website"},"primaryImageOfPage":{"@id":"https:\/\/www.estrategiaconcursos.com.br\/blog\/concursos-trt-panorama-completo\/#primaryimage"},"image":{"@id":"https:\/\/www.estrategiaconcursos.com.br\/blog\/concursos-trt-panorama-completo\/#primaryimage"},"thumbnailUrl":"https:\/\/www.estrategiaconcursos.com.br\/blog\/wp-content\/uploads\/2017\/10\/rede-ig.jpg","datePublished":"2017-10-20T16:40:05+00:00","dateModified":"2022-10-17T21:02:42+00:00","description":"Concursos TRT em 2017: acompanhe as principais novidades para 2017. Os nossos especialistas fizeram um panorama completo dos certames!","breadcrumb":{"@id":"https:\/\/www.estrategiaconcursos.com.br\/blog\/concursos-trt-panorama-completo\/#breadcrumb"},"inLanguage":"pt-BR","potentialAction":[{"@type":"ReadAction","target":["https:\/\/www.estrategiaconcursos.com.br\/blog\/concursos-trt-panorama-completo\/"]}]},{"@type":"ImageObject","inLanguage":"pt-BR","@id":"https:\/\/www.estrategiaconcursos.com.br\/blog\/concursos-trt-panorama-completo\/#primaryimage","url":"https:\/\/dhg1h5j42swfq.cloudfront.net\/2017\/10\/20092944\/rede-ig.jpg","contentUrl":"https:\/\/dhg1h5j42swfq.cloudfront.net\/2017\/10\/20092944\/rede-ig.jpg","width":626,"height":626},{"@type":"BreadcrumbList","@id":"https:\/\/www.estrategiaconcursos.com.br\/blog\/concursos-trt-panorama-completo\/#breadcrumb","itemListElement":[{"@type":"ListItem","position":1,"name":"In\u00edcio","item":"https:\/\/www.estrategiaconcursos.com.br\/blog\/"},{"@type":"ListItem","position":2,"name":"Concursos TRT &#8211; panorama COMPLETO! Confira!"}]},{"@type":"WebSite","@id":"https:\/\/www.estrategiaconcursos.com.br\/blog\/#website","url":"https:\/\/www.estrategiaconcursos.com.br\/blog\/","name":"Estrat\u00e9gia Concursos","description":"O blog da Estrat\u00e9gia Concursos traz not\u00edcias sobre concursos e artigos de professores oferecendo cursos para concursos (pdf + videaulas) no site.","publisher":{"@id":"https:\/\/www.estrategiaconcursos.com.br\/blog\/#organization"},"potentialAction":[{"@type":"SearchAction","target":{"@type":"EntryPoint","urlTemplate":"https:\/\/www.estrategiaconcursos.com.br\/blog\/?s={search_term_string}"},"query-input":{"@type":"PropertyValueSpecification","valueRequired":true,"valueName":"search_term_string"}}],"inLanguage":"pt-BR"},{"@type":"Organization","@id":"https:\/\/www.estrategiaconcursos.com.br\/blog\/#organization","name":"Estrat\u00e9gia Concursos","url":"https:\/\/www.estrategiaconcursos.com.br\/blog\/","logo":{"@type":"ImageObject","inLanguage":"pt-BR","@id":"https:\/\/www.estrategiaconcursos.com.br\/blog\/#\/schema\/logo\/image\/","url":"https:\/\/dhg1h5j42swfq.cloudfront.net\/2025\/06\/03203428\/logo_concursos-1.jpg","contentUrl":"https:\/\/dhg1h5j42swfq.cloudfront.net\/2025\/06\/03203428\/logo_concursos-1.jpg","width":230,"height":60,"caption":"Estrat\u00e9gia Concursos"},"image":{"@id":"https:\/\/www.estrategiaconcursos.com.br\/blog\/#\/schema\/logo\/image\/"},"sameAs":["https:\/\/x.com\/EstratConcursos"]},{"@type":"Person","@id":"https:\/\/www.estrategiaconcursos.com.br\/blog\/#\/schema\/person\/cdad40b5818eb228a838461fcd656da7","name":"Coordena\u00e7\u00e3o","image":{"@type":"ImageObject","inLanguage":"pt-BR","@id":"https:\/\/secure.gravatar.com\/avatar\/a413b22da0f5009c634f6c4586a2dbe5207074fd5becd88db5183b8069ef25e4?s=96&d=mm&r=g","url":"https:\/\/secure.gravatar.com\/avatar\/a413b22da0f5009c634f6c4586a2dbe5207074fd5becd88db5183b8069ef25e4?s=96&d=mm&r=g","contentUrl":"https:\/\/secure.gravatar.com\/avatar\/a413b22da0f5009c634f6c4586a2dbe5207074fd5becd88db5183b8069ef25e4?s=96&d=mm&r=g","caption":"Coordena\u00e7\u00e3o"},"url":"https:\/\/www.estrategiaconcursos.com.br\/blog\/author\/contatoestrategiaconcursos-com-br\/"}]}},"_links":{"self":[{"href":"https:\/\/www.estrategiaconcursos.com.br\/blog\/wp-json\/wp\/v2\/posts\/60190","targetHints":{"allow":["GET"]}}],"collection":[{"href":"https:\/\/www.estrategiaconcursos.com.br\/blog\/wp-json\/wp\/v2\/posts"}],"about":[{"href":"https:\/\/www.estrategiaconcursos.com.br\/blog\/wp-json\/wp\/v2\/types\/post"}],"author":[{"embeddable":true,"href":"https:\/\/www.estrategiaconcursos.com.br\/blog\/wp-json\/wp\/v2\/users\/48"}],"replies":[{"embeddable":true,"href":"https:\/\/www.estrategiaconcursos.com.br\/blog\/wp-json\/wp\/v2\/comments?post=60190"}],"version-history":[{"count":63,"href":"https:\/\/www.estrategiaconcursos.com.br\/blog\/wp-json\/wp\/v2\/posts\/60190\/revisions"}],"predecessor-version":[{"id":1111361,"href":"https:\/\/www.estrategiaconcursos.com.br\/blog\/wp-json\/wp\/v2\/posts\/60190\/revisions\/1111361"}],"wp:attachment":[{"href":"https:\/\/www.estrategiaconcursos.com.br\/blog\/wp-json\/wp\/v2\/media?parent=60190"}],"wp:term":[{"taxonomy":"category","embeddable":true,"href":"https:\/\/www.estrategiaconcursos.com.br\/blog\/wp-json\/wp\/v2\/categories?post=60190"},{"taxonomy":"post_tag","embeddable":true,"href":"https:\/\/www.estrategiaconcursos.com.br\/blog\/wp-json\/wp\/v2\/tags?post=60190"},{"taxonomy":"tax_estado","embeddable":true,"href":"https:\/\/www.estrategiaconcursos.com.br\/blog\/wp-json\/wp\/v2\/tax_estado?post=60190"}],"curies":[{"name":"wp","href":"https:\/\/api.w.org\/{rel}","templated":true}]}}