{"id":601663,"date":"2025-02-03T20:01:53","date_gmt":"2025-02-03T23:01:53","guid":{"rendered":"https:\/\/www.estrategiaconcursos.com.br\/blog\/?p=601663"},"modified":"2025-02-04T09:33:35","modified_gmt":"2025-02-04T12:33:35","slug":"concurso-codevasf","status":"publish","type":"post","link":"https:\/\/www.estrategiaconcursos.com.br\/blog\/concurso-codevasf\/","title":{"rendered":"Concurso CODEVASF: resultado final \u00e9 homologado!"},"content":{"rendered":"\n<p>O <strong>resultado final<\/strong> do concurso da <strong>Codevasf <\/strong>(<strong><a href=\"https:\/\/www.estrategiaconcursos.com.br\/cursosPorConcurso\/companhia-de-desenvolvimento-dos-vales-do-sao-francisco-e-do-parnaiba-codevasf\/\" target=\"_blank\" rel=\"noreferrer noopener\">Companhia de Desenvolvimento dos Vales do S\u00e3o Francisco e do Parna\u00edba<\/a><\/strong>) foi divulgado! Confira:<\/p>\n\n\n\n<ul class=\"wp-block-list\">\n<li><a href=\"https:\/\/dhg1h5j42swfq.cloudfront.net\/2025\/02\/03200010\/ed_11_2024_codevasf_res_final_biop_hetero_final_concurso-1.pdf\" target=\"_blank\" rel=\"noreferrer noopener nofollow\">Resultado final<\/a><\/li>\n<\/ul>\n\n\n\n<p>Agora, o certame fica oficialmente <strong>homologado<\/strong>, com validade at\u00e9 03 de fevereiro de 2027, podendo ser prorrogado por mais dois anos, se necess\u00e1rio.<\/p>\n\n\n\n<p>Vale lembrar que a disputa ocorreu por uma das <strong>61 vagas imediatas mais oportunidades em cadastro de reserva<\/strong> para cargos de n\u00edvel superior.<\/p>\n\n\n\n<p>No total, foram registrados<strong> 12.094 candidatos inscritos<\/strong>, sendo que a \u00e1rea com maior concorr\u00eancia por vaga foi de Analista em Desenvolvimento Regional &#8211; Engenharia Civil, com 451 inscritos.<\/p>\n\n\n\n<ul class=\"wp-block-list\">\n<li><a href=\"https:\/\/dhg1h5j42swfq.cloudfront.net\/2024\/10\/15153948\/codevasf_24___demanda_candidatos_por_vaga-1.pdf\" target=\"_blank\" rel=\"noreferrer noopener nofollow\"><strong><em>Confira a rela\u00e7\u00e3o completa de inscritos<\/em><\/strong><\/a><\/li>\n<\/ul>\n\n\n\n<ul style=\"background-color:#dee3e7\" class=\"wp-block-list has-background\">\n<li><strong>Companhia de Desenvolvimento dos Vales do S\u00e3o Francisco e do Parna\u00edba<\/strong> &#8211; <strong>Codevasf<\/strong><\/li>\n\n\n\n<li><strong style=\"color: initial;\">Status:<\/strong> homologado<\/li>\n\n\n\n<li><strong>Banca:<\/strong> <a href=\"https:\/\/www.cebraspe.org.br\/concursos\/codevasf_24\" target=\"_blank\" rel=\"noreferrer noopener\">Cebraspe<\/a><\/li>\n\n\n\n<li><strong>Vagas:<\/strong> 61 + CR<\/li>\n\n\n\n<li><strong>Sal\u00e1rio inicial:<\/strong>&nbsp;R$ 9.065,95 a R$ 10.302,00<\/li>\n\n\n\n<li><strong>Edital retificado:<\/strong> <a href=\"https:\/\/dhg1h5j42swfq.cloudfront.net\/2024\/11\/18112651\/ed_1_2024_codevasf_abertura_versao_atualizada_ate_ret_5.pdf\" target=\"_blank\" rel=\"noreferrer noopener nofollow\">Codevasf 2024<\/a><\/li>\n<\/ul>\n\n\n\n<p>Ao longo deste artigo voc\u00ea confere as principais informa\u00e7\u00f5es sobre o Concurso Codevasf. Acompanhe pelos t\u00f3picos abaixo e n\u00e3o perca nada:<\/p>\n\n\n\n<ul id=\"indice\" class=\"wp-block-list\">\n<li><strong><a href=\"#retificacoes\">Retifica\u00e7\u00f5es<\/a><\/strong><\/li>\n\n\n\n<li><a href=\"#cargos\"><strong>Cargos e vagas<\/strong><\/a><\/li>\n\n\n\n<li><strong><a href=\"#carreira\">Carreira<\/a><\/strong>\n<ul class=\"wp-block-list\">\n<li><a href=\"#remuneracao\">Remunera\u00e7\u00e3o<\/a><\/li>\n\n\n\n<li><a href=\"#beneficios\">Benef\u00edcios<\/a><\/li>\n\n\n\n<li><a href=\"#vagos\">Cargos vagos<\/a><\/li>\n<\/ul>\n<\/li>\n\n\n\n<li><a href=\"#etapas\"><strong>Etapas e provas<\/strong><\/a>\n<ul class=\"wp-block-list\">\n<li><a href=\"#objetiva\">Prova objetiva<\/a><\/li>\n\n\n\n<li><a href=\"#discursiva\">Prova discursiva<\/a><\/li>\n<\/ul>\n<\/li>\n\n\n\n<li><a href=\"#sobre\"><strong>Sobre a Companhia<\/strong><\/a><\/li>\n\n\n\n<li><a href=\"#cursos\"><strong>Assinatura e cursos<\/strong><\/a><\/li>\n\n\n\n<li><a href=\"#ficha-tecnica\"><strong>Ficha t\u00e9cnica<\/strong><\/a><\/li>\n<\/ul>\n\n\n\n<div class=\"container\" id=\"boxes\">\n  <div class=\"row\">\n\n    <div class=\"col-sm\">\n      <div class=\"banner-estrategia\" id=\"box-assinatura\">\n        <h3 class=\"titulo-assinatura\">Cursos para Codevasf<\/h3>\n        <p class=\"subtitulo-assinatura\">Conhe\u00e7a os cursos<\/p>\n        <div class=\"box-botao\">\n          <a class=\"btn-assinatura\" target=\"_blank\" href=\"https:\/\/www.estrategiaconcursos.com.br\/cursosPorConcurso\/companhia-de-desenvolvimento-dos-vales-do-sao-francisco-e-do-parnaiba-codevasf\/\" role=\"button\" rel=\"noopener noreferrer\">Conhe\u00e7a mais<\/a>\n        <\/div>\n      <\/div>\n     \n    <\/div>\n\n  <\/div>\n<\/div>\n\n\n\n<h2 class=\"wp-block-heading\" id=\"retificacoes\">Retifica\u00e7\u00f5es do edital<\/h2>\n\n\n\n<p><strong><a href=\"https:\/\/dhg1h5j42swfq.cloudfront.net\/2024\/10\/11191720\/codevasf_retificacao_nome_cargo_5.pdf\" target=\"_blank\" rel=\"noreferrer noopener\">Retifica\u00e7\u00e3o 6<\/a>&nbsp;<\/strong> (11\/10\/2024)<br \/>Altera\u00e7\u00e3o em subitem espec\u00edfico.<\/p>\n\n\n\n<p><strong><a href=\"https:\/\/dhg1h5j42swfq.cloudfront.net\/2024\/08\/23175102\/ed_5_2024_codevasf_retificacao_reabertura_insc_novas_datas.pdf\" target=\"_blank\" rel=\"noreferrer noopener\">Retifica\u00e7\u00e3o 5<\/a>&nbsp;<\/strong> (23\/08\/2024)<br \/>Altera\u00e7\u00e3o no quadro de vagas, cronograma e subitens espec\u00edficos do edital.<\/p>\n\n\n\n<p><strong><a href=\"https:\/\/dhg1h5j42swfq.cloudfront.net\/2024\/06\/10190306\/ed_4_2024_codevasf_retficacoes_reabertura_insc_novas_datas.pdf\" target=\"_blank\" rel=\"noreferrer noopener\">Retifica\u00e7\u00e3o 4<\/a>&nbsp;<\/strong> (10\/06\/2024)<br \/>Altera\u00e7\u00e3o no cronograma.<\/p>\n\n\n\n<p><a href=\"https:\/\/dhg1h5j42swfq.cloudfront.net\/2024\/05\/29215413\/ed_3_2024_codevasf_ret_req_todos_cargos_conteudo_v4.pdf\" target=\"_blank\" rel=\"noreferrer noopener\"><strong>Retifica\u00e7\u00e3o 3<\/strong><\/a> (29\/05\/2024)<br \/>Altera\u00e7\u00e3o em requisitos.<\/p>\n\n\n\n<p><a href=\"https:\/\/dhg1h5j42swfq.cloudfront.net\/2024\/05\/30102825\/1-13.pdf\" target=\"_blank\" rel=\"noreferrer noopener\"><strong>Retifica\u00e7\u00e3o 2<\/strong><\/a> (17\/05\/2024)<br \/>Altera\u00e7\u00e3o em requisitos e conte\u00fado program\u00e1tico.<\/p>\n\n\n\n<h2 class=\"wp-block-heading\" id=\"cargos\">Concurso Codevasf: cargos e vagas<\/h2>\n\n\n\n<ul class=\"wp-block-list\">\n<li><strong>Analista em Desenvolvimento Regional \u2013 \u00c1rea: Administra\u00e7\u00e3o<\/strong>\n<ul class=\"wp-block-list\">\n<li>Vagas: 17<\/li>\n\n\n\n<li>Jornada de trabalho: 40 horas semanais.<\/li>\n\n\n\n<li>Requisitos: diploma, devidamente registrado, de conclus\u00e3o de curso de gradua\u00e7\u00e3o (bacharelado) em Administra\u00e7\u00e3o, fornecido por institui\u00e7\u00e3o de ensino superior reconhecida pelo Minist\u00e9rio da Educa\u00e7\u00e3o (MEC), e certid\u00e3o de inscri\u00e7\u00e3o e regularidade junto ao \u00f3rg\u00e3o fiscalizador da profiss\u00e3o.<\/li>\n<\/ul>\n<\/li>\n<\/ul>\n\n\n\n<ul class=\"wp-block-list\">\n<li><strong>Analista em Desenvolvimento Regional \u2013 \u00c1rea: Contabilidade<\/strong>\n<ul class=\"wp-block-list\">\n<li>Vagas: 3<\/li>\n\n\n\n<li>Jornada de trabalho: 40 horas semanais.<\/li>\n\n\n\n<li>Requisitos: diploma, devidamente registrado, de conclus\u00e3o de curso de gradua\u00e7\u00e3o (bacharelado) em Ci\u00eancias Cont\u00e1beis, fornecido por institui\u00e7\u00e3o de ensino superior reconhecida pelo MEC, e certid\u00e3o de inscri\u00e7\u00e3o e regularidade junto ao \u00f3rg\u00e3o fiscalizador da profiss\u00e3o.<\/li>\n<\/ul>\n<\/li>\n<\/ul>\n\n\n\n<ul class=\"wp-block-list\">\n<li><strong>Analista em Desenvolvimento Regional \u2013 \u00c1rea: Economia<\/strong>\n<ul class=\"wp-block-list\">\n<li>Vagas: 1<\/li>\n\n\n\n<li>Requisitos: diploma, devidamente registrado, de conclus\u00e3o de curso de gradua\u00e7\u00e3o (bacharelado) em Economia, fornecido por institui\u00e7\u00e3o de ensino superior reconhecida pelo MEC, e certid\u00e3o de inscri\u00e7\u00e3o e regularidade junto ao \u00f3rg\u00e3o fiscalizador da profiss\u00e3o.<br \/><\/li>\n<\/ul>\n<\/li>\n\n\n\n<li><strong>Analista em Desenvolvimento Regional \u2013 \u00c1rea: Engenharia Civil<\/strong>\n<ul class=\"wp-block-list\">\n<li>Vagas: 18<\/li>\n\n\n\n<li>Jornada de trabalho: 40 horas semanais<\/li>\n\n\n\n<li>Requisitos: diploma, devidamente registrado, de conclus\u00e3o de curso de gradua\u00e7\u00e3o (bacharelado) em Engenharia Civil, fornecido por institui\u00e7\u00e3o de ensino superior reconhecida pelo MEC, e certid\u00e3o de inscri\u00e7\u00e3o e regularidade junto ao \u00f3rg\u00e3o fiscalizador da profiss\u00e3o.<\/li>\n<\/ul>\n<\/li>\n<\/ul>\n\n\n\n<ul class=\"wp-block-list\">\n<li><strong>Analista em Desenvolvimento Regional \u2013 \u00c1rea: Engenharia Mec\u00e2nica<\/strong>\n<ul class=\"wp-block-list\">\n<li>Vagas: 1<\/li>\n\n\n\n<li>Jornada de trabalho: 40 horas semanais<\/li>\n\n\n\n<li>Requisitos: diploma, devidamente registrado, de conclus\u00e3o de curso de gradua\u00e7\u00e3o (bacharelado) em Engenharia Mec\u00e2nica, fornecido por institui\u00e7\u00e3o de ensino superior reconhecida pelo MEC, e certid\u00e3o de inscri\u00e7\u00e3o e regularidade junto ao \u00f3rg\u00e3o fiscalizador da profiss\u00e3o<\/li>\n<\/ul>\n<\/li>\n<\/ul>\n\n\n\n<ul class=\"wp-block-list\">\n<li><strong>Analista em Desenvolvimento Regional \u2013 \u00c1rea: Engenharia de Pesca e Aquicultura<\/strong>\n<ul class=\"wp-block-list\">\n<li>Vagas: 2<\/li>\n\n\n\n<li>Jornada de trabalho: 40 horas semanais<\/li>\n\n\n\n<li>Requisitos: diploma, devidamente registrado, de conclus\u00e3o de curso de gradua\u00e7\u00e3o (bacharelado) em Engenharia de Pesca ou Engenharia de Aquicultura, fornecido por institui\u00e7\u00e3o de ensino superior reconhecida pelo MEC, e certid\u00e3o de inscri\u00e7\u00e3o e regularidade junto ao \u00f3rg\u00e3o fiscalizador da profiss\u00e3o.<\/li>\n<\/ul>\n<\/li>\n<\/ul>\n\n\n\n<ul class=\"wp-block-list\">\n<li><strong>Analista em Desenvolvimento Regional \u2013 \u00c1rea: Estat\u00edstica<\/strong>\n<ul class=\"wp-block-list\">\n<li>Vagas: 1 <\/li>\n\n\n\n<li>Jornada de trabalho: 40 horas semanais<\/li>\n\n\n\n<li>Requisitos: diploma, devidamente registrado, de conclus\u00e3o de curso de gradua\u00e7\u00e3o (bacharelado) em Estat\u00edstica, fornecido por institui\u00e7\u00e3o de ensino superior reconhecida pelo MEC, e certid\u00e3o de inscri\u00e7\u00e3o e regularidade junto ao \u00f3rg\u00e3o fiscalizador da profiss\u00e3o.<\/li>\n<\/ul>\n<\/li>\n<\/ul>\n\n\n\n<ul class=\"wp-block-list\">\n<li><strong>Analista em Desenvolvimento Regional \u2013 \u00c1rea: Geologia<\/strong>\n<ul class=\"wp-block-list\">\n<li>Vagas: 1<\/li>\n\n\n\n<li>Jornada de trabalho: 40 horas semanais<\/li>\n\n\n\n<li>Requisitos: diploma, devidamente registrado, de conclus\u00e3o de curso de gradua\u00e7\u00e3o (bacharelado) em Geologia, fornecido por institui\u00e7\u00e3o de ensino superior reconhecida pelo MEC, e certid\u00e3o de inscri\u00e7\u00e3o e regularidade junto ao \u00f3rg\u00e3o fiscalizador da profiss\u00e3o.<\/li>\n<\/ul>\n<\/li>\n<\/ul>\n\n\n\n<ul class=\"wp-block-list\">\n<li><strong>Analista em Comunica\u00e7\u00e3o \u2013 \u00c1rea: Jornalismo<\/strong>\n<ul class=\"wp-block-list\">\n<li>Vagas: 8<\/li>\n\n\n\n<li>Jornada de trabalho: 40 horas semanais<\/li>\n\n\n\n<li>Requisitos: diploma, devidamente registrado, de conclus\u00e3o de curso de gradua\u00e7\u00e3o (bacharelado) em Jornalismo, fornecido por institui\u00e7\u00e3o de ensino superior reconhecida pelo MEC, e certid\u00e3o de inscri\u00e7\u00e3o e regularidade junto ao \u00f3rg\u00e3o fiscalizador da profiss\u00e3o.<\/li>\n<\/ul>\n<\/li>\n<\/ul>\n\n\n\n<ul class=\"wp-block-list\">\n<li><strong>Analista em Comunica\u00e7\u00e3o \u2013 \u00c1rea: Publicidade e Propaganda<\/strong>\n<ul class=\"wp-block-list\">\n<li>Vagas: 1<\/li>\n\n\n\n<li>Jornada de trabalho: 25 horas semanais<\/li>\n\n\n\n<li>Requisitos: diploma, devidamente registrado, de conclus\u00e3o de curso de gradua\u00e7\u00e3o (bacharelado) em Publicidade e Propaganda ou Propaganda e Marketing, fornecido por institui\u00e7\u00e3o de ensino superior reconhecida pelo MEC, e certid\u00e3o de inscri\u00e7\u00e3o e regularidade junto ao \u00f3rg\u00e3o fiscalizador da profiss\u00e3o.<\/li>\n<\/ul>\n<\/li>\n<\/ul>\n\n\n\n<ul class=\"wp-block-list\">\n<li><strong>Analista em Desenvolvimento Regional \u2013 \u00c1rea: Tecnologia da Informa\u00e7\u00e3o<\/strong>\n<ul class=\"wp-block-list\">\n<li>Vagas: 8<\/li>\n\n\n\n<li>Jornada de trabalho: 40 horas semanais<\/li>\n\n\n\n<li>Requisitos: diploma, devidamente registrado, de conclus\u00e3o de curso de gradua\u00e7\u00e3o em Ci\u00eancias da Computa\u00e7\u00e3o, Tecnologia da Informa\u00e7\u00e3o, Inform\u00e1tica, Engenharia de Redes, An\u00e1lise e Desenvolvimento de Sistemas, Engenharia da Computa\u00e7\u00e3o ou Sistemas de Informa\u00e7\u00e3o, fornecido por institui\u00e7\u00e3o de ensino superior reconhecida pelo MEC, e certid\u00e3o de inscri\u00e7\u00e3o e regularidade junto ao \u00f3rg\u00e3o fiscalizador da profiss\u00e3o.<\/li>\n<\/ul>\n<\/li>\n<\/ul>\n\n\n\n<h2 class=\"wp-block-heading\" id=\"ultimo-concurso\">Carreira na Codevasf<\/h2>\n\n\n\n<h3 class=\"wp-block-heading\" id=\"remuneracao\">Remunera\u00e7\u00e3o<\/h3>\n\n\n\n<p>O vencimento b\u00e1sico para os cargos de n\u00edvel superior varia de <strong>R$ 9.065,95<\/strong> a <strong>R$ 10.302,00<\/strong>, conforme retifica\u00e7\u00e3o divulgada.<\/p>\n\n\n\n<h3 class=\"wp-block-heading\" id=\"beneficios\">Benef\u00edcios<\/h3>\n\n\n\n<ul class=\"wp-block-list\">\n<li>Aux\u00edlio-Alimenta\u00e7\u00e3o: <strong>R$ 1.015,50<\/strong><\/li>\n\n\n\n<li>Assist\u00eancia Pr\u00e9-Escolar: <strong>R$ 516,72<\/strong><\/li>\n\n\n\n<li>Aux\u00edlio-Transporte: <strong>R$ 300,00<\/strong> (valor estimado);<\/li>\n\n\n\n<li>Exames Peri\u00f3dicos: <strong>R$ 113,15<\/strong>;<\/li>\n\n\n\n<li>Assist\u00eancia M\u00e9dica e Odontol\u00f3gica &#8211; Participa\u00e7\u00e3o Uni\u00e3o: <strong>R$ 413,33<\/strong>;<\/li>\n\n\n\n<li>Previd\u00eancia Complementar &#8211; Gasto m\u00e9dio mensal da patrocinadora por participante ativo &#8211; Plano Codeprev: <strong>R$ 1.185,03<\/strong>;<\/li>\n\n\n\n<li>Previd\u00eancia Complementar &#8211; Gasto m\u00e9dio mensal da patrocinadora por participante ativo &#8211; Plano BD: <strong>R$ 800,51<\/strong>.<\/li>\n<\/ul>\n\n\n\n<h3 class=\"wp-block-heading\" id=\"vagos\">Cargos vagos<\/h3>\n\n\n\n<p>Atualmente, a Codevasf possui<strong> 193 cargos vagos<\/strong>, entretanto, as informa\u00e7\u00f5es dispon\u00edveis no portal da empresa n\u00e3o detalham os cargos, apenas as escolaridades.<\/p>\n\n\n\n<figure class=\"wp-block-table is-style-stripes\"><table><thead><tr><th class=\"has-text-align-center\" data-align=\"center\">Escolaridade<\/th><th class=\"has-text-align-center\" data-align=\"center\">Ocupados<\/th><th class=\"has-text-align-center\" data-align=\"center\">Vagos<\/th><\/tr><\/thead><tbody><tr><td class=\"has-text-align-center\" data-align=\"center\">SUPERIOR<\/td><td class=\"has-text-align-center\" data-align=\"center\">1.302<\/td><td class=\"has-text-align-center\" data-align=\"center\" rowspan=\"3\">193<\/td><\/tr><tr><td class=\"has-text-align-center\" data-align=\"center\">M\u00c9DIO<\/td><td class=\"has-text-align-center\" data-align=\"center\">282<\/td><\/tr><tr><td class=\"has-text-align-center\" data-align=\"center\">OPERACIONAL<\/td><td class=\"has-text-align-center\" data-align=\"center\">262<\/td><\/tr><\/tbody><\/table><figcaption class=\"wp-element-caption\">Quantitativo de cargos vagos x ocupados<\/figcaption><\/figure>\n\n\n\n<h2 class=\"wp-block-heading\" id=\"etapas\">Concurso Codevasf: etapas e provas<\/h2>\n\n\n\n<p>A sele\u00e7\u00e3o para os cargos de que trata este edital compreendeu as seguintes fases:<\/p>\n\n\n\n<ul class=\"wp-block-list\">\n<li><strong>provas objetivas<\/strong>, de car\u00e1ter eliminat\u00f3rio e classificat\u00f3rio; e<\/li>\n\n\n\n<li><strong>prova discursiva<\/strong>, de car\u00e1ter eliminat\u00f3rio e classificat\u00f3rio.<\/li>\n<\/ul>\n\n\n\n<p>As provas objetivas e a prova discursiva, para todos os candidatos, foram realizadas nas cidades de:<\/p>\n\n\n\n<ul class=\"wp-block-list\">\n<li>Aracaju\/SE, Bel\u00e9m\/PA, Bom Jesus da Lapa\/BA, Bras\u00edlia\/DF, Goi\u00e2nia\/GO, Macap\u00e1\/AP,<br \/>Macei\u00f3\/AL, Montes Claros\/MG, Palmas\/TO, Petrolina\/PE, S\u00e3o Lu\u00eds\/MA e Teresina\/PI.<\/li>\n<\/ul>\n\n\n\n<h3 class=\"wp-block-heading\" id=\"objetiva\">Prova objetiva <\/h3>\n\n\n\n<p>Esta etapa valeu 120,00 pontos e teve a dura\u00e7\u00e3o de <strong>4 horas e 30 minutos<\/strong>. Cada prova objetiva foi constitu\u00edda de itens para julgamento, agrupados por comandos que tiveram de ser respeitados, sendo:<\/p>\n\n\n\n<ul class=\"wp-block-list\">\n<li><strong>P1: Conhecimentos b\u00e1sicos &#8211; 50 quest\u00f5es<\/strong>\n<ul class=\"wp-block-list\">\n<li>L\u00edngua Portuguesa;<\/li>\n\n\n\n<li>\u00c9tica na Administra\u00e7\u00e3o P\u00fablica e Legisla\u00e7\u00e3o;<\/li>\n\n\n\n<li>No\u00e7\u00f5es de Or\u00e7amento&nbsp; P\u00fablico;<\/li>\n\n\n\n<li>Inform\u00e1tica;<\/li>\n\n\n\n<li>No\u00e7\u00f5es de Direito Administrativo.<\/li>\n<\/ul>\n<\/li>\n\n\n\n<li><strong>P2: Conhecimentos espec\u00edficos &#8211; 70 quest\u00f5es<\/strong><\/li>\n<\/ul>\n\n\n\n<h3 class=\"wp-block-heading\" id=\"discursiva\">Prova discursiva<\/h3>\n\n\n\n<p>A prova discursiva consistiu de uma quest\u00e3o discursiva, a ser respondida em at\u00e9 30 linhas, a respeito de temas relacionados conhecimentos espec\u00edficos de cada cargo\/\u00e1rea.<\/p>\n\n\n\n<p>Com pontua\u00e7\u00e3o de at\u00e9 30,0 pontos, foi aprovado na etapa o candidato que obtivesse nota igual ou maior a 15,00 pontos.<\/p>\n\n\n\n<h2 class=\"wp-block-heading\" id=\"sobre\">Sobre a Codevasf<\/h2>\n\n\n\n<p>A Companhia de Desenvolvimento dos Vales do S\u00e3o Francisco e do Parna\u00edba tem por objetivo:<\/p>\n\n\n\n<ul class=\"wp-block-list\">\n<li>Elevar a arrecada\u00e7\u00e3o de receita pr\u00f3pria a partir da presta\u00e7\u00e3o de servi\u00e7os t\u00e9cnicos especializados;<\/li>\n\n\n\n<li>Promover a gera\u00e7\u00e3o cont\u00ednua de informa\u00e7\u00f5es qualificadas para orientar estrat\u00e9gias de desenvolvimento regional sustent\u00e1vel e contribuir para as pol\u00edticas p\u00fablicas;<\/li>\n\n\n\n<li>Incentivar a atra\u00e7\u00e3o de investimentos privados como instrumento de viabiliza\u00e7\u00e3o de empreendimentos;<\/li>\n\n\n\n<li>Liderar o processo de articula\u00e7\u00e3o institucional para o desenvolvimento das regi\u00f5es onde atua;<\/li>\n\n\n\n<li>Implementar empreendimentos e apoiar a\u00e7\u00f5es com foco na competitividade e autossustentabilidade;<\/li>\n\n\n\n<li>Atuar de forma alinhada com planos de desenvolvimento regional integrados e de recursos h\u00eddricos das bacias hidrogr\u00e1ficas.<\/li>\n<\/ul>\n\n\n\n<hr class=\"wp-block-separator has-alpha-channel-opacity\"\/>\n\n\n\n<h2 class=\"wp-block-heading has-text-align-center\" id=\"cursos\"><em>Quer estudar para o concurso Codevasf?<\/em><\/h2>\n\n\n\n<div class=\"container\" id=\"boxes\">\n  <div class=\"row\">\n\n    <div class=\"col-sm\">\n      <div class=\"banner-estrategia\" id=\"box-assinatura\">\n        <h3 class=\"titulo-assinatura\">Cursos para Codevasf<\/h3>\n        <p class=\"subtitulo-assinatura\">Conhe\u00e7a os cursos<\/p>\n        <div class=\"box-botao\">\n          <a class=\"btn-assinatura\" target=\"_blank\" href=\"https:\/\/www.estrategiaconcursos.com.br\/cursosPorConcurso\/companhia-de-desenvolvimento-dos-vales-do-sao-francisco-e-do-parnaiba-codevasf\/\" role=\"button\" rel=\"noopener noreferrer\">Conhe\u00e7a mais<\/a>\n        <\/div>\n      <\/div>\n     \n    <\/div>\n\n  <\/div>\n<\/div>\n\n\n\n<div class=\"container\" id=\"boxes\">\r\n  <div class=\"row\">\r\n\r\n    <div class=\"col-sm\">\r\n      <div class=\"estrategia\" id=\"box-assinatura\">\r\n        <h3 class=\"titulo-assinatura\">Assinatura Concursos<\/h3>\r\n        <p class=\"subtitulo-assinatura\">Assinatura de 1 ano ou 2 anos<\/p>\r\n        <div class=\"box-botao\">\r\n          <a class=\"btn-assinatura\" target=\"_blank\" href=\"https:\/\/www.estrategiaconcursos.com.br\/assinaturas\/\" role=\"button\" rel=\"noopener noreferrer\">ASSINE AGORA<\/a>\r\n        <\/div>\r\n      <\/div><\/div><\/div><\/div>\n\n\n\n<h2 class=\"wp-block-heading has-text-align-center\" id=\"h-quer-saber-tudo-sobre-concursos-previstos-confira-os-nossos-artigos\">Quer saber tudo sobre concursos previstos?<br \/>Confira os nossos artigos!<\/h2>\n\n\n\n<ul class=\"wp-block-list\">\n<li><a href=\"https:\/\/www.estrategiaconcursos.com.br\/blog\/concursos-abertos\/\" target=\"_blank\" rel=\"noreferrer noopener\">Concursos Abertos<\/a><\/li>\n\n\n\n<li><a href=\"https:\/\/www.estrategiaconcursos.com.br\/blog\/concurso-administrativos\/\" target=\"_blank\" rel=\"noreferrer noopener\">Concursos Administrativos<\/a><\/li>\n\n\n\n<li><a href=\"https:\/\/www.estrategiaconcursos.com.br\/blog\/concursos-2025\/\">Concursos 2025<\/a><\/li>\n<\/ul>\n\n\n\n<figure class=\"wp-block-image size-large is-resized\"><img loading=\"lazy\" decoding=\"async\" width=\"1024\" height=\"632\" src=\"https:\/\/dhg1h5j42swfq.cloudfront.net\/2021\/04\/27084917\/ficha-tecnica-173-1024x632.png\" alt=\"Ficha T\u00e9cnica Concurso CODEVASF\" class=\"wp-image-724003\" style=\"width:287px;height:auto\" srcset=\"https:\/\/dhg1h5j42swfq.cloudfront.net\/2021\/04\/27084917\/ficha-tecnica-173-1024x632.png 1024w, https:\/\/dhg1h5j42swfq.cloudfront.net\/2021\/04\/27084917\/ficha-tecnica-173-300x185.png 300w, https:\/\/dhg1h5j42swfq.cloudfront.net\/2021\/04\/27084917\/ficha-tecnica-173-768x474.png 768w, https:\/\/dhg1h5j42swfq.cloudfront.net\/2021\/04\/27084917\/ficha-tecnica-173-1536x948.png 1536w, https:\/\/dhg1h5j42swfq.cloudfront.net\/2021\/04\/27084917\/ficha-tecnica-173-610x377.png 610w, https:\/\/dhg1h5j42swfq.cloudfront.net\/2021\/04\/27084917\/ficha-tecnica-173.png 1571w\" sizes=\"auto, (max-width: 1024px) 100vw, 1024px\" \/><\/figure>\n\n\n\n<h3 class=\"wp-block-heading\" id=\"ficha-tecnica\">Informa\u00e7\u00f5es do concurso Codevasf<\/h3>\n\n\n\n<ul class=\"wp-block-list\">\n<li><strong>Ano<\/strong>: 2024<\/li>\n\n\n\n<li><strong>Vagas<\/strong>: 61 + CR<\/li>\n\n\n\n<li><strong>Cargos<\/strong>: Analista em Desenvolvimento Regional e em Comunica\u00e7\u00e3o<\/li>\n\n\n\n<li><strong>Banca<\/strong>: Cebraspe<\/li>\n\n\n\n<li><strong>Escolaridade<\/strong>: N\u00edvel superior<\/li>\n\n\n\n<li><strong>Edital retificado:<\/strong> <a href=\"https:\/\/dhg1h5j42swfq.cloudfront.net\/2024\/11\/18112651\/ed_1_2024_codevasf_abertura_versao_atualizada_ate_ret_5.pdf\" target=\"_blank\" rel=\"noreferrer noopener nofollow\">Codevasf 2024<\/a><\/li>\n<\/ul>\n","protected":false},"excerpt":{"rendered":"<p>O resultado final do concurso da Codevasf (Companhia de Desenvolvimento dos Vales do S\u00e3o Francisco e do Parna\u00edba) foi divulgado! Confira: Agora, o certame fica oficialmente homologado, com validade at\u00e9 03 de fevereiro de 2027, podendo ser prorrogado por mais dois anos, se necess\u00e1rio. Vale lembrar que a disputa ocorreu por uma das 61 vagas [&hellip;]<\/p>\n","protected":false},"author":1,"featured_media":728268,"comment_status":"open","ping_status":"closed","sticky":false,"template":"","format":"standard","meta":{"post_tipo":"news_page","footnotes":""},"categories":[214992],"tags":[],"tax_estado":[219965,219967,219968,219970,219973,219974,219980,219988],"class_list":["post-601663","post","type-post","status-publish","format-standard","has-post-thumbnail","hentry","category-concursos-administrativos","tax_estado-al","tax_estado-ap","tax_estado-ba","tax_estado-df","tax_estado-ma","tax_estado-mg","tax_estado-pi","tax_estado-se"],"acf":[],"yoast_head":"<!-- This site is optimized with the Yoast SEO Premium plugin v27.2 (Yoast SEO v27.2) - https:\/\/yoast.com\/product\/yoast-seo-premium-wordpress\/ -->\n<title>Concurso CODEVASF: resultado final \u00e9 homologado!<\/title>\n<meta name=\"description\" content=\"Concurso Codevasf: mais de 12 mil inscritos concorreram a 61 vagas + CR. Confira j\u00e1 o resultado final do certame!\" \/>\n<meta name=\"robots\" content=\"index, follow, max-snippet:-1, max-image-preview:large, max-video-preview:-1\" \/>\n<link rel=\"canonical\" href=\"https:\/\/www.estrategiaconcursos.com.br\/blog\/concurso-codevasf\/\" \/>\n<meta property=\"og:locale\" content=\"pt_BR\" \/>\n<meta property=\"og:type\" content=\"article\" \/>\n<meta property=\"og:title\" content=\"Concurso CODEVASF: resultado final \u00e9 homologado!\" \/>\n<meta property=\"og:description\" content=\"Concurso Codevasf: mais de 12 mil inscritos concorreram a 61 vagas + CR. Confira j\u00e1 o resultado final do certame!\" \/>\n<meta property=\"og:url\" content=\"https:\/\/www.estrategiaconcursos.com.br\/blog\/concurso-codevasf\/\" \/>\n<meta property=\"og:site_name\" content=\"Estrat\u00e9gia Concursos\" \/>\n<meta property=\"article:author\" content=\"https:\/\/www.facebook.com\/EstrategiaConcursos\" \/>\n<meta property=\"article:published_time\" content=\"2025-02-03T23:01:53+00:00\" \/>\n<meta property=\"article:modified_time\" content=\"2025-02-04T12:33:35+00:00\" \/>\n<meta property=\"og:image\" content=\"https:\/\/dhg1h5j42swfq.cloudfront.net\/2021\/04\/30153718\/codevasf.jpg\" \/>\n\t<meta property=\"og:image:width\" content=\"768\" \/>\n\t<meta property=\"og:image:height\" content=\"432\" \/>\n\t<meta property=\"og:image:type\" content=\"image\/jpeg\" \/>\n<meta name=\"author\" content=\"Coordena\u00e7\u00e3o\" \/>\n<meta name=\"twitter:card\" content=\"summary_large_image\" \/>\n<meta name=\"twitter:creator\" content=\"@EstratConcursos\" \/>\n<meta name=\"twitter:site\" content=\"@EstratConcursos\" \/>\n<meta name=\"twitter:label1\" content=\"Escrito por\" \/>\n\t<meta name=\"twitter:data1\" content=\"Coordena\u00e7\u00e3o\" \/>\n\t<meta name=\"twitter:label2\" content=\"Est. tempo de leitura\" \/>\n\t<meta name=\"twitter:data2\" content=\"5 minutos\" \/>\n<script type=\"application\/ld+json\" class=\"yoast-schema-graph\">{\"@context\":\"https:\/\/schema.org\",\"@graph\":[{\"@type\":\"NewsArticle\",\"@id\":\"https:\/\/www.estrategiaconcursos.com.br\/blog\/concurso-codevasf\/#article\",\"isPartOf\":{\"@id\":\"https:\/\/www.estrategiaconcursos.com.br\/blog\/concurso-codevasf\/\"},\"author\":{\"name\":\"Coordena\u00e7\u00e3o\",\"@id\":\"https:\/\/www.estrategiaconcursos.com.br\/blog\/#\/schema\/person\/b4a388c97673c5f483d72185668afa1f\"},\"headline\":\"Concurso CODEVASF: resultado final \u00e9 homologado!\",\"datePublished\":\"2025-02-03T23:01:53+00:00\",\"dateModified\":\"2025-02-04T12:33:35+00:00\",\"mainEntityOfPage\":{\"@id\":\"https:\/\/www.estrategiaconcursos.com.br\/blog\/concurso-codevasf\/\"},\"wordCount\":1443,\"commentCount\":17,\"publisher\":{\"@id\":\"https:\/\/www.estrategiaconcursos.com.br\/blog\/#organization\"},\"image\":{\"@id\":\"https:\/\/www.estrategiaconcursos.com.br\/blog\/concurso-codevasf\/#primaryimage\"},\"thumbnailUrl\":\"https:\/\/dhg1h5j42swfq.cloudfront.net\/2021\/04\/30153718\/codevasf.jpg\",\"articleSection\":[\"Executivo (Administrativa)\"],\"inLanguage\":\"pt-BR\",\"potentialAction\":[{\"@type\":\"CommentAction\",\"name\":\"Comment\",\"target\":[\"https:\/\/www.estrategiaconcursos.com.br\/blog\/concurso-codevasf\/#respond\"]}],\"copyrightYear\":\"2025\",\"copyrightHolder\":{\"@id\":\"https:\/\/www.estrategiaconcursos.com.br\/blog\/#organization\"}},{\"@type\":\"WebPage\",\"@id\":\"https:\/\/www.estrategiaconcursos.com.br\/blog\/concurso-codevasf\/\",\"url\":\"https:\/\/www.estrategiaconcursos.com.br\/blog\/concurso-codevasf\/\",\"name\":\"Concurso CODEVASF: resultado final \u00e9 homologado!\",\"isPartOf\":{\"@id\":\"https:\/\/www.estrategiaconcursos.com.br\/blog\/#website\"},\"primaryImageOfPage\":{\"@id\":\"https:\/\/www.estrategiaconcursos.com.br\/blog\/concurso-codevasf\/#primaryimage\"},\"image\":{\"@id\":\"https:\/\/www.estrategiaconcursos.com.br\/blog\/concurso-codevasf\/#primaryimage\"},\"thumbnailUrl\":\"https:\/\/dhg1h5j42swfq.cloudfront.net\/2021\/04\/30153718\/codevasf.jpg\",\"datePublished\":\"2025-02-03T23:01:53+00:00\",\"dateModified\":\"2025-02-04T12:33:35+00:00\",\"description\":\"Concurso Codevasf: mais de 12 mil inscritos concorreram a 61 vagas + CR. Confira j\u00e1 o resultado final do certame!\",\"breadcrumb\":{\"@id\":\"https:\/\/www.estrategiaconcursos.com.br\/blog\/concurso-codevasf\/#breadcrumb\"},\"inLanguage\":\"pt-BR\",\"potentialAction\":[{\"@type\":\"ReadAction\",\"target\":[\"https:\/\/www.estrategiaconcursos.com.br\/blog\/concurso-codevasf\/\"]}]},{\"@type\":\"ImageObject\",\"inLanguage\":\"pt-BR\",\"@id\":\"https:\/\/www.estrategiaconcursos.com.br\/blog\/concurso-codevasf\/#primaryimage\",\"url\":\"https:\/\/dhg1h5j42swfq.cloudfront.net\/2021\/04\/30153718\/codevasf.jpg\",\"contentUrl\":\"https:\/\/dhg1h5j42swfq.cloudfront.net\/2021\/04\/30153718\/codevasf.jpg\",\"width\":768,\"height\":432,\"caption\":\"Concurso Codevasf suspens\u00e3o\"},{\"@type\":\"BreadcrumbList\",\"@id\":\"https:\/\/www.estrategiaconcursos.com.br\/blog\/concurso-codevasf\/#breadcrumb\",\"itemListElement\":[{\"@type\":\"ListItem\",\"position\":1,\"name\":\"In\u00edcio\",\"item\":\"https:\/\/www.estrategiaconcursos.com.br\/blog\/\"},{\"@type\":\"ListItem\",\"position\":2,\"name\":\"Concurso CODEVASF: resultado final \u00e9 homologado!\"}]},{\"@type\":\"WebSite\",\"@id\":\"https:\/\/www.estrategiaconcursos.com.br\/blog\/#website\",\"url\":\"https:\/\/www.estrategiaconcursos.com.br\/blog\/\",\"name\":\"Estrat\u00e9gia Concursos\",\"description\":\"O blog da Estrat\u00e9gia Concursos traz not\u00edcias sobre concursos e artigos de professores oferecendo cursos para concursos (pdf + videaulas) no site.\",\"publisher\":{\"@id\":\"https:\/\/www.estrategiaconcursos.com.br\/blog\/#organization\"},\"potentialAction\":[{\"@type\":\"SearchAction\",\"target\":{\"@type\":\"EntryPoint\",\"urlTemplate\":\"https:\/\/www.estrategiaconcursos.com.br\/blog\/?s={search_term_string}\"},\"query-input\":{\"@type\":\"PropertyValueSpecification\",\"valueRequired\":true,\"valueName\":\"search_term_string\"}}],\"inLanguage\":\"pt-BR\"},{\"@type\":\"Organization\",\"@id\":\"https:\/\/www.estrategiaconcursos.com.br\/blog\/#organization\",\"name\":\"Estrat\u00e9gia Concursos\",\"url\":\"https:\/\/www.estrategiaconcursos.com.br\/blog\/\",\"logo\":{\"@type\":\"ImageObject\",\"inLanguage\":\"pt-BR\",\"@id\":\"https:\/\/www.estrategiaconcursos.com.br\/blog\/#\/schema\/logo\/image\/\",\"url\":\"https:\/\/dhg1h5j42swfq.cloudfront.net\/2025\/06\/03203428\/logo_concursos-1.jpg\",\"contentUrl\":\"https:\/\/dhg1h5j42swfq.cloudfront.net\/2025\/06\/03203428\/logo_concursos-1.jpg\",\"width\":230,\"height\":60,\"caption\":\"Estrat\u00e9gia Concursos\"},\"image\":{\"@id\":\"https:\/\/www.estrategiaconcursos.com.br\/blog\/#\/schema\/logo\/image\/\"},\"sameAs\":[\"https:\/\/x.com\/EstratConcursos\"]},{\"@type\":\"Person\",\"@id\":\"https:\/\/www.estrategiaconcursos.com.br\/blog\/#\/schema\/person\/b4a388c97673c5f483d72185668afa1f\",\"name\":\"Coordena\u00e7\u00e3o\",\"image\":{\"@type\":\"ImageObject\",\"inLanguage\":\"pt-BR\",\"@id\":\"https:\/\/secure.gravatar.com\/avatar\/b720319e4c9a967eb58678d110f4fe35452fc5d5f97b202bac7b8acceb18c6ad?s=96&d=mm&r=g\",\"url\":\"https:\/\/secure.gravatar.com\/avatar\/b720319e4c9a967eb58678d110f4fe35452fc5d5f97b202bac7b8acceb18c6ad?s=96&d=mm&r=g\",\"contentUrl\":\"https:\/\/secure.gravatar.com\/avatar\/b720319e4c9a967eb58678d110f4fe35452fc5d5f97b202bac7b8acceb18c6ad?s=96&d=mm&r=g\",\"caption\":\"Coordena\u00e7\u00e3o\"},\"sameAs\":[\"https:\/\/www.facebook.com\/EstrategiaConcursos\",\"https:\/\/x.com\/EstratConcursos\"],\"url\":\"https:\/\/www.estrategiaconcursos.com.br\/blog\/author\/estrategia2013\/\"}]}<\/script>\n<!-- \/ Yoast SEO Premium plugin. -->","yoast_head_json":{"title":"Concurso CODEVASF: resultado final \u00e9 homologado!","description":"Concurso Codevasf: mais de 12 mil inscritos concorreram a 61 vagas + CR. Confira j\u00e1 o resultado final do certame!","robots":{"index":"index","follow":"follow","max-snippet":"max-snippet:-1","max-image-preview":"max-image-preview:large","max-video-preview":"max-video-preview:-1"},"canonical":"https:\/\/www.estrategiaconcursos.com.br\/blog\/concurso-codevasf\/","og_locale":"pt_BR","og_type":"article","og_title":"Concurso CODEVASF: resultado final \u00e9 homologado!","og_description":"Concurso Codevasf: mais de 12 mil inscritos concorreram a 61 vagas + CR. Confira j\u00e1 o resultado final do certame!","og_url":"https:\/\/www.estrategiaconcursos.com.br\/blog\/concurso-codevasf\/","og_site_name":"Estrat\u00e9gia Concursos","article_author":"https:\/\/www.facebook.com\/EstrategiaConcursos","article_published_time":"2025-02-03T23:01:53+00:00","article_modified_time":"2025-02-04T12:33:35+00:00","og_image":[{"width":768,"height":432,"url":"https:\/\/dhg1h5j42swfq.cloudfront.net\/2021\/04\/30153718\/codevasf.jpg","type":"image\/jpeg"}],"author":"Coordena\u00e7\u00e3o","twitter_card":"summary_large_image","twitter_creator":"@EstratConcursos","twitter_site":"@EstratConcursos","twitter_misc":{"Escrito por":"Coordena\u00e7\u00e3o","Est. tempo de leitura":"5 minutos"},"schema":{"@context":"https:\/\/schema.org","@graph":[{"@type":"NewsArticle","@id":"https:\/\/www.estrategiaconcursos.com.br\/blog\/concurso-codevasf\/#article","isPartOf":{"@id":"https:\/\/www.estrategiaconcursos.com.br\/blog\/concurso-codevasf\/"},"author":{"name":"Coordena\u00e7\u00e3o","@id":"https:\/\/www.estrategiaconcursos.com.br\/blog\/#\/schema\/person\/b4a388c97673c5f483d72185668afa1f"},"headline":"Concurso CODEVASF: resultado final \u00e9 homologado!","datePublished":"2025-02-03T23:01:53+00:00","dateModified":"2025-02-04T12:33:35+00:00","mainEntityOfPage":{"@id":"https:\/\/www.estrategiaconcursos.com.br\/blog\/concurso-codevasf\/"},"wordCount":1443,"commentCount":17,"publisher":{"@id":"https:\/\/www.estrategiaconcursos.com.br\/blog\/#organization"},"image":{"@id":"https:\/\/www.estrategiaconcursos.com.br\/blog\/concurso-codevasf\/#primaryimage"},"thumbnailUrl":"https:\/\/dhg1h5j42swfq.cloudfront.net\/2021\/04\/30153718\/codevasf.jpg","articleSection":["Executivo (Administrativa)"],"inLanguage":"pt-BR","potentialAction":[{"@type":"CommentAction","name":"Comment","target":["https:\/\/www.estrategiaconcursos.com.br\/blog\/concurso-codevasf\/#respond"]}],"copyrightYear":"2025","copyrightHolder":{"@id":"https:\/\/www.estrategiaconcursos.com.br\/blog\/#organization"}},{"@type":"WebPage","@id":"https:\/\/www.estrategiaconcursos.com.br\/blog\/concurso-codevasf\/","url":"https:\/\/www.estrategiaconcursos.com.br\/blog\/concurso-codevasf\/","name":"Concurso CODEVASF: resultado final \u00e9 homologado!","isPartOf":{"@id":"https:\/\/www.estrategiaconcursos.com.br\/blog\/#website"},"primaryImageOfPage":{"@id":"https:\/\/www.estrategiaconcursos.com.br\/blog\/concurso-codevasf\/#primaryimage"},"image":{"@id":"https:\/\/www.estrategiaconcursos.com.br\/blog\/concurso-codevasf\/#primaryimage"},"thumbnailUrl":"https:\/\/dhg1h5j42swfq.cloudfront.net\/2021\/04\/30153718\/codevasf.jpg","datePublished":"2025-02-03T23:01:53+00:00","dateModified":"2025-02-04T12:33:35+00:00","description":"Concurso Codevasf: mais de 12 mil inscritos concorreram a 61 vagas + CR. Confira j\u00e1 o resultado final do certame!","breadcrumb":{"@id":"https:\/\/www.estrategiaconcursos.com.br\/blog\/concurso-codevasf\/#breadcrumb"},"inLanguage":"pt-BR","potentialAction":[{"@type":"ReadAction","target":["https:\/\/www.estrategiaconcursos.com.br\/blog\/concurso-codevasf\/"]}]},{"@type":"ImageObject","inLanguage":"pt-BR","@id":"https:\/\/www.estrategiaconcursos.com.br\/blog\/concurso-codevasf\/#primaryimage","url":"https:\/\/dhg1h5j42swfq.cloudfront.net\/2021\/04\/30153718\/codevasf.jpg","contentUrl":"https:\/\/dhg1h5j42swfq.cloudfront.net\/2021\/04\/30153718\/codevasf.jpg","width":768,"height":432,"caption":"Concurso Codevasf suspens\u00e3o"},{"@type":"BreadcrumbList","@id":"https:\/\/www.estrategiaconcursos.com.br\/blog\/concurso-codevasf\/#breadcrumb","itemListElement":[{"@type":"ListItem","position":1,"name":"In\u00edcio","item":"https:\/\/www.estrategiaconcursos.com.br\/blog\/"},{"@type":"ListItem","position":2,"name":"Concurso CODEVASF: resultado final \u00e9 homologado!"}]},{"@type":"WebSite","@id":"https:\/\/www.estrategiaconcursos.com.br\/blog\/#website","url":"https:\/\/www.estrategiaconcursos.com.br\/blog\/","name":"Estrat\u00e9gia Concursos","description":"O blog da Estrat\u00e9gia Concursos traz not\u00edcias sobre concursos e artigos de professores oferecendo cursos para concursos (pdf + videaulas) no site.","publisher":{"@id":"https:\/\/www.estrategiaconcursos.com.br\/blog\/#organization"},"potentialAction":[{"@type":"SearchAction","target":{"@type":"EntryPoint","urlTemplate":"https:\/\/www.estrategiaconcursos.com.br\/blog\/?s={search_term_string}"},"query-input":{"@type":"PropertyValueSpecification","valueRequired":true,"valueName":"search_term_string"}}],"inLanguage":"pt-BR"},{"@type":"Organization","@id":"https:\/\/www.estrategiaconcursos.com.br\/blog\/#organization","name":"Estrat\u00e9gia Concursos","url":"https:\/\/www.estrategiaconcursos.com.br\/blog\/","logo":{"@type":"ImageObject","inLanguage":"pt-BR","@id":"https:\/\/www.estrategiaconcursos.com.br\/blog\/#\/schema\/logo\/image\/","url":"https:\/\/dhg1h5j42swfq.cloudfront.net\/2025\/06\/03203428\/logo_concursos-1.jpg","contentUrl":"https:\/\/dhg1h5j42swfq.cloudfront.net\/2025\/06\/03203428\/logo_concursos-1.jpg","width":230,"height":60,"caption":"Estrat\u00e9gia Concursos"},"image":{"@id":"https:\/\/www.estrategiaconcursos.com.br\/blog\/#\/schema\/logo\/image\/"},"sameAs":["https:\/\/x.com\/EstratConcursos"]},{"@type":"Person","@id":"https:\/\/www.estrategiaconcursos.com.br\/blog\/#\/schema\/person\/b4a388c97673c5f483d72185668afa1f","name":"Coordena\u00e7\u00e3o","image":{"@type":"ImageObject","inLanguage":"pt-BR","@id":"https:\/\/secure.gravatar.com\/avatar\/b720319e4c9a967eb58678d110f4fe35452fc5d5f97b202bac7b8acceb18c6ad?s=96&d=mm&r=g","url":"https:\/\/secure.gravatar.com\/avatar\/b720319e4c9a967eb58678d110f4fe35452fc5d5f97b202bac7b8acceb18c6ad?s=96&d=mm&r=g","contentUrl":"https:\/\/secure.gravatar.com\/avatar\/b720319e4c9a967eb58678d110f4fe35452fc5d5f97b202bac7b8acceb18c6ad?s=96&d=mm&r=g","caption":"Coordena\u00e7\u00e3o"},"sameAs":["https:\/\/www.facebook.com\/EstrategiaConcursos","https:\/\/x.com\/EstratConcursos"],"url":"https:\/\/www.estrategiaconcursos.com.br\/blog\/author\/estrategia2013\/"}]}},"_links":{"self":[{"href":"https:\/\/www.estrategiaconcursos.com.br\/blog\/wp-json\/wp\/v2\/posts\/601663","targetHints":{"allow":["GET"]}}],"collection":[{"href":"https:\/\/www.estrategiaconcursos.com.br\/blog\/wp-json\/wp\/v2\/posts"}],"about":[{"href":"https:\/\/www.estrategiaconcursos.com.br\/blog\/wp-json\/wp\/v2\/types\/post"}],"author":[{"embeddable":true,"href":"https:\/\/www.estrategiaconcursos.com.br\/blog\/wp-json\/wp\/v2\/users\/1"}],"replies":[{"embeddable":true,"href":"https:\/\/www.estrategiaconcursos.com.br\/blog\/wp-json\/wp\/v2\/comments?post=601663"}],"version-history":[{"count":161,"href":"https:\/\/www.estrategiaconcursos.com.br\/blog\/wp-json\/wp\/v2\/posts\/601663\/revisions"}],"predecessor-version":[{"id":1527262,"href":"https:\/\/www.estrategiaconcursos.com.br\/blog\/wp-json\/wp\/v2\/posts\/601663\/revisions\/1527262"}],"wp:featuredmedia":[{"embeddable":true,"href":"https:\/\/www.estrategiaconcursos.com.br\/blog\/wp-json\/wp\/v2\/media\/728268"}],"wp:attachment":[{"href":"https:\/\/www.estrategiaconcursos.com.br\/blog\/wp-json\/wp\/v2\/media?parent=601663"}],"wp:term":[{"taxonomy":"category","embeddable":true,"href":"https:\/\/www.estrategiaconcursos.com.br\/blog\/wp-json\/wp\/v2\/categories?post=601663"},{"taxonomy":"post_tag","embeddable":true,"href":"https:\/\/www.estrategiaconcursos.com.br\/blog\/wp-json\/wp\/v2\/tags?post=601663"},{"taxonomy":"tax_estado","embeddable":true,"href":"https:\/\/www.estrategiaconcursos.com.br\/blog\/wp-json\/wp\/v2\/tax_estado?post=601663"}],"curies":[{"name":"wp","href":"https:\/\/api.w.org\/{rel}","templated":true}]}}