{"id":601535,"date":"2020-11-04T18:41:56","date_gmt":"2020-11-04T21:41:56","guid":{"rendered":"https:\/\/www.estrategiaconcursos.com.br\/blog\/?p=601535"},"modified":"2023-06-12T15:17:42","modified_gmt":"2023-06-12T18:17:42","slug":"autorizacao-concurso-pc-rj-quinta","status":"publish","type":"post","link":"https:\/\/www.estrategiaconcursos.com.br\/blog\/autorizacao-concurso-pc-rj-quinta\/","title":{"rendered":"Urgente: autoriza\u00e7\u00e3o do concurso PC RJ ser\u00e1 publicada amanh\u00e3 (05)"},"content":{"rendered":"\n<p>Ap\u00f3s anunciar nas redes sociais que o edital do <a href=\"https:\/\/www.estrategiaconcursos.com.br\/blog\/concurso-policia-civil-rj\/\" target=\"_blank\" rel=\"noreferrer noopener\">concurso PC RJ<\/a>, da Pol\u00edcia Civil do Rio de Janeiro, seria publicado amanh\u00e3, 05 de novembro de 2020, o governo do estado recuou e anunciou que, na verdade, trata-se da <strong>AUTORIZA\u00c7\u00c3O<\/strong> do certame.<\/p>\n\n\n\n<p>De acordo com as informa\u00e7\u00f5es, as vagas ser\u00e3o distribu\u00eddas da seguinte forma:<\/p>\n\n\n\n<p><strong>Perito Legista &#8211; 54 vagas;<br \/>Inspetor de Pol\u00edcia &#8211; 597 vagas;<br \/>T\u00e9cnico Policial de Necropsia &#8211; 16 vagas;<br \/>Auxiliar Policial de Necropsia &#8211;  10 vagas;<br \/>Delegado &#8211; 47 vagas;<br \/>Perito Criminal &#8211; 20 vagas; e<br \/>Investigador Policial &#8211; 118 vagas.<\/strong> <\/p>\n\n\n\n<figure class=\"wp-block-image size-large\"><img loading=\"lazy\" decoding=\"async\" width=\"593\" height=\"256\" src=\"https:\/\/dhg1h5j42swfq.cloudfront.net\/2020\/11\/04201420\/image-39.png\" alt=\"\" class=\"wp-image-601621\" srcset=\"https:\/\/dhg1h5j42swfq.cloudfront.net\/2020\/11\/04201420\/image-39.png 593w, https:\/\/dhg1h5j42swfq.cloudfront.net\/2020\/11\/04201420\/image-39-300x130.png 300w\" sizes=\"auto, (max-width: 593px) 100vw, 593px\" \/><\/figure>\n\n\n\n<h4 class=\"wp-block-heading\">Clique no link abaixo e veja a publica\u00e7\u00e3o na \u00edntegra:<\/h4>\n\n\n\n<p class=\"has-text-align-center has-pale-cyan-blue-background-color has-background\" style=\"font-size:clamp(14px, 0.875rem + ((1vw - 3.2px) * 0.294), 17px);px\"><a href=\"https:\/\/twitter.com\/GovRJ\/status\/1324097979591086084\" target=\"_blank\" rel=\"noreferrer noopener\"><strong>Autoriza\u00e7\u00e3o PC RJ na quinta (05)<\/strong><\/a><\/p>\n\n\n\n<h3 class=\"wp-block-heading\">Bancas definidas<\/h3>\n\n\n\n<p>Duas empresas foram escolhidas para organizar o certame: <strong>Instituto Acesso<\/strong>, para Delegado, e <strong>Instituto AOCP<\/strong>, para as demais carreiras da institui\u00e7\u00e3o.<\/p>\n\n\n\n<h3 class=\"wp-block-heading\">N\u00edvel superior para investigador <\/h3>\n\n\n\n<p>O Projeto de Lei, de iniciativa do governador em exerc\u00edcio, Claudio Castro, que defende a exig\u00eancia de n\u00edvel superior para a carreira de investigador da Pol\u00edcia Cilvil, retornou para nova an\u00e1lise nas respectivas comiss\u00f5es, ap\u00f3s seu texto receber 12 emendas.<\/p>\n\n\n\n<h3 class=\"wp-block-heading\" id=\"requisitos\">Requisitos para os cargos do concurso PC RJ <\/h3>\n\n\n\n<p>O <strong>concurso PC RJ<\/strong> ter\u00e1 oportunidades do n\u00edvel fundamental ao superior. Os cargos de Inspetor, Perito Legista e Delegado exigem n\u00edvel superior. O cargo de T\u00e9cnico de Necropsia exige n\u00edvel m\u00e9dio e o de Auxiliar de Necropsia, n\u00edvel fundamental. <\/p>\n\n\n\n<p>Veja os principais requisitos para ingressar nos cargos:<\/p>\n\n\n\n<ul class=\"wp-block-list\">\n<li><strong>Inspetor:<\/strong>&nbsp;n\u00edvel&nbsp;superior&nbsp;em&nbsp;qualquer&nbsp;\u00e1rea;<\/li>\n\n\n\n<li><strong>Perito Legista:&nbsp;<\/strong>n\u00edvel&nbsp;superior&nbsp;em Medicina, Odontologia, Farm\u00e1cia ou Bioqu\u00edmica;<\/li>\n\n\n\n<li><strong>Delegado:<\/strong>&nbsp;n\u00edvel&nbsp;superior&nbsp;em&nbsp;Direito;<\/li>\n\n\n\n<li><strong>T\u00e9cnico de Necropsia:<\/strong>&nbsp;n\u00edvel&nbsp;m\u00e9dio;<\/li>\n\n\n\n<li><strong>Auxiliar de Necropsia:<\/strong> n\u00edvel fundamental;<\/li>\n\n\n\n<li><strong>Perito Criminal: <\/strong>n\u00edvel superior em Engenharia, Inform\u00e1tica, Farm\u00e1cia, Veterin\u00e1ria, Biologia, F\u00edsica, Qu\u00edmica, Economia, Ci\u00eancias Cont\u00e1beis ou Agronomia, dependendo da \u00e1rea espec\u00edfica.<\/li>\n\n\n\n<li><strong>Investigador:<\/strong> n\u00edvel m\u00e9dio<\/li>\n<\/ul>\n\n\n\n<h3 class=\"wp-block-heading\" id=\"remuneracao\">Sal\u00e1rios PC RJ e carga hor\u00e1ria<\/h3>\n\n\n\n<p>Os <strong>sal\u00e1rios da PC-RJ<\/strong> est\u00e3o abaixo descritas na tabela:<\/p>\n\n\n\n<figure class=\"wp-block-image aligncenter is-resized\"><img loading=\"lazy\" decoding=\"async\" src=\"https:\/\/dhg1h5j42swfq.cloudfront.net\/2019\/05\/08150832\/image73.png\" alt=\"sal\u00e1rios concurso pc-rj\" class=\"wp-image-372582\" width=\"664\" height=\"286\" srcset=\"https:\/\/dhg1h5j42swfq.cloudfront.net\/2019\/05\/08150832\/image73.png 1089w, https:\/\/dhg1h5j42swfq.cloudfront.net\/2019\/05\/08150832\/image73.png 300w, https:\/\/dhg1h5j42swfq.cloudfront.net\/2019\/05\/08150832\/image73.png 768w, https:\/\/dhg1h5j42swfq.cloudfront.net\/2019\/05\/08150832\/image73.png 1024w, https:\/\/dhg1h5j42swfq.cloudfront.net\/2019\/05\/08150832\/image73.png 610w\" sizes=\"auto, (max-width: 664px) 100vw, 664px\" \/><figcaption class=\"wp-element-caption\">Sal\u00e1rios dos cargos da Pol\u00edcia Civil do Rio de Janeiro<\/figcaption><\/figure>\n\n\n\n<p>Para mais informa\u00e7\u00f5es sobre autoriza\u00e7\u00e3o do concurso PC RJ, que ser\u00e1 publicada amanh\u00e3 (05\/11), acesse o link a seguir:<\/p>\n\n\n\n<p class=\"has-text-align-center has-cyan-bluish-gray-background-color has-background\" style=\"font-size:clamp(15.197px, 0.95rem + ((1vw - 3.2px) * 0.765), 23px);px\"><strong><a rel=\"noreferrer noopener\" href=\"https:\/\/www.estrategiaconcursos.com.br\/blog\/concurso-policia-civil-rj\/\" target=\"_blank\">Concurso PC RJ<\/a><\/strong><\/p>\n\n\n\n<h2 class=\"wp-block-heading has-text-align-center\" id=\"cursos\"><strong><em>Quer estudar para Concurso Pol\u00edcia Civil RJ?<\/em><\/strong><\/h2>\n\n\n\n<p class=\"has-text-align-center\"><em><strong>Gostou desta oportunidade e deseja come\u00e7ar se preparar agora mesmo? Ent\u00e3o, confira os nossos cursos e comece a estudar para Pol\u00edcia Civil RJ:<\/strong><\/em><\/p>\n\n\n\n<div class=\"container\" id=\"boxes\">\n  <div class=\"row\">\n\n    <div class=\"col-sm\">\n      <div class=\"banner-policial\" id=\"box-assinatura\">\n        <h3 class=\"titulo-assinatura\">Curso PCRJ<\/h3>\n        <p class=\"subtitulo-assinatura\">Conhe\u00e7a os cursos<\/p>\n        <div class=\"box-botao\">\n          <a class=\"btn-assinatura\" target=\"_blank\" href=\"https:\/\/www.estrategiaconcursos.com.br\/cursosPorConcurso\/policia-civil-rj-pc-rj\/\/\" role=\"button\" rel=\"noopener noreferrer\">Conhe\u00e7a mais<\/a>\n        <\/div>\n      <\/div>\n      <p class=\"texto-auxiliar\">Prepare-se com o melhor material e com quem mais aprova em Concursos P\u00fablicos em todo o pa\u00eds. <\/p>\n    <\/div>\n\n  <\/div>\n<\/div>\n\n\n\n<div class=\"container\" id=\"boxes\">\n  <div class=\"row\">\n\n    <div class=\"col-sm\">\n      <div class=\"estrategia\" id=\"box-assinatura\">\n        <h3 class=\"titulo-assinatura\">Assinatura Ilimitada<\/h3>\n        <p class=\"subtitulo-assinatura\">Assinatura Anual Ilimitada*<\/p>\n        <div class=\"box-botao\">\n          <a class=\"btn-assinatura\" target=\"_blank\" href=\"https:\/\/www.estrategiaconcursos.com.br\/assinaturas\/\" role=\"button\" rel=\"noopener noreferrer\">ASSINE AGORA<\/a>\n        <\/div>\n      <\/div>\n      <p class=\"texto-auxiliar\">Prepare-se com o melhor material e com quem mais aprova em Concursos P\u00fablicos em todo o pa\u00eds. Assine agora a nossa Assinatura Anual e tenha acesso ilimitado* a todos os nossos cursos.<\/p>\n    <\/div>\n\n    <div class=\"col-sm\">\n      <div class=\"questoes\" id=\"box-assinatura\">\n        <h3 class=\"titulo-assinatura\">Sistema de Quest\u00f5es<\/h3>\n        <p class=\"subtitulo-assinatura\">Assinatura Ilimitada*<\/p>\n        <div class=\"box-botao\">\n          <a class=\"btn-assinatura\" target=\"_blank\" href=\"https:\/\/www.estrategiaconcursos.com.br\/cursosPorConcurso\/sistema-de-questoes\/#\/\" role=\"button\" rel=\"noopener noreferrer\">ASSINE AGORA<\/a>\n        <\/div>\n      <\/div>\n      <p class=\"texto-auxiliar\">Estrat\u00e9gia Quest\u00f5es nasceu maior do que todos os concorrentes, com mais quest\u00f5es cadastradas e mais solu\u00e7\u00f5es por professores. Clique no link e aproveite os descontos e b\u00f4nus imperd\u00edveis!<\/p>\n    <\/div>\n  <\/div>\n<\/div>\n","protected":false},"excerpt":{"rendered":"<p>Ap\u00f3s anunciar nas redes sociais que o edital do concurso PC RJ, da Pol\u00edcia Civil do Rio de Janeiro, seria publicado amanh\u00e3, 05 de novembro de 2020, o governo do estado recuou e anunciou que, na verdade, trata-se da AUTORIZA\u00c7\u00c3O do certame. De acordo com as informa\u00e7\u00f5es, as vagas ser\u00e3o distribu\u00eddas da seguinte forma: Perito [&hellip;]<\/p>\n","protected":false},"author":1482,"featured_media":372499,"comment_status":"open","ping_status":"closed","sticky":false,"template":"","format":"standard","meta":{"post_tipo":"article","footnotes":""},"categories":[1],"tags":[],"tax_estado":[],"class_list":["post-601535","post","type-post","status-publish","format-standard","has-post-thumbnail","hentry","category-cursos-e-concursos"],"acf":[],"yoast_head":"<!-- This site is optimized with the Yoast SEO Premium plugin v27.2 (Yoast SEO v27.2) - https:\/\/yoast.com\/product\/yoast-seo-premium-wordpress\/ -->\n<title>Urgente: autoriza\u00e7\u00e3o do concurso PC RJ ser\u00e1 publicada amanh\u00e3 (05)<\/title>\n<meta name=\"description\" content=\"A autoriza\u00e7\u00e3o do concurso PC RJ ser\u00e1 publicada na pr\u00f3xima quinta-feira, 05 de novembro de 2020, com oferta de 864 vagas para cargos de todos os n\u00edveis.\" \/>\n<meta name=\"robots\" content=\"index, follow, max-snippet:-1, max-image-preview:large, max-video-preview:-1\" \/>\n<link rel=\"canonical\" href=\"https:\/\/www.estrategiaconcursos.com.br\/blog\/autorizacao-concurso-pc-rj-quinta\/\" \/>\n<meta property=\"og:locale\" content=\"pt_BR\" \/>\n<meta property=\"og:type\" content=\"article\" \/>\n<meta property=\"og:title\" content=\"Urgente: autoriza\u00e7\u00e3o do concurso PC RJ ser\u00e1 publicada amanh\u00e3 (05)\" \/>\n<meta property=\"og:description\" content=\"A autoriza\u00e7\u00e3o do concurso PC RJ ser\u00e1 publicada na pr\u00f3xima quinta-feira, 05 de novembro de 2020, com oferta de 864 vagas para cargos de todos os n\u00edveis.\" \/>\n<meta property=\"og:url\" content=\"https:\/\/www.estrategiaconcursos.com.br\/blog\/autorizacao-concurso-pc-rj-quinta\/\" \/>\n<meta property=\"og:site_name\" content=\"Estrat\u00e9gia Concursos\" \/>\n<meta property=\"article:published_time\" content=\"2020-11-04T21:41:56+00:00\" \/>\n<meta property=\"article:modified_time\" content=\"2023-06-12T18:17:42+00:00\" \/>\n<meta property=\"og:image\" content=\"https:\/\/dhg1h5j42swfq.cloudfront.net\/2019\/05\/08123300\/Pol%C3%ADcia-c%C3%ADvil-3.png\" \/>\n\t<meta property=\"og:image:width\" content=\"555\" \/>\n\t<meta property=\"og:image:height\" content=\"312\" \/>\n\t<meta property=\"og:image:type\" content=\"image\/png\" \/>\n<meta name=\"author\" content=\"Diego Cerqueira\" \/>\n<meta name=\"twitter:card\" content=\"summary_large_image\" \/>\n<meta name=\"twitter:creator\" content=\"@EstratConcursos\" \/>\n<meta name=\"twitter:site\" content=\"@EstratConcursos\" \/>\n<meta name=\"twitter:label1\" content=\"Escrito por\" \/>\n\t<meta name=\"twitter:data1\" content=\"Diego Cerqueira\" \/>\n\t<meta name=\"twitter:label2\" content=\"Est. tempo de leitura\" \/>\n\t<meta name=\"twitter:data2\" content=\"3 minutos\" \/>\n<script type=\"application\/ld+json\" class=\"yoast-schema-graph\">{\"@context\":\"https:\/\/schema.org\",\"@graph\":[{\"@type\":\"NewsArticle\",\"@id\":\"https:\/\/www.estrategiaconcursos.com.br\/blog\/autorizacao-concurso-pc-rj-quinta\/#article\",\"isPartOf\":{\"@id\":\"https:\/\/www.estrategiaconcursos.com.br\/blog\/autorizacao-concurso-pc-rj-quinta\/\"},\"author\":{\"name\":\"Diego Cerqueira\",\"@id\":\"https:\/\/www.estrategiaconcursos.com.br\/blog\/#\/schema\/person\/dd9f6d98671a3ac63bf25b40baf6f2e2\"},\"headline\":\"Urgente: autoriza\u00e7\u00e3o do concurso PC RJ ser\u00e1 publicada amanh\u00e3 (05)\",\"datePublished\":\"2020-11-04T21:41:56+00:00\",\"dateModified\":\"2023-06-12T18:17:42+00:00\",\"mainEntityOfPage\":{\"@id\":\"https:\/\/www.estrategiaconcursos.com.br\/blog\/autorizacao-concurso-pc-rj-quinta\/\"},\"wordCount\":543,\"commentCount\":0,\"publisher\":{\"@id\":\"https:\/\/www.estrategiaconcursos.com.br\/blog\/#organization\"},\"image\":{\"@id\":\"https:\/\/www.estrategiaconcursos.com.br\/blog\/autorizacao-concurso-pc-rj-quinta\/#primaryimage\"},\"thumbnailUrl\":\"https:\/\/dhg1h5j42swfq.cloudfront.net\/2019\/05\/08123300\/Pol%C3%ADcia-c%C3%ADvil-3.png\",\"articleSection\":[\"Concursos P\u00fablicos\"],\"inLanguage\":\"pt-BR\",\"potentialAction\":[{\"@type\":\"CommentAction\",\"name\":\"Comment\",\"target\":[\"https:\/\/www.estrategiaconcursos.com.br\/blog\/autorizacao-concurso-pc-rj-quinta\/#respond\"]}],\"copyrightYear\":\"2020\",\"copyrightHolder\":{\"@id\":\"https:\/\/www.estrategiaconcursos.com.br\/blog\/#organization\"}},{\"@type\":\"WebPage\",\"@id\":\"https:\/\/www.estrategiaconcursos.com.br\/blog\/autorizacao-concurso-pc-rj-quinta\/\",\"url\":\"https:\/\/www.estrategiaconcursos.com.br\/blog\/autorizacao-concurso-pc-rj-quinta\/\",\"name\":\"Urgente: autoriza\u00e7\u00e3o do concurso PC RJ ser\u00e1 publicada amanh\u00e3 (05)\",\"isPartOf\":{\"@id\":\"https:\/\/www.estrategiaconcursos.com.br\/blog\/#website\"},\"primaryImageOfPage\":{\"@id\":\"https:\/\/www.estrategiaconcursos.com.br\/blog\/autorizacao-concurso-pc-rj-quinta\/#primaryimage\"},\"image\":{\"@id\":\"https:\/\/www.estrategiaconcursos.com.br\/blog\/autorizacao-concurso-pc-rj-quinta\/#primaryimage\"},\"thumbnailUrl\":\"https:\/\/dhg1h5j42swfq.cloudfront.net\/2019\/05\/08123300\/Pol%C3%ADcia-c%C3%ADvil-3.png\",\"datePublished\":\"2020-11-04T21:41:56+00:00\",\"dateModified\":\"2023-06-12T18:17:42+00:00\",\"description\":\"A autoriza\u00e7\u00e3o do concurso PC RJ ser\u00e1 publicada na pr\u00f3xima quinta-feira, 05 de novembro de 2020, com oferta de 864 vagas para cargos de todos os n\u00edveis.\",\"breadcrumb\":{\"@id\":\"https:\/\/www.estrategiaconcursos.com.br\/blog\/autorizacao-concurso-pc-rj-quinta\/#breadcrumb\"},\"inLanguage\":\"pt-BR\",\"potentialAction\":[{\"@type\":\"ReadAction\",\"target\":[\"https:\/\/www.estrategiaconcursos.com.br\/blog\/autorizacao-concurso-pc-rj-quinta\/\"]}]},{\"@type\":\"ImageObject\",\"inLanguage\":\"pt-BR\",\"@id\":\"https:\/\/www.estrategiaconcursos.com.br\/blog\/autorizacao-concurso-pc-rj-quinta\/#primaryimage\",\"url\":\"https:\/\/dhg1h5j42swfq.cloudfront.net\/2019\/05\/08123300\/Pol%C3%ADcia-c%C3%ADvil-3.png\",\"contentUrl\":\"https:\/\/dhg1h5j42swfq.cloudfront.net\/2019\/05\/08123300\/Pol%C3%ADcia-c%C3%ADvil-3.png\",\"width\":555,\"height\":312,\"caption\":\"Como migrar os estudos da Cebraspe para a FGV\"},{\"@type\":\"BreadcrumbList\",\"@id\":\"https:\/\/www.estrategiaconcursos.com.br\/blog\/autorizacao-concurso-pc-rj-quinta\/#breadcrumb\",\"itemListElement\":[{\"@type\":\"ListItem\",\"position\":1,\"name\":\"In\u00edcio\",\"item\":\"https:\/\/www.estrategiaconcursos.com.br\/blog\/\"},{\"@type\":\"ListItem\",\"position\":2,\"name\":\"Urgente: autoriza\u00e7\u00e3o do concurso PC RJ ser\u00e1 publicada amanh\u00e3 (05)\"}]},{\"@type\":\"WebSite\",\"@id\":\"https:\/\/www.estrategiaconcursos.com.br\/blog\/#website\",\"url\":\"https:\/\/www.estrategiaconcursos.com.br\/blog\/\",\"name\":\"Estrat\u00e9gia Concursos\",\"description\":\"O blog da Estrat\u00e9gia Concursos traz not\u00edcias sobre concursos e artigos de professores oferecendo cursos para concursos (pdf + videaulas) no site.\",\"publisher\":{\"@id\":\"https:\/\/www.estrategiaconcursos.com.br\/blog\/#organization\"},\"potentialAction\":[{\"@type\":\"SearchAction\",\"target\":{\"@type\":\"EntryPoint\",\"urlTemplate\":\"https:\/\/www.estrategiaconcursos.com.br\/blog\/?s={search_term_string}\"},\"query-input\":{\"@type\":\"PropertyValueSpecification\",\"valueRequired\":true,\"valueName\":\"search_term_string\"}}],\"inLanguage\":\"pt-BR\"},{\"@type\":\"Organization\",\"@id\":\"https:\/\/www.estrategiaconcursos.com.br\/blog\/#organization\",\"name\":\"Estrat\u00e9gia Concursos\",\"url\":\"https:\/\/www.estrategiaconcursos.com.br\/blog\/\",\"logo\":{\"@type\":\"ImageObject\",\"inLanguage\":\"pt-BR\",\"@id\":\"https:\/\/www.estrategiaconcursos.com.br\/blog\/#\/schema\/logo\/image\/\",\"url\":\"https:\/\/dhg1h5j42swfq.cloudfront.net\/2025\/06\/03203428\/logo_concursos-1.jpg\",\"contentUrl\":\"https:\/\/dhg1h5j42swfq.cloudfront.net\/2025\/06\/03203428\/logo_concursos-1.jpg\",\"width\":230,\"height\":60,\"caption\":\"Estrat\u00e9gia Concursos\"},\"image\":{\"@id\":\"https:\/\/www.estrategiaconcursos.com.br\/blog\/#\/schema\/logo\/image\/\"},\"sameAs\":[\"https:\/\/x.com\/EstratConcursos\"]},{\"@type\":\"Person\",\"@id\":\"https:\/\/www.estrategiaconcursos.com.br\/blog\/#\/schema\/person\/dd9f6d98671a3ac63bf25b40baf6f2e2\",\"name\":\"Diego Cerqueira\",\"image\":{\"@type\":\"ImageObject\",\"inLanguage\":\"pt-BR\",\"@id\":\"https:\/\/secure.gravatar.com\/avatar\/93f5bbe4c5469a613830caa67379a40ab60d82fa495e4fbb9e4039bce737c0cc?s=96&d=mm&r=g\",\"url\":\"https:\/\/secure.gravatar.com\/avatar\/93f5bbe4c5469a613830caa67379a40ab60d82fa495e4fbb9e4039bce737c0cc?s=96&d=mm&r=g\",\"contentUrl\":\"https:\/\/secure.gravatar.com\/avatar\/93f5bbe4c5469a613830caa67379a40ab60d82fa495e4fbb9e4039bce737c0cc?s=96&d=mm&r=g\",\"caption\":\"Diego Cerqueira\"},\"url\":\"https:\/\/www.estrategiaconcursos.com.br\/blog\/author\/diegocerqueiraestrategiaconcursos-com-br-2\/\"}]}<\/script>\n<!-- \/ Yoast SEO Premium plugin. -->","yoast_head_json":{"title":"Urgente: autoriza\u00e7\u00e3o do concurso PC RJ ser\u00e1 publicada amanh\u00e3 (05)","description":"A autoriza\u00e7\u00e3o do concurso PC RJ ser\u00e1 publicada na pr\u00f3xima quinta-feira, 05 de novembro de 2020, com oferta de 864 vagas para cargos de todos os n\u00edveis.","robots":{"index":"index","follow":"follow","max-snippet":"max-snippet:-1","max-image-preview":"max-image-preview:large","max-video-preview":"max-video-preview:-1"},"canonical":"https:\/\/www.estrategiaconcursos.com.br\/blog\/autorizacao-concurso-pc-rj-quinta\/","og_locale":"pt_BR","og_type":"article","og_title":"Urgente: autoriza\u00e7\u00e3o do concurso PC RJ ser\u00e1 publicada amanh\u00e3 (05)","og_description":"A autoriza\u00e7\u00e3o do concurso PC RJ ser\u00e1 publicada na pr\u00f3xima quinta-feira, 05 de novembro de 2020, com oferta de 864 vagas para cargos de todos os n\u00edveis.","og_url":"https:\/\/www.estrategiaconcursos.com.br\/blog\/autorizacao-concurso-pc-rj-quinta\/","og_site_name":"Estrat\u00e9gia Concursos","article_published_time":"2020-11-04T21:41:56+00:00","article_modified_time":"2023-06-12T18:17:42+00:00","og_image":[{"width":555,"height":312,"url":"https:\/\/dhg1h5j42swfq.cloudfront.net\/2019\/05\/08123300\/Pol%C3%ADcia-c%C3%ADvil-3.png","type":"image\/png"}],"author":"Diego Cerqueira","twitter_card":"summary_large_image","twitter_creator":"@EstratConcursos","twitter_site":"@EstratConcursos","twitter_misc":{"Escrito por":"Diego Cerqueira","Est. tempo de leitura":"3 minutos"},"schema":{"@context":"https:\/\/schema.org","@graph":[{"@type":"NewsArticle","@id":"https:\/\/www.estrategiaconcursos.com.br\/blog\/autorizacao-concurso-pc-rj-quinta\/#article","isPartOf":{"@id":"https:\/\/www.estrategiaconcursos.com.br\/blog\/autorizacao-concurso-pc-rj-quinta\/"},"author":{"name":"Diego Cerqueira","@id":"https:\/\/www.estrategiaconcursos.com.br\/blog\/#\/schema\/person\/dd9f6d98671a3ac63bf25b40baf6f2e2"},"headline":"Urgente: autoriza\u00e7\u00e3o do concurso PC RJ ser\u00e1 publicada amanh\u00e3 (05)","datePublished":"2020-11-04T21:41:56+00:00","dateModified":"2023-06-12T18:17:42+00:00","mainEntityOfPage":{"@id":"https:\/\/www.estrategiaconcursos.com.br\/blog\/autorizacao-concurso-pc-rj-quinta\/"},"wordCount":543,"commentCount":0,"publisher":{"@id":"https:\/\/www.estrategiaconcursos.com.br\/blog\/#organization"},"image":{"@id":"https:\/\/www.estrategiaconcursos.com.br\/blog\/autorizacao-concurso-pc-rj-quinta\/#primaryimage"},"thumbnailUrl":"https:\/\/dhg1h5j42swfq.cloudfront.net\/2019\/05\/08123300\/Pol%C3%ADcia-c%C3%ADvil-3.png","articleSection":["Concursos P\u00fablicos"],"inLanguage":"pt-BR","potentialAction":[{"@type":"CommentAction","name":"Comment","target":["https:\/\/www.estrategiaconcursos.com.br\/blog\/autorizacao-concurso-pc-rj-quinta\/#respond"]}],"copyrightYear":"2020","copyrightHolder":{"@id":"https:\/\/www.estrategiaconcursos.com.br\/blog\/#organization"}},{"@type":"WebPage","@id":"https:\/\/www.estrategiaconcursos.com.br\/blog\/autorizacao-concurso-pc-rj-quinta\/","url":"https:\/\/www.estrategiaconcursos.com.br\/blog\/autorizacao-concurso-pc-rj-quinta\/","name":"Urgente: autoriza\u00e7\u00e3o do concurso PC RJ ser\u00e1 publicada amanh\u00e3 (05)","isPartOf":{"@id":"https:\/\/www.estrategiaconcursos.com.br\/blog\/#website"},"primaryImageOfPage":{"@id":"https:\/\/www.estrategiaconcursos.com.br\/blog\/autorizacao-concurso-pc-rj-quinta\/#primaryimage"},"image":{"@id":"https:\/\/www.estrategiaconcursos.com.br\/blog\/autorizacao-concurso-pc-rj-quinta\/#primaryimage"},"thumbnailUrl":"https:\/\/dhg1h5j42swfq.cloudfront.net\/2019\/05\/08123300\/Pol%C3%ADcia-c%C3%ADvil-3.png","datePublished":"2020-11-04T21:41:56+00:00","dateModified":"2023-06-12T18:17:42+00:00","description":"A autoriza\u00e7\u00e3o do concurso PC RJ ser\u00e1 publicada na pr\u00f3xima quinta-feira, 05 de novembro de 2020, com oferta de 864 vagas para cargos de todos os n\u00edveis.","breadcrumb":{"@id":"https:\/\/www.estrategiaconcursos.com.br\/blog\/autorizacao-concurso-pc-rj-quinta\/#breadcrumb"},"inLanguage":"pt-BR","potentialAction":[{"@type":"ReadAction","target":["https:\/\/www.estrategiaconcursos.com.br\/blog\/autorizacao-concurso-pc-rj-quinta\/"]}]},{"@type":"ImageObject","inLanguage":"pt-BR","@id":"https:\/\/www.estrategiaconcursos.com.br\/blog\/autorizacao-concurso-pc-rj-quinta\/#primaryimage","url":"https:\/\/dhg1h5j42swfq.cloudfront.net\/2019\/05\/08123300\/Pol%C3%ADcia-c%C3%ADvil-3.png","contentUrl":"https:\/\/dhg1h5j42swfq.cloudfront.net\/2019\/05\/08123300\/Pol%C3%ADcia-c%C3%ADvil-3.png","width":555,"height":312,"caption":"Como migrar os estudos da Cebraspe para a FGV"},{"@type":"BreadcrumbList","@id":"https:\/\/www.estrategiaconcursos.com.br\/blog\/autorizacao-concurso-pc-rj-quinta\/#breadcrumb","itemListElement":[{"@type":"ListItem","position":1,"name":"In\u00edcio","item":"https:\/\/www.estrategiaconcursos.com.br\/blog\/"},{"@type":"ListItem","position":2,"name":"Urgente: autoriza\u00e7\u00e3o do concurso PC RJ ser\u00e1 publicada amanh\u00e3 (05)"}]},{"@type":"WebSite","@id":"https:\/\/www.estrategiaconcursos.com.br\/blog\/#website","url":"https:\/\/www.estrategiaconcursos.com.br\/blog\/","name":"Estrat\u00e9gia Concursos","description":"O blog da Estrat\u00e9gia Concursos traz not\u00edcias sobre concursos e artigos de professores oferecendo cursos para concursos (pdf + videaulas) no site.","publisher":{"@id":"https:\/\/www.estrategiaconcursos.com.br\/blog\/#organization"},"potentialAction":[{"@type":"SearchAction","target":{"@type":"EntryPoint","urlTemplate":"https:\/\/www.estrategiaconcursos.com.br\/blog\/?s={search_term_string}"},"query-input":{"@type":"PropertyValueSpecification","valueRequired":true,"valueName":"search_term_string"}}],"inLanguage":"pt-BR"},{"@type":"Organization","@id":"https:\/\/www.estrategiaconcursos.com.br\/blog\/#organization","name":"Estrat\u00e9gia Concursos","url":"https:\/\/www.estrategiaconcursos.com.br\/blog\/","logo":{"@type":"ImageObject","inLanguage":"pt-BR","@id":"https:\/\/www.estrategiaconcursos.com.br\/blog\/#\/schema\/logo\/image\/","url":"https:\/\/dhg1h5j42swfq.cloudfront.net\/2025\/06\/03203428\/logo_concursos-1.jpg","contentUrl":"https:\/\/dhg1h5j42swfq.cloudfront.net\/2025\/06\/03203428\/logo_concursos-1.jpg","width":230,"height":60,"caption":"Estrat\u00e9gia Concursos"},"image":{"@id":"https:\/\/www.estrategiaconcursos.com.br\/blog\/#\/schema\/logo\/image\/"},"sameAs":["https:\/\/x.com\/EstratConcursos"]},{"@type":"Person","@id":"https:\/\/www.estrategiaconcursos.com.br\/blog\/#\/schema\/person\/dd9f6d98671a3ac63bf25b40baf6f2e2","name":"Diego Cerqueira","image":{"@type":"ImageObject","inLanguage":"pt-BR","@id":"https:\/\/secure.gravatar.com\/avatar\/93f5bbe4c5469a613830caa67379a40ab60d82fa495e4fbb9e4039bce737c0cc?s=96&d=mm&r=g","url":"https:\/\/secure.gravatar.com\/avatar\/93f5bbe4c5469a613830caa67379a40ab60d82fa495e4fbb9e4039bce737c0cc?s=96&d=mm&r=g","contentUrl":"https:\/\/secure.gravatar.com\/avatar\/93f5bbe4c5469a613830caa67379a40ab60d82fa495e4fbb9e4039bce737c0cc?s=96&d=mm&r=g","caption":"Diego Cerqueira"},"url":"https:\/\/www.estrategiaconcursos.com.br\/blog\/author\/diegocerqueiraestrategiaconcursos-com-br-2\/"}]}},"_links":{"self":[{"href":"https:\/\/www.estrategiaconcursos.com.br\/blog\/wp-json\/wp\/v2\/posts\/601535","targetHints":{"allow":["GET"]}}],"collection":[{"href":"https:\/\/www.estrategiaconcursos.com.br\/blog\/wp-json\/wp\/v2\/posts"}],"about":[{"href":"https:\/\/www.estrategiaconcursos.com.br\/blog\/wp-json\/wp\/v2\/types\/post"}],"author":[{"embeddable":true,"href":"https:\/\/www.estrategiaconcursos.com.br\/blog\/wp-json\/wp\/v2\/users\/1482"}],"replies":[{"embeddable":true,"href":"https:\/\/www.estrategiaconcursos.com.br\/blog\/wp-json\/wp\/v2\/comments?post=601535"}],"version-history":[{"count":5,"href":"https:\/\/www.estrategiaconcursos.com.br\/blog\/wp-json\/wp\/v2\/posts\/601535\/revisions"}],"predecessor-version":[{"id":1230819,"href":"https:\/\/www.estrategiaconcursos.com.br\/blog\/wp-json\/wp\/v2\/posts\/601535\/revisions\/1230819"}],"wp:featuredmedia":[{"embeddable":true,"href":"https:\/\/www.estrategiaconcursos.com.br\/blog\/wp-json\/wp\/v2\/media\/372499"}],"wp:attachment":[{"href":"https:\/\/www.estrategiaconcursos.com.br\/blog\/wp-json\/wp\/v2\/media?parent=601535"}],"wp:term":[{"taxonomy":"category","embeddable":true,"href":"https:\/\/www.estrategiaconcursos.com.br\/blog\/wp-json\/wp\/v2\/categories?post=601535"},{"taxonomy":"post_tag","embeddable":true,"href":"https:\/\/www.estrategiaconcursos.com.br\/blog\/wp-json\/wp\/v2\/tags?post=601535"},{"taxonomy":"tax_estado","embeddable":true,"href":"https:\/\/www.estrategiaconcursos.com.br\/blog\/wp-json\/wp\/v2\/tax_estado?post=601535"}],"curies":[{"name":"wp","href":"https:\/\/api.w.org\/{rel}","templated":true}]}}