{"id":601034,"date":"2020-12-07T00:27:00","date_gmt":"2020-12-07T03:27:00","guid":{"rendered":"https:\/\/www.estrategiaconcursos.com.br\/blog\/?p=601034"},"modified":"2023-06-26T16:28:29","modified_gmt":"2023-06-26T19:28:29","slug":"edital-residencia-ufpa-2020","status":"publish","type":"post","link":"https:\/\/www.estrategiaconcursos.com.br\/blog\/edital-residencia-ufpa-2020\/","title":{"rendered":"Edital Resid\u00eancia UFPA: PSS oferta 90 vagas; inscri\u00e7\u00f5es encerradas!"},"content":{"rendered":"\n<p>Est\u00e3o encerradas as inscri\u00e7\u00f5es para o edital do processo seletivo da Universidade Federal do Par\u00e1 (UFPA) para Resid\u00eancia multiprofissional na \u00e1rea da sa\u00fade. <strong>90 vagas <\/strong>s\u00e3o ofertadas para cargos de n\u00edvel superior.<\/p>\n\n\n\n<p>Os interessados em concorrer a uma vaga no processo seletivo puderam se inscrever entre <strong>05 de novembro a 06 de dezembro de 2020<\/strong>, atrav\u00e9s site da <a rel=\"noreferrer noopener\" href=\"http:\/\/www.ceps.ufpa.br\" target=\"_blank\">UFPA<\/a>. <\/p>\n\n\n\n<p>Os Programas de Resid\u00eancia Multiprofissional e em \u00c1rea Profissional da<br \/>Sa\u00fade (PRMPS) caracterizam-se por ensino em servi\u00e7o, com carga hor\u00e1ria de <strong>60 horas <\/strong>semanais, desenvolvidas em regime de dedica\u00e7\u00e3o exclusiva, com dura\u00e7\u00e3o de 2 anos, totalizando 5.760 horas.<\/p>\n\n\n\n<h3 class=\"wp-block-heading\" id=\"datas\">Principais datas<\/h3>\n\n\n\n<p class=\"has-cyan-bluish-gray-background-color has-background\"><strong>Inscri\u00e7\u00e3o: <\/strong>05\/11 a 06\/12<br \/><strong>Taxa de inscri\u00e7\u00e3o: <\/strong>300,00<br \/><strong>Data da prova:<\/strong>&nbsp;10\/01\/2021<\/p>\n\n\n\n<h2 class=\"wp-block-heading\">Cargos, vagas e remunera\u00e7\u00e3o<\/h2>\n\n\n\n<p>O processo seletivo visa ofertar 90 vagas para a \u00e1rea da sa\u00fade. Os aprovados atuar\u00e3o nos munic\u00edpios de Bel\u00e9m, Bragan\u00e7a e Castanhal, no estado do Par\u00e1. Confira abaixo:<\/p>\n\n\n\n<p><strong>Oncologia HUJBB\/Bel\u00e9m<\/strong><\/p>\n\n\n\n<figure class=\"wp-block-table is-style-stripes\"><table><tbody><tr><td><strong>CARGOS<\/strong><\/td><td><strong>VAGAS<\/strong><\/td><\/tr><tr><td>Biomedicina<\/td><td>2<\/td><\/tr><tr><td>Enfermagem<\/td><td>3&nbsp;<\/td><\/tr><tr><td>Farm\u00e1cia<\/td><td>2&nbsp;<\/td><\/tr><tr><td>Fisioterapia<\/td><td>4<\/td><\/tr><tr><td>Nutri\u00e7\u00e3o<\/td><td>2<\/td><\/tr><tr><td>Psicologia<\/td><td>2<\/td><\/tr><tr><td>Servi\u00e7o Social<\/td><td>2&nbsp;<\/td><\/tr><\/tbody><\/table><\/figure>\n\n\n\n<p><strong>\u00c1rea de Concentra\u00e7\u00e3o: Sa\u00fade do Idoso \u2013 HUJBB\/Bel\u00e9m<\/strong><\/p>\n\n\n\n<figure class=\"wp-block-table is-style-stripes\"><table><tbody><tr><td><strong>CARGOS<\/strong><\/td><td><strong>VAGAS<\/strong><\/td><\/tr><tr><td>Enfermagem<\/td><td>2&nbsp;<\/td><\/tr><tr><td>Farm\u00e1cia<\/td><td>2<\/td><\/tr><tr><td>Fisioterapia<\/td><td>3<\/td><\/tr><tr><td>Nutri\u00e7\u00e3o<\/td><td>&nbsp;2<\/td><\/tr><tr><td>Psicologia<\/td><td>2<\/td><\/tr><tr><td>Servi\u00e7o Social<\/td><td>3<\/td><\/tr><tr><td>Terapia Ocupacional<\/td><td>2&nbsp;<\/td><\/tr><\/tbody><\/table><\/figure>\n\n\n\n<p><strong>Aten\u00e7\u00e3o ao Paciente Cr\u00edtico HUJBB\/Bel\u00e9m<\/strong><\/p>\n\n\n\n<figure class=\"wp-block-table is-style-stripes\"><table><tbody><tr><td><strong>CARGOS<\/strong><\/td><td><strong>VAGAS<\/strong><\/td><\/tr><tr><td>Enfermagem<\/td><td>2<\/td><\/tr><tr><td>Farm\u00e1cia (incluindo Farm\u00e1cia Bioqu\u00edmica)<\/td><td>2<\/td><\/tr><tr><td>Fisioterapia<\/td><td>2&nbsp;<\/td><\/tr><tr><td>Nutri\u00e7\u00e3o<\/td><td>2<\/td><\/tr><tr><td>Odontologia<\/td><td>2<\/td><\/tr><tr><td>Psicologia<\/td><td>2<\/td><\/tr><\/tbody><\/table><\/figure>\n\n\n\n<p><strong>Sa\u00fade da Mulher e da Crian\u00e7a HSAMZ\/Bragan\u00e7a<\/strong><\/p>\n\n\n\n<figure class=\"wp-block-table is-style-stripes\"><table><tbody><tr><td><strong>CARGOS<\/strong><\/td><td><strong>VAGAS<\/strong><\/td><\/tr><tr><td>Biomedicina<\/td><td>2<\/td><\/tr><tr><td>Enfermagem<\/td><td>4<\/td><\/tr><tr><td>Farm\u00e1cia<\/td><td>&nbsp;2<\/td><\/tr><tr><td>Fisioterapia<\/td><td>&nbsp;2<\/td><\/tr><tr><td>Psicologia<\/td><td>2<\/td><\/tr><tr><td>Servi\u00e7o Social<\/td><td>2<\/td><\/tr><\/tbody><\/table><\/figure>\n\n\n\n<p><strong>Enfermagem Obst\u00e9trica \u2013 Hospitais \/SESPA\/UBS\/ SESMA\/Bel\u00e9m<\/strong><\/p>\n\n\n\n<figure class=\"wp-block-table is-style-stripes\"><table><tbody><tr><td><strong>CARGOS<\/strong><\/td><td><strong>VAGAS<\/strong><\/td><\/tr><tr><td>Medicina Veterin\u00e1ria<\/td><td><\/td><\/tr><\/tbody><\/table><\/figure>\n\n\n\n<p><strong><\/strong><strong>Cl\u00ednica M\u00e9dica e Cir\u00fargica de Pequenos Animais\/ Hospital Universit\u00e1rio no Munic\u00edpio de Castanhal<\/strong><\/p>\n\n\n\n<figure class=\"wp-block-table is-style-stripes\"><table><tbody><tr><td><strong>CARGOS<\/strong><\/td><td><strong>VAGAS<\/strong><\/td><\/tr><tr><td>Medicina Veterin\u00e1ria<\/td><td>3<\/td><\/tr><\/tbody><\/table><\/figure>\n\n\n\n<p><strong><\/strong><strong><\/strong><strong>Cl\u00ednica M\u00e9dica e Cir\u00fargica de Animais Silvestres\/ Hospital Universit\u00e1rio no Munic\u00edpio de Castanhal<\/strong><\/p>\n\n\n\n<figure class=\"wp-block-table is-style-stripes\"><table><tbody><tr><td><strong>CARGOS<\/strong><\/td><td><strong>VAGAS<\/strong><\/td><\/tr><tr><td>Medicina Veterin\u00e1ria<\/td><td>3<\/td><\/tr><\/tbody><\/table><\/figure>\n\n\n\n<p><strong><\/strong><strong><\/strong><strong><\/strong><strong>Cl\u00ednica M\u00e9dica e Reprodu\u00e7\u00e3o de Ruminantes e Equ\u00eddeos\/ Hospital Universit\u00e1rio no Munic\u00edpio de Castanhal<\/strong><\/p>\n\n\n\n<figure class=\"wp-block-table is-style-stripes\"><table><tbody><tr><td><strong>CARGOS<\/strong><\/td><td><strong>VAGAS<\/strong><\/td><\/tr><tr><td>Medicina Veterin\u00e1ria<\/td><td>3<\/td><\/tr><\/tbody><\/table><\/figure>\n\n\n\n<p><strong>Aten\u00e7\u00e3o a Clinica Integrada CS\/HUJBB\/UBS\/Bel\u00e9m<\/strong><\/p>\n\n\n\n<figure class=\"wp-block-table is-style-stripes\"><table><tbody><tr><td>CARGOS<\/td><td>VAGAS<\/td><\/tr><tr><td>Biomedicina<\/td><td>2<\/td><\/tr><tr><td>Enfermagem<\/td><td>2<\/td><\/tr><tr><td>Odontologia<\/td><td>4<\/td><\/tr><tr><td>Servi\u00e7o Social<\/td><td>2<\/td><\/tr><\/tbody><\/table><\/figure>\n\n\n\n<p>Os aprovados receber\u00e3o bolsa de estudos no valor de&nbsp;<strong>R$ 3.330,43<\/strong>, regulamentada pelo MEC. Este valor ser\u00e1 disponibilizado por 24 meses, a contar da data de entrada do residente.<\/p>\n\n\n\n<h2 class=\"wp-block-heading\">Etapas do PSS Resid\u00eancia UFPA<\/h2>\n\n\n\n<p>O processo de sele\u00e7\u00e3o ter\u00e1 as seguintes etapas:<\/p>\n\n\n\n<ul class=\"wp-block-list\">\n<li><strong>Prova Objetiva <\/strong>\u2013 exame de conhecimentos, de car\u00e1ter eliminat\u00f3rio e classificat\u00f3rio;<\/li>\n\n\n\n<li><strong>Avalia\u00e7\u00e3o do Curr\u00edculo <\/strong>\u2013 mediante an\u00e1lise de documentos, de car\u00e1ter eliminat\u00f3rio e classificat\u00f3rio.<\/li>\n<\/ul>\n\n\n\n<p class=\"has-medium-font-size\"><strong>Prova Objetiva<\/strong> <\/p>\n\n\n\n<p>A Prova Objetiva ser\u00e1 realizada no dia <strong>10 de janeiro de 2021<\/strong>, com in\u00edcio<br \/>\u00e0s 14 horas e t\u00e9rmino \u00e0s 18 horas. A Prova Objetiva ser\u00e1 apresentada na forma de Boletim de Quest\u00f5es.<\/p>\n\n\n\n<p>A Prova Objetiva ser\u00e1 composta de 50 quest\u00f5es de m\u00faltipla escolha, onde cada quest\u00e3o vale 2 pontos, e ter\u00e1 a seguinte composi\u00e7\u00e3o:<\/p>\n\n\n\n<figure class=\"wp-block-image aligncenter size-large\"><img loading=\"lazy\" decoding=\"async\" width=\"574\" height=\"79\" src=\"https:\/\/dhg1h5j42swfq.cloudfront.net\/2020\/11\/04100255\/image-31.png\" alt=\"\" class=\"wp-image-601096\" srcset=\"https:\/\/dhg1h5j42swfq.cloudfront.net\/2020\/11\/04100255\/image-31.png 574w, https:\/\/dhg1h5j42swfq.cloudfront.net\/2020\/11\/04100255\/image-31-300x41.png 300w\" sizes=\"auto, (max-width: 574px) 100vw, 574px\" \/><\/figure>\n\n\n\n<p>Para cada quest\u00e3o da prova haver\u00e1 cinco op\u00e7\u00f5es de resposta, identificadas pelas alternativas (A), (B), (C), (D) e (E). Apenas uma op\u00e7\u00e3o responder\u00e1 corretamente \u00e0 quest\u00e3o.<\/p>\n\n\n\n<p class=\"has-medium-font-size\"><strong>Avalia\u00e7\u00e3o de curr\u00edculo<\/strong><\/p>\n\n\n\n<p>Os candidatos devem ter pontua\u00e7\u00e3o m\u00ednima correspondente a 50% do total de pontos da Prova Objetiva, at\u00e9 o limite de 3  vezes o n\u00famero de vagas ofertadas por Programa (Especialidade), obedecidos a ordem decrescente de pontua\u00e7\u00e3o e os empates na \u00faltima posi\u00e7\u00e3o.<\/p>\n\n\n\n<p>Os classificados ser\u00e3o convocados para a fase de Avalia\u00e7\u00e3o de<br \/>Curr\u00edculos por meio de Edital de Convoca\u00e7\u00e3o que ser\u00e1 divulgado no endere\u00e7o eletr\u00f4nico da <a rel=\"noreferrer noopener\" href=\"http:\/\/www.ceps.ufpa.br\" target=\"_blank\">UFPA<\/a> na data prov\u00e1vel de 26 de janeiro de 2021.<\/p>\n\n\n\n<hr class=\"wp-block-separator has-css-opacity\"\/>\n\n\n\n<h2 class=\"wp-block-heading has-text-align-center\" id=\"cursos-assinatura\">Quer estudar para o PSS Resid\u00eancia UFPA?<\/h2>\n\n\n\n<div class=\"container\" id=\"boxes\">\n  <div class=\"row\">\n\n    <div class=\"col-sm\">\n      <div class=\"banner-estrategia\" id=\"box-assinatura\">\n        <h3 class=\"titulo-assinatura\">Concurso Resid\u00eancia UFPA <\/h3>\n        <p class=\"subtitulo-assinatura\">Conhe\u00e7a nossos cursos<\/p>\n        <div class=\"box-botao\">\n          <a class=\"btn-assinatura\" target=\"_blank\" href=\"https:\/\/www.estrategiaconcursos.com.br\/cursosPorConcurso\" role=\"button\" rel=\"noopener noreferrer\">Conhe\u00e7a mais<\/a>\n        <\/div>\n      <\/div>\n      <p class=\"texto-auxiliar\">Prepare-se com o melhor material e com quem mais aprova em Concursos P\u00fablicos em todo o pa\u00eds!<\/p>\n    <\/div>\n\n  <\/div>\n<\/div>\n\n\n\n<div class=\"container\" id=\"boxes\">\n  <div class=\"row\">\n\n    <div class=\"col-sm\">\n      <div class=\"estrategia\" id=\"box-assinatura\">\n        <h3 class=\"titulo-assinatura\">Assinatura Ilimitada<\/h3>\n        <p class=\"subtitulo-assinatura\">Assinatura Anual Ilimitada*<\/p>\n        <div class=\"box-botao\">\n          <a class=\"btn-assinatura\" target=\"_blank\" href=\"https:\/\/www.estrategiaconcursos.com.br\/assinaturas\/\" role=\"button\" rel=\"noopener noreferrer\">ASSINE AGORA<\/a>\n        <\/div>\n      <\/div>\n      <p class=\"texto-auxiliar\">Prepare-se com o melhor material e com quem mais aprova em Concursos P\u00fablicos em todo o pa\u00eds. Assine agora a nossa Assinatura Anual e tenha acesso ilimitado* a todos os nossos cursos.<\/p>\n    <\/div>\n\n    <div class=\"col-sm\">\n      <div class=\"questoes\" id=\"box-assinatura\">\n        <h3 class=\"titulo-assinatura\">Sistema de Quest\u00f5es<\/h3>\n        <p class=\"subtitulo-assinatura\">Assinatura Ilimitada*\n<\/p>\n        <div class=\"box-botao\">\n          <a class=\"btn-assinatura\" target=\"_blank\" href=\"https:\/\/www.estrategiaconcursos.com.br\/cursosPorConcurso\/sistema-de-questoes\/#\/\" role=\"button\" rel=\"noopener noreferrer\">ASSINE AGORA<\/a>\n        <\/div>\n      <\/div>\n      <p class=\"texto-auxiliar\">Estrat\u00e9gia Quest\u00f5es nasceu maior do que todos os concorrentes, com mais quest\u00f5es cadastradas e mais solu\u00e7\u00f5es por professores. Clique no link e aproveite os descontos e b\u00f4nus imperd\u00edveis!<\/p>\n    <\/div>\n  <\/div>\n<\/div>\n\n\n\n<figure class=\"wp-block-image\"><img loading=\"lazy\" decoding=\"async\" width=\"300\" height=\"102\" src=\"https:\/\/dhg1h5j42swfq.cloudfront.net\/2017\/03\/28152500\/coruja-ficha-tecnica-300x102.png\" alt=\"Informa\u00e7\u00f5es sobre o concurso Prefeitura de Sinop-MT\" class=\"wp-image-68542\"\/><\/figure>\n\n\n\n<h3 class=\"wp-block-heading\" id=\"ficha\"><strong>Informa\u00e7\u00f5es do <\/strong>PSS Resid\u00eancia UFPA<\/h3>\n\n\n\n<ul class=\"wp-block-list\">\n<li><strong>Data da prova<\/strong>: 10\/01\/2021<\/li>\n\n\n\n<li><strong>Vagas<\/strong>: 90<\/li>\n\n\n\n<li><strong>Cargos<\/strong>: Diversos<\/li>\n\n\n\n<li><strong>Banca<\/strong>: UFPA<\/li>\n\n\n\n<li><strong>Escolaridade<\/strong>: N\u00edvel Superior<\/li>\n\n\n\n<li><strong>Edital<\/strong>: <a rel=\"noreferrer noopener\" href=\"https:\/\/dhg1h5j42swfq.cloudfront.net\/2020\/11\/04101451\/EDITAL_RESIDENCIA_UFPA_2020.pdf\" target=\"_blank\">Resid\u00eancia UFPA<\/a><\/li>\n<\/ul>\n","protected":false},"excerpt":{"rendered":"<p>Est\u00e3o encerradas as inscri\u00e7\u00f5es para o edital do processo seletivo da Universidade Federal do Par\u00e1 (UFPA) para Resid\u00eancia multiprofissional na \u00e1rea da sa\u00fade. 90 vagas s\u00e3o ofertadas para cargos de n\u00edvel superior. Os interessados em concorrer a uma vaga no processo seletivo puderam se inscrever entre 05 de novembro a 06 de dezembro de 2020, [&hellip;]<\/p>\n","protected":false},"author":571,"featured_media":601108,"comment_status":"open","ping_status":"closed","sticky":false,"template":"","format":"standard","meta":{"post_tipo":"article","footnotes":""},"categories":[1981],"tags":[],"tax_estado":[219977],"class_list":["post-601034","post","type-post","status-publish","format-standard","has-post-thumbnail","hentry","category-saude","tax_estado-pa"],"acf":[],"yoast_head":"<!-- This site is optimized with the Yoast SEO Premium plugin v27.2 (Yoast SEO v27.2) - https:\/\/yoast.com\/product\/yoast-seo-premium-wordpress\/ -->\n<title>Edital Resid\u00eancia UFPA: PSS oferta 90 vagas; inscri\u00e7\u00f5es encerradas!<\/title>\n<meta name=\"description\" content=\"O edital do processo seletivo da UFPA para Resid\u00eancia multiprofissional na \u00e1rea da sa\u00fade, o certame oferta 90 vagas para n\u00edvel superior.\" \/>\n<meta name=\"robots\" content=\"index, follow, max-snippet:-1, max-image-preview:large, max-video-preview:-1\" \/>\n<link rel=\"canonical\" href=\"https:\/\/www.estrategiaconcursos.com.br\/blog\/edital-residencia-ufpa-2020\/\" \/>\n<meta property=\"og:locale\" content=\"pt_BR\" \/>\n<meta property=\"og:type\" content=\"article\" \/>\n<meta property=\"og:title\" content=\"Edital Resid\u00eancia UFPA: PSS oferta 90 vagas; inscri\u00e7\u00f5es encerradas!\" \/>\n<meta property=\"og:description\" content=\"O edital do processo seletivo da UFPA para Resid\u00eancia multiprofissional na \u00e1rea da sa\u00fade, o certame oferta 90 vagas para n\u00edvel superior.\" \/>\n<meta property=\"og:url\" content=\"https:\/\/www.estrategiaconcursos.com.br\/blog\/edital-residencia-ufpa-2020\/\" \/>\n<meta property=\"og:site_name\" content=\"Estrat\u00e9gia Concursos\" \/>\n<meta property=\"article:published_time\" content=\"2020-12-07T03:27:00+00:00\" \/>\n<meta property=\"article:modified_time\" content=\"2023-06-26T19:28:29+00:00\" \/>\n<meta property=\"og:image\" content=\"https:\/\/dhg1h5j42swfq.cloudfront.net\/2020\/11\/04101845\/Residencia-medica-UFPA-Sanar.jpg\" \/>\n\t<meta property=\"og:image:width\" content=\"960\" \/>\n\t<meta property=\"og:image:height\" content=\"540\" \/>\n\t<meta property=\"og:image:type\" content=\"image\/jpeg\" \/>\n<meta name=\"author\" content=\"Marina Becalli\" \/>\n<meta name=\"twitter:card\" content=\"summary_large_image\" \/>\n<meta name=\"twitter:creator\" content=\"@EstratConcursos\" \/>\n<meta name=\"twitter:site\" content=\"@EstratConcursos\" \/>\n<meta name=\"twitter:label1\" content=\"Escrito por\" \/>\n\t<meta name=\"twitter:data1\" content=\"Marina Becalli\" \/>\n\t<meta name=\"twitter:label2\" content=\"Est. tempo de leitura\" \/>\n\t<meta name=\"twitter:data2\" content=\"4 minutos\" \/>\n<script type=\"application\/ld+json\" class=\"yoast-schema-graph\">{\"@context\":\"https:\/\/schema.org\",\"@graph\":[{\"@type\":\"NewsArticle\",\"@id\":\"https:\/\/www.estrategiaconcursos.com.br\/blog\/edital-residencia-ufpa-2020\/#article\",\"isPartOf\":{\"@id\":\"https:\/\/www.estrategiaconcursos.com.br\/blog\/edital-residencia-ufpa-2020\/\"},\"author\":{\"name\":\"Marina Becalli\",\"@id\":\"https:\/\/www.estrategiaconcursos.com.br\/blog\/#\/schema\/person\/1e2475595233595270d17e0208f89ba3\"},\"headline\":\"Edital Resid\u00eancia UFPA: PSS oferta 90 vagas; inscri\u00e7\u00f5es encerradas!\",\"datePublished\":\"2020-12-07T03:27:00+00:00\",\"dateModified\":\"2023-06-26T19:28:29+00:00\",\"mainEntityOfPage\":{\"@id\":\"https:\/\/www.estrategiaconcursos.com.br\/blog\/edital-residencia-ufpa-2020\/\"},\"wordCount\":756,\"commentCount\":0,\"publisher\":{\"@id\":\"https:\/\/www.estrategiaconcursos.com.br\/blog\/#organization\"},\"image\":{\"@id\":\"https:\/\/www.estrategiaconcursos.com.br\/blog\/edital-residencia-ufpa-2020\/#primaryimage\"},\"thumbnailUrl\":\"https:\/\/dhg1h5j42swfq.cloudfront.net\/2020\/11\/04101845\/Residencia-medica-UFPA-Sanar.jpg\",\"articleSection\":[\"Sa\u00fade\"],\"inLanguage\":\"pt-BR\",\"potentialAction\":[{\"@type\":\"CommentAction\",\"name\":\"Comment\",\"target\":[\"https:\/\/www.estrategiaconcursos.com.br\/blog\/edital-residencia-ufpa-2020\/#respond\"]}],\"copyrightYear\":\"2020\",\"copyrightHolder\":{\"@id\":\"https:\/\/www.estrategiaconcursos.com.br\/blog\/#organization\"}},{\"@type\":\"WebPage\",\"@id\":\"https:\/\/www.estrategiaconcursos.com.br\/blog\/edital-residencia-ufpa-2020\/\",\"url\":\"https:\/\/www.estrategiaconcursos.com.br\/blog\/edital-residencia-ufpa-2020\/\",\"name\":\"Edital Resid\u00eancia UFPA: PSS oferta 90 vagas; inscri\u00e7\u00f5es encerradas!\",\"isPartOf\":{\"@id\":\"https:\/\/www.estrategiaconcursos.com.br\/blog\/#website\"},\"primaryImageOfPage\":{\"@id\":\"https:\/\/www.estrategiaconcursos.com.br\/blog\/edital-residencia-ufpa-2020\/#primaryimage\"},\"image\":{\"@id\":\"https:\/\/www.estrategiaconcursos.com.br\/blog\/edital-residencia-ufpa-2020\/#primaryimage\"},\"thumbnailUrl\":\"https:\/\/dhg1h5j42swfq.cloudfront.net\/2020\/11\/04101845\/Residencia-medica-UFPA-Sanar.jpg\",\"datePublished\":\"2020-12-07T03:27:00+00:00\",\"dateModified\":\"2023-06-26T19:28:29+00:00\",\"description\":\"O edital do processo seletivo da UFPA para Resid\u00eancia multiprofissional na \u00e1rea da sa\u00fade, o certame oferta 90 vagas para n\u00edvel superior.\",\"breadcrumb\":{\"@id\":\"https:\/\/www.estrategiaconcursos.com.br\/blog\/edital-residencia-ufpa-2020\/#breadcrumb\"},\"inLanguage\":\"pt-BR\",\"potentialAction\":[{\"@type\":\"ReadAction\",\"target\":[\"https:\/\/www.estrategiaconcursos.com.br\/blog\/edital-residencia-ufpa-2020\/\"]}]},{\"@type\":\"ImageObject\",\"inLanguage\":\"pt-BR\",\"@id\":\"https:\/\/www.estrategiaconcursos.com.br\/blog\/edital-residencia-ufpa-2020\/#primaryimage\",\"url\":\"https:\/\/dhg1h5j42swfq.cloudfront.net\/2020\/11\/04101845\/Residencia-medica-UFPA-Sanar.jpg\",\"contentUrl\":\"https:\/\/dhg1h5j42swfq.cloudfront.net\/2020\/11\/04101845\/Residencia-medica-UFPA-Sanar.jpg\",\"width\":960,\"height\":540},{\"@type\":\"BreadcrumbList\",\"@id\":\"https:\/\/www.estrategiaconcursos.com.br\/blog\/edital-residencia-ufpa-2020\/#breadcrumb\",\"itemListElement\":[{\"@type\":\"ListItem\",\"position\":1,\"name\":\"In\u00edcio\",\"item\":\"https:\/\/www.estrategiaconcursos.com.br\/blog\/\"},{\"@type\":\"ListItem\",\"position\":2,\"name\":\"Edital Resid\u00eancia UFPA: PSS oferta 90 vagas; inscri\u00e7\u00f5es encerradas!\"}]},{\"@type\":\"WebSite\",\"@id\":\"https:\/\/www.estrategiaconcursos.com.br\/blog\/#website\",\"url\":\"https:\/\/www.estrategiaconcursos.com.br\/blog\/\",\"name\":\"Estrat\u00e9gia Concursos\",\"description\":\"O blog da Estrat\u00e9gia Concursos traz not\u00edcias sobre concursos e artigos de professores oferecendo cursos para concursos (pdf + videaulas) no site.\",\"publisher\":{\"@id\":\"https:\/\/www.estrategiaconcursos.com.br\/blog\/#organization\"},\"potentialAction\":[{\"@type\":\"SearchAction\",\"target\":{\"@type\":\"EntryPoint\",\"urlTemplate\":\"https:\/\/www.estrategiaconcursos.com.br\/blog\/?s={search_term_string}\"},\"query-input\":{\"@type\":\"PropertyValueSpecification\",\"valueRequired\":true,\"valueName\":\"search_term_string\"}}],\"inLanguage\":\"pt-BR\"},{\"@type\":\"Organization\",\"@id\":\"https:\/\/www.estrategiaconcursos.com.br\/blog\/#organization\",\"name\":\"Estrat\u00e9gia Concursos\",\"url\":\"https:\/\/www.estrategiaconcursos.com.br\/blog\/\",\"logo\":{\"@type\":\"ImageObject\",\"inLanguage\":\"pt-BR\",\"@id\":\"https:\/\/www.estrategiaconcursos.com.br\/blog\/#\/schema\/logo\/image\/\",\"url\":\"https:\/\/dhg1h5j42swfq.cloudfront.net\/2025\/06\/03203428\/logo_concursos-1.jpg\",\"contentUrl\":\"https:\/\/dhg1h5j42swfq.cloudfront.net\/2025\/06\/03203428\/logo_concursos-1.jpg\",\"width\":230,\"height\":60,\"caption\":\"Estrat\u00e9gia Concursos\"},\"image\":{\"@id\":\"https:\/\/www.estrategiaconcursos.com.br\/blog\/#\/schema\/logo\/image\/\"},\"sameAs\":[\"https:\/\/x.com\/EstratConcursos\"]},{\"@type\":\"Person\",\"@id\":\"https:\/\/www.estrategiaconcursos.com.br\/blog\/#\/schema\/person\/1e2475595233595270d17e0208f89ba3\",\"name\":\"Marina Becalli\",\"image\":{\"@type\":\"ImageObject\",\"inLanguage\":\"pt-BR\",\"@id\":\"https:\/\/secure.gravatar.com\/avatar\/67fe85e0ba78cec86bca2a6aa240c72b754ad6f23a83ff554c5baca29367fde2?s=96&d=mm&r=g\",\"url\":\"https:\/\/secure.gravatar.com\/avatar\/67fe85e0ba78cec86bca2a6aa240c72b754ad6f23a83ff554c5baca29367fde2?s=96&d=mm&r=g\",\"contentUrl\":\"https:\/\/secure.gravatar.com\/avatar\/67fe85e0ba78cec86bca2a6aa240c72b754ad6f23a83ff554c5baca29367fde2?s=96&d=mm&r=g\",\"caption\":\"Marina Becalli\"},\"url\":\"https:\/\/www.estrategiaconcursos.com.br\/blog\/author\/marinapbeccalligmail-com\/\"}]}<\/script>\n<!-- \/ Yoast SEO Premium plugin. -->","yoast_head_json":{"title":"Edital Resid\u00eancia UFPA: PSS oferta 90 vagas; inscri\u00e7\u00f5es encerradas!","description":"O edital do processo seletivo da UFPA para Resid\u00eancia multiprofissional na \u00e1rea da sa\u00fade, o certame oferta 90 vagas para n\u00edvel superior.","robots":{"index":"index","follow":"follow","max-snippet":"max-snippet:-1","max-image-preview":"max-image-preview:large","max-video-preview":"max-video-preview:-1"},"canonical":"https:\/\/www.estrategiaconcursos.com.br\/blog\/edital-residencia-ufpa-2020\/","og_locale":"pt_BR","og_type":"article","og_title":"Edital Resid\u00eancia UFPA: PSS oferta 90 vagas; inscri\u00e7\u00f5es encerradas!","og_description":"O edital do processo seletivo da UFPA para Resid\u00eancia multiprofissional na \u00e1rea da sa\u00fade, o certame oferta 90 vagas para n\u00edvel superior.","og_url":"https:\/\/www.estrategiaconcursos.com.br\/blog\/edital-residencia-ufpa-2020\/","og_site_name":"Estrat\u00e9gia Concursos","article_published_time":"2020-12-07T03:27:00+00:00","article_modified_time":"2023-06-26T19:28:29+00:00","og_image":[{"width":960,"height":540,"url":"https:\/\/dhg1h5j42swfq.cloudfront.net\/2020\/11\/04101845\/Residencia-medica-UFPA-Sanar.jpg","type":"image\/jpeg"}],"author":"Marina Becalli","twitter_card":"summary_large_image","twitter_creator":"@EstratConcursos","twitter_site":"@EstratConcursos","twitter_misc":{"Escrito por":"Marina Becalli","Est. tempo de leitura":"4 minutos"},"schema":{"@context":"https:\/\/schema.org","@graph":[{"@type":"NewsArticle","@id":"https:\/\/www.estrategiaconcursos.com.br\/blog\/edital-residencia-ufpa-2020\/#article","isPartOf":{"@id":"https:\/\/www.estrategiaconcursos.com.br\/blog\/edital-residencia-ufpa-2020\/"},"author":{"name":"Marina Becalli","@id":"https:\/\/www.estrategiaconcursos.com.br\/blog\/#\/schema\/person\/1e2475595233595270d17e0208f89ba3"},"headline":"Edital Resid\u00eancia UFPA: PSS oferta 90 vagas; inscri\u00e7\u00f5es encerradas!","datePublished":"2020-12-07T03:27:00+00:00","dateModified":"2023-06-26T19:28:29+00:00","mainEntityOfPage":{"@id":"https:\/\/www.estrategiaconcursos.com.br\/blog\/edital-residencia-ufpa-2020\/"},"wordCount":756,"commentCount":0,"publisher":{"@id":"https:\/\/www.estrategiaconcursos.com.br\/blog\/#organization"},"image":{"@id":"https:\/\/www.estrategiaconcursos.com.br\/blog\/edital-residencia-ufpa-2020\/#primaryimage"},"thumbnailUrl":"https:\/\/dhg1h5j42swfq.cloudfront.net\/2020\/11\/04101845\/Residencia-medica-UFPA-Sanar.jpg","articleSection":["Sa\u00fade"],"inLanguage":"pt-BR","potentialAction":[{"@type":"CommentAction","name":"Comment","target":["https:\/\/www.estrategiaconcursos.com.br\/blog\/edital-residencia-ufpa-2020\/#respond"]}],"copyrightYear":"2020","copyrightHolder":{"@id":"https:\/\/www.estrategiaconcursos.com.br\/blog\/#organization"}},{"@type":"WebPage","@id":"https:\/\/www.estrategiaconcursos.com.br\/blog\/edital-residencia-ufpa-2020\/","url":"https:\/\/www.estrategiaconcursos.com.br\/blog\/edital-residencia-ufpa-2020\/","name":"Edital Resid\u00eancia UFPA: PSS oferta 90 vagas; inscri\u00e7\u00f5es encerradas!","isPartOf":{"@id":"https:\/\/www.estrategiaconcursos.com.br\/blog\/#website"},"primaryImageOfPage":{"@id":"https:\/\/www.estrategiaconcursos.com.br\/blog\/edital-residencia-ufpa-2020\/#primaryimage"},"image":{"@id":"https:\/\/www.estrategiaconcursos.com.br\/blog\/edital-residencia-ufpa-2020\/#primaryimage"},"thumbnailUrl":"https:\/\/dhg1h5j42swfq.cloudfront.net\/2020\/11\/04101845\/Residencia-medica-UFPA-Sanar.jpg","datePublished":"2020-12-07T03:27:00+00:00","dateModified":"2023-06-26T19:28:29+00:00","description":"O edital do processo seletivo da UFPA para Resid\u00eancia multiprofissional na \u00e1rea da sa\u00fade, o certame oferta 90 vagas para n\u00edvel superior.","breadcrumb":{"@id":"https:\/\/www.estrategiaconcursos.com.br\/blog\/edital-residencia-ufpa-2020\/#breadcrumb"},"inLanguage":"pt-BR","potentialAction":[{"@type":"ReadAction","target":["https:\/\/www.estrategiaconcursos.com.br\/blog\/edital-residencia-ufpa-2020\/"]}]},{"@type":"ImageObject","inLanguage":"pt-BR","@id":"https:\/\/www.estrategiaconcursos.com.br\/blog\/edital-residencia-ufpa-2020\/#primaryimage","url":"https:\/\/dhg1h5j42swfq.cloudfront.net\/2020\/11\/04101845\/Residencia-medica-UFPA-Sanar.jpg","contentUrl":"https:\/\/dhg1h5j42swfq.cloudfront.net\/2020\/11\/04101845\/Residencia-medica-UFPA-Sanar.jpg","width":960,"height":540},{"@type":"BreadcrumbList","@id":"https:\/\/www.estrategiaconcursos.com.br\/blog\/edital-residencia-ufpa-2020\/#breadcrumb","itemListElement":[{"@type":"ListItem","position":1,"name":"In\u00edcio","item":"https:\/\/www.estrategiaconcursos.com.br\/blog\/"},{"@type":"ListItem","position":2,"name":"Edital Resid\u00eancia UFPA: PSS oferta 90 vagas; inscri\u00e7\u00f5es encerradas!"}]},{"@type":"WebSite","@id":"https:\/\/www.estrategiaconcursos.com.br\/blog\/#website","url":"https:\/\/www.estrategiaconcursos.com.br\/blog\/","name":"Estrat\u00e9gia Concursos","description":"O blog da Estrat\u00e9gia Concursos traz not\u00edcias sobre concursos e artigos de professores oferecendo cursos para concursos (pdf + videaulas) no site.","publisher":{"@id":"https:\/\/www.estrategiaconcursos.com.br\/blog\/#organization"},"potentialAction":[{"@type":"SearchAction","target":{"@type":"EntryPoint","urlTemplate":"https:\/\/www.estrategiaconcursos.com.br\/blog\/?s={search_term_string}"},"query-input":{"@type":"PropertyValueSpecification","valueRequired":true,"valueName":"search_term_string"}}],"inLanguage":"pt-BR"},{"@type":"Organization","@id":"https:\/\/www.estrategiaconcursos.com.br\/blog\/#organization","name":"Estrat\u00e9gia Concursos","url":"https:\/\/www.estrategiaconcursos.com.br\/blog\/","logo":{"@type":"ImageObject","inLanguage":"pt-BR","@id":"https:\/\/www.estrategiaconcursos.com.br\/blog\/#\/schema\/logo\/image\/","url":"https:\/\/dhg1h5j42swfq.cloudfront.net\/2025\/06\/03203428\/logo_concursos-1.jpg","contentUrl":"https:\/\/dhg1h5j42swfq.cloudfront.net\/2025\/06\/03203428\/logo_concursos-1.jpg","width":230,"height":60,"caption":"Estrat\u00e9gia Concursos"},"image":{"@id":"https:\/\/www.estrategiaconcursos.com.br\/blog\/#\/schema\/logo\/image\/"},"sameAs":["https:\/\/x.com\/EstratConcursos"]},{"@type":"Person","@id":"https:\/\/www.estrategiaconcursos.com.br\/blog\/#\/schema\/person\/1e2475595233595270d17e0208f89ba3","name":"Marina Becalli","image":{"@type":"ImageObject","inLanguage":"pt-BR","@id":"https:\/\/secure.gravatar.com\/avatar\/67fe85e0ba78cec86bca2a6aa240c72b754ad6f23a83ff554c5baca29367fde2?s=96&d=mm&r=g","url":"https:\/\/secure.gravatar.com\/avatar\/67fe85e0ba78cec86bca2a6aa240c72b754ad6f23a83ff554c5baca29367fde2?s=96&d=mm&r=g","contentUrl":"https:\/\/secure.gravatar.com\/avatar\/67fe85e0ba78cec86bca2a6aa240c72b754ad6f23a83ff554c5baca29367fde2?s=96&d=mm&r=g","caption":"Marina Becalli"},"url":"https:\/\/www.estrategiaconcursos.com.br\/blog\/author\/marinapbeccalligmail-com\/"}]}},"_links":{"self":[{"href":"https:\/\/www.estrategiaconcursos.com.br\/blog\/wp-json\/wp\/v2\/posts\/601034","targetHints":{"allow":["GET"]}}],"collection":[{"href":"https:\/\/www.estrategiaconcursos.com.br\/blog\/wp-json\/wp\/v2\/posts"}],"about":[{"href":"https:\/\/www.estrategiaconcursos.com.br\/blog\/wp-json\/wp\/v2\/types\/post"}],"author":[{"embeddable":true,"href":"https:\/\/www.estrategiaconcursos.com.br\/blog\/wp-json\/wp\/v2\/users\/571"}],"replies":[{"embeddable":true,"href":"https:\/\/www.estrategiaconcursos.com.br\/blog\/wp-json\/wp\/v2\/comments?post=601034"}],"version-history":[{"count":16,"href":"https:\/\/www.estrategiaconcursos.com.br\/blog\/wp-json\/wp\/v2\/posts\/601034\/revisions"}],"predecessor-version":[{"id":1239083,"href":"https:\/\/www.estrategiaconcursos.com.br\/blog\/wp-json\/wp\/v2\/posts\/601034\/revisions\/1239083"}],"wp:featuredmedia":[{"embeddable":true,"href":"https:\/\/www.estrategiaconcursos.com.br\/blog\/wp-json\/wp\/v2\/media\/601108"}],"wp:attachment":[{"href":"https:\/\/www.estrategiaconcursos.com.br\/blog\/wp-json\/wp\/v2\/media?parent=601034"}],"wp:term":[{"taxonomy":"category","embeddable":true,"href":"https:\/\/www.estrategiaconcursos.com.br\/blog\/wp-json\/wp\/v2\/categories?post=601034"},{"taxonomy":"post_tag","embeddable":true,"href":"https:\/\/www.estrategiaconcursos.com.br\/blog\/wp-json\/wp\/v2\/tags?post=601034"},{"taxonomy":"tax_estado","embeddable":true,"href":"https:\/\/www.estrategiaconcursos.com.br\/blog\/wp-json\/wp\/v2\/tax_estado?post=601034"}],"curies":[{"name":"wp","href":"https:\/\/api.w.org\/{rel}","templated":true}]}}