{"id":601029,"date":"2020-11-04T09:14:03","date_gmt":"2020-11-04T12:14:03","guid":{"rendered":"https:\/\/www.estrategiaconcursos.com.br\/blog\/?p=601029"},"modified":"2023-06-30T13:56:51","modified_gmt":"2023-06-30T16:56:51","slug":"pgdf-procurador-comissao-retificada","status":"publish","type":"post","link":"https:\/\/www.estrategiaconcursos.com.br\/blog\/pgdf-procurador-comissao-retificada\/","title":{"rendered":"PGDF Procurador: comiss\u00e3o retificada; confira a nova forma\u00e7\u00e3o!"},"content":{"rendered":"\n<p>A Procuradora-Geral do Distrito Federal, substituta, Helo\u00edsa Monzillo Almeida, resolveu modificar a composi\u00e7\u00e3o da comiss\u00e3o organizadora que tem como uma das fun\u00e7\u00f5es escolher a banca organizadora do concurso PGDF Procurador.<\/p>\n\n\n\n<p>De acordo com o documento assinado por Helo\u00edsa, foi exclu\u00eddo da comiss\u00e3o o&nbsp;<strong><em>Subprocurador-Geral do Distrito Federal, CL\u00c1UDIO FERNANDO EIRA DE AQUINO<\/em><\/strong>.<\/p>\n\n\n\n<p><em>Confira abaixo a lista da equipe de planejamento para contrata\u00e7\u00e3o da banca organizadora:<\/em><\/p>\n\n\n\n<p><strong><em>IZABELA FROTA MELO, Subprocuradora-Geral do Distrito Federal, matr\u00edcula n\u00ba 96.936-2;<br \/>RENATA ANDR\u00c9A CARVALHO DE MELO ESPINDOLA, Subprocuradora-Geral do Distrito Federal, matr\u00edcula n\u00ba 96.947-8;<br \/>RENATA MARINHO O\u2019RIELLY LIMA, Procuradora do Distrito Federal, matr\u00edcula 114.781-1;<br \/>MARCELO RASO DE PAIVA, Subsecret\u00e1rio-Geral de Administra\u00e7\u00e3o, matr\u00edcula 217.711-0;<br \/>MEIRIELLEN BORGES ALVES, Analista Jur\u00eddico, matr\u00edcula 223.894-2;<br \/>NAYARA BRITO CORADO DE SOUZA, T\u00e9cnico Jur\u00eddico, matr\u00edcula 226.100-6;<br \/>VANDICLEIDE GENU\u00cdNO DE OLIVEIRA, Diretora de Log\u00edstica e Documenta\u00e7\u00e3o, matr\u00edcula 33.556-8.<\/em><\/strong><\/p>\n\n\n\n<p><strong>Responsabilidades do colegiado:<\/strong><\/p>\n\n\n\n<ul class=\"wp-block-list\">\n<li>coordenar e acompanhar as atividades pertinentes \u00e0 realiza\u00e7\u00e3o do Concurso P\u00fablico de provas e t\u00edtulos para preenchimento das vagas para os cargos de Procurador do Distrito Federal;<\/li>\n\n\n\n<li>realizar estudos e promover os atos visando \u00e0 contrata\u00e7\u00e3o de pessoa jur\u00eddica para a realiza\u00e7\u00e3o do Concurso P\u00fablico, em observ\u00e2ncia ao Projeto B\u00e1sico aprovado; supervisionar a execu\u00e7\u00e3o do contrato; fornecer as informa\u00e7\u00f5es necess\u00e1rias \u00e0 realiza\u00e7\u00e3o do Concurso P\u00fablico para a pessoa jur\u00eddica contratada, bem como para as autoridades competentes;<\/li>\n\n\n\n<li>analisar e propor a aprova\u00e7\u00e3o de editais, comunicados, cronogramas e instrumentos correlatos;<\/li>\n\n\n\n<li>garantir a participa\u00e7\u00e3o da Ordem dos Advogados do Brasil em todas as fases do Concurso;<\/li>\n\n\n\n<li>observar e cumprir a legisla\u00e7\u00e3o vigente.<\/li>\n<\/ul>\n\n\n\n<p>O edital ter\u00e1&nbsp;<strong>65 vagas<\/strong>&nbsp;imediatas para a classe inicial da carreira, com remunera\u00e7\u00e3o inicial de R$ 22.589,59, al\u00e9m de honor\u00e1rios. Para ingressar na carreira \u00e9 necess\u00e1rio ser&nbsp;<strong>bacharel em Direito<\/strong>&nbsp;e estar regularmente inscrito na OAB como advogado. N\u00e3o \u00e9 exigida comprova\u00e7\u00e3o de&nbsp;pr\u00e1tica forense.<\/p>\n\n\n\n<p class=\"has-text-align-center has-medium-font-size\"><strong>Saiba mais: <a rel=\"noreferrer noopener\" href=\"https:\/\/www.estrategiaconcursos.com.br\/blog\/concurso-pgdf-procurador\/\" target=\"_blank\">Concurso PGDF Procurador<\/a><\/strong><\/p>\n\n\n\n<p class=\"has-text-align-center has-medium-font-size\"><strong>\u00daltimo edital<\/strong>:&nbsp;<a rel=\"noreferrer noopener\" href=\"https:\/\/dhg1h5j42swfq.cloudfront.net\/2018\/07\/06115546\/ED_1_2013_PGDF_PROCURADOR___EDITAL_DE_ABERTURA.pdf\" target=\"_blank\">Edital PGDF Procurador \u2013 2013<\/a><\/p>\n\n\n\n<h2 class=\"wp-block-heading has-text-align-center\" id=\"h-cursos-para-pgdf\"><strong>Cursos para PGDF:<\/strong><\/h2>\n\n\n\n<div class=\"container\" id=\"boxes\">\n  <div class=\"row\">\n\n    <div class=\"col-sm\">\n      <div class=\"banner-ecj\" id=\"box-assinatura\">\n        <h3 class=\"titulo-assinatura\">Curso para Concurso PGDF PROCURADOR <\/h3>\n        <p class=\"subtitulo-assinatura\">Cursos focados no edital do concurso<\/p>\n        <div class=\"box-botao\">\n          <a class=\"btn-assinatura\" target=\"_blank\" href=\"https:\/\/www.estrategiaconcursos.com.br\/cursosPorConcurso\/procuradoria-geral-do-distrito-federal-pg-df-procurador\/\" role=\"button\" rel=\"noopener noreferrer\">Conhe\u00e7a mais<\/a>\n        <\/div>\n      <\/div>\n      <p class=\"texto-auxiliar\">Prepare-se com o melhor material e com quem mais aprova em concursos em todo o pa\u00eds. \n<\/p>\n    <\/div>\n\n  <\/div>\n<\/div>\n\n\n\n<div class=\"container\" id=\"boxes\">\n  <div class=\"row\">\n\n    <div class=\"col-sm\">\n      <div class=\"banner-ecj\" id=\"box-assinatura\">\n        <h3 class=\"titulo-assinatura\">Assinatura Jur\u00eddica <\/h3>\n        <p class=\"subtitulo-assinatura\">Conhe\u00e7a os planos<\/p>\n        <div class=\"box-botao\">\n          <a class=\"btn-assinatura\" target=\"_blank\" href=\"https:\/\/www.estrategiaconcursos.com.br\/assinaturas-ecj\/\" role=\"button\" rel=\"noopener noreferrer\">Conhe\u00e7a mais<\/a>\n        <\/div>\n      <\/div>\n      <p class=\"texto-auxiliar\">Prepare-se com o melhor material e com quem mais aprova em Concursos P\u00fablicos em todo o pa\u00eds. \n<\/p>\n    <\/div>\n\n  <\/div>\n<\/div>\n","protected":false},"excerpt":{"rendered":"<p>A Procuradora-Geral do Distrito Federal, substituta, Helo\u00edsa Monzillo Almeida, resolveu modificar a composi\u00e7\u00e3o da comiss\u00e3o organizadora que tem como uma das fun\u00e7\u00f5es escolher a banca organizadora do concurso PGDF Procurador. De acordo com o documento assinado por Helo\u00edsa, foi exclu\u00eddo da comiss\u00e3o o&nbsp;Subprocurador-Geral do Distrito Federal, CL\u00c1UDIO FERNANDO EIRA DE AQUINO. Confira abaixo a lista [&hellip;]<\/p>\n","protected":false},"author":221,"featured_media":132554,"comment_status":"open","ping_status":"closed","sticky":false,"template":"","format":"standard","meta":{"post_tipo":"article","footnotes":""},"categories":[1,2185],"tags":[],"tax_estado":[],"class_list":["post-601029","post","type-post","status-publish","format-standard","has-post-thumbnail","hentry","category-cursos-e-concursos","category-carreiras-juridicas"],"acf":[],"yoast_head":"<!-- This site is optimized with the Yoast SEO Premium plugin v27.2 (Yoast SEO v27.2) - https:\/\/yoast.com\/product\/yoast-seo-premium-wordpress\/ -->\n<title>PGDF Procurador: comiss\u00e3o retificada; confira a nova forma\u00e7\u00e3o!<\/title>\n<meta name=\"description\" content=\"A comiss\u00e3o que visa escolher a banca organizadora do concurso PGDF Procurador foi alterada. Confira neste artigo a nova forma\u00e7\u00e3o.\" \/>\n<meta name=\"robots\" content=\"index, follow, max-snippet:-1, max-image-preview:large, max-video-preview:-1\" \/>\n<link rel=\"canonical\" href=\"https:\/\/www.estrategiaconcursos.com.br\/blog\/pgdf-procurador-comissao-retificada\/\" \/>\n<meta property=\"og:locale\" content=\"pt_BR\" \/>\n<meta property=\"og:type\" content=\"article\" \/>\n<meta property=\"og:title\" content=\"PGDF Procurador: comiss\u00e3o retificada; confira a nova forma\u00e7\u00e3o!\" \/>\n<meta property=\"og:description\" content=\"A comiss\u00e3o que visa escolher a banca organizadora do concurso PGDF Procurador foi alterada. Confira neste artigo a nova forma\u00e7\u00e3o.\" \/>\n<meta property=\"og:url\" content=\"https:\/\/www.estrategiaconcursos.com.br\/blog\/pgdf-procurador-comissao-retificada\/\" \/>\n<meta property=\"og:site_name\" content=\"Estrat\u00e9gia Concursos\" \/>\n<meta property=\"article:published_time\" content=\"2020-11-04T12:14:03+00:00\" \/>\n<meta property=\"article:modified_time\" content=\"2023-06-30T16:56:51+00:00\" \/>\n<meta property=\"og:image\" content=\"https:\/\/dhg1h5j42swfq.cloudfront.net\/2018\/07\/24164543\/PGDF-e1532461558120.jpg\" \/>\n\t<meta property=\"og:image:width\" content=\"400\" \/>\n\t<meta property=\"og:image:height\" content=\"209\" \/>\n\t<meta property=\"og:image:type\" content=\"image\/jpeg\" \/>\n<meta name=\"author\" content=\"Tulio Lages\" \/>\n<meta name=\"twitter:card\" content=\"summary_large_image\" \/>\n<meta name=\"twitter:creator\" content=\"@EstratConcursos\" \/>\n<meta name=\"twitter:site\" content=\"@EstratConcursos\" \/>\n<meta name=\"twitter:label1\" content=\"Escrito por\" \/>\n\t<meta name=\"twitter:data1\" content=\"Tulio Lages\" \/>\n\t<meta name=\"twitter:label2\" content=\"Est. tempo de leitura\" \/>\n\t<meta name=\"twitter:data2\" content=\"2 minutos\" \/>\n<script type=\"application\/ld+json\" class=\"yoast-schema-graph\">{\"@context\":\"https:\/\/schema.org\",\"@graph\":[{\"@type\":\"NewsArticle\",\"@id\":\"https:\/\/www.estrategiaconcursos.com.br\/blog\/pgdf-procurador-comissao-retificada\/#article\",\"isPartOf\":{\"@id\":\"https:\/\/www.estrategiaconcursos.com.br\/blog\/pgdf-procurador-comissao-retificada\/\"},\"author\":{\"name\":\"Tulio Lages\",\"@id\":\"https:\/\/www.estrategiaconcursos.com.br\/blog\/#\/schema\/person\/80581c41357e3666d4b56f2db6910639\"},\"headline\":\"PGDF Procurador: comiss\u00e3o retificada; confira a nova forma\u00e7\u00e3o!\",\"datePublished\":\"2020-11-04T12:14:03+00:00\",\"dateModified\":\"2023-06-30T16:56:51+00:00\",\"mainEntityOfPage\":{\"@id\":\"https:\/\/www.estrategiaconcursos.com.br\/blog\/pgdf-procurador-comissao-retificada\/\"},\"wordCount\":426,\"commentCount\":0,\"publisher\":{\"@id\":\"https:\/\/www.estrategiaconcursos.com.br\/blog\/#organization\"},\"image\":{\"@id\":\"https:\/\/www.estrategiaconcursos.com.br\/blog\/pgdf-procurador-comissao-retificada\/#primaryimage\"},\"thumbnailUrl\":\"https:\/\/dhg1h5j42swfq.cloudfront.net\/2018\/07\/24164543\/PGDF-e1532461558120.jpg\",\"articleSection\":[\"Concursos P\u00fablicos\",\"Jur\u00eddico\"],\"inLanguage\":\"pt-BR\",\"potentialAction\":[{\"@type\":\"CommentAction\",\"name\":\"Comment\",\"target\":[\"https:\/\/www.estrategiaconcursos.com.br\/blog\/pgdf-procurador-comissao-retificada\/#respond\"]}],\"copyrightYear\":\"2020\",\"copyrightHolder\":{\"@id\":\"https:\/\/www.estrategiaconcursos.com.br\/blog\/#organization\"}},{\"@type\":\"WebPage\",\"@id\":\"https:\/\/www.estrategiaconcursos.com.br\/blog\/pgdf-procurador-comissao-retificada\/\",\"url\":\"https:\/\/www.estrategiaconcursos.com.br\/blog\/pgdf-procurador-comissao-retificada\/\",\"name\":\"PGDF Procurador: comiss\u00e3o retificada; confira a nova forma\u00e7\u00e3o!\",\"isPartOf\":{\"@id\":\"https:\/\/www.estrategiaconcursos.com.br\/blog\/#website\"},\"primaryImageOfPage\":{\"@id\":\"https:\/\/www.estrategiaconcursos.com.br\/blog\/pgdf-procurador-comissao-retificada\/#primaryimage\"},\"image\":{\"@id\":\"https:\/\/www.estrategiaconcursos.com.br\/blog\/pgdf-procurador-comissao-retificada\/#primaryimage\"},\"thumbnailUrl\":\"https:\/\/dhg1h5j42swfq.cloudfront.net\/2018\/07\/24164543\/PGDF-e1532461558120.jpg\",\"datePublished\":\"2020-11-04T12:14:03+00:00\",\"dateModified\":\"2023-06-30T16:56:51+00:00\",\"description\":\"A comiss\u00e3o que visa escolher a banca organizadora do concurso PGDF Procurador foi alterada. Confira neste artigo a nova forma\u00e7\u00e3o.\",\"breadcrumb\":{\"@id\":\"https:\/\/www.estrategiaconcursos.com.br\/blog\/pgdf-procurador-comissao-retificada\/#breadcrumb\"},\"inLanguage\":\"pt-BR\",\"potentialAction\":[{\"@type\":\"ReadAction\",\"target\":[\"https:\/\/www.estrategiaconcursos.com.br\/blog\/pgdf-procurador-comissao-retificada\/\"]}]},{\"@type\":\"ImageObject\",\"inLanguage\":\"pt-BR\",\"@id\":\"https:\/\/www.estrategiaconcursos.com.br\/blog\/pgdf-procurador-comissao-retificada\/#primaryimage\",\"url\":\"https:\/\/dhg1h5j42swfq.cloudfront.net\/2018\/07\/24164543\/PGDF-e1532461558120.jpg\",\"contentUrl\":\"https:\/\/dhg1h5j42swfq.cloudfront.net\/2018\/07\/24164543\/PGDF-e1532461558120.jpg\",\"width\":400,\"height\":209,\"caption\":\"pgdf procurador\"},{\"@type\":\"BreadcrumbList\",\"@id\":\"https:\/\/www.estrategiaconcursos.com.br\/blog\/pgdf-procurador-comissao-retificada\/#breadcrumb\",\"itemListElement\":[{\"@type\":\"ListItem\",\"position\":1,\"name\":\"In\u00edcio\",\"item\":\"https:\/\/www.estrategiaconcursos.com.br\/blog\/\"},{\"@type\":\"ListItem\",\"position\":2,\"name\":\"PGDF Procurador: comiss\u00e3o retificada; confira a nova forma\u00e7\u00e3o!\"}]},{\"@type\":\"WebSite\",\"@id\":\"https:\/\/www.estrategiaconcursos.com.br\/blog\/#website\",\"url\":\"https:\/\/www.estrategiaconcursos.com.br\/blog\/\",\"name\":\"Estrat\u00e9gia Concursos\",\"description\":\"O blog da Estrat\u00e9gia Concursos traz not\u00edcias sobre concursos e artigos de professores oferecendo cursos para concursos (pdf + videaulas) no site.\",\"publisher\":{\"@id\":\"https:\/\/www.estrategiaconcursos.com.br\/blog\/#organization\"},\"potentialAction\":[{\"@type\":\"SearchAction\",\"target\":{\"@type\":\"EntryPoint\",\"urlTemplate\":\"https:\/\/www.estrategiaconcursos.com.br\/blog\/?s={search_term_string}\"},\"query-input\":{\"@type\":\"PropertyValueSpecification\",\"valueRequired\":true,\"valueName\":\"search_term_string\"}}],\"inLanguage\":\"pt-BR\"},{\"@type\":\"Organization\",\"@id\":\"https:\/\/www.estrategiaconcursos.com.br\/blog\/#organization\",\"name\":\"Estrat\u00e9gia Concursos\",\"url\":\"https:\/\/www.estrategiaconcursos.com.br\/blog\/\",\"logo\":{\"@type\":\"ImageObject\",\"inLanguage\":\"pt-BR\",\"@id\":\"https:\/\/www.estrategiaconcursos.com.br\/blog\/#\/schema\/logo\/image\/\",\"url\":\"https:\/\/dhg1h5j42swfq.cloudfront.net\/2025\/06\/03203428\/logo_concursos-1.jpg\",\"contentUrl\":\"https:\/\/dhg1h5j42swfq.cloudfront.net\/2025\/06\/03203428\/logo_concursos-1.jpg\",\"width\":230,\"height\":60,\"caption\":\"Estrat\u00e9gia Concursos\"},\"image\":{\"@id\":\"https:\/\/www.estrategiaconcursos.com.br\/blog\/#\/schema\/logo\/image\/\"},\"sameAs\":[\"https:\/\/x.com\/EstratConcursos\"]},{\"@type\":\"Person\",\"@id\":\"https:\/\/www.estrategiaconcursos.com.br\/blog\/#\/schema\/person\/80581c41357e3666d4b56f2db6910639\",\"name\":\"Tulio Lages\",\"image\":{\"@type\":\"ImageObject\",\"inLanguage\":\"pt-BR\",\"@id\":\"https:\/\/secure.gravatar.com\/avatar\/d24e31d7062c4ca48f968843d2bcad20a2ba1a5cf087b6f34171db005b925941?s=96&d=mm&r=g\",\"url\":\"https:\/\/secure.gravatar.com\/avatar\/d24e31d7062c4ca48f968843d2bcad20a2ba1a5cf087b6f34171db005b925941?s=96&d=mm&r=g\",\"contentUrl\":\"https:\/\/secure.gravatar.com\/avatar\/d24e31d7062c4ca48f968843d2bcad20a2ba1a5cf087b6f34171db005b925941?s=96&d=mm&r=g\",\"caption\":\"Tulio Lages\"},\"url\":\"https:\/\/www.estrategiaconcursos.com.br\/blog\/author\/tuliolagesestrategiaconcursos-com-br\/\"}]}<\/script>\n<!-- \/ Yoast SEO Premium plugin. -->","yoast_head_json":{"title":"PGDF Procurador: comiss\u00e3o retificada; confira a nova forma\u00e7\u00e3o!","description":"A comiss\u00e3o que visa escolher a banca organizadora do concurso PGDF Procurador foi alterada. Confira neste artigo a nova forma\u00e7\u00e3o.","robots":{"index":"index","follow":"follow","max-snippet":"max-snippet:-1","max-image-preview":"max-image-preview:large","max-video-preview":"max-video-preview:-1"},"canonical":"https:\/\/www.estrategiaconcursos.com.br\/blog\/pgdf-procurador-comissao-retificada\/","og_locale":"pt_BR","og_type":"article","og_title":"PGDF Procurador: comiss\u00e3o retificada; confira a nova forma\u00e7\u00e3o!","og_description":"A comiss\u00e3o que visa escolher a banca organizadora do concurso PGDF Procurador foi alterada. Confira neste artigo a nova forma\u00e7\u00e3o.","og_url":"https:\/\/www.estrategiaconcursos.com.br\/blog\/pgdf-procurador-comissao-retificada\/","og_site_name":"Estrat\u00e9gia Concursos","article_published_time":"2020-11-04T12:14:03+00:00","article_modified_time":"2023-06-30T16:56:51+00:00","og_image":[{"width":400,"height":209,"url":"https:\/\/dhg1h5j42swfq.cloudfront.net\/2018\/07\/24164543\/PGDF-e1532461558120.jpg","type":"image\/jpeg"}],"author":"Tulio Lages","twitter_card":"summary_large_image","twitter_creator":"@EstratConcursos","twitter_site":"@EstratConcursos","twitter_misc":{"Escrito por":"Tulio Lages","Est. tempo de leitura":"2 minutos"},"schema":{"@context":"https:\/\/schema.org","@graph":[{"@type":"NewsArticle","@id":"https:\/\/www.estrategiaconcursos.com.br\/blog\/pgdf-procurador-comissao-retificada\/#article","isPartOf":{"@id":"https:\/\/www.estrategiaconcursos.com.br\/blog\/pgdf-procurador-comissao-retificada\/"},"author":{"name":"Tulio Lages","@id":"https:\/\/www.estrategiaconcursos.com.br\/blog\/#\/schema\/person\/80581c41357e3666d4b56f2db6910639"},"headline":"PGDF Procurador: comiss\u00e3o retificada; confira a nova forma\u00e7\u00e3o!","datePublished":"2020-11-04T12:14:03+00:00","dateModified":"2023-06-30T16:56:51+00:00","mainEntityOfPage":{"@id":"https:\/\/www.estrategiaconcursos.com.br\/blog\/pgdf-procurador-comissao-retificada\/"},"wordCount":426,"commentCount":0,"publisher":{"@id":"https:\/\/www.estrategiaconcursos.com.br\/blog\/#organization"},"image":{"@id":"https:\/\/www.estrategiaconcursos.com.br\/blog\/pgdf-procurador-comissao-retificada\/#primaryimage"},"thumbnailUrl":"https:\/\/dhg1h5j42swfq.cloudfront.net\/2018\/07\/24164543\/PGDF-e1532461558120.jpg","articleSection":["Concursos P\u00fablicos","Jur\u00eddico"],"inLanguage":"pt-BR","potentialAction":[{"@type":"CommentAction","name":"Comment","target":["https:\/\/www.estrategiaconcursos.com.br\/blog\/pgdf-procurador-comissao-retificada\/#respond"]}],"copyrightYear":"2020","copyrightHolder":{"@id":"https:\/\/www.estrategiaconcursos.com.br\/blog\/#organization"}},{"@type":"WebPage","@id":"https:\/\/www.estrategiaconcursos.com.br\/blog\/pgdf-procurador-comissao-retificada\/","url":"https:\/\/www.estrategiaconcursos.com.br\/blog\/pgdf-procurador-comissao-retificada\/","name":"PGDF Procurador: comiss\u00e3o retificada; confira a nova forma\u00e7\u00e3o!","isPartOf":{"@id":"https:\/\/www.estrategiaconcursos.com.br\/blog\/#website"},"primaryImageOfPage":{"@id":"https:\/\/www.estrategiaconcursos.com.br\/blog\/pgdf-procurador-comissao-retificada\/#primaryimage"},"image":{"@id":"https:\/\/www.estrategiaconcursos.com.br\/blog\/pgdf-procurador-comissao-retificada\/#primaryimage"},"thumbnailUrl":"https:\/\/dhg1h5j42swfq.cloudfront.net\/2018\/07\/24164543\/PGDF-e1532461558120.jpg","datePublished":"2020-11-04T12:14:03+00:00","dateModified":"2023-06-30T16:56:51+00:00","description":"A comiss\u00e3o que visa escolher a banca organizadora do concurso PGDF Procurador foi alterada. Confira neste artigo a nova forma\u00e7\u00e3o.","breadcrumb":{"@id":"https:\/\/www.estrategiaconcursos.com.br\/blog\/pgdf-procurador-comissao-retificada\/#breadcrumb"},"inLanguage":"pt-BR","potentialAction":[{"@type":"ReadAction","target":["https:\/\/www.estrategiaconcursos.com.br\/blog\/pgdf-procurador-comissao-retificada\/"]}]},{"@type":"ImageObject","inLanguage":"pt-BR","@id":"https:\/\/www.estrategiaconcursos.com.br\/blog\/pgdf-procurador-comissao-retificada\/#primaryimage","url":"https:\/\/dhg1h5j42swfq.cloudfront.net\/2018\/07\/24164543\/PGDF-e1532461558120.jpg","contentUrl":"https:\/\/dhg1h5j42swfq.cloudfront.net\/2018\/07\/24164543\/PGDF-e1532461558120.jpg","width":400,"height":209,"caption":"pgdf procurador"},{"@type":"BreadcrumbList","@id":"https:\/\/www.estrategiaconcursos.com.br\/blog\/pgdf-procurador-comissao-retificada\/#breadcrumb","itemListElement":[{"@type":"ListItem","position":1,"name":"In\u00edcio","item":"https:\/\/www.estrategiaconcursos.com.br\/blog\/"},{"@type":"ListItem","position":2,"name":"PGDF Procurador: comiss\u00e3o retificada; confira a nova forma\u00e7\u00e3o!"}]},{"@type":"WebSite","@id":"https:\/\/www.estrategiaconcursos.com.br\/blog\/#website","url":"https:\/\/www.estrategiaconcursos.com.br\/blog\/","name":"Estrat\u00e9gia Concursos","description":"O blog da Estrat\u00e9gia Concursos traz not\u00edcias sobre concursos e artigos de professores oferecendo cursos para concursos (pdf + videaulas) no site.","publisher":{"@id":"https:\/\/www.estrategiaconcursos.com.br\/blog\/#organization"},"potentialAction":[{"@type":"SearchAction","target":{"@type":"EntryPoint","urlTemplate":"https:\/\/www.estrategiaconcursos.com.br\/blog\/?s={search_term_string}"},"query-input":{"@type":"PropertyValueSpecification","valueRequired":true,"valueName":"search_term_string"}}],"inLanguage":"pt-BR"},{"@type":"Organization","@id":"https:\/\/www.estrategiaconcursos.com.br\/blog\/#organization","name":"Estrat\u00e9gia Concursos","url":"https:\/\/www.estrategiaconcursos.com.br\/blog\/","logo":{"@type":"ImageObject","inLanguage":"pt-BR","@id":"https:\/\/www.estrategiaconcursos.com.br\/blog\/#\/schema\/logo\/image\/","url":"https:\/\/dhg1h5j42swfq.cloudfront.net\/2025\/06\/03203428\/logo_concursos-1.jpg","contentUrl":"https:\/\/dhg1h5j42swfq.cloudfront.net\/2025\/06\/03203428\/logo_concursos-1.jpg","width":230,"height":60,"caption":"Estrat\u00e9gia Concursos"},"image":{"@id":"https:\/\/www.estrategiaconcursos.com.br\/blog\/#\/schema\/logo\/image\/"},"sameAs":["https:\/\/x.com\/EstratConcursos"]},{"@type":"Person","@id":"https:\/\/www.estrategiaconcursos.com.br\/blog\/#\/schema\/person\/80581c41357e3666d4b56f2db6910639","name":"Tulio Lages","image":{"@type":"ImageObject","inLanguage":"pt-BR","@id":"https:\/\/secure.gravatar.com\/avatar\/d24e31d7062c4ca48f968843d2bcad20a2ba1a5cf087b6f34171db005b925941?s=96&d=mm&r=g","url":"https:\/\/secure.gravatar.com\/avatar\/d24e31d7062c4ca48f968843d2bcad20a2ba1a5cf087b6f34171db005b925941?s=96&d=mm&r=g","contentUrl":"https:\/\/secure.gravatar.com\/avatar\/d24e31d7062c4ca48f968843d2bcad20a2ba1a5cf087b6f34171db005b925941?s=96&d=mm&r=g","caption":"Tulio Lages"},"url":"https:\/\/www.estrategiaconcursos.com.br\/blog\/author\/tuliolagesestrategiaconcursos-com-br\/"}]}},"_links":{"self":[{"href":"https:\/\/www.estrategiaconcursos.com.br\/blog\/wp-json\/wp\/v2\/posts\/601029","targetHints":{"allow":["GET"]}}],"collection":[{"href":"https:\/\/www.estrategiaconcursos.com.br\/blog\/wp-json\/wp\/v2\/posts"}],"about":[{"href":"https:\/\/www.estrategiaconcursos.com.br\/blog\/wp-json\/wp\/v2\/types\/post"}],"author":[{"embeddable":true,"href":"https:\/\/www.estrategiaconcursos.com.br\/blog\/wp-json\/wp\/v2\/users\/221"}],"replies":[{"embeddable":true,"href":"https:\/\/www.estrategiaconcursos.com.br\/blog\/wp-json\/wp\/v2\/comments?post=601029"}],"version-history":[{"count":7,"href":"https:\/\/www.estrategiaconcursos.com.br\/blog\/wp-json\/wp\/v2\/posts\/601029\/revisions"}],"predecessor-version":[{"id":1241655,"href":"https:\/\/www.estrategiaconcursos.com.br\/blog\/wp-json\/wp\/v2\/posts\/601029\/revisions\/1241655"}],"wp:featuredmedia":[{"embeddable":true,"href":"https:\/\/www.estrategiaconcursos.com.br\/blog\/wp-json\/wp\/v2\/media\/132554"}],"wp:attachment":[{"href":"https:\/\/www.estrategiaconcursos.com.br\/blog\/wp-json\/wp\/v2\/media?parent=601029"}],"wp:term":[{"taxonomy":"category","embeddable":true,"href":"https:\/\/www.estrategiaconcursos.com.br\/blog\/wp-json\/wp\/v2\/categories?post=601029"},{"taxonomy":"post_tag","embeddable":true,"href":"https:\/\/www.estrategiaconcursos.com.br\/blog\/wp-json\/wp\/v2\/tags?post=601029"},{"taxonomy":"tax_estado","embeddable":true,"href":"https:\/\/www.estrategiaconcursos.com.br\/blog\/wp-json\/wp\/v2\/tax_estado?post=601029"}],"curies":[{"name":"wp","href":"https:\/\/api.w.org\/{rel}","templated":true}]}}