{"id":599567,"date":"2020-11-10T10:24:00","date_gmt":"2020-11-10T13:24:00","guid":{"rendered":"https:\/\/www.estrategiaconcursos.com.br\/blog\/?p=599567"},"modified":"2022-10-21T18:11:59","modified_gmt":"2022-10-21T21:11:59","slug":"ctm-de-aracaju-pontos-que-merecem-atencao-parte-1","status":"publish","type":"post","link":"https:\/\/www.estrategiaconcursos.com.br\/blog\/ctm-de-aracaju-pontos-que-merecem-atencao-parte-1\/","title":{"rendered":"CTM de Aracaju \u2013 Pontos que merecem aten\u00e7\u00e3o &#8211;  parte 1"},"content":{"rendered":"\n<p>Ol\u00e1, pessoal. Tudo certo? No artigo de hoje abordaremos alguns pontos que merecem nossa aten\u00e7\u00e3o no CTM de Aracaju.<\/p>\n\n\n\n<p>A ideia do artigo \u00e9 apresentar algumas poss\u00edveis \u201cpegadinhas\u201d que o examinador poder\u00e1 tentar ludibriar o candidato.<\/p>\n\n\n\n<p>Vamos l\u00e1? <\/p>\n\n\n\n<h2 class=\"wp-block-heading\">Apura\u00e7\u00e3o do IPTU<\/h2>\n\n\n\n<p>Sabemos que o lan\u00e7amento do IPTU, em regra, ocorre no 1\u00ba dia de janeiro de cada exerc\u00edcio, por\u00e9m tamb\u00e9m h\u00e1 a possibilidade de um lan\u00e7amento complementar para os meses restantes do exerc\u00edcio no caso de ocorrer altera\u00e7\u00f5es substanciais no im\u00f3vel, sendo considerado como o momento temporal como 1\u00ba dia do m\u00eas subsequente ao que ocorrer a altera\u00e7\u00e3o.<\/p>\n\n\n\n<p>Dito isso, vejamos a literalidade do CTM.<\/p>\n\n\n\n<p><em>Art. 133 \u00a7 3\u00ba &#8211; <u>Para efeito de contagem do n\u00famero de meses restantes<\/u> do exerc\u00edcio, a que se refere o \u00a7 2\u00ba, <strong>ser\u00e1 <span class=\"has-inline-color has-vivid-red-color\">inclu\u00eddo <\/span>o <span class=\"has-inline-color has-vivid-cyan-blue-color\">m\u00eas da ocorr\u00eancia <\/span>do novo fato gerador<\/strong> a que se refere o inciso II do \u00a7 1\u00ba.<\/em><\/p>\n\n\n\n<p>Perceba que a literalidade nos diz que ser\u00e1 i<span style=\"text-decoration: underline\">nclu\u00eddo o m\u00eas de ocorr\u00eancia do fato gerador na contagem<\/span>, <strong>por\u00e9m o fato gerador \u00e9 considerado no m\u00eas subsequente \u00e0 altera\u00e7\u00e3o<\/strong>. Percebeu a confus\u00e3o?<\/p>\n\n\n\n<p>Logo, uma assertiva que dizer que <em>\u201cPara efeito de contagem do n\u00famero de meses restantes do exerc\u00edcio, em rela\u00e7\u00e3o as altera\u00e7\u00f5es substanciais no bem im\u00f3vel, ser\u00e1 contada a partir do m\u00eas seguinte \u00e0 altera\u00e7\u00e3o\u201d<\/em>, devemos consider\u00e1-la como <strong><span class=\"has-inline-color has-vivid-cyan-blue-color\">correta<\/span><\/strong>.<\/p>\n\n\n\n<h2 class=\"wp-block-heading\">Prazos no IPTU<\/h2>\n\n\n\n<p>Prazos costumam ser sempre um problema na mat\u00e9ria de legisla\u00e7\u00e3o tribut\u00e1ria, pois n\u00e3o h\u00e1 uniformidade nos entes federativos, cada legisla\u00e7\u00e3o aborda de uma forma diferente<\/p>\n\n\n\n<p>Minha sugest\u00e3o \u00e9, considere 30 dias como regra, afinal a maior parte dos prazos costumam ser 30 dias, assim tente memorizar o que fugir disso.<\/p>\n\n\n\n<p><strong><span class=\"has-inline-color has-vivid-cyan-blue-color\">Prazos de altera\u00e7\u00e3o cadastral:<\/span><\/strong><\/p>\n\n\n\n<ul class=\"wp-block-list\"><li>Altera\u00e7\u00f5es que possam afetar o lan\u00e7amento do IPTU (Art. 144) -&gt; 30 dias<\/li><li>Altera\u00e7\u00f5es demoli\u00e7\u00e3o, desabamento, inc\u00eandio ou ru\u00edna (Art. 144, \u00a7u) -&gt; 60 dias<\/li><li>Promover a inscri\u00e7\u00e3o no caso de desmembramento ou remembramento (Art. 140) -&gt; 60 dias<\/li><\/ul>\n\n\n\n<p><strong><span class=\"has-inline-color has-vivid-cyan-blue-color\">Outros prazos:<\/span><\/strong><\/p>\n\n\n\n<ul class=\"wp-block-list\"><li>Prazo para apresentar impugna\u00e7\u00e3o ao lan\u00e7amento (Art. 158, \u00a7u) -&gt; 60 dias<\/li><li>Aprecia\u00e7\u00e3o de requerimento de renova\u00e7\u00e3o (Art. 165 \u00a7u) -&gt; 90 dias<\/li><\/ul>\n\n\n\n<p><strong><span class=\"has-inline-color has-luminous-vivid-amber-color\">Obs.<\/span><\/strong> Pessoal, sem desespero em rela\u00e7\u00e3o aos prazos, tente memoriz\u00e1-los, mas entenda que existem v\u00e1rias outras coisas mais importantes em uma legisla\u00e7\u00e3o, como fatos geradores, sujei\u00e7\u00e3o passiva e etc.<\/p>\n\n\n\n<h2 class=\"wp-block-heading\">Efeitos das altera\u00e7\u00f5es<\/h2>\n\n\n\n<p>Outro ponto importante \u00e9 a diferen\u00e7a temporal com que os efeitos s\u00e3o considerados na CTM, enquanto as altera\u00e7\u00f5es cadastrais, quanto \u00e0 base de c\u00e1lculo do IPTU, s\u00f3 produzir\u00e3o efeitos no exerc\u00edcio seguinte, as altera\u00e7\u00f5es do lan\u00e7amento na ocorr\u00eancia do ato ou fato que as justifiquem, ser\u00e3o feitas no curso do exerc\u00edcio.<\/p>\n\n\n\n<p>Esquematizando, conforme a literalidade:<\/p>\n\n\n\n<ul class=\"wp-block-list\"><li><strong><span class=\"has-inline-color has-vivid-purple-color\">Altera\u00e7\u00e3o cadastral quanto \u00e0 BC<\/span><\/strong> (Art. 144, \u00a72\u00ba):&nbsp;<strong>exerc\u00edcio seguinte<\/strong><span class=\"has-inline-color has-vivid-red-color\">*<\/span><\/li><li><span class=\"has-inline-color has-vivid-purple-color\"><strong>Altera\u00e7\u00e3o Lan\u00e7amento<\/strong> <\/span>(Art. 155):&nbsp;<strong>no curso do exerc\u00edcio<\/strong><\/li><\/ul>\n\n\n\n<p><strong><span class=\"has-inline-color has-vivid-red-color\">*<\/span><\/strong>Aten\u00e7\u00e3o, pois conforme a explica\u00e7\u00e3o do professor Wagner Damazio, o \u00a72\u00ba foi revogado tacitamente pelo Art. 5\u00ba da LC 160\/2017.<\/p>\n\n\n\n<p>Vejamos um quadro explicativo do professor sobre o tema:<\/p>\n\n\n\n<figure class=\"wp-block-image aligncenter size-large\"><img loading=\"lazy\" decoding=\"async\" width=\"567\" height=\"353\" src=\"https:\/\/dhg1h5j42swfq.cloudfront.net\/2020\/10\/30135727\/image-390.png\" alt=\"CTM de Aracaju\" class=\"wp-image-599570\" srcset=\"https:\/\/dhg1h5j42swfq.cloudfront.net\/2020\/10\/30135727\/image-390.png 567w, https:\/\/dhg1h5j42swfq.cloudfront.net\/2020\/10\/30135727\/image-390-300x187.png 300w\" sizes=\"auto, (max-width: 567px) 100vw, 567px\" \/><figcaption>CTM Aracaju &#8211; Efeitos da altera\u00e7\u00e3o cadastral da BC do IPTU<\/figcaption><\/figure>\n\n\n\n<p><em>Essas e outras explica\u00e7\u00f5es podem ser encontradas em nosso curso de legisla\u00e7\u00e3o para Aracaju, n\u00e3o deixe de conferir.<\/em><\/p>\n\n\n\n<p class=\"has-text-align-center\"><a href=\"https:\/\/www.estrategiaconcursos.com.br\/pesquisa\/?q=legisla%C3%A7%C3%A3o+iss+aracaju\" data-type=\"URL\" data-id=\"https:\/\/www.estrategiaconcursos.com.br\/pesquisa\/?q=legisla%C3%A7%C3%A3o+iss+aracaju\">Legisla\u00e7\u00e3o Tribut\u00e1ria Municipal \u2013 ISS Aracaju<\/a><\/p>\n\n\n\n<p>Apesar do exposto, fique atento as quest\u00f5es literais, pois o \u00a72\u00ba do Art. 144 ainda \u00e9 v\u00e1lido.<\/p>\n\n\n\n<h2 class=\"wp-block-heading\">Im\u00f3vel de utiliza\u00e7\u00e3o mista<\/h2>\n\n\n\n<p>Sabemos dos comandos do artigo 137 do CTM de Aracaju que cada unidade imobili\u00e1ria aut\u00f4noma, corresponder\u00e1 a uma inscri\u00e7\u00e3o no Cadastro Imobili\u00e1rio, entretendo a Legisla\u00e7\u00e3o tamb\u00e9m prev\u00ea que para im\u00f3veis com utiliza\u00e7\u00e3o mista deve-se desdobrar sua inscri\u00e7\u00e3o.<\/p>\n\n\n\n<ul class=\"wp-block-list\"><li><strong><span class=\"has-inline-color has-vivid-purple-color\">Regra<\/span><\/strong> (Art. 137) -&gt; cada unidade imobili\u00e1ria aut\u00f4noma corresponder\u00e1 uma inscri\u00e7\u00e3o<\/li><li><span class=\"has-inline-color has-vivid-purple-color\"><strong>Exce\u00e7\u00e3o<\/strong> <\/span>(Art. 154 \u00a7 1\u00ba) -&gt; im\u00f3vel com utiliza\u00e7\u00e3o mista ter\u00e1 sua inscri\u00e7\u00e3o desdobrada<\/li><\/ul>\n\n\n\n<p>Importante entender que o <strong>desdobramento da inscri\u00e7\u00e3o \u00e9 apenas para fins de lan\u00e7amento do IPTU<\/strong>, em outras palavras, <span style=\"text-decoration: underline\">n\u00e3o h\u00e1 altera\u00e7\u00e3o na matr\u00edcula do cart\u00f3rio de registros,<\/span> fique atento!<\/p>\n\n\n\n<h2 class=\"wp-block-heading\">Al\u00edquota progressiva do IPTU<\/h2>\n\n\n\n<p>Dos comandos constitucionais sabemos que o Munic\u00edpio poder\u00e1 utilizar de artif\u00edcios para evitar a mera especula\u00e7\u00e3o imobili\u00e1ria, de forma a promover a pol\u00edtica urbana.<\/p>\n\n\n\n<p><em>CF, Art. 182. \u00a7 4\u00ba \u00c9 <strong><span class=\"has-inline-color has-vivid-red-color\">facultado <\/span>ao Poder P\u00fablico<\/strong> <strong>municipal<\/strong>, mediante lei espec\u00edfica para \u00e1rea inclu\u00edda no plano diretor, <strong>exigir<\/strong>, nos termos da lei federal, do propriet\u00e1rio do solo urbano n\u00e3o edificado, subutilizado ou n\u00e3o utilizado, que promova seu adequado aproveitamento, <strong>sob pena<\/strong>, <strong><span class=\"has-inline-color has-vivid-red-color\">sucessivamente<\/span><\/strong>, de:<\/em><\/p>\n\n\n\n<p><em>I &#8211; parcelamento ou edifica\u00e7\u00e3o compuls\u00f3rios;<\/em><\/p>\n\n\n\n<p><em>II &#8211; <strong>imposto<\/strong> sobre a propriedade predial e territorial urbana <strong>progressivo no tempo<\/strong>;<\/em><\/p>\n\n\n\n<p><em>III &#8211; desapropria\u00e7\u00e3o com pagamento mediante t\u00edtulos da d\u00edvida p\u00fablica de emiss\u00e3o previamente aprovada pelo Senado Federal, com prazo de resgate de at\u00e9 dez anos, em parcelas anuais, iguais e sucessivas, assegurados o valor real da indeniza\u00e7\u00e3o e os juros legais.<\/em><\/p>\n\n\n\n<p>At\u00e9 aqui nenhuma novidade, entretanto observem a Legisla\u00e7\u00e3o de Aracaju.<\/p>\n\n\n\n<p><em>Art. 147. \u00a7 4\u00ba Identificados os im\u00f3veis que n\u00e3o estiverem cumprindo a fun\u00e7\u00e3o social da propriedade urbana, o <strong>Munic\u00edpio <span class=\"has-inline-color has-vivid-red-color\">aplicar\u00e1 <\/span>al\u00edquotas progressivas<\/strong> na cobran\u00e7a do Imposto Predial e Territorial Urbano, IPTU, conforme disposto pelo Plano Diretor de Desenvolvimento Urbano de Aracaju<\/em>.<\/p>\n\n\n\n<p>Veja que na Constitui\u00e7\u00e3o h\u00e1 uma abordagem de possibilidade, enquanto que no CTM de Aracaju \u00e9 um dever, al\u00e9m disso,&nbsp;<strong>n\u00e3o se fala em parcelamento ou edifica\u00e7\u00e3o compuls\u00f3rios anterior a progressividade do imposto<\/strong>.<\/p>\n\n\n\n<h2 class=\"wp-block-heading\">Parcelamento \u2013 IPTU X ITBI<\/h2>\n\n\n\n<p>Tanto o IPTU quanto o ITBI permitem parcelamento para quita\u00e7\u00e3o dos respectivos d\u00e9bitos, logo \u00e9 prudente que se compreenda as regras para cada situa\u00e7\u00e3o.<\/p>\n\n\n\n<p>No IPTU o parcelamento poder\u00e1 ocorrer em at\u00e9 10 parcelas, de acordo com o crit\u00e9rio estabelecido pelo Executivo, j\u00e1 no ITBI o contribuinte deve solicitar para que se possa parcelar em at\u00e9 12 parcelas fixas.<\/p>\n\n\n\n<p>Esquematizando, temos que:<\/p>\n\n\n\n<ul class=\"wp-block-list\"><li><mark style=\"background-color:rgba(0, 0, 0, 0)\" class=\"has-inline-color has-vivid-purple-color\"><strong>IPTU<\/strong> <\/mark>(Art. 159) \u2013 Crit\u00e9rios estabelecidos pelo Poder Executivo + at\u00e9 10 parcelas.<\/li><li><mark style=\"background-color:rgba(0, 0, 0, 0)\" class=\"has-inline-color has-vivid-purple-color\"><strong>ITBI<\/strong> <\/mark>(Art. 194 \u00a7 5\u00ba) \u2013 Solicita\u00e7\u00e3o via requerimento na Secret\u00e1ria de Finan\u00e7as + at\u00e9 12 parcelas fixas + parcela m\u00ednima de $ 100,00.<\/li><\/ul>\n\n\n\n<p><strong><span class=\"has-inline-color has-cyan-bluish-gray-color\">Bizu:<\/span><\/strong> ITBI \u2013 BI (<span class=\"has-inline-color has-vivid-red-color\"><strong>2<\/strong><\/span>) \u2013 1<strong><span class=\"has-inline-color has-vivid-red-color\">2<\/span><\/strong> parcelas<\/p>\n\n\n\n<p>Um importante paralelo que se pode fazer \u00e9 que uma vez efetivado o parcelamento de d\u00e9bitos, o <strong>inadimplemento de 03 parcelas<\/strong>, sucessivas ou n\u00e3o, implica na antecipa\u00e7\u00e3o do vencimento das parcelas vincendas e <strong>autoriza a sua inscri\u00e7\u00e3o em D\u00edvida Ativa<\/strong>, conforme o art. 76, \u00a73\u00ba.<\/p>\n\n\n\n<h2 class=\"wp-block-heading\">Isen\u00e7\u00e3o IPTU<\/h2>\n\n\n\n<p>No artigo 164 o CTM nos apresenta uma lista de isen\u00e7\u00f5es do IPTU, destacaremos uma:<\/p>\n\n\n\n<p><em>h) o im\u00f3vel cujo valor venal, no exerc\u00edcio da solicita\u00e7\u00e3o, seja igual ou inferior a R$ 80.000,00 (oitenta mil reais), bem como o im\u00f3vel pertencente a pessoa de renda familiar bruta mensal igual ou inferior a 02 (dois) sal\u00e1rios m\u00ednimos, vigentes no munic\u00edpio, cujo valor venal, no exerc\u00edcio da solicita\u00e7\u00e3o, seja igual ou inferior a R$ 160.000,00 (cento e sessenta mil reais), desde que, em ambas as hip\u00f3teses, sejam utilizados para a resid\u00eancia do seu titular e que n\u00e3o possua outro im\u00f3vel constru\u00eddo ou n\u00e3o.<strong><\/strong><\/em><\/p>\n\n\n\n<p>A literalidade pode parecer um pouco truncada, assim vamos esquematizar:<\/p>\n\n\n\n<p><strong><span class=\"has-inline-color has-cyan-bluish-gray-color\">Isen\u00e7\u00e3o de im\u00f3veis utilizados para <\/span><span class=\"has-inline-color has-vivid-red-color\">resid\u00eancia <\/span><span class=\"has-inline-color has-cyan-bluish-gray-color\">em que o titular <\/span><span class=\"has-inline-color has-vivid-red-color\">n\u00e3o <\/span><span class=\"has-inline-color has-cyan-bluish-gray-color\">possua outro:<\/span><\/strong><\/p>\n\n\n\n<ul class=\"wp-block-list\"><li><strong><span class=\"has-inline-color has-vivid-purple-color\">Im\u00f3vel at\u00e9&nbsp;80k<\/span><\/strong> -&gt;&nbsp;<strong>independentemente da renda<\/strong>.<\/li><li><strong><span class=\"has-inline-color has-vivid-purple-color\">Im\u00f3vel de +80k at\u00e9 160k<\/span><\/strong> -&gt; a <strong>renda&nbsp;familiar bruta mensal<\/strong>&nbsp;tem que ser <strong>igual ou<\/strong> <strong>inferior a 2 sal\u00e1rios&nbsp;m\u00ednimos<\/strong>.<\/li><\/ul>\n\n\n\n<p>Perceba que se trata de um benef\u00edcio n\u00e3o s\u00f3 em rela\u00e7\u00e3o \u00e0 capacidade contributiva do contribuinte, mas tamb\u00e9m alinhado com a pol\u00edtica urbana de ocupa\u00e7\u00e3o de solo, uma vez que im\u00f3veis <strong>n\u00e3o edificados<\/strong> ser\u00e3o tributados, mesmo que de baixo valor.<\/p>\n\n\n\n<p><em>Art. 147 \u00a7 3\u00ba \u2013 Aos im\u00f3veis n\u00e3o edificados com valor venal de at\u00e9 R$10.000,00 (dez mil reais) ser\u00e1 aplicada a al\u00edquota de 2,5% (dois inteiros e cinco d\u00e9cimos por cento);<\/em><\/p>\n\n\n\n<h2 class=\"wp-block-heading\">BC do ITBI<\/h2>\n\n\n\n<p>A base de c\u00e1lculo (BC) do ITBI \u00e9 o valor venal dos bens ou direitos transmitidos, determinado pelas informa\u00e7\u00f5es do cadastro imobili\u00e1rio e\/ou declaradas pelo sujeito passivo.<\/p>\n\n\n\n<p>Assim, segundo o CTM de AJU, n\u00e3o se admitiria abater quaisquer dividas que onerem o im\u00f3vel transmitido, ou seja, a&nbsp;<strong>BC do ITBI \u00e9 o valor cheio<\/strong>, independentemente de d\u00edvidas no im\u00f3vel (Art. 189, \u00a71\u00ba), como uma d\u00edvida de IPTU, por exemplo.<\/p>\n\n\n\n<p>Entretanto o fato gerador do ITBI n\u00e3o \u00e9 apenas a transmiss\u00e3o de bens im\u00f3veis, mas tamb\u00e9m a transmiss\u00e3o de direitos reais sobre bens im\u00f3veis, assim, em tese, <strong>s<\/strong>e<strong>ria permitido que se diminu\u00eda da BC as d\u00edvidas que onerem o direito transmitido<\/strong>.<\/p>\n\n\n\n<p><em>Art. 182 \u00a7 1\u00ba \u2013 <strong>N\u00e3o ser\u00e1 admitido abater<\/strong> do valor venal quaisquer <strong>dividas <\/strong>que<strong> onerem o <span class=\"has-inline-color has-vivid-red-color\">im\u00f3vel<\/span> transmitido.<\/strong><\/em><\/p>\n\n\n\n<p>Perceba que se trata de uma interpreta\u00e7\u00e3o literal da norma, que o examinador poderia ter, mas que provavelmente contraria uma an\u00e1lise mais sistem\u00e1tica.<\/p>\n\n\n\n<h2 class=\"wp-block-heading\">Considera\u00e7\u00f5es Finais<\/h2>\n\n\n\n<p>Chegamos ao final de do artigo sobre os pontos que merecem aten\u00e7\u00e3o no CTM de Aracaju, espero que tenham gostado. No pr\u00f3ximo artigo abordaremos outros pontos da legisla\u00e7\u00e3o.<\/p>\n\n\n\n<p>Fica como sugest\u00e3o as aulas do professor Rafael Vilches.<\/p>\n\n\n\n<p class=\"has-text-align-center\"><a data-type=\"URL\" data-id=\"https:\/\/www.youtube.com\/watch?v=BS9IFVIOIVg&amp;t=9738s&amp;ab_channel=Estrat%C3%A9giaConcursos\" href=\"https:\/\/www.youtube.com\/watch?v=BS9IFVIOIVg&amp;t=9738s&amp;ab_channel=Estrat%C3%A9giaConcursos\">CTM Aracaju &#8211; Legisla\u00e7\u00e3o tribut\u00e1ria<\/a><\/p>\n\n\n\n<p>At\u00e9 mais e bons estudos!<\/p>\n\n\n\n<h2 class=\"has-text-align-center wp-block-heading\" id=\"cursos-assinatura\">Quer estudar para o concurso ISS Aracaju?<\/h2>\n\n\n\n<p class=\"has-text-align-center\"><em>Gostou desta oportunidade e deseja come\u00e7ar se preparar agora mesmo? Ent\u00e3o, confira os nossos cursos e comece a estudar:<\/em><\/p>\n\n\n\n<p class=\"has-text-align-center has-luminous-vivid-amber-background-color has-background\"><strong><a rel=\"noreferrer noopener\" href=\"https:\/\/www.estrategiaconcursos.com.br\/cursos\/concurso\/\" target=\"_blank\">Curso para concurso<\/a><\/strong><\/p>\n\n\n\n<p class=\"has-text-align-center\"><em><strong>Assinatura Anual Ilimitada*<\/strong><\/em><\/p>\n\n\n\n<p class=\"has-text-align-center\"><em>Prepare-se com o melhor material e com quem mais aprova em Concursos P\u00fablicos em todo o pa\u00eds. Assine agora a nossa Assinatura Anual e tenha acesso ilimitado* a todos os nossos cursos.<\/em><\/p>\n\n\n\n<p class=\"has-text-align-center has-light-green-cyan-background-color has-background\"><strong>ASSINE AGORA<\/strong>&nbsp;\u2013&nbsp;<strong><a rel=\"noreferrer noopener\" href=\"https:\/\/www.estrategiaconcursos.com.br\/assinaturas\" target=\"_blank\">Assinatura Ilimitada<\/a><\/strong><\/p>\n\n\n\n<p class=\"has-text-align-center\"><strong><em><strong>Sistema de Quest\u00f5es<\/strong><\/em><\/strong><\/p>\n\n\n\n<p class=\"has-text-align-center\"><em>Estrat\u00e9gia Quest\u00f5es nasceu maior do que todos os concorrentes, com mais quest\u00f5es cadastradas e mais solu\u00e7\u00f5es por professores. Ent\u00e3o, confira e aproveite os descontos e b\u00f4nus imperd\u00edveis!<\/em><\/p>\n\n\n\n<p class=\"has-text-align-center has-vivid-green-cyan-background-color has-background\"><strong>ASSINE AGORA \u2013&nbsp;<a rel=\"noreferrer noopener\" href=\"https:\/\/www.estrategiaconcursos.com.br\/cursosPorConcurso\/sistema-de-questoes\/#\/\" target=\"_blank\">Sistema de Quest\u00f5es<\/a><\/strong><\/p>\n\n\n\n<p class=\"has-text-align-center\"><strong><em>Fique por dentro dos concursos em aberto<\/em><\/strong><\/p>\n\n\n\n<p class=\"has-text-align-center has-pale-cyan-blue-background-color has-background\"><a rel=\"noreferrer noopener\" href=\"https:\/\/www.estrategiaconcursos.com.br\/blog\/concursos-abertos\/\" target=\"_blank\"><strong>CONCURSOS ABERTOS<\/strong><\/a><\/p>\n\n\n\n<p class=\"has-text-align-center\"><strong><em>As oportunidades previstas<\/em><\/strong><\/p>\n\n\n\n<p class=\"has-text-align-center has-pale-cyan-blue-background-color has-background\"><a rel=\"noreferrer noopener\" href=\"https:\/\/www.estrategiaconcursos.com.br\/blog\/concursos-2020\/\" target=\"_blank\"><strong>CONCURSOS&nbsp;2020<\/strong><\/a><\/p>\n\n\n\n<p class=\"has-text-align-center has-pale-cyan-blue-background-color has-background\"><a rel=\"noreferrer noopener\" href=\"https:\/\/www.estrategiaconcursos.com.br\/blog\/concursos-2021\/\" target=\"_blank\"><strong>CONCURSOS 2021<\/strong><\/a><\/p>\n","protected":false},"excerpt":{"rendered":"<p>Ol\u00e1, pessoal. Tudo certo? No artigo de hoje abordaremos alguns pontos que merecem nossa aten\u00e7\u00e3o no CTM de Aracaju. A ideia do artigo \u00e9 apresentar algumas poss\u00edveis \u201cpegadinhas\u201d que o examinador poder\u00e1 tentar ludibriar o candidato. Vamos l\u00e1? Apura\u00e7\u00e3o do IPTU Sabemos que o lan\u00e7amento do IPTU, em regra, ocorre no 1\u00ba dia de janeiro [&hellip;]<\/p>\n","protected":false},"author":1763,"featured_media":556980,"comment_status":"open","ping_status":"closed","sticky":false,"template":"","format":"standard","meta":{"post_tipo":"article","footnotes":""},"categories":[1983],"tags":[],"tax_estado":[],"class_list":["post-599567","post","type-post","status-publish","format-standard","has-post-thumbnail","hentry","category-fiscal-estadual"],"acf":[],"yoast_head":"<!-- This site is optimized with the Yoast SEO Premium plugin v27.2 (Yoast SEO v27.2) - https:\/\/yoast.com\/product\/yoast-seo-premium-wordpress\/ -->\n<title>CTM de Aracaju \u2013 Pontos que merecem aten\u00e7\u00e3o - parte 1<\/title>\n<meta name=\"description\" content=\"Veja nesse artigo poss\u00edveis \u201cpegadinhas\u201d que o examinador poder\u00e1 tentar te ludibriar em sua prova de legisla\u00e7\u00e3o tribut\u00e1ria municipal de Aracaju.\" \/>\n<meta name=\"robots\" content=\"index, follow, max-snippet:-1, max-image-preview:large, max-video-preview:-1\" \/>\n<link rel=\"canonical\" href=\"https:\/\/www.estrategiaconcursos.com.br\/blog\/ctm-de-aracaju-pontos-que-merecem-atencao-parte-1\/\" \/>\n<meta property=\"og:locale\" content=\"pt_BR\" \/>\n<meta property=\"og:type\" content=\"article\" \/>\n<meta property=\"og:title\" content=\"CTM de Aracaju \u2013 Pontos que merecem aten\u00e7\u00e3o - parte 1\" \/>\n<meta property=\"og:description\" content=\"Veja nesse artigo poss\u00edveis \u201cpegadinhas\u201d que o examinador poder\u00e1 tentar te ludibriar em sua prova de legisla\u00e7\u00e3o tribut\u00e1ria municipal de Aracaju.\" \/>\n<meta property=\"og:url\" content=\"https:\/\/www.estrategiaconcursos.com.br\/blog\/ctm-de-aracaju-pontos-que-merecem-atencao-parte-1\/\" \/>\n<meta property=\"og:site_name\" content=\"Estrat\u00e9gia Concursos\" \/>\n<meta property=\"article:published_time\" content=\"2020-11-10T13:24:00+00:00\" \/>\n<meta property=\"article:modified_time\" content=\"2022-10-21T21:11:59+00:00\" \/>\n<meta property=\"og:image\" content=\"https:\/\/dhg1h5j42swfq.cloudfront.net\/2020\/08\/17170317\/aracaju.jpg\" \/>\n\t<meta property=\"og:image:width\" content=\"203\" \/>\n\t<meta property=\"og:image:height\" content=\"256\" \/>\n\t<meta property=\"og:image:type\" content=\"image\/jpeg\" \/>\n<meta name=\"author\" content=\"Leonardo Menezes Passarin\" \/>\n<meta name=\"twitter:card\" content=\"summary_large_image\" \/>\n<meta name=\"twitter:creator\" content=\"@EstratConcursos\" \/>\n<meta name=\"twitter:site\" content=\"@EstratConcursos\" \/>\n<meta name=\"twitter:label1\" content=\"Escrito por\" \/>\n\t<meta name=\"twitter:data1\" content=\"Leonardo Menezes Passarin\" \/>\n\t<meta name=\"twitter:label2\" content=\"Est. tempo de leitura\" \/>\n\t<meta name=\"twitter:data2\" content=\"8 minutos\" \/>\n<script type=\"application\/ld+json\" class=\"yoast-schema-graph\">{\"@context\":\"https:\/\/schema.org\",\"@graph\":[{\"@type\":\"NewsArticle\",\"@id\":\"https:\/\/www.estrategiaconcursos.com.br\/blog\/ctm-de-aracaju-pontos-que-merecem-atencao-parte-1\/#article\",\"isPartOf\":{\"@id\":\"https:\/\/www.estrategiaconcursos.com.br\/blog\/ctm-de-aracaju-pontos-que-merecem-atencao-parte-1\/\"},\"author\":{\"name\":\"Leonardo Menezes Passarin\",\"@id\":\"https:\/\/www.estrategiaconcursos.com.br\/blog\/#\/schema\/person\/245b44e43eb13f0dbd04a7a078cd0d0d\"},\"headline\":\"CTM de Aracaju \u2013 Pontos que merecem aten\u00e7\u00e3o &#8211; parte 1\",\"datePublished\":\"2020-11-10T13:24:00+00:00\",\"dateModified\":\"2022-10-21T21:11:59+00:00\",\"mainEntityOfPage\":{\"@id\":\"https:\/\/www.estrategiaconcursos.com.br\/blog\/ctm-de-aracaju-pontos-que-merecem-atencao-parte-1\/\"},\"wordCount\":1707,\"commentCount\":0,\"publisher\":{\"@id\":\"https:\/\/www.estrategiaconcursos.com.br\/blog\/#organization\"},\"image\":{\"@id\":\"https:\/\/www.estrategiaconcursos.com.br\/blog\/ctm-de-aracaju-pontos-que-merecem-atencao-parte-1\/#primaryimage\"},\"thumbnailUrl\":\"https:\/\/dhg1h5j42swfq.cloudfront.net\/2020\/08\/17170317\/aracaju.jpg\",\"articleSection\":[\"Fiscal - Estadual (ICMS)\"],\"inLanguage\":\"pt-BR\",\"potentialAction\":[{\"@type\":\"CommentAction\",\"name\":\"Comment\",\"target\":[\"https:\/\/www.estrategiaconcursos.com.br\/blog\/ctm-de-aracaju-pontos-que-merecem-atencao-parte-1\/#respond\"]}],\"copyrightYear\":\"2020\",\"copyrightHolder\":{\"@id\":\"https:\/\/www.estrategiaconcursos.com.br\/blog\/#organization\"}},{\"@type\":\"WebPage\",\"@id\":\"https:\/\/www.estrategiaconcursos.com.br\/blog\/ctm-de-aracaju-pontos-que-merecem-atencao-parte-1\/\",\"url\":\"https:\/\/www.estrategiaconcursos.com.br\/blog\/ctm-de-aracaju-pontos-que-merecem-atencao-parte-1\/\",\"name\":\"CTM de Aracaju \u2013 Pontos que merecem aten\u00e7\u00e3o - parte 1\",\"isPartOf\":{\"@id\":\"https:\/\/www.estrategiaconcursos.com.br\/blog\/#website\"},\"primaryImageOfPage\":{\"@id\":\"https:\/\/www.estrategiaconcursos.com.br\/blog\/ctm-de-aracaju-pontos-que-merecem-atencao-parte-1\/#primaryimage\"},\"image\":{\"@id\":\"https:\/\/www.estrategiaconcursos.com.br\/blog\/ctm-de-aracaju-pontos-que-merecem-atencao-parte-1\/#primaryimage\"},\"thumbnailUrl\":\"https:\/\/dhg1h5j42swfq.cloudfront.net\/2020\/08\/17170317\/aracaju.jpg\",\"datePublished\":\"2020-11-10T13:24:00+00:00\",\"dateModified\":\"2022-10-21T21:11:59+00:00\",\"description\":\"Veja nesse artigo poss\u00edveis \u201cpegadinhas\u201d que o examinador poder\u00e1 tentar te ludibriar em sua prova de legisla\u00e7\u00e3o tribut\u00e1ria municipal de Aracaju.\",\"breadcrumb\":{\"@id\":\"https:\/\/www.estrategiaconcursos.com.br\/blog\/ctm-de-aracaju-pontos-que-merecem-atencao-parte-1\/#breadcrumb\"},\"inLanguage\":\"pt-BR\",\"potentialAction\":[{\"@type\":\"ReadAction\",\"target\":[\"https:\/\/www.estrategiaconcursos.com.br\/blog\/ctm-de-aracaju-pontos-que-merecem-atencao-parte-1\/\"]}]},{\"@type\":\"ImageObject\",\"inLanguage\":\"pt-BR\",\"@id\":\"https:\/\/www.estrategiaconcursos.com.br\/blog\/ctm-de-aracaju-pontos-que-merecem-atencao-parte-1\/#primaryimage\",\"url\":\"https:\/\/dhg1h5j42swfq.cloudfront.net\/2020\/08\/17170317\/aracaju.jpg\",\"contentUrl\":\"https:\/\/dhg1h5j42swfq.cloudfront.net\/2020\/08\/17170317\/aracaju.jpg\",\"width\":203,\"height\":256},{\"@type\":\"BreadcrumbList\",\"@id\":\"https:\/\/www.estrategiaconcursos.com.br\/blog\/ctm-de-aracaju-pontos-que-merecem-atencao-parte-1\/#breadcrumb\",\"itemListElement\":[{\"@type\":\"ListItem\",\"position\":1,\"name\":\"In\u00edcio\",\"item\":\"https:\/\/www.estrategiaconcursos.com.br\/blog\/\"},{\"@type\":\"ListItem\",\"position\":2,\"name\":\"CTM de Aracaju \u2013 Pontos que merecem aten\u00e7\u00e3o &#8211; parte 1\"}]},{\"@type\":\"WebSite\",\"@id\":\"https:\/\/www.estrategiaconcursos.com.br\/blog\/#website\",\"url\":\"https:\/\/www.estrategiaconcursos.com.br\/blog\/\",\"name\":\"Estrat\u00e9gia Concursos\",\"description\":\"O blog da Estrat\u00e9gia Concursos traz not\u00edcias sobre concursos e artigos de professores oferecendo cursos para concursos (pdf + videaulas) no site.\",\"publisher\":{\"@id\":\"https:\/\/www.estrategiaconcursos.com.br\/blog\/#organization\"},\"potentialAction\":[{\"@type\":\"SearchAction\",\"target\":{\"@type\":\"EntryPoint\",\"urlTemplate\":\"https:\/\/www.estrategiaconcursos.com.br\/blog\/?s={search_term_string}\"},\"query-input\":{\"@type\":\"PropertyValueSpecification\",\"valueRequired\":true,\"valueName\":\"search_term_string\"}}],\"inLanguage\":\"pt-BR\"},{\"@type\":\"Organization\",\"@id\":\"https:\/\/www.estrategiaconcursos.com.br\/blog\/#organization\",\"name\":\"Estrat\u00e9gia Concursos\",\"url\":\"https:\/\/www.estrategiaconcursos.com.br\/blog\/\",\"logo\":{\"@type\":\"ImageObject\",\"inLanguage\":\"pt-BR\",\"@id\":\"https:\/\/www.estrategiaconcursos.com.br\/blog\/#\/schema\/logo\/image\/\",\"url\":\"https:\/\/dhg1h5j42swfq.cloudfront.net\/2025\/06\/03203428\/logo_concursos-1.jpg\",\"contentUrl\":\"https:\/\/dhg1h5j42swfq.cloudfront.net\/2025\/06\/03203428\/logo_concursos-1.jpg\",\"width\":230,\"height\":60,\"caption\":\"Estrat\u00e9gia Concursos\"},\"image\":{\"@id\":\"https:\/\/www.estrategiaconcursos.com.br\/blog\/#\/schema\/logo\/image\/\"},\"sameAs\":[\"https:\/\/x.com\/EstratConcursos\"]},{\"@type\":\"Person\",\"@id\":\"https:\/\/www.estrategiaconcursos.com.br\/blog\/#\/schema\/person\/245b44e43eb13f0dbd04a7a078cd0d0d\",\"name\":\"Leonardo Menezes Passarin\",\"image\":{\"@type\":\"ImageObject\",\"inLanguage\":\"pt-BR\",\"@id\":\"https:\/\/secure.gravatar.com\/avatar\/fc0e5714ceaa97f24e6e6a30eab74ba8a701c2b62f8cab100ffdb22c6d8f42c3?s=96&d=mm&r=g\",\"url\":\"https:\/\/secure.gravatar.com\/avatar\/fc0e5714ceaa97f24e6e6a30eab74ba8a701c2b62f8cab100ffdb22c6d8f42c3?s=96&d=mm&r=g\",\"contentUrl\":\"https:\/\/secure.gravatar.com\/avatar\/fc0e5714ceaa97f24e6e6a30eab74ba8a701c2b62f8cab100ffdb22c6d8f42c3?s=96&d=mm&r=g\",\"caption\":\"Leonardo Menezes Passarin\"},\"url\":\"https:\/\/www.estrategiaconcursos.com.br\/blog\/author\/passarin-leonardohotmail-com\/\"}]}<\/script>\n<!-- \/ Yoast SEO Premium plugin. -->","yoast_head_json":{"title":"CTM de Aracaju \u2013 Pontos que merecem aten\u00e7\u00e3o - parte 1","description":"Veja nesse artigo poss\u00edveis \u201cpegadinhas\u201d que o examinador poder\u00e1 tentar te ludibriar em sua prova de legisla\u00e7\u00e3o tribut\u00e1ria municipal de Aracaju.","robots":{"index":"index","follow":"follow","max-snippet":"max-snippet:-1","max-image-preview":"max-image-preview:large","max-video-preview":"max-video-preview:-1"},"canonical":"https:\/\/www.estrategiaconcursos.com.br\/blog\/ctm-de-aracaju-pontos-que-merecem-atencao-parte-1\/","og_locale":"pt_BR","og_type":"article","og_title":"CTM de Aracaju \u2013 Pontos que merecem aten\u00e7\u00e3o - parte 1","og_description":"Veja nesse artigo poss\u00edveis \u201cpegadinhas\u201d que o examinador poder\u00e1 tentar te ludibriar em sua prova de legisla\u00e7\u00e3o tribut\u00e1ria municipal de Aracaju.","og_url":"https:\/\/www.estrategiaconcursos.com.br\/blog\/ctm-de-aracaju-pontos-que-merecem-atencao-parte-1\/","og_site_name":"Estrat\u00e9gia Concursos","article_published_time":"2020-11-10T13:24:00+00:00","article_modified_time":"2022-10-21T21:11:59+00:00","og_image":[{"width":203,"height":256,"url":"https:\/\/dhg1h5j42swfq.cloudfront.net\/2020\/08\/17170317\/aracaju.jpg","type":"image\/jpeg"}],"author":"Leonardo Menezes Passarin","twitter_card":"summary_large_image","twitter_creator":"@EstratConcursos","twitter_site":"@EstratConcursos","twitter_misc":{"Escrito por":"Leonardo Menezes Passarin","Est. tempo de leitura":"8 minutos"},"schema":{"@context":"https:\/\/schema.org","@graph":[{"@type":"NewsArticle","@id":"https:\/\/www.estrategiaconcursos.com.br\/blog\/ctm-de-aracaju-pontos-que-merecem-atencao-parte-1\/#article","isPartOf":{"@id":"https:\/\/www.estrategiaconcursos.com.br\/blog\/ctm-de-aracaju-pontos-que-merecem-atencao-parte-1\/"},"author":{"name":"Leonardo Menezes Passarin","@id":"https:\/\/www.estrategiaconcursos.com.br\/blog\/#\/schema\/person\/245b44e43eb13f0dbd04a7a078cd0d0d"},"headline":"CTM de Aracaju \u2013 Pontos que merecem aten\u00e7\u00e3o &#8211; parte 1","datePublished":"2020-11-10T13:24:00+00:00","dateModified":"2022-10-21T21:11:59+00:00","mainEntityOfPage":{"@id":"https:\/\/www.estrategiaconcursos.com.br\/blog\/ctm-de-aracaju-pontos-que-merecem-atencao-parte-1\/"},"wordCount":1707,"commentCount":0,"publisher":{"@id":"https:\/\/www.estrategiaconcursos.com.br\/blog\/#organization"},"image":{"@id":"https:\/\/www.estrategiaconcursos.com.br\/blog\/ctm-de-aracaju-pontos-que-merecem-atencao-parte-1\/#primaryimage"},"thumbnailUrl":"https:\/\/dhg1h5j42swfq.cloudfront.net\/2020\/08\/17170317\/aracaju.jpg","articleSection":["Fiscal - Estadual (ICMS)"],"inLanguage":"pt-BR","potentialAction":[{"@type":"CommentAction","name":"Comment","target":["https:\/\/www.estrategiaconcursos.com.br\/blog\/ctm-de-aracaju-pontos-que-merecem-atencao-parte-1\/#respond"]}],"copyrightYear":"2020","copyrightHolder":{"@id":"https:\/\/www.estrategiaconcursos.com.br\/blog\/#organization"}},{"@type":"WebPage","@id":"https:\/\/www.estrategiaconcursos.com.br\/blog\/ctm-de-aracaju-pontos-que-merecem-atencao-parte-1\/","url":"https:\/\/www.estrategiaconcursos.com.br\/blog\/ctm-de-aracaju-pontos-que-merecem-atencao-parte-1\/","name":"CTM de Aracaju \u2013 Pontos que merecem aten\u00e7\u00e3o - parte 1","isPartOf":{"@id":"https:\/\/www.estrategiaconcursos.com.br\/blog\/#website"},"primaryImageOfPage":{"@id":"https:\/\/www.estrategiaconcursos.com.br\/blog\/ctm-de-aracaju-pontos-que-merecem-atencao-parte-1\/#primaryimage"},"image":{"@id":"https:\/\/www.estrategiaconcursos.com.br\/blog\/ctm-de-aracaju-pontos-que-merecem-atencao-parte-1\/#primaryimage"},"thumbnailUrl":"https:\/\/dhg1h5j42swfq.cloudfront.net\/2020\/08\/17170317\/aracaju.jpg","datePublished":"2020-11-10T13:24:00+00:00","dateModified":"2022-10-21T21:11:59+00:00","description":"Veja nesse artigo poss\u00edveis \u201cpegadinhas\u201d que o examinador poder\u00e1 tentar te ludibriar em sua prova de legisla\u00e7\u00e3o tribut\u00e1ria municipal de Aracaju.","breadcrumb":{"@id":"https:\/\/www.estrategiaconcursos.com.br\/blog\/ctm-de-aracaju-pontos-que-merecem-atencao-parte-1\/#breadcrumb"},"inLanguage":"pt-BR","potentialAction":[{"@type":"ReadAction","target":["https:\/\/www.estrategiaconcursos.com.br\/blog\/ctm-de-aracaju-pontos-que-merecem-atencao-parte-1\/"]}]},{"@type":"ImageObject","inLanguage":"pt-BR","@id":"https:\/\/www.estrategiaconcursos.com.br\/blog\/ctm-de-aracaju-pontos-que-merecem-atencao-parte-1\/#primaryimage","url":"https:\/\/dhg1h5j42swfq.cloudfront.net\/2020\/08\/17170317\/aracaju.jpg","contentUrl":"https:\/\/dhg1h5j42swfq.cloudfront.net\/2020\/08\/17170317\/aracaju.jpg","width":203,"height":256},{"@type":"BreadcrumbList","@id":"https:\/\/www.estrategiaconcursos.com.br\/blog\/ctm-de-aracaju-pontos-que-merecem-atencao-parte-1\/#breadcrumb","itemListElement":[{"@type":"ListItem","position":1,"name":"In\u00edcio","item":"https:\/\/www.estrategiaconcursos.com.br\/blog\/"},{"@type":"ListItem","position":2,"name":"CTM de Aracaju \u2013 Pontos que merecem aten\u00e7\u00e3o &#8211; parte 1"}]},{"@type":"WebSite","@id":"https:\/\/www.estrategiaconcursos.com.br\/blog\/#website","url":"https:\/\/www.estrategiaconcursos.com.br\/blog\/","name":"Estrat\u00e9gia Concursos","description":"O blog da Estrat\u00e9gia Concursos traz not\u00edcias sobre concursos e artigos de professores oferecendo cursos para concursos (pdf + videaulas) no site.","publisher":{"@id":"https:\/\/www.estrategiaconcursos.com.br\/blog\/#organization"},"potentialAction":[{"@type":"SearchAction","target":{"@type":"EntryPoint","urlTemplate":"https:\/\/www.estrategiaconcursos.com.br\/blog\/?s={search_term_string}"},"query-input":{"@type":"PropertyValueSpecification","valueRequired":true,"valueName":"search_term_string"}}],"inLanguage":"pt-BR"},{"@type":"Organization","@id":"https:\/\/www.estrategiaconcursos.com.br\/blog\/#organization","name":"Estrat\u00e9gia Concursos","url":"https:\/\/www.estrategiaconcursos.com.br\/blog\/","logo":{"@type":"ImageObject","inLanguage":"pt-BR","@id":"https:\/\/www.estrategiaconcursos.com.br\/blog\/#\/schema\/logo\/image\/","url":"https:\/\/dhg1h5j42swfq.cloudfront.net\/2025\/06\/03203428\/logo_concursos-1.jpg","contentUrl":"https:\/\/dhg1h5j42swfq.cloudfront.net\/2025\/06\/03203428\/logo_concursos-1.jpg","width":230,"height":60,"caption":"Estrat\u00e9gia Concursos"},"image":{"@id":"https:\/\/www.estrategiaconcursos.com.br\/blog\/#\/schema\/logo\/image\/"},"sameAs":["https:\/\/x.com\/EstratConcursos"]},{"@type":"Person","@id":"https:\/\/www.estrategiaconcursos.com.br\/blog\/#\/schema\/person\/245b44e43eb13f0dbd04a7a078cd0d0d","name":"Leonardo Menezes Passarin","image":{"@type":"ImageObject","inLanguage":"pt-BR","@id":"https:\/\/secure.gravatar.com\/avatar\/fc0e5714ceaa97f24e6e6a30eab74ba8a701c2b62f8cab100ffdb22c6d8f42c3?s=96&d=mm&r=g","url":"https:\/\/secure.gravatar.com\/avatar\/fc0e5714ceaa97f24e6e6a30eab74ba8a701c2b62f8cab100ffdb22c6d8f42c3?s=96&d=mm&r=g","contentUrl":"https:\/\/secure.gravatar.com\/avatar\/fc0e5714ceaa97f24e6e6a30eab74ba8a701c2b62f8cab100ffdb22c6d8f42c3?s=96&d=mm&r=g","caption":"Leonardo Menezes Passarin"},"url":"https:\/\/www.estrategiaconcursos.com.br\/blog\/author\/passarin-leonardohotmail-com\/"}]}},"_links":{"self":[{"href":"https:\/\/www.estrategiaconcursos.com.br\/blog\/wp-json\/wp\/v2\/posts\/599567","targetHints":{"allow":["GET"]}}],"collection":[{"href":"https:\/\/www.estrategiaconcursos.com.br\/blog\/wp-json\/wp\/v2\/posts"}],"about":[{"href":"https:\/\/www.estrategiaconcursos.com.br\/blog\/wp-json\/wp\/v2\/types\/post"}],"author":[{"embeddable":true,"href":"https:\/\/www.estrategiaconcursos.com.br\/blog\/wp-json\/wp\/v2\/users\/1763"}],"replies":[{"embeddable":true,"href":"https:\/\/www.estrategiaconcursos.com.br\/blog\/wp-json\/wp\/v2\/comments?post=599567"}],"version-history":[{"count":5,"href":"https:\/\/www.estrategiaconcursos.com.br\/blog\/wp-json\/wp\/v2\/posts\/599567\/revisions"}],"predecessor-version":[{"id":1114167,"href":"https:\/\/www.estrategiaconcursos.com.br\/blog\/wp-json\/wp\/v2\/posts\/599567\/revisions\/1114167"}],"wp:featuredmedia":[{"embeddable":true,"href":"https:\/\/www.estrategiaconcursos.com.br\/blog\/wp-json\/wp\/v2\/media\/556980"}],"wp:attachment":[{"href":"https:\/\/www.estrategiaconcursos.com.br\/blog\/wp-json\/wp\/v2\/media?parent=599567"}],"wp:term":[{"taxonomy":"category","embeddable":true,"href":"https:\/\/www.estrategiaconcursos.com.br\/blog\/wp-json\/wp\/v2\/categories?post=599567"},{"taxonomy":"post_tag","embeddable":true,"href":"https:\/\/www.estrategiaconcursos.com.br\/blog\/wp-json\/wp\/v2\/tags?post=599567"},{"taxonomy":"tax_estado","embeddable":true,"href":"https:\/\/www.estrategiaconcursos.com.br\/blog\/wp-json\/wp\/v2\/tax_estado?post=599567"}],"curies":[{"name":"wp","href":"https:\/\/api.w.org\/{rel}","templated":true}]}}