{"id":599213,"date":"2020-11-06T13:31:00","date_gmt":"2020-11-06T16:31:00","guid":{"rendered":"https:\/\/www.estrategiaconcursos.com.br\/blog\/?p=599213"},"modified":"2020-11-04T08:09:10","modified_gmt":"2020-11-04T11:09:10","slug":"regimes-aduaneiros-aplicados-em-areas-especiais-zona-franca-de-manaus","status":"publish","type":"post","link":"https:\/\/www.estrategiaconcursos.com.br\/blog\/regimes-aduaneiros-aplicados-em-areas-especiais-zona-franca-de-manaus\/","title":{"rendered":"Regimes Aduaneiros Aplicados em \u00c1reas Especiais \u2013 Zona Franca de Manaus"},"content":{"rendered":"\n<p class=\"has-medium-font-size\">Aprenda as disposi\u00e7\u00f5es sobre a Zona Franca de Manaus (Legisla\u00e7\u00e3o Aduaneira) para a prova da Receita Federal<\/p>\n\n\n\n<div class=\"wp-block-image\"><figure class=\"aligncenter size-large\"><img loading=\"lazy\" decoding=\"async\" width=\"300\" height=\"225\" src=\"https:\/\/dhg1h5j42swfq.cloudfront.net\/2020\/10\/30033844\/suframa3.jpg\" alt=\"Zona Franca de Manaus\" class=\"wp-image-599214\"\/><figcaption>Zona Franca de Manaus<\/figcaption><\/figure><\/div>\n\n\n\n<p>Ol\u00e1, Estrategista. Tudo joia?<\/p>\n\n\n\n<p>Nos artigos anteriores, discorremos sobre os principais regimes aduaneiros especiais.<\/p>\n\n\n\n<p>No primeiro artigo da sequ\u00eancia (<a href=\"https:\/\/www.estrategiaconcursos.com.br\/blog\/?p=597836\">Parte I<\/a>) falamos sobre os conceitos gerais dos regimes aduaneiros especiais e das normas espec\u00edficas sobre os seguintes regimes: Tr\u00e2nsito Aduaneiro, Admiss\u00e3o Tempor\u00e1ria, Entreposto Industrial e Exporta\u00e7\u00e3o Tempor\u00e1ria.<\/p>\n\n\n\n<p>J\u00e1 no segundo (<a href=\"https:\/\/www.estrategiaconcursos.com.br\/blog\/?p=597975\">Parte II<\/a>) discorremos sobre o Regime de Drawback nas modalidades Suspens\u00e3o, Isen\u00e7\u00e3o e Restitui\u00e7\u00e3o.<\/p>\n\n\n\n<p>Na <a href=\"https:\/\/www.estrategiaconcursos.com.br\/blog\/?p=598175\">Parte III<\/a>, falamos ainda das peculiaridades gerais e especificidades do Regime Aduaneiro Especial de Entreposto Aduaneiro na Importa\u00e7\u00e3o e na Exporta\u00e7\u00e3o.<\/p>\n\n\n\n<p>Para complementar nossa an\u00e1lise de regimes especiais, tamb\u00e9m existem aqueles que n\u00e3o s\u00e3o vinculados ao tipo de opera\u00e7\u00e3o, mas sim ao local onde a opera\u00e7\u00e3o ocorre. Por isso, s\u00e3o chamados de \u00e1reas especiais.<\/p>\n\n\n\n<p>De forma semelhante aos outros regimes aduaneiros especiais, os regimes Aduaneiros em \u00c1reas Especiais s\u00e3o opera\u00e7\u00f5es do com\u00e9rcio exterior em que as opera\u00e7\u00f5es gozam de benef\u00edcios fiscais como isen\u00e7\u00e3o ou suspens\u00e3o dos tributos incidentes.<\/p>\n\n\n\n<p>Todavia, a principal caracter\u00edsticas destes regimes \u00e9 no atendimento a algumas peculiaridades regionais (especialmente em regi\u00f5es economicamente desfavorecidas, onde a log\u00edstica empresarial \u00e9 dificultosa) de forma a fomentar a ind\u00fastria e o com\u00e9rcio nessas regi\u00f5es, que geram riqueza e emprego a esses locais.<\/p>\n\n\n\n<p>Sendo assim, a primeira e mais conhecida \u00e1rea especial em que iremos discutir \u00e9 a Zona Franca de Manaus. Vamos entender melhor sobre essa \u00e1rea especial?<\/p>\n\n\n\n<h2 class=\"wp-block-heading\">Zona Franca de Manaus<\/h2>\n\n\n\n<p>A principal caracter\u00edstica da Zona Franca de Manaus (ZFM) que todo concurseiro que estuda legisla\u00e7\u00e3o aduaneira deve guardar em sua mem\u00f3ria \u00e9 que a \u201cZona Franca de Manaus \u00e9 uma <strong>\u00c1REA DE LIVRE COM\u00c9RCIO<\/strong> de importa\u00e7\u00e3o e de exporta\u00e7\u00e3o e de incentivos fiscais especiais, estabelecida com a finalidade de criar no interior da Amaz\u00f4nia um centro industrial, comercial e agropecu\u00e1rio, dotado de condi\u00e7\u00f5es econ\u00f4micas que permitam seu desenvolvimento, em face dos fatores locais e da grande dist\u00e2ncia a que se encontram os centros consumidores de seus produtos.\u201d<\/p>\n\n\n\n<p><strong>Adendo<\/strong>: iremos conversar melhor sobre \u00e1reas de livre com\u00e9rcio em outro artigo.<\/p>\n\n\n\n<p>Pela leitura, podemos inferir que o principal objetivo da ZFM \u00e9 promover o desenvolvimento da Amaz\u00f4nia. Como se trata de uma regi\u00e3o longe dos grandes centros comerciais do Pa\u00eds, acaba por se tornar desfavorecida. No entanto, com os respectivos incentivos fiscais, a regi\u00e3o viu-se ganhando import\u00e2ncia em n\u00edvel nacional.<\/p>\n\n\n\n<p>Vamos ver quais s\u00e3o esses benef\u00edcios fiscais que d\u00e1 relev\u00e2ncia e import\u00e2ncia \u00e0 regi\u00e3o.<\/p>\n\n\n\n<h3 class=\"wp-block-heading\">Benef\u00edcios Fiscais na Entrada na ZFM<\/h3>\n\n\n\n<p>A entrada de mercadorias estrangeiras na Zona Franca de Manaus, destinadas a seu consumo interno, industrializa\u00e7\u00e3o em qualquer grau, inclusive beneficiamento, agropecu\u00e1ria, pesca, instala\u00e7\u00e3o e opera\u00e7\u00e3o de ind\u00fastrias e servi\u00e7os de qualquer natureza, bem como a estocagem para reexporta\u00e7\u00e3o, ser\u00e1 <strong>isenta<\/strong> do imposto de importa\u00e7\u00e3o e do <strong>IPI<\/strong>.<\/p>\n\n\n\n<p><strong>Adendo I:<\/strong> n\u00e3o \u00e9 permitido a importa\u00e7\u00e3o de uma mercadoria <strong>pronta e<\/strong> <strong>acabada<\/strong> pela ZFM e posterior envio a outro Estado com isen\u00e7\u00e3o destes impostos. Como requisitos da isen\u00e7\u00e3o, ou a mercadoria \u00e9 consumida na ZFM ou deve-se ter as outras destina\u00e7\u00f5es: industrializa\u00e7\u00e3o, entre outras.<\/p>\n\n\n\n<p><strong>Adendo II:<\/strong> outra informa\u00e7\u00e3o importante \u00e9 que n\u00e3o \u00e9 qualquer mercadoria que pode ser beneficiada por essa isen\u00e7\u00e3o. As seguintes abaixo n\u00e3o s\u00e3o abrangidas pela isen\u00e7\u00e3o:<\/p>\n\n\n\n<ul class=\"wp-block-list\"><li>armas e muni\u00e7\u00f5es;<\/li><li>fumo;<\/li><li>bebidas alco\u00f3licas;<\/li><li>autom\u00f3veis de passageiros; e<\/li><li>produtos de perfumaria ou de toucador, e preparados e prepara\u00e7\u00f5es cosm\u00e9ticas, salvo os classificados nas posi\u00e7\u00f5es 3303 a 3307 da Nomenclatura Comum do Mercosul, se destinados, exclusivamente, a consumo interno na Zona Franca de Manaus ou quando produzidos com utiliza\u00e7\u00e3o de mat\u00e9rias-primas da fauna e da flora regionais, em conformidade com processo produtivo b\u00e1sico.<\/li><\/ul>\n\n\n\n<p>Al\u00e9m da isen\u00e7\u00e3o, as empresas localizadas na Zona Franca de Manaus poder\u00e3o importar, com suspens\u00e3o do pagamento da contribui\u00e7\u00e3o para o PIS\/PASEP-Importa\u00e7\u00e3o e da COFINS-Importa\u00e7\u00e3o, bens a serem empregados na elabora\u00e7\u00e3o de mat\u00e9rias-primas, produtos intermedi\u00e1rios e materiais de embalagem destinados a emprego em processo de industrializa\u00e7\u00e3o.<\/p>\n\n\n\n<h3 class=\"wp-block-heading\">Info. Complementar<\/h3>\n\n\n\n<p><strong>NCM 3303: <\/strong>Perfumes e \u00e1guas-de-col\u00f4nia.<\/p>\n\n\n\n<p><strong>NCM 3307: <\/strong>Prepara\u00e7\u00f5es para barbear (antes, durante ou ap\u00f3s), desodorantes (desodorizantes) corporais, prepara\u00e7\u00f5es para banhos, depilat\u00f3rios, outros produtos de perfumaria ou de toucador preparados e outras prepara\u00e7\u00f5es cosm\u00e9ticas, n\u00e3o especificados nem compreendidosnoutrasposi\u00e7\u00f5es;desodorantes(desodorizantes)deambiente, preparados, mesmo n\u00e3o perfumados, mesmo com propriedades desinfetantes.<\/p>\n\n\n\n<p>Outra informa\u00e7\u00e3o extremamente importante \u00e9 em rela\u00e7\u00e3o aos produtos nacionais exportados para o exterior e, posteriormente, importados pela Zona Franca de Manaus. Isso porque eles n\u00e3o ter\u00e3o direito \u00e0 isen\u00e7\u00e3o.<\/p>\n\n\n\n<p>Al\u00e9m disso, a entrada das mercadorias objetivo de isen\u00e7\u00e3o ser\u00e1 permitida somente em porto, aeroporto ou recinto alfandegados, na cidade de Manaus.&nbsp;<\/p>\n\n\n\n<p>Mas n\u00e3o acabou por a\u00ed n\u00e3o. N\u00e3o \u00e9 apenas na importa\u00e7\u00e3o que os benef\u00edcios s\u00e3o observados. Como bem sabemos, as opera\u00e7\u00f5es de exporta\u00e7\u00f5es fruem de imunidade tribut\u00e1ria, correto?<\/p>\n\n\n\n<p>Pois bem, dessa forma, disp\u00f5e o Regulamento Aduaneiro que a remessa de mercadorias de origem nacional para consumo ou industrializa\u00e7\u00e3o na Zona Franca de Manaus, ou posterior exporta\u00e7\u00e3o, ser\u00e1, para efeitos fiscais, equivalente a uma exporta\u00e7\u00e3o brasileira para o exterior. (imune a tributa\u00e7\u00e3o.)<\/p>\n\n\n\n<p>Veja a lista de mercadorias que n\u00e3o gozam do benef\u00edcio do par\u00e1grafo anterior:<\/p>\n\n\n\n<ul class=\"wp-block-list\"><li>armas e muni\u00e7\u00f5es;<\/li><li>perfumes;<\/li><li>fumo;<\/li><li>bebidas alco\u00f3licas; e<\/li><li>&nbsp;autom\u00f3veis de passageiros classificados, respectivamente, nos Cap\u00edtulos 93, 33, 24, nas posi\u00e7\u00f5es 2203 a 2206 e nos c\u00f3digos 2208.20.00 a 2208.70.00 e 2208.90.00 (exceto o ex tarif\u00e1rio 01)&nbsp;e na posi\u00e7\u00e3o 8703 da Nomenclatura Comum do Mercosul.<\/li><\/ul>\n\n\n\n<h3 class=\"wp-block-heading\">Benef\u00edcios Fiscais na Interna\u00e7\u00e3o<\/h3>\n\n\n\n<p>Antes de mais nada, o que \u00e9 interna\u00e7\u00e3o? Denomina-se interna\u00e7\u00e3o a entrada, em outros pontos do territ\u00f3rio aduaneiro, de mercadoria procedente da Zona Franca de Manaus.<\/p>\n\n\n\n<p>Um t\u00edpico exemplo de interna\u00e7\u00e3o \u00e9 de uma mercadoria importada e industrializada na ZFM e enviada para outro Estado no Pa\u00eds.<\/p>\n\n\n\n<p>Sendo assim, e como j\u00e1 falado como pr\u00e9-requisito da isen\u00e7\u00e3o para importa\u00e7\u00e3o de produtos na ZFM, as mercadorias estrangeiras importadas para a Zona Franca de Manaus, quando desta sa\u00edrem para outros pontos do territ\u00f3rio aduaneiro, ficam sujeitas ao pagamento de todos os impostos exig\u00edveis sobre importa\u00e7\u00f5es do exterior.<\/p>\n\n\n\n<p>Entretanto, a isen\u00e7\u00e3o ser\u00e1 mantida nos casos:<\/p>\n\n\n\n<ul class=\"wp-block-list\"><li>bagagem de viajante;<\/li><li>interna\u00e7\u00e3o de produtos industrializados na Zona Franca de Manaus com insumos estrangeiros;<\/li><li>sa\u00edda, para a Amaz\u00f4nia Ocidental, dos produtos:<ul><li>motores mar\u00edtimos de centro e de popa, seus acess\u00f3rios e pertences, bem como outros utens\u00edlios empregados na atividade pesqueira, exceto explosivos e produtos utilizados em sua fabrica\u00e7\u00e3o;<\/li><\/ul><ul><li>m\u00e1quinas, implementos e insumos utilizados na agricultura, na pecu\u00e1ria e nas atividades afins;<\/li><\/ul><ul><li>as m\u00e1quinas para constru\u00e7\u00e3o rodovi\u00e1ria;<\/li><\/ul><ul><li>m\u00e1quinas, motores e acess\u00f3rios para instala\u00e7\u00e3o industrial;<\/li><\/ul><ul><li>materiais de constru\u00e7\u00e3o;<\/li><\/ul><ul><li>produtos alimentares; e<\/li><\/ul><ul><li>medicamentos.<\/li><\/ul><\/li><li>sa\u00edda de mercadorias para as \u00e1reas de livre com\u00e9rcio localizadas na Amaz\u00f4nia Ocidental.<\/li><\/ul>\n\n\n\n<p><strong>Adendo<\/strong>: A Amaz\u00f4nia Ocidental \u00e9 composta pelos Estados do Amazonas, Acre, Rond\u00f4nia e Roraima.<\/p>\n\n\n\n<h4 class=\"wp-block-heading\">Isen\u00e7\u00e3o do IPI<\/h4>\n\n\n\n<p>Para finalizar, o R.A. disp\u00f5e que est\u00e3o isentas do <strong>IPI <\/strong>as mercadorias produzidas nas Zona Franca de Manaus que se destinem:<\/p>\n\n\n\n<ol class=\"wp-block-list\" type=\"a\"><li>ao consumo interno;<\/li><li>\u00e0 comercializa\u00e7\u00e3o em qualquer ponto do territ\u00f3rio aduaneiro, observados os requisitos estabelecidos para o processo produtivo b\u00e1sico.<\/li><\/ol>\n\n\n\n<p>Obviamente, que a isen\u00e7\u00e3o do IPI n\u00e3o se aplica a:<\/p>\n\n\n\n<ul class=\"wp-block-list\"><li>armas e muni\u00e7\u00f5es;<\/li><li>fumo;<\/li><li>bebidas alco\u00f3licas;<\/li><li>autom\u00f3veis de passageiros; e<\/li><li>produtos de perfumaria ou de toucador, e preparados e prepara\u00e7\u00f5es cosm\u00e9ticas, salvo os classificados nas posi\u00e7\u00f5es 3303 a 3307 da Nomenclatura Comum do Mercosul, se destinados, exclusivamente, a consumo interno na Zona Franca de Manaus ou quando produzidos com utiliza\u00e7\u00e3o de mat\u00e9rias-primas da fauna e da flora regionais, em conformidade com processo produtivo b\u00e1sico.<\/li><\/ul>\n\n\n\n<h2 class=\"wp-block-heading\">Finalizando<\/h2>\n\n\n\n<p>Como estudamos, os regimes aduaneiros especiais s\u00e3o importantes n\u00e3o s\u00f3 para garantir com que a mercadoria nacional tenha competitividade no mercado externo, como tamb\u00e9m vimos nesse artigo a import\u00e2ncia desses regimes no desenvolvimento nacional equilibrado.<\/p>\n\n\n\n<p>Como certas regi\u00f5es do Pa\u00eds s\u00e3o desfavorecidas, seja pela dist\u00e2ncia que est\u00e3o dos centros comerciais, seja pela log\u00edstica, ou as pr\u00f3prias caracter\u00edsticas f\u00edsicas e econ\u00f4micas do Estado, os regimes aduaneiros aplicados em \u00e1reas especiais cumprem o papel de equilibrar o jogo, promovendo a industrializa\u00e7\u00e3o, emprego e renda em todo o territ\u00f3rio nacional.<\/p>\n\n\n\n<p>Caso queira saber mais detalhes desse e de outros assuntos sobre Legisla\u00e7\u00e3o Aduaneira, com milhares de exerc\u00edcios resolvidos e muitos exemplos pr\u00e1ticos, n\u00e3o hesite em ver nossos materiais sobre o tema (<a href=\"https:\/\/www.estrategiaconcursos.com.br\/cursosPorMateria\/legislacao-aduaneira-106\/\">acesse aqui<\/a>). Nossos materiais s\u00e3o elaborados pelos melhores professores da \u00e1rea. S\u00e3o justamente esses materiais que fazem do Estrat\u00e9gia o l\u00edder em aprova\u00e7\u00f5es em concursos p\u00fablicos.<\/p>\n\n\n\n<p>Forte abra\u00e7o<\/p>\n\n\n\n<p>Leandro Ricardo M. Silveira<\/p>\n\n\n\n<p><strong>Instagram: <\/strong><a href=\"https:\/\/www.instagram.com\/leandro.rms12\/\">https:\/\/www.instagram.com\/leandro.rms12\/<\/a><\/p>\n\n\n\n<p class=\"has-text-align-center has-medium-font-size\"><em><strong>Assinatura Anual Ilimitada*<\/strong><\/em><\/p>\n\n\n\n<p class=\"has-text-align-center\"><em>Prepare-se com o melhor material e com quem mais aprova em Concursos P\u00fablicos em todo o pa\u00eds. Assine agora a nossa Assinatura Anual e tenha acesso ilimitado* a todos os nossos cursos.<\/em><\/p>\n\n\n\n<p class=\"has-text-align-center has-light-green-cyan-background-color has-background\" style=\"font-size:clamp(14.642px, 0.915rem + ((1vw - 3.2px) * 0.721), 22px);px\"><strong>ASSINE AGORA<\/strong>&nbsp;\u2013&nbsp;<strong><a rel=\"noreferrer noopener\" href=\"https:\/\/www.estrategiaconcursos.com.br\/assinaturas\" target=\"_blank\">Assinatura Ilimitada<\/a><\/strong><\/p>\n\n\n\n<p class=\"has-text-align-center has-medium-font-size\"><strong><em><strong>Sistema de Quest\u00f5es<\/strong><\/em><\/strong><\/p>\n\n\n\n<p class=\"has-text-align-center\"><em>Estrat\u00e9gia Quest\u00f5es nasceu maior do que todos os concorrentes, com mais quest\u00f5es cadastradas e mais solu\u00e7\u00f5es por professores. Ent\u00e3o, confira e aproveite os descontos e b\u00f4nus imperd\u00edveis!<\/em><\/p>\n\n\n\n<p class=\"has-text-align-center has-vivid-green-cyan-background-color has-background\" style=\"font-size:clamp(14.642px, 0.915rem + ((1vw - 3.2px) * 0.721), 22px);px\"><strong>ASSINE AGORA \u2013&nbsp;<a href=\"https:\/\/questoes.estrategiaconcursos.com.br\/\" target=\"_blank\" rel=\"noreferrer noopener\">Sistema de Quest\u00f5es<\/a><\/strong><\/p>\n\n\n\n<p class=\"has-text-align-center has-medium-font-size\"><strong><em>Fique por dentro dos concursos em aberto<\/em><\/strong><\/p>\n\n\n\n<p class=\"has-text-align-center has-pale-cyan-blue-background-color has-background\" style=\"font-size:clamp(14.642px, 0.915rem + ((1vw - 3.2px) * 0.721), 22px);px\"><a rel=\"noreferrer noopener\" href=\"https:\/\/www.estrategiaconcursos.com.br\/blog\/concursos-abertos\/\" target=\"_blank\"><strong>CONCURSOS ABERTOS<\/strong><\/a><\/p>\n\n\n\n<p class=\"has-text-align-center has-medium-font-size\"><strong><em>As oportunidades previstas<\/em><\/strong><\/p>\n\n\n\n<p class=\"has-text-align-center has-pale-cyan-blue-background-color has-background\" style=\"font-size:clamp(14.642px, 0.915rem + ((1vw - 3.2px) * 0.721), 22px);px\"><a rel=\"noreferrer noopener\" href=\"https:\/\/www.estrategiaconcursos.com.br\/blog\/concursos-2020\/\" target=\"_blank\"><strong>CONCURSOS&nbsp;2020<\/strong><\/a><\/p>\n\n\n\n<p class=\"has-text-align-center has-pale-cyan-blue-background-color has-background\" style=\"font-size:clamp(14.642px, 0.915rem + ((1vw - 3.2px) * 0.721), 22px);px\"><a rel=\"noreferrer noopener\" href=\"https:\/\/www.estrategiaconcursos.com.br\/blog\/concursos-2021\/\" target=\"_blank\"><strong>CONCURSOS 2021<\/strong><\/a><\/p>\n","protected":false},"excerpt":{"rendered":"<p>Aprenda as disposi\u00e7\u00f5es sobre a Zona Franca de Manaus (Legisla\u00e7\u00e3o Aduaneira) para a prova da Receita Federal Ol\u00e1, Estrategista. Tudo joia? Nos artigos anteriores, discorremos sobre os principais regimes aduaneiros especiais. No primeiro artigo da sequ\u00eancia (Parte I) falamos sobre os conceitos gerais dos regimes aduaneiros especiais e das normas espec\u00edficas sobre os seguintes regimes: [&hellip;]<\/p>\n","protected":false},"author":1668,"featured_media":599214,"comment_status":"open","ping_status":"closed","sticky":false,"template":"","format":"standard","meta":{"post_tipo":"article","footnotes":""},"categories":[1983],"tags":[219934,219933],"tax_estado":[],"class_list":["post-599213","post","type-post","status-publish","format-standard","has-post-thumbnail","hentry","category-fiscal-estadual","tag-zfm","tag-zona-franca-de-manaus"],"acf":[],"yoast_head":"<!-- This site is optimized with the Yoast SEO Premium plugin v27.2 (Yoast SEO v27.2) - https:\/\/yoast.com\/product\/yoast-seo-premium-wordpress\/ -->\n<title>Regimes Aduaneiros em \u00c1reas Especiais \u2013 Zona Franca de Manaus<\/title>\n<meta name=\"description\" content=\"Aprenda as disposi\u00e7\u00f5es sobre a Zona Franca de Manaus (Legisla\u00e7\u00e3o Aduaneira) para a prova da Receita Federal (Regimes em \u00c1reas Especiais)\" \/>\n<meta name=\"robots\" content=\"index, follow, max-snippet:-1, max-image-preview:large, max-video-preview:-1\" \/>\n<link rel=\"canonical\" href=\"https:\/\/www.estrategiaconcursos.com.br\/blog\/regimes-aduaneiros-aplicados-em-areas-especiais-zona-franca-de-manaus\/\" \/>\n<meta property=\"og:locale\" content=\"pt_BR\" \/>\n<meta property=\"og:type\" content=\"article\" \/>\n<meta property=\"og:title\" content=\"Regimes Aduaneiros Aplicados em \u00c1reas Especiais \u2013 Zona Franca de Manaus\" \/>\n<meta property=\"og:description\" content=\"Aprenda as disposi\u00e7\u00f5es sobre a Zona Franca de Manaus (Legisla\u00e7\u00e3o Aduaneira) para a prova da Receita Federal (Regimes em \u00c1reas Especiais)\" \/>\n<meta property=\"og:url\" content=\"https:\/\/www.estrategiaconcursos.com.br\/blog\/regimes-aduaneiros-aplicados-em-areas-especiais-zona-franca-de-manaus\/\" \/>\n<meta property=\"og:site_name\" content=\"Estrat\u00e9gia Concursos\" \/>\n<meta property=\"article:published_time\" content=\"2020-11-06T16:31:00+00:00\" \/>\n<meta property=\"og:image\" content=\"https:\/\/dhg1h5j42swfq.cloudfront.net\/2020\/10\/30033844\/suframa3.jpg\" \/>\n\t<meta property=\"og:image:width\" content=\"300\" \/>\n\t<meta property=\"og:image:height\" content=\"225\" \/>\n\t<meta property=\"og:image:type\" content=\"image\/jpeg\" \/>\n<meta name=\"author\" content=\"Leandro Ricardo Machado da Silveira\" \/>\n<meta name=\"twitter:card\" content=\"summary_large_image\" \/>\n<meta name=\"twitter:creator\" content=\"@EstratConcursos\" \/>\n<meta name=\"twitter:site\" content=\"@EstratConcursos\" \/>\n<meta name=\"twitter:label1\" content=\"Escrito por\" \/>\n\t<meta name=\"twitter:data1\" content=\"Leandro Ricardo Machado da Silveira\" \/>\n\t<meta name=\"twitter:label2\" content=\"Est. tempo de leitura\" \/>\n\t<meta name=\"twitter:data2\" content=\"8 minutos\" \/>\n<script type=\"application\/ld+json\" class=\"yoast-schema-graph\">{\"@context\":\"https:\/\/schema.org\",\"@graph\":[{\"@type\":\"NewsArticle\",\"@id\":\"https:\/\/www.estrategiaconcursos.com.br\/blog\/regimes-aduaneiros-aplicados-em-areas-especiais-zona-franca-de-manaus\/#article\",\"isPartOf\":{\"@id\":\"https:\/\/www.estrategiaconcursos.com.br\/blog\/regimes-aduaneiros-aplicados-em-areas-especiais-zona-franca-de-manaus\/\"},\"author\":{\"name\":\"Leandro Ricardo Machado da Silveira\",\"@id\":\"https:\/\/www.estrategiaconcursos.com.br\/blog\/#\/schema\/person\/c666a44fbce7e2e70009a9c13549267a\"},\"headline\":\"Regimes Aduaneiros Aplicados em \u00c1reas Especiais \u2013 Zona Franca de Manaus\",\"datePublished\":\"2020-11-06T16:31:00+00:00\",\"mainEntityOfPage\":{\"@id\":\"https:\/\/www.estrategiaconcursos.com.br\/blog\/regimes-aduaneiros-aplicados-em-areas-especiais-zona-franca-de-manaus\/\"},\"wordCount\":1670,\"commentCount\":0,\"publisher\":{\"@id\":\"https:\/\/www.estrategiaconcursos.com.br\/blog\/#organization\"},\"image\":{\"@id\":\"https:\/\/www.estrategiaconcursos.com.br\/blog\/regimes-aduaneiros-aplicados-em-areas-especiais-zona-franca-de-manaus\/#primaryimage\"},\"thumbnailUrl\":\"https:\/\/dhg1h5j42swfq.cloudfront.net\/2020\/10\/30033844\/suframa3.jpg\",\"keywords\":[\"zfm\",\"zona franca de manaus\"],\"articleSection\":[\"Fiscal - Estadual (ICMS)\"],\"inLanguage\":\"pt-BR\",\"potentialAction\":[{\"@type\":\"CommentAction\",\"name\":\"Comment\",\"target\":[\"https:\/\/www.estrategiaconcursos.com.br\/blog\/regimes-aduaneiros-aplicados-em-areas-especiais-zona-franca-de-manaus\/#respond\"]}],\"copyrightYear\":\"2020\",\"copyrightHolder\":{\"@id\":\"https:\/\/www.estrategiaconcursos.com.br\/blog\/#organization\"}},{\"@type\":\"WebPage\",\"@id\":\"https:\/\/www.estrategiaconcursos.com.br\/blog\/regimes-aduaneiros-aplicados-em-areas-especiais-zona-franca-de-manaus\/\",\"url\":\"https:\/\/www.estrategiaconcursos.com.br\/blog\/regimes-aduaneiros-aplicados-em-areas-especiais-zona-franca-de-manaus\/\",\"name\":\"Regimes Aduaneiros em \u00c1reas Especiais \u2013 Zona Franca de Manaus\",\"isPartOf\":{\"@id\":\"https:\/\/www.estrategiaconcursos.com.br\/blog\/#website\"},\"primaryImageOfPage\":{\"@id\":\"https:\/\/www.estrategiaconcursos.com.br\/blog\/regimes-aduaneiros-aplicados-em-areas-especiais-zona-franca-de-manaus\/#primaryimage\"},\"image\":{\"@id\":\"https:\/\/www.estrategiaconcursos.com.br\/blog\/regimes-aduaneiros-aplicados-em-areas-especiais-zona-franca-de-manaus\/#primaryimage\"},\"thumbnailUrl\":\"https:\/\/dhg1h5j42swfq.cloudfront.net\/2020\/10\/30033844\/suframa3.jpg\",\"datePublished\":\"2020-11-06T16:31:00+00:00\",\"description\":\"Aprenda as disposi\u00e7\u00f5es sobre a Zona Franca de Manaus (Legisla\u00e7\u00e3o Aduaneira) para a prova da Receita Federal (Regimes em \u00c1reas Especiais)\",\"breadcrumb\":{\"@id\":\"https:\/\/www.estrategiaconcursos.com.br\/blog\/regimes-aduaneiros-aplicados-em-areas-especiais-zona-franca-de-manaus\/#breadcrumb\"},\"inLanguage\":\"pt-BR\",\"potentialAction\":[{\"@type\":\"ReadAction\",\"target\":[\"https:\/\/www.estrategiaconcursos.com.br\/blog\/regimes-aduaneiros-aplicados-em-areas-especiais-zona-franca-de-manaus\/\"]}]},{\"@type\":\"ImageObject\",\"inLanguage\":\"pt-BR\",\"@id\":\"https:\/\/www.estrategiaconcursos.com.br\/blog\/regimes-aduaneiros-aplicados-em-areas-especiais-zona-franca-de-manaus\/#primaryimage\",\"url\":\"https:\/\/dhg1h5j42swfq.cloudfront.net\/2020\/10\/30033844\/suframa3.jpg\",\"contentUrl\":\"https:\/\/dhg1h5j42swfq.cloudfront.net\/2020\/10\/30033844\/suframa3.jpg\",\"width\":300,\"height\":225},{\"@type\":\"BreadcrumbList\",\"@id\":\"https:\/\/www.estrategiaconcursos.com.br\/blog\/regimes-aduaneiros-aplicados-em-areas-especiais-zona-franca-de-manaus\/#breadcrumb\",\"itemListElement\":[{\"@type\":\"ListItem\",\"position\":1,\"name\":\"In\u00edcio\",\"item\":\"https:\/\/www.estrategiaconcursos.com.br\/blog\/\"},{\"@type\":\"ListItem\",\"position\":2,\"name\":\"Regimes Aduaneiros Aplicados em \u00c1reas Especiais \u2013 Zona Franca de Manaus\"}]},{\"@type\":\"WebSite\",\"@id\":\"https:\/\/www.estrategiaconcursos.com.br\/blog\/#website\",\"url\":\"https:\/\/www.estrategiaconcursos.com.br\/blog\/\",\"name\":\"Estrat\u00e9gia Concursos\",\"description\":\"O blog da Estrat\u00e9gia Concursos traz not\u00edcias sobre concursos e artigos de professores oferecendo cursos para concursos (pdf + videaulas) no site.\",\"publisher\":{\"@id\":\"https:\/\/www.estrategiaconcursos.com.br\/blog\/#organization\"},\"potentialAction\":[{\"@type\":\"SearchAction\",\"target\":{\"@type\":\"EntryPoint\",\"urlTemplate\":\"https:\/\/www.estrategiaconcursos.com.br\/blog\/?s={search_term_string}\"},\"query-input\":{\"@type\":\"PropertyValueSpecification\",\"valueRequired\":true,\"valueName\":\"search_term_string\"}}],\"inLanguage\":\"pt-BR\"},{\"@type\":\"Organization\",\"@id\":\"https:\/\/www.estrategiaconcursos.com.br\/blog\/#organization\",\"name\":\"Estrat\u00e9gia Concursos\",\"url\":\"https:\/\/www.estrategiaconcursos.com.br\/blog\/\",\"logo\":{\"@type\":\"ImageObject\",\"inLanguage\":\"pt-BR\",\"@id\":\"https:\/\/www.estrategiaconcursos.com.br\/blog\/#\/schema\/logo\/image\/\",\"url\":\"https:\/\/dhg1h5j42swfq.cloudfront.net\/2025\/06\/03203428\/logo_concursos-1.jpg\",\"contentUrl\":\"https:\/\/dhg1h5j42swfq.cloudfront.net\/2025\/06\/03203428\/logo_concursos-1.jpg\",\"width\":230,\"height\":60,\"caption\":\"Estrat\u00e9gia Concursos\"},\"image\":{\"@id\":\"https:\/\/www.estrategiaconcursos.com.br\/blog\/#\/schema\/logo\/image\/\"},\"sameAs\":[\"https:\/\/x.com\/EstratConcursos\"]},{\"@type\":\"Person\",\"@id\":\"https:\/\/www.estrategiaconcursos.com.br\/blog\/#\/schema\/person\/c666a44fbce7e2e70009a9c13549267a\",\"name\":\"Leandro Ricardo Machado da Silveira\",\"image\":{\"@type\":\"ImageObject\",\"inLanguage\":\"pt-BR\",\"@id\":\"https:\/\/secure.gravatar.com\/avatar\/6fb25994d16b9649838400aa459b16c1c83f558e0fd6ebebd16da0473908b291?s=96&d=mm&r=g\",\"url\":\"https:\/\/secure.gravatar.com\/avatar\/6fb25994d16b9649838400aa459b16c1c83f558e0fd6ebebd16da0473908b291?s=96&d=mm&r=g\",\"contentUrl\":\"https:\/\/secure.gravatar.com\/avatar\/6fb25994d16b9649838400aa459b16c1c83f558e0fd6ebebd16da0473908b291?s=96&d=mm&r=g\",\"caption\":\"Leandro Ricardo Machado da Silveira\"},\"description\":\"Engenheiro Aeron\u00e1utico, formado pela Universidade Federal de Uberl\u00e2ndia, possui MBA em Administra\u00e7\u00e3o e Finan\u00e7as Corporativas e aprovado nos concursos de Auditor Fiscal SEFAZ-SC e SEFAZ-GO.\",\"url\":\"https:\/\/www.estrategiaconcursos.com.br\/blog\/author\/leandro_vzthotmail-com\/\"}]}<\/script>\n<!-- \/ Yoast SEO Premium plugin. -->","yoast_head_json":{"title":"Regimes Aduaneiros em \u00c1reas Especiais \u2013 Zona Franca de Manaus","description":"Aprenda as disposi\u00e7\u00f5es sobre a Zona Franca de Manaus (Legisla\u00e7\u00e3o Aduaneira) para a prova da Receita Federal (Regimes em \u00c1reas Especiais)","robots":{"index":"index","follow":"follow","max-snippet":"max-snippet:-1","max-image-preview":"max-image-preview:large","max-video-preview":"max-video-preview:-1"},"canonical":"https:\/\/www.estrategiaconcursos.com.br\/blog\/regimes-aduaneiros-aplicados-em-areas-especiais-zona-franca-de-manaus\/","og_locale":"pt_BR","og_type":"article","og_title":"Regimes Aduaneiros Aplicados em \u00c1reas Especiais \u2013 Zona Franca de Manaus","og_description":"Aprenda as disposi\u00e7\u00f5es sobre a Zona Franca de Manaus (Legisla\u00e7\u00e3o Aduaneira) para a prova da Receita Federal (Regimes em \u00c1reas Especiais)","og_url":"https:\/\/www.estrategiaconcursos.com.br\/blog\/regimes-aduaneiros-aplicados-em-areas-especiais-zona-franca-de-manaus\/","og_site_name":"Estrat\u00e9gia Concursos","article_published_time":"2020-11-06T16:31:00+00:00","og_image":[{"width":300,"height":225,"url":"https:\/\/dhg1h5j42swfq.cloudfront.net\/2020\/10\/30033844\/suframa3.jpg","type":"image\/jpeg"}],"author":"Leandro Ricardo Machado da Silveira","twitter_card":"summary_large_image","twitter_creator":"@EstratConcursos","twitter_site":"@EstratConcursos","twitter_misc":{"Escrito por":"Leandro Ricardo Machado da Silveira","Est. tempo de leitura":"8 minutos"},"schema":{"@context":"https:\/\/schema.org","@graph":[{"@type":"NewsArticle","@id":"https:\/\/www.estrategiaconcursos.com.br\/blog\/regimes-aduaneiros-aplicados-em-areas-especiais-zona-franca-de-manaus\/#article","isPartOf":{"@id":"https:\/\/www.estrategiaconcursos.com.br\/blog\/regimes-aduaneiros-aplicados-em-areas-especiais-zona-franca-de-manaus\/"},"author":{"name":"Leandro Ricardo Machado da Silveira","@id":"https:\/\/www.estrategiaconcursos.com.br\/blog\/#\/schema\/person\/c666a44fbce7e2e70009a9c13549267a"},"headline":"Regimes Aduaneiros Aplicados em \u00c1reas Especiais \u2013 Zona Franca de Manaus","datePublished":"2020-11-06T16:31:00+00:00","mainEntityOfPage":{"@id":"https:\/\/www.estrategiaconcursos.com.br\/blog\/regimes-aduaneiros-aplicados-em-areas-especiais-zona-franca-de-manaus\/"},"wordCount":1670,"commentCount":0,"publisher":{"@id":"https:\/\/www.estrategiaconcursos.com.br\/blog\/#organization"},"image":{"@id":"https:\/\/www.estrategiaconcursos.com.br\/blog\/regimes-aduaneiros-aplicados-em-areas-especiais-zona-franca-de-manaus\/#primaryimage"},"thumbnailUrl":"https:\/\/dhg1h5j42swfq.cloudfront.net\/2020\/10\/30033844\/suframa3.jpg","keywords":["zfm","zona franca de manaus"],"articleSection":["Fiscal - Estadual (ICMS)"],"inLanguage":"pt-BR","potentialAction":[{"@type":"CommentAction","name":"Comment","target":["https:\/\/www.estrategiaconcursos.com.br\/blog\/regimes-aduaneiros-aplicados-em-areas-especiais-zona-franca-de-manaus\/#respond"]}],"copyrightYear":"2020","copyrightHolder":{"@id":"https:\/\/www.estrategiaconcursos.com.br\/blog\/#organization"}},{"@type":"WebPage","@id":"https:\/\/www.estrategiaconcursos.com.br\/blog\/regimes-aduaneiros-aplicados-em-areas-especiais-zona-franca-de-manaus\/","url":"https:\/\/www.estrategiaconcursos.com.br\/blog\/regimes-aduaneiros-aplicados-em-areas-especiais-zona-franca-de-manaus\/","name":"Regimes Aduaneiros em \u00c1reas Especiais \u2013 Zona Franca de Manaus","isPartOf":{"@id":"https:\/\/www.estrategiaconcursos.com.br\/blog\/#website"},"primaryImageOfPage":{"@id":"https:\/\/www.estrategiaconcursos.com.br\/blog\/regimes-aduaneiros-aplicados-em-areas-especiais-zona-franca-de-manaus\/#primaryimage"},"image":{"@id":"https:\/\/www.estrategiaconcursos.com.br\/blog\/regimes-aduaneiros-aplicados-em-areas-especiais-zona-franca-de-manaus\/#primaryimage"},"thumbnailUrl":"https:\/\/dhg1h5j42swfq.cloudfront.net\/2020\/10\/30033844\/suframa3.jpg","datePublished":"2020-11-06T16:31:00+00:00","description":"Aprenda as disposi\u00e7\u00f5es sobre a Zona Franca de Manaus (Legisla\u00e7\u00e3o Aduaneira) para a prova da Receita Federal (Regimes em \u00c1reas Especiais)","breadcrumb":{"@id":"https:\/\/www.estrategiaconcursos.com.br\/blog\/regimes-aduaneiros-aplicados-em-areas-especiais-zona-franca-de-manaus\/#breadcrumb"},"inLanguage":"pt-BR","potentialAction":[{"@type":"ReadAction","target":["https:\/\/www.estrategiaconcursos.com.br\/blog\/regimes-aduaneiros-aplicados-em-areas-especiais-zona-franca-de-manaus\/"]}]},{"@type":"ImageObject","inLanguage":"pt-BR","@id":"https:\/\/www.estrategiaconcursos.com.br\/blog\/regimes-aduaneiros-aplicados-em-areas-especiais-zona-franca-de-manaus\/#primaryimage","url":"https:\/\/dhg1h5j42swfq.cloudfront.net\/2020\/10\/30033844\/suframa3.jpg","contentUrl":"https:\/\/dhg1h5j42swfq.cloudfront.net\/2020\/10\/30033844\/suframa3.jpg","width":300,"height":225},{"@type":"BreadcrumbList","@id":"https:\/\/www.estrategiaconcursos.com.br\/blog\/regimes-aduaneiros-aplicados-em-areas-especiais-zona-franca-de-manaus\/#breadcrumb","itemListElement":[{"@type":"ListItem","position":1,"name":"In\u00edcio","item":"https:\/\/www.estrategiaconcursos.com.br\/blog\/"},{"@type":"ListItem","position":2,"name":"Regimes Aduaneiros Aplicados em \u00c1reas Especiais \u2013 Zona Franca de Manaus"}]},{"@type":"WebSite","@id":"https:\/\/www.estrategiaconcursos.com.br\/blog\/#website","url":"https:\/\/www.estrategiaconcursos.com.br\/blog\/","name":"Estrat\u00e9gia Concursos","description":"O blog da Estrat\u00e9gia Concursos traz not\u00edcias sobre concursos e artigos de professores oferecendo cursos para concursos (pdf + videaulas) no site.","publisher":{"@id":"https:\/\/www.estrategiaconcursos.com.br\/blog\/#organization"},"potentialAction":[{"@type":"SearchAction","target":{"@type":"EntryPoint","urlTemplate":"https:\/\/www.estrategiaconcursos.com.br\/blog\/?s={search_term_string}"},"query-input":{"@type":"PropertyValueSpecification","valueRequired":true,"valueName":"search_term_string"}}],"inLanguage":"pt-BR"},{"@type":"Organization","@id":"https:\/\/www.estrategiaconcursos.com.br\/blog\/#organization","name":"Estrat\u00e9gia Concursos","url":"https:\/\/www.estrategiaconcursos.com.br\/blog\/","logo":{"@type":"ImageObject","inLanguage":"pt-BR","@id":"https:\/\/www.estrategiaconcursos.com.br\/blog\/#\/schema\/logo\/image\/","url":"https:\/\/dhg1h5j42swfq.cloudfront.net\/2025\/06\/03203428\/logo_concursos-1.jpg","contentUrl":"https:\/\/dhg1h5j42swfq.cloudfront.net\/2025\/06\/03203428\/logo_concursos-1.jpg","width":230,"height":60,"caption":"Estrat\u00e9gia Concursos"},"image":{"@id":"https:\/\/www.estrategiaconcursos.com.br\/blog\/#\/schema\/logo\/image\/"},"sameAs":["https:\/\/x.com\/EstratConcursos"]},{"@type":"Person","@id":"https:\/\/www.estrategiaconcursos.com.br\/blog\/#\/schema\/person\/c666a44fbce7e2e70009a9c13549267a","name":"Leandro Ricardo Machado da Silveira","image":{"@type":"ImageObject","inLanguage":"pt-BR","@id":"https:\/\/secure.gravatar.com\/avatar\/6fb25994d16b9649838400aa459b16c1c83f558e0fd6ebebd16da0473908b291?s=96&d=mm&r=g","url":"https:\/\/secure.gravatar.com\/avatar\/6fb25994d16b9649838400aa459b16c1c83f558e0fd6ebebd16da0473908b291?s=96&d=mm&r=g","contentUrl":"https:\/\/secure.gravatar.com\/avatar\/6fb25994d16b9649838400aa459b16c1c83f558e0fd6ebebd16da0473908b291?s=96&d=mm&r=g","caption":"Leandro Ricardo Machado da Silveira"},"description":"Engenheiro Aeron\u00e1utico, formado pela Universidade Federal de Uberl\u00e2ndia, possui MBA em Administra\u00e7\u00e3o e Finan\u00e7as Corporativas e aprovado nos concursos de Auditor Fiscal SEFAZ-SC e SEFAZ-GO.","url":"https:\/\/www.estrategiaconcursos.com.br\/blog\/author\/leandro_vzthotmail-com\/"}]}},"_links":{"self":[{"href":"https:\/\/www.estrategiaconcursos.com.br\/blog\/wp-json\/wp\/v2\/posts\/599213","targetHints":{"allow":["GET"]}}],"collection":[{"href":"https:\/\/www.estrategiaconcursos.com.br\/blog\/wp-json\/wp\/v2\/posts"}],"about":[{"href":"https:\/\/www.estrategiaconcursos.com.br\/blog\/wp-json\/wp\/v2\/types\/post"}],"author":[{"embeddable":true,"href":"https:\/\/www.estrategiaconcursos.com.br\/blog\/wp-json\/wp\/v2\/users\/1668"}],"replies":[{"embeddable":true,"href":"https:\/\/www.estrategiaconcursos.com.br\/blog\/wp-json\/wp\/v2\/comments?post=599213"}],"version-history":[{"count":2,"href":"https:\/\/www.estrategiaconcursos.com.br\/blog\/wp-json\/wp\/v2\/posts\/599213\/revisions"}],"predecessor-version":[{"id":601001,"href":"https:\/\/www.estrategiaconcursos.com.br\/blog\/wp-json\/wp\/v2\/posts\/599213\/revisions\/601001"}],"wp:featuredmedia":[{"embeddable":true,"href":"https:\/\/www.estrategiaconcursos.com.br\/blog\/wp-json\/wp\/v2\/media\/599214"}],"wp:attachment":[{"href":"https:\/\/www.estrategiaconcursos.com.br\/blog\/wp-json\/wp\/v2\/media?parent=599213"}],"wp:term":[{"taxonomy":"category","embeddable":true,"href":"https:\/\/www.estrategiaconcursos.com.br\/blog\/wp-json\/wp\/v2\/categories?post=599213"},{"taxonomy":"post_tag","embeddable":true,"href":"https:\/\/www.estrategiaconcursos.com.br\/blog\/wp-json\/wp\/v2\/tags?post=599213"},{"taxonomy":"tax_estado","embeddable":true,"href":"https:\/\/www.estrategiaconcursos.com.br\/blog\/wp-json\/wp\/v2\/tax_estado?post=599213"}],"curies":[{"name":"wp","href":"https:\/\/api.w.org\/{rel}","templated":true}]}}