{"id":599029,"date":"2020-10-29T17:42:10","date_gmt":"2020-10-29T20:42:10","guid":{"rendered":"https:\/\/www.estrategiaconcursos.com.br\/blog\/?p=599029"},"modified":"2020-10-29T17:42:13","modified_gmt":"2020-10-29T20:42:13","slug":"atualidades-comentarios-a-prova-de-gcm-ferraz-de-vasconcelos-vunesp","status":"publish","type":"post","link":"https:\/\/www.estrategiaconcursos.com.br\/blog\/atualidades-comentarios-a-prova-de-gcm-ferraz-de-vasconcelos-vunesp\/","title":{"rendered":"Atualidades &#8211; coment\u00e1rios \u00e0 prova de GCM &#8211; Ferraz de Vasconcelos &#8211; Vunesp"},"content":{"rendered":"\n<p>Ol\u00e1 pessoal,<\/p>\n\n\n\n<p>Seguem os meus coment\u00e1rios \u00e0 prova de Guarda Civil Municipal (GCM) de Ferraz de Vasconcelos. A prova foi aplicada em 25\/10\/2020.<\/p>\n\n\n\n<p>Foram cinco quest\u00f5es bem ao estilo da banca Vunesp em Atualidades.<\/p>\n\n\n\n<p>O Lu\u00eds Fernando, meu aluno, que me enviou a prova, gabaritou Atualidades. Todas os fatos cobrados nas quest\u00f5es estavam nos meus materiais. E ele seguiu as minhas orienta\u00e7\u00f5es de como estudar Atualidades.<\/p>\n\n\n\n<p>E voc\u00ea? Fez alguma prova de Atualidades ultimamente? Conte-nos como foi, nos coment\u00e1rios deste artigo.<\/p>\n\n\n\n<p>Grande Abra\u00e7o,<\/p>\n\n\n\n<p>Leandro Signori<\/p>\n\n\n\n<p>21. Um bombardeio ao aeroporto de Bagd\u00e1, no dia 2 de janeiro, matou Qassem Soleimani, um dos homens mais poderosos do pa\u00eds. O Pent\u00e1gono confirmou que o ataque foi realizado por ordem do presidente e culpou Soleimani por mortes no Oriente M\u00e9dio. No dia 7 de janeiro, o funeral do general Soleimani levou uma multid\u00e3o de pessoas \u00e0s ruas de Kerman.<\/p>\n\n\n\n<p>(G1. https:\/\/cutt.ly\/NfRYtdJ. Publicado em 31.01.2020. Adaptado)<\/p>\n\n\n\n<p>O texto acima se refere \u00e0s tens\u00f5es militares entre<\/p>\n\n\n\n<p>(A) S\u00edria e Iraque.<\/p>\n\n\n\n<p>(B) Ir\u00e3 e Estados Unidos.<\/p>\n\n\n\n<p>(C) S\u00edria e R\u00fassia.<\/p>\n\n\n\n<p>(D) Venezuela e Estados Unidos.<\/p>\n\n\n\n<p>(E) Ir\u00e3 e S\u00edria.<\/p>\n\n\n\n<p><strong>COMENT\u00c1RIOS:<\/strong><\/p>\n\n\n\n<p>O texto se refere \u00e0s tens\u00f5es militares entre Ir\u00e3 e Estados Unidos.<\/p>\n\n\n\n<p>Desde que assumiu a presid\u00eancia dos Estados Unidos, Donald Trump adotou uma postura agressiva contra o Ir\u00e3. Em 2018, retirou os EUA do acordo nuclear com o pa\u00eds e retomou san\u00e7\u00f5es econ\u00f4mica em seu mais alto n\u00edvel. As tens\u00f5es se elevaram entre o Ir\u00e3 a os Estados Unidos, ap\u00f3s a sa\u00edda norte-americana do Acordo. O ano de 2019 foi de acirramento de acusa\u00e7\u00f5es entre as partes e movimentos militares, que quase desembocam em um conflito b\u00e9lico direto. Esses eventos contribu\u00edram e culminaram com o assassinato do general Qasem Soleimani, em janeiro de 2020, por ordem de Donald Trump, em um ataque com drones perto do aeroporto da capital iraquiana, Bagd\u00e1.<\/p>\n\n\n\n<p>O general comandava a For\u00e7a Al Quds, unidade especial da Guarda Revolucion\u00e1ria do Ir\u00e3, e apontado como o c\u00e9rebro por tr\u00e1s da estrat\u00e9gia militar e geopol\u00edtica do pa\u00eds. Ele era muito pr\u00f3ximo do aiatol\u00e1 Ali Khamenei e tinha sobrevivido a diversas tentativas de assassinato nas \u00faltimas d\u00e9cadas.<\/p>\n\n\n\n<p><strong>Gabarito: B<\/strong><\/p>\n\n\n\n<p>22. Num palanque improvisado na entrada do aeroporto, o senador Cid Gomes decidiu seguir em passeata pelas principais ruas da cidade at\u00e9 chegar ao local onde os grevistas estavam concentrados. Ao volante de um trator, ele acelerou na dire\u00e7\u00e3o dos grevistas e derrubou o port\u00e3o principal. Depois dessa a\u00e7\u00e3o, houve uma sequ\u00eancia de tiros. Cid foi baleado. E, enquanto era socorrido, seus apoiadores atiravam pedras na dire\u00e7\u00e3o dos grevistas, que tamb\u00e9m faziam o mesmo. O local se transformou num campo de batalha.<\/p>\n\n\n\n<p>(\u00c9poca. https:\/\/cutt.ly\/TfRY09p. Publicado em 21.02.2020. Adaptado)<\/p>\n\n\n\n<p>A not\u00edcia refere-se \u00e0 greve<\/p>\n\n\n\n<p>(A) dos petroleiros ocorrida no Rio de Janeiro.<\/p>\n\n\n\n<p>(B) nacional das ag\u00eancias dos correios.<\/p>\n\n\n\n<p>(C) dos profissionais de sa\u00fade no Rio de Janeiro.<\/p>\n\n\n\n<p>(D) de servidores p\u00fablicos no Maranh\u00e3o.<\/p>\n\n\n\n<p>(E) dos policiais militares no Cear\u00e1.<\/p>\n\n\n\n<p><strong>COMENT\u00c1RIOS:<\/strong><\/p>\n\n\n\n<p>A not\u00edcia se refere \u00e0 greve dos policiais militares no Cear\u00e1. Cid Gomes, irm\u00e3o de Ciro Gomes, \u00e9 senador por esse estado do nordeste. Eis a dica que estava no fragmento da not\u00edcia.<\/p>\n\n\n\n<p>No m\u00eas de fevereiro, os policiais militares do Cear\u00e1 entraram em uma greve que come\u00e7ou no dia 18 de fevereiro e terminou no dia 1\u00b0 de mar\u00e7o. A greve foi iniciada contra uma proposta de reajuste e reestrutura\u00e7\u00e3o salarial feita pelo governo de Camilo Santana.<\/p>\n\n\n\n<p>No dia 19 de fevereiro, o senador Cid Gomes tentou furar um bloqueio de policiais em greve com uma retroescavadeira, na entrada de um quartel da cidade de Sobral, e foi baleado.<\/p>\n\n\n\n<p><strong>Gabarito: E<\/strong><\/p>\n\n\n\n<p>23. Mais de 2,8 bilh\u00f5es de animais nativos, como coalas e cangurus, foram mortos ou deslocados durante os inc\u00eandios florestais que atingiram o pa\u00eds entre setembro de 2019 e mar\u00e7o de 2020. Os dados s\u00e3o da WWF (Fundo Mundial da Vida Selvagem para a Natureza). O n\u00famero final de atingidos \u00e9 cerca de tr\u00eas vezes maior que a estimativa original de 1,25 bilh\u00e3o, feita antes que os inc\u00eandios fossem totalmente extintos. A grande maioria dos afetados \u00e9 de r\u00e9pteis, dos quais quase 2,5 bilh\u00f5es foram prejudicados, al\u00e9m de 180 milh\u00f5es de aves, 143 milh\u00f5es de mam\u00edferos e 51 milh\u00f5es de sapos.<\/p>\n\n\n\n<p>(Uol. https:\/\/cutt.ly\/RfRUY6i. Publicado em 28.07.2020. Adaptado)<\/p>\n\n\n\n<p>Os inc\u00eandios florestais a que o texto se refere ocorreram<\/p>\n\n\n\n<p>(A) na costa leste dos E.U.A.<\/p>\n\n\n\n<p>(B) na Fran\u00e7a.<\/p>\n\n\n\n<p>(C) na Austr\u00e1lia.<\/p>\n\n\n\n<p>(D) na Nova Zel\u00e2ndia.<\/p>\n\n\n\n<p>(E) no Reino Unido.<\/p>\n\n\n\n<p><strong>COMENT\u00c1RIOS:<\/strong><\/p>\n\n\n\n<p>Os inc\u00eandios florestais ocorreram na Austr\u00e1lia. O fragmento da not\u00edcia da quest\u00e3o traz uma dica: coalas e cangurus. Eles s\u00e3o nativos da Austr\u00e1lia.<\/p>\n\n\n\n<p>No final do ano de 2019 e in\u00edcio de 2020, grandes inc\u00eandios devastaram florestas na Austr\u00e1lia. Foi considerado por ambientalistas como um dos piores desastres para a fauna na hist\u00f3ria moderna, com a morte de bilh\u00f5es de animais.<\/p>\n\n\n\n<p>Os inc\u00eandios costumam acontecer na Austr\u00e1lia nesta \u00e9poca do ano, por\u00e9m estes foram muito maiores quando comparados com os que tradicionalmente ocorrem.&nbsp; A intensidade dos inc\u00eandios resultou da seca recorde de 2019: o ano foi o mais quente e seco desde o in\u00edcio do s\u00e9culo 20. Al\u00e9m disso, outros eventos clim\u00e1ticos espec\u00edficos contribu\u00edram para o desastre, como o El Ni\u00f1o no \u00cdndico, respons\u00e1vel pelo aumento das temperaturas e diminui\u00e7\u00e3o da umidade.<\/p>\n\n\n\n<p>O fogo na Austr\u00e1lia contribuiu para um dos maiores aumentos dos n\u00edveis de di\u00f3xido de carbono (CO2) registrados na atmosfera desde o in\u00edcio das medi\u00e7\u00f5es, h\u00e1 mais de 60 anos, segundo o Departamento de Meteorologia do Reino Unido (Met Office).<\/p>\n\n\n\n<p><strong>Gabarito: C<\/strong><\/p>\n\n\n\n<p>24. O Produto Interno Bruto (PIB) do Brasil registrou um tombo hist\u00f3rico de 9,7% no segundo trimestre, na compara\u00e7\u00e3o com os tr\u00eas primeiros meses do ano, segundo dados divulgados nesta ter\u00e7a-feira pelo IBGE. Em rela\u00e7\u00e3o a igual per\u00edodo de 2019, o PIB caiu 11,4%. Ambas as taxas foram as quedas mais intensas da s\u00e9rie, iniciada em 1996.<\/p>\n\n\n\n<p>(El Pais. encurtador.com.br\/gm478. Publicado em 01.09.2020)<\/p>\n\n\n\n<p>Sobre o contexto econ\u00f4mico atual, \u00e9 correto afirmar que<\/p>\n\n\n\n<p>(A) os setores mais afetados por essa retra\u00e7\u00e3o econ\u00f4mica foram o industrial e o de servi\u00e7os.<\/p>\n\n\n\n<p>(B) tem liga\u00e7\u00e3o direta com a queda vertiginosa das exporta\u00e7\u00f5es, sobretudo para a Europa.<\/p>\n\n\n\n<p>(C) n\u00e3o se relaciona \u00e0s medidas sanit\u00e1rias e faz parte da recess\u00e3o econ\u00f4mica que ocorre desde o ano passado.<\/p>\n\n\n\n<p>(D) o Brasil teve o pior desempenho econ\u00f4mico se comparado a todos os pa\u00edses da Am\u00e9rica Latina.<\/p>\n\n\n\n<p>(E) o aux\u00edlio emergencial n\u00e3o influenciou em nenhuma esfera os atuais resultados na economia nacional.<\/p>\n\n\n\n<p><strong>COMENT\u00c1RIOS:<\/strong><\/p>\n\n\n\n<p>No segundo trimestre de o 2020, o PIB brasileiro registrou o maior tombo desde 1996. O resultado foi influenciado fortemente pelos efeitos da pandemia do coronav\u00edrus na atividade econ\u00f4mica e os efeitos das medidas de isolamento social. O segundo trimestre, que compreende os meses de maio, junho e julho, foram o pico da pandemia no pa\u00eds, quando as medidas de distanciamento e isolamento social mais foram difundidas e adotadas.<\/p>\n\n\n\n<p>A maior queda se deu no setor industrial (-12,3%), causada pela paralisa\u00e7\u00e3o das atividades manufatureiras. O setor de servi\u00e7os foi o segundo com maior queda (-9,7%). J\u00e1 o setor da agropecu\u00e1ria apresentou varia\u00e7\u00e3o positiva de 0,4%. Portanto, nosso gabarito \u00e9 a letra \u201cA\u201d. Vamos analisar o erro das demais alternativas:<\/p>\n\n\n\n<p><strong>b) Incorreta.<\/strong> Frente \u00e0 pandemia de coronav\u00edrus, o com\u00e9rcio global diminuiu significativamente, sobretudo em rela\u00e7\u00e3o \u00e0s mercadorias industrializadas, j\u00e1 que grande parte das ind\u00fastrias paralisaram suas atividades. Contudo, como o Brasil \u00e9 um grande exportador de commodities, produtos em seu estado bruto ou pouco processados, n\u00e3o teve uma grande queda em suas exporta\u00e7\u00f5es, que, inclusive, registraram alta de 1,8%, ao passo que as importa\u00e7\u00f5es recuaram 13,2%.<\/p>\n\n\n\n<p><strong>c) Incorreta.<\/strong> O contexto econ\u00f4mico do segundo trimestre de 2020 se relacionou \u00e0s medidas sanit\u00e1rias do distanciamento e isolamento social, que paralisaram parcial ou totalmente as atividades econ\u00f4micas para o enfrentamento da pandemia, sobretudo \u00e0s do setor industrial e de servi\u00e7os.<\/p>\n\n\n\n<p><strong>d) Incorreto.<\/strong> Apesar do desempenho ruim, o Brasil n\u00e3o teve o pior desempenho econ\u00f4mico se comparado a todos os pa\u00edses da Am\u00e9rica Latina. O Peru teve a pior queda, -27,2%. Outros pa\u00edses que tamb\u00e9m registraram queda maior foram o M\u00e9xico (-17,1%), Col\u00f4mbia (-14,9%) e Chile (-13,2%).<\/p>\n\n\n\n<p><strong>e) Incorreto.<\/strong> O aux\u00edlio emergencial influenciou os resultados. Economistas apontaram que, ainda que o benef\u00edcio n\u00e3o tenha sido suficiente para reverter a queda de 9,7% do PIB no segundo trimestre de 2020, o tombo seria bem maior se n\u00e3o houvesse a transfer\u00eancia de renda, podendo chegar a mais de 15%.<\/p>\n\n\n\n<p><strong>Gabarito: A<\/strong><\/p>\n\n\n\n<p>25. Neste s\u00e1bado, 13, o governo anunciou que em setembro come\u00e7ar\u00e1 a produzir grandes lotes de uma vacina contra a covid-19. \u201cOs testes cl\u00ednicos ser\u00e3o realizados em julho, o registro estatal em agosto e a produ\u00e7\u00e3o come\u00e7ar\u00e1 em setembro\u201d, disse Tatyana Golikova, vice-primeira-ministra, em entrevista coletiva. De acordo com o Kremlin, 50 soldados \u2013 45 homens e cinco mulheres \u2013 ofereceram-se para participar dos testes cl\u00ednicos. O Centro Nacional de Investiga\u00e7\u00e3o em Epidemiologia e Microbiologia Gamalei, que trabalha em coopera\u00e7\u00e3o com o Minist\u00e9rio da Defesa, ser\u00e1 o respons\u00e1vel pela produ\u00e7\u00e3o.<\/p>\n\n\n\n<p>(Veja. https:\/\/cutt.ly\/VfRIxmO. Publicado em 13.06.2020. Adaptado)<\/p>\n\n\n\n<p>De acordo com a not\u00edcia, o an\u00fancio sobre a produ\u00e7\u00e3o de vacina contra a covid-19 foi feito<\/p>\n\n\n\n<p>(A) pelos E.U.A.<\/p>\n\n\n\n<p>(B) pela Inglaterra.<\/p>\n\n\n\n<p>(C) pela China.<\/p>\n\n\n\n<p>(D) pela R\u00fassia.<\/p>\n\n\n\n<p>(E) pela It\u00e1lia.<\/p>\n\n\n\n<p><strong>COMENT\u00c1RIOS:<\/strong><\/p>\n\n\n\n<p>O an\u00fancio sobre a produ\u00e7\u00e3o da vacina contra a covid-19 foi feito pela R\u00fassia. A quest\u00e3o traz uma dica importante quando cita o Kremlin, que \u00e9 um termo utilizado para se referir a casa do governo da R\u00fassia.<\/p>\n\n\n\n<p>A R\u00fassia foi o primeiro pa\u00eds a anunciar o registro de um imunizante contra a covid-19 e a vacina\u00e7\u00e3o de sua popula\u00e7\u00e3o. Quando do an\u00fancio do registro, os testes n\u00e3o estavam conclu\u00eddos e a vacina n\u00e3o recebeu o respaldo internacional dos cientistas.<\/p>\n\n\n\n<p><strong>Gabarito: D<\/strong><\/p>\n","protected":false},"excerpt":{"rendered":"<p>Ol\u00e1 pessoal, Seguem os meus coment\u00e1rios \u00e0 prova de Guarda Civil Municipal (GCM) de Ferraz de Vasconcelos. A prova foi aplicada em 25\/10\/2020. Foram cinco quest\u00f5es bem ao estilo da banca Vunesp em Atualidades. O Lu\u00eds Fernando, meu aluno, que me enviou a prova, gabaritou Atualidades. Todas os fatos cobrados nas quest\u00f5es estavam nos meus [&hellip;]<\/p>\n","protected":false},"author":306,"featured_media":0,"comment_status":"open","ping_status":"closed","sticky":false,"template":"","format":"standard","meta":{"post_tipo":"article","footnotes":""},"categories":[1],"tags":[549,31496,31495,31606],"tax_estado":[],"class_list":["post-599029","post","type-post","status-publish","format-standard","hentry","category-cursos-e-concursos","tag-atualidades","tag-atualidades-para-concurso","tag-atualidades-para-concursos","tag-atualidades-vunesp"],"acf":[],"yoast_head":"<!-- This site is optimized with the Yoast SEO Premium plugin v27.2 (Yoast SEO v27.2) - https:\/\/yoast.com\/product\/yoast-seo-premium-wordpress\/ -->\n<title>Atualidades - coment\u00e1rios \u00e0 prova de GCM - Ferraz de Vasconcelos - Vunesp<\/title>\n<meta name=\"robots\" content=\"index, follow, max-snippet:-1, max-image-preview:large, max-video-preview:-1\" \/>\n<link rel=\"canonical\" href=\"https:\/\/www.estrategiaconcursos.com.br\/blog\/atualidades-comentarios-a-prova-de-gcm-ferraz-de-vasconcelos-vunesp\/\" \/>\n<meta property=\"og:locale\" content=\"pt_BR\" \/>\n<meta property=\"og:type\" content=\"article\" \/>\n<meta property=\"og:title\" content=\"Atualidades - coment\u00e1rios \u00e0 prova de GCM - Ferraz de Vasconcelos - Vunesp\" \/>\n<meta property=\"og:description\" content=\"Ol\u00e1 pessoal, Seguem os meus coment\u00e1rios \u00e0 prova de Guarda Civil Municipal (GCM) de Ferraz de Vasconcelos. A prova foi aplicada em 25\/10\/2020. Foram cinco quest\u00f5es bem ao estilo da banca Vunesp em Atualidades. O Lu\u00eds Fernando, meu aluno, que me enviou a prova, gabaritou Atualidades. Todas os fatos cobrados nas quest\u00f5es estavam nos meus [&hellip;]\" \/>\n<meta property=\"og:url\" content=\"https:\/\/www.estrategiaconcursos.com.br\/blog\/atualidades-comentarios-a-prova-de-gcm-ferraz-de-vasconcelos-vunesp\/\" \/>\n<meta property=\"og:site_name\" content=\"Estrat\u00e9gia Concursos\" \/>\n<meta property=\"article:author\" content=\"https:\/\/www.facebook.com\/leandrosignoriatualidades\/\" \/>\n<meta property=\"article:published_time\" content=\"2020-10-29T20:42:10+00:00\" \/>\n<meta property=\"article:modified_time\" content=\"2020-10-29T20:42:13+00:00\" \/>\n<meta name=\"author\" content=\"Leandro Signori\" \/>\n<meta name=\"twitter:card\" content=\"summary_large_image\" \/>\n<meta name=\"twitter:creator\" content=\"@EstratConcursos\" \/>\n<meta name=\"twitter:site\" content=\"@EstratConcursos\" \/>\n<meta name=\"twitter:label1\" content=\"Escrito por\" \/>\n\t<meta name=\"twitter:data1\" content=\"Leandro Signori\" \/>\n\t<meta name=\"twitter:label2\" content=\"Est. tempo de leitura\" \/>\n\t<meta name=\"twitter:data2\" content=\"9 minutos\" \/>\n<script type=\"application\/ld+json\" class=\"yoast-schema-graph\">{\"@context\":\"https:\/\/schema.org\",\"@graph\":[{\"@type\":\"NewsArticle\",\"@id\":\"https:\/\/www.estrategiaconcursos.com.br\/blog\/atualidades-comentarios-a-prova-de-gcm-ferraz-de-vasconcelos-vunesp\/#article\",\"isPartOf\":{\"@id\":\"https:\/\/www.estrategiaconcursos.com.br\/blog\/atualidades-comentarios-a-prova-de-gcm-ferraz-de-vasconcelos-vunesp\/\"},\"author\":{\"name\":\"Leandro Signori\",\"@id\":\"https:\/\/www.estrategiaconcursos.com.br\/blog\/#\/schema\/person\/d2e7d78de4b9d6ba51cc24fd558a7f42\"},\"headline\":\"Atualidades &#8211; coment\u00e1rios \u00e0 prova de GCM &#8211; Ferraz de Vasconcelos &#8211; Vunesp\",\"datePublished\":\"2020-10-29T20:42:10+00:00\",\"dateModified\":\"2020-10-29T20:42:13+00:00\",\"mainEntityOfPage\":{\"@id\":\"https:\/\/www.estrategiaconcursos.com.br\/blog\/atualidades-comentarios-a-prova-de-gcm-ferraz-de-vasconcelos-vunesp\/\"},\"wordCount\":1763,\"commentCount\":1,\"publisher\":{\"@id\":\"https:\/\/www.estrategiaconcursos.com.br\/blog\/#organization\"},\"keywords\":[\"Atualidades\",\"Atualidades para Concurso\",\"Atualidades para Concursos\",\"Atualidades Vunesp\"],\"articleSection\":[\"Concursos P\u00fablicos\"],\"inLanguage\":\"pt-BR\",\"potentialAction\":[{\"@type\":\"CommentAction\",\"name\":\"Comment\",\"target\":[\"https:\/\/www.estrategiaconcursos.com.br\/blog\/atualidades-comentarios-a-prova-de-gcm-ferraz-de-vasconcelos-vunesp\/#respond\"]}],\"copyrightYear\":\"2020\",\"copyrightHolder\":{\"@id\":\"https:\/\/www.estrategiaconcursos.com.br\/blog\/#organization\"}},{\"@type\":\"WebPage\",\"@id\":\"https:\/\/www.estrategiaconcursos.com.br\/blog\/atualidades-comentarios-a-prova-de-gcm-ferraz-de-vasconcelos-vunesp\/\",\"url\":\"https:\/\/www.estrategiaconcursos.com.br\/blog\/atualidades-comentarios-a-prova-de-gcm-ferraz-de-vasconcelos-vunesp\/\",\"name\":\"Atualidades - coment\u00e1rios \u00e0 prova de GCM - Ferraz de Vasconcelos - Vunesp\",\"isPartOf\":{\"@id\":\"https:\/\/www.estrategiaconcursos.com.br\/blog\/#website\"},\"datePublished\":\"2020-10-29T20:42:10+00:00\",\"dateModified\":\"2020-10-29T20:42:13+00:00\",\"breadcrumb\":{\"@id\":\"https:\/\/www.estrategiaconcursos.com.br\/blog\/atualidades-comentarios-a-prova-de-gcm-ferraz-de-vasconcelos-vunesp\/#breadcrumb\"},\"inLanguage\":\"pt-BR\",\"potentialAction\":[{\"@type\":\"ReadAction\",\"target\":[\"https:\/\/www.estrategiaconcursos.com.br\/blog\/atualidades-comentarios-a-prova-de-gcm-ferraz-de-vasconcelos-vunesp\/\"]}]},{\"@type\":\"BreadcrumbList\",\"@id\":\"https:\/\/www.estrategiaconcursos.com.br\/blog\/atualidades-comentarios-a-prova-de-gcm-ferraz-de-vasconcelos-vunesp\/#breadcrumb\",\"itemListElement\":[{\"@type\":\"ListItem\",\"position\":1,\"name\":\"In\u00edcio\",\"item\":\"https:\/\/www.estrategiaconcursos.com.br\/blog\/\"},{\"@type\":\"ListItem\",\"position\":2,\"name\":\"Atualidades &#8211; coment\u00e1rios \u00e0 prova de GCM &#8211; Ferraz de Vasconcelos &#8211; Vunesp\"}]},{\"@type\":\"WebSite\",\"@id\":\"https:\/\/www.estrategiaconcursos.com.br\/blog\/#website\",\"url\":\"https:\/\/www.estrategiaconcursos.com.br\/blog\/\",\"name\":\"Estrat\u00e9gia Concursos\",\"description\":\"O blog da Estrat\u00e9gia Concursos traz not\u00edcias sobre concursos e artigos de professores oferecendo cursos para concursos (pdf + videaulas) no site.\",\"publisher\":{\"@id\":\"https:\/\/www.estrategiaconcursos.com.br\/blog\/#organization\"},\"potentialAction\":[{\"@type\":\"SearchAction\",\"target\":{\"@type\":\"EntryPoint\",\"urlTemplate\":\"https:\/\/www.estrategiaconcursos.com.br\/blog\/?s={search_term_string}\"},\"query-input\":{\"@type\":\"PropertyValueSpecification\",\"valueRequired\":true,\"valueName\":\"search_term_string\"}}],\"inLanguage\":\"pt-BR\"},{\"@type\":\"Organization\",\"@id\":\"https:\/\/www.estrategiaconcursos.com.br\/blog\/#organization\",\"name\":\"Estrat\u00e9gia Concursos\",\"url\":\"https:\/\/www.estrategiaconcursos.com.br\/blog\/\",\"logo\":{\"@type\":\"ImageObject\",\"inLanguage\":\"pt-BR\",\"@id\":\"https:\/\/www.estrategiaconcursos.com.br\/blog\/#\/schema\/logo\/image\/\",\"url\":\"https:\/\/dhg1h5j42swfq.cloudfront.net\/2025\/06\/03203428\/logo_concursos-1.jpg\",\"contentUrl\":\"https:\/\/dhg1h5j42swfq.cloudfront.net\/2025\/06\/03203428\/logo_concursos-1.jpg\",\"width\":230,\"height\":60,\"caption\":\"Estrat\u00e9gia Concursos\"},\"image\":{\"@id\":\"https:\/\/www.estrategiaconcursos.com.br\/blog\/#\/schema\/logo\/image\/\"},\"sameAs\":[\"https:\/\/x.com\/EstratConcursos\"]},{\"@type\":\"Person\",\"@id\":\"https:\/\/www.estrategiaconcursos.com.br\/blog\/#\/schema\/person\/d2e7d78de4b9d6ba51cc24fd558a7f42\",\"name\":\"Leandro Signori\",\"image\":{\"@type\":\"ImageObject\",\"inLanguage\":\"pt-BR\",\"@id\":\"https:\/\/secure.gravatar.com\/avatar\/aa2ef98e93764dcf1758f52d2792d4b3e4089ee25bc520608dde62ad802ae541?s=96&d=mm&r=g\",\"url\":\"https:\/\/secure.gravatar.com\/avatar\/aa2ef98e93764dcf1758f52d2792d4b3e4089ee25bc520608dde62ad802ae541?s=96&d=mm&r=g\",\"contentUrl\":\"https:\/\/secure.gravatar.com\/avatar\/aa2ef98e93764dcf1758f52d2792d4b3e4089ee25bc520608dde62ad802ae541?s=96&d=mm&r=g\",\"caption\":\"Leandro Signori\"},\"description\":\"Licenciado em Geografia pela Universidade Federal do Rio Grande do Sul (UFRGS) e Bacharel em Geografia pela Uniceub (Bras\u00edlia). Como servidor p\u00fablico, foi funcion\u00e1rio da Prefeitura de S\u00e3o Leopoldo (RS), Prefeitura de Porto Alegre (RS), Companhia Riograndense de Saneamento (Corsan) e Minist\u00e9rio da Integra\u00e7\u00e3o Nacional. \u00c9 professor de Geografia para o ensino m\u00e9dio na rede particular de ensino. Leciona as disciplinas de Atualidades, Conhecimentos Gerais, Geografia, Realidade Brasileira e Hist\u00f3ria, em cursos on line e presenciais preparat\u00f3rios para concursos p\u00fablicos.\",\"sameAs\":[\"https:\/\/www.facebook.com\/leandrosignoriatualidades\/\"],\"url\":\"https:\/\/www.estrategiaconcursos.com.br\/blog\/author\/leandroestrategiaconcursos-com-br\/\"}]}<\/script>\n<!-- \/ Yoast SEO Premium plugin. -->","yoast_head_json":{"title":"Atualidades - coment\u00e1rios \u00e0 prova de GCM - Ferraz de Vasconcelos - Vunesp","robots":{"index":"index","follow":"follow","max-snippet":"max-snippet:-1","max-image-preview":"max-image-preview:large","max-video-preview":"max-video-preview:-1"},"canonical":"https:\/\/www.estrategiaconcursos.com.br\/blog\/atualidades-comentarios-a-prova-de-gcm-ferraz-de-vasconcelos-vunesp\/","og_locale":"pt_BR","og_type":"article","og_title":"Atualidades - coment\u00e1rios \u00e0 prova de GCM - Ferraz de Vasconcelos - Vunesp","og_description":"Ol\u00e1 pessoal, Seguem os meus coment\u00e1rios \u00e0 prova de Guarda Civil Municipal (GCM) de Ferraz de Vasconcelos. A prova foi aplicada em 25\/10\/2020. Foram cinco quest\u00f5es bem ao estilo da banca Vunesp em Atualidades. O Lu\u00eds Fernando, meu aluno, que me enviou a prova, gabaritou Atualidades. Todas os fatos cobrados nas quest\u00f5es estavam nos meus [&hellip;]","og_url":"https:\/\/www.estrategiaconcursos.com.br\/blog\/atualidades-comentarios-a-prova-de-gcm-ferraz-de-vasconcelos-vunesp\/","og_site_name":"Estrat\u00e9gia Concursos","article_author":"https:\/\/www.facebook.com\/leandrosignoriatualidades\/","article_published_time":"2020-10-29T20:42:10+00:00","article_modified_time":"2020-10-29T20:42:13+00:00","author":"Leandro Signori","twitter_card":"summary_large_image","twitter_creator":"@EstratConcursos","twitter_site":"@EstratConcursos","twitter_misc":{"Escrito por":"Leandro Signori","Est. tempo de leitura":"9 minutos"},"schema":{"@context":"https:\/\/schema.org","@graph":[{"@type":"NewsArticle","@id":"https:\/\/www.estrategiaconcursos.com.br\/blog\/atualidades-comentarios-a-prova-de-gcm-ferraz-de-vasconcelos-vunesp\/#article","isPartOf":{"@id":"https:\/\/www.estrategiaconcursos.com.br\/blog\/atualidades-comentarios-a-prova-de-gcm-ferraz-de-vasconcelos-vunesp\/"},"author":{"name":"Leandro Signori","@id":"https:\/\/www.estrategiaconcursos.com.br\/blog\/#\/schema\/person\/d2e7d78de4b9d6ba51cc24fd558a7f42"},"headline":"Atualidades &#8211; coment\u00e1rios \u00e0 prova de GCM &#8211; Ferraz de Vasconcelos &#8211; Vunesp","datePublished":"2020-10-29T20:42:10+00:00","dateModified":"2020-10-29T20:42:13+00:00","mainEntityOfPage":{"@id":"https:\/\/www.estrategiaconcursos.com.br\/blog\/atualidades-comentarios-a-prova-de-gcm-ferraz-de-vasconcelos-vunesp\/"},"wordCount":1763,"commentCount":1,"publisher":{"@id":"https:\/\/www.estrategiaconcursos.com.br\/blog\/#organization"},"keywords":["Atualidades","Atualidades para Concurso","Atualidades para Concursos","Atualidades Vunesp"],"articleSection":["Concursos P\u00fablicos"],"inLanguage":"pt-BR","potentialAction":[{"@type":"CommentAction","name":"Comment","target":["https:\/\/www.estrategiaconcursos.com.br\/blog\/atualidades-comentarios-a-prova-de-gcm-ferraz-de-vasconcelos-vunesp\/#respond"]}],"copyrightYear":"2020","copyrightHolder":{"@id":"https:\/\/www.estrategiaconcursos.com.br\/blog\/#organization"}},{"@type":"WebPage","@id":"https:\/\/www.estrategiaconcursos.com.br\/blog\/atualidades-comentarios-a-prova-de-gcm-ferraz-de-vasconcelos-vunesp\/","url":"https:\/\/www.estrategiaconcursos.com.br\/blog\/atualidades-comentarios-a-prova-de-gcm-ferraz-de-vasconcelos-vunesp\/","name":"Atualidades - coment\u00e1rios \u00e0 prova de GCM - Ferraz de Vasconcelos - Vunesp","isPartOf":{"@id":"https:\/\/www.estrategiaconcursos.com.br\/blog\/#website"},"datePublished":"2020-10-29T20:42:10+00:00","dateModified":"2020-10-29T20:42:13+00:00","breadcrumb":{"@id":"https:\/\/www.estrategiaconcursos.com.br\/blog\/atualidades-comentarios-a-prova-de-gcm-ferraz-de-vasconcelos-vunesp\/#breadcrumb"},"inLanguage":"pt-BR","potentialAction":[{"@type":"ReadAction","target":["https:\/\/www.estrategiaconcursos.com.br\/blog\/atualidades-comentarios-a-prova-de-gcm-ferraz-de-vasconcelos-vunesp\/"]}]},{"@type":"BreadcrumbList","@id":"https:\/\/www.estrategiaconcursos.com.br\/blog\/atualidades-comentarios-a-prova-de-gcm-ferraz-de-vasconcelos-vunesp\/#breadcrumb","itemListElement":[{"@type":"ListItem","position":1,"name":"In\u00edcio","item":"https:\/\/www.estrategiaconcursos.com.br\/blog\/"},{"@type":"ListItem","position":2,"name":"Atualidades &#8211; coment\u00e1rios \u00e0 prova de GCM &#8211; Ferraz de Vasconcelos &#8211; Vunesp"}]},{"@type":"WebSite","@id":"https:\/\/www.estrategiaconcursos.com.br\/blog\/#website","url":"https:\/\/www.estrategiaconcursos.com.br\/blog\/","name":"Estrat\u00e9gia Concursos","description":"O blog da Estrat\u00e9gia Concursos traz not\u00edcias sobre concursos e artigos de professores oferecendo cursos para concursos (pdf + videaulas) no site.","publisher":{"@id":"https:\/\/www.estrategiaconcursos.com.br\/blog\/#organization"},"potentialAction":[{"@type":"SearchAction","target":{"@type":"EntryPoint","urlTemplate":"https:\/\/www.estrategiaconcursos.com.br\/blog\/?s={search_term_string}"},"query-input":{"@type":"PropertyValueSpecification","valueRequired":true,"valueName":"search_term_string"}}],"inLanguage":"pt-BR"},{"@type":"Organization","@id":"https:\/\/www.estrategiaconcursos.com.br\/blog\/#organization","name":"Estrat\u00e9gia Concursos","url":"https:\/\/www.estrategiaconcursos.com.br\/blog\/","logo":{"@type":"ImageObject","inLanguage":"pt-BR","@id":"https:\/\/www.estrategiaconcursos.com.br\/blog\/#\/schema\/logo\/image\/","url":"https:\/\/dhg1h5j42swfq.cloudfront.net\/2025\/06\/03203428\/logo_concursos-1.jpg","contentUrl":"https:\/\/dhg1h5j42swfq.cloudfront.net\/2025\/06\/03203428\/logo_concursos-1.jpg","width":230,"height":60,"caption":"Estrat\u00e9gia Concursos"},"image":{"@id":"https:\/\/www.estrategiaconcursos.com.br\/blog\/#\/schema\/logo\/image\/"},"sameAs":["https:\/\/x.com\/EstratConcursos"]},{"@type":"Person","@id":"https:\/\/www.estrategiaconcursos.com.br\/blog\/#\/schema\/person\/d2e7d78de4b9d6ba51cc24fd558a7f42","name":"Leandro Signori","image":{"@type":"ImageObject","inLanguage":"pt-BR","@id":"https:\/\/secure.gravatar.com\/avatar\/aa2ef98e93764dcf1758f52d2792d4b3e4089ee25bc520608dde62ad802ae541?s=96&d=mm&r=g","url":"https:\/\/secure.gravatar.com\/avatar\/aa2ef98e93764dcf1758f52d2792d4b3e4089ee25bc520608dde62ad802ae541?s=96&d=mm&r=g","contentUrl":"https:\/\/secure.gravatar.com\/avatar\/aa2ef98e93764dcf1758f52d2792d4b3e4089ee25bc520608dde62ad802ae541?s=96&d=mm&r=g","caption":"Leandro Signori"},"description":"Licenciado em Geografia pela Universidade Federal do Rio Grande do Sul (UFRGS) e Bacharel em Geografia pela Uniceub (Bras\u00edlia). Como servidor p\u00fablico, foi funcion\u00e1rio da Prefeitura de S\u00e3o Leopoldo (RS), Prefeitura de Porto Alegre (RS), Companhia Riograndense de Saneamento (Corsan) e Minist\u00e9rio da Integra\u00e7\u00e3o Nacional. \u00c9 professor de Geografia para o ensino m\u00e9dio na rede particular de ensino. Leciona as disciplinas de Atualidades, Conhecimentos Gerais, Geografia, Realidade Brasileira e Hist\u00f3ria, em cursos on line e presenciais preparat\u00f3rios para concursos p\u00fablicos.","sameAs":["https:\/\/www.facebook.com\/leandrosignoriatualidades\/"],"url":"https:\/\/www.estrategiaconcursos.com.br\/blog\/author\/leandroestrategiaconcursos-com-br\/"}]}},"_links":{"self":[{"href":"https:\/\/www.estrategiaconcursos.com.br\/blog\/wp-json\/wp\/v2\/posts\/599029","targetHints":{"allow":["GET"]}}],"collection":[{"href":"https:\/\/www.estrategiaconcursos.com.br\/blog\/wp-json\/wp\/v2\/posts"}],"about":[{"href":"https:\/\/www.estrategiaconcursos.com.br\/blog\/wp-json\/wp\/v2\/types\/post"}],"author":[{"embeddable":true,"href":"https:\/\/www.estrategiaconcursos.com.br\/blog\/wp-json\/wp\/v2\/users\/306"}],"replies":[{"embeddable":true,"href":"https:\/\/www.estrategiaconcursos.com.br\/blog\/wp-json\/wp\/v2\/comments?post=599029"}],"version-history":[{"count":3,"href":"https:\/\/www.estrategiaconcursos.com.br\/blog\/wp-json\/wp\/v2\/posts\/599029\/revisions"}],"predecessor-version":[{"id":599049,"href":"https:\/\/www.estrategiaconcursos.com.br\/blog\/wp-json\/wp\/v2\/posts\/599029\/revisions\/599049"}],"wp:attachment":[{"href":"https:\/\/www.estrategiaconcursos.com.br\/blog\/wp-json\/wp\/v2\/media?parent=599029"}],"wp:term":[{"taxonomy":"category","embeddable":true,"href":"https:\/\/www.estrategiaconcursos.com.br\/blog\/wp-json\/wp\/v2\/categories?post=599029"},{"taxonomy":"post_tag","embeddable":true,"href":"https:\/\/www.estrategiaconcursos.com.br\/blog\/wp-json\/wp\/v2\/tags?post=599029"},{"taxonomy":"tax_estado","embeddable":true,"href":"https:\/\/www.estrategiaconcursos.com.br\/blog\/wp-json\/wp\/v2\/tax_estado?post=599029"}],"curies":[{"name":"wp","href":"https:\/\/api.w.org\/{rel}","templated":true}]}}