{"id":598833,"date":"2020-11-09T07:28:12","date_gmt":"2020-11-09T10:28:12","guid":{"rendered":"https:\/\/www.estrategiaconcursos.com.br\/blog\/?p=598833"},"modified":"2023-06-22T09:18:17","modified_gmt":"2023-06-22T12:18:17","slug":"curso-de-reta-final-pc-sp","status":"publish","type":"post","link":"https:\/\/www.estrategiaconcursos.com.br\/blog\/curso-de-reta-final-pc-sp\/","title":{"rendered":"Curso de Reta Final PC-SP: aulas gratuitas a partir desta segunda!"},"content":{"rendered":"\n<p>Nesta segunda-feira 09 de novembro, a partir das 08h30, a equipe de professores do Estrat\u00e9gia dar\u00e1 in\u00edcio ao &#8220;<em>Curso de Reta Final PC-SP<\/em>&#8220;, uma s\u00e9rie de aulas gratuitas que envolver\u00e3o o concurso Delegado SP. Acesse ao vivo e gratuitamente pelo canal do Estrat\u00e9gia Carreira Jur\u00eddica no Youtube. <\/p>\n\n\n\n<h3 class=\"wp-block-heading\" id=\"h-curso-de-reta-final-pc-sp-cronograma\">Curso de Reta Final PC-SP &#8211; Cronograma<\/h3>\n\n\n\n<ul class=\"wp-block-list\">\n<li><strong>Data:<\/strong> 09 de novembro <\/li>\n\n\n\n<li><strong>Hor\u00e1rio:<\/strong> 08:30 <\/li>\n\n\n\n<li><strong>Onde:<\/strong> <a rel=\"noreferrer noopener\" href=\"https:\/\/www.youtube.com\/watch?v=VkPGo_grfEI\" target=\"_blank\">Canal do Estrat\u00e9gia Carreira Jur\u00eddicas no Youtube<\/a><\/li>\n<\/ul>\n\n\n\n<p>Acompanhe abaixo a programa\u00e7\u00e3o com os temas que ser\u00e3o ministrados por cada professor: <\/p>\n\n\n\n<figure class=\"wp-block-table is-style-stripes\"><table class=\"has-background has-fixed-layout\" style=\"background-color:#e7f5fe\"><tbody><tr><td><strong>Mat\u00e9ria<\/strong><\/td><td><strong>Professor<\/strong><\/td><\/tr><tr><td>Legisla\u00e7\u00e3o Policial<\/td><td>Paulo Bilynskyj<\/td><\/tr><tr><td>Legisla\u00e7\u00e3o Penal Especial<\/td><td>Ivan Marques<\/td><\/tr><tr><td>Medicina Legal<\/td><td>Paulo Bilynskyj<\/td><\/tr><tr><td>Direito Processual Penal<\/td><td>Fernando Bezerra<\/td><\/tr><tr><td>Inform\u00e1tica<\/td><td>Ranielison dos Passos<\/td><\/tr><tr><td>Direito Constitucional<\/td><td>Nelma Fontana<\/td><\/tr><tr><td>Direito Administrativo<\/td><td>Bruno Bettti<\/td><\/tr><tr><td>Direito Civil<\/td><td>Paulo Sousa<\/td><\/tr><tr><td>Direito Penal<\/td><td>Ivo Martins<\/td><\/tr><tr><td>Direitos Humanos<\/td><td>Ricardo Torques<\/td><\/tr><\/tbody><\/table><\/figure>\n\n\n\n<h3 class=\"wp-block-heading\" id=\"h-curso-de-reta-final-pc-sp-curiosidades\">Curso de Reta Final PC-SP &#8211; Curiosidades<\/h3>\n\n\n\n<p>O <strong>Delegado-Geral da Pol\u00edcia Civil <\/strong>de S\u00e3o Paulo, <em>Ruy Ferraz Fontes<\/em>, em uma entrevista para a Associa\u00e7\u00e3o dos Delegados de Pol\u00edcia do Estado (ADPESP), revelou que o <strong>edital do pr\u00f3ximo concurso Delegado SP j\u00e1 est\u00e1 pronto <\/strong>para publica\u00e7\u00e3o e que somente aguarda autoriza\u00e7\u00e3o do governo paulista.<\/p>\n\n\n\n<p>O certame foi autorizado em junho do ano passado e prev\u00ea a oferta de <strong>250 cargos<\/strong> da classe inicial da carreira de <strong>Delegado de Pol\u00edcia Civil<\/strong>. A previs\u00e3o \u00e9 que o <strong>edital<\/strong> seja publicado ainda este ano, com conclus\u00e3o em 2021. Recentemente, inclusive, a <strong>Pol\u00edcia Civil de S\u00e3o Paulo<\/strong> homologou a forma\u00e7\u00e3o da <strong>comiss\u00e3o organizadora<\/strong> do concurso. <\/p>\n\n\n\n<p>Para concorrer ao cargo, o candidato deve ser portador do diploma de bacharel em Direito e comprovar o exerc\u00edcio de, pelo menos,&nbsp;<strong>2 anos<\/strong> de atividade jur\u00eddica, at\u00e9 a data da posse, ou de atividade policial, at\u00e9 a publica\u00e7\u00e3o do edital.<\/p>\n\n\n\n<p>Se voc\u00ea est\u00e1 se preparando para o certame, n\u00e3o perca essa s\u00e9rie de conte\u00fados gratuitos e exclusivos! <\/p>\n\n\n\n<h2 class=\"wp-block-heading\" id=\"h-quer-estudar-para-pc-sp\">Quer estudar para PC-SP?<\/h2>\n\n\n\n<p class=\"has-text-align-center\"><em>Gostou dessa oportunidade e deseja se preparar para o concurso PC-SP? Acesse e confira nosso curso abaixo:<\/em><\/p>\n\n\n\n<div class=\"container\" id=\"boxes\">\n  <div class=\"row\">\n\n    <div class=\"col-sm\">\n      <div class=\"banner-ecj\" id=\"box-assinatura\">\n        <h3 class=\"titulo-assinatura\">Curso para Delegado-SP <\/h3>\n        <p class=\"subtitulo-assinatura\">Cursos focados no edital do concurso<\/p>\n        <div class=\"box-botao\">\n          <a class=\"btn-assinatura\" target=\"_blank\" href=\"https:\/\/www.estrategiaconcursos.com.br\/cursosPorConcurso\/pc-sp-policia-civil-de-sao-paulo-delegado\/\" role=\"button\" rel=\"noopener noreferrer\">Conhe\u00e7a mais<\/a>\n        <\/div>\n      <\/div>\n      <p class=\"texto-auxiliar\">Prepare-se com o melhor material e com quem mais aprova em concursos de Procuradorias em todo o pa\u00eds. \n<\/p>\n    <\/div>\n\n  <\/div>\n<\/div>\n\n\n\n<div class=\"container\" id=\"boxes\">\n  <div class=\"row\">\n\n    <div class=\"col-sm\">\n      <div class=\"questoes\" id=\"box-assinatura\">\n        <h3 class=\"titulo-assinatura\">Sistema de Quest\u00f5es<\/h3>\n        <p class=\"subtitulo-assinatura\">Assinatura Ilimitada*\n<\/p>\n        <div class=\"box-botao\">\n          <a class=\"btn-assinatura\" target=\"_blank\" href=\"https:\/\/www.estrategiaconcursos.com.br\/cursosPorConcurso\/sistema-de-questoes\/#\/\" role=\"button\" rel=\"noopener noreferrer\">ASSINE AGORA<\/a>\n        <\/div>\n      <\/div>\n      <p class=\"texto-auxiliar\">Estrat\u00e9gia Quest\u00f5es nasceu maior do que todos os concorrentes, com mais quest\u00f5es cadastradas e mais solu\u00e7\u00f5es por professores. Clique no link e aproveite os descontos e b\u00f4nus imperd\u00edveis!<\/p>\n    <\/div>\n  <\/div>\n<\/div>\n\n\n\n<div class=\"container\" id=\"boxes\">\n  <div class=\"row\">\n\n    <div class=\"col-sm\">\n      <div class=\"banner-ecj\" id=\"box-assinatura\">\n        <h3 class=\"titulo-assinatura\">Assinatura Jur\u00eddica <\/h3>\n        <p class=\"subtitulo-assinatura\">Conhe\u00e7a os planos<\/p>\n        <div class=\"box-botao\">\n          <a class=\"btn-assinatura\" target=\"_blank\" href=\"https:\/\/www.estrategiaconcursos.com.br\/assinaturas-ecj\/\" role=\"button\" rel=\"noopener noreferrer\">Conhe\u00e7a mais<\/a>\n        <\/div>\n      <\/div>\n      <p class=\"texto-auxiliar\">Prepare-se com o melhor material e com quem mais aprova em Concursos P\u00fablicos em todo o pa\u00eds. \n<\/p>\n    <\/div>\n\n  <\/div>\n<\/div>\n","protected":false},"excerpt":{"rendered":"<p>Nesta segunda-feira 09 de novembro, a partir das 08h30, a equipe de professores do Estrat\u00e9gia dar\u00e1 in\u00edcio ao &#8220;Curso de Reta Final PC-SP&#8220;, uma s\u00e9rie de aulas gratuitas que envolver\u00e3o o concurso Delegado SP. Acesse ao vivo e gratuitamente pelo canal do Estrat\u00e9gia Carreira Jur\u00eddica no Youtube. Curso de Reta Final PC-SP &#8211; Cronograma Acompanhe [&hellip;]<\/p>\n","protected":false},"author":1482,"featured_media":598856,"comment_status":"open","ping_status":"closed","sticky":false,"template":"","format":"standard","meta":{"post_tipo":"article","footnotes":""},"categories":[1,2185],"tags":[],"tax_estado":[],"class_list":["post-598833","post","type-post","status-publish","format-standard","has-post-thumbnail","hentry","category-cursos-e-concursos","category-carreiras-juridicas"],"acf":[],"yoast_head":"<!-- This site is optimized with the Yoast SEO Premium plugin v27.2 (Yoast SEO v27.2) - https:\/\/yoast.com\/product\/yoast-seo-premium-wordpress\/ -->\n<title>Curso de Reta Final PC-SP: aulas gratuitas a partir desta segunda!<\/title>\n<meta name=\"description\" content=\"A partir desta segunda-feira se inicia o Curso de Reta Final PC-SP para voc\u00ea que est\u00e1 se preparando para ser Delegado no Estado de S\u00e3o Paulo.\" \/>\n<meta name=\"robots\" content=\"index, follow, max-snippet:-1, max-image-preview:large, max-video-preview:-1\" \/>\n<link rel=\"canonical\" href=\"https:\/\/www.estrategiaconcursos.com.br\/blog\/curso-de-reta-final-pc-sp\/\" \/>\n<meta property=\"og:locale\" content=\"pt_BR\" \/>\n<meta property=\"og:type\" content=\"article\" \/>\n<meta property=\"og:title\" content=\"Curso de Reta Final PC-SP: aulas gratuitas a partir desta segunda!\" \/>\n<meta property=\"og:description\" content=\"A partir desta segunda-feira se inicia o Curso de Reta Final PC-SP para voc\u00ea que est\u00e1 se preparando para ser Delegado no Estado de S\u00e3o Paulo.\" \/>\n<meta property=\"og:url\" content=\"https:\/\/www.estrategiaconcursos.com.br\/blog\/curso-de-reta-final-pc-sp\/\" \/>\n<meta property=\"og:site_name\" content=\"Estrat\u00e9gia Concursos\" \/>\n<meta property=\"article:published_time\" content=\"2020-11-09T10:28:12+00:00\" \/>\n<meta property=\"article:modified_time\" content=\"2023-06-22T12:18:17+00:00\" \/>\n<meta property=\"og:image\" content=\"https:\/\/dhg1h5j42swfq.cloudfront.net\/2020\/10\/29144132\/1280-720-max-7.jpg\" \/>\n\t<meta property=\"og:image:width\" content=\"1280\" \/>\n\t<meta property=\"og:image:height\" content=\"720\" \/>\n\t<meta property=\"og:image:type\" content=\"image\/jpeg\" \/>\n<meta name=\"author\" content=\"Diego Cerqueira\" \/>\n<meta name=\"twitter:card\" content=\"summary_large_image\" \/>\n<meta name=\"twitter:creator\" content=\"@EstratConcursos\" \/>\n<meta name=\"twitter:site\" content=\"@EstratConcursos\" \/>\n<meta name=\"twitter:label1\" content=\"Escrito por\" \/>\n\t<meta name=\"twitter:data1\" content=\"Diego Cerqueira\" \/>\n\t<meta name=\"twitter:label2\" content=\"Est. tempo de leitura\" \/>\n\t<meta name=\"twitter:data2\" content=\"2 minutos\" \/>\n<script type=\"application\/ld+json\" class=\"yoast-schema-graph\">{\"@context\":\"https:\/\/schema.org\",\"@graph\":[{\"@type\":\"NewsArticle\",\"@id\":\"https:\/\/www.estrategiaconcursos.com.br\/blog\/curso-de-reta-final-pc-sp\/#article\",\"isPartOf\":{\"@id\":\"https:\/\/www.estrategiaconcursos.com.br\/blog\/curso-de-reta-final-pc-sp\/\"},\"author\":{\"name\":\"Diego Cerqueira\",\"@id\":\"https:\/\/www.estrategiaconcursos.com.br\/blog\/#\/schema\/person\/dd9f6d98671a3ac63bf25b40baf6f2e2\"},\"headline\":\"Curso de Reta Final PC-SP: aulas gratuitas a partir desta segunda!\",\"datePublished\":\"2020-11-09T10:28:12+00:00\",\"dateModified\":\"2023-06-22T12:18:17+00:00\",\"mainEntityOfPage\":{\"@id\":\"https:\/\/www.estrategiaconcursos.com.br\/blog\/curso-de-reta-final-pc-sp\/\"},\"wordCount\":456,\"commentCount\":0,\"publisher\":{\"@id\":\"https:\/\/www.estrategiaconcursos.com.br\/blog\/#organization\"},\"image\":{\"@id\":\"https:\/\/www.estrategiaconcursos.com.br\/blog\/curso-de-reta-final-pc-sp\/#primaryimage\"},\"thumbnailUrl\":\"https:\/\/dhg1h5j42swfq.cloudfront.net\/2020\/10\/29144132\/1280-720-max-7.jpg\",\"articleSection\":[\"Concursos P\u00fablicos\",\"Jur\u00eddico\"],\"inLanguage\":\"pt-BR\",\"potentialAction\":[{\"@type\":\"CommentAction\",\"name\":\"Comment\",\"target\":[\"https:\/\/www.estrategiaconcursos.com.br\/blog\/curso-de-reta-final-pc-sp\/#respond\"]}],\"copyrightYear\":\"2020\",\"copyrightHolder\":{\"@id\":\"https:\/\/www.estrategiaconcursos.com.br\/blog\/#organization\"}},{\"@type\":\"WebPage\",\"@id\":\"https:\/\/www.estrategiaconcursos.com.br\/blog\/curso-de-reta-final-pc-sp\/\",\"url\":\"https:\/\/www.estrategiaconcursos.com.br\/blog\/curso-de-reta-final-pc-sp\/\",\"name\":\"Curso de Reta Final PC-SP: aulas gratuitas a partir desta segunda!\",\"isPartOf\":{\"@id\":\"https:\/\/www.estrategiaconcursos.com.br\/blog\/#website\"},\"primaryImageOfPage\":{\"@id\":\"https:\/\/www.estrategiaconcursos.com.br\/blog\/curso-de-reta-final-pc-sp\/#primaryimage\"},\"image\":{\"@id\":\"https:\/\/www.estrategiaconcursos.com.br\/blog\/curso-de-reta-final-pc-sp\/#primaryimage\"},\"thumbnailUrl\":\"https:\/\/dhg1h5j42swfq.cloudfront.net\/2020\/10\/29144132\/1280-720-max-7.jpg\",\"datePublished\":\"2020-11-09T10:28:12+00:00\",\"dateModified\":\"2023-06-22T12:18:17+00:00\",\"description\":\"A partir desta segunda-feira se inicia o Curso de Reta Final PC-SP para voc\u00ea que est\u00e1 se preparando para ser Delegado no Estado de S\u00e3o Paulo.\",\"breadcrumb\":{\"@id\":\"https:\/\/www.estrategiaconcursos.com.br\/blog\/curso-de-reta-final-pc-sp\/#breadcrumb\"},\"inLanguage\":\"pt-BR\",\"potentialAction\":[{\"@type\":\"ReadAction\",\"target\":[\"https:\/\/www.estrategiaconcursos.com.br\/blog\/curso-de-reta-final-pc-sp\/\"]}]},{\"@type\":\"ImageObject\",\"inLanguage\":\"pt-BR\",\"@id\":\"https:\/\/www.estrategiaconcursos.com.br\/blog\/curso-de-reta-final-pc-sp\/#primaryimage\",\"url\":\"https:\/\/dhg1h5j42swfq.cloudfront.net\/2020\/10\/29144132\/1280-720-max-7.jpg\",\"contentUrl\":\"https:\/\/dhg1h5j42swfq.cloudfront.net\/2020\/10\/29144132\/1280-720-max-7.jpg\",\"width\":1280,\"height\":720,\"caption\":\"Curso de Reta Final PC-SP\"},{\"@type\":\"BreadcrumbList\",\"@id\":\"https:\/\/www.estrategiaconcursos.com.br\/blog\/curso-de-reta-final-pc-sp\/#breadcrumb\",\"itemListElement\":[{\"@type\":\"ListItem\",\"position\":1,\"name\":\"In\u00edcio\",\"item\":\"https:\/\/www.estrategiaconcursos.com.br\/blog\/\"},{\"@type\":\"ListItem\",\"position\":2,\"name\":\"Curso de Reta Final PC-SP: aulas gratuitas a partir desta segunda!\"}]},{\"@type\":\"WebSite\",\"@id\":\"https:\/\/www.estrategiaconcursos.com.br\/blog\/#website\",\"url\":\"https:\/\/www.estrategiaconcursos.com.br\/blog\/\",\"name\":\"Estrat\u00e9gia Concursos\",\"description\":\"O blog da Estrat\u00e9gia Concursos traz not\u00edcias sobre concursos e artigos de professores oferecendo cursos para concursos (pdf + videaulas) no site.\",\"publisher\":{\"@id\":\"https:\/\/www.estrategiaconcursos.com.br\/blog\/#organization\"},\"potentialAction\":[{\"@type\":\"SearchAction\",\"target\":{\"@type\":\"EntryPoint\",\"urlTemplate\":\"https:\/\/www.estrategiaconcursos.com.br\/blog\/?s={search_term_string}\"},\"query-input\":{\"@type\":\"PropertyValueSpecification\",\"valueRequired\":true,\"valueName\":\"search_term_string\"}}],\"inLanguage\":\"pt-BR\"},{\"@type\":\"Organization\",\"@id\":\"https:\/\/www.estrategiaconcursos.com.br\/blog\/#organization\",\"name\":\"Estrat\u00e9gia Concursos\",\"url\":\"https:\/\/www.estrategiaconcursos.com.br\/blog\/\",\"logo\":{\"@type\":\"ImageObject\",\"inLanguage\":\"pt-BR\",\"@id\":\"https:\/\/www.estrategiaconcursos.com.br\/blog\/#\/schema\/logo\/image\/\",\"url\":\"https:\/\/dhg1h5j42swfq.cloudfront.net\/2025\/06\/03203428\/logo_concursos-1.jpg\",\"contentUrl\":\"https:\/\/dhg1h5j42swfq.cloudfront.net\/2025\/06\/03203428\/logo_concursos-1.jpg\",\"width\":230,\"height\":60,\"caption\":\"Estrat\u00e9gia Concursos\"},\"image\":{\"@id\":\"https:\/\/www.estrategiaconcursos.com.br\/blog\/#\/schema\/logo\/image\/\"},\"sameAs\":[\"https:\/\/x.com\/EstratConcursos\"]},{\"@type\":\"Person\",\"@id\":\"https:\/\/www.estrategiaconcursos.com.br\/blog\/#\/schema\/person\/dd9f6d98671a3ac63bf25b40baf6f2e2\",\"name\":\"Diego Cerqueira\",\"image\":{\"@type\":\"ImageObject\",\"inLanguage\":\"pt-BR\",\"@id\":\"https:\/\/secure.gravatar.com\/avatar\/93f5bbe4c5469a613830caa67379a40ab60d82fa495e4fbb9e4039bce737c0cc?s=96&d=mm&r=g\",\"url\":\"https:\/\/secure.gravatar.com\/avatar\/93f5bbe4c5469a613830caa67379a40ab60d82fa495e4fbb9e4039bce737c0cc?s=96&d=mm&r=g\",\"contentUrl\":\"https:\/\/secure.gravatar.com\/avatar\/93f5bbe4c5469a613830caa67379a40ab60d82fa495e4fbb9e4039bce737c0cc?s=96&d=mm&r=g\",\"caption\":\"Diego Cerqueira\"},\"url\":\"https:\/\/www.estrategiaconcursos.com.br\/blog\/author\/diegocerqueiraestrategiaconcursos-com-br-2\/\"}]}<\/script>\n<!-- \/ Yoast SEO Premium plugin. -->","yoast_head_json":{"title":"Curso de Reta Final PC-SP: aulas gratuitas a partir desta segunda!","description":"A partir desta segunda-feira se inicia o Curso de Reta Final PC-SP para voc\u00ea que est\u00e1 se preparando para ser Delegado no Estado de S\u00e3o Paulo.","robots":{"index":"index","follow":"follow","max-snippet":"max-snippet:-1","max-image-preview":"max-image-preview:large","max-video-preview":"max-video-preview:-1"},"canonical":"https:\/\/www.estrategiaconcursos.com.br\/blog\/curso-de-reta-final-pc-sp\/","og_locale":"pt_BR","og_type":"article","og_title":"Curso de Reta Final PC-SP: aulas gratuitas a partir desta segunda!","og_description":"A partir desta segunda-feira se inicia o Curso de Reta Final PC-SP para voc\u00ea que est\u00e1 se preparando para ser Delegado no Estado de S\u00e3o Paulo.","og_url":"https:\/\/www.estrategiaconcursos.com.br\/blog\/curso-de-reta-final-pc-sp\/","og_site_name":"Estrat\u00e9gia Concursos","article_published_time":"2020-11-09T10:28:12+00:00","article_modified_time":"2023-06-22T12:18:17+00:00","og_image":[{"width":1280,"height":720,"url":"https:\/\/dhg1h5j42swfq.cloudfront.net\/2020\/10\/29144132\/1280-720-max-7.jpg","type":"image\/jpeg"}],"author":"Diego Cerqueira","twitter_card":"summary_large_image","twitter_creator":"@EstratConcursos","twitter_site":"@EstratConcursos","twitter_misc":{"Escrito por":"Diego Cerqueira","Est. tempo de leitura":"2 minutos"},"schema":{"@context":"https:\/\/schema.org","@graph":[{"@type":"NewsArticle","@id":"https:\/\/www.estrategiaconcursos.com.br\/blog\/curso-de-reta-final-pc-sp\/#article","isPartOf":{"@id":"https:\/\/www.estrategiaconcursos.com.br\/blog\/curso-de-reta-final-pc-sp\/"},"author":{"name":"Diego Cerqueira","@id":"https:\/\/www.estrategiaconcursos.com.br\/blog\/#\/schema\/person\/dd9f6d98671a3ac63bf25b40baf6f2e2"},"headline":"Curso de Reta Final PC-SP: aulas gratuitas a partir desta segunda!","datePublished":"2020-11-09T10:28:12+00:00","dateModified":"2023-06-22T12:18:17+00:00","mainEntityOfPage":{"@id":"https:\/\/www.estrategiaconcursos.com.br\/blog\/curso-de-reta-final-pc-sp\/"},"wordCount":456,"commentCount":0,"publisher":{"@id":"https:\/\/www.estrategiaconcursos.com.br\/blog\/#organization"},"image":{"@id":"https:\/\/www.estrategiaconcursos.com.br\/blog\/curso-de-reta-final-pc-sp\/#primaryimage"},"thumbnailUrl":"https:\/\/dhg1h5j42swfq.cloudfront.net\/2020\/10\/29144132\/1280-720-max-7.jpg","articleSection":["Concursos P\u00fablicos","Jur\u00eddico"],"inLanguage":"pt-BR","potentialAction":[{"@type":"CommentAction","name":"Comment","target":["https:\/\/www.estrategiaconcursos.com.br\/blog\/curso-de-reta-final-pc-sp\/#respond"]}],"copyrightYear":"2020","copyrightHolder":{"@id":"https:\/\/www.estrategiaconcursos.com.br\/blog\/#organization"}},{"@type":"WebPage","@id":"https:\/\/www.estrategiaconcursos.com.br\/blog\/curso-de-reta-final-pc-sp\/","url":"https:\/\/www.estrategiaconcursos.com.br\/blog\/curso-de-reta-final-pc-sp\/","name":"Curso de Reta Final PC-SP: aulas gratuitas a partir desta segunda!","isPartOf":{"@id":"https:\/\/www.estrategiaconcursos.com.br\/blog\/#website"},"primaryImageOfPage":{"@id":"https:\/\/www.estrategiaconcursos.com.br\/blog\/curso-de-reta-final-pc-sp\/#primaryimage"},"image":{"@id":"https:\/\/www.estrategiaconcursos.com.br\/blog\/curso-de-reta-final-pc-sp\/#primaryimage"},"thumbnailUrl":"https:\/\/dhg1h5j42swfq.cloudfront.net\/2020\/10\/29144132\/1280-720-max-7.jpg","datePublished":"2020-11-09T10:28:12+00:00","dateModified":"2023-06-22T12:18:17+00:00","description":"A partir desta segunda-feira se inicia o Curso de Reta Final PC-SP para voc\u00ea que est\u00e1 se preparando para ser Delegado no Estado de S\u00e3o Paulo.","breadcrumb":{"@id":"https:\/\/www.estrategiaconcursos.com.br\/blog\/curso-de-reta-final-pc-sp\/#breadcrumb"},"inLanguage":"pt-BR","potentialAction":[{"@type":"ReadAction","target":["https:\/\/www.estrategiaconcursos.com.br\/blog\/curso-de-reta-final-pc-sp\/"]}]},{"@type":"ImageObject","inLanguage":"pt-BR","@id":"https:\/\/www.estrategiaconcursos.com.br\/blog\/curso-de-reta-final-pc-sp\/#primaryimage","url":"https:\/\/dhg1h5j42swfq.cloudfront.net\/2020\/10\/29144132\/1280-720-max-7.jpg","contentUrl":"https:\/\/dhg1h5j42swfq.cloudfront.net\/2020\/10\/29144132\/1280-720-max-7.jpg","width":1280,"height":720,"caption":"Curso de Reta Final PC-SP"},{"@type":"BreadcrumbList","@id":"https:\/\/www.estrategiaconcursos.com.br\/blog\/curso-de-reta-final-pc-sp\/#breadcrumb","itemListElement":[{"@type":"ListItem","position":1,"name":"In\u00edcio","item":"https:\/\/www.estrategiaconcursos.com.br\/blog\/"},{"@type":"ListItem","position":2,"name":"Curso de Reta Final PC-SP: aulas gratuitas a partir desta segunda!"}]},{"@type":"WebSite","@id":"https:\/\/www.estrategiaconcursos.com.br\/blog\/#website","url":"https:\/\/www.estrategiaconcursos.com.br\/blog\/","name":"Estrat\u00e9gia Concursos","description":"O blog da Estrat\u00e9gia Concursos traz not\u00edcias sobre concursos e artigos de professores oferecendo cursos para concursos (pdf + videaulas) no site.","publisher":{"@id":"https:\/\/www.estrategiaconcursos.com.br\/blog\/#organization"},"potentialAction":[{"@type":"SearchAction","target":{"@type":"EntryPoint","urlTemplate":"https:\/\/www.estrategiaconcursos.com.br\/blog\/?s={search_term_string}"},"query-input":{"@type":"PropertyValueSpecification","valueRequired":true,"valueName":"search_term_string"}}],"inLanguage":"pt-BR"},{"@type":"Organization","@id":"https:\/\/www.estrategiaconcursos.com.br\/blog\/#organization","name":"Estrat\u00e9gia Concursos","url":"https:\/\/www.estrategiaconcursos.com.br\/blog\/","logo":{"@type":"ImageObject","inLanguage":"pt-BR","@id":"https:\/\/www.estrategiaconcursos.com.br\/blog\/#\/schema\/logo\/image\/","url":"https:\/\/dhg1h5j42swfq.cloudfront.net\/2025\/06\/03203428\/logo_concursos-1.jpg","contentUrl":"https:\/\/dhg1h5j42swfq.cloudfront.net\/2025\/06\/03203428\/logo_concursos-1.jpg","width":230,"height":60,"caption":"Estrat\u00e9gia Concursos"},"image":{"@id":"https:\/\/www.estrategiaconcursos.com.br\/blog\/#\/schema\/logo\/image\/"},"sameAs":["https:\/\/x.com\/EstratConcursos"]},{"@type":"Person","@id":"https:\/\/www.estrategiaconcursos.com.br\/blog\/#\/schema\/person\/dd9f6d98671a3ac63bf25b40baf6f2e2","name":"Diego Cerqueira","image":{"@type":"ImageObject","inLanguage":"pt-BR","@id":"https:\/\/secure.gravatar.com\/avatar\/93f5bbe4c5469a613830caa67379a40ab60d82fa495e4fbb9e4039bce737c0cc?s=96&d=mm&r=g","url":"https:\/\/secure.gravatar.com\/avatar\/93f5bbe4c5469a613830caa67379a40ab60d82fa495e4fbb9e4039bce737c0cc?s=96&d=mm&r=g","contentUrl":"https:\/\/secure.gravatar.com\/avatar\/93f5bbe4c5469a613830caa67379a40ab60d82fa495e4fbb9e4039bce737c0cc?s=96&d=mm&r=g","caption":"Diego Cerqueira"},"url":"https:\/\/www.estrategiaconcursos.com.br\/blog\/author\/diegocerqueiraestrategiaconcursos-com-br-2\/"}]}},"_links":{"self":[{"href":"https:\/\/www.estrategiaconcursos.com.br\/blog\/wp-json\/wp\/v2\/posts\/598833","targetHints":{"allow":["GET"]}}],"collection":[{"href":"https:\/\/www.estrategiaconcursos.com.br\/blog\/wp-json\/wp\/v2\/posts"}],"about":[{"href":"https:\/\/www.estrategiaconcursos.com.br\/blog\/wp-json\/wp\/v2\/types\/post"}],"author":[{"embeddable":true,"href":"https:\/\/www.estrategiaconcursos.com.br\/blog\/wp-json\/wp\/v2\/users\/1482"}],"replies":[{"embeddable":true,"href":"https:\/\/www.estrategiaconcursos.com.br\/blog\/wp-json\/wp\/v2\/comments?post=598833"}],"version-history":[{"count":8,"href":"https:\/\/www.estrategiaconcursos.com.br\/blog\/wp-json\/wp\/v2\/posts\/598833\/revisions"}],"predecessor-version":[{"id":1236932,"href":"https:\/\/www.estrategiaconcursos.com.br\/blog\/wp-json\/wp\/v2\/posts\/598833\/revisions\/1236932"}],"wp:featuredmedia":[{"embeddable":true,"href":"https:\/\/www.estrategiaconcursos.com.br\/blog\/wp-json\/wp\/v2\/media\/598856"}],"wp:attachment":[{"href":"https:\/\/www.estrategiaconcursos.com.br\/blog\/wp-json\/wp\/v2\/media?parent=598833"}],"wp:term":[{"taxonomy":"category","embeddable":true,"href":"https:\/\/www.estrategiaconcursos.com.br\/blog\/wp-json\/wp\/v2\/categories?post=598833"},{"taxonomy":"post_tag","embeddable":true,"href":"https:\/\/www.estrategiaconcursos.com.br\/blog\/wp-json\/wp\/v2\/tags?post=598833"},{"taxonomy":"tax_estado","embeddable":true,"href":"https:\/\/www.estrategiaconcursos.com.br\/blog\/wp-json\/wp\/v2\/tax_estado?post=598833"}],"curies":[{"name":"wp","href":"https:\/\/api.w.org\/{rel}","templated":true}]}}