{"id":597851,"date":"2020-10-28T10:43:55","date_gmt":"2020-10-28T13:43:55","guid":{"rendered":"https:\/\/www.estrategiaconcursos.com.br\/blog\/?p=597851"},"modified":"2023-06-13T10:43:50","modified_gmt":"2023-06-13T13:43:50","slug":"comissao-do-concurso-pc-rn-alterada","status":"publish","type":"post","link":"https:\/\/www.estrategiaconcursos.com.br\/blog\/comissao-do-concurso-pc-rn-alterada\/","title":{"rendered":"Comiss\u00e3o do concurso PC RN sofre altera\u00e7\u00e3o; edital at\u00e9 31\/10!"},"content":{"rendered":"\n<p>Em publica\u00e7\u00e3o no Di\u00e1rio Oficial nesta quarta-feira, 28 de outubro, o concurso Pol\u00edcia Civil RN teve a comiss\u00e3o organizadora alterada. Veja a seguir o que mudou:<\/p>\n\n\n\n<figure class=\"wp-block-image aligncenter size-large\"><img loading=\"lazy\" decoding=\"async\" width=\"583\" height=\"283\" src=\"https:\/\/dhg1h5j42swfq.cloudfront.net\/2020\/10\/28102635\/image-303.png\" alt=\"\" class=\"wp-image-597862\" srcset=\"https:\/\/dhg1h5j42swfq.cloudfront.net\/2020\/10\/28102635\/image-303.png 583w, https:\/\/dhg1h5j42swfq.cloudfront.net\/2020\/10\/28102635\/image-303-300x146.png 300w\" sizes=\"auto, (max-width: 583px) 100vw, 583px\" \/><\/figure>\n\n\n\n<p>Recentemente, a Pol\u00edcia Civil do Rio Grande do Norte divulgou, por meio das redes sociais, a assinatura do contrato com a&nbsp;<strong>FGV<\/strong>&nbsp;(Funda\u00e7\u00e3o Get\u00falio Vagas) para a organiza\u00e7\u00e3o do certame.<\/p>\n\n\n\n<p>Lembrando que o edital do certame ser\u00e1 publicado&nbsp;<strong>at\u00e9 31 de outubro<\/strong>.<\/p>\n\n\n\n<p>Segundo o Termo de Ajustamento de Conduta (TAC) do concurso PC RN foi publicado no Di\u00e1rio Oficial. O certame ofertar\u00e1&nbsp;<strong>301<\/strong>&nbsp;vagas, sendo&nbsp;<strong>230<\/strong>&nbsp;para Agente,&nbsp;<strong>47<\/strong>&nbsp;para Delegado e&nbsp;<strong>24<\/strong>&nbsp;para Escriv\u00e3o.<\/p>\n\n\n\n<h3 class=\"wp-block-heading\" id=\"tac\">Datas do concurso segundo o TAC<\/h3>\n\n\n\n<p>A Secretaria de Estado da Administra\u00e7\u00e3o, a Delegacia-Geral de Pol\u00edcia Civil e a Comiss\u00e3o Especial do Concurso P\u00fablico firmam, em car\u00e1ter irrevog\u00e1vel no plano administrativo, os seguintes entendimentos:<\/p>\n\n\n\n<ul class=\"wp-block-list\">\n<li>A Delegacia-Geral de Pol\u00edcia Civil dar\u00e1 andamento ao Processo SEI, os quais ficam desde j\u00e1\u00a0<strong>ratificados,<\/strong>\u00a0mediante o seguinte cronograma:\n<ul class=\"wp-block-list\">\n<li>a) at\u00e9&nbsp;<strong>24 de agosto de 2020<\/strong>, a Comiss\u00e3o Permanente de Licita\u00e7\u00e3o da Pol\u00edcia Civil renovar\u00e1 a&nbsp;pesquisa mercadol\u00f3gica, como tamb\u00e9m a, no m\u00ednimo, outras&nbsp;<strong>quatro institui\u00e7\u00f5es brasileiras<\/strong>&nbsp;incumbidas regimental ou estatutariamente da pesquisa, para que apresentem, at\u00e9&nbsp;<strong>8 de setembro de 2020<\/strong>,&nbsp;<strong>propostas para a execu\u00e7\u00e3o dos servi\u00e7os<\/strong>&nbsp;descritos no Projeto B\u00e1sico;<\/li>\n\n\n\n<li>b) at\u00e9&nbsp;<strong>15 de setembro de 2020<\/strong>, a Delegada-Geral de Pol\u00edcia Civil editar\u00e1, a&nbsp;<strong>minuta do termo de dispensa de licita\u00e7\u00e3o<\/strong>.<\/li>\n\n\n\n<li>c) at\u00e9&nbsp;<strong>9 de outubro de 2020<\/strong>, a Delegada-Geral da Pol\u00edcia Civil&nbsp;<strong>celebrar\u00e1 contrato com a institui\u00e7\u00e3o escolhida<\/strong>.<\/li>\n<\/ul>\n<\/li>\n\n\n\n<li>Realiza\u00e7\u00e3o de Concurso P\u00fablico.<\/li>\n\n\n\n<li>O&nbsp;<strong>edital do concurso p\u00fablico<\/strong>&nbsp;dever\u00e1 ser publicado, ap\u00f3s aprova\u00e7\u00e3o da Comiss\u00e3o Especial do Concurso P\u00fablico, at\u00e9 o dia&nbsp;<strong>31 de outubro de 2020<\/strong>.<\/li>\n<\/ul>\n\n\n\n<p><strong>Confira o documento na \u00edntegra:&nbsp;<a href=\"https:\/\/dhg1h5j42swfq.cloudfront.net\/2020\/08\/27100527\/TAC-PC-RN.pdf\">TAC \u2013 PC RN<\/a><\/strong><\/p>\n\n\n\n<p class=\"has-text-align-center has-cyan-bluish-gray-background-color has-background\"><strong>Saiba mais: <a href=\"https:\/\/www.estrategiaconcursos.com.br\/blog\/concurso-policia-civil-rn\/\" target=\"_blank\" rel=\"noreferrer noopener\">concurso PC RN<\/a><\/strong><\/p>\n\n\n\n<h2 class=\"wp-block-heading has-text-align-center\" id=\"cursos-assinatura\">Quer estudar para o concurso da PC RN?<\/h2>\n\n\n\n<p class=\"has-text-align-center\"><em>Gostou dessa oportunidade e deseja se preparar? Confira abaixo nossos cursos exclusivos para este concurso e inicie agora seus estudos! N\u00e3o fique de fora:<\/em><\/p>\n\n\n\n<div class=\"container\" id=\"boxes\">\n  <div class=\"row\">\n\n    <div class=\"col-sm\">\n      <div class=\"banner-policial\" id=\"box-assinatura\">\n        <h3 class=\"titulo-assinatura\">Curso PCRN<\/h3>\n        <p class=\"subtitulo-assinatura\">Conhe\u00e7a os cursos<\/p>\n        <div class=\"box-botao\">\n          <a class=\"btn-assinatura\" target=\"_blank\" href=\"https:\/\/www.estrategiaconcursos.com.br\/cursosPorConcurso\/policia-civil-do-rio-grande-do-norte\/\/\" role=\"button\" rel=\"noopener noreferrer\">Conhe\u00e7a mais<\/a>\n        <\/div>\n      <\/div>\n      <p class=\"texto-auxiliar\">Prepare-se com o melhor material e com quem mais aprova em Concursos P\u00fablicos em todo o pa\u00eds. <\/p>\n    <\/div>\n\n  <\/div>\n<\/div>\n\n\n\n<div class=\"container\" id=\"boxes\">\n  <div class=\"row\">\n\n    <div class=\"col-sm\">\n      <div class=\"estrategia\" id=\"box-assinatura\">\n        <h3 class=\"titulo-assinatura\">Assinatura Ilimitada<\/h3>\n        <p class=\"subtitulo-assinatura\">Assinatura Anual Ilimitada*<\/p>\n        <div class=\"box-botao\">\n          <a class=\"btn-assinatura\" target=\"_blank\" href=\"https:\/\/www.estrategiaconcursos.com.br\/assinaturas\/\" role=\"button\" rel=\"noopener noreferrer\">ASSINE AGORA<\/a>\n        <\/div>\n      <\/div>\n      <p class=\"texto-auxiliar\">Prepare-se com o melhor material e com quem mais aprova em Concursos P\u00fablicos em todo o pa\u00eds. Assine agora a nossa Assinatura Anual e tenha acesso ilimitado* a todos os nossos cursos.<\/p>\n    <\/div>\n\n    <div class=\"col-sm\">\n      <div class=\"questoes\" id=\"box-assinatura\">\n        <h3 class=\"titulo-assinatura\">Sistema de Quest\u00f5es<\/h3>\n        <p class=\"subtitulo-assinatura\">Assinatura Ilimitada*<\/p>\n        <div class=\"box-botao\">\n          <a class=\"btn-assinatura\" target=\"_blank\" href=\"https:\/\/www.estrategiaconcursos.com.br\/cursosPorConcurso\/sistema-de-questoes\/#\/\" role=\"button\" rel=\"noopener noreferrer\">ASSINE AGORA<\/a>\n        <\/div>\n      <\/div>\n      <p class=\"texto-auxiliar\">Estrat\u00e9gia Quest\u00f5es nasceu maior do que todos os concorrentes, com mais quest\u00f5es cadastradas e mais solu\u00e7\u00f5es por professores. Clique no link e aproveite os descontos e b\u00f4nus imperd\u00edveis!<\/p>\n    <\/div>\n  <\/div>\n<\/div>\n","protected":false},"excerpt":{"rendered":"<p>Em publica\u00e7\u00e3o no Di\u00e1rio Oficial nesta quarta-feira, 28 de outubro, o concurso Pol\u00edcia Civil RN teve a comiss\u00e3o organizadora alterada. Veja a seguir o que mudou: Recentemente, a Pol\u00edcia Civil do Rio Grande do Norte divulgou, por meio das redes sociais, a assinatura do contrato com a&nbsp;FGV&nbsp;(Funda\u00e7\u00e3o Get\u00falio Vagas) para a organiza\u00e7\u00e3o do certame. Lembrando [&hellip;]<\/p>\n","protected":false},"author":552,"featured_media":404830,"comment_status":"open","ping_status":"closed","sticky":false,"template":"","format":"standard","meta":{"post_tipo":"article","footnotes":""},"categories":[1],"tags":[],"tax_estado":[219983],"class_list":["post-597851","post","type-post","status-publish","format-standard","has-post-thumbnail","hentry","category-cursos-e-concursos","tax_estado-rn"],"acf":[],"yoast_head":"<!-- This site is optimized with the Yoast SEO Premium plugin v27.2 (Yoast SEO v27.2) - https:\/\/yoast.com\/product\/yoast-seo-premium-wordpress\/ -->\n<title>Comiss\u00e3o do concurso PC RN sofre altera\u00e7\u00e3o; edital at\u00e9 31\/10!<\/title>\n<meta name=\"description\" content=\"Em publica\u00e7\u00e3o do Di\u00e1rio Oficial, o concurso Pol\u00edcia Civil RN teve a comiss\u00e3o organizadora alterada. Veja aqui todos os detalhes!\" \/>\n<meta name=\"robots\" content=\"index, follow, max-snippet:-1, max-image-preview:large, max-video-preview:-1\" \/>\n<link rel=\"canonical\" href=\"https:\/\/www.estrategiaconcursos.com.br\/blog\/comissao-do-concurso-pc-rn-alterada\/\" \/>\n<meta property=\"og:locale\" content=\"pt_BR\" \/>\n<meta property=\"og:type\" content=\"article\" \/>\n<meta property=\"og:title\" content=\"Comiss\u00e3o do concurso PC RN sofre altera\u00e7\u00e3o; edital at\u00e9 31\/10!\" \/>\n<meta property=\"og:description\" content=\"Em publica\u00e7\u00e3o do Di\u00e1rio Oficial, o concurso Pol\u00edcia Civil RN teve a comiss\u00e3o organizadora alterada. Veja aqui todos os detalhes!\" \/>\n<meta property=\"og:url\" content=\"https:\/\/www.estrategiaconcursos.com.br\/blog\/comissao-do-concurso-pc-rn-alterada\/\" \/>\n<meta property=\"og:site_name\" content=\"Estrat\u00e9gia Concursos\" \/>\n<meta property=\"article:published_time\" content=\"2020-10-28T13:43:55+00:00\" \/>\n<meta property=\"article:modified_time\" content=\"2023-06-13T13:43:50+00:00\" \/>\n<meta property=\"og:image\" content=\"https:\/\/dhg1h5j42swfq.cloudfront.net\/2019\/07\/01154155\/PC-RN2-e1564684924278.jpg\" \/>\n\t<meta property=\"og:image:width\" content=\"400\" \/>\n\t<meta property=\"og:image:height\" content=\"209\" \/>\n\t<meta property=\"og:image:type\" content=\"image\/jpeg\" \/>\n<meta name=\"author\" content=\"Paulo Bilynskyj\" \/>\n<meta name=\"twitter:card\" content=\"summary_large_image\" \/>\n<meta name=\"twitter:creator\" content=\"@EstratConcursos\" \/>\n<meta name=\"twitter:site\" content=\"@EstratConcursos\" \/>\n<meta name=\"twitter:label1\" content=\"Escrito por\" \/>\n\t<meta name=\"twitter:data1\" content=\"Paulo Bilynskyj\" \/>\n\t<meta name=\"twitter:label2\" content=\"Est. tempo de leitura\" \/>\n\t<meta name=\"twitter:data2\" content=\"2 minutos\" \/>\n<script type=\"application\/ld+json\" class=\"yoast-schema-graph\">{\"@context\":\"https:\/\/schema.org\",\"@graph\":[{\"@type\":\"NewsArticle\",\"@id\":\"https:\/\/www.estrategiaconcursos.com.br\/blog\/comissao-do-concurso-pc-rn-alterada\/#article\",\"isPartOf\":{\"@id\":\"https:\/\/www.estrategiaconcursos.com.br\/blog\/comissao-do-concurso-pc-rn-alterada\/\"},\"author\":{\"name\":\"Paulo Bilynskyj\",\"@id\":\"https:\/\/www.estrategiaconcursos.com.br\/blog\/#\/schema\/person\/a630b15e36f45b4c21fed01219843cb5\"},\"headline\":\"Comiss\u00e3o do concurso PC RN sofre altera\u00e7\u00e3o; edital at\u00e9 31\/10!\",\"datePublished\":\"2020-10-28T13:43:55+00:00\",\"dateModified\":\"2023-06-13T13:43:50+00:00\",\"mainEntityOfPage\":{\"@id\":\"https:\/\/www.estrategiaconcursos.com.br\/blog\/comissao-do-concurso-pc-rn-alterada\/\"},\"wordCount\":491,\"commentCount\":0,\"publisher\":{\"@id\":\"https:\/\/www.estrategiaconcursos.com.br\/blog\/#organization\"},\"image\":{\"@id\":\"https:\/\/www.estrategiaconcursos.com.br\/blog\/comissao-do-concurso-pc-rn-alterada\/#primaryimage\"},\"thumbnailUrl\":\"https:\/\/dhg1h5j42swfq.cloudfront.net\/2019\/07\/01154155\/PC-RN2-e1564684924278.jpg\",\"articleSection\":[\"Concursos P\u00fablicos\"],\"inLanguage\":\"pt-BR\",\"potentialAction\":[{\"@type\":\"CommentAction\",\"name\":\"Comment\",\"target\":[\"https:\/\/www.estrategiaconcursos.com.br\/blog\/comissao-do-concurso-pc-rn-alterada\/#respond\"]}],\"copyrightYear\":\"2020\",\"copyrightHolder\":{\"@id\":\"https:\/\/www.estrategiaconcursos.com.br\/blog\/#organization\"}},{\"@type\":\"WebPage\",\"@id\":\"https:\/\/www.estrategiaconcursos.com.br\/blog\/comissao-do-concurso-pc-rn-alterada\/\",\"url\":\"https:\/\/www.estrategiaconcursos.com.br\/blog\/comissao-do-concurso-pc-rn-alterada\/\",\"name\":\"Comiss\u00e3o do concurso PC RN sofre altera\u00e7\u00e3o; edital at\u00e9 31\/10!\",\"isPartOf\":{\"@id\":\"https:\/\/www.estrategiaconcursos.com.br\/blog\/#website\"},\"primaryImageOfPage\":{\"@id\":\"https:\/\/www.estrategiaconcursos.com.br\/blog\/comissao-do-concurso-pc-rn-alterada\/#primaryimage\"},\"image\":{\"@id\":\"https:\/\/www.estrategiaconcursos.com.br\/blog\/comissao-do-concurso-pc-rn-alterada\/#primaryimage\"},\"thumbnailUrl\":\"https:\/\/dhg1h5j42swfq.cloudfront.net\/2019\/07\/01154155\/PC-RN2-e1564684924278.jpg\",\"datePublished\":\"2020-10-28T13:43:55+00:00\",\"dateModified\":\"2023-06-13T13:43:50+00:00\",\"description\":\"Em publica\u00e7\u00e3o do Di\u00e1rio Oficial, o concurso Pol\u00edcia Civil RN teve a comiss\u00e3o organizadora alterada. Veja aqui todos os detalhes!\",\"breadcrumb\":{\"@id\":\"https:\/\/www.estrategiaconcursos.com.br\/blog\/comissao-do-concurso-pc-rn-alterada\/#breadcrumb\"},\"inLanguage\":\"pt-BR\",\"potentialAction\":[{\"@type\":\"ReadAction\",\"target\":[\"https:\/\/www.estrategiaconcursos.com.br\/blog\/comissao-do-concurso-pc-rn-alterada\/\"]}]},{\"@type\":\"ImageObject\",\"inLanguage\":\"pt-BR\",\"@id\":\"https:\/\/www.estrategiaconcursos.com.br\/blog\/comissao-do-concurso-pc-rn-alterada\/#primaryimage\",\"url\":\"https:\/\/dhg1h5j42swfq.cloudfront.net\/2019\/07\/01154155\/PC-RN2-e1564684924278.jpg\",\"contentUrl\":\"https:\/\/dhg1h5j42swfq.cloudfront.net\/2019\/07\/01154155\/PC-RN2-e1564684924278.jpg\",\"width\":400,\"height\":209,\"caption\":\"Concurso Pol\u00edcia Civil RN\"},{\"@type\":\"BreadcrumbList\",\"@id\":\"https:\/\/www.estrategiaconcursos.com.br\/blog\/comissao-do-concurso-pc-rn-alterada\/#breadcrumb\",\"itemListElement\":[{\"@type\":\"ListItem\",\"position\":1,\"name\":\"In\u00edcio\",\"item\":\"https:\/\/www.estrategiaconcursos.com.br\/blog\/\"},{\"@type\":\"ListItem\",\"position\":2,\"name\":\"Comiss\u00e3o do concurso PC RN sofre altera\u00e7\u00e3o; edital at\u00e9 31\/10!\"}]},{\"@type\":\"WebSite\",\"@id\":\"https:\/\/www.estrategiaconcursos.com.br\/blog\/#website\",\"url\":\"https:\/\/www.estrategiaconcursos.com.br\/blog\/\",\"name\":\"Estrat\u00e9gia Concursos\",\"description\":\"O blog da Estrat\u00e9gia Concursos traz not\u00edcias sobre concursos e artigos de professores oferecendo cursos para concursos (pdf + videaulas) no site.\",\"publisher\":{\"@id\":\"https:\/\/www.estrategiaconcursos.com.br\/blog\/#organization\"},\"potentialAction\":[{\"@type\":\"SearchAction\",\"target\":{\"@type\":\"EntryPoint\",\"urlTemplate\":\"https:\/\/www.estrategiaconcursos.com.br\/blog\/?s={search_term_string}\"},\"query-input\":{\"@type\":\"PropertyValueSpecification\",\"valueRequired\":true,\"valueName\":\"search_term_string\"}}],\"inLanguage\":\"pt-BR\"},{\"@type\":\"Organization\",\"@id\":\"https:\/\/www.estrategiaconcursos.com.br\/blog\/#organization\",\"name\":\"Estrat\u00e9gia Concursos\",\"url\":\"https:\/\/www.estrategiaconcursos.com.br\/blog\/\",\"logo\":{\"@type\":\"ImageObject\",\"inLanguage\":\"pt-BR\",\"@id\":\"https:\/\/www.estrategiaconcursos.com.br\/blog\/#\/schema\/logo\/image\/\",\"url\":\"https:\/\/dhg1h5j42swfq.cloudfront.net\/2025\/06\/03203428\/logo_concursos-1.jpg\",\"contentUrl\":\"https:\/\/dhg1h5j42swfq.cloudfront.net\/2025\/06\/03203428\/logo_concursos-1.jpg\",\"width\":230,\"height\":60,\"caption\":\"Estrat\u00e9gia Concursos\"},\"image\":{\"@id\":\"https:\/\/www.estrategiaconcursos.com.br\/blog\/#\/schema\/logo\/image\/\"},\"sameAs\":[\"https:\/\/x.com\/EstratConcursos\"]},{\"@type\":\"Person\",\"@id\":\"https:\/\/www.estrategiaconcursos.com.br\/blog\/#\/schema\/person\/a630b15e36f45b4c21fed01219843cb5\",\"name\":\"Paulo Bilynskyj\",\"image\":{\"@type\":\"ImageObject\",\"inLanguage\":\"pt-BR\",\"@id\":\"https:\/\/secure.gravatar.com\/avatar\/37e21f70c9042e7456beffdc6d31fe051f3f6dcbf252f69343a791b144852057?s=96&d=mm&r=g\",\"url\":\"https:\/\/secure.gravatar.com\/avatar\/37e21f70c9042e7456beffdc6d31fe051f3f6dcbf252f69343a791b144852057?s=96&d=mm&r=g\",\"contentUrl\":\"https:\/\/secure.gravatar.com\/avatar\/37e21f70c9042e7456beffdc6d31fe051f3f6dcbf252f69343a791b144852057?s=96&d=mm&r=g\",\"caption\":\"Paulo Bilynskyj\"},\"url\":\"https:\/\/www.estrategiaconcursos.com.br\/blog\/author\/pbilynskyjgmail-com\/\"}]}<\/script>\n<!-- \/ Yoast SEO Premium plugin. -->","yoast_head_json":{"title":"Comiss\u00e3o do concurso PC RN sofre altera\u00e7\u00e3o; edital at\u00e9 31\/10!","description":"Em publica\u00e7\u00e3o do Di\u00e1rio Oficial, o concurso Pol\u00edcia Civil RN teve a comiss\u00e3o organizadora alterada. Veja aqui todos os detalhes!","robots":{"index":"index","follow":"follow","max-snippet":"max-snippet:-1","max-image-preview":"max-image-preview:large","max-video-preview":"max-video-preview:-1"},"canonical":"https:\/\/www.estrategiaconcursos.com.br\/blog\/comissao-do-concurso-pc-rn-alterada\/","og_locale":"pt_BR","og_type":"article","og_title":"Comiss\u00e3o do concurso PC RN sofre altera\u00e7\u00e3o; edital at\u00e9 31\/10!","og_description":"Em publica\u00e7\u00e3o do Di\u00e1rio Oficial, o concurso Pol\u00edcia Civil RN teve a comiss\u00e3o organizadora alterada. Veja aqui todos os detalhes!","og_url":"https:\/\/www.estrategiaconcursos.com.br\/blog\/comissao-do-concurso-pc-rn-alterada\/","og_site_name":"Estrat\u00e9gia Concursos","article_published_time":"2020-10-28T13:43:55+00:00","article_modified_time":"2023-06-13T13:43:50+00:00","og_image":[{"width":400,"height":209,"url":"https:\/\/dhg1h5j42swfq.cloudfront.net\/2019\/07\/01154155\/PC-RN2-e1564684924278.jpg","type":"image\/jpeg"}],"author":"Paulo Bilynskyj","twitter_card":"summary_large_image","twitter_creator":"@EstratConcursos","twitter_site":"@EstratConcursos","twitter_misc":{"Escrito por":"Paulo Bilynskyj","Est. tempo de leitura":"2 minutos"},"schema":{"@context":"https:\/\/schema.org","@graph":[{"@type":"NewsArticle","@id":"https:\/\/www.estrategiaconcursos.com.br\/blog\/comissao-do-concurso-pc-rn-alterada\/#article","isPartOf":{"@id":"https:\/\/www.estrategiaconcursos.com.br\/blog\/comissao-do-concurso-pc-rn-alterada\/"},"author":{"name":"Paulo Bilynskyj","@id":"https:\/\/www.estrategiaconcursos.com.br\/blog\/#\/schema\/person\/a630b15e36f45b4c21fed01219843cb5"},"headline":"Comiss\u00e3o do concurso PC RN sofre altera\u00e7\u00e3o; edital at\u00e9 31\/10!","datePublished":"2020-10-28T13:43:55+00:00","dateModified":"2023-06-13T13:43:50+00:00","mainEntityOfPage":{"@id":"https:\/\/www.estrategiaconcursos.com.br\/blog\/comissao-do-concurso-pc-rn-alterada\/"},"wordCount":491,"commentCount":0,"publisher":{"@id":"https:\/\/www.estrategiaconcursos.com.br\/blog\/#organization"},"image":{"@id":"https:\/\/www.estrategiaconcursos.com.br\/blog\/comissao-do-concurso-pc-rn-alterada\/#primaryimage"},"thumbnailUrl":"https:\/\/dhg1h5j42swfq.cloudfront.net\/2019\/07\/01154155\/PC-RN2-e1564684924278.jpg","articleSection":["Concursos P\u00fablicos"],"inLanguage":"pt-BR","potentialAction":[{"@type":"CommentAction","name":"Comment","target":["https:\/\/www.estrategiaconcursos.com.br\/blog\/comissao-do-concurso-pc-rn-alterada\/#respond"]}],"copyrightYear":"2020","copyrightHolder":{"@id":"https:\/\/www.estrategiaconcursos.com.br\/blog\/#organization"}},{"@type":"WebPage","@id":"https:\/\/www.estrategiaconcursos.com.br\/blog\/comissao-do-concurso-pc-rn-alterada\/","url":"https:\/\/www.estrategiaconcursos.com.br\/blog\/comissao-do-concurso-pc-rn-alterada\/","name":"Comiss\u00e3o do concurso PC RN sofre altera\u00e7\u00e3o; edital at\u00e9 31\/10!","isPartOf":{"@id":"https:\/\/www.estrategiaconcursos.com.br\/blog\/#website"},"primaryImageOfPage":{"@id":"https:\/\/www.estrategiaconcursos.com.br\/blog\/comissao-do-concurso-pc-rn-alterada\/#primaryimage"},"image":{"@id":"https:\/\/www.estrategiaconcursos.com.br\/blog\/comissao-do-concurso-pc-rn-alterada\/#primaryimage"},"thumbnailUrl":"https:\/\/dhg1h5j42swfq.cloudfront.net\/2019\/07\/01154155\/PC-RN2-e1564684924278.jpg","datePublished":"2020-10-28T13:43:55+00:00","dateModified":"2023-06-13T13:43:50+00:00","description":"Em publica\u00e7\u00e3o do Di\u00e1rio Oficial, o concurso Pol\u00edcia Civil RN teve a comiss\u00e3o organizadora alterada. Veja aqui todos os detalhes!","breadcrumb":{"@id":"https:\/\/www.estrategiaconcursos.com.br\/blog\/comissao-do-concurso-pc-rn-alterada\/#breadcrumb"},"inLanguage":"pt-BR","potentialAction":[{"@type":"ReadAction","target":["https:\/\/www.estrategiaconcursos.com.br\/blog\/comissao-do-concurso-pc-rn-alterada\/"]}]},{"@type":"ImageObject","inLanguage":"pt-BR","@id":"https:\/\/www.estrategiaconcursos.com.br\/blog\/comissao-do-concurso-pc-rn-alterada\/#primaryimage","url":"https:\/\/dhg1h5j42swfq.cloudfront.net\/2019\/07\/01154155\/PC-RN2-e1564684924278.jpg","contentUrl":"https:\/\/dhg1h5j42swfq.cloudfront.net\/2019\/07\/01154155\/PC-RN2-e1564684924278.jpg","width":400,"height":209,"caption":"Concurso Pol\u00edcia Civil RN"},{"@type":"BreadcrumbList","@id":"https:\/\/www.estrategiaconcursos.com.br\/blog\/comissao-do-concurso-pc-rn-alterada\/#breadcrumb","itemListElement":[{"@type":"ListItem","position":1,"name":"In\u00edcio","item":"https:\/\/www.estrategiaconcursos.com.br\/blog\/"},{"@type":"ListItem","position":2,"name":"Comiss\u00e3o do concurso PC RN sofre altera\u00e7\u00e3o; edital at\u00e9 31\/10!"}]},{"@type":"WebSite","@id":"https:\/\/www.estrategiaconcursos.com.br\/blog\/#website","url":"https:\/\/www.estrategiaconcursos.com.br\/blog\/","name":"Estrat\u00e9gia Concursos","description":"O blog da Estrat\u00e9gia Concursos traz not\u00edcias sobre concursos e artigos de professores oferecendo cursos para concursos (pdf + videaulas) no site.","publisher":{"@id":"https:\/\/www.estrategiaconcursos.com.br\/blog\/#organization"},"potentialAction":[{"@type":"SearchAction","target":{"@type":"EntryPoint","urlTemplate":"https:\/\/www.estrategiaconcursos.com.br\/blog\/?s={search_term_string}"},"query-input":{"@type":"PropertyValueSpecification","valueRequired":true,"valueName":"search_term_string"}}],"inLanguage":"pt-BR"},{"@type":"Organization","@id":"https:\/\/www.estrategiaconcursos.com.br\/blog\/#organization","name":"Estrat\u00e9gia Concursos","url":"https:\/\/www.estrategiaconcursos.com.br\/blog\/","logo":{"@type":"ImageObject","inLanguage":"pt-BR","@id":"https:\/\/www.estrategiaconcursos.com.br\/blog\/#\/schema\/logo\/image\/","url":"https:\/\/dhg1h5j42swfq.cloudfront.net\/2025\/06\/03203428\/logo_concursos-1.jpg","contentUrl":"https:\/\/dhg1h5j42swfq.cloudfront.net\/2025\/06\/03203428\/logo_concursos-1.jpg","width":230,"height":60,"caption":"Estrat\u00e9gia Concursos"},"image":{"@id":"https:\/\/www.estrategiaconcursos.com.br\/blog\/#\/schema\/logo\/image\/"},"sameAs":["https:\/\/x.com\/EstratConcursos"]},{"@type":"Person","@id":"https:\/\/www.estrategiaconcursos.com.br\/blog\/#\/schema\/person\/a630b15e36f45b4c21fed01219843cb5","name":"Paulo Bilynskyj","image":{"@type":"ImageObject","inLanguage":"pt-BR","@id":"https:\/\/secure.gravatar.com\/avatar\/37e21f70c9042e7456beffdc6d31fe051f3f6dcbf252f69343a791b144852057?s=96&d=mm&r=g","url":"https:\/\/secure.gravatar.com\/avatar\/37e21f70c9042e7456beffdc6d31fe051f3f6dcbf252f69343a791b144852057?s=96&d=mm&r=g","contentUrl":"https:\/\/secure.gravatar.com\/avatar\/37e21f70c9042e7456beffdc6d31fe051f3f6dcbf252f69343a791b144852057?s=96&d=mm&r=g","caption":"Paulo Bilynskyj"},"url":"https:\/\/www.estrategiaconcursos.com.br\/blog\/author\/pbilynskyjgmail-com\/"}]}},"_links":{"self":[{"href":"https:\/\/www.estrategiaconcursos.com.br\/blog\/wp-json\/wp\/v2\/posts\/597851","targetHints":{"allow":["GET"]}}],"collection":[{"href":"https:\/\/www.estrategiaconcursos.com.br\/blog\/wp-json\/wp\/v2\/posts"}],"about":[{"href":"https:\/\/www.estrategiaconcursos.com.br\/blog\/wp-json\/wp\/v2\/types\/post"}],"author":[{"embeddable":true,"href":"https:\/\/www.estrategiaconcursos.com.br\/blog\/wp-json\/wp\/v2\/users\/552"}],"replies":[{"embeddable":true,"href":"https:\/\/www.estrategiaconcursos.com.br\/blog\/wp-json\/wp\/v2\/comments?post=597851"}],"version-history":[{"count":6,"href":"https:\/\/www.estrategiaconcursos.com.br\/blog\/wp-json\/wp\/v2\/posts\/597851\/revisions"}],"predecessor-version":[{"id":1231328,"href":"https:\/\/www.estrategiaconcursos.com.br\/blog\/wp-json\/wp\/v2\/posts\/597851\/revisions\/1231328"}],"wp:featuredmedia":[{"embeddable":true,"href":"https:\/\/www.estrategiaconcursos.com.br\/blog\/wp-json\/wp\/v2\/media\/404830"}],"wp:attachment":[{"href":"https:\/\/www.estrategiaconcursos.com.br\/blog\/wp-json\/wp\/v2\/media?parent=597851"}],"wp:term":[{"taxonomy":"category","embeddable":true,"href":"https:\/\/www.estrategiaconcursos.com.br\/blog\/wp-json\/wp\/v2\/categories?post=597851"},{"taxonomy":"post_tag","embeddable":true,"href":"https:\/\/www.estrategiaconcursos.com.br\/blog\/wp-json\/wp\/v2\/tags?post=597851"},{"taxonomy":"tax_estado","embeddable":true,"href":"https:\/\/www.estrategiaconcursos.com.br\/blog\/wp-json\/wp\/v2\/tax_estado?post=597851"}],"curies":[{"name":"wp","href":"https:\/\/api.w.org\/{rel}","templated":true}]}}