{"id":597401,"date":"2020-10-27T13:14:49","date_gmt":"2020-10-27T16:14:49","guid":{"rendered":"https:\/\/www.estrategiaconcursos.com.br\/blog\/?p=597401"},"modified":"2023-07-04T11:22:07","modified_gmt":"2023-07-04T14:22:07","slug":"prefeitura-de-videira-prova","status":"publish","type":"post","link":"https:\/\/www.estrategiaconcursos.com.br\/blog\/prefeitura-de-videira-prova\/","title":{"rendered":"Prefeitura de Videira: confira as informa\u00e7\u00f5es para a prova"},"content":{"rendered":"\n<p>As provas objetivas do Processo Seletivo Simplificado da <strong>Prefeitura de Videira<\/strong>, estado de Santa Catarina, acontecem no pr\u00f3ximo domingo, 1\u00ba de novembro. Tendo em vista a aplica\u00e7\u00e3o da etapa, foram anunciados os respetivos hor\u00e1rios e locais de realiza\u00e7\u00e3o.<\/p>\n\n\n\n<p>Aos cargos dispostos no edital da Prefeitura, a avalia\u00e7\u00e3o ocorrer\u00e1 em dois turnos, sendo na parte da manh\u00e3 \u00e0s 09h e no per\u00edodo da tarde \u00e0s 15h30. J\u00e1 aos cargos do edital da Funda\u00e7\u00e3o de Esportes, os exames ser\u00e3o aplicados somente \u00e0 tarde.<\/p>\n\n\n\n<p>O <strong>local de prova, bem como o n\u00famero da sala<\/strong>, deve ser consultado pelo candidato atrav\u00e9s do site da Legalle Concursos, al\u00e9m de ser necess\u00e1ria a impress\u00e3o do cart\u00e3o de confirma\u00e7\u00e3o de inscri\u00e7\u00e3o.<\/p>\n\n\n\n<p class=\"has-text-align-center has-medium-font-size\"><strong>Prefeitura Municipal de Videira<\/strong><\/p>\n\n\n\n<figure class=\"wp-block-table is-style-stripes\"><table class=\"has-background has-fixed-layout\" style=\"background-color:#e7f5fe\"><thead><tr><th class=\"has-text-align-center\" data-align=\"center\">Manh\u00e3 &#8211; 09h<\/th><th class=\"has-text-align-center\" data-align=\"center\">Tarde &#8211; 15h30<\/th><\/tr><\/thead><tbody><tr><td class=\"has-text-align-center\" data-align=\"center\">Agente Administrativo II, Agente Social, Analista de Atividades Tur\u00edsticas e Culturais, Arquiteto e Urbanista, Assistente Social, Auxiliar de Sa\u00fade Bucal, Auxiliar Educacional, Bibliotec\u00e1rio, Engenheiro Agrimensor, Engenheiro Eletricista, Especialista em Educa\u00e7\u00e3o, Especialista em Museologia, Fiscal de Obras, Fiscal de Posturas, Instrutor de Dan\u00e7a, Motorista, T\u00e9cnico de Enfermagem e T\u00e9cnico Eletricista<\/td><td class=\"has-text-align-center\" data-align=\"center\">Agente Operacional de Vigil\u00e2ncia, Auxiliar de Servi\u00e7os Gerais, Auxiliar Operacional, Carpinteiro, M\u00e9dico (Cardiologista, Pediatra, Psiquiatra), Pedreiro, Professor &#8211; \u00c1rea de Atua\u00e7\u00e3o Artes Ensino Infantil e Fundamental, Professor (todos), Psic\u00f3logo e Psicopedagogo Cl\u00ednico Institucional<\/td><\/tr><\/tbody><\/table><\/figure>\n\n\n\n<p class=\"has-text-align-center has-medium-font-size\"><strong>Funda\u00e7\u00e3o Municipal de Esportes<\/strong><\/p>\n\n\n\n<figure class=\"wp-block-table is-style-stripes\"><table class=\"has-background has-fixed-layout\" style=\"background-color:#e7f5fe\"><thead><tr><th class=\"has-text-align-center\" data-align=\"center\">Manh\u00e3 &#8211; 09h<\/th><th class=\"has-text-align-center\" data-align=\"center\">Tarde &#8211; 15h30<\/th><\/tr><\/thead><tbody><tr><td class=\"has-text-align-center\" data-align=\"center\">&#8211;<\/td><td class=\"has-text-align-center\" data-align=\"center\">Auxiliar de Servi\u00e7os Gerais, Profissional de Educa\u00e7\u00e3o F\u00edsica \u2013 Basquete e Profissional de Educa\u00e7\u00e3o F\u00edsica &#8211; Futsal<\/td><\/tr><\/tbody><\/table><\/figure>\n\n\n\n<p>Ainda de acordo com a convoca\u00e7\u00e3o, ao ingresso e perman\u00eancia nos locais de prova do concurso da Prefeitura de Videira, ser\u00e1 <strong>obrigat\u00f3rio o uso de m\u00e1scara facial<\/strong> de prote\u00e7\u00e3o. Al\u00e9m disso, os candidatos s\u00e3o orientados a comparecer com anteced\u00eancia m\u00ednima de 1 horas.<\/p>\n\n\n\n<p class=\"has-text-align-center has-background\" style=\"background-color:#e7e9eb;font-size:clamp(14px, 0.875rem + ((1vw - 3.2px) * 0.392), 18px);px\"><strong><a rel=\"noreferrer noopener\" href=\"https:\/\/dhg1h5j42swfq.cloudfront.net\/2020\/10\/27124226\/b58e409a4b832ed2da969ede60e0e5f1.pdf\" target=\"_blank\">Provas Prefeitura<\/a> | <a rel=\"noreferrer noopener\" href=\"https:\/\/dhg1h5j42swfq.cloudfront.net\/2020\/10\/27124223\/1db0ce96d966ca6a693378cc02ccc3b8.pdf\" target=\"_blank\">Provas FME<\/a><\/strong><\/p>\n\n\n\n<h2 class=\"wp-block-heading\" id=\"h-pss-prefeitura-de-videira\">PSS Prefeitura de Videira<\/h2>\n\n\n\n<p>O Processo Seletivo da Prefeitura de Videira disp\u00f5e de <strong>vagas em cadastro reserva<\/strong> para diversos cargos em todos os n\u00edveis de escolaridades. Os sal\u00e1rios oferecidos variam de R$ 1.074,95 a R$ 10.889,70, com jornada de trabalho de at\u00e9 40 horas semanais.<\/p>\n\n\n\n<p>De car\u00e1ter eliminat\u00f3rio e classificat\u00f3rio, a prova te\u00f3rico-objetiva constar\u00e1 de quest\u00f5es de m\u00faltipla escolha, compat\u00edveis com o n\u00edvel de escolaridade de cada cargo, sendo considerado aprovado aquele que:<\/p>\n\n\n\n<ul class=\"wp-block-list\">\n<li><strong>Alcan\u00e7ar 50% ou mais <\/strong>na nota total da prova te\u00f3rico-objetiva para os cargos de N\u00edvel M\u00e9dio\/T\u00e9cnico e de N\u00edvel Superior;<\/li>\n\n\n\n<li><strong>Alcan\u00e7ar 40% ou mais <\/strong>na nota total da prova te\u00f3rico-objetiva para os cargos de N\u00edvel Fundamental.<\/li>\n<\/ul>\n\n\n\n<p>Al\u00e9m desta avalia\u00e7\u00e3o, tamb\u00e9m haver\u00e1 prova de t\u00edtulos, exclusivamente aos cargos de Profissional de Educa\u00e7\u00e3o F\u00edsica, Especialista de Educa\u00e7\u00e3o, Professor (em todas as \u00e1reas) e Psicopedagogo Cl\u00ednico Institucional, e prova pr\u00e1tica a outros cargos.<\/p>\n\n\n\n<p class=\"has-text-align-center has-background has-medium-font-size\" style=\"background-color:#e7e9eb\"><strong>Saiba mais: <a rel=\"noreferrer noopener\" href=\"https:\/\/www.estrategiaconcursos.com.br\/blog\/concurso-prefeitura-de-videira\/\" target=\"_blank\">Concurso Prefeitura de Videira<\/a><\/strong><\/p>\n\n\n\n<hr class=\"wp-block-separator has-css-opacity\"\/>\n\n\n\n<div class=\"container\" id=\"boxes\">\n  <div class=\"row\">\n\n    <div class=\"col-sm\">\n      <div class=\"estrategia\" id=\"box-assinatura\">\n        <h3 class=\"titulo-assinatura\">Assinatura Ilimitada<\/h3>\n        <p class=\"subtitulo-assinatura\">Assinatura Anual Ilimitada*<\/p>\n        <div class=\"box-botao\">\n          <a class=\"btn-assinatura\" target=\"_blank\" href=\"https:\/\/www.estrategiaconcursos.com.br\/assinaturas\/\" role=\"button\" rel=\"noopener noreferrer\">ASSINE AGORA<\/a>\n        <\/div>\n      <\/div>\n      <p class=\"texto-auxiliar\">Prepare-se com o melhor material e com quem mais aprova em Concursos P\u00fablicos em todo o pa\u00eds. Assine agora a nossa Assinatura Anual e tenha acesso ilimitado* a todos os nossos cursos.<\/p>\n    <\/div>\n\n    <div class=\"col-sm\">\n      <div class=\"questoes\" id=\"box-assinatura\">\n        <h3 class=\"titulo-assinatura\">Sistema de Quest\u00f5es<\/h3>\n        <p class=\"subtitulo-assinatura\">Assinatura Ilimitada*\n<\/p>\n        <div class=\"box-botao\">\n          <a class=\"btn-assinatura\" target=\"_blank\" href=\"https:\/\/questoes.estrategiaconcursos.com.br\/\" role=\"button\" rel=\"noopener noreferrer\">ASSINE AGORA<\/a>\n        <\/div>\n      <\/div>\n      <p class=\"texto-auxiliar\">Estrat\u00e9gia Quest\u00f5es nasceu maior do que todos os concorrentes, com mais quest\u00f5es cadastradas e mais solu\u00e7\u00f5es por professores. Clique no link e aproveite os descontos e b\u00f4nus imperd\u00edveis!<\/p>\n    <\/div>\n  <\/div>\n<\/div>\n","protected":false},"excerpt":{"rendered":"<p>As provas objetivas do Processo Seletivo Simplificado da Prefeitura de Videira, estado de Santa Catarina, acontecem no pr\u00f3ximo domingo, 1\u00ba de novembro. Tendo em vista a aplica\u00e7\u00e3o da etapa, foram anunciados os respetivos hor\u00e1rios e locais de realiza\u00e7\u00e3o. Aos cargos dispostos no edital da Prefeitura, a avalia\u00e7\u00e3o ocorrer\u00e1 em dois turnos, sendo na parte da [&hellip;]<\/p>\n","protected":false},"author":1276,"featured_media":578620,"comment_status":"open","ping_status":"closed","sticky":false,"template":"","format":"standard","meta":{"post_tipo":"article","footnotes":""},"categories":[1],"tags":[],"tax_estado":[],"class_list":["post-597401","post","type-post","status-publish","format-standard","has-post-thumbnail","hentry","category-cursos-e-concursos"],"acf":[],"yoast_head":"<!-- This site is optimized with the Yoast SEO Premium plugin v27.2 (Yoast SEO v27.2) - https:\/\/yoast.com\/product\/yoast-seo-premium-wordpress\/ -->\n<title>Prefeitura de Videira: confira as informa\u00e7\u00f5es para a prova<\/title>\n<meta name=\"description\" content=\"Com provas marcadas para o pr\u00f3ximo domingo, dia 1\u00ba, foram anunciados os hor\u00e1rios e locais de avalia\u00e7\u00e3o do concurso Prefeitura de Videira.\" \/>\n<meta name=\"robots\" content=\"index, follow, max-snippet:-1, max-image-preview:large, max-video-preview:-1\" \/>\n<link rel=\"canonical\" href=\"https:\/\/www.estrategiaconcursos.com.br\/blog\/prefeitura-de-videira-prova\/\" \/>\n<meta property=\"og:locale\" content=\"pt_BR\" \/>\n<meta property=\"og:type\" content=\"article\" \/>\n<meta property=\"og:title\" content=\"Prefeitura de Videira: confira as informa\u00e7\u00f5es para a prova\" \/>\n<meta property=\"og:description\" content=\"Com provas marcadas para o pr\u00f3ximo domingo, dia 1\u00ba, foram anunciados os hor\u00e1rios e locais de avalia\u00e7\u00e3o do concurso Prefeitura de Videira.\" \/>\n<meta property=\"og:url\" content=\"https:\/\/www.estrategiaconcursos.com.br\/blog\/prefeitura-de-videira-prova\/\" \/>\n<meta property=\"og:site_name\" content=\"Estrat\u00e9gia Concursos\" \/>\n<meta property=\"article:published_time\" content=\"2020-10-27T16:14:49+00:00\" \/>\n<meta property=\"article:modified_time\" content=\"2023-07-04T14:22:07+00:00\" \/>\n<meta property=\"og:image\" content=\"https:\/\/dhg1h5j42swfq.cloudfront.net\/2020\/09\/26111808\/Prefeitura_de_Videira-SC.jpg\" \/>\n\t<meta property=\"og:image:width\" content=\"1200\" \/>\n\t<meta property=\"og:image:height\" content=\"628\" \/>\n\t<meta property=\"og:image:type\" content=\"image\/jpeg\" \/>\n<meta name=\"author\" content=\"Victor Shinichi Tanaka\" \/>\n<meta name=\"twitter:card\" content=\"summary_large_image\" \/>\n<meta name=\"twitter:creator\" content=\"@EstratConcursos\" \/>\n<meta name=\"twitter:site\" content=\"@EstratConcursos\" \/>\n<meta name=\"twitter:label1\" content=\"Escrito por\" \/>\n\t<meta name=\"twitter:data1\" content=\"Victor Shinichi Tanaka\" \/>\n\t<meta name=\"twitter:label2\" content=\"Est. tempo de leitura\" \/>\n\t<meta name=\"twitter:data2\" content=\"3 minutos\" \/>\n<script type=\"application\/ld+json\" class=\"yoast-schema-graph\">{\"@context\":\"https:\/\/schema.org\",\"@graph\":[{\"@type\":\"NewsArticle\",\"@id\":\"https:\/\/www.estrategiaconcursos.com.br\/blog\/prefeitura-de-videira-prova\/#article\",\"isPartOf\":{\"@id\":\"https:\/\/www.estrategiaconcursos.com.br\/blog\/prefeitura-de-videira-prova\/\"},\"author\":{\"name\":\"Victor Shinichi Tanaka\",\"@id\":\"https:\/\/www.estrategiaconcursos.com.br\/blog\/#\/schema\/person\/602a4eaf2bed921c107675da3a65b0e0\"},\"headline\":\"Prefeitura de Videira: confira as informa\u00e7\u00f5es para a prova\",\"datePublished\":\"2020-10-27T16:14:49+00:00\",\"dateModified\":\"2023-07-04T14:22:07+00:00\",\"mainEntityOfPage\":{\"@id\":\"https:\/\/www.estrategiaconcursos.com.br\/blog\/prefeitura-de-videira-prova\/\"},\"wordCount\":588,\"commentCount\":0,\"publisher\":{\"@id\":\"https:\/\/www.estrategiaconcursos.com.br\/blog\/#organization\"},\"image\":{\"@id\":\"https:\/\/www.estrategiaconcursos.com.br\/blog\/prefeitura-de-videira-prova\/#primaryimage\"},\"thumbnailUrl\":\"https:\/\/dhg1h5j42swfq.cloudfront.net\/2020\/09\/26111808\/Prefeitura_de_Videira-SC.jpg\",\"articleSection\":[\"Concursos P\u00fablicos\"],\"inLanguage\":\"pt-BR\",\"potentialAction\":[{\"@type\":\"CommentAction\",\"name\":\"Comment\",\"target\":[\"https:\/\/www.estrategiaconcursos.com.br\/blog\/prefeitura-de-videira-prova\/#respond\"]}],\"copyrightYear\":\"2020\",\"copyrightHolder\":{\"@id\":\"https:\/\/www.estrategiaconcursos.com.br\/blog\/#organization\"}},{\"@type\":\"WebPage\",\"@id\":\"https:\/\/www.estrategiaconcursos.com.br\/blog\/prefeitura-de-videira-prova\/\",\"url\":\"https:\/\/www.estrategiaconcursos.com.br\/blog\/prefeitura-de-videira-prova\/\",\"name\":\"Prefeitura de Videira: confira as informa\u00e7\u00f5es para a prova\",\"isPartOf\":{\"@id\":\"https:\/\/www.estrategiaconcursos.com.br\/blog\/#website\"},\"primaryImageOfPage\":{\"@id\":\"https:\/\/www.estrategiaconcursos.com.br\/blog\/prefeitura-de-videira-prova\/#primaryimage\"},\"image\":{\"@id\":\"https:\/\/www.estrategiaconcursos.com.br\/blog\/prefeitura-de-videira-prova\/#primaryimage\"},\"thumbnailUrl\":\"https:\/\/dhg1h5j42swfq.cloudfront.net\/2020\/09\/26111808\/Prefeitura_de_Videira-SC.jpg\",\"datePublished\":\"2020-10-27T16:14:49+00:00\",\"dateModified\":\"2023-07-04T14:22:07+00:00\",\"description\":\"Com provas marcadas para o pr\u00f3ximo domingo, dia 1\u00ba, foram anunciados os hor\u00e1rios e locais de avalia\u00e7\u00e3o do concurso Prefeitura de Videira.\",\"breadcrumb\":{\"@id\":\"https:\/\/www.estrategiaconcursos.com.br\/blog\/prefeitura-de-videira-prova\/#breadcrumb\"},\"inLanguage\":\"pt-BR\",\"potentialAction\":[{\"@type\":\"ReadAction\",\"target\":[\"https:\/\/www.estrategiaconcursos.com.br\/blog\/prefeitura-de-videira-prova\/\"]}]},{\"@type\":\"ImageObject\",\"inLanguage\":\"pt-BR\",\"@id\":\"https:\/\/www.estrategiaconcursos.com.br\/blog\/prefeitura-de-videira-prova\/#primaryimage\",\"url\":\"https:\/\/dhg1h5j42swfq.cloudfront.net\/2020\/09\/26111808\/Prefeitura_de_Videira-SC.jpg\",\"contentUrl\":\"https:\/\/dhg1h5j42swfq.cloudfront.net\/2020\/09\/26111808\/Prefeitura_de_Videira-SC.jpg\",\"width\":1200,\"height\":628,\"caption\":\"Prefeitura de Videira\"},{\"@type\":\"BreadcrumbList\",\"@id\":\"https:\/\/www.estrategiaconcursos.com.br\/blog\/prefeitura-de-videira-prova\/#breadcrumb\",\"itemListElement\":[{\"@type\":\"ListItem\",\"position\":1,\"name\":\"In\u00edcio\",\"item\":\"https:\/\/www.estrategiaconcursos.com.br\/blog\/\"},{\"@type\":\"ListItem\",\"position\":2,\"name\":\"Prefeitura de Videira: confira as informa\u00e7\u00f5es para a prova\"}]},{\"@type\":\"WebSite\",\"@id\":\"https:\/\/www.estrategiaconcursos.com.br\/blog\/#website\",\"url\":\"https:\/\/www.estrategiaconcursos.com.br\/blog\/\",\"name\":\"Estrat\u00e9gia Concursos\",\"description\":\"O blog da Estrat\u00e9gia Concursos traz not\u00edcias sobre concursos e artigos de professores oferecendo cursos para concursos (pdf + videaulas) no site.\",\"publisher\":{\"@id\":\"https:\/\/www.estrategiaconcursos.com.br\/blog\/#organization\"},\"potentialAction\":[{\"@type\":\"SearchAction\",\"target\":{\"@type\":\"EntryPoint\",\"urlTemplate\":\"https:\/\/www.estrategiaconcursos.com.br\/blog\/?s={search_term_string}\"},\"query-input\":{\"@type\":\"PropertyValueSpecification\",\"valueRequired\":true,\"valueName\":\"search_term_string\"}}],\"inLanguage\":\"pt-BR\"},{\"@type\":\"Organization\",\"@id\":\"https:\/\/www.estrategiaconcursos.com.br\/blog\/#organization\",\"name\":\"Estrat\u00e9gia Concursos\",\"url\":\"https:\/\/www.estrategiaconcursos.com.br\/blog\/\",\"logo\":{\"@type\":\"ImageObject\",\"inLanguage\":\"pt-BR\",\"@id\":\"https:\/\/www.estrategiaconcursos.com.br\/blog\/#\/schema\/logo\/image\/\",\"url\":\"https:\/\/dhg1h5j42swfq.cloudfront.net\/2025\/06\/03203428\/logo_concursos-1.jpg\",\"contentUrl\":\"https:\/\/dhg1h5j42swfq.cloudfront.net\/2025\/06\/03203428\/logo_concursos-1.jpg\",\"width\":230,\"height\":60,\"caption\":\"Estrat\u00e9gia Concursos\"},\"image\":{\"@id\":\"https:\/\/www.estrategiaconcursos.com.br\/blog\/#\/schema\/logo\/image\/\"},\"sameAs\":[\"https:\/\/x.com\/EstratConcursos\"]},{\"@type\":\"Person\",\"@id\":\"https:\/\/www.estrategiaconcursos.com.br\/blog\/#\/schema\/person\/602a4eaf2bed921c107675da3a65b0e0\",\"name\":\"Victor Shinichi Tanaka\",\"image\":{\"@type\":\"ImageObject\",\"inLanguage\":\"pt-BR\",\"@id\":\"https:\/\/secure.gravatar.com\/avatar\/3772723eea77b2e6a2231e357d6339c6c129c6fb65cda4d02d0f3ca700221333?s=96&d=mm&r=g\",\"url\":\"https:\/\/secure.gravatar.com\/avatar\/3772723eea77b2e6a2231e357d6339c6c129c6fb65cda4d02d0f3ca700221333?s=96&d=mm&r=g\",\"contentUrl\":\"https:\/\/secure.gravatar.com\/avatar\/3772723eea77b2e6a2231e357d6339c6c129c6fb65cda4d02d0f3ca700221333?s=96&d=mm&r=g\",\"caption\":\"Victor Shinichi Tanaka\"},\"url\":\"https:\/\/www.estrategiaconcursos.com.br\/blog\/author\/victorstanakagmail-com\/\"}]}<\/script>\n<!-- \/ Yoast SEO Premium plugin. -->","yoast_head_json":{"title":"Prefeitura de Videira: confira as informa\u00e7\u00f5es para a prova","description":"Com provas marcadas para o pr\u00f3ximo domingo, dia 1\u00ba, foram anunciados os hor\u00e1rios e locais de avalia\u00e7\u00e3o do concurso Prefeitura de Videira.","robots":{"index":"index","follow":"follow","max-snippet":"max-snippet:-1","max-image-preview":"max-image-preview:large","max-video-preview":"max-video-preview:-1"},"canonical":"https:\/\/www.estrategiaconcursos.com.br\/blog\/prefeitura-de-videira-prova\/","og_locale":"pt_BR","og_type":"article","og_title":"Prefeitura de Videira: confira as informa\u00e7\u00f5es para a prova","og_description":"Com provas marcadas para o pr\u00f3ximo domingo, dia 1\u00ba, foram anunciados os hor\u00e1rios e locais de avalia\u00e7\u00e3o do concurso Prefeitura de Videira.","og_url":"https:\/\/www.estrategiaconcursos.com.br\/blog\/prefeitura-de-videira-prova\/","og_site_name":"Estrat\u00e9gia Concursos","article_published_time":"2020-10-27T16:14:49+00:00","article_modified_time":"2023-07-04T14:22:07+00:00","og_image":[{"width":1200,"height":628,"url":"https:\/\/dhg1h5j42swfq.cloudfront.net\/2020\/09\/26111808\/Prefeitura_de_Videira-SC.jpg","type":"image\/jpeg"}],"author":"Victor Shinichi Tanaka","twitter_card":"summary_large_image","twitter_creator":"@EstratConcursos","twitter_site":"@EstratConcursos","twitter_misc":{"Escrito por":"Victor Shinichi Tanaka","Est. tempo de leitura":"3 minutos"},"schema":{"@context":"https:\/\/schema.org","@graph":[{"@type":"NewsArticle","@id":"https:\/\/www.estrategiaconcursos.com.br\/blog\/prefeitura-de-videira-prova\/#article","isPartOf":{"@id":"https:\/\/www.estrategiaconcursos.com.br\/blog\/prefeitura-de-videira-prova\/"},"author":{"name":"Victor Shinichi Tanaka","@id":"https:\/\/www.estrategiaconcursos.com.br\/blog\/#\/schema\/person\/602a4eaf2bed921c107675da3a65b0e0"},"headline":"Prefeitura de Videira: confira as informa\u00e7\u00f5es para a prova","datePublished":"2020-10-27T16:14:49+00:00","dateModified":"2023-07-04T14:22:07+00:00","mainEntityOfPage":{"@id":"https:\/\/www.estrategiaconcursos.com.br\/blog\/prefeitura-de-videira-prova\/"},"wordCount":588,"commentCount":0,"publisher":{"@id":"https:\/\/www.estrategiaconcursos.com.br\/blog\/#organization"},"image":{"@id":"https:\/\/www.estrategiaconcursos.com.br\/blog\/prefeitura-de-videira-prova\/#primaryimage"},"thumbnailUrl":"https:\/\/dhg1h5j42swfq.cloudfront.net\/2020\/09\/26111808\/Prefeitura_de_Videira-SC.jpg","articleSection":["Concursos P\u00fablicos"],"inLanguage":"pt-BR","potentialAction":[{"@type":"CommentAction","name":"Comment","target":["https:\/\/www.estrategiaconcursos.com.br\/blog\/prefeitura-de-videira-prova\/#respond"]}],"copyrightYear":"2020","copyrightHolder":{"@id":"https:\/\/www.estrategiaconcursos.com.br\/blog\/#organization"}},{"@type":"WebPage","@id":"https:\/\/www.estrategiaconcursos.com.br\/blog\/prefeitura-de-videira-prova\/","url":"https:\/\/www.estrategiaconcursos.com.br\/blog\/prefeitura-de-videira-prova\/","name":"Prefeitura de Videira: confira as informa\u00e7\u00f5es para a prova","isPartOf":{"@id":"https:\/\/www.estrategiaconcursos.com.br\/blog\/#website"},"primaryImageOfPage":{"@id":"https:\/\/www.estrategiaconcursos.com.br\/blog\/prefeitura-de-videira-prova\/#primaryimage"},"image":{"@id":"https:\/\/www.estrategiaconcursos.com.br\/blog\/prefeitura-de-videira-prova\/#primaryimage"},"thumbnailUrl":"https:\/\/dhg1h5j42swfq.cloudfront.net\/2020\/09\/26111808\/Prefeitura_de_Videira-SC.jpg","datePublished":"2020-10-27T16:14:49+00:00","dateModified":"2023-07-04T14:22:07+00:00","description":"Com provas marcadas para o pr\u00f3ximo domingo, dia 1\u00ba, foram anunciados os hor\u00e1rios e locais de avalia\u00e7\u00e3o do concurso Prefeitura de Videira.","breadcrumb":{"@id":"https:\/\/www.estrategiaconcursos.com.br\/blog\/prefeitura-de-videira-prova\/#breadcrumb"},"inLanguage":"pt-BR","potentialAction":[{"@type":"ReadAction","target":["https:\/\/www.estrategiaconcursos.com.br\/blog\/prefeitura-de-videira-prova\/"]}]},{"@type":"ImageObject","inLanguage":"pt-BR","@id":"https:\/\/www.estrategiaconcursos.com.br\/blog\/prefeitura-de-videira-prova\/#primaryimage","url":"https:\/\/dhg1h5j42swfq.cloudfront.net\/2020\/09\/26111808\/Prefeitura_de_Videira-SC.jpg","contentUrl":"https:\/\/dhg1h5j42swfq.cloudfront.net\/2020\/09\/26111808\/Prefeitura_de_Videira-SC.jpg","width":1200,"height":628,"caption":"Prefeitura de Videira"},{"@type":"BreadcrumbList","@id":"https:\/\/www.estrategiaconcursos.com.br\/blog\/prefeitura-de-videira-prova\/#breadcrumb","itemListElement":[{"@type":"ListItem","position":1,"name":"In\u00edcio","item":"https:\/\/www.estrategiaconcursos.com.br\/blog\/"},{"@type":"ListItem","position":2,"name":"Prefeitura de Videira: confira as informa\u00e7\u00f5es para a prova"}]},{"@type":"WebSite","@id":"https:\/\/www.estrategiaconcursos.com.br\/blog\/#website","url":"https:\/\/www.estrategiaconcursos.com.br\/blog\/","name":"Estrat\u00e9gia Concursos","description":"O blog da Estrat\u00e9gia Concursos traz not\u00edcias sobre concursos e artigos de professores oferecendo cursos para concursos (pdf + videaulas) no site.","publisher":{"@id":"https:\/\/www.estrategiaconcursos.com.br\/blog\/#organization"},"potentialAction":[{"@type":"SearchAction","target":{"@type":"EntryPoint","urlTemplate":"https:\/\/www.estrategiaconcursos.com.br\/blog\/?s={search_term_string}"},"query-input":{"@type":"PropertyValueSpecification","valueRequired":true,"valueName":"search_term_string"}}],"inLanguage":"pt-BR"},{"@type":"Organization","@id":"https:\/\/www.estrategiaconcursos.com.br\/blog\/#organization","name":"Estrat\u00e9gia Concursos","url":"https:\/\/www.estrategiaconcursos.com.br\/blog\/","logo":{"@type":"ImageObject","inLanguage":"pt-BR","@id":"https:\/\/www.estrategiaconcursos.com.br\/blog\/#\/schema\/logo\/image\/","url":"https:\/\/dhg1h5j42swfq.cloudfront.net\/2025\/06\/03203428\/logo_concursos-1.jpg","contentUrl":"https:\/\/dhg1h5j42swfq.cloudfront.net\/2025\/06\/03203428\/logo_concursos-1.jpg","width":230,"height":60,"caption":"Estrat\u00e9gia Concursos"},"image":{"@id":"https:\/\/www.estrategiaconcursos.com.br\/blog\/#\/schema\/logo\/image\/"},"sameAs":["https:\/\/x.com\/EstratConcursos"]},{"@type":"Person","@id":"https:\/\/www.estrategiaconcursos.com.br\/blog\/#\/schema\/person\/602a4eaf2bed921c107675da3a65b0e0","name":"Victor Shinichi Tanaka","image":{"@type":"ImageObject","inLanguage":"pt-BR","@id":"https:\/\/secure.gravatar.com\/avatar\/3772723eea77b2e6a2231e357d6339c6c129c6fb65cda4d02d0f3ca700221333?s=96&d=mm&r=g","url":"https:\/\/secure.gravatar.com\/avatar\/3772723eea77b2e6a2231e357d6339c6c129c6fb65cda4d02d0f3ca700221333?s=96&d=mm&r=g","contentUrl":"https:\/\/secure.gravatar.com\/avatar\/3772723eea77b2e6a2231e357d6339c6c129c6fb65cda4d02d0f3ca700221333?s=96&d=mm&r=g","caption":"Victor Shinichi Tanaka"},"url":"https:\/\/www.estrategiaconcursos.com.br\/blog\/author\/victorstanakagmail-com\/"}]}},"_links":{"self":[{"href":"https:\/\/www.estrategiaconcursos.com.br\/blog\/wp-json\/wp\/v2\/posts\/597401","targetHints":{"allow":["GET"]}}],"collection":[{"href":"https:\/\/www.estrategiaconcursos.com.br\/blog\/wp-json\/wp\/v2\/posts"}],"about":[{"href":"https:\/\/www.estrategiaconcursos.com.br\/blog\/wp-json\/wp\/v2\/types\/post"}],"author":[{"embeddable":true,"href":"https:\/\/www.estrategiaconcursos.com.br\/blog\/wp-json\/wp\/v2\/users\/1276"}],"replies":[{"embeddable":true,"href":"https:\/\/www.estrategiaconcursos.com.br\/blog\/wp-json\/wp\/v2\/comments?post=597401"}],"version-history":[{"count":5,"href":"https:\/\/www.estrategiaconcursos.com.br\/blog\/wp-json\/wp\/v2\/posts\/597401\/revisions"}],"predecessor-version":[{"id":1243099,"href":"https:\/\/www.estrategiaconcursos.com.br\/blog\/wp-json\/wp\/v2\/posts\/597401\/revisions\/1243099"}],"wp:featuredmedia":[{"embeddable":true,"href":"https:\/\/www.estrategiaconcursos.com.br\/blog\/wp-json\/wp\/v2\/media\/578620"}],"wp:attachment":[{"href":"https:\/\/www.estrategiaconcursos.com.br\/blog\/wp-json\/wp\/v2\/media?parent=597401"}],"wp:term":[{"taxonomy":"category","embeddable":true,"href":"https:\/\/www.estrategiaconcursos.com.br\/blog\/wp-json\/wp\/v2\/categories?post=597401"},{"taxonomy":"post_tag","embeddable":true,"href":"https:\/\/www.estrategiaconcursos.com.br\/blog\/wp-json\/wp\/v2\/tags?post=597401"},{"taxonomy":"tax_estado","embeddable":true,"href":"https:\/\/www.estrategiaconcursos.com.br\/blog\/wp-json\/wp\/v2\/tax_estado?post=597401"}],"curies":[{"name":"wp","href":"https:\/\/api.w.org\/{rel}","templated":true}]}}