{"id":596938,"date":"2020-10-26T17:38:08","date_gmt":"2020-10-26T20:38:08","guid":{"rendered":"https:\/\/www.estrategiaconcursos.com.br\/blog\/?p=596938"},"modified":"2023-07-10T14:49:49","modified_gmt":"2023-07-10T17:49:49","slug":"tribunal-de-contas-do-df-trabalhos-presenciais","status":"publish","type":"post","link":"https:\/\/www.estrategiaconcursos.com.br\/blog\/tribunal-de-contas-do-df-trabalhos-presenciais\/","title":{"rendered":"Tribunal de Contas do DF ir\u00e1 retomar trabalhos presenciais"},"content":{"rendered":"\n<p>Ap\u00f3s um longo per\u00edodo no regime de teletrabalho, o <strong>Tribunal de Contas do Distrito Federal &#8211; TCDF<\/strong> retornar\u00e1 \u00e0s atividades presenciais. Para isso, foi divulgada a Portaria n\u00ba 253, com algumas medidas administrativas preventivas.<\/p>\n\n\n\n<p>De acordo com o documento, cada setor ter\u00e1 lota\u00e7\u00e3o m\u00e1xima de at\u00e9 50%, aplicando-se tamb\u00e9m, aos estagi\u00e1rios, observando-se o seguinte:<\/p>\n\n\n\n<ul class=\"wp-block-list\">\n<li>para fins da defini\u00e7\u00e3o da quantidade de servidores em atividade presencial, dever\u00e1 ser considerada a rela\u00e7\u00e3o entre os crit\u00e9rios de distanciamento social, o espa\u00e7o f\u00edsico dispon\u00edvel e a capacidade de ocupa\u00e7\u00e3o em cada ambiente;<\/li>\n\n\n\n<li>nas situa\u00e7\u00f5es em que a conjuga\u00e7\u00e3o dos crit\u00e9rios previstos no inciso anterior n\u00e3o comportar a plena observ\u00e2ncia do percentual previsto no artigo 2\u00ba, dever\u00e1 ser adotado o revezamento entre os servidores, alternando-se o trabalho presencial e a dist\u00e2ncia, respeitada a carga hor\u00e1ria legalmente estabelecida.<\/li>\n<\/ul>\n\n\n\n<p>Al\u00e9m disso, todo servi\u00e7o de atendimento ao p\u00fablico ser\u00e1 realizado <strong>mantendo-se o distanciamento m\u00ednimo de dois metros<\/strong>, n\u00e3o sendo permitida aglomera\u00e7\u00e3o de pessoas. Sempre que poss\u00edvel, os atendimentos devem ser prestados mediante agendamento pr\u00e9vio.<\/p>\n\n\n\n<p>Os protocolos e medidas de seguran\u00e7a recomendados pelas autoridades sanit\u00e1rias devem ser observados por todos os setores do Tribunal de Contas do DF, inclusive:<\/p>\n\n\n\n<ul class=\"wp-block-list\">\n<li>limitar e organizar o uso de biblioteca, audit\u00f3rio, plen\u00e1rio e demais depend\u00eancias de uso coletivo;<\/li>\n\n\n\n<li>priorizar reuni\u00f5es virtuais, em detrimento das presenciais;<\/li>\n\n\n\n<li>garantir a dist\u00e2ncia m\u00ednima de dois metros entre as pessoas;<\/li>\n\n\n\n<li>utilizar m\u00e1scaras de prote\u00e7\u00e3o facial;<\/li>\n\n\n\n<li>disponibilizar \u00e1lcool em gel 70%;<\/li>\n\n\n\n<li>aferir a temperatura dos servidores, estagi\u00e1rios, colaboradores e visitantes nas portarias do Tribunal;<\/li>\n\n\n\n<li>manter os banheiros e demais instala\u00e7\u00f5es higienizados e com suprimentos suficientes para possibilitar a higiene pessoal de seus usu\u00e1rios.<\/li>\n<\/ul>\n\n\n\n<p>Apesar da retomada presencial, alguns servidores dever\u00e3o permanecer no <em>home office<\/em>. Dentre o grupo est\u00e3o os servidores com 60 anos ou mais, gestantes e lactantes, pessoas com comorbidades e\/ou aquelas que estejam com suspeita ou confirma\u00e7\u00e3o de diagn\u00f3stico de infec\u00e7\u00e3o pela COVID-19.<\/p>\n\n\n\n<p>Confira na \u00edntegra, a Portaria n\u00b0 253 que disp\u00f5e sobre as medidas preventivas: <\/p>\n\n\n\n<p class=\"has-text-align-center has-background has-medium-font-size\" style=\"background-color:#eeeeee\"><a rel=\"noreferrer noopener\" href=\"https:\/\/dhg1h5j42swfq.cloudfront.net\/2020\/10\/26170432\/DODF-203-26-10-2020-INTEGRA_26.pdf\" target=\"_blank\"><strong>Portaria n\u00ba 253<\/strong><\/a><\/p>\n\n\n\n<div class=\"container\" id=\"boxes\">\n  <div class=\"row\">\n\n    <div class=\"col-sm\">\n      <div class=\"banner-tcg\" id=\"box-assinatura\">\n        <h3 class=\"titulo-assinatura\">Estude para o TCDF<\/h3>\n        <p class=\"subtitulo-assinatura\">Conhe\u00e7a os cursos<\/p>\n        <div class=\"box-botao\">\n          <a class=\"btn-assinatura\" target=\"_blank\" href=\"https:\/\/www.estrategiaconcursos.com.br\/cursosPorConcurso\/tribunal-de-contas-do-distrito-federal-tcdf\/\" role=\"button\" rel=\"noopener noreferrer\">Conhe\u00e7a mais<\/a>\n        <\/div>\n      <\/div>\n     \n    <\/div>\n\n  <\/div>\n<\/div>\n\n\n\n<h2 class=\"wp-block-heading\" id=\"h-concurso-tcdf\">Concurso TCDF<\/h2>\n\n\n\n<p>Publicado em fevereiro deste ano, o edital do concurso do Tribunal de Contas do Distrito Federal oferta <strong>10 vagas imediatas para Auditor de Controle Externo<\/strong>. O cargo exige forma\u00e7\u00e3o de n\u00edvel superior, com sal\u00e1rio que ultrapassa os <strong>R$ 16 mil reais<\/strong>.<\/p>\n\n\n\n<p>Entretanto, por conta da pandemia de COVID-19, o certame precisou ser <strong>suspenso <\/strong>e, at\u00e9 o momento, segue sem previs\u00e3o de retorno. Lembrando que a prova objetiva estava prevista para ser aplicada em maio deste ano. Agora, a expectativa \u00e9 que o \u00f3rg\u00e3o anuncie as novas datas referentes ao certame.<\/p>\n\n\n\n<p>Os candidatos do concurso do Tribunal de Contas do DF ser\u00e3o avaliados por meio de duas etapas, sendo uma prova objetiva e uma prova discursiva. Ambas ser\u00e3o aplicadas no mesmo dia, por\u00e9m em turnos distintos.<\/p>\n\n\n\n<p class=\"has-text-align-center has-background has-medium-font-size\" style=\"background-color:#eeeeee\"><strong>Saiba mais: <a href=\"https:\/\/www.estrategiaconcursos.com.br\/blog\/concurso-tcdf\/\" target=\"_blank\" rel=\"noreferrer noopener\">Concurso TCDF<\/a><\/strong><\/p>\n\n\n\n<hr class=\"wp-block-separator has-css-opacity\"\/>\n\n\n\n<div class=\"container\" id=\"boxes\">\n  <div class=\"row\">\n\n    <div class=\"col-sm\">\n      <div class=\"estrategia\" id=\"box-assinatura\">\n        <h3 class=\"titulo-assinatura\">Assinatura Ilimitada<\/h3>\n        <p class=\"subtitulo-assinatura\">Assinatura Anual Ilimitada*<\/p>\n        <div class=\"box-botao\">\n          <a class=\"btn-assinatura\" target=\"_blank\" href=\"https:\/\/www.estrategiaconcursos.com.br\/assinaturas\/\" role=\"button\" rel=\"noopener noreferrer\">ASSINE AGORA<\/a>\n        <\/div>\n      <\/div>\n      <p class=\"texto-auxiliar\">Prepare-se com o melhor material e com quem mais aprova em Concursos P\u00fablicos em todo o pa\u00eds. Assine agora a nossa Assinatura Anual e tenha acesso ilimitado* a todos os nossos cursos.<\/p>\n    <\/div>\n\n    <div class=\"col-sm\">\n      <div class=\"questoes\" id=\"box-assinatura\">\n        <h3 class=\"titulo-assinatura\">Sistema de Quest\u00f5es<\/h3>\n        <p class=\"subtitulo-assinatura\">Assinatura Ilimitada*\n<\/p>\n        <div class=\"box-botao\">\n          <a class=\"btn-assinatura\" target=\"_blank\" href=\"https:\/\/questoes.estrategiaconcursos.com.br\/\" role=\"button\" rel=\"noopener noreferrer\">ASSINE AGORA<\/a>\n        <\/div>\n      <\/div>\n      <p class=\"texto-auxiliar\">Estrat\u00e9gia Quest\u00f5es nasceu maior do que todos os concorrentes, com mais quest\u00f5es cadastradas e mais solu\u00e7\u00f5es por professores. Clique no link e aproveite os descontos e b\u00f4nus imperd\u00edveis!<\/p>\n    <\/div>\n  <\/div>\n<\/div>\n","protected":false},"excerpt":{"rendered":"<p>Ap\u00f3s um longo per\u00edodo no regime de teletrabalho, o Tribunal de Contas do Distrito Federal &#8211; TCDF retornar\u00e1 \u00e0s atividades presenciais. Para isso, foi divulgada a Portaria n\u00ba 253, com algumas medidas administrativas preventivas. De acordo com o documento, cada setor ter\u00e1 lota\u00e7\u00e3o m\u00e1xima de at\u00e9 50%, aplicando-se tamb\u00e9m, aos estagi\u00e1rios, observando-se o seguinte: Al\u00e9m [&hellip;]<\/p>\n","protected":false},"author":129,"featured_media":596964,"comment_status":"open","ping_status":"closed","sticky":false,"template":"","format":"standard","meta":{"post_tipo":"article","footnotes":""},"categories":[1,214710],"tags":[],"tax_estado":[],"class_list":["post-596938","post","type-post","status-publish","format-standard","has-post-thumbnail","hentry","category-cursos-e-concursos","category-tribunais-de-contas"],"acf":[],"yoast_head":"<!-- This site is optimized with the Yoast SEO Premium plugin v27.2 (Yoast SEO v27.2) - https:\/\/yoast.com\/product\/yoast-seo-premium-wordpress\/ -->\n<title>Tribunal de Contas do DF ir\u00e1 retomar trabalhos presenciais<\/title>\n<meta name=\"description\" content=\"Tribunal de Contas do DF retornar\u00e1 os trabalhos presenciais conforme medidas preventivas divulgadas. Acesse e confira tudo!\" \/>\n<meta name=\"robots\" content=\"index, follow, max-snippet:-1, max-image-preview:large, max-video-preview:-1\" \/>\n<link rel=\"canonical\" href=\"https:\/\/www.estrategiaconcursos.com.br\/blog\/tribunal-de-contas-do-df-trabalhos-presenciais\/\" \/>\n<meta property=\"og:locale\" content=\"pt_BR\" \/>\n<meta property=\"og:type\" content=\"article\" \/>\n<meta property=\"og:title\" content=\"Tribunal de Contas do DF ir\u00e1 retomar trabalhos presenciais\" \/>\n<meta property=\"og:description\" content=\"Tribunal de Contas do DF retornar\u00e1 os trabalhos presenciais conforme medidas preventivas divulgadas. Acesse e confira tudo!\" \/>\n<meta property=\"og:url\" content=\"https:\/\/www.estrategiaconcursos.com.br\/blog\/tribunal-de-contas-do-df-trabalhos-presenciais\/\" \/>\n<meta property=\"og:site_name\" content=\"Estrat\u00e9gia Concursos\" \/>\n<meta property=\"article:published_time\" content=\"2020-10-26T20:38:08+00:00\" \/>\n<meta property=\"article:modified_time\" content=\"2023-07-10T17:49:49+00:00\" \/>\n<meta property=\"og:image\" content=\"https:\/\/dhg1h5j42swfq.cloudfront.net\/2020\/10\/26173532\/TCDF-Tribunal-de-Contas-do-DF.png\" \/>\n\t<meta property=\"og:image:width\" content=\"1200\" \/>\n\t<meta property=\"og:image:height\" content=\"628\" \/>\n\t<meta property=\"og:image:type\" content=\"image\/png\" \/>\n<meta name=\"author\" content=\"Herbert Almeida\" \/>\n<meta name=\"twitter:card\" content=\"summary_large_image\" \/>\n<meta name=\"twitter:creator\" content=\"@EstratConcursos\" \/>\n<meta name=\"twitter:site\" content=\"@EstratConcursos\" \/>\n<meta name=\"twitter:label1\" content=\"Escrito por\" \/>\n\t<meta name=\"twitter:data1\" content=\"Herbert Almeida\" \/>\n\t<meta name=\"twitter:label2\" content=\"Est. tempo de leitura\" \/>\n\t<meta name=\"twitter:data2\" content=\"3 minutos\" \/>\n<script type=\"application\/ld+json\" class=\"yoast-schema-graph\">{\"@context\":\"https:\/\/schema.org\",\"@graph\":[{\"@type\":\"NewsArticle\",\"@id\":\"https:\/\/www.estrategiaconcursos.com.br\/blog\/tribunal-de-contas-do-df-trabalhos-presenciais\/#article\",\"isPartOf\":{\"@id\":\"https:\/\/www.estrategiaconcursos.com.br\/blog\/tribunal-de-contas-do-df-trabalhos-presenciais\/\"},\"author\":{\"name\":\"Herbert Almeida\",\"@id\":\"https:\/\/www.estrategiaconcursos.com.br\/blog\/#\/schema\/person\/59717c75350fa01aa0fd68a52a8d02e0\"},\"headline\":\"Tribunal de Contas do DF ir\u00e1 retomar trabalhos presenciais\",\"datePublished\":\"2020-10-26T20:38:08+00:00\",\"dateModified\":\"2023-07-10T17:49:49+00:00\",\"mainEntityOfPage\":{\"@id\":\"https:\/\/www.estrategiaconcursos.com.br\/blog\/tribunal-de-contas-do-df-trabalhos-presenciais\/\"},\"wordCount\":602,\"commentCount\":0,\"publisher\":{\"@id\":\"https:\/\/www.estrategiaconcursos.com.br\/blog\/#organization\"},\"image\":{\"@id\":\"https:\/\/www.estrategiaconcursos.com.br\/blog\/tribunal-de-contas-do-df-trabalhos-presenciais\/#primaryimage\"},\"thumbnailUrl\":\"https:\/\/dhg1h5j42swfq.cloudfront.net\/2020\/10\/26173532\/TCDF-Tribunal-de-Contas-do-DF.png\",\"articleSection\":[\"Concursos P\u00fablicos\",\"Tribunais de Contas (TCU, TCE, TCM)\"],\"inLanguage\":\"pt-BR\",\"potentialAction\":[{\"@type\":\"CommentAction\",\"name\":\"Comment\",\"target\":[\"https:\/\/www.estrategiaconcursos.com.br\/blog\/tribunal-de-contas-do-df-trabalhos-presenciais\/#respond\"]}],\"copyrightYear\":\"2020\",\"copyrightHolder\":{\"@id\":\"https:\/\/www.estrategiaconcursos.com.br\/blog\/#organization\"}},{\"@type\":\"WebPage\",\"@id\":\"https:\/\/www.estrategiaconcursos.com.br\/blog\/tribunal-de-contas-do-df-trabalhos-presenciais\/\",\"url\":\"https:\/\/www.estrategiaconcursos.com.br\/blog\/tribunal-de-contas-do-df-trabalhos-presenciais\/\",\"name\":\"Tribunal de Contas do DF ir\u00e1 retomar trabalhos presenciais\",\"isPartOf\":{\"@id\":\"https:\/\/www.estrategiaconcursos.com.br\/blog\/#website\"},\"primaryImageOfPage\":{\"@id\":\"https:\/\/www.estrategiaconcursos.com.br\/blog\/tribunal-de-contas-do-df-trabalhos-presenciais\/#primaryimage\"},\"image\":{\"@id\":\"https:\/\/www.estrategiaconcursos.com.br\/blog\/tribunal-de-contas-do-df-trabalhos-presenciais\/#primaryimage\"},\"thumbnailUrl\":\"https:\/\/dhg1h5j42swfq.cloudfront.net\/2020\/10\/26173532\/TCDF-Tribunal-de-Contas-do-DF.png\",\"datePublished\":\"2020-10-26T20:38:08+00:00\",\"dateModified\":\"2023-07-10T17:49:49+00:00\",\"description\":\"Tribunal de Contas do DF retornar\u00e1 os trabalhos presenciais conforme medidas preventivas divulgadas. Acesse e confira tudo!\",\"breadcrumb\":{\"@id\":\"https:\/\/www.estrategiaconcursos.com.br\/blog\/tribunal-de-contas-do-df-trabalhos-presenciais\/#breadcrumb\"},\"inLanguage\":\"pt-BR\",\"potentialAction\":[{\"@type\":\"ReadAction\",\"target\":[\"https:\/\/www.estrategiaconcursos.com.br\/blog\/tribunal-de-contas-do-df-trabalhos-presenciais\/\"]}]},{\"@type\":\"ImageObject\",\"inLanguage\":\"pt-BR\",\"@id\":\"https:\/\/www.estrategiaconcursos.com.br\/blog\/tribunal-de-contas-do-df-trabalhos-presenciais\/#primaryimage\",\"url\":\"https:\/\/dhg1h5j42swfq.cloudfront.net\/2020\/10\/26173532\/TCDF-Tribunal-de-Contas-do-DF.png\",\"contentUrl\":\"https:\/\/dhg1h5j42swfq.cloudfront.net\/2020\/10\/26173532\/TCDF-Tribunal-de-Contas-do-DF.png\",\"width\":1200,\"height\":628,\"caption\":\"Tribunal de Contas do DF\"},{\"@type\":\"BreadcrumbList\",\"@id\":\"https:\/\/www.estrategiaconcursos.com.br\/blog\/tribunal-de-contas-do-df-trabalhos-presenciais\/#breadcrumb\",\"itemListElement\":[{\"@type\":\"ListItem\",\"position\":1,\"name\":\"In\u00edcio\",\"item\":\"https:\/\/www.estrategiaconcursos.com.br\/blog\/\"},{\"@type\":\"ListItem\",\"position\":2,\"name\":\"Tribunal de Contas do DF ir\u00e1 retomar trabalhos presenciais\"}]},{\"@type\":\"WebSite\",\"@id\":\"https:\/\/www.estrategiaconcursos.com.br\/blog\/#website\",\"url\":\"https:\/\/www.estrategiaconcursos.com.br\/blog\/\",\"name\":\"Estrat\u00e9gia Concursos\",\"description\":\"O blog da Estrat\u00e9gia Concursos traz not\u00edcias sobre concursos e artigos de professores oferecendo cursos para concursos (pdf + videaulas) no site.\",\"publisher\":{\"@id\":\"https:\/\/www.estrategiaconcursos.com.br\/blog\/#organization\"},\"potentialAction\":[{\"@type\":\"SearchAction\",\"target\":{\"@type\":\"EntryPoint\",\"urlTemplate\":\"https:\/\/www.estrategiaconcursos.com.br\/blog\/?s={search_term_string}\"},\"query-input\":{\"@type\":\"PropertyValueSpecification\",\"valueRequired\":true,\"valueName\":\"search_term_string\"}}],\"inLanguage\":\"pt-BR\"},{\"@type\":\"Organization\",\"@id\":\"https:\/\/www.estrategiaconcursos.com.br\/blog\/#organization\",\"name\":\"Estrat\u00e9gia Concursos\",\"url\":\"https:\/\/www.estrategiaconcursos.com.br\/blog\/\",\"logo\":{\"@type\":\"ImageObject\",\"inLanguage\":\"pt-BR\",\"@id\":\"https:\/\/www.estrategiaconcursos.com.br\/blog\/#\/schema\/logo\/image\/\",\"url\":\"https:\/\/dhg1h5j42swfq.cloudfront.net\/2025\/06\/03203428\/logo_concursos-1.jpg\",\"contentUrl\":\"https:\/\/dhg1h5j42swfq.cloudfront.net\/2025\/06\/03203428\/logo_concursos-1.jpg\",\"width\":230,\"height\":60,\"caption\":\"Estrat\u00e9gia Concursos\"},\"image\":{\"@id\":\"https:\/\/www.estrategiaconcursos.com.br\/blog\/#\/schema\/logo\/image\/\"},\"sameAs\":[\"https:\/\/x.com\/EstratConcursos\"]},{\"@type\":\"Person\",\"@id\":\"https:\/\/www.estrategiaconcursos.com.br\/blog\/#\/schema\/person\/59717c75350fa01aa0fd68a52a8d02e0\",\"name\":\"Herbert Almeida\",\"image\":{\"@type\":\"ImageObject\",\"inLanguage\":\"pt-BR\",\"@id\":\"https:\/\/secure.gravatar.com\/avatar\/b6461a43893c24d5fc91efc433971ffec025c84c0341129f4578034d77f9a536?s=96&d=mm&r=g\",\"url\":\"https:\/\/secure.gravatar.com\/avatar\/b6461a43893c24d5fc91efc433971ffec025c84c0341129f4578034d77f9a536?s=96&d=mm&r=g\",\"contentUrl\":\"https:\/\/secure.gravatar.com\/avatar\/b6461a43893c24d5fc91efc433971ffec025c84c0341129f4578034d77f9a536?s=96&d=mm&r=g\",\"caption\":\"Herbert Almeida\"},\"url\":\"https:\/\/www.estrategiaconcursos.com.br\/blog\/author\/herbertestrategiaconcursos-com-br\/\"}]}<\/script>\n<!-- \/ Yoast SEO Premium plugin. -->","yoast_head_json":{"title":"Tribunal de Contas do DF ir\u00e1 retomar trabalhos presenciais","description":"Tribunal de Contas do DF retornar\u00e1 os trabalhos presenciais conforme medidas preventivas divulgadas. Acesse e confira tudo!","robots":{"index":"index","follow":"follow","max-snippet":"max-snippet:-1","max-image-preview":"max-image-preview:large","max-video-preview":"max-video-preview:-1"},"canonical":"https:\/\/www.estrategiaconcursos.com.br\/blog\/tribunal-de-contas-do-df-trabalhos-presenciais\/","og_locale":"pt_BR","og_type":"article","og_title":"Tribunal de Contas do DF ir\u00e1 retomar trabalhos presenciais","og_description":"Tribunal de Contas do DF retornar\u00e1 os trabalhos presenciais conforme medidas preventivas divulgadas. Acesse e confira tudo!","og_url":"https:\/\/www.estrategiaconcursos.com.br\/blog\/tribunal-de-contas-do-df-trabalhos-presenciais\/","og_site_name":"Estrat\u00e9gia Concursos","article_published_time":"2020-10-26T20:38:08+00:00","article_modified_time":"2023-07-10T17:49:49+00:00","og_image":[{"width":1200,"height":628,"url":"https:\/\/dhg1h5j42swfq.cloudfront.net\/2020\/10\/26173532\/TCDF-Tribunal-de-Contas-do-DF.png","type":"image\/png"}],"author":"Herbert Almeida","twitter_card":"summary_large_image","twitter_creator":"@EstratConcursos","twitter_site":"@EstratConcursos","twitter_misc":{"Escrito por":"Herbert Almeida","Est. tempo de leitura":"3 minutos"},"schema":{"@context":"https:\/\/schema.org","@graph":[{"@type":"NewsArticle","@id":"https:\/\/www.estrategiaconcursos.com.br\/blog\/tribunal-de-contas-do-df-trabalhos-presenciais\/#article","isPartOf":{"@id":"https:\/\/www.estrategiaconcursos.com.br\/blog\/tribunal-de-contas-do-df-trabalhos-presenciais\/"},"author":{"name":"Herbert Almeida","@id":"https:\/\/www.estrategiaconcursos.com.br\/blog\/#\/schema\/person\/59717c75350fa01aa0fd68a52a8d02e0"},"headline":"Tribunal de Contas do DF ir\u00e1 retomar trabalhos presenciais","datePublished":"2020-10-26T20:38:08+00:00","dateModified":"2023-07-10T17:49:49+00:00","mainEntityOfPage":{"@id":"https:\/\/www.estrategiaconcursos.com.br\/blog\/tribunal-de-contas-do-df-trabalhos-presenciais\/"},"wordCount":602,"commentCount":0,"publisher":{"@id":"https:\/\/www.estrategiaconcursos.com.br\/blog\/#organization"},"image":{"@id":"https:\/\/www.estrategiaconcursos.com.br\/blog\/tribunal-de-contas-do-df-trabalhos-presenciais\/#primaryimage"},"thumbnailUrl":"https:\/\/dhg1h5j42swfq.cloudfront.net\/2020\/10\/26173532\/TCDF-Tribunal-de-Contas-do-DF.png","articleSection":["Concursos P\u00fablicos","Tribunais de Contas (TCU, TCE, TCM)"],"inLanguage":"pt-BR","potentialAction":[{"@type":"CommentAction","name":"Comment","target":["https:\/\/www.estrategiaconcursos.com.br\/blog\/tribunal-de-contas-do-df-trabalhos-presenciais\/#respond"]}],"copyrightYear":"2020","copyrightHolder":{"@id":"https:\/\/www.estrategiaconcursos.com.br\/blog\/#organization"}},{"@type":"WebPage","@id":"https:\/\/www.estrategiaconcursos.com.br\/blog\/tribunal-de-contas-do-df-trabalhos-presenciais\/","url":"https:\/\/www.estrategiaconcursos.com.br\/blog\/tribunal-de-contas-do-df-trabalhos-presenciais\/","name":"Tribunal de Contas do DF ir\u00e1 retomar trabalhos presenciais","isPartOf":{"@id":"https:\/\/www.estrategiaconcursos.com.br\/blog\/#website"},"primaryImageOfPage":{"@id":"https:\/\/www.estrategiaconcursos.com.br\/blog\/tribunal-de-contas-do-df-trabalhos-presenciais\/#primaryimage"},"image":{"@id":"https:\/\/www.estrategiaconcursos.com.br\/blog\/tribunal-de-contas-do-df-trabalhos-presenciais\/#primaryimage"},"thumbnailUrl":"https:\/\/dhg1h5j42swfq.cloudfront.net\/2020\/10\/26173532\/TCDF-Tribunal-de-Contas-do-DF.png","datePublished":"2020-10-26T20:38:08+00:00","dateModified":"2023-07-10T17:49:49+00:00","description":"Tribunal de Contas do DF retornar\u00e1 os trabalhos presenciais conforme medidas preventivas divulgadas. Acesse e confira tudo!","breadcrumb":{"@id":"https:\/\/www.estrategiaconcursos.com.br\/blog\/tribunal-de-contas-do-df-trabalhos-presenciais\/#breadcrumb"},"inLanguage":"pt-BR","potentialAction":[{"@type":"ReadAction","target":["https:\/\/www.estrategiaconcursos.com.br\/blog\/tribunal-de-contas-do-df-trabalhos-presenciais\/"]}]},{"@type":"ImageObject","inLanguage":"pt-BR","@id":"https:\/\/www.estrategiaconcursos.com.br\/blog\/tribunal-de-contas-do-df-trabalhos-presenciais\/#primaryimage","url":"https:\/\/dhg1h5j42swfq.cloudfront.net\/2020\/10\/26173532\/TCDF-Tribunal-de-Contas-do-DF.png","contentUrl":"https:\/\/dhg1h5j42swfq.cloudfront.net\/2020\/10\/26173532\/TCDF-Tribunal-de-Contas-do-DF.png","width":1200,"height":628,"caption":"Tribunal de Contas do DF"},{"@type":"BreadcrumbList","@id":"https:\/\/www.estrategiaconcursos.com.br\/blog\/tribunal-de-contas-do-df-trabalhos-presenciais\/#breadcrumb","itemListElement":[{"@type":"ListItem","position":1,"name":"In\u00edcio","item":"https:\/\/www.estrategiaconcursos.com.br\/blog\/"},{"@type":"ListItem","position":2,"name":"Tribunal de Contas do DF ir\u00e1 retomar trabalhos presenciais"}]},{"@type":"WebSite","@id":"https:\/\/www.estrategiaconcursos.com.br\/blog\/#website","url":"https:\/\/www.estrategiaconcursos.com.br\/blog\/","name":"Estrat\u00e9gia Concursos","description":"O blog da Estrat\u00e9gia Concursos traz not\u00edcias sobre concursos e artigos de professores oferecendo cursos para concursos (pdf + videaulas) no site.","publisher":{"@id":"https:\/\/www.estrategiaconcursos.com.br\/blog\/#organization"},"potentialAction":[{"@type":"SearchAction","target":{"@type":"EntryPoint","urlTemplate":"https:\/\/www.estrategiaconcursos.com.br\/blog\/?s={search_term_string}"},"query-input":{"@type":"PropertyValueSpecification","valueRequired":true,"valueName":"search_term_string"}}],"inLanguage":"pt-BR"},{"@type":"Organization","@id":"https:\/\/www.estrategiaconcursos.com.br\/blog\/#organization","name":"Estrat\u00e9gia Concursos","url":"https:\/\/www.estrategiaconcursos.com.br\/blog\/","logo":{"@type":"ImageObject","inLanguage":"pt-BR","@id":"https:\/\/www.estrategiaconcursos.com.br\/blog\/#\/schema\/logo\/image\/","url":"https:\/\/dhg1h5j42swfq.cloudfront.net\/2025\/06\/03203428\/logo_concursos-1.jpg","contentUrl":"https:\/\/dhg1h5j42swfq.cloudfront.net\/2025\/06\/03203428\/logo_concursos-1.jpg","width":230,"height":60,"caption":"Estrat\u00e9gia Concursos"},"image":{"@id":"https:\/\/www.estrategiaconcursos.com.br\/blog\/#\/schema\/logo\/image\/"},"sameAs":["https:\/\/x.com\/EstratConcursos"]},{"@type":"Person","@id":"https:\/\/www.estrategiaconcursos.com.br\/blog\/#\/schema\/person\/59717c75350fa01aa0fd68a52a8d02e0","name":"Herbert Almeida","image":{"@type":"ImageObject","inLanguage":"pt-BR","@id":"https:\/\/secure.gravatar.com\/avatar\/b6461a43893c24d5fc91efc433971ffec025c84c0341129f4578034d77f9a536?s=96&d=mm&r=g","url":"https:\/\/secure.gravatar.com\/avatar\/b6461a43893c24d5fc91efc433971ffec025c84c0341129f4578034d77f9a536?s=96&d=mm&r=g","contentUrl":"https:\/\/secure.gravatar.com\/avatar\/b6461a43893c24d5fc91efc433971ffec025c84c0341129f4578034d77f9a536?s=96&d=mm&r=g","caption":"Herbert Almeida"},"url":"https:\/\/www.estrategiaconcursos.com.br\/blog\/author\/herbertestrategiaconcursos-com-br\/"}]}},"_links":{"self":[{"href":"https:\/\/www.estrategiaconcursos.com.br\/blog\/wp-json\/wp\/v2\/posts\/596938","targetHints":{"allow":["GET"]}}],"collection":[{"href":"https:\/\/www.estrategiaconcursos.com.br\/blog\/wp-json\/wp\/v2\/posts"}],"about":[{"href":"https:\/\/www.estrategiaconcursos.com.br\/blog\/wp-json\/wp\/v2\/types\/post"}],"author":[{"embeddable":true,"href":"https:\/\/www.estrategiaconcursos.com.br\/blog\/wp-json\/wp\/v2\/users\/129"}],"replies":[{"embeddable":true,"href":"https:\/\/www.estrategiaconcursos.com.br\/blog\/wp-json\/wp\/v2\/comments?post=596938"}],"version-history":[{"count":6,"href":"https:\/\/www.estrategiaconcursos.com.br\/blog\/wp-json\/wp\/v2\/posts\/596938\/revisions"}],"predecessor-version":[{"id":1246038,"href":"https:\/\/www.estrategiaconcursos.com.br\/blog\/wp-json\/wp\/v2\/posts\/596938\/revisions\/1246038"}],"wp:featuredmedia":[{"embeddable":true,"href":"https:\/\/www.estrategiaconcursos.com.br\/blog\/wp-json\/wp\/v2\/media\/596964"}],"wp:attachment":[{"href":"https:\/\/www.estrategiaconcursos.com.br\/blog\/wp-json\/wp\/v2\/media?parent=596938"}],"wp:term":[{"taxonomy":"category","embeddable":true,"href":"https:\/\/www.estrategiaconcursos.com.br\/blog\/wp-json\/wp\/v2\/categories?post=596938"},{"taxonomy":"post_tag","embeddable":true,"href":"https:\/\/www.estrategiaconcursos.com.br\/blog\/wp-json\/wp\/v2\/tags?post=596938"},{"taxonomy":"tax_estado","embeddable":true,"href":"https:\/\/www.estrategiaconcursos.com.br\/blog\/wp-json\/wp\/v2\/tax_estado?post=596938"}],"curies":[{"name":"wp","href":"https:\/\/api.w.org\/{rel}","templated":true}]}}