{"id":59658,"date":"2017-01-21T12:13:43","date_gmt":"2017-01-21T15:13:43","guid":{"rendered":"https:\/\/www.estrategiaconcursos.com.br\/blog\/?p=59658"},"modified":"2023-08-23T08:43:02","modified_gmt":"2023-08-23T11:43:02","slug":"edital-camara-dos-deputados-publicado-2017","status":"publish","type":"post","link":"https:\/\/www.estrategiaconcursos.com.br\/blog\/edital-camara-dos-deputados-publicado-2017\/","title":{"rendered":"Edital C\u00e2mara dos Deputados &#8211; confira a an\u00e1lise dos cargos autorizados"},"content":{"rendered":"<h2>Edital C\u00e2mara dos Deputados &#8211; confira a an\u00e1lise dos cargos autorizados<\/h2>\n<p style=\"text-align: justify;\">A Lei Or\u00e7ament\u00e1ria Anual de 2017 (LOA 2017) traz boas not\u00edcias para quem deseja ser servidor da C\u00e2mara de Deputados. Ela prev\u00ea arrecada\u00e7\u00e3o de mais de R$ 8.730.000,00 em concursos para cargos dessa casa . Neste artigo voc\u00ea ter\u00e1 a an\u00e1lise do <strong>edital C\u00e2mara dos Deputados<\/strong> dos seguintes cargos:<\/p>\n<ul>\n<li style=\"text-align: justify;\"><span style=\"color: #3366ff;\">Analista Legislativo (Material e Patrim\u00f4nio)<\/span>;<\/li>\n<li style=\"text-align: justify;\"><span style=\"color: #3366ff;\">Analista Legislativo (Inform\u00e1tica)<\/span>;<\/li>\n<li style=\"text-align: justify;\"><span style=\"color: #3366ff;\">T\u00e9cnico Legislativo (Assistente Administrativo)<\/span>.<\/li>\n<\/ul>\n<p style=\"text-align: justify;\">Mais adiante, tamb\u00e9m falaremos da remunera\u00e7\u00e3o desses cargos.<\/p>\n<p style=\"text-align: justify;\">A LOA 2017 prev\u00ea o provimento&nbsp;de 129 novos cargos para a C\u00e2mara dos Deputados. Veja:<\/p>\n<p style=\"text-align: justify;\"><img loading=\"lazy\" decoding=\"async\" class=\"aligncenter wp-image-58144\" title=\"edital C\u00e2mara dos Deputados\" src=\"https:\/\/dhg1h5j42swfq.cloudfront.net\/2016\/12\/16111521\/concurso-c%C3%A2mara-do-deputados.png\" alt=\"edital C\u00e2mara dos Deputados\" width=\"600\" height=\"234\" srcset=\"https:\/\/dhg1h5j42swfq.cloudfront.net\/2016\/12\/16111521\/concurso-c%C3%A2mara-do-deputados.png 629w, https:\/\/dhg1h5j42swfq.cloudfront.net\/2016\/12\/16111521\/concurso-c%C3%A2mara-do-deputados.png 300w, https:\/\/dhg1h5j42swfq.cloudfront.net\/2016\/12\/16111521\/concurso-c%C3%A2mara-do-deputados.png 500w\" sizes=\"auto, (max-width: 600px) 100vw, 600px\" \/><\/p>\n<hr \/>\n<h3><strong>Nomea\u00e7\u00f5es &#8220;versus&#8221; vagas no edital C\u00e2mara dos Deputados<\/strong><\/h3>\n<p style=\"text-align: justify;\">A C\u00e2mara dos Deputados tem nomeado os aprovados al\u00e9m do n\u00famero de vagas previsto originalmente no edital. Exemplo disso \u00e9 o concurso de 2012 no qual o edital C\u00e2mara dos Deputados previa <strong>111<\/strong> vagas para Analista Legislativo &#8211; Atribui\u00e7\u00e3o: T\u00e9cnica Legislativa. Eram 111 vagas, mas&nbsp;<span style=\"color: #3366ff;\"><strong>foram nomeados, ao todo, mais de 400 servidores<\/strong><\/span>.<\/p>\n<p style=\"text-align: justify;\">As \u00faltimas nomea\u00e7\u00f5es aconteceram em 23\/12\/2016, quando o Di\u00e1rio Oficial da Uni\u00e3o trouxe a nomea\u00e7\u00e3o de 30<span class=\"apple-converted-space\">&nbsp;<\/span>Analistas Legislativos &#8211; Atribui\u00e7\u00e3o: T\u00e9cnica Legislativa para a C\u00e2mara dos Deputados no \u00faltimo dia de validade do concurso. Como se v\u00ea, mesmo na \u00faltima hora, ainda houve nomea\u00e7\u00f5es al\u00e9m do que estava previsto no edital.<\/p>\n<p style=\"text-align: justify;\">As&nbsp;nomea\u00e7\u00f5es ocorreram em virtude do Ato da&nbsp;Mesa n. 142, de 21\/12\/2016, publicado no Suplemento ao Di\u00e1rio da C\u00e2mara dos Deputados de 22\/12\/2016. Esse Ato transformou diversos cargos de Analista Legislativo de outras especialidades em Analistas Legislativo (atribui\u00e7\u00e3o T\u00e9cnica Legislativa),<span class=\"apple-converted-space\">&nbsp;<\/span>viabilizando assim,<span class=\"apple-converted-space\">&nbsp;<\/span>&nbsp;as 30 nomea\u00e7\u00f5es.<\/p>\n<p style=\"text-align: justify;\">Esse concurso&nbsp;foi organizado pela banca CESPE.<\/p>\n<hr \/>\n<h3><strong>Pr\u00f3ximo concurso C\u00e2mara dos Deputados<\/strong><\/h3>\n<p style=\"text-align: justify;\">Conforme a LOA 2017, h\u00e1 previs\u00e3o de arrecada\u00e7\u00e3o de mais de R$ 8 milh\u00f5es em inscri\u00e7\u00f5es para o concurso da C\u00e2mara dos Deputados com base em estimativa prevista pela CEFOR para concurso a ser realizado em 2017.<\/p>\n<table style=\"width: 700px;\">\n<tbody>\n<tr>\n<td style=\"width: 280px; text-align: justify;\">O pr\u00f3ximo <strong>edital C\u00e2mara dos Deputados<\/strong> pode trazer todas as vagas j\u00e1 autorizadas por ato da C\u00e2mara dos Deputados, ou parte delas. Veja c\u00f3pia do ato de autoriza\u00e7\u00e3o ao lado.<br \/>\nComo voc\u00ea pode perceber, j\u00e1 h\u00e1 autoriza\u00e7\u00e3o para a realiza\u00e7\u00e3o de concurso para os cargos <span style=\"color: #3366ff;\">Analista Legislativo (Material e Patrim\u00f4nio)<\/span>, <span style=\"color: #3366ff;\">Analista Legislativo (Inform\u00e1tica Legislativa)<\/span> e <span style=\"color: #3366ff;\">T\u00e9cnico Administrativo (Assistente Administrativo)<\/span>.<br \/>\nAdiante, voc\u00ea poder\u00e1 verificar quais mat\u00e9rias j\u00e1 ca\u00edram em concurso para esses cargos. Mas antes, vamos verificar a remunera\u00e7\u00e3o desses cargos.<\/td>\n<td style=\"width: 20px; text-align: justify;\"><\/td>\n<td style=\"width: 400px; background-color: #1191d6;\"><span style=\"color: #ffffff; font-family: tahoma, arial, helvetica, sans-serif; font-size: 8pt;\">ATO DA MESA N\u00ba 149, DE 10\/12\/2014<\/span><br \/>\n<span style=\"color: #ffffff; font-family: tahoma, arial, helvetica, sans-serif; font-size: 8pt;\">Autoriza a realiza\u00e7\u00e3o de concurso p\u00fablico para provimento de cargos efetivos da C\u00e2mara dos Deputados.<\/span><br \/>\n<span style=\"color: #ffffff; font-family: tahoma, arial, helvetica, sans-serif; font-size: 8pt;\">A MESA DA C\u00c2MARA DOS DEPUTADOS, no&nbsp;uso de suas atribui\u00e7\u00f5es, resolve:<\/span><br \/>\n<span style=\"color: #ffffff; font-family: tahoma, arial, helvetica, sans-serif; font-size: 8pt;\">Art. 1\u00b0 Fica autorizada a realiza\u00e7\u00e3o de concurso p\u00fablico destinado ao provimento de cargos efetivos de Analista Legislativo, atribui\u00e7\u00f5es T\u00e9cnico em Documenta\u00e7\u00e3o e Informa\u00e7\u00e3o Legislativa, c\u00f3digo CD-AL-013, T\u00e9cnico em Material e Patrim\u00f4nio, c\u00f3digo CD-AL-021, Assistente Social, c\u00f3digo CD-NS-930, Analista de Inform\u00e1tica Legislativa, c\u00f3digo CD-AL-028, e de T\u00e9cnico Legislativo \u2013 atribui\u00e7\u00e3o Assistente Administrativo, c\u00f3digo CD-AL-026.<\/span><br \/>\n<span style=\"color: #ffffff; font-family: tahoma, arial, helvetica, sans-serif; font-size: 8pt;\">Art. 2\u00b0 Este Ato entra em vigor&nbsp;na data de sua publica\u00e7\u00e3o.<\/span><\/td>\n<\/tr>\n<\/tbody>\n<\/table>\n<hr \/>\n<p><span style=\"color: #008000;\"><em>Acesse o nosso Guia Completo Carreiras Legislativas.<\/em><\/span><\/p>\n<p><a href=\"https:\/\/www.estrategiaconcursos.com.br\/blog\/guia-completo-carreiras-legislativas\/\">Guia Completo Carreiras Legislativas<\/a><\/p>\n<h3><strong>Remunera\u00e7\u00e3o da C\u00e2mara dos Deputados<\/strong><\/h3>\n<p style=\"text-align: justify;\">O pr\u00f3ximo <strong>edital C\u00e2mara dos Deputados<\/strong> ir\u00e1&nbsp;trazer as remunera\u00e7\u00f5es que est\u00e3o logo abaixo. Voc\u00ea poder\u00e1 notar que a c\u00e2mara oferece uma das maiores remunera\u00e7\u00f5es do pa\u00eds para n\u00edveis m\u00e9dio e superior. No <strong>in\u00edcio<\/strong> de carreira, em 2017, essas remunera\u00e7\u00f5es superam os <span style=\"color: #0000ff;\"><strong>15 mil reais <\/strong><\/span>para T\u00e9cnico e <span style=\"color: #0000ff;\"><strong>22 mil reais<\/strong><\/span> para Analista e s\u00e3o ainda maiores em 2018 e 2019. Confira:<\/p>\n<p><span style=\"color: #ff0000;\">&nbsp;<\/span><\/p>\n<hr \/>\n<h3><strong>\u00daltimo edital C\u00e2mara dos Deputados Analista Legislativo &#8211; Atribui\u00e7\u00e3o: Material e Patrim\u00f4nio<\/strong><\/h3>\n<p style=\"text-align: justify;\">Em 2012, o <strong>edital C\u00e2mara dos Deputados<\/strong> n\u00famero 1 de 14\/03\/2012 abriu 8 (oito) vagas para Analista Legislativo &#8211; Atribui\u00e7\u00e3o: Material e Patrim\u00f4nio. Eram 7 (sete) vagas para concorr\u00eancia geral e 1 (uma) vaga para candidatos com defici\u00eancia. Adiante, voc\u00ea encontrar\u00e1 link para baixar esse edital.<\/p>\n<p style=\"text-align: justify;\">Para esse cargo foi exigido diploma de <span style=\"color: #3366ff;\"><strong>n\u00edvel superior<\/strong><\/span> em qualquer \u00e1rea de forma\u00e7\u00e3o.<\/p>\n<p style=\"text-align: justify;\">As <span style=\"color: #3366ff;\"><strong>atribui\u00e7\u00f5es<\/strong><\/span> do cargo descritas no edital C\u00e2mara dos Deputados eram atividades de n\u00edvel superior envolvendo a supervis\u00e3o, coordena\u00e7\u00e3o, orienta\u00e7\u00e3o e execu\u00e7\u00e3o de trabalhos relacionados com a aplica\u00e7\u00e3o de procedimentos especializados referentes a estudos, pesquisas, an\u00e1lises, projetos, programa\u00e7\u00f5es, proje\u00e7\u00f5es e a pr\u00e1tica de atos relativos aos aspectos administrativos, econ\u00f4micos, cont\u00e1beis e estat\u00edsticos da \u00e1rea de material e patrim\u00f4nio.<\/p>\n<p style=\"text-align: justify;\">A <span style=\"color: #3366ff;\"><strong>remunera\u00e7\u00e3o<\/strong><\/span> inicial do&nbsp;Analista Legislativo &#8211; Atribui\u00e7\u00e3o: Material e Patrim\u00f4nio no edital C\u00e2mara dos Deputados de 2012 era de R$ 11.914,88 para uma jornada de trabalho de 40 horas semanais. Em 2017, como visto acima, a remunera\u00e7\u00e3o inicial para esse cargo \u00e9 de <span style=\"color: #0000ff;\"><strong>R$ 22.580,85<\/strong><\/span> (sem contar outros valores que podem ser acrescentados como, por exemplo, aux\u00edlio alimenta\u00e7\u00e3o). A jornada de trabalho continua 40 horas semanais.<\/p>\n<p>A concorr\u00eancia nesse concurso de 2012 foi de mais de 640 candidatos por vaga. Inscreveram-se no concurso 5.141 candidatos para disputar as 8 vagas.<\/p>\n<p style=\"text-align: justify;\">O <strong>edital C\u00e2mara dos Deputados<\/strong> n\u00famero 1 de 14\/03\/2012 cobrou dos candidatos ao cargo de&nbsp;Analista Legislativo &#8211; Atribui\u00e7\u00e3o: Material e Patrim\u00f4nio os seguintes conhecimentos:<\/p>\n<table style=\"background-color: #4093c9;\">\n<tbody>\n<tr>\n<td style=\"width: 290px; vertical-align: top;\"><strong><span style=\"color: #ffffff;\">Conhecimentos B\u00e1sicos<\/span><\/strong><\/td>\n<td style=\"width: 290px; vertical-align: top;\"><strong><span style=\"color: #ffffff;\">Conhecimentos Espec\u00edficos<\/span><\/strong><\/td>\n<\/tr>\n<tr>\n<td><span style=\"color: #ffffff; font-family: tahoma, arial, helvetica, sans-serif; font-size: 8pt;\">\u2022L\u00edngua Portuguesa<\/span><br \/>\n<span style=\"color: #ffffff; font-family: tahoma, arial, helvetica, sans-serif; font-size: 8pt;\">\u2022No\u00e7\u00f5es de Inform\u00e1tica<\/span><br \/>\n<span style=\"color: #ffffff; font-family: tahoma, arial, helvetica, sans-serif; font-size: 8pt;\">\u2022No\u00e7\u00f5es de Direito Constitucional<\/span><br \/>\n<span style=\"color: #ffffff; font-family: tahoma, arial, helvetica, sans-serif; font-size: 8pt;\">\u2022No\u00e7\u00f5es de Direito Administrativo<\/span><br \/>\n<span style=\"color: #ffffff; font-family: tahoma, arial, helvetica, sans-serif; font-size: 8pt;\">\u2022L\u00edngua Inglesa<\/span><br \/>\n<span style=\"color: #ffffff; font-family: tahoma, arial, helvetica, sans-serif; font-size: 8pt;\">\u2022L\u00edngua Espanhola<\/span><br \/>\n<span style=\"color: #ffffff; font-family: tahoma, arial, helvetica, sans-serif; font-size: 8pt;\">\u2022No\u00e7\u00f5es de Contabilidade<\/span><br \/>\n<span style=\"color: #ffffff; font-family: tahoma, arial, helvetica, sans-serif; font-size: 8pt;\">\u2022No\u00e7\u00f5es de Estat\u00edstica<\/span><br \/>\n<span style=\"color: #ffffff; font-family: tahoma, arial, helvetica, sans-serif; font-size: 8pt;\">\u2022Racioc\u00ednio L\u00f3gico<\/span><\/td>\n<td style=\"vertical-align: top;\"><span style=\"color: #ffffff; font-family: tahoma, arial, helvetica, sans-serif; font-size: 8pt;\">\u2022No\u00e7\u00f5es de Administra\u00e7\u00e3o.<\/span><br \/>\n<span style=\"color: #ffffff; font-family: tahoma, arial, helvetica, sans-serif; font-size: 8pt;\">\u2022Administra\u00e7\u00e3o de Recursos Materiais.<\/span><br \/>\n<span style=\"color: #ffffff; font-family: tahoma, arial, helvetica, sans-serif; font-size: 8pt;\">\u2022Administra\u00e7\u00e3o Financeira e Or\u00e7amento P\u00fablico.<\/span><br \/>\n<span style=\"color: #ffffff; font-family: tahoma, arial, helvetica, sans-serif; font-size: 8pt;\">\u2022Licita\u00e7\u00f5es E Contratos.<\/span><br \/>\n<span style=\"color: #ffffff; font-family: tahoma, arial, helvetica, sans-serif; font-size: 8pt;\">\u2022Sistemas De Controle.<\/span><br \/>\n<span style=\"color: #ffffff; font-family: tahoma, arial, helvetica, sans-serif; font-size: 8pt;\">\u2022Legisla\u00e7\u00e3o Interna da C\u00e2mara Dos Deputados.<\/span><\/td>\n<\/tr>\n<\/tbody>\n<\/table>\n<hr \/>\n<p style=\"text-align: justify;\">A prova objetiva foi composta de 180 itens, sendo 110 de conhecimentos b\u00e1sicos e 70 de conhecimentos espec\u00edficos. Al\u00e9m disso, os candidatos tamb\u00e9m tiveram uma prova <span style=\"color: #3366ff;\"><strong>discursiva<\/strong><\/span>. Veja no item 7.1.3 do edital C\u00e2mara dos Deputados.<\/p>\n<p style=\"text-align: justify;\"><img loading=\"lazy\" decoding=\"async\" class=\"aligncenter wp-image-59608\" title=\"edital C\u00e2mara dos Deputados\" src=\"https:\/\/dhg1h5j42swfq.cloudfront.net\/2016\/12\/29072705\/Adinoel-camara-dos-deputados-2012-quadro-de-provas.jpg.jpg\" alt=\"edital C\u00e2mara dos Deputados\" width=\"600\" height=\"138\" srcset=\"https:\/\/dhg1h5j42swfq.cloudfront.net\/2016\/12\/29072705\/Adinoel-camara-dos-deputados-2012-quadro-de-provas.jpg.jpg 1171w, https:\/\/dhg1h5j42swfq.cloudfront.net\/2016\/12\/29072705\/Adinoel-camara-dos-deputados-2012-quadro-de-provas.jpg.jpg 300w, https:\/\/dhg1h5j42swfq.cloudfront.net\/2016\/12\/29072705\/Adinoel-camara-dos-deputados-2012-quadro-de-provas.jpg.jpg 768w, https:\/\/dhg1h5j42swfq.cloudfront.net\/2016\/12\/29072705\/Adinoel-camara-dos-deputados-2012-quadro-de-provas.jpg.jpg 1024w, https:\/\/dhg1h5j42swfq.cloudfront.net\/2016\/12\/29072705\/Adinoel-camara-dos-deputados-2012-quadro-de-provas.jpg.jpg 500w\" sizes=\"auto, (max-width: 600px) 100vw, 600px\" \/><\/p>\n<p style=\"text-align: justify;\">Adiante, neste artigo, voc\u00ea encontrar\u00e1 o conte\u00fado detalhado de cada disciplina cobrado no <strong>edital C\u00e2mara dos Deputados<\/strong> para o concurso 2012 de&nbsp;Analista Legislativo &#8211; Atribui\u00e7\u00e3o: Material e Patrim\u00f4nio.<\/p>\n<hr \/>\n<h3 style=\"text-align: justify;\"><strong>&nbsp;\u00daltimo edital C\u00e2mara dos Deputados Analista Legislativo &#8211; Atribui\u00e7\u00e3o: Inform\u00e1tica Legislativa<\/strong><\/h3>\n<p style=\"text-align: justify;\">Em 2007, o <strong>edital C\u00e2mara dos Deputados<\/strong> n\u00famero 7 de 26\/04\/2007 abriu 20 (vinte) vagas para <span style=\"color: #3366ff;\">Analista Legislativo &#8211; Atribui\u00e7\u00e3o: Inform\u00e1tica Legislativa<\/span>. Eram 19 (dezenove) vagas para concorr\u00eancia geral e 1 (uma) vaga para candidatos com defici\u00eancia.&nbsp;Adiante, voc\u00ea encontrar\u00e1 link para baixar esse edital.<\/p>\n<p style=\"text-align: justify;\">Para esse cargo foi exigido diploma de <span style=\"color: #3366ff;\"><strong>n\u00edvel superior<\/strong><\/span> em qualquer \u00e1rea de forma\u00e7\u00e3o.<\/p>\n<p style=\"text-align: justify;\">As <span style=\"color: #3366ff;\"><strong>atribui\u00e7\u00f5es<\/strong><\/span> do cargo descritas no edital C\u00e2mara dos Deputados eram atividades&nbsp;relacionadas com desenvolvimento de sistemas, suporte t\u00e9cnico, engenharia de rede, administra\u00e7\u00e3o de banco de dados, administra\u00e7\u00e3o de objetos e administra\u00e7\u00e3o de produ\u00e7\u00e3o.<\/p>\n<p style=\"text-align: justify;\">A <span style=\"color: #3366ff;\"><strong>remunera\u00e7\u00e3o<\/strong><\/span> inicial do&nbsp;Analista Legislativo &#8211; Atribui\u00e7\u00e3o: Inform\u00e1tica Legislativa&nbsp;no edital C\u00e2mara dos Deputados de 2007 era de R$ 9.008,12 para uma jornada de trabalho de 40 horas semanais. Em 2017, como visto acima, a remunera\u00e7\u00e3o inicial para esse cargo \u00e9 de <span style=\"color: #0000ff;\"><strong>R$ 22.580,85<\/strong><\/span> (sem contar outros valores que podem ser acrescentados como, por exemplo, aux\u00edlio alimenta\u00e7\u00e3o). A jornada de trabalho continua 40 horas semanais.<\/p>\n<p style=\"text-align: justify;\">Segundo o site da C\u00e2mara, um total de 73.707 pessoas se inscreveram para disputar uma das vagas para 22 \u00e1reas de n\u00edvel superior e 3 \u00e1reas de n\u00edvel m\u00e9dio no concurso de 2007.<\/p>\n<p style=\"text-align: justify;\">O <strong>edital C\u00e2mara dos Deputados<\/strong> n\u00famero 7 de 26\/04\/2007 cobrou dos candidatos ao cargo de&nbsp;<span style=\"color: #3366ff;\">Analista Legislativo &#8211; Atribui\u00e7\u00e3o: Inform\u00e1tica Legislativa<\/span>&nbsp;os seguintes conhecimentos:<\/p>\n<table style=\"background-color: #4093c9;\">\n<tbody>\n<tr>\n<td style=\"width: 290px; vertical-align: top;\"><strong><span style=\"color: #ffffff;\">Conhecimentos B\u00e1sicos<\/span><\/strong><\/td>\n<td style=\"width: 290px; vertical-align: top;\"><strong><span style=\"color: #ffffff;\">Conhecimentos Espec\u00edficos<\/span><\/strong><\/td>\n<\/tr>\n<tr>\n<td style=\"width: 290px; vertical-align: top;\"><span style=\"color: #ffffff;\"><span style=\"color: #ffffff; font-family: tahoma, arial, helvetica, sans-serif; font-size: 8pt;\">\u2022<\/span><span style=\"font-family: tahoma, arial, helvetica, sans-serif; font-size: 8pt;\">L\u00edngua Portuguesa<\/span><br \/>\n<span style=\"font-family: tahoma, arial, helvetica, sans-serif; font-size: 8pt;\">\u2022L\u00edngua Inglesa<\/span><br \/>\n<span style=\"font-family: tahoma, arial, helvetica, sans-serif; font-size: 8pt;\">\u2022Direito Constitucional<\/span><br \/>\n<span style=\"font-family: tahoma, arial, helvetica, sans-serif; font-size: 8pt;\">\u2022Constitui\u00e7\u00e3o Federal<\/span><br \/>\n<span style=\"font-family: tahoma, arial, helvetica, sans-serif; font-size: 8pt;\">\u2022Direito Administrativo<\/span><br \/>\n<span style=\"font-family: tahoma, arial, helvetica, sans-serif; font-size: 8pt;\">\u2022Processo Legislativo &#8211; Regimento Interno<\/span><br \/>\n<span style=\"font-family: tahoma, arial, helvetica, sans-serif; font-size: 8pt;\">\u2022Conhecimentos Gerais<\/span><\/span><\/td>\n<td style=\"width: 290px; vertical-align: top;\"><span style=\"color: #ffffff;\"><span style=\"color: #ffffff; font-family: tahoma, arial, helvetica, sans-serif; font-size: 8pt;\">\u2022<\/span><span style=\"font-family: tahoma, arial, helvetica, sans-serif; font-size: 8pt;\">Fundamentos de Computa\u00e7\u00e3o<\/span><br \/>\n<span style=\"font-family: tahoma, arial, helvetica, sans-serif; font-size: 8pt;\">\u2022L\u00f3gica de Programa\u00e7\u00e3o<\/span><br \/>\n<span style=\"font-family: tahoma, arial, helvetica, sans-serif; font-size: 8pt;\">\u2022Metodologia de Desenvolvimento<\/span><br \/>\n<span style=\"font-family: tahoma, arial, helvetica, sans-serif; font-size: 8pt;\">\u2022Linguagem de Programa\u00e7\u00e3o Java<\/span><br \/>\n<span style=\"font-family: tahoma, arial, helvetica, sans-serif; font-size: 8pt;\">\u2022Desenvolvimento Web<\/span><br \/>\n<span style=\"font-family: tahoma, arial, helvetica, sans-serif; font-size: 8pt;\">\u2022Redes de Comunica\u00e7\u00e3o<\/span><br \/>\n<span style=\"font-family: tahoma, arial, helvetica, sans-serif; font-size: 8pt;\">\u2022Ger\u00eancia de Redes<\/span><br \/>\n<span style=\"font-family: tahoma, arial, helvetica, sans-serif; font-size: 8pt;\">\u2022Seguran\u00e7a da Informa\u00e7\u00e3o<\/span><br \/>\n<span style=\"font-family: tahoma, arial, helvetica, sans-serif; font-size: 8pt;\">\u2022Alta Disponibilidade<\/span><br \/>\n<span style=\"font-family: tahoma, arial, helvetica, sans-serif; font-size: 8pt;\">\u2022Sistemas Operacionais Windows 2003 \u2022Server, Solaris E Linux<\/span><br \/>\n<span style=\"font-family: tahoma, arial, helvetica, sans-serif; font-size: 8pt;\">\u2022Banco de Dados<\/span><br \/>\n<span style=\"font-family: tahoma, arial, helvetica, sans-serif; font-size: 8pt;\">\u2022Administra\u00e7\u00e3o de Banco de Dados Relacionais<\/span><br \/>\n<span style=\"font-family: tahoma, arial, helvetica, sans-serif; font-size: 8pt;\">\u2022Oracle E MS-SQL Server<\/span><br \/>\n<span style=\"font-family: tahoma, arial, helvetica, sans-serif; font-size: 8pt;\">\u2022Modelo ITIL (Information Technology Infrastructure Library)<\/span><br \/>\n<span style=\"font-family: tahoma, arial, helvetica, sans-serif; font-size: 8pt;\">\u2022Ger\u00eancia de Projetos e Modelo PMI<\/span><\/span><\/td>\n<\/tr>\n<\/tbody>\n<\/table>\n<hr \/>\n<p style=\"text-align: justify;\">A prova objetiva foi composta de 95 quest\u00f5es, sendo 45 de conhecimentos b\u00e1sicos e 50 de conhecimentos espec\u00edficos. Al\u00e9m disso, tamb\u00e9m houve provas de t\u00edtulos. Voc\u00ea pode ver isso abaixo.<\/p>\n<p style=\"text-align: justify;\"><img loading=\"lazy\" decoding=\"async\" class=\"aligncenter wp-image-59609\" title=\"edital C\u00e2mara dos Deputados\" src=\"https:\/\/dhg1h5j42swfq.cloudfront.net\/2016\/12\/29080450\/Adinoel-camara-dos-deputados-2007-quadro-de-prova.jpg.jpg\" alt=\"edital C\u00e2mara dos Deputados\" width=\"600\" height=\"160\" srcset=\"https:\/\/dhg1h5j42swfq.cloudfront.net\/2016\/12\/29080450\/Adinoel-camara-dos-deputados-2007-quadro-de-prova.jpg.jpg 1103w, https:\/\/dhg1h5j42swfq.cloudfront.net\/2016\/12\/29080450\/Adinoel-camara-dos-deputados-2007-quadro-de-prova.jpg.jpg 300w, https:\/\/dhg1h5j42swfq.cloudfront.net\/2016\/12\/29080450\/Adinoel-camara-dos-deputados-2007-quadro-de-prova.jpg.jpg 768w, https:\/\/dhg1h5j42swfq.cloudfront.net\/2016\/12\/29080450\/Adinoel-camara-dos-deputados-2007-quadro-de-prova.jpg.jpg 1024w, https:\/\/dhg1h5j42swfq.cloudfront.net\/2016\/12\/29080450\/Adinoel-camara-dos-deputados-2007-quadro-de-prova.jpg.jpg 500w\" sizes=\"auto, (max-width: 600px) 100vw, 600px\" \/><\/p>\n<p>A <span style=\"color: #3366ff;\"><strong>Prova de T\u00edtulos<\/strong><\/span> teve apenas car\u00e1ter classificat\u00f3rio. Ela valeu 12 pontos. Veja abaixo quais t\u00edtulos somavam pontos nesse concurso.<\/p>\n<p><img loading=\"lazy\" decoding=\"async\" class=\"aligncenter wp-image-59611\" title=\"edital C\u00e2mara dos Deputados\" src=\"https:\/\/dhg1h5j42swfq.cloudfront.net\/2016\/12\/29090202\/Adinoel-camara-dos-deputados-2012-prova-de-titulos.jpg\" alt=\"edital C\u00e2mara dos Deputados\" width=\"600\" height=\"263\" srcset=\"https:\/\/dhg1h5j42swfq.cloudfront.net\/2016\/12\/29090202\/Adinoel-camara-dos-deputados-2012-prova-de-titulos.jpg 925w, https:\/\/dhg1h5j42swfq.cloudfront.net\/2016\/12\/29090202\/Adinoel-camara-dos-deputados-2012-prova-de-titulos.jpg 300w, https:\/\/dhg1h5j42swfq.cloudfront.net\/2016\/12\/29090202\/Adinoel-camara-dos-deputados-2012-prova-de-titulos.jpg 768w, https:\/\/dhg1h5j42swfq.cloudfront.net\/2016\/12\/29090202\/Adinoel-camara-dos-deputados-2012-prova-de-titulos.jpg 500w\" sizes=\"auto, (max-width: 600px) 100vw, 600px\" \/><\/p>\n<p style=\"text-align: justify;\">Adiante, neste artigo, voc\u00ea encontrar\u00e1 o conte\u00fado detalhado de cada disciplina cobrado no edital C\u00e2mara dos Deputados para o concurso 2007 de <span style=\"color: #3366ff;\">Analista Legislativo &#8211; Atribui\u00e7\u00e3o: Inform\u00e1tica Legislativa<\/span>.<\/p>\n<p style=\"text-align: justify;\">O concurso de 2007 ficou a cargo da Funda\u00e7\u00e3o Carlos Chagas (FCC).<\/p>\n<hr \/>\n<h3 style=\"text-align: justify;\"><strong>&nbsp;\u00daltimo edital C\u00e2mara dos Deputados T\u00e9cnico Legislativo &#8211; Atribui\u00e7\u00e3o:&nbsp;Assistente Administrativo<\/strong><\/h3>\n<p style=\"text-align: justify;\">Em 2007, o <strong>edital C\u00e2mara dos Deputados<\/strong> n\u00famero 7 de 26\/04\/2007 abriu 90 (noventa) vagas para <span style=\"color: #3366ff;\">T\u00e9cnico Legislativo &#8211; Atribui\u00e7\u00e3o: Assistente Administrativo<\/span>. Eram 85 (oitenta e cinco) vagas para concorr\u00eancia geral e 5 (cinco) vagas para candidatos com defici\u00eancia.&nbsp;Adiante, voc\u00ea encontrar\u00e1 link para baixar esse edital.<\/p>\n<p style=\"text-align: justify;\">Para esse cargo foi exigido diploma de <span style=\"color: #3366ff;\"><strong>n\u00edvel m\u00e9dio<\/strong><\/span>.<\/p>\n<p style=\"text-align: justify;\">As <span style=\"color: #3366ff;\"><strong>atribui\u00e7\u00f5es<\/strong><\/span> do cargo descritas no edital C\u00e2mara dos Deputados eram atividades&nbsp;relacionadas com apoio administrativo e legislativo.<\/p>\n<p style=\"text-align: justify;\">A <strong><span style=\"color: #3366ff;\">remunera\u00e7\u00e3o<\/span><\/strong> inicial do T\u00e9cnico&nbsp;Legislativo &#8211; Atribui\u00e7\u00e3o: Assistente Administrativo&nbsp;no edital C\u00e2mara dos Deputados de 2007 era de R$ 3.252,22 para uma jornada de trabalho de 40 horas semanais. Em 2017, como visto acima, a remunera\u00e7\u00e3o inicial para esse cargo \u00e9 de <span style=\"color: #0000ff;\"><strong>R$ 15.041,67<\/strong><\/span>&nbsp;(sem contar outros valores que podem ser acrescentados como, por exemplo, aux\u00edlio alimenta\u00e7\u00e3o). A jornada de trabalho continua 40 horas semanais.<\/p>\n<p style=\"text-align: justify;\">Segundo o site da C\u00e2mara, um total de 73.707 pessoas se inscreveram para disputar uma das vagas para 22 \u00e1reas de n\u00edvel superior e 3 \u00e1reas de n\u00edvel m\u00e9dio no concurso de 2007.<\/p>\n<p style=\"text-align: justify;\">O edital C\u00e2mara dos Deputados n\u00famero 7 de 26\/04\/2007 cobrou dos candidatos ao cargo de <span style=\"color: #3366ff;\">T\u00e9cnico&nbsp;Legislativo &#8211; Atribui\u00e7\u00e3o: Assistente Administrativo<\/span>&nbsp;os seguintes conhecimentos:<\/p>\n<table style=\"background-color: #4093c9;\">\n<tbody>\n<tr>\n<td style=\"width: 290px; vertical-align: top;\"><strong><span style=\"color: #ffffff;\">Conhecimentos B\u00e1sicos<\/span><\/strong><\/td>\n<td style=\"width: 290px; vertical-align: top;\"><strong><span style=\"color: #ffffff;\">Conhecimentos Espec\u00edficos<\/span><\/strong><\/td>\n<\/tr>\n<tr>\n<td style=\"width: 290px; vertical-align: top;\"><span style=\"color: #ffffff; font-family: tahoma, arial, helvetica, sans-serif; font-size: 8pt;\">\u2022<\/span><span style=\"color: #ffffff;\"><span style=\"font-family: tahoma, arial, helvetica, sans-serif; font-size: 8pt;\">L\u00edngua Portuguesa<\/span><br \/>\n<span style=\"font-family: tahoma, arial, helvetica, sans-serif; font-size: 8pt;\">\u2022Direito Constitucional<\/span><br \/>\n<span style=\"font-family: tahoma, arial, helvetica, sans-serif; font-size: 8pt;\">\u2022Direito Administrativo<\/span><br \/>\n<span style=\"font-family: tahoma, arial, helvetica, sans-serif; font-size: 8pt;\">\u2022Processo Legislativo &#8211; Regimento Interno<\/span><br \/>\n<span style=\"font-family: tahoma, arial, helvetica, sans-serif; font-size: 8pt;\">\u2022Conhecimentos Gerais<\/span><\/span><\/td>\n<td style=\"width: 290px; vertical-align: top;\"><span style=\"font-family: tahoma, arial, helvetica, sans-serif; font-size: 8pt; color: #ffffff;\">\u2022No\u00e7\u00f5es de Protocolo e Arquivo<\/span><br \/>\n<span style=\"font-family: tahoma, arial, helvetica, sans-serif; font-size: 8pt; color: #ffffff;\">\u2022No\u00e7\u00f5es de Administra\u00e7\u00e3o e Pessoas<\/span><br \/>\n<span style=\"font-family: tahoma, arial, helvetica, sans-serif; font-size: 8pt; color: #ffffff;\">\u2022No\u00e7\u00f5es de Administra\u00e7\u00e3o de Recursos Materiais<\/span><br \/>\n<span style=\"font-family: tahoma, arial, helvetica, sans-serif; font-size: 8pt; color: #ffffff;\">\u2022No\u00e7\u00f5es de Administra\u00e7\u00e3o Or\u00e7ament\u00e1ria e \u2022Financeira<\/span><\/td>\n<\/tr>\n<\/tbody>\n<\/table>\n<hr \/>\n<p style=\"text-align: justify;\">A prova objetiva foi composta de 70 quest\u00f5es, sendo 45 de conhecimentos b\u00e1sicos e 25 de conhecimentos espec\u00edficos. Al\u00e9m disso, tamb\u00e9m houve prova <strong><span style=\"color: #3366ff;\">discursiva<\/span><\/strong> e <span style=\"color: #3366ff;\"><strong>pr\u00e1tica de Inform\u00e1tica<\/strong><\/span> . Voc\u00ea pode ver isso abaixo.<\/p>\n<p><img loading=\"lazy\" decoding=\"async\" class=\"aligncenter wp-image-59610\" title=\"edital C\u00e2mara dos Deputados\" src=\"https:\/\/dhg1h5j42swfq.cloudfront.net\/2016\/12\/29083945\/Adinoel-camara-dos-deputados-2007-quadro-de-prova-tecnico.jpg\" alt=\"edital C\u00e2mara dos Deputados\" width=\"600\" height=\"136\" srcset=\"https:\/\/dhg1h5j42swfq.cloudfront.net\/2016\/12\/29083945\/Adinoel-camara-dos-deputados-2007-quadro-de-prova-tecnico.jpg 1108w, https:\/\/dhg1h5j42swfq.cloudfront.net\/2016\/12\/29083945\/Adinoel-camara-dos-deputados-2007-quadro-de-prova-tecnico.jpg 300w, https:\/\/dhg1h5j42swfq.cloudfront.net\/2016\/12\/29083945\/Adinoel-camara-dos-deputados-2007-quadro-de-prova-tecnico.jpg 768w, https:\/\/dhg1h5j42swfq.cloudfront.net\/2016\/12\/29083945\/Adinoel-camara-dos-deputados-2007-quadro-de-prova-tecnico.jpg 1024w, https:\/\/dhg1h5j42swfq.cloudfront.net\/2016\/12\/29083945\/Adinoel-camara-dos-deputados-2007-quadro-de-prova-tecnico.jpg 500w\" sizes=\"auto, (max-width: 600px) 100vw, 600px\" \/><\/p>\n<p style=\"text-align: justify;\">Posteriormente \u00e0s provas objetiva e discursiva, foram convocados 380 candidatos habilitados para a Prova Pr\u00e1tica de Inform\u00e1tica.<\/p>\n<p style=\"text-align: justify;\">A <span style=\"color: #3366ff;\"><strong>Prova Pr\u00e1tica de Inform\u00e1tica<\/strong><\/span>&nbsp;(de car\u00e1ter classificat\u00f3rio e eliminat\u00f3rio) avaliou&nbsp;a experi\u00eancia pr\u00e9via do candidato e sua adequa\u00e7\u00e3o para executar tarefas pr\u00e1ticas propostas, com rela\u00e7\u00e3o \u00e0 inform\u00e1tica. Ela foi composta&nbsp;de cria\u00e7\u00e3o, edi\u00e7\u00e3o, armazenamento e impress\u00e3o de documentos eletr\u00f4nicos e avaliou&nbsp;conhecimentos e destreza na utiliza\u00e7\u00e3o de hardware (microcomputador PC ou similar e teclado padr\u00e3o ABNT2) e de softwares (editor de texto e planilha eletr\u00f4nica, sob ambiente Microsoft Windows ).<\/p>\n<p style=\"text-align: justify;\">A prova tamb\u00e9m avaliou&nbsp;a aplica\u00e7\u00e3o dos recursos dispon\u00edveis no editor de texto e na planilha eletr\u00f4nica para resolver as tarefas pr\u00e1ticas propostas, envolvendo:<br \/>\n1 &#8211; Configura\u00e7\u00e3o e formata\u00e7\u00e3o de documentos, p\u00e1ginas, planilhas<br \/>\ne textos;<br \/>\n2 &#8211; Elabora\u00e7\u00e3o de planilhas, cabe\u00e7alhos, rodap\u00e9s, tabelas, gr\u00e1ficos, f\u00f3rmulas e textos;<br \/>\n3 &#8211; Inser\u00e7\u00e3o de figuras, s\u00edmbolos, tabelas, gr\u00e1ficos, objetos, f\u00f3rmulas, fun\u00e7\u00f5es e textos;<br \/>\n4 &#8211; Impress\u00e3o de documentos e<br \/>\n5 -Armazenamento de arquivos em pastas Windows.<\/p>\n<p style=\"text-align: justify;\"><em><strong>Para o pr\u00f3ximo concurso, acreditamos que tal prova pr\u00e1tica n\u00e3o se repetir\u00e1, mas ocorrer\u00e1 a cobran\u00e7a de Inform\u00e1tica na parte de Conhecimentos B\u00e1sicos da prova.<\/strong><\/em><\/p>\n<p style=\"text-align: justify;\">Adiante, neste artigo, voc\u00ea encontrar\u00e1 o conte\u00fado detalhado de cada disciplina cobrado no edital C\u00e2mara dos Deputados para o concurso 2007 de <span style=\"color: #3366ff;\">T\u00e9cnico&nbsp;Legislativo &#8211; Atribui\u00e7\u00e3o: Assistente Administrativo.<\/span><\/p>\n<p style=\"text-align: justify;\">Esse concurso foi realizado pela Funda\u00e7\u00e3o Carlos Chagas (FCC).<\/p>\n<hr \/>\n<h3 style=\"text-align: justify;\"><strong>edital VERTICALIZADO C\u00e2mara dos Deputados para o cargo&nbsp;Analista Legislativo &#8211; Atribui\u00e7\u00e3o: Material e Patrim\u00f4nio<\/strong><\/h3>\n<p>Abaixo voc\u00ea tem o conte\u00fado discriminado do que foi cobrado no concurso para Analista Legislativo &#8211; Atribui\u00e7\u00e3o: Material e Patrim\u00f4nio, conforme o Edital C\u00e2mara dos Deputados 1 de 14\/03\/2012.<\/p>\n<p>Mais adiante, voc\u00ea encontrar\u00e1 uma tabela para controle de estudo com esse conte\u00fado. Voc\u00ea poder\u00e1 editar essa tabela conforme a sua necessidade.<\/p>\n<table style=\"background-color: #ffffff;\">\n<tbody>\n<tr>\n<td style=\"width: 10px;\"><span style=\"color: #ebe6e6;\">&nbsp;<\/span><\/td>\n<td style=\"width: 335px; text-align: left;\"><span style=\"font-size: 12pt; color: #000000;\"><strong>&nbsp;Conhecimentos B\u00e1sicos<\/strong><\/span><\/td>\n<td style=\"width: 10px;\"><span style=\"color: #ebe6e6;\">&nbsp;<\/span><\/td>\n<td style=\"width: 335px; text-align: left;\"><span style=\"font-size: 12pt; color: #000000;\"><strong>Conhecimentos Espec\u00edficos<\/strong><\/span><\/td>\n<td style=\"width: 10px;\"><span style=\"color: #ebe6e6;\">&nbsp;<\/span><\/td>\n<\/tr>\n<tr>\n<td style=\"width: 10px;\"><span style=\"color: #ebe6e6;\">&nbsp;<\/span><\/td>\n<td style=\"width: 335px; vertical-align: top;\">\n<h5 style=\"text-align: justify;\"><span style=\"color: #000000;\">L\u00cdNGUA PORTUGUESA<\/span><\/h5>\n<p style=\"text-align: justify;\"><span style=\"font-size: 8pt; color: #000000;\">1 Compreens\u00e3o e interpreta\u00e7\u00e3o de textos de g\u00eaneros variados.<\/span><\/p>\n<p style=\"text-align: justify;\"><span style=\"font-size: 8pt; color: #000000;\">2 Reconhecimento de tipos e g\u00eaneros textuais.<\/span><\/p>\n<p style=\"text-align: justify;\"><span style=\"font-size: 8pt; color: #000000;\">3 Dom\u00ednio da ortografia oficial.<\/span><\/p>\n<p style=\"text-align: justify;\"><span style=\"font-size: 8pt; color: #000000;\">3.1 Emprego das letras.<\/span><\/p>\n<p style=\"text-align: justify;\"><span style=\"font-size: 8pt; color: #000000;\">3.2 Emprego da acentua\u00e7\u00e3o gr\u00e1fica.<\/span><\/p>\n<p style=\"text-align: justify;\"><span style=\"font-size: 8pt; color: #000000;\">4 Dom\u00ednio dos mecanismos de coes\u00e3o textual.<\/span><\/p>\n<p style=\"text-align: justify;\"><span style=\"font-size: 8pt; color: #000000;\">4.1 Emprego de elementos de referencia\u00e7\u00e3o, substitui\u00e7\u00e3o e repeti\u00e7\u00e3o, de conectores e outros elementos de sequencia\u00e7\u00e3o textual.<\/span><\/p>\n<p style=\"text-align: justify;\"><span style=\"font-size: 8pt; color: #000000;\">4.2 Emprego\/correla\u00e7\u00e3o de tempos e modos verbais.<\/span><\/p>\n<p style=\"text-align: justify;\"><span style=\"font-size: 8pt; color: #000000;\">5 Dom\u00ednio da estrutura morfossint\u00e1tica do per\u00edodo.<\/span><\/p>\n<p style=\"text-align: justify;\"><span style=\"font-size: 8pt; color: #000000;\">5.1 Rela\u00e7\u00f5es de coordena\u00e7\u00e3o entre ora\u00e7\u00f5es e entre termos da ora\u00e7\u00e3o.<\/span><\/p>\n<p style=\"text-align: justify;\"><span style=\"font-size: 8pt; color: #000000;\">5.2 Rela\u00e7\u00f5es de subordina\u00e7\u00e3o entre ora\u00e7\u00f5es e entre termos da ora\u00e7\u00e3o.<\/span><\/p>\n<p style=\"text-align: justify;\"><span style=\"font-size: 8pt; color: #000000;\">5.3 Emprego dos sinais de pontua\u00e7\u00e3o.<\/span><\/p>\n<p style=\"text-align: justify;\"><span style=\"font-size: 8pt; color: #000000;\">5.4 Concord\u00e2ncia verbal e nominal.<\/span><\/p>\n<p style=\"text-align: justify;\"><span style=\"font-size: 8pt; color: #000000;\">5.5 Reg\u00eancia verbal e nominal.<\/span><\/p>\n<p style=\"text-align: justify;\"><span style=\"font-size: 8pt; color: #000000;\">5.6 Emprego do sinal indicativo de crase.<\/span><\/p>\n<p style=\"text-align: justify;\"><span style=\"font-size: 8pt; color: #000000;\">5.7 Coloca\u00e7\u00e3o dos pronomes \u00e1tonos.<\/span><\/p>\n<p style=\"text-align: justify;\"><span style=\"font-size: 8pt; color: #000000;\">6 Reescritura de frases e par\u00e1grafos do texto.<\/span><\/p>\n<p style=\"text-align: justify;\"><span style=\"font-size: 8pt; color: #000000;\">6.1 Substitui\u00e7\u00e3o de palavras ou de trechos de texto.<\/span><\/p>\n<p style=\"text-align: justify;\"><span style=\"font-size: 8pt; color: #000000;\">6.2 Retextualizacao de diferentes g\u00eaneros e n\u00edveis de formalidade.<\/span><\/p>\n<p style=\"text-align: justify;\"><span style=\"font-size: 8pt; color: #000000;\">7 Correspond\u00eancia oficial.<\/span><\/p>\n<p style=\"text-align: justify;\"><span style=\"font-size: 8pt; color: #000000;\">7.1 Adequa\u00e7\u00e3o da linguagem ao tipo de documento.<\/span><\/p>\n<p style=\"text-align: justify;\"><span style=\"font-size: 8pt; color: #000000;\">7.2 Adequa\u00e7\u00e3o do formato do texto ao g\u00eanero.<\/span><\/p>\n<h5 style=\"text-align: justify;\"><span style=\"color: #000000;\">NO\u00c7\u00d5ES DE INFORM\u00c1TICA<\/span><\/h5>\n<p style=\"text-align: justify;\"><span style=\"font-size: 8pt; color: #000000;\">1 No\u00e7\u00f5es de sistema operacional (ambiente Windows).<\/span><\/p>\n<p style=\"text-align: justify;\"><span style=\"font-size: 8pt; color: #000000;\">2 Edi\u00e7\u00e3o de textos, planilhas e apresenta\u00e7\u00f5es (ambientes Microsoft Office e BrOffice).<\/span><\/p>\n<p style=\"text-align: justify;\"><span style=\"font-size: 8pt; color: #000000;\">3 Redes de computadores.<\/span><\/p>\n<p style=\"text-align: justify;\"><span style=\"font-size: 8pt; color: #000000;\">3.1 Conceitos b\u00e1sicos, ferramentas, aplicativos e procedimentos de Internet e intranet.<\/span><\/p>\n<p style=\"text-align: justify;\"><span style=\"font-size: 8pt; color: #000000;\">3.2 Programas de navega\u00e7\u00e3o (Microsoft Internet Explorer e Mozilla Firefox).<\/span><\/p>\n<p style=\"text-align: justify;\"><span style=\"font-size: 8pt; color: #000000;\">3.3 Programas de correio eletr\u00f4nico (Outlook Express).<\/span><\/p>\n<p style=\"text-align: justify;\"><span style=\"font-size: 8pt; color: #000000;\">3.4 S\u00edtios de busca e pesquisa na Internet.<\/span><\/p>\n<p style=\"text-align: justify;\"><span style=\"font-size: 8pt; color: #000000;\">3.5 Grupos de discuss\u00e3o.<\/span><\/p>\n<p style=\"text-align: justify;\"><span style=\"font-size: 8pt; color: #000000;\">3.6 Redessociais.<\/span><\/p>\n<p style=\"text-align: justify;\"><span style=\"font-size: 8pt; color: #000000;\">3.7 Computa\u00e7\u00e3o na nuvem (cloud computing).<\/span><\/p>\n<p style=\"text-align: justify;\"><span style=\"font-size: 8pt; color: #000000;\">4 Conceitos de organiza\u00e7\u00e3o e de gerenciamento de informa\u00e7\u00f5es, arquivos, pastas e programas.<\/span><\/p>\n<p style=\"text-align: justify;\"><span style=\"font-size: 8pt; color: #000000;\">5 Seguran\u00e7a da informa\u00e7\u00e3o.<\/span><\/p>\n<p style=\"text-align: justify;\"><span style=\"font-size: 8pt; color: #000000;\">5.1 Procedimentos de seguran\u00e7a.<\/span><\/p>\n<p style=\"text-align: justify;\"><span style=\"font-size: 8pt; color: #000000;\">5.2 No\u00e7\u00f5es de v\u00edrus, worms e pragas virtuais.<\/span><\/p>\n<p style=\"text-align: justify;\"><span style=\"font-size: 8pt; color: #000000;\">5.3 Aplicativos para seguran\u00e7a (antiv\u00edrus, firewall, anti-spyware etc.).<\/span><\/p>\n<p style=\"text-align: justify;\"><span style=\"font-size: 8pt; color: #000000;\">5.4 Procedimentos de backup.<\/span><\/p>\n<p style=\"text-align: justify;\"><span style=\"font-size: 8pt; color: #000000;\">5.5 Armazenamento de dados na nuvem (cloud storage).<\/span><\/p>\n<h5 style=\"text-align: justify;\"><span style=\"color: #000000;\">NO\u00c7\u00d5ES DE DIREITO CONSTITUCIONAL<\/span><\/h5>\n<p style=\"text-align: justify;\"><span style=\"font-size: 8pt; color: #000000;\">1 Constitui\u00e7\u00e3o da Rep\u00fablica Federativa do Brasil de 1988: princ\u00edpios fundamentais.<\/span><\/p>\n<p style=\"text-align: justify;\"><span style=\"font-size: 8pt; color: #000000;\">2 Aplicabilidade das normas constitucionais: normas de efic\u00e1cia plena, contida e limitada; normas program\u00e1ticas.<\/span><\/p>\n<p style=\"text-align: justify;\"><span style=\"font-size: 8pt; color: #000000;\">3 Direitos e garantias fundamentais: direitos e deveres individuais e coletivos; direitos sociais; direitos de nacionalidade; direitos pol\u00edticos; partidos pol\u00edticos.<\/span><\/p>\n<p style=\"text-align: justify;\"><span style=\"font-size: 8pt; color: #000000;\">4 Administra\u00e7\u00e3o publica: disposi\u00e7\u00f5es gerais; servidores p\u00fablicos.<\/span><\/p>\n<p style=\"text-align: justify;\"><span style=\"font-size: 8pt; color: #000000;\">5 Poder Executivo: atribui\u00e7\u00f5es e responsabilidades do presidente da Rep\u00fablica.<\/span><\/p>\n<p style=\"text-align: justify;\"><span style=\"font-size: 8pt; color: #000000;\">6 Poder Legislativo: estrutura, funcionamento e atribui\u00e7\u00f5es; processo legislativo; fiscaliza\u00e7\u00e3o cont\u00e1bil, financeira e or\u00e7ament\u00e1ria; comiss\u00f5es parlamentares de inqu\u00e9rito.<\/span><\/p>\n<p style=\"text-align: justify;\"><span style=\"font-size: 8pt; color: #000000;\">7 Poder Judici\u00e1rio: disposi\u00e7\u00f5es gerais.<\/span><\/p>\n<h5 style=\"text-align: justify;\"><span style=\"color: #000000;\">NO\u00c7\u00d5ES DE DIREITO ADMINISTRATIVO<\/span><\/h5>\n<p style=\"text-align: justify;\"><span style=\"font-size: 8pt; color: #000000;\">1 Estado, governo e administra\u00e7\u00e3o publica: conceitos, elementos, poderes, natureza, fins e princ\u00edpios.<\/span><\/p>\n<p style=\"text-align: justify;\"><span style=\"font-size: 8pt; color: #000000;\">2 Direito administrativo: conceito, fontes e princ\u00edpios.<\/span><\/p>\n<p style=\"text-align: justify;\"><span style=\"font-size: 8pt; color: #000000;\">3 Ato administrativo.<\/span><\/p>\n<p style=\"text-align: justify;\"><span style=\"font-size: 8pt; color: #000000;\">3.1 Conceito, requisitos, atributos, classifica\u00e7\u00e3o e esp\u00e9cies.<\/span><\/p>\n<p style=\"text-align: justify;\"><span style=\"font-size: 8pt; color: #000000;\">3.2 Invalida\u00e7\u00e3o, anula\u00e7\u00e3o e revoga\u00e7\u00e3o.<\/span><\/p>\n<p style=\"text-align: justify;\"><span style=\"font-size: 8pt; color: #000000;\">3.3 Prescri\u00e7\u00e3o.<\/span><\/p>\n<p style=\"text-align: justify;\"><span style=\"font-size: 8pt; color: #000000;\">4 Agentes administrativos.<\/span><\/p>\n<p style=\"text-align: justify;\"><span style=\"font-size: 8pt; color: #000000;\">4.1 Investidura e exerc\u00edcio da fun\u00e7\u00e3o p\u00fablica.<\/span><\/p>\n<p style=\"text-align: justify;\"><span style=\"font-size: 8pt; color: #000000;\">4.2 Processo administrativo: conceito, princ\u00edpios, fases e modalidades.<\/span><\/p>\n<p style=\"text-align: justify;\"><span style=\"font-size: 8pt; color: #000000;\">4.3 Lei no 8.112\/1990 e suas altera\u00e7\u00f5es (T\u00edtulos I, II, III, IV e VI e Cap\u00edtulos I, II e III).<\/span><\/p>\n<p style=\"text-align: justify;\"><span style=\"font-size: 8pt; color: #000000;\">5 Poderes da administra\u00e7\u00e3o: vinculado, discricion\u00e1rio, hier\u00e1rquico, disciplinar e regulamentar.<\/span><\/p>\n<p style=\"text-align: justify;\"><span style=\"font-size: 8pt; color: #000000;\">6 Princ\u00edpios b\u00e1sicos da administra\u00e7\u00e3o.<\/span><\/p>\n<p style=\"text-align: justify;\"><span style=\"font-size: 8pt; color: #000000;\">6.1 Responsabilidade civil da administra\u00e7\u00e3o: evolu\u00e7\u00e3o doutrinaria e repara\u00e7\u00e3o do dano.<\/span><\/p>\n<p style=\"text-align: justify;\"><span style=\"font-size: 8pt; color: #000000;\">6.2 Enriquecimento il\u00edcito e uso e abuso de poder.<\/span><\/p>\n<p style=\"text-align: justify;\"><span style=\"font-size: 8pt; color: #000000;\">6.3 Improbidade administrativa: san\u00e7\u00f5es penais e civis \u2014 Lei no 8.429\/1992 e suas altera\u00e7\u00f5es.<\/span><\/p>\n<p style=\"text-align: justify;\"><span style=\"font-size: 8pt; color: #000000;\">7 Servi\u00e7os p\u00fablicos: conceito, classifica\u00e7\u00e3o, regulamenta\u00e7\u00e3o, formas e compet\u00eancia de presta\u00e7\u00e3o.<\/span><\/p>\n<p style=\"text-align: justify;\"><span style=\"font-size: 8pt; color: #000000;\">8 Organiza\u00e7\u00e3o administrativa: administra\u00e7\u00e3o direta e indireta, centralizada e descentralizada; autarquias, funda\u00e7\u00f5es, empresas p\u00fablicas e sociedades de economia mista.<\/span><\/p>\n<p style=\"text-align: justify;\"><span style=\"font-size: 8pt; color: #000000;\">9 Controle e responsabiliza\u00e7\u00e3o da administra\u00e7\u00e3o: controle administrativo; controle judicial; controle legislativo; responsabilidade civil do Estado.<\/span><\/p>\n<h5 style=\"text-align: justify;\"><span style=\"color: #000000;\">L\u00cdNGUA INGLESA<\/span><\/h5>\n<p style=\"text-align: justify;\"><span style=\"font-size: 8pt; color: #000000;\">Compreens\u00e3o de textos escritos em l\u00edngua inglesa e itens gramaticais relevantes para a compreens\u00e3o dos conte\u00fados sem\u00e2nticos.<\/span><\/p>\n<h5 style=\"text-align: justify;\"><span style=\"color: #000000;\">L\u00cdNGUA ESPANHOLA<\/span><\/h5>\n<p style=\"text-align: justify;\"><span style=\"font-size: 8pt; color: #000000;\">Compreens\u00e3o de textos escritos em l\u00edngua espanhola e itens gramaticais relevantes para a compreens\u00e3o dos conte\u00fados sem\u00e2nticos.<\/span><\/p>\n<h5 style=\"text-align: justify;\"><span style=\"color: #000000;\">NO\u00c7\u00d5ES DE CONTABILIDADE<\/span><\/h5>\n<p style=\"text-align: justify;\"><span style=\"font-size: 8pt; color: #000000;\">1 Contabilidade p\u00fablica (Lei no 4.320\/1964 e suas altera\u00e7\u00f5es posteriores): Titulo IV \u2013 Do Exerc\u00edcio Financeiro \u2013 artigos 34 a 39; T\u00edtulo VI \u2013 Da Execu\u00e7\u00e3o do Or\u00e7amento; Capitulo III \u2013 Da Despesa \u2013 artigos 58 a 70.<\/span><\/p>\n<h5 style=\"text-align: justify;\"><span style=\"color: #000000;\">NO\u00c7\u00d5ES DE ESTAT\u00cdSTICA<\/span><\/h5>\n<p style=\"text-align: justify;\"><span style=\"font-size: 8pt; color: #000000;\">1 Histogramas e curvas de frequ\u00eancia.<\/span><\/p>\n<p style=\"text-align: justify;\"><span style=\"font-size: 8pt; color: #000000;\">2 Distribui\u00e7\u00e3o de frequ\u00eancias: absoluta, relativa, acumulada.<\/span><\/p>\n<p style=\"text-align: justify;\"><span style=\"font-size: 8pt; color: #000000;\">3 Medidas de posi\u00e7\u00e3o: media, moda, mediana e separatrizes.<\/span><\/p>\n<p style=\"text-align: justify;\"><span style=\"font-size: 8pt; color: #000000;\">4 Medidas de dispers\u00e3o: desvio padr\u00e3o, coeficiente de varia\u00e7\u00e3o.<\/span><\/p>\n<p style=\"text-align: justify;\"><span style=\"font-size: 8pt; color: #000000;\">5 Distribui\u00e7\u00f5es de probabilidade: distribui\u00e7\u00e3o binomial, distribui\u00e7\u00e3o normal.<\/span><\/p>\n<h5 style=\"text-align: justify;\"><span style=\"color: #000000;\">RACIOC\u00cdNIO L\u00d3GICO<\/span><\/h5>\n<p style=\"text-align: justify;\"><span style=\"font-size: 8pt; color: #000000;\">1 Estruturas logicas.<\/span><\/p>\n<p style=\"text-align: justify;\"><span style=\"font-size: 8pt; color: #000000;\">2 Logica de argumenta\u00e7\u00e3o: analogias, infer\u00eancias, dedu\u00e7\u00f5es e conclus\u00f5es.<\/span><\/p>\n<p style=\"text-align: justify;\"><span style=\"font-size: 8pt; color: #000000;\">3 Logica sentencial (ou proposicional): proposi\u00e7\u00f5es simples e compostas; tabelas-verdade; equival\u00eancias; leis de De Morgan; diagramas l\u00f3gicos.<\/span><\/p>\n<p style=\"text-align: justify;\"><span style=\"font-size: 8pt; color: #000000;\">4 Logica de primeira ordem.<\/span><\/p>\n<p style=\"text-align: justify;\"><span style=\"font-size: 8pt; color: #000000;\">5 Princ\u00edpios de contagem e probabilidade.<\/span><\/p>\n<p style=\"text-align: justify;\"><span style=\"font-size: 8pt; color: #000000;\">6 Opera\u00e7\u00f5es com conjuntos.<\/span><\/p>\n<p style=\"text-align: justify;\"><span style=\"font-size: 8pt; color: #000000;\">7 Racioc\u00ednio logico envolvendo problemas aritm\u00e9ticos, geom\u00e9tricos e matriciais.<\/span><\/p>\n<\/td>\n<td style=\"width: 10px;\"><\/td>\n<td style=\"width: 335px; vertical-align: top;\">\n<h5><span style=\"color: #000000;\">&nbsp;NO\u00c7\u00d5ES DE ADMINISTRA\u00c7\u00c3O<\/span><\/h5>\n<p style=\"text-align: justify;\"><span style=\"color: #000000;\"><span style=\"font-size: 8pt;\">1 No\u00e7\u00f5es b\u00e1sicas de gest\u00e3o e planejamento estrat\u00e9gico.<\/span><br \/>\n<span style=\"font-size: 8pt;\">2 \u00c9tica no servi\u00e7o p\u00fablico.<\/span><\/span><\/p>\n<h5 style=\"text-align: justify;\"><span style=\"color: #000000;\">ADMINISTRA\u00c7\u00c3O DE RECURSOS MATERIAIS<\/span><\/h5>\n<p style=\"text-align: justify;\"><span style=\"font-size: 8pt; color: #000000;\">1 Classifica\u00e7\u00e3o de materiais.<\/span><\/p>\n<p style=\"text-align: justify;\"><span style=\"font-size: 8pt; color: #000000;\">1.1 Atributos para classifica\u00e7\u00e3o de materiais permanentes e de consumo<\/span><\/p>\n<p style=\"text-align: justify;\"><span style=\"font-size: 8pt; color: #000000;\">2 Gest\u00e3o de estoques.<\/span><\/p>\n<p style=\"text-align: justify;\"><span style=\"font-size: 8pt; color: #000000;\">3 Compras.<\/span><\/p>\n<p style=\"text-align: justify;\"><span style=\"font-size: 8pt; color: #000000;\">3.1 Modalidades de compra.<\/span><\/p>\n<p style=\"text-align: justify;\"><span style=\"font-size: 8pt; color: #000000;\">4 Compras no setor p\u00fablico.<\/span><\/p>\n<p style=\"text-align: justify;\"><span style=\"font-size: 8pt; color: #000000;\">4.1 Objeto de licita\u00e7\u00e3o.<\/span><\/p>\n<p style=\"text-align: justify;\"><span style=\"font-size: 8pt; color: #000000;\">4.2 Edital de licita\u00e7\u00e3o.<\/span><\/p>\n<p style=\"text-align: justify;\"><span style=\"font-size: 8pt; color: #000000;\">5 Recebimento e armazenagem.<\/span><\/p>\n<p style=\"text-align: justify;\"><span style=\"font-size: 8pt; color: #000000;\">5.1 Entrada.<\/span><\/p>\n<p style=\"text-align: justify;\"><span style=\"font-size: 8pt; color: #000000;\">5.2 Conferencia.<\/span><\/p>\n<p style=\"text-align: justify;\"><span style=\"font-size: 8pt; color: #000000;\">5.3 Objetivos da armazenagem.<\/span><\/p>\n<p style=\"text-align: justify;\"><span style=\"font-size: 8pt; color: #000000;\">5.4 Crit\u00e9rios e t\u00e9cnicas de armazenagem.<\/span><\/p>\n<p style=\"text-align: justify;\"><span style=\"font-size: 8pt; color: #000000;\">5.5 Arranjo f\u00edsico (leiaute).<\/span><\/p>\n<p style=\"text-align: justify;\"><span style=\"font-size: 8pt; color: #000000;\">6 Distribui\u00e7\u00e3o de materiais.<\/span><\/p>\n<p style=\"text-align: justify;\"><span style=\"font-size: 8pt; color: #000000;\">6.1 Caracter\u00edsticas das modalidades de transporte.<\/span><\/p>\n<p style=\"text-align: justify;\"><span style=\"font-size: 8pt; color: #000000;\">6.2 Estrutura para distribui\u00e7\u00e3o.<\/span><\/p>\n<p style=\"text-align: justify;\"><span style=\"font-size: 8pt; color: #000000;\">7 Gest\u00e3o patrimonial.<\/span><\/p>\n<p style=\"text-align: justify;\"><span style=\"font-size: 8pt; color: #000000;\">7.1 Tombamento de bens.<\/span><\/p>\n<p style=\"text-align: justify;\"><span style=\"font-size: 8pt; color: #000000;\">7.2 Controle de bens.<\/span><\/p>\n<p style=\"text-align: justify;\"><span style=\"font-size: 8pt; color: #000000;\">7.3 Inventario de material permanente.<\/span><\/p>\n<p style=\"text-align: justify;\"><span style=\"font-size: 8pt; color: #000000;\">7.4 Cadastro de bens.<\/span><\/p>\n<p style=\"text-align: justify;\"><span style=\"font-size: 8pt; color: #000000;\">7.5 Movimenta\u00e7\u00e3o de bens.<\/span><\/p>\n<p style=\"text-align: justify;\"><span style=\"font-size: 8pt; color: #000000;\">7.6 Deprecia\u00e7\u00e3o de bens.<\/span><\/p>\n<p style=\"text-align: justify;\"><span style=\"font-size: 8pt; color: #000000;\">7.7 Aliena\u00e7\u00e3o de bens e outras formas de desfazimento de material.<\/span><\/p>\n<p style=\"text-align: justify;\"><span style=\"font-size: 8pt; color: #000000;\">7.8 Altera\u00e7\u00f5es e baixa de bens.<\/span><\/p>\n<h5 style=\"text-align: justify;\"><span style=\"color: #000000;\">ADMINISTRA\u00c7\u00c3O FINANCEIRA E OR\u00c7AMENTO PUBLICO<\/span><\/h5>\n<p style=\"text-align: justify;\"><span style=\"font-size: 8pt; color: #000000;\">1 Patrim\u00f4nio: conceito, aspectos qualitativo e quantitativo, patrim\u00f4nio financeiro e permanente, avalia\u00e7\u00e3o dos componentes patrimoniais, inventario na administra\u00e7\u00e3o p\u00fablica.<\/span><\/p>\n<p style=\"text-align: justify;\"><span style=\"font-size: 8pt; color: #000000;\">2 Or\u00e7amento p\u00fablico: conceitos e princ\u00edpios; o ciclo or\u00e7ament\u00e1rio; cr\u00e9ditos adicionais; est\u00e1gios da despesa p\u00fablica (empenho, liquida\u00e7\u00e3o e pagamento); no\u00e7\u00f5es de SIAFI (objetivos, principais atribui\u00e7\u00f5es e principais documentos).<\/span><\/p>\n<h5 style=\"text-align: justify;\"><span style=\"color: #000000;\">LICITA\u00c7\u00d5ES E CONTRATOS<\/span><\/h5>\n<p style=\"text-align: justify;\"><span style=\"font-size: 8pt; color: #000000;\">1 Modalidades, tipos, regimes, dispensa, dispensabilidade, inexigibilidade.<\/span><\/p>\n<p style=\"text-align: justify;\"><span style=\"font-size: 8pt; color: #000000;\">2 Contratos, conv\u00eanios, acordos e ajustes.<\/span><\/p>\n<h5 style=\"text-align: justify;\"><span style=\"color: #000000;\">SISTEMAS DE CONTROLE<\/span><\/h5>\n<p style=\"text-align: justify;\"><span style=\"font-size: 8pt; color: #000000;\">1 Controle na administra\u00e7\u00e3o p\u00fablica.<\/span><\/p>\n<p style=\"text-align: justify;\"><span style=\"font-size: 8pt; color: #000000;\">1.1 Supervis\u00e3o.<\/span><\/p>\n<p style=\"text-align: justify;\"><span style=\"font-size: 8pt; color: #000000;\">1.2 Controle interno e externo; estruturas e funcionamento; abrang\u00eancia.<\/span><\/p>\n<p style=\"text-align: justify;\"><span style=\"font-size: 8pt; color: #000000;\">1.3 No\u00e7\u00f5es b\u00e1sicas das normas especificas.<\/span><\/p>\n<p style=\"text-align: justify;\"><span style=\"font-size: 8pt; color: #000000;\">1.4 Relat\u00f3rios, pareceres e outros documentos de express\u00e3o da opini\u00e3o e das recomenda\u00e7\u00f5es dos auditores e dos respons\u00e1veis pelo controle.<\/span><\/p>\n<p style=\"text-align: justify;\"><span style=\"font-size: 8pt; color: #000000;\">2 No\u00e7\u00f5es de tomadas e presta\u00e7\u00f5es de contas; tomada de contas especial; san\u00e7\u00f5es e penalidades.<\/span><\/p>\n<p style=\"text-align: justify;\"><span style=\"font-size: 8pt; color: #000000;\">3 Legisla\u00e7\u00e3o pertinente: Constitui\u00e7\u00e3o Federal (Titulo IV, Capitulo I, Se\u00e7\u00e3o IX \u2013 Da Fiscaliza\u00e7\u00e3o Cont\u00e1bil, Financeira e Or\u00e7ament\u00e1ria \u2013 Artigos 70 a 75); Lei no 8.666\/1993 e altera\u00e7\u00f5es; Lei no 10.520\/2002 e altera\u00e7\u00f5es; Decreto no 5.450\/2005 e altera\u00e7\u00f5es; Decreto no 3.931\/2001 e altera\u00e7\u00f5es; Decreto no 2.271\/1997 e altera\u00e7\u00f5es.<\/span><\/p>\n<h5 style=\"text-align: justify;\"><span style=\"color: #000000;\">LEGISLA\u00c7\u00c3O INTERNA DA C\u00c2MARA DOS DEPUTADOS<\/span><\/h5>\n<p style=\"text-align: justify;\"><span style=\"font-size: 8pt; color: #000000;\">1 Ato da Mesa da C\u00e2mara dos Deputados no 34\/2003 e altera\u00e7\u00f5es.<\/span><\/p>\n<p style=\"text-align: justify;\"><span style=\"font-size: 8pt; color: #000000;\">2 Ato da Mesa da C\u00e2mara dos Deputados no 63\/1997 e altera\u00e7\u00f5es.<\/span><\/p>\n<p style=\"text-align: justify;\"><span style=\"font-size: 8pt; color: #000000;\">3 Ato da Mesa da C\u00e2mara dos Deputados no 76\/1997 e altera\u00e7\u00f5es.<\/span><\/p>\n<p style=\"text-align: justify;\"><span style=\"font-size: 8pt; color: #000000;\">4 Portaria no 119\/2006 e altera\u00e7\u00f5es.<\/span><\/p>\n<p style=\"text-align: justify;\"><span style=\"font-size: 8pt; color: #000000;\">5 Portaria no 103\/2005 e altera\u00e7\u00f5es.<\/span><\/p>\n<p style=\"text-align: justify;\"><span style=\"font-size: 8pt; color: #000000;\">6 Resolu\u00e7\u00e3o no 69\/1994 e altera\u00e7\u00f5es.<\/span><\/p>\n<p style=\"text-align: justify;\"><span style=\"font-size: 8pt; color: #000000;\">7 Manual de aquisi\u00e7\u00f5es da C\u00e2mara dos Deputados (dispon\u00edvel no endere\u00e7o eletr\u00f4nico www.camara.gov.br\/concursos).<\/span><\/p>\n<p style=\"text-align: justify;\"><span style=\"font-size: 8pt; color: #000000;\">8 Manual de Gest\u00e3o de Materiais (dispon\u00edvel no endere\u00e7o eletr\u00f4nico www.camara.gov.br\/concursos).<\/span><\/p>\n<p style=\"text-align: justify;\"><span style=\"font-size: 8pt; color: #000000;\">9 Portaria no 96\/2010.<\/span><\/p>\n<\/td>\n<td style=\"width: 10px;\"><span style=\"color: #ebe6e6;\">&nbsp;<\/span><\/td>\n<\/tr>\n<\/tbody>\n<\/table>\n<hr \/>\n<h3 style=\"text-align: justify;\"><strong>edital VERTICALIZADO C\u00e2mara dos Deputados para o cargo&nbsp;Analista Legislativo &#8211; Atribui\u00e7\u00e3o: Inform\u00e1tica Legislativa<\/strong><\/h3>\n<p style=\"text-align: justify;\">Abaixo voc\u00ea tem o conte\u00fado discriminado do que foi cobrado no concurso para Analista Legislativo &#8211; Atribui\u00e7\u00e3o: Inform\u00e1tica Legislativa, conforme o Edital C\u00e2mara dos Deputados 7 de 26\/04\/2007.<\/p>\n<p style=\"text-align: justify;\">Mais adiante, voc\u00ea encontrar\u00e1 uma tabela para controle de estudo com esse conte\u00fado. Voc\u00ea poder\u00e1 editar essa tabela conforme a sua necessidade.<\/p>\n<table style=\"background-color: #ffffff;\">\n<tbody>\n<tr>\n<td style=\"width: 10px; vertical-align: top;\"><\/td>\n<td style=\"width: 335px; vertical-align: top;\"><span style=\"font-size: 12pt; color: #000000;\"><strong>Conhecimentos B\u00e1sicos<\/strong><\/span><\/td>\n<td style=\"width: 10px; vertical-align: top;\"><\/td>\n<td style=\"width: 335px; vertical-align: top;\"><span style=\"color: #000000;\"><strong><span style=\"font-size: 12pt;\">Conhecimentos Espec\u00edficos<\/span><\/strong><\/span><\/td>\n<td style=\"width: 10px; vertical-align: top;\"><\/td>\n<\/tr>\n<tr>\n<td style=\"width: 10px; vertical-align: top;\"><\/td>\n<td style=\"width: 335px; vertical-align: top;\">\n<h5><span style=\"color: #000000;\">L\u00edngua Portuguesa<\/span><\/h5>\n<p><span style=\"color: #000000; font-family: tahoma, arial, helvetica, sans-serif; font-size: 8pt;\">&#8211; Compreens\u00e3o, interpreta\u00e7\u00e3o de textos, com dom\u00ednio das rela\u00e7\u00f5es morfossint\u00e1ticas, sem\u00e2nticas e discursivas.<\/span><\/p>\n<p><span style=\"color: #000000; font-family: tahoma, arial, helvetica, sans-serif; font-size: 8pt;\">&#8211; Tipologia textual.<\/span><\/p>\n<p><span style=\"color: #000000; font-family: tahoma, arial, helvetica, sans-serif; font-size: 8pt;\">&#8211; Significa\u00e7\u00e3o literal e contextual dos voc\u00e1bulos.<\/span><\/p>\n<p><span style=\"color: #000000; font-family: tahoma, arial, helvetica, sans-serif; font-size: 8pt;\">&#8211; Processos de coes\u00e3o textual. Coordena\u00e7\u00e3o e subordina\u00e7\u00e3o.<\/span><\/p>\n<p><span style=\"color: #000000; font-family: tahoma, arial, helvetica, sans-serif; font-size: 8pt;\">&#8211; Emprego das classes de palavras.<\/span><\/p>\n<p><span style=\"color: #000000; font-family: tahoma, arial, helvetica, sans-serif; font-size: 8pt;\">&#8211; Concord\u00e2ncia.<\/span><\/p>\n<p><span style=\"color: #000000; font-family: tahoma, arial, helvetica, sans-serif; font-size: 8pt;\">&#8211; Reg\u00eancia.<\/span><\/p>\n<p><span style=\"color: #000000; font-family: tahoma, arial, helvetica, sans-serif; font-size: 8pt;\">&#8211; Estrutura, forma\u00e7\u00e3o e representa\u00e7\u00e3o das palavras.<\/span><\/p>\n<p><span style=\"color: #000000; font-family: tahoma, arial, helvetica, sans-serif; font-size: 8pt;\">&#8211; Ortografia oficial.<\/span><\/p>\n<p><span style=\"color: #000000; font-family: tahoma, arial, helvetica, sans-serif; font-size: 8pt;\">&#8211; Pontua\u00e7\u00e3o.<\/span><\/p>\n<h5><span style=\"color: #000000;\">&nbsp;L\u00edngua Inglesa<\/span><\/h5>\n<p><span style=\"color: #000000; font-family: tahoma, arial, helvetica, sans-serif; font-size: 8pt;\">&#8211; Compreens\u00e3o de textos t\u00e9cnicos escritos em L\u00edngua Inglesa.<\/span><\/p>\n<p><span style=\"color: #000000; font-family: tahoma, arial, helvetica, sans-serif; font-size: 8pt;\">&#8211; Itens gramaticais relevantes para a compreens\u00e3o dos conte\u00fados sem\u00e2nticos.<\/span><\/p>\n<h5><span style=\"color: #000000;\">&nbsp;Direito Constitucional<\/span><\/h5>\n<p><span style=\"color: #000000; font-family: tahoma, arial, helvetica, sans-serif; font-size: 8pt;\">&#8211; Constitui\u00e7\u00e3o Federal<\/span><\/p>\n<p><span style=\"color: #000000; font-family: tahoma, arial, helvetica, sans-serif; font-size: 8pt;\">&#8211; T\u00edtulo I \u2013 Dos Princ\u00edpios Fundamentais.<\/span><\/p>\n<p><span style=\"color: #000000; font-family: tahoma, arial, helvetica, sans-serif; font-size: 8pt;\">&#8211; T\u00edtulo II \u2013 Dos Direitos e Garantias Fundamentais.<\/span><\/p>\n<p><span style=\"color: #000000; font-family: tahoma, arial, helvetica, sans-serif; font-size: 8pt;\">&#8211; T\u00edtulo III \u2013 Da Organiza\u00e7\u00e3o do Estado; Cap\u00edtulo VII \u2013 Da Administra\u00e7\u00e3o P\u00fablica, Se\u00e7\u00e3o I \u2013 Disposi\u00e7\u00f5es Gerais e Se\u00e7\u00e3o II \u2013 Dos Servidores P\u00fablicos.<\/span><\/p>\n<p><span style=\"color: #000000; font-family: tahoma, arial, helvetica, sans-serif; font-size: 8pt;\">&#8211; T\u00edtulo IV \u2013 Da Organiza\u00e7\u00e3o dos Poderes; Cap\u00edtulo I \u2013 Do Poder Legislativo; Cap\u00edtulo II \u2013 Do Poder Executivo \u2013&nbsp;Se\u00e7\u00e3o I \u2013 Do Presidente e do Vice-Presidente da Rep\u00fablica e Se\u00e7\u00e3o II \u2013 Das Atribui\u00e7\u00f5es do Presidente da Rep\u00fablica; Cap\u00edtulo III \u2013 Do Poder Judici\u00e1rio, Se\u00e7\u00e3o I \u2013 Disposi\u00e7\u00f5es Gerais.<\/span><\/p>\n<p><span style=\"color: #000000; font-family: tahoma, arial, helvetica, sans-serif; font-size: 8pt;\">&#8211; T\u00edtulo VI \u2013 Da Tributa\u00e7\u00e3o e do Or\u00e7amento; Cap\u00edtulo II \u2013 Das Finan\u00e7as P\u00fablicas, Se\u00e7\u00e3o II \u2013 Dos Or\u00e7amentos.<\/span><\/p>\n<h5><span style=\"color: #000000;\">&nbsp;Direito Administrativo<\/span><\/h5>\n<p><span style=\"color: #000000; font-family: tahoma, arial, helvetica, sans-serif; font-size: 10pt;\">&#8211; &nbsp;Licita\u00e7\u00f5es e Contratos \u2013 Lei n\u00ba 8.666\/93 e altera\u00e7\u00f5es posteriores.<\/span><\/p>\n<p><span style=\"color: #000000; font-family: tahoma, arial, helvetica, sans-serif; font-size: 10pt;\">&#8211; Cap\u00edtulo I \u2013 Das Disposi\u00e7\u00f5es Gerais<\/span><\/p>\n<p><span style=\"color: #000000; font-family: tahoma, arial, helvetica, sans-serif; font-size: 10pt;\">&#8211; Cap\u00edtulo II \u2013 Da Licita\u00e7\u00e3o<\/span><\/p>\n<p><span style=\"color: #000000; font-family: tahoma, arial, helvetica, sans-serif; font-size: 10pt;\">&#8211; Cap\u00edtulo III \u2013 Dos Contratos<\/span><\/p>\n<p><span style=\"color: #000000; font-family: tahoma, arial, helvetica, sans-serif; font-size: 10pt;\">&#8211; Decreto n\u00ba 1.070\/94, que regulamenta a aquisi\u00e7\u00e3o de bens e contrata\u00e7\u00e3o de servi\u00e7os de inform\u00e1tica.<\/span><\/p>\n<p><span style=\"color: #000000; font-family: tahoma, arial, helvetica, sans-serif; font-size: 10pt;\">&#8211; Manual de Aquisi\u00e7\u00f5es da C\u00e2mara dos Deputados, dispon\u00edvel no endere\u00e7o eletr\u00f4nico www.camara.gov.br<\/span><\/p>\n<p><span style=\"color: #000000; font-family: tahoma, arial, helvetica, sans-serif; font-size: 10pt;\">&#8211; &nbsp;Lei n\u00ba 8.112\/90 e altera\u00e7\u00f5es posteriores &#8211; Regime Jur\u00eddico dos Servidores P\u00fablicos Federais:<\/span><\/p>\n<p><span style=\"color: #000000; font-family: tahoma, arial, helvetica, sans-serif; font-size: 10pt;\">&#8211; T\u00edtulo I \u2013 Das Disposi\u00e7\u00f5es Preliminares;<\/span><\/p>\n<p><span style=\"color: #000000; font-family: tahoma, arial, helvetica, sans-serif; font-size: 10pt;\">&#8211; T\u00edtulo II \u2013 Do Provimento, Vac\u00e2ncia, Remo\u00e7\u00e3o, Redistribui\u00e7\u00e3o e Substitui\u00e7\u00e3o;<\/span><\/p>\n<p><span style=\"color: #000000; font-family: tahoma, arial, helvetica, sans-serif; font-size: 10pt;\">&#8211; T\u00edtulo III \u2013 Dos Direitos e Vantagens;<\/span><\/p>\n<p><span style=\"color: #000000; font-family: tahoma, arial, helvetica, sans-serif; font-size: 10pt;\">&#8211; T\u00edtulo IV \u2013 Do Regime Disciplinar;<\/span><\/p>\n<p><span style=\"color: #000000; font-family: tahoma, arial, helvetica, sans-serif; font-size: 10pt;\">&#8211; T\u00edtulo VI \u2013 Da Seguridade Social do Servidor; Cap\u00edtulos I, II e III.<\/span><\/p>\n<h5><span style=\"color: #000000;\">&nbsp;Processo Legislativo &#8211; Regimento Interno<\/span><\/h5>\n<p><span style=\"color: #000000; font-family: tahoma, arial, helvetica, sans-serif; font-size: 8pt;\">&#8211; T\u00edtulo I &#8211; Disposi\u00e7\u00f5es Preliminares.<\/span><\/p>\n<p><span style=\"color: #000000; font-family: tahoma, arial, helvetica, sans-serif; font-size: 8pt;\">&#8211; T\u00edtulo II \u2013 Dos \u00d3rg\u00e3os da C\u00e2mara, Cap\u00edtulo I \u2013 Da Mesa, Se\u00e7\u00e3o I \u2013 Disposi\u00e7\u00f5es Gerais, Cap\u00edtulo IV \u2013 Das Comiss\u00f5es, Se\u00e7\u00e3o I \u2013 Disposi\u00e7\u00f5es Gerais, Se\u00e7\u00e3o II \u2013 Das Comiss\u00f5es Permanentes, Se\u00e7\u00e3o III \u2013 Das Comiss\u00f5es Tempor\u00e1rias.<\/span><\/p>\n<p><span style=\"color: #000000; font-family: tahoma, arial, helvetica, sans-serif; font-size: 8pt;\">&#8211; T\u00edtulo III \u2013 Das Sess\u00f5es da C\u00e2mara, Cap\u00edtulo I \u2013 Disposi\u00e7\u00f5es Gerais, Cap\u00edtulo II \u2013 Das Sess\u00f5es P\u00fablicas;<\/span><\/p>\n<p><span style=\"color: #000000; font-family: tahoma, arial, helvetica, sans-serif; font-size: 8pt;\">&#8211; T\u00edtulo IV \u2013 Das Proposi\u00e7\u00f5es, Cap\u00edtulo I \u2013 Disposi\u00e7\u00f5es Gerais.<\/span><\/p>\n<p><span style=\"color: #000000; font-family: tahoma, arial, helvetica, sans-serif; font-size: 8pt;\">&#8211; T\u00edtulo V \u2013 Da Aprecia\u00e7\u00e3o das Proposi\u00e7\u00f5es, Cap\u00edtulo I \u2013 Da Tramita\u00e7\u00e3o, Cap\u00edtulo IV \u2013 Dos Turnos a que est\u00e3o sujeitas as proposi\u00e7\u00f5es, Cap\u00edtulo V &#8211; Do Interst\u00edcio, Cap\u00edtulo VI \u2013 Do Regime de Tramita\u00e7\u00e3o e Cap\u00edtulo XIII \u2013 Da Vota\u00e7\u00e3o.<\/span><\/p>\n<p><span style=\"color: #000000; font-family: tahoma, arial, helvetica, sans-serif; font-size: 8pt;\">&#8211; T\u00edtulo IX \u2013 Da Administra\u00e7\u00e3o e da Economia Interna, Cap\u00edtulo I \u2013 Dos Servi\u00e7os Administrativos.<\/span><\/p>\n<h5><span style=\"color: #000000;\">&nbsp;Conhecimentos Gerais<\/span><\/h5>\n<p><span style=\"color: #000000; font-family: tahoma, arial, helvetica, sans-serif; font-size: 8pt;\">&#8211; Elementos de pol\u00edtica brasileira.<\/span><\/p>\n<p><span style=\"color: #000000; font-family: tahoma, arial, helvetica, sans-serif; font-size: 8pt;\">&#8211; Cultura e sociedade brasileira: m\u00fasica, literatura, artes, arquitetura, r\u00e1dio, cinema, teatro, jornais, revistas e televis\u00e3o.<\/span><\/p>\n<p><span style=\"color: #000000; font-family: tahoma, arial, helvetica, sans-serif; font-size: 8pt;\">&#8211; Cultura internacional.<\/span><\/p>\n<p><span style=\"color: #000000; font-family: tahoma, arial, helvetica, sans-serif; font-size: 8pt;\">&#8211; Hist\u00f3ria do Brasil.<\/span><\/p>\n<p><span style=\"color: #000000; font-family: tahoma, arial, helvetica, sans-serif; font-size: 8pt;\">&#8211; Descobertas e inova\u00e7\u00f5es cient\u00edficas na atualidade e seus impactos na sociedade contempor\u00e2nea.<\/span><\/p>\n<p><span style=\"color: #000000; font-family: tahoma, arial, helvetica, sans-serif; font-size: 8pt;\">&#8211; O desenvolvimento urbano brasileiro.<\/span><\/p>\n<p><span style=\"color: #000000; font-family: tahoma, arial, helvetica, sans-serif; font-size: 8pt;\">&#8211; Meio ambiente e sociedade: problemas, pol\u00edticas p\u00fablicas, organiza\u00e7\u00f5es n\u00e3o governamentais, aspectos locais e aspectos globais.<\/span><\/p>\n<p><span style=\"color: #000000; font-family: tahoma, arial, helvetica, sans-serif; font-size: 8pt;\">&#8211; Elementos da economia internacional contempor\u00e2nea.<\/span><\/p>\n<p><span style=\"color: #000000; font-family: tahoma, arial, helvetica, sans-serif; font-size: 8pt;\">&#8211; Panorama da economia nacional.<\/span><\/p>\n<p><span style=\"color: #000000; font-family: tahoma, arial, helvetica, sans-serif; font-size: 8pt;\">&#8211; O cotidiano brasileiro.<\/span><\/td>\n<td style=\"width: 10px; vertical-align: top;\"><\/td>\n<td style=\"width: 335px; vertical-align: top;\">\n<h5><span style=\"color: #000000;\">&nbsp;FUNDAMENTOS DE COMPUTA\u00c7\u00c3O<\/span><\/h5>\n<p><span style=\"color: #000000; font-family: tahoma, arial, helvetica, sans-serif; font-size: 8pt;\">-Organiza\u00e7\u00e3o e arquitetura de computadores.<\/span><\/p>\n<p><span style=\"color: #000000; font-family: tahoma, arial, helvetica, sans-serif; font-size: 8pt;\">&#8211; Componentes de um computador (<em>hardware <\/em>e <em>software<\/em>).<\/span><\/p>\n<p><span style=\"color: #000000; font-family: tahoma, arial, helvetica, sans-serif; font-size: 8pt;\">&#8211; Sistemas de entrada e sa\u00edda.<\/span><\/p>\n<p><span style=\"color: #000000; font-family: tahoma, arial, helvetica, sans-serif; font-size: 8pt;\">&#8211; Sistemas de numera\u00e7\u00e3o e codifica\u00e7\u00e3o.<\/span><\/p>\n<p><span style=\"color: #000000; font-family: tahoma, arial, helvetica, sans-serif; font-size: 8pt;\">&#8211; Aritm\u00e9tica computacional.<\/span><\/p>\n<p><span style=\"color: #000000; font-family: tahoma, arial, helvetica, sans-serif; font-size: 8pt;\">&#8211; Princ\u00edpios de sistemas operacionais.<\/span><\/p>\n<p><span style=\"color: #000000; font-family: tahoma, arial, helvetica, sans-serif; font-size: 8pt;\">&#8211; Caracter\u00edsticas dos principais processadores do mercado.<\/span><\/p>\n<p><span style=\"color: #000000; font-family: tahoma, arial, helvetica, sans-serif; font-size: 8pt;\">&#8211; Ambientes Windows (2000 e XP), Linux e Solaris.<\/span><\/p>\n<h5><span style=\"color: #000000;\">L\u00d3GICA DE PROGRAMA\u00c7\u00c3O<\/span><\/h5>\n<p><span style=\"color: #000000; font-family: tahoma, arial, helvetica, sans-serif; font-size: 8pt;\">&#8211; Orienta\u00e7\u00e3o a objetos: conceitos fundamentais, princ\u00edpios de programa\u00e7\u00e3o orientada a objetos, Classes, Objetos, M\u00e9todos, Mensagens, Sobrecarga, Heran\u00e7a, Polimorfismo, Interfaces e Pacotes, Tratamento de exce\u00e7\u00e3o.<\/span><\/p>\n<h5><span style=\"color: #000000;\">METODOLOGIA DE DESENVOLVIMENTO<\/span><\/h5>\n<p><span style=\"color: #000000; font-family: tahoma, arial, helvetica, sans-serif; font-size: 8pt;\">&#8211; Processo Unificado: conceitos fundamentais, disciplina, fase, Itera\u00e7\u00e3o, Atividade, artefato, ciclo de vida de um projeto, modelo iterativo versus modelo cascata.<\/span><\/p>\n<p><span style=\"color: #000000; font-family: tahoma, arial, helvetica, sans-serif; font-size: 8pt;\">&#8211; Disciplina de Requisitos: conceitos, atividades, pap\u00e9is e artefatos, conceito de requisito, tipos de requisitos, t\u00e9cnicas de levantamento de requisitos, Documento de Vis\u00e3o, Especifica\u00e7\u00f5es Suplementares, &#8211; Caso de Uso, Especifica\u00e7\u00e3o de Caso de Uso.<\/span><\/p>\n<p><span style=\"color: #000000; font-family: tahoma, arial, helvetica, sans-serif; font-size: 8pt;\">&#8211; Disciplina de An\u00e1lise e Projeto: conceitos, atividades, pap\u00e9is e artefatos, an\u00e1lise orientada a objeto, modelo de an\u00e1lise e projeto, UML, Diagrama de Caso de Uso, Diagrama de Classes, Diagrama de Sequ\u00eancia, Diagrama de Atividades, Diagrama de Estado, Modelo de Entidade e Relacionamento.<\/span><\/p>\n<p><span style=\"color: #000000; font-family: tahoma, arial, helvetica, sans-serif; font-size: 8pt;\">&#8211; Disciplina de Ger\u00eancia de Projetos: conceitos, atividades, pap\u00e9is e artefatos, cronogramas, Plano de Desenvolvimento de Software, Plano de Itera\u00e7\u00e3o, Lista de Riscos.<\/span><\/p>\n<p><span style=\"color: #000000; font-family: tahoma, arial, helvetica, sans-serif; font-size: 8pt;\">&#8211; Disciplina de Testes: conceitos, atividades, pap\u00e9is e artefatos, tipos de testes, caso de Testes.<\/span><\/p>\n<p><span style=\"color: #000000; font-family: tahoma, arial, helvetica, sans-serif; font-size: 8pt;\">&#8211; Disciplina de Ger\u00eancia de Configura\u00e7\u00e3o e Mudan\u00e7as: conceitos, atividades, pap\u00e9is e artefatos.<\/span><\/p>\n<p><span style=\"color: #000000; font-family: tahoma, arial, helvetica, sans-serif; font-size: 8pt;\">&#8211; Qualidade no desenvolvimento de software, CMM.<\/span><\/p>\n<p><span style=\"color: #000000; font-family: tahoma, arial, helvetica, sans-serif; font-size: 8pt;\">&#8211; An\u00e1lise de ponto por fun\u00e7\u00e3o.<\/span><\/p>\n<h5><span style=\"color: #000000;\">LINGUAGEM DE PROGRAMA\u00c7\u00c3O JAVA<\/span><\/h5>\n<p><span style=\"color: #000000; font-family: tahoma, arial, helvetica, sans-serif; font-size: 8pt;\">&#8211; Conceitos b\u00e1sicos: conceitos de orienta\u00e7\u00e3o a objetos, pacotes, vari\u00e1veis, operadores, express\u00f5es, blocos, comandos de controle de fluxo, classes aninhadas, tipos enumerados, anota\u00e7\u00f5es, gen\u00e9ricos e reflex\u00e3o.<\/span><\/p>\n<p><span style=\"color: #000000; font-family: tahoma, arial, helvetica, sans-serif; font-size: 8pt;\">&#8211; Classes essenciais: Exceptio<em>n <\/em>e controle de exce\u00e7\u00f5es, <em>Threads <\/em>e concorr\u00eancia, classes e opera\u00e7\u00f5es de I\/O, <em>Streams <\/em>e serializa\u00e7\u00e3o, classes para manipula\u00e7\u00e3o de propriedades.<\/span><\/p>\n<p><span style=\"color: #000000; font-family: tahoma, arial, helvetica, sans-serif; font-size: 8pt;\">&#8211; Cole\u00e7\u00f5es: interfaces Set, List, Queue e Map, classes implementadoras.<\/span><\/p>\n<p><span style=\"color: #000000; font-family: tahoma, arial, helvetica, sans-serif; font-size: 8pt;\">&#8211; AWT e <em>Swing<\/em>: conceitos b\u00e1sicos, bordas, <em>look and fee<\/em>l, <em>layout managers<\/em>, controle e captura de eventos.<\/span><\/p>\n<p><span style=\"color: #000000; font-family: tahoma, arial, helvetica, sans-serif; font-size: 8pt;\">&#8211; JDBC: conceitos b\u00e1sicos, principais classes e interfaces, carregamento de drivers, conex\u00e3o, transa\u00e7\u00e3o, statements e prepared statements.<\/span><\/p>\n<p><span style=\"color: #000000; font-family: tahoma, arial, helvetica, sans-serif; font-size: 8pt;\">&#8211; Servlet: ciclo de vida dos Servlets, compartilhamento de informa\u00e7\u00f5es e escopo de vari\u00e1veis, filtro de requisi\u00e7\u00f5es e respostas, manuten\u00e7\u00e3o do estado do cliente.<\/span><\/p>\n<p><span style=\"color: #000000; font-family: tahoma, arial, helvetica, sans-serif; font-size: 8pt;\">&#8211; Java Server Pages: ciclo de vida da p\u00e1gina JSP, conte\u00fado est\u00e1tico e conte\u00fado din\u00e2mico, linguagem<\/span><\/p>\n<p><span style=\"color: #000000; font-family: tahoma, arial, helvetica, sans-serif; font-size: 8pt;\"><em>Unified Expression (EL), <\/em>componentes JavaBeans, tags customizadas.<\/span><\/p>\n<p><span style=\"color: #000000; font-family: tahoma, arial, helvetica, sans-serif; font-size: 8pt;\">&#8211; Enterprise Java Beans: no\u00e7\u00f5es gerais.<\/span><\/p>\n<h5><span style=\"color: #000000;\">DESENVOLVIMENTO WEB<\/span><\/h5>\n<p><span style=\"color: #000000; font-family: tahoma, arial, helvetica, sans-serif; font-size: 8pt;\">&#8211; Usabilidade, acessibilidade, padr\u00f5es web W3C, XML, XSLT, gerenciador de conte\u00fado web Zope\/Plone, webservices.<\/span><\/p>\n<h5><span style=\"color: #000000;\">REDES DE COMUNICA\u00c7\u00c3O<\/span><\/h5>\n<p><span style=\"color: #000000; font-family: tahoma, arial, helvetica, sans-serif; font-size: 8pt;\">&#8211; Meios de transmiss\u00e3o.<\/span><\/p>\n<p><span style=\"color: #000000; font-family: tahoma, arial, helvetica, sans-serif; font-size: 8pt;\">&#8211; T\u00e9cnicas b\u00e1sicas de comunica\u00e7\u00e3o.<\/span><\/p>\n<p><span style=\"color: #000000; font-family: tahoma, arial, helvetica, sans-serif; font-size: 8pt;\">&#8211; T\u00e9cnicas de comuta\u00e7\u00e3o de circuitos, pacotes e c\u00e9lulas.<\/span><\/p>\n<p><span style=\"color: #000000; font-family: tahoma, arial, helvetica, sans-serif; font-size: 8pt;\">&#8211; Topologias de redes de computadores.<\/span><\/p>\n<p><span style=\"color: #000000; font-family: tahoma, arial, helvetica, sans-serif; font-size: 8pt;\">&#8211; Arquitetura e protocolos de redes de comunica\u00e7\u00e3o.<\/span><\/p>\n<p><span style=\"color: #000000; font-family: tahoma, arial, helvetica, sans-serif; font-size: 8pt;\">&#8211; Modelo de refer\u00eancia OSI.<\/span><\/p>\n<p><span style=\"color: #000000; font-family: tahoma, arial, helvetica, sans-serif; font-size: 8pt;\">&#8211; Arquitetura cliente-servidor.<\/span><\/p>\n<p><span style=\"color: #000000; font-family: tahoma, arial, helvetica, sans-serif; font-size: 8pt;\">&#8211; Tecnologias de redes locais Ethernet\/Fast, Ethernet\/Gigabit, Ethernet.<\/span><\/p>\n<p><span style=\"color: #000000; font-family: tahoma, arial, helvetica, sans-serif; font-size: 8pt;\">&#8211; Cabeamento: par tran\u00e7ado sem blindagem &#8211; categoria 5E e 6, cabeamento estruturado (norma EIA\/TIA 568); fibras \u00f3pticas: fundamentos e padr\u00f5es. Redes sem fio (<em>wireless<\/em>).<\/span><\/p>\n<p><span style=\"color: #000000; font-family: tahoma, arial, helvetica, sans-serif; font-size: 8pt;\">&#8211; Elementos de interconex\u00e3o de redes de computadores (gateways, hubs, repetidores, bridges, switches, roteadores).<\/span><\/p>\n<p><span style=\"color: #000000; font-family: tahoma, arial, helvetica, sans-serif; font-size: 8pt;\">&#8211; Qualidade de servi\u00e7o (QoS), servi\u00e7os diferenciados e servi\u00e7os integrados.<\/span><\/p>\n<p><span style=\"color: #000000; font-family: tahoma, arial, helvetica, sans-serif; font-size: 8pt;\">&#8211; Aplica\u00e7\u00f5es de voz e imagem sobre redes.<\/span><\/p>\n<p><span style=\"color: #000000; font-family: tahoma, arial, helvetica, sans-serif; font-size: 8pt;\">&#8211; Redes locais virtuais &#8211; VLANS.<\/span><\/p>\n<p><span style=\"color: #000000; font-family: tahoma, arial, helvetica, sans-serif; font-size: 8pt;\">&#8211; Redes de longa dist\u00e2ncia.<\/span><\/p>\n<p><span style=\"color: #000000; font-family: tahoma, arial, helvetica, sans-serif; font-size: 8pt;\">&#8211; Redes ATM, Frame-Relay e MPLS.<\/span><\/p>\n<p><span style=\"color: #000000; font-family: tahoma, arial, helvetica, sans-serif; font-size: 8pt;\">&#8211; Servi\u00e7os de diret\u00f3rio, padr\u00e3o X.500, LDAP, Microsoft Active Directory.<\/span><\/p>\n<p><span style=\"color: #000000; font-family: tahoma, arial, helvetica, sans-serif; font-size: 8pt;\">&#8211; Internet.<\/span><\/p>\n<p><span style=\"color: #000000; font-family: tahoma, arial, helvetica, sans-serif; font-size: 8pt;\">&#8211; Protocolo TCP\/IP.<\/span><\/p>\n<p><span style=\"color: #000000; font-family: tahoma, arial, helvetica, sans-serif; font-size: 8pt;\">&#8211; Servi\u00e7os de Nomes de Dom\u00ednios (DNS).<\/span><\/p>\n<p><span style=\"color: #000000; font-family: tahoma, arial, helvetica, sans-serif; font-size: 8pt;\">&#8211; Servi\u00e7o HTTP.<\/span><\/p>\n<p><span style=\"color: #000000; font-family: tahoma, arial, helvetica, sans-serif; font-size: 8pt;\">&#8211; Servi\u00e7o de transfer\u00eancia de mensagens SMTP.<\/span><\/p>\n<p><span style=\"color: #000000; font-family: tahoma, arial, helvetica, sans-serif; font-size: 8pt;\">&#8211; <em>Proxy cache. <\/em><\/span><\/p>\n<p><span style=\"color: #000000; font-family: tahoma, arial, helvetica, sans-serif; font-size: 8pt;\">&#8211; <em>Proxy <\/em>reverso.<\/span><\/p>\n<h5><span style=\"color: #000000;\">GER\u00caNCIA DE REDES<\/span><\/h5>\n<p><span style=\"color: #000000; font-family: tahoma, arial, helvetica, sans-serif; font-size: 8pt;\">&#8211; Protocolo SNMP.<\/span><\/p>\n<p><span style=\"color: #000000; font-family: tahoma, arial, helvetica, sans-serif; font-size: 8pt;\">&#8211; Conceitos de MIB.<\/span><\/p>\n<p><span style=\"color: #000000; font-family: tahoma, arial, helvetica, sans-serif; font-size: 8pt;\">&#8211; MIB II e MIBs propriet\u00e1rias.<\/span><\/p>\n<p><span style=\"color: #000000; font-family: tahoma, arial, helvetica, sans-serif; font-size: 8pt;\">&#8211; Conceito de agentes SNMP e servi\u00e7os de gerenciamento de rede (NMS).<\/span><\/p>\n<p><span style=\"color: #000000; font-family: tahoma, arial, helvetica, sans-serif; font-size: 8pt;\">&#8211; Comunica\u00e7\u00e3o entre NMS e agentes (GET, SET).<\/span><\/p>\n<p><span style=\"color: #000000; font-family: tahoma, arial, helvetica, sans-serif; font-size: 8pt;\">&#8211; Comunica\u00e7\u00e3o entre agentes e NMS (<em>traps<\/em>).<\/span><\/p>\n<p><span style=\"color: #000000; font-family: tahoma, arial, helvetica, sans-serif; font-size: 8pt;\">&#8211; Gerenciamento de dispositivos de rede, servidores e aplica\u00e7\u00f5es.<\/span><\/p>\n<p><span style=\"color: #000000; font-family: tahoma, arial, helvetica, sans-serif; font-size: 8pt;\">Ger\u00eancia de falha, de capacidade e de mudan\u00e7a.<\/span><\/p>\n<h5><span style=\"color: #000000;\">SEGURAN\u00c7A DA INFORMA\u00c7\u00c3O<\/span><\/h5>\n<p><span style=\"color: #000000; font-family: tahoma, arial, helvetica, sans-serif; font-size: 8pt;\">&#8211; Pol\u00edticas de seguran\u00e7a da informa\u00e7\u00e3o.<\/span><\/p>\n<p><span style=\"color: #000000; font-family: tahoma, arial, helvetica, sans-serif; font-size: 8pt;\">&#8211; Seguran\u00e7a de redes de computadores.<\/span><\/p>\n<p><span style=\"color: #000000; font-family: tahoma, arial, helvetica, sans-serif; font-size: 8pt;\">&#8211; Seguran\u00e7a f\u00edsica e l\u00f3gica.<\/span><\/p>\n<p><span style=\"color: #000000; font-family: tahoma, arial, helvetica, sans-serif; font-size: 8pt;\">&#8211; M\u00e9todos de autentica\u00e7\u00e3o (senhas, <em>tokens<\/em>, certificados e biometria).<\/span><\/p>\n<p><span style=\"color: #000000; font-family: tahoma, arial, helvetica, sans-serif; font-size: 8pt;\">&#8211; C\u00f3pias de seguran\u00e7a (<em>backup<\/em>): tipos, ciclos e principais dispositivos e meios de armazenamento.<\/span><\/p>\n<p><span style=\"color: #000000; font-family: tahoma, arial, helvetica, sans-serif; font-size: 8pt;\">&#8211; Combate a v\u00edrus de computador.<\/span><\/p>\n<p><span style=\"color: #000000; font-family: tahoma, arial, helvetica, sans-serif; font-size: 8pt;\">&#8211; Conceito de DMZ.<\/span><\/p>\n<p><span style=\"color: #000000; font-family: tahoma, arial, helvetica, sans-serif; font-size: 8pt;\">&#8211; Conceito de filtragem de pacotes e <em>firewall. <\/em><\/span><\/p>\n<p><span style=\"color: #000000; font-family: tahoma, arial, helvetica, sans-serif; font-size: 8pt;\">&#8211; Sistemas de Detec\u00e7\u00e3o de Intrus\u00e3o (NIDS).<\/span><\/p>\n<p><span style=\"color: #000000; font-family: tahoma, arial, helvetica, sans-serif; font-size: 8pt;\">&#8211; Criptografia.<\/span><\/p>\n<p><span style=\"color: #000000; font-family: tahoma, arial, helvetica, sans-serif; font-size: 8pt;\">&#8211; Conceitos b\u00e1sicos de criptografia.<\/span><\/p>\n<p><span style=\"color: #000000; font-family: tahoma, arial, helvetica, sans-serif; font-size: 8pt;\">&#8211; Sistemas criptogr\u00e1ficos sim\u00e9tricos e assim\u00e9tricos.<\/span><\/p>\n<p><span style=\"color: #000000; font-family: tahoma, arial, helvetica, sans-serif; font-size: 8pt;\">&#8211; Infraestrutura de chave p\u00fablica (PKI).<\/span><\/p>\n<h5><span style=\"color: #000000;\">ALTA DISPONIBILIDADE<\/span><\/h5>\n<p><span style=\"color: #000000; font-family: tahoma, arial, helvetica, sans-serif; font-size: 8pt;\">-Solu\u00e7\u00f5es de Armazenamento RAID, SAN e NAS.<\/span><\/p>\n<p><span style=\"color: #000000; font-family: tahoma, arial, helvetica, sans-serif; font-size: 8pt;\">&#8211; <em>Clusters <\/em>de servidores.<\/span><\/p>\n<p><span style=\"color: #000000; font-family: tahoma, arial, helvetica, sans-serif; font-size: 8pt;\">&#8211; Balanceamento de carga.<\/span><\/p>\n<p><span style=\"color: #000000; font-family: tahoma, arial, helvetica, sans-serif; font-size: 8pt;\">&#8211; Conting\u00eancia e continuidade de opera\u00e7\u00e3o.<\/span><\/p>\n<h5><span style=\"color: #000000;\">SISTEMAS OPERACIONAIS WINDOWS 2003 SERVER, SOLARIS E LINUX<\/span><\/h5>\n<p><span style=\"color: #000000; font-family: tahoma, arial, helvetica, sans-serif; font-size: 8pt;\">&#8211; Fundamentos.<\/span><\/p>\n<p><span style=\"color: #000000; font-family: tahoma, arial, helvetica, sans-serif; font-size: 8pt;\">&#8211; Instala\u00e7\u00e3o, administra\u00e7\u00e3o e configura\u00e7\u00e3o.<\/span><\/p>\n<p><span style=\"color: #000000; font-family: tahoma, arial, helvetica, sans-serif; font-size: 8pt;\">&#8211; Performance e detec\u00e7\u00e3o de problemas.<\/span><\/p>\n<h5><span style=\"color: #000000;\">BANCO DE DADOS<\/span><\/h5>\n<p><span style=\"color: #000000; font-family: tahoma, arial, helvetica, sans-serif; font-size: 8pt;\">&#8211; Conceitos b\u00e1sicos: banco de dados, esquema, tabelas, campos, registros, \u00edndices, relacionamentos, transa\u00e7\u00e3o, triggers, stored procedures, tipos de bancos de dados, modelo conceitual.<\/span><\/p>\n<p><span style=\"color: #000000; font-family: tahoma, arial, helvetica, sans-serif; font-size: 8pt;\">&#8211; Normaliza\u00e7\u00e3o de dados: conceitos, primeira, segunda e terceira formas normais.<\/span><\/p>\n<p><span style=\"color: #000000; font-family: tahoma, arial, helvetica, sans-serif; font-size: 8pt;\">&#8211; DML: Linguagem de manipula\u00e7\u00e3o de Dados.<\/span><\/p>\n<p><span style=\"color: #000000; font-family: tahoma, arial, helvetica, sans-serif; font-size: 8pt;\">&#8211; DDL: Linguagem de Defini\u00e7\u00e3o de Dados.<\/span><\/p>\n<p><span style=\"color: #000000; font-family: tahoma, arial, helvetica, sans-serif; font-size: 8pt;\">&#8211; Datawarehouse. Business Intelligence. <\/span><\/p>\n<h5><span style=\"color: #000000;\">&nbsp;ADMINISTRA\u00c7\u00c3O DE BANCO DE DADOS RELACIONAIS<\/span><\/h5>\n<p><span style=\"color: #000000; font-family: tahoma, arial, helvetica, sans-serif; font-size: 8pt;\">&#8211; Projeto e implanta\u00e7\u00e3o de SGBDs relacionais.<\/span><\/p>\n<p><span style=\"color: #000000; font-family: tahoma, arial, helvetica, sans-serif; font-size: 8pt;\">&#8211; Administra\u00e7\u00e3o de usu\u00e1rios e perfis de acesso, Oracle OID.<\/span><\/p>\n<p><span style=\"color: #000000; font-family: tahoma, arial, helvetica, sans-serif; font-size: 8pt;\">&#8211; Controle de prote\u00e7\u00e3o, integridade e concorr\u00eancia.<\/span><\/p>\n<p><span style=\"color: #000000; font-family: tahoma, arial, helvetica, sans-serif; font-size: 8pt;\">&#8211; Backup e restaura\u00e7\u00e3o de dados.<\/span><\/p>\n<p><span style=\"color: #000000; font-family: tahoma, arial, helvetica, sans-serif; font-size: 8pt;\">&#8211; Toler\u00e2ncia a falhas e continuidade de opera\u00e7\u00e3o.<\/span><\/p>\n<p><span style=\"color: #000000; font-family: tahoma, arial, helvetica, sans-serif; font-size: 8pt;\">&#8211; Monitora\u00e7\u00e3o e otimiza\u00e7\u00e3o de desempenho.<\/span><\/p>\n<h5><span style=\"color: #000000;\">ORACLE e MS-SQL SERVER<\/span><\/h5>\n<p><span style=\"color: #000000; font-family: tahoma, arial, helvetica, sans-serif; font-size: 8pt;\">&#8211; Fundamentos. Instala\u00e7\u00e3o, administra\u00e7\u00e3o e configura\u00e7\u00e3o.<\/span><\/p>\n<p><span style=\"color: #000000; font-family: tahoma, arial, helvetica, sans-serif; font-size: 8pt;\">&#8211; Performance e detec\u00e7\u00e3o de problemas.<\/span><\/p>\n<h5><span style=\"color: #000000;\">MODELO ITIL (INFORMATION TECHNOLOGY INFRASTRUCTURE LIBRARY)<\/span><\/h5>\n<p><span style=\"color: #000000; font-family: tahoma, arial, helvetica, sans-serif; font-size: 8pt;\">&#8211; Service Desk, gerenciamento de incidentes, gerenciamento de problemas, gerenciamento da configura\u00e7\u00e3o, gerenciamento da mudan\u00e7a, gerenciamento de libera\u00e7\u00f5es, gerenciamento de n\u00edveis de servi\u00e7o, gerenciamento financeiro de servi\u00e7os de TI, gerenciamento da disponibilidade, gerenciamento da capacidade, gerenciamento da continuidade dos servi\u00e7os em TI.<\/span><\/p>\n<h5><span style=\"color: #000000;\">GER\u00caNCIA DE PROJETOS E MODELO PMI<\/span><\/h5>\n<p><span style=\"color: #000000; font-family: tahoma, arial, helvetica, sans-serif; font-size: 8pt;\">&#8211; Gerenciamento de integra\u00e7\u00e3o, gerenciamento de escopo, gerenciamento de prazo do projeto, gerenciamento de custo, gerenciamento de qualidade, gerenciamento de recursos humanos, gerenciamento de comunica\u00e7\u00e3o, gerenciamento de riscos, gerenciamento de aquisi\u00e7\u00f5es.<\/span><\/td>\n<td style=\"width: 10px; vertical-align: top;\"><\/td>\n<\/tr>\n<\/tbody>\n<\/table>\n<hr \/>\n<h3 style=\"text-align: justify;\"><strong>edital VERTICALIZADO C\u00e2mara dos Deputados para o cargo T\u00e9cnico &nbsp;Legislativo &#8211; Atribui\u00e7\u00e3o: Assistente Administrativo<\/strong><\/h3>\n<p style=\"text-align: justify;\">Abaixo voc\u00ea tem o conte\u00fado discriminado do que foi cobrado no concurso para Analista Legislativo &#8211; Atribui\u00e7\u00e3o: Inform\u00e1tica Legislativa, conforme o Edital C\u00e2mara dos Deputados 7 de 26\/04\/2007.<\/p>\n<p style=\"text-align: justify;\">Mais adiante, voc\u00ea encontrar\u00e1 uma tabela para controle de estudo com esse conte\u00fado. Voc\u00ea poder\u00e1 editar essa tabela conforme a sua necessidade.<\/p>\n<table style=\"background-color: #ffffff;\">\n<tbody>\n<tr>\n<td style=\"width: 10px; vertical-align: top;\"><\/td>\n<td style=\"width: 335px; vertical-align: top;\"><span style=\"font-size: 12pt; color: #000000;\"><strong>Conhecimentos B\u00e1sicos<\/strong><\/span><\/td>\n<td style=\"width: 10px; vertical-align: top;\"><\/td>\n<td style=\"width: 335px; vertical-align: top;\"><span style=\"font-size: 12pt; color: #000000;\"><strong>Conhecimentos Espec\u00edficos<\/strong><\/span><\/td>\n<td style=\"width: 10px; vertical-align: top;\"><\/td>\n<\/tr>\n<tr>\n<td style=\"width: 10px; vertical-align: top;\"><\/td>\n<td style=\"width: 335px; vertical-align: top;\">\n<h5><span style=\"color: #000000;\">L\u00edngua Portuguesa<\/span><\/h5>\n<p><span style=\"font-family: tahoma, arial, helvetica, sans-serif; font-size: 8pt; color: #000000;\">&#8211; Compreens\u00e3o, interpreta\u00e7\u00e3o de textos, com dom\u00ednio das rela\u00e7\u00f5es morfossint\u00e1ticas, sem\u00e2nticas e discursivas.<\/span><\/p>\n<p><span style=\"font-family: tahoma, arial, helvetica, sans-serif; font-size: 8pt; color: #000000;\">&#8211; Tipologia textual.<\/span><\/p>\n<p><span style=\"font-family: tahoma, arial, helvetica, sans-serif; font-size: 8pt; color: #000000;\">&#8211; Significa\u00e7\u00e3o literal e contextual dos voc\u00e1bulos.<\/span><\/p>\n<p><span style=\"font-family: tahoma, arial, helvetica, sans-serif; font-size: 8pt; color: #000000;\">&#8211; Processos de coes\u00e3o textual.<\/span><\/p>\n<p><span style=\"font-family: tahoma, arial, helvetica, sans-serif; font-size: 8pt; color: #000000;\">&#8211; Coordena\u00e7\u00e3o e subordina\u00e7\u00e3o.<\/span><\/p>\n<p><span style=\"font-family: tahoma, arial, helvetica, sans-serif; font-size: 8pt; color: #000000;\">&#8211; Emprego das classes de palavras.<\/span><\/p>\n<p><span style=\"font-family: tahoma, arial, helvetica, sans-serif; font-size: 8pt; color: #000000;\">&#8211; Concord\u00e2ncia.<\/span><\/p>\n<p><span style=\"font-family: tahoma, arial, helvetica, sans-serif; font-size: 8pt; color: #000000;\">&#8211; Reg\u00eancia.<\/span><\/p>\n<p><span style=\"font-family: tahoma, arial, helvetica, sans-serif; font-size: 8pt; color: #000000;\">&#8211; Estrutura, forma\u00e7\u00e3o e representa\u00e7\u00e3o das palavras.<\/span><\/p>\n<p><span style=\"font-family: tahoma, arial, helvetica, sans-serif; font-size: 8pt; color: #000000;\">&#8211; Ortografia oficial.<\/span><\/p>\n<p><span style=\"font-family: tahoma, arial, helvetica, sans-serif; font-size: 8pt; color: #000000;\">&#8211; Pontua\u00e7\u00e3o.<\/span><\/p>\n<p><span style=\"font-family: tahoma, arial, helvetica, sans-serif; font-size: 8pt; color: #000000;\">&#8211; Reda\u00e7\u00e3o Oficial.<\/span><\/p>\n<h5><span style=\"color: #000000;\">Direito Constitucional<\/span><\/h5>\n<p><span style=\"font-family: tahoma, arial, helvetica, sans-serif; font-size: 8pt; color: #000000;\">&#8211; T\u00edtulo I \u2013 Dos Princ\u00edpios Fundamentais.<\/span><\/p>\n<p><span style=\"font-family: tahoma, arial, helvetica, sans-serif; font-size: 8pt; color: #000000;\">&#8211; T\u00edtulo II \u2013 Dos Direitos e Garantias Fundamentais.<\/span><\/p>\n<p><span style=\"font-family: tahoma, arial, helvetica, sans-serif; font-size: 8pt; color: #000000;\">&#8211; T\u00edtulo III \u2013 Da Organiza\u00e7\u00e3o do Estado, Cap\u00edtulo I \u2013 Da Organiza\u00e7\u00e3o Pol\u00edtico-Administrativa, Cap\u00edtulo II \u2013 Da Uni\u00e3o, Cap\u00edtulo III \u2013 Dos Estados Federados, Cap\u00edtulo IV \u2013 Dos Munic\u00edpios, Cap\u00edtulo V \u2013 Do Distrito Federal e dos Territ\u00f3rios, Cap\u00edtulo VII \u2013 Da Administra\u00e7\u00e3o P\u00fablica, Se\u00e7\u00e3o I \u2013 Disposi\u00e7\u00f5es Gerais e Se\u00e7\u00e3o II \u2013 Dos Servidores P\u00fablicos.<\/span><\/p>\n<p><span style=\"font-family: tahoma, arial, helvetica, sans-serif; font-size: 8pt; color: #000000;\">&#8211; T\u00edtulo IV \u2013 Da Organiza\u00e7\u00e3o dos Poderes, Cap\u00edtulo I \u2013 Do Poder Legislativo, Cap\u00edtulo II \u2013 Do Poder Executivo, Se\u00e7\u00e3o I \u2013 Do Presidente e do Vice-Presidente da Rep\u00fablica e Se\u00e7\u00e3o II \u2013 Das Atribui\u00e7\u00f5es do Presidente da Rep\u00fablica, Cap\u00edtulo III \u2013 Do Poder Judici\u00e1rio, Se\u00e7\u00e3o I \u2013 Disposi\u00e7\u00f5es Gerais.<\/span><\/p>\n<p><span style=\"font-family: tahoma, arial, helvetica, sans-serif; font-size: 8pt; color: #000000;\">&#8211; T\u00edtulo VI \u2013 Da Tributa\u00e7\u00e3o e do Or\u00e7amento, Cap\u00edtulo II \u2013 Das Finan\u00e7as P\u00fablicas, Se\u00e7\u00e3o II \u2013 Dos Or\u00e7amentos.<\/span><\/p>\n<h5><span style=\"color: #000000;\">Direito Administrativo<\/span><\/h5>\n<p><span style=\"font-family: tahoma, arial, helvetica, sans-serif; font-size: 8pt; color: #000000;\">&#8211; Regime Jur\u00eddico dos Servidores P\u00fablicos Federais \u2013 Lei n\u00ba 8.112\/90 e altera\u00e7\u00f5es posteriores.<\/span><\/p>\n<p><span style=\"font-family: tahoma, arial, helvetica, sans-serif; font-size: 8pt; color: #000000;\">&#8211; Lei n\u00ba 8.666\/93 e altera\u00e7\u00f5es posteriores: &#8211; Cap\u00edtulo I \u2013 Das Disposi\u00e7\u00f5es Gerais; Se\u00e7\u00e3o I \u2013 Dos Princ\u00edpios, Arts. 1\u00ba, 2\u00ba, 3\u00ba, 4\u00ba e 5\u00ba; Se\u00e7\u00e3o II \u2013 Das Defini\u00e7\u00f5es, Art. 6\u00ba; &#8211; Cap\u00edtulo II \u2013 Da Licita\u00e7\u00e3o; Se\u00e7\u00e3o I \u2013 Das Modalidades, Limites e Dispensa &#8211; Arts. 20, 21, 22, 23, 24, 25 e 26.<\/span><\/p>\n<h5><span style=\"color: #000000;\">Processo Legislativo &#8211; Regimento Interno<\/span><\/h5>\n<p><span style=\"font-family: tahoma, arial, helvetica, sans-serif; font-size: 8pt; color: #000000;\">&#8211; T\u00edtulo I \u2013 Disposi\u00e7\u00f5es Preliminares.<\/span><\/p>\n<p><span style=\"font-family: tahoma, arial, helvetica, sans-serif; font-size: 8pt; color: #000000;\">&#8211; T\u00edtulo II \u2013 Dos \u00d3rg\u00e3os da C\u00e2mara; Cap\u00edtulo I \u2013 Da Mesa, Cap\u00edtulo II \u2013 Dos Col\u00e9gios de L\u00edderes, Cap\u00edtulo III \u2013 Da Procuradoria Parlamentar, Cap\u00edtulo IV \u2013 Das Comiss\u00f5es, Se\u00e7\u00e3o I \u2013 Disposi\u00e7\u00f5es Gerais, Se\u00e7\u00e3o II \u2013 Das Comiss\u00f5es Permanentes e Se\u00e7\u00e3o III \u2013 Das Comiss\u00f5es Tempor\u00e1rias.<\/span><\/p>\n<p><span style=\"font-family: tahoma, arial, helvetica, sans-serif; font-size: 8pt; color: #000000;\">&#8211; T\u00edtulo III \u2013 Das Sess\u00f5es da C\u00e2mara.<\/span><\/p>\n<h5><span style=\"color: #000000;\">Conhecimentos Gerais<\/span><\/h5>\n<p><span style=\"font-family: tahoma, arial, helvetica, sans-serif; font-size: 8pt; color: #000000;\">&#8211; Elementos de pol\u00edtica brasileira.<\/span><\/p>\n<p><span style=\"font-family: tahoma, arial, helvetica, sans-serif; font-size: 8pt; color: #000000;\">&#8211; Cultura e sociedade brasileira: m\u00fasica, literatura, artes, arquitetura, r\u00e1dio, cinema, teatro, jornais, revistas e televis\u00e3o.<\/span><\/p>\n<p><span style=\"font-family: tahoma, arial, helvetica, sans-serif; font-size: 8pt; color: #000000;\">&#8211; Cultura internacional.<\/span><\/p>\n<p><span style=\"font-family: tahoma, arial, helvetica, sans-serif; font-size: 8pt; color: #000000;\">&#8211; Hist\u00f3ria do Brasil.<\/span><\/p>\n<p><span style=\"font-family: tahoma, arial, helvetica, sans-serif; font-size: 8pt; color: #000000;\">&#8211; Descobertas e inova\u00e7\u00f5es cient\u00edficas na atualidade e seus impactos na sociedade contempor\u00e2nea.<\/span><\/p>\n<p><span style=\"font-family: tahoma, arial, helvetica, sans-serif; font-size: 8pt; color: #000000;\">&#8211; O desenvolvimento urbano brasileiro.<\/span><\/p>\n<p><span style=\"font-family: tahoma, arial, helvetica, sans-serif; font-size: 8pt; color: #000000;\">&#8211; Meio ambiente e sociedade: problemas, pol\u00edticas p\u00fablicas, organiza\u00e7\u00f5es n\u00e3o governamentais, aspectos locais e aspectos globais. Elementos de economia internacional contempor\u00e2nea. Panorama da economia nacional. O cotidiano brasileiro.<\/span><\/td>\n<td style=\"width: 10px; vertical-align: top;\"><\/td>\n<td style=\"width: 335px; vertical-align: top;\">\n<h5><span style=\"color: #000000;\">No\u00e7\u00f5es de protocolo e arquivo<\/span><\/h5>\n<p><span style=\"font-family: tahoma, arial, helvetica, sans-serif; font-size: 8pt; color: #000000;\">&#8211; &nbsp;Organiza\u00e7\u00e3o, alfabeta\u00e7\u00e3o, m\u00e9todos de arquivamento; arquivos correntes e intermedi\u00e1rios; arquivos permanentes; protocolos; no\u00e7\u00f5es b\u00e1sicas de tipologias documentais e suportes f\u00edsicos: microfilmagem, automa\u00e7\u00e3o, preserva\u00e7\u00e3o, conserva\u00e7\u00e3o e restaura\u00e7\u00e3o de documento.<\/span><\/p>\n<h5><span style=\"color: #000000;\">No\u00e7\u00f5es de Administra\u00e7\u00e3o de Pessoas<\/span><\/h5>\n<p><span style=\"font-family: tahoma, arial, helvetica, sans-serif; font-size: 8pt; color: #000000;\">&#8211; O homem e a organiza\u00e7\u00e3o: objetivos individuais e organizacionais, clima organizacional, aprendizagem organizacional; vis\u00e3o estrat\u00e9gica e operacional; pol\u00edticas de RH.<\/span><\/p>\n<h5><span style=\"color: #000000;\">No\u00e7\u00f5es de Administra\u00e7\u00e3o de Recursos Materiais<\/span><\/h5>\n<p><span style=\"font-family: tahoma, arial, helvetica, sans-serif; font-size: 8pt; color: #000000;\">&#8211; Introdu\u00e7\u00e3o \u00e0 Administra\u00e7\u00e3o de Material; conceitua\u00e7\u00e3o de Material e Patrim\u00f4nio; o Patrim\u00f4nio das empresas e \u00f3rg\u00e3os p\u00fablicos; atividades b\u00e1sicas da Administra\u00e7\u00e3o de Material; as compras nas organiza\u00e7\u00f5es.<\/span><\/p>\n<h5><span style=\"color: #000000;\">No\u00e7\u00f5es de Administra\u00e7\u00e3o Or\u00e7ament\u00e1ria e Financeira<\/span><\/h5>\n<p><span style=\"font-family: tahoma, arial, helvetica, sans-serif; font-size: 8pt; color: #000000;\">&#8211; Or\u00e7amento P\u00fablico: conceitos e princ\u00edpios; o ciclo or\u00e7ament\u00e1rio; cr\u00e9ditos adicionais; est\u00e1gios da despesa p\u00fablica: empenho, liquida\u00e7\u00e3o e pagamento.<\/span><\/td>\n<td style=\"width: 10px; vertical-align: top;\"><\/td>\n<\/tr>\n<\/tbody>\n<\/table>\n<hr \/>\n<h2>Edital C\u00e2mara dos Deputados &#8211; links<\/h2>\n<p>Abaixo, voc\u00ea tem links para acessar documentos e tabelas citados neste artigo:<br \/>\n<img loading=\"lazy\" decoding=\"async\" class=\"alignleft wp-image-42649 size-medium\" title=\"edital C\u00e2mara dos Deputados\" src=\"https:\/\/dhg1h5j42swfq.cloudfront.net\/2016\/05\/14113252\/novas-corujas-0621.png\" alt=\"edital C\u00e2mara dos Deputados\" width=\"300\" height=\"181\" srcset=\"https:\/\/dhg1h5j42swfq.cloudfront.net\/2016\/05\/14113252\/novas-corujas-0621.png 1020w, https:\/\/dhg1h5j42swfq.cloudfront.net\/2016\/05\/14113252\/novas-corujas-0621.png 300w, https:\/\/dhg1h5j42swfq.cloudfront.net\/2016\/05\/14113252\/novas-corujas-0621.png 768w, https:\/\/dhg1h5j42swfq.cloudfront.net\/2016\/05\/14113252\/novas-corujas-0621.png 497w\" sizes=\"auto, (max-width: 300px) 100vw, 300px\" \/><\/p>\n<p style=\"text-align: left;\"><span style=\"text-decoration: underline; color: #3366ff; font-family: tahoma, arial, helvetica, sans-serif; font-size: 8pt;\"><span style=\"text-decoration: underline;\"><a style=\"color: #3366ff; text-decoration: underline;\" href=\"https:\/\/dhg1h5j42swfq.cloudfront.net\/2016\/12\/29094650\/C%C3%A2mara-dos-Deputados-Edital-7-de-26-04-2007.pdf\" target=\"_blank\" rel=\"noopener\">C\u00e2mara dos Deputados &#8211; Edital 7 de 26-04-2007<\/a><\/span><\/span><\/p>\n<p style=\"text-align: left;\"><span style=\"text-decoration: underline; color: #3366ff; font-family: tahoma, arial, helvetica, sans-serif; font-size: 8pt;\"><span style=\"text-decoration: underline;\"><a style=\"color: #3366ff; text-decoration: underline;\" href=\"https:\/\/dhg1h5j42swfq.cloudfront.net\/2016\/12\/29094653\/C%C3%A2mara-dos-Deputados-Edital-1-de-14-03-2012.pdf\" target=\"_blank\" rel=\"noopener\">C\u00e2mara dos Deputados &#8211; Edital 1 de 14-03-2012<\/a><\/span><\/span><\/p>\n<p style=\"text-align: left;\"><span style=\"text-decoration: underline; color: #3366ff; font-family: tahoma, arial, helvetica, sans-serif; font-size: 8pt;\"><a style=\"color: #3366ff;\" href=\"https:\/\/dhg1h5j42swfq.cloudfront.net\/2016\/12\/29154927\/Estrat%C3%A9gia-Concursos-C%C3%A2mara-dos-Deputados-Edital-Esquematizado-Analista-Legislativo-Material-e-Patrim%C3%B4nio.xlsx\" target=\"_blank\" rel=\"noopener\"><span style=\"text-decoration: underline;\">Planilha para Controle de Estudos &#8211; C\u00e2mara dos Deputados &#8211; Analista Legislativo &#8211; Atribui\u00e7\u00e3o: Material e Patrim\u00f4nio<\/span><\/a><\/span><\/p>\n<p style=\"text-align: left;\"><span style=\"text-decoration: underline; color: #3366ff; font-family: tahoma, arial, helvetica, sans-serif; font-size: 8pt;\"><a style=\"color: #3366ff;\" href=\"https:\/\/dhg1h5j42swfq.cloudfront.net\/2016\/12\/29154928\/Estrat%C3%A9gia-Concursos-C%C3%A2mara-dos-Deputados-Edital-Esquematizado-Analista-Legislativo-Inform%C3%A1tica-Legislativa.xlsx\" target=\"_blank\" rel=\"noopener\"><span style=\"text-decoration: underline;\">Planilha para Controle de Estudos &#8211; C\u00e2mara dos Deputados &#8211; Analista Legislativo &#8211; Atribui\u00e7\u00e3o: Inform\u00e1tica Legislativa<\/span><\/a><\/span><\/p>\n<p style=\"text-align: left;\"><span style=\"text-decoration: underline; color: #3366ff; font-family: tahoma, arial, helvetica, sans-serif; font-size: 8pt;\"><span style=\"text-decoration: underline;\"><a style=\"color: #3366ff; text-decoration: underline;\" href=\"https:\/\/dhg1h5j42swfq.cloudfront.net\/2016\/12\/29154929\/Estrat%C3%A9gia-Concursos-C%C3%A2mara-dos-Deputados-Edital-Esquematizado-T%C3%A9cnico-Legislativo-Assistente-Admnistrativo.xlsx\" target=\"_blank\" rel=\"noopener\">Planilha para Controle de Estudos &#8211; C\u00e2mara dos Deputados &#8211; T\u00e9cnico Legislativo &#8211; Atribui\u00e7\u00e3o: Assistente Administrativo<\/a><\/span><\/span><\/p>\n<hr \/>\n<p style=\"text-align: justify;\"><span style=\"color: #008000;\">O Estrat\u00e9gia Concursos j\u00e1 lan\u00e7ou cursos focados no edital <strong>C\u00e2mara dos Deputados<\/strong>. Nossos cursos cont\u00eam o conte\u00fado completo que ser\u00e1 cobrado na sua prova. S\u00e3o PDF\u00b4s e videoaulas, al\u00e9m de um f\u00f3rum de d\u00favidas exclusivo na \u00e1rea do aluno para voc\u00ea esclarecer pontos com seus professores. Confiamos tanto na qualidade da nossa equipe e dos nossos materiais que n\u00f3s temos uma pol\u00edtica de satisfa\u00e7\u00e3o garantida ou seu dinheiro de volta, em at\u00e9 30 dias e sem burocracia. Voc\u00ea n\u00e3o tem nada a perder, conhe\u00e7a nossos cursos!<\/span><\/p>\n<p style=\"text-align: center;\"><a href=\"https:\/\/www.estrategiaconcursos.com.br\/cursosPorConcurso\/camara-dos-deputados-analista-legislativo-57\/\" target=\"_blank\" rel=\"noopener\"><span style=\"color: #3366ff;\">Cursos Analista Legislativo<\/span><\/a><\/p>\n<p style=\"text-align: center;\"><a href=\"https:\/\/www.estrategiaconcursos.com.br\/cursosPorConcurso\/camara-dos-deputados-tecnico-legislativo-322\/\" target=\"_blank\" rel=\"noopener\"><span style=\"color: #3366ff;\">Cursos T\u00e9cnico Legislativo<\/span><\/a><\/p>\n<hr \/>\n","protected":false},"excerpt":{"rendered":"<p>Edital C\u00e2mara dos Deputados &#8211; confira a an\u00e1lise dos cargos autorizados A Lei Or\u00e7ament\u00e1ria Anual de 2017 (LOA 2017) traz boas not\u00edcias para quem deseja ser servidor da C\u00e2mara de Deputados. Ela prev\u00ea arrecada\u00e7\u00e3o de mais de R$ 8.730.000,00 em concursos para cargos dessa casa . Neste artigo voc\u00ea ter\u00e1 a an\u00e1lise do edital C\u00e2mara [&hellip;]<\/p>\n","protected":false},"author":48,"featured_media":0,"comment_status":"open","ping_status":"open","sticky":false,"template":"","format":"standard","meta":{"post_tipo":"article","footnotes":""},"categories":[1,2017],"tags":[519],"tax_estado":[219966],"class_list":["post-59658","post","type-post","status-publish","format-standard","hentry","category-cursos-e-concursos","category-concursos-legislativos","tag-camara-dos-deputados","tax_estado-am"],"acf":[],"yoast_head":"<!-- This site is optimized with the Yoast SEO Premium plugin v27.2 (Yoast SEO v27.2) - https:\/\/yoast.com\/product\/yoast-seo-premium-wordpress\/ -->\n<title>Edital C\u00e2mara dos Deputados - confira a an\u00e1lise dos cargos autorizados<\/title>\n<meta name=\"description\" content=\"Confira a an\u00e1lise do edital C\u00e2mara dos Deputados para os cargos j\u00e1 autorizados pelo ato da Mesa em 2014! Acesse e confira!\" \/>\n<meta name=\"robots\" content=\"index, follow, max-snippet:-1, max-image-preview:large, max-video-preview:-1\" \/>\n<link rel=\"canonical\" href=\"https:\/\/www.estrategiaconcursos.com.br\/blog\/edital-camara-dos-deputados-publicado-2017\/\" \/>\n<meta property=\"og:locale\" content=\"pt_BR\" \/>\n<meta property=\"og:type\" content=\"article\" \/>\n<meta property=\"og:title\" content=\"Edital C\u00e2mara dos Deputados - confira a an\u00e1lise dos cargos autorizados\" \/>\n<meta property=\"og:description\" content=\"Confira a an\u00e1lise do edital C\u00e2mara dos Deputados para os cargos j\u00e1 autorizados pelo ato da Mesa em 2014! Acesse e confira!\" \/>\n<meta property=\"og:url\" content=\"https:\/\/www.estrategiaconcursos.com.br\/blog\/edital-camara-dos-deputados-publicado-2017\/\" \/>\n<meta property=\"og:site_name\" content=\"Estrat\u00e9gia Concursos\" \/>\n<meta property=\"article:published_time\" content=\"2017-01-21T15:13:43+00:00\" \/>\n<meta property=\"article:modified_time\" content=\"2023-08-23T11:43:02+00:00\" \/>\n<meta property=\"og:image\" content=\"https:\/\/www.estrategiaconcursos.com.br\/blog\/wp-content\/uploads\/2016\/12\/Adinoel-camara-dos-deputados-2012-quadro-de-provas.jpg.jpg\" \/>\n<meta name=\"author\" content=\"Coordena\u00e7\u00e3o\" \/>\n<meta name=\"twitter:card\" content=\"summary_large_image\" \/>\n<meta name=\"twitter:creator\" content=\"@EstratConcursos\" \/>\n<meta name=\"twitter:site\" content=\"@EstratConcursos\" \/>\n<meta name=\"twitter:label1\" content=\"Escrito por\" \/>\n\t<meta name=\"twitter:data1\" content=\"Coordena\u00e7\u00e3o\" \/>\n\t<meta name=\"twitter:label2\" content=\"Est. tempo de leitura\" \/>\n\t<meta name=\"twitter:data2\" content=\"31 minutos\" \/>\n<script type=\"application\/ld+json\" class=\"yoast-schema-graph\">{\"@context\":\"https:\/\/schema.org\",\"@graph\":[{\"@type\":\"NewsArticle\",\"@id\":\"https:\/\/www.estrategiaconcursos.com.br\/blog\/edital-camara-dos-deputados-publicado-2017\/#article\",\"isPartOf\":{\"@id\":\"https:\/\/www.estrategiaconcursos.com.br\/blog\/edital-camara-dos-deputados-publicado-2017\/\"},\"author\":{\"name\":\"Coordena\u00e7\u00e3o\",\"@id\":\"https:\/\/www.estrategiaconcursos.com.br\/blog\/#\/schema\/person\/cdad40b5818eb228a838461fcd656da7\"},\"headline\":\"Edital C\u00e2mara dos Deputados &#8211; confira a an\u00e1lise dos cargos autorizados\",\"datePublished\":\"2017-01-21T15:13:43+00:00\",\"dateModified\":\"2023-08-23T11:43:02+00:00\",\"mainEntityOfPage\":{\"@id\":\"https:\/\/www.estrategiaconcursos.com.br\/blog\/edital-camara-dos-deputados-publicado-2017\/\"},\"wordCount\":6200,\"commentCount\":14,\"publisher\":{\"@id\":\"https:\/\/www.estrategiaconcursos.com.br\/blog\/#organization\"},\"image\":{\"@id\":\"https:\/\/www.estrategiaconcursos.com.br\/blog\/edital-camara-dos-deputados-publicado-2017\/#primaryimage\"},\"thumbnailUrl\":\"https:\/\/www.estrategiaconcursos.com.br\/blog\/wp-content\/uploads\/2016\/12\/Adinoel-camara-dos-deputados-2012-quadro-de-provas.jpg.jpg\",\"keywords\":[\"C\u00e2mara dos Deputados\"],\"articleSection\":[\"Concursos P\u00fablicos\",\"Legislativo\"],\"inLanguage\":\"pt-BR\",\"potentialAction\":[{\"@type\":\"CommentAction\",\"name\":\"Comment\",\"target\":[\"https:\/\/www.estrategiaconcursos.com.br\/blog\/edital-camara-dos-deputados-publicado-2017\/#respond\"]}],\"copyrightYear\":\"2017\",\"copyrightHolder\":{\"@id\":\"https:\/\/www.estrategiaconcursos.com.br\/blog\/#organization\"}},{\"@type\":\"WebPage\",\"@id\":\"https:\/\/www.estrategiaconcursos.com.br\/blog\/edital-camara-dos-deputados-publicado-2017\/\",\"url\":\"https:\/\/www.estrategiaconcursos.com.br\/blog\/edital-camara-dos-deputados-publicado-2017\/\",\"name\":\"Edital C\u00e2mara dos Deputados - confira a an\u00e1lise dos cargos autorizados\",\"isPartOf\":{\"@id\":\"https:\/\/www.estrategiaconcursos.com.br\/blog\/#website\"},\"primaryImageOfPage\":{\"@id\":\"https:\/\/www.estrategiaconcursos.com.br\/blog\/edital-camara-dos-deputados-publicado-2017\/#primaryimage\"},\"image\":{\"@id\":\"https:\/\/www.estrategiaconcursos.com.br\/blog\/edital-camara-dos-deputados-publicado-2017\/#primaryimage\"},\"thumbnailUrl\":\"https:\/\/www.estrategiaconcursos.com.br\/blog\/wp-content\/uploads\/2016\/12\/Adinoel-camara-dos-deputados-2012-quadro-de-provas.jpg.jpg\",\"datePublished\":\"2017-01-21T15:13:43+00:00\",\"dateModified\":\"2023-08-23T11:43:02+00:00\",\"description\":\"Confira a an\u00e1lise do edital C\u00e2mara dos Deputados para os cargos j\u00e1 autorizados pelo ato da Mesa em 2014! Acesse e confira!\",\"breadcrumb\":{\"@id\":\"https:\/\/www.estrategiaconcursos.com.br\/blog\/edital-camara-dos-deputados-publicado-2017\/#breadcrumb\"},\"inLanguage\":\"pt-BR\",\"potentialAction\":[{\"@type\":\"ReadAction\",\"target\":[\"https:\/\/www.estrategiaconcursos.com.br\/blog\/edital-camara-dos-deputados-publicado-2017\/\"]}]},{\"@type\":\"ImageObject\",\"inLanguage\":\"pt-BR\",\"@id\":\"https:\/\/www.estrategiaconcursos.com.br\/blog\/edital-camara-dos-deputados-publicado-2017\/#primaryimage\",\"url\":\"https:\/\/dhg1h5j42swfq.cloudfront.net\/2016\/12\/29072705\/Adinoel-camara-dos-deputados-2012-quadro-de-provas.jpg.jpg\",\"contentUrl\":\"https:\/\/dhg1h5j42swfq.cloudfront.net\/2016\/12\/29072705\/Adinoel-camara-dos-deputados-2012-quadro-de-provas.jpg.jpg\",\"width\":1171,\"height\":270},{\"@type\":\"BreadcrumbList\",\"@id\":\"https:\/\/www.estrategiaconcursos.com.br\/blog\/edital-camara-dos-deputados-publicado-2017\/#breadcrumb\",\"itemListElement\":[{\"@type\":\"ListItem\",\"position\":1,\"name\":\"In\u00edcio\",\"item\":\"https:\/\/www.estrategiaconcursos.com.br\/blog\/\"},{\"@type\":\"ListItem\",\"position\":2,\"name\":\"Edital C\u00e2mara dos Deputados &#8211; confira a an\u00e1lise dos cargos autorizados\"}]},{\"@type\":\"WebSite\",\"@id\":\"https:\/\/www.estrategiaconcursos.com.br\/blog\/#website\",\"url\":\"https:\/\/www.estrategiaconcursos.com.br\/blog\/\",\"name\":\"Estrat\u00e9gia Concursos\",\"description\":\"O blog da Estrat\u00e9gia Concursos traz not\u00edcias sobre concursos e artigos de professores oferecendo cursos para concursos (pdf + videaulas) no site.\",\"publisher\":{\"@id\":\"https:\/\/www.estrategiaconcursos.com.br\/blog\/#organization\"},\"potentialAction\":[{\"@type\":\"SearchAction\",\"target\":{\"@type\":\"EntryPoint\",\"urlTemplate\":\"https:\/\/www.estrategiaconcursos.com.br\/blog\/?s={search_term_string}\"},\"query-input\":{\"@type\":\"PropertyValueSpecification\",\"valueRequired\":true,\"valueName\":\"search_term_string\"}}],\"inLanguage\":\"pt-BR\"},{\"@type\":\"Organization\",\"@id\":\"https:\/\/www.estrategiaconcursos.com.br\/blog\/#organization\",\"name\":\"Estrat\u00e9gia Concursos\",\"url\":\"https:\/\/www.estrategiaconcursos.com.br\/blog\/\",\"logo\":{\"@type\":\"ImageObject\",\"inLanguage\":\"pt-BR\",\"@id\":\"https:\/\/www.estrategiaconcursos.com.br\/blog\/#\/schema\/logo\/image\/\",\"url\":\"https:\/\/dhg1h5j42swfq.cloudfront.net\/2025\/06\/03203428\/logo_concursos-1.jpg\",\"contentUrl\":\"https:\/\/dhg1h5j42swfq.cloudfront.net\/2025\/06\/03203428\/logo_concursos-1.jpg\",\"width\":230,\"height\":60,\"caption\":\"Estrat\u00e9gia Concursos\"},\"image\":{\"@id\":\"https:\/\/www.estrategiaconcursos.com.br\/blog\/#\/schema\/logo\/image\/\"},\"sameAs\":[\"https:\/\/x.com\/EstratConcursos\"]},{\"@type\":\"Person\",\"@id\":\"https:\/\/www.estrategiaconcursos.com.br\/blog\/#\/schema\/person\/cdad40b5818eb228a838461fcd656da7\",\"name\":\"Coordena\u00e7\u00e3o\",\"image\":{\"@type\":\"ImageObject\",\"inLanguage\":\"pt-BR\",\"@id\":\"https:\/\/secure.gravatar.com\/avatar\/a413b22da0f5009c634f6c4586a2dbe5207074fd5becd88db5183b8069ef25e4?s=96&d=mm&r=g\",\"url\":\"https:\/\/secure.gravatar.com\/avatar\/a413b22da0f5009c634f6c4586a2dbe5207074fd5becd88db5183b8069ef25e4?s=96&d=mm&r=g\",\"contentUrl\":\"https:\/\/secure.gravatar.com\/avatar\/a413b22da0f5009c634f6c4586a2dbe5207074fd5becd88db5183b8069ef25e4?s=96&d=mm&r=g\",\"caption\":\"Coordena\u00e7\u00e3o\"},\"url\":\"https:\/\/www.estrategiaconcursos.com.br\/blog\/author\/contatoestrategiaconcursos-com-br\/\"}]}<\/script>\n<!-- \/ Yoast SEO Premium plugin. -->","yoast_head_json":{"title":"Edital C\u00e2mara dos Deputados - confira a an\u00e1lise dos cargos autorizados","description":"Confira a an\u00e1lise do edital C\u00e2mara dos Deputados para os cargos j\u00e1 autorizados pelo ato da Mesa em 2014! Acesse e confira!","robots":{"index":"index","follow":"follow","max-snippet":"max-snippet:-1","max-image-preview":"max-image-preview:large","max-video-preview":"max-video-preview:-1"},"canonical":"https:\/\/www.estrategiaconcursos.com.br\/blog\/edital-camara-dos-deputados-publicado-2017\/","og_locale":"pt_BR","og_type":"article","og_title":"Edital C\u00e2mara dos Deputados - confira a an\u00e1lise dos cargos autorizados","og_description":"Confira a an\u00e1lise do edital C\u00e2mara dos Deputados para os cargos j\u00e1 autorizados pelo ato da Mesa em 2014! Acesse e confira!","og_url":"https:\/\/www.estrategiaconcursos.com.br\/blog\/edital-camara-dos-deputados-publicado-2017\/","og_site_name":"Estrat\u00e9gia Concursos","article_published_time":"2017-01-21T15:13:43+00:00","article_modified_time":"2023-08-23T11:43:02+00:00","og_image":[{"url":"https:\/\/www.estrategiaconcursos.com.br\/blog\/wp-content\/uploads\/2016\/12\/Adinoel-camara-dos-deputados-2012-quadro-de-provas.jpg.jpg","type":"","width":"","height":""}],"author":"Coordena\u00e7\u00e3o","twitter_card":"summary_large_image","twitter_creator":"@EstratConcursos","twitter_site":"@EstratConcursos","twitter_misc":{"Escrito por":"Coordena\u00e7\u00e3o","Est. tempo de leitura":"31 minutos"},"schema":{"@context":"https:\/\/schema.org","@graph":[{"@type":"NewsArticle","@id":"https:\/\/www.estrategiaconcursos.com.br\/blog\/edital-camara-dos-deputados-publicado-2017\/#article","isPartOf":{"@id":"https:\/\/www.estrategiaconcursos.com.br\/blog\/edital-camara-dos-deputados-publicado-2017\/"},"author":{"name":"Coordena\u00e7\u00e3o","@id":"https:\/\/www.estrategiaconcursos.com.br\/blog\/#\/schema\/person\/cdad40b5818eb228a838461fcd656da7"},"headline":"Edital C\u00e2mara dos Deputados &#8211; confira a an\u00e1lise dos cargos autorizados","datePublished":"2017-01-21T15:13:43+00:00","dateModified":"2023-08-23T11:43:02+00:00","mainEntityOfPage":{"@id":"https:\/\/www.estrategiaconcursos.com.br\/blog\/edital-camara-dos-deputados-publicado-2017\/"},"wordCount":6200,"commentCount":14,"publisher":{"@id":"https:\/\/www.estrategiaconcursos.com.br\/blog\/#organization"},"image":{"@id":"https:\/\/www.estrategiaconcursos.com.br\/blog\/edital-camara-dos-deputados-publicado-2017\/#primaryimage"},"thumbnailUrl":"https:\/\/www.estrategiaconcursos.com.br\/blog\/wp-content\/uploads\/2016\/12\/Adinoel-camara-dos-deputados-2012-quadro-de-provas.jpg.jpg","keywords":["C\u00e2mara dos Deputados"],"articleSection":["Concursos P\u00fablicos","Legislativo"],"inLanguage":"pt-BR","potentialAction":[{"@type":"CommentAction","name":"Comment","target":["https:\/\/www.estrategiaconcursos.com.br\/blog\/edital-camara-dos-deputados-publicado-2017\/#respond"]}],"copyrightYear":"2017","copyrightHolder":{"@id":"https:\/\/www.estrategiaconcursos.com.br\/blog\/#organization"}},{"@type":"WebPage","@id":"https:\/\/www.estrategiaconcursos.com.br\/blog\/edital-camara-dos-deputados-publicado-2017\/","url":"https:\/\/www.estrategiaconcursos.com.br\/blog\/edital-camara-dos-deputados-publicado-2017\/","name":"Edital C\u00e2mara dos Deputados - confira a an\u00e1lise dos cargos autorizados","isPartOf":{"@id":"https:\/\/www.estrategiaconcursos.com.br\/blog\/#website"},"primaryImageOfPage":{"@id":"https:\/\/www.estrategiaconcursos.com.br\/blog\/edital-camara-dos-deputados-publicado-2017\/#primaryimage"},"image":{"@id":"https:\/\/www.estrategiaconcursos.com.br\/blog\/edital-camara-dos-deputados-publicado-2017\/#primaryimage"},"thumbnailUrl":"https:\/\/www.estrategiaconcursos.com.br\/blog\/wp-content\/uploads\/2016\/12\/Adinoel-camara-dos-deputados-2012-quadro-de-provas.jpg.jpg","datePublished":"2017-01-21T15:13:43+00:00","dateModified":"2023-08-23T11:43:02+00:00","description":"Confira a an\u00e1lise do edital C\u00e2mara dos Deputados para os cargos j\u00e1 autorizados pelo ato da Mesa em 2014! Acesse e confira!","breadcrumb":{"@id":"https:\/\/www.estrategiaconcursos.com.br\/blog\/edital-camara-dos-deputados-publicado-2017\/#breadcrumb"},"inLanguage":"pt-BR","potentialAction":[{"@type":"ReadAction","target":["https:\/\/www.estrategiaconcursos.com.br\/blog\/edital-camara-dos-deputados-publicado-2017\/"]}]},{"@type":"ImageObject","inLanguage":"pt-BR","@id":"https:\/\/www.estrategiaconcursos.com.br\/blog\/edital-camara-dos-deputados-publicado-2017\/#primaryimage","url":"https:\/\/dhg1h5j42swfq.cloudfront.net\/2016\/12\/29072705\/Adinoel-camara-dos-deputados-2012-quadro-de-provas.jpg.jpg","contentUrl":"https:\/\/dhg1h5j42swfq.cloudfront.net\/2016\/12\/29072705\/Adinoel-camara-dos-deputados-2012-quadro-de-provas.jpg.jpg","width":1171,"height":270},{"@type":"BreadcrumbList","@id":"https:\/\/www.estrategiaconcursos.com.br\/blog\/edital-camara-dos-deputados-publicado-2017\/#breadcrumb","itemListElement":[{"@type":"ListItem","position":1,"name":"In\u00edcio","item":"https:\/\/www.estrategiaconcursos.com.br\/blog\/"},{"@type":"ListItem","position":2,"name":"Edital C\u00e2mara dos Deputados &#8211; confira a an\u00e1lise dos cargos autorizados"}]},{"@type":"WebSite","@id":"https:\/\/www.estrategiaconcursos.com.br\/blog\/#website","url":"https:\/\/www.estrategiaconcursos.com.br\/blog\/","name":"Estrat\u00e9gia Concursos","description":"O blog da Estrat\u00e9gia Concursos traz not\u00edcias sobre concursos e artigos de professores oferecendo cursos para concursos (pdf + videaulas) no site.","publisher":{"@id":"https:\/\/www.estrategiaconcursos.com.br\/blog\/#organization"},"potentialAction":[{"@type":"SearchAction","target":{"@type":"EntryPoint","urlTemplate":"https:\/\/www.estrategiaconcursos.com.br\/blog\/?s={search_term_string}"},"query-input":{"@type":"PropertyValueSpecification","valueRequired":true,"valueName":"search_term_string"}}],"inLanguage":"pt-BR"},{"@type":"Organization","@id":"https:\/\/www.estrategiaconcursos.com.br\/blog\/#organization","name":"Estrat\u00e9gia Concursos","url":"https:\/\/www.estrategiaconcursos.com.br\/blog\/","logo":{"@type":"ImageObject","inLanguage":"pt-BR","@id":"https:\/\/www.estrategiaconcursos.com.br\/blog\/#\/schema\/logo\/image\/","url":"https:\/\/dhg1h5j42swfq.cloudfront.net\/2025\/06\/03203428\/logo_concursos-1.jpg","contentUrl":"https:\/\/dhg1h5j42swfq.cloudfront.net\/2025\/06\/03203428\/logo_concursos-1.jpg","width":230,"height":60,"caption":"Estrat\u00e9gia Concursos"},"image":{"@id":"https:\/\/www.estrategiaconcursos.com.br\/blog\/#\/schema\/logo\/image\/"},"sameAs":["https:\/\/x.com\/EstratConcursos"]},{"@type":"Person","@id":"https:\/\/www.estrategiaconcursos.com.br\/blog\/#\/schema\/person\/cdad40b5818eb228a838461fcd656da7","name":"Coordena\u00e7\u00e3o","image":{"@type":"ImageObject","inLanguage":"pt-BR","@id":"https:\/\/secure.gravatar.com\/avatar\/a413b22da0f5009c634f6c4586a2dbe5207074fd5becd88db5183b8069ef25e4?s=96&d=mm&r=g","url":"https:\/\/secure.gravatar.com\/avatar\/a413b22da0f5009c634f6c4586a2dbe5207074fd5becd88db5183b8069ef25e4?s=96&d=mm&r=g","contentUrl":"https:\/\/secure.gravatar.com\/avatar\/a413b22da0f5009c634f6c4586a2dbe5207074fd5becd88db5183b8069ef25e4?s=96&d=mm&r=g","caption":"Coordena\u00e7\u00e3o"},"url":"https:\/\/www.estrategiaconcursos.com.br\/blog\/author\/contatoestrategiaconcursos-com-br\/"}]}},"_links":{"self":[{"href":"https:\/\/www.estrategiaconcursos.com.br\/blog\/wp-json\/wp\/v2\/posts\/59658","targetHints":{"allow":["GET"]}}],"collection":[{"href":"https:\/\/www.estrategiaconcursos.com.br\/blog\/wp-json\/wp\/v2\/posts"}],"about":[{"href":"https:\/\/www.estrategiaconcursos.com.br\/blog\/wp-json\/wp\/v2\/types\/post"}],"author":[{"embeddable":true,"href":"https:\/\/www.estrategiaconcursos.com.br\/blog\/wp-json\/wp\/v2\/users\/48"}],"replies":[{"embeddable":true,"href":"https:\/\/www.estrategiaconcursos.com.br\/blog\/wp-json\/wp\/v2\/comments?post=59658"}],"version-history":[{"count":8,"href":"https:\/\/www.estrategiaconcursos.com.br\/blog\/wp-json\/wp\/v2\/posts\/59658\/revisions"}],"predecessor-version":[{"id":1198375,"href":"https:\/\/www.estrategiaconcursos.com.br\/blog\/wp-json\/wp\/v2\/posts\/59658\/revisions\/1198375"}],"wp:attachment":[{"href":"https:\/\/www.estrategiaconcursos.com.br\/blog\/wp-json\/wp\/v2\/media?parent=59658"}],"wp:term":[{"taxonomy":"category","embeddable":true,"href":"https:\/\/www.estrategiaconcursos.com.br\/blog\/wp-json\/wp\/v2\/categories?post=59658"},{"taxonomy":"post_tag","embeddable":true,"href":"https:\/\/www.estrategiaconcursos.com.br\/blog\/wp-json\/wp\/v2\/tags?post=59658"},{"taxonomy":"tax_estado","embeddable":true,"href":"https:\/\/www.estrategiaconcursos.com.br\/blog\/wp-json\/wp\/v2\/tax_estado?post=59658"}],"curies":[{"name":"wp","href":"https:\/\/api.w.org\/{rel}","templated":true}]}}