{"id":596090,"date":"2020-11-03T14:04:00","date_gmt":"2020-11-03T17:04:00","guid":{"rendered":"https:\/\/www.estrategiaconcursos.com.br\/blog\/?p=596090"},"modified":"2020-11-03T03:19:53","modified_gmt":"2020-11-03T06:19:53","slug":"organizacao-do-estado","status":"publish","type":"post","link":"https:\/\/www.estrategiaconcursos.com.br\/blog\/organizacao-do-estado\/","title":{"rendered":"Organiza\u00e7\u00e3o do Estado na Constitui\u00e7\u00e3o Federal \u2013 resumo \u2013 parte 1"},"content":{"rendered":"\n<p>Ol\u00e1, pessoal. Tudo certo? Neste artigo trataremos sobre a Organiza\u00e7\u00e3o do Estado. Devido \u00e0 extens\u00e3o do tema, o artigo ser\u00e1 divido em duas partes, combinado?<\/p>\n\n\n\n<p>Vamos l\u00e1.<\/p>\n\n\n\n<h2 class=\"wp-block-heading\">Estado e Federa\u00e7\u00e3o<\/h2>\n\n\n\n<p>Para se compreender a organiza\u00e7\u00e3o do Estado se faz necess\u00e1rio entender algumas defini\u00e7\u00f5es a priori.<\/p>\n\n\n\n<p>O <span class=\"has-inline-color has-vivid-cyan-blue-color\"><strong>Estado<\/strong> <\/span>\u00e9 a <strong>na\u00e7\u00e3o politicamente organizada<\/strong>, enquanto a <span class=\"has-inline-color has-vivid-green-cyan-color\"><strong>Na\u00e7\u00e3o<\/strong> <\/span>trata-se da uni\u00e3o em comunidade, assim podemos entender que este \u00e9 conceito <span class=\"has-inline-color has-vivid-green-cyan-color\"><strong>sociol\u00f3gico<\/strong> <\/span>(e para o direito pouco diz!), enquanto aquele, <span class=\"has-inline-color has-vivid-cyan-blue-color\"><strong>jur\u00eddico<\/strong> <\/span>(que \u00e9 o que nos interessa).<\/p>\n\n\n\n<p>Dito isso, temos como <strong><span class=\"has-inline-color has-vivid-cyan-blue-color\">elementos constitutivos do Estado<\/span><\/strong>, os seguintes:<\/p>\n\n\n\n<ul class=\"wp-block-list\"><li><strong><span class=\"has-inline-color has-vivid-purple-color\">Territ\u00f3rio<\/span><\/strong>: limites do poder do estado &#8211; <strong><span class=\"has-inline-color has-luminous-vivid-amber-color\">Dimens\u00e3o f\u00edsica<\/span><\/strong><\/li><li><strong><span class=\"has-inline-color has-vivid-purple-color\">Povo<\/span><\/strong>: nacionais daquele Estado &#8211; <strong><span class=\"has-inline-color has-luminous-vivid-amber-color\">Dimens\u00e3o pessoal<\/span><\/strong><\/li><li><strong><span class=\"has-inline-color has-vivid-purple-color\">Governo soberano<\/span><span class=\"has-inline-color has-vivid-red-color\">*<\/span><\/strong>:<strong> <\/strong>Autoridade\/poder que n\u00e3o se sujeita a qualquer outra, ou seja, poder uno, indivis\u00edvel, inalien\u00e1vel e imprescrit\u00edvel &#8211; <strong><span class=\"has-inline-color has-luminous-vivid-amber-color\">Dimens\u00e3o pol\u00edtica<\/span><\/strong><\/li><\/ul>\n\n\n\n<p><span class=\"has-inline-color has-vivid-red-color\">*<\/span>Ainda que o governo seja soberano, a titularidade desse poder \u00e9 do povo, n\u00e3o se esque\u00e7a:<\/p>\n\n\n\n<p><strong><em>Art. 1\u00ba \u00a7u &#8211; \u201cTodo o poder emana do povo<\/em><\/strong><em>, que o exerce por meio de representantes eleitos ou diretamente, nos termos desta Constitui\u00e7\u00e3o.\u201d<\/em><\/p>\n\n\n\n<p>O Brasil adotou como <strong><span class=\"has-inline-color has-vivid-cyan-blue-color\">Forma de Estado a Federa\u00e7\u00e3o<\/span><\/strong>, nesse tipo de Estado existe uma grande descentraliza\u00e7\u00e3o, existindo pessoas jur\u00eddicas <strong>aut\u00f4nomas politicamente<\/strong>. Podemos compreender como consequ\u00eancia da autonomia pol\u00edtica, as seguintes:<\/p>\n\n\n\n<ul class=\"wp-block-list\"><li><strong><span class=\"has-inline-color has-vivid-purple-color\">Auto-organiza\u00e7\u00e3o<\/span><\/strong>: entes criam suas pr\u00f3prias constitui\u00e7\u00f5es Ex: Constitui\u00e7\u00f5es Estaduais<\/li><li><strong><span class=\"has-inline-color has-vivid-purple-color\">Autolegisla\u00e7\u00e3o<\/span><\/strong>: entes criam suas leis, ainda que haja normas gerais nacionais sobre o processo<\/li><li><strong><span class=\"has-inline-color has-vivid-purple-color\">Autoadministra\u00e7\u00e3o<\/span>: <\/strong>os entes t\u00eam capacidade de autoadministra\u00e7\u00e3o<\/li><li><strong><span class=\"has-inline-color has-vivid-purple-color\">Autogoverno<\/span>: <\/strong>entes escolhem ser governantes<\/li><\/ul>\n\n\n\n<p><span class=\"has-inline-color has-cyan-bluish-gray-color\"><strong>Bizu:<\/strong> <\/span><strong>F<\/strong>orma de <strong>E<\/strong>stado -&gt; <strong>Fe<\/strong>dera\u00e7\u00e3o<\/p>\n\n\n\n<p>Importante! N\u00e3o podemos confundir Federa\u00e7\u00e3o com Confedera\u00e7\u00e3o, para isso apresento um esquema dos professores Ricardo Vale e N\u00e1dia Carolina.<\/p>\n\n\n\n<div class=\"wp-block-image\"><figure class=\"aligncenter size-large\"><img loading=\"lazy\" decoding=\"async\" width=\"709\" height=\"212\" src=\"https:\/\/dhg1h5j42swfq.cloudfront.net\/2020\/10\/24101827\/image-268.png\" alt=\"Organiza\u00e7\u00e3o do estado\" class=\"wp-image-596093\" srcset=\"https:\/\/dhg1h5j42swfq.cloudfront.net\/2020\/10\/24101827\/image-268.png 709w, https:\/\/dhg1h5j42swfq.cloudfront.net\/2020\/10\/24101827\/image-268-300x90.png 300w, https:\/\/dhg1h5j42swfq.cloudfront.net\/2020\/10\/24101827\/image-268-610x182.png 610w\" sizes=\"auto, (max-width: 709px) 100vw, 709px\" \/><figcaption>Federa\u00e7\u00e3o X Confedera\u00e7\u00e3o<\/figcaption><\/figure><\/div>\n\n\n\n<p>Para esses e outros n\u00e3o deixem de conferir nossos cursos.<\/p>\n\n\n\n<p class=\"has-text-align-center\"><a href=\"https:\/\/www.estrategiaconcursos.com.br\/pesquisa\/?q=Direito+Constitucional+\" data-type=\"URL\" data-id=\"https:\/\/www.estrategiaconcursos.com.br\/pesquisa\/?q=Direito+Constitucional+\">Direito Civil \u2013 Organiza\u00e7\u00e3o do Estado<\/a><\/p>\n\n\n\n<h2 class=\"wp-block-heading\">A Federa\u00e7\u00e3o Brasileira<\/h2>\n\n\n\n<p>Superada essa parte te\u00f3rica inicial, vamos adentrar na Constitui\u00e7\u00e3o. Primeira informa\u00e7\u00e3o importante \u00e9 dizer que temos quatro entes federativos (Uni\u00e3o, Estados, Distrito Federal e Munic\u00edpios), <strong>todos esses aut\u00f4nomos<\/strong>, por\u00e9m <strong>apenas a Rep\u00fablica Federativa do Brasil \u00e9 de fato soberana<em>.<\/em><\/strong><\/p>\n\n\n\n<p><em>Art. 18. A organiza\u00e7\u00e3o pol\u00edtico-administrativa da <strong><span class=\"has-inline-color has-vivid-cyan-blue-color\">Rep\u00fablica Federativa do Brasil<\/span> compreende<\/strong> a <strong><span class=\"has-inline-color has-vivid-green-cyan-color\">Uni\u00e3o<\/span><\/strong>, os <strong><span class=\"has-inline-color has-vivid-green-cyan-color\">Estados<\/span><\/strong>, o <span class=\"has-inline-color has-vivid-green-cyan-color\"><strong>Distrito Federal<\/strong> <\/span>e os <strong><span class=\"has-inline-color has-vivid-green-cyan-color\">Munic\u00edpios<\/span><\/strong>, <strong>todos <span class=\"has-inline-color has-vivid-red-color\">aut\u00f4nomos<\/span><\/strong>, nos termos desta Constitui\u00e7\u00e3o<\/em><\/p>\n\n\n\n<p>Temos como capital federal Bras\u00edlia e ainda que costumeiramente sejam tratados como sin\u00f4nimos, para n\u00edvel de concurso, n<span style=\"text-decoration: underline\">\u00e3o est\u00e1 correto afirmar que Bras\u00edlia e Distrito Federal s\u00e3o sin\u00f4nimos<\/span>. &nbsp;<\/p>\n\n\n\n<p><em>Art. 18, \u00a7 1\u00ba <strong>Bras\u00edlia<\/strong> \u00e9 a <span class=\"has-inline-color has-vivid-green-cyan-color\"><strong>Capital<\/strong> <\/span>Federal.<\/em><\/p>\n\n\n\n<p>Atente-se que os territ\u00f3rios federais integram a Uni\u00e3o, ou seja, eles n\u00e3o s\u00e3o aut\u00f4nomos.<\/p>\n\n\n\n<p><em>Art. 18, \u00a7 2\u00ba Os <span class=\"has-inline-color has-vivid-green-cyan-color\"><strong>Territ\u00f3rios Federais<\/strong> <\/span><strong>integram a Uni\u00e3o<\/strong>, e sua cria\u00e7\u00e3o, transforma\u00e7\u00e3o em Estado ou reintegra\u00e7\u00e3o ao Estado de origem ser\u00e3o reguladas em <strong><span class=\"has-inline-color has-vivid-red-color\">lei complementar<\/span><\/strong>.<\/em><\/p>\n\n\n\n<h2 class=\"wp-block-heading\">Altera\u00e7\u00f5es na estrutura da federa\u00e7\u00e3o<\/h2>\n\n\n\n<p>A forma federativa \u00e9 uma cl\u00e1usula p\u00e9trea para nossa Constitui\u00e7\u00e3o, entretendo essa regra n\u00e3o impede que seja realizada altera\u00e7\u00f5es na estrutura da federa\u00e7\u00e3o, assim vejamos as poss\u00edveis <strong><span class=\"has-inline-color has-vivid-cyan-blue-color\">Reorganiza\u00e7\u00f5es do espa\u00e7o territorial<\/span><\/strong><\/p>\n\n\n\n<ul class=\"wp-block-list\"><li><strong><span class=\"has-inline-color has-vivid-green-cyan-color\">Cis\u00e3o <\/span>(Subdivis\u00e3o)<\/strong>: \u2013 ente A subdivide em dois novos entes: <strong><span class=\"has-inline-color has-vivid-purple-color\">A -&gt; B e C<\/span><\/strong><\/li><li><strong><span class=\"has-inline-color has-vivid-green-cyan-color\">Desmembramento-forma\u00e7\u00e3o<\/span><\/strong> &#8211; Parte do ente se desmembra formando um novo ente: <strong><span class=\"has-inline-color has-vivid-purple-color\">A -&gt; \u201cA -B\u201d e \u201cB\u201d<\/span><\/strong><\/li><li><strong><span class=\"has-inline-color has-vivid-green-cyan-color\">Desmembramento-anexa\u00e7\u00e3o<\/span><\/strong> &#8211; Parte do ente se desmembra, por\u00e9m se anexa \u00e0 outro existente. <strong><span class=\"has-inline-color has-vivid-purple-color\">A e C -&gt; A-B e C+B<\/span><\/strong><\/li><li><strong><span class=\"has-inline-color has-vivid-green-cyan-color\">Fus\u00e3o <\/span><\/strong>&#8211; Dois ou mais entes formam um ente novo: <strong><span class=\"has-inline-color has-vivid-purple-color\">A + B -&gt; C<\/span><\/strong><\/li><li><strong><span class=\"has-inline-color has-vivid-green-cyan-color\">Incorpora\u00e7\u00e3o <\/span><\/strong>&#8211; ente B incorpora outro ente, este deixa de existir: <strong><span class=\"has-inline-color has-vivid-purple-color\">A e B -&gt; B (+A)<\/span><\/strong><\/li><\/ul>\n\n\n\n<h3 class=\"wp-block-heading\">Forma\u00e7\u00e3o dos Estados:<\/h3>\n\n\n\n<p>Vejamos agora a forma\u00e7\u00e3o de novos Estados.<\/p>\n\n\n\n<p><em>Art. 18, \u00a7 3\u00ba Os <\/em><strong><span class=\"has-inline-color has-vivid-cyan-blue-color\"><em>Estados<\/em><\/span><\/strong><em><span class=\"has-inline-color has-vivid-cyan-blue-color\"> <\/span>podem <\/em><strong><em><span class=\"has-inline-color has-vivid-green-cyan-color\">incorporar<\/span><\/em><\/strong><em>-se entre si, <\/em><strong><em><span class=\"has-inline-color has-vivid-green-cyan-color\">subdividir<\/span><\/em><\/strong><em>-se ou <\/em><strong><em><span class=\"has-inline-color has-vivid-green-cyan-color\">desmembrar<\/span><\/em><\/strong><em>-se para se <\/em><strong><span class=\"has-inline-color has-vivid-green-cyan-color\"><em>anexarem<\/em><\/span><\/strong><em><span class=\"has-inline-color has-vivid-green-cyan-color\"> <\/span>a outros, ou<span class=\"has-inline-color has-vivid-green-cyan-color\"> <\/span><\/em><strong><span class=\"has-inline-color has-vivid-green-cyan-color\"><em>formarem <\/em><\/span><\/strong><em><span class=\"has-inline-color has-black-color\">novos <\/span>Estados ou Territ\u00f3rios Federais, <span style=\"text-decoration: underline\">mediante aprova\u00e7\u00e3o da popula\u00e7\u00e3o diretamente interessada, atrav\u00e9s de plebiscito, e do Congresso Nacional, por lei complementar.<\/span><\/em><\/p>\n\n\n\n<p>Para que seja poss\u00edvel essa forma\u00e7\u00e3o, \u00e9 necess\u00e1rio respeitar os seguintes <strong><span class=\"has-inline-color has-vivid-cyan-blue-color\">requisitos<\/span><\/strong>:<\/p>\n\n\n\n<ul class=\"wp-block-list\"><li><strong>Plebiscito:<\/strong> consulta pr\u00e9via para a popula\u00e7\u00e3o diretamente interessada<\/li><li><strong>Oitiva das Assembleias Legislativas<\/strong> (CF, Art. 48, VI)<\/li><li>Edi\u00e7\u00e3o da <strong>LC Federal<\/strong>&nbsp;pelo CN<\/li><\/ul>\n\n\n\n<h3 class=\"wp-block-heading\">Forma\u00e7\u00e3o dos Munic\u00edpios:<\/h3>\n\n\n\n<p>J\u00e1 a forma\u00e7\u00e3o dos Munic\u00edpios est\u00e1 disciplinada no par\u00e1grafo quarto.<\/p>\n\n\n\n<p><em>Art. 18, \u00a7 4\u00ba A <\/em><strong><em><span class=\"has-inline-color has-vivid-green-cyan-color\">cria\u00e7\u00e3o<\/span><\/em><\/strong><em>, a <\/em><strong><em><span class=\"has-inline-color has-vivid-green-cyan-color\">incorpora\u00e7\u00e3o<\/span><\/em><\/strong><em>, a <\/em><strong><span class=\"has-inline-color has-vivid-green-cyan-color\"><em>fus\u00e3o<\/em><\/span><\/strong><em><span class=\"has-inline-color has-vivid-green-cyan-color\"> <\/span>e o <\/em><strong><span class=\"has-inline-color has-vivid-green-cyan-color\"><em>desmembramento<\/em><\/span><\/strong><em><span class=\"has-inline-color has-vivid-green-cyan-color\"> <\/span>de <\/em><strong><em><span class=\"has-inline-color has-vivid-cyan-blue-color\">Munic\u00edpios<\/span><\/em><\/strong><em>, far-se-\u00e3o por l<span style=\"text-decoration: underline\">ei estadual, dentro do per\u00edodo determinado por Lei Complementar Federal<\/span>, e depender\u00e3o de <span style=\"text-decoration: underline\">consulta pr\u00e9via, mediante plebiscito, \u00e0s popula\u00e7\u00f5es dos Munic\u00edpios envolvidos, ap\u00f3s divulga\u00e7\u00e3o dos Estudos de Viabilidade Municipal<\/span>, apresentados e publicados na forma da lei<\/em><\/p>\n\n\n\n<p>Assim como para a forma\u00e7\u00e3o de Estados, a forma\u00e7\u00e3o de Munic\u00edpios tamb\u00e9m deve respeitar alguns <strong><span class=\"has-inline-color has-vivid-cyan-blue-color\">requisitos<\/span><\/strong>:<\/p>\n\n\n\n<ul class=\"wp-block-list\"><li>Edi\u00e7\u00e3o de <strong>LC&nbsp;Federal<\/strong> para regular o per\u00edodo<em><span class=\"has-inline-color has-vivid-purple-color\"> -&gt; At\u00e9 hoje a LC n\u00e3o foi editada.<\/span><\/em><\/li><li>Aprova\u00e7\u00e3o<strong> LO Federal<\/strong>&nbsp;para <strong>regular<\/strong> como realizar o <strong>estudo<\/strong> de viabilidade.<\/li><li>Realiza\u00e7\u00e3o e divulga\u00e7\u00e3o dos <strong>Estudos de Viabilidade Municipal<\/strong>.<\/li><li><strong>Plebiscito<\/strong>: consulta pr\u00e9via para a popula\u00e7\u00e3o diretamente interessada<\/li><li><strong>LO Estadual<\/strong>&nbsp;para instituir a cria\u00e7\u00e3o, incorpora\u00e7\u00e3o, etc.<\/li><\/ul>\n\n\n\n<h2 class=\"wp-block-heading\">Veda\u00e7\u00f5es Federativas<\/h2>\n\n\n\n<p>A Constitui\u00e7\u00e3o trouxe algumas veda\u00e7\u00f5es aos entes federados, com a finalidade de tornar mais harmoniosa suas intera\u00e7\u00f5es e garantir a igualdade entre os cidad\u00e3os.<\/p>\n\n\n\n<p>Essas veda\u00e7\u00f5es s\u00e3o bem tranquilas e costumam ser cobradas em sua literalidade, vejamos.<\/p>\n\n\n\n<p><em>Art. 19. \u00c9 <span class=\"has-inline-color has-vivid-cyan-blue-color\"><strong>vedado<\/strong> <\/span>\u00e0 Uni\u00e3o, aos Estados, ao Distrito Federal e aos Munic\u00edpios:<\/em><\/p>\n\n\n\n<ul class=\"wp-block-list\"><li><span><span class=\"has-inline-color has-vivid-green-cyan-color\"><b>Veda\u00e7\u00e3o de cunho religioso<\/b><\/span><\/span><\/li><\/ul>\n\n\n\n<p>Trata-se de uma forma de prote\u00e7\u00e3o ao pr\u00f3prio direito de liberdade religiosa, uma vez que o Estado n\u00e3o poder\u00e1 ter religi\u00e3o oficial, ou seja, o <strong>Estado deve ser laico.<\/strong><\/p>\n\n\n\n<p><em>I &#8211; <strong>estabelecer cultos religiosos ou igrejas, subvencion\u00e1-los<\/strong>, embara\u00e7ar-lhes o funcionamento ou <strong>manter com eles ou seus representantes rela\u00e7\u00f5es de depend\u00eancia ou alian\u00e7a<\/strong>, <strong>ressalvada<\/strong>, na forma da lei, a colabora\u00e7\u00e3o de interesse p\u00fablico;<\/em><\/p>\n\n\n\n<ul class=\"wp-block-list\"><li><strong><span class=\"has-inline-color has-vivid-green-cyan-color\">Recusar f\u00e9 documentos p\u00fablicos<\/span><\/strong><\/li><\/ul>\n\n\n\n<p>Assim, um ente n\u00e3o pode recusar um documento \u201cleg\u00edtimo\u201d de outro ente.<\/p>\n\n\n\n<p><em>II &#8211; <strong>recusar f\u00e9 aos documentos p\u00fablicos<\/strong>;<\/em><\/p>\n\n\n\n<ul class=\"wp-block-list\"><li><strong><span class=\"has-inline-color has-vivid-green-cyan-color\">Veda\u00e7\u00e3o a distin\u00e7\u00e3o entre brasileiros<\/span><\/strong><\/li><\/ul>\n\n\n\n<p>Trata-se do Princ\u00edpio da isonomia federativa, logo n\u00e3o poderia um concurso p\u00fablico em SP exclusivo para paulistas, por exemplo.<\/p>\n\n\n\n<p><em>III &#8211; <strong>criar distin\u00e7\u00f5es entre brasileiros<\/strong> ou prefer\u00eancias entre si.<\/em><\/p>\n\n\n\n<h2 class=\"wp-block-heading\">Bens P\u00fablicos<\/h2>\n\n\n\n<p>Os bens p\u00fablicos est\u00e3o disciplinados principalmente nos artigos 20 (bens da Uni\u00e3o) e 26 (bens do Estado).<\/p>\n\n\n\n<p>Primeira observa\u00e7\u00e3o a ser feita \u00e9 que o <strong>rol dos bens da Uni\u00e3o \u00e9 n\u00e3o taxativo<\/strong>, afinal s\u00e3o bens da Uni\u00e3o os que atualmente lhe pertencem e os que lhe vierem a ser atribu\u00eddos (Art. 20, I). Assim, vejamos de forma esquematiza os bens de cada ente federativo.<\/p>\n\n\n\n<ul class=\"wp-block-list\"><li><strong><span class=\"has-inline-color has-vivid-cyan-blue-color\">Terras devolutas:<\/span><\/strong> S\u00e3o terras devolutas as terras p\u00fablicas sem destina\u00e7\u00e3o e que n\u00e3o perten\u00e7am a particulares<\/li><\/ul>\n\n\n\n<p><span class=\"has-inline-color has-vivid-green-cyan-color\"><strong>Regra<\/strong> <\/span>-&gt; <strong>Estado<\/strong> (Art. 26, IV):<\/p>\n\n\n\n<p><span class=\"has-inline-color has-vivid-green-cyan-color\"><strong>Exce\u00e7\u00e3o<\/strong> <\/span>-&gt; <strong>Uni\u00e3o<\/strong> (Art. 20, II): quando indispens\u00e1veis \u00e0 defesa das fronteiras, das fortifica\u00e7\u00f5es e constru\u00e7\u00f5es militares, das vias federais de comunica\u00e7\u00e3o e \u00e0 preserva\u00e7\u00e3o ambiental, definidas em lei;<\/p>\n\n\n\n<ul class=\"wp-block-list\"><li><strong><span class=\"has-inline-color has-vivid-cyan-blue-color\">Lagos, rios e quais \u00e1guas correntes<\/span><\/strong><\/li><\/ul>\n\n\n\n<p><span class=\"has-inline-color has-vivid-green-cyan-color\"><strong>Regra<\/strong> <\/span>-&gt; <strong>Estado<\/strong> (Art. 26, I):<\/p>\n\n\n\n<p><span class=\"has-inline-color has-vivid-green-cyan-color\"><strong>Exce\u00e7\u00e3o<\/strong> <\/span>-&gt; <strong>Uni\u00e3o<\/strong> (Art. 20, III): banhem mais de um Estado, sirvam de limites com outros pa\u00edses, ou se estendam a territ\u00f3rio estrangeiro ou dele provenham, bem como os terrenos marginais e as praias fluviais.<\/p>\n\n\n\n<ul class=\"wp-block-list\"><li><strong><span class=\"has-inline-color has-vivid-cyan-blue-color\">Ilhas fluviais e lacustres<\/span><\/strong><\/li><\/ul>\n\n\n\n<p><span class=\"has-inline-color has-vivid-green-cyan-color\"><strong>Regra<\/strong> <\/span>-&gt; <strong>Estado<\/strong> (Art. 26, III):<\/p>\n\n\n\n<p><span class=\"has-inline-color has-vivid-green-cyan-color\"><strong>Exce\u00e7\u00e3o<\/strong> <\/span>-&gt; <strong>Uni\u00e3o<\/strong> (Art. 20, II): nas zonas lim\u00edtrofes com outros pa\u00edses<\/p>\n\n\n\n<ul class=\"wp-block-list\"><li><strong><span class=\"has-inline-color has-vivid-cyan-blue-color\">\u00c1guas superficiais ou subterr\u00e2neas, fluentes, emergentes e em dep\u00f3sito<\/span><\/strong><\/li><\/ul>\n\n\n\n<p><span class=\"has-inline-color has-vivid-green-cyan-color\"><strong>Regra<\/strong> <\/span>-&gt; <strong>Estado<\/strong> (Art. 26, I):<\/p>\n\n\n\n<p><span class=\"has-inline-color has-vivid-green-cyan-color\"><strong>Exce\u00e7\u00e3o<\/strong> <\/span>-&gt; <strong>Uni\u00e3o<\/strong> (Art. 20, I): nas zonas lim\u00edtrofes com outros pa\u00edses<\/p>\n\n\n\n<ul class=\"wp-block-list\"><li><strong><span class=\"has-inline-color has-vivid-cyan-blue-color\">Ilhas oce\u00e2nicas e as costeiras<\/span><\/strong><\/li><\/ul>\n\n\n\n<p><span class=\"has-inline-color has-vivid-green-cyan-color\"><strong>Regra<\/strong> <\/span>-&gt; <strong>Estado<\/strong> (Art. 26, II):<\/p>\n\n\n\n<p><span class=\"has-inline-color has-vivid-green-cyan-color\"><strong>Exce\u00e7\u00e3o<\/strong> <\/span>-&gt; <strong>Munic\u00edpio<\/strong> (Art. 20, IV): No caso de ser sede do Munic\u00edpio<\/p>\n\n\n\n<p><strong><span class=\"has-inline-color has-vivid-green-cyan-color\">Exce\u00e7\u00e3o <\/span><\/strong>-&gt; <strong>Uni\u00e3o<\/strong> (Art. 20, IV): \u00e1reas afetadas ao servi\u00e7o p\u00fablico e a unidade ambiental federal<\/p>\n\n\n\n<h3 class=\"wp-block-heading\">Bens da Uni\u00e3o<\/h3>\n\n\n\n<p>Como \u00e9 de se esperar, a Uni\u00e3o concentra alguns bens de forma exclusiva, assim vejamos:<\/p>\n\n\n\n<p><em>&nbsp;Art. 20. <strong><span class=\"has-inline-color has-vivid-cyan-blue-color\">S\u00e3o bens da Uni\u00e3o<\/span><\/strong>:<\/em><\/p>\n\n\n\n<p><em>V &#8211; os recursos naturais da <strong>plataforma continental<\/strong> e da <strong>zona econ\u00f4mica exclusiva<\/strong>;<\/em><\/p>\n\n\n\n<p><em>VI &#8211; o <strong>mar territorial<\/strong>;<\/em><\/p>\n\n\n\n<p><em>VII &#8211; os <strong>terrenos de marinha<\/strong> e seus acrescidos;<\/em><\/p>\n\n\n\n<p><em>VIII &#8211; os <strong>potenciais de energia hidr\u00e1ulica<\/strong>;<\/em><\/p>\n\n\n\n<p><em>IX &#8211; os <strong>recursos minerais<\/strong>, inclusive os do subsolo;<\/em><\/p>\n\n\n\n<p><em>X &#8211; as <strong>cavidades naturais subterr\u00e2neas<\/strong> e os <strong>s\u00edtios arqueol\u00f3gicos<\/strong> e pr\u00e9-hist\u00f3ricos;<\/em><\/p>\n\n\n\n<p><em>XI &#8211; as <strong>terras<\/strong> tradicionalmente ocupadas pelos <strong>\u00edndios<\/strong>.<\/em><\/p>\n\n\n\n<p>Fica como dica para melhor compreens\u00e3o do assunto o v\u00eddeo do professor Ricardo Vale.<\/p>\n\n\n\n<p class=\"has-text-align-center\"><a href=\"https:\/\/www.youtube.com\/watch?v=W29USLUuc9c&amp;ab_channel=Estrat%C3%A9giaConcursos\" data-type=\"URL\" data-id=\"https:\/\/www.youtube.com\/watch?v=W29USLUuc9c&amp;ab_channel=Estrat%C3%A9giaConcursos\">Direito Constitucional &#8211; Bens da Uni\u00e3o<\/a><\/p>\n\n\n<figure class=\"wp-block-embed-youtube wp-block-embed is-type-video is-provider-youtube wp-embed-aspect-16-9 wp-has-aspect-ratio\"><div class=\"lyte-wrapper\" style=\"width:853px;max-width:100%;margin:5px;\"><div class=\"lyMe\" id=\"WYL_W29USLUuc9c\"><div id=\"lyte_W29USLUuc9c\" data-src=\"\/\/i.ytimg.com\/vi\/W29USLUuc9c\/hqdefault.jpg\" class=\"pL\"><div class=\"tC\"><div class=\"tT\"><\/div><\/div><div class=\"play\"><\/div><div class=\"ctrl\"><div class=\"Lctrl\"><\/div><div class=\"Rctrl\"><\/div><\/div><\/div><noscript><a href=\"https:\/\/youtu.be\/W29USLUuc9c\" rel=\"nofollow\"><img loading=\"lazy\" decoding=\"async\" src=\"https:\/\/i.ytimg.com\/vi\/W29USLUuc9c\/0.jpg\" alt=\"YouTube video thumbnail\" width=\"853\" height=\"460\" \/><br \/>Assista a este v\u00eddeo no YouTube<\/a><\/noscript><\/div><\/div><div class=\"lL\" style=\"max-width:100%;width:853px;margin:5px;\"><\/div><figcaption><\/figcaption><\/figure>\n\n\n<h2 class=\"wp-block-heading\">Considera\u00e7\u00f5es Finais<\/h2>\n\n\n\n<p>Chegamos ao final do artigo sobre a organiza\u00e7\u00e3o dos estados, espero que tenham gostado. Saliento que os resumos n\u00e3o t\u00eam por objetivo substituir as aulas, pois essas s\u00e3o muito mais aprofundadas, abordando aspectos al\u00e9m da literalidade, como doutrina e jurisprud\u00eancia.<\/p>\n\n\n\n<p>No pr\u00f3ximo artigo veremos sobre a reparti\u00e7\u00e3o de compet\u00eancias nesse contexto de organiza\u00e7\u00e3o dos estados.<\/p>\n\n\n\n<p>At\u00e9 mais e bons estudos!<\/p>\n\n\n\n<p class=\"has-text-align-center\"><em><strong>Assinatura Anual Ilimitada*<\/strong><\/em><\/p>\n\n\n\n<p class=\"has-text-align-center\"><em>Prepare-se com o melhor material e com quem mais aprova em Concursos P\u00fablicos em todo o pa\u00eds. Assine agora a nossa Assinatura Anual e tenha acesso ilimitado* a todos os nossos cursos.<\/em><\/p>\n\n\n\n<p class=\"has-text-align-center has-light-green-cyan-background-color has-background\"><strong>ASSINE AGORA<\/strong>&nbsp;\u2013&nbsp;<strong><a rel=\"noreferrer noopener\" href=\"https:\/\/www.estrategiaconcursos.com.br\/assinaturas\" target=\"_blank\">Assinatura Ilimitada<\/a><\/strong><\/p>\n\n\n\n<p class=\"has-text-align-center\"><strong><em><strong>Sistema de Quest\u00f5es<\/strong><\/em><\/strong><\/p>\n\n\n\n<p class=\"has-text-align-center\"><em>Estrat\u00e9gia Quest\u00f5es nasceu maior do que todos os concorrentes, com mais quest\u00f5es cadastradas e mais solu\u00e7\u00f5es por professores. Ent\u00e3o, confira e aproveite os descontos e b\u00f4nus imperd\u00edveis!<\/em><\/p>\n\n\n\n<p class=\"has-text-align-center has-vivid-green-cyan-background-color has-background\"><strong>ASSINE AGORA \u2013&nbsp;<a rel=\"noreferrer noopener\" href=\"https:\/\/www.estrategiaconcursos.com.br\/cursosPorConcurso\/sistema-de-questoes\/#\/\" target=\"_blank\">Sistema de Quest\u00f5es<\/a><\/strong><\/p>\n\n\n\n<p class=\"has-text-align-center\"><strong><em>Fique por dentro dos concursos em aberto<\/em><\/strong><\/p>\n\n\n\n<p class=\"has-text-align-center has-pale-cyan-blue-background-color has-background\"><a rel=\"noreferrer noopener\" href=\"https:\/\/www.estrategiaconcursos.com.br\/blog\/concursos-abertos\/\" target=\"_blank\"><strong>CONCURSOS ABERTOS<\/strong><\/a><\/p>\n\n\n\n<p class=\"has-text-align-center\"><strong><em>As oportunidades previstas<\/em><\/strong><\/p>\n\n\n\n<p class=\"has-text-align-center has-pale-cyan-blue-background-color has-background\"><a rel=\"noreferrer noopener\" href=\"https:\/\/www.estrategiaconcursos.com.br\/blog\/concursos-2020\/\" target=\"_blank\"><strong>CONCURSOS&nbsp;2020<\/strong><\/a><\/p>\n\n\n\n<p class=\"has-text-align-center has-pale-cyan-blue-background-color has-background\"><a rel=\"noreferrer noopener\" href=\"https:\/\/www.estrategiaconcursos.com.br\/blog\/concursos-2021\/\" target=\"_blank\"><strong>CONCURSOS 2021<\/strong><\/a><\/p>\n","protected":false},"excerpt":{"rendered":"<p>Ol\u00e1, pessoal. Tudo certo? Neste artigo trataremos sobre a Organiza\u00e7\u00e3o do Estado. Devido \u00e0 extens\u00e3o do tema, o artigo ser\u00e1 divido em duas partes, combinado? Vamos l\u00e1. Estado e Federa\u00e7\u00e3o Para se compreender a organiza\u00e7\u00e3o do Estado se faz necess\u00e1rio entender algumas defini\u00e7\u00f5es a priori. O Estado \u00e9 a na\u00e7\u00e3o politicamente organizada, enquanto a Na\u00e7\u00e3o [&hellip;]<\/p>\n","protected":false},"author":1763,"featured_media":550265,"comment_status":"open","ping_status":"closed","sticky":false,"template":"","format":"standard","meta":{"post_tipo":"article","footnotes":""},"categories":[1,1983,2185,2017,1988,1984,214710],"tags":[],"tax_estado":[],"class_list":["post-596090","post","type-post","status-publish","format-standard","has-post-thumbnail","hentry","category-cursos-e-concursos","category-fiscal-estadual","category-carreiras-juridicas","category-concursos-legislativos","category-policia","category-tribunais","category-tribunais-de-contas"],"acf":[],"yoast_head":"<!-- This site is optimized with the Yoast SEO Premium plugin v27.2 (Yoast SEO v27.2) - https:\/\/yoast.com\/product\/yoast-seo-premium-wordpress\/ -->\n<title>Organiza\u00e7\u00e3o do Estado na Constitui\u00e7\u00e3o Federal \u2013 resumo \u2013 parte 1<\/title>\n<meta name=\"description\" content=\"Veja neste artigo sobre as principais partes da Organiza\u00e7\u00e3o do Estado na Constitui\u00e7\u00e3o Federal para sua prova de Direito Constitucional.\" \/>\n<meta name=\"robots\" content=\"index, follow, max-snippet:-1, max-image-preview:large, max-video-preview:-1\" \/>\n<link rel=\"canonical\" href=\"https:\/\/www.estrategiaconcursos.com.br\/blog\/organizacao-do-estado\/\" \/>\n<meta property=\"og:locale\" content=\"pt_BR\" \/>\n<meta property=\"og:type\" content=\"article\" \/>\n<meta property=\"og:title\" content=\"Organiza\u00e7\u00e3o do Estado na Constitui\u00e7\u00e3o Federal \u2013 resumo \u2013 parte 1\" \/>\n<meta property=\"og:description\" content=\"Veja neste artigo sobre as principais partes da Organiza\u00e7\u00e3o do Estado na Constitui\u00e7\u00e3o Federal para sua prova de Direito Constitucional.\" \/>\n<meta property=\"og:url\" content=\"https:\/\/www.estrategiaconcursos.com.br\/blog\/organizacao-do-estado\/\" \/>\n<meta property=\"og:site_name\" content=\"Estrat\u00e9gia Concursos\" \/>\n<meta property=\"article:published_time\" content=\"2020-11-03T17:04:00+00:00\" \/>\n<meta property=\"og:image\" content=\"https:\/\/dhg1h5j42swfq.cloudfront.net\/2020\/08\/01115903\/30-anos-constituicao.jpg\" \/>\n\t<meta property=\"og:image:width\" content=\"800\" \/>\n\t<meta property=\"og:image:height\" content=\"451\" \/>\n\t<meta property=\"og:image:type\" content=\"image\/jpeg\" \/>\n<meta name=\"author\" content=\"Leonardo Menezes Passarin\" \/>\n<meta name=\"twitter:card\" content=\"summary_large_image\" \/>\n<meta name=\"twitter:creator\" content=\"@EstratConcursos\" \/>\n<meta name=\"twitter:site\" content=\"@EstratConcursos\" \/>\n<meta name=\"twitter:label1\" content=\"Escrito por\" \/>\n\t<meta name=\"twitter:data1\" content=\"Leonardo Menezes Passarin\" \/>\n\t<meta name=\"twitter:label2\" content=\"Est. tempo de leitura\" \/>\n\t<meta name=\"twitter:data2\" content=\"8 minutos\" \/>\n<script type=\"application\/ld+json\" class=\"yoast-schema-graph\">{\"@context\":\"https:\/\/schema.org\",\"@graph\":[{\"@type\":\"NewsArticle\",\"@id\":\"https:\/\/www.estrategiaconcursos.com.br\/blog\/organizacao-do-estado\/#article\",\"isPartOf\":{\"@id\":\"https:\/\/www.estrategiaconcursos.com.br\/blog\/organizacao-do-estado\/\"},\"author\":{\"name\":\"Leonardo Menezes Passarin\",\"@id\":\"https:\/\/www.estrategiaconcursos.com.br\/blog\/#\/schema\/person\/245b44e43eb13f0dbd04a7a078cd0d0d\"},\"headline\":\"Organiza\u00e7\u00e3o do Estado na Constitui\u00e7\u00e3o Federal \u2013 resumo \u2013 parte 1\",\"datePublished\":\"2020-11-03T17:04:00+00:00\",\"mainEntityOfPage\":{\"@id\":\"https:\/\/www.estrategiaconcursos.com.br\/blog\/organizacao-do-estado\/\"},\"wordCount\":1714,\"commentCount\":0,\"publisher\":{\"@id\":\"https:\/\/www.estrategiaconcursos.com.br\/blog\/#organization\"},\"image\":{\"@id\":\"https:\/\/www.estrategiaconcursos.com.br\/blog\/organizacao-do-estado\/#primaryimage\"},\"thumbnailUrl\":\"https:\/\/dhg1h5j42swfq.cloudfront.net\/2020\/08\/01115903\/30-anos-constituicao.jpg\",\"articleSection\":[\"Concursos P\u00fablicos\",\"Fiscal - Estadual (ICMS)\",\"Jur\u00eddico\",\"Legislativo\",\"Policial (Agente, Escriv\u00e3o e Investigador)\",\"Tribunais\",\"Tribunais de Contas (TCU, TCE, TCM)\"],\"inLanguage\":\"pt-BR\",\"potentialAction\":[{\"@type\":\"CommentAction\",\"name\":\"Comment\",\"target\":[\"https:\/\/www.estrategiaconcursos.com.br\/blog\/organizacao-do-estado\/#respond\"]}],\"copyrightYear\":\"2020\",\"copyrightHolder\":{\"@id\":\"https:\/\/www.estrategiaconcursos.com.br\/blog\/#organization\"}},{\"@type\":\"WebPage\",\"@id\":\"https:\/\/www.estrategiaconcursos.com.br\/blog\/organizacao-do-estado\/\",\"url\":\"https:\/\/www.estrategiaconcursos.com.br\/blog\/organizacao-do-estado\/\",\"name\":\"Organiza\u00e7\u00e3o do Estado na Constitui\u00e7\u00e3o Federal \u2013 resumo \u2013 parte 1\",\"isPartOf\":{\"@id\":\"https:\/\/www.estrategiaconcursos.com.br\/blog\/#website\"},\"primaryImageOfPage\":{\"@id\":\"https:\/\/www.estrategiaconcursos.com.br\/blog\/organizacao-do-estado\/#primaryimage\"},\"image\":{\"@id\":\"https:\/\/www.estrategiaconcursos.com.br\/blog\/organizacao-do-estado\/#primaryimage\"},\"thumbnailUrl\":\"https:\/\/dhg1h5j42swfq.cloudfront.net\/2020\/08\/01115903\/30-anos-constituicao.jpg\",\"datePublished\":\"2020-11-03T17:04:00+00:00\",\"description\":\"Veja neste artigo sobre as principais partes da Organiza\u00e7\u00e3o do Estado na Constitui\u00e7\u00e3o Federal para sua prova de Direito Constitucional.\",\"breadcrumb\":{\"@id\":\"https:\/\/www.estrategiaconcursos.com.br\/blog\/organizacao-do-estado\/#breadcrumb\"},\"inLanguage\":\"pt-BR\",\"potentialAction\":[{\"@type\":\"ReadAction\",\"target\":[\"https:\/\/www.estrategiaconcursos.com.br\/blog\/organizacao-do-estado\/\"]}]},{\"@type\":\"ImageObject\",\"inLanguage\":\"pt-BR\",\"@id\":\"https:\/\/www.estrategiaconcursos.com.br\/blog\/organizacao-do-estado\/#primaryimage\",\"url\":\"https:\/\/dhg1h5j42swfq.cloudfront.net\/2020\/08\/01115903\/30-anos-constituicao.jpg\",\"contentUrl\":\"https:\/\/dhg1h5j42swfq.cloudfront.net\/2020\/08\/01115903\/30-anos-constituicao.jpg\",\"width\":800,\"height\":451,\"caption\":\"Rem\u00e9dios constitucionais para TJ-RN\"},{\"@type\":\"BreadcrumbList\",\"@id\":\"https:\/\/www.estrategiaconcursos.com.br\/blog\/organizacao-do-estado\/#breadcrumb\",\"itemListElement\":[{\"@type\":\"ListItem\",\"position\":1,\"name\":\"In\u00edcio\",\"item\":\"https:\/\/www.estrategiaconcursos.com.br\/blog\/\"},{\"@type\":\"ListItem\",\"position\":2,\"name\":\"Organiza\u00e7\u00e3o do Estado na Constitui\u00e7\u00e3o Federal \u2013 resumo \u2013 parte 1\"}]},{\"@type\":\"WebSite\",\"@id\":\"https:\/\/www.estrategiaconcursos.com.br\/blog\/#website\",\"url\":\"https:\/\/www.estrategiaconcursos.com.br\/blog\/\",\"name\":\"Estrat\u00e9gia Concursos\",\"description\":\"O blog da Estrat\u00e9gia Concursos traz not\u00edcias sobre concursos e artigos de professores oferecendo cursos para concursos (pdf + videaulas) no site.\",\"publisher\":{\"@id\":\"https:\/\/www.estrategiaconcursos.com.br\/blog\/#organization\"},\"potentialAction\":[{\"@type\":\"SearchAction\",\"target\":{\"@type\":\"EntryPoint\",\"urlTemplate\":\"https:\/\/www.estrategiaconcursos.com.br\/blog\/?s={search_term_string}\"},\"query-input\":{\"@type\":\"PropertyValueSpecification\",\"valueRequired\":true,\"valueName\":\"search_term_string\"}}],\"inLanguage\":\"pt-BR\"},{\"@type\":\"Organization\",\"@id\":\"https:\/\/www.estrategiaconcursos.com.br\/blog\/#organization\",\"name\":\"Estrat\u00e9gia Concursos\",\"url\":\"https:\/\/www.estrategiaconcursos.com.br\/blog\/\",\"logo\":{\"@type\":\"ImageObject\",\"inLanguage\":\"pt-BR\",\"@id\":\"https:\/\/www.estrategiaconcursos.com.br\/blog\/#\/schema\/logo\/image\/\",\"url\":\"https:\/\/dhg1h5j42swfq.cloudfront.net\/2025\/06\/03203428\/logo_concursos-1.jpg\",\"contentUrl\":\"https:\/\/dhg1h5j42swfq.cloudfront.net\/2025\/06\/03203428\/logo_concursos-1.jpg\",\"width\":230,\"height\":60,\"caption\":\"Estrat\u00e9gia Concursos\"},\"image\":{\"@id\":\"https:\/\/www.estrategiaconcursos.com.br\/blog\/#\/schema\/logo\/image\/\"},\"sameAs\":[\"https:\/\/x.com\/EstratConcursos\"]},{\"@type\":\"Person\",\"@id\":\"https:\/\/www.estrategiaconcursos.com.br\/blog\/#\/schema\/person\/245b44e43eb13f0dbd04a7a078cd0d0d\",\"name\":\"Leonardo Menezes Passarin\",\"image\":{\"@type\":\"ImageObject\",\"inLanguage\":\"pt-BR\",\"@id\":\"https:\/\/secure.gravatar.com\/avatar\/fc0e5714ceaa97f24e6e6a30eab74ba8a701c2b62f8cab100ffdb22c6d8f42c3?s=96&d=mm&r=g\",\"url\":\"https:\/\/secure.gravatar.com\/avatar\/fc0e5714ceaa97f24e6e6a30eab74ba8a701c2b62f8cab100ffdb22c6d8f42c3?s=96&d=mm&r=g\",\"contentUrl\":\"https:\/\/secure.gravatar.com\/avatar\/fc0e5714ceaa97f24e6e6a30eab74ba8a701c2b62f8cab100ffdb22c6d8f42c3?s=96&d=mm&r=g\",\"caption\":\"Leonardo Menezes Passarin\"},\"url\":\"https:\/\/www.estrategiaconcursos.com.br\/blog\/author\/passarin-leonardohotmail-com\/\"}]}<\/script>\n<!-- \/ Yoast SEO Premium plugin. -->","yoast_head_json":{"title":"Organiza\u00e7\u00e3o do Estado na Constitui\u00e7\u00e3o Federal \u2013 resumo \u2013 parte 1","description":"Veja neste artigo sobre as principais partes da Organiza\u00e7\u00e3o do Estado na Constitui\u00e7\u00e3o Federal para sua prova de Direito Constitucional.","robots":{"index":"index","follow":"follow","max-snippet":"max-snippet:-1","max-image-preview":"max-image-preview:large","max-video-preview":"max-video-preview:-1"},"canonical":"https:\/\/www.estrategiaconcursos.com.br\/blog\/organizacao-do-estado\/","og_locale":"pt_BR","og_type":"article","og_title":"Organiza\u00e7\u00e3o do Estado na Constitui\u00e7\u00e3o Federal \u2013 resumo \u2013 parte 1","og_description":"Veja neste artigo sobre as principais partes da Organiza\u00e7\u00e3o do Estado na Constitui\u00e7\u00e3o Federal para sua prova de Direito Constitucional.","og_url":"https:\/\/www.estrategiaconcursos.com.br\/blog\/organizacao-do-estado\/","og_site_name":"Estrat\u00e9gia Concursos","article_published_time":"2020-11-03T17:04:00+00:00","og_image":[{"width":800,"height":451,"url":"https:\/\/dhg1h5j42swfq.cloudfront.net\/2020\/08\/01115903\/30-anos-constituicao.jpg","type":"image\/jpeg"}],"author":"Leonardo Menezes Passarin","twitter_card":"summary_large_image","twitter_creator":"@EstratConcursos","twitter_site":"@EstratConcursos","twitter_misc":{"Escrito por":"Leonardo Menezes Passarin","Est. tempo de leitura":"8 minutos"},"schema":{"@context":"https:\/\/schema.org","@graph":[{"@type":"NewsArticle","@id":"https:\/\/www.estrategiaconcursos.com.br\/blog\/organizacao-do-estado\/#article","isPartOf":{"@id":"https:\/\/www.estrategiaconcursos.com.br\/blog\/organizacao-do-estado\/"},"author":{"name":"Leonardo Menezes Passarin","@id":"https:\/\/www.estrategiaconcursos.com.br\/blog\/#\/schema\/person\/245b44e43eb13f0dbd04a7a078cd0d0d"},"headline":"Organiza\u00e7\u00e3o do Estado na Constitui\u00e7\u00e3o Federal \u2013 resumo \u2013 parte 1","datePublished":"2020-11-03T17:04:00+00:00","mainEntityOfPage":{"@id":"https:\/\/www.estrategiaconcursos.com.br\/blog\/organizacao-do-estado\/"},"wordCount":1714,"commentCount":0,"publisher":{"@id":"https:\/\/www.estrategiaconcursos.com.br\/blog\/#organization"},"image":{"@id":"https:\/\/www.estrategiaconcursos.com.br\/blog\/organizacao-do-estado\/#primaryimage"},"thumbnailUrl":"https:\/\/dhg1h5j42swfq.cloudfront.net\/2020\/08\/01115903\/30-anos-constituicao.jpg","articleSection":["Concursos P\u00fablicos","Fiscal - Estadual (ICMS)","Jur\u00eddico","Legislativo","Policial (Agente, Escriv\u00e3o e Investigador)","Tribunais","Tribunais de Contas (TCU, TCE, TCM)"],"inLanguage":"pt-BR","potentialAction":[{"@type":"CommentAction","name":"Comment","target":["https:\/\/www.estrategiaconcursos.com.br\/blog\/organizacao-do-estado\/#respond"]}],"copyrightYear":"2020","copyrightHolder":{"@id":"https:\/\/www.estrategiaconcursos.com.br\/blog\/#organization"}},{"@type":"WebPage","@id":"https:\/\/www.estrategiaconcursos.com.br\/blog\/organizacao-do-estado\/","url":"https:\/\/www.estrategiaconcursos.com.br\/blog\/organizacao-do-estado\/","name":"Organiza\u00e7\u00e3o do Estado na Constitui\u00e7\u00e3o Federal \u2013 resumo \u2013 parte 1","isPartOf":{"@id":"https:\/\/www.estrategiaconcursos.com.br\/blog\/#website"},"primaryImageOfPage":{"@id":"https:\/\/www.estrategiaconcursos.com.br\/blog\/organizacao-do-estado\/#primaryimage"},"image":{"@id":"https:\/\/www.estrategiaconcursos.com.br\/blog\/organizacao-do-estado\/#primaryimage"},"thumbnailUrl":"https:\/\/dhg1h5j42swfq.cloudfront.net\/2020\/08\/01115903\/30-anos-constituicao.jpg","datePublished":"2020-11-03T17:04:00+00:00","description":"Veja neste artigo sobre as principais partes da Organiza\u00e7\u00e3o do Estado na Constitui\u00e7\u00e3o Federal para sua prova de Direito Constitucional.","breadcrumb":{"@id":"https:\/\/www.estrategiaconcursos.com.br\/blog\/organizacao-do-estado\/#breadcrumb"},"inLanguage":"pt-BR","potentialAction":[{"@type":"ReadAction","target":["https:\/\/www.estrategiaconcursos.com.br\/blog\/organizacao-do-estado\/"]}]},{"@type":"ImageObject","inLanguage":"pt-BR","@id":"https:\/\/www.estrategiaconcursos.com.br\/blog\/organizacao-do-estado\/#primaryimage","url":"https:\/\/dhg1h5j42swfq.cloudfront.net\/2020\/08\/01115903\/30-anos-constituicao.jpg","contentUrl":"https:\/\/dhg1h5j42swfq.cloudfront.net\/2020\/08\/01115903\/30-anos-constituicao.jpg","width":800,"height":451,"caption":"Rem\u00e9dios constitucionais para TJ-RN"},{"@type":"BreadcrumbList","@id":"https:\/\/www.estrategiaconcursos.com.br\/blog\/organizacao-do-estado\/#breadcrumb","itemListElement":[{"@type":"ListItem","position":1,"name":"In\u00edcio","item":"https:\/\/www.estrategiaconcursos.com.br\/blog\/"},{"@type":"ListItem","position":2,"name":"Organiza\u00e7\u00e3o do Estado na Constitui\u00e7\u00e3o Federal \u2013 resumo \u2013 parte 1"}]},{"@type":"WebSite","@id":"https:\/\/www.estrategiaconcursos.com.br\/blog\/#website","url":"https:\/\/www.estrategiaconcursos.com.br\/blog\/","name":"Estrat\u00e9gia Concursos","description":"O blog da Estrat\u00e9gia Concursos traz not\u00edcias sobre concursos e artigos de professores oferecendo cursos para concursos (pdf + videaulas) no site.","publisher":{"@id":"https:\/\/www.estrategiaconcursos.com.br\/blog\/#organization"},"potentialAction":[{"@type":"SearchAction","target":{"@type":"EntryPoint","urlTemplate":"https:\/\/www.estrategiaconcursos.com.br\/blog\/?s={search_term_string}"},"query-input":{"@type":"PropertyValueSpecification","valueRequired":true,"valueName":"search_term_string"}}],"inLanguage":"pt-BR"},{"@type":"Organization","@id":"https:\/\/www.estrategiaconcursos.com.br\/blog\/#organization","name":"Estrat\u00e9gia Concursos","url":"https:\/\/www.estrategiaconcursos.com.br\/blog\/","logo":{"@type":"ImageObject","inLanguage":"pt-BR","@id":"https:\/\/www.estrategiaconcursos.com.br\/blog\/#\/schema\/logo\/image\/","url":"https:\/\/dhg1h5j42swfq.cloudfront.net\/2025\/06\/03203428\/logo_concursos-1.jpg","contentUrl":"https:\/\/dhg1h5j42swfq.cloudfront.net\/2025\/06\/03203428\/logo_concursos-1.jpg","width":230,"height":60,"caption":"Estrat\u00e9gia Concursos"},"image":{"@id":"https:\/\/www.estrategiaconcursos.com.br\/blog\/#\/schema\/logo\/image\/"},"sameAs":["https:\/\/x.com\/EstratConcursos"]},{"@type":"Person","@id":"https:\/\/www.estrategiaconcursos.com.br\/blog\/#\/schema\/person\/245b44e43eb13f0dbd04a7a078cd0d0d","name":"Leonardo Menezes Passarin","image":{"@type":"ImageObject","inLanguage":"pt-BR","@id":"https:\/\/secure.gravatar.com\/avatar\/fc0e5714ceaa97f24e6e6a30eab74ba8a701c2b62f8cab100ffdb22c6d8f42c3?s=96&d=mm&r=g","url":"https:\/\/secure.gravatar.com\/avatar\/fc0e5714ceaa97f24e6e6a30eab74ba8a701c2b62f8cab100ffdb22c6d8f42c3?s=96&d=mm&r=g","contentUrl":"https:\/\/secure.gravatar.com\/avatar\/fc0e5714ceaa97f24e6e6a30eab74ba8a701c2b62f8cab100ffdb22c6d8f42c3?s=96&d=mm&r=g","caption":"Leonardo Menezes Passarin"},"url":"https:\/\/www.estrategiaconcursos.com.br\/blog\/author\/passarin-leonardohotmail-com\/"}]}},"_links":{"self":[{"href":"https:\/\/www.estrategiaconcursos.com.br\/blog\/wp-json\/wp\/v2\/posts\/596090","targetHints":{"allow":["GET"]}}],"collection":[{"href":"https:\/\/www.estrategiaconcursos.com.br\/blog\/wp-json\/wp\/v2\/posts"}],"about":[{"href":"https:\/\/www.estrategiaconcursos.com.br\/blog\/wp-json\/wp\/v2\/types\/post"}],"author":[{"embeddable":true,"href":"https:\/\/www.estrategiaconcursos.com.br\/blog\/wp-json\/wp\/v2\/users\/1763"}],"replies":[{"embeddable":true,"href":"https:\/\/www.estrategiaconcursos.com.br\/blog\/wp-json\/wp\/v2\/comments?post=596090"}],"version-history":[{"count":4,"href":"https:\/\/www.estrategiaconcursos.com.br\/blog\/wp-json\/wp\/v2\/posts\/596090\/revisions"}],"predecessor-version":[{"id":600284,"href":"https:\/\/www.estrategiaconcursos.com.br\/blog\/wp-json\/wp\/v2\/posts\/596090\/revisions\/600284"}],"wp:featuredmedia":[{"embeddable":true,"href":"https:\/\/www.estrategiaconcursos.com.br\/blog\/wp-json\/wp\/v2\/media\/550265"}],"wp:attachment":[{"href":"https:\/\/www.estrategiaconcursos.com.br\/blog\/wp-json\/wp\/v2\/media?parent=596090"}],"wp:term":[{"taxonomy":"category","embeddable":true,"href":"https:\/\/www.estrategiaconcursos.com.br\/blog\/wp-json\/wp\/v2\/categories?post=596090"},{"taxonomy":"post_tag","embeddable":true,"href":"https:\/\/www.estrategiaconcursos.com.br\/blog\/wp-json\/wp\/v2\/tags?post=596090"},{"taxonomy":"tax_estado","embeddable":true,"href":"https:\/\/www.estrategiaconcursos.com.br\/blog\/wp-json\/wp\/v2\/tax_estado?post=596090"}],"curies":[{"name":"wp","href":"https:\/\/api.w.org\/{rel}","templated":true}]}}