{"id":595677,"date":"2020-10-23T16:02:56","date_gmt":"2020-10-23T19:02:56","guid":{"rendered":"https:\/\/www.estrategiaconcursos.com.br\/blog\/?p=595677"},"modified":"2023-06-13T10:00:23","modified_gmt":"2023-06-13T13:00:23","slug":"cargo-de-investigador-nivel-superior","status":"publish","type":"post","link":"https:\/\/www.estrategiaconcursos.com.br\/blog\/cargo-de-investigador-nivel-superior\/","title":{"rendered":"ALERJ vai decidir se cargo de Investigador deve exigir n\u00edvel superior"},"content":{"rendered":"\n<p>O governador em exerc\u00edcio no Rio de Janeiro, Claudio Castro, assinou na \u00faltima quinta-feira, 22 de outubro, o documento que autoriza a mudan\u00e7a na forma\u00e7\u00e3o exigida no cargo de Investigador da Pol\u00edcia Civil RJ.<\/p>\n\n\n\n<p>Atualmente, para se candidatar ao cargo \u00e9 necess\u00e1rio somente ensino m\u00e9dio completo. Por\u00e9m, com a mudan\u00e7a, o n\u00edvel superior ser\u00e1 exigido. A informa\u00e7\u00e3o foi dada nas <a rel=\"noreferrer noopener\" href=\"https:\/\/www.instagram.com\/p\/CGqpdTFFo8_\/\" target=\"_blank\">redes sociais<\/a> do deputado estadual&nbsp;M\u00e1rcio Gualberto.&nbsp;<\/p>\n\n\n\n<blockquote class=\"wp-block-quote is-style-default is-layout-flow wp-block-quote-is-layout-flow\">\n<p><em>&#8220;A gente sabe que a Pol\u00edcia Civil tem feito um trabalho brilhante e que \u00e9 puro merecimento. A gente espera que rapidamente esse assunto passe pela Assembleia Legislativa para que volte para san\u00e7\u00e3o do governador&#8221;, d<\/em>isse o governador Claudio Castro.<\/p>\n<\/blockquote>\n\n\n\n<h3 class=\"wp-block-heading\" id=\"h-pl-que-altera-cargo-foi-considerada-inconstitucional\">PL que altera cargo foi considerada inconstitucional<\/h3>\n\n\n\n<p>Em 2017, foi aprovado pela&nbsp;Alerj um Projeto de Lei (PL) que alterava a escolaridade de Investigador de m\u00e9dio para Superior e, posteriormente, sancionado pelo ex-governador, Luiz Fernando Pez\u00e3o.&nbsp;<\/p>\n\n\n\n<p>Em 2019, por\u00e9m, o Tribunal de Justi\u00e7a classificou como <strong><em>inconstitucional<\/em>&nbsp;<\/strong>a mudan\u00e7a de escolaridade, considerando&nbsp;v\u00edcio de iniciativa&nbsp;e viola\u00e7\u00e3o ao princ\u00edpio de separa\u00e7\u00e3o dos poderes, j\u00e1 que a Constitui\u00e7\u00e3o do Rio de Janeiro afirma que as mudan\u00e7as em carreiras p\u00fablicas devem ser propostas apenas pelo Executivo.&nbsp;Portanto, caberia somente ao governador determinar altera\u00e7\u00f5es nas carreiras dos servidores. <\/p>\n\n\n\n<h2 class=\"wp-block-heading\" id=\"h-novo-concurso-pc-rj\">Novo concurso PC RJ<\/h2>\n\n\n\n<p>O secret\u00e1rio da Pol\u00edcia Civil do Rio de Janeiro, delegado Allan Turnowski, refor\u00e7ou que os editais do certame est\u00e3o prontos e devem ser publicados no in\u00edcio de 2021. <\/p>\n\n\n\n<p>Os editais do certame, com previs\u00e3o de ofertar at\u00e9&nbsp;<strong>864 vagas<\/strong>, aguarda o desenrolar da pandemia da Covid-19 e a luz verde do governo do estado para que a PC RJ decida o melhor momento para public\u00e1-los.<\/p>\n\n\n\n<p class=\"has-text-align-center has-cyan-bluish-gray-background-color has-background\"><strong>Saiba mais: <a href=\"https:\/\/www.estrategiaconcursos.com.br\/cursosPorConcurso\/policia-civil-rj-pc-rj\/\">concurso PC RJ<\/a><\/strong><\/p>\n\n\n\n<div class=\"container\" id=\"boxes\">\n  <div class=\"row\">\n\n    <div class=\"col-sm\">\n      <div class=\"banner-policial\" id=\"box-assinatura\">\n        <h3 class=\"titulo-assinatura\">Curso PC RJ<\/h3>\n        <p class=\"subtitulo-assinatura\">Conhe\u00e7a os cursos<\/p>\n        <div class=\"box-botao\">\n          <a class=\"btn-assinatura\" target=\"_blank\" href=\"https:\/\/www.estrategiaconcursos.com.br\/cursosPorConcurso\/policia-civil-sp\/\" role=\"button\" rel=\"noopener noreferrer\">Conhe\u00e7a mais<\/a>\n        <\/div>\n      <\/div>\n      <p class=\"texto-auxiliar\">Prepare-se com o melhor material e com quem mais aprova em Concursos P\u00fablicos em todo o pa\u00eds. <\/p>\n    <\/div>\n\n  <\/div>\n<\/div>\n\n\n\n<div class=\"container\" id=\"boxes\">\n  <div class=\"row\">\n\n    <div class=\"col-sm\">\n      <div class=\"estrategia\" id=\"box-assinatura\">\n        <h3 class=\"titulo-assinatura\">Assinatura Ilimitada<\/h3>\n        <p class=\"subtitulo-assinatura\">Assinatura Anual Ilimitada*<\/p>\n        <div class=\"box-botao\">\n          <a class=\"btn-assinatura\" target=\"_blank\" href=\"https:\/\/www.estrategiaconcursos.com.br\/assinaturas\/\" role=\"button\" rel=\"noopener noreferrer\">ASSINE AGORA<\/a>\n        <\/div>\n      <\/div>\n      <p class=\"texto-auxiliar\">Prepare-se com o melhor material e com quem mais aprova em Concursos P\u00fablicos em todo o pa\u00eds. Assine agora a nossa Assinatura Anual e tenha acesso ilimitado* a todos os nossos cursos.<\/p>\n    <\/div>\n\n    <div class=\"col-sm\">\n      <div class=\"questoes\" id=\"box-assinatura\">\n        <h3 class=\"titulo-assinatura\">Sistema de Quest\u00f5es<\/h3>\n        <p class=\"subtitulo-assinatura\">Assinatura Ilimitada*<\/p>\n        <div class=\"box-botao\">\n          <a class=\"btn-assinatura\" target=\"_blank\" href=\"https:\/\/www.estrategiaconcursos.com.br\/cursosPorConcurso\/sistema-de-questoes\/#\/\" role=\"button\" rel=\"noopener noreferrer\">ASSINE AGORA<\/a>\n        <\/div>\n      <\/div>\n      <p class=\"texto-auxiliar\">Estrat\u00e9gia Quest\u00f5es nasceu maior do que todos os concorrentes, com mais quest\u00f5es cadastradas e mais solu\u00e7\u00f5es por professores. Clique no link e aproveite os descontos e b\u00f4nus imperd\u00edveis!<\/p>\n    <\/div>\n  <\/div>\n<\/div>\n\n\n\n<p class=\"has-text-align-center has-pale-cyan-blue-background-color has-background\"><strong><a rel=\"noreferrer noopener\" href=\"https:\/\/www.estrategiaconcursos.com.br\/blog\/concursos-de-policia\/\" target=\"_blank\">CONCURSOS POLICIAIS<\/a><\/strong><\/p>\n","protected":false},"excerpt":{"rendered":"<p>O governador em exerc\u00edcio no Rio de Janeiro, Claudio Castro, assinou na \u00faltima quinta-feira, 22 de outubro, o documento que autoriza a mudan\u00e7a na forma\u00e7\u00e3o exigida no cargo de Investigador da Pol\u00edcia Civil RJ. Atualmente, para se candidatar ao cargo \u00e9 necess\u00e1rio somente ensino m\u00e9dio completo. Por\u00e9m, com a mudan\u00e7a, o n\u00edvel superior ser\u00e1 exigido. [&hellip;]<\/p>\n","protected":false},"author":552,"featured_media":372499,"comment_status":"open","ping_status":"closed","sticky":false,"template":"","format":"standard","meta":{"post_tipo":"article","footnotes":""},"categories":[1],"tags":[],"tax_estado":[],"class_list":["post-595677","post","type-post","status-publish","format-standard","has-post-thumbnail","hentry","category-cursos-e-concursos"],"acf":[],"yoast_head":"<!-- This site is optimized with the Yoast SEO Premium plugin v27.2 (Yoast SEO v27.2) - https:\/\/yoast.com\/product\/yoast-seo-premium-wordpress\/ -->\n<title>ALERJ vai decidir se cargo de Investigador deve exigir n\u00edvel superior<\/title>\n<meta name=\"description\" content=\"O Governador em exerc\u00edcio no Rio de Janeiro, Claudio Castro, assinou o documento que autoriza a mudan\u00e7a na forma\u00e7\u00e3o para os cargos de Investigador da PC RJ.\" \/>\n<meta name=\"robots\" content=\"index, follow, max-snippet:-1, max-image-preview:large, max-video-preview:-1\" \/>\n<link rel=\"canonical\" href=\"https:\/\/www.estrategiaconcursos.com.br\/blog\/cargo-de-investigador-nivel-superior\/\" \/>\n<meta property=\"og:locale\" content=\"pt_BR\" \/>\n<meta property=\"og:type\" content=\"article\" \/>\n<meta property=\"og:title\" content=\"ALERJ vai decidir se cargo de Investigador deve exigir n\u00edvel superior\" \/>\n<meta property=\"og:description\" content=\"O Governador em exerc\u00edcio no Rio de Janeiro, Claudio Castro, assinou o documento que autoriza a mudan\u00e7a na forma\u00e7\u00e3o para os cargos de Investigador da PC RJ.\" \/>\n<meta property=\"og:url\" content=\"https:\/\/www.estrategiaconcursos.com.br\/blog\/cargo-de-investigador-nivel-superior\/\" \/>\n<meta property=\"og:site_name\" content=\"Estrat\u00e9gia Concursos\" \/>\n<meta property=\"article:published_time\" content=\"2020-10-23T19:02:56+00:00\" \/>\n<meta property=\"article:modified_time\" content=\"2023-06-13T13:00:23+00:00\" \/>\n<meta property=\"og:image\" content=\"https:\/\/dhg1h5j42swfq.cloudfront.net\/2019\/05\/08123300\/Pol%C3%ADcia-c%C3%ADvil-3.png\" \/>\n\t<meta property=\"og:image:width\" content=\"555\" \/>\n\t<meta property=\"og:image:height\" content=\"312\" \/>\n\t<meta property=\"og:image:type\" content=\"image\/png\" \/>\n<meta name=\"author\" content=\"Paulo Bilynskyj\" \/>\n<meta name=\"twitter:card\" content=\"summary_large_image\" \/>\n<meta name=\"twitter:creator\" content=\"@EstratConcursos\" \/>\n<meta name=\"twitter:site\" content=\"@EstratConcursos\" \/>\n<meta name=\"twitter:label1\" content=\"Escrito por\" \/>\n\t<meta name=\"twitter:data1\" content=\"Paulo Bilynskyj\" \/>\n\t<meta name=\"twitter:label2\" content=\"Est. tempo de leitura\" \/>\n\t<meta name=\"twitter:data2\" content=\"2 minutos\" \/>\n<script type=\"application\/ld+json\" class=\"yoast-schema-graph\">{\"@context\":\"https:\/\/schema.org\",\"@graph\":[{\"@type\":\"NewsArticle\",\"@id\":\"https:\/\/www.estrategiaconcursos.com.br\/blog\/cargo-de-investigador-nivel-superior\/#article\",\"isPartOf\":{\"@id\":\"https:\/\/www.estrategiaconcursos.com.br\/blog\/cargo-de-investigador-nivel-superior\/\"},\"author\":{\"name\":\"Paulo Bilynskyj\",\"@id\":\"https:\/\/www.estrategiaconcursos.com.br\/blog\/#\/schema\/person\/a630b15e36f45b4c21fed01219843cb5\"},\"headline\":\"ALERJ vai decidir se cargo de Investigador deve exigir n\u00edvel superior\",\"datePublished\":\"2020-10-23T19:02:56+00:00\",\"dateModified\":\"2023-06-13T13:00:23+00:00\",\"mainEntityOfPage\":{\"@id\":\"https:\/\/www.estrategiaconcursos.com.br\/blog\/cargo-de-investigador-nivel-superior\/\"},\"wordCount\":436,\"commentCount\":0,\"publisher\":{\"@id\":\"https:\/\/www.estrategiaconcursos.com.br\/blog\/#organization\"},\"image\":{\"@id\":\"https:\/\/www.estrategiaconcursos.com.br\/blog\/cargo-de-investigador-nivel-superior\/#primaryimage\"},\"thumbnailUrl\":\"https:\/\/dhg1h5j42swfq.cloudfront.net\/2019\/05\/08123300\/Pol%C3%ADcia-c%C3%ADvil-3.png\",\"articleSection\":[\"Concursos P\u00fablicos\"],\"inLanguage\":\"pt-BR\",\"potentialAction\":[{\"@type\":\"CommentAction\",\"name\":\"Comment\",\"target\":[\"https:\/\/www.estrategiaconcursos.com.br\/blog\/cargo-de-investigador-nivel-superior\/#respond\"]}],\"copyrightYear\":\"2020\",\"copyrightHolder\":{\"@id\":\"https:\/\/www.estrategiaconcursos.com.br\/blog\/#organization\"}},{\"@type\":\"WebPage\",\"@id\":\"https:\/\/www.estrategiaconcursos.com.br\/blog\/cargo-de-investigador-nivel-superior\/\",\"url\":\"https:\/\/www.estrategiaconcursos.com.br\/blog\/cargo-de-investigador-nivel-superior\/\",\"name\":\"ALERJ vai decidir se cargo de Investigador deve exigir n\u00edvel superior\",\"isPartOf\":{\"@id\":\"https:\/\/www.estrategiaconcursos.com.br\/blog\/#website\"},\"primaryImageOfPage\":{\"@id\":\"https:\/\/www.estrategiaconcursos.com.br\/blog\/cargo-de-investigador-nivel-superior\/#primaryimage\"},\"image\":{\"@id\":\"https:\/\/www.estrategiaconcursos.com.br\/blog\/cargo-de-investigador-nivel-superior\/#primaryimage\"},\"thumbnailUrl\":\"https:\/\/dhg1h5j42swfq.cloudfront.net\/2019\/05\/08123300\/Pol%C3%ADcia-c%C3%ADvil-3.png\",\"datePublished\":\"2020-10-23T19:02:56+00:00\",\"dateModified\":\"2023-06-13T13:00:23+00:00\",\"description\":\"O Governador em exerc\u00edcio no Rio de Janeiro, Claudio Castro, assinou o documento que autoriza a mudan\u00e7a na forma\u00e7\u00e3o para os cargos de Investigador da PC RJ.\",\"breadcrumb\":{\"@id\":\"https:\/\/www.estrategiaconcursos.com.br\/blog\/cargo-de-investigador-nivel-superior\/#breadcrumb\"},\"inLanguage\":\"pt-BR\",\"potentialAction\":[{\"@type\":\"ReadAction\",\"target\":[\"https:\/\/www.estrategiaconcursos.com.br\/blog\/cargo-de-investigador-nivel-superior\/\"]}]},{\"@type\":\"ImageObject\",\"inLanguage\":\"pt-BR\",\"@id\":\"https:\/\/www.estrategiaconcursos.com.br\/blog\/cargo-de-investigador-nivel-superior\/#primaryimage\",\"url\":\"https:\/\/dhg1h5j42swfq.cloudfront.net\/2019\/05\/08123300\/Pol%C3%ADcia-c%C3%ADvil-3.png\",\"contentUrl\":\"https:\/\/dhg1h5j42swfq.cloudfront.net\/2019\/05\/08123300\/Pol%C3%ADcia-c%C3%ADvil-3.png\",\"width\":555,\"height\":312,\"caption\":\"Como migrar os estudos da Cebraspe para a FGV\"},{\"@type\":\"BreadcrumbList\",\"@id\":\"https:\/\/www.estrategiaconcursos.com.br\/blog\/cargo-de-investigador-nivel-superior\/#breadcrumb\",\"itemListElement\":[{\"@type\":\"ListItem\",\"position\":1,\"name\":\"In\u00edcio\",\"item\":\"https:\/\/www.estrategiaconcursos.com.br\/blog\/\"},{\"@type\":\"ListItem\",\"position\":2,\"name\":\"ALERJ vai decidir se cargo de Investigador deve exigir n\u00edvel superior\"}]},{\"@type\":\"WebSite\",\"@id\":\"https:\/\/www.estrategiaconcursos.com.br\/blog\/#website\",\"url\":\"https:\/\/www.estrategiaconcursos.com.br\/blog\/\",\"name\":\"Estrat\u00e9gia Concursos\",\"description\":\"O blog da Estrat\u00e9gia Concursos traz not\u00edcias sobre concursos e artigos de professores oferecendo cursos para concursos (pdf + videaulas) no site.\",\"publisher\":{\"@id\":\"https:\/\/www.estrategiaconcursos.com.br\/blog\/#organization\"},\"potentialAction\":[{\"@type\":\"SearchAction\",\"target\":{\"@type\":\"EntryPoint\",\"urlTemplate\":\"https:\/\/www.estrategiaconcursos.com.br\/blog\/?s={search_term_string}\"},\"query-input\":{\"@type\":\"PropertyValueSpecification\",\"valueRequired\":true,\"valueName\":\"search_term_string\"}}],\"inLanguage\":\"pt-BR\"},{\"@type\":\"Organization\",\"@id\":\"https:\/\/www.estrategiaconcursos.com.br\/blog\/#organization\",\"name\":\"Estrat\u00e9gia Concursos\",\"url\":\"https:\/\/www.estrategiaconcursos.com.br\/blog\/\",\"logo\":{\"@type\":\"ImageObject\",\"inLanguage\":\"pt-BR\",\"@id\":\"https:\/\/www.estrategiaconcursos.com.br\/blog\/#\/schema\/logo\/image\/\",\"url\":\"https:\/\/dhg1h5j42swfq.cloudfront.net\/2025\/06\/03203428\/logo_concursos-1.jpg\",\"contentUrl\":\"https:\/\/dhg1h5j42swfq.cloudfront.net\/2025\/06\/03203428\/logo_concursos-1.jpg\",\"width\":230,\"height\":60,\"caption\":\"Estrat\u00e9gia Concursos\"},\"image\":{\"@id\":\"https:\/\/www.estrategiaconcursos.com.br\/blog\/#\/schema\/logo\/image\/\"},\"sameAs\":[\"https:\/\/x.com\/EstratConcursos\"]},{\"@type\":\"Person\",\"@id\":\"https:\/\/www.estrategiaconcursos.com.br\/blog\/#\/schema\/person\/a630b15e36f45b4c21fed01219843cb5\",\"name\":\"Paulo Bilynskyj\",\"image\":{\"@type\":\"ImageObject\",\"inLanguage\":\"pt-BR\",\"@id\":\"https:\/\/secure.gravatar.com\/avatar\/37e21f70c9042e7456beffdc6d31fe051f3f6dcbf252f69343a791b144852057?s=96&d=mm&r=g\",\"url\":\"https:\/\/secure.gravatar.com\/avatar\/37e21f70c9042e7456beffdc6d31fe051f3f6dcbf252f69343a791b144852057?s=96&d=mm&r=g\",\"contentUrl\":\"https:\/\/secure.gravatar.com\/avatar\/37e21f70c9042e7456beffdc6d31fe051f3f6dcbf252f69343a791b144852057?s=96&d=mm&r=g\",\"caption\":\"Paulo Bilynskyj\"},\"url\":\"https:\/\/www.estrategiaconcursos.com.br\/blog\/author\/pbilynskyjgmail-com\/\"}]}<\/script>\n<!-- \/ Yoast SEO Premium plugin. -->","yoast_head_json":{"title":"ALERJ vai decidir se cargo de Investigador deve exigir n\u00edvel superior","description":"O Governador em exerc\u00edcio no Rio de Janeiro, Claudio Castro, assinou o documento que autoriza a mudan\u00e7a na forma\u00e7\u00e3o para os cargos de Investigador da PC RJ.","robots":{"index":"index","follow":"follow","max-snippet":"max-snippet:-1","max-image-preview":"max-image-preview:large","max-video-preview":"max-video-preview:-1"},"canonical":"https:\/\/www.estrategiaconcursos.com.br\/blog\/cargo-de-investigador-nivel-superior\/","og_locale":"pt_BR","og_type":"article","og_title":"ALERJ vai decidir se cargo de Investigador deve exigir n\u00edvel superior","og_description":"O Governador em exerc\u00edcio no Rio de Janeiro, Claudio Castro, assinou o documento que autoriza a mudan\u00e7a na forma\u00e7\u00e3o para os cargos de Investigador da PC RJ.","og_url":"https:\/\/www.estrategiaconcursos.com.br\/blog\/cargo-de-investigador-nivel-superior\/","og_site_name":"Estrat\u00e9gia Concursos","article_published_time":"2020-10-23T19:02:56+00:00","article_modified_time":"2023-06-13T13:00:23+00:00","og_image":[{"width":555,"height":312,"url":"https:\/\/dhg1h5j42swfq.cloudfront.net\/2019\/05\/08123300\/Pol%C3%ADcia-c%C3%ADvil-3.png","type":"image\/png"}],"author":"Paulo Bilynskyj","twitter_card":"summary_large_image","twitter_creator":"@EstratConcursos","twitter_site":"@EstratConcursos","twitter_misc":{"Escrito por":"Paulo Bilynskyj","Est. tempo de leitura":"2 minutos"},"schema":{"@context":"https:\/\/schema.org","@graph":[{"@type":"NewsArticle","@id":"https:\/\/www.estrategiaconcursos.com.br\/blog\/cargo-de-investigador-nivel-superior\/#article","isPartOf":{"@id":"https:\/\/www.estrategiaconcursos.com.br\/blog\/cargo-de-investigador-nivel-superior\/"},"author":{"name":"Paulo Bilynskyj","@id":"https:\/\/www.estrategiaconcursos.com.br\/blog\/#\/schema\/person\/a630b15e36f45b4c21fed01219843cb5"},"headline":"ALERJ vai decidir se cargo de Investigador deve exigir n\u00edvel superior","datePublished":"2020-10-23T19:02:56+00:00","dateModified":"2023-06-13T13:00:23+00:00","mainEntityOfPage":{"@id":"https:\/\/www.estrategiaconcursos.com.br\/blog\/cargo-de-investigador-nivel-superior\/"},"wordCount":436,"commentCount":0,"publisher":{"@id":"https:\/\/www.estrategiaconcursos.com.br\/blog\/#organization"},"image":{"@id":"https:\/\/www.estrategiaconcursos.com.br\/blog\/cargo-de-investigador-nivel-superior\/#primaryimage"},"thumbnailUrl":"https:\/\/dhg1h5j42swfq.cloudfront.net\/2019\/05\/08123300\/Pol%C3%ADcia-c%C3%ADvil-3.png","articleSection":["Concursos P\u00fablicos"],"inLanguage":"pt-BR","potentialAction":[{"@type":"CommentAction","name":"Comment","target":["https:\/\/www.estrategiaconcursos.com.br\/blog\/cargo-de-investigador-nivel-superior\/#respond"]}],"copyrightYear":"2020","copyrightHolder":{"@id":"https:\/\/www.estrategiaconcursos.com.br\/blog\/#organization"}},{"@type":"WebPage","@id":"https:\/\/www.estrategiaconcursos.com.br\/blog\/cargo-de-investigador-nivel-superior\/","url":"https:\/\/www.estrategiaconcursos.com.br\/blog\/cargo-de-investigador-nivel-superior\/","name":"ALERJ vai decidir se cargo de Investigador deve exigir n\u00edvel superior","isPartOf":{"@id":"https:\/\/www.estrategiaconcursos.com.br\/blog\/#website"},"primaryImageOfPage":{"@id":"https:\/\/www.estrategiaconcursos.com.br\/blog\/cargo-de-investigador-nivel-superior\/#primaryimage"},"image":{"@id":"https:\/\/www.estrategiaconcursos.com.br\/blog\/cargo-de-investigador-nivel-superior\/#primaryimage"},"thumbnailUrl":"https:\/\/dhg1h5j42swfq.cloudfront.net\/2019\/05\/08123300\/Pol%C3%ADcia-c%C3%ADvil-3.png","datePublished":"2020-10-23T19:02:56+00:00","dateModified":"2023-06-13T13:00:23+00:00","description":"O Governador em exerc\u00edcio no Rio de Janeiro, Claudio Castro, assinou o documento que autoriza a mudan\u00e7a na forma\u00e7\u00e3o para os cargos de Investigador da PC RJ.","breadcrumb":{"@id":"https:\/\/www.estrategiaconcursos.com.br\/blog\/cargo-de-investigador-nivel-superior\/#breadcrumb"},"inLanguage":"pt-BR","potentialAction":[{"@type":"ReadAction","target":["https:\/\/www.estrategiaconcursos.com.br\/blog\/cargo-de-investigador-nivel-superior\/"]}]},{"@type":"ImageObject","inLanguage":"pt-BR","@id":"https:\/\/www.estrategiaconcursos.com.br\/blog\/cargo-de-investigador-nivel-superior\/#primaryimage","url":"https:\/\/dhg1h5j42swfq.cloudfront.net\/2019\/05\/08123300\/Pol%C3%ADcia-c%C3%ADvil-3.png","contentUrl":"https:\/\/dhg1h5j42swfq.cloudfront.net\/2019\/05\/08123300\/Pol%C3%ADcia-c%C3%ADvil-3.png","width":555,"height":312,"caption":"Como migrar os estudos da Cebraspe para a FGV"},{"@type":"BreadcrumbList","@id":"https:\/\/www.estrategiaconcursos.com.br\/blog\/cargo-de-investigador-nivel-superior\/#breadcrumb","itemListElement":[{"@type":"ListItem","position":1,"name":"In\u00edcio","item":"https:\/\/www.estrategiaconcursos.com.br\/blog\/"},{"@type":"ListItem","position":2,"name":"ALERJ vai decidir se cargo de Investigador deve exigir n\u00edvel superior"}]},{"@type":"WebSite","@id":"https:\/\/www.estrategiaconcursos.com.br\/blog\/#website","url":"https:\/\/www.estrategiaconcursos.com.br\/blog\/","name":"Estrat\u00e9gia Concursos","description":"O blog da Estrat\u00e9gia Concursos traz not\u00edcias sobre concursos e artigos de professores oferecendo cursos para concursos (pdf + videaulas) no site.","publisher":{"@id":"https:\/\/www.estrategiaconcursos.com.br\/blog\/#organization"},"potentialAction":[{"@type":"SearchAction","target":{"@type":"EntryPoint","urlTemplate":"https:\/\/www.estrategiaconcursos.com.br\/blog\/?s={search_term_string}"},"query-input":{"@type":"PropertyValueSpecification","valueRequired":true,"valueName":"search_term_string"}}],"inLanguage":"pt-BR"},{"@type":"Organization","@id":"https:\/\/www.estrategiaconcursos.com.br\/blog\/#organization","name":"Estrat\u00e9gia Concursos","url":"https:\/\/www.estrategiaconcursos.com.br\/blog\/","logo":{"@type":"ImageObject","inLanguage":"pt-BR","@id":"https:\/\/www.estrategiaconcursos.com.br\/blog\/#\/schema\/logo\/image\/","url":"https:\/\/dhg1h5j42swfq.cloudfront.net\/2025\/06\/03203428\/logo_concursos-1.jpg","contentUrl":"https:\/\/dhg1h5j42swfq.cloudfront.net\/2025\/06\/03203428\/logo_concursos-1.jpg","width":230,"height":60,"caption":"Estrat\u00e9gia Concursos"},"image":{"@id":"https:\/\/www.estrategiaconcursos.com.br\/blog\/#\/schema\/logo\/image\/"},"sameAs":["https:\/\/x.com\/EstratConcursos"]},{"@type":"Person","@id":"https:\/\/www.estrategiaconcursos.com.br\/blog\/#\/schema\/person\/a630b15e36f45b4c21fed01219843cb5","name":"Paulo Bilynskyj","image":{"@type":"ImageObject","inLanguage":"pt-BR","@id":"https:\/\/secure.gravatar.com\/avatar\/37e21f70c9042e7456beffdc6d31fe051f3f6dcbf252f69343a791b144852057?s=96&d=mm&r=g","url":"https:\/\/secure.gravatar.com\/avatar\/37e21f70c9042e7456beffdc6d31fe051f3f6dcbf252f69343a791b144852057?s=96&d=mm&r=g","contentUrl":"https:\/\/secure.gravatar.com\/avatar\/37e21f70c9042e7456beffdc6d31fe051f3f6dcbf252f69343a791b144852057?s=96&d=mm&r=g","caption":"Paulo Bilynskyj"},"url":"https:\/\/www.estrategiaconcursos.com.br\/blog\/author\/pbilynskyjgmail-com\/"}]}},"_links":{"self":[{"href":"https:\/\/www.estrategiaconcursos.com.br\/blog\/wp-json\/wp\/v2\/posts\/595677","targetHints":{"allow":["GET"]}}],"collection":[{"href":"https:\/\/www.estrategiaconcursos.com.br\/blog\/wp-json\/wp\/v2\/posts"}],"about":[{"href":"https:\/\/www.estrategiaconcursos.com.br\/blog\/wp-json\/wp\/v2\/types\/post"}],"author":[{"embeddable":true,"href":"https:\/\/www.estrategiaconcursos.com.br\/blog\/wp-json\/wp\/v2\/users\/552"}],"replies":[{"embeddable":true,"href":"https:\/\/www.estrategiaconcursos.com.br\/blog\/wp-json\/wp\/v2\/comments?post=595677"}],"version-history":[{"count":10,"href":"https:\/\/www.estrategiaconcursos.com.br\/blog\/wp-json\/wp\/v2\/posts\/595677\/revisions"}],"predecessor-version":[{"id":1231256,"href":"https:\/\/www.estrategiaconcursos.com.br\/blog\/wp-json\/wp\/v2\/posts\/595677\/revisions\/1231256"}],"wp:featuredmedia":[{"embeddable":true,"href":"https:\/\/www.estrategiaconcursos.com.br\/blog\/wp-json\/wp\/v2\/media\/372499"}],"wp:attachment":[{"href":"https:\/\/www.estrategiaconcursos.com.br\/blog\/wp-json\/wp\/v2\/media?parent=595677"}],"wp:term":[{"taxonomy":"category","embeddable":true,"href":"https:\/\/www.estrategiaconcursos.com.br\/blog\/wp-json\/wp\/v2\/categories?post=595677"},{"taxonomy":"post_tag","embeddable":true,"href":"https:\/\/www.estrategiaconcursos.com.br\/blog\/wp-json\/wp\/v2\/tags?post=595677"},{"taxonomy":"tax_estado","embeddable":true,"href":"https:\/\/www.estrategiaconcursos.com.br\/blog\/wp-json\/wp\/v2\/tax_estado?post=595677"}],"curies":[{"name":"wp","href":"https:\/\/api.w.org\/{rel}","templated":true}]}}