{"id":595426,"date":"2020-10-23T11:15:49","date_gmt":"2020-10-23T14:15:49","guid":{"rendered":"https:\/\/www.estrategiaconcursos.com.br\/blog\/?p=595426"},"modified":"2023-06-28T10:11:20","modified_gmt":"2023-06-28T13:11:20","slug":"lei-reorganizacao-saude-df","status":"publish","type":"post","link":"https:\/\/www.estrategiaconcursos.com.br\/blog\/lei-reorganizacao-saude-df\/","title":{"rendered":"Projeto de Lei prev\u00ea a reorganiza\u00e7\u00e3o das carreiras da Sa\u00fade no DF"},"content":{"rendered":"\n<p>Um Projeto de Lei (PL), de autoria do governo do Distrito Federal (DF), trata do desmembramento e da reorganiza\u00e7\u00e3o da Carreira Assist\u00eancia P\u00fablica \u00e0 Sa\u00fade do Quadro de Pessoal.<\/p>\n\n\n\n<p>O PL est\u00e1 em tramita\u00e7\u00e3o na C\u00e2mara Legislativa do Distrito Federal (CLDF) e deve ser apreciado em breve. O texto do Projeto de Lei traz os seguintes cap\u00edtulos e artigos:<\/p>\n\n\n\n<p class=\"has-text-align-center\"><strong>DO DESMEMBRAMENTO E REORGANIZA\u00c7\u00c3O DA CARREIRA<\/strong><\/p>\n\n\n\n<p><strong>Art. 1\u00ba<\/strong> A Carreira Assist\u00eancia P\u00fablica \u00e0 Sa\u00fade, criada pela Lei no 87, de 29 de dezembro de 1989, fica desmembrada em Carreira de Assist\u00eancia P\u00fablica \u00e0 Sa\u00fade e Carreira T\u00e9cnica em Enfermagem.<br \/><strong>Art. 2\u00ba<\/strong> A Carreira T\u00e9cnica em Enfermagem \u00e9 constitu\u00edda de 15.000 cargos<br \/>de T\u00e9cnico em Enfermagem, provenientes das especialidades de T\u00e9cnico em<br \/>Enfermagem e Auxiliar de Enfermagem do cargo de T\u00e9cnico em Sa\u00fade, origin\u00e1rio do desmembramento da Carreira Assist\u00eancia P\u00fablica \u00e0 Sa\u00fade.<br \/><strong>Par\u00e1grafo \u00danico.<\/strong> Os servidores ocupantes do cargo T\u00e9cnico em Sa\u00fade da<br \/>carreira Assist\u00eancia P\u00fablica \u00e0 Sa\u00fade, pertencentes \u00e0s especialidades mencionadas no caput deste artigo, passam a integrar a carreira T\u00e9cnica em Enfermagem.<br \/><strong>Art. 3\u00b0<\/strong> A Carreira Assist\u00eancia P\u00fablica \u00e0 Sa\u00fade fica reorganizada nos cargos e quantitativos na forma que segue:<\/p>\n\n\n\n<p><strong>I &#8211;<\/strong> Especialista em Sa\u00fade: 4.600 cargos;<br \/><strong>II<\/strong> -T\u00e9cnico em Sa\u00fade: 10.000 cargos;<br \/><strong>III<\/strong> -Auxiliar de Sa\u00fade: 4.500 cargos.<br \/><br \/><strong>Par\u00e1grafo \u00fanico.<\/strong> Ficam mantidas as demais regras e especificidades<br \/>inerentes \u00e0 carreira de que trata o caput.<\/p>\n\n\n\n<p class=\"has-text-align-center\"><strong>DO INGRESSO E DESENVOLVIMENTO NA CARREIRA<\/strong><\/p>\n\n\n\n<p><strong>Art. 4\u00ba<\/strong> O ingresso na carreira na Carreira T\u00e9cnica em Enfermagem dar-se-\u00e1<br \/>no Padr\u00e3o I da classe inicial do cargo de T\u00e9cnico em Enfermagem, mediante concurso p\u00fablico de provas ou provas e t\u00edtulos, obedecendo-se aos requisitos estabelecidos nesta Lei.<br \/><strong>Par\u00e1grafo \u00fanico.<\/strong> Exige-se para ingresso no cargo de T\u00e9cnico em Enfermagem certificado de conclus\u00e3o de ensino m\u00e9dio expedido por institui\u00e7\u00e3o educacional reconhecida pelo \u00f3rg\u00e3o pr\u00f3prio do sistema de ensino, curso T\u00e9cnico em Enfermagem ou habilita\u00e7\u00e3o legal equivalente e registro no Conselho de Classe.<br \/><strong>Art. 5\u00ba<\/strong> O desenvolvimento do servidor na Carreira de que trata esta Lei darse-\u00e1 mediante os institutos da progress\u00e3o e da promo\u00e7\u00e3o funcionais.<br \/><strong>\u00a7 1\u00ba<\/strong> Para os fins desta Lei, progress\u00e3o funcional \u00e9 a passagem do servidor<br \/>para o padr\u00e3o de vencimento imediatamente superior dentro de uma mesma classe, e promo\u00e7\u00e3o \u00e9 mudan\u00e7a do \u00faltimo padr\u00e3o da classe em que o servidor se encontra para o primeiro padr\u00e3o da classe imediatamente superior, do mesmo cargo.<br \/><br \/><strong>\u00a7 2\u00ba S\u00e3o requisitos essenciais para a concess\u00e3o da progress\u00e3o:<\/strong><br \/><br \/><strong>I &#8211;<\/strong> encontrar-se em efetivo exerc\u00edcio;<br \/><strong>II &#8211;<\/strong> ter cumprido o interst\u00edcio de doze meses de efetivo exerc\u00edcio no padr\u00e3o<br \/>em que se encontra posicionado.<br \/><br \/><strong>\u00a7 3\u00ba<\/strong> Para a concess\u00e3o da promo\u00e7\u00e3o funcional deve ser cumprido o interst\u00edcio de doze meses de efetivo exerc\u00edcio no padr\u00e3o atual e ser observado o crit\u00e9rio do merecimento, conforme regulamento pr\u00f3prio.<br \/><strong>\u00a7 4\u00ba<\/strong> Ao servidor em est\u00e1gio probat\u00f3rio \u00e9 vedada a concess\u00e3o da progress\u00e3o<br \/>funcional de que trata o caput, garantindo-lhe, ao final do per\u00edodo de est\u00e1gio probat\u00f3rio, a progress\u00e3o para o padr\u00e3o correspondente aos interst\u00edcios cumpridos, com efeitos financeiros somente ap\u00f3s o final do est\u00e1gio probat\u00f3rio.<br \/><strong>Art. 6\u00ba<\/strong> O \u00f3rg\u00e3o gestor da carreira poder\u00e1 instituir cursos de forma\u00e7\u00e3o<br \/>profissional, voltados para a capacita\u00e7\u00e3o, a especializa\u00e7\u00e3o e o aperfei\u00e7oamento do servidor na carreira.<br \/><strong>\u00a7 1\u00ba<\/strong> Os cursos t\u00eam por objetivo a forma\u00e7\u00e3o e a capacita\u00e7\u00e3o profissional na<br \/>busca constante da excel\u00eancia dos servi\u00e7os prestados, com \u00eanfase no<br \/>aperfei\u00e7oamento de habilidades ligadas \u00e0s \u00e1reas de atua\u00e7\u00e3o dos servidores da carreira e carga hor\u00e1ria definida de acordo com o n\u00edvel de atua\u00e7\u00e3o.<br \/><strong>\u00a7 2\u00ba<\/strong> Os programas de forma\u00e7\u00e3o continuada ser\u00e3o oferecidos com base em<br \/>levantamento pr\u00e9vio das necessidades e das prioridades do \u00f3rg\u00e3o.<br \/><strong>\u00a7 3\u00b0<\/strong> A aplica\u00e7\u00e3o do disposto neste artigo deve observar a Lei Complementar<br \/>n\u00b0 840, de 23 de dezembro de 2011.<\/p>\n\n\n\n<p class=\"has-text-align-center\"><strong>DA GEST\u00c3O DA CARREIRA<\/strong> &#8211;<strong> LEI DE REORGANIZA\u00c7\u00c3O DA SA\u00daDE DO DF<\/strong><\/p>\n\n\n\n<p>O texto do Projeto de Lei define que compete \u00e0 Secretaria de Estado de Sa\u00fade, a gest\u00e3o da Carreira T\u00e9cnica em Enfermagem, sendo que os servidores ter\u00e3o lota\u00e7\u00e3o exclusiva na Secretaria de Estado da Sa\u00fade. <\/p>\n\n\n\n<p class=\"has-text-align-center\"><strong>DA JORNADA DE TRABALHO<\/strong><\/p>\n\n\n\n<p class=\"has-text-align-left\">A jornada de trabalho dos integrantes da Carreira T\u00e9cnica em<br \/>Enfermagem \u00e9 a estabelecida na Lei no 5.174, de 19 de setembro de 2013,<br \/>observadas as peculiaridades aplicadas aos integrantes da carreira Assist\u00eancia P\u00fablica \u00e0 Sa\u00fade do Quadro de Pessoal do Distrito Federal, inclusive no que se remete \u00e0 amplia\u00e7\u00e3o para quarenta horas semanais, mediante autoriza\u00e7\u00e3o do \u00f3rg\u00e3o Central de Gest\u00e3o de Pessoas, observados a disponibilidade or\u00e7ament\u00e1ria e demais requisitos legais.<\/p>\n\n\n\n<p class=\"has-text-align-left\">Uma vez concedida a jornada de trabalho de quarenta horas semanais,<br \/>o retorno \u00e0 jornada anterior, a pedido do servidor, dever\u00e1 ser pleiteada com anteced\u00eancia de trinta dias, e quando a retrata\u00e7\u00e3o de jornada se der por interesse da Administra\u00e7\u00e3o, o servidor dever\u00e1 ser comunicado com noventa dias de anteced\u00eancia.<\/p>\n\n\n\n<p class=\"has-text-align-left\">Ap\u00f3s tr\u00eas anos de cumprimento ininterrupto da jornada de quarenta<br \/>horas semanais, o retorno \u00e0 jornada de trabalho origin\u00e1ria ficar\u00e1 sujeito \u00e0 avalia\u00e7\u00e3o das necessidades do servi\u00e7o e do desempenho do servidor, assegurado do direito do contradit\u00f3rio e da ampla defesa.<\/p>\n\n\n\n<p class=\"has-text-align-center\"><strong>DAS ATRIBUI\u00c7\u00d5ES<\/strong><\/p>\n\n\n\n<p><strong>Art. 10<\/strong> <strong>S\u00e3o atribui\u00e7\u00f5es gerais do T\u00e9cnico em Enfermagem:<\/strong><br \/><strong><br \/>I &#8211;<\/strong> executar atividades de n\u00edvel m\u00e9dio, sob a coordena\u00e7\u00e3o e a supervis\u00e3o do<br \/>Enfermeiro, nos diferentes n\u00edveis de complexidade das a\u00e7\u00f5es de sa\u00fade;<br \/><strong>II &#8211;<\/strong> executar outras atividades de mesma natureza e n\u00edvel de complexidade<br \/>determinadas em legisla\u00e7\u00e3o espec\u00edfica, observadas as peculiaridades da especialidade do cargo;<br \/><strong>III &#8211;<\/strong> participar de programas de treinamento; executar outras atividades de<br \/>interesse da \u00e1rea.<\/p>\n\n\n\n<p><strong>Art. 11<\/strong> As atribui\u00e7\u00f5es espec\u00edficas dos cargos que comp\u00f5e a carreira T\u00e9cnica<br \/>em Enfermagem ser\u00e3o definidas em ato pr\u00f3prio, respeitando a Lei no 7.498\/86 que disp\u00f5e sobre o Exerc\u00edcio Profissional e resolu\u00e7\u00f5es\/COFEN, a ser baixado pelo Secret\u00e1rio de Estado de Sa\u00fade no prazo de noventa dias, contado a partir da publica\u00e7\u00e3o desta Lei.<\/p>\n\n\n\n<p class=\"has-text-align-center\"><strong>DOS VENCIMENTOS<\/strong><\/p>\n\n\n\n<p><strong>Art. 12<\/strong> Os vencimentos do cargo de T\u00e9cnico em Enfermagem s\u00e3o<br \/>compostos das seguintes parcelas:<br \/><br \/><strong>I &#8211;<\/strong> Vencimento b\u00e1sico, conforme valores estabelecidos na Lei no 6.523, de 31<br \/>de mar\u00e7o de 2020, para os cargos nos quais as especialidades desmembradas integravam, observadas as respectivas datas de vig\u00eancia;<br \/><strong>II<\/strong> <strong>&#8211;<\/strong> Gratifica\u00e7\u00e3o de Atividade T\u00e9cnico-Administrativa &#8211; GATA, institu\u00edda pela<br \/>Lei no 3.320, de 18 de fevereiro de 2004, sendo seus percentuais, vig\u00eancia e extin\u00e7\u00e3o na forma estabelecida na Lei no 6.523, de 31 de mar\u00e7o de 2020;<br \/><strong>III &#8211;<\/strong> Gratifica\u00e7\u00e3o de Incentivo \u00e0s A\u00e7\u00f5es B\u00e1sicas de Sa\u00fade, institu\u00edda pela Lei<br \/>no 318, de 23 de setembro de 1992;<br \/><strong>IV &#8211;<\/strong> Gratifica\u00e7\u00e3o de Movimenta\u00e7\u00e3o, institu\u00edda pela Lei no 318, de 23 de<br \/>setembro de1992;<br \/><strong>IV &#8211;<\/strong> Gratifica\u00e7\u00e3o de Titula\u00e7\u00e3o, institu\u00edda pela lei no 3.320, de 18 de fevereiro<br \/>de 2004;<br \/><strong>V &#8211;<\/strong> Gratifica\u00e7\u00e3o por Condi\u00e7\u00f5es Especiais de Trabalho, de que trata a Lei n\u00b0<br \/>2.339, de 12 de abril de 1999;<br \/><strong>VI &#8211;<\/strong> GAMU &#8211; Gratifica\u00e7\u00e3o de Atendimento M\u00f3vel de Urg\u00eancia, institu\u00edda pelo<br \/>art. 37, da Lei 4.470, de 31 de mar\u00e7o de 2010.<br \/><strong>Par\u00e1grafo \u00fanico.<\/strong> O pagamento das gratifica\u00e7\u00f5es elencadas nos incisos de II<br \/>a VI deste artigo est\u00e1 vinculado \u00e0s regras de concess\u00e3o estabelecidas nos<br \/>dispositivos legais espec\u00edficos.<\/p>\n\n\n\n<p class=\"has-text-align-center\"><strong>DAS F\u00c9RIAS<\/strong><\/p>\n\n\n\n<p class=\"has-text-align-left\"><strong>Art. 13<\/strong> O servidor integrante da carreira T\u00e9cnica em Enfermagem far\u00e1 jus a<br \/>trinta dias anuais de f\u00e9rias, nos termos da lei espec\u00edfica.<br \/><strong>\u00a7 1\u00ba<\/strong> O servidor em exerc\u00edcio nas unidades de Pronto-Socorro; Centro<br \/>Cir\u00fargico; Terapia Intensiva, inclusive em Unidade de Queimados; Psiquiatria; Pronto Atendimento e Tratamento de Sa\u00fade Mental gozar\u00e1 de vinte dias consecutivos de f\u00e9rias a cada seis meses de atividade, sendo vedadas a acumula\u00e7\u00e3o e a transforma\u00e7\u00e3o em abono pecuni\u00e1rio.<br \/><strong>\u00a7 2\u00b0<\/strong> Al\u00e9m das unidades indicadas no<strong> \u00a7 1\u00b0<\/strong>, a crit\u00e9rio da Secretaria de Estado<br \/>de Sa\u00fade, outra \u00e1rea poder\u00e1 ser inclu\u00edda.<br \/><strong>\u00a7 3\u00ba<\/strong> Para fins do disposto no <strong>\u00a7 1\u00ba<\/strong>, o servidor dever\u00e1 ter cumprido, no<br \/>m\u00ednimo, vinte horas semanais de trabalho naquelas unidades h\u00e1 pelo menos doze meses.<\/p>\n\n\n\n<p class=\"has-text-align-center\"><strong>DAS DISPOSI\u00c7\u00d5ES GERAIS<\/strong> &#8211; <strong>LEI DE REORGANIZA\u00c7\u00c3O DA SA\u00daDE NO DF<\/strong><\/p>\n\n\n\n<p><strong>Art. 14<\/strong> Aplica-se aos servidores de que trata este artigo o Regime Jur\u00eddico<br \/>dos Servidores P\u00fablicos Civis do Distrito Federal, das Autarquias e das Funda\u00e7\u00f5es P\u00fablicas Distritais.<br \/><strong>Art. 15<\/strong> Ficam mantidos os direitos e vantagens dos servidores abrangidos<br \/>por esta Lei, inclusive no que se refere ao posicionamento na tabela de vencimentos de que trata a Lei no 6.523, de 2020.<br \/><strong>Art. 16<\/strong> Nenhuma redu\u00e7\u00e3o de remunera\u00e7\u00e3o poder\u00e1 resultar da aplica\u00e7\u00e3o do<br \/>disposto nesta Lei, sendo assegurada, em forma de vantagem pessoal nominalmente identificada, a parcela correspondente \u00e0 parcela correspondente \u00e0 diferen\u00e7a eventualmente obtida.<br \/><strong>Art. 17<\/strong> As disposi\u00e7\u00f5es desta Lei aplicam-se aos aposentados e aos<br \/>benefici\u00e1rios de pens\u00e3o da carreira de T\u00e9cnico em Enfermagem, dos cargos e especialidades de que trata o art. 20 desta Lei.<br \/><strong>Art. 18<\/strong> A aplica\u00e7\u00e3o desta Lei deve observar as disposi\u00e7\u00f5es previstas na Lei<br \/>Complementar no 173, de 2020.<br \/><strong>Art. 19<\/strong> Esta Lei entra em vigor na data de sua publica\u00e7\u00e3o.<\/p>\n\n\n\n<p>O Estrat\u00e9gia Concurso continuar\u00e1 acompanhando a tramita\u00e7\u00e3o do Projeto de Lei para a reorganiza\u00e7\u00e3o da Sa\u00fade na C\u00e2mara Legislativa do DF e noticiar\u00e1 eventuais avan\u00e7os no processo. <\/p>\n\n\n\n<div class=\"container\" id=\"boxes\">\n  <div class=\"row\">\n\n    <div class=\"col-sm\">\n      <div class=\"estrategia\" id=\"box-assinatura\">\n        <h3 class=\"titulo-assinatura\">Assinatura Ilimitada<\/h3>\n        <p class=\"subtitulo-assinatura\">Assinatura Anual Ilimitada*<\/p>\n        <div class=\"box-botao\">\n          <a class=\"btn-assinatura\" target=\"_blank\" href=\"https:\/\/www.estrategiaconcursos.com.br\/assinaturas\/\" role=\"button\" rel=\"noopener noreferrer\">ASSINE AGORA<\/a>\n        <\/div>\n      <\/div>\n      <p class=\"texto-auxiliar\">Prepare-se com o melhor material e com quem mais aprova em Concursos P\u00fablicos em todo o pa\u00eds. Assine agora a nossa Assinatura Anual e tenha acesso ilimitado* a todos os nossos cursos.<\/p>\n    <\/div>\n\n    <div class=\"col-sm\">\n      <div class=\"questoes\" id=\"box-assinatura\">\n        <h3 class=\"titulo-assinatura\">Sistema de Quest\u00f5es<\/h3>\n        <p class=\"subtitulo-assinatura\">Assinatura Ilimitada*<\/p>\n        <div class=\"box-botao\">\n          <a class=\"btn-assinatura\" target=\"_blank\" href=\"https:\/\/www.estrategiaconcursos.com.br\/cursosPorConcurso\/sistema-de-questoes\/#\/\" role=\"button\" rel=\"noopener noreferrer\">ASSINE AGORA<\/a>\n        <\/div>\n      <\/div>\n      <p class=\"texto-auxiliar\">Estrat\u00e9gia Quest\u00f5es nasceu maior do que todos os concorrentes, com mais quest\u00f5es cadastradas e mais solu\u00e7\u00f5es por professores. Clique no link e aproveite os descontos e b\u00f4nus imperd\u00edveis!<\/p>\n    <\/div>\n  <\/div>\n<\/div>\n\n\n\n<p class=\"has-text-align-center has-medium-font-size\"><strong><em>Fique por dentro de todos os concursos<\/em><\/strong><\/p>\n\n\n\n<figure class=\"wp-block-image aligncenter size-large is-resized\"><img loading=\"lazy\" decoding=\"async\" src=\"https:\/\/dhg1h5j42swfq.cloudfront.net\/2019\/08\/22174339\/Coruja-ESCLARECIMENTO.png\" alt=\"Concursos Previstos Minas Gerais\" class=\"wp-image-412284\" width=\"88\" height=\"62\" srcset=\"https:\/\/dhg1h5j42swfq.cloudfront.net\/2019\/08\/22174339\/Coruja-ESCLARECIMENTO.png 3508w, https:\/\/dhg1h5j42swfq.cloudfront.net\/2019\/08\/22174339\/Coruja-ESCLARECIMENTO.png 300w, https:\/\/dhg1h5j42swfq.cloudfront.net\/2019\/08\/22174339\/Coruja-ESCLARECIMENTO.png 768w, https:\/\/dhg1h5j42swfq.cloudfront.net\/2019\/08\/22174339\/Coruja-ESCLARECIMENTO.png 1024w, https:\/\/dhg1h5j42swfq.cloudfront.net\/2019\/08\/22174339\/Coruja-ESCLARECIMENTO.png 610w\" sizes=\"auto, (max-width: 88px) 100vw, 88px\" \/><\/figure>\n\n\n\n<p><br \/><\/p>\n","protected":false},"excerpt":{"rendered":"<p>Um Projeto de Lei (PL), de autoria do governo do Distrito Federal (DF), trata do desmembramento e da reorganiza\u00e7\u00e3o da Carreira Assist\u00eancia P\u00fablica \u00e0 Sa\u00fade do Quadro de Pessoal. O PL est\u00e1 em tramita\u00e7\u00e3o na C\u00e2mara Legislativa do Distrito Federal (CLDF) e deve ser apreciado em breve. O texto do Projeto de Lei traz os [&hellip;]<\/p>\n","protected":false},"author":561,"featured_media":69268,"comment_status":"open","ping_status":"closed","sticky":false,"template":"","format":"standard","meta":{"post_tipo":"article","footnotes":""},"categories":[1],"tags":[],"tax_estado":[],"class_list":["post-595426","post","type-post","status-publish","format-standard","has-post-thumbnail","hentry","category-cursos-e-concursos"],"acf":[],"yoast_head":"<!-- This site is optimized with the Yoast SEO Premium plugin v27.2 (Yoast SEO v27.2) - https:\/\/yoast.com\/product\/yoast-seo-premium-wordpress\/ -->\n<title>Projeto de Lei prev\u00ea a reorganiza\u00e7\u00e3o das carreiras da Sa\u00fade no DF<\/title>\n<meta name=\"description\" content=\"Um Projeto de Lei (PL), de autoria do governo do Distrito Federal (DF), trata do desmembramento e da reorganiza\u00e7\u00e3o da Carreira Assist\u00eancia P\u00fablica \u00e0 Sa\u00fade.\" \/>\n<meta name=\"robots\" content=\"index, follow, max-snippet:-1, max-image-preview:large, max-video-preview:-1\" \/>\n<link rel=\"canonical\" href=\"https:\/\/www.estrategiaconcursos.com.br\/blog\/lei-reorganizacao-saude-df\/\" \/>\n<meta property=\"og:locale\" content=\"pt_BR\" \/>\n<meta property=\"og:type\" content=\"article\" \/>\n<meta property=\"og:title\" content=\"Projeto de Lei prev\u00ea a reorganiza\u00e7\u00e3o das carreiras da Sa\u00fade no DF\" \/>\n<meta property=\"og:description\" content=\"Um Projeto de Lei (PL), de autoria do governo do Distrito Federal (DF), trata do desmembramento e da reorganiza\u00e7\u00e3o da Carreira Assist\u00eancia P\u00fablica \u00e0 Sa\u00fade.\" \/>\n<meta property=\"og:url\" content=\"https:\/\/www.estrategiaconcursos.com.br\/blog\/lei-reorganizacao-saude-df\/\" \/>\n<meta property=\"og:site_name\" content=\"Estrat\u00e9gia Concursos\" \/>\n<meta property=\"article:published_time\" content=\"2020-10-23T14:15:49+00:00\" \/>\n<meta property=\"article:modified_time\" content=\"2023-06-28T13:11:20+00:00\" \/>\n<meta property=\"og:image\" content=\"https:\/\/dhg1h5j42swfq.cloudfront.net\/2017\/04\/02152846\/concurso-sa%C3%BAde.jpg\" \/>\n\t<meta property=\"og:image:width\" content=\"1600\" \/>\n\t<meta property=\"og:image:height\" content=\"900\" \/>\n\t<meta property=\"og:image:type\" content=\"image\/jpeg\" \/>\n<meta name=\"author\" content=\"Ligia Carvalheiro Fernandes\" \/>\n<meta name=\"twitter:card\" content=\"summary_large_image\" \/>\n<meta name=\"twitter:creator\" content=\"@EstratConcursos\" \/>\n<meta name=\"twitter:site\" content=\"@EstratConcursos\" \/>\n<meta name=\"twitter:label1\" content=\"Escrito por\" \/>\n\t<meta name=\"twitter:data1\" content=\"Ligia Carvalheiro Fernandes\" \/>\n\t<meta name=\"twitter:label2\" content=\"Est. tempo de leitura\" \/>\n\t<meta name=\"twitter:data2\" content=\"8 minutos\" \/>\n<script type=\"application\/ld+json\" class=\"yoast-schema-graph\">{\"@context\":\"https:\/\/schema.org\",\"@graph\":[{\"@type\":\"NewsArticle\",\"@id\":\"https:\/\/www.estrategiaconcursos.com.br\/blog\/lei-reorganizacao-saude-df\/#article\",\"isPartOf\":{\"@id\":\"https:\/\/www.estrategiaconcursos.com.br\/blog\/lei-reorganizacao-saude-df\/\"},\"author\":{\"name\":\"Ligia Carvalheiro Fernandes\",\"@id\":\"https:\/\/www.estrategiaconcursos.com.br\/blog\/#\/schema\/person\/cc76e9dac392d5e35e7d00c493eee792\"},\"headline\":\"Projeto de Lei prev\u00ea a reorganiza\u00e7\u00e3o das carreiras da Sa\u00fade no DF\",\"datePublished\":\"2020-10-23T14:15:49+00:00\",\"dateModified\":\"2023-06-28T13:11:20+00:00\",\"mainEntityOfPage\":{\"@id\":\"https:\/\/www.estrategiaconcursos.com.br\/blog\/lei-reorganizacao-saude-df\/\"},\"wordCount\":1687,\"commentCount\":0,\"publisher\":{\"@id\":\"https:\/\/www.estrategiaconcursos.com.br\/blog\/#organization\"},\"image\":{\"@id\":\"https:\/\/www.estrategiaconcursos.com.br\/blog\/lei-reorganizacao-saude-df\/#primaryimage\"},\"thumbnailUrl\":\"https:\/\/dhg1h5j42swfq.cloudfront.net\/2017\/04\/02152846\/concurso-sa%C3%BAde.jpg\",\"articleSection\":[\"Concursos P\u00fablicos\"],\"inLanguage\":\"pt-BR\",\"potentialAction\":[{\"@type\":\"CommentAction\",\"name\":\"Comment\",\"target\":[\"https:\/\/www.estrategiaconcursos.com.br\/blog\/lei-reorganizacao-saude-df\/#respond\"]}],\"copyrightYear\":\"2020\",\"copyrightHolder\":{\"@id\":\"https:\/\/www.estrategiaconcursos.com.br\/blog\/#organization\"}},{\"@type\":\"WebPage\",\"@id\":\"https:\/\/www.estrategiaconcursos.com.br\/blog\/lei-reorganizacao-saude-df\/\",\"url\":\"https:\/\/www.estrategiaconcursos.com.br\/blog\/lei-reorganizacao-saude-df\/\",\"name\":\"Projeto de Lei prev\u00ea a reorganiza\u00e7\u00e3o das carreiras da Sa\u00fade no DF\",\"isPartOf\":{\"@id\":\"https:\/\/www.estrategiaconcursos.com.br\/blog\/#website\"},\"primaryImageOfPage\":{\"@id\":\"https:\/\/www.estrategiaconcursos.com.br\/blog\/lei-reorganizacao-saude-df\/#primaryimage\"},\"image\":{\"@id\":\"https:\/\/www.estrategiaconcursos.com.br\/blog\/lei-reorganizacao-saude-df\/#primaryimage\"},\"thumbnailUrl\":\"https:\/\/dhg1h5j42swfq.cloudfront.net\/2017\/04\/02152846\/concurso-sa%C3%BAde.jpg\",\"datePublished\":\"2020-10-23T14:15:49+00:00\",\"dateModified\":\"2023-06-28T13:11:20+00:00\",\"description\":\"Um Projeto de Lei (PL), de autoria do governo do Distrito Federal (DF), trata do desmembramento e da reorganiza\u00e7\u00e3o da Carreira Assist\u00eancia P\u00fablica \u00e0 Sa\u00fade.\",\"breadcrumb\":{\"@id\":\"https:\/\/www.estrategiaconcursos.com.br\/blog\/lei-reorganizacao-saude-df\/#breadcrumb\"},\"inLanguage\":\"pt-BR\",\"potentialAction\":[{\"@type\":\"ReadAction\",\"target\":[\"https:\/\/www.estrategiaconcursos.com.br\/blog\/lei-reorganizacao-saude-df\/\"]}]},{\"@type\":\"ImageObject\",\"inLanguage\":\"pt-BR\",\"@id\":\"https:\/\/www.estrategiaconcursos.com.br\/blog\/lei-reorganizacao-saude-df\/#primaryimage\",\"url\":\"https:\/\/dhg1h5j42swfq.cloudfront.net\/2017\/04\/02152846\/concurso-sa%C3%BAde.jpg\",\"contentUrl\":\"https:\/\/dhg1h5j42swfq.cloudfront.net\/2017\/04\/02152846\/concurso-sa%C3%BAde.jpg\",\"width\":1600,\"height\":900},{\"@type\":\"BreadcrumbList\",\"@id\":\"https:\/\/www.estrategiaconcursos.com.br\/blog\/lei-reorganizacao-saude-df\/#breadcrumb\",\"itemListElement\":[{\"@type\":\"ListItem\",\"position\":1,\"name\":\"In\u00edcio\",\"item\":\"https:\/\/www.estrategiaconcursos.com.br\/blog\/\"},{\"@type\":\"ListItem\",\"position\":2,\"name\":\"Projeto de Lei prev\u00ea a reorganiza\u00e7\u00e3o das carreiras da Sa\u00fade no DF\"}]},{\"@type\":\"WebSite\",\"@id\":\"https:\/\/www.estrategiaconcursos.com.br\/blog\/#website\",\"url\":\"https:\/\/www.estrategiaconcursos.com.br\/blog\/\",\"name\":\"Estrat\u00e9gia Concursos\",\"description\":\"O blog da Estrat\u00e9gia Concursos traz not\u00edcias sobre concursos e artigos de professores oferecendo cursos para concursos (pdf + videaulas) no site.\",\"publisher\":{\"@id\":\"https:\/\/www.estrategiaconcursos.com.br\/blog\/#organization\"},\"potentialAction\":[{\"@type\":\"SearchAction\",\"target\":{\"@type\":\"EntryPoint\",\"urlTemplate\":\"https:\/\/www.estrategiaconcursos.com.br\/blog\/?s={search_term_string}\"},\"query-input\":{\"@type\":\"PropertyValueSpecification\",\"valueRequired\":true,\"valueName\":\"search_term_string\"}}],\"inLanguage\":\"pt-BR\"},{\"@type\":\"Organization\",\"@id\":\"https:\/\/www.estrategiaconcursos.com.br\/blog\/#organization\",\"name\":\"Estrat\u00e9gia Concursos\",\"url\":\"https:\/\/www.estrategiaconcursos.com.br\/blog\/\",\"logo\":{\"@type\":\"ImageObject\",\"inLanguage\":\"pt-BR\",\"@id\":\"https:\/\/www.estrategiaconcursos.com.br\/blog\/#\/schema\/logo\/image\/\",\"url\":\"https:\/\/dhg1h5j42swfq.cloudfront.net\/2025\/06\/03203428\/logo_concursos-1.jpg\",\"contentUrl\":\"https:\/\/dhg1h5j42swfq.cloudfront.net\/2025\/06\/03203428\/logo_concursos-1.jpg\",\"width\":230,\"height\":60,\"caption\":\"Estrat\u00e9gia Concursos\"},\"image\":{\"@id\":\"https:\/\/www.estrategiaconcursos.com.br\/blog\/#\/schema\/logo\/image\/\"},\"sameAs\":[\"https:\/\/x.com\/EstratConcursos\"]},{\"@type\":\"Person\",\"@id\":\"https:\/\/www.estrategiaconcursos.com.br\/blog\/#\/schema\/person\/cc76e9dac392d5e35e7d00c493eee792\",\"name\":\"Ligia Carvalheiro Fernandes\",\"image\":{\"@type\":\"ImageObject\",\"inLanguage\":\"pt-BR\",\"@id\":\"https:\/\/secure.gravatar.com\/avatar\/26e4636c44dabc043eaf634f767ecd1d80505b210d3981d4ebd176a3f373e3ec?s=96&d=mm&r=g\",\"url\":\"https:\/\/secure.gravatar.com\/avatar\/26e4636c44dabc043eaf634f767ecd1d80505b210d3981d4ebd176a3f373e3ec?s=96&d=mm&r=g\",\"contentUrl\":\"https:\/\/secure.gravatar.com\/avatar\/26e4636c44dabc043eaf634f767ecd1d80505b210d3981d4ebd176a3f373e3ec?s=96&d=mm&r=g\",\"caption\":\"Ligia Carvalheiro Fernandes\"},\"url\":\"https:\/\/www.estrategiaconcursos.com.br\/blog\/author\/licarfegmail-com\/\"}]}<\/script>\n<!-- \/ Yoast SEO Premium plugin. -->","yoast_head_json":{"title":"Projeto de Lei prev\u00ea a reorganiza\u00e7\u00e3o das carreiras da Sa\u00fade no DF","description":"Um Projeto de Lei (PL), de autoria do governo do Distrito Federal (DF), trata do desmembramento e da reorganiza\u00e7\u00e3o da Carreira Assist\u00eancia P\u00fablica \u00e0 Sa\u00fade.","robots":{"index":"index","follow":"follow","max-snippet":"max-snippet:-1","max-image-preview":"max-image-preview:large","max-video-preview":"max-video-preview:-1"},"canonical":"https:\/\/www.estrategiaconcursos.com.br\/blog\/lei-reorganizacao-saude-df\/","og_locale":"pt_BR","og_type":"article","og_title":"Projeto de Lei prev\u00ea a reorganiza\u00e7\u00e3o das carreiras da Sa\u00fade no DF","og_description":"Um Projeto de Lei (PL), de autoria do governo do Distrito Federal (DF), trata do desmembramento e da reorganiza\u00e7\u00e3o da Carreira Assist\u00eancia P\u00fablica \u00e0 Sa\u00fade.","og_url":"https:\/\/www.estrategiaconcursos.com.br\/blog\/lei-reorganizacao-saude-df\/","og_site_name":"Estrat\u00e9gia Concursos","article_published_time":"2020-10-23T14:15:49+00:00","article_modified_time":"2023-06-28T13:11:20+00:00","og_image":[{"width":1600,"height":900,"url":"https:\/\/dhg1h5j42swfq.cloudfront.net\/2017\/04\/02152846\/concurso-sa%C3%BAde.jpg","type":"image\/jpeg"}],"author":"Ligia Carvalheiro Fernandes","twitter_card":"summary_large_image","twitter_creator":"@EstratConcursos","twitter_site":"@EstratConcursos","twitter_misc":{"Escrito por":"Ligia Carvalheiro Fernandes","Est. tempo de leitura":"8 minutos"},"schema":{"@context":"https:\/\/schema.org","@graph":[{"@type":"NewsArticle","@id":"https:\/\/www.estrategiaconcursos.com.br\/blog\/lei-reorganizacao-saude-df\/#article","isPartOf":{"@id":"https:\/\/www.estrategiaconcursos.com.br\/blog\/lei-reorganizacao-saude-df\/"},"author":{"name":"Ligia Carvalheiro Fernandes","@id":"https:\/\/www.estrategiaconcursos.com.br\/blog\/#\/schema\/person\/cc76e9dac392d5e35e7d00c493eee792"},"headline":"Projeto de Lei prev\u00ea a reorganiza\u00e7\u00e3o das carreiras da Sa\u00fade no DF","datePublished":"2020-10-23T14:15:49+00:00","dateModified":"2023-06-28T13:11:20+00:00","mainEntityOfPage":{"@id":"https:\/\/www.estrategiaconcursos.com.br\/blog\/lei-reorganizacao-saude-df\/"},"wordCount":1687,"commentCount":0,"publisher":{"@id":"https:\/\/www.estrategiaconcursos.com.br\/blog\/#organization"},"image":{"@id":"https:\/\/www.estrategiaconcursos.com.br\/blog\/lei-reorganizacao-saude-df\/#primaryimage"},"thumbnailUrl":"https:\/\/dhg1h5j42swfq.cloudfront.net\/2017\/04\/02152846\/concurso-sa%C3%BAde.jpg","articleSection":["Concursos P\u00fablicos"],"inLanguage":"pt-BR","potentialAction":[{"@type":"CommentAction","name":"Comment","target":["https:\/\/www.estrategiaconcursos.com.br\/blog\/lei-reorganizacao-saude-df\/#respond"]}],"copyrightYear":"2020","copyrightHolder":{"@id":"https:\/\/www.estrategiaconcursos.com.br\/blog\/#organization"}},{"@type":"WebPage","@id":"https:\/\/www.estrategiaconcursos.com.br\/blog\/lei-reorganizacao-saude-df\/","url":"https:\/\/www.estrategiaconcursos.com.br\/blog\/lei-reorganizacao-saude-df\/","name":"Projeto de Lei prev\u00ea a reorganiza\u00e7\u00e3o das carreiras da Sa\u00fade no DF","isPartOf":{"@id":"https:\/\/www.estrategiaconcursos.com.br\/blog\/#website"},"primaryImageOfPage":{"@id":"https:\/\/www.estrategiaconcursos.com.br\/blog\/lei-reorganizacao-saude-df\/#primaryimage"},"image":{"@id":"https:\/\/www.estrategiaconcursos.com.br\/blog\/lei-reorganizacao-saude-df\/#primaryimage"},"thumbnailUrl":"https:\/\/dhg1h5j42swfq.cloudfront.net\/2017\/04\/02152846\/concurso-sa%C3%BAde.jpg","datePublished":"2020-10-23T14:15:49+00:00","dateModified":"2023-06-28T13:11:20+00:00","description":"Um Projeto de Lei (PL), de autoria do governo do Distrito Federal (DF), trata do desmembramento e da reorganiza\u00e7\u00e3o da Carreira Assist\u00eancia P\u00fablica \u00e0 Sa\u00fade.","breadcrumb":{"@id":"https:\/\/www.estrategiaconcursos.com.br\/blog\/lei-reorganizacao-saude-df\/#breadcrumb"},"inLanguage":"pt-BR","potentialAction":[{"@type":"ReadAction","target":["https:\/\/www.estrategiaconcursos.com.br\/blog\/lei-reorganizacao-saude-df\/"]}]},{"@type":"ImageObject","inLanguage":"pt-BR","@id":"https:\/\/www.estrategiaconcursos.com.br\/blog\/lei-reorganizacao-saude-df\/#primaryimage","url":"https:\/\/dhg1h5j42swfq.cloudfront.net\/2017\/04\/02152846\/concurso-sa%C3%BAde.jpg","contentUrl":"https:\/\/dhg1h5j42swfq.cloudfront.net\/2017\/04\/02152846\/concurso-sa%C3%BAde.jpg","width":1600,"height":900},{"@type":"BreadcrumbList","@id":"https:\/\/www.estrategiaconcursos.com.br\/blog\/lei-reorganizacao-saude-df\/#breadcrumb","itemListElement":[{"@type":"ListItem","position":1,"name":"In\u00edcio","item":"https:\/\/www.estrategiaconcursos.com.br\/blog\/"},{"@type":"ListItem","position":2,"name":"Projeto de Lei prev\u00ea a reorganiza\u00e7\u00e3o das carreiras da Sa\u00fade no DF"}]},{"@type":"WebSite","@id":"https:\/\/www.estrategiaconcursos.com.br\/blog\/#website","url":"https:\/\/www.estrategiaconcursos.com.br\/blog\/","name":"Estrat\u00e9gia Concursos","description":"O blog da Estrat\u00e9gia Concursos traz not\u00edcias sobre concursos e artigos de professores oferecendo cursos para concursos (pdf + videaulas) no site.","publisher":{"@id":"https:\/\/www.estrategiaconcursos.com.br\/blog\/#organization"},"potentialAction":[{"@type":"SearchAction","target":{"@type":"EntryPoint","urlTemplate":"https:\/\/www.estrategiaconcursos.com.br\/blog\/?s={search_term_string}"},"query-input":{"@type":"PropertyValueSpecification","valueRequired":true,"valueName":"search_term_string"}}],"inLanguage":"pt-BR"},{"@type":"Organization","@id":"https:\/\/www.estrategiaconcursos.com.br\/blog\/#organization","name":"Estrat\u00e9gia Concursos","url":"https:\/\/www.estrategiaconcursos.com.br\/blog\/","logo":{"@type":"ImageObject","inLanguage":"pt-BR","@id":"https:\/\/www.estrategiaconcursos.com.br\/blog\/#\/schema\/logo\/image\/","url":"https:\/\/dhg1h5j42swfq.cloudfront.net\/2025\/06\/03203428\/logo_concursos-1.jpg","contentUrl":"https:\/\/dhg1h5j42swfq.cloudfront.net\/2025\/06\/03203428\/logo_concursos-1.jpg","width":230,"height":60,"caption":"Estrat\u00e9gia Concursos"},"image":{"@id":"https:\/\/www.estrategiaconcursos.com.br\/blog\/#\/schema\/logo\/image\/"},"sameAs":["https:\/\/x.com\/EstratConcursos"]},{"@type":"Person","@id":"https:\/\/www.estrategiaconcursos.com.br\/blog\/#\/schema\/person\/cc76e9dac392d5e35e7d00c493eee792","name":"Ligia Carvalheiro Fernandes","image":{"@type":"ImageObject","inLanguage":"pt-BR","@id":"https:\/\/secure.gravatar.com\/avatar\/26e4636c44dabc043eaf634f767ecd1d80505b210d3981d4ebd176a3f373e3ec?s=96&d=mm&r=g","url":"https:\/\/secure.gravatar.com\/avatar\/26e4636c44dabc043eaf634f767ecd1d80505b210d3981d4ebd176a3f373e3ec?s=96&d=mm&r=g","contentUrl":"https:\/\/secure.gravatar.com\/avatar\/26e4636c44dabc043eaf634f767ecd1d80505b210d3981d4ebd176a3f373e3ec?s=96&d=mm&r=g","caption":"Ligia Carvalheiro Fernandes"},"url":"https:\/\/www.estrategiaconcursos.com.br\/blog\/author\/licarfegmail-com\/"}]}},"_links":{"self":[{"href":"https:\/\/www.estrategiaconcursos.com.br\/blog\/wp-json\/wp\/v2\/posts\/595426","targetHints":{"allow":["GET"]}}],"collection":[{"href":"https:\/\/www.estrategiaconcursos.com.br\/blog\/wp-json\/wp\/v2\/posts"}],"about":[{"href":"https:\/\/www.estrategiaconcursos.com.br\/blog\/wp-json\/wp\/v2\/types\/post"}],"author":[{"embeddable":true,"href":"https:\/\/www.estrategiaconcursos.com.br\/blog\/wp-json\/wp\/v2\/users\/561"}],"replies":[{"embeddable":true,"href":"https:\/\/www.estrategiaconcursos.com.br\/blog\/wp-json\/wp\/v2\/comments?post=595426"}],"version-history":[{"count":2,"href":"https:\/\/www.estrategiaconcursos.com.br\/blog\/wp-json\/wp\/v2\/posts\/595426\/revisions"}],"predecessor-version":[{"id":1240098,"href":"https:\/\/www.estrategiaconcursos.com.br\/blog\/wp-json\/wp\/v2\/posts\/595426\/revisions\/1240098"}],"wp:featuredmedia":[{"embeddable":true,"href":"https:\/\/www.estrategiaconcursos.com.br\/blog\/wp-json\/wp\/v2\/media\/69268"}],"wp:attachment":[{"href":"https:\/\/www.estrategiaconcursos.com.br\/blog\/wp-json\/wp\/v2\/media?parent=595426"}],"wp:term":[{"taxonomy":"category","embeddable":true,"href":"https:\/\/www.estrategiaconcursos.com.br\/blog\/wp-json\/wp\/v2\/categories?post=595426"},{"taxonomy":"post_tag","embeddable":true,"href":"https:\/\/www.estrategiaconcursos.com.br\/blog\/wp-json\/wp\/v2\/tags?post=595426"},{"taxonomy":"tax_estado","embeddable":true,"href":"https:\/\/www.estrategiaconcursos.com.br\/blog\/wp-json\/wp\/v2\/tax_estado?post=595426"}],"curies":[{"name":"wp","href":"https:\/\/api.w.org\/{rel}","templated":true}]}}