{"id":59525,"date":"2025-12-26T11:41:00","date_gmt":"2025-12-26T14:41:00","guid":{"rendered":"https:\/\/www.estrategiaconcursos.com.br\/blog\/?p=59525"},"modified":"2026-02-06T14:10:55","modified_gmt":"2026-02-06T17:10:55","slug":"concurso-trt-go","status":"publish","type":"post","link":"https:\/\/www.estrategiaconcursos.com.br\/blog\/concurso-trt-go\/","title":{"rendered":"Concurso\u00a0TRT\u00a0GO:\u00a0certame v\u00e1lido at\u00e9 18 de agosto de 2027"},"content":{"rendered":"\n<p>No dia 7 de maio de 2025 foi publicado no Di\u00e1rio Oficial da Uni\u00e3o que o \u00faltimo concurso do <a href=\"https:\/\/www.estrategiaconcursos.com.br\/cursosPorConcurso\/trt-18-regiao\/\" target=\"_blank\" rel=\"noreferrer noopener\">Tribunal Regional do Trabalho da 18\u00aa Regi\u00e3o<\/a>&nbsp;(TRT GO) \u00e9 v\u00e1lido at\u00e9 o dia 18 de agosto de 2027. <\/p>\n\n\n\n<ul class=\"wp-block-list\">\n<li><a href=\"https:\/\/www.estrategiaconcursos.com.br\/blog\/concurso-trt-go-prazo-de-validade\/\">Prazo de validade at\u00e9 2027<\/a>.<\/li>\n<\/ul>\n\n\n\n<p>Foram ofertadas <strong>24<\/strong>&nbsp;<strong>vagas<\/strong>&nbsp;imediatas, al\u00e9m da forma\u00e7\u00e3o de cadastro reserva, distribu\u00eddas entre os cargos de T\u00e9cnico e Analista Judici\u00e1rio, de n\u00edveis m\u00e9dio e superior, com remunera\u00e7\u00e3o inicial entre R$ 7.591,37 a R$ 14.271,70.<\/p>\n\n\n\n<p>Ao todo, a banca organizadora do certame, <a href=\"https:\/\/www.concursosfcc.com.br\/concursos\/trt18122\/index.html\" target=\"_blank\" rel=\"noreferrer noopener\">FCC<\/a>, registrou <strong>42.333<\/strong> inscri\u00e7\u00f5es deferidas para a sele\u00e7\u00e3o. <\/p>\n\n\n\n<p>Importante lembrar no dia 22 de dezembro de 2025, o presidente Lula sancionou parcialmente o&nbsp;<strong><a href=\"https:\/\/www25.senado.leg.br\/web\/atividade\/materias\/-\/materia\/171600?utm_source=google&amp;utm_medium=cpc&amp;utm_campaign=ec-adm-vd-gdy-telebras-web-101215\" target=\"_blank\" rel=\"noreferrer noopener\">Projeto de Lei n\u00ba 4.750\/25<\/a><\/strong>, referente ao reajuste salarial dos servidores do Judici\u00e1rio federal.<\/p>\n\n\n\n<p>As corre\u00e7\u00f5es sucessivas de 8% previstas para ocorrer anualmente em 2026, 2027 e 2028 foram limitadas a uma parcela apenas, paga no pr\u00f3ximo ano.<\/p>\n\n\n\n<p>Confira maiores detalhes ao longo do artigo!<\/p>\n\n\n\n<ul style=\"background-color:#8dd2fc96\" class=\"wp-block-list has-background\">\n<li><strong>Concurso TRT GO<\/strong><\/li>\n\n\n\n<li><strong>Status:<\/strong> v\u00e1lido at\u00e9 18 de agosto de 2027<\/li>\n\n\n\n<li><strong>Banca<\/strong>: <a href=\"https:\/\/www.concursosfcc.com.br\/concursos\/trt18122\/index.html\">FCC<\/a><\/li>\n\n\n\n<li><strong>Vagas:<\/strong>&nbsp;24 + CR<\/li>\n\n\n\n<li><strong>Sal\u00e1rios a partir de Jul. de 2026:\u00a0<\/strong>R$ 9.776,74 (T\u00e9cnico) e R$ 16.041,21 (Analista)<\/li>\n\n\n\n<li><strong>Edital<\/strong>: <a href=\"https:\/\/dhg1h5j42swfq.cloudfront.net\/2022\/12\/01201821\/edital-trt-18-2.pdf\" target=\"_blank\" rel=\"noreferrer noopener nofollow\">TRT GO 2022<\/a><\/li>\n<\/ul>\n\n\n\n<ul class=\"wp-block-list\">\n<li><strong><a href=\"#situacao\">Situa\u00e7\u00e3o atual do concurso TRT GO<\/a><\/strong>\n<ul class=\"wp-block-list\">\n<li><strong><a href=\"#validade\">Validade<\/a><\/strong><\/li>\n\n\n\n<li><a href=\"#resultados\"><strong>Resultados<\/strong><\/a><\/li>\n\n\n\n<li><a href=\"#inscritos\"><strong>Quantitativo de inscritos<\/strong><\/a><\/li>\n\n\n\n<li><a href=\"#edital-retificado\"><strong>Edital retificado<\/strong><\/a><\/li>\n\n\n\n<li><strong><a href=\"#cargos\">Cargos e vagas<\/a><\/strong><\/li>\n\n\n\n<li><strong><a href=\"#etapas\">Etapas e provas<\/a><\/strong>\n<ul class=\"wp-block-list\">\n<li><strong><a href=\"#objetiva\">Prova Objetiva<\/a><\/strong><\/li>\n\n\n\n<li><strong><a href=\"#discursiva\">Prova Discursiva<\/a><\/strong><\/li>\n<\/ul>\n<\/li>\n<\/ul>\n<\/li>\n\n\n\n<li><a href=\"#carreira\"><strong>Carreira<\/strong><\/a>\n<ul class=\"wp-block-list\">\n<li><strong><a href=\"#remuneracao\">Remunera\u00e7\u00e3o e benef\u00edcios<\/a><\/strong><\/li>\n\n\n\n<li><strong><a href=\"#atribuicoes\">Atribui\u00e7\u00f5es dos cargos<\/a><\/strong><\/li>\n\n\n\n<li><strong><a href=\"#requisitos\">Requisitos dos cargos<\/a><\/strong><\/li>\n\n\n\n<li><strong><a href=\"https:\/\/www.estrategiaconcursos.com.br\/blog\/wp-admin\/post.php?post=59525&amp;action=edit#cargos-vagos\">Cargos vagos<\/a><\/strong><\/li>\n<\/ul>\n<\/li>\n\n\n\n<li><strong><a href=\"#ultimo-concurso\">\u00daltimo concurso<\/a><\/strong>\n<ul class=\"wp-block-list\">\n<li><a href=\"#nomeacoes\"><strong>Nomea\u00e7\u00f5es<\/strong><\/a><\/li>\n<\/ul>\n<\/li>\n\n\n\n<li><strong><a href=\"#assinatura-e-cursos\">Assinatura ilimitada e cursos<\/a><\/strong><\/li>\n\n\n\n<li><a href=\"#ficha\"><strong>Ficha T\u00e9cnica<\/strong><\/a><\/li>\n<\/ul>\n\n\n\n<div class=\"container\" id=\"boxes\">\n  <div class=\"row\">\n\n    <div class=\"col-sm\">\n      <div class=\"banner-tribunal\" id=\"box-assinatura\">\n        <h3 class=\"titulo-assinatura\">Cursos para TRT GO<\/h3>\n        <p class=\"subtitulo-assinatura\">Conhe\u00e7a os cursos<\/p>\n        <div class=\"box-botao\">\n          <a class=\"btn-assinatura\" target=\"_blank\" href=\"https:\/\/www.estrategiaconcursos.com.br\/cursosPorConcurso\/trt-18-regiao\/\" role=\"button\" rel=\"noopener noreferrer\">Conhe\u00e7a mais<\/a>\n        <\/div>\n      <\/div>\n      <p class=\"texto-auxiliar\">Prepare-se com o melhor material e com quem mais aprova em Concursos P\u00fablicos em todo o pa\u00eds.<\/p>\n    <\/div>\n\n  <\/div>\n<\/div>\n\n\n\n<h2 class=\"wp-block-heading\" id=\"situacao\">Situa\u00e7\u00e3o atual do concurso TRT GO<\/h2>\n\n\n\n<h3 class=\"wp-block-heading\" id=\"h-validade\">Validade<\/h3>\n\n\n\n<p>Consta em publica\u00e7\u00e3o no Di\u00e1rio Oficial da Uni\u00e3o do dia 7 de maio de 2025, a prorroga\u00e7\u00e3o por mais dois anos referente ao Certame 2022\/2023. A sele\u00e7\u00e3o \u00e9 v\u00e1lida at\u00e9 o dia 18 de agosto de 2027:<\/p>\n\n\n\n<figure class=\"wp-block-image\"><img loading=\"lazy\" decoding=\"async\" width=\"1024\" height=\"860\" src=\"https:\/\/dhg1h5j42swfq.cloudfront.net\/2025\/05\/07062537\/validade-concurso-trt-go-1024x860.png\" alt=\"\u00daltimo edital tem validade at\u00e9 agosto de 2027\" class=\"wp-image-1572374\" srcset=\"https:\/\/dhg1h5j42swfq.cloudfront.net\/2025\/05\/07062537\/validade-concurso-trt-go-1024x860.png 1024w, https:\/\/dhg1h5j42swfq.cloudfront.net\/2025\/05\/07062537\/validade-concurso-trt-go-300x252.png 300w, https:\/\/dhg1h5j42swfq.cloudfront.net\/2025\/05\/07062537\/validade-concurso-trt-go-768x645.png 768w, https:\/\/dhg1h5j42swfq.cloudfront.net\/2025\/05\/07062537\/validade-concurso-trt-go-150x126.png 150w, https:\/\/dhg1h5j42swfq.cloudfront.net\/2025\/05\/07062537\/validade-concurso-trt-go.png 1046w\" sizes=\"auto, (max-width: 1024px) 100vw, 1024px\" \/><\/figure>\n\n\n\n<h3 class=\"wp-block-heading\">Resultados<\/h3>\n\n\n\n<p>O resultado final do concurso TRT GO foi divulgado em 15 de maio de 2023. Veja abaixo o documento na \u00edntegra! Confira tamb\u00e9m a homologa\u00e7\u00e3o:<\/p>\n\n\n\n<ul class=\"wp-block-list\">\n<li><a href=\"https:\/\/dhg1h5j42swfq.cloudfront.net\/2023\/08\/18092236\/image-2023-08-18t091659-083.png\" target=\"_blank\" rel=\"noreferrer noopener\">Homologa\u00e7\u00e3o<\/a>;<\/li>\n\n\n\n<li><a href=\"https:\/\/dhg1h5j42swfq.cloudfront.net\/2023\/05\/15063446\/trt-go.pdf\" target=\"_blank\" rel=\"noreferrer noopener nofollow\">Resultado final<\/a>.<\/li>\n<\/ul>\n\n\n\n<p>Confira os resultados das provas objetivas e discursivas do concurso<strong>&nbsp;Tribunal Regional do Trabalho da 18\u00aa Regi\u00e3o<\/strong>:<\/p>\n\n\n\n<ul class=\"wp-block-list\">\n<li><a href=\"https:\/\/dhg1h5j42swfq.cloudfront.net\/2023\/04\/07093835\/resultado_objetiva_e_discursiva_trt18.pdf\" target=\"_blank\" rel=\"noreferrer noopener nofollow\">Resultado da objetiva e discursiva<\/a>;<\/li>\n\n\n\n<li><a href=\"https:\/\/dhg1h5j42swfq.cloudfront.net\/2023\/04\/07094022\/resultado_objetiva_e_discursiva_com_desempate_trt18.pdf\" target=\"_blank\" rel=\"noreferrer noopener nofollow\">Habilitados<\/a>.<\/li>\n<\/ul>\n\n\n\n<h3 class=\"wp-block-heading\" id=\"inscritos\">Estat\u00edstica de inscritos<\/h3>\n\n\n\n<p>Segundo o documento publicado no dia 31 de janeiro de 2023 pela banca FCC, ao todo, a sele\u00e7\u00e3o registrou <a href=\"https:\/\/www.estrategiaconcursos.com.br\/blog\/concurso-trt-go-inscritos\/\"><strong>42.333<\/strong> inscri\u00e7\u00f5es deferidas<\/a>!<\/p>\n\n\n\n<p>O cargo de com maior n\u00famero de inscritos foi o de T\u00e9cnico Judici\u00e1rio- \u00e1rea administrativa, totalizando <strong>18.756<\/strong> candidatos.<\/p>\n\n\n\n<p>J\u00e1 o cargo com menor n\u00famero de inscri\u00e7\u00f5es foi o de T\u00e9cnico Judici\u00e1rio- \u00e1rea de apoio especializado- especialidade em sa\u00fade bucal, com <strong>233<\/strong> candidaturas. <\/p>\n\n\n\n<h3 class=\"wp-block-heading\">Edital retificado <\/h3>\n\n\n\n<p>Foi publicado no Di\u00e1rio Oficial da Uni\u00e3o do dia 07 de dezembro, uma retifica\u00e7\u00e3o referente ao provimento dos cargos, passa a valer a seguinte reda\u00e7\u00e3o:<\/p>\n\n\n\n<figure class=\"wp-block-image\"><img loading=\"lazy\" decoding=\"async\" width=\"948\" height=\"776\" src=\"https:\/\/dhg1h5j42swfq.cloudfront.net\/2022\/12\/07065039\/trtgo.jpg\" alt=\"Edital TRT GO retificado \" class=\"wp-image-1135573\" srcset=\"https:\/\/dhg1h5j42swfq.cloudfront.net\/2022\/12\/07065039\/trtgo.jpg 948w, https:\/\/dhg1h5j42swfq.cloudfront.net\/2022\/12\/07065039\/trtgo-300x246.jpg 300w, https:\/\/dhg1h5j42swfq.cloudfront.net\/2022\/12\/07065039\/trtgo-768x629.jpg 768w, https:\/\/dhg1h5j42swfq.cloudfront.net\/2022\/12\/07065039\/trtgo-610x499.jpg 610w, https:\/\/dhg1h5j42swfq.cloudfront.net\/2022\/12\/07065039\/trtgo-150x123.jpg 150w\" sizes=\"auto, (max-width: 948px) 100vw, 948px\" \/><figcaption class=\"wp-element-caption\">Edital TRT GO retificado<\/figcaption><\/figure>\n\n\n\n<h2 class=\"wp-block-heading has-background\" id=\"cargos\" style=\"background-color:#c6a0eb9c\">Cargos e vagas do concurso TRT GO<\/h2>\n\n\n\n<h3 class=\"wp-block-heading\" id=\"nivel-medio-tecnico\">N\u00edvel m\u00e9dio\/ t\u00e9cnico<\/h3>\n\n\n\n<figure class=\"wp-block-table is-style-stripes\"><table class=\"has-blush-light-purple-gradient-background has-background has-fixed-layout\"><thead><tr><th class=\"has-text-align-center\" data-align=\"center\">CARGOS<\/th><th class=\"has-text-align-center\" data-align=\"center\">VAGAS<\/th><th class=\"has-text-align-center\" data-align=\"center\">SAL\u00c1RIO<\/th><\/tr><\/thead><tbody><tr><td class=\"has-text-align-center\" data-align=\"center\"><a href=\"https:\/\/www.estrategiaconcursos.com.br\/curso\/trt-18-regiao-tecnico-judiciario-area-administrativa-pacote-2022-pre-edital\/\" target=\"_blank\" rel=\"noreferrer noopener\">T\u00e9cnico Judici\u00e1rio \u2013 \u00c1rea Administrativa<\/a><\/td><td class=\"has-text-align-center\" data-align=\"center\">02 + CR<\/td><td class=\"has-text-align-center\" data-align=\"center\">R$ 7.591,37<\/td><\/tr><tr><td class=\"has-text-align-center\" data-align=\"center\">T\u00e9cnico Judici\u00e1rio \u2013 \u00c1rea Apoio Especializado, Especialidade: Tecnologia da Informa\u00e7\u00e3o<\/td><td class=\"has-text-align-center\" data-align=\"center\">05 + CR<\/td><td class=\"has-text-align-center\" data-align=\"center\">R$ 7.591,37<\/td><\/tr><tr><td class=\"has-text-align-center\" data-align=\"center\">T\u00e9cnico Judici\u00e1rio \u2013 \u00c1rea<br \/>Administrativa \u2013 Especialidade<br \/>Agente da Pol\u00edcia Judicial<\/td><td class=\"has-text-align-center\" data-align=\"center\">01 + CR<\/td><td class=\"has-text-align-center\" data-align=\"center\">R$ 7.591,37<\/td><\/tr><tr><td class=\"has-text-align-center\" data-align=\"center\">T\u00e9cnico Judici\u00e1rio \u2013 \u00c1rea Apoio<br \/>Especializado \u2013 Especialidade<br \/>Enfermagem do Trabalho<\/td><td class=\"has-text-align-center\" data-align=\"center\">CR<\/td><td class=\"has-text-align-center\" data-align=\"center\">R$ 7.591,37<\/td><\/tr><tr><td class=\"has-text-align-center\" data-align=\"center\">T\u00e9cnico Judici\u00e1rio \u2013 \u00c1rea Apoio<br \/>Especializado \u2013 Especialidade<br \/>Sa\u00fade Bucal<\/td><td class=\"has-text-align-center\" data-align=\"center\">01 + CR<\/td><td class=\"has-text-align-center\" data-align=\"center\">R$ 7.591,37<\/td><\/tr><\/tbody><\/table><figcaption class=\"wp-element-caption\">Cargos de n\u00edvel m\u00e9dio <\/figcaption><\/figure>\n\n\n\n<h3 class=\"wp-block-heading\" id=\"nivel-superior\">N\u00edvel superior<\/h3>\n\n\n\n<figure class=\"wp-block-table is-style-stripes\"><table class=\"has-blush-light-purple-gradient-background has-background has-fixed-layout\"><thead><tr><th class=\"has-text-align-center\" data-align=\"center\">CARGOS<\/th><th class=\"has-text-align-center\" data-align=\"center\">VAGAS<\/th><th class=\"has-text-align-center\" data-align=\"center\">SAL\u00c1RIO<\/th><\/tr><\/thead><tbody><tr><td class=\"has-text-align-center\" data-align=\"center\">Analista Judici\u00e1rio \u2013 \u00c1rea<br \/>Judici\u00e1ria \u2013 Especialidade<br \/>Oficial de Justi\u00e7a Avaliador<br \/>Federal<\/td><td class=\"has-text-align-center\" data-align=\"center\">CR<\/td><td class=\"has-text-align-center\" data-align=\"center\">R$ 14.271,70<\/td><\/tr><tr><td class=\"has-text-align-center\" data-align=\"center\">Analista Judici\u00e1rio \u2013 \u00c1rea Judici\u00e1ria<\/td><td class=\"has-text-align-center\" data-align=\"center\">01 + CR<\/td><td class=\"has-text-align-center\" data-align=\"center\">R$ 12.455,30<\/td><\/tr><tr><td class=\"has-text-align-center\" data-align=\"center\">Analista Judici\u00e1rio \u2013 \u00c1rea Administrativa<\/td><td class=\"has-text-align-center\" data-align=\"center\">01 + CR<\/td><td class=\"has-text-align-center\" data-align=\"center\">R$ 12.455,30<\/td><\/tr><tr><td class=\"has-text-align-center\" data-align=\"center\">Analista Judici\u00e1rio \u2013 \u00c1rea Apoio Especializado, Especialidade: Servi\u00e7o Social<\/td><td class=\"has-text-align-center\" data-align=\"center\">01 + CR<\/td><td class=\"has-text-align-center\" data-align=\"center\">R$ 12.455,30<\/td><\/tr><tr><td class=\"has-text-align-center\" data-align=\"center\">Analista Judici\u00e1rio \u2013 \u00c1rea Apoio Especializado, Especialidade: Estat\u00edstica<\/td><td class=\"has-text-align-center\" data-align=\"center\">01 + CR<\/td><td class=\"has-text-align-center\" data-align=\"center\">R$ 12.455,30<\/td><\/tr><tr><td class=\"has-text-align-center\" data-align=\"center\">Analista Judici\u00e1rio \u2013 \u00c1rea Apoio Especializado, Especialidade: Medicina do Trabalho<\/td><td class=\"has-text-align-center\" data-align=\"center\">01 + CR<\/td><td class=\"has-text-align-center\" data-align=\"center\">R$ 12.455,30<\/td><\/tr><tr><td class=\"has-text-align-center\" data-align=\"center\">Analista Judici\u00e1rio \u2013 \u00c1rea Apoio Especializado, Especialidade: Odontologia<\/td><td class=\"has-text-align-center\" data-align=\"center\">01 + CR<\/td><td class=\"has-text-align-center\" data-align=\"center\">R$ 12.455,30<\/td><\/tr><tr><td class=\"has-text-align-center\" data-align=\"center\">Analista Judici\u00e1rio \u2013 \u00c1rea<br \/>Administrativa \u2013 Especialidade<br \/>Contabilidade <\/td><td class=\"has-text-align-center\" data-align=\"center\">02 +CR<\/td><td class=\"has-text-align-center\" data-align=\"center\">R$ 12.455,30<\/td><\/tr><tr><td class=\"has-text-align-center\" data-align=\"center\"><a href=\"https:\/\/www.estrategiaconcursos.com.br\/cursosPorConcurso\/trt-18-regiao\/\" target=\"_blank\" rel=\"noreferrer noopener\">Analista Judici\u00e1rio \u2013 \u00c1rea Apoio Especializado, Especialidade: Tecnologia da Informa\u00e7\u00e3o<\/a><\/td><td class=\"has-text-align-center\" data-align=\"center\">04 + CR<\/td><td class=\"has-text-align-center\" data-align=\"center\">R$ 12.455,30<\/td><\/tr><\/tbody><\/table><figcaption class=\"wp-element-caption\">Cargos de n\u00edvel superior<\/figcaption><\/figure>\n\n\n\n<h2 class=\"wp-block-heading\" id=\"etapas\">Concurso TRT GO: etapas de provas<\/h2>\n\n\n\n<p>Os candidatos do concurso TRT GO foram avaliados por meio de provas objetivas e discursivas no dia<strong> 12 de fevereiro de 2023<\/strong>,&nbsp;na cidade de <strong>Goi\u00e2nia -GO<\/strong>. A aplica\u00e7\u00e3o da etapa foi da seguinte maneira:<\/p>\n\n\n\n<ul class=\"wp-block-list\">\n<li>no per\u00edodo da MANH\u00c3: para os cargos de T\u00e9cnico Judici\u00e1rio, todas as \u00e1reas e especialidades;<\/li>\n\n\n\n<li>no per\u00edodo da TARDE: para os cargos de Analista Judici\u00e1rio, todas as \u00e1reas e especialidades.<\/li>\n<\/ul>\n\n\n\n<h3 class=\"wp-block-heading\" id=\"objetiva\">Prova Objetiva<\/h3>\n\n\n\n<p>A prova objetiva, de car\u00e1ter eliminat\u00f3rio e classificat\u00f3rio, foi composta por 60 quest\u00f5es de m\u00faltipla escolha, com 05 alternativas e apenas uma correta. A etapa teve dura\u00e7\u00e3o m\u00e1xima de 04h30.<\/p>\n\n\n\n<p>Confira abaixo a estrutura das provas!<\/p>\n\n\n\n<figure class=\"wp-block-image aligncenter size-full is-resized\"><img loading=\"lazy\" decoding=\"async\" width=\"871\" height=\"829\" src=\"https:\/\/dhg1h5j42swfq.cloudfront.net\/2022\/12\/01204725\/etapa-de-provas-trt-go.png\" alt=\"Tabela de atribui\u00e7\u00e3o de pontos na avalia\u00e7\u00e3o de t\u00edtulos\" class=\"wp-image-1133092\" style=\"width:709px;height:675px\" srcset=\"https:\/\/dhg1h5j42swfq.cloudfront.net\/2022\/12\/01204725\/etapa-de-provas-trt-go.png 871w, https:\/\/dhg1h5j42swfq.cloudfront.net\/2022\/12\/01204725\/etapa-de-provas-trt-go-300x286.png 300w, https:\/\/dhg1h5j42swfq.cloudfront.net\/2022\/12\/01204725\/etapa-de-provas-trt-go-768x731.png 768w, https:\/\/dhg1h5j42swfq.cloudfront.net\/2022\/12\/01204725\/etapa-de-provas-trt-go-610x581.png 610w, https:\/\/dhg1h5j42swfq.cloudfront.net\/2022\/12\/01204725\/etapa-de-provas-trt-go-150x143.png 150w\" sizes=\"auto, (max-width: 871px) 100vw, 871px\" \/><figcaption class=\"wp-element-caption\">Composi\u00e7\u00e3o da prova objetiva concurso TRT GO<\/figcaption><\/figure>\n\n\n\n<h3 class=\"wp-block-heading\" id=\"discursiva\">Prova Discursiva<\/h3>\n\n\n\n<p>A Prova Discursiva-Reda\u00e7\u00e3o, tamb\u00e9m de car\u00e1ter eliminat\u00f3rio e classificat\u00f3rio, foi aplicada para todos os candidatos no mesmo dia e hor\u00e1rio das Provas Objetivas de Conhecimentos Gerais e Conhecimentos Espec\u00edficos.<\/p>\n\n\n\n<p>Na referida etapa, o candidato teve que desenvolver texto dissertativo-argumentativo a partir de proposta \u00fanica, sobre assunto de interesse geral n\u00e3o atrelado necessariamente ao Conte\u00fado Program\u00e1tico de Conhecimentos Espec\u00edficos referido no edital publicado.<\/p>\n\n\n\n<p>Os candidatos a cargos de n\u00edvel superior, tiveram que rigorosamente observar os limites m\u00ednimo de<br \/>30 e m\u00e1ximo de 40 linhas. J\u00e1 aos candidatos a cargos de n\u00edvel m\u00e9dio, nos limites m\u00ednimo de 20 e m\u00e1ximo de 30 linhas.<\/p>\n\n\n\n<h2 class=\"wp-block-heading\" id=\"carreira\">Carreira no TRT GO<\/h2>\n\n\n\n<h3 class=\"wp-block-heading\" id=\"remuneracao\">Remunera\u00e7\u00e3o e benef\u00edcios<\/h3>\n\n\n\n<p>A Justi\u00e7a Federal teve o&nbsp;<a href=\"https:\/\/www.estrategiaconcursos.com.br\/blog\/lula-sancionou-reajuste-salarial-aos-servidores-para-2026\/\">reajuste salarial de 8%<\/a>&nbsp;para todas as carreiras sancionado pelo governo federal. Com isso, os sal\u00e1rios iniciais podem&nbsp;<strong>chegar a R$&nbsp;16.041,21<\/strong>, al\u00e9m de benef\u00edcios.<\/p>\n\n\n\n<p>O adicional de qualifica\u00e7\u00e3o tamb\u00e9m foi reajustado. Atualmente, um analista em final de carreira pode somar R$ 1.161,52 se tiver doutorado, por exemplo.&nbsp;<\/p>\n\n\n\n<p>Com a mudan\u00e7a, o valor vai para&nbsp;<strong>R$ 3.857,75<\/strong>&nbsp;a partir de 2026, considerando-se o reajuste de 8% a partir do pr\u00f3ximo ano, previsto na&nbsp;Lei 15.293, de 19 de dezembro de 2025.<\/p>\n\n\n\n<p>Tamb\u00e9m a partir de 2026, o mestrado valer\u00e1&nbsp;<strong>R$ 2.700,43 (contra os atuais R$ 929,21)<\/strong>. Essas duas qualifica\u00e7\u00f5es n\u00e3o podem ser acumuladas entre si e absorvem outras de valores menores.<\/p>\n\n\n\n<p>Com o reajuste, os vencimentos b\u00e1sicos iniciais para os cargos ficam com os seguintes valores a partir de julho de 2026:<\/p>\n\n\n\n<p><strong>R$ 16.041,21 (Analista)<\/strong><\/p>\n\n\n\n<p><strong>R$ 9.776,74 (T\u00e9cnico)&nbsp;<\/strong><\/p>\n\n\n\n<p>Al\u00e9m do vencimento b\u00e1sico atualizado, os aprovados ter\u00e3o direito a benef\u00edcios como&nbsp;<strong>aux\u00edlio pr\u00e9-escolar<\/strong>&nbsp;no valor de&nbsp;<strong><\/strong><strong>R$ 1.288,47<\/strong>, e&nbsp;<strong>aux\u00edlio alimenta\u00e7\u00e3o<\/strong>&nbsp;no valor de&nbsp;<strong><\/strong><strong>R$ 1.860,51<\/strong>,&nbsp;<strong>Aux\u00edlio-Natalidade<\/strong>&nbsp;no valor de&nbsp;<strong>R$718,58<\/strong>&nbsp;e&nbsp;<strong>Aux\u00edlio-Sa\u00fade&nbsp;<\/strong>no valor de&nbsp;<strong>R$579,39<\/strong>.<strong> <\/strong><\/p>\n\n\n\n<h2 class=\"wp-block-heading\" id=\"atribuicoes-dos-cargos-do-concurso-trt-go\">Atribui\u00e7\u00f5es dos cargos do concurso TRT GO<\/h2>\n\n\n\n<h4 class=\"wp-block-heading\" id=\"analista-judiciario-area-judiciaria\">Analista Judici\u00e1rio \u2013 \u00c1rea Judici\u00e1ria:<\/h4>\n\n\n\n<ul class=\"wp-block-list\">\n<li>Analisar peti\u00e7\u00f5es e processos, confeccionar minutas de votos, emitir informa\u00e7\u00f5es e pareceres; <\/li>\n\n\n\n<li>proceder a estudos e pesquisas na legisla\u00e7\u00e3o, na jurisprud\u00eancia e na doutrina pertinente para fundamentar a an\u00e1lise de processo e emiss\u00e3o de parecer; <\/li>\n\n\n\n<li>fornecer suporte t\u00e9cnico e administrativo aos magistrados, \u00f3rg\u00e3os julgadores e unidades do Tribunal; <\/li>\n\n\n\n<li>inserir, atualizar e consultar informa\u00e7\u00f5es em base de dados; verificar prazos processuais. <\/li>\n<\/ul>\n\n\n\n<h4 class=\"wp-block-heading\" id=\"analista-judiciario-especialidade-oficial-de-justica-avaliador-federal\">Analista Judici\u00e1rio \u2013 Especialidade Oficial de Justi\u00e7a Avaliador Federal:<\/h4>\n\n\n\n<ul class=\"wp-block-list\">\n<li>Executar cita\u00e7\u00f5es, notifica\u00e7\u00f5es, intima\u00e7\u00f5es e demais ordens judiciais, certificando no mandado o ocorrido; <\/li>\n\n\n\n<li>executar penhoras, avalia\u00e7\u00f5es, arremata\u00e7\u00f5es, pra\u00e7as e hastas p\u00fablicas, remiss\u00f5es, adjudica\u00e7\u00f5es, arrestos, sequestros, buscas e apreens\u00f5es, lavrando no local o respectivo auto circunstanciado. <\/li>\n<\/ul>\n\n\n\n<h4 class=\"wp-block-heading\" id=\"analista-judiciario-area-administrativa\">Analista Judici\u00e1rio \u2013 \u00c1rea Administrativa: <\/h4>\n\n\n\n<ul class=\"wp-block-list\">\n<li>Realizar tarefas relacionadas \u00e0 administra\u00e7\u00e3o de recursos humanos, materiais, patrimoniais, or\u00e7ament\u00e1rios e financeiros, de desenvolvimento organizacional, licita\u00e7\u00f5es e contratos, contadoria e auditoria; <\/li>\n\n\n\n<li>emitir informa\u00e7\u00f5es e pareceres; <\/li>\n\n\n\n<li>elaborar, analisar e interpretar dados e demonstrativos; <\/li>\n\n\n\n<li>elaborar, implementar, acompanhar e avaliar projetos pertinentes \u00e0 \u00e1rea de atua\u00e7\u00e3o; <\/li>\n\n\n\n<li>elaborar e aplicar instrumentos de acompanhamento, avalia\u00e7\u00e3o, pesquisa, controle e divulga\u00e7\u00e3o referentes aos projetos desenvolvidos; atender ao p\u00fablico interno e externo.  <\/li>\n<\/ul>\n\n\n\n<h4 class=\"wp-block-heading\" id=\"tecnico-judiciario-area-administrativa\">T\u00e9cnico Judici\u00e1rio \u2013 \u00c1rea Administrativa: <\/h4>\n\n\n\n<ul class=\"wp-block-list\">\n<li>Prestar apoio t\u00e9cnico e administrativo pertinente \u00e0s atribui\u00e7\u00f5es das unidades organizacionais; <\/li>\n\n\n\n<li>executar tarefas de apoio \u00e0 atividade judici\u00e1ria; <\/li>\n\n\n\n<li>arquivar documentos; <\/li>\n\n\n\n<li>efetuar tarefas relacionadas \u00e0 movimenta\u00e7\u00e3o e \u00e0 guarda de processos e documentos; <\/li>\n\n\n\n<li>atender ao p\u00fablico interno e externo; <\/li>\n\n\n\n<li>classificar e autuar processos; <\/li>\n\n\n\n<li>realizar estudos, pesquisas e rotinas administrativas. <\/li>\n<\/ul>\n\n\n\n<h4 class=\"wp-block-heading\" id=\"tecnico-judiciario-especialidade-seguranca\">T\u00e9cnico Judici\u00e1rio \u2013 Especialidade Seguran\u00e7a:<\/h4>\n\n\n\n<ul class=\"wp-block-list\">\n<li>Atuar na seguran\u00e7a dos magistrados, das autoridades, dos servidores e das instala\u00e7\u00f5es do Tribunal; <\/li>\n\n\n\n<li>realizar investiga\u00e7\u00f5es preliminares; <\/li>\n\n\n\n<li>conduzir ve\u00edculos automotores; <\/li>\n\n\n\n<li>vistoriar ve\u00edculos e registrar sua movimenta\u00e7\u00e3o; <\/li>\n\n\n\n<li>prestar primeiros socorros \u00e0s vitimas de sinistros e outras situa\u00e7\u00f5es de risco; <\/li>\n\n\n\n<li>fiscalizar as atividades de controle de entrada e sa\u00edda de materiais, equipamentos e volumes das depend\u00eancias do tribunal; <\/li>\n\n\n\n<li>executar a\u00e7\u00f5es de preven\u00e7\u00e3o e combate a inc\u00eandio e outros sinistros.  <\/li>\n<\/ul>\n\n\n\n<h2 class=\"wp-block-heading\" id=\"requisitos\">Concurso TRT GO: requisitos dos cargos<\/h2>\n\n\n\n<p><strong>Analista Judici\u00e1rio \u2013 \u00c1rea Judici\u00e1ria <\/strong><br \/>Diploma ou certificado de curso de Gradua\u00e7\u00e3o em Direito.  <\/p>\n\n\n\n<p><strong>Analista Judici\u00e1rio \u2013 \u00c1rea Judici\u00e1ria \u2013 Especialidade Oficial de Justi\u00e7a Avaliador Federal <\/strong><br \/>Diploma ou certificado de curso de Gradua\u00e7\u00e3o em Direito.<\/p>\n\n\n\n<p><strong>Analista Judici\u00e1rio \u2013 \u00c1rea Administrativa <\/strong><br \/>Diploma de curso de Gradua\u00e7\u00e3o de n\u00edvel Superior em qualquer \u00e1rea de forma\u00e7\u00e3o. <\/p>\n\n\n\n<p><strong>Analista Judici\u00e1rio \u2013 \u00c1rea Administrativa \u2013 Especialidade Contabilidade  <\/strong><br \/>Diploma ou Certificado de curso de Gradua\u00e7\u00e3o em Contabilidade, reconhecido e registro no Conselho Regional da categoria.<\/p>\n\n\n\n<p><strong>Analista Judici\u00e1rio \u2013 \u00c1rea Apoio Especializado \u2013 Especialidade Tecnologia da Informa\u00e7\u00e3o  <\/strong><br \/>Diploma de Gradua\u00e7\u00e3o de n\u00edvel Superior na \u00e1rea de Tecnologia da Informa\u00e7\u00e3o ou de qualquer outra Gradua\u00e7\u00e3o de n\u00edvel Superior com P\u00f3s-Gradua\u00e7\u00e3o na \u00e1rea de Tecnologia da Informa\u00e7\u00e3o, com carga hor\u00e1ria m\u00ednima de 360 horas-aula.<\/p>\n\n\n\n<p><strong>Analista Judici\u00e1rio \u2013 \u00c1rea Apoio Especializado \u2013 Especialidade Psicologia   <\/strong><br \/>Diploma ou Certificado de curso de Gradua\u00e7\u00e3o em Psicologia e registro no Conselho Regional da categoria.<\/p>\n\n\n\n<p><strong>Analista Judici\u00e1rio \u2013 \u00c1rea Apoio Especializado \u2013 Especialidade Engenharia Civil  <\/strong><br \/>Diploma ou Certificado de curso de Gradua\u00e7\u00e3o em Engenharia Civil e registro no Conselho Regional da categoria.  <\/p>\n\n\n\n<p><strong>Analista Judici\u00e1rio \u2013 \u00c1rea Apoio Especializado \u2013 Especialidade Medicina (Cl\u00ednico Geral)  <\/strong><br \/>Diploma ou Certificado de curso de Gradua\u00e7\u00e3o em Medicina e registro no Conselho Regional da categoria.  <\/p>\n\n\n\n<p><strong>T\u00e9cnico Judici\u00e1rio \u2013 \u00c1rea Administrativa <\/strong><br \/>Certificado de conclus\u00e3o de curso de ensino m\u00e9dio ou de curso t\u00e9cnico equivalente. <\/p>\n\n\n\n<p><strong>T\u00e9cnico Judici\u00e1rio \u2013 \u00c1rea Administrativa \u2013 Especialidade Seguran\u00e7a  <\/strong><br \/>Certificado de conclus\u00e3o de curso de ensino m\u00e9dio ou de curso t\u00e9cnico equivalente e Carteira Nacional de Habilita\u00e7\u00e3o, categoria D ou E. <\/p>\n\n\n\n<p><strong>T\u00e9cnico Judici\u00e1rio \u2013 \u00c1rea Apoio Especializado \u2013 Especialidade Tecnologia da Informa\u00e7\u00e3o  <\/strong><br \/>Certificado de curso de n\u00edvel m\u00e9dio ou de curso t\u00e9cnico equivalente, com habilita\u00e7\u00e3o espec\u00edfica em cursos de Tecnologia da Informa\u00e7\u00e3o que, somados, apresentem carga hor\u00e1ria m\u00ednima de 120 horas-aula. <\/p>\n\n\n\n<h3 class=\"wp-block-heading\" id=\"cargos-vagos\">Concurso TRT GO: Cargos vagos<\/h3>\n\n\n\n<p>Segundo o levantamento de <a href=\"https:\/\/sistemas.trt18.jus.br\/transparencia\/page\/area\/19\/consulta\/24\">dezembro de 2024<\/a>, o Tribunal Regional do Trabalho de Goi\u00e1s possui <strong>18 cargos vagos<\/strong> em seu quadro de servidores, sendo:<\/p>\n\n\n\n<ul class=\"wp-block-list\">\n<li>10 cargos vagos para Analista;<\/li>\n\n\n\n<li>08 cargos vagos para T\u00e9cnico;<\/li>\n<\/ul>\n\n\n\n<h2 class=\"wp-block-heading\" id=\"ultimo-concurso\"><span style=\"color: #000000;\">\u00daltimo concurso TRT <\/span>GO<\/h2>\n\n\n\n<p>O \u00faltimo concurso TRT GO foi realizado em<strong> 2013<\/strong> sob organiza\u00e7\u00e3o da Funda\u00e7\u00e3o Carlos Chagas, a FCC. Na ocasi\u00e3o foram ofertadas 11 vagas imediatas mais cadastro de reserva para os cargos de Analista Judici\u00e1rio e T\u00e9cnico Judici\u00e1rio em diversas \u00e1reas\/especialidades.<\/p>\n\n\n\n<p>O concurso foi homologado, pelo Pleno do TRT 18\u00aa, em 12 de novembro de 2013, para a maioria dos cargos e, em 3 de dezembro, do mesmo ano, para o cargo de T\u00e9cnico Judici\u00e1rio \u2013 Especialidade Seguran\u00e7a. Em 2015, por meio da Resolu\u00e7\u00e3o Administrativa N\u00ba 125\/2015, o prazo de validade foi prorrogado por dois anos.<\/p>\n\n\n\n<h4 class=\"wp-block-heading\" id=\"analista-judiciario\">Analista Judici\u00e1rio<\/h4>\n\n\n\n<ul class=\"wp-block-list\">\n<li>02 vagas: Judici\u00e1ria <\/li>\n\n\n\n<li>01 vaga: Oficial de Justi\u00e7a Avaliador Federal <\/li>\n\n\n\n<li>CR: Administrativa <\/li>\n\n\n\n<li>CR: Contabilidade <\/li>\n\n\n\n<li>CR: Tecnologia da Informa\u00e7\u00e3o <\/li>\n\n\n\n<li>CR: Psicologia <\/li>\n\n\n\n<li>CR: Engenharia Civil  <\/li>\n\n\n\n<li>CR: Medicina (Cl\u00ednico Geral)  <\/li>\n<\/ul>\n\n\n\n<h4 class=\"wp-block-heading\" id=\"tecnico-judiciario\">T\u00e9cnico Judici\u00e1rio<\/h4>\n\n\n\n<ul class=\"wp-block-list\">\n<li>07 vagas: Administrativa <\/li>\n\n\n\n<li>CR: Seguran\u00e7a <\/li>\n\n\n\n<li>01 vaga: Tecnologia da Informa\u00e7\u00e3o <\/li>\n<\/ul>\n\n\n\n<h3 class=\"wp-block-heading\" id=\"quantitativo-de-inscritos\">Quantitativo de inscritos<\/h3>\n\n\n\n<p>Foram registrados no total <strong>36.484 candidatos inscritos<\/strong>, sendo que o cargo com maior procura foi o de T\u00e9cnico Judici\u00e1rio &#8211; \u00c1rea Judici\u00e1ria, com 15.603 inscritos, o que representa 43% do total de inscri\u00e7\u00f5es.<\/p>\n\n\n\n<figure class=\"wp-block-table is-style-stripes\"><table class=\"has-background has-fixed-layout\" style=\"background-color:#e7f5fe\"><tbody><tr><td class=\"has-text-align-center\" data-align=\"center\"><strong>Cargo<\/strong><\/td><td class=\"has-text-align-center\" data-align=\"center\"><strong>Inscritos<\/strong><\/td><td class=\"has-text-align-center\" data-align=\"center\"><strong>Demanda<\/strong><\/td><\/tr><tr><td class=\"has-text-align-center\" data-align=\"center\">An. Jud. \u2013 Engenharia Civil<\/td><td class=\"has-text-align-center\" data-align=\"center\">338<\/td><td class=\"has-text-align-center\" data-align=\"center\">169<\/td><\/tr><tr><td class=\"has-text-align-center\" data-align=\"center\">An. Jud. \u2013 Medicina<\/td><td class=\"has-text-align-center\" data-align=\"center\">223<\/td><td class=\"has-text-align-center\" data-align=\"center\">223<\/td><\/tr><tr><td class=\"has-text-align-center\" data-align=\"center\">An. Jud. \u2013 Psicologia<\/td><td class=\"has-text-align-center\" data-align=\"center\">577<\/td><td class=\"has-text-align-center\" data-align=\"center\">&#8211;<\/td><\/tr><tr><td class=\"has-text-align-center\" data-align=\"center\">An. Jud. \u2013 T.I.<\/td><td class=\"has-text-align-center\" data-align=\"center\">880<\/td><td class=\"has-text-align-center\" data-align=\"center\">&#8211;<\/td><\/tr><tr><td class=\"has-text-align-center\" data-align=\"center\">An. Jud. \u2013 Contabilidade<\/td><td class=\"has-text-align-center\" data-align=\"center\">383<\/td><td class=\"has-text-align-center\" data-align=\"center\">&#8211;<\/td><\/tr><tr><td class=\"has-text-align-center\" data-align=\"center\">An. Jud. \u2013  OJAF<\/td><td class=\"has-text-align-center\" data-align=\"center\">1.383<\/td><td class=\"has-text-align-center\" data-align=\"center\">&#8211;<\/td><\/tr><tr><td class=\"has-text-align-center\" data-align=\"center\">An. Jud. \u2013 Administrativa<\/td><td class=\"has-text-align-center\" data-align=\"center\">4.323<\/td><td class=\"has-text-align-center\" data-align=\"center\">&#8211;<\/td><\/tr><tr><td class=\"has-text-align-center\" data-align=\"center\">An. Jud. \u2013 Judici\u00e1ria<\/td><td class=\"has-text-align-center\" data-align=\"center\">10.583<\/td><td class=\"has-text-align-center\" data-align=\"center\">&#8211;<\/td><\/tr><tr><td class=\"has-text-align-center\" data-align=\"center\">T\u00e9c. Jud. \u2013 T.I.<\/td><td class=\"has-text-align-center\" data-align=\"center\">453 <\/td><td class=\"has-text-align-center\" data-align=\"center\">65<\/td><\/tr><tr><td class=\"has-text-align-center\" data-align=\"center\">T\u00e9c. Jud. \u2013 Seguran\u00e7a<\/td><td class=\"has-text-align-center\" data-align=\"center\">1.738 <\/td><td class=\"has-text-align-center\" data-align=\"center\">&#8211;<\/td><\/tr><tr><td class=\"has-text-align-center\" data-align=\"center\">T\u00e9c. Jud. \u2013 Administrativa<\/td><td class=\"has-text-align-center\" data-align=\"center\">15.603 <\/td><td class=\"has-text-align-center\" data-align=\"center\">15.603 <\/td><\/tr><\/tbody><\/table><figcaption class=\"wp-element-caption\">Tabela de inscritos do \u00faltimo concurso <\/figcaption><\/figure>\n\n\n\n<h3 class=\"wp-block-heading\">Nomea\u00e7\u00f5es <\/h3>\n\n\n\n<p>No \u00faltimo concurso do TRT GO foram aprovados um total de 390 candidatos para o cargo de analista judici\u00e1rio; 72 para o cargo de oficial de justi\u00e7a; 54 para o cargo de analista judici\u00e1rio, \u00e1rea administrativa; 29 para analista, especialidade contabilidade; 30 para analista, \u00e1rea de TI; 29 para a \u00e1rea de psicologia; 29 para a \u00e1rea de engenharia civil; 22 para a \u00e1rea de medicina; 518 para t\u00e9cnico judici\u00e1rio, \u00e1rea administrativa e 50 para t\u00e9cnico judici\u00e1rio, especialidade tecnologia da informa\u00e7\u00e3o.&nbsp;<\/p>\n\n\n\n<p>O concurso foi homologado, pelo Pleno do TRT 18\u00aa, em 12 de novembro de 2013, para a maioria dos cargos e, em 3 de dezembro, do mesmo ano, para o cargo de T\u00e9cnico Judici\u00e1rio \u2013 \u00c1rea Administrativa \u2013 Especialidade Seguran\u00e7a. <\/p>\n\n\n\n<p>Em 2015, por meio da Resolu\u00e7\u00e3o Administrativa N\u00ba 125\/2015, o prazo de validade foi prorrogado por dois anos.<\/p>\n\n\n\n<p>Segundo informa\u00e7\u00f5es do pr\u00f3prio \u00f3rg\u00e3o, foram nomeados <strong>707 candidatos aprovados<\/strong>, sendo:<\/p>\n\n\n\n<ul class=\"wp-block-list\">\n<li>343 nomeados para t\u00e9cnico judici\u00e1rio;<\/li>\n\n\n\n<li>364 nomeados para analista judici\u00e1rio.<\/li>\n<\/ul>\n\n\n\n<h2 class=\"wp-block-heading\">Edital estrat\u00e9gico TRT GO<\/h2>\n\n\n\n<p>O Estrat\u00e9gia Concursos organizou um material de consulta que servir\u00e1 como guia durante a sua jornada de estudos.<\/p>\n\n\n\n<p>Em nome de nossos professores, gostaria de lhe apresentar o&nbsp;<strong>Edital&nbsp;Estrat\u00e9gico<\/strong>&nbsp;para o Tribunal Regional do Trabalho da 18\u00aa regi\u00e3o (TRT GO),&nbsp;que foi preparado com muito cuidado para auxili\u00e1-lo nesse&nbsp;<strong>caminho rumo \u00e0 aprova\u00e7\u00e3o<\/strong>.<\/p>\n\n\n\n<p>Vale lembrar que o&nbsp;<strong><em>Edital&nbsp;Estrat\u00e9gico<\/em><\/strong>&nbsp;\u00e9 uma compila\u00e7\u00e3o das principais normas e leis do seu concurso. Queremos que ele seja um material de consulta, a ser utilizado em toda a sua prepara\u00e7\u00e3o.<\/p>\n\n\n\n<p>Pretendemos que ele seja o seu companheiro sempre que voc\u00ea estiver assistindo nossas videoaulas ou lendo os nossos livros digitais (PDFs).<\/p>\n\n\n\n<p><em><strong>Acesse o conte\u00fado de forma gratuita clicando nos links abaixo!<\/strong><\/em><\/p>\n\n\n\n<ul class=\"wp-block-list\">\n<li><a href=\"https:\/\/dhg1h5j42swfq.cloudfront.net\/2022\/12\/03112326\/edital-estrategico_trt-go_tecnico-judiciario-area-administrativa.xlsx\" target=\"_blank\" rel=\"noreferrer noopener nofollow\">T\u00e9cnico Judici\u00e1rio \u2013 \u00c1rea Administrativa<\/a><\/li>\n\n\n\n<li><a href=\"https:\/\/dhg1h5j42swfq.cloudfront.net\/2022\/12\/03112055\/edital-estrategico_trt-go_tecnico-judiciario-ti.xlsx\" target=\"_blank\" rel=\"noreferrer noopener nofollow\">T\u00e9cnico Judici\u00e1rio \u2013 \u00c1rea TI<\/a><\/li>\n\n\n\n<li><a href=\"https:\/\/dhg1h5j42swfq.cloudfront.net\/2022\/12\/03112236\/edital-estrategico_trt-go_tecnico-judiciario-agente-da-policia-judicial.xlsx\" target=\"_blank\" rel=\"noreferrer noopener nofollow\">T\u00e9cnico Judici\u00e1rio- Agente da Pol\u00edcia Judicial<\/a><\/li>\n\n\n\n<li><a href=\"https:\/\/dhg1h5j42swfq.cloudfront.net\/2022\/12\/03112445\/edital-estrategico_trt-go_analista-judiciario-area-administrativa.xlsx\" target=\"_blank\" rel=\"noreferrer noopener nofollow\">Analista Judici\u00e1rio \u2013 \u00c1rea Administrativa<\/a><\/li>\n\n\n\n<li><a href=\"https:\/\/dhg1h5j42swfq.cloudfront.net\/2022\/12\/03112614\/edital-estrategico_trt-go_analista-judiciario-oficial-de-justica-avaliador.xlsx\" target=\"_blank\" rel=\"noreferrer noopener nofollow\">Analista Judici\u00e1rio \u2013 \u00c1rea Oficial de Justi\u00e7a Avaliador<\/a><\/li>\n\n\n\n<li><a href=\"https:\/\/dhg1h5j42swfq.cloudfront.net\/2022\/12\/03112705\/edital-estrategico_trt-go_analista-judiciario-area-judiciaria.xlsx\" target=\"_blank\" rel=\"noreferrer noopener nofollow\">Analista Judici\u00e1rio \u2013 \u00c1rea Judici\u00e1ria<\/a><\/li>\n\n\n\n<li><a href=\"https:\/\/dhg1h5j42swfq.cloudfront.net\/2022\/12\/03112853\/edital-estrategico_trt-go_analista-judiciario-ti.xlsx\" target=\"_blank\" rel=\"noreferrer noopener nofollow\">Analista Judici\u00e1rio- \u00c1rea TI<\/a><\/li>\n\n\n\n<li><a href=\"https:\/\/dhg1h5j42swfq.cloudfront.net\/2022\/12\/03113119\/edital-estrategico_trt-go_analista-judiciario-area-contabilidade.xlsx\" target=\"_blank\" rel=\"noreferrer noopener nofollow\">Analista Judici\u00e1rio- \u00c1rea Contabilidade<\/a><\/li>\n<\/ul>\n\n\n\n<h2 class=\"wp-block-heading has-text-align-center\" id=\"h-quer-saber-tudo-sobre-concursos-previstos-confira-nossos-artigos\">Quer saber tudo sobre concursos previstos?<br \/>Confira nossos artigos!<\/h2>\n\n\n\n<ul class=\"wp-block-list\">\n<li><a href=\"https:\/\/www.estrategiaconcursos.com.br\/blog\/concursos-abertos\/\" target=\"_blank\" rel=\"noreferrer noopener\">Concursos abertos<\/a><\/li>\n\n\n\n<li><a href=\"https:\/\/www.estrategiaconcursos.com.br\/blog\/concursos-tribunais\/\">Concursos tribunais<\/a><\/li>\n\n\n\n<li><a href=\"https:\/\/www.estrategiaconcursos.com.br\/blog\/concursos-trt\/\">Concursos TRT<\/a><\/li>\n\n\n\n<li><a href=\"https:\/\/www.estrategiaconcursos.com.br\/blog\/concursos-2026\/\" target=\"_blank\" rel=\"noreferrer noopener\">Concursos 2026<\/a><\/li>\n<\/ul>\n\n\n\n<h2 class=\"wp-block-heading has-text-align-center\" id=\"assinatura-e-cursos\"><em>Quer estudar para o concurso TRT GO?<\/em><\/h2>\n\n\n\n<div class=\"container\" id=\"boxes\">\n  <div class=\"row\">\n\n    <div class=\"col-sm\">\n      <div class=\"banner-tribunal\" id=\"box-assinatura\">\n        <h3 class=\"titulo-assinatura\">Cursos para TRT GO<\/h3>\n        <p class=\"subtitulo-assinatura\">Conhe\u00e7a os cursos<\/p>\n        <div class=\"box-botao\">\n          <a class=\"btn-assinatura\" target=\"_blank\" href=\"https:\/\/www.estrategiaconcursos.com.br\/cursosPorConcurso\/trt-18-regiao\/\" role=\"button\" rel=\"noopener noreferrer\">Conhe\u00e7a mais<\/a>\n        <\/div>\n      <\/div>\n      <p class=\"texto-auxiliar\">Prepare-se com o melhor material e com quem mais aprova em Concursos P\u00fablicos em todo o pa\u00eds.<\/p>\n    <\/div>\n\n  <\/div>\n<\/div>\n\n\n\n<div class=\"container\" id=\"boxes\">\n  <div class=\"row\">\n\n    <div class=\"col-sm\">\n      <div class=\"estrategia\" id=\"box-assinatura\">\n        <h3 class=\"titulo-assinatura\">Assinatura Concursos<\/h3>\n        <p class=\"subtitulo-assinatura\">Assinatura de 1 ano ou 2 anos<\/p>\n        <div class=\"box-botao\">\n          <a class=\"btn-assinatura\" target=\"_blank\" href=\"https:\/\/www.estrategiaconcursos.com.br\/assinaturas\/\" role=\"button\" rel=\"noopener noreferrer\">ASSINE AGORA<\/a>\n        <\/div>\n      <\/div>\n     \n    <\/div><\/div><\/div>\n\n\n\n<figure class=\"wp-block-image size-large is-resized\"><img loading=\"lazy\" decoding=\"async\" width=\"1024\" height=\"632\" src=\"https:\/\/dhg1h5j42swfq.cloudfront.net\/2021\/04\/05154617\/ficha-tecnica-12-1024x632.png\" alt=\"Ficha t\u00e9cnica concurso TRT GO\" class=\"wp-image-707675\" style=\"width:256px;height:158px\" srcset=\"https:\/\/dhg1h5j42swfq.cloudfront.net\/2021\/04\/05154617\/ficha-tecnica-12-1024x632.png 1024w, https:\/\/dhg1h5j42swfq.cloudfront.net\/2021\/04\/05154617\/ficha-tecnica-12-300x185.png 300w, https:\/\/dhg1h5j42swfq.cloudfront.net\/2021\/04\/05154617\/ficha-tecnica-12-768x474.png 768w, https:\/\/dhg1h5j42swfq.cloudfront.net\/2021\/04\/05154617\/ficha-tecnica-12-1536x948.png 1536w, https:\/\/dhg1h5j42swfq.cloudfront.net\/2021\/04\/05154617\/ficha-tecnica-12-610x377.png 610w, https:\/\/dhg1h5j42swfq.cloudfront.net\/2021\/04\/05154617\/ficha-tecnica-12.png 1571w\" sizes=\"auto, (max-width: 1024px) 100vw, 1024px\" \/><\/figure>\n\n\n\n<h3 class=\"wp-block-heading\" id=\"ficha\">Informa\u00e7\u00f5es do concurso TRT GO<\/h3>\n\n\n\n<ul class=\"wp-block-list\">\n<li><strong>Provas: <\/strong><s>12\/02\/2023<\/s><\/li>\n\n\n\n<li><strong>Cargos:<\/strong>&nbsp;T\u00e9cnico e Analista Judici\u00e1rio<\/li>\n\n\n\n<li><strong>Banca<\/strong>: FCC<\/li>\n\n\n\n<li><strong>Vagas:<\/strong>&nbsp;24 + CR<\/li>\n\n\n\n<li><strong>Sal\u00e1rio inicial<\/strong>&nbsp;R$ 7.591,37 a&nbsp;R$ 14.271,70<\/li>\n\n\n\n<li><strong>Edital<\/strong>: <a href=\"https:\/\/dhg1h5j42swfq.cloudfront.net\/2022\/12\/01201821\/edital-trt-18-2.pdf\" target=\"_blank\" rel=\"noreferrer noopener nofollow\">TRT GO 2022<\/a><\/li>\n<\/ul>\n","protected":false},"excerpt":{"rendered":"<p>No dia 7 de maio de 2025 foi publicado no Di\u00e1rio Oficial da Uni\u00e3o que o \u00faltimo concurso do Tribunal Regional do Trabalho da 18\u00aa Regi\u00e3o&nbsp;(TRT GO) \u00e9 v\u00e1lido at\u00e9 o dia 18 de agosto de 2027. Foram ofertadas 24&nbsp;vagas&nbsp;imediatas, al\u00e9m da forma\u00e7\u00e3o de cadastro reserva, distribu\u00eddas entre os cargos de T\u00e9cnico e Analista Judici\u00e1rio, [&hellip;]<\/p>\n","protected":false},"author":1,"featured_media":1016719,"comment_status":"open","ping_status":"open","sticky":false,"template":"","format":"standard","meta":{"post_tipo":"news_page","footnotes":""},"categories":[1984],"tags":[2452,2453],"tax_estado":[219972],"class_list":["post-59525","post","type-post","status-publish","format-standard","has-post-thumbnail","hentry","category-tribunais","tag-trt-18","tag-trt-go","tax_estado-go"],"acf":[],"yoast_head":"<!-- This site is optimized with the Yoast SEO Premium plugin v27.2 (Yoast SEO v27.2) - https:\/\/yoast.com\/product\/yoast-seo-premium-wordpress\/ -->\n<title>Concurso\u00a0TRT\u00a0GO:\u00a0certame v\u00e1lido at\u00e9 18 de agosto de 2027<\/title>\n<meta name=\"description\" content=\"Concurso TRT GO (18\u00aa Regi\u00e3o): foram ofertadas 24 vagas + CR para os n\u00edveis m\u00e9dio e superior. Resultado final homologado!\" \/>\n<meta name=\"robots\" content=\"index, follow, max-snippet:-1, max-image-preview:large, max-video-preview:-1\" \/>\n<link rel=\"canonical\" href=\"https:\/\/www.estrategiaconcursos.com.br\/blog\/concurso-trt-go\/\" \/>\n<meta property=\"og:locale\" content=\"pt_BR\" \/>\n<meta property=\"og:type\" content=\"article\" \/>\n<meta property=\"og:title\" content=\"Concurso\u00a0TRT\u00a0GO:\u00a0certame v\u00e1lido at\u00e9 18 de agosto de 2027\" \/>\n<meta property=\"og:description\" content=\"Concurso TRT GO (18\u00aa Regi\u00e3o): foram ofertadas 24 vagas + CR para os n\u00edveis m\u00e9dio e superior. Resultado final homologado!\" \/>\n<meta property=\"og:url\" content=\"https:\/\/www.estrategiaconcursos.com.br\/blog\/concurso-trt-go\/\" \/>\n<meta property=\"og:site_name\" content=\"Estrat\u00e9gia Concursos\" \/>\n<meta property=\"article:author\" content=\"https:\/\/www.facebook.com\/EstrategiaConcursos\" \/>\n<meta property=\"article:published_time\" content=\"2025-12-26T14:41:00+00:00\" \/>\n<meta property=\"article:modified_time\" content=\"2026-02-06T17:10:55+00:00\" \/>\n<meta property=\"og:image\" content=\"https:\/\/dhg1h5j42swfq.cloudfront.net\/2017\/09\/28081107\/TRT-GO3-e1506597077814.jpg\" \/>\n<meta name=\"author\" content=\"Coordena\u00e7\u00e3o\" \/>\n<meta name=\"twitter:card\" content=\"summary_large_image\" \/>\n<meta name=\"twitter:creator\" content=\"@EstratConcursos\" \/>\n<meta name=\"twitter:site\" content=\"@EstratConcursos\" \/>\n<meta name=\"twitter:label1\" content=\"Escrito por\" \/>\n\t<meta name=\"twitter:data1\" content=\"Coordena\u00e7\u00e3o\" \/>\n\t<meta name=\"twitter:label2\" content=\"Est. tempo de leitura\" \/>\n\t<meta name=\"twitter:data2\" content=\"12 minutos\" \/>\n<script type=\"application\/ld+json\" class=\"yoast-schema-graph\">{\"@context\":\"https:\/\/schema.org\",\"@graph\":[{\"@type\":\"NewsArticle\",\"@id\":\"https:\/\/www.estrategiaconcursos.com.br\/blog\/concurso-trt-go\/#article\",\"isPartOf\":{\"@id\":\"https:\/\/www.estrategiaconcursos.com.br\/blog\/concurso-trt-go\/\"},\"author\":{\"name\":\"Coordena\u00e7\u00e3o\",\"@id\":\"https:\/\/www.estrategiaconcursos.com.br\/blog\/#\/schema\/person\/b4a388c97673c5f483d72185668afa1f\"},\"headline\":\"Concurso\u00a0TRT\u00a0GO:\u00a0certame v\u00e1lido at\u00e9 18 de agosto de 2027\",\"datePublished\":\"2025-12-26T14:41:00+00:00\",\"dateModified\":\"2026-02-06T17:10:55+00:00\",\"mainEntityOfPage\":{\"@id\":\"https:\/\/www.estrategiaconcursos.com.br\/blog\/concurso-trt-go\/\"},\"wordCount\":2537,\"commentCount\":15,\"publisher\":{\"@id\":\"https:\/\/www.estrategiaconcursos.com.br\/blog\/#organization\"},\"image\":{\"@id\":\"https:\/\/www.estrategiaconcursos.com.br\/blog\/concurso-trt-go\/#primaryimage\"},\"thumbnailUrl\":\"https:\/\/dhg1h5j42swfq.cloudfront.net\/2022\/04\/27161529\/trt_go.jpeg\",\"keywords\":[\"TRT 18\",\"TRT-GO\"],\"articleSection\":[\"Tribunais\"],\"inLanguage\":\"pt-BR\",\"potentialAction\":[{\"@type\":\"CommentAction\",\"name\":\"Comment\",\"target\":[\"https:\/\/www.estrategiaconcursos.com.br\/blog\/concurso-trt-go\/#respond\"]}],\"copyrightYear\":\"2025\",\"copyrightHolder\":{\"@id\":\"https:\/\/www.estrategiaconcursos.com.br\/blog\/#organization\"}},{\"@type\":\"WebPage\",\"@id\":\"https:\/\/www.estrategiaconcursos.com.br\/blog\/concurso-trt-go\/\",\"url\":\"https:\/\/www.estrategiaconcursos.com.br\/blog\/concurso-trt-go\/\",\"name\":\"Concurso\u00a0TRT\u00a0GO:\u00a0certame v\u00e1lido at\u00e9 18 de agosto de 2027\",\"isPartOf\":{\"@id\":\"https:\/\/www.estrategiaconcursos.com.br\/blog\/#website\"},\"primaryImageOfPage\":{\"@id\":\"https:\/\/www.estrategiaconcursos.com.br\/blog\/concurso-trt-go\/#primaryimage\"},\"image\":{\"@id\":\"https:\/\/www.estrategiaconcursos.com.br\/blog\/concurso-trt-go\/#primaryimage\"},\"thumbnailUrl\":\"https:\/\/dhg1h5j42swfq.cloudfront.net\/2022\/04\/27161529\/trt_go.jpeg\",\"datePublished\":\"2025-12-26T14:41:00+00:00\",\"dateModified\":\"2026-02-06T17:10:55+00:00\",\"description\":\"Concurso TRT GO (18\u00aa Regi\u00e3o): foram ofertadas 24 vagas + CR para os n\u00edveis m\u00e9dio e superior. Resultado final homologado!\",\"breadcrumb\":{\"@id\":\"https:\/\/www.estrategiaconcursos.com.br\/blog\/concurso-trt-go\/#breadcrumb\"},\"inLanguage\":\"pt-BR\",\"potentialAction\":[{\"@type\":\"ReadAction\",\"target\":[\"https:\/\/www.estrategiaconcursos.com.br\/blog\/concurso-trt-go\/\"]}]},{\"@type\":\"ImageObject\",\"inLanguage\":\"pt-BR\",\"@id\":\"https:\/\/www.estrategiaconcursos.com.br\/blog\/concurso-trt-go\/#primaryimage\",\"url\":\"https:\/\/dhg1h5j42swfq.cloudfront.net\/2022\/04\/27161529\/trt_go.jpeg\",\"contentUrl\":\"https:\/\/dhg1h5j42swfq.cloudfront.net\/2022\/04\/27161529\/trt_go.jpeg\",\"width\":768,\"height\":432},{\"@type\":\"BreadcrumbList\",\"@id\":\"https:\/\/www.estrategiaconcursos.com.br\/blog\/concurso-trt-go\/#breadcrumb\",\"itemListElement\":[{\"@type\":\"ListItem\",\"position\":1,\"name\":\"In\u00edcio\",\"item\":\"https:\/\/www.estrategiaconcursos.com.br\/blog\/\"},{\"@type\":\"ListItem\",\"position\":2,\"name\":\"Concurso\u00a0TRT\u00a0GO:\u00a0certame v\u00e1lido at\u00e9 18 de agosto de 2027\"}]},{\"@type\":\"WebSite\",\"@id\":\"https:\/\/www.estrategiaconcursos.com.br\/blog\/#website\",\"url\":\"https:\/\/www.estrategiaconcursos.com.br\/blog\/\",\"name\":\"Estrat\u00e9gia Concursos\",\"description\":\"O blog da Estrat\u00e9gia Concursos traz not\u00edcias sobre concursos e artigos de professores oferecendo cursos para concursos (pdf + videaulas) no site.\",\"publisher\":{\"@id\":\"https:\/\/www.estrategiaconcursos.com.br\/blog\/#organization\"},\"potentialAction\":[{\"@type\":\"SearchAction\",\"target\":{\"@type\":\"EntryPoint\",\"urlTemplate\":\"https:\/\/www.estrategiaconcursos.com.br\/blog\/?s={search_term_string}\"},\"query-input\":{\"@type\":\"PropertyValueSpecification\",\"valueRequired\":true,\"valueName\":\"search_term_string\"}}],\"inLanguage\":\"pt-BR\"},{\"@type\":\"Organization\",\"@id\":\"https:\/\/www.estrategiaconcursos.com.br\/blog\/#organization\",\"name\":\"Estrat\u00e9gia Concursos\",\"url\":\"https:\/\/www.estrategiaconcursos.com.br\/blog\/\",\"logo\":{\"@type\":\"ImageObject\",\"inLanguage\":\"pt-BR\",\"@id\":\"https:\/\/www.estrategiaconcursos.com.br\/blog\/#\/schema\/logo\/image\/\",\"url\":\"https:\/\/dhg1h5j42swfq.cloudfront.net\/2025\/06\/03203428\/logo_concursos-1.jpg\",\"contentUrl\":\"https:\/\/dhg1h5j42swfq.cloudfront.net\/2025\/06\/03203428\/logo_concursos-1.jpg\",\"width\":230,\"height\":60,\"caption\":\"Estrat\u00e9gia Concursos\"},\"image\":{\"@id\":\"https:\/\/www.estrategiaconcursos.com.br\/blog\/#\/schema\/logo\/image\/\"},\"sameAs\":[\"https:\/\/x.com\/EstratConcursos\"]},{\"@type\":\"Person\",\"@id\":\"https:\/\/www.estrategiaconcursos.com.br\/blog\/#\/schema\/person\/b4a388c97673c5f483d72185668afa1f\",\"name\":\"Coordena\u00e7\u00e3o\",\"image\":{\"@type\":\"ImageObject\",\"inLanguage\":\"pt-BR\",\"@id\":\"https:\/\/secure.gravatar.com\/avatar\/b720319e4c9a967eb58678d110f4fe35452fc5d5f97b202bac7b8acceb18c6ad?s=96&d=mm&r=g\",\"url\":\"https:\/\/secure.gravatar.com\/avatar\/b720319e4c9a967eb58678d110f4fe35452fc5d5f97b202bac7b8acceb18c6ad?s=96&d=mm&r=g\",\"contentUrl\":\"https:\/\/secure.gravatar.com\/avatar\/b720319e4c9a967eb58678d110f4fe35452fc5d5f97b202bac7b8acceb18c6ad?s=96&d=mm&r=g\",\"caption\":\"Coordena\u00e7\u00e3o\"},\"sameAs\":[\"https:\/\/www.facebook.com\/EstrategiaConcursos\",\"https:\/\/x.com\/EstratConcursos\"],\"url\":\"https:\/\/www.estrategiaconcursos.com.br\/blog\/author\/estrategia2013\/\"}]}<\/script>\n<!-- \/ Yoast SEO Premium plugin. -->","yoast_head_json":{"title":"Concurso\u00a0TRT\u00a0GO:\u00a0certame v\u00e1lido at\u00e9 18 de agosto de 2027","description":"Concurso TRT GO (18\u00aa Regi\u00e3o): foram ofertadas 24 vagas + CR para os n\u00edveis m\u00e9dio e superior. Resultado final homologado!","robots":{"index":"index","follow":"follow","max-snippet":"max-snippet:-1","max-image-preview":"max-image-preview:large","max-video-preview":"max-video-preview:-1"},"canonical":"https:\/\/www.estrategiaconcursos.com.br\/blog\/concurso-trt-go\/","og_locale":"pt_BR","og_type":"article","og_title":"Concurso\u00a0TRT\u00a0GO:\u00a0certame v\u00e1lido at\u00e9 18 de agosto de 2027","og_description":"Concurso TRT GO (18\u00aa Regi\u00e3o): foram ofertadas 24 vagas + CR para os n\u00edveis m\u00e9dio e superior. Resultado final homologado!","og_url":"https:\/\/www.estrategiaconcursos.com.br\/blog\/concurso-trt-go\/","og_site_name":"Estrat\u00e9gia Concursos","article_author":"https:\/\/www.facebook.com\/EstrategiaConcursos","article_published_time":"2025-12-26T14:41:00+00:00","article_modified_time":"2026-02-06T17:10:55+00:00","og_image":[{"url":"https:\/\/dhg1h5j42swfq.cloudfront.net\/2017\/09\/28081107\/TRT-GO3-e1506597077814.jpg","type":"","width":"","height":""}],"author":"Coordena\u00e7\u00e3o","twitter_card":"summary_large_image","twitter_creator":"@EstratConcursos","twitter_site":"@EstratConcursos","twitter_misc":{"Escrito por":"Coordena\u00e7\u00e3o","Est. tempo de leitura":"12 minutos"},"schema":{"@context":"https:\/\/schema.org","@graph":[{"@type":"NewsArticle","@id":"https:\/\/www.estrategiaconcursos.com.br\/blog\/concurso-trt-go\/#article","isPartOf":{"@id":"https:\/\/www.estrategiaconcursos.com.br\/blog\/concurso-trt-go\/"},"author":{"name":"Coordena\u00e7\u00e3o","@id":"https:\/\/www.estrategiaconcursos.com.br\/blog\/#\/schema\/person\/b4a388c97673c5f483d72185668afa1f"},"headline":"Concurso\u00a0TRT\u00a0GO:\u00a0certame v\u00e1lido at\u00e9 18 de agosto de 2027","datePublished":"2025-12-26T14:41:00+00:00","dateModified":"2026-02-06T17:10:55+00:00","mainEntityOfPage":{"@id":"https:\/\/www.estrategiaconcursos.com.br\/blog\/concurso-trt-go\/"},"wordCount":2537,"commentCount":15,"publisher":{"@id":"https:\/\/www.estrategiaconcursos.com.br\/blog\/#organization"},"image":{"@id":"https:\/\/www.estrategiaconcursos.com.br\/blog\/concurso-trt-go\/#primaryimage"},"thumbnailUrl":"https:\/\/dhg1h5j42swfq.cloudfront.net\/2022\/04\/27161529\/trt_go.jpeg","keywords":["TRT 18","TRT-GO"],"articleSection":["Tribunais"],"inLanguage":"pt-BR","potentialAction":[{"@type":"CommentAction","name":"Comment","target":["https:\/\/www.estrategiaconcursos.com.br\/blog\/concurso-trt-go\/#respond"]}],"copyrightYear":"2025","copyrightHolder":{"@id":"https:\/\/www.estrategiaconcursos.com.br\/blog\/#organization"}},{"@type":"WebPage","@id":"https:\/\/www.estrategiaconcursos.com.br\/blog\/concurso-trt-go\/","url":"https:\/\/www.estrategiaconcursos.com.br\/blog\/concurso-trt-go\/","name":"Concurso\u00a0TRT\u00a0GO:\u00a0certame v\u00e1lido at\u00e9 18 de agosto de 2027","isPartOf":{"@id":"https:\/\/www.estrategiaconcursos.com.br\/blog\/#website"},"primaryImageOfPage":{"@id":"https:\/\/www.estrategiaconcursos.com.br\/blog\/concurso-trt-go\/#primaryimage"},"image":{"@id":"https:\/\/www.estrategiaconcursos.com.br\/blog\/concurso-trt-go\/#primaryimage"},"thumbnailUrl":"https:\/\/dhg1h5j42swfq.cloudfront.net\/2022\/04\/27161529\/trt_go.jpeg","datePublished":"2025-12-26T14:41:00+00:00","dateModified":"2026-02-06T17:10:55+00:00","description":"Concurso TRT GO (18\u00aa Regi\u00e3o): foram ofertadas 24 vagas + CR para os n\u00edveis m\u00e9dio e superior. Resultado final homologado!","breadcrumb":{"@id":"https:\/\/www.estrategiaconcursos.com.br\/blog\/concurso-trt-go\/#breadcrumb"},"inLanguage":"pt-BR","potentialAction":[{"@type":"ReadAction","target":["https:\/\/www.estrategiaconcursos.com.br\/blog\/concurso-trt-go\/"]}]},{"@type":"ImageObject","inLanguage":"pt-BR","@id":"https:\/\/www.estrategiaconcursos.com.br\/blog\/concurso-trt-go\/#primaryimage","url":"https:\/\/dhg1h5j42swfq.cloudfront.net\/2022\/04\/27161529\/trt_go.jpeg","contentUrl":"https:\/\/dhg1h5j42swfq.cloudfront.net\/2022\/04\/27161529\/trt_go.jpeg","width":768,"height":432},{"@type":"BreadcrumbList","@id":"https:\/\/www.estrategiaconcursos.com.br\/blog\/concurso-trt-go\/#breadcrumb","itemListElement":[{"@type":"ListItem","position":1,"name":"In\u00edcio","item":"https:\/\/www.estrategiaconcursos.com.br\/blog\/"},{"@type":"ListItem","position":2,"name":"Concurso\u00a0TRT\u00a0GO:\u00a0certame v\u00e1lido at\u00e9 18 de agosto de 2027"}]},{"@type":"WebSite","@id":"https:\/\/www.estrategiaconcursos.com.br\/blog\/#website","url":"https:\/\/www.estrategiaconcursos.com.br\/blog\/","name":"Estrat\u00e9gia Concursos","description":"O blog da Estrat\u00e9gia Concursos traz not\u00edcias sobre concursos e artigos de professores oferecendo cursos para concursos (pdf + videaulas) no site.","publisher":{"@id":"https:\/\/www.estrategiaconcursos.com.br\/blog\/#organization"},"potentialAction":[{"@type":"SearchAction","target":{"@type":"EntryPoint","urlTemplate":"https:\/\/www.estrategiaconcursos.com.br\/blog\/?s={search_term_string}"},"query-input":{"@type":"PropertyValueSpecification","valueRequired":true,"valueName":"search_term_string"}}],"inLanguage":"pt-BR"},{"@type":"Organization","@id":"https:\/\/www.estrategiaconcursos.com.br\/blog\/#organization","name":"Estrat\u00e9gia Concursos","url":"https:\/\/www.estrategiaconcursos.com.br\/blog\/","logo":{"@type":"ImageObject","inLanguage":"pt-BR","@id":"https:\/\/www.estrategiaconcursos.com.br\/blog\/#\/schema\/logo\/image\/","url":"https:\/\/dhg1h5j42swfq.cloudfront.net\/2025\/06\/03203428\/logo_concursos-1.jpg","contentUrl":"https:\/\/dhg1h5j42swfq.cloudfront.net\/2025\/06\/03203428\/logo_concursos-1.jpg","width":230,"height":60,"caption":"Estrat\u00e9gia Concursos"},"image":{"@id":"https:\/\/www.estrategiaconcursos.com.br\/blog\/#\/schema\/logo\/image\/"},"sameAs":["https:\/\/x.com\/EstratConcursos"]},{"@type":"Person","@id":"https:\/\/www.estrategiaconcursos.com.br\/blog\/#\/schema\/person\/b4a388c97673c5f483d72185668afa1f","name":"Coordena\u00e7\u00e3o","image":{"@type":"ImageObject","inLanguage":"pt-BR","@id":"https:\/\/secure.gravatar.com\/avatar\/b720319e4c9a967eb58678d110f4fe35452fc5d5f97b202bac7b8acceb18c6ad?s=96&d=mm&r=g","url":"https:\/\/secure.gravatar.com\/avatar\/b720319e4c9a967eb58678d110f4fe35452fc5d5f97b202bac7b8acceb18c6ad?s=96&d=mm&r=g","contentUrl":"https:\/\/secure.gravatar.com\/avatar\/b720319e4c9a967eb58678d110f4fe35452fc5d5f97b202bac7b8acceb18c6ad?s=96&d=mm&r=g","caption":"Coordena\u00e7\u00e3o"},"sameAs":["https:\/\/www.facebook.com\/EstrategiaConcursos","https:\/\/x.com\/EstratConcursos"],"url":"https:\/\/www.estrategiaconcursos.com.br\/blog\/author\/estrategia2013\/"}]}},"_links":{"self":[{"href":"https:\/\/www.estrategiaconcursos.com.br\/blog\/wp-json\/wp\/v2\/posts\/59525","targetHints":{"allow":["GET"]}}],"collection":[{"href":"https:\/\/www.estrategiaconcursos.com.br\/blog\/wp-json\/wp\/v2\/posts"}],"about":[{"href":"https:\/\/www.estrategiaconcursos.com.br\/blog\/wp-json\/wp\/v2\/types\/post"}],"author":[{"embeddable":true,"href":"https:\/\/www.estrategiaconcursos.com.br\/blog\/wp-json\/wp\/v2\/users\/1"}],"replies":[{"embeddable":true,"href":"https:\/\/www.estrategiaconcursos.com.br\/blog\/wp-json\/wp\/v2\/comments?post=59525"}],"version-history":[{"count":224,"href":"https:\/\/www.estrategiaconcursos.com.br\/blog\/wp-json\/wp\/v2\/posts\/59525\/revisions"}],"predecessor-version":[{"id":1711782,"href":"https:\/\/www.estrategiaconcursos.com.br\/blog\/wp-json\/wp\/v2\/posts\/59525\/revisions\/1711782"}],"wp:featuredmedia":[{"embeddable":true,"href":"https:\/\/www.estrategiaconcursos.com.br\/blog\/wp-json\/wp\/v2\/media\/1016719"}],"wp:attachment":[{"href":"https:\/\/www.estrategiaconcursos.com.br\/blog\/wp-json\/wp\/v2\/media?parent=59525"}],"wp:term":[{"taxonomy":"category","embeddable":true,"href":"https:\/\/www.estrategiaconcursos.com.br\/blog\/wp-json\/wp\/v2\/categories?post=59525"},{"taxonomy":"post_tag","embeddable":true,"href":"https:\/\/www.estrategiaconcursos.com.br\/blog\/wp-json\/wp\/v2\/tags?post=59525"},{"taxonomy":"tax_estado","embeddable":true,"href":"https:\/\/www.estrategiaconcursos.com.br\/blog\/wp-json\/wp\/v2\/tax_estado?post=59525"}],"curies":[{"name":"wp","href":"https:\/\/api.w.org\/{rel}","templated":true}]}}