{"id":595017,"date":"2020-10-23T18:00:43","date_gmt":"2020-10-23T21:00:43","guid":{"rendered":"https:\/\/www.estrategiaconcursos.com.br\/blog\/?p=595017"},"modified":"2020-10-27T17:16:19","modified_gmt":"2020-10-27T20:16:19","slug":"ciclo-de-estudos-da-area-fiscal","status":"publish","type":"post","link":"https:\/\/www.estrategiaconcursos.com.br\/blog\/ciclo-de-estudos-da-area-fiscal\/","title":{"rendered":"Ciclo de estudos da \u00e1rea fiscal &#8211; Do B\u00e1sico ao Avan\u00e7ado"},"content":{"rendered":"\n<p>A efic\u00e1cia dos ciclos de estudos \u00e9 consenso entre os concurseiros aprovados nos concursos mais disputados do Brasil. Utiliz\u00e1-los torna os estudos mais equilibrados, organizados e planejados. E para a \u00e1rea fiscal a coisa n\u00e3o \u00e9 diferente!<\/p>\n\n\n\n<p>Se voc\u00ea deseja conquistar a t\u00e3o sonhada vaga na carreira p\u00fablica, vai precisar saber estruturar o seu ciclo de estudos para que fique sob medida, a fim de suprir as suas necessidades.<\/p>\n\n\n\n<p>Vale lembrar que t\u00eam muitos\u00a0<strong>certames fiscais prometidos e previstos <\/strong>para o final de 2020 e primeiro semestre de 2021, tais como Sefaz RR, Sefaz BA, Sefaz ES e Sefaz PA, entre outros. <\/p>\n\n\n\n<p>Por isso, para te ajudar nesse processo de estudos, vamos transmitir ainda <strong>HOJE<\/strong>, \u00e0s 19h, o &#8220;Montando seu ciclo de estudos da \u00e1rea fiscal &#8211; Do B\u00e1sico ao Avan\u00e7ado.&#8221; O evento ser\u00e1 minitratado pela professora Silvana Diniz. A transmiss\u00e3o ser\u00e1 <strong>gratuita <\/strong>e aberta a todos os interessados. <\/p>\n\n\n<figure class=\"wp-block-embed-youtube wp-block-embed is-type-video is-provider-youtube wp-embed-aspect-16-9 wp-has-aspect-ratio\"><div class=\"lyte-wrapper\" style=\"width:853px;max-width:100%;margin:5px;\"><div class=\"lyMe\" id=\"WYL_cG9RlF1VZ6g\"><div id=\"lyte_cG9RlF1VZ6g\" data-src=\"\/\/i.ytimg.com\/vi\/cG9RlF1VZ6g\/hqdefault.jpg\" class=\"pL\"><div class=\"tC\"><div class=\"tT\"><\/div><\/div><div class=\"play\"><\/div><div class=\"ctrl\"><div class=\"Lctrl\"><\/div><div class=\"Rctrl\"><\/div><\/div><\/div><noscript><a href=\"https:\/\/youtu.be\/cG9RlF1VZ6g\" rel=\"nofollow\"><img loading=\"lazy\" decoding=\"async\" src=\"https:\/\/i.ytimg.com\/vi\/cG9RlF1VZ6g\/0.jpg\" alt=\"YouTube video thumbnail\" width=\"853\" height=\"460\" \/><br \/>Assista a este v\u00eddeo no YouTube<\/a><\/noscript><\/div><\/div><div class=\"lL\" style=\"max-width:100%;width:853px;margin:5px;\"><\/div><figcaption><\/figcaption><\/figure>\n\n\n<div class=\"container\" id=\"boxes\">\n  <div class=\"row\">\n\n    <div class=\"col-sm\">\n      <div class=\"estrategia\" id=\"box-assinatura\">\n        <h3 class=\"titulo-assinatura\">Assinatura Ilimitada<\/h3>\n        <p class=\"subtitulo-assinatura\">Assinatura Anual Ilimitada*<\/p>\n        <div class=\"box-botao\">\n          <a class=\"btn-assinatura\" target=\"_blank\" href=\"https:\/\/www.estrategiaconcursos.com.br\/assinaturas\/\" role=\"button\" rel=\"noopener noreferrer\">ASSINE AGORA<\/a>\n        <\/div>\n      <\/div>\n      <p class=\"texto-auxiliar\">Prepare-se com o melhor material e com quem mais aprova em Concursos P\u00fablicos em todo o pa\u00eds. Assine agora a nossa Assinatura Anual e tenha acesso ilimitado* a todos os nossos cursos.<\/p>\n    <\/div>\n\n    <div class=\"col-sm\">\n      <div class=\"questoes\" id=\"box-assinatura\">\n        <h3 class=\"titulo-assinatura\">Sistema de Quest\u00f5es<\/h3>\n        <p class=\"subtitulo-assinatura\">Assinatura Ilimitada*\n<\/p>\n        <div class=\"box-botao\">\n          <a class=\"btn-assinatura\" target=\"_blank\" href=\"https:\/\/www.estrategiaconcursos.com.br\/cursosPorConcurso\/sistema-de-questoes\/#\/\" role=\"button\" rel=\"noopener noreferrer\">ASSINE AGORA<\/a>\n        <\/div>\n      <\/div>\n      <p class=\"texto-auxiliar\">Estrat\u00e9gia Quest\u00f5es nasceu maior do que todos os concorrentes, com mais quest\u00f5es cadastradas e mais solu\u00e7\u00f5es por professores. Clique no link e aproveite os descontos e b\u00f4nus imperd\u00edveis!<\/p>\n    <\/div>\n  <\/div>\n<\/div>\n\n\n\n<div class=\"container\" id=\"boxes\">\n  <div class=\"row\">\n\n    <div class=\"col-sm\" id=\"boxes-concursos\">\n      <div style=\"background-color: #005DAD;\" class=\"conteudo-concursos\" id=\"box-concursos\">\n        <h3 class=\"titulo-assinatura\">Concursos Abertos<\/h3>\n        <p class=\"subtitulo-assinatura\">mais de 15 mil vagas<\/p>\n        <div class=\"box-botao\">\n          <a class=\"btn-assinatura\" target=\"_blank\" href=\"https:\/\/www.estrategiaconcursos.com.br\/blog\/concursos-abertos\/\" role=\"button\" rel=\"noopener noreferrer\">Conhe\u00e7a Agora<\/a>\n        <\/div>\n      <\/div>\n    <\/div>\n\n    <div class=\"col-sm\" id=\"boxes-concursos\">\n      <div style=\"background-color: #1A7ED5;\" class=\"conteudo-concursos\" id=\"box-concursos\">\n        <h3 class=\"titulo-assinatura\">Concursos 2020<\/h3>\n        <p class=\"subtitulo-assinatura\">mais de 11 mil vagas<\/p>\n        <div class=\"box-botao\">\n          <a class=\"btn-assinatura\" target=\"_blank\" href=\"https:\/\/www.estrategiaconcursos.com.br\/blog\/concursos-2020\/\" role=\"button\" rel=\"noopener noreferrer\">Conhe\u00e7a Agora<\/a>\n        <\/div>\n      <\/div>\n    <\/div>\n\n    <div class=\"col-sm\" id=\"boxes-concursos\">\n      <div style=\"background-color: #419FF0;\" class=\"conteudo-concursos\" id=\"box-concursos\">\n        <h3 class=\"titulo-assinatura\">Concursos 2021<\/h3>\n        <p class=\"subtitulo-assinatura\">mais de 17 mil vagas<\/p>\n        <div class=\"box-botao\">\n          <a class=\"btn-assinatura\" target=\"_blank\" href=\"https:\/\/www.estrategiaconcursos.com.br\/blog\/concursos-2021\/\" role=\"button\" rel=\"noopener noreferrer\">Conhe\u00e7a Agora<\/a>\n        <\/div>\n      <\/div>\n    <\/div>\n\n  <\/div>\n<\/div>\n\n\n\n<p><\/p>\n","protected":false},"excerpt":{"rendered":"<p>A efic\u00e1cia dos ciclos de estudos \u00e9 consenso entre os concurseiros aprovados nos concursos mais disputados do Brasil. Utiliz\u00e1-los torna os estudos mais equilibrados, organizados e planejados. E para a \u00e1rea fiscal a coisa n\u00e3o \u00e9 diferente! Se voc\u00ea deseja conquistar a t\u00e3o sonhada vaga na carreira p\u00fablica, vai precisar saber estruturar o seu ciclo [&hellip;]<\/p>\n","protected":false},"author":337,"featured_media":595046,"comment_status":"open","ping_status":"closed","sticky":false,"template":"","format":"standard","meta":{"post_tipo":"article","footnotes":""},"categories":[1983],"tags":[],"tax_estado":[],"class_list":["post-595017","post","type-post","status-publish","format-standard","has-post-thumbnail","hentry","category-fiscal-estadual"],"acf":[],"yoast_head":"<!-- This site is optimized with the Yoast SEO Premium plugin v27.2 (Yoast SEO v27.2) - https:\/\/yoast.com\/product\/yoast-seo-premium-wordpress\/ -->\n<title>Ciclo de estudos da \u00e1rea fiscal - Do B\u00e1sico ao Avan\u00e7ado<\/title>\n<meta name=\"description\" content=\"Participe do evento &quot;Montando seu ciclo de estudos da \u00e1rea fiscal - Do B\u00e1sico ao Avan\u00e7ado&quot; a partir das 19h, com a professora Silvana Diniz. AO VIVO!\" \/>\n<meta name=\"robots\" content=\"index, follow, max-snippet:-1, max-image-preview:large, max-video-preview:-1\" \/>\n<link rel=\"canonical\" href=\"https:\/\/www.estrategiaconcursos.com.br\/blog\/ciclo-de-estudos-da-area-fiscal\/\" \/>\n<meta property=\"og:locale\" content=\"pt_BR\" \/>\n<meta property=\"og:type\" content=\"article\" \/>\n<meta property=\"og:title\" content=\"Ciclo de estudos da \u00e1rea fiscal - Do B\u00e1sico ao Avan\u00e7ado\" \/>\n<meta property=\"og:description\" content=\"Participe do evento &quot;Montando seu ciclo de estudos da \u00e1rea fiscal - Do B\u00e1sico ao Avan\u00e7ado&quot; a partir das 19h, com a professora Silvana Diniz. AO VIVO!\" \/>\n<meta property=\"og:url\" content=\"https:\/\/www.estrategiaconcursos.com.br\/blog\/ciclo-de-estudos-da-area-fiscal\/\" \/>\n<meta property=\"og:site_name\" content=\"Estrat\u00e9gia Concursos\" \/>\n<meta property=\"article:published_time\" content=\"2020-10-23T21:00:43+00:00\" \/>\n<meta property=\"article:modified_time\" content=\"2020-10-27T20:16:19+00:00\" \/>\n<meta property=\"og:image\" content=\"https:\/\/dhg1h5j42swfq.cloudfront.net\/2020\/10\/22174104\/WhatsApp-Image-2020-10-22-at-17.40.57.jpeg\" \/>\n\t<meta property=\"og:image:width\" content=\"1220\" \/>\n\t<meta property=\"og:image:height\" content=\"592\" \/>\n\t<meta property=\"og:image:type\" content=\"image\/jpeg\" \/>\n<meta name=\"author\" content=\"Silvana Diniz\" \/>\n<meta name=\"twitter:card\" content=\"summary_large_image\" \/>\n<meta name=\"twitter:creator\" content=\"@EstratConcursos\" \/>\n<meta name=\"twitter:site\" content=\"@EstratConcursos\" \/>\n<meta name=\"twitter:label1\" content=\"Escrito por\" \/>\n\t<meta name=\"twitter:data1\" content=\"Silvana Diniz\" \/>\n\t<meta name=\"twitter:label2\" content=\"Est. tempo de leitura\" \/>\n\t<meta name=\"twitter:data2\" content=\"1 minuto\" \/>\n<script type=\"application\/ld+json\" class=\"yoast-schema-graph\">{\"@context\":\"https:\/\/schema.org\",\"@graph\":[{\"@type\":\"NewsArticle\",\"@id\":\"https:\/\/www.estrategiaconcursos.com.br\/blog\/ciclo-de-estudos-da-area-fiscal\/#article\",\"isPartOf\":{\"@id\":\"https:\/\/www.estrategiaconcursos.com.br\/blog\/ciclo-de-estudos-da-area-fiscal\/\"},\"author\":{\"name\":\"Silvana Diniz\",\"@id\":\"https:\/\/www.estrategiaconcursos.com.br\/blog\/#\/schema\/person\/906889da0af0a7a7abbe3c8a7a920dea\"},\"headline\":\"Ciclo de estudos da \u00e1rea fiscal &#8211; Do B\u00e1sico ao Avan\u00e7ado\",\"datePublished\":\"2020-10-23T21:00:43+00:00\",\"dateModified\":\"2020-10-27T20:16:19+00:00\",\"mainEntityOfPage\":{\"@id\":\"https:\/\/www.estrategiaconcursos.com.br\/blog\/ciclo-de-estudos-da-area-fiscal\/\"},\"wordCount\":285,\"commentCount\":0,\"publisher\":{\"@id\":\"https:\/\/www.estrategiaconcursos.com.br\/blog\/#organization\"},\"image\":{\"@id\":\"https:\/\/www.estrategiaconcursos.com.br\/blog\/ciclo-de-estudos-da-area-fiscal\/#primaryimage\"},\"thumbnailUrl\":\"https:\/\/dhg1h5j42swfq.cloudfront.net\/2020\/10\/22174104\/WhatsApp-Image-2020-10-22-at-17.40.57.jpeg\",\"articleSection\":[\"Fiscal - Estadual (ICMS)\"],\"inLanguage\":\"pt-BR\",\"potentialAction\":[{\"@type\":\"CommentAction\",\"name\":\"Comment\",\"target\":[\"https:\/\/www.estrategiaconcursos.com.br\/blog\/ciclo-de-estudos-da-area-fiscal\/#respond\"]}],\"copyrightYear\":\"2020\",\"copyrightHolder\":{\"@id\":\"https:\/\/www.estrategiaconcursos.com.br\/blog\/#organization\"}},{\"@type\":\"WebPage\",\"@id\":\"https:\/\/www.estrategiaconcursos.com.br\/blog\/ciclo-de-estudos-da-area-fiscal\/\",\"url\":\"https:\/\/www.estrategiaconcursos.com.br\/blog\/ciclo-de-estudos-da-area-fiscal\/\",\"name\":\"Ciclo de estudos da \u00e1rea fiscal - Do B\u00e1sico ao Avan\u00e7ado\",\"isPartOf\":{\"@id\":\"https:\/\/www.estrategiaconcursos.com.br\/blog\/#website\"},\"primaryImageOfPage\":{\"@id\":\"https:\/\/www.estrategiaconcursos.com.br\/blog\/ciclo-de-estudos-da-area-fiscal\/#primaryimage\"},\"image\":{\"@id\":\"https:\/\/www.estrategiaconcursos.com.br\/blog\/ciclo-de-estudos-da-area-fiscal\/#primaryimage\"},\"thumbnailUrl\":\"https:\/\/dhg1h5j42swfq.cloudfront.net\/2020\/10\/22174104\/WhatsApp-Image-2020-10-22-at-17.40.57.jpeg\",\"datePublished\":\"2020-10-23T21:00:43+00:00\",\"dateModified\":\"2020-10-27T20:16:19+00:00\",\"description\":\"Participe do evento \\\"Montando seu ciclo de estudos da \u00e1rea fiscal - Do B\u00e1sico ao Avan\u00e7ado\\\" a partir das 19h, com a professora Silvana Diniz. AO VIVO!\",\"breadcrumb\":{\"@id\":\"https:\/\/www.estrategiaconcursos.com.br\/blog\/ciclo-de-estudos-da-area-fiscal\/#breadcrumb\"},\"inLanguage\":\"pt-BR\",\"potentialAction\":[{\"@type\":\"ReadAction\",\"target\":[\"https:\/\/www.estrategiaconcursos.com.br\/blog\/ciclo-de-estudos-da-area-fiscal\/\"]}]},{\"@type\":\"ImageObject\",\"inLanguage\":\"pt-BR\",\"@id\":\"https:\/\/www.estrategiaconcursos.com.br\/blog\/ciclo-de-estudos-da-area-fiscal\/#primaryimage\",\"url\":\"https:\/\/dhg1h5j42swfq.cloudfront.net\/2020\/10\/22174104\/WhatsApp-Image-2020-10-22-at-17.40.57.jpeg\",\"contentUrl\":\"https:\/\/dhg1h5j42swfq.cloudfront.net\/2020\/10\/22174104\/WhatsApp-Image-2020-10-22-at-17.40.57.jpeg\",\"width\":1220,\"height\":592,\"caption\":\"Monitoria da \u00e1rea fiscal\"},{\"@type\":\"BreadcrumbList\",\"@id\":\"https:\/\/www.estrategiaconcursos.com.br\/blog\/ciclo-de-estudos-da-area-fiscal\/#breadcrumb\",\"itemListElement\":[{\"@type\":\"ListItem\",\"position\":1,\"name\":\"In\u00edcio\",\"item\":\"https:\/\/www.estrategiaconcursos.com.br\/blog\/\"},{\"@type\":\"ListItem\",\"position\":2,\"name\":\"Ciclo de estudos da \u00e1rea fiscal &#8211; Do B\u00e1sico ao Avan\u00e7ado\"}]},{\"@type\":\"WebSite\",\"@id\":\"https:\/\/www.estrategiaconcursos.com.br\/blog\/#website\",\"url\":\"https:\/\/www.estrategiaconcursos.com.br\/blog\/\",\"name\":\"Estrat\u00e9gia Concursos\",\"description\":\"O blog da Estrat\u00e9gia Concursos traz not\u00edcias sobre concursos e artigos de professores oferecendo cursos para concursos (pdf + videaulas) no site.\",\"publisher\":{\"@id\":\"https:\/\/www.estrategiaconcursos.com.br\/blog\/#organization\"},\"potentialAction\":[{\"@type\":\"SearchAction\",\"target\":{\"@type\":\"EntryPoint\",\"urlTemplate\":\"https:\/\/www.estrategiaconcursos.com.br\/blog\/?s={search_term_string}\"},\"query-input\":{\"@type\":\"PropertyValueSpecification\",\"valueRequired\":true,\"valueName\":\"search_term_string\"}}],\"inLanguage\":\"pt-BR\"},{\"@type\":\"Organization\",\"@id\":\"https:\/\/www.estrategiaconcursos.com.br\/blog\/#organization\",\"name\":\"Estrat\u00e9gia Concursos\",\"url\":\"https:\/\/www.estrategiaconcursos.com.br\/blog\/\",\"logo\":{\"@type\":\"ImageObject\",\"inLanguage\":\"pt-BR\",\"@id\":\"https:\/\/www.estrategiaconcursos.com.br\/blog\/#\/schema\/logo\/image\/\",\"url\":\"https:\/\/dhg1h5j42swfq.cloudfront.net\/2025\/06\/03203428\/logo_concursos-1.jpg\",\"contentUrl\":\"https:\/\/dhg1h5j42swfq.cloudfront.net\/2025\/06\/03203428\/logo_concursos-1.jpg\",\"width\":230,\"height\":60,\"caption\":\"Estrat\u00e9gia Concursos\"},\"image\":{\"@id\":\"https:\/\/www.estrategiaconcursos.com.br\/blog\/#\/schema\/logo\/image\/\"},\"sameAs\":[\"https:\/\/x.com\/EstratConcursos\"]},{\"@type\":\"Person\",\"@id\":\"https:\/\/www.estrategiaconcursos.com.br\/blog\/#\/schema\/person\/906889da0af0a7a7abbe3c8a7a920dea\",\"name\":\"Silvana Diniz\",\"image\":{\"@type\":\"ImageObject\",\"inLanguage\":\"pt-BR\",\"@id\":\"https:\/\/secure.gravatar.com\/avatar\/37ad3fbd70af6b6f07a66451f01c8f0b5588d0d1e44da143dcdfcb9f1721b673?s=96&d=mm&r=g\",\"url\":\"https:\/\/secure.gravatar.com\/avatar\/37ad3fbd70af6b6f07a66451f01c8f0b5588d0d1e44da143dcdfcb9f1721b673?s=96&d=mm&r=g\",\"contentUrl\":\"https:\/\/secure.gravatar.com\/avatar\/37ad3fbd70af6b6f07a66451f01c8f0b5588d0d1e44da143dcdfcb9f1721b673?s=96&d=mm&r=g\",\"caption\":\"Silvana Diniz\"},\"url\":\"https:\/\/www.estrategiaconcursos.com.br\/blog\/author\/silvanadinizestrategiaconcursos-com-br\/\"}]}<\/script>\n<!-- \/ Yoast SEO Premium plugin. -->","yoast_head_json":{"title":"Ciclo de estudos da \u00e1rea fiscal - Do B\u00e1sico ao Avan\u00e7ado","description":"Participe do evento \"Montando seu ciclo de estudos da \u00e1rea fiscal - Do B\u00e1sico ao Avan\u00e7ado\" a partir das 19h, com a professora Silvana Diniz. AO VIVO!","robots":{"index":"index","follow":"follow","max-snippet":"max-snippet:-1","max-image-preview":"max-image-preview:large","max-video-preview":"max-video-preview:-1"},"canonical":"https:\/\/www.estrategiaconcursos.com.br\/blog\/ciclo-de-estudos-da-area-fiscal\/","og_locale":"pt_BR","og_type":"article","og_title":"Ciclo de estudos da \u00e1rea fiscal - Do B\u00e1sico ao Avan\u00e7ado","og_description":"Participe do evento \"Montando seu ciclo de estudos da \u00e1rea fiscal - Do B\u00e1sico ao Avan\u00e7ado\" a partir das 19h, com a professora Silvana Diniz. AO VIVO!","og_url":"https:\/\/www.estrategiaconcursos.com.br\/blog\/ciclo-de-estudos-da-area-fiscal\/","og_site_name":"Estrat\u00e9gia Concursos","article_published_time":"2020-10-23T21:00:43+00:00","article_modified_time":"2020-10-27T20:16:19+00:00","og_image":[{"width":1220,"height":592,"url":"https:\/\/dhg1h5j42swfq.cloudfront.net\/2020\/10\/22174104\/WhatsApp-Image-2020-10-22-at-17.40.57.jpeg","type":"image\/jpeg"}],"author":"Silvana Diniz","twitter_card":"summary_large_image","twitter_creator":"@EstratConcursos","twitter_site":"@EstratConcursos","twitter_misc":{"Escrito por":"Silvana Diniz","Est. tempo de leitura":"1 minuto"},"schema":{"@context":"https:\/\/schema.org","@graph":[{"@type":"NewsArticle","@id":"https:\/\/www.estrategiaconcursos.com.br\/blog\/ciclo-de-estudos-da-area-fiscal\/#article","isPartOf":{"@id":"https:\/\/www.estrategiaconcursos.com.br\/blog\/ciclo-de-estudos-da-area-fiscal\/"},"author":{"name":"Silvana Diniz","@id":"https:\/\/www.estrategiaconcursos.com.br\/blog\/#\/schema\/person\/906889da0af0a7a7abbe3c8a7a920dea"},"headline":"Ciclo de estudos da \u00e1rea fiscal &#8211; Do B\u00e1sico ao Avan\u00e7ado","datePublished":"2020-10-23T21:00:43+00:00","dateModified":"2020-10-27T20:16:19+00:00","mainEntityOfPage":{"@id":"https:\/\/www.estrategiaconcursos.com.br\/blog\/ciclo-de-estudos-da-area-fiscal\/"},"wordCount":285,"commentCount":0,"publisher":{"@id":"https:\/\/www.estrategiaconcursos.com.br\/blog\/#organization"},"image":{"@id":"https:\/\/www.estrategiaconcursos.com.br\/blog\/ciclo-de-estudos-da-area-fiscal\/#primaryimage"},"thumbnailUrl":"https:\/\/dhg1h5j42swfq.cloudfront.net\/2020\/10\/22174104\/WhatsApp-Image-2020-10-22-at-17.40.57.jpeg","articleSection":["Fiscal - Estadual (ICMS)"],"inLanguage":"pt-BR","potentialAction":[{"@type":"CommentAction","name":"Comment","target":["https:\/\/www.estrategiaconcursos.com.br\/blog\/ciclo-de-estudos-da-area-fiscal\/#respond"]}],"copyrightYear":"2020","copyrightHolder":{"@id":"https:\/\/www.estrategiaconcursos.com.br\/blog\/#organization"}},{"@type":"WebPage","@id":"https:\/\/www.estrategiaconcursos.com.br\/blog\/ciclo-de-estudos-da-area-fiscal\/","url":"https:\/\/www.estrategiaconcursos.com.br\/blog\/ciclo-de-estudos-da-area-fiscal\/","name":"Ciclo de estudos da \u00e1rea fiscal - Do B\u00e1sico ao Avan\u00e7ado","isPartOf":{"@id":"https:\/\/www.estrategiaconcursos.com.br\/blog\/#website"},"primaryImageOfPage":{"@id":"https:\/\/www.estrategiaconcursos.com.br\/blog\/ciclo-de-estudos-da-area-fiscal\/#primaryimage"},"image":{"@id":"https:\/\/www.estrategiaconcursos.com.br\/blog\/ciclo-de-estudos-da-area-fiscal\/#primaryimage"},"thumbnailUrl":"https:\/\/dhg1h5j42swfq.cloudfront.net\/2020\/10\/22174104\/WhatsApp-Image-2020-10-22-at-17.40.57.jpeg","datePublished":"2020-10-23T21:00:43+00:00","dateModified":"2020-10-27T20:16:19+00:00","description":"Participe do evento \"Montando seu ciclo de estudos da \u00e1rea fiscal - Do B\u00e1sico ao Avan\u00e7ado\" a partir das 19h, com a professora Silvana Diniz. AO VIVO!","breadcrumb":{"@id":"https:\/\/www.estrategiaconcursos.com.br\/blog\/ciclo-de-estudos-da-area-fiscal\/#breadcrumb"},"inLanguage":"pt-BR","potentialAction":[{"@type":"ReadAction","target":["https:\/\/www.estrategiaconcursos.com.br\/blog\/ciclo-de-estudos-da-area-fiscal\/"]}]},{"@type":"ImageObject","inLanguage":"pt-BR","@id":"https:\/\/www.estrategiaconcursos.com.br\/blog\/ciclo-de-estudos-da-area-fiscal\/#primaryimage","url":"https:\/\/dhg1h5j42swfq.cloudfront.net\/2020\/10\/22174104\/WhatsApp-Image-2020-10-22-at-17.40.57.jpeg","contentUrl":"https:\/\/dhg1h5j42swfq.cloudfront.net\/2020\/10\/22174104\/WhatsApp-Image-2020-10-22-at-17.40.57.jpeg","width":1220,"height":592,"caption":"Monitoria da \u00e1rea fiscal"},{"@type":"BreadcrumbList","@id":"https:\/\/www.estrategiaconcursos.com.br\/blog\/ciclo-de-estudos-da-area-fiscal\/#breadcrumb","itemListElement":[{"@type":"ListItem","position":1,"name":"In\u00edcio","item":"https:\/\/www.estrategiaconcursos.com.br\/blog\/"},{"@type":"ListItem","position":2,"name":"Ciclo de estudos da \u00e1rea fiscal &#8211; Do B\u00e1sico ao Avan\u00e7ado"}]},{"@type":"WebSite","@id":"https:\/\/www.estrategiaconcursos.com.br\/blog\/#website","url":"https:\/\/www.estrategiaconcursos.com.br\/blog\/","name":"Estrat\u00e9gia Concursos","description":"O blog da Estrat\u00e9gia Concursos traz not\u00edcias sobre concursos e artigos de professores oferecendo cursos para concursos (pdf + videaulas) no site.","publisher":{"@id":"https:\/\/www.estrategiaconcursos.com.br\/blog\/#organization"},"potentialAction":[{"@type":"SearchAction","target":{"@type":"EntryPoint","urlTemplate":"https:\/\/www.estrategiaconcursos.com.br\/blog\/?s={search_term_string}"},"query-input":{"@type":"PropertyValueSpecification","valueRequired":true,"valueName":"search_term_string"}}],"inLanguage":"pt-BR"},{"@type":"Organization","@id":"https:\/\/www.estrategiaconcursos.com.br\/blog\/#organization","name":"Estrat\u00e9gia Concursos","url":"https:\/\/www.estrategiaconcursos.com.br\/blog\/","logo":{"@type":"ImageObject","inLanguage":"pt-BR","@id":"https:\/\/www.estrategiaconcursos.com.br\/blog\/#\/schema\/logo\/image\/","url":"https:\/\/dhg1h5j42swfq.cloudfront.net\/2025\/06\/03203428\/logo_concursos-1.jpg","contentUrl":"https:\/\/dhg1h5j42swfq.cloudfront.net\/2025\/06\/03203428\/logo_concursos-1.jpg","width":230,"height":60,"caption":"Estrat\u00e9gia Concursos"},"image":{"@id":"https:\/\/www.estrategiaconcursos.com.br\/blog\/#\/schema\/logo\/image\/"},"sameAs":["https:\/\/x.com\/EstratConcursos"]},{"@type":"Person","@id":"https:\/\/www.estrategiaconcursos.com.br\/blog\/#\/schema\/person\/906889da0af0a7a7abbe3c8a7a920dea","name":"Silvana Diniz","image":{"@type":"ImageObject","inLanguage":"pt-BR","@id":"https:\/\/secure.gravatar.com\/avatar\/37ad3fbd70af6b6f07a66451f01c8f0b5588d0d1e44da143dcdfcb9f1721b673?s=96&d=mm&r=g","url":"https:\/\/secure.gravatar.com\/avatar\/37ad3fbd70af6b6f07a66451f01c8f0b5588d0d1e44da143dcdfcb9f1721b673?s=96&d=mm&r=g","contentUrl":"https:\/\/secure.gravatar.com\/avatar\/37ad3fbd70af6b6f07a66451f01c8f0b5588d0d1e44da143dcdfcb9f1721b673?s=96&d=mm&r=g","caption":"Silvana Diniz"},"url":"https:\/\/www.estrategiaconcursos.com.br\/blog\/author\/silvanadinizestrategiaconcursos-com-br\/"}]}},"_links":{"self":[{"href":"https:\/\/www.estrategiaconcursos.com.br\/blog\/wp-json\/wp\/v2\/posts\/595017","targetHints":{"allow":["GET"]}}],"collection":[{"href":"https:\/\/www.estrategiaconcursos.com.br\/blog\/wp-json\/wp\/v2\/posts"}],"about":[{"href":"https:\/\/www.estrategiaconcursos.com.br\/blog\/wp-json\/wp\/v2\/types\/post"}],"author":[{"embeddable":true,"href":"https:\/\/www.estrategiaconcursos.com.br\/blog\/wp-json\/wp\/v2\/users\/337"}],"replies":[{"embeddable":true,"href":"https:\/\/www.estrategiaconcursos.com.br\/blog\/wp-json\/wp\/v2\/comments?post=595017"}],"version-history":[{"count":4,"href":"https:\/\/www.estrategiaconcursos.com.br\/blog\/wp-json\/wp\/v2\/posts\/595017\/revisions"}],"predecessor-version":[{"id":597621,"href":"https:\/\/www.estrategiaconcursos.com.br\/blog\/wp-json\/wp\/v2\/posts\/595017\/revisions\/597621"}],"wp:featuredmedia":[{"embeddable":true,"href":"https:\/\/www.estrategiaconcursos.com.br\/blog\/wp-json\/wp\/v2\/media\/595046"}],"wp:attachment":[{"href":"https:\/\/www.estrategiaconcursos.com.br\/blog\/wp-json\/wp\/v2\/media?parent=595017"}],"wp:term":[{"taxonomy":"category","embeddable":true,"href":"https:\/\/www.estrategiaconcursos.com.br\/blog\/wp-json\/wp\/v2\/categories?post=595017"},{"taxonomy":"post_tag","embeddable":true,"href":"https:\/\/www.estrategiaconcursos.com.br\/blog\/wp-json\/wp\/v2\/tags?post=595017"},{"taxonomy":"tax_estado","embeddable":true,"href":"https:\/\/www.estrategiaconcursos.com.br\/blog\/wp-json\/wp\/v2\/tax_estado?post=595017"}],"curies":[{"name":"wp","href":"https:\/\/api.w.org\/{rel}","templated":true}]}}