{"id":594963,"date":"2026-03-16T08:25:00","date_gmt":"2026-03-16T11:25:00","guid":{"rendered":"https:\/\/www.estrategiaconcursos.com.br\/blog\/?p=594963"},"modified":"2026-03-16T11:56:46","modified_gmt":"2026-03-16T14:56:46","slug":"concurso-anm","status":"publish","type":"post","link":"https:\/\/www.estrategiaconcursos.com.br\/blog\/concurso-anm\/","title":{"rendered":"Concurso ANM 2026: resultado final homologado; confira!"},"content":{"rendered":"\n<center><a id=\"cta-icon\" href=\"https:\/\/sndflw.com\/i\/anm-grupo\" target=\"_blank\" style=\"background:#29a61a; display:inline-flex; align-items:center; padding:10px 15px; border-radius:6px; color:#fff; text-decoration:none; font-weight:500; font-size:15px;\"><img decoding=\"async\" src=\"https:\/\/dhg1h5j42swfq.cloudfront.net\/2023\/12\/07154107\/whatsapp_13851.png\" alt=\"\" style=\"width:20px; height:20px; margin-right:8px;\"><span>Acesse agora o Grupo de Estudos para o Concurso ANM<\/span><\/a><\/center>\n\n\n\n<div style=\"height:7px\" aria-hidden=\"true\" class=\"wp-block-spacer\"><\/div>\n\n\n\n<p>Foi divulgado o resultado definitivo da classifica\u00e7\u00e3o final e a homologa\u00e7\u00e3o do <strong>concurso ANM<\/strong> (<a href=\"https:\/\/www.estrategiaconcursos.com.br\/cursosPorConcurso\/agencia-nacional-de-mineracao-anm\" target=\"_blank\" rel=\"noreferrer noopener\">Ag\u00eancia Nacional de Minera\u00e7\u00e3o<\/a>), contemplado na segunda edi\u00e7\u00e3o do <a href=\"https:\/\/www.estrategiaconcursos.com.br\/blog\/concurso-nacional-unificado\/\" target=\"_blank\" rel=\"noreferrer noopener\"><strong>CNU<\/strong><\/a>.<\/p>\n\n\n\n<p>A lista vem ap\u00f3s tr\u00eas convoca\u00e7\u00f5es para confirma\u00e7\u00e3o de interesse nas vagas. Agora, cada \u00f3rg\u00e3o participante <strong>iniciar\u00e1 os procedimentos administrativos para a nomea\u00e7\u00e3o<\/strong> dos aprovados.<\/p>\n\n\n\n<ul class=\"wp-block-list\">\n<li><strong><a href=\"https:\/\/dhg1h5j42swfq.cloudfront.net\/2026\/03\/16061538\/edital-no-84-de-13-de-marco-de-2026-edital-no-84-de-13-de-marco-de-2026-dou-imprensa-nacional.pdf\" target=\"_blank\" rel=\"noreferrer noopener nofollow\">Resultado definitivo da classifica\u00e7\u00e3o final<\/a><\/strong><\/li>\n<\/ul>\n\n\n\n<p>Vale lembrar que o certame ofereceu oportunidades para o cargo de <strong>T\u00e9cnico de Atividades de Minera\u00e7\u00e3o<\/strong>, nas especialidades de Minera\u00e7\u00e3o e Geoprocessamento.<\/p>\n\n\n\n<p>A exig\u00eancia \u00e9 de n\u00edvel m\u00e9dio, com sal\u00e1rio inicial bem atrativo, no valor de <strong>R$ 8.053,32.<\/strong><\/p>\n\n\n\n<ul class=\"wp-block-list has-very-light-gray-to-cyan-bluish-gray-gradient-background has-background\">\n<li><strong>Ag\u00eancia Nacional de Minera\u00e7\u00e3o <\/strong><\/li>\n\n\n\n<li><strong>Status:<\/strong> homologado<\/li>\n\n\n\n<li><strong>Banca:<\/strong> <a href=\"https:\/\/conhecimento.fgv.br\/cpnu2?utm_source=google&amp;utm_medium=cpc&amp;utm_campaign=ec-ge-vd-gsh-semanacnu-semesp-140923\" target=\"_blank\" rel=\"noreferrer noopener\">FGV<\/a><\/li>\n\n\n\n<li><strong>Vagas:<\/strong> 80<\/li>\n\n\n\n<li><strong>Sal\u00e1rio inicial: <\/strong>R$ 8.053,32<\/li>\n\n\n\n<li><strong>Edital retificado:<\/strong> <a href=\"https:\/\/dhg1h5j42swfq.cloudfront.net\/2025\/08\/05113514\/edital-cnu-2025-retificado-1.pdf\" target=\"_blank\" rel=\"noreferrer noopener nofollow\">Edital CNU 2025<\/a> | <a href=\"https:\/\/dhg1h5j42swfq.cloudfront.net\/2025\/08\/05095954\/cnu-2025-bloco-9.pdf\" target=\"_blank\" rel=\"noreferrer noopener nofollow\">Bloco 9<\/a><\/li>\n<\/ul>\n\n\n\n<p>Ademais, o \u00faltimo certame, <strong>publicado em 2024<\/strong>, ofereceu <strong>220 vagas<\/strong> para cargos de n\u00edvel superior em diversas especialidades, com sal\u00e1rios iniciais de at\u00e9 R$ 12,8 mil!<\/p>\n\n\n\n<ul class=\"wp-block-list\">\n<li><strong>180 vagas <\/strong>para <strong>Especialista em Recursos Minerais<\/strong> (R$ 12.828,38); e<\/li>\n\n\n\n<li><strong>40 vagas <\/strong>para <strong>Analista Administrativo<\/strong> (R$ 10.527,94).<\/li>\n<\/ul>\n\n\n\n<p>Para este, j\u00e1 \u00e9 poss\u00edvel conferir as <strong>nomea\u00e7\u00f5es publicadas<\/strong>! O documento foi publicado via Di\u00e1rio Oficial da Uni\u00e3o (DOU). Abaixo, confira a lista completa!<\/p>\n\n\n\n<ul class=\"wp-block-list\">\n<li><strong><a href=\"https:\/\/dhg1h5j42swfq.cloudfront.net\/2025\/09\/01065300\/nomeacoes-anm.pdf\" target=\"_blank\" rel=\"noreferrer noopener nofollow\">Veja a lista<\/a><\/strong><\/li>\n<\/ul>\n\n\n\n<p id=\"indice\">Confira, neste artigo, as principais informa\u00e7\u00f5es e novidades a respeito do concurso ANM. Acompanhe os t\u00f3picos abaixo e n\u00e3o perca nenhum detalhe:<\/p>\n\n\n\n<ul id=\"indice\" class=\"wp-block-list\">\n<li id=\"CNU\"><a href=\"#sobre\"><strong>Sobre a Ag\u00eancia<\/strong><\/a><\/li>\n\n\n\n<li id=\"CNU\"><strong><a href=\"#situ\">ANM no CNU 2025<\/a><\/strong>\n<ul class=\"wp-block-list\">\n<li><a href=\"#cargos\">Cargos e vagas<\/a><\/li>\n\n\n\n<li><a href=\"#etapas\">Etapas e provas<\/a><\/li>\n<\/ul>\n<\/li>\n\n\n\n<li><a href=\"#carreira\"><strong>Carreira<\/strong><\/a>\n<ul class=\"wp-block-list\">\n<li><a href=\"#vagos\">Cargos vagos<\/a><\/li>\n\n\n\n<li><a href=\"#requisitos\">Requisitos<\/a><\/li>\n\n\n\n<li><a href=\"#atribuicoes\">Atribui\u00e7\u00f5es<\/a><\/li>\n\n\n\n<li><a href=\"#salario\">Sal\u00e1rio<\/a><\/li>\n<\/ul>\n<\/li>\n\n\n\n<li><strong><a href=\"#h-informacoes-do-ultimo-concurso-anm\">\u00daltimo concurso<\/a><\/strong><\/li>\n\n\n\n<li><a href=\"#cursos-assinatura\"><strong>Cursos e assinaturas<\/strong><\/a><\/li>\n\n\n\n<li><a href=\"#ficha\"><strong>Ficha t\u00e9cnica<\/strong><\/a><\/li>\n<\/ul>\n\n\n\n<div class=\"container\" id=\"boxes\">\n  <div class=\"row\">\n\n    <div class=\"col-sm\">\n      <div class=\"banner-agencias-reguladoras\" id=\"box-assinatura\">\n        <h2 class=\"titulo-assinatura\" style=\"text-align: left;\">Cursos Concurso ANM<\/h2>\n        <p class=\"subtitulo-assinatura\" style=\"text-align: left;\">Prepara\u00e7\u00e3o completa para a sele\u00e7\u00e3o!<\/p>\n        <div class=\"box-botao\" style=\"text-align: left;\">\n          <a class=\"btn-assinatura\" target=\"_blank\" href=\"https:\/\/www.estrategiaconcursos.com.br\/cursosPorConcurso\/agencia-nacional-de-mineracao-anm\/\" role=\"button\" rel=\"noopener noreferrer\">VER CURSOS<\/a>\n        <\/div>\n      <\/div><\/div><\/div><\/div>\n\n\n\n<h2 class=\"wp-block-heading\" id=\"sobre\">O que \u00e9 a ANM e qual o papel da ag\u00eancia<\/h2>\n\n\n\n<p>A&nbsp;Ag\u00eancia Nacional de Minera\u00e7\u00e3o tem por finalidade promover o planejamento e o fomento da explora\u00e7\u00e3o mineral e do aproveitamento dos recursos minerais e superintender as pesquisas geol\u00f3gicas, minerais e de tecnologia mineral, bem como assegurar, controlar e fiscalizar o exerc\u00edcio das atividades de minera\u00e7\u00e3o em todo o territ\u00f3rio nacional.<\/p>\n\n\n\n<h2 class=\"wp-block-heading\" id=\"CNU\">ANM no CNU 2025<\/h2>\n\n\n\n<h3 class=\"wp-block-heading\" id=\"cargos\">Cargos e vagas previstas para a ANM<\/h3>\n\n\n\n<figure class=\"wp-block-image aligncenter size-full\"><img loading=\"lazy\" decoding=\"async\" width=\"738\" height=\"731\" src=\"https:\/\/dhg1h5j42swfq.cloudfront.net\/2025\/06\/01012734\/screenshot-2025-07-01-at-01-27-27-edital-cnu-2025-2-pdf.png\" alt=\"Cargos e vagas do concurso ANM\" class=\"wp-image-1599393\" srcset=\"https:\/\/dhg1h5j42swfq.cloudfront.net\/2025\/06\/01012734\/screenshot-2025-07-01-at-01-27-27-edital-cnu-2025-2-pdf.png 738w, https:\/\/dhg1h5j42swfq.cloudfront.net\/2025\/06\/01012734\/screenshot-2025-07-01-at-01-27-27-edital-cnu-2025-2-pdf-300x297.png 300w, https:\/\/dhg1h5j42swfq.cloudfront.net\/2025\/06\/01012734\/screenshot-2025-07-01-at-01-27-27-edital-cnu-2025-2-pdf-150x149.png 150w, https:\/\/dhg1h5j42swfq.cloudfront.net\/2025\/06\/01012734\/screenshot-2025-07-01-at-01-27-27-edital-cnu-2025-2-pdf-96x96.png 96w\" sizes=\"auto, (max-width: 738px) 100vw, 738px\" \/><figcaption class=\"wp-element-caption\">Cargos e vagas do concurso ANM<\/figcaption><\/figure>\n\n\n\n<h3 class=\"wp-block-heading\" id=\"h-etapas-de-prova\">Etapas de prova<\/h3>\n\n\n\n<p>A avalia\u00e7\u00e3o dos candidatos do Concurso Nacional Unificado 2025 acontece atrav\u00e9s das seguintes fases:<\/p>\n\n\n\n<ul class=\"wp-block-list\">\n<li><strong>I \u2013 Primeira etapa, dividida nas seguintes fases:<\/strong>\n<ul class=\"wp-block-list\">\n<li><strong>a) Fase 1: Prova Objetiva<\/strong>, de car\u00e1ter eliminat\u00f3rio e classificat\u00f3rio;<\/li>\n\n\n\n<li><strong>b) Fase 2: Prova Discursiva<\/strong>, de car\u00e1ter eliminat\u00f3rio e classificat\u00f3rio;<\/li>\n\n\n\n<li><strong>d) Fase 4: <\/strong>\n<ul class=\"wp-block-list\">\n<li><strong>Procedimento de caracteriza\u00e7\u00e3o<\/strong>&nbsp;da defici\u00eancia das pessoas candidatas que optaram por concorrer \u00e0s vagas reservadas, bem como de aferi\u00e7\u00e3o da compatibilidade entre as atribui\u00e7\u00f5es do cargo e a defici\u00eancia apresentada por essas pessoas, na forma do item 6 deste Edital; e <\/li>\n\n\n\n<li><strong>Procedimento de confirma\u00e7\u00e3o\/verifica\u00e7\u00e3o complementar<\/strong> da autodeclara\u00e7\u00e3o<br \/>para concorrer \u00e0s vagas reservadas \u00e0s pessoas candidatas negras, ind\u00edgenas e quilombolas, na forma do item 7 deste Edital;<\/li>\n<\/ul>\n<\/li>\n<\/ul>\n<\/li>\n<\/ul>\n\n\n\n<h4 class=\"wp-block-heading\" id=\"objetiva\">Prova objetiva<\/h4>\n\n\n\n<p>A prova objetiva <strong>foi composta<\/strong> por quest\u00f5es de m\u00faltipla escolha com 5 alternativas e apenas uma correta.<\/p>\n\n\n\n<p>Para o n\u00edvel m\u00e9dio, <strong>houve<\/strong> um tempo total de <strong>3 horas e 30 minutos (13h \u00e0s 16h30)<\/strong> para responder <strong>68 quest\u00f5es<\/strong>, sendo <strong>44 de conhecimentos gerais<\/strong> e <strong>24 de espec\u00edficos<\/strong>.<\/p>\n\n\n\n<p><strong>Est\u00e3o vinculados \u00e0 Tabela 1, com etapa de t\u00edtulos, os seguintes cargos\/especialidades:<\/strong><\/p>\n\n\n\n<ul class=\"wp-block-list\">\n<li><strong>I.&nbsp;<\/strong>Ag\u00eancia Nacional de Avia\u00e7\u00e3o Civil (ANAC), Cargo: T\u00e9cnico em Regula\u00e7\u00e3o de Avia\u00e7\u00e3o Civil, Especialidade: Geral, Manuten\u00e7\u00e3o Aeron\u00e1utica, Padr\u00f5es Operacionais e Seguran\u00e7a em Voo;<\/li>\n\n\n\n<li><strong>II.&nbsp;<\/strong>Ag\u00eancia Nacional de Transportes Aquavi\u00e1rios (ANTAQ), Cargo: T\u00e9cnico em Regula\u00e7\u00e3o de Servi\u00e7os de Transportes Aquavi\u00e1rios, Especialidade: Geral;<\/li>\n\n\n\n<li><strong>III.<\/strong>&nbsp;Ag\u00eancia Nacional de Transportes Terrestres (ANTT), Cargo: T\u00e9cnico em Regula\u00e7\u00e3o de Servi\u00e7os de Transportes Terrestres, Especialidade: Geral.<\/li>\n<\/ul>\n\n\n\n<p><strong>Est\u00e3o vinculados \u00e0 Tabela 2,&nbsp;sem etapa de t\u00edtulos, os seguintes cargos\/especialidades:<\/strong><\/p>\n\n\n\n<ul class=\"wp-block-list\">\n<li><strong>I.&nbsp;Ag\u00eancia Nacional de Minera\u00e7\u00e3o (ANM), Cargo: T\u00e9cnico em Atividades de Minera\u00e7\u00e3o, Especialidade: Geoprocessamento e Minera\u00e7\u00e3o;<\/strong><\/li>\n\n\n\n<li><strong>II.&nbsp;<\/strong>Ag\u00eancia Nacional de Petr\u00f3leo, G\u00e1s Natural e Biocombust\u00edveis (ANP), Cargo: Cargo: T\u00e9cnico em Regula\u00e7\u00e3o de Petr\u00f3leo e Derivados, \u00c1lcool Combust\u00edvel e G\u00e1s Natural, Especialidade: Geral e Qu\u00edmica;<\/li>\n\n\n\n<li><strong>III.&nbsp;<\/strong>Ag\u00eancia Nacional de Sa\u00fade Suplementar (ANS), Cargo: T\u00e9cnico em Regula\u00e7\u00e3o de Sa\u00fade Suplementar, Especialidade: Geral;<\/li>\n\n\n\n<li><strong>IV.<\/strong>&nbsp;Ag\u00eancia Nacional de Telecomunica\u00e7\u00f5es (ANATEL), Cargo: T\u00e9cnico em Regula\u00e7\u00e3o de Servi\u00e7os P\u00fablicos de Telecomunica\u00e7\u00f5es, Especialidade: Telecomunica\u00e7\u00f5es;<\/li>\n\n\n\n<li><strong>V.&nbsp;<\/strong>Ag\u00eancia Nacional de Vigil\u00e2ncia Sanit\u00e1ria (ANVISA), Cargo: T\u00e9cnico em Regula\u00e7\u00e3o e Vigil\u00e2ncia Sanit\u00e1ria, Especialidade: Geral;<\/li>\n\n\n\n<li>VI. Ag\u00eancia Nacional do Cinema (ANCINE), Cargo: T\u00e9cnico em Regula\u00e7\u00e3o da Atividade Cinematogr\u00e1fica e Audiovisual, Especialidade: Geral.<\/li>\n<\/ul>\n\n\n\n<figure class=\"wp-block-image aligncenter\"><img loading=\"lazy\" decoding=\"async\" width=\"647\" height=\"697\" src=\"https:\/\/dhg1h5j42swfq.cloudfront.net\/2025\/06\/30235206\/image-360.png\" alt=\"Informa\u00e7\u00f5es sobre as disciplinas do bloco 9 do CNU 2025 - Concurso ANM\" class=\"wp-image-1599300\" srcset=\"https:\/\/dhg1h5j42swfq.cloudfront.net\/2025\/06\/30235206\/image-360.png 647w, https:\/\/dhg1h5j42swfq.cloudfront.net\/2025\/06\/30235206\/image-360-278x300.png 278w, https:\/\/dhg1h5j42swfq.cloudfront.net\/2025\/06\/30235206\/image-360-150x162.png 150w\" sizes=\"auto, (max-width: 647px) 100vw, 647px\" \/><\/figure>\n\n\n\n<p>Para os cargos de N\u00edvel Intermedi\u00e1rio, as quest\u00f5es de Conhecimentos Espec\u00edficos <strong>foram distribu\u00eddas<\/strong> entre 5 eixos tem\u00e1ticos.<\/p>\n\n\n\n<p>Todas as quest\u00f5es objetivas <strong>tiveram<\/strong> o mesmo peso, e cada acerto <strong>valeu<\/strong> 1 (um) ponto. A nota da Prova Objetiva <strong>correspondeu<\/strong> \u00e0 quantidade total de acertos da pessoa candidata, podendo atingir o <strong>m\u00e1ximo de 68 pontos<\/strong>.<\/p>\n\n\n\n<h4 class=\"wp-block-heading\" id=\"conteudo\">Conte\u00fado program\u00e1tico cobrado nas provas da ANM no CNU<\/h4>\n\n\n\n<ul class=\"wp-block-list\">\n<li>L\u00edngua Portuguesa;<\/li>\n\n\n\n<li>Matem\u00e1tica;<\/li>\n\n\n\n<li>No\u00e7\u00f5es de Direito;<\/li>\n\n\n\n<li>Realidade Brasileira;<\/li>\n\n\n\n<li>Regula\u00e7\u00e3o e Ag\u00eancias Reguladoras.<\/li>\n<\/ul>\n\n\n\n<h4 class=\"wp-block-heading\" id=\"h-prova-discursiva\">Prova discursiva<\/h4>\n\n\n\n<p>Para os cargos de&nbsp;<strong>N\u00edvel Intermedi\u00e1rio<\/strong>, a Prova Discursiva foi composta por<strong>&nbsp;Reda\u00e7\u00e3o em formato dissertativo-argumentativo&nbsp;<\/strong>e p\u00f4de totalizar 30 pontos.<\/p>\n\n\n\n<p>Para a Reda\u00e7\u00e3o de N\u00edvel Intermedi\u00e1rio,&nbsp;<strong>100%&nbsp;<\/strong>da nota foi referente ao uso da L\u00edngua Portuguesa.<\/p>\n\n\n\n<p>Na avalia\u00e7\u00e3o do Uso da L\u00edngua Portuguesa, foi analisada a capacidade de a pessoa candidata de empregar a norma culta, demonstrando dom\u00ednio ortogr\u00e1fico, gramatical e textual. Foram considerados aspectos como a estrutura do texto (introdu\u00e7\u00e3o, desenvolvimento e conclus\u00e3o), al\u00e9m da coer\u00eancia e coes\u00e3o na exposi\u00e7\u00e3o das ideias.<\/p>\n\n\n\n<h2 class=\"wp-block-heading\" id=\"carreira\">Como funcionam as carreiras na ANM<\/h2>\n\n\n\n<h3 class=\"wp-block-heading\" id=\"vagos\">N\u00famero de cargos vagos atualmente na ANM<\/h3>\n\n\n\n<p>Segundo dados de dezembro de 2025, existem <strong>563 cargos vagos para as fun\u00e7\u00f5es de n\u00edvel superior<\/strong>, al\u00e9m de <strong>704 cargos vagos de n\u00edvel m\u00e9dio<\/strong>.<\/p>\n\n\n\n<p>Ou seja, s\u00e3o mais de mil vagas dispon\u00edveis dentro da ANM. Veja os detalhes:<\/p>\n\n\n\n<figure class=\"wp-block-table is-style-stripes\"><table><thead><tr><th class=\"has-text-align-center\" data-align=\"center\">Cargos<\/th><th class=\"has-text-align-center\" data-align=\"center\">Aprovada<\/th><th class=\"has-text-align-center\" data-align=\"center\">Distribu\u00eddas<\/th><th class=\"has-text-align-center\" data-align=\"center\">Ocupados<\/th><th class=\"has-text-align-center\" data-align=\"center\">Vagos<\/th><\/tr><\/thead><tbody><tr><td class=\"has-text-align-center\" data-align=\"center\">Especialista em Recursos Naturais<\/td><td class=\"has-text-align-center\" data-align=\"center\">917<\/td><td class=\"has-text-align-center\" data-align=\"center\">591<\/td><td class=\"has-text-align-center\" data-align=\"center\">458<\/td><td class=\"has-text-align-center\" data-align=\"center\">467<\/td><\/tr><tr><td class=\"has-text-align-center\" data-align=\"center\">Analista Administrativo<\/td><td class=\"has-text-align-center\" data-align=\"center\">200<\/td><td class=\"has-text-align-center\" data-align=\"center\">117<\/td><td class=\"has-text-align-center\" data-align=\"center\">104<\/td><td class=\"has-text-align-center\" data-align=\"center\">96<\/td><\/tr><tr><td class=\"has-text-align-center\" data-align=\"center\">T\u00e9cnico em Atividades de Minera\u00e7\u00e3o<\/td><td class=\"has-text-align-center\" data-align=\"center\">591<\/td><td class=\"has-text-align-center\" data-align=\"center\">157<\/td><td class=\"has-text-align-center\" data-align=\"center\">37<\/td><td class=\"has-text-align-center\" data-align=\"center\">567<\/td><\/tr><tr><td class=\"has-text-align-center\" data-align=\"center\">T\u00e9cnico Administrativo<\/td><td class=\"has-text-align-center\" data-align=\"center\">137<\/td><td class=\"has-text-align-center\" data-align=\"center\">6<\/td><td class=\"has-text-align-center\" data-align=\"center\">0<\/td><td class=\"has-text-align-center\" data-align=\"center\">137<\/td><\/tr><\/tbody><\/table><figcaption class=\"wp-element-caption\">Concurso ANM: quantitativos de cargos ocupados e vagos<\/figcaption><\/figure>\n\n\n\n<h3 class=\"wp-block-heading\" id=\"requisitos\">Requisitos dos cargos<\/h3>\n\n\n\n<p><strong>Especialista em Recursos Minerais: <\/strong>Diploma de curso de gradua\u00e7\u00e3o em \u00e1reas espec\u00edficas, conforme determinado no edital, e registro no \u00f3rg\u00e3o de classe.<\/p>\n\n\n\n<p><strong>Analista Administrativo: <\/strong>Diploma de curso de gradua\u00e7\u00e3o em \u00e1reas espec\u00edficas, conforme determinado no edital, e registro no \u00f3rg\u00e3o de classe.<\/p>\n\n\n\n<p><strong>T\u00e9cnico em Atividade de Minera\u00e7\u00e3o:<\/strong> Diploma de n\u00edvel m\u00e9dio completo ou equivalente.<\/p>\n\n\n\n<p><strong>T\u00e9cnico Administrativo:<\/strong> Diploma de n\u00edvel m\u00e9dio completo ou equivalente.<\/p>\n\n\n\n<h3 class=\"wp-block-heading\" id=\"atribuicoes\">Quais s\u00e3o as atribui\u00e7\u00f5es dos cargos na ANM?<\/h3>\n\n\n\n<p><strong>Analista Administrativo:<\/strong> exerc\u00edcio de atividades administrativas e log\u00edsticas de n\u00edvel superior relativas ao exerc\u00edcio das compet\u00eancias a cargo do ANM, fazendo uso de todos os equipamentos e recursos dispon\u00edveis para a consecu\u00e7\u00e3o dessas atividades.<\/p>\n\n\n\n<p><strong>Especialista em Recursos Minerais:<\/strong> <\/p>\n\n\n\n<ul class=\"wp-block-list\">\n<li>atividades inerentes ao fomento e fiscaliza\u00e7\u00e3o da explora\u00e7\u00e3o e do aproveitamento dos recursos minerais, <\/li>\n\n\n\n<li>\u00e0 fiscaliza\u00e7\u00e3o e prote\u00e7\u00e3o dos dep\u00f3sitos fossil\u00edferos, <\/li>\n\n\n\n<li>ao acompanhamento e an\u00e1lise das pesquisas geol\u00f3gicas, minerais e de tecnologia mineral, <\/li>\n\n\n\n<li>\u00e0 outorga dos t\u00edtulos miner\u00e1rios, ao acompanhamento do desempenho da economia mineral brasileira e internacional, <\/li>\n\n\n\n<li>\u00e0 implementa\u00e7\u00e3o da pol\u00edtica mineral, <\/li>\n\n\n\n<li>ao est\u00edmulo do uso racional e eficiente dos recursos minerais, <\/li>\n\n\n\n<li>\u00e0 fiscaliza\u00e7\u00e3o sobre a arrecada\u00e7\u00e3o da Compensa\u00e7\u00e3o Financeira pela Explora\u00e7\u00e3o de Recursos Minerais (CFEM), <\/li>\n\n\n\n<li>\u00e0 promo\u00e7\u00e3o e ao fomento do desenvolvimento de pesquisas cient\u00edficas e tecnol\u00f3gicas, direcionadas ao conhecimento, ao uso sustentado, <\/li>\n\n\n\n<li>\u00e0 conserva\u00e7\u00e3o e \u00e0 gest\u00e3o de recursos minerais.<\/li>\n<\/ul>\n\n\n\n<h3 class=\"wp-block-heading\" id=\"salario\">Remunera\u00e7\u00e3o inicial das carreiras na ANM<\/h3>\n\n\n\n<p>Foi assinado o <a href=\"https:\/\/dhg1h5j42swfq.cloudfront.net\/2025\/05\/08142306\/3-termo_de_acordo_3_2023___anm.pdf\" target=\"_blank\" rel=\"noreferrer noopener nofollow\">Termo de Acordo<\/a> que iguala os sal\u00e1rios das carreiras da ANM aos das demais ag\u00eancias reguladoras ao longo de tr\u00eas anos (at\u00e9 2026).<\/p>\n\n\n\n<ul class=\"wp-block-list\">\n<li><strong>Analista Administrativo:<\/strong>\n<ul class=\"wp-block-list\">\n<li>Vencimento em 2025: <strong>R$ 13.554,70<\/strong> (VB + GDARM)<\/li>\n\n\n\n<li>Subs\u00eddio a partir de jan\/2026: <strong>R$<\/strong> <strong>15.050,25<\/strong><\/li>\n<\/ul>\n<\/li>\n<\/ul>\n\n\n\n<ul class=\"wp-block-list\">\n<li><strong>Especialista em Recursos Minerais:<\/strong>\n<ul class=\"wp-block-list\">\n<li>Vencimento em 2025: <strong>R$ 15.674,07 <\/strong>(VB + GDARM)<\/li>\n\n\n\n<li>Subs\u00eddio a partir de jan\/2026: <strong>R$<\/strong> <strong>16.413,35<\/strong><\/li>\n<\/ul>\n<\/li>\n<\/ul>\n\n\n\n<ul class=\"wp-block-list\">\n<li><strong>T\u00e9cnico em Atividades de Minera\u00e7\u00e3o:<\/strong>\n<ul class=\"wp-block-list\">\n<li>Vencimento em 2025: <strong>R$ 7.330,39 <\/strong>(VB + GDARM)<\/li>\n\n\n\n<li>Subs\u00eddio a partir de jan\/2026: <strong>R$<\/strong> <strong>8.053,32<\/strong><\/li>\n<\/ul>\n<\/li>\n<\/ul>\n\n\n\n<ul class=\"wp-block-list\">\n<li><strong>T\u00e9cnico <\/strong><strong>Administrativo<\/strong>:\n<ul class=\"wp-block-list\">\n<li>Vencimento em 2025: <strong>R$<\/strong> <strong>6.516,38<\/strong> (VB + GDARM)<\/li>\n\n\n\n<li>Subs\u00eddio a partir de jan\/2026: <strong>R$ 7.684,17<\/strong><\/li>\n<\/ul>\n<\/li>\n<\/ul>\n\n\n\n<p class=\"has-background\" style=\"background-color:#f6f6f9\"><strong>GDARM <\/strong>&#8211; Gratifica\u00e7\u00e3o de Desempenho de Atividades de Recursos Minerais<br \/><strong>GQ <\/strong>&#8211; Gratifica\u00e7\u00e3o de Qualifica\u00e7\u00e3o<\/p>\n\n\n\n<h2 class=\"wp-block-heading\" id=\"h-como-foi-o-ultimo-concurso-anm\">Como foi o \u00faltimo concurso ANM?<\/h2>\n\n\n\n<p>Os aprovados no \u00faltimo concurso p\u00fablico da ANM ir\u00e3o receber os seguintes sal\u00e1rios iniciais, para jornadas semanais de 40 horas:<\/p>\n\n\n\n<ul class=\"wp-block-list\">\n<li><strong>Analista Administrativo:<\/strong> R$ 10.527,94; e<\/li>\n\n\n\n<li><strong>Especialista em Recursos Minerais: <\/strong>R$ 12.828,38<\/li>\n<\/ul>\n\n\n\n<figure class=\"wp-block-image aligncenter size-large\"><img loading=\"lazy\" decoding=\"async\" width=\"1024\" height=\"974\" src=\"https:\/\/dhg1h5j42swfq.cloudfront.net\/2024\/11\/22101145\/1-1-1024x974.png\" alt=\"Quadro com a distribui\u00e7\u00e3o de vagas do novo concurso ANM\" class=\"wp-image-1493645\" srcset=\"https:\/\/dhg1h5j42swfq.cloudfront.net\/2024\/11\/22101145\/1-1-1024x974.png 1024w, https:\/\/dhg1h5j42swfq.cloudfront.net\/2024\/11\/22101145\/1-1-300x285.png 300w, https:\/\/dhg1h5j42swfq.cloudfront.net\/2024\/11\/22101145\/1-1-768x731.png 768w, https:\/\/dhg1h5j42swfq.cloudfront.net\/2024\/11\/22101145\/1-1-150x143.png 150w, https:\/\/dhg1h5j42swfq.cloudfront.net\/2024\/11\/22101145\/1-1.png 1436w\" sizes=\"auto, (max-width: 1024px) 100vw, 1024px\" \/><\/figure>\n\n\n\n<p>Foram registradas <strong>15.184 <a href=\"https:\/\/dhg1h5j42swfq.cloudfront.net\/2025\/02\/10194502\/anm_24___demanda_candidatos_por_vaga.pdf\" target=\"_blank\" rel=\"noreferrer noopener nofollow\">candidaturas<\/a><\/strong>, sendo que o cargo e especialidade com maior procura foi justamente o de Analista Administrativo &#8211; Qualquer \u00c1rea de Forma\u00e7\u00e3o (Cargo 11), que acumulou <strong>1.795 candidatos<\/strong> para as <strong>cinco vagas<\/strong> (359 x vaga).<\/p>\n\n\n\n<h3 class=\"wp-block-heading\" id=\"etapas\">Etapas e provas do concurso ANM<\/h3>\n\n\n\n<p>A sele\u00e7\u00e3o para os cargos de que trata este edital compreende as seguintes etapas, todas de responsabilidade do Cebraspe, sendo elas:<\/p>\n\n\n\n<ul class=\"wp-block-list\">\n<li><strong>Primeira etapa: <\/strong>\n<ul class=\"wp-block-list\">\n<li><strong>Provas objetivas,<\/strong> de car\u00e1ter eliminat\u00f3rio e classificat\u00f3rio;<\/li>\n\n\n\n<li><strong>Provas discursivas<\/strong>, de car\u00e1ter eliminat\u00f3rio e classificat\u00f3rio; e<\/li>\n\n\n\n<li><strong>Avalia\u00e7\u00e3o de t\u00edtulos<\/strong>, de car\u00e1ter classificat\u00f3rio.<\/li>\n<\/ul>\n<\/li>\n\n\n\n<li><strong>Segunda etapa:<\/strong> curso de forma\u00e7\u00e3o, de car\u00e1ter eliminat\u00f3rio e classificat\u00f3rio.<\/li>\n<\/ul>\n\n\n\n<h4 class=\"wp-block-heading\" id=\"objetiva\">Estrutura da prova objetiva do \u00faltimo concurso<\/h4>\n\n\n\n<p>As provas objetivas e a prova discursiva para os cargos de Analista Administrativo tiveram a dura\u00e7\u00e3o de <strong>4 horas e 30 minutos <\/strong>e foram aplicadas no turno da <strong>manh\u00e3<\/strong>.<\/p>\n\n\n\n<p>J\u00e1 as provas objetivas e a prova discursiva para os cargos de Especialista em Recursos Minerais tiveram a dura\u00e7\u00e3o de <strong>5 horas <\/strong>e foram aplicadas no turno da <strong>tarde<\/strong>.<\/p>\n\n\n\n<p>As avalia\u00e7\u00f5es foram compostas por <strong>120 quest\u00f5es<\/strong> do tipo &#8220;CERTO ou ERRADO&#8221;, sendo 50 quest\u00f5es de Conhecimentos Gerais e 70 de quest\u00f5es de Conhecimentos Espec\u00edficos.<\/p>\n\n\n\n<ul class=\"wp-block-list\">\n<li><strong>Conhecimentos Gerais:<\/strong>\n<ul class=\"wp-block-list\">\n<li>L\u00edngua Portuguesa;<\/li>\n\n\n\n<li>L\u00edngua Inglesa;<\/li>\n\n\n\n<li>\u00c9tica, Transpar\u00eancia e Controle Social;<\/li>\n\n\n\n<li>Racioc\u00ednio L\u00f3gico e Quantitativo;<\/li>\n\n\n\n<li>Legisla\u00e7\u00e3o;<\/li>\n\n\n\n<li>No\u00e7\u00f5es de Direito Constitucional (<strong><span style=\"text-decoration: underline;\">Exceto<\/span> <\/strong>para os cargos 5, 14 e 15);<\/li>\n\n\n\n<li>No\u00e7\u00f5es de Direito Administrativo (<strong><span style=\"text-decoration: underline;\">Exceto<\/span> <\/strong>para os cargos 5, 14, 15 e 22);<\/li>\n\n\n\n<li>No\u00e7\u00f5es de Inform\u00e1tica (<strong><span style=\"text-decoration: underline;\">Exceto<\/span> <\/strong>para os cargos 24, 25 e 26);<\/li>\n\n\n\n<li>Regula\u00e7\u00e3o e Ag\u00eancias Reguladoras (<strong><span style=\"text-decoration: underline;\">Exceto<\/span> <\/strong>para os cargos 11, 13 e 15);<\/li>\n\n\n\n<li>No\u00e7\u00f5es de Direito Miner\u00e1rio (<strong><span style=\"text-decoration: underline;\">Apenas<\/span> <\/strong>para os Cargos de Especialista).<\/li>\n<\/ul>\n<\/li>\n\n\n\n<li><strong>Conhecimentos Espec\u00edficos<\/strong><\/li>\n<\/ul>\n\n\n\n<p>Foi reprovado nas provas objetivas e eliminado do concurso p\u00fablico o candidato que se enquadrasse em pelo menos um dos itens a seguir:<\/p>\n\n\n\n<ul class=\"wp-block-list\">\n<li>a) obtivesse nota inferior a 10,00 pontos na prova objetiva de conhecimentos gerais P1;<\/li>\n\n\n\n<li>b) obtivesse nota inferior a 21,00 pontos na prova objetiva de conhecimentos espec\u00edficos P2; e<\/li>\n\n\n\n<li>c) obtivesse nota inferior a 36,00 pontos no conjunto das provas objetivas.<\/li>\n<\/ul>\n\n\n\n<h4 class=\"wp-block-heading\" id=\"discursiva\">Como funcionou a prova discursiva no concurso ANM?<\/h4>\n\n\n\n<p>A prova discursiva do concurso ANM foi composta por:<\/p>\n\n\n\n<ul class=\"wp-block-list\">\n<li><strong>Para o cargo de Analista:<\/strong> 1 (uma) prova discursiva, comum a todas especialidades do cargo, constitu\u00edda de reda\u00e7\u00e3o de tema da atualidade, a ser respondida em at\u00e9 30 linhas; e<\/li>\n\n\n\n<li><strong>Para o cargo de Especialista: <\/strong>1 (uma) quest\u00e3o, a ser respondida em at\u00e9 45 linhas.<\/li>\n<\/ul>\n\n\n\n<p>Esta etapa para os cargos de <strong>Analista <\/strong>foi corrigida conforme os crit\u00e9rios a seguir:<\/p>\n\n\n\n<ul class=\"wp-block-list\">\n<li><strong>a)<\/strong> a apresenta\u00e7\u00e3o e a estrutura textuais e o desenvolvimento do tema totalizaram a nota relativa ao dom\u00ednio do conte\u00fado (NC), cuja pontua\u00e7\u00e3o m\u00e1xima foi limitada ao valor de 20,00 pontos;<\/li>\n\n\n\n<li><strong>b) <\/strong>a avalia\u00e7\u00e3o do dom\u00ednio da modalidade escrita totalizou o n\u00famero de erros (NE) do candidato, considerando-se aspectos tais como: grafia, morfossintaxe e propriedade vocabular;<\/li>\n<\/ul>\n\n\n\n<p>Foi aprovado na prova discursiva o candidato ao cargo de Analista que obtivesse NPD\u00b3 10,00 pontos.<\/p>\n\n\n\n<p>A prova discursiva para os cargos de <strong>Especialista <\/strong>foi corrigida conforme os crit\u00e9rios a seguir:<\/p>\n\n\n\n<ul class=\"wp-block-list\">\n<li><strong>a) <\/strong>a apresenta\u00e7\u00e3o e a estrutura textuais e o desenvolvimento do tema totalizaram a nota relativa ao dom\u00ednio do conte\u00fado (NC), cuja pontua\u00e7\u00e3o m\u00e1xima foi limitada ao valor de 30,00 pontos;<\/li>\n\n\n\n<li><strong>b) <\/strong>a avalia\u00e7\u00e3o do dom\u00ednio da modalidade escrita totalizou o n\u00famero de erros (NE) do candidato, considerando-se aspectos tais como: grafia, morfossintaxe e propriedade vocabular;<\/li>\n<\/ul>\n\n\n\n<p>Foi aprovado na prova discursiva o candidato que obtivesse NPD \u00b3 15,00 pontos.<\/p>\n\n\n\n<h4 class=\"wp-block-heading\" id=\"titulos\">Como foi a avalia\u00e7\u00e3o de t\u00edtulos no \u00faltimo edital?<\/h4>\n\n\n\n<p>A avalia\u00e7\u00e3o de t\u00edtulos valeu 10,00 pontos, ainda que a soma dos valores dos t\u00edtulos enviados seja superior a esse valor.<br \/><br \/>Somente foram aceitos os t\u00edtulos abaixo relacionados, expedidos at\u00e9 a data de envio, observados os limites de pontos do quadro a seguir:<\/p>\n\n\n\n<figure \n  itemscope \n  itemtype=\"https:\/\/schema.org\/ImageObject\" \n  style=\"text-align: center;\">\n  \n  <img decoding=\"async\" src=\"https:\/\/dhg1h5j42swfq.cloudfront.net\/2025\/06\/18155737\/concurso-anm-quadro-de-atribuicao-de-avaliacao-de-titulos-do-ultimo-certame.png\" \n    alt=\"Quadro de atribui\u00e7\u00e3o de pontos para avalia\u00e7\u00e3o de t\u00edtulos do concurso ANM, \u00faltimo certame.\" \n    itemprop=\"contentUrl\"\n    title=\"Pontos para avalia\u00e7\u00e3o de t\u00edtulos - Concurso ANM, \u00faltimo certame\"\n    style=\"max-width: 100%; height: auto;\"\n  \/>\n\n  <figcaption \n    style=\"margin-top: 8px; font-size: 14px;\">\n    Quadro de pontos para avalia\u00e7\u00e3o de t\u00edtulos do concurso ANM.\n  <\/figcaption>\n\n  <meta itemprop=\"name\" content=\"Quadro de pontos para t\u00edtulos - Concurso ANM, \u00faltimo certame\"\/>\n  <meta itemprop=\"description\" content=\"Imagem retirada do edital do concurso ANM que apresenta o quadro de atribui\u00e7\u00e3o de pontos para avalia\u00e7\u00e3o de t\u00edtulos na etapa de prova de t\u00edtulos.\"\/>\n  <meta itemprop=\"author\" content=\"Ag\u00eancia Nacional de Minera\u00e7\u00e3o (ANM)\"\/>\n  <meta itemprop=\"datePublished\" content=\"2025-05-28\"\/>\n  <meta itemprop=\"dateModified\" content=\"2025-05-28\"\/>\n  <meta itemprop=\"license\" content=\"https:\/\/www.gov.br\/anm\/pt-br\"\/>\n  <meta itemprop=\"creditText\" content=\"Fonte: Edital do Concurso ANM, \u00faltimo certame\"\/>\n  <meta itemprop=\"creator\" content=\"https:\/\/schema.org\/Organization\"\/>\n  <meta itemprop=\"copyrightNotice\" content=\"Informa\u00e7\u00e3o p\u00fablica extra\u00edda do edital da ANM, \u00faltimo certame.\"\/>\n  <meta itemprop=\"acquireLicensePage\" content=\"https:\/\/www.gov.br\/anm\/pt-br\/canais_atendimento\/fale-conosco\"\/>\n<\/figure>\n\n\n\n<hr class=\"wp-block-separator has-css-opacity\"\/>\n\n\n\n<h2 class=\"wp-block-heading has-text-align-center wp-embed-aspect-16-9 wp-has-aspect-ratio\" id=\"cursos-assinatura\"><em>Cursos para o concurso ANM<\/em><\/h2>\n\n\n\n<div class=\"container\" id=\"boxes\">\n  <div class=\"row\">\n\n    <div class=\"col-sm\">\n      <div class=\"banner-agencias-reguladoras\" id=\"box-assinatura\">\n        <h2 class=\"titulo-assinatura\" style=\"text-align: left;\">Ag\u00eancia Nacional de Minera\u00e7\u00e3o<\/h2>\n        <p class=\"subtitulo-assinatura\" style=\"text-align: left;\">Prepara\u00e7\u00e3o completa para os concursos<\/p>\n        <div class=\"box-botao\" style=\"text-align: left;\">\n          <a class=\"btn-assinatura\" target=\"_blank\" href=\"https:\/\/www.estrategiaconcursos.com.br\/cursosPorConcurso\/agencia-nacional-de-mineracao-anm\/\" role=\"button\" rel=\"noopener noreferrer\">VER CURSOS<\/a>\n        <\/div>\n      <\/div><\/div><\/div><\/div>\n\n\n\n<div class=\"container\" id=\"boxes\">\n  <div class=\"row\">\n\n    <div class=\"col-sm\">\n      <div class=\"estrategia\" id=\"box-assinatura\">\n        <h3 class=\"titulo-assinatura\">Assinatura Concursos<\/h3>\n        <p class=\"subtitulo-assinatura\">Assinatura de 1 ano ou 2 anos<\/p>\n        <div class=\"box-botao\">\n          <a class=\"btn-assinatura\" target=\"_blank\" href=\"https:\/\/www.estrategiaconcursos.com.br\/assinaturas\/\" role=\"button\" rel=\"noopener noreferrer\">ASSINE AGORA<\/a>\n        <\/div>\n      <\/div><\/div><\/div><\/div>\n\n\n\n<h2 class=\"wp-block-heading has-text-align-center wp-embed-aspect-16-9 wp-has-aspect-ratio\" id=\"quer-saber-tudo-sobre-concursos-previstos-confira-nossos-artigos\">Quer saber tudo sobre concursos previstos?<br \/>Confira nossos artigos!<\/h2>\n\n\n\n<ul class=\"wp-block-list wp-embed-aspect-16-9 wp-has-aspect-ratio\">\n<li><a href=\"https:\/\/www.estrategiaconcursos.com.br\/blog\/concursos-agencias-reguladoras\/\" target=\"_blank\" rel=\"noreferrer noopener\">Concursos Ag\u00eancias Reguladoras<\/a><\/li>\n\n\n\n<li><a href=\"https:\/\/www.estrategiaconcursos.com.br\/blog\/concursos-abertos\/\" target=\"_blank\" rel=\"noreferrer noopener\">Concursos Abertos<\/a><\/li>\n\n\n\n<li><a href=\"https:\/\/www.estrategiaconcursos.com.br\/blog\/concursos-2026\/\" target=\"_blank\" rel=\"noreferrer noopener\">Concursos 2026<\/a><\/li>\n<\/ul>\n\n\n\n<figure class=\"wp-block-image is-resized\"><img decoding=\"async\" src=\"https:\/\/dhg1h5j42swfq.cloudfront.net\/2021\/04\/16143008\/ficha-tecnica-141-1024x632.png\" alt=\"Informa\u00e7\u00f5es do edital ANM 2025\" style=\"width:237px;height:auto\"\/><\/figure>\n\n\n\n<h3 class=\"wp-block-heading\" id=\"ficha\">Informa\u00e7\u00f5es do concurso ANM<\/h3>\n\n\n\n<ul class=\"wp-block-list\">\n<li><strong>Ano<\/strong>: 2025\/2026<\/li>\n\n\n\n<li><strong>Vagas<\/strong>: 80<\/li>\n\n\n\n<li><strong>Cargos<\/strong>: T\u00e9cnico de Atividades de Minera\u00e7\u00e3o<\/li>\n\n\n\n<li><strong>Escolaridade<\/strong>: n\u00edvel m\u00e9dio <\/li>\n\n\n\n<li><strong>Banca<\/strong>: FGV<\/li>\n\n\n\n<li><strong>Edital retificado:<\/strong> <a href=\"https:\/\/dhg1h5j42swfq.cloudfront.net\/2025\/08\/05113514\/edital-cnu-2025-retificado-1.pdf\" target=\"_blank\" rel=\"noreferrer noopener nofollow\">Edital CNU 2025<\/a> | <a href=\"https:\/\/dhg1h5j42swfq.cloudfront.net\/2025\/08\/05095954\/cnu-2025-bloco-9.pdf\" target=\"_blank\" rel=\"noreferrer noopener nofollow\">Bloco 9<\/a><\/li>\n<\/ul>\n","protected":false},"excerpt":{"rendered":"<p>Foi divulgado o resultado definitivo da classifica\u00e7\u00e3o final e a homologa\u00e7\u00e3o do concurso ANM (Ag\u00eancia Nacional de Minera\u00e7\u00e3o), contemplado na segunda edi\u00e7\u00e3o do CNU. A lista vem ap\u00f3s tr\u00eas convoca\u00e7\u00f5es para confirma\u00e7\u00e3o de interesse nas vagas. Agora, cada \u00f3rg\u00e3o participante iniciar\u00e1 os procedimentos administrativos para a nomea\u00e7\u00e3o dos aprovados. Vale lembrar que o certame ofereceu [&hellip;]<\/p>\n","protected":false},"author":659,"featured_media":735964,"comment_status":"open","ping_status":"closed","sticky":false,"template":"","format":"standard","meta":{"post_tipo":"news_page","footnotes":""},"categories":[220215],"tags":[],"tax_estado":[219968,219970,219974,219976,219977,219989],"class_list":["post-594963","post","type-post","status-publish","format-standard","has-post-thumbnail","hentry","category-agencia-reguladora","tax_estado-ba","tax_estado-df","tax_estado-mg","tax_estado-mt","tax_estado-pa","tax_estado-sp"],"acf":[],"yoast_head":"<!-- This site is optimized with the Yoast SEO Premium plugin v27.2 (Yoast SEO v27.2) - https:\/\/yoast.com\/product\/yoast-seo-premium-wordpress\/ -->\n<title>Concurso ANM 2026: resultado final homologado; confira!<\/title>\n<meta name=\"description\" content=\"Concurso ANM: foram ofertadas 80 vagas de n\u00edvel m\u00e9dio e sal\u00e1rio inicial de R$ 8.053,32. Veja os resultados finais do CNU 2025!\" \/>\n<meta name=\"robots\" content=\"index, follow, max-snippet:-1, max-image-preview:large, max-video-preview:-1\" \/>\n<link rel=\"canonical\" href=\"https:\/\/www.estrategiaconcursos.com.br\/blog\/concurso-anm\/\" \/>\n<meta property=\"og:locale\" content=\"pt_BR\" \/>\n<meta property=\"og:type\" content=\"article\" \/>\n<meta property=\"og:title\" content=\"Concurso ANM 2026: resultado final homologado; confira!\" \/>\n<meta property=\"og:description\" content=\"Concurso ANM: foram ofertadas 80 vagas de n\u00edvel m\u00e9dio e sal\u00e1rio inicial de R$ 8.053,32. Veja os resultados finais do CNU 2025!\" \/>\n<meta property=\"og:url\" content=\"https:\/\/www.estrategiaconcursos.com.br\/blog\/concurso-anm\/\" \/>\n<meta property=\"og:site_name\" content=\"Estrat\u00e9gia Concursos\" \/>\n<meta property=\"article:published_time\" content=\"2026-03-16T11:25:00+00:00\" \/>\n<meta property=\"article:modified_time\" content=\"2026-03-16T14:56:46+00:00\" \/>\n<meta property=\"og:image\" content=\"https:\/\/dhg1h5j42swfq.cloudfront.net\/2021\/05\/10114816\/anm.jpg\" \/>\n\t<meta property=\"og:image:width\" content=\"768\" \/>\n\t<meta property=\"og:image:height\" content=\"432\" \/>\n\t<meta property=\"og:image:type\" content=\"image\/jpeg\" \/>\n<meta name=\"author\" content=\"Camila Leite\" \/>\n<meta name=\"twitter:card\" content=\"summary_large_image\" \/>\n<meta name=\"twitter:creator\" content=\"@EstratConcursos\" \/>\n<meta name=\"twitter:site\" content=\"@EstratConcursos\" \/>\n<meta name=\"twitter:label1\" content=\"Escrito por\" \/>\n\t<meta name=\"twitter:data1\" content=\"Camila Leite\" \/>\n\t<meta name=\"twitter:label2\" content=\"Est. tempo de leitura\" \/>\n\t<meta name=\"twitter:data2\" content=\"6 minutos\" \/>\n<script type=\"application\/ld+json\" class=\"yoast-schema-graph\">{\"@context\":\"https:\/\/schema.org\",\"@graph\":[{\"@type\":\"NewsArticle\",\"@id\":\"https:\/\/www.estrategiaconcursos.com.br\/blog\/concurso-anm\/#article\",\"isPartOf\":{\"@id\":\"https:\/\/www.estrategiaconcursos.com.br\/blog\/concurso-anm\/\"},\"author\":{\"name\":\"Camila Leite\",\"@id\":\"https:\/\/www.estrategiaconcursos.com.br\/blog\/#\/schema\/person\/84ecdc6eb58d3cf1689bf76c5cd8fb38\"},\"headline\":\"Concurso ANM 2026: resultado final homologado; confira!\",\"datePublished\":\"2026-03-16T11:25:00+00:00\",\"dateModified\":\"2026-03-16T14:56:46+00:00\",\"mainEntityOfPage\":{\"@id\":\"https:\/\/www.estrategiaconcursos.com.br\/blog\/concurso-anm\/\"},\"wordCount\":2232,\"commentCount\":2,\"publisher\":{\"@id\":\"https:\/\/www.estrategiaconcursos.com.br\/blog\/#organization\"},\"image\":{\"@id\":\"https:\/\/www.estrategiaconcursos.com.br\/blog\/concurso-anm\/#primaryimage\"},\"thumbnailUrl\":\"https:\/\/dhg1h5j42swfq.cloudfront.net\/2021\/05\/10114816\/anm.jpg\",\"articleSection\":[\"Ag\u00eancia Reguladora\"],\"inLanguage\":\"pt-BR\",\"potentialAction\":[{\"@type\":\"CommentAction\",\"name\":\"Comment\",\"target\":[\"https:\/\/www.estrategiaconcursos.com.br\/blog\/concurso-anm\/#respond\"]}],\"copyrightYear\":\"2026\",\"copyrightHolder\":{\"@id\":\"https:\/\/www.estrategiaconcursos.com.br\/blog\/#organization\"}},{\"@type\":\"WebPage\",\"@id\":\"https:\/\/www.estrategiaconcursos.com.br\/blog\/concurso-anm\/\",\"url\":\"https:\/\/www.estrategiaconcursos.com.br\/blog\/concurso-anm\/\",\"name\":\"Concurso ANM 2026: resultado final homologado; confira!\",\"isPartOf\":{\"@id\":\"https:\/\/www.estrategiaconcursos.com.br\/blog\/#website\"},\"primaryImageOfPage\":{\"@id\":\"https:\/\/www.estrategiaconcursos.com.br\/blog\/concurso-anm\/#primaryimage\"},\"image\":{\"@id\":\"https:\/\/www.estrategiaconcursos.com.br\/blog\/concurso-anm\/#primaryimage\"},\"thumbnailUrl\":\"https:\/\/dhg1h5j42swfq.cloudfront.net\/2021\/05\/10114816\/anm.jpg\",\"datePublished\":\"2026-03-16T11:25:00+00:00\",\"dateModified\":\"2026-03-16T14:56:46+00:00\",\"description\":\"Concurso ANM: foram ofertadas 80 vagas de n\u00edvel m\u00e9dio e sal\u00e1rio inicial de R$ 8.053,32. Veja os resultados finais do CNU 2025!\",\"breadcrumb\":{\"@id\":\"https:\/\/www.estrategiaconcursos.com.br\/blog\/concurso-anm\/#breadcrumb\"},\"inLanguage\":\"pt-BR\",\"potentialAction\":[{\"@type\":\"ReadAction\",\"target\":[\"https:\/\/www.estrategiaconcursos.com.br\/blog\/concurso-anm\/\"]}]},{\"@type\":\"ImageObject\",\"inLanguage\":\"pt-BR\",\"@id\":\"https:\/\/www.estrategiaconcursos.com.br\/blog\/concurso-anm\/#primaryimage\",\"url\":\"https:\/\/dhg1h5j42swfq.cloudfront.net\/2021\/05\/10114816\/anm.jpg\",\"contentUrl\":\"https:\/\/dhg1h5j42swfq.cloudfront.net\/2021\/05\/10114816\/anm.jpg\",\"width\":768,\"height\":432,\"caption\":\"Concurso ANM: como ser\u00e1 a prova objetiva no CNU 2025?\"},{\"@type\":\"BreadcrumbList\",\"@id\":\"https:\/\/www.estrategiaconcursos.com.br\/blog\/concurso-anm\/#breadcrumb\",\"itemListElement\":[{\"@type\":\"ListItem\",\"position\":1,\"name\":\"In\u00edcio\",\"item\":\"https:\/\/www.estrategiaconcursos.com.br\/blog\/\"},{\"@type\":\"ListItem\",\"position\":2,\"name\":\"Concurso ANM 2026: resultado final homologado; confira!\"}]},{\"@type\":\"WebSite\",\"@id\":\"https:\/\/www.estrategiaconcursos.com.br\/blog\/#website\",\"url\":\"https:\/\/www.estrategiaconcursos.com.br\/blog\/\",\"name\":\"Estrat\u00e9gia Concursos\",\"description\":\"O blog da Estrat\u00e9gia Concursos traz not\u00edcias sobre concursos e artigos de professores oferecendo cursos para concursos (pdf + videaulas) no site.\",\"publisher\":{\"@id\":\"https:\/\/www.estrategiaconcursos.com.br\/blog\/#organization\"},\"potentialAction\":[{\"@type\":\"SearchAction\",\"target\":{\"@type\":\"EntryPoint\",\"urlTemplate\":\"https:\/\/www.estrategiaconcursos.com.br\/blog\/?s={search_term_string}\"},\"query-input\":{\"@type\":\"PropertyValueSpecification\",\"valueRequired\":true,\"valueName\":\"search_term_string\"}}],\"inLanguage\":\"pt-BR\"},{\"@type\":\"Organization\",\"@id\":\"https:\/\/www.estrategiaconcursos.com.br\/blog\/#organization\",\"name\":\"Estrat\u00e9gia Concursos\",\"url\":\"https:\/\/www.estrategiaconcursos.com.br\/blog\/\",\"logo\":{\"@type\":\"ImageObject\",\"inLanguage\":\"pt-BR\",\"@id\":\"https:\/\/www.estrategiaconcursos.com.br\/blog\/#\/schema\/logo\/image\/\",\"url\":\"https:\/\/dhg1h5j42swfq.cloudfront.net\/2025\/06\/03203428\/logo_concursos-1.jpg\",\"contentUrl\":\"https:\/\/dhg1h5j42swfq.cloudfront.net\/2025\/06\/03203428\/logo_concursos-1.jpg\",\"width\":230,\"height\":60,\"caption\":\"Estrat\u00e9gia Concursos\"},\"image\":{\"@id\":\"https:\/\/www.estrategiaconcursos.com.br\/blog\/#\/schema\/logo\/image\/\"},\"sameAs\":[\"https:\/\/x.com\/EstratConcursos\"]},{\"@type\":\"Person\",\"@id\":\"https:\/\/www.estrategiaconcursos.com.br\/blog\/#\/schema\/person\/84ecdc6eb58d3cf1689bf76c5cd8fb38\",\"name\":\"Camila Leite\",\"image\":{\"@type\":\"ImageObject\",\"inLanguage\":\"pt-BR\",\"@id\":\"https:\/\/secure.gravatar.com\/avatar\/f2f8faef639c8a2bfb7fb909912a56917f4c3a0aed064500168e2fb8ea55cf61?s=96&d=mm&r=g\",\"url\":\"https:\/\/secure.gravatar.com\/avatar\/f2f8faef639c8a2bfb7fb909912a56917f4c3a0aed064500168e2fb8ea55cf61?s=96&d=mm&r=g\",\"contentUrl\":\"https:\/\/secure.gravatar.com\/avatar\/f2f8faef639c8a2bfb7fb909912a56917f4c3a0aed064500168e2fb8ea55cf61?s=96&d=mm&r=g\",\"caption\":\"Camila Leite\"},\"description\":\"Formada em Design Gr\u00e1fico e em Propaganda e Marketing pela UNIP, integra a equipe de jornalismo do Estrat\u00e9gia Concursos desde 2018. Ao longo dos anos, construiu uma s\u00f3lida experi\u00eancia na produ\u00e7\u00e3o de conte\u00fado informativo e relevante para concurseiros. Desde 2020, atua na cobertura das \u00e1reas Fiscal \u2014 com \u00eanfase nas Secretarias de Fazenda (Sefaz) das regi\u00f5es Sul e Sudeste \u2014, al\u00e9m da cobertura de concursos federais, como CNU, Petrobras, CGU, Receita Federal, ag\u00eancias reguladoras (Anvisa, ANAC, entre outras) e INSS. Mant\u00e9m contato direto com os principais \u00f3rg\u00e3os p\u00fablicos, acompanhando editais, atualiza\u00e7\u00f5es e movimenta\u00e7\u00f5es importantes para os candidatos.\",\"sameAs\":[\"https:\/\/www.linkedin.com\/in\/camila-pinheiro-leite-9ba135b6\/\"],\"url\":\"https:\/\/www.estrategiaconcursos.com.br\/blog\/author\/camila-leiteestrategiaconcursos-com-br\/\"}]}<\/script>\n<!-- \/ Yoast SEO Premium plugin. -->","yoast_head_json":{"title":"Concurso ANM 2026: resultado final homologado; confira!","description":"Concurso ANM: foram ofertadas 80 vagas de n\u00edvel m\u00e9dio e sal\u00e1rio inicial de R$ 8.053,32. Veja os resultados finais do CNU 2025!","robots":{"index":"index","follow":"follow","max-snippet":"max-snippet:-1","max-image-preview":"max-image-preview:large","max-video-preview":"max-video-preview:-1"},"canonical":"https:\/\/www.estrategiaconcursos.com.br\/blog\/concurso-anm\/","og_locale":"pt_BR","og_type":"article","og_title":"Concurso ANM 2026: resultado final homologado; confira!","og_description":"Concurso ANM: foram ofertadas 80 vagas de n\u00edvel m\u00e9dio e sal\u00e1rio inicial de R$ 8.053,32. Veja os resultados finais do CNU 2025!","og_url":"https:\/\/www.estrategiaconcursos.com.br\/blog\/concurso-anm\/","og_site_name":"Estrat\u00e9gia Concursos","article_published_time":"2026-03-16T11:25:00+00:00","article_modified_time":"2026-03-16T14:56:46+00:00","og_image":[{"width":768,"height":432,"url":"https:\/\/dhg1h5j42swfq.cloudfront.net\/2021\/05\/10114816\/anm.jpg","type":"image\/jpeg"}],"author":"Camila Leite","twitter_card":"summary_large_image","twitter_creator":"@EstratConcursos","twitter_site":"@EstratConcursos","twitter_misc":{"Escrito por":"Camila Leite","Est. tempo de leitura":"6 minutos"},"schema":{"@context":"https:\/\/schema.org","@graph":[{"@type":"NewsArticle","@id":"https:\/\/www.estrategiaconcursos.com.br\/blog\/concurso-anm\/#article","isPartOf":{"@id":"https:\/\/www.estrategiaconcursos.com.br\/blog\/concurso-anm\/"},"author":{"name":"Camila Leite","@id":"https:\/\/www.estrategiaconcursos.com.br\/blog\/#\/schema\/person\/84ecdc6eb58d3cf1689bf76c5cd8fb38"},"headline":"Concurso ANM 2026: resultado final homologado; confira!","datePublished":"2026-03-16T11:25:00+00:00","dateModified":"2026-03-16T14:56:46+00:00","mainEntityOfPage":{"@id":"https:\/\/www.estrategiaconcursos.com.br\/blog\/concurso-anm\/"},"wordCount":2232,"commentCount":2,"publisher":{"@id":"https:\/\/www.estrategiaconcursos.com.br\/blog\/#organization"},"image":{"@id":"https:\/\/www.estrategiaconcursos.com.br\/blog\/concurso-anm\/#primaryimage"},"thumbnailUrl":"https:\/\/dhg1h5j42swfq.cloudfront.net\/2021\/05\/10114816\/anm.jpg","articleSection":["Ag\u00eancia Reguladora"],"inLanguage":"pt-BR","potentialAction":[{"@type":"CommentAction","name":"Comment","target":["https:\/\/www.estrategiaconcursos.com.br\/blog\/concurso-anm\/#respond"]}],"copyrightYear":"2026","copyrightHolder":{"@id":"https:\/\/www.estrategiaconcursos.com.br\/blog\/#organization"}},{"@type":"WebPage","@id":"https:\/\/www.estrategiaconcursos.com.br\/blog\/concurso-anm\/","url":"https:\/\/www.estrategiaconcursos.com.br\/blog\/concurso-anm\/","name":"Concurso ANM 2026: resultado final homologado; confira!","isPartOf":{"@id":"https:\/\/www.estrategiaconcursos.com.br\/blog\/#website"},"primaryImageOfPage":{"@id":"https:\/\/www.estrategiaconcursos.com.br\/blog\/concurso-anm\/#primaryimage"},"image":{"@id":"https:\/\/www.estrategiaconcursos.com.br\/blog\/concurso-anm\/#primaryimage"},"thumbnailUrl":"https:\/\/dhg1h5j42swfq.cloudfront.net\/2021\/05\/10114816\/anm.jpg","datePublished":"2026-03-16T11:25:00+00:00","dateModified":"2026-03-16T14:56:46+00:00","description":"Concurso ANM: foram ofertadas 80 vagas de n\u00edvel m\u00e9dio e sal\u00e1rio inicial de R$ 8.053,32. Veja os resultados finais do CNU 2025!","breadcrumb":{"@id":"https:\/\/www.estrategiaconcursos.com.br\/blog\/concurso-anm\/#breadcrumb"},"inLanguage":"pt-BR","potentialAction":[{"@type":"ReadAction","target":["https:\/\/www.estrategiaconcursos.com.br\/blog\/concurso-anm\/"]}]},{"@type":"ImageObject","inLanguage":"pt-BR","@id":"https:\/\/www.estrategiaconcursos.com.br\/blog\/concurso-anm\/#primaryimage","url":"https:\/\/dhg1h5j42swfq.cloudfront.net\/2021\/05\/10114816\/anm.jpg","contentUrl":"https:\/\/dhg1h5j42swfq.cloudfront.net\/2021\/05\/10114816\/anm.jpg","width":768,"height":432,"caption":"Concurso ANM: como ser\u00e1 a prova objetiva no CNU 2025?"},{"@type":"BreadcrumbList","@id":"https:\/\/www.estrategiaconcursos.com.br\/blog\/concurso-anm\/#breadcrumb","itemListElement":[{"@type":"ListItem","position":1,"name":"In\u00edcio","item":"https:\/\/www.estrategiaconcursos.com.br\/blog\/"},{"@type":"ListItem","position":2,"name":"Concurso ANM 2026: resultado final homologado; confira!"}]},{"@type":"WebSite","@id":"https:\/\/www.estrategiaconcursos.com.br\/blog\/#website","url":"https:\/\/www.estrategiaconcursos.com.br\/blog\/","name":"Estrat\u00e9gia Concursos","description":"O blog da Estrat\u00e9gia Concursos traz not\u00edcias sobre concursos e artigos de professores oferecendo cursos para concursos (pdf + videaulas) no site.","publisher":{"@id":"https:\/\/www.estrategiaconcursos.com.br\/blog\/#organization"},"potentialAction":[{"@type":"SearchAction","target":{"@type":"EntryPoint","urlTemplate":"https:\/\/www.estrategiaconcursos.com.br\/blog\/?s={search_term_string}"},"query-input":{"@type":"PropertyValueSpecification","valueRequired":true,"valueName":"search_term_string"}}],"inLanguage":"pt-BR"},{"@type":"Organization","@id":"https:\/\/www.estrategiaconcursos.com.br\/blog\/#organization","name":"Estrat\u00e9gia Concursos","url":"https:\/\/www.estrategiaconcursos.com.br\/blog\/","logo":{"@type":"ImageObject","inLanguage":"pt-BR","@id":"https:\/\/www.estrategiaconcursos.com.br\/blog\/#\/schema\/logo\/image\/","url":"https:\/\/dhg1h5j42swfq.cloudfront.net\/2025\/06\/03203428\/logo_concursos-1.jpg","contentUrl":"https:\/\/dhg1h5j42swfq.cloudfront.net\/2025\/06\/03203428\/logo_concursos-1.jpg","width":230,"height":60,"caption":"Estrat\u00e9gia Concursos"},"image":{"@id":"https:\/\/www.estrategiaconcursos.com.br\/blog\/#\/schema\/logo\/image\/"},"sameAs":["https:\/\/x.com\/EstratConcursos"]},{"@type":"Person","@id":"https:\/\/www.estrategiaconcursos.com.br\/blog\/#\/schema\/person\/84ecdc6eb58d3cf1689bf76c5cd8fb38","name":"Camila Leite","image":{"@type":"ImageObject","inLanguage":"pt-BR","@id":"https:\/\/secure.gravatar.com\/avatar\/f2f8faef639c8a2bfb7fb909912a56917f4c3a0aed064500168e2fb8ea55cf61?s=96&d=mm&r=g","url":"https:\/\/secure.gravatar.com\/avatar\/f2f8faef639c8a2bfb7fb909912a56917f4c3a0aed064500168e2fb8ea55cf61?s=96&d=mm&r=g","contentUrl":"https:\/\/secure.gravatar.com\/avatar\/f2f8faef639c8a2bfb7fb909912a56917f4c3a0aed064500168e2fb8ea55cf61?s=96&d=mm&r=g","caption":"Camila Leite"},"description":"Formada em Design Gr\u00e1fico e em Propaganda e Marketing pela UNIP, integra a equipe de jornalismo do Estrat\u00e9gia Concursos desde 2018. Ao longo dos anos, construiu uma s\u00f3lida experi\u00eancia na produ\u00e7\u00e3o de conte\u00fado informativo e relevante para concurseiros. Desde 2020, atua na cobertura das \u00e1reas Fiscal \u2014 com \u00eanfase nas Secretarias de Fazenda (Sefaz) das regi\u00f5es Sul e Sudeste \u2014, al\u00e9m da cobertura de concursos federais, como CNU, Petrobras, CGU, Receita Federal, ag\u00eancias reguladoras (Anvisa, ANAC, entre outras) e INSS. Mant\u00e9m contato direto com os principais \u00f3rg\u00e3os p\u00fablicos, acompanhando editais, atualiza\u00e7\u00f5es e movimenta\u00e7\u00f5es importantes para os candidatos.","sameAs":["https:\/\/www.linkedin.com\/in\/camila-pinheiro-leite-9ba135b6\/"],"url":"https:\/\/www.estrategiaconcursos.com.br\/blog\/author\/camila-leiteestrategiaconcursos-com-br\/"}]}},"_links":{"self":[{"href":"https:\/\/www.estrategiaconcursos.com.br\/blog\/wp-json\/wp\/v2\/posts\/594963","targetHints":{"allow":["GET"]}}],"collection":[{"href":"https:\/\/www.estrategiaconcursos.com.br\/blog\/wp-json\/wp\/v2\/posts"}],"about":[{"href":"https:\/\/www.estrategiaconcursos.com.br\/blog\/wp-json\/wp\/v2\/types\/post"}],"author":[{"embeddable":true,"href":"https:\/\/www.estrategiaconcursos.com.br\/blog\/wp-json\/wp\/v2\/users\/659"}],"replies":[{"embeddable":true,"href":"https:\/\/www.estrategiaconcursos.com.br\/blog\/wp-json\/wp\/v2\/comments?post=594963"}],"version-history":[{"count":308,"href":"https:\/\/www.estrategiaconcursos.com.br\/blog\/wp-json\/wp\/v2\/posts\/594963\/revisions"}],"predecessor-version":[{"id":1734942,"href":"https:\/\/www.estrategiaconcursos.com.br\/blog\/wp-json\/wp\/v2\/posts\/594963\/revisions\/1734942"}],"wp:featuredmedia":[{"embeddable":true,"href":"https:\/\/www.estrategiaconcursos.com.br\/blog\/wp-json\/wp\/v2\/media\/735964"}],"wp:attachment":[{"href":"https:\/\/www.estrategiaconcursos.com.br\/blog\/wp-json\/wp\/v2\/media?parent=594963"}],"wp:term":[{"taxonomy":"category","embeddable":true,"href":"https:\/\/www.estrategiaconcursos.com.br\/blog\/wp-json\/wp\/v2\/categories?post=594963"},{"taxonomy":"post_tag","embeddable":true,"href":"https:\/\/www.estrategiaconcursos.com.br\/blog\/wp-json\/wp\/v2\/tags?post=594963"},{"taxonomy":"tax_estado","embeddable":true,"href":"https:\/\/www.estrategiaconcursos.com.br\/blog\/wp-json\/wp\/v2\/tax_estado?post=594963"}],"curies":[{"name":"wp","href":"https:\/\/api.w.org\/{rel}","templated":true}]}}