{"id":594457,"date":"2020-10-22T08:53:21","date_gmt":"2020-10-22T11:53:21","guid":{"rendered":"https:\/\/www.estrategiaconcursos.com.br\/blog\/?p=594457"},"modified":"2020-10-22T09:50:05","modified_gmt":"2020-10-22T12:50:05","slug":"santa-rosa","status":"publish","type":"post","link":"https:\/\/www.estrategiaconcursos.com.br\/blog\/santa-rosa\/","title":{"rendered":"Santa Rosa: candidatos s\u00e3o convocados para as provas objetivas"},"content":{"rendered":"\n<p>Est\u00e3o dispon\u00edveis aos candidatos inscritos no concurso da Prefeitura de Santa Rosa, munic\u00edpio localizado no Rio Grande do Sul, os locais, hor\u00e1rios e demais orienta\u00e7\u00f5es quanto a realiza\u00e7\u00e3o das provas objetivas do certame. <\/p>\n\n\n\n<p>Os exames ser\u00e3o aplicados no dia <strong>25 de outubro, pr\u00f3ximo domingo<\/strong>, nos turnos da manh\u00e3 e tarde. Na parte da manh\u00e3 ser\u00e1 para os cargos de Orientador Educacional e Zelador, e na parte da tarde para Monitor e Motorista.<\/p>\n\n\n\n<p>Vale lembrar que o <strong>uso de m\u00e1scara ser\u00e1 obrigat\u00f3rio<\/strong>. Sem ela o candidato n\u00e3o poder\u00e1 fazer a prova. Al\u00e9m disso, os candidatos poder\u00e3o levar seu pr\u00f3prio\u00a0<strong>\u00e1lcool em gel<\/strong>, desde que esteja armazenado em embalagem transparente e sem r\u00f3tulo.<\/p>\n\n\n\n<p>Confira abaixo maiores detalhes sobre as <a href=\"https:\/\/dhg1h5j42swfq.cloudfront.net\/2020\/10\/22082858\/575_Edital_08-2020_Data_Hora_e_Local_Rev2.pdf\" target=\"_blank\" rel=\"noreferrer noopener\">provas objetivas<\/a> do concurso Santa Rosa:<\/p>\n\n\n\n<p><strong>CARGOS DE ORIENTADOR EDUCACIONAL E ZELADOR \u2013 TURNO MANH\u00c3<\/strong><br \/><strong>a)<\/strong> O candidato ter\u00e1 03 horas e 30 para a resolu\u00e7\u00e3o da Prova Te\u00f3rico-Objetiva e preenchimento da Grade de Respostas.<br \/><strong>b)<\/strong> Hor\u00e1rio de apresenta\u00e7\u00e3o dos candidatos: 07 horas e 30 minutos<em>. <\/em><br \/><strong>c) <\/strong>Hor\u00e1rio de fechamento dos port\u00f5es: 09 horas. <br \/><strong>d)<\/strong> In\u00edcio das Provas: 09 horas e 10 minutos. <\/p>\n\n\n\n<p><strong>CARGOS DE MONITOR E MOTORISTA \u2013 TURNO TARDE<\/strong> <br \/><strong>a)<\/strong> O candidato ter\u00e1 03 horas e 30 para a resolu\u00e7\u00e3o da Prova Te\u00f3rico-Objetiva e preenchimento da Grade de Respostas. <br \/><strong>b)<\/strong> Hor\u00e1rio de apresenta\u00e7\u00e3o dos candidatos: 14 horas.<br \/><strong>c)<\/strong> Hor\u00e1rio de fechamento dos port\u00f5es: 15 horas e 30 minutos.<br \/><strong>d)<\/strong> In\u00edcio das Provas: 15 horas e 40 minutos.<\/p>\n\n\n\n<p>O concurso Santa Rosa \u00e9 dividido em tr\u00eas importantes etapas, sendo a primeira de prova objetiva para todos os cargos, a segunda de avalia\u00e7\u00e3o de t\u00edtulos e a terceira de prova pr\u00e1tica para o cargo de motorista e zelador. <\/p>\n\n\n\n<p>Sob organiza\u00e7\u00e3o da Fundatec, s\u00e3o ofertadas <strong>vagas em cadastro reserva<\/strong>&nbsp;para diversos cargos de n\u00edvel fundamental, m\u00e9dio e superior. Os sal\u00e1rios variam de&nbsp;<strong>R$ 1.178,89 a R$ 2.209,14<\/strong>, sem contar os benef\u00edcios.<\/p>\n\n\n\n<p>Ficou interessado? Quer saber mais detalhes sobre o concurso Santa Rosa? \u00c9 f\u00e1cil, acesse o link abaixo e confira TUDO na \u00edntegra!!<\/p>\n\n\n\n<p class=\"has-text-align-center has-cyan-bluish-gray-background-color has-background\" style=\"font-size:clamp(14.642px, 0.915rem + ((1vw - 3.2px) * 0.721), 22px);px\"><strong>Saiba mais:<a rel=\"noreferrer noopener\" href=\"https:\/\/www.estrategiaconcursos.com.br\/blog\/concurso-prefeitura-de-santa-rosa\/\" target=\"_blank\"> Concurso Prefeitura de Santa Rosa<\/a><\/strong><\/p>\n\n\n\n<div class=\"container\" id=\"boxes\">\n  <div class=\"row\">\n\n    <div class=\"col-sm\">\n      <div class=\"banner-estrategia\" id=\"box-assinatura\">\n        <h3 class=\"titulo-assinatura\">Prefeitura de Carmo RJ<\/h3>\n        <p class=\"subtitulo-assinatura\">Conhe\u00e7a nossos cursos<\/p>\n        <div class=\"box-botao\">\n          <a class=\"btn-assinatura\" target=\"_blank\" href=\"https:\/\/www.estrategiaconcursos.com.br\/cursos\/concurso\/\" role=\"button\" rel=\"noopener noreferrer\">Conhe\u00e7a mais<\/a>\n        <\/div>\n      <\/div>\n      <p class=\"texto-auxiliar\">Prepare-se com o melhor material e com quem mais aprova em Concursos P\u00fablicos em todo o pa\u00eds!<\/p>\n    <\/div>\n\n  <\/div>\n<\/div>\n\n\n\n<div class=\"container\" id=\"boxes\">\n  <div class=\"row\">\n\n    <div class=\"col-sm\">\n      <div class=\"estrategia\" id=\"box-assinatura\">\n        <h3 class=\"titulo-assinatura\">Assinatura Ilimitada<\/h3>\n        <p class=\"subtitulo-assinatura\">Assinatura Anual Ilimitada*<\/p>\n        <div class=\"box-botao\">\n          <a class=\"btn-assinatura\" target=\"_blank\" href=\"https:\/\/www.estrategiaconcursos.com.br\/assinaturas\/\" role=\"button\" rel=\"noopener noreferrer\">ASSINE AGORA<\/a>\n        <\/div>\n      <\/div>\n      <p class=\"texto-auxiliar\">Prepare-se com o melhor material e com quem mais aprova em Concursos P\u00fablicos em todo o pa\u00eds. Assine agora a nossa Assinatura Anual e tenha acesso ilimitado* a todos os nossos cursos.<\/p>\n    <\/div>\n\n    <div class=\"col-sm\">\n      <div class=\"questoes\" id=\"box-assinatura\">\n        <h3 class=\"titulo-assinatura\">Sistema de Quest\u00f5es<\/h3>\n        <p class=\"subtitulo-assinatura\">Assinatura Ilimitada*\n<\/p>\n        <div class=\"box-botao\">\n          <a class=\"btn-assinatura\" target=\"_blank\" href=\"https:\/\/www.estrategiaconcursos.com.br\/cursosPorConcurso\/sistema-de-questoes\/#\/\" role=\"button\" rel=\"noopener noreferrer\">ASSINE AGORA<\/a>\n        <\/div>\n      <\/div>\n      <p class=\"texto-auxiliar\">Estrat\u00e9gia Quest\u00f5es nasceu maior do que todos os concorrentes, com mais quest\u00f5es cadastradas e mais solu\u00e7\u00f5es por professores. Clique no link e aproveite os descontos e b\u00f4nus imperd\u00edveis!<\/p>\n    <\/div>\n  <\/div>\n<\/div>\n\n\n\n<div class=\"container\" id=\"boxes\">\n  <div class=\"row\">\n\n    <div class=\"col-sm\" id=\"boxes-concursos\">\n      <div style=\"background-color: #005DAD;\" class=\"conteudo-concursos\" id=\"box-concursos\">\n        <h3 class=\"titulo-assinatura\">Concursos Abertos<\/h3>\n        <p class=\"subtitulo-assinatura\">mais de 15 mil vagas<\/p>\n        <div class=\"box-botao\">\n          <a class=\"btn-assinatura\" target=\"_blank\" href=\"https:\/\/www.estrategiaconcursos.com.br\/blog\/concursos-abertos\/\" role=\"button\" rel=\"noopener noreferrer\">Conhe\u00e7a Agora<\/a>\n        <\/div>\n      <\/div>\n    <\/div>\n\n    <div class=\"col-sm\" id=\"boxes-concursos\">\n      <div style=\"background-color: #1A7ED5;\" class=\"conteudo-concursos\" id=\"box-concursos\">\n        <h3 class=\"titulo-assinatura\">Concursos 2020<\/h3>\n        <p class=\"subtitulo-assinatura\">mais de 11 mil vagas<\/p>\n        <div class=\"box-botao\">\n          <a class=\"btn-assinatura\" target=\"_blank\" href=\"https:\/\/www.estrategiaconcursos.com.br\/blog\/concursos-2020\/\" role=\"button\" rel=\"noopener noreferrer\">Conhe\u00e7a Agora<\/a>\n        <\/div>\n      <\/div>\n    <\/div>\n\n    <div class=\"col-sm\" id=\"boxes-concursos\">\n      <div style=\"background-color: #419FF0;\" class=\"conteudo-concursos\" id=\"box-concursos\">\n        <h3 class=\"titulo-assinatura\">Concursos 2021<\/h3>\n        <p class=\"subtitulo-assinatura\">mais de 17 mil vagas<\/p>\n        <div class=\"box-botao\">\n          <a class=\"btn-assinatura\" target=\"_blank\" href=\"https:\/\/www.estrategiaconcursos.com.br\/blog\/concursos-2021\/\" role=\"button\" rel=\"noopener noreferrer\">Conhe\u00e7a Agora<\/a>\n        <\/div>\n      <\/div>\n    <\/div>\n\n  <\/div>\n<\/div>\n\n\n\n<p><\/p>\n","protected":false},"excerpt":{"rendered":"<p>Est\u00e3o dispon\u00edveis aos candidatos inscritos no concurso da Prefeitura de Santa Rosa, munic\u00edpio localizado no Rio Grande do Sul, os locais, hor\u00e1rios e demais orienta\u00e7\u00f5es quanto a realiza\u00e7\u00e3o das provas objetivas do certame. Os exames ser\u00e3o aplicados no dia 25 de outubro, pr\u00f3ximo domingo, nos turnos da manh\u00e3 e tarde. Na parte da manh\u00e3 ser\u00e1 [&hellip;]<\/p>\n","protected":false},"author":388,"featured_media":582116,"comment_status":"open","ping_status":"closed","sticky":false,"template":"","format":"standard","meta":{"post_tipo":"article","footnotes":""},"categories":[1],"tags":[],"tax_estado":[],"class_list":["post-594457","post","type-post","status-publish","format-standard","has-post-thumbnail","hentry","category-cursos-e-concursos"],"acf":[],"yoast_head":"<!-- This site is optimized with the Yoast SEO Premium plugin v27.2 (Yoast SEO v27.2) - https:\/\/yoast.com\/product\/yoast-seo-premium-wordpress\/ -->\n<title>Santa Rosa: candidatos s\u00e3o convocados para as provas objetivas<\/title>\n<meta name=\"description\" content=\"Santa Rosa: candidatos s\u00e3o convocados para as provas objetivas que ser\u00e3o aplicadas no pr\u00f3ximo domingo, 25 de outubro. Confira!\" \/>\n<meta name=\"robots\" content=\"index, follow, max-snippet:-1, max-image-preview:large, max-video-preview:-1\" \/>\n<link rel=\"canonical\" href=\"https:\/\/www.estrategiaconcursos.com.br\/blog\/santa-rosa\/\" \/>\n<meta property=\"og:locale\" content=\"pt_BR\" \/>\n<meta property=\"og:type\" content=\"article\" \/>\n<meta property=\"og:title\" content=\"Santa Rosa: candidatos s\u00e3o convocados para as provas objetivas\" \/>\n<meta property=\"og:description\" content=\"Santa Rosa: candidatos s\u00e3o convocados para as provas objetivas que ser\u00e3o aplicadas no pr\u00f3ximo domingo, 25 de outubro. Confira!\" \/>\n<meta property=\"og:url\" content=\"https:\/\/www.estrategiaconcursos.com.br\/blog\/santa-rosa\/\" \/>\n<meta property=\"og:site_name\" content=\"Estrat\u00e9gia Concursos\" \/>\n<meta property=\"article:published_time\" content=\"2020-10-22T11:53:21+00:00\" \/>\n<meta property=\"article:modified_time\" content=\"2020-10-22T12:50:05+00:00\" \/>\n<meta property=\"og:image\" content=\"https:\/\/dhg1h5j42swfq.cloudfront.net\/2020\/10\/02153456\/santa-rosa.jpg\" \/>\n\t<meta property=\"og:image:width\" content=\"1200\" \/>\n\t<meta property=\"og:image:height\" content=\"628\" \/>\n\t<meta property=\"og:image:type\" content=\"image\/jpeg\" \/>\n<meta name=\"author\" content=\"Tiago Zanolla\" \/>\n<meta name=\"twitter:card\" content=\"summary_large_image\" \/>\n<meta name=\"twitter:creator\" content=\"@EstratConcursos\" \/>\n<meta name=\"twitter:site\" content=\"@EstratConcursos\" \/>\n<meta name=\"twitter:label1\" content=\"Escrito por\" \/>\n\t<meta name=\"twitter:data1\" content=\"Tiago Zanolla\" \/>\n\t<meta name=\"twitter:label2\" content=\"Est. tempo de leitura\" \/>\n\t<meta name=\"twitter:data2\" content=\"2 minutos\" \/>\n<script type=\"application\/ld+json\" class=\"yoast-schema-graph\">{\"@context\":\"https:\/\/schema.org\",\"@graph\":[{\"@type\":\"NewsArticle\",\"@id\":\"https:\/\/www.estrategiaconcursos.com.br\/blog\/santa-rosa\/#article\",\"isPartOf\":{\"@id\":\"https:\/\/www.estrategiaconcursos.com.br\/blog\/santa-rosa\/\"},\"author\":{\"name\":\"Tiago Zanolla\",\"@id\":\"https:\/\/www.estrategiaconcursos.com.br\/blog\/#\/schema\/person\/1509739fd92a40c9b52116de04a90310\"},\"headline\":\"Santa Rosa: candidatos s\u00e3o convocados para as provas objetivas\",\"datePublished\":\"2020-10-22T11:53:21+00:00\",\"dateModified\":\"2020-10-22T12:50:05+00:00\",\"mainEntityOfPage\":{\"@id\":\"https:\/\/www.estrategiaconcursos.com.br\/blog\/santa-rosa\/\"},\"wordCount\":505,\"commentCount\":0,\"publisher\":{\"@id\":\"https:\/\/www.estrategiaconcursos.com.br\/blog\/#organization\"},\"image\":{\"@id\":\"https:\/\/www.estrategiaconcursos.com.br\/blog\/santa-rosa\/#primaryimage\"},\"thumbnailUrl\":\"https:\/\/dhg1h5j42swfq.cloudfront.net\/2020\/10\/02153456\/santa-rosa.jpg\",\"articleSection\":[\"Concursos P\u00fablicos\"],\"inLanguage\":\"pt-BR\",\"potentialAction\":[{\"@type\":\"CommentAction\",\"name\":\"Comment\",\"target\":[\"https:\/\/www.estrategiaconcursos.com.br\/blog\/santa-rosa\/#respond\"]}],\"copyrightYear\":\"2020\",\"copyrightHolder\":{\"@id\":\"https:\/\/www.estrategiaconcursos.com.br\/blog\/#organization\"}},{\"@type\":\"WebPage\",\"@id\":\"https:\/\/www.estrategiaconcursos.com.br\/blog\/santa-rosa\/\",\"url\":\"https:\/\/www.estrategiaconcursos.com.br\/blog\/santa-rosa\/\",\"name\":\"Santa Rosa: candidatos s\u00e3o convocados para as provas objetivas\",\"isPartOf\":{\"@id\":\"https:\/\/www.estrategiaconcursos.com.br\/blog\/#website\"},\"primaryImageOfPage\":{\"@id\":\"https:\/\/www.estrategiaconcursos.com.br\/blog\/santa-rosa\/#primaryimage\"},\"image\":{\"@id\":\"https:\/\/www.estrategiaconcursos.com.br\/blog\/santa-rosa\/#primaryimage\"},\"thumbnailUrl\":\"https:\/\/dhg1h5j42swfq.cloudfront.net\/2020\/10\/02153456\/santa-rosa.jpg\",\"datePublished\":\"2020-10-22T11:53:21+00:00\",\"dateModified\":\"2020-10-22T12:50:05+00:00\",\"description\":\"Santa Rosa: candidatos s\u00e3o convocados para as provas objetivas que ser\u00e3o aplicadas no pr\u00f3ximo domingo, 25 de outubro. Confira!\",\"breadcrumb\":{\"@id\":\"https:\/\/www.estrategiaconcursos.com.br\/blog\/santa-rosa\/#breadcrumb\"},\"inLanguage\":\"pt-BR\",\"potentialAction\":[{\"@type\":\"ReadAction\",\"target\":[\"https:\/\/www.estrategiaconcursos.com.br\/blog\/santa-rosa\/\"]}]},{\"@type\":\"ImageObject\",\"inLanguage\":\"pt-BR\",\"@id\":\"https:\/\/www.estrategiaconcursos.com.br\/blog\/santa-rosa\/#primaryimage\",\"url\":\"https:\/\/dhg1h5j42swfq.cloudfront.net\/2020\/10\/02153456\/santa-rosa.jpg\",\"contentUrl\":\"https:\/\/dhg1h5j42swfq.cloudfront.net\/2020\/10\/02153456\/santa-rosa.jpg\",\"width\":1200,\"height\":628,\"caption\":\"concurso Santa Rosa\"},{\"@type\":\"BreadcrumbList\",\"@id\":\"https:\/\/www.estrategiaconcursos.com.br\/blog\/santa-rosa\/#breadcrumb\",\"itemListElement\":[{\"@type\":\"ListItem\",\"position\":1,\"name\":\"In\u00edcio\",\"item\":\"https:\/\/www.estrategiaconcursos.com.br\/blog\/\"},{\"@type\":\"ListItem\",\"position\":2,\"name\":\"Santa Rosa: candidatos s\u00e3o convocados para as provas objetivas\"}]},{\"@type\":\"WebSite\",\"@id\":\"https:\/\/www.estrategiaconcursos.com.br\/blog\/#website\",\"url\":\"https:\/\/www.estrategiaconcursos.com.br\/blog\/\",\"name\":\"Estrat\u00e9gia Concursos\",\"description\":\"O blog da Estrat\u00e9gia Concursos traz not\u00edcias sobre concursos e artigos de professores oferecendo cursos para concursos (pdf + videaulas) no site.\",\"publisher\":{\"@id\":\"https:\/\/www.estrategiaconcursos.com.br\/blog\/#organization\"},\"potentialAction\":[{\"@type\":\"SearchAction\",\"target\":{\"@type\":\"EntryPoint\",\"urlTemplate\":\"https:\/\/www.estrategiaconcursos.com.br\/blog\/?s={search_term_string}\"},\"query-input\":{\"@type\":\"PropertyValueSpecification\",\"valueRequired\":true,\"valueName\":\"search_term_string\"}}],\"inLanguage\":\"pt-BR\"},{\"@type\":\"Organization\",\"@id\":\"https:\/\/www.estrategiaconcursos.com.br\/blog\/#organization\",\"name\":\"Estrat\u00e9gia Concursos\",\"url\":\"https:\/\/www.estrategiaconcursos.com.br\/blog\/\",\"logo\":{\"@type\":\"ImageObject\",\"inLanguage\":\"pt-BR\",\"@id\":\"https:\/\/www.estrategiaconcursos.com.br\/blog\/#\/schema\/logo\/image\/\",\"url\":\"https:\/\/dhg1h5j42swfq.cloudfront.net\/2025\/06\/03203428\/logo_concursos-1.jpg\",\"contentUrl\":\"https:\/\/dhg1h5j42swfq.cloudfront.net\/2025\/06\/03203428\/logo_concursos-1.jpg\",\"width\":230,\"height\":60,\"caption\":\"Estrat\u00e9gia Concursos\"},\"image\":{\"@id\":\"https:\/\/www.estrategiaconcursos.com.br\/blog\/#\/schema\/logo\/image\/\"},\"sameAs\":[\"https:\/\/x.com\/EstratConcursos\"]},{\"@type\":\"Person\",\"@id\":\"https:\/\/www.estrategiaconcursos.com.br\/blog\/#\/schema\/person\/1509739fd92a40c9b52116de04a90310\",\"name\":\"Tiago Zanolla\",\"image\":{\"@type\":\"ImageObject\",\"inLanguage\":\"pt-BR\",\"@id\":\"https:\/\/secure.gravatar.com\/avatar\/e647cb200c21008603a1760df42f3f713d32dd977761568b5689c47f0b1747ee?s=96&d=mm&r=g\",\"url\":\"https:\/\/secure.gravatar.com\/avatar\/e647cb200c21008603a1760df42f3f713d32dd977761568b5689c47f0b1747ee?s=96&d=mm&r=g\",\"contentUrl\":\"https:\/\/secure.gravatar.com\/avatar\/e647cb200c21008603a1760df42f3f713d32dd977761568b5689c47f0b1747ee?s=96&d=mm&r=g\",\"caption\":\"Tiago Zanolla\"},\"url\":\"https:\/\/www.estrategiaconcursos.com.br\/blog\/author\/zanolla-estrategiagmail-com\/\"}]}<\/script>\n<!-- \/ Yoast SEO Premium plugin. -->","yoast_head_json":{"title":"Santa Rosa: candidatos s\u00e3o convocados para as provas objetivas","description":"Santa Rosa: candidatos s\u00e3o convocados para as provas objetivas que ser\u00e3o aplicadas no pr\u00f3ximo domingo, 25 de outubro. Confira!","robots":{"index":"index","follow":"follow","max-snippet":"max-snippet:-1","max-image-preview":"max-image-preview:large","max-video-preview":"max-video-preview:-1"},"canonical":"https:\/\/www.estrategiaconcursos.com.br\/blog\/santa-rosa\/","og_locale":"pt_BR","og_type":"article","og_title":"Santa Rosa: candidatos s\u00e3o convocados para as provas objetivas","og_description":"Santa Rosa: candidatos s\u00e3o convocados para as provas objetivas que ser\u00e3o aplicadas no pr\u00f3ximo domingo, 25 de outubro. Confira!","og_url":"https:\/\/www.estrategiaconcursos.com.br\/blog\/santa-rosa\/","og_site_name":"Estrat\u00e9gia Concursos","article_published_time":"2020-10-22T11:53:21+00:00","article_modified_time":"2020-10-22T12:50:05+00:00","og_image":[{"width":1200,"height":628,"url":"https:\/\/dhg1h5j42swfq.cloudfront.net\/2020\/10\/02153456\/santa-rosa.jpg","type":"image\/jpeg"}],"author":"Tiago Zanolla","twitter_card":"summary_large_image","twitter_creator":"@EstratConcursos","twitter_site":"@EstratConcursos","twitter_misc":{"Escrito por":"Tiago Zanolla","Est. tempo de leitura":"2 minutos"},"schema":{"@context":"https:\/\/schema.org","@graph":[{"@type":"NewsArticle","@id":"https:\/\/www.estrategiaconcursos.com.br\/blog\/santa-rosa\/#article","isPartOf":{"@id":"https:\/\/www.estrategiaconcursos.com.br\/blog\/santa-rosa\/"},"author":{"name":"Tiago Zanolla","@id":"https:\/\/www.estrategiaconcursos.com.br\/blog\/#\/schema\/person\/1509739fd92a40c9b52116de04a90310"},"headline":"Santa Rosa: candidatos s\u00e3o convocados para as provas objetivas","datePublished":"2020-10-22T11:53:21+00:00","dateModified":"2020-10-22T12:50:05+00:00","mainEntityOfPage":{"@id":"https:\/\/www.estrategiaconcursos.com.br\/blog\/santa-rosa\/"},"wordCount":505,"commentCount":0,"publisher":{"@id":"https:\/\/www.estrategiaconcursos.com.br\/blog\/#organization"},"image":{"@id":"https:\/\/www.estrategiaconcursos.com.br\/blog\/santa-rosa\/#primaryimage"},"thumbnailUrl":"https:\/\/dhg1h5j42swfq.cloudfront.net\/2020\/10\/02153456\/santa-rosa.jpg","articleSection":["Concursos P\u00fablicos"],"inLanguage":"pt-BR","potentialAction":[{"@type":"CommentAction","name":"Comment","target":["https:\/\/www.estrategiaconcursos.com.br\/blog\/santa-rosa\/#respond"]}],"copyrightYear":"2020","copyrightHolder":{"@id":"https:\/\/www.estrategiaconcursos.com.br\/blog\/#organization"}},{"@type":"WebPage","@id":"https:\/\/www.estrategiaconcursos.com.br\/blog\/santa-rosa\/","url":"https:\/\/www.estrategiaconcursos.com.br\/blog\/santa-rosa\/","name":"Santa Rosa: candidatos s\u00e3o convocados para as provas objetivas","isPartOf":{"@id":"https:\/\/www.estrategiaconcursos.com.br\/blog\/#website"},"primaryImageOfPage":{"@id":"https:\/\/www.estrategiaconcursos.com.br\/blog\/santa-rosa\/#primaryimage"},"image":{"@id":"https:\/\/www.estrategiaconcursos.com.br\/blog\/santa-rosa\/#primaryimage"},"thumbnailUrl":"https:\/\/dhg1h5j42swfq.cloudfront.net\/2020\/10\/02153456\/santa-rosa.jpg","datePublished":"2020-10-22T11:53:21+00:00","dateModified":"2020-10-22T12:50:05+00:00","description":"Santa Rosa: candidatos s\u00e3o convocados para as provas objetivas que ser\u00e3o aplicadas no pr\u00f3ximo domingo, 25 de outubro. Confira!","breadcrumb":{"@id":"https:\/\/www.estrategiaconcursos.com.br\/blog\/santa-rosa\/#breadcrumb"},"inLanguage":"pt-BR","potentialAction":[{"@type":"ReadAction","target":["https:\/\/www.estrategiaconcursos.com.br\/blog\/santa-rosa\/"]}]},{"@type":"ImageObject","inLanguage":"pt-BR","@id":"https:\/\/www.estrategiaconcursos.com.br\/blog\/santa-rosa\/#primaryimage","url":"https:\/\/dhg1h5j42swfq.cloudfront.net\/2020\/10\/02153456\/santa-rosa.jpg","contentUrl":"https:\/\/dhg1h5j42swfq.cloudfront.net\/2020\/10\/02153456\/santa-rosa.jpg","width":1200,"height":628,"caption":"concurso Santa Rosa"},{"@type":"BreadcrumbList","@id":"https:\/\/www.estrategiaconcursos.com.br\/blog\/santa-rosa\/#breadcrumb","itemListElement":[{"@type":"ListItem","position":1,"name":"In\u00edcio","item":"https:\/\/www.estrategiaconcursos.com.br\/blog\/"},{"@type":"ListItem","position":2,"name":"Santa Rosa: candidatos s\u00e3o convocados para as provas objetivas"}]},{"@type":"WebSite","@id":"https:\/\/www.estrategiaconcursos.com.br\/blog\/#website","url":"https:\/\/www.estrategiaconcursos.com.br\/blog\/","name":"Estrat\u00e9gia Concursos","description":"O blog da Estrat\u00e9gia Concursos traz not\u00edcias sobre concursos e artigos de professores oferecendo cursos para concursos (pdf + videaulas) no site.","publisher":{"@id":"https:\/\/www.estrategiaconcursos.com.br\/blog\/#organization"},"potentialAction":[{"@type":"SearchAction","target":{"@type":"EntryPoint","urlTemplate":"https:\/\/www.estrategiaconcursos.com.br\/blog\/?s={search_term_string}"},"query-input":{"@type":"PropertyValueSpecification","valueRequired":true,"valueName":"search_term_string"}}],"inLanguage":"pt-BR"},{"@type":"Organization","@id":"https:\/\/www.estrategiaconcursos.com.br\/blog\/#organization","name":"Estrat\u00e9gia Concursos","url":"https:\/\/www.estrategiaconcursos.com.br\/blog\/","logo":{"@type":"ImageObject","inLanguage":"pt-BR","@id":"https:\/\/www.estrategiaconcursos.com.br\/blog\/#\/schema\/logo\/image\/","url":"https:\/\/dhg1h5j42swfq.cloudfront.net\/2025\/06\/03203428\/logo_concursos-1.jpg","contentUrl":"https:\/\/dhg1h5j42swfq.cloudfront.net\/2025\/06\/03203428\/logo_concursos-1.jpg","width":230,"height":60,"caption":"Estrat\u00e9gia Concursos"},"image":{"@id":"https:\/\/www.estrategiaconcursos.com.br\/blog\/#\/schema\/logo\/image\/"},"sameAs":["https:\/\/x.com\/EstratConcursos"]},{"@type":"Person","@id":"https:\/\/www.estrategiaconcursos.com.br\/blog\/#\/schema\/person\/1509739fd92a40c9b52116de04a90310","name":"Tiago Zanolla","image":{"@type":"ImageObject","inLanguage":"pt-BR","@id":"https:\/\/secure.gravatar.com\/avatar\/e647cb200c21008603a1760df42f3f713d32dd977761568b5689c47f0b1747ee?s=96&d=mm&r=g","url":"https:\/\/secure.gravatar.com\/avatar\/e647cb200c21008603a1760df42f3f713d32dd977761568b5689c47f0b1747ee?s=96&d=mm&r=g","contentUrl":"https:\/\/secure.gravatar.com\/avatar\/e647cb200c21008603a1760df42f3f713d32dd977761568b5689c47f0b1747ee?s=96&d=mm&r=g","caption":"Tiago Zanolla"},"url":"https:\/\/www.estrategiaconcursos.com.br\/blog\/author\/zanolla-estrategiagmail-com\/"}]}},"_links":{"self":[{"href":"https:\/\/www.estrategiaconcursos.com.br\/blog\/wp-json\/wp\/v2\/posts\/594457","targetHints":{"allow":["GET"]}}],"collection":[{"href":"https:\/\/www.estrategiaconcursos.com.br\/blog\/wp-json\/wp\/v2\/posts"}],"about":[{"href":"https:\/\/www.estrategiaconcursos.com.br\/blog\/wp-json\/wp\/v2\/types\/post"}],"author":[{"embeddable":true,"href":"https:\/\/www.estrategiaconcursos.com.br\/blog\/wp-json\/wp\/v2\/users\/388"}],"replies":[{"embeddable":true,"href":"https:\/\/www.estrategiaconcursos.com.br\/blog\/wp-json\/wp\/v2\/comments?post=594457"}],"version-history":[{"count":6,"href":"https:\/\/www.estrategiaconcursos.com.br\/blog\/wp-json\/wp\/v2\/posts\/594457\/revisions"}],"predecessor-version":[{"id":594517,"href":"https:\/\/www.estrategiaconcursos.com.br\/blog\/wp-json\/wp\/v2\/posts\/594457\/revisions\/594517"}],"wp:featuredmedia":[{"embeddable":true,"href":"https:\/\/www.estrategiaconcursos.com.br\/blog\/wp-json\/wp\/v2\/media\/582116"}],"wp:attachment":[{"href":"https:\/\/www.estrategiaconcursos.com.br\/blog\/wp-json\/wp\/v2\/media?parent=594457"}],"wp:term":[{"taxonomy":"category","embeddable":true,"href":"https:\/\/www.estrategiaconcursos.com.br\/blog\/wp-json\/wp\/v2\/categories?post=594457"},{"taxonomy":"post_tag","embeddable":true,"href":"https:\/\/www.estrategiaconcursos.com.br\/blog\/wp-json\/wp\/v2\/tags?post=594457"},{"taxonomy":"tax_estado","embeddable":true,"href":"https:\/\/www.estrategiaconcursos.com.br\/blog\/wp-json\/wp\/v2\/tax_estado?post=594457"}],"curies":[{"name":"wp","href":"https:\/\/api.w.org\/{rel}","templated":true}]}}