{"id":594244,"date":"2020-10-21T16:53:49","date_gmt":"2020-10-21T19:53:49","guid":{"rendered":"https:\/\/www.estrategiaconcursos.com.br\/blog\/?p=594244"},"modified":"2020-12-09T09:32:49","modified_gmt":"2020-12-09T12:32:49","slug":"aprovada-pec-policia-penal-rj","status":"publish","type":"post","link":"https:\/\/www.estrategiaconcursos.com.br\/blog\/aprovada-pec-policia-penal-rj\/","title":{"rendered":"Aprovada PEC que cria o cargo de Pol\u00edcia Penal RJ! Confira!"},"content":{"rendered":"\n<p>Foi promulgada na \u00faltima ter\u00e7a-feira, 20 de outubro, a Proposta de Emenda Constitucional (PEC) 47\/20, que cria o cargo de Pol\u00edcia Penal no Estado do Rio de Janeiro.<\/p>\n\n\n\n<p>A vota\u00e7\u00e3o contou com 50 votos favor\u00e1veis e 2 contr\u00e1rios. De acordo com o documento, a Pol\u00edcia Penal ser\u00e1 uma institui\u00e7\u00e3o permanente e vinculada \u00e0 Secretaria de Estado de Administra\u00e7\u00e3o Penitenci\u00e1ria (SEAP) com atribui\u00e7\u00f5es de seguran\u00e7a, vigil\u00e2ncia e cust\u00f3dia dos estabelecimentos penais, que ser\u00e3o definidas em lei de autoria do Executivo.<\/p>\n\n\n\n<p><strong><em>Os atuais cargos de inspetores de seguran\u00e7a e administra\u00e7\u00e3o penitenci\u00e1ria ser\u00e3o transformados em \u201cpoliciais penais\u201d<\/em><\/strong> <strong><em>e novos agentes poder\u00e3o ser\u00e3o admitidos por meio de concurso p\u00fablico.<\/em><\/strong> <\/p>\n\n\n\n<p>A institui\u00e7\u00e3o dever\u00e1 ser dirigida exclusivamente por policial penal de carreira de \u00faltimo n\u00edvel, nomeado pelo governador.<\/p>\n\n\n\n<p>Vale reiterar que a Lei Org\u00e2nica da Pol\u00edcia Penal definir\u00e1 a estrutura, organiza\u00e7\u00e3o, funcionamento, carreira, forma\u00e7\u00e3o, direitos e deveres, proibi\u00e7\u00f5es e processo disciplinar do cargo.<\/p>\n\n\n\n<h2 class=\"wp-block-heading\" id=\"remuneracao\">Remunera\u00e7\u00e3o atual<\/h2>\n\n\n\n<p>A Lei n\u00ba 6.841, de 30 de junho de 2014, fixou os vencimentos para as diversas Classes do cargo de Inspetor em:<\/p>\n\n\n\n<ul class=\"wp-block-list\"><li>Classe III: R$ 5.194,04;<\/li><li>Classe II: R$ 5.771,15;<\/li><li>Classe I: R$ 6.412,39.<\/li><\/ul>\n\n\n\n<h2 class=\"wp-block-heading\" id=\"vagos\">Cargos vagos<\/h2>\n\n\n\n<p>De acordo com as \u00faltimas informa\u00e7\u00f5es divulgadas pela Secretaria de Administra\u00e7\u00e3o Penitenci\u00e1ria do Rio de Janeiro (SEAP RJ), 1.889 cargos para a carreira de Inspetor est\u00e3o vagos. Veja as vac\u00e2ncias por Classe:<\/p>\n\n\n\n<ul class=\"wp-block-list\"><li>Classe I: 170 cargos;<\/li><li>Classe II: 381 cargos;<\/li><li>Classe III: 1.338 cargos.<\/li><\/ul>\n\n\n\n<h2 class=\"wp-block-heading\" id=\"ultimo\">\u00daltimo concurso Pol\u00edcia Penal RJ Inspetor<\/h2>\n\n\n\n<p>O edital do \u00faltimo concurso Pol\u00edcia Penal RJ, da Secretaria de Administra\u00e7\u00e3o Penitenci\u00e1ria do Rio de Janeiro (SEAP RJ), ocorreu em 2012. Organizado pela CEPERJ, o certame ofertou 800 vagas para o cargo de Inspetor de Seguran\u00e7a e Administra\u00e7\u00e3o&nbsp; Penitenci\u00e1ria \u2013 Classe III, de n\u00edvel m\u00e9dio.<\/p>\n\n\n\n<p>A remunera\u00e7\u00e3o inicial para o cargo era de R$ 3.201,41, para escala de 24h x 72h, conforme o edital.<\/p>\n\n\n\n<p>O \u00faltimo concurso da Secretaria de Administra\u00e7\u00e3o Penitenci\u00e1ria do Rio de Janeiro (SEAP RJ) para a \u00e1rea de sa\u00fade ocorreu no ano de 1998.<\/p>\n\n\n\n<p class=\"has-text-align-center has-cyan-bluish-gray-background-color has-background\"><strong>Saiba mais: <a href=\"https:\/\/www.estrategiaconcursos.com.br\/blog\/concurso-policia-penal-rj\/\" target=\"_blank\" rel=\"noreferrer noopener\">concurso Pol\u00edcia Penal RJ<\/a><\/strong><\/p>\n\n\n\n<div class=\"container\" id=\"boxes\">\n  <div class=\"row\">\n\n    <div class=\"col-sm\">\n      <div class=\"banner-policial\" id=\"box-assinatura\">\n        <h3 class=\"titulo-assinatura\">Curso Pol\u00edcia Penal RJ<\/h3>\n        <p class=\"subtitulo-assinatura\">Conhe\u00e7a os cursos<\/p>\n        <div class=\"box-botao\">\n          <a class=\"btn-assinatura\" target=\"_blank\" href=\"https:\/\/www.estrategiaconcursos.com.br\/cursos\/concurso\/\/\" role=\"button\" rel=\"noopener noreferrer\">Conhe\u00e7a mais<\/a>\n        <\/div>\n      <\/div>\n      <p class=\"texto-auxiliar\">Prepare-se com o melhor material e com quem mais aprova em Concursos P\u00fablicos em todo o pa\u00eds. <\/p>\n    <\/div>\n\n  <\/div>\n<\/div>\n\n\n\n<div class=\"container\" id=\"boxes\">\n  <div class=\"row\">\n\n    <div class=\"col-sm\">\n      <div class=\"estrategia\" id=\"box-assinatura\">\n        <h3 class=\"titulo-assinatura\">Assinatura Ilimitada<\/h3>\n        <p class=\"subtitulo-assinatura\">Assinatura Anual Ilimitada*<\/p>\n        <div class=\"box-botao\">\n          <a class=\"btn-assinatura\" target=\"_blank\" href=\"https:\/\/www.estrategiaconcursos.com.br\/assinaturas\/\" role=\"button\" rel=\"noopener noreferrer\">ASSINE AGORA<\/a>\n        <\/div>\n      <\/div>\n      <p class=\"texto-auxiliar\">Prepare-se com o melhor material e com quem mais aprova em Concursos P\u00fablicos em todo o pa\u00eds. Assine agora a nossa Assinatura Anual e tenha acesso ilimitado* a todos os nossos cursos.<\/p>\n    <\/div>\n\n    <div class=\"col-sm\">\n      <div class=\"questoes\" id=\"box-assinatura\">\n        <h3 class=\"titulo-assinatura\">Sistema de Quest\u00f5es<\/h3>\n        <p class=\"subtitulo-assinatura\">Assinatura Ilimitada*<\/p>\n        <div class=\"box-botao\">\n          <a class=\"btn-assinatura\" target=\"_blank\" href=\"https:\/\/www.estrategiaconcursos.com.br\/cursosPorConcurso\/sistema-de-questoes\/#\/\" role=\"button\" rel=\"noopener noreferrer\">ASSINE AGORA<\/a>\n        <\/div>\n      <\/div>\n      <p class=\"texto-auxiliar\">Estrat\u00e9gia Quest\u00f5es nasceu maior do que todos os concorrentes, com mais quest\u00f5es cadastradas e mais solu\u00e7\u00f5es por professores. Clique no link e aproveite os descontos e b\u00f4nus imperd\u00edveis!<\/p>\n    <\/div>\n  <\/div>\n<\/div>\n\n\n\n<div class=\"container\" id=\"boxes\">\n  <div class=\"row\">\n\n    <div class=\"col-sm\" id=\"boxes-concursos\">\n      <div style=\"background-color: #005DAD;\" class=\"conteudo-concursos\" id=\"box-concursos\">\n        <h3 class=\"titulo-assinatura\">Concursos Abertos<\/h3>\n        <p class=\"subtitulo-assinatura\">mais de 15 mil vagas<\/p>\n        <div class=\"box-botao\">\n          <a class=\"btn-assinatura\" target=\"_blank\" href=\"https:\/\/www.estrategiaconcursos.com.br\/blog\/concursos-abertos\/\" role=\"button\" rel=\"noopener noreferrer\">Conhe\u00e7a Agora<\/a>\n        <\/div>\n      <\/div>\n    <\/div>\n\n    <div class=\"col-sm\" id=\"boxes-concursos\">\n      <div style=\"background-color: #1A7ED5;\" class=\"conteudo-concursos\" id=\"box-concursos\">\n        <h3 class=\"titulo-assinatura\">Concursos 2020<\/h3>\n        <p class=\"subtitulo-assinatura\">mais de 11 mil vagas<\/p>\n        <div class=\"box-botao\">\n          <a class=\"btn-assinatura\" target=\"_blank\" href=\"https:\/\/www.estrategiaconcursos.com.br\/blog\/concursos-2020\/\" role=\"button\" rel=\"noopener noreferrer\">Conhe\u00e7a Agora<\/a>\n        <\/div>\n      <\/div>\n    <\/div>\n\n    <div class=\"col-sm\" id=\"boxes-concursos\">\n      <div style=\"background-color: #419FF0;\" class=\"conteudo-concursos\" id=\"box-concursos\">\n        <h3 class=\"titulo-assinatura\">Concursos 2021<\/h3>\n        <p class=\"subtitulo-assinatura\">mais de 17 mil vagas<\/p>\n        <div class=\"box-botao\">\n          <a class=\"btn-assinatura\" target=\"_blank\" href=\"https:\/\/www.estrategiaconcursos.com.br\/blog\/concursos-2021\/\" role=\"button\" rel=\"noopener noreferrer\">Conhe\u00e7a Agora<\/a>\n        <\/div>\n      <\/div>\n    <\/div>\n\n  <\/div>\n<\/div>\n","protected":false},"excerpt":{"rendered":"<p>Foi promulgada na \u00faltima ter\u00e7a-feira, 20 de outubro, a Proposta de Emenda Constitucional (PEC) 47\/20, que cria o cargo de Pol\u00edcia Penal no Estado do Rio de Janeiro. A vota\u00e7\u00e3o contou com 50 votos favor\u00e1veis e 2 contr\u00e1rios. De acordo com o documento, a Pol\u00edcia Penal ser\u00e1 uma institui\u00e7\u00e3o permanente e vinculada \u00e0 Secretaria de [&hellip;]<\/p>\n","protected":false},"author":552,"featured_media":0,"comment_status":"open","ping_status":"closed","sticky":false,"template":"","format":"standard","meta":{"post_tipo":"news","footnotes":""},"categories":[1988],"tags":[],"tax_estado":[219982],"class_list":["post-594244","post","type-post","status-publish","format-standard","hentry","category-policia","tax_estado-rj"],"acf":[],"yoast_head":"<!-- This site is optimized with the Yoast SEO Premium plugin v27.2 (Yoast SEO v27.2) - https:\/\/yoast.com\/product\/yoast-seo-premium-wordpress\/ -->\n<title>Aprovada PEC que cria o cargo de Pol\u00edcia Penal RJ! Confira!<\/title>\n<meta name=\"description\" content=\"Foi aprovada, em primeira vota\u00e7\u00e3o, a Proposta de Emenda Constitucional (PEC) que cria o cargo de Pol\u00edcia Penal no Rio de Janeiro.\" \/>\n<meta name=\"robots\" content=\"index, follow, max-snippet:-1, max-image-preview:large, max-video-preview:-1\" \/>\n<link rel=\"canonical\" href=\"https:\/\/www.estrategiaconcursos.com.br\/blog\/aprovada-pec-policia-penal-rj\/\" \/>\n<meta property=\"og:locale\" content=\"pt_BR\" \/>\n<meta property=\"og:type\" content=\"article\" \/>\n<meta property=\"og:title\" content=\"Aprovada PEC que cria o cargo de Pol\u00edcia Penal RJ! Confira!\" \/>\n<meta property=\"og:description\" content=\"Foi aprovada, em primeira vota\u00e7\u00e3o, a Proposta de Emenda Constitucional (PEC) que cria o cargo de Pol\u00edcia Penal no Rio de Janeiro.\" \/>\n<meta property=\"og:url\" content=\"https:\/\/www.estrategiaconcursos.com.br\/blog\/aprovada-pec-policia-penal-rj\/\" \/>\n<meta property=\"og:site_name\" content=\"Estrat\u00e9gia Concursos\" \/>\n<meta property=\"article:published_time\" content=\"2020-10-21T19:53:49+00:00\" \/>\n<meta property=\"article:modified_time\" content=\"2020-12-09T12:32:49+00:00\" \/>\n<meta name=\"author\" content=\"Paulo Bilynskyj\" \/>\n<meta name=\"twitter:card\" content=\"summary_large_image\" \/>\n<meta name=\"twitter:creator\" content=\"@EstratConcursos\" \/>\n<meta name=\"twitter:site\" content=\"@EstratConcursos\" \/>\n<meta name=\"twitter:label1\" content=\"Escrito por\" \/>\n\t<meta name=\"twitter:data1\" content=\"Paulo Bilynskyj\" \/>\n\t<meta name=\"twitter:label2\" content=\"Est. tempo de leitura\" \/>\n\t<meta name=\"twitter:data2\" content=\"2 minutos\" \/>\n<script type=\"application\/ld+json\" class=\"yoast-schema-graph\">{\"@context\":\"https:\/\/schema.org\",\"@graph\":[{\"@type\":\"NewsArticle\",\"@id\":\"https:\/\/www.estrategiaconcursos.com.br\/blog\/aprovada-pec-policia-penal-rj\/#article\",\"isPartOf\":{\"@id\":\"https:\/\/www.estrategiaconcursos.com.br\/blog\/aprovada-pec-policia-penal-rj\/\"},\"author\":{\"name\":\"Paulo Bilynskyj\",\"@id\":\"https:\/\/www.estrategiaconcursos.com.br\/blog\/#\/schema\/person\/a630b15e36f45b4c21fed01219843cb5\"},\"headline\":\"Aprovada PEC que cria o cargo de Pol\u00edcia Penal RJ! Confira!\",\"datePublished\":\"2020-10-21T19:53:49+00:00\",\"dateModified\":\"2020-12-09T12:32:49+00:00\",\"mainEntityOfPage\":{\"@id\":\"https:\/\/www.estrategiaconcursos.com.br\/blog\/aprovada-pec-policia-penal-rj\/\"},\"wordCount\":510,\"commentCount\":0,\"publisher\":{\"@id\":\"https:\/\/www.estrategiaconcursos.com.br\/blog\/#organization\"},\"articleSection\":[\"Policial (Agente, Escriv\u00e3o e Investigador)\"],\"inLanguage\":\"pt-BR\",\"potentialAction\":[{\"@type\":\"CommentAction\",\"name\":\"Comment\",\"target\":[\"https:\/\/www.estrategiaconcursos.com.br\/blog\/aprovada-pec-policia-penal-rj\/#respond\"]}],\"copyrightYear\":\"2020\",\"copyrightHolder\":{\"@id\":\"https:\/\/www.estrategiaconcursos.com.br\/blog\/#organization\"}},{\"@type\":\"WebPage\",\"@id\":\"https:\/\/www.estrategiaconcursos.com.br\/blog\/aprovada-pec-policia-penal-rj\/\",\"url\":\"https:\/\/www.estrategiaconcursos.com.br\/blog\/aprovada-pec-policia-penal-rj\/\",\"name\":\"Aprovada PEC que cria o cargo de Pol\u00edcia Penal RJ! Confira!\",\"isPartOf\":{\"@id\":\"https:\/\/www.estrategiaconcursos.com.br\/blog\/#website\"},\"datePublished\":\"2020-10-21T19:53:49+00:00\",\"dateModified\":\"2020-12-09T12:32:49+00:00\",\"description\":\"Foi aprovada, em primeira vota\u00e7\u00e3o, a Proposta de Emenda Constitucional (PEC) que cria o cargo de Pol\u00edcia Penal no Rio de Janeiro.\",\"breadcrumb\":{\"@id\":\"https:\/\/www.estrategiaconcursos.com.br\/blog\/aprovada-pec-policia-penal-rj\/#breadcrumb\"},\"inLanguage\":\"pt-BR\",\"potentialAction\":[{\"@type\":\"ReadAction\",\"target\":[\"https:\/\/www.estrategiaconcursos.com.br\/blog\/aprovada-pec-policia-penal-rj\/\"]}]},{\"@type\":\"BreadcrumbList\",\"@id\":\"https:\/\/www.estrategiaconcursos.com.br\/blog\/aprovada-pec-policia-penal-rj\/#breadcrumb\",\"itemListElement\":[{\"@type\":\"ListItem\",\"position\":1,\"name\":\"In\u00edcio\",\"item\":\"https:\/\/www.estrategiaconcursos.com.br\/blog\/\"},{\"@type\":\"ListItem\",\"position\":2,\"name\":\"Aprovada PEC que cria o cargo de Pol\u00edcia Penal RJ! Confira!\"}]},{\"@type\":\"WebSite\",\"@id\":\"https:\/\/www.estrategiaconcursos.com.br\/blog\/#website\",\"url\":\"https:\/\/www.estrategiaconcursos.com.br\/blog\/\",\"name\":\"Estrat\u00e9gia Concursos\",\"description\":\"O blog da Estrat\u00e9gia Concursos traz not\u00edcias sobre concursos e artigos de professores oferecendo cursos para concursos (pdf + videaulas) no site.\",\"publisher\":{\"@id\":\"https:\/\/www.estrategiaconcursos.com.br\/blog\/#organization\"},\"potentialAction\":[{\"@type\":\"SearchAction\",\"target\":{\"@type\":\"EntryPoint\",\"urlTemplate\":\"https:\/\/www.estrategiaconcursos.com.br\/blog\/?s={search_term_string}\"},\"query-input\":{\"@type\":\"PropertyValueSpecification\",\"valueRequired\":true,\"valueName\":\"search_term_string\"}}],\"inLanguage\":\"pt-BR\"},{\"@type\":\"Organization\",\"@id\":\"https:\/\/www.estrategiaconcursos.com.br\/blog\/#organization\",\"name\":\"Estrat\u00e9gia Concursos\",\"url\":\"https:\/\/www.estrategiaconcursos.com.br\/blog\/\",\"logo\":{\"@type\":\"ImageObject\",\"inLanguage\":\"pt-BR\",\"@id\":\"https:\/\/www.estrategiaconcursos.com.br\/blog\/#\/schema\/logo\/image\/\",\"url\":\"https:\/\/dhg1h5j42swfq.cloudfront.net\/2025\/06\/03203428\/logo_concursos-1.jpg\",\"contentUrl\":\"https:\/\/dhg1h5j42swfq.cloudfront.net\/2025\/06\/03203428\/logo_concursos-1.jpg\",\"width\":230,\"height\":60,\"caption\":\"Estrat\u00e9gia Concursos\"},\"image\":{\"@id\":\"https:\/\/www.estrategiaconcursos.com.br\/blog\/#\/schema\/logo\/image\/\"},\"sameAs\":[\"https:\/\/x.com\/EstratConcursos\"]},{\"@type\":\"Person\",\"@id\":\"https:\/\/www.estrategiaconcursos.com.br\/blog\/#\/schema\/person\/a630b15e36f45b4c21fed01219843cb5\",\"name\":\"Paulo Bilynskyj\",\"image\":{\"@type\":\"ImageObject\",\"inLanguage\":\"pt-BR\",\"@id\":\"https:\/\/secure.gravatar.com\/avatar\/37e21f70c9042e7456beffdc6d31fe051f3f6dcbf252f69343a791b144852057?s=96&d=mm&r=g\",\"url\":\"https:\/\/secure.gravatar.com\/avatar\/37e21f70c9042e7456beffdc6d31fe051f3f6dcbf252f69343a791b144852057?s=96&d=mm&r=g\",\"contentUrl\":\"https:\/\/secure.gravatar.com\/avatar\/37e21f70c9042e7456beffdc6d31fe051f3f6dcbf252f69343a791b144852057?s=96&d=mm&r=g\",\"caption\":\"Paulo Bilynskyj\"},\"url\":\"https:\/\/www.estrategiaconcursos.com.br\/blog\/author\/pbilynskyjgmail-com\/\"}]}<\/script>\n<!-- \/ Yoast SEO Premium plugin. -->","yoast_head_json":{"title":"Aprovada PEC que cria o cargo de Pol\u00edcia Penal RJ! Confira!","description":"Foi aprovada, em primeira vota\u00e7\u00e3o, a Proposta de Emenda Constitucional (PEC) que cria o cargo de Pol\u00edcia Penal no Rio de Janeiro.","robots":{"index":"index","follow":"follow","max-snippet":"max-snippet:-1","max-image-preview":"max-image-preview:large","max-video-preview":"max-video-preview:-1"},"canonical":"https:\/\/www.estrategiaconcursos.com.br\/blog\/aprovada-pec-policia-penal-rj\/","og_locale":"pt_BR","og_type":"article","og_title":"Aprovada PEC que cria o cargo de Pol\u00edcia Penal RJ! Confira!","og_description":"Foi aprovada, em primeira vota\u00e7\u00e3o, a Proposta de Emenda Constitucional (PEC) que cria o cargo de Pol\u00edcia Penal no Rio de Janeiro.","og_url":"https:\/\/www.estrategiaconcursos.com.br\/blog\/aprovada-pec-policia-penal-rj\/","og_site_name":"Estrat\u00e9gia Concursos","article_published_time":"2020-10-21T19:53:49+00:00","article_modified_time":"2020-12-09T12:32:49+00:00","author":"Paulo Bilynskyj","twitter_card":"summary_large_image","twitter_creator":"@EstratConcursos","twitter_site":"@EstratConcursos","twitter_misc":{"Escrito por":"Paulo Bilynskyj","Est. tempo de leitura":"2 minutos"},"schema":{"@context":"https:\/\/schema.org","@graph":[{"@type":"NewsArticle","@id":"https:\/\/www.estrategiaconcursos.com.br\/blog\/aprovada-pec-policia-penal-rj\/#article","isPartOf":{"@id":"https:\/\/www.estrategiaconcursos.com.br\/blog\/aprovada-pec-policia-penal-rj\/"},"author":{"name":"Paulo Bilynskyj","@id":"https:\/\/www.estrategiaconcursos.com.br\/blog\/#\/schema\/person\/a630b15e36f45b4c21fed01219843cb5"},"headline":"Aprovada PEC que cria o cargo de Pol\u00edcia Penal RJ! Confira!","datePublished":"2020-10-21T19:53:49+00:00","dateModified":"2020-12-09T12:32:49+00:00","mainEntityOfPage":{"@id":"https:\/\/www.estrategiaconcursos.com.br\/blog\/aprovada-pec-policia-penal-rj\/"},"wordCount":510,"commentCount":0,"publisher":{"@id":"https:\/\/www.estrategiaconcursos.com.br\/blog\/#organization"},"articleSection":["Policial (Agente, Escriv\u00e3o e Investigador)"],"inLanguage":"pt-BR","potentialAction":[{"@type":"CommentAction","name":"Comment","target":["https:\/\/www.estrategiaconcursos.com.br\/blog\/aprovada-pec-policia-penal-rj\/#respond"]}],"copyrightYear":"2020","copyrightHolder":{"@id":"https:\/\/www.estrategiaconcursos.com.br\/blog\/#organization"}},{"@type":"WebPage","@id":"https:\/\/www.estrategiaconcursos.com.br\/blog\/aprovada-pec-policia-penal-rj\/","url":"https:\/\/www.estrategiaconcursos.com.br\/blog\/aprovada-pec-policia-penal-rj\/","name":"Aprovada PEC que cria o cargo de Pol\u00edcia Penal RJ! Confira!","isPartOf":{"@id":"https:\/\/www.estrategiaconcursos.com.br\/blog\/#website"},"datePublished":"2020-10-21T19:53:49+00:00","dateModified":"2020-12-09T12:32:49+00:00","description":"Foi aprovada, em primeira vota\u00e7\u00e3o, a Proposta de Emenda Constitucional (PEC) que cria o cargo de Pol\u00edcia Penal no Rio de Janeiro.","breadcrumb":{"@id":"https:\/\/www.estrategiaconcursos.com.br\/blog\/aprovada-pec-policia-penal-rj\/#breadcrumb"},"inLanguage":"pt-BR","potentialAction":[{"@type":"ReadAction","target":["https:\/\/www.estrategiaconcursos.com.br\/blog\/aprovada-pec-policia-penal-rj\/"]}]},{"@type":"BreadcrumbList","@id":"https:\/\/www.estrategiaconcursos.com.br\/blog\/aprovada-pec-policia-penal-rj\/#breadcrumb","itemListElement":[{"@type":"ListItem","position":1,"name":"In\u00edcio","item":"https:\/\/www.estrategiaconcursos.com.br\/blog\/"},{"@type":"ListItem","position":2,"name":"Aprovada PEC que cria o cargo de Pol\u00edcia Penal RJ! Confira!"}]},{"@type":"WebSite","@id":"https:\/\/www.estrategiaconcursos.com.br\/blog\/#website","url":"https:\/\/www.estrategiaconcursos.com.br\/blog\/","name":"Estrat\u00e9gia Concursos","description":"O blog da Estrat\u00e9gia Concursos traz not\u00edcias sobre concursos e artigos de professores oferecendo cursos para concursos (pdf + videaulas) no site.","publisher":{"@id":"https:\/\/www.estrategiaconcursos.com.br\/blog\/#organization"},"potentialAction":[{"@type":"SearchAction","target":{"@type":"EntryPoint","urlTemplate":"https:\/\/www.estrategiaconcursos.com.br\/blog\/?s={search_term_string}"},"query-input":{"@type":"PropertyValueSpecification","valueRequired":true,"valueName":"search_term_string"}}],"inLanguage":"pt-BR"},{"@type":"Organization","@id":"https:\/\/www.estrategiaconcursos.com.br\/blog\/#organization","name":"Estrat\u00e9gia Concursos","url":"https:\/\/www.estrategiaconcursos.com.br\/blog\/","logo":{"@type":"ImageObject","inLanguage":"pt-BR","@id":"https:\/\/www.estrategiaconcursos.com.br\/blog\/#\/schema\/logo\/image\/","url":"https:\/\/dhg1h5j42swfq.cloudfront.net\/2025\/06\/03203428\/logo_concursos-1.jpg","contentUrl":"https:\/\/dhg1h5j42swfq.cloudfront.net\/2025\/06\/03203428\/logo_concursos-1.jpg","width":230,"height":60,"caption":"Estrat\u00e9gia Concursos"},"image":{"@id":"https:\/\/www.estrategiaconcursos.com.br\/blog\/#\/schema\/logo\/image\/"},"sameAs":["https:\/\/x.com\/EstratConcursos"]},{"@type":"Person","@id":"https:\/\/www.estrategiaconcursos.com.br\/blog\/#\/schema\/person\/a630b15e36f45b4c21fed01219843cb5","name":"Paulo Bilynskyj","image":{"@type":"ImageObject","inLanguage":"pt-BR","@id":"https:\/\/secure.gravatar.com\/avatar\/37e21f70c9042e7456beffdc6d31fe051f3f6dcbf252f69343a791b144852057?s=96&d=mm&r=g","url":"https:\/\/secure.gravatar.com\/avatar\/37e21f70c9042e7456beffdc6d31fe051f3f6dcbf252f69343a791b144852057?s=96&d=mm&r=g","contentUrl":"https:\/\/secure.gravatar.com\/avatar\/37e21f70c9042e7456beffdc6d31fe051f3f6dcbf252f69343a791b144852057?s=96&d=mm&r=g","caption":"Paulo Bilynskyj"},"url":"https:\/\/www.estrategiaconcursos.com.br\/blog\/author\/pbilynskyjgmail-com\/"}]}},"_links":{"self":[{"href":"https:\/\/www.estrategiaconcursos.com.br\/blog\/wp-json\/wp\/v2\/posts\/594244","targetHints":{"allow":["GET"]}}],"collection":[{"href":"https:\/\/www.estrategiaconcursos.com.br\/blog\/wp-json\/wp\/v2\/posts"}],"about":[{"href":"https:\/\/www.estrategiaconcursos.com.br\/blog\/wp-json\/wp\/v2\/types\/post"}],"author":[{"embeddable":true,"href":"https:\/\/www.estrategiaconcursos.com.br\/blog\/wp-json\/wp\/v2\/users\/552"}],"replies":[{"embeddable":true,"href":"https:\/\/www.estrategiaconcursos.com.br\/blog\/wp-json\/wp\/v2\/comments?post=594244"}],"version-history":[{"count":4,"href":"https:\/\/www.estrategiaconcursos.com.br\/blog\/wp-json\/wp\/v2\/posts\/594244\/revisions"}],"predecessor-version":[{"id":625910,"href":"https:\/\/www.estrategiaconcursos.com.br\/blog\/wp-json\/wp\/v2\/posts\/594244\/revisions\/625910"}],"wp:attachment":[{"href":"https:\/\/www.estrategiaconcursos.com.br\/blog\/wp-json\/wp\/v2\/media?parent=594244"}],"wp:term":[{"taxonomy":"category","embeddable":true,"href":"https:\/\/www.estrategiaconcursos.com.br\/blog\/wp-json\/wp\/v2\/categories?post=594244"},{"taxonomy":"post_tag","embeddable":true,"href":"https:\/\/www.estrategiaconcursos.com.br\/blog\/wp-json\/wp\/v2\/tags?post=594244"},{"taxonomy":"tax_estado","embeddable":true,"href":"https:\/\/www.estrategiaconcursos.com.br\/blog\/wp-json\/wp\/v2\/tax_estado?post=594244"}],"curies":[{"name":"wp","href":"https:\/\/api.w.org\/{rel}","templated":true}]}}