{"id":594141,"date":"2020-10-23T15:25:14","date_gmt":"2020-10-23T18:25:14","guid":{"rendered":"https:\/\/www.estrategiaconcursos.com.br\/blog\/?p=594141"},"modified":"2020-10-28T10:06:57","modified_gmt":"2020-10-28T13:06:57","slug":"redencao-inscricoes","status":"publish","type":"post","link":"https:\/\/www.estrategiaconcursos.com.br\/blog\/redencao-inscricoes\/","title":{"rendered":"Reden\u00e7\u00e3o: 1.012 vagas com inscri\u00e7\u00f5es AT\u00c9 NOVEMBRO! Garanta a sua!"},"content":{"rendered":"\n<p>Voc\u00ea j\u00e1 pensou em conquistar o t\u00e3o sonhado cargo p\u00fablico? Caso positivo, j\u00e1 pensou na possibilidade de se inscrever em um concurso municipal? Isso porque, existem v\u00e1rias oportunidades abertas esperando por voc\u00ea! Como \u00e9 o caso da <strong>Prefeitura de Reden\u00e7\u00e3o.<\/strong><\/p>\n\n\n\n<p>Sob organiza\u00e7\u00e3o do Instituto Vicente Nelson &#8211; IVIN, o edital do concurso Reden\u00e7\u00e3o oferta\u00a0<strong>1.012 vagas <\/strong>que est\u00e3o distribu\u00eddas em diversos cargos de n\u00edveis fundamental, m\u00e9dio e superior. E o melhor de tudo, as <strong>inscri\u00e7\u00f5es est\u00e3o foram prorrogadas! <\/strong><\/p>\n\n\n\n<p>No entanto, para garantir a sua candidatura \u00e9 necess\u00e1rio acessar o site da organizadora at\u00e9 a data do dia 23 de novembro de 2020. Al\u00e9m disso, \u00e9 importante efetuar o pagamento da taxa fixada, que pode variar conforme o n\u00edvel de escolaridade. Confira abaixo!<\/p>\n\n\n\n<ul class=\"wp-block-list\" id=\"block-c9cdfd2f-1b23-4de4-a5f9-be48f4773ea0\"><li><strong>Fundamental:<\/strong> R$ 45,00<\/li><li><strong>M\u00e9dio:<\/strong> R$ 55,00<\/li><li><strong>Superior: <\/strong>R$ 70,00<\/li><\/ul>\n\n\n\n<p><strong>Ficou interessado(a)?<\/strong> Prepare-se com o curso que mais aprova no mercado! O Estrat\u00e9gia Concursos possui <a href=\"https:\/\/www.estrategiaconcursos.com.br\/cursosPorConcurso\/prefeitura-municipal-de-redencao-pa\/\">cursos espec\u00edficos para o concurso da Prefeitura de Reden\u00e7\u00e3o. Confira!<\/a><\/p>\n\n\n\n<p>Ap\u00f3s garantir a inscri\u00e7\u00e3o no concurso, os candidatos dever\u00e3o seguir uma sequ\u00eancia de etapas. Conforme informa\u00e7\u00f5es do edital, a Prova Objetiva est\u00e1 marcada para os dias <strong>13 e 20 de dezembro.<\/strong><\/p>\n\n\n\n<p>Al\u00e9m da Prova Objetiva, o concurso ser\u00e1 composto por Prova Discursiva, de car\u00e1ter eliminat\u00f3rio e classificat\u00f3rio, bem como uma Avalia\u00e7\u00e3o de T\u00edtulos. Sendo assim, refor\u00e7ar os estudos \u00e9 fundamental para alcan\u00e7ar a t\u00e3o sonhada aprova\u00e7\u00e3o! <\/p>\n\n\n\n<h2 class=\"wp-block-heading\">Sobre o EDITAL da Prefeitura de Reden\u00e7\u00e3o<\/h2>\n\n\n\n<p>O t\u00e3o aguardado edital do concurso p\u00fablico da\u00a0Prefeitura Municipal de Reden\u00e7\u00e3o, no estado do Par\u00e1 foi publicado. E com ele, <strong>1.012 oportunidades <\/strong>para\u00a0<strong>todos os n\u00edveis de escolaridade<\/strong>. J\u00e1 os sal\u00e1rios iniciais chegam a\u00a0<strong>R$ 4.710,00<\/strong>.<\/p>\n\n\n\n<p>J\u00e1 as jornadas de trabalho podem variar bastante, podendo chegar a 200 horas mensais. Tamb\u00e9m \u00e9 v\u00e1lido mencionar que os aprovados nesta sele\u00e7\u00e3o ter\u00e3o direito a diversos benef\u00edcios previstos em lei municipal.<\/p>\n\n\n\n<p>Por fim, o concurso Prefeitura de Reden\u00e7\u00e3o contar\u00e1 com tr\u00eas etapas, sendo&nbsp;elas de <strong>Prova Objetiva, Prova Discursiva e Avalia\u00e7\u00e3o de T\u00edtulos<\/strong>.<\/p>\n\n\n\n<figure class=\"wp-block-image\"><img loading=\"lazy\" decoding=\"async\" width=\"300\" height=\"102\" src=\"https:\/\/dhg1h5j42swfq.cloudfront.net\/2017\/03\/28152500\/coruja-ficha-tecnica-300x102.png\" alt=\"Ficha t\u00e9cnica do concurso Prefeitura Reden\u00e7\u00e3o\" class=\"wp-image-68542\"\/><\/figure>\n\n\n\n<h3 class=\"wp-block-heading\" id=\"ficha-tecnica\"><strong>Ficha t\u00e9cnica do concurso Prefeitura de Reden\u00e7\u00e3o<\/strong>-PA<\/h3>\n\n\n\n<ul class=\"wp-block-list\" id=\"block-3aac5879-899c-46f9-9dd5-b272f46d3b3e\"><li><strong>Inscri\u00e7\u00f5es<\/strong>: 12\/10 a 23\/11\/2020<\/li><li><strong>Provas<\/strong>: 13 e 20\/12\/2020<\/li><li><strong>Vagas<\/strong>: 1.012<\/li><li><strong>Cargos<\/strong>: V\u00e1rios<\/li><li><strong>Escolaridade<\/strong>: N\u00edvel fundamental, m\u00e9dio e superior<\/li><li><strong>Banca<\/strong>: IVIN<\/li><li><strong>Edital<\/strong>:\u00a0<a rel=\"noreferrer noopener\" href=\"https:\/\/dhg1h5j42swfq.cloudfront.net\/2020\/10\/06123540\/edital-de-abertura-de-inscria%C2%A7a%C2%B5es-ok-20201005110324-1.pdf\" target=\"_blank\">Edital Prefeitura Reden\u00e7\u00e3o-PA<\/a><\/li><\/ul>\n\n\n\n<p class=\"has-text-align-center has-cyan-bluish-gray-background-color has-background\"><strong>Mais informa\u00e7\u00f5es: <a rel=\"noreferrer noopener\" href=\"https:\/\/www.estrategiaconcursos.com.br\/blog\/concurso-prefeitura-redencao-pa\/\" target=\"_blank\">Concurso <\/a><a href=\"https:\/\/www.estrategiaconcursos.com.br\/blog\/concurso-prefeitura-redencao-pa\/\" target=\"_blank\" rel=\"noreferrer noopener\">P<\/a><a rel=\"noreferrer noopener\" href=\"https:\/\/www.estrategiaconcursos.com.br\/blog\/concurso-prefeitura-redencao-pa\/\" target=\"_blank\">refeitura de Reden\u00e7\u00e3o<\/a><\/strong><\/p>\n\n\n\n<div class=\"container\" id=\"boxes\">\n  <div class=\"row\">\n\n    <div class=\"col-sm\">\n      <div class=\"estrategia\" id=\"box-assinatura\">\n        <h3 class=\"titulo-assinatura\">Assinatura Ilimitada<\/h3>\n        <p class=\"subtitulo-assinatura\">Assinatura Anual Ilimitada*<\/p>\n        <div class=\"box-botao\">\n          <a class=\"btn-assinatura\" target=\"_blank\" href=\"https:\/\/www.estrategiaconcursos.com.br\/assinaturas\/\" role=\"button\" rel=\"noopener noreferrer\">ASSINE AGORA<\/a>\n        <\/div>\n      <\/div>\n      <p class=\"texto-auxiliar\">Prepare-se com o melhor material e com quem mais aprova em Concursos P\u00fablicos em todo o pa\u00eds. Assine agora a nossa Assinatura Anual e tenha acesso ilimitado* a todos os nossos cursos.<\/p>\n    <\/div>\n\n    <div class=\"col-sm\">\n      <div class=\"questoes\" id=\"box-assinatura\">\n        <h3 class=\"titulo-assinatura\">Sistema de Quest\u00f5es<\/h3>\n        <p class=\"subtitulo-assinatura\">Assinatura Ilimitada*\n<\/p>\n        <div class=\"box-botao\">\n          <a class=\"btn-assinatura\" target=\"_blank\" href=\"https:\/\/www.estrategiaconcursos.com.br\/cursosPorConcurso\/sistema-de-questoes\/#\/\" role=\"button\" rel=\"noopener noreferrer\">ASSINE AGORA<\/a>\n        <\/div>\n      <\/div>\n      <p class=\"texto-auxiliar\">Estrat\u00e9gia Quest\u00f5es nasceu maior do que todos os concorrentes, com mais quest\u00f5es cadastradas e mais solu\u00e7\u00f5es por professores. Clique no link e aproveite os descontos e b\u00f4nus imperd\u00edveis!<\/p>\n    <\/div>\n  <\/div>\n<\/div>\n\n\n\n<div class=\"container\" id=\"boxes\">\n  <div class=\"row\">\n\n    <div class=\"col-sm\" id=\"boxes-concursos\">\n      <div style=\"background-color: #005DAD;\" class=\"conteudo-concursos\" id=\"box-concursos\">\n        <h3 class=\"titulo-assinatura\">Concursos Abertos<\/h3>\n        <p class=\"subtitulo-assinatura\">mais de 15 mil vagas<\/p>\n        <div class=\"box-botao\">\n          <a class=\"btn-assinatura\" target=\"_blank\" href=\"https:\/\/www.estrategiaconcursos.com.br\/blog\/concursos-abertos\/\" role=\"button\" rel=\"noopener noreferrer\">Conhe\u00e7a Agora<\/a>\n        <\/div>\n      <\/div>\n    <\/div>\n\n    <div class=\"col-sm\" id=\"boxes-concursos\">\n      <div style=\"background-color: #1A7ED5;\" class=\"conteudo-concursos\" id=\"box-concursos\">\n        <h3 class=\"titulo-assinatura\">Concursos 2020<\/h3>\n        <p class=\"subtitulo-assinatura\">mais de 11 mil vagas<\/p>\n        <div class=\"box-botao\">\n          <a class=\"btn-assinatura\" target=\"_blank\" href=\"https:\/\/www.estrategiaconcursos.com.br\/blog\/concursos-2020\/\" role=\"button\" rel=\"noopener noreferrer\">Conhe\u00e7a Agora<\/a>\n        <\/div>\n      <\/div>\n    <\/div>\n\n    <div class=\"col-sm\" id=\"boxes-concursos\">\n      <div style=\"background-color: #419FF0;\" class=\"conteudo-concursos\" id=\"box-concursos\">\n        <h3 class=\"titulo-assinatura\">Concursos 2021<\/h3>\n        <p class=\"subtitulo-assinatura\">mais de 17 mil vagas<\/p>\n        <div class=\"box-botao\">\n          <a class=\"btn-assinatura\" target=\"_blank\" href=\"https:\/\/www.estrategiaconcursos.com.br\/blog\/concursos-2021\/\" role=\"button\" rel=\"noopener noreferrer\">Conhe\u00e7a Agora<\/a>\n        <\/div>\n      <\/div>\n    <\/div>\n\n  <\/div>\n<\/div>\n","protected":false},"excerpt":{"rendered":"<p>Voc\u00ea j\u00e1 pensou em conquistar o t\u00e3o sonhado cargo p\u00fablico? Caso positivo, j\u00e1 pensou na possibilidade de se inscrever em um concurso municipal? Isso porque, existem v\u00e1rias oportunidades abertas esperando por voc\u00ea! Como \u00e9 o caso da Prefeitura de Reden\u00e7\u00e3o. Sob organiza\u00e7\u00e3o do Instituto Vicente Nelson &#8211; IVIN, o edital do concurso Reden\u00e7\u00e3o oferta\u00a01.012 vagas [&hellip;]<\/p>\n","protected":false},"author":260,"featured_media":498218,"comment_status":"open","ping_status":"closed","sticky":false,"template":"","format":"standard","meta":{"post_tipo":"article","footnotes":""},"categories":[1],"tags":[],"tax_estado":[],"class_list":["post-594141","post","type-post","status-publish","format-standard","has-post-thumbnail","hentry","category-cursos-e-concursos"],"acf":[],"yoast_head":"<!-- This site is optimized with the Yoast SEO Premium plugin v27.2 (Yoast SEO v27.2) - https:\/\/yoast.com\/product\/yoast-seo-premium-wordpress\/ -->\n<title>Reden\u00e7\u00e3o: 1.012 vagas com inscri\u00e7\u00f5es AT\u00c9 NOVEMBRO! Garanta a sua!<\/title>\n<meta name=\"description\" content=\"Prefeitura de Reden\u00e7\u00e3o - PA: concurso p\u00fablico oferta 1.012 vagas para diversos cargos e n\u00edveis de escolaridade. Inscri\u00e7\u00f5es AT\u00c9 NOVEMBRO! Garanta a sua!\" \/>\n<meta name=\"robots\" content=\"index, follow, max-snippet:-1, max-image-preview:large, max-video-preview:-1\" \/>\n<link rel=\"canonical\" href=\"https:\/\/www.estrategiaconcursos.com.br\/blog\/redencao-inscricoes\/\" \/>\n<meta property=\"og:locale\" content=\"pt_BR\" \/>\n<meta property=\"og:type\" content=\"article\" \/>\n<meta property=\"og:title\" content=\"Reden\u00e7\u00e3o: 1.012 vagas com inscri\u00e7\u00f5es AT\u00c9 NOVEMBRO! Garanta a sua!\" \/>\n<meta property=\"og:description\" content=\"Prefeitura de Reden\u00e7\u00e3o - PA: concurso p\u00fablico oferta 1.012 vagas para diversos cargos e n\u00edveis de escolaridade. Inscri\u00e7\u00f5es AT\u00c9 NOVEMBRO! Garanta a sua!\" \/>\n<meta property=\"og:url\" content=\"https:\/\/www.estrategiaconcursos.com.br\/blog\/redencao-inscricoes\/\" \/>\n<meta property=\"og:site_name\" content=\"Estrat\u00e9gia Concursos\" \/>\n<meta property=\"article:published_time\" content=\"2020-10-23T18:25:14+00:00\" \/>\n<meta property=\"article:modified_time\" content=\"2020-10-28T13:06:57+00:00\" \/>\n<meta property=\"og:image\" content=\"https:\/\/dhg1h5j42swfq.cloudfront.net\/2020\/03\/30185915\/Prefeitura_de_Reden%C3%A7%C3%A3o-PA.jpg\" \/>\n\t<meta property=\"og:image:width\" content=\"1200\" \/>\n\t<meta property=\"og:image:height\" content=\"628\" \/>\n\t<meta property=\"og:image:type\" content=\"image\/jpeg\" \/>\n<meta name=\"author\" content=\"Diego Cerqueira Berbert Vasconcelos\" \/>\n<meta name=\"twitter:card\" content=\"summary_large_image\" \/>\n<meta name=\"twitter:creator\" content=\"@EstratConcursos\" \/>\n<meta name=\"twitter:site\" content=\"@EstratConcursos\" \/>\n<meta name=\"twitter:label1\" content=\"Escrito por\" \/>\n\t<meta name=\"twitter:data1\" content=\"Diego Cerqueira Berbert Vasconcelos\" \/>\n\t<meta name=\"twitter:label2\" content=\"Est. tempo de leitura\" \/>\n\t<meta name=\"twitter:data2\" content=\"3 minutos\" \/>\n<script type=\"application\/ld+json\" class=\"yoast-schema-graph\">{\"@context\":\"https:\/\/schema.org\",\"@graph\":[{\"@type\":\"NewsArticle\",\"@id\":\"https:\/\/www.estrategiaconcursos.com.br\/blog\/redencao-inscricoes\/#article\",\"isPartOf\":{\"@id\":\"https:\/\/www.estrategiaconcursos.com.br\/blog\/redencao-inscricoes\/\"},\"author\":{\"name\":\"Diego Cerqueira Berbert Vasconcelos\",\"@id\":\"https:\/\/www.estrategiaconcursos.com.br\/blog\/#\/schema\/person\/7fbf898fd336f5ce58a961518beff68c\"},\"headline\":\"Reden\u00e7\u00e3o: 1.012 vagas com inscri\u00e7\u00f5es AT\u00c9 NOVEMBRO! Garanta a sua!\",\"datePublished\":\"2020-10-23T18:25:14+00:00\",\"dateModified\":\"2020-10-28T13:06:57+00:00\",\"mainEntityOfPage\":{\"@id\":\"https:\/\/www.estrategiaconcursos.com.br\/blog\/redencao-inscricoes\/\"},\"wordCount\":516,\"commentCount\":0,\"publisher\":{\"@id\":\"https:\/\/www.estrategiaconcursos.com.br\/blog\/#organization\"},\"image\":{\"@id\":\"https:\/\/www.estrategiaconcursos.com.br\/blog\/redencao-inscricoes\/#primaryimage\"},\"thumbnailUrl\":\"https:\/\/dhg1h5j42swfq.cloudfront.net\/2020\/03\/30185915\/Prefeitura_de_Reden%C3%A7%C3%A3o-PA.jpg\",\"articleSection\":[\"Concursos P\u00fablicos\"],\"inLanguage\":\"pt-BR\",\"potentialAction\":[{\"@type\":\"CommentAction\",\"name\":\"Comment\",\"target\":[\"https:\/\/www.estrategiaconcursos.com.br\/blog\/redencao-inscricoes\/#respond\"]}],\"copyrightYear\":\"2020\",\"copyrightHolder\":{\"@id\":\"https:\/\/www.estrategiaconcursos.com.br\/blog\/#organization\"}},{\"@type\":\"WebPage\",\"@id\":\"https:\/\/www.estrategiaconcursos.com.br\/blog\/redencao-inscricoes\/\",\"url\":\"https:\/\/www.estrategiaconcursos.com.br\/blog\/redencao-inscricoes\/\",\"name\":\"Reden\u00e7\u00e3o: 1.012 vagas com inscri\u00e7\u00f5es AT\u00c9 NOVEMBRO! Garanta a sua!\",\"isPartOf\":{\"@id\":\"https:\/\/www.estrategiaconcursos.com.br\/blog\/#website\"},\"primaryImageOfPage\":{\"@id\":\"https:\/\/www.estrategiaconcursos.com.br\/blog\/redencao-inscricoes\/#primaryimage\"},\"image\":{\"@id\":\"https:\/\/www.estrategiaconcursos.com.br\/blog\/redencao-inscricoes\/#primaryimage\"},\"thumbnailUrl\":\"https:\/\/dhg1h5j42swfq.cloudfront.net\/2020\/03\/30185915\/Prefeitura_de_Reden%C3%A7%C3%A3o-PA.jpg\",\"datePublished\":\"2020-10-23T18:25:14+00:00\",\"dateModified\":\"2020-10-28T13:06:57+00:00\",\"description\":\"Prefeitura de Reden\u00e7\u00e3o - PA: concurso p\u00fablico oferta 1.012 vagas para diversos cargos e n\u00edveis de escolaridade. Inscri\u00e7\u00f5es AT\u00c9 NOVEMBRO! Garanta a sua!\",\"breadcrumb\":{\"@id\":\"https:\/\/www.estrategiaconcursos.com.br\/blog\/redencao-inscricoes\/#breadcrumb\"},\"inLanguage\":\"pt-BR\",\"potentialAction\":[{\"@type\":\"ReadAction\",\"target\":[\"https:\/\/www.estrategiaconcursos.com.br\/blog\/redencao-inscricoes\/\"]}]},{\"@type\":\"ImageObject\",\"inLanguage\":\"pt-BR\",\"@id\":\"https:\/\/www.estrategiaconcursos.com.br\/blog\/redencao-inscricoes\/#primaryimage\",\"url\":\"https:\/\/dhg1h5j42swfq.cloudfront.net\/2020\/03\/30185915\/Prefeitura_de_Reden%C3%A7%C3%A3o-PA.jpg\",\"contentUrl\":\"https:\/\/dhg1h5j42swfq.cloudfront.net\/2020\/03\/30185915\/Prefeitura_de_Reden%C3%A7%C3%A3o-PA.jpg\",\"width\":1200,\"height\":628,\"caption\":\"Reden\u00e7\u00e3o PA\"},{\"@type\":\"BreadcrumbList\",\"@id\":\"https:\/\/www.estrategiaconcursos.com.br\/blog\/redencao-inscricoes\/#breadcrumb\",\"itemListElement\":[{\"@type\":\"ListItem\",\"position\":1,\"name\":\"In\u00edcio\",\"item\":\"https:\/\/www.estrategiaconcursos.com.br\/blog\/\"},{\"@type\":\"ListItem\",\"position\":2,\"name\":\"Reden\u00e7\u00e3o: 1.012 vagas com inscri\u00e7\u00f5es AT\u00c9 NOVEMBRO! Garanta a sua!\"}]},{\"@type\":\"WebSite\",\"@id\":\"https:\/\/www.estrategiaconcursos.com.br\/blog\/#website\",\"url\":\"https:\/\/www.estrategiaconcursos.com.br\/blog\/\",\"name\":\"Estrat\u00e9gia Concursos\",\"description\":\"O blog da Estrat\u00e9gia Concursos traz not\u00edcias sobre concursos e artigos de professores oferecendo cursos para concursos (pdf + videaulas) no site.\",\"publisher\":{\"@id\":\"https:\/\/www.estrategiaconcursos.com.br\/blog\/#organization\"},\"potentialAction\":[{\"@type\":\"SearchAction\",\"target\":{\"@type\":\"EntryPoint\",\"urlTemplate\":\"https:\/\/www.estrategiaconcursos.com.br\/blog\/?s={search_term_string}\"},\"query-input\":{\"@type\":\"PropertyValueSpecification\",\"valueRequired\":true,\"valueName\":\"search_term_string\"}}],\"inLanguage\":\"pt-BR\"},{\"@type\":\"Organization\",\"@id\":\"https:\/\/www.estrategiaconcursos.com.br\/blog\/#organization\",\"name\":\"Estrat\u00e9gia Concursos\",\"url\":\"https:\/\/www.estrategiaconcursos.com.br\/blog\/\",\"logo\":{\"@type\":\"ImageObject\",\"inLanguage\":\"pt-BR\",\"@id\":\"https:\/\/www.estrategiaconcursos.com.br\/blog\/#\/schema\/logo\/image\/\",\"url\":\"https:\/\/dhg1h5j42swfq.cloudfront.net\/2025\/06\/03203428\/logo_concursos-1.jpg\",\"contentUrl\":\"https:\/\/dhg1h5j42swfq.cloudfront.net\/2025\/06\/03203428\/logo_concursos-1.jpg\",\"width\":230,\"height\":60,\"caption\":\"Estrat\u00e9gia Concursos\"},\"image\":{\"@id\":\"https:\/\/www.estrategiaconcursos.com.br\/blog\/#\/schema\/logo\/image\/\"},\"sameAs\":[\"https:\/\/x.com\/EstratConcursos\"]},{\"@type\":\"Person\",\"@id\":\"https:\/\/www.estrategiaconcursos.com.br\/blog\/#\/schema\/person\/7fbf898fd336f5ce58a961518beff68c\",\"name\":\"Diego Cerqueira Berbert Vasconcelos\",\"image\":{\"@type\":\"ImageObject\",\"inLanguage\":\"pt-BR\",\"@id\":\"https:\/\/secure.gravatar.com\/avatar\/ed2d045a7390980cad1a92d24dcc39d10ef55b88fcb9fb9c047979bf4ddeb1ce?s=96&d=mm&r=g\",\"url\":\"https:\/\/secure.gravatar.com\/avatar\/ed2d045a7390980cad1a92d24dcc39d10ef55b88fcb9fb9c047979bf4ddeb1ce?s=96&d=mm&r=g\",\"contentUrl\":\"https:\/\/secure.gravatar.com\/avatar\/ed2d045a7390980cad1a92d24dcc39d10ef55b88fcb9fb9c047979bf4ddeb1ce?s=96&d=mm&r=g\",\"caption\":\"Diego Cerqueira Berbert Vasconcelos\"},\"url\":\"https:\/\/www.estrategiaconcursos.com.br\/blog\/author\/diegocerqueiraestrategiaconcursos-com-br\/\"}]}<\/script>\n<!-- \/ Yoast SEO Premium plugin. -->","yoast_head_json":{"title":"Reden\u00e7\u00e3o: 1.012 vagas com inscri\u00e7\u00f5es AT\u00c9 NOVEMBRO! Garanta a sua!","description":"Prefeitura de Reden\u00e7\u00e3o - PA: concurso p\u00fablico oferta 1.012 vagas para diversos cargos e n\u00edveis de escolaridade. Inscri\u00e7\u00f5es AT\u00c9 NOVEMBRO! Garanta a sua!","robots":{"index":"index","follow":"follow","max-snippet":"max-snippet:-1","max-image-preview":"max-image-preview:large","max-video-preview":"max-video-preview:-1"},"canonical":"https:\/\/www.estrategiaconcursos.com.br\/blog\/redencao-inscricoes\/","og_locale":"pt_BR","og_type":"article","og_title":"Reden\u00e7\u00e3o: 1.012 vagas com inscri\u00e7\u00f5es AT\u00c9 NOVEMBRO! Garanta a sua!","og_description":"Prefeitura de Reden\u00e7\u00e3o - PA: concurso p\u00fablico oferta 1.012 vagas para diversos cargos e n\u00edveis de escolaridade. Inscri\u00e7\u00f5es AT\u00c9 NOVEMBRO! Garanta a sua!","og_url":"https:\/\/www.estrategiaconcursos.com.br\/blog\/redencao-inscricoes\/","og_site_name":"Estrat\u00e9gia Concursos","article_published_time":"2020-10-23T18:25:14+00:00","article_modified_time":"2020-10-28T13:06:57+00:00","og_image":[{"width":1200,"height":628,"url":"https:\/\/dhg1h5j42swfq.cloudfront.net\/2020\/03\/30185915\/Prefeitura_de_Reden%C3%A7%C3%A3o-PA.jpg","type":"image\/jpeg"}],"author":"Diego Cerqueira Berbert Vasconcelos","twitter_card":"summary_large_image","twitter_creator":"@EstratConcursos","twitter_site":"@EstratConcursos","twitter_misc":{"Escrito por":"Diego Cerqueira Berbert Vasconcelos","Est. tempo de leitura":"3 minutos"},"schema":{"@context":"https:\/\/schema.org","@graph":[{"@type":"NewsArticle","@id":"https:\/\/www.estrategiaconcursos.com.br\/blog\/redencao-inscricoes\/#article","isPartOf":{"@id":"https:\/\/www.estrategiaconcursos.com.br\/blog\/redencao-inscricoes\/"},"author":{"name":"Diego Cerqueira Berbert Vasconcelos","@id":"https:\/\/www.estrategiaconcursos.com.br\/blog\/#\/schema\/person\/7fbf898fd336f5ce58a961518beff68c"},"headline":"Reden\u00e7\u00e3o: 1.012 vagas com inscri\u00e7\u00f5es AT\u00c9 NOVEMBRO! Garanta a sua!","datePublished":"2020-10-23T18:25:14+00:00","dateModified":"2020-10-28T13:06:57+00:00","mainEntityOfPage":{"@id":"https:\/\/www.estrategiaconcursos.com.br\/blog\/redencao-inscricoes\/"},"wordCount":516,"commentCount":0,"publisher":{"@id":"https:\/\/www.estrategiaconcursos.com.br\/blog\/#organization"},"image":{"@id":"https:\/\/www.estrategiaconcursos.com.br\/blog\/redencao-inscricoes\/#primaryimage"},"thumbnailUrl":"https:\/\/dhg1h5j42swfq.cloudfront.net\/2020\/03\/30185915\/Prefeitura_de_Reden%C3%A7%C3%A3o-PA.jpg","articleSection":["Concursos P\u00fablicos"],"inLanguage":"pt-BR","potentialAction":[{"@type":"CommentAction","name":"Comment","target":["https:\/\/www.estrategiaconcursos.com.br\/blog\/redencao-inscricoes\/#respond"]}],"copyrightYear":"2020","copyrightHolder":{"@id":"https:\/\/www.estrategiaconcursos.com.br\/blog\/#organization"}},{"@type":"WebPage","@id":"https:\/\/www.estrategiaconcursos.com.br\/blog\/redencao-inscricoes\/","url":"https:\/\/www.estrategiaconcursos.com.br\/blog\/redencao-inscricoes\/","name":"Reden\u00e7\u00e3o: 1.012 vagas com inscri\u00e7\u00f5es AT\u00c9 NOVEMBRO! Garanta a sua!","isPartOf":{"@id":"https:\/\/www.estrategiaconcursos.com.br\/blog\/#website"},"primaryImageOfPage":{"@id":"https:\/\/www.estrategiaconcursos.com.br\/blog\/redencao-inscricoes\/#primaryimage"},"image":{"@id":"https:\/\/www.estrategiaconcursos.com.br\/blog\/redencao-inscricoes\/#primaryimage"},"thumbnailUrl":"https:\/\/dhg1h5j42swfq.cloudfront.net\/2020\/03\/30185915\/Prefeitura_de_Reden%C3%A7%C3%A3o-PA.jpg","datePublished":"2020-10-23T18:25:14+00:00","dateModified":"2020-10-28T13:06:57+00:00","description":"Prefeitura de Reden\u00e7\u00e3o - PA: concurso p\u00fablico oferta 1.012 vagas para diversos cargos e n\u00edveis de escolaridade. Inscri\u00e7\u00f5es AT\u00c9 NOVEMBRO! Garanta a sua!","breadcrumb":{"@id":"https:\/\/www.estrategiaconcursos.com.br\/blog\/redencao-inscricoes\/#breadcrumb"},"inLanguage":"pt-BR","potentialAction":[{"@type":"ReadAction","target":["https:\/\/www.estrategiaconcursos.com.br\/blog\/redencao-inscricoes\/"]}]},{"@type":"ImageObject","inLanguage":"pt-BR","@id":"https:\/\/www.estrategiaconcursos.com.br\/blog\/redencao-inscricoes\/#primaryimage","url":"https:\/\/dhg1h5j42swfq.cloudfront.net\/2020\/03\/30185915\/Prefeitura_de_Reden%C3%A7%C3%A3o-PA.jpg","contentUrl":"https:\/\/dhg1h5j42swfq.cloudfront.net\/2020\/03\/30185915\/Prefeitura_de_Reden%C3%A7%C3%A3o-PA.jpg","width":1200,"height":628,"caption":"Reden\u00e7\u00e3o PA"},{"@type":"BreadcrumbList","@id":"https:\/\/www.estrategiaconcursos.com.br\/blog\/redencao-inscricoes\/#breadcrumb","itemListElement":[{"@type":"ListItem","position":1,"name":"In\u00edcio","item":"https:\/\/www.estrategiaconcursos.com.br\/blog\/"},{"@type":"ListItem","position":2,"name":"Reden\u00e7\u00e3o: 1.012 vagas com inscri\u00e7\u00f5es AT\u00c9 NOVEMBRO! Garanta a sua!"}]},{"@type":"WebSite","@id":"https:\/\/www.estrategiaconcursos.com.br\/blog\/#website","url":"https:\/\/www.estrategiaconcursos.com.br\/blog\/","name":"Estrat\u00e9gia Concursos","description":"O blog da Estrat\u00e9gia Concursos traz not\u00edcias sobre concursos e artigos de professores oferecendo cursos para concursos (pdf + videaulas) no site.","publisher":{"@id":"https:\/\/www.estrategiaconcursos.com.br\/blog\/#organization"},"potentialAction":[{"@type":"SearchAction","target":{"@type":"EntryPoint","urlTemplate":"https:\/\/www.estrategiaconcursos.com.br\/blog\/?s={search_term_string}"},"query-input":{"@type":"PropertyValueSpecification","valueRequired":true,"valueName":"search_term_string"}}],"inLanguage":"pt-BR"},{"@type":"Organization","@id":"https:\/\/www.estrategiaconcursos.com.br\/blog\/#organization","name":"Estrat\u00e9gia Concursos","url":"https:\/\/www.estrategiaconcursos.com.br\/blog\/","logo":{"@type":"ImageObject","inLanguage":"pt-BR","@id":"https:\/\/www.estrategiaconcursos.com.br\/blog\/#\/schema\/logo\/image\/","url":"https:\/\/dhg1h5j42swfq.cloudfront.net\/2025\/06\/03203428\/logo_concursos-1.jpg","contentUrl":"https:\/\/dhg1h5j42swfq.cloudfront.net\/2025\/06\/03203428\/logo_concursos-1.jpg","width":230,"height":60,"caption":"Estrat\u00e9gia Concursos"},"image":{"@id":"https:\/\/www.estrategiaconcursos.com.br\/blog\/#\/schema\/logo\/image\/"},"sameAs":["https:\/\/x.com\/EstratConcursos"]},{"@type":"Person","@id":"https:\/\/www.estrategiaconcursos.com.br\/blog\/#\/schema\/person\/7fbf898fd336f5ce58a961518beff68c","name":"Diego Cerqueira Berbert Vasconcelos","image":{"@type":"ImageObject","inLanguage":"pt-BR","@id":"https:\/\/secure.gravatar.com\/avatar\/ed2d045a7390980cad1a92d24dcc39d10ef55b88fcb9fb9c047979bf4ddeb1ce?s=96&d=mm&r=g","url":"https:\/\/secure.gravatar.com\/avatar\/ed2d045a7390980cad1a92d24dcc39d10ef55b88fcb9fb9c047979bf4ddeb1ce?s=96&d=mm&r=g","contentUrl":"https:\/\/secure.gravatar.com\/avatar\/ed2d045a7390980cad1a92d24dcc39d10ef55b88fcb9fb9c047979bf4ddeb1ce?s=96&d=mm&r=g","caption":"Diego Cerqueira Berbert Vasconcelos"},"url":"https:\/\/www.estrategiaconcursos.com.br\/blog\/author\/diegocerqueiraestrategiaconcursos-com-br\/"}]}},"_links":{"self":[{"href":"https:\/\/www.estrategiaconcursos.com.br\/blog\/wp-json\/wp\/v2\/posts\/594141","targetHints":{"allow":["GET"]}}],"collection":[{"href":"https:\/\/www.estrategiaconcursos.com.br\/blog\/wp-json\/wp\/v2\/posts"}],"about":[{"href":"https:\/\/www.estrategiaconcursos.com.br\/blog\/wp-json\/wp\/v2\/types\/post"}],"author":[{"embeddable":true,"href":"https:\/\/www.estrategiaconcursos.com.br\/blog\/wp-json\/wp\/v2\/users\/260"}],"replies":[{"embeddable":true,"href":"https:\/\/www.estrategiaconcursos.com.br\/blog\/wp-json\/wp\/v2\/comments?post=594141"}],"version-history":[{"count":9,"href":"https:\/\/www.estrategiaconcursos.com.br\/blog\/wp-json\/wp\/v2\/posts\/594141\/revisions"}],"predecessor-version":[{"id":597840,"href":"https:\/\/www.estrategiaconcursos.com.br\/blog\/wp-json\/wp\/v2\/posts\/594141\/revisions\/597840"}],"wp:featuredmedia":[{"embeddable":true,"href":"https:\/\/www.estrategiaconcursos.com.br\/blog\/wp-json\/wp\/v2\/media\/498218"}],"wp:attachment":[{"href":"https:\/\/www.estrategiaconcursos.com.br\/blog\/wp-json\/wp\/v2\/media?parent=594141"}],"wp:term":[{"taxonomy":"category","embeddable":true,"href":"https:\/\/www.estrategiaconcursos.com.br\/blog\/wp-json\/wp\/v2\/categories?post=594141"},{"taxonomy":"post_tag","embeddable":true,"href":"https:\/\/www.estrategiaconcursos.com.br\/blog\/wp-json\/wp\/v2\/tags?post=594141"},{"taxonomy":"tax_estado","embeddable":true,"href":"https:\/\/www.estrategiaconcursos.com.br\/blog\/wp-json\/wp\/v2\/tax_estado?post=594141"}],"curies":[{"name":"wp","href":"https:\/\/api.w.org\/{rel}","templated":true}]}}