{"id":593849,"date":"2020-10-25T10:20:00","date_gmt":"2020-10-25T13:20:00","guid":{"rendered":"https:\/\/www.estrategiaconcursos.com.br\/blog\/?p=593849"},"modified":"2020-10-23T13:13:07","modified_gmt":"2020-10-23T16:13:07","slug":"veja-as-particularidades-do-manifesto-de-carga-e-do-conhecimento-de-transporte","status":"publish","type":"post","link":"https:\/\/www.estrategiaconcursos.com.br\/blog\/veja-as-particularidades-do-manifesto-de-carga-e-do-conhecimento-de-transporte\/","title":{"rendered":"Veja as particularidades do Manifesto de Carga e do Conhecimento de Transporte"},"content":{"rendered":"\n<p>Saiba as particularidades do Manifesto de Carga e do Conhecimento de Transporte para a prova da RFB<\/p>\n\n\n\n<div class=\"wp-block-image\"><figure class=\"aligncenter size-medium\"><img loading=\"lazy\" decoding=\"async\" width=\"300\" height=\"156\" src=\"https:\/\/dhg1h5j42swfq.cloudfront.net\/2020\/10\/21101531\/Sem-titulo-53-300x156.png\" alt=\"particularidades do Manifesto de Carga\" class=\"wp-image-593851\" srcset=\"https:\/\/dhg1h5j42swfq.cloudfront.net\/2020\/10\/21101531\/Sem-titulo-53-300x156.png 300w, https:\/\/dhg1h5j42swfq.cloudfront.net\/2020\/10\/21101531\/Sem-titulo-53-1024x533.png 1024w, https:\/\/dhg1h5j42swfq.cloudfront.net\/2020\/10\/21101531\/Sem-titulo-53-768x400.png 768w, https:\/\/dhg1h5j42swfq.cloudfront.net\/2020\/10\/21101531\/Sem-titulo-53-610x318.png 610w, https:\/\/dhg1h5j42swfq.cloudfront.net\/2020\/10\/21101531\/Sem-titulo-53.png 1221w\" sizes=\"auto, (max-width: 300px) 100vw, 300px\" \/><figcaption>particularidades do Manifesto de Carga<\/figcaption><\/figure><\/div>\n\n\n\n<p>Ol\u00e1, Estrategista. Tudo joia?<\/p>\n\n\n\n<p>Seguimos com o assunto de legisla\u00e7\u00e3o aduaneira para a prova da Receita Federal. Disciplina imprescind\u00edvel para quem deseja ser aprovado. Pense comigo: acertar 80-90% nas disciplinas comuns como: Portugu\u00eas, Direito Constitucional, Administrativo n\u00e3o ir\u00e1 destac\u00e1-lo de outros candidatos, uma vez que muitas pessoas dominam as mat\u00e9rias gerais e conseguem estes percentuais normalmente.<\/p>\n\n\n\n<p>Ou seja, para ser aprovado, a estrat\u00e9gia \u00e9 se destacar nas mat\u00e9rias espec\u00edficas. Estas sim, <strong>poucos dominam<\/strong>. Certamente, que para isso dever\u00e1 ir igualmente bem nas disciplinas gerais tamb\u00e9m, caso contr\u00e1rio ficar\u00e1 em desvantagem.<\/p>\n\n\n\n<p>No artigo de hoje, seguiremos no assunto sobre transporte. No \u00faltimo <em>post<\/em> falamos sobre Controle Aduaneiro de Ve\u00edculos (<a href=\"https:\/\/www.estrategiaconcursos.com.br\/blog\/?p=593740\">Veja aqui<\/a>). Neste iremos discutir sobre particularidades do Manifesto de Carga e do Conhecimento de Transporte.<\/p>\n\n\n\n<h2 class=\"wp-block-heading\">Um breve Resumo sobre Conhecimento de Transporte e Manifesto de Carga<\/h2>\n\n\n\n<p>Sempre que ocorrer o transporte de mercadorias haver\u00e1 a necessidade de documenta\u00e7\u00e3o fiscal comprobat\u00f3ria. Sendo assim, o Conhecimento de Transporte ser\u00e1 sempre obrigat\u00f3rio para registrar o tr\u00e2nsito. Al\u00e9m disso, dever\u00e1 ter 1 CT para cada destinat\u00e1rio.<\/p>\n\n\n\n<p>J\u00e1 o Manifesto de Carga \u00e9 um documento necess\u00e1rio para transportes interestaduais e\/ou internacionais de mercadorias. Enquanto que existir\u00e1 diversos CT (um para cada destino), s\u00f3 existir\u00e1 1 Manifesto, o qual englobar\u00e1 todos os Conhecimentos existentes.<\/p>\n\n\n\n<h2 class=\"wp-block-heading\">Particularidades do Manifesto de Carga aplicadas ao com\u00e9rcio exterior<\/h2>\n\n\n\n<p>Como j\u00e1 explicado acima, qualquer mercadoria procedente do exterior, transportada por qualquer via, dever\u00e1 ser registrada em manifesto de carga ou em outras declara\u00e7\u00f5es de efeito equivalente.<\/p>\n\n\n\n<p>Al\u00e9m disso, outra exig\u00eancia \u00e9 que o respons\u00e1vel pelo ve\u00edculo apresente \u00e0 autoridade aduaneira o manifesto de carga, com c\u00f3pia dos conhecimentos correspondentes, e a lista de sobressalentes e provis\u00f5es de bordo.<\/p>\n\n\n\n<p><strong>Adendo:<\/strong> uma informa\u00e7\u00e3o important\u00edssima \u00e9 que o <strong>CONHECIMENTO<\/strong> de Carga informe a <strong>UNIDADE DE CARGA<\/strong> da mercadoria que ele esteja transportando. As bancas adoram confundir os candidatos trocando \u201cConhecimento\u201d por \u201cManifesto\u201d. Lembre-se sempre: o conhecimento traz os detalhes da carga transportada, o manifesto traz o resumo dos conhecimentos.<\/p>\n\n\n\n<p><strong>N\u00e3o confunda: <\/strong>Para cada ponto de descarga no territ\u00f3rio aduaneiro, o ve\u00edculo dever\u00e1 trazer tantos manifestos quantos forem os locais, no exterior, em que tiver <strong>RECEBIDO<\/strong> carga.&nbsp;<\/p>\n\n\n\n<p>Em outras palavras, se o ve\u00edculo tiver recebido carga de 1 local no exterior com destino a 10 endere\u00e7os no pa\u00eds, dever\u00e1 existir 1 manifesto e, pelo menos, 10 conhecimentos. Contudo, se tiver recebido carga de 2 locais no exterior com destino a 10 endere\u00e7os no pa\u00eds, dever\u00e1 existir 2 manifestos e, pelo menos, 10 conhecimentos.<\/p>\n\n\n\n<p><strong>A n\u00e3o-apresenta\u00e7\u00e3o de manifesto em rela\u00e7\u00e3o a qualquer ponto de escala no exterior, ser\u00e1 considerada declara\u00e7\u00e3o negativa de carga.&nbsp;<\/strong><\/p>\n\n\n\n<h3 class=\"wp-block-heading\">Conte\u00fado do Manifesto de Carga<\/h3>\n\n\n\n<p>N\u00e3o s\u00f3 saber as particularidades do Manifesto de Carga \u00e9 importante, mas tamb\u00e9m seu conte\u00fado, isto \u00e9, quais s\u00e3o as informa\u00e7\u00f5es contidas neste documento. Vejamos quais s\u00e3o elas:<\/p>\n\n\n\n<ul class=\"wp-block-list\"><li>identifica\u00e7\u00e3o do ve\u00edculo e sua nacionalidade;<\/li><li>local de embarque e o de destino das cargas;<\/li><li><strong>n\u00famero de cada conhecimento<\/strong> (lembre-se de que o manifesto \u00e9 o resumo dos conhecimentos);<\/li><li>quantidade, a esp\u00e9cie, as marcas, o n\u00famero e o peso dos volumes (<strong>j\u00e1 a unidade de carga \u00e9 informa\u00e7\u00e3o do Conhecimento e n\u00e3o do Manifesto)<\/strong>;<\/li><li>natureza das mercadorias;<\/li><li>consignat\u00e1rio de cada partida;<\/li><li>a data do seu encerramento; e<\/li><li>nome e a assinatura do respons\u00e1vel pelo ve\u00edculo.<\/li><\/ul>\n\n\n\n<h3 class=\"wp-block-heading\">Manifesto Complementar<\/h3>\n\n\n\n<p>Mas e se houver produtos adicionais \u00e0queles que j\u00e1 estejam contidos no Manifesto de Carga?<\/p>\n\n\n\n<p>Nesses casos, a&nbsp;carga eventualmente embarcada ap\u00f3s o encerramento do manifesto ser\u00e1 inclu\u00edda em <strong>MANIFESTO complementar<\/strong>, que dever\u00e1 conter as mesmas informa\u00e7\u00f5es acima.<\/p>\n\n\n\n<h3 class=\"wp-block-heading\">Carta de Corre\u00e7\u00e3o<\/h3>\n\n\n\n<p>Al\u00e9m disso, qualquer corre\u00e7\u00e3o no <strong>CONHECIMENTO<\/strong> de carga dever\u00e1 ser feita por <strong>CARTA DE CORRE\u00c7\u00c3O<\/strong> dirigida pelo emitente do conhecimento \u00e0 autoridade aduaneira do local de descarga, a qual, se aceita, implicar\u00e1 corre\u00e7\u00e3o do manifesto.&nbsp;<\/p>\n\n\n\n<p><strong>Adendo: <\/strong>uma coisa \u00e9 manifesto complementar, outra coisa \u00e9 corre\u00e7\u00e3o do conhecimento de carga. Enquanto que o emitente tem autoriza\u00e7\u00e3o para emitir um manifesto complementar de carga, o mesmo n\u00e3o pode corrigir o manifesto.<\/p>\n\n\n\n<p>Nos casos de retifica\u00e7\u00e3o do conhecimento, a corre\u00e7\u00e3o do manifesto dever\u00e1 ser realizada somente com autoriza\u00e7\u00e3o do fisco, no local da descarga.<\/p>\n\n\n\n<p>Ademais, a carta de corre\u00e7\u00e3o dever\u00e1 estar acompanhada do conhecimento objeto da corre\u00e7\u00e3o e ser apresentada antes do in\u00edcio do despacho aduaneiro.&nbsp;Todavia, a carta de corre\u00e7\u00e3o apresentada <strong>AP\u00d3S O IN\u00cdCIO<\/strong> do despacho aduaneiro, <strong>AT\u00c9 O DESEMBARA\u00c7O DA MERCADORIA<\/strong>, poder\u00e1 ainda ser apreciada, a crit\u00e9rio da autoridade aduaneira, <strong>E N\u00c3O IMPLICA DEN\u00daNCIA ESPONT\u00c2NEA<\/strong>.&nbsp;<\/p>\n\n\n\n<p><strong>Adendo<\/strong>: A den\u00fancia espont\u00e2nea \u00e9 um \u201cbenef\u00edcio\u201d previsto no CTN em que o devedor, antes de qualquer fiscaliza\u00e7\u00e3o por parte do Fisco, confessa a infra\u00e7\u00e3o tribut\u00e1ria e paga os tributos em atraso e os juros de mora, ficando livre das multas por eventuais infra\u00e7\u00f5es (que podem chegar a ordem de 150% ou at\u00e9 mais).<\/p>\n\n\n\n<p>Logo, a carta de corre\u00e7\u00e3o apresentada ap\u00f3s o in\u00edcio do despacho at\u00e9 o desembara\u00e7o n\u00e3o implica den\u00fancia espont\u00e2nea.<\/p>\n\n\n\n<h2 class=\"wp-block-heading\">Diverg\u00eancia entre o Manifesto e o Conhecimento<\/h2>\n\n\n\n<p>No caso de diverg\u00eancia entre o manifesto e o conhecimento, prevalecer\u00e1 o <strong>CONHECIMENTO<\/strong>, podendo a corre\u00e7\u00e3o do manifesto ser feita de of\u00edcio.&nbsp;Lembre-se mais uma vez, os detalhes da carga est\u00e3o no conhecimento. O manifesto nada mais \u00e9 do que o resumo de todos os conhecimentos.<\/p>\n\n\n\n<h3 class=\"wp-block-heading\">Omiss\u00e3o de Volume no Manifesto<\/h3>\n\n\n\n<p>Se objeto de conhecimento regularmente emitido, a omiss\u00e3o de volume em manifesto de carga poder\u00e1 ser suprida mediante a apresenta\u00e7\u00e3o da mercadoria sob declara\u00e7\u00e3o escrita do respons\u00e1vel pelo ve\u00edculo, anteriormente ao conhecimento da irregularidade pela autoridade aduaneira.&nbsp;<\/p>\n\n\n\n<p>Para efeitos fiscais, n\u00e3o ser\u00e3o consideradas, no manifesto, ressalvas que visem a excluir a responsabilidade do transportador por extravios ou acr\u00e9scimos.&nbsp;<\/p>\n\n\n\n<p><strong>Adendo:<\/strong> veja que a responsabilidade por parte de quem transporta a carga n\u00e3o poder ser reduzida. Caso contr\u00e1rio, seria muito comum que houvesse extravio de mercadorias e incongru\u00eancias entre os documentos fiscais e as mercadorias desembara\u00e7adas. Aplicar esta responsabilidade ao transportador faz com que ele seja um segundo fiscal, observando se tudo aquilo que est\u00e3o nas notas s\u00e3o as mercadorias que de fato est\u00e3o entrando em seu ve\u00edculo.<\/p>\n\n\n\n<h3 class=\"wp-block-heading\">Descarga de Mercadoria em Local Diverso<\/h3>\n\n\n\n<p>Para finalizar, a compet\u00eancia para autorizar descarga de mercadoria em local diverso do indicado no manifesto \u00e9 da autoridade aduaneira do <strong>NOVO DESTINO<\/strong>, que comunicar\u00e1 o fato \u00e0 unidade com jurisdi\u00e7\u00e3o sobre o local para onde a mercadoria estava manifestada.&nbsp;<\/p>\n\n\n\n<p>Outrossim, o manifesto ser\u00e1 submetido \u00e0 confer\u00eancia final para apura\u00e7\u00e3o da responsabilidade por eventuais diferen\u00e7as quanto a extravio ou a acr\u00e9scimo de mercadoria.<\/p>\n\n\n\n<h2 class=\"wp-block-heading\">Finalizando<\/h2>\n\n\n\n<p>Como se percebe, tudo precisa estar documentado, inclusive as opera\u00e7\u00f5es de transporte.<\/p>\n\n\n\n<p>Um assunto muito em voga hoje em dia \u00e9 sobre as empresas \u201cnoteiras\u201d, que emitem notas frias de uma para outra apenas para registrar entrada e sa\u00edda de produtos, sem que de fato existam essas opera\u00e7\u00f5es.<\/p>\n\n\n\n<p>Uma das maneiras de se comprovar se estas opera\u00e7\u00f5es de fato ocorreram \u00e9 verificar a exist\u00eancia dos documentos de transporte: Conhecimento e Manifesto de Carga. Sem eles, os produtos n\u00e3o podem simplesmente sumir de um local e aparecer em outro.<\/p>\n\n\n\n<p>Caso queira saber mais detalhes desse e de outros assuntos sobre Legisla\u00e7\u00e3o Aduaneira, com milhares de exerc\u00edcios resolvidos e muitos exemplos pr\u00e1ticos, n\u00e3o hesite em ver nossos materiais sobre o tema (<a href=\"https:\/\/www.estrategiaconcursos.com.br\/cursosPorMateria\/legislacao-aduaneira-106\/\">acesse aqui<\/a>). Nossos materiais s\u00e3o elaborados pelos melhores professores da \u00e1rea. S\u00e3o justamente esses materiais que fazem do Estrat\u00e9gia o l\u00edder em aprova\u00e7\u00f5es em concursos p\u00fablicos.<\/p>\n\n\n\n<p>Forte abra\u00e7o<\/p>\n\n\n\n<p>Leandro Ricardo M. Silveira<\/p>\n\n\n\n<p><strong>Instagram: <\/strong><a href=\"https:\/\/www.instagram.com\/leandro.rms12\/\">https:\/\/www.instagram.com\/leandro.rms12\/<\/a><\/p>\n\n\n\n<p class=\"has-text-align-center has-medium-font-size\"><em><strong>Assinatura Anual Ilimitada*<\/strong><\/em><\/p>\n\n\n\n<p class=\"has-text-align-center\"><em>Prepare-se com o melhor material e com quem mais aprova em Concursos P\u00fablicos em todo o pa\u00eds. Assine agora a nossa Assinatura Anual e tenha acesso ilimitado* a todos os nossos cursos.<\/em><\/p>\n\n\n\n<p class=\"has-text-align-center has-light-green-cyan-background-color has-background\" style=\"font-size:clamp(14.642px, 0.915rem + ((1vw - 3.2px) * 0.721), 22px);px\"><strong>ASSINE AGORA<\/strong>&nbsp;\u2013&nbsp;<strong><a rel=\"noreferrer noopener\" href=\"https:\/\/www.estrategiaconcursos.com.br\/assinaturas\" target=\"_blank\">Assinatura Ilimitada<\/a><\/strong><\/p>\n\n\n\n<p class=\"has-text-align-center has-medium-font-size\"><strong><em><strong>Sistema de Quest\u00f5es<\/strong><\/em><\/strong><\/p>\n\n\n\n<p class=\"has-text-align-center\"><em>Estrat\u00e9gia Quest\u00f5es nasceu maior do que todos os concorrentes, com mais quest\u00f5es cadastradas e mais solu\u00e7\u00f5es por professores. Ent\u00e3o, confira e aproveite os descontos e b\u00f4nus imperd\u00edveis!<\/em><\/p>\n\n\n\n<p class=\"has-text-align-center has-vivid-green-cyan-background-color has-background\" style=\"font-size:clamp(14.642px, 0.915rem + ((1vw - 3.2px) * 0.721), 22px);px\"><strong>ASSINE AGORA \u2013&nbsp;<a href=\"https:\/\/questoes.estrategiaconcursos.com.br\/\" target=\"_blank\" rel=\"noreferrer noopener\">Sistema de Quest\u00f5es<\/a><\/strong><\/p>\n\n\n\n<p class=\"has-text-align-center has-medium-font-size\"><strong><em>Fique por dentro dos concursos em aberto<\/em><\/strong><\/p>\n\n\n\n<p class=\"has-text-align-center has-pale-cyan-blue-background-color has-background\" style=\"font-size:clamp(14.642px, 0.915rem + ((1vw - 3.2px) * 0.721), 22px);px\"><a rel=\"noreferrer noopener\" href=\"https:\/\/www.estrategiaconcursos.com.br\/blog\/concursos-abertos\/\" target=\"_blank\"><strong>CONCURSOS ABERTOS<\/strong><\/a><\/p>\n\n\n\n<p class=\"has-text-align-center has-medium-font-size\"><strong><em>As oportunidades previstas<\/em><\/strong><\/p>\n\n\n\n<p class=\"has-text-align-center has-pale-cyan-blue-background-color has-background\" style=\"font-size:clamp(14.642px, 0.915rem + ((1vw - 3.2px) * 0.721), 22px);px\"><a rel=\"noreferrer noopener\" href=\"https:\/\/www.estrategiaconcursos.com.br\/blog\/concursos-2020\/\" target=\"_blank\"><strong>CONCURSOS&nbsp;2020<\/strong><\/a><\/p>\n\n\n\n<p class=\"has-text-align-center has-pale-cyan-blue-background-color has-background\" style=\"font-size:clamp(14.642px, 0.915rem + ((1vw - 3.2px) * 0.721), 22px);px\"><a rel=\"noreferrer noopener\" href=\"https:\/\/www.estrategiaconcursos.com.br\/blog\/concursos-2021\/\" target=\"_blank\"><strong>CONCURSOS 2021<\/strong><\/a><\/p>\n","protected":false},"excerpt":{"rendered":"<p>Saiba as particularidades do Manifesto de Carga e do Conhecimento de Transporte para a prova da RFB Ol\u00e1, Estrategista. Tudo joia? Seguimos com o assunto de legisla\u00e7\u00e3o aduaneira para a prova da Receita Federal. Disciplina imprescind\u00edvel para quem deseja ser aprovado. Pense comigo: acertar 80-90% nas disciplinas comuns como: Portugu\u00eas, Direito Constitucional, Administrativo n\u00e3o ir\u00e1 [&hellip;]<\/p>\n","protected":false},"author":1668,"featured_media":0,"comment_status":"open","ping_status":"closed","sticky":false,"template":"","format":"standard","meta":{"post_tipo":"article","footnotes":""},"categories":[1983],"tags":[219920,219919],"tax_estado":[],"class_list":["post-593849","post","type-post","status-publish","format-standard","hentry","category-fiscal-estadual","tag-conhecimento-de-transporte","tag-manifesto-de-carga"],"acf":[],"yoast_head":"<!-- This site is optimized with the Yoast SEO Premium plugin v27.2 (Yoast SEO v27.2) - https:\/\/yoast.com\/product\/yoast-seo-premium-wordpress\/ -->\n<title>Veja as particularidades do Conhecimento e do Manifesto de Carga<\/title>\n<meta name=\"description\" content=\"Saiba as particularidades do Manifesto de Carga e do Conhecimento de Transporte para a prova de auditor fiscal da Receita Federal\" \/>\n<meta name=\"robots\" content=\"index, follow, max-snippet:-1, max-image-preview:large, max-video-preview:-1\" \/>\n<link rel=\"canonical\" href=\"https:\/\/www.estrategiaconcursos.com.br\/blog\/veja-as-particularidades-do-manifesto-de-carga-e-do-conhecimento-de-transporte\/\" \/>\n<meta property=\"og:locale\" content=\"pt_BR\" \/>\n<meta property=\"og:type\" content=\"article\" \/>\n<meta property=\"og:title\" content=\"Veja as particularidades do Manifesto de Carga e do Conhecimento de Transporte\" \/>\n<meta property=\"og:description\" content=\"Saiba as particularidades do Manifesto de Carga e do Conhecimento de Transporte para a prova de auditor fiscal da Receita Federal\" \/>\n<meta property=\"og:url\" content=\"https:\/\/www.estrategiaconcursos.com.br\/blog\/veja-as-particularidades-do-manifesto-de-carga-e-do-conhecimento-de-transporte\/\" \/>\n<meta property=\"og:site_name\" content=\"Estrat\u00e9gia Concursos\" \/>\n<meta property=\"article:published_time\" content=\"2020-10-25T13:20:00+00:00\" \/>\n<meta property=\"og:image\" content=\"https:\/\/www.estrategiaconcursos.com.br\/blog\/wp-content\/uploads\/2020\/10\/Sem-titulo-53-300x156.png\" \/>\n<meta name=\"author\" content=\"Leandro Ricardo Machado da Silveira\" \/>\n<meta name=\"twitter:card\" content=\"summary_large_image\" \/>\n<meta name=\"twitter:creator\" content=\"@EstratConcursos\" \/>\n<meta name=\"twitter:site\" content=\"@EstratConcursos\" \/>\n<meta name=\"twitter:label1\" content=\"Escrito por\" \/>\n\t<meta name=\"twitter:data1\" content=\"Leandro Ricardo Machado da Silveira\" \/>\n\t<meta name=\"twitter:label2\" content=\"Est. tempo de leitura\" \/>\n\t<meta name=\"twitter:data2\" content=\"7 minutos\" \/>\n<script type=\"application\/ld+json\" class=\"yoast-schema-graph\">{\"@context\":\"https:\/\/schema.org\",\"@graph\":[{\"@type\":\"NewsArticle\",\"@id\":\"https:\/\/www.estrategiaconcursos.com.br\/blog\/veja-as-particularidades-do-manifesto-de-carga-e-do-conhecimento-de-transporte\/#article\",\"isPartOf\":{\"@id\":\"https:\/\/www.estrategiaconcursos.com.br\/blog\/veja-as-particularidades-do-manifesto-de-carga-e-do-conhecimento-de-transporte\/\"},\"author\":{\"name\":\"Leandro Ricardo Machado da Silveira\",\"@id\":\"https:\/\/www.estrategiaconcursos.com.br\/blog\/#\/schema\/person\/c666a44fbce7e2e70009a9c13549267a\"},\"headline\":\"Veja as particularidades do Manifesto de Carga e do Conhecimento de Transporte\",\"datePublished\":\"2020-10-25T13:20:00+00:00\",\"mainEntityOfPage\":{\"@id\":\"https:\/\/www.estrategiaconcursos.com.br\/blog\/veja-as-particularidades-do-manifesto-de-carga-e-do-conhecimento-de-transporte\/\"},\"wordCount\":1464,\"commentCount\":0,\"publisher\":{\"@id\":\"https:\/\/www.estrategiaconcursos.com.br\/blog\/#organization\"},\"image\":{\"@id\":\"https:\/\/www.estrategiaconcursos.com.br\/blog\/veja-as-particularidades-do-manifesto-de-carga-e-do-conhecimento-de-transporte\/#primaryimage\"},\"thumbnailUrl\":\"https:\/\/www.estrategiaconcursos.com.br\/blog\/wp-content\/uploads\/2020\/10\/Sem-titulo-53-300x156.png\",\"keywords\":[\"conhecimento de transporte\",\"manifesto de carga\"],\"articleSection\":[\"Fiscal - Estadual (ICMS)\"],\"inLanguage\":\"pt-BR\",\"potentialAction\":[{\"@type\":\"CommentAction\",\"name\":\"Comment\",\"target\":[\"https:\/\/www.estrategiaconcursos.com.br\/blog\/veja-as-particularidades-do-manifesto-de-carga-e-do-conhecimento-de-transporte\/#respond\"]}],\"copyrightYear\":\"2020\",\"copyrightHolder\":{\"@id\":\"https:\/\/www.estrategiaconcursos.com.br\/blog\/#organization\"}},{\"@type\":\"WebPage\",\"@id\":\"https:\/\/www.estrategiaconcursos.com.br\/blog\/veja-as-particularidades-do-manifesto-de-carga-e-do-conhecimento-de-transporte\/\",\"url\":\"https:\/\/www.estrategiaconcursos.com.br\/blog\/veja-as-particularidades-do-manifesto-de-carga-e-do-conhecimento-de-transporte\/\",\"name\":\"Veja as particularidades do Conhecimento e do Manifesto de Carga\",\"isPartOf\":{\"@id\":\"https:\/\/www.estrategiaconcursos.com.br\/blog\/#website\"},\"primaryImageOfPage\":{\"@id\":\"https:\/\/www.estrategiaconcursos.com.br\/blog\/veja-as-particularidades-do-manifesto-de-carga-e-do-conhecimento-de-transporte\/#primaryimage\"},\"image\":{\"@id\":\"https:\/\/www.estrategiaconcursos.com.br\/blog\/veja-as-particularidades-do-manifesto-de-carga-e-do-conhecimento-de-transporte\/#primaryimage\"},\"thumbnailUrl\":\"https:\/\/www.estrategiaconcursos.com.br\/blog\/wp-content\/uploads\/2020\/10\/Sem-titulo-53-300x156.png\",\"datePublished\":\"2020-10-25T13:20:00+00:00\",\"description\":\"Saiba as particularidades do Manifesto de Carga e do Conhecimento de Transporte para a prova de auditor fiscal da Receita Federal\",\"breadcrumb\":{\"@id\":\"https:\/\/www.estrategiaconcursos.com.br\/blog\/veja-as-particularidades-do-manifesto-de-carga-e-do-conhecimento-de-transporte\/#breadcrumb\"},\"inLanguage\":\"pt-BR\",\"potentialAction\":[{\"@type\":\"ReadAction\",\"target\":[\"https:\/\/www.estrategiaconcursos.com.br\/blog\/veja-as-particularidades-do-manifesto-de-carga-e-do-conhecimento-de-transporte\/\"]}]},{\"@type\":\"ImageObject\",\"inLanguage\":\"pt-BR\",\"@id\":\"https:\/\/www.estrategiaconcursos.com.br\/blog\/veja-as-particularidades-do-manifesto-de-carga-e-do-conhecimento-de-transporte\/#primaryimage\",\"url\":\"https:\/\/dhg1h5j42swfq.cloudfront.net\/2020\/10\/21101531\/Sem-titulo-53.png\",\"contentUrl\":\"https:\/\/dhg1h5j42swfq.cloudfront.net\/2020\/10\/21101531\/Sem-titulo-53.png\",\"width\":1221,\"height\":636},{\"@type\":\"BreadcrumbList\",\"@id\":\"https:\/\/www.estrategiaconcursos.com.br\/blog\/veja-as-particularidades-do-manifesto-de-carga-e-do-conhecimento-de-transporte\/#breadcrumb\",\"itemListElement\":[{\"@type\":\"ListItem\",\"position\":1,\"name\":\"In\u00edcio\",\"item\":\"https:\/\/www.estrategiaconcursos.com.br\/blog\/\"},{\"@type\":\"ListItem\",\"position\":2,\"name\":\"Veja as particularidades do Manifesto de Carga e do Conhecimento de Transporte\"}]},{\"@type\":\"WebSite\",\"@id\":\"https:\/\/www.estrategiaconcursos.com.br\/blog\/#website\",\"url\":\"https:\/\/www.estrategiaconcursos.com.br\/blog\/\",\"name\":\"Estrat\u00e9gia Concursos\",\"description\":\"O blog da Estrat\u00e9gia Concursos traz not\u00edcias sobre concursos e artigos de professores oferecendo cursos para concursos (pdf + videaulas) no site.\",\"publisher\":{\"@id\":\"https:\/\/www.estrategiaconcursos.com.br\/blog\/#organization\"},\"potentialAction\":[{\"@type\":\"SearchAction\",\"target\":{\"@type\":\"EntryPoint\",\"urlTemplate\":\"https:\/\/www.estrategiaconcursos.com.br\/blog\/?s={search_term_string}\"},\"query-input\":{\"@type\":\"PropertyValueSpecification\",\"valueRequired\":true,\"valueName\":\"search_term_string\"}}],\"inLanguage\":\"pt-BR\"},{\"@type\":\"Organization\",\"@id\":\"https:\/\/www.estrategiaconcursos.com.br\/blog\/#organization\",\"name\":\"Estrat\u00e9gia Concursos\",\"url\":\"https:\/\/www.estrategiaconcursos.com.br\/blog\/\",\"logo\":{\"@type\":\"ImageObject\",\"inLanguage\":\"pt-BR\",\"@id\":\"https:\/\/www.estrategiaconcursos.com.br\/blog\/#\/schema\/logo\/image\/\",\"url\":\"https:\/\/dhg1h5j42swfq.cloudfront.net\/2025\/06\/03203428\/logo_concursos-1.jpg\",\"contentUrl\":\"https:\/\/dhg1h5j42swfq.cloudfront.net\/2025\/06\/03203428\/logo_concursos-1.jpg\",\"width\":230,\"height\":60,\"caption\":\"Estrat\u00e9gia Concursos\"},\"image\":{\"@id\":\"https:\/\/www.estrategiaconcursos.com.br\/blog\/#\/schema\/logo\/image\/\"},\"sameAs\":[\"https:\/\/x.com\/EstratConcursos\"]},{\"@type\":\"Person\",\"@id\":\"https:\/\/www.estrategiaconcursos.com.br\/blog\/#\/schema\/person\/c666a44fbce7e2e70009a9c13549267a\",\"name\":\"Leandro Ricardo Machado da Silveira\",\"image\":{\"@type\":\"ImageObject\",\"inLanguage\":\"pt-BR\",\"@id\":\"https:\/\/secure.gravatar.com\/avatar\/6fb25994d16b9649838400aa459b16c1c83f558e0fd6ebebd16da0473908b291?s=96&d=mm&r=g\",\"url\":\"https:\/\/secure.gravatar.com\/avatar\/6fb25994d16b9649838400aa459b16c1c83f558e0fd6ebebd16da0473908b291?s=96&d=mm&r=g\",\"contentUrl\":\"https:\/\/secure.gravatar.com\/avatar\/6fb25994d16b9649838400aa459b16c1c83f558e0fd6ebebd16da0473908b291?s=96&d=mm&r=g\",\"caption\":\"Leandro Ricardo Machado da Silveira\"},\"description\":\"Engenheiro Aeron\u00e1utico, formado pela Universidade Federal de Uberl\u00e2ndia, possui MBA em Administra\u00e7\u00e3o e Finan\u00e7as Corporativas e aprovado nos concursos de Auditor Fiscal SEFAZ-SC e SEFAZ-GO.\",\"url\":\"https:\/\/www.estrategiaconcursos.com.br\/blog\/author\/leandro_vzthotmail-com\/\"}]}<\/script>\n<!-- \/ Yoast SEO Premium plugin. -->","yoast_head_json":{"title":"Veja as particularidades do Conhecimento e do Manifesto de Carga","description":"Saiba as particularidades do Manifesto de Carga e do Conhecimento de Transporte para a prova de auditor fiscal da Receita Federal","robots":{"index":"index","follow":"follow","max-snippet":"max-snippet:-1","max-image-preview":"max-image-preview:large","max-video-preview":"max-video-preview:-1"},"canonical":"https:\/\/www.estrategiaconcursos.com.br\/blog\/veja-as-particularidades-do-manifesto-de-carga-e-do-conhecimento-de-transporte\/","og_locale":"pt_BR","og_type":"article","og_title":"Veja as particularidades do Manifesto de Carga e do Conhecimento de Transporte","og_description":"Saiba as particularidades do Manifesto de Carga e do Conhecimento de Transporte para a prova de auditor fiscal da Receita Federal","og_url":"https:\/\/www.estrategiaconcursos.com.br\/blog\/veja-as-particularidades-do-manifesto-de-carga-e-do-conhecimento-de-transporte\/","og_site_name":"Estrat\u00e9gia Concursos","article_published_time":"2020-10-25T13:20:00+00:00","og_image":[{"url":"https:\/\/www.estrategiaconcursos.com.br\/blog\/wp-content\/uploads\/2020\/10\/Sem-titulo-53-300x156.png","type":"","width":"","height":""}],"author":"Leandro Ricardo Machado da Silveira","twitter_card":"summary_large_image","twitter_creator":"@EstratConcursos","twitter_site":"@EstratConcursos","twitter_misc":{"Escrito por":"Leandro Ricardo Machado da Silveira","Est. tempo de leitura":"7 minutos"},"schema":{"@context":"https:\/\/schema.org","@graph":[{"@type":"NewsArticle","@id":"https:\/\/www.estrategiaconcursos.com.br\/blog\/veja-as-particularidades-do-manifesto-de-carga-e-do-conhecimento-de-transporte\/#article","isPartOf":{"@id":"https:\/\/www.estrategiaconcursos.com.br\/blog\/veja-as-particularidades-do-manifesto-de-carga-e-do-conhecimento-de-transporte\/"},"author":{"name":"Leandro Ricardo Machado da Silveira","@id":"https:\/\/www.estrategiaconcursos.com.br\/blog\/#\/schema\/person\/c666a44fbce7e2e70009a9c13549267a"},"headline":"Veja as particularidades do Manifesto de Carga e do Conhecimento de Transporte","datePublished":"2020-10-25T13:20:00+00:00","mainEntityOfPage":{"@id":"https:\/\/www.estrategiaconcursos.com.br\/blog\/veja-as-particularidades-do-manifesto-de-carga-e-do-conhecimento-de-transporte\/"},"wordCount":1464,"commentCount":0,"publisher":{"@id":"https:\/\/www.estrategiaconcursos.com.br\/blog\/#organization"},"image":{"@id":"https:\/\/www.estrategiaconcursos.com.br\/blog\/veja-as-particularidades-do-manifesto-de-carga-e-do-conhecimento-de-transporte\/#primaryimage"},"thumbnailUrl":"https:\/\/www.estrategiaconcursos.com.br\/blog\/wp-content\/uploads\/2020\/10\/Sem-titulo-53-300x156.png","keywords":["conhecimento de transporte","manifesto de carga"],"articleSection":["Fiscal - Estadual (ICMS)"],"inLanguage":"pt-BR","potentialAction":[{"@type":"CommentAction","name":"Comment","target":["https:\/\/www.estrategiaconcursos.com.br\/blog\/veja-as-particularidades-do-manifesto-de-carga-e-do-conhecimento-de-transporte\/#respond"]}],"copyrightYear":"2020","copyrightHolder":{"@id":"https:\/\/www.estrategiaconcursos.com.br\/blog\/#organization"}},{"@type":"WebPage","@id":"https:\/\/www.estrategiaconcursos.com.br\/blog\/veja-as-particularidades-do-manifesto-de-carga-e-do-conhecimento-de-transporte\/","url":"https:\/\/www.estrategiaconcursos.com.br\/blog\/veja-as-particularidades-do-manifesto-de-carga-e-do-conhecimento-de-transporte\/","name":"Veja as particularidades do Conhecimento e do Manifesto de Carga","isPartOf":{"@id":"https:\/\/www.estrategiaconcursos.com.br\/blog\/#website"},"primaryImageOfPage":{"@id":"https:\/\/www.estrategiaconcursos.com.br\/blog\/veja-as-particularidades-do-manifesto-de-carga-e-do-conhecimento-de-transporte\/#primaryimage"},"image":{"@id":"https:\/\/www.estrategiaconcursos.com.br\/blog\/veja-as-particularidades-do-manifesto-de-carga-e-do-conhecimento-de-transporte\/#primaryimage"},"thumbnailUrl":"https:\/\/www.estrategiaconcursos.com.br\/blog\/wp-content\/uploads\/2020\/10\/Sem-titulo-53-300x156.png","datePublished":"2020-10-25T13:20:00+00:00","description":"Saiba as particularidades do Manifesto de Carga e do Conhecimento de Transporte para a prova de auditor fiscal da Receita Federal","breadcrumb":{"@id":"https:\/\/www.estrategiaconcursos.com.br\/blog\/veja-as-particularidades-do-manifesto-de-carga-e-do-conhecimento-de-transporte\/#breadcrumb"},"inLanguage":"pt-BR","potentialAction":[{"@type":"ReadAction","target":["https:\/\/www.estrategiaconcursos.com.br\/blog\/veja-as-particularidades-do-manifesto-de-carga-e-do-conhecimento-de-transporte\/"]}]},{"@type":"ImageObject","inLanguage":"pt-BR","@id":"https:\/\/www.estrategiaconcursos.com.br\/blog\/veja-as-particularidades-do-manifesto-de-carga-e-do-conhecimento-de-transporte\/#primaryimage","url":"https:\/\/dhg1h5j42swfq.cloudfront.net\/2020\/10\/21101531\/Sem-titulo-53.png","contentUrl":"https:\/\/dhg1h5j42swfq.cloudfront.net\/2020\/10\/21101531\/Sem-titulo-53.png","width":1221,"height":636},{"@type":"BreadcrumbList","@id":"https:\/\/www.estrategiaconcursos.com.br\/blog\/veja-as-particularidades-do-manifesto-de-carga-e-do-conhecimento-de-transporte\/#breadcrumb","itemListElement":[{"@type":"ListItem","position":1,"name":"In\u00edcio","item":"https:\/\/www.estrategiaconcursos.com.br\/blog\/"},{"@type":"ListItem","position":2,"name":"Veja as particularidades do Manifesto de Carga e do Conhecimento de Transporte"}]},{"@type":"WebSite","@id":"https:\/\/www.estrategiaconcursos.com.br\/blog\/#website","url":"https:\/\/www.estrategiaconcursos.com.br\/blog\/","name":"Estrat\u00e9gia Concursos","description":"O blog da Estrat\u00e9gia Concursos traz not\u00edcias sobre concursos e artigos de professores oferecendo cursos para concursos (pdf + videaulas) no site.","publisher":{"@id":"https:\/\/www.estrategiaconcursos.com.br\/blog\/#organization"},"potentialAction":[{"@type":"SearchAction","target":{"@type":"EntryPoint","urlTemplate":"https:\/\/www.estrategiaconcursos.com.br\/blog\/?s={search_term_string}"},"query-input":{"@type":"PropertyValueSpecification","valueRequired":true,"valueName":"search_term_string"}}],"inLanguage":"pt-BR"},{"@type":"Organization","@id":"https:\/\/www.estrategiaconcursos.com.br\/blog\/#organization","name":"Estrat\u00e9gia Concursos","url":"https:\/\/www.estrategiaconcursos.com.br\/blog\/","logo":{"@type":"ImageObject","inLanguage":"pt-BR","@id":"https:\/\/www.estrategiaconcursos.com.br\/blog\/#\/schema\/logo\/image\/","url":"https:\/\/dhg1h5j42swfq.cloudfront.net\/2025\/06\/03203428\/logo_concursos-1.jpg","contentUrl":"https:\/\/dhg1h5j42swfq.cloudfront.net\/2025\/06\/03203428\/logo_concursos-1.jpg","width":230,"height":60,"caption":"Estrat\u00e9gia Concursos"},"image":{"@id":"https:\/\/www.estrategiaconcursos.com.br\/blog\/#\/schema\/logo\/image\/"},"sameAs":["https:\/\/x.com\/EstratConcursos"]},{"@type":"Person","@id":"https:\/\/www.estrategiaconcursos.com.br\/blog\/#\/schema\/person\/c666a44fbce7e2e70009a9c13549267a","name":"Leandro Ricardo Machado da Silveira","image":{"@type":"ImageObject","inLanguage":"pt-BR","@id":"https:\/\/secure.gravatar.com\/avatar\/6fb25994d16b9649838400aa459b16c1c83f558e0fd6ebebd16da0473908b291?s=96&d=mm&r=g","url":"https:\/\/secure.gravatar.com\/avatar\/6fb25994d16b9649838400aa459b16c1c83f558e0fd6ebebd16da0473908b291?s=96&d=mm&r=g","contentUrl":"https:\/\/secure.gravatar.com\/avatar\/6fb25994d16b9649838400aa459b16c1c83f558e0fd6ebebd16da0473908b291?s=96&d=mm&r=g","caption":"Leandro Ricardo Machado da Silveira"},"description":"Engenheiro Aeron\u00e1utico, formado pela Universidade Federal de Uberl\u00e2ndia, possui MBA em Administra\u00e7\u00e3o e Finan\u00e7as Corporativas e aprovado nos concursos de Auditor Fiscal SEFAZ-SC e SEFAZ-GO.","url":"https:\/\/www.estrategiaconcursos.com.br\/blog\/author\/leandro_vzthotmail-com\/"}]}},"_links":{"self":[{"href":"https:\/\/www.estrategiaconcursos.com.br\/blog\/wp-json\/wp\/v2\/posts\/593849","targetHints":{"allow":["GET"]}}],"collection":[{"href":"https:\/\/www.estrategiaconcursos.com.br\/blog\/wp-json\/wp\/v2\/posts"}],"about":[{"href":"https:\/\/www.estrategiaconcursos.com.br\/blog\/wp-json\/wp\/v2\/types\/post"}],"author":[{"embeddable":true,"href":"https:\/\/www.estrategiaconcursos.com.br\/blog\/wp-json\/wp\/v2\/users\/1668"}],"replies":[{"embeddable":true,"href":"https:\/\/www.estrategiaconcursos.com.br\/blog\/wp-json\/wp\/v2\/comments?post=593849"}],"version-history":[{"count":1,"href":"https:\/\/www.estrategiaconcursos.com.br\/blog\/wp-json\/wp\/v2\/posts\/593849\/revisions"}],"predecessor-version":[{"id":593855,"href":"https:\/\/www.estrategiaconcursos.com.br\/blog\/wp-json\/wp\/v2\/posts\/593849\/revisions\/593855"}],"wp:attachment":[{"href":"https:\/\/www.estrategiaconcursos.com.br\/blog\/wp-json\/wp\/v2\/media?parent=593849"}],"wp:term":[{"taxonomy":"category","embeddable":true,"href":"https:\/\/www.estrategiaconcursos.com.br\/blog\/wp-json\/wp\/v2\/categories?post=593849"},{"taxonomy":"post_tag","embeddable":true,"href":"https:\/\/www.estrategiaconcursos.com.br\/blog\/wp-json\/wp\/v2\/tags?post=593849"},{"taxonomy":"tax_estado","embeddable":true,"href":"https:\/\/www.estrategiaconcursos.com.br\/blog\/wp-json\/wp\/v2\/tax_estado?post=593849"}],"curies":[{"name":"wp","href":"https:\/\/api.w.org\/{rel}","templated":true}]}}