{"id":591990,"date":"2020-11-20T13:57:49","date_gmt":"2020-11-20T16:57:49","guid":{"rendered":"https:\/\/www.estrategiaconcursos.com.br\/blog\/?p=591990"},"modified":"2023-05-12T14:44:44","modified_gmt":"2023-05-12T17:44:44","slug":"tribunais-de-contas-x-area-fiscal-qual-area-de-concurso-escolher","status":"publish","type":"post","link":"https:\/\/www.estrategiaconcursos.com.br\/blog\/tribunais-de-contas-x-area-fiscal-qual-area-de-concurso-escolher\/","title":{"rendered":"Tribunais de Contas x \u00c1rea Fiscal: qual \u00e1rea de concurso escolher?"},"content":{"rendered":"\n<p>Fala, pessoal! Neste artigo, abordaremos uma d\u00favida que muito atormenta boa parte de nossos alunos: como saber qual \u00e1rea de concurso escolher diante das diferen\u00e7as e semelhan\u00e7as entre a <strong>\u00c1rea Fiscal<\/strong> e os <strong>Tribunais de Contas<\/strong>?<\/p>\n\n\n\n<p>Para facilitar seu processo de decis\u00e3o, trataremos nesse artigo tanto dos aspectos profissionais (atribui\u00e7\u00f5es e remunera\u00e7\u00e3o) quanto dos aspectos de estudo para as duas \u00e1reas.<\/p>\n\n\n\n<h2 class=\"wp-block-heading\" id=\"h-remuneracao-do-fiscal-de-tributos-x-auditor-de-controle\"><strong>Remunera\u00e7\u00e3o<\/strong> do Fiscal de Tributos x Auditor de Controle<\/h2>\n\n\n\n<p>Sem d\u00favidas, um dos importantes requisitos para escolha de sua \u00e1rea de estudo deve ser a <strong>remunera\u00e7\u00e3o <\/strong>da carreira pretendida. Pela import\u00e2ncia das atividades, os concursos para esses dois cargos est\u00e3o entre os mais <strong>disputados <\/strong>e almejados do pa\u00eds. O motivo \u00e9 claro: a estrutura remunerat\u00f3ria de ambos \u00e9 bastante <strong>atrativa<\/strong>, atingindo, em regra, o <strong>teto <\/strong>do seu respectivo ente no final da carreira.<\/p>\n\n\n\n<p>Exemplificativamente, trago abaixo a estrutura para os cargos de Auditor Fiscal da Receita Federal <strong>(AFRFB<\/strong>) e Auditor Federal de Controle Externo do TCU <strong>(AUFC)&nbsp;<\/strong>para o ano passado:<\/p>\n\n\n\n<figure class=\"wp-block-image aligncenter is-resized is-style-default\"><img loading=\"lazy\" decoding=\"async\" src=\"https:\/\/dhg1h5j42swfq.cloudfront.net\/2019\/01\/13223332\/image5.png\" alt=\"Remunera\u00e7\u00e3o de um AFRFB\" class=\"wp-image-158763\" width=\"576\" height=\"284\" srcset=\"https:\/\/dhg1h5j42swfq.cloudfront.net\/2019\/01\/13223332\/image5.png 444w, https:\/\/dhg1h5j42swfq.cloudfront.net\/2019\/01\/13223332\/image5.png 300w\" sizes=\"auto, (max-width: 576px) 100vw, 576px\" \/><figcaption class=\"wp-element-caption\">Fonte: <a href=\"http:\/\/www.planalto.gov.br\/ccivil_03\/_Ato2015-2018\/2017\/Lei\/L13464.htm\">http:\/\/www.planalto.gov.br\/ccivil_03\/_Ato2015-2018\/2017\/Lei\/L13464.htm<\/a><br \/><\/figcaption><\/figure>\n\n\n\n<figure class=\"wp-block-image aligncenter is-resized\"><img loading=\"lazy\" decoding=\"async\" src=\"https:\/\/dhg1h5j42swfq.cloudfront.net\/2019\/01\/13225806\/image6.png\" alt=\"Remunera\u00e7\u00e3o de um AUFC\" class=\"wp-image-158766\" width=\"540\" height=\"391\" srcset=\"https:\/\/dhg1h5j42swfq.cloudfront.net\/2019\/01\/13225806\/image6.png 415w, https:\/\/dhg1h5j42swfq.cloudfront.net\/2019\/01\/13225806\/image6.png 300w\" sizes=\"auto, (max-width: 540px) 100vw, 540px\" \/><figcaption class=\"wp-element-caption\">Fonte: TCU<\/figcaption><\/figure>\n\n\n\n<p>Logicamente, trata-se de apenas um exemplo no \u00e2mbito federal, com cada ente regulando de forma pr\u00f3pria a remunera\u00e7\u00e3o de seus servidores. Por\u00e9m, no contexto dos <strong>Estados e Munic\u00edpios<\/strong> tais carreiras tamb\u00e9m s\u00e3o muito bem valorizadas.<\/p>\n\n\n\n<p>Para aqueles que desejam conhecer um pouco mais a respeito dos dois cargos federais supracitados, recomendo a leitura dos artigos abaixo:<\/p>\n\n\n\n<p><strong><em>AFRFB: <\/em><\/strong><a href=\"https:\/\/www.estrategiaconcursos.com.br\/blog\/conheca-minha-carreira-auditor-fiscal-da-receita-federal\/\">https:\/\/www.estrategiaconcursos.com.br\/blog\/conheca-minha-carreira-auditor-fiscal-da-receita-federal\/<\/a><\/p>\n\n\n\n<p><strong><em>AUFC: <\/em><\/strong><a href=\"https:\/\/www.estrategiaconcursos.com.br\/blog\/auditor-tcu\/\">https:\/\/www.estrategiaconcursos.com.br\/blog\/auditor-tcu\/<\/a><\/p>\n\n\n\n<h2 class=\"wp-block-heading\" id=\"h-atribuicoes-do-fiscal-de-tributos-x-auditor-de-controle\"><strong>Atribui\u00e7\u00f5es<\/strong> do Fiscal de Tributos x Auditor de Controle<\/h2>\n\n\n\n<p>Primeiramente, acho importante tratar do assunto para aqueles que est\u00e3o come\u00e7ando os estudos saibam de que tipo de trabalho estamos falando. Para quem j\u00e1 \u00e9 mais \u2018\u2019cascudo\u2019\u2019 e possui pleno conhecimento das atribui\u00e7\u00f5es, v\u00e1 direto para o t\u00f3pico <strong>conte\u00fado program\u00e1tico<\/strong>.<\/p>\n\n\n\n<p>Pessoal, o trabalho dos Auditores das \u00e1reas em an\u00e1lise se diferencia basicamente no que tange ao <strong>objeto <\/strong>a ser fiscalizado. Relembro ainda que, al\u00e9m dos Auditores, temos os T\u00e9cnicos\/Analistas que oferecem o apoio necess\u00e1rios \u00e0 consecu\u00e7\u00e3o das atividades principais.<\/p>\n\n\n\n<h3 class=\"wp-block-heading\" id=\"h-fiscais-de-tributos\">Fiscais de Tributos <\/h3>\n\n\n\n<p>Os <strong>Auditores Fiscais<\/strong>, chamados tamb\u00e9m de Agentes Fiscais de Rendas, Fiscais de Tributos, entre outras nomenclaturas, s\u00e3o integrantes da estrutura do Poder <strong>Executivo.<\/strong> <strong> <\/strong>Seus cargos s\u00e3o ocupados na <strong>Uni\u00e3o, nos Estados e nos Munic\u00edpios<\/strong>. <\/p>\n\n\n\n<p>Possuem a atribui\u00e7\u00e3o de fiscalizar se o <strong>contribuinte <\/strong>dos diversos tributos est\u00e1 cumprindo com a sua obriga\u00e7\u00e3o de recolh\u00ea-los em dia e no valor correto. Caso contr\u00e1rio, \u00e9 papel de tais servidores notific\u00e1-lo e autu\u00e1-lo. Ou seja, atuam, em regra, na fiscaliza\u00e7\u00e3o do correto <strong>recolhimento <\/strong>de <strong>receitas p\u00fablicas.<\/strong> Nos dias atuais, possuem ainda um papel sens\u00edvel, e percept\u00edvel, relativo ao combate \u00e0 <strong>corrup\u00e7\u00e3o <\/strong>e \u00e0 <strong>sonega\u00e7\u00e3o<\/strong> fiscal. <\/p>\n\n\n\n<h3 class=\"wp-block-heading\" id=\"h-auditores-de-controle-externo\">Auditores de Controle Externo<\/h3>\n\n\n\n<p>J\u00e1 os <strong>Auditores de Controle Externo<\/strong>, conhecidos tamb\u00e9m como Auditor P\u00fablico Externo, Auditor Fiscal de Controle Externo, Agente da Fiscaliza\u00e7\u00e3o, entre outros, s\u00e3o componentes da estrutura dos <strong>Tribunais de Contas<\/strong>. Esses \u00f3rg\u00e3os s\u00e3o vinculados ao <strong>Poder Legislativo <\/strong>dos 3 entes federados. <\/p>\n\n\n\n<p>Atualmente, com a extin\u00e7\u00e3o do Tribunal de Contas dos Munic\u00edpios do Cear\u00e1 promovida pela EC 92\/17, passamos a ter<strong> 33 Cortes de Contas <\/strong>espalhadas pelo territ\u00f3rio nacional, sendo 26 estaduais, 2 municipais, 1 do DF, al\u00e9m do TCU e de 3 Tribunais de Contas dos Munic\u00edpios.<\/p>\n\n\n\n<p>Enquanto os Auditores Fiscais atuam na fiscaliza\u00e7\u00e3o do correto e tempestivo recolhimento de tributos, para que t\u00e3o logo se transformem em receita p\u00fablica e possam compor os cofres do Er\u00e1rio, os Auditores de Controle Externo possuem a fun\u00e7\u00e3o de verificar a <strong>correta utiliza\u00e7\u00e3o <\/strong>desse numer\u00e1rio por meio do Estado, auxiliando na fiscaliza\u00e7\u00e3o <strong>cont\u00e1bil<\/strong>, <strong>financeira <\/strong>e <strong>patrimonial <\/strong>preconizada no art. 70 da Constitui\u00e7\u00e3o Federal. <\/p>\n\n\n\n<p>Para isso, colhem evid\u00eancias e emitem pareceres a respeito dos mais diversos atos emanados por aqueles respons\u00e1veis pelo gasto de dinheiro p\u00fablico, sob a \u00f3tica da <strong>legalidade<\/strong>, <strong>efici\u00eancia<\/strong>, <strong>economicidade<\/strong>, promovendo, ainda, a <strong>transpar\u00eancia <\/strong>e um maior<strong> controle social.<\/strong><\/p>\n\n\n\n<p>Com isso, \u00e9 v\u00e1lido concluir que, apesar da distin\u00e7\u00e3o entre o objeto a ser fiscalizado na \u00e1rea fiscal e nos Tribunais de Contas, ambas as fun\u00e7\u00f5es se <strong>complementam <\/strong>e s\u00e3o essenciais para a administra\u00e7\u00e3o p\u00fablica.<\/p>\n\n\n\n<h2 class=\"wp-block-heading\" id=\"h-conteudo-programatico-do-fiscal-de-tributos-x-auditor-de-controle\"><strong>Conte\u00fado Program\u00e1tico<\/strong> do Fiscal de Tributos x Auditor de Controle<\/h2>\n\n\n\n<p>Bom pessoal, essa talvez seja a parte <strong>mais importante<\/strong> do artigo para voc\u00ea que est\u00e1 lendo. Digo isso porque muitos <em>concurseiros <\/em>desconhecem o fato de que grande parte das mat\u00e9rias constantes dos editais da \u00e1rea fiscal e nos Tribunais de Contas s\u00e3o <strong>similares<\/strong>. Isso vale tamb\u00e9m para o <strong>n\u00edvel de exig\u00eancia<\/strong>, que costuma ser <strong>alto <\/strong>nos dois casos. Esse desconhecimento faz com que voc\u00ea muitas vezes <strong>feche os olhos<\/strong> para boas oportunidades que aparecem. <\/p>\n\n\n\n<p>Galera, a primeira coisa que chama aten\u00e7\u00e3o s\u00e3o as mat\u00e9rias consideradas <strong>prim\u00e1rias&nbsp;<\/strong>para ambos os cargos. Por prim\u00e1rias, entendam que s\u00e3o aquelas que, em regra, <strong>estar\u00e3o presentes<\/strong> em um edital da respectiva \u00e1rea.<\/p>\n\n\n\n<figure class=\"wp-block-image aligncenter is-resized\"><img loading=\"lazy\" decoding=\"async\" src=\"https:\/\/dhg1h5j42swfq.cloudfront.net\/2019\/01\/15222319\/image15.png\" alt=\"Mat\u00e9rias da \u00e1rea fiscal e tribunais de contas\" class=\"wp-image-159594\" width=\"574\" height=\"311\" srcset=\"https:\/\/dhg1h5j42swfq.cloudfront.net\/2019\/01\/15222319\/image15.png 471w, https:\/\/dhg1h5j42swfq.cloudfront.net\/2019\/01\/15222319\/image15.png 300w\" sizes=\"auto, (max-width: 574px) 100vw, 574px\" \/><\/figure>\n\n\n\n<p>Puderam perceber uma certa semelhan\u00e7a, n\u00e3o \u00e9!? Acrescentei <strong>Tecnologia da Informa\u00e7\u00e3o<\/strong> nesse rol de mat\u00e9rias porque a tend\u00eancia \u00e9 que esteja cada vez mais presente nos editais atuais. <\/p>\n\n\n\n<p>Sigamos em frente, agora para aquelas mat\u00e9rias que eu chamei de <strong>eventuais,<\/strong> ou seja, as que, na minha opini\u00e3o, n\u00e3o \u00e9 poss\u00edvel fazer uma previs\u00e3o certeira que estar\u00e3o presentes no seu edital, seja ele qual for:<\/p>\n\n\n\n<figure class=\"wp-block-image aligncenter is-resized\"><img loading=\"lazy\" decoding=\"async\" src=\"https:\/\/dhg1h5j42swfq.cloudfront.net\/2019\/01\/28072845\/image29.png\" alt=\"Mat\u00e9rias da \u00e1rea fiscal e tribunais de contas\" class=\"wp-image-162544\" width=\"563\" height=\"211\" srcset=\"https:\/\/dhg1h5j42swfq.cloudfront.net\/2019\/01\/28072845\/image29.png 474w, https:\/\/dhg1h5j42swfq.cloudfront.net\/2019\/01\/28072845\/image29.png 300w\" sizes=\"auto, (max-width: 563px) 100vw, 563px\" \/><\/figure>\n\n\n\n<p>Atentem-se para o seguinte: a disciplina de <strong>Administra\u00e7\u00e3o Geral e P\u00fablica<\/strong> \u00e9 mais recorrente nos concursos da \u00e1rea de controle, por\u00e9m, eventualmente aparecer\u00e3o em alguns concursos da \u00e1rea fiscal. Por esse motivo, a coloquei como uma disciplina eventual no quadro acima, e como prim\u00e1ria no anterior.<\/p>\n\n\n\n<h3 class=\"wp-block-heading\" id=\"h-analise-unificada\">An\u00e1lise unificada<\/h3>\n\n\n\n<p>Pois bem, o que faremos agora \u00e9 <strong>unir <\/strong>os dois primeiros quadros, gerando um &#8221;tabel\u00e3o&#8221; com todas as mat\u00e9rias que poderiam aparecer, <strong>com certa frequ\u00eancia<\/strong>, tanto na \u00e1rea fiscal quanto nos Tribunais de Contas. Fiz esse levantamento a partir da an\u00e1lise de editais das \u00e1reas publicados desde <strong>2010<\/strong>.<\/p>\n\n\n\n<figure class=\"wp-block-image aligncenter is-resized\"><img loading=\"lazy\" decoding=\"async\" src=\"https:\/\/dhg1h5j42swfq.cloudfront.net\/2019\/01\/28073506\/image30.png\" alt=\"Mat\u00e9rias da \u00e1rea fiscal e tribunais de contas\" class=\"wp-image-162545\" width=\"571\" height=\"473\" srcset=\"https:\/\/dhg1h5j42swfq.cloudfront.net\/2019\/01\/28073506\/image30.png 479w, https:\/\/dhg1h5j42swfq.cloudfront.net\/2019\/01\/28073506\/image30.png 300w\" sizes=\"auto, (max-width: 571px) 100vw, 571px\" \/><\/figure>\n\n\n\n<p>Pessoal, aqui vale uma observa\u00e7\u00e3o <strong>importante<\/strong>.  \u00c9 <strong>improv\u00e1vel <\/strong>que apare\u00e7a um edital cobrando <strong>TODAS <\/strong>essas mat\u00e9rias elencadas acima. Geralmente cobram umas, e n\u00e3o cobram outras. Por\u00e9m, essa vari\u00e1vel \u00e9 <strong>imprevis\u00edvel<\/strong>, e, por esse motivo, resolvi colocar o cen\u00e1rio mais completo poss\u00edvel. Um outro ponto a mencionar \u00e9 que deixei de fora as mat\u00e9rias espec\u00edficas da Receita Federal e do TCU, devido \u00e0s suas peculiaridades.<\/p>\n\n\n\n<p>Pois bem, com a an\u00e1lise do quadro acima, chegamos no nosso<strong> ponto de inflex\u00e3o<\/strong>. E agora, o que fazer? Devo juntar tudo e estudar todas elas juntas? <\/p>\n\n\n\n<p>Galera, definitivamente, <strong>N\u00c3O<\/strong>! O estudo de todas essas mat\u00e9rias juntas, unindo as duas \u00e1reas, s\u00f3 vai <strong>prejudicar<\/strong> a sua prepara\u00e7\u00e3o e torn\u00e1-la menos eficaz. Para tra\u00e7ar um planejamento s\u00f3lido, voc\u00ea precisar\u00e1 fazer uma <strong>autoan\u00e1lise<\/strong> e, al\u00e9m disso, verificar quais s\u00e3o as <strong>perspectivas <\/strong>em termos de concurso p\u00fablico em que o pa\u00eds se encontra.<\/p>\n\n\n\n<p>Sendo assim, para facilitar a an\u00e1lise, dividi os perfis em dois tipos: os concurseiros <strong>iniciantes <\/strong>e os <strong>experientes<\/strong>.<\/p>\n\n\n\n<h3 class=\"wp-block-heading\" id=\"h-iniciantes\"><strong>Iniciantes<\/strong><\/h3>\n\n\n\n<p>Para o concurseiro iniciante, a primeira coisa a se fazer \u00e9 bem simples: <strong>escolha uma \u00e1rea!<\/strong><\/p>\n\n\n\n<p>Digo isso porque n\u00e3o \u00e9 a inten\u00e7\u00e3o desse artigo mostrar que \u00e9 poss\u00edvel fazer um planejamento conjunto para ambas desde o in\u00edcio. Como eu mencionei, seria totalmente <strong>ineficiente <\/strong>para quem est\u00e1 come\u00e7ando. A ideia \u00e9 demonstrar que, ap\u00f3s um certo <strong>n\u00edvel<\/strong>, pode ser vi\u00e1vel fazer alguns <strong>ajustes <\/strong>no seu planejamento de estudos e aproveitar outras oportunidades. <\/p>\n\n\n\n<p>O concurseiro iniciante deve realizar uma reflex\u00e3o e verificar qual \u00e9 a sua \u00e1rea de prefer\u00eancia, qual delas mais gostaria de trabalhar e quais s\u00e3o as perspectivas de abertura de concursos no momento em que voc\u00ea decidir come\u00e7ar a singradura. F\u00e1cil, n\u00e3o!?<\/p>\n\n\n\n<p>Pessoal, sei que muitas das vezes, por puro desconhecimento, \u00e9 dif\u00edcil decidir por qual delas optar. Sendo assim, pensando nesse <em>concurseiro <\/em><strong>indeciso<\/strong>, deixarei a minha <strong>opini\u00e3o pessoal<\/strong>. Relembro, essa \u00e9 a minha opini\u00e3o particular! Pode ser que algu\u00e9m pense diferente, o que \u00e9 totalmente compreens\u00edvel.<\/p>\n\n\n\n<p>Se eu tivesse que come\u00e7ar a estudar hoje, optaria por iniciar o meu planejamento com o ciclo de estudos da<strong> \u00e1rea fiscal<\/strong>. Explico o porqu\u00ea.<\/p>\n\n\n\n<h4 class=\"wp-block-heading\" id=\"h-materias-primarias-da-area-fiscal\">Mat\u00e9rias prim\u00e1rias da \u00e1rea fiscal<\/h4>\n\n\n\n<p>Como consta do primeiro quadro que apresentei, as mat\u00e9rias prim\u00e1rias dessa \u00e1rea que, em regra, n\u00e3o costumam cair na \u00e1rea de controle s\u00e3o <strong>Direito Tribut\u00e1rio <\/strong>e <strong>Legisla\u00e7\u00e3o Tribut\u00e1ria<\/strong>. Essas disciplinas possuem um conte\u00fado extenso e complexo para o concurseiro que est\u00e1 come\u00e7ando, exigindo bastante do candidato. <\/p>\n\n\n\n<p>Soma-se a isso o fato de que o examinador de <strong>Contabilidade Geral e Avan\u00e7ada<\/strong> costuma &#8221;pesar&#8221; mais a m\u00e3o nas quest\u00f5es dos certames da \u00e1rea fiscal do que nas da \u00e1rea de controle. Logo, se voc\u00ea estudar pelas quest\u00f5es de Contabilidade mais pesadas da \u00e1rea fiscal, estar\u00e1 preparado para encarar qualquer outra mais f\u00e1cil.<\/p>\n\n\n\n<h4 class=\"wp-block-heading\" id=\"h-materias-primarias-da-area-de-controle\">Mat\u00e9rias prim\u00e1rias da \u00e1rea de controle<\/h4>\n\n\n\n<p>J\u00e1 as mat\u00e9rias prim\u00e1rias que em regra, caem na \u00e1rea de controle e n\u00e3o caem na \u00e1rea fiscal s\u00e3o <strong>AFO<\/strong>, <strong>Administra\u00e7\u00e3o Geral e P\u00fablica<\/strong>, <strong>Contabilidade P\u00fablica<\/strong>, <strong>Controle Externo<\/strong> e <strong>Auditoria Governamental<\/strong>. Pois bem, Auditoria Governamental e Controle Externo s\u00e3o mat\u00e9rias <strong>pequenas<\/strong>, que n\u00e3o demandam muito tempo e dificuldade para a sua assimila\u00e7\u00e3o. Por sua vez, <strong>Contabilidade P\u00fablica<\/strong> \u00e9 uma mat\u00e9ria grande, mas que cont\u00eam assuntos <strong>relacionados <\/strong>\u00e0 mat\u00e9ria de <strong>AFO<\/strong>, facilitando bastante o estudo.<\/p>\n\n\n\n<p>O que eu pretendo demonstrar \u00e9 o seguinte: na <strong>minha concep\u00e7\u00e3o<\/strong>, seria <strong>menos doloroso<\/strong> para o concurseiro que j\u00e1 possui certa experi\u00eancia na \u00e1rea fiscal fazer alguns ajustes no seu planejamento e tentar obter um bom desempenho na \u00e1rea das Cortes de Contas, do que o contr\u00e1rio. <\/p>\n\n\n\n<p>Por fim, reitero que essa \u00e9 a minha opini\u00e3o <strong>pessoal<\/strong> para aqueles que est\u00e3o <strong>indecisos <\/strong>por qual \u00e1rea optar. Se voc\u00ea j\u00e1 tem uma escolha, realize o planejamento em cima das mat\u00e9rias da sua \u00e1rea de acordo com a sua disponibilidade e, quando se sentir seguro o bastante nessas mat\u00e9rias, poder\u00e1 seguir as instru\u00e7\u00f5es do pr\u00f3ximo t\u00f3pico.<\/p>\n\n\n\n<h3 class=\"wp-block-heading\" id=\"h-experientes\"><strong>Experientes<\/strong><\/h3>\n\n\n\n<p>Bom, agora a hist\u00f3ria j\u00e1 \u00e9 um pouco diferente. Caso voc\u00ea se considere um <em>concurseiro <\/em>experiente na sua respectiva \u00e1rea, e deseje aumentar as suas chances de obter um resultado satisfat\u00f3rio em um concurso de alto n\u00edvel, pode ser interessante realizar alguns <strong>ajustes <\/strong>no seu planejamento. <strong>Mas aten\u00e7\u00e3o!<\/strong> Esse ju\u00edzo de valor deve ser feito com <strong>racionalidade<\/strong>, realizando uma an\u00e1lise conjuntural das oportunidades que estariam por vir. <\/p>\n\n\n\n<h4 class=\"wp-block-heading\" id=\"h-migrando-da-area-fiscal-para-a-de-controle\"><strong>Migrando da \u00e1rea Fiscal para a de Controle<\/strong><\/h4>\n\n\n\n<p>Para os <em>concurseiros <\/em>que j\u00e1 podem se considerar experientes na \u00e1rea <strong>fiscal <\/strong>e desejam come\u00e7ar uma prepara\u00e7\u00e3o para disputar vagas em concursos da \u00e1rea de <strong>controle<\/strong>, a primeira coisa que eu faria \u00e9 acrescentar, se ainda n\u00e3o estiverem presentes,  <strong>AFO <\/strong>e <strong>Contabilidade P\u00fablica<\/strong>  no seu ciclo de estudos <strong>pr\u00e9-edital<\/strong>. O motivo para essa inclus\u00e3o j\u00e1 foi mencionado anteriormente e \u00e9 devido \u00e0 <strong>semelhan\u00e7a<\/strong> e <strong>interdepend\u00eancia <\/strong>entre o conte\u00fado de ambas. Outra mat\u00e9ria que tamb\u00e9m seria interessante ser acrescentada nessa prepara\u00e7\u00e3o pr\u00e9via \u00e9 <strong>Administra\u00e7\u00e3o Geral e P\u00fablica<\/strong>, caso o aluno <strong>nunca <\/strong>a tenha estudado.<\/p>\n\n\n\n<p>J\u00e1 as outras mat\u00e9rias da \u00e1rea de controle <strong>estranhas <\/strong>aos certames fiscais (<strong>Controle Externo<\/strong> e <strong>Auditoria Governamental<\/strong>) s\u00e3o disciplinas relativamente <strong>pequenas <\/strong>e n\u00e3o muito complexas, que possibilitam uma prepara\u00e7\u00e3o satisfat\u00f3ria no per\u00edodo <strong>p\u00f3s-edital<\/strong>. <\/p>\n\n\n\n<p>Um ponto importante durante esse processo &#8221;migrat\u00f3rio&#8221; \u00e9 que o estudante <strong>nunca <\/strong>deve <strong>abandonar <\/strong>por completo as mat\u00e9rias j\u00e1 consolidadas, para que n\u00e3o perca a <strong>habitualidade <\/strong>com aquele determinado conte\u00fado. De forma pr\u00e1tica, a melhor forma de se fazer isso \u00e9 atrav\u00e9s de revis\u00f5es <strong>r\u00e1pidas <\/strong>e baterias de <strong>exerc\u00edcios <\/strong>que englobem todo o conte\u00fado. Logicamente, essa regra <strong>n\u00e3o valer\u00e1<\/strong> se voc\u00eas estiverem em um per\u00edodo <strong>p\u00f3s edital<\/strong>, quando o foco deve ser <strong>totalmente <\/strong>direcionado para a prova que est\u00e1 por vir.<\/p>\n\n\n\n<h4 class=\"wp-block-heading\" id=\"h-migrando-da-area-de-controle-para-a-fiscal\"><strong>Migrando da \u00e1rea de Controle para a Fiscal<\/strong><\/h4>\n\n\n\n<p>Bom, pessoal, aqui n\u00e3o tem muito segredo. O <em>concurseiro<\/em> experiente que pretenda migrar da \u00e1rea fiscal para os Tribunais de Contas deve, o quanto antes, incluir <strong>Direito Tribut\u00e1rio<\/strong> e <strong>Legisla\u00e7\u00e3o Tribut\u00e1ria <\/strong>no seu ciclo de estudos. Como eu disse antes, s\u00e3o mat\u00e9rias pesadas e que costumam ter um peso grande na distribui\u00e7\u00e3o dos pontos das provas. <\/p>\n\n\n\n<p>Al\u00e9m disso, deve decidir para qual <strong>esfera&nbsp;<\/strong>ele vai <strong>direcionar <\/strong>os estudos, uma vez que a disciplina de <strong>Legisla\u00e7\u00e3o Tribut\u00e1ria<\/strong> geralmente possui uma cobran\u00e7a muito voltada para o regramento dos tributos do respectivo ente, seja <strong>federal<\/strong>, <strong>estadual <\/strong>ou <strong>municipal<\/strong>.<\/p>\n\n\n\n<p>Um outro aspecto importante \u00e9 aquele relacionado \u00e0 <strong>Contabilidade Geral <\/strong>e <strong>Avan\u00e7ada<\/strong>. O aluno com experi\u00eancia na \u00e1rea de controle deve come\u00e7ar a se habituar com o <strong>modo de cobran\u00e7a<\/strong> da disciplina nas provas da \u00e1rea fiscal.  Geralmente, nessa \u00e1rea, o n\u00edvel de cobran\u00e7a \u00e9 um pouco mais elevado do que nos certames da \u00e1rea de controle, com quest\u00f5es muitas das vezes retiradas de exemplos pr\u00e1ticos dos CPC&#8217;s. Nessa tarefa, a <strong>resolu\u00e7\u00e3o <\/strong>de <strong>exerc\u00edcios<\/strong> das principais Bancas ser\u00e1 <strong>fundamental<\/strong>.<\/p>\n\n\n\n<h2 class=\"wp-block-heading\" id=\"h-consideracoes-finais\">Considera\u00e7\u00f5es Finais<\/h2>\n\n\n\n<p>Galera, como eu mencionei, acredito que essa migra\u00e7\u00e3o de estudo dos Tribunais de Contas para a \u00e1rea fiscal seja um pouco mais \u00e1rdua do que a anterior. O <em>concurseiro <\/em>que se encontra nessa situa\u00e7\u00e3o deve ponderar com racionalidade a decis\u00e3o para que o seu planejamento de estudos n\u00e3o fique prejudicado. <\/p>\n\n\n\n<p>Clique aqui para ter acesso a informa\u00e7\u00f5es atualizadas sobre o <a href=\"https:\/\/www.estrategiaconcursos.com.br\/blog\/concurso-receita-federal\/\" target=\"_blank\" rel=\"noreferrer noopener\">concurso da Receita Federal<\/a>.<\/p>\n\n\n\n<p>Espero ter ajudado!<\/p>\n","protected":false},"excerpt":{"rendered":"<p>Neste artigo, abordaremos as principais semelhan\u00e7as e diferen\u00e7as entre o estudo para as \u00e1reas fiscal e controle, al\u00e9m de importantes aspectos profissionais dessas duas carreiras t\u00e3o cobi\u00e7adas!<\/p>\n","protected":false},"author":1762,"featured_media":610773,"comment_status":"open","ping_status":"closed","sticky":false,"template":"","format":"standard","meta":{"post_tipo":"article","footnotes":""},"categories":[1,1983,214710],"tags":[],"tax_estado":[],"class_list":["post-591990","post","type-post","status-publish","format-standard","has-post-thumbnail","hentry","category-cursos-e-concursos","category-fiscal-estadual","category-tribunais-de-contas"],"acf":[],"yoast_head":"<!-- This site is optimized with the Yoast SEO Premium plugin v27.2 (Yoast SEO v27.2) - https:\/\/yoast.com\/product\/yoast-seo-premium-wordpress\/ -->\n<title>Tribunais de Contas x \u00c1rea Fiscal: qual \u00e1rea de concurso escolher?<\/title>\n<meta name=\"description\" content=\"Neste artigo, abordaremos as principais semelhan\u00e7as e diferen\u00e7as entre o estudo para a \u00e1rea fiscal e Tribunais de Contas!\" \/>\n<meta name=\"robots\" content=\"index, follow, max-snippet:-1, max-image-preview:large, max-video-preview:-1\" \/>\n<link rel=\"canonical\" href=\"https:\/\/www.estrategiaconcursos.com.br\/blog\/tribunais-de-contas-x-area-fiscal-qual-area-de-concurso-escolher\/\" \/>\n<meta property=\"og:locale\" content=\"pt_BR\" \/>\n<meta property=\"og:type\" content=\"article\" \/>\n<meta property=\"og:title\" content=\"Tribunais de Contas x \u00c1rea Fiscal: qual \u00e1rea de concurso escolher?\" \/>\n<meta property=\"og:description\" content=\"Neste artigo, abordaremos as principais semelhan\u00e7as e diferen\u00e7as entre o estudo para a \u00e1rea fiscal e Tribunais de Contas!\" \/>\n<meta property=\"og:url\" content=\"https:\/\/www.estrategiaconcursos.com.br\/blog\/tribunais-de-contas-x-area-fiscal-qual-area-de-concurso-escolher\/\" \/>\n<meta property=\"og:site_name\" content=\"Estrat\u00e9gia Concursos\" \/>\n<meta property=\"article:published_time\" content=\"2020-11-20T16:57:49+00:00\" \/>\n<meta property=\"article:modified_time\" content=\"2023-05-12T17:44:44+00:00\" \/>\n<meta property=\"og:image\" content=\"https:\/\/dhg1h5j42swfq.cloudfront.net\/2020\/11\/14190805\/image30.png\" \/>\n\t<meta property=\"og:image:width\" content=\"479\" \/>\n\t<meta property=\"og:image:height\" content=\"397\" \/>\n\t<meta property=\"og:image:type\" content=\"image\/png\" \/>\n<meta name=\"author\" content=\"Vin\u00edcius Peron Fineto\" \/>\n<meta name=\"twitter:card\" content=\"summary_large_image\" \/>\n<meta name=\"twitter:creator\" content=\"@EstratConcursos\" \/>\n<meta name=\"twitter:site\" content=\"@EstratConcursos\" \/>\n<meta name=\"twitter:label1\" content=\"Escrito por\" \/>\n\t<meta name=\"twitter:data1\" content=\"Vin\u00edcius Peron Fineto\" \/>\n\t<meta name=\"twitter:label2\" content=\"Est. tempo de leitura\" \/>\n\t<meta name=\"twitter:data2\" content=\"11 minutos\" \/>\n<script type=\"application\/ld+json\" class=\"yoast-schema-graph\">{\"@context\":\"https:\/\/schema.org\",\"@graph\":[{\"@type\":\"NewsArticle\",\"@id\":\"https:\/\/www.estrategiaconcursos.com.br\/blog\/tribunais-de-contas-x-area-fiscal-qual-area-de-concurso-escolher\/#article\",\"isPartOf\":{\"@id\":\"https:\/\/www.estrategiaconcursos.com.br\/blog\/tribunais-de-contas-x-area-fiscal-qual-area-de-concurso-escolher\/\"},\"author\":{\"name\":\"Vin\u00edcius Peron Fineto\",\"@id\":\"https:\/\/www.estrategiaconcursos.com.br\/blog\/#\/schema\/person\/fe8a2abf3ff9f696350c947cf9947cc6\"},\"headline\":\"Tribunais de Contas x \u00c1rea Fiscal: qual \u00e1rea de concurso escolher?\",\"datePublished\":\"2020-11-20T16:57:49+00:00\",\"dateModified\":\"2023-05-12T17:44:44+00:00\",\"mainEntityOfPage\":{\"@id\":\"https:\/\/www.estrategiaconcursos.com.br\/blog\/tribunais-de-contas-x-area-fiscal-qual-area-de-concurso-escolher\/\"},\"wordCount\":2356,\"commentCount\":4,\"publisher\":{\"@id\":\"https:\/\/www.estrategiaconcursos.com.br\/blog\/#organization\"},\"image\":{\"@id\":\"https:\/\/www.estrategiaconcursos.com.br\/blog\/tribunais-de-contas-x-area-fiscal-qual-area-de-concurso-escolher\/#primaryimage\"},\"thumbnailUrl\":\"https:\/\/dhg1h5j42swfq.cloudfront.net\/2020\/11\/14190805\/image30.png\",\"articleSection\":[\"Concursos P\u00fablicos\",\"Fiscal - Estadual (ICMS)\",\"Tribunais de Contas (TCU, TCE, TCM)\"],\"inLanguage\":\"pt-BR\",\"potentialAction\":[{\"@type\":\"CommentAction\",\"name\":\"Comment\",\"target\":[\"https:\/\/www.estrategiaconcursos.com.br\/blog\/tribunais-de-contas-x-area-fiscal-qual-area-de-concurso-escolher\/#respond\"]}],\"copyrightYear\":\"2020\",\"copyrightHolder\":{\"@id\":\"https:\/\/www.estrategiaconcursos.com.br\/blog\/#organization\"}},{\"@type\":\"WebPage\",\"@id\":\"https:\/\/www.estrategiaconcursos.com.br\/blog\/tribunais-de-contas-x-area-fiscal-qual-area-de-concurso-escolher\/\",\"url\":\"https:\/\/www.estrategiaconcursos.com.br\/blog\/tribunais-de-contas-x-area-fiscal-qual-area-de-concurso-escolher\/\",\"name\":\"Tribunais de Contas x \u00c1rea Fiscal: qual \u00e1rea de concurso escolher?\",\"isPartOf\":{\"@id\":\"https:\/\/www.estrategiaconcursos.com.br\/blog\/#website\"},\"primaryImageOfPage\":{\"@id\":\"https:\/\/www.estrategiaconcursos.com.br\/blog\/tribunais-de-contas-x-area-fiscal-qual-area-de-concurso-escolher\/#primaryimage\"},\"image\":{\"@id\":\"https:\/\/www.estrategiaconcursos.com.br\/blog\/tribunais-de-contas-x-area-fiscal-qual-area-de-concurso-escolher\/#primaryimage\"},\"thumbnailUrl\":\"https:\/\/dhg1h5j42swfq.cloudfront.net\/2020\/11\/14190805\/image30.png\",\"datePublished\":\"2020-11-20T16:57:49+00:00\",\"dateModified\":\"2023-05-12T17:44:44+00:00\",\"description\":\"Neste artigo, abordaremos as principais semelhan\u00e7as e diferen\u00e7as entre o estudo para a \u00e1rea fiscal e Tribunais de Contas!\",\"breadcrumb\":{\"@id\":\"https:\/\/www.estrategiaconcursos.com.br\/blog\/tribunais-de-contas-x-area-fiscal-qual-area-de-concurso-escolher\/#breadcrumb\"},\"inLanguage\":\"pt-BR\",\"potentialAction\":[{\"@type\":\"ReadAction\",\"target\":[\"https:\/\/www.estrategiaconcursos.com.br\/blog\/tribunais-de-contas-x-area-fiscal-qual-area-de-concurso-escolher\/\"]}]},{\"@type\":\"ImageObject\",\"inLanguage\":\"pt-BR\",\"@id\":\"https:\/\/www.estrategiaconcursos.com.br\/blog\/tribunais-de-contas-x-area-fiscal-qual-area-de-concurso-escolher\/#primaryimage\",\"url\":\"https:\/\/dhg1h5j42swfq.cloudfront.net\/2020\/11\/14190805\/image30.png\",\"contentUrl\":\"https:\/\/dhg1h5j42swfq.cloudfront.net\/2020\/11\/14190805\/image30.png\",\"width\":479,\"height\":397},{\"@type\":\"BreadcrumbList\",\"@id\":\"https:\/\/www.estrategiaconcursos.com.br\/blog\/tribunais-de-contas-x-area-fiscal-qual-area-de-concurso-escolher\/#breadcrumb\",\"itemListElement\":[{\"@type\":\"ListItem\",\"position\":1,\"name\":\"In\u00edcio\",\"item\":\"https:\/\/www.estrategiaconcursos.com.br\/blog\/\"},{\"@type\":\"ListItem\",\"position\":2,\"name\":\"Tribunais de Contas x \u00c1rea Fiscal: qual \u00e1rea de concurso escolher?\"}]},{\"@type\":\"WebSite\",\"@id\":\"https:\/\/www.estrategiaconcursos.com.br\/blog\/#website\",\"url\":\"https:\/\/www.estrategiaconcursos.com.br\/blog\/\",\"name\":\"Estrat\u00e9gia Concursos\",\"description\":\"O blog da Estrat\u00e9gia Concursos traz not\u00edcias sobre concursos e artigos de professores oferecendo cursos para concursos (pdf + videaulas) no site.\",\"publisher\":{\"@id\":\"https:\/\/www.estrategiaconcursos.com.br\/blog\/#organization\"},\"potentialAction\":[{\"@type\":\"SearchAction\",\"target\":{\"@type\":\"EntryPoint\",\"urlTemplate\":\"https:\/\/www.estrategiaconcursos.com.br\/blog\/?s={search_term_string}\"},\"query-input\":{\"@type\":\"PropertyValueSpecification\",\"valueRequired\":true,\"valueName\":\"search_term_string\"}}],\"inLanguage\":\"pt-BR\"},{\"@type\":\"Organization\",\"@id\":\"https:\/\/www.estrategiaconcursos.com.br\/blog\/#organization\",\"name\":\"Estrat\u00e9gia Concursos\",\"url\":\"https:\/\/www.estrategiaconcursos.com.br\/blog\/\",\"logo\":{\"@type\":\"ImageObject\",\"inLanguage\":\"pt-BR\",\"@id\":\"https:\/\/www.estrategiaconcursos.com.br\/blog\/#\/schema\/logo\/image\/\",\"url\":\"https:\/\/dhg1h5j42swfq.cloudfront.net\/2025\/06\/03203428\/logo_concursos-1.jpg\",\"contentUrl\":\"https:\/\/dhg1h5j42swfq.cloudfront.net\/2025\/06\/03203428\/logo_concursos-1.jpg\",\"width\":230,\"height\":60,\"caption\":\"Estrat\u00e9gia Concursos\"},\"image\":{\"@id\":\"https:\/\/www.estrategiaconcursos.com.br\/blog\/#\/schema\/logo\/image\/\"},\"sameAs\":[\"https:\/\/x.com\/EstratConcursos\"]},{\"@type\":\"Person\",\"@id\":\"https:\/\/www.estrategiaconcursos.com.br\/blog\/#\/schema\/person\/fe8a2abf3ff9f696350c947cf9947cc6\",\"name\":\"Vin\u00edcius Peron Fineto\",\"image\":{\"@type\":\"ImageObject\",\"inLanguage\":\"pt-BR\",\"@id\":\"https:\/\/secure.gravatar.com\/avatar\/be5bf5bd8d22b43db4df87d616c1d70412b05a4f4ebc35a5f29a14d6ceda8da6?s=96&d=mm&r=g\",\"url\":\"https:\/\/secure.gravatar.com\/avatar\/be5bf5bd8d22b43db4df87d616c1d70412b05a4f4ebc35a5f29a14d6ceda8da6?s=96&d=mm&r=g\",\"contentUrl\":\"https:\/\/secure.gravatar.com\/avatar\/be5bf5bd8d22b43db4df87d616c1d70412b05a4f4ebc35a5f29a14d6ceda8da6?s=96&d=mm&r=g\",\"caption\":\"Vin\u00edcius Peron Fineto\"},\"url\":\"https:\/\/www.estrategiaconcursos.com.br\/blog\/author\/vinicius-finetoestrategiaconcursos-com-br\/\"}]}<\/script>\n<!-- \/ Yoast SEO Premium plugin. -->","yoast_head_json":{"title":"Tribunais de Contas x \u00c1rea Fiscal: qual \u00e1rea de concurso escolher?","description":"Neste artigo, abordaremos as principais semelhan\u00e7as e diferen\u00e7as entre o estudo para a \u00e1rea fiscal e Tribunais de Contas!","robots":{"index":"index","follow":"follow","max-snippet":"max-snippet:-1","max-image-preview":"max-image-preview:large","max-video-preview":"max-video-preview:-1"},"canonical":"https:\/\/www.estrategiaconcursos.com.br\/blog\/tribunais-de-contas-x-area-fiscal-qual-area-de-concurso-escolher\/","og_locale":"pt_BR","og_type":"article","og_title":"Tribunais de Contas x \u00c1rea Fiscal: qual \u00e1rea de concurso escolher?","og_description":"Neste artigo, abordaremos as principais semelhan\u00e7as e diferen\u00e7as entre o estudo para a \u00e1rea fiscal e Tribunais de Contas!","og_url":"https:\/\/www.estrategiaconcursos.com.br\/blog\/tribunais-de-contas-x-area-fiscal-qual-area-de-concurso-escolher\/","og_site_name":"Estrat\u00e9gia Concursos","article_published_time":"2020-11-20T16:57:49+00:00","article_modified_time":"2023-05-12T17:44:44+00:00","og_image":[{"width":479,"height":397,"url":"https:\/\/dhg1h5j42swfq.cloudfront.net\/2020\/11\/14190805\/image30.png","type":"image\/png"}],"author":"Vin\u00edcius Peron Fineto","twitter_card":"summary_large_image","twitter_creator":"@EstratConcursos","twitter_site":"@EstratConcursos","twitter_misc":{"Escrito por":"Vin\u00edcius Peron Fineto","Est. tempo de leitura":"11 minutos"},"schema":{"@context":"https:\/\/schema.org","@graph":[{"@type":"NewsArticle","@id":"https:\/\/www.estrategiaconcursos.com.br\/blog\/tribunais-de-contas-x-area-fiscal-qual-area-de-concurso-escolher\/#article","isPartOf":{"@id":"https:\/\/www.estrategiaconcursos.com.br\/blog\/tribunais-de-contas-x-area-fiscal-qual-area-de-concurso-escolher\/"},"author":{"name":"Vin\u00edcius Peron Fineto","@id":"https:\/\/www.estrategiaconcursos.com.br\/blog\/#\/schema\/person\/fe8a2abf3ff9f696350c947cf9947cc6"},"headline":"Tribunais de Contas x \u00c1rea Fiscal: qual \u00e1rea de concurso escolher?","datePublished":"2020-11-20T16:57:49+00:00","dateModified":"2023-05-12T17:44:44+00:00","mainEntityOfPage":{"@id":"https:\/\/www.estrategiaconcursos.com.br\/blog\/tribunais-de-contas-x-area-fiscal-qual-area-de-concurso-escolher\/"},"wordCount":2356,"commentCount":4,"publisher":{"@id":"https:\/\/www.estrategiaconcursos.com.br\/blog\/#organization"},"image":{"@id":"https:\/\/www.estrategiaconcursos.com.br\/blog\/tribunais-de-contas-x-area-fiscal-qual-area-de-concurso-escolher\/#primaryimage"},"thumbnailUrl":"https:\/\/dhg1h5j42swfq.cloudfront.net\/2020\/11\/14190805\/image30.png","articleSection":["Concursos P\u00fablicos","Fiscal - Estadual (ICMS)","Tribunais de Contas (TCU, TCE, TCM)"],"inLanguage":"pt-BR","potentialAction":[{"@type":"CommentAction","name":"Comment","target":["https:\/\/www.estrategiaconcursos.com.br\/blog\/tribunais-de-contas-x-area-fiscal-qual-area-de-concurso-escolher\/#respond"]}],"copyrightYear":"2020","copyrightHolder":{"@id":"https:\/\/www.estrategiaconcursos.com.br\/blog\/#organization"}},{"@type":"WebPage","@id":"https:\/\/www.estrategiaconcursos.com.br\/blog\/tribunais-de-contas-x-area-fiscal-qual-area-de-concurso-escolher\/","url":"https:\/\/www.estrategiaconcursos.com.br\/blog\/tribunais-de-contas-x-area-fiscal-qual-area-de-concurso-escolher\/","name":"Tribunais de Contas x \u00c1rea Fiscal: qual \u00e1rea de concurso escolher?","isPartOf":{"@id":"https:\/\/www.estrategiaconcursos.com.br\/blog\/#website"},"primaryImageOfPage":{"@id":"https:\/\/www.estrategiaconcursos.com.br\/blog\/tribunais-de-contas-x-area-fiscal-qual-area-de-concurso-escolher\/#primaryimage"},"image":{"@id":"https:\/\/www.estrategiaconcursos.com.br\/blog\/tribunais-de-contas-x-area-fiscal-qual-area-de-concurso-escolher\/#primaryimage"},"thumbnailUrl":"https:\/\/dhg1h5j42swfq.cloudfront.net\/2020\/11\/14190805\/image30.png","datePublished":"2020-11-20T16:57:49+00:00","dateModified":"2023-05-12T17:44:44+00:00","description":"Neste artigo, abordaremos as principais semelhan\u00e7as e diferen\u00e7as entre o estudo para a \u00e1rea fiscal e Tribunais de Contas!","breadcrumb":{"@id":"https:\/\/www.estrategiaconcursos.com.br\/blog\/tribunais-de-contas-x-area-fiscal-qual-area-de-concurso-escolher\/#breadcrumb"},"inLanguage":"pt-BR","potentialAction":[{"@type":"ReadAction","target":["https:\/\/www.estrategiaconcursos.com.br\/blog\/tribunais-de-contas-x-area-fiscal-qual-area-de-concurso-escolher\/"]}]},{"@type":"ImageObject","inLanguage":"pt-BR","@id":"https:\/\/www.estrategiaconcursos.com.br\/blog\/tribunais-de-contas-x-area-fiscal-qual-area-de-concurso-escolher\/#primaryimage","url":"https:\/\/dhg1h5j42swfq.cloudfront.net\/2020\/11\/14190805\/image30.png","contentUrl":"https:\/\/dhg1h5j42swfq.cloudfront.net\/2020\/11\/14190805\/image30.png","width":479,"height":397},{"@type":"BreadcrumbList","@id":"https:\/\/www.estrategiaconcursos.com.br\/blog\/tribunais-de-contas-x-area-fiscal-qual-area-de-concurso-escolher\/#breadcrumb","itemListElement":[{"@type":"ListItem","position":1,"name":"In\u00edcio","item":"https:\/\/www.estrategiaconcursos.com.br\/blog\/"},{"@type":"ListItem","position":2,"name":"Tribunais de Contas x \u00c1rea Fiscal: qual \u00e1rea de concurso escolher?"}]},{"@type":"WebSite","@id":"https:\/\/www.estrategiaconcursos.com.br\/blog\/#website","url":"https:\/\/www.estrategiaconcursos.com.br\/blog\/","name":"Estrat\u00e9gia Concursos","description":"O blog da Estrat\u00e9gia Concursos traz not\u00edcias sobre concursos e artigos de professores oferecendo cursos para concursos (pdf + videaulas) no site.","publisher":{"@id":"https:\/\/www.estrategiaconcursos.com.br\/blog\/#organization"},"potentialAction":[{"@type":"SearchAction","target":{"@type":"EntryPoint","urlTemplate":"https:\/\/www.estrategiaconcursos.com.br\/blog\/?s={search_term_string}"},"query-input":{"@type":"PropertyValueSpecification","valueRequired":true,"valueName":"search_term_string"}}],"inLanguage":"pt-BR"},{"@type":"Organization","@id":"https:\/\/www.estrategiaconcursos.com.br\/blog\/#organization","name":"Estrat\u00e9gia Concursos","url":"https:\/\/www.estrategiaconcursos.com.br\/blog\/","logo":{"@type":"ImageObject","inLanguage":"pt-BR","@id":"https:\/\/www.estrategiaconcursos.com.br\/blog\/#\/schema\/logo\/image\/","url":"https:\/\/dhg1h5j42swfq.cloudfront.net\/2025\/06\/03203428\/logo_concursos-1.jpg","contentUrl":"https:\/\/dhg1h5j42swfq.cloudfront.net\/2025\/06\/03203428\/logo_concursos-1.jpg","width":230,"height":60,"caption":"Estrat\u00e9gia Concursos"},"image":{"@id":"https:\/\/www.estrategiaconcursos.com.br\/blog\/#\/schema\/logo\/image\/"},"sameAs":["https:\/\/x.com\/EstratConcursos"]},{"@type":"Person","@id":"https:\/\/www.estrategiaconcursos.com.br\/blog\/#\/schema\/person\/fe8a2abf3ff9f696350c947cf9947cc6","name":"Vin\u00edcius Peron Fineto","image":{"@type":"ImageObject","inLanguage":"pt-BR","@id":"https:\/\/secure.gravatar.com\/avatar\/be5bf5bd8d22b43db4df87d616c1d70412b05a4f4ebc35a5f29a14d6ceda8da6?s=96&d=mm&r=g","url":"https:\/\/secure.gravatar.com\/avatar\/be5bf5bd8d22b43db4df87d616c1d70412b05a4f4ebc35a5f29a14d6ceda8da6?s=96&d=mm&r=g","contentUrl":"https:\/\/secure.gravatar.com\/avatar\/be5bf5bd8d22b43db4df87d616c1d70412b05a4f4ebc35a5f29a14d6ceda8da6?s=96&d=mm&r=g","caption":"Vin\u00edcius Peron Fineto"},"url":"https:\/\/www.estrategiaconcursos.com.br\/blog\/author\/vinicius-finetoestrategiaconcursos-com-br\/"}]}},"_links":{"self":[{"href":"https:\/\/www.estrategiaconcursos.com.br\/blog\/wp-json\/wp\/v2\/posts\/591990","targetHints":{"allow":["GET"]}}],"collection":[{"href":"https:\/\/www.estrategiaconcursos.com.br\/blog\/wp-json\/wp\/v2\/posts"}],"about":[{"href":"https:\/\/www.estrategiaconcursos.com.br\/blog\/wp-json\/wp\/v2\/types\/post"}],"author":[{"embeddable":true,"href":"https:\/\/www.estrategiaconcursos.com.br\/blog\/wp-json\/wp\/v2\/users\/1762"}],"replies":[{"embeddable":true,"href":"https:\/\/www.estrategiaconcursos.com.br\/blog\/wp-json\/wp\/v2\/comments?post=591990"}],"version-history":[{"count":28,"href":"https:\/\/www.estrategiaconcursos.com.br\/blog\/wp-json\/wp\/v2\/posts\/591990\/revisions"}],"predecessor-version":[{"id":1215433,"href":"https:\/\/www.estrategiaconcursos.com.br\/blog\/wp-json\/wp\/v2\/posts\/591990\/revisions\/1215433"}],"wp:featuredmedia":[{"embeddable":true,"href":"https:\/\/www.estrategiaconcursos.com.br\/blog\/wp-json\/wp\/v2\/media\/610773"}],"wp:attachment":[{"href":"https:\/\/www.estrategiaconcursos.com.br\/blog\/wp-json\/wp\/v2\/media?parent=591990"}],"wp:term":[{"taxonomy":"category","embeddable":true,"href":"https:\/\/www.estrategiaconcursos.com.br\/blog\/wp-json\/wp\/v2\/categories?post=591990"},{"taxonomy":"post_tag","embeddable":true,"href":"https:\/\/www.estrategiaconcursos.com.br\/blog\/wp-json\/wp\/v2\/tags?post=591990"},{"taxonomy":"tax_estado","embeddable":true,"href":"https:\/\/www.estrategiaconcursos.com.br\/blog\/wp-json\/wp\/v2\/tax_estado?post=591990"}],"curies":[{"name":"wp","href":"https:\/\/api.w.org\/{rel}","templated":true}]}}