{"id":591262,"date":"2026-04-07T08:22:00","date_gmt":"2026-04-07T11:22:00","guid":{"rendered":"https:\/\/www.estrategiaconcursos.com.br\/blog\/?p=591262"},"modified":"2026-04-07T09:23:29","modified_gmt":"2026-04-07T12:23:29","slug":"concurso-adab","status":"publish","type":"post","link":"https:\/\/www.estrategiaconcursos.com.br\/blog\/concurso-adab\/","title":{"rendered":"Concurso ADAB: 200 vagas para Fiscal e T\u00e9cnico"},"content":{"rendered":"\n<p style=\"font-size:clamp(15.747px, 0.984rem + ((1vw - 3.2px) * 0.809), 24px);\"><strong><em>Os sal\u00e1rios iniciais do Concurso ADAB s\u00e3o de at\u00e9 R$ 7,4 mil; provas no m\u00eas de maio!<\/em><\/strong><\/p>\n\n\n\n<center><a id=\"cta-icon\" href=\"https:\/\/sndflw.com\/i\/adab-grupo\" target=\"_blank\" style=\"background:#29a61a; display:inline-flex; align-items:center; padding:10px 15px; border-radius:6px; color:#fff; text-decoration:none; font-weight:500; font-size:15px;\"><img decoding=\"async\" src=\"https:\/\/dhg1h5j42swfq.cloudfront.net\/2023\/12\/07154107\/whatsapp_13851.png\" alt=\"\" style=\"width:20px; height:20px; margin-right:8px;\"><span>Acesse agora o Grupo de Estudos para o Concurso ADAB<\/span><\/a><\/center>\n\n\n\n<div style=\"height:41px\" aria-hidden=\"true\" class=\"wp-block-spacer\"><\/div>\n\n\n\n<p>O Concurso <strong>ADAB (<a href=\"https:\/\/www.estrategiaconcursos.com.br\/cursosPorConcurso\/agencia-de-defesa-agropecuaria-da-bahia-adab\/\" target=\"_blank\" rel=\"noreferrer noopener\">Ag\u00eancia de Defesa Agropecu\u00e1ria da Bahia<\/a>)<\/strong> \u00e9 uma oportunidade e tanto para aqueles que buscam ingressar na carreira p\u00fablica!<\/p>\n\n\n\n<p>A sele\u00e7\u00e3o oferece nada mais nada menos que <strong>200 vagas para os cargos de Fiscal e T\u00e9cnico<\/strong>. Veja logo abaixo:<\/p>\n\n\n\n<ul class=\"wp-block-list\">\n<li><strong>Fiscal Estadual Agropecu\u00e1rio<\/strong>:\n<ul class=\"wp-block-list\">\n<li>40 vagas para Defesa Sanit\u00e1ria Animal;<\/li>\n\n\n\n<li>80 vagas para Defesa Sanit\u00e1ria Vegetal;<\/li>\n\n\n\n<li>40 vagas para Inspe\u00e7\u00e3o de Produtos e Subprodutos de Origem Animal;<\/li>\n<\/ul>\n<\/li>\n\n\n\n<li>40 vagas para <strong>T\u00e9cnico em Fiscaliza\u00e7\u00e3o Agropecu\u00e1ria<\/strong>.<\/li>\n<\/ul>\n\n\n\n<p>Vale frisar que os cargos contemplados no certame oferecem sal\u00e1rios iniciais que variam de R$ 2.924,39 a R$ 7.445,86.<\/p>\n\n\n\n<p>No entanto, as inscri\u00e7\u00f5es j\u00e1 est\u00e3o encerradas. Os candidatos devem come\u00e7ar a se preparar para a etapa de provas, que est\u00e1 prevista para o dia <strong>24 de maio<\/strong>.<\/p>\n\n\n\n<ul class=\"wp-block-list has-very-light-gray-to-cyan-bluish-gray-gradient-background has-background\">\n<li><strong>Ag\u00eancia de Defesa Agropecu\u00e1ria da Bahia <\/strong><\/li>\n\n\n\n<li><strong style=\"color: initial;\">Situa\u00e7\u00e3o:<\/strong><span style=\"color: initial;\">\u00a0<\/span>inscri\u00e7\u00f5es encerradas\/provas em 24\/5<\/li>\n\n\n\n<li><strong>Banca:<\/strong>&nbsp;<a href=\"https:\/\/idcap.selecao.net.br\/informacoes\/223\/\" target=\"_blank\" rel=\"noreferrer noopener\">IDCAP<\/a><\/li>\n\n\n\n<li><strong>Vagas:<\/strong>&nbsp;200<\/li>\n\n\n\n<li><strong>Sal\u00e1rio inicial:<\/strong>&nbsp;R$ 2.924,39 e R$ 7.445,86<\/li>\n\n\n\n<li><strong>Edital republicado:<\/strong> <a href=\"https:\/\/dhg1h5j42swfq.cloudfront.net\/2026\/03\/06151707\/b5b6d90f-4575-4396-9499-bdce83146f2a.pdf\" target=\"_blank\" rel=\"noreferrer noopener nofollow\">ADAB 2026<\/a><\/li>\n<\/ul>\n\n\n\n<p>Confira neste artigo mais informa\u00e7\u00f5es sobre o concurso ADAB e os detalhes de seu edital. Acompanhe pelos t\u00f3picos abaixo:<\/p>\n\n\n\n<ul id=\"indice\" class=\"wp-block-list\">\n<li><strong><a href=\"#sobre\">Sobre a ADAB<\/a><\/strong><\/li>\n\n\n\n<li><a href=\"#datas\"><strong>Principais datas<\/strong><\/a><\/li>\n\n\n\n<li><strong><a href=\"#retificacoes\">Retifica\u00e7\u00f5es<\/a><\/strong><\/li>\n\n\n\n<li><a href=\"#cargos\"><strong>Cargos e vagas<\/strong><\/a>\n<ul class=\"wp-block-list\">\n<li><a href=\"#remuneracao\">Remunera\u00e7\u00e3o<\/a><\/li>\n<\/ul>\n<\/li>\n\n\n\n<li><a href=\"#etapas\"><strong>Etapas e provas<\/strong><\/a>\n<ul class=\"wp-block-list\">\n<li><a href=\"#objetiva\">Prova objetiva<\/a><\/li>\n\n\n\n<li><a href=\"#discursiva\">Prova discursiva<\/a><\/li>\n\n\n\n<li><a href=\"#titulos\">Prova de t\u00edtulos<\/a><\/li>\n<\/ul>\n<\/li>\n\n\n\n<li><strong><a href=\"#ultimo\">\u00daltimo edital<\/a><\/strong> (2024)<\/li>\n\n\n\n<li><a href=\"#cursos-assinatura\"><strong>Assinatura e cursos<\/strong><\/a><\/li>\n\n\n\n<li><a href=\"#ficha-tecnica\"><strong>Ficha t\u00e9cnica<\/strong><\/a><\/li>\n<\/ul>\n\n\n\n<div class=\"container\" id=\"boxes\">\n  <div class=\"row\">\n\n    <div class=\"col-sm\">\n      <div class=\"banner-estrat-corj\" id=\"box-assinatura\">\n        <h2 class=\"titulo-assinatura\" style=\"text-align: left;\">Cursos para ADAB<\/h2>\n        <p class=\"subtitulo-assinatura\" style=\"text-align: left;\">Conhe\u00e7a os cursos<\/p>\n        <div class=\"box-botao\" style=\"text-align: left;\">\n          <a class=\"btn-assinatura\" target=\"_blank\" href=\"https:\/\/www.estrategiaconcursos.com.br\/cursosPorConcurso\/agencia-de-defesa-agropecuaria-da-bahia-adab\/\" role=\"button\" rel=\"noopener noreferrer\">CLIQUE AQUI<\/a>\n        <\/div>\n      <\/div><\/div><\/div><\/div>\n\n\n\n<h2 class=\"wp-block-heading\" id=\"sobre\">Sobre a ADAB<\/h2>\n\n\n\n<p>A Ag\u00eancia de Defesa Agropecu\u00e1ria da Bahia (<a href=\"http:\/\/www.adab.ba.gov.br\/\" target=\"_blank\" rel=\"noreferrer noopener\">ADAB<\/a>) tem a miss\u00e3o de garantir a seguran\u00e7a sanit\u00e1ria no Estado da Bahia, preconizando o desenvolvimento de um agroneg\u00f3cio sustent\u00e1vel e competitivo.<\/p>\n\n\n\n<p>Uma ag\u00eancia moderna, atuante, sintonizada com o setor produtivo que tem como vis\u00e3o ser um referencial de excel\u00eancia na \u00e1rea de defesa agropecu\u00e1ria, garantindo a sustentabilidade do agroneg\u00f3cio e da agricultura familiar.<\/p>\n\n\n\n<h2 class=\"wp-block-heading\" id=\"h-principais-datas-do-concurso-adab\">Principais datas do Concurso ADAB<\/h2>\n\n\n\n<ul class=\"wp-block-list\">\n<li><strong>Per\u00edodo de inscri\u00e7\u00f5es: <\/strong><s>06 de mar\u00e7o a 05 de abril<\/s><\/li>\n\n\n\n<li><strong>Isen\u00e7\u00e3o da taxa:<\/strong> <s>06 a 08 de mar\u00e7o<\/s><\/li>\n\n\n\n<li><strong>Pagamento do boleto:<\/strong> expresso no boleto<\/li>\n\n\n\n<li><strong>Provas: <\/strong>24 de maio<\/li>\n<\/ul>\n\n\n\n<h2 class=\"wp-block-heading\" id=\"retificacoes\">Concurso ADAB: retifica\u00e7\u00f5es<\/h2>\n\n\n\n<p>05\/03\/2026: <a href=\"https:\/\/dhg1h5j42swfq.cloudfront.net\/2026\/02\/05113327\/870902cd-bae2-4a08-8e60-264e334bae56.pdf\" target=\"_blank\" rel=\"noreferrer noopener nofollow\">retifica\u00e7\u00e3o nos crit\u00e9rios de avalia\u00e7\u00e3o da prova discursiva<\/a>.<\/p>\n\n\n\n<h2 class=\"wp-block-heading\" id=\"cargos\">Cargos e vagas do concurso ADAB<\/h2>\n\n\n\n<figure class=\"wp-block-table is-style-stripes\"><table><thead><tr><th class=\"has-text-align-center\" data-align=\"center\">Cargos<\/th><th class=\"has-text-align-center\" data-align=\"center\">Vagas<\/th><th class=\"has-text-align-center\" data-align=\"center\">Sal\u00e1rios<\/th><th class=\"has-text-align-center\" data-align=\"center\">Requisitos<\/th><\/tr><\/thead><tbody><tr><td class=\"has-text-align-center\" data-align=\"center\">Fiscal Estadual Agropecu\u00e1rio <br \/>&#8211; Defesa Sanit\u00e1ria Animal<\/td><td class=\"has-text-align-center\" data-align=\"center\">40<\/td><td class=\"has-text-align-center\" data-align=\"center\">R$ 7.445,86<\/td><td class=\"has-text-align-center\" data-align=\"center\">Superior<\/td><\/tr><tr><td class=\"has-text-align-center\" data-align=\"center\">Fiscal Estadual Agropecu\u00e1rio <br \/>&#8211; Defesa Sanit\u00e1ria Vegetal<\/td><td class=\"has-text-align-center\" data-align=\"center\">80<\/td><td class=\"has-text-align-center\" data-align=\"center\">R$ 7.445,86<\/td><td class=\"has-text-align-center\" data-align=\"center\">Superior<\/td><\/tr><tr><td class=\"has-text-align-center\" data-align=\"center\">Fiscal Estadual Agropecu\u00e1rio <br \/>&#8211; Inspe\u00e7\u00e3o de Produtos e Subprodutos de Origem Animal<\/td><td class=\"has-text-align-center\" data-align=\"center\">40<\/td><td class=\"has-text-align-center\" data-align=\"center\">R$ 7.445,86<\/td><td class=\"has-text-align-center\" data-align=\"center\">Superior<\/td><\/tr><tr><td class=\"has-text-align-center\" data-align=\"center\">T\u00e9cnico em Fiscaliza\u00e7\u00e3o Agropecu\u00e1ria<\/td><td class=\"has-text-align-center\" data-align=\"center\">40<\/td><td class=\"has-text-align-center\" data-align=\"center\">R$ 2.924,39<\/td><td class=\"has-text-align-center\" data-align=\"center\">T\u00e9cnico<\/td><\/tr><\/tbody><\/table><figcaption class=\"wp-element-caption\">Vagas, sal\u00e1rios e requisitos dos cargos ofertados<\/figcaption><\/figure>\n\n\n\n<h3 class=\"wp-block-heading\" id=\"remuneracao\">Remunera\u00e7\u00e3o<\/h3>\n\n\n\n<p>A remunera\u00e7\u00e3o de ingresso para o cargo de <strong>Fiscal Estadual Agropecu\u00e1rio<\/strong> ser\u00e1 composta por vencimento b\u00e1sico no valor de R$ 3.309,27 e gratifica\u00e7\u00e3o pela atividade de Fiscaliza\u00e7\u00e3o e Defesa Agropecu\u00e1ria no valor de R$ 4.136,59, perfazendo um total de R$ 7.445,86.<\/p>\n\n\n\n<p>A remunera\u00e7\u00e3o de ingresso para o cargo de<strong> T\u00e9cnico em Fiscaliza\u00e7\u00e3o Agropecu\u00e1ria<\/strong> ser\u00e1 composta por vencimento b\u00e1sico no valor de R$ 1.539,15 e gratifica\u00e7\u00e3o pela atividade de Fiscaliza\u00e7\u00e3o e Defesa Agropecu\u00e1ria no valor de R$ 1.385,24, perfazendo um total de R$ 2.924,39.<\/p>\n\n\n\n<h2 class=\"wp-block-heading has-white-background-color has-background\" id=\"etapas\">Concurso ADAB 2026: etapas e provas<\/h2>\n\n\n\n<p>A sele\u00e7\u00e3o para os cargos previstos neste edital compreender\u00e1 as seguintes etapas:<\/p>\n\n\n\n<ul class=\"wp-block-list\">\n<li>a) 1\u00aa Etapa: Provas Objetivas &#8211; de car\u00e1ter eliminat\u00f3rio e classificat\u00f3rio;<\/li>\n\n\n\n<li>b) 2\u00aa Etapa: Prova Discursiva &#8211; de car\u00e1ter eliminat\u00f3rio e classificat\u00f3rio; e<\/li>\n\n\n\n<li>c) 3\u00aa Etapa: Prova de T\u00edtulos &#8211; de car\u00e1ter classificat\u00f3rio, somente para o cargo de Fiscal Estadual Agropecu\u00e1rio.<\/li>\n<\/ul>\n\n\n\n<h3 class=\"wp-block-heading\" id=\"objetiva\">Prova Objetiva<\/h3>\n\n\n\n<p>Ser\u00e3o 80 quest\u00f5es de m\u00faltipla escolha, com 5 alternativas e apenas uma considerada a correta.<\/p>\n\n\n\n<figure class=\"wp-block-image aligncenter size-full\"><img loading=\"lazy\" decoding=\"async\" width=\"581\" height=\"101\" src=\"https:\/\/dhg1h5j42swfq.cloudfront.net\/2026\/02\/27012442\/image-137.png\" alt=\"Prova objetiva do concurso ADAB\" class=\"wp-image-1722210\" srcset=\"https:\/\/dhg1h5j42swfq.cloudfront.net\/2026\/02\/27012442\/image-137.png 581w, https:\/\/dhg1h5j42swfq.cloudfront.net\/2026\/02\/27012442\/image-137-300x52.png 300w, https:\/\/dhg1h5j42swfq.cloudfront.net\/2026\/02\/27012442\/image-137-150x26.png 150w\" sizes=\"auto, (max-width: 581px) 100vw, 581px\" \/><figcaption class=\"wp-element-caption\">Prova objetiva do concurso ADAB<\/figcaption><\/figure>\n\n\n\n<h3 class=\"wp-block-heading\" id=\"discursiva\">Prova discursiva<\/h3>\n\n\n\n<p>A prova discursiva consistir\u00e1 na elabora\u00e7\u00e3o de uma reda\u00e7\u00e3o em formato de um texto dissertativo-argumentativo.<\/p>\n\n\n\n<p>A reda\u00e7\u00e3o dever\u00e1 conter no m\u00ednimo 20 e no m\u00e1ximo 30 linhas. A etapa ter\u00e1 pontua\u00e7\u00e3o m\u00e1xima de 100 pontos e ser\u00e1 avaliada com base nos seguintes crit\u00e9rios:<\/p>\n\n\n\n<figure class=\"wp-block-image aligncenter size-full\"><img loading=\"lazy\" decoding=\"async\" width=\"666\" height=\"503\" src=\"https:\/\/dhg1h5j42swfq.cloudfront.net\/2026\/03\/06151815\/adab-1.jpg\" alt=\"\" class=\"wp-image-1726997\" srcset=\"https:\/\/dhg1h5j42swfq.cloudfront.net\/2026\/03\/06151815\/adab-1.jpg 666w, https:\/\/dhg1h5j42swfq.cloudfront.net\/2026\/03\/06151815\/adab-1-300x227.jpg 300w, https:\/\/dhg1h5j42swfq.cloudfront.net\/2026\/03\/06151815\/adab-1-150x113.jpg 150w\" sizes=\"auto, (max-width: 666px) 100vw, 666px\" \/><\/figure>\n\n\n\n<h3 class=\"wp-block-heading\" id=\"titulos\">Prova de t\u00edtulos<\/h3>\n\n\n\n<p>Ser\u00e3o considerados os seguintes t\u00edtulos para avalia\u00e7\u00e3o:<\/p>\n\n\n\n<figure class=\"wp-block-image aligncenter size-full\"><img loading=\"lazy\" decoding=\"async\" width=\"612\" height=\"678\" src=\"https:\/\/dhg1h5j42swfq.cloudfront.net\/2026\/02\/27012637\/image-138.png\" alt=\"Prova de T\u00edtulos do concurso ADAB\" class=\"wp-image-1722213\" srcset=\"https:\/\/dhg1h5j42swfq.cloudfront.net\/2026\/02\/27012637\/image-138.png 612w, https:\/\/dhg1h5j42swfq.cloudfront.net\/2026\/02\/27012637\/image-138-271x300.png 271w, https:\/\/dhg1h5j42swfq.cloudfront.net\/2026\/02\/27012637\/image-138-150x166.png 150w\" sizes=\"auto, (max-width: 612px) 100vw, 612px\" \/><figcaption class=\"wp-element-caption\">Prova de T\u00edtulos do concurso ADAB<\/figcaption><\/figure>\n\n\n\n<h2 class=\"wp-block-heading\" id=\"ultimo\">\u00daltimo edital para efetivos da ADAB<\/h2>\n\n\n\n<p>O \u00faltimo concurso, realizado em <strong>2024 <\/strong>com organiza\u00e7\u00e3o da FGV, ofertou <strong>160 vagas<\/strong> para Fiscal Estadual Agropecu\u00e1rio e T\u00e9cnico em Fiscaliza\u00e7\u00e3o Agropecu\u00e1ria. Ao todo, foram <a href=\"https:\/\/dhg1h5j42swfq.cloudfront.net\/2024\/05\/06172320\/795-adab-demanda-por-vaga.pdf\" target=\"_blank\" rel=\"noreferrer noopener nofollow\">registrados<\/a> <strong>3.643 inscritos<\/strong>.<\/p>\n\n\n\n<p>A sele\u00e7\u00e3o ficou vigente at\u00e9 05 de novembro de 2025, sem prorroga\u00e7\u00e3o.<\/p>\n\n\n\n<figure class=\"wp-block-table is-style-stripes\"><table><thead><tr><th class=\"has-text-align-center\" data-align=\"center\">Cargos<\/th><th class=\"has-text-align-center\" data-align=\"center\">Vagas<\/th><th class=\"has-text-align-center\" data-align=\"center\">Inscritos<\/th><th class=\"has-text-align-center\" data-align=\"center\">Sal\u00e1rio<\/th><th class=\"has-text-align-center\" data-align=\"center\">Requisito<\/th><\/tr><\/thead><tbody><tr><td class=\"has-text-align-center\" data-align=\"center\">Fiscal Estadual Agropecu\u00e1rio &#8211; <br \/>Defesa Sanit\u00e1ria e Inspe\u00e7\u00e3o Animal<\/td><td class=\"has-text-align-center\" data-align=\"center\">80<\/td><td class=\"has-text-align-center\" data-align=\"center\">1.881<\/td><td class=\"has-text-align-center\" data-align=\"center\">R$ 6.513,00<\/td><td class=\"has-text-align-center\" data-align=\"center\">Superior<\/td><\/tr><tr><td class=\"has-text-align-center\" data-align=\"center\">Fiscal Estadual Agropecu\u00e1rio &#8211; <br \/>Defesa Sanit\u00e1ria Vegetal<\/td><td class=\"has-text-align-center\" data-align=\"center\">40<\/td><td class=\"has-text-align-center\" data-align=\"center\">1.134<\/td><td class=\"has-text-align-center\" data-align=\"center\">R$ 6.513,00<\/td><td class=\"has-text-align-center\" data-align=\"center\">Superior<\/td><\/tr><tr><td class=\"has-text-align-center\" data-align=\"center\">T\u00e9cnico em Fiscaliza\u00e7\u00e3o Agropecu\u00e1ria<\/td><td class=\"has-text-align-center\" data-align=\"center\">40<\/td><td class=\"has-text-align-center\" data-align=\"center\">628<\/td><td class=\"has-text-align-center\" data-align=\"center\">R$ 2.442,00<\/td><td class=\"has-text-align-center\" data-align=\"center\">T\u00e9cnico<\/td><\/tr><\/tbody><\/table><figcaption class=\"wp-element-caption\">Vagas, sal\u00e1rios e requisitos dos cargos ofertados<\/figcaption><\/figure>\n\n\n\n<hr class=\"wp-block-separator has-alpha-channel-opacity\"\/>\n\n\n\n<h2 class=\"wp-block-heading has-text-align-center\" id=\"cursos-assinatura\"><em>Quer estudar para o Concurso ADAB?<\/em><\/h2>\n\n\n\n<div class=\"container\" id=\"boxes\">\n  <div class=\"row\">\n\n    <div class=\"col-sm\">\n      <div class=\"banner-estrat-corj\" id=\"box-assinatura\">\n        <h2 class=\"titulo-assinatura\" style=\"text-align: left;\">Cursos para ADAB<\/h2>\n        <p class=\"subtitulo-assinatura\" style=\"text-align: left;\">Conhe\u00e7a os cursos<\/p>\n        <div class=\"box-botao\" style=\"text-align: left;\">\n          <a class=\"btn-assinatura\" target=\"_blank\" href=\"https:\/\/www.estrategiaconcursos.com.br\/cursosPorConcurso\/agencia-de-defesa-agropecuaria-da-bahia-adab\/\" role=\"button\" rel=\"noopener noreferrer\">CLIQUE AQUI<\/a>\n        <\/div>\n      <\/div><\/div><\/div><\/div>\n\n\n\n<div class=\"container\" id=\"boxes\">\r\n  <div class=\"row\">\r\n\r\n    <div class=\"col-sm\">\r\n      <div class=\"estrategia\" id=\"box-assinatura\">\r\n        <h3 class=\"titulo-assinatura\">Assinatura Concursos<\/h3>\r\n        <p class=\"subtitulo-assinatura\">Assinatura de 1 ano ou 2 anos<\/p>\r\n        <div class=\"box-botao\">\r\n          <a class=\"btn-assinatura\" target=\"_blank\" href=\"https:\/\/www.estrategiaconcursos.com.br\/assinaturas\/\" role=\"button\" rel=\"noopener noreferrer\">ASSINE AGORA<\/a>\r\n        <\/div>\r\n      <\/div><\/div><\/div><\/div>\n\n\n\n<h2 class=\"wp-block-heading has-text-align-center\" id=\"h-quer-saber-tudo-sobre-concursos-previstos-confira-os-nossos-artigos\">Quer saber tudo sobre concursos previstos?<br \/>Confira os nossos artigos!<\/h2>\n\n\n\n<ul class=\"wp-block-list\">\n<li><a href=\"https:\/\/www.estrategiaconcursos.com.br\/blog\/concursos-abertos\/\" target=\"_blank\" rel=\"noreferrer noopener\">Concursos Abertos<\/a><\/li>\n\n\n\n<li><a href=\"https:\/\/www.estrategiaconcursos.com.br\/blog\/concurso-administrativos\/\">Concursos Administrativos<\/a><\/li>\n\n\n\n<li><a href=\"https:\/\/www.estrategiaconcursos.com.br\/blog\/concursos-2026\/\" target=\"_blank\" rel=\"noreferrer noopener\">Concursos 2026<\/a><\/li>\n<\/ul>\n\n\n\n<figure class=\"wp-block-image is-resized\"><img loading=\"lazy\" decoding=\"async\" width=\"1024\" height=\"632\" src=\"https:\/\/dhg1h5j42swfq.cloudfront.net\/2021\/04\/01161145\/ficha-tecnica-5-1024x632.png\" alt=\"Informa\u00e7\u00f5es do Concurso \" class=\"wp-image-706736\" style=\"width:290px;height:auto\" srcset=\"https:\/\/dhg1h5j42swfq.cloudfront.net\/2021\/04\/01161145\/ficha-tecnica-5-1024x632.png 1024w, https:\/\/dhg1h5j42swfq.cloudfront.net\/2021\/04\/01161145\/ficha-tecnica-5-300x185.png 300w, https:\/\/dhg1h5j42swfq.cloudfront.net\/2021\/04\/01161145\/ficha-tecnica-5-768x474.png 768w, https:\/\/dhg1h5j42swfq.cloudfront.net\/2021\/04\/01161145\/ficha-tecnica-5-1536x948.png 1536w, https:\/\/dhg1h5j42swfq.cloudfront.net\/2021\/04\/01161145\/ficha-tecnica-5-610x377.png 610w, https:\/\/dhg1h5j42swfq.cloudfront.net\/2021\/04\/01161145\/ficha-tecnica-5.png 1571w\" sizes=\"auto, (max-width: 1024px) 100vw, 1024px\" \/><\/figure>\n\n\n\n<h3 class=\"wp-block-heading\" id=\"ficha-tecnica\">Informa\u00e7\u00f5es do Concurso ADAB<\/h3>\n\n\n\n<ul class=\"wp-block-list\">\n<li><strong>Provas<\/strong>: 24\/05\/2026<\/li>\n\n\n\n<li><strong>Banca<\/strong>: IDCAP<\/li>\n\n\n\n<li><strong>Escolaridade<\/strong>: n\u00edveis t\u00e9cnico e superior<\/li>\n\n\n\n<li><strong>Vagas:<\/strong> 200<\/li>\n\n\n\n<li><strong>Cargos<\/strong>: Fiscal e T\u00e9cnico<\/li>\n\n\n\n<li><strong>Edital republicado:<\/strong> <a href=\"https:\/\/dhg1h5j42swfq.cloudfront.net\/2026\/03\/06151707\/b5b6d90f-4575-4396-9499-bdce83146f2a.pdf\" target=\"_blank\" rel=\"noreferrer noopener nofollow\">ADAB 2026<\/a><\/li>\n<\/ul>\n","protected":false},"excerpt":{"rendered":"<p>Os sal\u00e1rios iniciais do Concurso ADAB s\u00e3o de at\u00e9 R$ 7,4 mil; provas no m\u00eas de maio! O Concurso ADAB (Ag\u00eancia de Defesa Agropecu\u00e1ria da Bahia) \u00e9 uma oportunidade e tanto para aqueles que buscam ingressar na carreira p\u00fablica! A sele\u00e7\u00e3o oferece nada mais nada menos que 200 vagas para os cargos de Fiscal e [&hellip;]<\/p>\n","protected":false},"author":2018,"featured_media":1304850,"comment_status":"open","ping_status":"closed","sticky":false,"template":"","format":"standard","meta":{"post_tipo":"news_page","footnotes":""},"categories":[220215,214992],"tags":[],"tax_estado":[219968],"class_list":["post-591262","post","type-post","status-publish","format-standard","has-post-thumbnail","hentry","category-agencia-reguladora","category-concursos-administrativos","tax_estado-ba"],"acf":[],"yoast_head":"<!-- This site is optimized with the Yoast SEO Premium plugin v27.2 (Yoast SEO v27.2) - https:\/\/yoast.com\/product\/yoast-seo-premium-wordpress\/ -->\n<title>Concurso ADAB: 200 vagas para Fiscal e T\u00e9cnico<\/title>\n<meta name=\"description\" content=\"Concurso ADAB 2026: s\u00e3o ofertadas 200 vagas para n\u00edveis t\u00e9cnico e superior de forma\u00e7\u00e3o. Provas no m\u00eas de maio! Acesse e saiba tudo AQUI!\" \/>\n<meta name=\"robots\" content=\"index, follow, max-snippet:-1, max-image-preview:large, max-video-preview:-1\" \/>\n<link rel=\"canonical\" href=\"https:\/\/www.estrategiaconcursos.com.br\/blog\/concurso-adab\/\" \/>\n<meta property=\"og:locale\" content=\"pt_BR\" \/>\n<meta property=\"og:type\" content=\"article\" \/>\n<meta property=\"og:title\" content=\"Concurso ADAB: 200 vagas para Fiscal e T\u00e9cnico\" \/>\n<meta property=\"og:description\" content=\"Concurso ADAB 2026: s\u00e3o ofertadas 200 vagas para n\u00edveis t\u00e9cnico e superior de forma\u00e7\u00e3o. Provas no m\u00eas de maio! Acesse e saiba tudo AQUI!\" \/>\n<meta property=\"og:url\" content=\"https:\/\/www.estrategiaconcursos.com.br\/blog\/concurso-adab\/\" \/>\n<meta property=\"og:site_name\" content=\"Estrat\u00e9gia Concursos\" \/>\n<meta property=\"article:published_time\" content=\"2026-04-07T11:22:00+00:00\" \/>\n<meta property=\"article:modified_time\" content=\"2026-04-07T12:23:29+00:00\" \/>\n<meta property=\"og:image\" content=\"https:\/\/dhg1h5j42swfq.cloudfront.net\/2023\/11\/10084045\/adab.jpg\" \/>\n\t<meta property=\"og:image:width\" content=\"768\" \/>\n\t<meta property=\"og:image:height\" content=\"432\" \/>\n\t<meta property=\"og:image:type\" content=\"image\/jpeg\" \/>\n<meta name=\"author\" content=\"B\u00e1rbara Carvalho Santos\" \/>\n<meta name=\"twitter:card\" content=\"summary_large_image\" \/>\n<meta name=\"twitter:creator\" content=\"@EstratConcursos\" \/>\n<meta name=\"twitter:site\" content=\"@EstratConcursos\" \/>\n<meta name=\"twitter:label1\" content=\"Escrito por\" \/>\n\t<meta name=\"twitter:data1\" content=\"B\u00e1rbara Carvalho Santos\" \/>\n\t<meta name=\"twitter:label2\" content=\"Est. tempo de leitura\" \/>\n\t<meta name=\"twitter:data2\" content=\"4 minutos\" \/>\n<script type=\"application\/ld+json\" class=\"yoast-schema-graph\">{\"@context\":\"https:\/\/schema.org\",\"@graph\":[{\"@type\":\"NewsArticle\",\"@id\":\"https:\/\/www.estrategiaconcursos.com.br\/blog\/concurso-adab\/#article\",\"isPartOf\":{\"@id\":\"https:\/\/www.estrategiaconcursos.com.br\/blog\/concurso-adab\/\"},\"author\":{\"name\":\"B\u00e1rbara Carvalho Santos\",\"@id\":\"https:\/\/www.estrategiaconcursos.com.br\/blog\/#\/schema\/person\/e3882259fa157d54c44c21f4ee4e0e60\"},\"headline\":\"Concurso ADAB: 200 vagas para Fiscal e T\u00e9cnico\",\"datePublished\":\"2026-04-07T11:22:00+00:00\",\"dateModified\":\"2026-04-07T12:23:29+00:00\",\"mainEntityOfPage\":{\"@id\":\"https:\/\/www.estrategiaconcursos.com.br\/blog\/concurso-adab\/\"},\"wordCount\":883,\"commentCount\":0,\"publisher\":{\"@id\":\"https:\/\/www.estrategiaconcursos.com.br\/blog\/#organization\"},\"image\":{\"@id\":\"https:\/\/www.estrategiaconcursos.com.br\/blog\/concurso-adab\/#primaryimage\"},\"thumbnailUrl\":\"https:\/\/dhg1h5j42swfq.cloudfront.net\/2023\/11\/10084045\/adab.jpg\",\"articleSection\":[\"Ag\u00eancia Reguladora\",\"Executivo (Administrativa)\"],\"inLanguage\":\"pt-BR\",\"potentialAction\":[{\"@type\":\"CommentAction\",\"name\":\"Comment\",\"target\":[\"https:\/\/www.estrategiaconcursos.com.br\/blog\/concurso-adab\/#respond\"]}],\"copyrightYear\":\"2026\",\"copyrightHolder\":{\"@id\":\"https:\/\/www.estrategiaconcursos.com.br\/blog\/#organization\"}},{\"@type\":\"WebPage\",\"@id\":\"https:\/\/www.estrategiaconcursos.com.br\/blog\/concurso-adab\/\",\"url\":\"https:\/\/www.estrategiaconcursos.com.br\/blog\/concurso-adab\/\",\"name\":\"Concurso ADAB: 200 vagas para Fiscal e T\u00e9cnico\",\"isPartOf\":{\"@id\":\"https:\/\/www.estrategiaconcursos.com.br\/blog\/#website\"},\"primaryImageOfPage\":{\"@id\":\"https:\/\/www.estrategiaconcursos.com.br\/blog\/concurso-adab\/#primaryimage\"},\"image\":{\"@id\":\"https:\/\/www.estrategiaconcursos.com.br\/blog\/concurso-adab\/#primaryimage\"},\"thumbnailUrl\":\"https:\/\/dhg1h5j42swfq.cloudfront.net\/2023\/11\/10084045\/adab.jpg\",\"datePublished\":\"2026-04-07T11:22:00+00:00\",\"dateModified\":\"2026-04-07T12:23:29+00:00\",\"description\":\"Concurso ADAB 2026: s\u00e3o ofertadas 200 vagas para n\u00edveis t\u00e9cnico e superior de forma\u00e7\u00e3o. Provas no m\u00eas de maio! Acesse e saiba tudo AQUI!\",\"breadcrumb\":{\"@id\":\"https:\/\/www.estrategiaconcursos.com.br\/blog\/concurso-adab\/#breadcrumb\"},\"inLanguage\":\"pt-BR\",\"potentialAction\":[{\"@type\":\"ReadAction\",\"target\":[\"https:\/\/www.estrategiaconcursos.com.br\/blog\/concurso-adab\/\"]}]},{\"@type\":\"ImageObject\",\"inLanguage\":\"pt-BR\",\"@id\":\"https:\/\/www.estrategiaconcursos.com.br\/blog\/concurso-adab\/#primaryimage\",\"url\":\"https:\/\/dhg1h5j42swfq.cloudfront.net\/2023\/11\/10084045\/adab.jpg\",\"contentUrl\":\"https:\/\/dhg1h5j42swfq.cloudfront.net\/2023\/11\/10084045\/adab.jpg\",\"width\":768,\"height\":432,\"caption\":\"Concurso ADAB suspenso\"},{\"@type\":\"BreadcrumbList\",\"@id\":\"https:\/\/www.estrategiaconcursos.com.br\/blog\/concurso-adab\/#breadcrumb\",\"itemListElement\":[{\"@type\":\"ListItem\",\"position\":1,\"name\":\"In\u00edcio\",\"item\":\"https:\/\/www.estrategiaconcursos.com.br\/blog\/\"},{\"@type\":\"ListItem\",\"position\":2,\"name\":\"Concurso ADAB: 200 vagas para Fiscal e T\u00e9cnico\"}]},{\"@type\":\"WebSite\",\"@id\":\"https:\/\/www.estrategiaconcursos.com.br\/blog\/#website\",\"url\":\"https:\/\/www.estrategiaconcursos.com.br\/blog\/\",\"name\":\"Estrat\u00e9gia Concursos\",\"description\":\"O blog da Estrat\u00e9gia Concursos traz not\u00edcias sobre concursos e artigos de professores oferecendo cursos para concursos (pdf + videaulas) no site.\",\"publisher\":{\"@id\":\"https:\/\/www.estrategiaconcursos.com.br\/blog\/#organization\"},\"potentialAction\":[{\"@type\":\"SearchAction\",\"target\":{\"@type\":\"EntryPoint\",\"urlTemplate\":\"https:\/\/www.estrategiaconcursos.com.br\/blog\/?s={search_term_string}\"},\"query-input\":{\"@type\":\"PropertyValueSpecification\",\"valueRequired\":true,\"valueName\":\"search_term_string\"}}],\"inLanguage\":\"pt-BR\"},{\"@type\":\"Organization\",\"@id\":\"https:\/\/www.estrategiaconcursos.com.br\/blog\/#organization\",\"name\":\"Estrat\u00e9gia Concursos\",\"url\":\"https:\/\/www.estrategiaconcursos.com.br\/blog\/\",\"logo\":{\"@type\":\"ImageObject\",\"inLanguage\":\"pt-BR\",\"@id\":\"https:\/\/www.estrategiaconcursos.com.br\/blog\/#\/schema\/logo\/image\/\",\"url\":\"https:\/\/dhg1h5j42swfq.cloudfront.net\/2025\/06\/03203428\/logo_concursos-1.jpg\",\"contentUrl\":\"https:\/\/dhg1h5j42swfq.cloudfront.net\/2025\/06\/03203428\/logo_concursos-1.jpg\",\"width\":230,\"height\":60,\"caption\":\"Estrat\u00e9gia Concursos\"},\"image\":{\"@id\":\"https:\/\/www.estrategiaconcursos.com.br\/blog\/#\/schema\/logo\/image\/\"},\"sameAs\":[\"https:\/\/x.com\/EstratConcursos\"]},{\"@type\":\"Person\",\"@id\":\"https:\/\/www.estrategiaconcursos.com.br\/blog\/#\/schema\/person\/e3882259fa157d54c44c21f4ee4e0e60\",\"name\":\"B\u00e1rbara Carvalho Santos\",\"image\":{\"@type\":\"ImageObject\",\"inLanguage\":\"pt-BR\",\"@id\":\"https:\/\/secure.gravatar.com\/avatar\/353300f73140f779692b9be2b39f434d1341e4e34c7f55bd5a990fe29ef352eb?s=96&d=mm&r=g\",\"url\":\"https:\/\/secure.gravatar.com\/avatar\/353300f73140f779692b9be2b39f434d1341e4e34c7f55bd5a990fe29ef352eb?s=96&d=mm&r=g\",\"contentUrl\":\"https:\/\/secure.gravatar.com\/avatar\/353300f73140f779692b9be2b39f434d1341e4e34c7f55bd5a990fe29ef352eb?s=96&d=mm&r=g\",\"caption\":\"B\u00e1rbara Carvalho Santos\"},\"description\":\"M\u00e3e e jornalista formada pela UNIP, possui ampla experi\u00eancia na cobertura de entretenimento em grandes ve\u00edculos, como o site da CNN, RedeTV! e Estrat\u00e9gia Educacional. Atuou tamb\u00e9m em ag\u00eancias de marketing, produtoras musicais e assessorias de imprensa, com foco especial no trabalho com personalidades p\u00fablicas. Atualmente, integra a equipe do Estrat\u00e9gia Concursos, onde \u00e9 respons\u00e1vel pela produ\u00e7\u00e3o de conte\u00fados estrat\u00e9gicos voltados para o setor de concursos p\u00fablicos, com destaque para a \u00e1rea fiscal, gest\u00e3o, controle, concursos administrativos e Minist\u00e9rios participantes do CNU, al\u00e9m de diversos \u00f3rg\u00e3os federais. Tem como miss\u00e3o transformar informa\u00e7\u00f5es complexas em conte\u00fados acess\u00edveis, relevantes e de alto valor para quem sonha com uma carreira no servi\u00e7o p\u00fablico.\",\"url\":\"https:\/\/www.estrategiaconcursos.com.br\/blog\/author\/barbara-santos\/\"}]}<\/script>\n<!-- \/ Yoast SEO Premium plugin. -->","yoast_head_json":{"title":"Concurso ADAB: 200 vagas para Fiscal e T\u00e9cnico","description":"Concurso ADAB 2026: s\u00e3o ofertadas 200 vagas para n\u00edveis t\u00e9cnico e superior de forma\u00e7\u00e3o. Provas no m\u00eas de maio! Acesse e saiba tudo AQUI!","robots":{"index":"index","follow":"follow","max-snippet":"max-snippet:-1","max-image-preview":"max-image-preview:large","max-video-preview":"max-video-preview:-1"},"canonical":"https:\/\/www.estrategiaconcursos.com.br\/blog\/concurso-adab\/","og_locale":"pt_BR","og_type":"article","og_title":"Concurso ADAB: 200 vagas para Fiscal e T\u00e9cnico","og_description":"Concurso ADAB 2026: s\u00e3o ofertadas 200 vagas para n\u00edveis t\u00e9cnico e superior de forma\u00e7\u00e3o. Provas no m\u00eas de maio! Acesse e saiba tudo AQUI!","og_url":"https:\/\/www.estrategiaconcursos.com.br\/blog\/concurso-adab\/","og_site_name":"Estrat\u00e9gia Concursos","article_published_time":"2026-04-07T11:22:00+00:00","article_modified_time":"2026-04-07T12:23:29+00:00","og_image":[{"width":768,"height":432,"url":"https:\/\/dhg1h5j42swfq.cloudfront.net\/2023\/11\/10084045\/adab.jpg","type":"image\/jpeg"}],"author":"B\u00e1rbara Carvalho Santos","twitter_card":"summary_large_image","twitter_creator":"@EstratConcursos","twitter_site":"@EstratConcursos","twitter_misc":{"Escrito por":"B\u00e1rbara Carvalho Santos","Est. tempo de leitura":"4 minutos"},"schema":{"@context":"https:\/\/schema.org","@graph":[{"@type":"NewsArticle","@id":"https:\/\/www.estrategiaconcursos.com.br\/blog\/concurso-adab\/#article","isPartOf":{"@id":"https:\/\/www.estrategiaconcursos.com.br\/blog\/concurso-adab\/"},"author":{"name":"B\u00e1rbara Carvalho Santos","@id":"https:\/\/www.estrategiaconcursos.com.br\/blog\/#\/schema\/person\/e3882259fa157d54c44c21f4ee4e0e60"},"headline":"Concurso ADAB: 200 vagas para Fiscal e T\u00e9cnico","datePublished":"2026-04-07T11:22:00+00:00","dateModified":"2026-04-07T12:23:29+00:00","mainEntityOfPage":{"@id":"https:\/\/www.estrategiaconcursos.com.br\/blog\/concurso-adab\/"},"wordCount":883,"commentCount":0,"publisher":{"@id":"https:\/\/www.estrategiaconcursos.com.br\/blog\/#organization"},"image":{"@id":"https:\/\/www.estrategiaconcursos.com.br\/blog\/concurso-adab\/#primaryimage"},"thumbnailUrl":"https:\/\/dhg1h5j42swfq.cloudfront.net\/2023\/11\/10084045\/adab.jpg","articleSection":["Ag\u00eancia Reguladora","Executivo (Administrativa)"],"inLanguage":"pt-BR","potentialAction":[{"@type":"CommentAction","name":"Comment","target":["https:\/\/www.estrategiaconcursos.com.br\/blog\/concurso-adab\/#respond"]}],"copyrightYear":"2026","copyrightHolder":{"@id":"https:\/\/www.estrategiaconcursos.com.br\/blog\/#organization"}},{"@type":"WebPage","@id":"https:\/\/www.estrategiaconcursos.com.br\/blog\/concurso-adab\/","url":"https:\/\/www.estrategiaconcursos.com.br\/blog\/concurso-adab\/","name":"Concurso ADAB: 200 vagas para Fiscal e T\u00e9cnico","isPartOf":{"@id":"https:\/\/www.estrategiaconcursos.com.br\/blog\/#website"},"primaryImageOfPage":{"@id":"https:\/\/www.estrategiaconcursos.com.br\/blog\/concurso-adab\/#primaryimage"},"image":{"@id":"https:\/\/www.estrategiaconcursos.com.br\/blog\/concurso-adab\/#primaryimage"},"thumbnailUrl":"https:\/\/dhg1h5j42swfq.cloudfront.net\/2023\/11\/10084045\/adab.jpg","datePublished":"2026-04-07T11:22:00+00:00","dateModified":"2026-04-07T12:23:29+00:00","description":"Concurso ADAB 2026: s\u00e3o ofertadas 200 vagas para n\u00edveis t\u00e9cnico e superior de forma\u00e7\u00e3o. Provas no m\u00eas de maio! Acesse e saiba tudo AQUI!","breadcrumb":{"@id":"https:\/\/www.estrategiaconcursos.com.br\/blog\/concurso-adab\/#breadcrumb"},"inLanguage":"pt-BR","potentialAction":[{"@type":"ReadAction","target":["https:\/\/www.estrategiaconcursos.com.br\/blog\/concurso-adab\/"]}]},{"@type":"ImageObject","inLanguage":"pt-BR","@id":"https:\/\/www.estrategiaconcursos.com.br\/blog\/concurso-adab\/#primaryimage","url":"https:\/\/dhg1h5j42swfq.cloudfront.net\/2023\/11\/10084045\/adab.jpg","contentUrl":"https:\/\/dhg1h5j42swfq.cloudfront.net\/2023\/11\/10084045\/adab.jpg","width":768,"height":432,"caption":"Concurso ADAB suspenso"},{"@type":"BreadcrumbList","@id":"https:\/\/www.estrategiaconcursos.com.br\/blog\/concurso-adab\/#breadcrumb","itemListElement":[{"@type":"ListItem","position":1,"name":"In\u00edcio","item":"https:\/\/www.estrategiaconcursos.com.br\/blog\/"},{"@type":"ListItem","position":2,"name":"Concurso ADAB: 200 vagas para Fiscal e T\u00e9cnico"}]},{"@type":"WebSite","@id":"https:\/\/www.estrategiaconcursos.com.br\/blog\/#website","url":"https:\/\/www.estrategiaconcursos.com.br\/blog\/","name":"Estrat\u00e9gia Concursos","description":"O blog da Estrat\u00e9gia Concursos traz not\u00edcias sobre concursos e artigos de professores oferecendo cursos para concursos (pdf + videaulas) no site.","publisher":{"@id":"https:\/\/www.estrategiaconcursos.com.br\/blog\/#organization"},"potentialAction":[{"@type":"SearchAction","target":{"@type":"EntryPoint","urlTemplate":"https:\/\/www.estrategiaconcursos.com.br\/blog\/?s={search_term_string}"},"query-input":{"@type":"PropertyValueSpecification","valueRequired":true,"valueName":"search_term_string"}}],"inLanguage":"pt-BR"},{"@type":"Organization","@id":"https:\/\/www.estrategiaconcursos.com.br\/blog\/#organization","name":"Estrat\u00e9gia Concursos","url":"https:\/\/www.estrategiaconcursos.com.br\/blog\/","logo":{"@type":"ImageObject","inLanguage":"pt-BR","@id":"https:\/\/www.estrategiaconcursos.com.br\/blog\/#\/schema\/logo\/image\/","url":"https:\/\/dhg1h5j42swfq.cloudfront.net\/2025\/06\/03203428\/logo_concursos-1.jpg","contentUrl":"https:\/\/dhg1h5j42swfq.cloudfront.net\/2025\/06\/03203428\/logo_concursos-1.jpg","width":230,"height":60,"caption":"Estrat\u00e9gia Concursos"},"image":{"@id":"https:\/\/www.estrategiaconcursos.com.br\/blog\/#\/schema\/logo\/image\/"},"sameAs":["https:\/\/x.com\/EstratConcursos"]},{"@type":"Person","@id":"https:\/\/www.estrategiaconcursos.com.br\/blog\/#\/schema\/person\/e3882259fa157d54c44c21f4ee4e0e60","name":"B\u00e1rbara Carvalho Santos","image":{"@type":"ImageObject","inLanguage":"pt-BR","@id":"https:\/\/secure.gravatar.com\/avatar\/353300f73140f779692b9be2b39f434d1341e4e34c7f55bd5a990fe29ef352eb?s=96&d=mm&r=g","url":"https:\/\/secure.gravatar.com\/avatar\/353300f73140f779692b9be2b39f434d1341e4e34c7f55bd5a990fe29ef352eb?s=96&d=mm&r=g","contentUrl":"https:\/\/secure.gravatar.com\/avatar\/353300f73140f779692b9be2b39f434d1341e4e34c7f55bd5a990fe29ef352eb?s=96&d=mm&r=g","caption":"B\u00e1rbara Carvalho Santos"},"description":"M\u00e3e e jornalista formada pela UNIP, possui ampla experi\u00eancia na cobertura de entretenimento em grandes ve\u00edculos, como o site da CNN, RedeTV! e Estrat\u00e9gia Educacional. Atuou tamb\u00e9m em ag\u00eancias de marketing, produtoras musicais e assessorias de imprensa, com foco especial no trabalho com personalidades p\u00fablicas. Atualmente, integra a equipe do Estrat\u00e9gia Concursos, onde \u00e9 respons\u00e1vel pela produ\u00e7\u00e3o de conte\u00fados estrat\u00e9gicos voltados para o setor de concursos p\u00fablicos, com destaque para a \u00e1rea fiscal, gest\u00e3o, controle, concursos administrativos e Minist\u00e9rios participantes do CNU, al\u00e9m de diversos \u00f3rg\u00e3os federais. Tem como miss\u00e3o transformar informa\u00e7\u00f5es complexas em conte\u00fados acess\u00edveis, relevantes e de alto valor para quem sonha com uma carreira no servi\u00e7o p\u00fablico.","url":"https:\/\/www.estrategiaconcursos.com.br\/blog\/author\/barbara-santos\/"}]}},"_links":{"self":[{"href":"https:\/\/www.estrategiaconcursos.com.br\/blog\/wp-json\/wp\/v2\/posts\/591262","targetHints":{"allow":["GET"]}}],"collection":[{"href":"https:\/\/www.estrategiaconcursos.com.br\/blog\/wp-json\/wp\/v2\/posts"}],"about":[{"href":"https:\/\/www.estrategiaconcursos.com.br\/blog\/wp-json\/wp\/v2\/types\/post"}],"author":[{"embeddable":true,"href":"https:\/\/www.estrategiaconcursos.com.br\/blog\/wp-json\/wp\/v2\/users\/2018"}],"replies":[{"embeddable":true,"href":"https:\/\/www.estrategiaconcursos.com.br\/blog\/wp-json\/wp\/v2\/comments?post=591262"}],"version-history":[{"count":138,"href":"https:\/\/www.estrategiaconcursos.com.br\/blog\/wp-json\/wp\/v2\/posts\/591262\/revisions"}],"predecessor-version":[{"id":1749139,"href":"https:\/\/www.estrategiaconcursos.com.br\/blog\/wp-json\/wp\/v2\/posts\/591262\/revisions\/1749139"}],"wp:featuredmedia":[{"embeddable":true,"href":"https:\/\/www.estrategiaconcursos.com.br\/blog\/wp-json\/wp\/v2\/media\/1304850"}],"wp:attachment":[{"href":"https:\/\/www.estrategiaconcursos.com.br\/blog\/wp-json\/wp\/v2\/media?parent=591262"}],"wp:term":[{"taxonomy":"category","embeddable":true,"href":"https:\/\/www.estrategiaconcursos.com.br\/blog\/wp-json\/wp\/v2\/categories?post=591262"},{"taxonomy":"post_tag","embeddable":true,"href":"https:\/\/www.estrategiaconcursos.com.br\/blog\/wp-json\/wp\/v2\/tags?post=591262"},{"taxonomy":"tax_estado","embeddable":true,"href":"https:\/\/www.estrategiaconcursos.com.br\/blog\/wp-json\/wp\/v2\/tax_estado?post=591262"}],"curies":[{"name":"wp","href":"https:\/\/api.w.org\/{rel}","templated":true}]}}