{"id":59074,"date":"2016-12-21T18:25:02","date_gmt":"2016-12-21T21:25:02","guid":{"rendered":"https:\/\/www.estrategiaconcursos.com.br\/blog\/?p=59074"},"modified":"2017-01-11T19:13:22","modified_gmt":"2017-01-11T22:13:22","slug":"prova-comentada-fub-portugues-ha-possibilidade-de-recurso","status":"publish","type":"post","link":"https:\/\/www.estrategiaconcursos.com.br\/blog\/prova-comentada-fub-portugues-ha-possibilidade-de-recurso\/","title":{"rendered":"Prova Comentada FUB (Portugu\u00eas) &#8211; H\u00e1 possibilidade de recurso!"},"content":{"rendered":"<p>Ol\u00e1, pessoal! Tudo bem? Aqui quem fala \u00e9 o professor Felipe, de L\u00edngua Portuguesa.<\/p>\n<p>Saiu o gabarito do concurso da FUB, organizado pelo CESPE. Farei um breve coment\u00e1rio das quest\u00f5es de portugu\u00eas e reda\u00e7\u00e3o oficial.<\/p>\n<p>Vislumbro possibilidade de recurso no item 8!<\/p>\n<p>Quem quiser ter acesso \u00e0s provas na \u00edntegra, acesse o link abaixo:<\/p>\n<p>http:\/\/www.cespe.unb.br\/concursos\/fub_16_1\/<\/p>\n<p>Vamos l\u00e1, espero que tenham ido bem.<\/p>\n<p>&nbsp;<\/p>\n<p style=\"text-align: justify\">Com rela\u00e7\u00e3o \u00e0s ideias do texto CB3A1AAA, \u00e0s constru\u00e7\u00f5es lingu\u00edsticas nele empregadas e \u00e0 sua tipologia, julgue os itens a seguir.<\/p>\n<p style=\"text-align: justify\">1 O livro <strong>O Fim do Emprego<\/strong> e o relat\u00f3rio do <strong>Future of Work<\/strong> apresentam conclus\u00f5es equivalentes sobre o impacto da tecnologia na gera\u00e7\u00e3o de empregos.<\/p>\n<p style=\"text-align: justify\"><strong>Coment\u00e1rios:<\/strong><\/p>\n<p style=\"text-align: justify\"><strong>Errado.<\/strong> As conclus\u00f5es s\u00e3o opostas: o primeiro defende que a tecnologia ir\u00e1 extinguir os empregos; o segundo acredita que a tecnologia aumenta a renda, que aumenta a demanda, que aumenta a necessidade de novos empregos.<\/p>\n<hr \/>\n<p style=\"text-align: justify\">2 O \u00faltimo par\u00e1grafo do texto caracteriza-se como predominantemente descritivo, pois apresenta uma articula\u00e7\u00e3o textual de informa\u00e7\u00f5es e opini\u00f5es.<\/p>\n<p style=\"text-align: justify\"><strong>Coment\u00e1rios:<\/strong><\/p>\n<p style=\"text-align: justify\"><strong>Errado.<\/strong> O par\u00e1grafo \u00e9 predominantemente argumentativo, pois traz argumentos e testemunho de autoridade para corroborar a tese de que a tecnologia pode, paradoxalmente, aumentar o ambiente virtual de trabalho e fazer a pessoa trabalhar mais, por estar sempre &#8220;ao alcance&#8221;.<\/p>\n<hr \/>\n<p style=\"text-align: justify\">3 A corre\u00e7\u00e3o gramatical e o sentido original do texto seriam mantidos caso a palavra \u201cSe\u201d, que inicia o terceiro par\u00e1grafo, fosse substitu\u00edda por <strong>como.<\/strong><\/p>\n<p style=\"text-align: justify\"><strong>Coment\u00e1rios:<\/strong><\/p>\n<p style=\"text-align: justify\"><strong>Errado.<\/strong> A conjun\u00e7\u00e3o &#8220;Como&#8221; pode assumir valor causal;\u00a0nesse caso, vem no in\u00edcio do per\u00edodo.<\/p>\n<p style=\"text-align: justify\">Ex: Como n\u00e3o estudei, n\u00e3o passei. = N\u00e3o passei porque n\u00e3o estudei.<\/p>\n<p style=\"text-align: justify\">Se fosse substitu\u00edda por &#8220;como&#8221;, o sentido\u00a0passaria a ser de causa.<\/p>\n<p style=\"text-align: justify\"><strong>Como<\/strong> a tecnologia pode decretar o fim do emprego para alguns, ela pode, paradoxalmente, representar um aumento de trabalho para muitos.<\/p>\n<p style=\"text-align: justify\">Organizando, ter\u00edamos:<\/p>\n<p style=\"text-align: justify\">a tecnologia pode decretar o fim do emprego para alguns PORQUE, ela pode, paradoxalmente, representar um aumento de trabalho para muitos.<\/p>\n<p style=\"text-align: justify\">Portanto, n\u00e3o seria mantido o sentido.<\/p>\n<hr \/>\n<p style=\"text-align: justify\">4 A express\u00e3o \u2018a produtividade\u2019 (R.19) exerce a fun\u00e7\u00e3o de sujeito do verbo \u2018aumentar\u2019 (R.18).<\/p>\n<p style=\"text-align: justify\"><strong>Coment\u00e1rios:<\/strong><\/p>\n<p style=\"text-align: justify\"><strong>Errado.<\/strong> A tecnologia \u00e9 quem aumenta a produtividade. Na ora\u00e7\u00e3o &#8220;ao aumentar a produtividade&#8221;, este sujeito &#8216;tecnologia&#8221; est\u00e1 impl\u00edcito.<\/p>\n<hr \/>\n<p style=\"text-align: justify\">5 Em \u2018extingui-los\u2019 (R. 15), a forma pronominal \u2018los\u2019 refere-se ao termo \u201cprogn\u00f3sticos\u201d (R.13).<\/p>\n<p style=\"text-align: justify\"><strong>Coment\u00e1rios:<\/strong><\/p>\n<p style=\"text-align: justify\"><strong>Errado.<\/strong> O pronome obl\u00edquo \u00e1tono &#8220;los&#8221; se refere a &#8220;trabalhos&#8221;.<\/p>\n<p style=\"text-align: justify\">Embora a tecnologia possa tanto criar trabalhos como extingui-los (extinguir trabalhos).<\/p>\n<hr \/>\n<p style=\"text-align: justify\">6 A corre\u00e7\u00e3o gramatical e o sentido original do texto seriam preservados caso se substitu\u00edsse a express\u00e3o \u201cestar\u00e1 em evid\u00eancia\u201d (R.18) por <strong>ser\u00e1 v\u00edtima.<\/strong><\/p>\n<p style=\"text-align: justify\"><strong>Coment\u00e1rios:<\/strong><\/p>\n<p style=\"text-align: justify\"><strong>Errado.<\/strong> Ser v\u00edtima n\u00e3o \u00e9 sin\u00f4nimo de estar em evid\u00eancia. Al\u00e9m disso, a substitui\u00e7\u00e3o deixaria o texto incoerente, pois ficaria faltando um complemento para a palavra &#8220;v\u00edtima&#8221;: v\u00edtima do qu\u00ea?<\/p>\n<hr \/>\n<p style=\"text-align: justify\">7 De acordo com o texto, os trabalhadores que comp\u00f5em a segunda categoria ser\u00e3o os mais prejudicados pelo avan\u00e7o da tecnologia sobre o mercado de trabalho, porque \u201cprecisam de ajuda para entender melhor como fazer uso de seus conhecimentos\u201d (R. 17 e 18).<\/p>\n<p style=\"text-align: justify\"><strong>Coment\u00e1rios:<\/strong><\/p>\n<p style=\"text-align: justify\"><strong>Errado.<\/strong> Pelos sentidos do texto, os mais prejudicados ser\u00e3o os trabalhadores da primeira categoria, pois possuem pouca forma\u00e7\u00e3o e resistem a voltar a estudar. A segunda categoria, ao contr\u00e1rio, estar\u00e1 em evid\u00eancia.<\/p>\n<hr \/>\n<p style=\"text-align: justify\">8 De acordo com as informa\u00e7\u00f5es do texto, h\u00e1 rela\u00e7\u00e3o entre desemprego e emprego informal; entretanto, tais informa\u00e7\u00f5es s\u00e3o insuficientes para se inferir se tal rela\u00e7\u00e3o \u00e9 diretamente proporcional.<\/p>\n<p style=\"text-align: justify\"><strong>Coment\u00e1rios:<\/strong><\/p>\n<p style=\"text-align: justify\"><strong><span style=\"color: #ff0000\">RECURSO.<\/span><\/strong><\/p>\n<p style=\"text-align: justify\">Aten\u00e7\u00e3o aqui. A banca considerou esse item como certo. N\u00e3o interpretei dessa maneira. Eu entendo que est\u00e1 bem claro no texto que a rela\u00e7\u00e3o \u00e9 diretamente proporcional.<\/p>\n<p style=\"text-align: justify\">Grandezas diretamente proporcionais aumentam no mesmo sentido, isto \u00e9, se uma aumenta, a outra tamb\u00e9m aumenta.<\/p>\n<p style=\"text-align: justify\">Por outro lado, grandezas inversamente proporcionais aumentam em sentidos diferentes: se uma aumenta, a outra diminui.<\/p>\n<p style=\"text-align: justify\">No trecho inicial temos uma defini\u00e7\u00e3o muito expl\u00edcita de duas grandezas que aumentam juntas, no mesmo sentido:<\/p>\n<p style=\"text-align: justify\">Podemos observar que tanto o emprego informal como o desemprego s\u00e3o problemas que <strong>apontam para a<span style=\"color: #0000ff\"> mesma dire\u00e7\u00e3o<\/span><\/strong>. <strong>Se o desemprego cresce<\/strong> na economia formal, <span style=\"color: #0000ff\">a<\/span><strong><span style=\"color: #0000ff\">umenta, tamb\u00e9m<\/span>, o emprego informal<\/strong>.<\/p>\n<p style=\"text-align: justify\">A banca pode ter visto essa quest\u00e3o de maneira estritamente &#8220;matem\u00e1tica&#8221; e considerado que para serem &#8220;diretamente proporcionais&#8221; teriam que aumentar exatamente na mesma medida. Como no\u00a0texto n\u00e3o h\u00e1 n\u00fameros e a assertiva \u00e9 de compreens\u00e3o textual, \u00a0o item se torna\u00a0extremamente amb\u00edguo, de modo que deve ser considerado incorreto ou anulado.<\/p>\n<hr \/>\n<p style=\"text-align: justify\">9 A corre\u00e7\u00e3o gramatical do texto seria preservada caso se inserisse <strong>a<\/strong> preposi\u00e7\u00e3o a logo ap\u00f3s a forma verbal \u201cignora\u201d, na frase \u201cSimplesmente ignora voc\u00ea\u201d (R.9).<\/p>\n<p style=\"text-align: justify\"><strong>Coment\u00e1rios:<\/strong><\/p>\n<p style=\"text-align: justify\"><strong>Errado<\/strong>. Ignorar \u00e9 verbo transitivo direto, n\u00e3o pede preposi\u00e7\u00e3o. Logo, n\u00e3o podemos sair por a\u00ed inserindo preposi\u00e7\u00f5es que a reg\u00eancia do verbo n\u00e3o exige.<\/p>\n<hr \/>\n<p style=\"text-align: justify\">10 O autor defende a opini\u00e3o de que, na rela\u00e7\u00e3o com o usu\u00e1rio, o computador \u00e9 mais passivo e a m\u00e1quina de escrever, mais ativa.<\/p>\n<p style=\"text-align: justify\"><strong>Coment\u00e1rios:<\/strong><\/p>\n<p style=\"text-align: justify\"><strong>Errado.<\/strong> Temos exatamente o contr\u00e1rio: a m\u00e1quina \u00e9 mais passiva. O computador tem vontade pr\u00f3pria e manda no usu\u00e1rio.<\/p>\n<hr \/>\n<p style=\"text-align: justify\">11 O computador e a m\u00e1quina de escrever, instrumentos do cotidiano do trabalho do autor do texto, s\u00e3o descritos com o uso de recursos textuais que remetem a caracter\u00edsticas humanas.<\/p>\n<p style=\"text-align: justify\"><strong>Coment\u00e1rios:<\/strong><\/p>\n<p style=\"text-align: justify\"><strong>Certo.<\/strong> Ele personifica o computador ao dizer, por exemplo: &#8220;ele nos desafia. Parece estar dizendo: vamos l\u00e1&#8230;&#8221;<\/p>\n<p style=\"text-align: justify\">Mais adiante no texto diz que a m\u00e1quina &#8220;n\u00e3o tinha a mesma emp\u00e1fia&#8221; e &#8220;mesmos nos seus instantes de maior impaci\u00eancia, jamais faria &#8220;bip&#8221; em p\u00fablico.<\/p>\n<p style=\"text-align: justify\">Impaci\u00eancia e emp\u00e1fia s\u00e3o caracter\u00edsticas humanas atribu\u00eddas, por recurso figurativo, a m\u00e1quinas.<\/p>\n<hr \/>\n<p style=\"text-align: justify\">12 Considerando os g\u00eaneros e tipos textuais, o texto em apre\u00e7o configura-se como uma cr\u00f4nica em que se combinam ficcionalidade e narratividade.<\/p>\n<p style=\"text-align: justify\"><strong>Coment\u00e1rios:<\/strong><\/p>\n<p style=\"text-align: justify\"><strong>Certo.<\/strong> A cr\u00f4nica \u00e9 texto narrativo de fic\u00e7\u00e3o, cujas caracter\u00edsticas principais s\u00e3o:<\/p>\n<p style=\"text-align: justify\">\u2022 Narra\u00e7\u00e3o curta;<br \/>\n\u2022 Descri\u00e7\u00e3o e an\u00e1lise de fatos da vida cotidiana;<br \/>\n\u2022 Normalmente, tem car\u00e1ter humor\u00edstico, cr\u00edtico, sat\u00edrico e\/ou ir\u00f4nico;<br \/>\n\u2022 Personagens comuns, cotidianos, para facilitar a identifica\u00e7\u00e3o do leitor;<br \/>\n\u2022 Tempo cronol\u00f3gico determinado;<br \/>\n\u2022 Aspectos de\u00a0oralidade e coloquialismo na fala das personagens;<br \/>\n\u2022 Linguagem simples.<\/p>\n<hr \/>\n<p style=\"text-align: justify\">13 No trecho \u201ccheguei em casa e bati na minha m\u00e1quina\u201d (R. 31 e 32), o autor explora o potencial plurissignificativo do verbo <strong>bater<\/strong> para produzir um efeito expressivo de humor dado o contexto de suas afirma\u00e7\u00f5es sobre sua rela\u00e7\u00e3o com o computador e a m\u00e1quina de escrever.<\/p>\n<p style=\"text-align: justify\"><strong>Coment\u00e1rios:<\/strong><\/p>\n<p style=\"text-align: justify\"><strong>Certo.<\/strong> Plurrissignificativo quer dizer &#8220;v\u00e1rios sentidos&#8221;. De fato, ao autor\u00a0explora no texto dois sentidos de &#8220;bater&#8221;. O primeiro \u00e9 &#8220;digitar&#8221;, o segundo \u00e9 &#8220;agredir&#8221;.<\/p>\n<hr \/>\n<p style=\"text-align: justify\">14 O termo \u201cAssim\u201d (R.15) tem valor sem\u00e2ntico demonstrativo e, por isso, a sua substitui\u00e7\u00e3o pela conjun\u00e7\u00e3o <strong>Portanto<\/strong> prejudicaria o sentido original do texto.<\/p>\n<p style=\"text-align: justify\"><strong>Coment\u00e1rios:<\/strong><\/p>\n<p style=\"text-align: justify\"><strong>Certo.<\/strong> &#8220;Assim&#8221; \u00e9 um adv\u00e9rbio de modo, com sentido de &#8220;desse modo&#8221;. Ent\u00e3o, de fato tem sentido demonstrativo, pois pressup\u00f5e &#8220;essa maneira, aquela maneira&#8221;.<\/p>\n<p style=\"text-align: justify\">De fato, esse adv\u00e9rbio muitas vezes \u00e9 utilizado com sentido conclusivo, casos em que poderia funcionar como &#8220;portanto&#8221;. N\u00c3O \u00c9 O CASO DESSA QUEST\u00c3O. Ent\u00e3o, no texto, a troca por uma conjun\u00e7\u00e3o conclusiva mudaria totalmente o sentido.<\/p>\n<hr \/>\n<p style=\"text-align: justify\">15 Infere-se das informa\u00e7\u00f5es apresentadas no documento que ele \u00e9 um of\u00edcio, documento para tratamento de assunto administrativo, destinado a outros \u00f3rg\u00e3os p\u00fablicos e privados e ao p\u00fablico em geral.<\/p>\n<p style=\"text-align: justify\"><strong>Coment\u00e1rios:<\/strong><\/p>\n<p style=\"text-align: justify\"><strong>Certo.<\/strong> O of\u00edcio \u00e9 o documento oficial de natureza externa por excel\u00eancia, usado na comunica\u00e7\u00e3o entre \u00f3rg\u00e3os e tamb\u00e9m para se dirigir a particulares, o p\u00fablico em geral. O documento de natureza eminentemente interna \u00e9 o Memorando.<\/p>\n<hr \/>\n<p style=\"text-align: justify\">16 Caso o documento apresentado fosse assinado pelo reitor da Universidade de Bras\u00edlia, a sua estrutura deveria ser diferente.<\/p>\n<p style=\"text-align: justify\"><strong>Coment\u00e1rios:<\/strong><\/p>\n<p style=\"text-align: justify\"><strong>Incorreto.<\/strong>\u00a0Item dif\u00edcil.<\/p>\n<p style=\"text-align: justify\">No manual da FUB, que \u00e9 baseado no Manual de Reda\u00e7\u00e3o Oficial da Presid\u00eancia da Rep\u00fablica, h\u00e1 disposi\u00e7\u00f5es espec\u00edficas quanto \u00e0 &#8220;FORMATA\u00c7\u00c3O&#8221; dos documentos emitidos pelo Reitor. Nessa parte, h\u00e1 detalhes sobre fonte, espa\u00e7amento, margem. Por\u00e9m, isso n\u00e3o diz respeito \u00e0 &#8220;estrutura do of\u00edcio&#8221;, que segue o padr\u00e3o of\u00edcio previsto no manual. Se fosse assinado pelo Reitor, poder\u00edamos mudar\u00a0as formas de tratamento e o fecho, mas n\u00e3o haveria uma <strong>nova estrutura<\/strong> como o item afirmou.<\/p>\n<hr \/>\n<p style=\"text-align: justify\">17 No par\u00e1grafo de conclus\u00e3o, para adequa\u00e7\u00e3o \u00e0s normas de reda\u00e7\u00e3o oficial adotadas pela FUB, a forma de tratamento Vossa Senhoria deveria ser substitu\u00edda por Vossa Excel\u00eancia.<\/p>\n<p style=\"text-align: justify\"><strong>Coment\u00e1rios:<\/strong><\/p>\n<p style=\"text-align: justify\"><strong>Certo<\/strong>. O Embaixador \u00e9 autoridade que o\u00a0manual prescreve tratar como\u00a0&#8221; Vossa Excel\u00eancia&#8221;.<\/p>\n<hr \/>\n<p style=\"text-align: justify\">18 Adequa-se \u00e0s normas de padroniza\u00e7\u00e3o de documentos da Universidade de Bras\u00edlia o vocativo Dign\u00edssimo Doutor Embaixador.<\/p>\n<p style=\"text-align: justify\"><strong>Coment\u00e1rios:<\/strong><\/p>\n<p style=\"text-align: justify\"><strong>Errado.<\/strong> Segue trecho do pr\u00f3prio manual da FUB:<\/p>\n<div>Conforme o Manual de Reda\u00e7\u00e3o da Presid\u00eancia da Rep\u00fablica,<strong> foi\u00a0abolido o emprego dos tratamentos \u201cDign\u00edssimo\u201d e \u201cIlustr\u00edssimo\u201d.<\/strong><\/div>\n<div>\n<p>Ressalta-se que \u201cDoutor\u201d n\u00e3o \u00e9 forma de tratamento e somente\u00a0deve ser empregado em comunica\u00e7\u00f5es dirigidas a pessoas\u00a0que tenham conclu\u00eddo curso universit\u00e1rio de doutorado e que,\u00a0por isso, tenham tal grau.<\/p>\n<hr \/>\n<\/div>\n<div>Ent\u00e3o \u00e9 isso, meus amigos. Espero que tenham ido bem. Boa sorte a todos!<\/div>\n<div><\/div>\n<div>Qualquer d\u00favida, entre em contato comigo!<\/div>\n","protected":false},"excerpt":{"rendered":"<p>Ol\u00e1, pessoal! Tudo bem? Aqui quem fala \u00e9 o professor Felipe, de L\u00edngua Portuguesa. Saiu o gabarito do concurso da FUB, organizado pelo CESPE. Farei um breve coment\u00e1rio das quest\u00f5es de portugu\u00eas e reda\u00e7\u00e3o oficial. Vislumbro possibilidade de recurso no item 8! Quem quiser ter acesso \u00e0s provas na \u00edntegra, acesse o link abaixo: http:\/\/www.cespe.unb.br\/concursos\/fub_16_1\/ [&hellip;]<\/p>\n","protected":false},"author":1,"featured_media":0,"comment_status":"open","ping_status":"open","sticky":false,"template":"","format":"standard","meta":{"post_tipo":"article","footnotes":""},"categories":[],"tags":[26,854,592,331,366,15,867,8],"tax_estado":[],"class_list":["post-59074","post","type-post","status-publish","format-standard","hentry","tag-cespe","tag-concurso-fub","tag-fub","tag-gabarito","tag-lingua-portuguesa","tag-portugues","tag-prova-comentada","tag-recurso"],"acf":[],"yoast_head":"<!-- This site is optimized with the Yoast SEO Premium plugin v27.2 (Yoast SEO v27.2) - https:\/\/yoast.com\/product\/yoast-seo-premium-wordpress\/ -->\n<title>Prova Comentada FUB (Portugu\u00eas) - H\u00e1 possibilidade de recurso!<\/title>\n<meta name=\"robots\" content=\"index, follow, max-snippet:-1, max-image-preview:large, max-video-preview:-1\" \/>\n<link rel=\"canonical\" href=\"https:\/\/www.estrategiaconcursos.com.br\/blog\/prova-comentada-fub-portugues-ha-possibilidade-de-recurso\/\" \/>\n<meta property=\"og:locale\" content=\"pt_BR\" \/>\n<meta property=\"og:type\" content=\"article\" \/>\n<meta property=\"og:title\" content=\"Prova Comentada FUB (Portugu\u00eas) - H\u00e1 possibilidade de recurso!\" \/>\n<meta property=\"og:description\" content=\"Ol\u00e1, pessoal! Tudo bem? Aqui quem fala \u00e9 o professor Felipe, de L\u00edngua Portuguesa. Saiu o gabarito do concurso da FUB, organizado pelo CESPE. Farei um breve coment\u00e1rio das quest\u00f5es de portugu\u00eas e reda\u00e7\u00e3o oficial. Vislumbro possibilidade de recurso no item 8! Quem quiser ter acesso \u00e0s provas na \u00edntegra, acesse o link abaixo: http:\/\/www.cespe.unb.br\/concursos\/fub_16_1\/ [&hellip;]\" \/>\n<meta property=\"og:url\" content=\"https:\/\/www.estrategiaconcursos.com.br\/blog\/prova-comentada-fub-portugues-ha-possibilidade-de-recurso\/\" \/>\n<meta property=\"og:site_name\" content=\"Estrat\u00e9gia Concursos\" \/>\n<meta property=\"article:author\" content=\"https:\/\/www.facebook.com\/EstrategiaConcursos\" \/>\n<meta property=\"article:published_time\" content=\"2016-12-21T21:25:02+00:00\" \/>\n<meta property=\"article:modified_time\" content=\"2017-01-11T22:13:22+00:00\" \/>\n<meta name=\"author\" content=\"Coordena\u00e7\u00e3o\" \/>\n<meta name=\"twitter:card\" content=\"summary_large_image\" \/>\n<meta name=\"twitter:creator\" content=\"@EstratConcursos\" \/>\n<meta name=\"twitter:site\" content=\"@EstratConcursos\" \/>\n<meta name=\"twitter:label1\" content=\"Escrito por\" \/>\n\t<meta name=\"twitter:data1\" content=\"Coordena\u00e7\u00e3o\" \/>\n\t<meta name=\"twitter:label2\" content=\"Est. tempo de leitura\" \/>\n\t<meta name=\"twitter:data2\" content=\"8 minutos\" \/>\n<script type=\"application\/ld+json\" class=\"yoast-schema-graph\">{\"@context\":\"https:\/\/schema.org\",\"@graph\":[{\"@type\":\"NewsArticle\",\"@id\":\"https:\/\/www.estrategiaconcursos.com.br\/blog\/prova-comentada-fub-portugues-ha-possibilidade-de-recurso\/#article\",\"isPartOf\":{\"@id\":\"https:\/\/www.estrategiaconcursos.com.br\/blog\/prova-comentada-fub-portugues-ha-possibilidade-de-recurso\/\"},\"author\":{\"name\":\"Coordena\u00e7\u00e3o\",\"@id\":\"https:\/\/www.estrategiaconcursos.com.br\/blog\/#\/schema\/person\/b4a388c97673c5f483d72185668afa1f\"},\"headline\":\"Prova Comentada FUB (Portugu\u00eas) &#8211; H\u00e1 possibilidade de recurso!\",\"datePublished\":\"2016-12-21T21:25:02+00:00\",\"dateModified\":\"2017-01-11T22:13:22+00:00\",\"mainEntityOfPage\":{\"@id\":\"https:\/\/www.estrategiaconcursos.com.br\/blog\/prova-comentada-fub-portugues-ha-possibilidade-de-recurso\/\"},\"wordCount\":1611,\"commentCount\":0,\"publisher\":{\"@id\":\"https:\/\/www.estrategiaconcursos.com.br\/blog\/#organization\"},\"keywords\":[\"CESPE\",\"concurso fub\",\"FUB\",\"Gabarito\",\"L\u00edngua Portuguesa\",\"Portugu\u00eas\",\"prova comentada\",\"Recurso\"],\"inLanguage\":\"pt-BR\",\"potentialAction\":[{\"@type\":\"CommentAction\",\"name\":\"Comment\",\"target\":[\"https:\/\/www.estrategiaconcursos.com.br\/blog\/prova-comentada-fub-portugues-ha-possibilidade-de-recurso\/#respond\"]}],\"copyrightYear\":\"2016\",\"copyrightHolder\":{\"@id\":\"https:\/\/www.estrategiaconcursos.com.br\/blog\/#organization\"}},{\"@type\":\"WebPage\",\"@id\":\"https:\/\/www.estrategiaconcursos.com.br\/blog\/prova-comentada-fub-portugues-ha-possibilidade-de-recurso\/\",\"url\":\"https:\/\/www.estrategiaconcursos.com.br\/blog\/prova-comentada-fub-portugues-ha-possibilidade-de-recurso\/\",\"name\":\"Prova Comentada FUB (Portugu\u00eas) - H\u00e1 possibilidade de recurso!\",\"isPartOf\":{\"@id\":\"https:\/\/www.estrategiaconcursos.com.br\/blog\/#website\"},\"datePublished\":\"2016-12-21T21:25:02+00:00\",\"dateModified\":\"2017-01-11T22:13:22+00:00\",\"breadcrumb\":{\"@id\":\"https:\/\/www.estrategiaconcursos.com.br\/blog\/prova-comentada-fub-portugues-ha-possibilidade-de-recurso\/#breadcrumb\"},\"inLanguage\":\"pt-BR\",\"potentialAction\":[{\"@type\":\"ReadAction\",\"target\":[\"https:\/\/www.estrategiaconcursos.com.br\/blog\/prova-comentada-fub-portugues-ha-possibilidade-de-recurso\/\"]}]},{\"@type\":\"BreadcrumbList\",\"@id\":\"https:\/\/www.estrategiaconcursos.com.br\/blog\/prova-comentada-fub-portugues-ha-possibilidade-de-recurso\/#breadcrumb\",\"itemListElement\":[{\"@type\":\"ListItem\",\"position\":1,\"name\":\"In\u00edcio\",\"item\":\"https:\/\/www.estrategiaconcursos.com.br\/blog\/\"},{\"@type\":\"ListItem\",\"position\":2,\"name\":\"Prova Comentada FUB (Portugu\u00eas) &#8211; H\u00e1 possibilidade de recurso!\"}]},{\"@type\":\"WebSite\",\"@id\":\"https:\/\/www.estrategiaconcursos.com.br\/blog\/#website\",\"url\":\"https:\/\/www.estrategiaconcursos.com.br\/blog\/\",\"name\":\"Estrat\u00e9gia Concursos\",\"description\":\"O blog da Estrat\u00e9gia Concursos traz not\u00edcias sobre concursos e artigos de professores oferecendo cursos para concursos (pdf + videaulas) no site.\",\"publisher\":{\"@id\":\"https:\/\/www.estrategiaconcursos.com.br\/blog\/#organization\"},\"potentialAction\":[{\"@type\":\"SearchAction\",\"target\":{\"@type\":\"EntryPoint\",\"urlTemplate\":\"https:\/\/www.estrategiaconcursos.com.br\/blog\/?s={search_term_string}\"},\"query-input\":{\"@type\":\"PropertyValueSpecification\",\"valueRequired\":true,\"valueName\":\"search_term_string\"}}],\"inLanguage\":\"pt-BR\"},{\"@type\":\"Organization\",\"@id\":\"https:\/\/www.estrategiaconcursos.com.br\/blog\/#organization\",\"name\":\"Estrat\u00e9gia Concursos\",\"url\":\"https:\/\/www.estrategiaconcursos.com.br\/blog\/\",\"logo\":{\"@type\":\"ImageObject\",\"inLanguage\":\"pt-BR\",\"@id\":\"https:\/\/www.estrategiaconcursos.com.br\/blog\/#\/schema\/logo\/image\/\",\"url\":\"https:\/\/dhg1h5j42swfq.cloudfront.net\/2025\/06\/03203428\/logo_concursos-1.jpg\",\"contentUrl\":\"https:\/\/dhg1h5j42swfq.cloudfront.net\/2025\/06\/03203428\/logo_concursos-1.jpg\",\"width\":230,\"height\":60,\"caption\":\"Estrat\u00e9gia Concursos\"},\"image\":{\"@id\":\"https:\/\/www.estrategiaconcursos.com.br\/blog\/#\/schema\/logo\/image\/\"},\"sameAs\":[\"https:\/\/x.com\/EstratConcursos\"]},{\"@type\":\"Person\",\"@id\":\"https:\/\/www.estrategiaconcursos.com.br\/blog\/#\/schema\/person\/b4a388c97673c5f483d72185668afa1f\",\"name\":\"Coordena\u00e7\u00e3o\",\"image\":{\"@type\":\"ImageObject\",\"inLanguage\":\"pt-BR\",\"@id\":\"https:\/\/secure.gravatar.com\/avatar\/b720319e4c9a967eb58678d110f4fe35452fc5d5f97b202bac7b8acceb18c6ad?s=96&d=mm&r=g\",\"url\":\"https:\/\/secure.gravatar.com\/avatar\/b720319e4c9a967eb58678d110f4fe35452fc5d5f97b202bac7b8acceb18c6ad?s=96&d=mm&r=g\",\"contentUrl\":\"https:\/\/secure.gravatar.com\/avatar\/b720319e4c9a967eb58678d110f4fe35452fc5d5f97b202bac7b8acceb18c6ad?s=96&d=mm&r=g\",\"caption\":\"Coordena\u00e7\u00e3o\"},\"sameAs\":[\"https:\/\/www.facebook.com\/EstrategiaConcursos\",\"https:\/\/x.com\/EstratConcursos\"],\"url\":\"https:\/\/www.estrategiaconcursos.com.br\/blog\/author\/estrategia2013\/\"}]}<\/script>\n<!-- \/ Yoast SEO Premium plugin. -->","yoast_head_json":{"title":"Prova Comentada FUB (Portugu\u00eas) - H\u00e1 possibilidade de recurso!","robots":{"index":"index","follow":"follow","max-snippet":"max-snippet:-1","max-image-preview":"max-image-preview:large","max-video-preview":"max-video-preview:-1"},"canonical":"https:\/\/www.estrategiaconcursos.com.br\/blog\/prova-comentada-fub-portugues-ha-possibilidade-de-recurso\/","og_locale":"pt_BR","og_type":"article","og_title":"Prova Comentada FUB (Portugu\u00eas) - H\u00e1 possibilidade de recurso!","og_description":"Ol\u00e1, pessoal! Tudo bem? Aqui quem fala \u00e9 o professor Felipe, de L\u00edngua Portuguesa. Saiu o gabarito do concurso da FUB, organizado pelo CESPE. Farei um breve coment\u00e1rio das quest\u00f5es de portugu\u00eas e reda\u00e7\u00e3o oficial. Vislumbro possibilidade de recurso no item 8! Quem quiser ter acesso \u00e0s provas na \u00edntegra, acesse o link abaixo: http:\/\/www.cespe.unb.br\/concursos\/fub_16_1\/ [&hellip;]","og_url":"https:\/\/www.estrategiaconcursos.com.br\/blog\/prova-comentada-fub-portugues-ha-possibilidade-de-recurso\/","og_site_name":"Estrat\u00e9gia Concursos","article_author":"https:\/\/www.facebook.com\/EstrategiaConcursos","article_published_time":"2016-12-21T21:25:02+00:00","article_modified_time":"2017-01-11T22:13:22+00:00","author":"Coordena\u00e7\u00e3o","twitter_card":"summary_large_image","twitter_creator":"@EstratConcursos","twitter_site":"@EstratConcursos","twitter_misc":{"Escrito por":"Coordena\u00e7\u00e3o","Est. tempo de leitura":"8 minutos"},"schema":{"@context":"https:\/\/schema.org","@graph":[{"@type":"NewsArticle","@id":"https:\/\/www.estrategiaconcursos.com.br\/blog\/prova-comentada-fub-portugues-ha-possibilidade-de-recurso\/#article","isPartOf":{"@id":"https:\/\/www.estrategiaconcursos.com.br\/blog\/prova-comentada-fub-portugues-ha-possibilidade-de-recurso\/"},"author":{"name":"Coordena\u00e7\u00e3o","@id":"https:\/\/www.estrategiaconcursos.com.br\/blog\/#\/schema\/person\/b4a388c97673c5f483d72185668afa1f"},"headline":"Prova Comentada FUB (Portugu\u00eas) &#8211; H\u00e1 possibilidade de recurso!","datePublished":"2016-12-21T21:25:02+00:00","dateModified":"2017-01-11T22:13:22+00:00","mainEntityOfPage":{"@id":"https:\/\/www.estrategiaconcursos.com.br\/blog\/prova-comentada-fub-portugues-ha-possibilidade-de-recurso\/"},"wordCount":1611,"commentCount":0,"publisher":{"@id":"https:\/\/www.estrategiaconcursos.com.br\/blog\/#organization"},"keywords":["CESPE","concurso fub","FUB","Gabarito","L\u00edngua Portuguesa","Portugu\u00eas","prova comentada","Recurso"],"inLanguage":"pt-BR","potentialAction":[{"@type":"CommentAction","name":"Comment","target":["https:\/\/www.estrategiaconcursos.com.br\/blog\/prova-comentada-fub-portugues-ha-possibilidade-de-recurso\/#respond"]}],"copyrightYear":"2016","copyrightHolder":{"@id":"https:\/\/www.estrategiaconcursos.com.br\/blog\/#organization"}},{"@type":"WebPage","@id":"https:\/\/www.estrategiaconcursos.com.br\/blog\/prova-comentada-fub-portugues-ha-possibilidade-de-recurso\/","url":"https:\/\/www.estrategiaconcursos.com.br\/blog\/prova-comentada-fub-portugues-ha-possibilidade-de-recurso\/","name":"Prova Comentada FUB (Portugu\u00eas) - H\u00e1 possibilidade de recurso!","isPartOf":{"@id":"https:\/\/www.estrategiaconcursos.com.br\/blog\/#website"},"datePublished":"2016-12-21T21:25:02+00:00","dateModified":"2017-01-11T22:13:22+00:00","breadcrumb":{"@id":"https:\/\/www.estrategiaconcursos.com.br\/blog\/prova-comentada-fub-portugues-ha-possibilidade-de-recurso\/#breadcrumb"},"inLanguage":"pt-BR","potentialAction":[{"@type":"ReadAction","target":["https:\/\/www.estrategiaconcursos.com.br\/blog\/prova-comentada-fub-portugues-ha-possibilidade-de-recurso\/"]}]},{"@type":"BreadcrumbList","@id":"https:\/\/www.estrategiaconcursos.com.br\/blog\/prova-comentada-fub-portugues-ha-possibilidade-de-recurso\/#breadcrumb","itemListElement":[{"@type":"ListItem","position":1,"name":"In\u00edcio","item":"https:\/\/www.estrategiaconcursos.com.br\/blog\/"},{"@type":"ListItem","position":2,"name":"Prova Comentada FUB (Portugu\u00eas) &#8211; H\u00e1 possibilidade de recurso!"}]},{"@type":"WebSite","@id":"https:\/\/www.estrategiaconcursos.com.br\/blog\/#website","url":"https:\/\/www.estrategiaconcursos.com.br\/blog\/","name":"Estrat\u00e9gia Concursos","description":"O blog da Estrat\u00e9gia Concursos traz not\u00edcias sobre concursos e artigos de professores oferecendo cursos para concursos (pdf + videaulas) no site.","publisher":{"@id":"https:\/\/www.estrategiaconcursos.com.br\/blog\/#organization"},"potentialAction":[{"@type":"SearchAction","target":{"@type":"EntryPoint","urlTemplate":"https:\/\/www.estrategiaconcursos.com.br\/blog\/?s={search_term_string}"},"query-input":{"@type":"PropertyValueSpecification","valueRequired":true,"valueName":"search_term_string"}}],"inLanguage":"pt-BR"},{"@type":"Organization","@id":"https:\/\/www.estrategiaconcursos.com.br\/blog\/#organization","name":"Estrat\u00e9gia Concursos","url":"https:\/\/www.estrategiaconcursos.com.br\/blog\/","logo":{"@type":"ImageObject","inLanguage":"pt-BR","@id":"https:\/\/www.estrategiaconcursos.com.br\/blog\/#\/schema\/logo\/image\/","url":"https:\/\/dhg1h5j42swfq.cloudfront.net\/2025\/06\/03203428\/logo_concursos-1.jpg","contentUrl":"https:\/\/dhg1h5j42swfq.cloudfront.net\/2025\/06\/03203428\/logo_concursos-1.jpg","width":230,"height":60,"caption":"Estrat\u00e9gia Concursos"},"image":{"@id":"https:\/\/www.estrategiaconcursos.com.br\/blog\/#\/schema\/logo\/image\/"},"sameAs":["https:\/\/x.com\/EstratConcursos"]},{"@type":"Person","@id":"https:\/\/www.estrategiaconcursos.com.br\/blog\/#\/schema\/person\/b4a388c97673c5f483d72185668afa1f","name":"Coordena\u00e7\u00e3o","image":{"@type":"ImageObject","inLanguage":"pt-BR","@id":"https:\/\/secure.gravatar.com\/avatar\/b720319e4c9a967eb58678d110f4fe35452fc5d5f97b202bac7b8acceb18c6ad?s=96&d=mm&r=g","url":"https:\/\/secure.gravatar.com\/avatar\/b720319e4c9a967eb58678d110f4fe35452fc5d5f97b202bac7b8acceb18c6ad?s=96&d=mm&r=g","contentUrl":"https:\/\/secure.gravatar.com\/avatar\/b720319e4c9a967eb58678d110f4fe35452fc5d5f97b202bac7b8acceb18c6ad?s=96&d=mm&r=g","caption":"Coordena\u00e7\u00e3o"},"sameAs":["https:\/\/www.facebook.com\/EstrategiaConcursos","https:\/\/x.com\/EstratConcursos"],"url":"https:\/\/www.estrategiaconcursos.com.br\/blog\/author\/estrategia2013\/"}]}},"_links":{"self":[{"href":"https:\/\/www.estrategiaconcursos.com.br\/blog\/wp-json\/wp\/v2\/posts\/59074","targetHints":{"allow":["GET"]}}],"collection":[{"href":"https:\/\/www.estrategiaconcursos.com.br\/blog\/wp-json\/wp\/v2\/posts"}],"about":[{"href":"https:\/\/www.estrategiaconcursos.com.br\/blog\/wp-json\/wp\/v2\/types\/post"}],"author":[{"embeddable":true,"href":"https:\/\/www.estrategiaconcursos.com.br\/blog\/wp-json\/wp\/v2\/users\/1"}],"replies":[{"embeddable":true,"href":"https:\/\/www.estrategiaconcursos.com.br\/blog\/wp-json\/wp\/v2\/comments?post=59074"}],"version-history":[{"count":5,"href":"https:\/\/www.estrategiaconcursos.com.br\/blog\/wp-json\/wp\/v2\/posts\/59074\/revisions"}],"predecessor-version":[{"id":59093,"href":"https:\/\/www.estrategiaconcursos.com.br\/blog\/wp-json\/wp\/v2\/posts\/59074\/revisions\/59093"}],"wp:attachment":[{"href":"https:\/\/www.estrategiaconcursos.com.br\/blog\/wp-json\/wp\/v2\/media?parent=59074"}],"wp:term":[{"taxonomy":"category","embeddable":true,"href":"https:\/\/www.estrategiaconcursos.com.br\/blog\/wp-json\/wp\/v2\/categories?post=59074"},{"taxonomy":"post_tag","embeddable":true,"href":"https:\/\/www.estrategiaconcursos.com.br\/blog\/wp-json\/wp\/v2\/tags?post=59074"},{"taxonomy":"tax_estado","embeddable":true,"href":"https:\/\/www.estrategiaconcursos.com.br\/blog\/wp-json\/wp\/v2\/tax_estado?post=59074"}],"curies":[{"name":"wp","href":"https:\/\/api.w.org\/{rel}","templated":true}]}}