{"id":590635,"date":"2020-11-03T00:29:00","date_gmt":"2020-11-03T03:29:00","guid":{"rendered":"https:\/\/www.estrategiaconcursos.com.br\/blog\/?p=590635"},"modified":"2023-06-19T14:05:40","modified_gmt":"2023-06-19T17:05:40","slug":"concurso-pm-pr-e-cbm-pr-edital-cadete","status":"publish","type":"post","link":"https:\/\/www.estrategiaconcursos.com.br\/blog\/concurso-pm-pr-e-cbm-pr-edital-cadete\/","title":{"rendered":"Concurso PM PR e CBM PR: incri\u00e7\u00f5es abertas! 60 vagas ofertadas!"},"content":{"rendered":"\n<h2 class=\"wp-block-heading\"><em>Provas do concurso PM e CBM PR  em fevereiro de 2021!<\/em><\/h2>\n\n\n\n<p>\u00d3tima not\u00edcia aos paranaenses: est\u00e3o abertas as inscri\u00e7\u00f5es para o concurso PM PR e CBM PR! Conforme o documento, s\u00e3o ofertadas <strong>60 vagas para Cadete Pol\u00edcia Militar e 10 vagas para Cadete Bombeiro Militar<\/strong>. <\/p>\n\n\n\n<p>As oportunidades se distribuem entre ampla concorr\u00eancia e candidatos afrodescendentes, exigindo forma\u00e7\u00e3o de n\u00edvel m\u00e9dio. O sal\u00e1rio inicial \u00e9 de <strong>R$ 3.277,88<\/strong>. Contudo, ap\u00f3s o per\u00edodo de est\u00e1gio probat\u00f3rio, bem como a promo\u00e7\u00e3o ao Posto de 2\u00ba Tenente, o subs\u00eddio passa a ser de R$ 9.735,33.<\/p>\n\n\n\n<p>Os interessados em participar desta sele\u00e7\u00e3o devem realizar as inscri\u00e7\u00f5es no per\u00edodo de 03 de novembro a 18 de dezembro, no site da banca organizadora, <strong>UFPR<\/strong>. A taxa foi definida no valor \u00fanico de <strong>R$ 155,00<\/strong>. J\u00e1 as provas devem ocorrer em fevereiro e abril de 2021.<\/p>\n\n\n\n<p>A fim de te deixar sempre bem informado, elaboramos neste artigo as principais informa\u00e7\u00f5es e novidades sobre o Concurso PM PR e CBM PR. Acompanhe abaixo e n\u00e3o perca nenhum detalhe!<\/p>\n\n\n\n<h2 class=\"wp-block-heading\" id=\"datas\">Principais datas do Concurso PM PR e CBM PR<\/h2>\n\n\n\n<p class=\"has-very-light-gray-background-color has-background\"><strong>Inscri\u00e7\u00f5es<\/strong>: 03 de novembro a 18 de dezembro<br \/><strong>Isen\u00e7\u00e3o da taxa<\/strong> (Cad\u00danico): 03 a 13 de novembro<br \/><strong>Isen\u00e7\u00e3o da taxa<\/strong> (Base nas Leis): 03 a 20 de novembro<br \/><strong>\u00daltimo dia para pagamento<\/strong>: 18 de dezembro<br \/><strong>Prova<\/strong> (1\u00aa fase): 28 de fevereiro de 2021<br \/><strong>Prova<\/strong> (2\u00aa fase): 18 de abril de 2021<\/p>\n\n\n\n<h2 class=\"wp-block-heading\" id=\"cargos-vagas\">Cargos e vagas do Concurso PM PR e CBM PR<\/h2>\n\n\n\n<p>O concurso PM PR e CBM PR oferta, ao todo, 70 vagas para o cargo de Cadete, que exige forma\u00e7\u00e3o de n\u00edvel m\u00e9dio completo.<\/p>\n\n\n\n<h3 class=\"wp-block-heading\">Vagas<\/h3>\n\n\n\n<figure class=\"wp-block-table is-style-stripes\"><table class=\"has-background has-fixed-layout\" style=\"background-color:#e7f5fe\"><thead><tr><th>Cargo<\/th><th class=\"has-text-align-center\" data-align=\"center\">Vagas AC<\/th><th class=\"has-text-align-center\" data-align=\"center\">Vagas Afro<\/th><th class=\"has-text-align-center\" data-align=\"center\">Total<\/th><\/tr><\/thead><tbody><tr><td>Cadete PM<\/td><td class=\"has-text-align-center\" data-align=\"center\">54<\/td><td class=\"has-text-align-center\" data-align=\"center\">06<\/td><td class=\"has-text-align-center\" data-align=\"center\">60<\/td><\/tr><tr><td>Cadete BM<\/td><td class=\"has-text-align-center\" data-align=\"center\">09<\/td><td class=\"has-text-align-center\" data-align=\"center\">01<\/td><td class=\"has-text-align-center\" data-align=\"center\">10<\/td><\/tr><\/tbody><\/table><\/figure>\n\n\n\n<p>Para o sexo feminino, fica fica limitado o ingresso a at\u00e9 50% das vagas ofertadas, nos termos da Lei estadual n\u00ba 14.804\/2005. Atingido o limite previsto, n\u00e3o ser\u00e3o nomeadas candidatas do sexo feminino, independentemente da classifica\u00e7\u00e3o final obtida.<\/p>\n\n\n\n<h3 class=\"wp-block-heading\">Sal\u00e1rio<\/h3>\n\n\n\n<figure class=\"wp-block-table is-style-stripes\"><table class=\"has-background has-fixed-layout\" style=\"background-color:#e7f5fe\"><thead><tr><th class=\"has-text-align-center\" data-align=\"center\">Cargo<\/th><th class=\"has-text-align-center\" data-align=\"center\">Subs\u00eddio<\/th><\/tr><\/thead><tbody><tr><td class=\"has-text-align-center\" data-align=\"center\">Cadete 1\u00ba CFO<\/td><td class=\"has-text-align-center\" data-align=\"center\">R$ 3.277,88<\/td><\/tr><tr><td class=\"has-text-align-center\" data-align=\"center\">2\u00ba Tenente<\/td><td class=\"has-text-align-center\" data-align=\"center\">R$ 9.735,33*<\/td><\/tr><\/tbody><\/table><\/figure>\n\n\n\n<p><em>*O Curso de Forma\u00e7\u00e3o de Oficiais tem dura\u00e7\u00e3o aproximada de 3 anos. O Cadete do 1\u00ba ano recebe um subs\u00eddio no valor de R$ 3.277,88, no 2\u00ba ano o valor \u00e9 de R$ 3.671,24 e no 3\u00ba ano \u00e9 de R$ 4.221,93. Ao concluir o 3\u00ba ano, o Cadete \u00e9 declarado Aspirante a Oficial com subs\u00eddio no valor de R$ 7.211,35. Ap\u00f3s o per\u00edodo de est\u00e1gio probat\u00f3rio, estar\u00e1 apto a ser promovido ao Posto de 2\u00ba Tenente, com subs\u00eddio a partir de R$ 9.735,33.<\/em><\/p>\n\n\n\n<h3 class=\"wp-block-heading\">Requisitos<\/h3>\n\n\n\n<ul class=\"wp-block-list\">\n<li><strong>a)<\/strong> ter nacionalidade brasileira;<\/li>\n\n\n\n<li><strong>b) <\/strong>ter no m\u00e1ximo 30 anos de idade completos, at\u00e9 o primeiro dia de inscri\u00e7\u00f5es. O candidato n\u00e3o dever\u00e1 ter completado 31 anos no primeiro dia das inscri\u00e7\u00f5es;<\/li>\n\n\n\n<li><strong>c)<\/strong> comprovar conclus\u00e3o do ensino m\u00e9dio, atrav\u00e9s de diploma de conclus\u00e3o devidamente registrado ou certificado de conclus\u00e3o do ensino m\u00e9dio ou documento equivalente, em escola p\u00fablica ou particular, reconhecida pelos \u00f3rg\u00e3os oficiais de ensino;<\/li>\n\n\n\n<li><strong>d)<\/strong> ter sido aprovado em todas as etapas do presente concurso p\u00fablico;<\/li>\n\n\n\n<li><strong>e)<\/strong> ter aptid\u00e3o f\u00edsica e mental para o exerc\u00edcio das atribui\u00e7\u00f5es do cargo;<\/li>\n\n\n\n<li><strong>f)<\/strong> estar quite com o servi\u00e7o militar;<\/li>\n\n\n\n<li><strong>g) <\/strong>estar em dia com as obriga\u00e7\u00f5es eleitorais.<\/li>\n<\/ul>\n\n\n\n<h2 class=\"wp-block-heading\" id=\"etapas\">Etapas e provas do Concurso PM PR e CBM PR<\/h2>\n\n\n\n<p>Os candidatos do concurso PM PR e CBM PR ser\u00e3o avaliados por meio de duas etapas, sendo elas:<\/p>\n\n\n\n<ol class=\"wp-block-list\">\n<li><strong>Processo Seletivo da UFPR (PS\/UFPR):<\/strong>\n<ul class=\"wp-block-list\">\n<li>Prova de Conhecimentos Gerais;<\/li>\n\n\n\n<li>Prova de Compreens\u00e3o e Produ\u00e7\u00e3o de Textos.<\/li>\n<\/ul>\n<\/li>\n\n\n\n<li><strong>Provas de Habilidades Espec\u00edficas (PHE):<\/strong>\n<ul class=\"wp-block-list\">\n<li>Investiga\u00e7\u00e3o Social (IS);<\/li>\n\n\n\n<li>Avalia\u00e7\u00e3o Psicol\u00f3gica (AP);<\/li>\n\n\n\n<li>Exame de Capacidade F\u00edsica (ECAFI);<\/li>\n\n\n\n<li>Exame de Sanidade F\u00edsica (ESAFI).<\/li>\n<\/ul>\n<\/li>\n<\/ol>\n\n\n\n<h3 class=\"wp-block-heading\"><strong>Processo Seletivo da UFPR (PS\/UFPR)<\/strong><\/h3>\n\n\n\n<p>A primeira etapa do concurso PM PR e CBM PR, de car\u00e1ter eliminat\u00f3rio e classificat\u00f3rio, ser\u00e1 composta pelo Processo Seletivo da UFPR (PS\/UFPR), constitu\u00eddo em duas fases.<\/p>\n\n\n\n<p>Esta etapa ser\u00e1 realizada nos moldes de vestibular, o qual consistir\u00e1 de provas que avaliem, al\u00e9m do dom\u00ednio dos conte\u00fados curriculares previstos nas normatiza\u00e7\u00f5es oficiais que regulam o ensino m\u00e9dio, as capacidades do candidato de argumentar com clareza, de relacionar e interpretar fatos e dados e de raciocinar de maneira l\u00f3gica.<\/p>\n\n\n\n<p>Valendo 90 pontos, a primeira prova constitu\u00edda de 90 quest\u00f5es objetivas de Conhecimentos Gerais. Sua aplica\u00e7\u00e3o ser\u00e1 realizada no dia 28 de fevereiro de 2021, a partir das 14h, com dura\u00e7\u00e3o de 05h30. <\/p>\n\n\n\n<ul class=\"wp-block-list\">\n<li><strong>Matem\u00e1tica \u2013 9 quest\u00f5es;<\/strong><\/li>\n\n\n\n<li><strong>F\u00edsica \u2013 9 quest\u00f5es;<\/strong><\/li>\n\n\n\n<li><strong>Qu\u00edmica \u2013 9 quest\u00f5es;<\/strong><\/li>\n\n\n\n<li><strong>Biologia \u2013 9 quest\u00f5es;<\/strong><\/li>\n\n\n\n<li><strong>Geografia \u2013 9 quest\u00f5es;<\/strong><\/li>\n\n\n\n<li><strong>Hist\u00f3ria \u2013 9 quest\u00f5es;<\/strong><\/li>\n\n\n\n<li><strong>L\u00edngua Estrangeira Moderna (Alem\u00e3o, Espanhol, Franc\u00eas, Ingl\u00eas, Polon\u00eas, Japon\u00eas ou Italiano) \u2013 8 quest\u00f5es;<\/strong><\/li>\n\n\n\n<li><strong>L\u00edngua Portuguesa \u2013 18 quest\u00f5es;<\/strong><\/li>\n\n\n\n<li><strong>Filosofia \u2013 5 quest\u00f5es;<\/strong><\/li>\n\n\n\n<li><strong>Sociologia \u2013 5 quest\u00f5es.<\/strong><\/li>\n<\/ul>\n\n\n\n<p>J\u00e1 a segunda prova ser\u00e1 composta por 03 quest\u00f5es discursivas, no valor de 20 pontos cada uma, totalizando 60 pontos, e de at\u00e9 duas provas espec\u00edficas, segundo as op\u00e7\u00f5es realizadas por cada curso. O exame ser\u00e1 aplicado nos dias 18 e 19 de abril 2021, a partir das 14h, com dura\u00e7\u00e3o de 04h30.<\/p>\n\n\n\n<h4 class=\"wp-block-heading has-medium-font-size\">Classifica\u00e7\u00e3o<\/h4>\n\n\n\n<p>Estar\u00e3o automaticamente classificados para as PHE, respeitados os candidatos empatados na \u00faltima posi\u00e7\u00e3o, somente:<\/p>\n\n\n\n<ul class=\"wp-block-list\">\n<li><strong>a) <\/strong>os 162 primeiros candidatos classificados no resultado final do PS\/UFPR na concorr\u00eancia geral para o cargo de Cadete PM;<\/li>\n\n\n\n<li><strong>b) <\/strong>os 18 primeiros candidatos classificados no resultado final do PS\/UFPR na concorr\u00eancia afrodescendente para o cargo de Cadete PM;<\/li>\n\n\n\n<li><strong>c) <\/strong>os 36 primeiros candidatos classificados no resultado final do PS\/UFPR na concorr\u00eancia geral para o cargo de Cadete BM;<\/li>\n\n\n\n<li><strong>d)<\/strong> os 04 primeiros candidatos classificados no resultado final do PS\/UFPR na concorr\u00eancia afrodescendente para o cargo de Cadete BM.<\/li>\n<\/ul>\n\n\n\n<h3 class=\"wp-block-heading\"><strong><\/strong><strong>Provas de Habilidades Espec\u00edficas (PHE)<\/strong><\/h3>\n\n\n\n<p>A segunda etapa, de car\u00e1ter eliminat\u00f3rio, ser\u00e1 composta pelas Provas de Habilidades Espec\u00edficas (PHE) realizadas no \u00e2mbito da PMPR por bancas designadas e reguladas.<\/p>\n\n\n\n<h4 class=\"wp-block-heading has-medium-font-size\">Investiga\u00e7\u00e3o Social<\/h4>\n\n\n\n<p>A IS visa verificar todos os aspectos da vida pregressa e atual do candidato, quer seja social, moral, profissional, escolar e demais aspectos de vida em sociedade, bem como, a exist\u00eancia de antecedentes de car\u00e1ter policial ou criminal que contraindiquem o candidato, dada a natureza e o grau de responsabilidades inerentes ao cargo militar estadual e ao exerc\u00edcio das fun\u00e7\u00f5es institucionais, impedindo que pessoa com situa\u00e7\u00e3o incompat\u00edvel ingresse na Institui\u00e7\u00e3o.<\/p>\n\n\n\n<p>A IS comp\u00f5em-se das seguintes etapas:<\/p>\n\n\n\n<ul class=\"wp-block-list\">\n<li>entrega do formul\u00e1rio de dados biogr\u00e1ficos (FDB), certid\u00f5es e documentos;<\/li>\n\n\n\n<li>an\u00e1lise do FDB, certid\u00f5es e documentos;<\/li>\n\n\n\n<li>investiga\u00e7\u00e3o de sistemas;<\/li>\n\n\n\n<li>investiga\u00e7\u00e3o de campo.<\/li>\n<\/ul>\n\n\n\n<h4 class=\"wp-block-heading has-medium-font-size\">Avalia\u00e7\u00e3o Psicol\u00f3gica<\/h4>\n\n\n\n<p>A AP para ingresso na PMPR, de car\u00e1ter eliminat\u00f3rio, ser\u00e1 realizada por banca examinadora formada por psic\u00f3logos, civis e\/ou militares, devidamente inscritos no Conselho Regional de Psicologia da 8\u00aa Regi\u00e3o (CRP\/08).<\/p>\n\n\n\n<h4 class=\"wp-block-heading has-medium-font-size\">Exame de Sanidade F\u00edsica<\/h4>\n\n\n\n<p>O ESAFI compreender\u00e1 as avalia\u00e7\u00f5es m\u00e9dica e odontol\u00f3gica, baseadas na anamnese, no exame cl\u00ednico e nos exames requeridos ao candidato. Essas avalia\u00e7\u00f5es t\u00eam por finalidade selecionar o candidato apto ao exerc\u00edcio pleno das fun\u00e7\u00f5es da carreira de militar estadual e das atividades inerentes a ela.<\/p>\n\n\n\n<h4 class=\"wp-block-heading has-medium-font-size\">Exame de Capacidade F\u00edsica<\/h4>\n\n\n\n<p>O ECAFI se prop\u00f5e \u00e0 realiza\u00e7\u00e3o de um conjunto de provas, compostas de exerc\u00edcios f\u00edsicos que avaliem par\u00e2metros de for\u00e7a, coordena\u00e7\u00e3o e equil\u00edbrio din\u00e2mico e\/ou flexibilidade, pot\u00eancia muscular, capacidade aer\u00f3bica, anaer\u00f3bica e velocidade, sendo o candidato capaz de cumprir com habilidade o que lhe \u00e9 proposto, obtendo pelo menos os \u00edndices m\u00ednimos aceit\u00e1veis em cada prova e permitindo ainda classificar o estado f\u00edsico, no momento da execu\u00e7\u00e3o dos testes, em APTO ou INAPTO.<\/p>\n\n\n\n<p>As provas do Teste de Sufici\u00eancia F\u00edsica para ingresso cargos de Cadete PM e de Cadete BM ser\u00e3o assim divididas:<\/p>\n\n\n\n<ul class=\"wp-block-list\">\n<li>Masculino: 03 testes, sendo: Shuttle Run, tra\u00e7\u00e3o em barra fixa e a corrida de 2.400 metros;<\/li>\n\n\n\n<li>Feminino: 03 testes, sendo: Shuttle Run, isometria em barra fixa e a corrida de 2.400 metros.<\/li>\n<\/ul>\n\n\n\n<p>As provas do Teste de Habilidade Espec\u00edfica ser\u00e3o aplicadas para ingresso no cargo de Cadete BM, sendo:<\/p>\n\n\n\n<ul class=\"wp-block-list\">\n<li>Mergulho;<\/li>\n\n\n\n<li>Deslocamento em meio l\u00edquido;<\/li>\n\n\n\n<li>Transposi\u00e7\u00e3o em trave suspensa;<\/li>\n\n\n\n<li>Simula\u00e7\u00e3o de resgate.<\/li>\n<\/ul>\n\n\n\n<hr class=\"wp-block-separator has-css-opacity\"\/>\n\n\n\n<h2 class=\"wp-block-heading has-text-align-center\">Quer estudar para o c<strong>oncurso PM e CBM PR<\/strong>?<\/h2>\n\n\n\n<div class=\"container\" id=\"boxes\">\n  <div class=\"row\">\n\n    <div class=\"col-sm\">\n      <div class=\"banner-policial\" id=\"box-assinatura\">\n        <h3 class=\"titulo-assinatura\">Carreiras Policiais<\/h3>\n        <p class=\"subtitulo-assinatura\">Conhe\u00e7a os cursos<\/p>\n        <div class=\"box-botao\">\n          <a class=\"btn-assinatura\" target=\"_blank\" href=\"https:\/\/www.estrategiaconcursos.com.br\/cursosPorConcurso\/cursos-para-concursos-policiais\/\" role=\"button\" rel=\"noopener noreferrer\">Conhe\u00e7a mais<\/a>\n        <\/div>\n      <\/div>\n      <p class=\"texto-auxiliar\">Prepare-se com o melhor material e com quem mais aprova em Concursos P\u00fablicos em todo o pa\u00eds. Assine agora a nossa Assinatura Anual e tenha acesso ilimitado* a todos os nossos cursos.<\/p>\n    <\/div>\n\n  <\/div>\n<\/div>\n\n\n\n<div class=\"container\" id=\"boxes\">\n  <div class=\"row\">\n\n    <div class=\"col-sm\">\n      <div class=\"estrategia\" id=\"box-assinatura\">\n        <h3 class=\"titulo-assinatura\">Assinatura Ilimitada<\/h3>\n        <p class=\"subtitulo-assinatura\">Assinatura Anual Ilimitada*<\/p>\n        <div class=\"box-botao\">\n          <a class=\"btn-assinatura\" target=\"_blank\" href=\"https:\/\/www.estrategiaconcursos.com.br\/assinaturas\/\" role=\"button\" rel=\"noopener noreferrer\">ASSINE AGORA<\/a>\n        <\/div>\n      <\/div>\n      <p class=\"texto-auxiliar\">Prepare-se com o melhor material e com quem mais aprova em Concursos P\u00fablicos em todo o pa\u00eds. Assine agora a nossa Assinatura Anual e tenha acesso ilimitado* a todos os nossos cursos.<\/p>\n    <\/div>\n\n    <div class=\"col-sm\">\n      <div class=\"questoes\" id=\"box-assinatura\">\n        <h3 class=\"titulo-assinatura\">Sistema de Quest\u00f5es<\/h3>\n        <p class=\"subtitulo-assinatura\">Assinatura Ilimitada*\n<\/p>\n        <div class=\"box-botao\">\n          <a class=\"btn-assinatura\" target=\"_blank\" href=\"https:\/\/www.estrategiaconcursos.com.br\/cursosPorConcurso\/sistema-de-questoes\/#\/\" role=\"button\" rel=\"noopener noreferrer\">ASSINE AGORA<\/a>\n        <\/div>\n      <\/div>\n      <p class=\"texto-auxiliar\">Estrat\u00e9gia Quest\u00f5es nasceu maior do que todos os concorrentes, com mais quest\u00f5es cadastradas e mais solu\u00e7\u00f5es por professores. Clique no link e aproveite os descontos e b\u00f4nus imperd\u00edveis!<\/p>\n    <\/div>\n  <\/div>\n<\/div>\n\n\n\n<figure class=\"wp-block-image\"><img loading=\"lazy\" decoding=\"async\" width=\"300\" height=\"102\" src=\"https:\/\/dhg1h5j42swfq.cloudfront.net\/2017\/03\/28152500\/coruja-ficha-tecnica-300x102.png\" alt=\"Informa\u00e7\u00f5es do Concurso PM PR e CBM PR\" class=\"wp-image-68542\"\/><\/figure>\n\n\n\n<h3 class=\"wp-block-heading\" id=\"ficha\"><strong>Informa\u00e7\u00f5es do Concurso PM PR e CBM PR<\/strong><\/h3>\n\n\n\n<ul class=\"wp-block-list\">\n<li><strong>Inscri\u00e7\u00f5es<\/strong>: 03\/11 a 18\/12\/2020<\/li>\n\n\n\n<li><strong>Provas<\/strong>: 28\/02 e 18\/04\/2021<\/li>\n\n\n\n<li><strong>Vagas<\/strong>: 70<\/li>\n\n\n\n<li><strong>Cargos<\/strong>: Cadete PM e Cadete BM<\/li>\n\n\n\n<li><strong>Banca<\/strong>: UFPR<\/li>\n\n\n\n<li><strong>Escolaridade<\/strong>: N\u00edvel m\u00e9dio<\/li>\n\n\n\n<li><strong>Edital<\/strong>:&nbsp;<a rel=\"noreferrer noopener\" href=\"https:\/\/dhg1h5j42swfq.cloudfront.net\/2020\/10\/17132202\/edital-pm-e-cbm-pr.pdf\" target=\"_blank\">Edital PM PR e CBM PR<\/a> | <a rel=\"noreferrer noopener\" href=\"https:\/\/dhg1h5j42swfq.cloudfront.net\/2020\/10\/17134721\/PublicacaoDocumento-1.pdf\" target=\"_blank\">Normas<\/a><\/li>\n<\/ul>\n","protected":false},"excerpt":{"rendered":"<p>Provas do concurso PM e CBM PR em fevereiro de 2021! \u00d3tima not\u00edcia aos paranaenses: est\u00e3o abertas as inscri\u00e7\u00f5es para o concurso PM PR e CBM PR! Conforme o documento, s\u00e3o ofertadas 60 vagas para Cadete Pol\u00edcia Militar e 10 vagas para Cadete Bombeiro Militar. As oportunidades se distribuem entre ampla concorr\u00eancia e candidatos afrodescendentes, [&hellip;]<\/p>\n","protected":false},"author":552,"featured_media":444274,"comment_status":"open","ping_status":"closed","sticky":false,"template":"","format":"standard","meta":{"post_tipo":"news","footnotes":""},"categories":[1988],"tags":[],"tax_estado":[219981],"class_list":["post-590635","post","type-post","status-publish","format-standard","has-post-thumbnail","hentry","category-policia","tax_estado-pr"],"acf":[],"yoast_head":"<!-- This site is optimized with the Yoast SEO Premium plugin v27.2 (Yoast SEO v27.2) - https:\/\/yoast.com\/product\/yoast-seo-premium-wordpress\/ -->\n<title>Concurso PM PR e CBM PR: incri\u00e7\u00f5es abertas! 60 vagas ofertadas!<\/title>\n<meta name=\"description\" content=\"Publicado edital do concurso para PM PR e CBM PR! S\u00e3o 70 vagas para Cadete, que exige n\u00edvel m\u00e9dio. Inscri\u00e7\u00f5es em novembro!\" \/>\n<meta name=\"robots\" content=\"index, follow, max-snippet:-1, max-image-preview:large, max-video-preview:-1\" \/>\n<link rel=\"canonical\" href=\"https:\/\/www.estrategiaconcursos.com.br\/blog\/concurso-pm-pr-e-cbm-pr-edital-cadete\/\" \/>\n<meta property=\"og:locale\" content=\"pt_BR\" \/>\n<meta property=\"og:type\" content=\"article\" \/>\n<meta property=\"og:title\" content=\"Concurso PM PR e CBM PR: incri\u00e7\u00f5es abertas! 60 vagas ofertadas!\" \/>\n<meta property=\"og:description\" content=\"Publicado edital do concurso para PM PR e CBM PR! S\u00e3o 70 vagas para Cadete, que exige n\u00edvel m\u00e9dio. Inscri\u00e7\u00f5es em novembro!\" \/>\n<meta property=\"og:url\" content=\"https:\/\/www.estrategiaconcursos.com.br\/blog\/concurso-pm-pr-e-cbm-pr-edital-cadete\/\" \/>\n<meta property=\"og:site_name\" content=\"Estrat\u00e9gia Concursos\" \/>\n<meta property=\"article:published_time\" content=\"2020-11-03T03:29:00+00:00\" \/>\n<meta property=\"article:modified_time\" content=\"2023-06-19T17:05:40+00:00\" \/>\n<meta property=\"og:image\" content=\"https:\/\/dhg1h5j42swfq.cloudfront.net\/2019\/11\/05113836\/Saiu-Edital-7.png\" \/>\n\t<meta property=\"og:image:width\" content=\"1200\" \/>\n\t<meta property=\"og:image:height\" content=\"628\" \/>\n\t<meta property=\"og:image:type\" content=\"image\/png\" \/>\n<meta name=\"author\" content=\"Paulo Bilynskyj\" \/>\n<meta name=\"twitter:card\" content=\"summary_large_image\" \/>\n<meta name=\"twitter:creator\" content=\"@EstratConcursos\" \/>\n<meta name=\"twitter:site\" content=\"@EstratConcursos\" \/>\n<meta name=\"twitter:label1\" content=\"Escrito por\" \/>\n\t<meta name=\"twitter:data1\" content=\"Paulo Bilynskyj\" \/>\n\t<meta name=\"twitter:label2\" content=\"Est. tempo de leitura\" \/>\n\t<meta name=\"twitter:data2\" content=\"8 minutos\" \/>\n<script type=\"application\/ld+json\" class=\"yoast-schema-graph\">{\"@context\":\"https:\/\/schema.org\",\"@graph\":[{\"@type\":\"NewsArticle\",\"@id\":\"https:\/\/www.estrategiaconcursos.com.br\/blog\/concurso-pm-pr-e-cbm-pr-edital-cadete\/#article\",\"isPartOf\":{\"@id\":\"https:\/\/www.estrategiaconcursos.com.br\/blog\/concurso-pm-pr-e-cbm-pr-edital-cadete\/\"},\"author\":{\"name\":\"Paulo Bilynskyj\",\"@id\":\"https:\/\/www.estrategiaconcursos.com.br\/blog\/#\/schema\/person\/a630b15e36f45b4c21fed01219843cb5\"},\"headline\":\"Concurso PM PR e CBM PR: incri\u00e7\u00f5es abertas! 60 vagas ofertadas!\",\"datePublished\":\"2020-11-03T03:29:00+00:00\",\"dateModified\":\"2023-06-19T17:05:40+00:00\",\"mainEntityOfPage\":{\"@id\":\"https:\/\/www.estrategiaconcursos.com.br\/blog\/concurso-pm-pr-e-cbm-pr-edital-cadete\/\"},\"wordCount\":1545,\"commentCount\":1,\"publisher\":{\"@id\":\"https:\/\/www.estrategiaconcursos.com.br\/blog\/#organization\"},\"image\":{\"@id\":\"https:\/\/www.estrategiaconcursos.com.br\/blog\/concurso-pm-pr-e-cbm-pr-edital-cadete\/#primaryimage\"},\"thumbnailUrl\":\"https:\/\/dhg1h5j42swfq.cloudfront.net\/2019\/11\/05113836\/Saiu-Edital-7.png\",\"articleSection\":[\"Policial (Agente, Escriv\u00e3o e Investigador)\"],\"inLanguage\":\"pt-BR\",\"potentialAction\":[{\"@type\":\"CommentAction\",\"name\":\"Comment\",\"target\":[\"https:\/\/www.estrategiaconcursos.com.br\/blog\/concurso-pm-pr-e-cbm-pr-edital-cadete\/#respond\"]}],\"copyrightYear\":\"2020\",\"copyrightHolder\":{\"@id\":\"https:\/\/www.estrategiaconcursos.com.br\/blog\/#organization\"}},{\"@type\":\"WebPage\",\"@id\":\"https:\/\/www.estrategiaconcursos.com.br\/blog\/concurso-pm-pr-e-cbm-pr-edital-cadete\/\",\"url\":\"https:\/\/www.estrategiaconcursos.com.br\/blog\/concurso-pm-pr-e-cbm-pr-edital-cadete\/\",\"name\":\"Concurso PM PR e CBM PR: incri\u00e7\u00f5es abertas! 60 vagas ofertadas!\",\"isPartOf\":{\"@id\":\"https:\/\/www.estrategiaconcursos.com.br\/blog\/#website\"},\"primaryImageOfPage\":{\"@id\":\"https:\/\/www.estrategiaconcursos.com.br\/blog\/concurso-pm-pr-e-cbm-pr-edital-cadete\/#primaryimage\"},\"image\":{\"@id\":\"https:\/\/www.estrategiaconcursos.com.br\/blog\/concurso-pm-pr-e-cbm-pr-edital-cadete\/#primaryimage\"},\"thumbnailUrl\":\"https:\/\/dhg1h5j42swfq.cloudfront.net\/2019\/11\/05113836\/Saiu-Edital-7.png\",\"datePublished\":\"2020-11-03T03:29:00+00:00\",\"dateModified\":\"2023-06-19T17:05:40+00:00\",\"description\":\"Publicado edital do concurso para PM PR e CBM PR! S\u00e3o 70 vagas para Cadete, que exige n\u00edvel m\u00e9dio. Inscri\u00e7\u00f5es em novembro!\",\"breadcrumb\":{\"@id\":\"https:\/\/www.estrategiaconcursos.com.br\/blog\/concurso-pm-pr-e-cbm-pr-edital-cadete\/#breadcrumb\"},\"inLanguage\":\"pt-BR\",\"potentialAction\":[{\"@type\":\"ReadAction\",\"target\":[\"https:\/\/www.estrategiaconcursos.com.br\/blog\/concurso-pm-pr-e-cbm-pr-edital-cadete\/\"]}]},{\"@type\":\"ImageObject\",\"inLanguage\":\"pt-BR\",\"@id\":\"https:\/\/www.estrategiaconcursos.com.br\/blog\/concurso-pm-pr-e-cbm-pr-edital-cadete\/#primaryimage\",\"url\":\"https:\/\/dhg1h5j42swfq.cloudfront.net\/2019\/11\/05113836\/Saiu-Edital-7.png\",\"contentUrl\":\"https:\/\/dhg1h5j42swfq.cloudfront.net\/2019\/11\/05113836\/Saiu-Edital-7.png\",\"width\":1200,\"height\":628,\"caption\":\"processo seletivo agu\"},{\"@type\":\"BreadcrumbList\",\"@id\":\"https:\/\/www.estrategiaconcursos.com.br\/blog\/concurso-pm-pr-e-cbm-pr-edital-cadete\/#breadcrumb\",\"itemListElement\":[{\"@type\":\"ListItem\",\"position\":1,\"name\":\"In\u00edcio\",\"item\":\"https:\/\/www.estrategiaconcursos.com.br\/blog\/\"},{\"@type\":\"ListItem\",\"position\":2,\"name\":\"Concurso PM PR e CBM PR: incri\u00e7\u00f5es abertas! 60 vagas ofertadas!\"}]},{\"@type\":\"WebSite\",\"@id\":\"https:\/\/www.estrategiaconcursos.com.br\/blog\/#website\",\"url\":\"https:\/\/www.estrategiaconcursos.com.br\/blog\/\",\"name\":\"Estrat\u00e9gia Concursos\",\"description\":\"O blog da Estrat\u00e9gia Concursos traz not\u00edcias sobre concursos e artigos de professores oferecendo cursos para concursos (pdf + videaulas) no site.\",\"publisher\":{\"@id\":\"https:\/\/www.estrategiaconcursos.com.br\/blog\/#organization\"},\"potentialAction\":[{\"@type\":\"SearchAction\",\"target\":{\"@type\":\"EntryPoint\",\"urlTemplate\":\"https:\/\/www.estrategiaconcursos.com.br\/blog\/?s={search_term_string}\"},\"query-input\":{\"@type\":\"PropertyValueSpecification\",\"valueRequired\":true,\"valueName\":\"search_term_string\"}}],\"inLanguage\":\"pt-BR\"},{\"@type\":\"Organization\",\"@id\":\"https:\/\/www.estrategiaconcursos.com.br\/blog\/#organization\",\"name\":\"Estrat\u00e9gia Concursos\",\"url\":\"https:\/\/www.estrategiaconcursos.com.br\/blog\/\",\"logo\":{\"@type\":\"ImageObject\",\"inLanguage\":\"pt-BR\",\"@id\":\"https:\/\/www.estrategiaconcursos.com.br\/blog\/#\/schema\/logo\/image\/\",\"url\":\"https:\/\/dhg1h5j42swfq.cloudfront.net\/2025\/06\/03203428\/logo_concursos-1.jpg\",\"contentUrl\":\"https:\/\/dhg1h5j42swfq.cloudfront.net\/2025\/06\/03203428\/logo_concursos-1.jpg\",\"width\":230,\"height\":60,\"caption\":\"Estrat\u00e9gia Concursos\"},\"image\":{\"@id\":\"https:\/\/www.estrategiaconcursos.com.br\/blog\/#\/schema\/logo\/image\/\"},\"sameAs\":[\"https:\/\/x.com\/EstratConcursos\"]},{\"@type\":\"Person\",\"@id\":\"https:\/\/www.estrategiaconcursos.com.br\/blog\/#\/schema\/person\/a630b15e36f45b4c21fed01219843cb5\",\"name\":\"Paulo Bilynskyj\",\"image\":{\"@type\":\"ImageObject\",\"inLanguage\":\"pt-BR\",\"@id\":\"https:\/\/secure.gravatar.com\/avatar\/37e21f70c9042e7456beffdc6d31fe051f3f6dcbf252f69343a791b144852057?s=96&d=mm&r=g\",\"url\":\"https:\/\/secure.gravatar.com\/avatar\/37e21f70c9042e7456beffdc6d31fe051f3f6dcbf252f69343a791b144852057?s=96&d=mm&r=g\",\"contentUrl\":\"https:\/\/secure.gravatar.com\/avatar\/37e21f70c9042e7456beffdc6d31fe051f3f6dcbf252f69343a791b144852057?s=96&d=mm&r=g\",\"caption\":\"Paulo Bilynskyj\"},\"url\":\"https:\/\/www.estrategiaconcursos.com.br\/blog\/author\/pbilynskyjgmail-com\/\"}]}<\/script>\n<!-- \/ Yoast SEO Premium plugin. -->","yoast_head_json":{"title":"Concurso PM PR e CBM PR: incri\u00e7\u00f5es abertas! 60 vagas ofertadas!","description":"Publicado edital do concurso para PM PR e CBM PR! S\u00e3o 70 vagas para Cadete, que exige n\u00edvel m\u00e9dio. Inscri\u00e7\u00f5es em novembro!","robots":{"index":"index","follow":"follow","max-snippet":"max-snippet:-1","max-image-preview":"max-image-preview:large","max-video-preview":"max-video-preview:-1"},"canonical":"https:\/\/www.estrategiaconcursos.com.br\/blog\/concurso-pm-pr-e-cbm-pr-edital-cadete\/","og_locale":"pt_BR","og_type":"article","og_title":"Concurso PM PR e CBM PR: incri\u00e7\u00f5es abertas! 60 vagas ofertadas!","og_description":"Publicado edital do concurso para PM PR e CBM PR! S\u00e3o 70 vagas para Cadete, que exige n\u00edvel m\u00e9dio. Inscri\u00e7\u00f5es em novembro!","og_url":"https:\/\/www.estrategiaconcursos.com.br\/blog\/concurso-pm-pr-e-cbm-pr-edital-cadete\/","og_site_name":"Estrat\u00e9gia Concursos","article_published_time":"2020-11-03T03:29:00+00:00","article_modified_time":"2023-06-19T17:05:40+00:00","og_image":[{"width":1200,"height":628,"url":"https:\/\/dhg1h5j42swfq.cloudfront.net\/2019\/11\/05113836\/Saiu-Edital-7.png","type":"image\/png"}],"author":"Paulo Bilynskyj","twitter_card":"summary_large_image","twitter_creator":"@EstratConcursos","twitter_site":"@EstratConcursos","twitter_misc":{"Escrito por":"Paulo Bilynskyj","Est. tempo de leitura":"8 minutos"},"schema":{"@context":"https:\/\/schema.org","@graph":[{"@type":"NewsArticle","@id":"https:\/\/www.estrategiaconcursos.com.br\/blog\/concurso-pm-pr-e-cbm-pr-edital-cadete\/#article","isPartOf":{"@id":"https:\/\/www.estrategiaconcursos.com.br\/blog\/concurso-pm-pr-e-cbm-pr-edital-cadete\/"},"author":{"name":"Paulo Bilynskyj","@id":"https:\/\/www.estrategiaconcursos.com.br\/blog\/#\/schema\/person\/a630b15e36f45b4c21fed01219843cb5"},"headline":"Concurso PM PR e CBM PR: incri\u00e7\u00f5es abertas! 60 vagas ofertadas!","datePublished":"2020-11-03T03:29:00+00:00","dateModified":"2023-06-19T17:05:40+00:00","mainEntityOfPage":{"@id":"https:\/\/www.estrategiaconcursos.com.br\/blog\/concurso-pm-pr-e-cbm-pr-edital-cadete\/"},"wordCount":1545,"commentCount":1,"publisher":{"@id":"https:\/\/www.estrategiaconcursos.com.br\/blog\/#organization"},"image":{"@id":"https:\/\/www.estrategiaconcursos.com.br\/blog\/concurso-pm-pr-e-cbm-pr-edital-cadete\/#primaryimage"},"thumbnailUrl":"https:\/\/dhg1h5j42swfq.cloudfront.net\/2019\/11\/05113836\/Saiu-Edital-7.png","articleSection":["Policial (Agente, Escriv\u00e3o e Investigador)"],"inLanguage":"pt-BR","potentialAction":[{"@type":"CommentAction","name":"Comment","target":["https:\/\/www.estrategiaconcursos.com.br\/blog\/concurso-pm-pr-e-cbm-pr-edital-cadete\/#respond"]}],"copyrightYear":"2020","copyrightHolder":{"@id":"https:\/\/www.estrategiaconcursos.com.br\/blog\/#organization"}},{"@type":"WebPage","@id":"https:\/\/www.estrategiaconcursos.com.br\/blog\/concurso-pm-pr-e-cbm-pr-edital-cadete\/","url":"https:\/\/www.estrategiaconcursos.com.br\/blog\/concurso-pm-pr-e-cbm-pr-edital-cadete\/","name":"Concurso PM PR e CBM PR: incri\u00e7\u00f5es abertas! 60 vagas ofertadas!","isPartOf":{"@id":"https:\/\/www.estrategiaconcursos.com.br\/blog\/#website"},"primaryImageOfPage":{"@id":"https:\/\/www.estrategiaconcursos.com.br\/blog\/concurso-pm-pr-e-cbm-pr-edital-cadete\/#primaryimage"},"image":{"@id":"https:\/\/www.estrategiaconcursos.com.br\/blog\/concurso-pm-pr-e-cbm-pr-edital-cadete\/#primaryimage"},"thumbnailUrl":"https:\/\/dhg1h5j42swfq.cloudfront.net\/2019\/11\/05113836\/Saiu-Edital-7.png","datePublished":"2020-11-03T03:29:00+00:00","dateModified":"2023-06-19T17:05:40+00:00","description":"Publicado edital do concurso para PM PR e CBM PR! S\u00e3o 70 vagas para Cadete, que exige n\u00edvel m\u00e9dio. Inscri\u00e7\u00f5es em novembro!","breadcrumb":{"@id":"https:\/\/www.estrategiaconcursos.com.br\/blog\/concurso-pm-pr-e-cbm-pr-edital-cadete\/#breadcrumb"},"inLanguage":"pt-BR","potentialAction":[{"@type":"ReadAction","target":["https:\/\/www.estrategiaconcursos.com.br\/blog\/concurso-pm-pr-e-cbm-pr-edital-cadete\/"]}]},{"@type":"ImageObject","inLanguage":"pt-BR","@id":"https:\/\/www.estrategiaconcursos.com.br\/blog\/concurso-pm-pr-e-cbm-pr-edital-cadete\/#primaryimage","url":"https:\/\/dhg1h5j42swfq.cloudfront.net\/2019\/11\/05113836\/Saiu-Edital-7.png","contentUrl":"https:\/\/dhg1h5j42swfq.cloudfront.net\/2019\/11\/05113836\/Saiu-Edital-7.png","width":1200,"height":628,"caption":"processo seletivo agu"},{"@type":"BreadcrumbList","@id":"https:\/\/www.estrategiaconcursos.com.br\/blog\/concurso-pm-pr-e-cbm-pr-edital-cadete\/#breadcrumb","itemListElement":[{"@type":"ListItem","position":1,"name":"In\u00edcio","item":"https:\/\/www.estrategiaconcursos.com.br\/blog\/"},{"@type":"ListItem","position":2,"name":"Concurso PM PR e CBM PR: incri\u00e7\u00f5es abertas! 60 vagas ofertadas!"}]},{"@type":"WebSite","@id":"https:\/\/www.estrategiaconcursos.com.br\/blog\/#website","url":"https:\/\/www.estrategiaconcursos.com.br\/blog\/","name":"Estrat\u00e9gia Concursos","description":"O blog da Estrat\u00e9gia Concursos traz not\u00edcias sobre concursos e artigos de professores oferecendo cursos para concursos (pdf + videaulas) no site.","publisher":{"@id":"https:\/\/www.estrategiaconcursos.com.br\/blog\/#organization"},"potentialAction":[{"@type":"SearchAction","target":{"@type":"EntryPoint","urlTemplate":"https:\/\/www.estrategiaconcursos.com.br\/blog\/?s={search_term_string}"},"query-input":{"@type":"PropertyValueSpecification","valueRequired":true,"valueName":"search_term_string"}}],"inLanguage":"pt-BR"},{"@type":"Organization","@id":"https:\/\/www.estrategiaconcursos.com.br\/blog\/#organization","name":"Estrat\u00e9gia Concursos","url":"https:\/\/www.estrategiaconcursos.com.br\/blog\/","logo":{"@type":"ImageObject","inLanguage":"pt-BR","@id":"https:\/\/www.estrategiaconcursos.com.br\/blog\/#\/schema\/logo\/image\/","url":"https:\/\/dhg1h5j42swfq.cloudfront.net\/2025\/06\/03203428\/logo_concursos-1.jpg","contentUrl":"https:\/\/dhg1h5j42swfq.cloudfront.net\/2025\/06\/03203428\/logo_concursos-1.jpg","width":230,"height":60,"caption":"Estrat\u00e9gia Concursos"},"image":{"@id":"https:\/\/www.estrategiaconcursos.com.br\/blog\/#\/schema\/logo\/image\/"},"sameAs":["https:\/\/x.com\/EstratConcursos"]},{"@type":"Person","@id":"https:\/\/www.estrategiaconcursos.com.br\/blog\/#\/schema\/person\/a630b15e36f45b4c21fed01219843cb5","name":"Paulo Bilynskyj","image":{"@type":"ImageObject","inLanguage":"pt-BR","@id":"https:\/\/secure.gravatar.com\/avatar\/37e21f70c9042e7456beffdc6d31fe051f3f6dcbf252f69343a791b144852057?s=96&d=mm&r=g","url":"https:\/\/secure.gravatar.com\/avatar\/37e21f70c9042e7456beffdc6d31fe051f3f6dcbf252f69343a791b144852057?s=96&d=mm&r=g","contentUrl":"https:\/\/secure.gravatar.com\/avatar\/37e21f70c9042e7456beffdc6d31fe051f3f6dcbf252f69343a791b144852057?s=96&d=mm&r=g","caption":"Paulo Bilynskyj"},"url":"https:\/\/www.estrategiaconcursos.com.br\/blog\/author\/pbilynskyjgmail-com\/"}]}},"_links":{"self":[{"href":"https:\/\/www.estrategiaconcursos.com.br\/blog\/wp-json\/wp\/v2\/posts\/590635","targetHints":{"allow":["GET"]}}],"collection":[{"href":"https:\/\/www.estrategiaconcursos.com.br\/blog\/wp-json\/wp\/v2\/posts"}],"about":[{"href":"https:\/\/www.estrategiaconcursos.com.br\/blog\/wp-json\/wp\/v2\/types\/post"}],"author":[{"embeddable":true,"href":"https:\/\/www.estrategiaconcursos.com.br\/blog\/wp-json\/wp\/v2\/users\/552"}],"replies":[{"embeddable":true,"href":"https:\/\/www.estrategiaconcursos.com.br\/blog\/wp-json\/wp\/v2\/comments?post=590635"}],"version-history":[{"count":17,"href":"https:\/\/www.estrategiaconcursos.com.br\/blog\/wp-json\/wp\/v2\/posts\/590635\/revisions"}],"predecessor-version":[{"id":1234697,"href":"https:\/\/www.estrategiaconcursos.com.br\/blog\/wp-json\/wp\/v2\/posts\/590635\/revisions\/1234697"}],"wp:featuredmedia":[{"embeddable":true,"href":"https:\/\/www.estrategiaconcursos.com.br\/blog\/wp-json\/wp\/v2\/media\/444274"}],"wp:attachment":[{"href":"https:\/\/www.estrategiaconcursos.com.br\/blog\/wp-json\/wp\/v2\/media?parent=590635"}],"wp:term":[{"taxonomy":"category","embeddable":true,"href":"https:\/\/www.estrategiaconcursos.com.br\/blog\/wp-json\/wp\/v2\/categories?post=590635"},{"taxonomy":"post_tag","embeddable":true,"href":"https:\/\/www.estrategiaconcursos.com.br\/blog\/wp-json\/wp\/v2\/tags?post=590635"},{"taxonomy":"tax_estado","embeddable":true,"href":"https:\/\/www.estrategiaconcursos.com.br\/blog\/wp-json\/wp\/v2\/tax_estado?post=590635"}],"curies":[{"name":"wp","href":"https:\/\/api.w.org\/{rel}","templated":true}]}}