{"id":589361,"date":"2026-04-24T19:17:29","date_gmt":"2026-04-24T22:17:29","guid":{"rendered":"https:\/\/www.estrategiaconcursos.com.br\/blog\/?p=589361"},"modified":"2026-04-24T19:17:30","modified_gmt":"2026-04-24T22:17:30","slug":"concurso-saeb","status":"publish","type":"post","link":"https:\/\/www.estrategiaconcursos.com.br\/blog\/concurso-saeb\/","title":{"rendered":"Concurso SAEB BA 2026: comiss\u00e3o formada; edital no 2\u00ba semestre"},"content":{"rendered":"\n<p style=\"font-size:clamp(15.747px, 0.984rem + ((1vw - 3.2px) * 0.809), 24px);\"><strong><em>Comiss\u00e3o do novo concurso prev\u00ea vagas para a Saeb, Seinfra e Sedur; edital no 2\u00ba semestre!<\/em><\/strong><\/p>\n\n\n\n<p>O novo <strong>concurso p\u00fablico da SAEB BA (Secretaria da Administra\u00e7\u00e3o do Estado da Bahia)<\/strong> segue avan\u00e7ando e j\u00e1 teve a comiss\u00e3o organizadora oficialmente definida.<\/p>\n\n\n\n<p>A <a href=\"https:\/\/www.estrategiaconcursos.com.br\/blog\/concurso-saeb\/#comissao\">portaria conjunta<\/a> entre a Saeb, Seinfra e Sedur designa seis servidores que ficar\u00e3o respons\u00e1veis pela sele\u00e7\u00e3o para os cargos de <strong>Especialista em Obras P\u00fablicas e T\u00e9cnico em Obras P\u00fablicas<\/strong>.<\/p>\n\n\n\n<p>Ademais, em entrevista exclusiva ao Estrat\u00e9gia, o Secret\u00e1rio de Administra\u00e7\u00e3o, Rodrigo Pimentel, informou que a comiss\u00e3o est\u00e1 realizando os estudos iniciais, mas <strong>confirmou o edital para o segundo semestre deste ano.<\/strong><\/p>\n\n\n\n<p>Lembrando que o certame j\u00e1 havia sido <a href=\"#anunciado\">anunciado em 2025<\/a> pelo governador Jer\u00f4nimo Rodrigues. S\u00e3o previstas <strong>120 vagas<\/strong>, sendo <strong>40 <\/strong>para a SAEB, <strong>40 <\/strong>para a SEINFRA&nbsp;(40) e <strong>40 <\/strong>para a&nbsp;SEDUR.<\/p>\n\n\n\n<ul id=\"block-ee678516-e9d1-48bd-b327-7b9acd55f0fd\" class=\"wp-block-list has-very-light-gray-to-cyan-bluish-gray-gradient-background has-background\">\n<li><strong>Secretaria da Administra\u00e7\u00e3o do Estado da Bahia<\/strong> <strong>&#8211; Obras<\/strong><\/li>\n\n\n\n<li><strong>Status:<\/strong> comiss\u00e3o formada<\/li>\n\n\n\n<li><strong>Banca:&nbsp;<\/strong>a definir<\/li>\n\n\n\n<li><strong>Vagas:&nbsp;<\/strong>40 previstas<\/li>\n\n\n\n<li><strong>Sal\u00e1rio inicial: <\/strong>a definir<\/li>\n\n\n\n<li><strong>\u00daltimo edital:&nbsp;<\/strong><a href=\"https:\/\/dhg1h5j42swfq.cloudfront.net\/2022\/03\/09102238\/edital-de-abertura-de-inscricoes_8.pdf\" target=\"_blank\" rel=\"noreferrer noopener\">SAEB 2004<\/a><\/li>\n<\/ul>\n\n\n\n<p>A Saeb tamb\u00e9m tem outro edital em vista, com vagas para o cargo de <strong>Especialista em Pol\u00edticas P\u00fablicas e Gest\u00e3o Governamental (EPPGG)<\/strong>.<\/p>\n\n\n\n<p>Os aprovados neste concurso ser\u00e3o lotados na Saeb e tamb\u00e9m na Secretaria do Planejamento (Seplan).<\/p>\n\n\n\n<ul id=\"block-ee678516-e9d1-48bd-b327-7b9acd55f0fd\" class=\"wp-block-list has-very-light-gray-to-cyan-bluish-gray-gradient-background has-background\">\n<li><strong>Secretaria da Administra\u00e7\u00e3o do Estado da Bahia &#8211; EPPGG<\/strong><\/li>\n\n\n\n<li><strong>Status:<\/strong> comiss\u00e3o formada<\/li>\n\n\n\n<li><strong>Banca:&nbsp;<\/strong>a definir<\/li>\n\n\n\n<li><strong>Vagas:&nbsp;<\/strong>50 <\/li>\n\n\n\n<li><strong>Sal\u00e1rio inicial: <\/strong>cerca de R$ 10 mil<\/li>\n\n\n\n<li><strong>\u00daltimo edital<\/strong>:&nbsp;<a href=\"https:\/\/dhg1h5j42swfq.cloudfront.net\/2026\/02\/07091613\/edital-de-abertura-de-inscricoes_8-1.doc\" target=\"_blank\" rel=\"noreferrer noopener\">EPPGG 2004<\/a><\/li>\n<\/ul>\n\n\n\n<p>Ao longo deste artigo reunimos as principais informa\u00e7\u00f5es sobre o Concurso SAEB. Acompanhe os t\u00f3picos abaixo e n\u00e3o perca nada:<\/p>\n\n\n\n<ul id=\"indice\" class=\"wp-block-list\">\n<li><strong><a href=\"#atual\">Situa\u00e7\u00e3o atual<\/a> <\/strong>\n<ul class=\"wp-block-list\">\n<li><a href=\"#edital\">Edital no segundo semestre<\/a><\/li>\n\n\n\n<li><a href=\"#comissao\">Comiss\u00e3o formada<\/a><\/li>\n\n\n\n<li><a href=\"#anunciado\">Concurso anunciado<\/a><\/li>\n\n\n\n<li><a href=\"#loa\">PLOA 2026<\/a><\/li>\n\n\n\n<li><a href=\"#eppgg\">Concurso EPPGG<\/a><\/li>\n<\/ul>\n<\/li>\n\n\n\n<li><a href=\"#saeb\"><strong>Sobre a SAEB<\/strong><\/a><\/li>\n\n\n\n<li><a href=\"#ultimo\"><strong>\u00daltimo concurso<\/strong><\/a>\n<ul class=\"wp-block-list\">\n<li><a href=\"#etapas\">Etapas de provas<\/a><\/li>\n<\/ul>\n<\/li>\n\n\n\n<li><a href=\"#pss\"><strong>PSS 2019<\/strong><\/a><\/li>\n\n\n\n<li><a href=\"#cursos\"><strong>Cursos e Assinatura<\/strong><\/a><\/li>\n\n\n\n<li><a href=\"#ficha\"><strong>Ficha T\u00e9cnica<\/strong><\/a><\/li>\n<\/ul>\n\n\n\n<div class=\"container\" id=\"boxes\">\n  <div class=\"row\">\n\n    <div class=\"col-sm\">\n      <div class=\"banner-estrat-corj\" id=\"box-assinatura\">\n        <h2 class=\"titulo-assinatura\" style=\"text-align: left;\">Cursos para Concursos<\/h2>\n        <p class=\"subtitulo-assinatura\" style=\"text-align: left;\">Conhe\u00e7a os cursos<\/p>\n        <div class=\"box-botao\" style=\"text-align: left;\">\n          <a class=\"btn-assinatura\" target=\"_blank\" href=\"https:\/\/www.estrategiaconcursos.com.br\/pesquisa\/?q=saeb\/\" role=\"button\" rel=\"noopener noreferrer\">CLIQUE AQUI<\/a>\n        <\/div>\n      <\/div><\/div><\/div><\/div>\n\n\n\n<h2 class=\"wp-block-heading\" id=\"atual\">Concurso SAEB: situa\u00e7\u00e3o atual<\/h2>\n\n\n\n<h3 class=\"wp-block-heading\" id=\"edital\">Edital no 2\u00ba semestre<\/h3>\n\n\n\n<p>O concurso SAEB BA j\u00e1 teve comiss\u00e3o organizadora definida e ser\u00e1 realizado em conjunto com a SEINFRA e a SEDUR. <\/p>\n\n\n\n<p>Segundo o secret\u00e1rio Rodrigo Pimentel, em entrevista exclusiva ao Estrat\u00e9gia, os certames ainda est\u00e3o em fase de estudos internos, mas seguem confirmados para o segundo semestre.<\/p>\n\n\n<figure class=\"wp-block-embed-youtube wp-block-embed is-type-video is-provider-youtube wp-embed-aspect-16-9 wp-has-aspect-ratio\"><div class=\"lyte-wrapper\" style=\"width:853px;max-width:100%;margin:5px;\"><div class=\"lyMe\" id=\"WYL_6IyKPGo3958\"><div id=\"lyte_6IyKPGo3958\" data-src=\"\/\/i.ytimg.com\/vi\/6IyKPGo3958\/hqdefault.jpg\" class=\"pL\"><div class=\"tC\"><div class=\"tT\"><\/div><\/div><div class=\"play\"><\/div><div class=\"ctrl\"><div class=\"Lctrl\"><\/div><div class=\"Rctrl\"><\/div><\/div><\/div><noscript><a href=\"https:\/\/youtu.be\/6IyKPGo3958\" rel=\"nofollow\"><img loading=\"lazy\" decoding=\"async\" src=\"https:\/\/i.ytimg.com\/vi\/6IyKPGo3958\/0.jpg\" alt=\"YouTube video thumbnail\" width=\"853\" height=\"460\" \/><br \/>Assista a este v\u00eddeo no YouTube<\/a><\/noscript><\/div><\/div><div class=\"lL\" style=\"max-width:100%;width:853px;margin:5px;\"><\/div><figcaption><\/figcaption><\/figure>\n\n\n<h3 class=\"wp-block-heading\" id=\"comissao\">Comiss\u00e3o formada<\/h3>\n\n\n\n<p>A portaria conjunta entre a Saeb, Seinfra e Sedur designa seis servidores que ficar\u00e3o respons\u00e1veis pela sele\u00e7\u00e3o para os cargos de Especialista em Obras P\u00fablicas e T\u00e9cnico em Obras P\u00fablicas.<\/p>\n\n\n\n<figure class=\"wp-block-image aligncenter size-full\"><img loading=\"lazy\" decoding=\"async\" width=\"522\" height=\"643\" src=\"https:\/\/dhg1h5j42swfq.cloudfront.net\/2026\/01\/17101325\/comissao-concurso-saeb-2026.jpg\" alt=\"\" class=\"wp-image-1755058\" srcset=\"https:\/\/dhg1h5j42swfq.cloudfront.net\/2026\/01\/17101325\/comissao-concurso-saeb-2026.jpg 522w, https:\/\/dhg1h5j42swfq.cloudfront.net\/2026\/01\/17101325\/comissao-concurso-saeb-2026-244x300.jpg 244w, https:\/\/dhg1h5j42swfq.cloudfront.net\/2026\/01\/17101325\/comissao-concurso-saeb-2026-150x185.jpg 150w\" sizes=\"auto, (max-width: 522px) 100vw, 522px\" \/><figcaption class=\"wp-element-caption\">Comiss\u00e3o do Concurso SAEB 2026<\/figcaption><\/figure>\n\n\n\n<p id=\"anunciado\">Concurso anunciado<\/p>\n\n\n\n<p>A nova sele\u00e7\u00e3o da Secretaria da Administra\u00e7\u00e3o do Estado da Bahia foi <strong>anunciada <\/strong>pelo governador da Bahia, Jer\u00f4nimo Rodrigues (PT).<\/p>\n\n\n\n<p>O comunicado ocorreu no Audit\u00f3rio Zez\u00e9u Ribeiro, no Centro Administrativo da Bahia (CAB), durante a celebra\u00e7\u00e3o de entrega do 12\u00ba Pr\u00eamio de Boas Pr\u00e1ticas de Trabalho no Servi\u00e7o P\u00fablico Estadual.<\/p>\n\n\n\n<p>Conforme o <a href=\"https:\/\/www.estrategiaconcursos.com.br\/blog\/concursos-bahia-2025-vagas-anunciadas\/\" target=\"_blank\" rel=\"noreferrer noopener\">governador<\/a>, a previs\u00e3o \u00e9 de que os <strong>certames sejam realizados em 2026<\/strong>, com as nomea\u00e7\u00f5es oficiais previstas para 2027, em raz\u00e3o do per\u00edodo eleitoral.<\/p>\n\n\n\n<p>No total, s\u00e3o previstas <strong>120 vagas<\/strong> para os cargos de Especialista e T\u00e9cnico em Obras P\u00fablicas, sendo 40 para a SAEB, 40 para a <strong><a href=\"https:\/\/www.estrategiaconcursos.com.br\/blog\/concurso-seinfra-ba\/\" target=\"_blank\" rel=\"noreferrer noopener\">SEINFRA<\/a>&nbsp;<\/strong>(40) e 40 para a&nbsp;<strong><a href=\"https:\/\/www.estrategiaconcursos.com.br\/blog\/concurso-sedur-ba\/\" target=\"_blank\" rel=\"noreferrer noopener\">SEDUR<\/a><\/strong>.<\/p>\n\n\n\n<p id=\"comissao\">PLOA BA 2026<\/p>\n\n\n\n<p>Vale lembrar que a realiza\u00e7\u00e3o do Concurso SAEB j\u00e1 estava prevista na PLOA 2026, com um or\u00e7amento para as 40 vagas anunciadas:<\/p>\n\n\n\n<figure class=\"wp-block-image aligncenter size-large\"><img loading=\"lazy\" decoding=\"async\" width=\"1024\" height=\"655\" src=\"https:\/\/dhg1h5j42swfq.cloudfront.net\/2025\/11\/13142613\/image-111-1024x655.png\" alt=\"\" class=\"wp-image-1696575\" srcset=\"https:\/\/dhg1h5j42swfq.cloudfront.net\/2025\/11\/13142613\/image-111-1024x655.png 1024w, https:\/\/dhg1h5j42swfq.cloudfront.net\/2025\/11\/13142613\/image-111-300x192.png 300w, https:\/\/dhg1h5j42swfq.cloudfront.net\/2025\/11\/13142613\/image-111-768x491.png 768w, https:\/\/dhg1h5j42swfq.cloudfront.net\/2025\/11\/13142613\/image-111-150x96.png 150w, https:\/\/dhg1h5j42swfq.cloudfront.net\/2025\/11\/13142613\/image-111.png 1085w\" sizes=\"auto, (max-width: 1024px) 100vw, 1024px\" \/><\/figure>\n\n\n\n<h3 class=\"wp-block-heading\" id=\"eppgg\">Concurso EPPGG<\/h3>\n\n\n\n<p>Foi institu\u00edda a comiss\u00e3o respons\u00e1vel pela organiza\u00e7\u00e3o do novo&nbsp;concurso&nbsp;para a carreira de&nbsp;Especialista em Pol\u00edticas P\u00fablicas e Gest\u00e3o Governamental (EPPGG).<\/p>\n\n\n\n<p>Segundo informa\u00e7\u00f5es divulgadas pelo governo, ser\u00e3o<strong> 50 vagas imediatas<\/strong> para a carreira, que exige n\u00edvel superior, tem sal\u00e1rio inicial de cerca de R$ 10 mil e carga hor\u00e1ria de 40 horas semanais.<\/p>\n\n\n\n<p>Importante destacar que os futuros aprovados ser\u00e3o lotados na Secretaria da Administra\u00e7\u00e3o (<strong>Saeb<\/strong>) e na Secretaria do Planejamento (<strong>Seplan<\/strong>).<\/p>\n\n\n\n<p>Ademais, o \u00faltimo edital de concurso para a carreira aconteceu em 2004, quando a FCC organizou um edital com 100 vagas imediatas.<\/p>\n\n\n\n<ul class=\"wp-block-list\">\n<li><strong><a href=\"https:\/\/www.estrategiaconcursos.com.br\/blog\/concurso-eppgg-ba\/\" target=\"_blank\" rel=\"noreferrer noopener\">Saiba mais sobre o cargo em nosso artigo completo do Concurso EPPGG BA<\/a>.<\/strong><\/li>\n<\/ul>\n\n\n\n<h2 class=\"wp-block-heading\" id=\"h-sobre-a-saeb\">Sobre a SAEB<\/h2>\n\n\n\n<p>Entre as compet\u00eancias da SAEB est\u00e3o a de planejar, coordenar, executar e controlar as atividades de administra\u00e7\u00e3o geral do estado da Bahia.<\/p>\n\n\n\n<p>Ela formula e executa a pol\u00edtica de recursos humanos, de previd\u00eancia e de assist\u00eancia aos servidores p\u00fablicos estaduais.<\/p>\n\n\n\n<p>Al\u00e9m disso, atua no processamento de dados e no desenvolvimento dos servi\u00e7os p\u00fablicos como um todo, no \u00e2mbito estatal.<\/p>\n\n\n\n<h2 class=\"wp-block-heading\" id=\"ultimo\">\u00daltimo concurso para efetivos SAEB BA (2004)<\/h2>\n\n\n\n<p>O <strong>\u00faltimo concurso SAEB ocorreu no ano de 2004<\/strong>, e foi organizado pela Funda\u00e7\u00e3o Carlos Chagas (<strong>FCC<\/strong>).<\/p>\n\n\n\n<p>Na \u00e9poca, o edital ofertou vagas para o cargo de Especialista em Pol\u00edticas P\u00fablicas e Gest\u00e3o Governamental, cuja exig\u00eancia m\u00ednima foi o curso superior conclu\u00eddo em qualquer \u00e1rea.<\/p>\n\n\n\n<p>Confira abaixo como foram distribu\u00eddas as vagas do \u00faltimo concurso SAEB:<\/p>\n\n\n\n<ul class=\"wp-block-list\">\n<li>Administra\u00e7\u00e3o e Planejamento: 70 vagas;<\/li>\n\n\n\n<li>Or\u00e7amento e Finan\u00e7as P\u00fablicas: 10 vagas;<\/li>\n\n\n\n<li>Pol\u00edticas Sociais: 15 vagas; e<\/li>\n\n\n\n<li>Infraestrutura e Desenvolvimento Econ\u00f4mico: 05 vagas.<\/li>\n<\/ul>\n\n\n\n<p>Al\u00e9m disso, os sal\u00e1rios iniciais dos cargos ofertados na \u00e9poca eram de <strong>R$ 1.870,00<\/strong>, j\u00e1 considerando a soma do vencimento b\u00e1sico da \u00e9poca (R$ 1.144,00) \u00e0 Gratifica\u00e7\u00e3o por Compet\u00eancia &#8211; GPC, de R$ 726,00.<\/p>\n\n\n\n<h3 class=\"wp-block-heading\" id=\"etapas\">Etapas de provas <\/h3>\n\n\n\n<p>O edital do \u00faltimo concurso SAEB foi composto por tr\u00eas importantes etapas, sendo elas de Prova Objetiva, Prova Dissertativa e Avalia\u00e7\u00e3o de T\u00edtulos. Confira abaixo maiores detalhes:<\/p>\n\n\n\n<ul class=\"wp-block-list\">\n<li>Prova de Conhecimentos Gerais &#8211; Objetiva \u2013 Peso 1;<\/li>\n\n\n\n<li>Prova de Conhecimentos Espec\u00edficos &#8211; Objetiva \u2013 Peso 2;<\/li>\n\n\n\n<li>Prova de Conhecimentos Espec\u00edficos -Dissertativa \u2013 Peso 2; e<\/li>\n\n\n\n<li>Prova de T\u00edtulos \u2013 Peso 1.<\/li>\n<\/ul>\n\n\n\n<p>A Prova de Conhecimentos Gerais &#8211; Objetiva e a Prova de Conhecimentos Espec\u00edficos foram compostas por quest\u00f5es de m\u00faltipla escolha. J\u00e1 a Prova de Conhecimentos Espec\u00edficos &#8211; Dissertativa, abordou o desenvolvimento de 01 tema que foi escolhido entre tr\u00eas relacionados ao conte\u00fado program\u00e1tico de Conhecimentos Espec\u00edficos por&nbsp;\u00e1rea de op\u00e7\u00e3o.<\/p>\n\n\n\n<h3 class=\"wp-block-heading\" id=\"pss\">Processo seletivo SAEB BA 2019<\/h3>\n\n\n\n<p>De mais recente, temos que a Secretaria de Administra\u00e7\u00e3o do Estado da Bahia realizou um&nbsp;processo seletivo. Trata-se do edital n.\u00ba 001\/2019, que se destinou \u00e0 contrata\u00e7\u00e3o de pessoal, por tempo determinado, em <strong>Regime Especial de Direito Administrativo &#8211; REDA<\/strong>.<\/p>\n\n\n\n<p>Ao todo, foram 95 vagas dispon\u00edveis para contrata\u00e7\u00e3o, incluindo todas as reservas legais. As oportunidades foram para T\u00e9cnico de N\u00edvel Superior &#8211; Tecnologia da Informa\u00e7\u00e3o, T\u00e9cnico de N\u00edvel Superior &#8211; qualquer \u00e1rea de forma\u00e7\u00e3o e Assistente de Atividade Administrativa (n\u00edvel m\u00e9dio).<\/p>\n\n\n\n<p>&nbsp;A remunera\u00e7\u00e3o ofertada variou de <strong>R$ 1.569,17 a R$ 2.729,76,<\/strong> para trabalhar em regime de 40 horas. O processo seletivo simplificado foi constitu\u00eddo de uma \u00fanica etapa, avalia\u00e7\u00e3o curricular, de car\u00e1ter eliminat\u00f3rio e classificat\u00f3rio.<\/p>\n\n\n\n<hr class=\"wp-block-separator has-css-opacity\"\/>\n\n\n\n<p class=\"has-text-align-center has-x-large-font-size\" id=\"cursos-assinatura\"><strong>Quer estudar para o Concurso SAEB?<\/strong><\/p>\n\n\n\n<div class=\"container\" id=\"boxes\">\n  <div class=\"row\">\n\n    <div class=\"col-sm\">\n      <div class=\"banner-estrat-corj\" id=\"box-assinatura\">\n        <h2 class=\"titulo-assinatura\" style=\"text-align: left;\">Cursos para Concursos<\/h2>\n        <p class=\"subtitulo-assinatura\" style=\"text-align: left;\">Conhe\u00e7a os cursos<\/p>\n        <div class=\"box-botao\" style=\"text-align: left;\">\n          <a class=\"btn-assinatura\" target=\"_blank\" href=\"https:\/\/www.estrategiaconcursos.com.br\/pesquisa\/?q=saeb\/\" role=\"button\" rel=\"noopener noreferrer\">CLIQUE AQUI<\/a>\n        <\/div>\n      <\/div><\/div><\/div><\/div>\n\n\n\n<div class=\"container\" id=\"boxes\">\n  <div class=\"row\">\n\n    <div class=\"col-sm\">\n      <div class=\"estrategia\" id=\"box-assinatura\">\n        <h3 class=\"titulo-assinatura\">Assinatura Concursos<\/h3>\n        <p class=\"subtitulo-assinatura\">Assinatura de 1 ano ou 2 anos<\/p>\n        <div class=\"box-botao\">\n          <a class=\"btn-assinatura\" target=\"_blank\" href=\"https:\/\/www.estrategiaconcursos.com.br\/assinaturas\/\" role=\"button\" rel=\"noopener noreferrer\">ASSINE AGORA<\/a>\n        <\/div>\n      <\/div><\/div><\/div><\/div>\n\n\n\n<p class=\"has-text-align-center has-x-large-font-size\" id=\"h-quer-saber-tudo-sobre-concursos-previstos-confira-nossos-artigos\"><strong>Quer saber tudo sobre concursos previstos? Confira nossos artigos!<\/strong><\/p>\n\n\n\n<ul class=\"wp-block-list\">\n<li><a href=\"https:\/\/www.estrategiaconcursos.com.br\/blog\/concursos-abertos\/\" target=\"_blank\" rel=\"noreferrer noopener\">Concursos Abertos<\/a><\/li>\n\n\n\n<li><a href=\"https:\/\/www.estrategiaconcursos.com.br\/blog\/concursos-2026\/\" target=\"_blank\" rel=\"noreferrer noopener\">Concursos 2026<\/a><\/li>\n<\/ul>\n\n\n\n<figure class=\"wp-block-image is-resized\"><img decoding=\"async\" src=\"https:\/\/dhg1h5j42swfq.cloudfront.net\/2021\/04\/06120844\/ficha-tecnica-87-1024x632.png\" alt=\"Informa\u00e7\u00f5es do pr\u00f3ximo concurso SAEB BA\" style=\"width:274px;height:169px\"\/><\/figure>\n\n\n\n<h3 class=\"wp-block-heading\" id=\"ficha\">Informa\u00e7\u00f5es dos pr\u00f3ximos Concursos SAEB BA<\/h3>\n\n\n\n<ul class=\"wp-block-list\">\n<li><strong>Data prevista: <\/strong>2026<\/li>\n\n\n\n<li><strong>Vagas<\/strong>: 40 previstas<\/li>\n\n\n\n<li><strong>Cargos<\/strong>: Especialista em Obras P\u00fablicas e T\u00e9cnico em Obras P\u00fablicas<\/li>\n\n\n\n<li><strong>Banca<\/strong>: a definir<\/li>\n\n\n\n<li><strong>Escolaridade<\/strong>: n\u00edveis m\u00e9dio e superior<\/li>\n\n\n\n<li><strong>\u00daltimo edital<\/strong>: <a href=\"https:\/\/dhg1h5j42swfq.cloudfront.net\/2022\/03\/09102238\/edital-de-abertura-de-inscricoes_8.pdf\" target=\"_blank\" rel=\"noreferrer noopener nofollow\">SAEB 2004<\/a><\/li>\n<\/ul>\n\n\n\n<hr class=\"wp-block-separator has-alpha-channel-opacity is-style-dots\"\/>\n\n\n\n<ul class=\"wp-block-list\">\n<li><strong>Data prevista:<\/strong>&nbsp;2026<\/li>\n\n\n\n<li><strong>Banca<\/strong>: a definir<\/li>\n\n\n\n<li><strong>Escolaridade<\/strong>: n\u00edvel superior<\/li>\n\n\n\n<li><strong>Vagas:<\/strong>&nbsp;50<\/li>\n\n\n\n<li><strong>Cargo<\/strong>: Especialista em Pol\u00edticas P\u00fablicas e Gest\u00e3o Governamental<\/li>\n\n\n\n<li><strong>\u00daltimo edital<\/strong>:&nbsp;<a href=\"https:\/\/dhg1h5j42swfq.cloudfront.net\/2026\/02\/07091613\/edital-de-abertura-de-inscricoes_8-1.doc\" target=\"_blank\" rel=\"noreferrer noopener\">EPPGG 2004<\/a><\/li>\n<\/ul>\n","protected":false},"excerpt":{"rendered":"<p>Comiss\u00e3o do novo concurso prev\u00ea vagas para a Saeb, Seinfra e Sedur; edital no 2\u00ba semestre! O novo concurso p\u00fablico da SAEB BA (Secretaria da Administra\u00e7\u00e3o do Estado da Bahia) segue avan\u00e7ando e j\u00e1 teve a comiss\u00e3o organizadora oficialmente definida. A portaria conjunta entre a Saeb, Seinfra e Sedur designa seis servidores que ficar\u00e3o respons\u00e1veis [&hellip;]<\/p>\n","protected":false},"author":2018,"featured_media":958455,"comment_status":"open","ping_status":"closed","sticky":false,"template":"","format":"standard","meta":{"post_tipo":"news_page","footnotes":""},"categories":[214992],"tags":[],"tax_estado":[219968],"class_list":["post-589361","post","type-post","status-publish","format-standard","has-post-thumbnail","hentry","category-concursos-administrativos","tax_estado-ba"],"acf":[],"yoast_head":"<!-- This site is optimized with the Yoast SEO Premium plugin v27.2 (Yoast SEO v27.2) - https:\/\/yoast.com\/product\/yoast-seo-premium-wordpress\/ -->\n<title>Concurso SAEB BA 2026: comiss\u00e3o formada; edital no 2\u00ba semestre<\/title>\n<meta name=\"description\" content=\"Saiba tudo sobre o Concurso SAEB BA 2026: vagas, comiss\u00e3o organizadora e sal\u00e1rios iniciais previstos para os novos cargos.\" \/>\n<meta name=\"robots\" content=\"index, follow, max-snippet:-1, max-image-preview:large, max-video-preview:-1\" \/>\n<link rel=\"canonical\" href=\"https:\/\/www.estrategiaconcursos.com.br\/blog\/concurso-saeb\/\" \/>\n<meta property=\"og:locale\" content=\"pt_BR\" \/>\n<meta property=\"og:type\" content=\"article\" \/>\n<meta property=\"og:title\" content=\"Concurso SAEB BA 2026: comiss\u00e3o formada; edital no 2\u00ba semestre\" \/>\n<meta property=\"og:description\" content=\"Saiba tudo sobre o Concurso SAEB BA 2026: vagas, comiss\u00e3o organizadora e sal\u00e1rios iniciais previstos para os novos cargos.\" \/>\n<meta property=\"og:url\" content=\"https:\/\/www.estrategiaconcursos.com.br\/blog\/concurso-saeb\/\" \/>\n<meta property=\"og:site_name\" content=\"Estrat\u00e9gia Concursos\" \/>\n<meta property=\"article:published_time\" content=\"2026-04-24T22:17:29+00:00\" \/>\n<meta property=\"article:modified_time\" content=\"2026-04-24T22:17:30+00:00\" \/>\n<meta property=\"og:image\" content=\"https:\/\/dhg1h5j42swfq.cloudfront.net\/2021\/01\/31141404\/saeb.jpg\" \/>\n\t<meta property=\"og:image:width\" content=\"768\" \/>\n\t<meta property=\"og:image:height\" content=\"432\" \/>\n\t<meta property=\"og:image:type\" content=\"image\/jpeg\" \/>\n<meta name=\"author\" content=\"B\u00e1rbara Carvalho Santos\" \/>\n<meta name=\"twitter:card\" content=\"summary_large_image\" \/>\n<meta name=\"twitter:creator\" content=\"@EstratConcursos\" \/>\n<meta name=\"twitter:site\" content=\"@EstratConcursos\" \/>\n<meta name=\"twitter:label1\" content=\"Escrito por\" \/>\n\t<meta name=\"twitter:data1\" content=\"B\u00e1rbara Carvalho Santos\" \/>\n\t<meta name=\"twitter:label2\" content=\"Est. tempo de leitura\" \/>\n\t<meta name=\"twitter:data2\" content=\"5 minutos\" \/>\n<script type=\"application\/ld+json\" class=\"yoast-schema-graph\">{\"@context\":\"https:\/\/schema.org\",\"@graph\":[{\"@type\":\"NewsArticle\",\"@id\":\"https:\/\/www.estrategiaconcursos.com.br\/blog\/concurso-saeb\/#article\",\"isPartOf\":{\"@id\":\"https:\/\/www.estrategiaconcursos.com.br\/blog\/concurso-saeb\/\"},\"author\":{\"name\":\"B\u00e1rbara Carvalho Santos\",\"@id\":\"https:\/\/www.estrategiaconcursos.com.br\/blog\/#\/schema\/person\/e3882259fa157d54c44c21f4ee4e0e60\"},\"headline\":\"Concurso SAEB BA 2026: comiss\u00e3o formada; edital no 2\u00ba semestre\",\"datePublished\":\"2026-04-24T22:17:29+00:00\",\"dateModified\":\"2026-04-24T22:17:30+00:00\",\"mainEntityOfPage\":{\"@id\":\"https:\/\/www.estrategiaconcursos.com.br\/blog\/concurso-saeb\/\"},\"wordCount\":1252,\"commentCount\":0,\"publisher\":{\"@id\":\"https:\/\/www.estrategiaconcursos.com.br\/blog\/#organization\"},\"image\":{\"@id\":\"https:\/\/www.estrategiaconcursos.com.br\/blog\/concurso-saeb\/#primaryimage\"},\"thumbnailUrl\":\"https:\/\/dhg1h5j42swfq.cloudfront.net\/2021\/01\/31141404\/saeb.jpg\",\"articleSection\":[\"Executivo (Administrativa)\"],\"inLanguage\":\"pt-BR\",\"potentialAction\":[{\"@type\":\"CommentAction\",\"name\":\"Comment\",\"target\":[\"https:\/\/www.estrategiaconcursos.com.br\/blog\/concurso-saeb\/#respond\"]}],\"copyrightYear\":\"2026\",\"copyrightHolder\":{\"@id\":\"https:\/\/www.estrategiaconcursos.com.br\/blog\/#organization\"}},{\"@type\":\"WebPage\",\"@id\":\"https:\/\/www.estrategiaconcursos.com.br\/blog\/concurso-saeb\/\",\"url\":\"https:\/\/www.estrategiaconcursos.com.br\/blog\/concurso-saeb\/\",\"name\":\"Concurso SAEB BA 2026: comiss\u00e3o formada; edital no 2\u00ba semestre\",\"isPartOf\":{\"@id\":\"https:\/\/www.estrategiaconcursos.com.br\/blog\/#website\"},\"primaryImageOfPage\":{\"@id\":\"https:\/\/www.estrategiaconcursos.com.br\/blog\/concurso-saeb\/#primaryimage\"},\"image\":{\"@id\":\"https:\/\/www.estrategiaconcursos.com.br\/blog\/concurso-saeb\/#primaryimage\"},\"thumbnailUrl\":\"https:\/\/dhg1h5j42swfq.cloudfront.net\/2021\/01\/31141404\/saeb.jpg\",\"datePublished\":\"2026-04-24T22:17:29+00:00\",\"dateModified\":\"2026-04-24T22:17:30+00:00\",\"description\":\"Saiba tudo sobre o Concurso SAEB BA 2026: vagas, comiss\u00e3o organizadora e sal\u00e1rios iniciais previstos para os novos cargos.\",\"breadcrumb\":{\"@id\":\"https:\/\/www.estrategiaconcursos.com.br\/blog\/concurso-saeb\/#breadcrumb\"},\"inLanguage\":\"pt-BR\",\"potentialAction\":[{\"@type\":\"ReadAction\",\"target\":[\"https:\/\/www.estrategiaconcursos.com.br\/blog\/concurso-saeb\/\"]}]},{\"@type\":\"ImageObject\",\"inLanguage\":\"pt-BR\",\"@id\":\"https:\/\/www.estrategiaconcursos.com.br\/blog\/concurso-saeb\/#primaryimage\",\"url\":\"https:\/\/dhg1h5j42swfq.cloudfront.net\/2021\/01\/31141404\/saeb.jpg\",\"contentUrl\":\"https:\/\/dhg1h5j42swfq.cloudfront.net\/2021\/01\/31141404\/saeb.jpg\",\"width\":768,\"height\":432,\"caption\":\"SAEB forma comiss\u00e3o organizadora para o concurso!\"},{\"@type\":\"BreadcrumbList\",\"@id\":\"https:\/\/www.estrategiaconcursos.com.br\/blog\/concurso-saeb\/#breadcrumb\",\"itemListElement\":[{\"@type\":\"ListItem\",\"position\":1,\"name\":\"In\u00edcio\",\"item\":\"https:\/\/www.estrategiaconcursos.com.br\/blog\/\"},{\"@type\":\"ListItem\",\"position\":2,\"name\":\"Concurso SAEB BA 2026: comiss\u00e3o formada; edital no 2\u00ba semestre\"}]},{\"@type\":\"WebSite\",\"@id\":\"https:\/\/www.estrategiaconcursos.com.br\/blog\/#website\",\"url\":\"https:\/\/www.estrategiaconcursos.com.br\/blog\/\",\"name\":\"Estrat\u00e9gia Concursos\",\"description\":\"O blog da Estrat\u00e9gia Concursos traz not\u00edcias sobre concursos e artigos de professores oferecendo cursos para concursos (pdf + videaulas) no site.\",\"publisher\":{\"@id\":\"https:\/\/www.estrategiaconcursos.com.br\/blog\/#organization\"},\"potentialAction\":[{\"@type\":\"SearchAction\",\"target\":{\"@type\":\"EntryPoint\",\"urlTemplate\":\"https:\/\/www.estrategiaconcursos.com.br\/blog\/?s={search_term_string}\"},\"query-input\":{\"@type\":\"PropertyValueSpecification\",\"valueRequired\":true,\"valueName\":\"search_term_string\"}}],\"inLanguage\":\"pt-BR\"},{\"@type\":\"Organization\",\"@id\":\"https:\/\/www.estrategiaconcursos.com.br\/blog\/#organization\",\"name\":\"Estrat\u00e9gia Concursos\",\"url\":\"https:\/\/www.estrategiaconcursos.com.br\/blog\/\",\"logo\":{\"@type\":\"ImageObject\",\"inLanguage\":\"pt-BR\",\"@id\":\"https:\/\/www.estrategiaconcursos.com.br\/blog\/#\/schema\/logo\/image\/\",\"url\":\"https:\/\/dhg1h5j42swfq.cloudfront.net\/2025\/06\/03203428\/logo_concursos-1.jpg\",\"contentUrl\":\"https:\/\/dhg1h5j42swfq.cloudfront.net\/2025\/06\/03203428\/logo_concursos-1.jpg\",\"width\":230,\"height\":60,\"caption\":\"Estrat\u00e9gia Concursos\"},\"image\":{\"@id\":\"https:\/\/www.estrategiaconcursos.com.br\/blog\/#\/schema\/logo\/image\/\"},\"sameAs\":[\"https:\/\/x.com\/EstratConcursos\"]},{\"@type\":\"Person\",\"@id\":\"https:\/\/www.estrategiaconcursos.com.br\/blog\/#\/schema\/person\/e3882259fa157d54c44c21f4ee4e0e60\",\"name\":\"B\u00e1rbara Carvalho Santos\",\"image\":{\"@type\":\"ImageObject\",\"inLanguage\":\"pt-BR\",\"@id\":\"https:\/\/secure.gravatar.com\/avatar\/353300f73140f779692b9be2b39f434d1341e4e34c7f55bd5a990fe29ef352eb?s=96&d=mm&r=g\",\"url\":\"https:\/\/secure.gravatar.com\/avatar\/353300f73140f779692b9be2b39f434d1341e4e34c7f55bd5a990fe29ef352eb?s=96&d=mm&r=g\",\"contentUrl\":\"https:\/\/secure.gravatar.com\/avatar\/353300f73140f779692b9be2b39f434d1341e4e34c7f55bd5a990fe29ef352eb?s=96&d=mm&r=g\",\"caption\":\"B\u00e1rbara Carvalho Santos\"},\"description\":\"M\u00e3e e jornalista formada pela UNIP, possui ampla experi\u00eancia na cobertura de entretenimento em grandes ve\u00edculos, como o site da CNN, RedeTV! e Estrat\u00e9gia Educacional. Atuou tamb\u00e9m em ag\u00eancias de marketing, produtoras musicais e assessorias de imprensa, com foco especial no trabalho com personalidades p\u00fablicas. Atualmente, integra a equipe do Estrat\u00e9gia Concursos, onde \u00e9 respons\u00e1vel pela produ\u00e7\u00e3o de conte\u00fados estrat\u00e9gicos voltados para o setor de concursos p\u00fablicos, com destaque para a \u00e1rea fiscal, gest\u00e3o, controle, concursos administrativos e Minist\u00e9rios participantes do CNU, al\u00e9m de diversos \u00f3rg\u00e3os federais. Tem como miss\u00e3o transformar informa\u00e7\u00f5es complexas em conte\u00fados acess\u00edveis, relevantes e de alto valor para quem sonha com uma carreira no servi\u00e7o p\u00fablico.\",\"url\":\"https:\/\/www.estrategiaconcursos.com.br\/blog\/author\/barbara-santos\/\"}]}<\/script>\n<!-- \/ Yoast SEO Premium plugin. -->","yoast_head_json":{"title":"Concurso SAEB BA 2026: comiss\u00e3o formada; edital no 2\u00ba semestre","description":"Saiba tudo sobre o Concurso SAEB BA 2026: vagas, comiss\u00e3o organizadora e sal\u00e1rios iniciais previstos para os novos cargos.","robots":{"index":"index","follow":"follow","max-snippet":"max-snippet:-1","max-image-preview":"max-image-preview:large","max-video-preview":"max-video-preview:-1"},"canonical":"https:\/\/www.estrategiaconcursos.com.br\/blog\/concurso-saeb\/","og_locale":"pt_BR","og_type":"article","og_title":"Concurso SAEB BA 2026: comiss\u00e3o formada; edital no 2\u00ba semestre","og_description":"Saiba tudo sobre o Concurso SAEB BA 2026: vagas, comiss\u00e3o organizadora e sal\u00e1rios iniciais previstos para os novos cargos.","og_url":"https:\/\/www.estrategiaconcursos.com.br\/blog\/concurso-saeb\/","og_site_name":"Estrat\u00e9gia Concursos","article_published_time":"2026-04-24T22:17:29+00:00","article_modified_time":"2026-04-24T22:17:30+00:00","og_image":[{"width":768,"height":432,"url":"https:\/\/dhg1h5j42swfq.cloudfront.net\/2021\/01\/31141404\/saeb.jpg","type":"image\/jpeg"}],"author":"B\u00e1rbara Carvalho Santos","twitter_card":"summary_large_image","twitter_creator":"@EstratConcursos","twitter_site":"@EstratConcursos","twitter_misc":{"Escrito por":"B\u00e1rbara Carvalho Santos","Est. tempo de leitura":"5 minutos"},"schema":{"@context":"https:\/\/schema.org","@graph":[{"@type":"NewsArticle","@id":"https:\/\/www.estrategiaconcursos.com.br\/blog\/concurso-saeb\/#article","isPartOf":{"@id":"https:\/\/www.estrategiaconcursos.com.br\/blog\/concurso-saeb\/"},"author":{"name":"B\u00e1rbara Carvalho Santos","@id":"https:\/\/www.estrategiaconcursos.com.br\/blog\/#\/schema\/person\/e3882259fa157d54c44c21f4ee4e0e60"},"headline":"Concurso SAEB BA 2026: comiss\u00e3o formada; edital no 2\u00ba semestre","datePublished":"2026-04-24T22:17:29+00:00","dateModified":"2026-04-24T22:17:30+00:00","mainEntityOfPage":{"@id":"https:\/\/www.estrategiaconcursos.com.br\/blog\/concurso-saeb\/"},"wordCount":1252,"commentCount":0,"publisher":{"@id":"https:\/\/www.estrategiaconcursos.com.br\/blog\/#organization"},"image":{"@id":"https:\/\/www.estrategiaconcursos.com.br\/blog\/concurso-saeb\/#primaryimage"},"thumbnailUrl":"https:\/\/dhg1h5j42swfq.cloudfront.net\/2021\/01\/31141404\/saeb.jpg","articleSection":["Executivo (Administrativa)"],"inLanguage":"pt-BR","potentialAction":[{"@type":"CommentAction","name":"Comment","target":["https:\/\/www.estrategiaconcursos.com.br\/blog\/concurso-saeb\/#respond"]}],"copyrightYear":"2026","copyrightHolder":{"@id":"https:\/\/www.estrategiaconcursos.com.br\/blog\/#organization"}},{"@type":"WebPage","@id":"https:\/\/www.estrategiaconcursos.com.br\/blog\/concurso-saeb\/","url":"https:\/\/www.estrategiaconcursos.com.br\/blog\/concurso-saeb\/","name":"Concurso SAEB BA 2026: comiss\u00e3o formada; edital no 2\u00ba semestre","isPartOf":{"@id":"https:\/\/www.estrategiaconcursos.com.br\/blog\/#website"},"primaryImageOfPage":{"@id":"https:\/\/www.estrategiaconcursos.com.br\/blog\/concurso-saeb\/#primaryimage"},"image":{"@id":"https:\/\/www.estrategiaconcursos.com.br\/blog\/concurso-saeb\/#primaryimage"},"thumbnailUrl":"https:\/\/dhg1h5j42swfq.cloudfront.net\/2021\/01\/31141404\/saeb.jpg","datePublished":"2026-04-24T22:17:29+00:00","dateModified":"2026-04-24T22:17:30+00:00","description":"Saiba tudo sobre o Concurso SAEB BA 2026: vagas, comiss\u00e3o organizadora e sal\u00e1rios iniciais previstos para os novos cargos.","breadcrumb":{"@id":"https:\/\/www.estrategiaconcursos.com.br\/blog\/concurso-saeb\/#breadcrumb"},"inLanguage":"pt-BR","potentialAction":[{"@type":"ReadAction","target":["https:\/\/www.estrategiaconcursos.com.br\/blog\/concurso-saeb\/"]}]},{"@type":"ImageObject","inLanguage":"pt-BR","@id":"https:\/\/www.estrategiaconcursos.com.br\/blog\/concurso-saeb\/#primaryimage","url":"https:\/\/dhg1h5j42swfq.cloudfront.net\/2021\/01\/31141404\/saeb.jpg","contentUrl":"https:\/\/dhg1h5j42swfq.cloudfront.net\/2021\/01\/31141404\/saeb.jpg","width":768,"height":432,"caption":"SAEB forma comiss\u00e3o organizadora para o concurso!"},{"@type":"BreadcrumbList","@id":"https:\/\/www.estrategiaconcursos.com.br\/blog\/concurso-saeb\/#breadcrumb","itemListElement":[{"@type":"ListItem","position":1,"name":"In\u00edcio","item":"https:\/\/www.estrategiaconcursos.com.br\/blog\/"},{"@type":"ListItem","position":2,"name":"Concurso SAEB BA 2026: comiss\u00e3o formada; edital no 2\u00ba semestre"}]},{"@type":"WebSite","@id":"https:\/\/www.estrategiaconcursos.com.br\/blog\/#website","url":"https:\/\/www.estrategiaconcursos.com.br\/blog\/","name":"Estrat\u00e9gia Concursos","description":"O blog da Estrat\u00e9gia Concursos traz not\u00edcias sobre concursos e artigos de professores oferecendo cursos para concursos (pdf + videaulas) no site.","publisher":{"@id":"https:\/\/www.estrategiaconcursos.com.br\/blog\/#organization"},"potentialAction":[{"@type":"SearchAction","target":{"@type":"EntryPoint","urlTemplate":"https:\/\/www.estrategiaconcursos.com.br\/blog\/?s={search_term_string}"},"query-input":{"@type":"PropertyValueSpecification","valueRequired":true,"valueName":"search_term_string"}}],"inLanguage":"pt-BR"},{"@type":"Organization","@id":"https:\/\/www.estrategiaconcursos.com.br\/blog\/#organization","name":"Estrat\u00e9gia Concursos","url":"https:\/\/www.estrategiaconcursos.com.br\/blog\/","logo":{"@type":"ImageObject","inLanguage":"pt-BR","@id":"https:\/\/www.estrategiaconcursos.com.br\/blog\/#\/schema\/logo\/image\/","url":"https:\/\/dhg1h5j42swfq.cloudfront.net\/2025\/06\/03203428\/logo_concursos-1.jpg","contentUrl":"https:\/\/dhg1h5j42swfq.cloudfront.net\/2025\/06\/03203428\/logo_concursos-1.jpg","width":230,"height":60,"caption":"Estrat\u00e9gia Concursos"},"image":{"@id":"https:\/\/www.estrategiaconcursos.com.br\/blog\/#\/schema\/logo\/image\/"},"sameAs":["https:\/\/x.com\/EstratConcursos"]},{"@type":"Person","@id":"https:\/\/www.estrategiaconcursos.com.br\/blog\/#\/schema\/person\/e3882259fa157d54c44c21f4ee4e0e60","name":"B\u00e1rbara Carvalho Santos","image":{"@type":"ImageObject","inLanguage":"pt-BR","@id":"https:\/\/secure.gravatar.com\/avatar\/353300f73140f779692b9be2b39f434d1341e4e34c7f55bd5a990fe29ef352eb?s=96&d=mm&r=g","url":"https:\/\/secure.gravatar.com\/avatar\/353300f73140f779692b9be2b39f434d1341e4e34c7f55bd5a990fe29ef352eb?s=96&d=mm&r=g","contentUrl":"https:\/\/secure.gravatar.com\/avatar\/353300f73140f779692b9be2b39f434d1341e4e34c7f55bd5a990fe29ef352eb?s=96&d=mm&r=g","caption":"B\u00e1rbara Carvalho Santos"},"description":"M\u00e3e e jornalista formada pela UNIP, possui ampla experi\u00eancia na cobertura de entretenimento em grandes ve\u00edculos, como o site da CNN, RedeTV! e Estrat\u00e9gia Educacional. Atuou tamb\u00e9m em ag\u00eancias de marketing, produtoras musicais e assessorias de imprensa, com foco especial no trabalho com personalidades p\u00fablicas. Atualmente, integra a equipe do Estrat\u00e9gia Concursos, onde \u00e9 respons\u00e1vel pela produ\u00e7\u00e3o de conte\u00fados estrat\u00e9gicos voltados para o setor de concursos p\u00fablicos, com destaque para a \u00e1rea fiscal, gest\u00e3o, controle, concursos administrativos e Minist\u00e9rios participantes do CNU, al\u00e9m de diversos \u00f3rg\u00e3os federais. Tem como miss\u00e3o transformar informa\u00e7\u00f5es complexas em conte\u00fados acess\u00edveis, relevantes e de alto valor para quem sonha com uma carreira no servi\u00e7o p\u00fablico.","url":"https:\/\/www.estrategiaconcursos.com.br\/blog\/author\/barbara-santos\/"}]}},"_links":{"self":[{"href":"https:\/\/www.estrategiaconcursos.com.br\/blog\/wp-json\/wp\/v2\/posts\/589361","targetHints":{"allow":["GET"]}}],"collection":[{"href":"https:\/\/www.estrategiaconcursos.com.br\/blog\/wp-json\/wp\/v2\/posts"}],"about":[{"href":"https:\/\/www.estrategiaconcursos.com.br\/blog\/wp-json\/wp\/v2\/types\/post"}],"author":[{"embeddable":true,"href":"https:\/\/www.estrategiaconcursos.com.br\/blog\/wp-json\/wp\/v2\/users\/2018"}],"replies":[{"embeddable":true,"href":"https:\/\/www.estrategiaconcursos.com.br\/blog\/wp-json\/wp\/v2\/comments?post=589361"}],"version-history":[{"count":27,"href":"https:\/\/www.estrategiaconcursos.com.br\/blog\/wp-json\/wp\/v2\/posts\/589361\/revisions"}],"predecessor-version":[{"id":1757326,"href":"https:\/\/www.estrategiaconcursos.com.br\/blog\/wp-json\/wp\/v2\/posts\/589361\/revisions\/1757326"}],"wp:featuredmedia":[{"embeddable":true,"href":"https:\/\/www.estrategiaconcursos.com.br\/blog\/wp-json\/wp\/v2\/media\/958455"}],"wp:attachment":[{"href":"https:\/\/www.estrategiaconcursos.com.br\/blog\/wp-json\/wp\/v2\/media?parent=589361"}],"wp:term":[{"taxonomy":"category","embeddable":true,"href":"https:\/\/www.estrategiaconcursos.com.br\/blog\/wp-json\/wp\/v2\/categories?post=589361"},{"taxonomy":"post_tag","embeddable":true,"href":"https:\/\/www.estrategiaconcursos.com.br\/blog\/wp-json\/wp\/v2\/tags?post=589361"},{"taxonomy":"tax_estado","embeddable":true,"href":"https:\/\/www.estrategiaconcursos.com.br\/blog\/wp-json\/wp\/v2\/tax_estado?post=589361"}],"curies":[{"name":"wp","href":"https:\/\/api.w.org\/{rel}","templated":true}]}}