{"id":588995,"date":"2020-11-30T09:20:00","date_gmt":"2020-11-30T12:20:00","guid":{"rendered":"https:\/\/www.estrategiaconcursos.com.br\/blog\/?p=588995"},"modified":"2021-01-05T13:50:19","modified_gmt":"2021-01-05T16:50:19","slug":"edital-prefeitura-de-carmo","status":"publish","type":"post","link":"https:\/\/www.estrategiaconcursos.com.br\/blog\/edital-prefeitura-de-carmo\/","title":{"rendered":"Edital Prefeitura de Carmo RJ: provas em janeiro de 2021"},"content":{"rendered":"\n<p>O edital da Prefeitura de Carmo, localizada no estado do Rio de Janeiro, oferta<strong> 71 vagas imediatas <\/strong>mais cadastro de reserva distribu\u00eddas entre diversos cargos e n\u00edveis de escolaridade.<\/p>\n\n\n\n<p>Os interessados em participar da sele\u00e7\u00e3o puderam realizar as inscri\u00e7\u00f5es at\u00e9 o dia 12 de novembro, no site da banca organizadora, o Instituto de Avalia\u00e7\u00e3o Nacional (IAN). As taxas foram definidas de acordo com o grau de escolaridade do cargo pretendido, sendo:<\/p>\n\n\n\n<ul class=\"wp-block-list\"><li><strong>Fundamental:<\/strong> R$ 60<\/li><li><strong>M\u00e9dio e T\u00e9cnico:<\/strong> R$ 78<\/li><li><strong>Superior: <\/strong>R$ 98<\/li><\/ul>\n\n\n\n<p>Agora, os candidatos inscritos no concurso p\u00fablico ser\u00e3o direcionados para etapa de provas. A prova objetiva ser\u00e1 aplicada na <strong>data prevista de 28 de mar\u00e7o de 2021<\/strong>. Confira mais detalhes ao longo do artigo!<\/p>\n\n\n\n<h2 class=\"wp-block-heading\" id=\"datas\">Principais datas do edital Prefeitura de Carmo<\/h2>\n\n\n\n<p class=\"has-very-light-gray-background-color has-background\"><strong>Inscri\u00e7\u00f5es<\/strong>: <s>at\u00e9 o dia 12\/11\/2020<\/s><br \/><strong>Isen\u00e7\u00e3o da taxa<\/strong>: <s>15 e 16\/10\/2020<\/s><br \/><strong>\u00daltimo dia para pagamento<\/strong>:<s> 13\/11\/2020<\/s><br \/><strong>Prova<\/strong>: 28\/03\/2021<\/p>\n\n\n\n<h2 class=\"wp-block-heading\" id=\"cargos-vagas\">Cargos e vagas do edital Prefeitura de Carmo<\/h2>\n\n\n\n<p>O edital Prefeitura de Carmo oferta, ao todo, <strong>71 vagas imediatas<\/strong> mais cadastro de reserva em diversos n\u00edveis de escolaridade. Abaixo voc\u00ea confere a lista de cargos ofertados no concurso. <\/p>\n\n\n\n<h3 class=\"wp-block-heading\">N\u00edvel fundamental<\/h3>\n\n\n\n<ul class=\"wp-block-list\"><li>Auxiliar de Obras e Conserva\u00e7\u00e3o (Servente)<\/li><li>Auxiliar de Servi\u00e7os de Educa\u00e7\u00e3o (Servente)<\/li><li>Auxiliar de Servi\u00e7os Gerais (Servente)<\/li><li>Merendeira<\/li><li>Motorista Categoria B<\/li><li>Motorista Categoria D<\/li><li>Pedreiro<\/li><li>Tratorista<\/li><li>Auxiliar de Cuidador<\/li><li>Cozinheiro para o CAPS<\/li><li>Monitor de Transporte Escolar<\/li><\/ul>\n\n\n\n<h3 class=\"wp-block-heading\">N\u00edvel m\u00e9dio\/m\u00e9dio t\u00e9cnico<\/h3>\n\n\n\n<ul class=\"wp-block-list\"><li>Agente de Defesa Civil<\/li><li>Assistente Administrativo<\/li><li>Auxiliar de Apoio Escolar\/Educa\u00e7\u00e3o Inclusiva<\/li><li>Auxiliar de Prot\u00e9tico<\/li><li>Auxiliar de Sa\u00fade Bucal<\/li><li>Auxiliar de Secretaria Escolar<\/li><li>Cuidador Social<\/li><li>Eletricista<\/li><li>Estimulador Materno Infantil<\/li><li>Fiscal de Obras<\/li><li>Fiscal Tribut\u00e1rio<\/li><li>Guarda Municipal<\/li><li>Monitor de Apoio Educacional<\/li><li>Orientador Social<\/li><li>Pod\u00f3logo<\/li><li>Professor II<\/li><li>Recepcionista<\/li><li>T\u00e9cnico Agr\u00edcola<\/li><li>T\u00e9cnico em Enfermagem<\/li><li>T\u00e9cnico em Pr\u00f3tese Dent\u00e1ria<\/li><li>Vigilante<\/li><li>Sanit\u00e1rio<\/li><\/ul>\n\n\n\n<h3 class=\"wp-block-heading\">N\u00edvel superior<\/h3>\n\n\n\n<ul class=\"wp-block-list\"><li>Advogado<\/li><li>Auditor jur\u00eddico<\/li><li>Auditor cont\u00e1bil<\/li><li>Arquiteto<\/li><li>Assistente Social<\/li><li>Contador<\/li><li>Coordenador pedag\u00f3gico<\/li><li>Bi\u00f3logo<\/li><li>Biom\u00e9dico<\/li><li>Dentista (diversos)<\/li><li>Enfermeiro<\/li><li>Engenheiro (agr\u00f4nomo, civil e florestal)<\/li><li>Farmac\u00eautico<\/li><li>Fiscal<\/li><li>Fisioterapeuta<\/li><li>Fonoaudi\u00f3logo<\/li><li>M\u00e9dico (diversas especialidades)<\/li><li>Nutricionista<\/li><li>Odont\u00f3logo<\/li><li>Psic\u00f3logo<\/li><li>Profissional em T.I<\/li><li>Profissional de Educa\u00e7\u00e3o F\u00edsica<\/li><li>Sanitarista<\/li><li>Terapeuta Ocupacional e<\/li><li>Turism\u00f3logo<\/li><\/ul>\n\n\n\n<h2 class=\"wp-block-heading\" id=\"etapas\">Etapas do edital Prefeitura de Carmo<\/h2>\n\n\n\n<p>O edital da Prefeitura de Carmo \u00e9 constitu\u00eddo de quatro importantes etapas, sendo elas <strong>Prova Objetiva, Avalia\u00e7\u00e3o de T\u00edtulos, Prova Pr\u00e1tica e Prova de Aptid\u00e3o F\u00edsica<\/strong>.<strong> <\/strong>Confira abaixo:<\/p>\n\n\n\n<ul class=\"wp-block-list\" id=\"block-f799a7d4-de94-44f4-887f-3184a91f64e2\"><li><strong>Prova Objetiva<\/strong>&nbsp;para todos os cargos (eliminat\u00f3rio e classificat\u00f3rio);<\/li><li><strong>Avalia\u00e7\u00e3o de T\u00edtulos<\/strong>&nbsp;apenas para os cargos de Coordenador Pedag\u00f3gico, Professor Inspetor Escolar, professor II e Professor I (classificat\u00f3rio);<\/li><li><strong>Prova Pr\u00e1tica<\/strong>&nbsp;apenas para os cargos de Motorista Categoria B, Motorista Categoria D, Operador de M\u00e1quinas Pesadas e Tratorista (eliminat\u00f3rio e classificat\u00f3rio);<\/li><li><strong>Prova de Aptid\u00e3o F\u00edsica<\/strong>&nbsp;apenas para o cargo de Guarda Municipal (eliminat\u00f3rio).<\/li><\/ul>\n\n\n\n<p>A Prova Objetiva ser\u00e1 composta por&nbsp;<strong>40 quest\u00f5es<\/strong>&nbsp;com quatro alternativas cada (A, B, C e D). Ser\u00e1 considerado reprovado na etapa, o candidato que obtiver menos de 50% do total de pontos ou aquele que zerar em qualquer uma das disciplinas.<\/p>\n\n\n\n<p>Maiores detalhes sobre as etapas de provas, bem como todas as informa\u00e7\u00f5es a respeito do edital Prefeitura de Carmo voc\u00ea confere no link abaixo:<\/p>\n\n\n\n<p class=\"has-text-align-center has-cyan-bluish-gray-background-color has-background\" style=\"font-size:clamp(14.642px, 0.915rem + ((1vw - 3.2px) * 0.721), 22px);px\"><strong>Saiba mais:<a rel=\"noreferrer noopener\" href=\"https:\/\/www.estrategiaconcursos.com.br\/blog\/concurso-prefeitura-de-carmo\/\" target=\"_blank\"> Concurso Prefeitura de Carmo<\/a><\/strong><\/p>\n\n\n\n<hr class=\"wp-block-separator\"\/>\n\n\n\n<h2 class=\"has-text-align-center wp-block-heading\" id=\"cursos-assinatura\">Quer estudar para o <strong>edital Prefeitura de Carmo<\/strong>?<\/h2>\n\n\n\n<div class=\"container\" id=\"boxes\">\n  <div class=\"row\">\n\n    <div class=\"col-sm\">\n      <div class=\"banner-estrategia\" id=\"box-assinatura\">\n        <h3 class=\"titulo-assinatura\">Cursos para concursos<\/h3>\n        <p class=\"subtitulo-assinatura\">Conhe\u00e7a os cursos<\/p>\n        <div class=\"box-botao\">\n          <a class=\"btn-assinatura\" target=\"_blank\" href=\"https:\/\/www.estrategiaconcursos.com.br\/cursos\/\" role=\"button\" rel=\"noopener noreferrer\">Conhe\u00e7a mais<\/a>\n        <\/div>\n      <\/div>\n      <p class=\"texto-auxiliar\">Prepare-se com o melhor material e com quem mais aprova em Concursos P\u00fablicos em todo o pa\u00eds.<\/p>\n    <\/div>\n\n  <\/div>\n<\/div>\n\n\n\n<div class=\"container\" id=\"boxes\">\n  <div class=\"row\">\n\n    <div class=\"col-sm\">\n      <div class=\"estrategia\" id=\"box-assinatura\">\n        <h3 class=\"titulo-assinatura\">Assinatura Ilimitada<\/h3>\n        <p class=\"subtitulo-assinatura\">Assinatura Anual Ilimitada*<\/p>\n        <div class=\"box-botao\">\n          <a class=\"btn-assinatura\" target=\"_blank\" href=\"https:\/\/www.estrategiaconcursos.com.br\/assinaturas\/\" role=\"button\" rel=\"noopener noreferrer\">ASSINE AGORA<\/a>\n        <\/div>\n      <\/div>\n      <p class=\"texto-auxiliar\">Prepare-se com o melhor material e com quem mais aprova em Concursos P\u00fablicos em todo o pa\u00eds. Assine agora a nossa Assinatura Anual e tenha acesso ilimitado* a todos os nossos cursos.<\/p>\n    <\/div>\n\n    <div class=\"col-sm\">\n      <div class=\"questoes\" id=\"box-assinatura\">\n        <h3 class=\"titulo-assinatura\">Sistema de Quest\u00f5es<\/h3>\n        <p class=\"subtitulo-assinatura\">Assinatura Ilimitada*\n<\/p>\n        <div class=\"box-botao\">\n          <a class=\"btn-assinatura\" target=\"_blank\" href=\"https:\/\/www.estrategiaconcursos.com.br\/cursosPorConcurso\/sistema-de-questoes\/#\/\" role=\"button\" rel=\"noopener noreferrer\">ASSINE AGORA<\/a>\n        <\/div>\n      <\/div>\n      <p class=\"texto-auxiliar\">Estrat\u00e9gia Quest\u00f5es nasceu maior do que todos os concorrentes, com mais quest\u00f5es cadastradas e mais solu\u00e7\u00f5es por professores. Clique no link e aproveite os descontos e b\u00f4nus imperd\u00edveis!<\/p>\n    <\/div>\n  <\/div>\n<\/div>\n\n\n\n<div class=\"container\" id=\"boxes\">\n  <div class=\"row\">\n\n    <div class=\"col-sm\" id=\"boxes-concursos\">\n      <div style=\"background-color: #005DAD;\" class=\"conteudo-concursos\" id=\"box-concursos\">\n        <h3 class=\"titulo-assinatura\">Concursos Abertos<\/h3>\n        <p class=\"subtitulo-assinatura\">mais de 15 mil vagas<\/p>\n        <div class=\"box-botao\">\n          <a class=\"btn-assinatura\" target=\"_blank\" href=\"https:\/\/www.estrategiaconcursos.com.br\/blog\/concursos-abertos\/\" role=\"button\" rel=\"noopener noreferrer\">Conhe\u00e7a Agora<\/a>\n        <\/div>\n      <\/div>\n    <\/div>\n\n\n\n    <div class=\"col-sm\" id=\"boxes-concursos\">\n      <div style=\"background-color: #419FF0;\" class=\"conteudo-concursos\" id=\"box-concursos\">\n        <h3 class=\"titulo-assinatura\">Concursos 2021<\/h3>\n        <p class=\"subtitulo-assinatura\">mais de 50 mil vagas<\/p>\n        <div class=\"box-botao\">\n          <a class=\"btn-assinatura\" target=\"_blank\" href=\"https:\/\/www.estrategiaconcursos.com.br\/blog\/concursos-2021\/\" role=\"button\" rel=\"noopener noreferrer\">Conhe\u00e7a Agora<\/a>\n        <\/div>\n      <\/div>\n    <\/div>\n\n  <\/div>\n<\/div>\n\n\n\n<figure class=\"wp-block-image\"><img loading=\"lazy\" decoding=\"async\" width=\"300\" height=\"102\" src=\"https:\/\/dhg1h5j42swfq.cloudfront.net\/2017\/03\/28152500\/coruja-ficha-tecnica-300x102.png\" alt=\"Informa\u00e7\u00f5es sobre o concurso Prefeitura de Carmo-RJ\" class=\"wp-image-68542\"\/><\/figure>\n\n\n\n<h3 class=\"wp-block-heading\" id=\"ficha-tecnica\"><strong>Informa\u00e7\u00f5es do edital <\/strong>Prefeitura de Carmo-RJ<\/h3>\n\n\n\n<ul class=\"wp-block-list\"><li><strong>Data<\/strong>\u00a0<strong>da prova:\u00a0<\/strong>28\/01\/2021<\/li><li><strong>Vagas<\/strong>: 71 + CR<\/li><li><strong>Cargos<\/strong>: V\u00e1rios<\/li><li><strong>Banca<\/strong>: Instituto de Avalia\u00e7\u00e3o Nacional (IAN)<\/li><li><strong>Escolaridade<\/strong>: N\u00edvel fundamental, m\u00e9dio, t\u00e9cnico e superior<\/li><li><strong>Edital:<\/strong> <a rel=\"noreferrer noopener\" href=\"https:\/\/dhg1h5j42swfq.cloudfront.net\/2020\/10\/15084813\/Edital.pdf\" target=\"_blank\">Prefeitura de Carmo<\/a> | <a href=\"https:\/\/dhg1h5j42swfq.cloudfront.net\/2021\/01\/05134443\/02b94188d2139dd204d0caff8c4ff92b.pdf\" target=\"_blank\" rel=\"noreferrer noopener\">Prova adiada<\/a><\/li><li><strong>Retifica\u00e7\u00f5es<\/strong>: <a rel=\"noreferrer noopener\" href=\"https:\/\/dhg1h5j42swfq.cloudfront.net\/2020\/10\/28153840\/c22be7bc6679e2b165787a06ba9a1a71.pdf\" target=\"_blank\">Ret. 01<\/a> | <a rel=\"noreferrer noopener\" href=\"https:\/\/dhg1h5j42swfq.cloudfront.net\/2020\/11\/06085757\/Retificacao-Carmo.pdf\" target=\"_blank\">Ret. 02<\/a> | <a rel=\"noreferrer noopener\" href=\"https:\/\/dhg1h5j42swfq.cloudfront.net\/2020\/11\/11110144\/d84e04343ec049ce3ae0b18330b9775e.pdf\" target=\"_blank\">Ret. 3<\/a> | <a rel=\"noreferrer noopener\" href=\"https:\/\/dhg1h5j42swfq.cloudfront.net\/2020\/11\/12163351\/a854616728f3729b13048be6c1c99425.pdf\" target=\"_blank\">Ret. 04<\/a><\/li><\/ul>\n","protected":false},"excerpt":{"rendered":"<p>O edital da Prefeitura de Carmo, localizada no estado do Rio de Janeiro, oferta 71 vagas imediatas mais cadastro de reserva distribu\u00eddas entre diversos cargos e n\u00edveis de escolaridade. Os interessados em participar da sele\u00e7\u00e3o puderam realizar as inscri\u00e7\u00f5es at\u00e9 o dia 12 de novembro, no site da banca organizadora, o Instituto de Avalia\u00e7\u00e3o Nacional [&hellip;]<\/p>\n","protected":false},"author":1276,"featured_media":578614,"comment_status":"open","ping_status":"closed","sticky":false,"template":"","format":"standard","meta":{"post_tipo":"news","footnotes":""},"categories":[1],"tags":[],"tax_estado":[219982],"class_list":["post-588995","post","type-post","status-publish","format-standard","has-post-thumbnail","hentry","category-cursos-e-concursos","tax_estado-rj"],"acf":[],"yoast_head":"<!-- This site is optimized with the Yoast SEO Premium plugin v27.2 (Yoast SEO v27.2) - https:\/\/yoast.com\/product\/yoast-seo-premium-wordpress\/ -->\n<title>Edital Prefeitura de Carmo RJ: provas em janeiro de 2021<\/title>\n<meta name=\"description\" content=\"Edital Prefeitura de Carmo RJ: Concurso oferta 71 vagas para diversos cargos. Inscri\u00e7\u00f5es encerradas e provas em mar\u00e7o de 2021!\" \/>\n<meta name=\"robots\" content=\"index, follow, max-snippet:-1, max-image-preview:large, max-video-preview:-1\" \/>\n<link rel=\"canonical\" href=\"https:\/\/www.estrategiaconcursos.com.br\/blog\/edital-prefeitura-de-carmo\/\" \/>\n<meta property=\"og:locale\" content=\"pt_BR\" \/>\n<meta property=\"og:type\" content=\"article\" \/>\n<meta property=\"og:title\" content=\"Edital Prefeitura de Carmo RJ: provas em janeiro de 2021\" \/>\n<meta property=\"og:description\" content=\"Edital Prefeitura de Carmo RJ: Concurso oferta 71 vagas para diversos cargos. Inscri\u00e7\u00f5es encerradas e provas em mar\u00e7o de 2021!\" \/>\n<meta property=\"og:url\" content=\"https:\/\/www.estrategiaconcursos.com.br\/blog\/edital-prefeitura-de-carmo\/\" \/>\n<meta property=\"og:site_name\" content=\"Estrat\u00e9gia Concursos\" \/>\n<meta property=\"article:published_time\" content=\"2020-11-30T12:20:00+00:00\" \/>\n<meta property=\"article:modified_time\" content=\"2021-01-05T16:50:19+00:00\" \/>\n<meta property=\"og:image\" content=\"https:\/\/dhg1h5j42swfq.cloudfront.net\/2020\/09\/26111452\/Prefeitura_de_Carmo-RJ.jpg\" \/>\n\t<meta property=\"og:image:width\" content=\"1200\" \/>\n\t<meta property=\"og:image:height\" content=\"628\" \/>\n\t<meta property=\"og:image:type\" content=\"image\/jpeg\" \/>\n<meta name=\"author\" content=\"Victor Shinichi Tanaka\" \/>\n<meta name=\"twitter:card\" content=\"summary_large_image\" \/>\n<meta name=\"twitter:creator\" content=\"@EstratConcursos\" \/>\n<meta name=\"twitter:site\" content=\"@EstratConcursos\" \/>\n<meta name=\"twitter:label1\" content=\"Escrito por\" \/>\n\t<meta name=\"twitter:data1\" content=\"Victor Shinichi Tanaka\" \/>\n\t<meta name=\"twitter:label2\" content=\"Est. tempo de leitura\" \/>\n\t<meta name=\"twitter:data2\" content=\"3 minutos\" \/>\n<script type=\"application\/ld+json\" class=\"yoast-schema-graph\">{\"@context\":\"https:\/\/schema.org\",\"@graph\":[{\"@type\":\"NewsArticle\",\"@id\":\"https:\/\/www.estrategiaconcursos.com.br\/blog\/edital-prefeitura-de-carmo\/#article\",\"isPartOf\":{\"@id\":\"https:\/\/www.estrategiaconcursos.com.br\/blog\/edital-prefeitura-de-carmo\/\"},\"author\":{\"name\":\"Victor Shinichi Tanaka\",\"@id\":\"https:\/\/www.estrategiaconcursos.com.br\/blog\/#\/schema\/person\/602a4eaf2bed921c107675da3a65b0e0\"},\"headline\":\"Edital Prefeitura de Carmo RJ: provas em janeiro de 2021\",\"datePublished\":\"2020-11-30T12:20:00+00:00\",\"dateModified\":\"2021-01-05T16:50:19+00:00\",\"mainEntityOfPage\":{\"@id\":\"https:\/\/www.estrategiaconcursos.com.br\/blog\/edital-prefeitura-de-carmo\/\"},\"wordCount\":743,\"commentCount\":0,\"publisher\":{\"@id\":\"https:\/\/www.estrategiaconcursos.com.br\/blog\/#organization\"},\"image\":{\"@id\":\"https:\/\/www.estrategiaconcursos.com.br\/blog\/edital-prefeitura-de-carmo\/#primaryimage\"},\"thumbnailUrl\":\"https:\/\/dhg1h5j42swfq.cloudfront.net\/2020\/09\/26111452\/Prefeitura_de_Carmo-RJ.jpg\",\"articleSection\":[\"Concursos P\u00fablicos\"],\"inLanguage\":\"pt-BR\",\"potentialAction\":[{\"@type\":\"CommentAction\",\"name\":\"Comment\",\"target\":[\"https:\/\/www.estrategiaconcursos.com.br\/blog\/edital-prefeitura-de-carmo\/#respond\"]}],\"copyrightYear\":\"2020\",\"copyrightHolder\":{\"@id\":\"https:\/\/www.estrategiaconcursos.com.br\/blog\/#organization\"}},{\"@type\":\"WebPage\",\"@id\":\"https:\/\/www.estrategiaconcursos.com.br\/blog\/edital-prefeitura-de-carmo\/\",\"url\":\"https:\/\/www.estrategiaconcursos.com.br\/blog\/edital-prefeitura-de-carmo\/\",\"name\":\"Edital Prefeitura de Carmo RJ: provas em janeiro de 2021\",\"isPartOf\":{\"@id\":\"https:\/\/www.estrategiaconcursos.com.br\/blog\/#website\"},\"primaryImageOfPage\":{\"@id\":\"https:\/\/www.estrategiaconcursos.com.br\/blog\/edital-prefeitura-de-carmo\/#primaryimage\"},\"image\":{\"@id\":\"https:\/\/www.estrategiaconcursos.com.br\/blog\/edital-prefeitura-de-carmo\/#primaryimage\"},\"thumbnailUrl\":\"https:\/\/dhg1h5j42swfq.cloudfront.net\/2020\/09\/26111452\/Prefeitura_de_Carmo-RJ.jpg\",\"datePublished\":\"2020-11-30T12:20:00+00:00\",\"dateModified\":\"2021-01-05T16:50:19+00:00\",\"description\":\"Edital Prefeitura de Carmo RJ: Concurso oferta 71 vagas para diversos cargos. Inscri\u00e7\u00f5es encerradas e provas em mar\u00e7o de 2021!\",\"breadcrumb\":{\"@id\":\"https:\/\/www.estrategiaconcursos.com.br\/blog\/edital-prefeitura-de-carmo\/#breadcrumb\"},\"inLanguage\":\"pt-BR\",\"potentialAction\":[{\"@type\":\"ReadAction\",\"target\":[\"https:\/\/www.estrategiaconcursos.com.br\/blog\/edital-prefeitura-de-carmo\/\"]}]},{\"@type\":\"ImageObject\",\"inLanguage\":\"pt-BR\",\"@id\":\"https:\/\/www.estrategiaconcursos.com.br\/blog\/edital-prefeitura-de-carmo\/#primaryimage\",\"url\":\"https:\/\/dhg1h5j42swfq.cloudfront.net\/2020\/09\/26111452\/Prefeitura_de_Carmo-RJ.jpg\",\"contentUrl\":\"https:\/\/dhg1h5j42swfq.cloudfront.net\/2020\/09\/26111452\/Prefeitura_de_Carmo-RJ.jpg\",\"width\":1200,\"height\":628,\"caption\":\"Concurso Prefeitura de Carmo RJ\"},{\"@type\":\"BreadcrumbList\",\"@id\":\"https:\/\/www.estrategiaconcursos.com.br\/blog\/edital-prefeitura-de-carmo\/#breadcrumb\",\"itemListElement\":[{\"@type\":\"ListItem\",\"position\":1,\"name\":\"In\u00edcio\",\"item\":\"https:\/\/www.estrategiaconcursos.com.br\/blog\/\"},{\"@type\":\"ListItem\",\"position\":2,\"name\":\"Edital Prefeitura de Carmo RJ: provas em janeiro de 2021\"}]},{\"@type\":\"WebSite\",\"@id\":\"https:\/\/www.estrategiaconcursos.com.br\/blog\/#website\",\"url\":\"https:\/\/www.estrategiaconcursos.com.br\/blog\/\",\"name\":\"Estrat\u00e9gia Concursos\",\"description\":\"O blog da Estrat\u00e9gia Concursos traz not\u00edcias sobre concursos e artigos de professores oferecendo cursos para concursos (pdf + videaulas) no site.\",\"publisher\":{\"@id\":\"https:\/\/www.estrategiaconcursos.com.br\/blog\/#organization\"},\"potentialAction\":[{\"@type\":\"SearchAction\",\"target\":{\"@type\":\"EntryPoint\",\"urlTemplate\":\"https:\/\/www.estrategiaconcursos.com.br\/blog\/?s={search_term_string}\"},\"query-input\":{\"@type\":\"PropertyValueSpecification\",\"valueRequired\":true,\"valueName\":\"search_term_string\"}}],\"inLanguage\":\"pt-BR\"},{\"@type\":\"Organization\",\"@id\":\"https:\/\/www.estrategiaconcursos.com.br\/blog\/#organization\",\"name\":\"Estrat\u00e9gia Concursos\",\"url\":\"https:\/\/www.estrategiaconcursos.com.br\/blog\/\",\"logo\":{\"@type\":\"ImageObject\",\"inLanguage\":\"pt-BR\",\"@id\":\"https:\/\/www.estrategiaconcursos.com.br\/blog\/#\/schema\/logo\/image\/\",\"url\":\"https:\/\/dhg1h5j42swfq.cloudfront.net\/2025\/06\/03203428\/logo_concursos-1.jpg\",\"contentUrl\":\"https:\/\/dhg1h5j42swfq.cloudfront.net\/2025\/06\/03203428\/logo_concursos-1.jpg\",\"width\":230,\"height\":60,\"caption\":\"Estrat\u00e9gia Concursos\"},\"image\":{\"@id\":\"https:\/\/www.estrategiaconcursos.com.br\/blog\/#\/schema\/logo\/image\/\"},\"sameAs\":[\"https:\/\/x.com\/EstratConcursos\"]},{\"@type\":\"Person\",\"@id\":\"https:\/\/www.estrategiaconcursos.com.br\/blog\/#\/schema\/person\/602a4eaf2bed921c107675da3a65b0e0\",\"name\":\"Victor Shinichi Tanaka\",\"image\":{\"@type\":\"ImageObject\",\"inLanguage\":\"pt-BR\",\"@id\":\"https:\/\/secure.gravatar.com\/avatar\/3772723eea77b2e6a2231e357d6339c6c129c6fb65cda4d02d0f3ca700221333?s=96&d=mm&r=g\",\"url\":\"https:\/\/secure.gravatar.com\/avatar\/3772723eea77b2e6a2231e357d6339c6c129c6fb65cda4d02d0f3ca700221333?s=96&d=mm&r=g\",\"contentUrl\":\"https:\/\/secure.gravatar.com\/avatar\/3772723eea77b2e6a2231e357d6339c6c129c6fb65cda4d02d0f3ca700221333?s=96&d=mm&r=g\",\"caption\":\"Victor Shinichi Tanaka\"},\"url\":\"https:\/\/www.estrategiaconcursos.com.br\/blog\/author\/victorstanakagmail-com\/\"}]}<\/script>\n<!-- \/ Yoast SEO Premium plugin. -->","yoast_head_json":{"title":"Edital Prefeitura de Carmo RJ: provas em janeiro de 2021","description":"Edital Prefeitura de Carmo RJ: Concurso oferta 71 vagas para diversos cargos. Inscri\u00e7\u00f5es encerradas e provas em mar\u00e7o de 2021!","robots":{"index":"index","follow":"follow","max-snippet":"max-snippet:-1","max-image-preview":"max-image-preview:large","max-video-preview":"max-video-preview:-1"},"canonical":"https:\/\/www.estrategiaconcursos.com.br\/blog\/edital-prefeitura-de-carmo\/","og_locale":"pt_BR","og_type":"article","og_title":"Edital Prefeitura de Carmo RJ: provas em janeiro de 2021","og_description":"Edital Prefeitura de Carmo RJ: Concurso oferta 71 vagas para diversos cargos. Inscri\u00e7\u00f5es encerradas e provas em mar\u00e7o de 2021!","og_url":"https:\/\/www.estrategiaconcursos.com.br\/blog\/edital-prefeitura-de-carmo\/","og_site_name":"Estrat\u00e9gia Concursos","article_published_time":"2020-11-30T12:20:00+00:00","article_modified_time":"2021-01-05T16:50:19+00:00","og_image":[{"width":1200,"height":628,"url":"https:\/\/dhg1h5j42swfq.cloudfront.net\/2020\/09\/26111452\/Prefeitura_de_Carmo-RJ.jpg","type":"image\/jpeg"}],"author":"Victor Shinichi Tanaka","twitter_card":"summary_large_image","twitter_creator":"@EstratConcursos","twitter_site":"@EstratConcursos","twitter_misc":{"Escrito por":"Victor Shinichi Tanaka","Est. tempo de leitura":"3 minutos"},"schema":{"@context":"https:\/\/schema.org","@graph":[{"@type":"NewsArticle","@id":"https:\/\/www.estrategiaconcursos.com.br\/blog\/edital-prefeitura-de-carmo\/#article","isPartOf":{"@id":"https:\/\/www.estrategiaconcursos.com.br\/blog\/edital-prefeitura-de-carmo\/"},"author":{"name":"Victor Shinichi Tanaka","@id":"https:\/\/www.estrategiaconcursos.com.br\/blog\/#\/schema\/person\/602a4eaf2bed921c107675da3a65b0e0"},"headline":"Edital Prefeitura de Carmo RJ: provas em janeiro de 2021","datePublished":"2020-11-30T12:20:00+00:00","dateModified":"2021-01-05T16:50:19+00:00","mainEntityOfPage":{"@id":"https:\/\/www.estrategiaconcursos.com.br\/blog\/edital-prefeitura-de-carmo\/"},"wordCount":743,"commentCount":0,"publisher":{"@id":"https:\/\/www.estrategiaconcursos.com.br\/blog\/#organization"},"image":{"@id":"https:\/\/www.estrategiaconcursos.com.br\/blog\/edital-prefeitura-de-carmo\/#primaryimage"},"thumbnailUrl":"https:\/\/dhg1h5j42swfq.cloudfront.net\/2020\/09\/26111452\/Prefeitura_de_Carmo-RJ.jpg","articleSection":["Concursos P\u00fablicos"],"inLanguage":"pt-BR","potentialAction":[{"@type":"CommentAction","name":"Comment","target":["https:\/\/www.estrategiaconcursos.com.br\/blog\/edital-prefeitura-de-carmo\/#respond"]}],"copyrightYear":"2020","copyrightHolder":{"@id":"https:\/\/www.estrategiaconcursos.com.br\/blog\/#organization"}},{"@type":"WebPage","@id":"https:\/\/www.estrategiaconcursos.com.br\/blog\/edital-prefeitura-de-carmo\/","url":"https:\/\/www.estrategiaconcursos.com.br\/blog\/edital-prefeitura-de-carmo\/","name":"Edital Prefeitura de Carmo RJ: provas em janeiro de 2021","isPartOf":{"@id":"https:\/\/www.estrategiaconcursos.com.br\/blog\/#website"},"primaryImageOfPage":{"@id":"https:\/\/www.estrategiaconcursos.com.br\/blog\/edital-prefeitura-de-carmo\/#primaryimage"},"image":{"@id":"https:\/\/www.estrategiaconcursos.com.br\/blog\/edital-prefeitura-de-carmo\/#primaryimage"},"thumbnailUrl":"https:\/\/dhg1h5j42swfq.cloudfront.net\/2020\/09\/26111452\/Prefeitura_de_Carmo-RJ.jpg","datePublished":"2020-11-30T12:20:00+00:00","dateModified":"2021-01-05T16:50:19+00:00","description":"Edital Prefeitura de Carmo RJ: Concurso oferta 71 vagas para diversos cargos. Inscri\u00e7\u00f5es encerradas e provas em mar\u00e7o de 2021!","breadcrumb":{"@id":"https:\/\/www.estrategiaconcursos.com.br\/blog\/edital-prefeitura-de-carmo\/#breadcrumb"},"inLanguage":"pt-BR","potentialAction":[{"@type":"ReadAction","target":["https:\/\/www.estrategiaconcursos.com.br\/blog\/edital-prefeitura-de-carmo\/"]}]},{"@type":"ImageObject","inLanguage":"pt-BR","@id":"https:\/\/www.estrategiaconcursos.com.br\/blog\/edital-prefeitura-de-carmo\/#primaryimage","url":"https:\/\/dhg1h5j42swfq.cloudfront.net\/2020\/09\/26111452\/Prefeitura_de_Carmo-RJ.jpg","contentUrl":"https:\/\/dhg1h5j42swfq.cloudfront.net\/2020\/09\/26111452\/Prefeitura_de_Carmo-RJ.jpg","width":1200,"height":628,"caption":"Concurso Prefeitura de Carmo RJ"},{"@type":"BreadcrumbList","@id":"https:\/\/www.estrategiaconcursos.com.br\/blog\/edital-prefeitura-de-carmo\/#breadcrumb","itemListElement":[{"@type":"ListItem","position":1,"name":"In\u00edcio","item":"https:\/\/www.estrategiaconcursos.com.br\/blog\/"},{"@type":"ListItem","position":2,"name":"Edital Prefeitura de Carmo RJ: provas em janeiro de 2021"}]},{"@type":"WebSite","@id":"https:\/\/www.estrategiaconcursos.com.br\/blog\/#website","url":"https:\/\/www.estrategiaconcursos.com.br\/blog\/","name":"Estrat\u00e9gia Concursos","description":"O blog da Estrat\u00e9gia Concursos traz not\u00edcias sobre concursos e artigos de professores oferecendo cursos para concursos (pdf + videaulas) no site.","publisher":{"@id":"https:\/\/www.estrategiaconcursos.com.br\/blog\/#organization"},"potentialAction":[{"@type":"SearchAction","target":{"@type":"EntryPoint","urlTemplate":"https:\/\/www.estrategiaconcursos.com.br\/blog\/?s={search_term_string}"},"query-input":{"@type":"PropertyValueSpecification","valueRequired":true,"valueName":"search_term_string"}}],"inLanguage":"pt-BR"},{"@type":"Organization","@id":"https:\/\/www.estrategiaconcursos.com.br\/blog\/#organization","name":"Estrat\u00e9gia Concursos","url":"https:\/\/www.estrategiaconcursos.com.br\/blog\/","logo":{"@type":"ImageObject","inLanguage":"pt-BR","@id":"https:\/\/www.estrategiaconcursos.com.br\/blog\/#\/schema\/logo\/image\/","url":"https:\/\/dhg1h5j42swfq.cloudfront.net\/2025\/06\/03203428\/logo_concursos-1.jpg","contentUrl":"https:\/\/dhg1h5j42swfq.cloudfront.net\/2025\/06\/03203428\/logo_concursos-1.jpg","width":230,"height":60,"caption":"Estrat\u00e9gia Concursos"},"image":{"@id":"https:\/\/www.estrategiaconcursos.com.br\/blog\/#\/schema\/logo\/image\/"},"sameAs":["https:\/\/x.com\/EstratConcursos"]},{"@type":"Person","@id":"https:\/\/www.estrategiaconcursos.com.br\/blog\/#\/schema\/person\/602a4eaf2bed921c107675da3a65b0e0","name":"Victor Shinichi Tanaka","image":{"@type":"ImageObject","inLanguage":"pt-BR","@id":"https:\/\/secure.gravatar.com\/avatar\/3772723eea77b2e6a2231e357d6339c6c129c6fb65cda4d02d0f3ca700221333?s=96&d=mm&r=g","url":"https:\/\/secure.gravatar.com\/avatar\/3772723eea77b2e6a2231e357d6339c6c129c6fb65cda4d02d0f3ca700221333?s=96&d=mm&r=g","contentUrl":"https:\/\/secure.gravatar.com\/avatar\/3772723eea77b2e6a2231e357d6339c6c129c6fb65cda4d02d0f3ca700221333?s=96&d=mm&r=g","caption":"Victor Shinichi Tanaka"},"url":"https:\/\/www.estrategiaconcursos.com.br\/blog\/author\/victorstanakagmail-com\/"}]}},"_links":{"self":[{"href":"https:\/\/www.estrategiaconcursos.com.br\/blog\/wp-json\/wp\/v2\/posts\/588995","targetHints":{"allow":["GET"]}}],"collection":[{"href":"https:\/\/www.estrategiaconcursos.com.br\/blog\/wp-json\/wp\/v2\/posts"}],"about":[{"href":"https:\/\/www.estrategiaconcursos.com.br\/blog\/wp-json\/wp\/v2\/types\/post"}],"author":[{"embeddable":true,"href":"https:\/\/www.estrategiaconcursos.com.br\/blog\/wp-json\/wp\/v2\/users\/1276"}],"replies":[{"embeddable":true,"href":"https:\/\/www.estrategiaconcursos.com.br\/blog\/wp-json\/wp\/v2\/comments?post=588995"}],"version-history":[{"count":19,"href":"https:\/\/www.estrategiaconcursos.com.br\/blog\/wp-json\/wp\/v2\/posts\/588995\/revisions"}],"predecessor-version":[{"id":643262,"href":"https:\/\/www.estrategiaconcursos.com.br\/blog\/wp-json\/wp\/v2\/posts\/588995\/revisions\/643262"}],"wp:featuredmedia":[{"embeddable":true,"href":"https:\/\/www.estrategiaconcursos.com.br\/blog\/wp-json\/wp\/v2\/media\/578614"}],"wp:attachment":[{"href":"https:\/\/www.estrategiaconcursos.com.br\/blog\/wp-json\/wp\/v2\/media?parent=588995"}],"wp:term":[{"taxonomy":"category","embeddable":true,"href":"https:\/\/www.estrategiaconcursos.com.br\/blog\/wp-json\/wp\/v2\/categories?post=588995"},{"taxonomy":"post_tag","embeddable":true,"href":"https:\/\/www.estrategiaconcursos.com.br\/blog\/wp-json\/wp\/v2\/tags?post=588995"},{"taxonomy":"tax_estado","embeddable":true,"href":"https:\/\/www.estrategiaconcursos.com.br\/blog\/wp-json\/wp\/v2\/tax_estado?post=588995"}],"curies":[{"name":"wp","href":"https:\/\/api.w.org\/{rel}","templated":true}]}}