{"id":588945,"date":"2020-10-15T09:36:14","date_gmt":"2020-10-15T12:36:14","guid":{"rendered":"https:\/\/www.estrategiaconcursos.com.br\/blog\/?p=588945"},"modified":"2023-06-29T09:51:55","modified_gmt":"2023-06-29T12:51:55","slug":"nanuque-e-mariana-pss","status":"publish","type":"post","link":"https:\/\/www.estrategiaconcursos.com.br\/blog\/nanuque-e-mariana-pss\/","title":{"rendered":"Nanuque e Mariana lan\u00e7am editais para tempor\u00e1rios em Unidades Prisionais!"},"content":{"rendered":"\n<p>Foram publicados no Di\u00e1rio Oficial desta quinta-feira, 15 de outubro, dois editais de processo seletivo para as<strong> Unidades Prisionais de Mariana e Nanuque<\/strong>, ambas localizadas no estado de Minas Gerais.<\/p>\n\n\n\n<p>Os certames ofertam no total <strong>146 vagas<\/strong> para todos os n\u00edveis. Quanto ao prazo de contrata\u00e7\u00e3o, o PSS ter\u00e1 validade de 12 meses.<\/p>\n\n\n\n<p>O candidato dever\u00e1,<strong> primeiramente<\/strong>, acessar o site da <a rel=\"noreferrer noopener\" href=\"http:\/\/www.seds.mg.gov.br\" target=\"_blank\">Secretaria de Estado de Defesa Social<\/a> e realizar a inscri\u00e7\u00e3o preenchendo a Ficha de Inscri\u00e7\u00e3o com seus dados pessoais, <strong>em seguida<\/strong> entregara a ficha juntamente com a documenta\u00e7\u00e3o entre os dias <strong>13 a 17 de dezembro<\/strong>,  em um dos seguintes endere\u00e7os:<\/p>\n\n\n\n<ul class=\"wp-block-list\">\n<li><strong>BELO HORIZONTE<\/strong><\/li>\n\n\n\n<li><em>EFAP \u2013 Rua Rio de Janeiro, n\u00ba 471 \u2013 15\u00ba Andar \u2013 Centro &#8211; Belo Horizonte MG.<\/em><\/li>\n\n\n\n<li><strong>NANUQUE<\/strong><\/li>\n\n\n\n<li><em>Delegacia de Pol\u00edcia \u2013 Rua S\u00e3o Louren\u00e7o, n\u00ba 151 \u2013 Centro. Nanuque-MG<\/em><\/li>\n\n\n\n<li><strong>MARIANA<\/strong><\/li>\n\n\n\n<li><em>Delegacia de Pol\u00edcia Civil de Mariana \u2013 Rua Dezesseis de Julho n\u00ba 01- Centro \u2013 Mariana <\/em><\/li>\n<\/ul>\n\n\n\n<h2 class=\"wp-block-heading\">Cargos, vagas e remunera\u00e7\u00e3o<\/h2>\n\n\n\n<p class=\"has-text-align-center\" style=\"font-size:clamp(14.082px, 0.88rem + ((1vw - 3.2px) * 0.678), 21px);px\"><mark style=\"background-color:rgba(0, 0, 0, 0)\" class=\"has-inline-color has-vivid-red-color\"> <strong>NANUQUE<\/strong><\/mark><\/p>\n\n\n\n<figure class=\"wp-block-table is-style-stripes\"><table><tbody><tr><td><strong>CARGOS<\/strong><\/td><td><strong>VAGAS<\/strong><\/td><\/tr><tr><td>Oficial de Servi\u00e7os Gerais<\/td><td>2<\/td><\/tr><tr><td>Agente de Seguran\u00e7a Penitenci\u00e1rio Feminino<\/td><td>10<\/td><\/tr><tr><td>Agente de Seguran\u00e7a Penitenci\u00e1rio Masculino<\/td><td>45<\/td><\/tr><tr><td>Auxiliar Administrativo<\/td><td>4<\/td><\/tr><tr><td>Auxiliar de Enfermagem<\/td><td>4<\/td><\/tr><tr><td>Analista T\u00e9cnico Jur\u00eddico<\/td><td>2<\/td><\/tr><tr><td>Assistente Social<\/td><td>2<\/td><\/tr><tr><td>Enfermeiro<\/td><td>1<\/td><\/tr><tr><td>M\u00e9dico Cl\u00ednico Geral<\/td><td>1<\/td><\/tr><tr><td>Psic\u00f3logo<\/td><td>2<\/td><\/tr><tr><td><strong>TOTAL<\/strong><\/td><td>73<\/td><\/tr><\/tbody><\/table><\/figure>\n\n\n\n<p class=\"has-text-align-center\" style=\"font-size:clamp(14.082px, 0.88rem + ((1vw - 3.2px) * 0.678), 21px);px\"><strong><span class=\"has-inline-color has-vivid-red-color\">MARIANA<\/span><\/strong><\/p>\n\n\n\n<figure class=\"wp-block-table is-style-stripes\"><table><tbody><tr><td><strong>CARGOS<\/strong><\/td><td><strong>VAGAS<\/strong><\/td><\/tr><tr><td>Oficial de Servi\u00e7os Gerais<\/td><td>2<\/td><\/tr><tr><td>Agente de Seguran\u00e7a Penitenci\u00e1rio Feminino<\/td><td>10<\/td><\/tr><tr><td>Agente de Seguran\u00e7a Penitenci\u00e1rio Masculino<\/td><td>45<\/td><\/tr><tr><td>Auxiliar Administrativo<\/td><td>4<\/td><\/tr><tr><td>Auxiliar de Enfermagem<\/td><td>4<\/td><\/tr><tr><td>Analista T\u00e9cnico Jur\u00eddico<\/td><td>2<\/td><\/tr><tr><td>Assistente Social<\/td><td>2<\/td><\/tr><tr><td>Enfermeiro<\/td><td>1<\/td><\/tr><tr><td>M\u00e9dico Cl\u00ednico Geral<\/td><td>1<\/td><\/tr><tr><td>Psic\u00f3logo<\/td><td>2<\/td><\/tr><tr><td><strong>TOTAL<\/strong><\/td><td>73<\/td><\/tr><\/tbody><\/table><\/figure>\n\n\n\n<p>A remunera\u00e7\u00e3o varia de<strong> R$ 606,00<\/strong> para n\u00edvel fundamental at\u00e9 <strong>R$1.545,19 <\/strong>para Agente de Seguran\u00e7a Penitenci\u00e1rio. A carga hor\u00e1ria oscila de 30 a 40 horas semanais.<\/p>\n\n\n\n<h2 class=\"wp-block-heading\">Etapas do processo seletivo<\/h2>\n\n\n\n<p>O Processo Seletivo Simplificado compreender\u00e1 duas etapas distintas:<\/p>\n\n\n\n<ul class=\"wp-block-list\">\n<li><strong>a)<\/strong> a <strong>primeira etapa<\/strong> ser\u00e1 caracterizada pela Sele\u00e7\u00e3o dos candidatos, sendo constitu\u00edda por duas fases: An\u00e1lise de Curr\u00edculos e Avalia\u00e7\u00e3o Psicol\u00f3gica.<\/li>\n\n\n\n<li><strong>b) <\/strong>a <strong>segunda etapa<\/strong> ser\u00e1 caracterizada pelo Treinamento Introdut\u00f3rio.<\/li>\n<\/ul>\n\n\n\n<p style=\"font-size:clamp(14.082px, 0.88rem + ((1vw - 3.2px) * 0.678), 21px);px\"><strong>1\u00aa FASE DA SELE\u00c7\u00c3O<\/strong><\/p>\n\n\n\n<p style=\"font-size:clamp(14.082px, 0.88rem + ((1vw - 3.2px) * 0.678), 21px);px\"><strong> An\u00e1lise de Curr\u00edculos<\/strong><\/p>\n\n\n\n<p>A An\u00e1lise de Curr\u00edculos possui car\u00e1ter classificat\u00f3rio e eliminat\u00f3rio. Todos os candidatos inscritos no Processo Seletivo Simplificado ter\u00e3o sua Ficha de Inscri\u00e7\u00e3o e documenta\u00e7\u00e3o anexada a ela analisados.<\/p>\n\n\n\n<p>A An\u00e1lise de Curr\u00edculos implicar\u00e1 atribui\u00e7\u00e3o de pontos e ser\u00e3o considerados o hist\u00f3rico profissional, a escolaridade \/ forma\u00e7\u00e3o acad\u00eamica e<br \/>cursos complementares realizados pelo candidato, nunca ultrapassando o limite de 10 pontos, conforme quadro abaixo:<\/p>\n\n\n\n<figure class=\"wp-block-image size-large\"><img loading=\"lazy\" decoding=\"async\" width=\"720\" height=\"120\" src=\"https:\/\/dhg1h5j42swfq.cloudfront.net\/2020\/10\/15090627\/image-157.png\" alt=\"\" class=\"wp-image-588996\" srcset=\"https:\/\/dhg1h5j42swfq.cloudfront.net\/2020\/10\/15090627\/image-157.png 720w, https:\/\/dhg1h5j42swfq.cloudfront.net\/2020\/10\/15090627\/image-157-300x50.png 300w, https:\/\/dhg1h5j42swfq.cloudfront.net\/2020\/10\/15090627\/image-157-610x102.png 610w\" sizes=\"auto, (max-width: 720px) 100vw, 720px\" \/><\/figure>\n\n\n\n<p style=\"font-size:clamp(14.082px, 0.88rem + ((1vw - 3.2px) * 0.678), 21px);px\"><strong>Avalia\u00e7\u00e3o Psicol\u00f3gica<\/strong><\/p>\n\n\n\n<p>A Avalia\u00e7\u00e3o Psicol\u00f3gica consistir\u00e1 na avalia\u00e7\u00e3o padronizada de caracter\u00edsticas cognitivas e de personalidade dos candidatos, mediante o<br \/>emprego de t\u00e9cnicas cient\u00edficas. <\/p>\n\n\n\n<p>Para tanto poder\u00e3o ser utilizados testes, question\u00e1rios, invent\u00e1rios, anamneses, din\u00e2micas de grupo, testes situacionais e procedimentos complementares.<\/p>\n\n\n\n<p style=\"font-size:clamp(14.082px, 0.88rem + ((1vw - 3.2px) * 0.678), 21px);px\"><strong>2\u00aa FASE DA SELE\u00c7\u00c3O<\/strong><\/p>\n\n\n\n<h2 class=\"wp-block-heading\" style=\"font-size:clamp(14.082px, 0.88rem + ((1vw - 3.2px) * 0.678), 21px);px\">Treinamento Introdut\u00f3rio<\/h2>\n\n\n\n<p>Ap\u00f3s a Etapa de Sele\u00e7\u00e3o que comp\u00f5e este Processo Seletivo Simplificado ser\u00e3o matriculados no Treinamento Introdut\u00f3rio os candidatos<br \/>aprovados, considerando o cargo de inscri\u00e7\u00e3o, observando-se a ordem decrescente de pontua\u00e7\u00e3o na Etapa de Sele\u00e7\u00e3o.<\/p>\n\n\n\n<p>O Treinamento Introdut\u00f3rio ter\u00e1 car\u00e1ter classificat\u00f3rio e eliminat\u00f3rio para os candidatos ao cargo cuja exig\u00eancia de escolaridade \u00e9 de n\u00edvel<br \/>fundamental (4\u00aa s\u00e9rie completa) e de n\u00edvel m\u00e9dio e ter\u00e1 car\u00e1ter eliminat\u00f3rio para os candidatos ao cargo cuja exig\u00eancia de escolaridade \u00e9 de n\u00edvel<br \/>superior.<\/p>\n\n\n\n<p class=\"has-text-align-center has-medium-font-size\"><em><strong>Assinatura Anual Ilimitada*<\/strong><\/em><\/p>\n\n\n\n<p class=\"has-text-align-center\"><em>Prepare-se com o melhor material e com quem mais aprova em Concursos P\u00fablicos em todo o pa\u00eds. Assine agora a nossa Assinatura Anual e tenha acesso ilimitado* a todos os nossos cursos.<\/em><\/p>\n\n\n\n<p class=\"has-text-align-center has-light-green-cyan-background-color has-background\" style=\"font-size:clamp(14.642px, 0.915rem + ((1vw - 3.2px) * 0.721), 22px);px\"><strong>ASSINE AGORA<\/strong>&nbsp;\u2013&nbsp;<strong><a rel=\"noreferrer noopener\" href=\"https:\/\/www.estrategiaconcursos.com.br\/assinaturas\" target=\"_blank\">Assinatura Ilimitada<\/a><\/strong><\/p>\n\n\n\n<p class=\"has-text-align-center has-medium-font-size\"><strong><em><strong>Sistema de Quest\u00f5es<\/strong><\/em><\/strong><\/p>\n\n\n\n<p class=\"has-text-align-center\"><em>Estrat\u00e9gia Quest\u00f5es nasceu maior do que todos os concorrentes, com mais quest\u00f5es cadastradas e mais solu\u00e7\u00f5es por professores. Clique no link e aproveite os descontos e b\u00f4nus imperd\u00edveis!<\/em><\/p>\n\n\n\n<p class=\"has-text-align-center has-vivid-green-cyan-background-color has-background\" style=\"font-size:clamp(14.642px, 0.915rem + ((1vw - 3.2px) * 0.721), 22px);px\"><strong>ASSINE AGORA \u2013&nbsp;<a href=\"https:\/\/www.estrategiaconcursos.com.br\/cursosPorConcurso\/sistema-de-questoes\/#\/\" target=\"_blank\" rel=\"noreferrer noopener\">Sistema de Quest\u00f5es<\/a><\/strong><\/p>\n\n\n\n<p class=\"has-text-align-center has-medium-font-size\"><strong><em>Fique por dentro de todos os concursos<\/em><\/strong><\/p>\n\n\n\n<p class=\"has-text-align-center has-pale-cyan-blue-background-color has-background\" style=\"font-size:clamp(14.642px, 0.915rem + ((1vw - 3.2px) * 0.721), 22px);px\"><a href=\"https:\/\/www.estrategiaconcursos.com.br\/blog\/concursos-abertos\/\" target=\"_blank\" rel=\"noreferrer noopener\"><strong>CONCURSOS ABERTOS<\/strong><\/a><\/p>\n\n\n\n<figure class=\"wp-block-image\"><img loading=\"lazy\" decoding=\"async\" width=\"300\" height=\"102\" src=\"https:\/\/dhg1h5j42swfq.cloudfront.net\/2017\/03\/28152500\/coruja-ficha-tecnica-300x102.png\" alt=\"\" class=\"wp-image-68542\"\/><\/figure>\n\n\n\n<h3 class=\"wp-block-heading\" id=\"ficha\"><strong>Informa\u00e7\u00f5es sobre o PSS Nanuque e Mariana<\/strong><\/h3>\n\n\n\n<p>\u25ba<strong>Inscri\u00e7\u00f5es<\/strong>: 13 a 17 de dezembro<br \/>\u25ba<strong>Vagas<\/strong>: 146 vagas<br \/>\u25ba<strong>Cargos<\/strong>: diversos<br \/>\u25ba<strong>Escolaridade<\/strong>: todos os n\u00edveis<br \/>\u25ba<strong>Edital<\/strong>:&nbsp;<a href=\"https:\/\/dhg1h5j42swfq.cloudfront.net\/2020\/10\/15092228\/pss-prisional-Nanuque-e-Mariana-MG.pdf\" target=\"_blank\" rel=\"noreferrer noopener\">PSS Nanuque e Mariana<\/a><\/p>\n\n\n\n<p><em>Ascom Estrat\u00e9gia<\/em><br \/>ascomestrategia@gmail.com<\/p>\n","protected":false},"excerpt":{"rendered":"<p>Foram publicados no Di\u00e1rio Oficial desta quinta-feira, 15 de outubro, dois editais de processo seletivo para as Unidades Prisionais de Mariana e Nanuque, ambas localizadas no estado de Minas Gerais. Os certames ofertam no total 146 vagas para todos os n\u00edveis. Quanto ao prazo de contrata\u00e7\u00e3o, o PSS ter\u00e1 validade de 12 meses. O candidato [&hellip;]<\/p>\n","protected":false},"author":248,"featured_media":589005,"comment_status":"open","ping_status":"closed","sticky":false,"template":"","format":"standard","meta":{"post_tipo":"article","footnotes":""},"categories":[1],"tags":[],"tax_estado":[],"class_list":["post-588945","post","type-post","status-publish","format-standard","has-post-thumbnail","hentry","category-cursos-e-concursos"],"acf":[],"yoast_head":"<!-- This site is optimized with the Yoast SEO Premium plugin v27.2 (Yoast SEO v27.2) - https:\/\/yoast.com\/product\/yoast-seo-premium-wordpress\/ -->\n<title>Nanuque e Mariana lan\u00e7am editais para tempor\u00e1rios em Unidades Prisionais!<\/title>\n<meta name=\"description\" content=\"Foram publicados dois editais de processo seletivo para as Unidades Prisionais de Mariana e Nanuque. Os dois ofertam 146 vagas! CONFIRA!\" \/>\n<meta name=\"robots\" content=\"index, follow, max-snippet:-1, max-image-preview:large, max-video-preview:-1\" \/>\n<link rel=\"canonical\" href=\"https:\/\/www.estrategiaconcursos.com.br\/blog\/nanuque-e-mariana-pss\/\" \/>\n<meta property=\"og:locale\" content=\"pt_BR\" \/>\n<meta property=\"og:type\" content=\"article\" \/>\n<meta property=\"og:title\" content=\"Nanuque e Mariana lan\u00e7am editais para tempor\u00e1rios em Unidades Prisionais!\" \/>\n<meta property=\"og:description\" content=\"Foram publicados dois editais de processo seletivo para as Unidades Prisionais de Mariana e Nanuque. Os dois ofertam 146 vagas! CONFIRA!\" \/>\n<meta property=\"og:url\" content=\"https:\/\/www.estrategiaconcursos.com.br\/blog\/nanuque-e-mariana-pss\/\" \/>\n<meta property=\"og:site_name\" content=\"Estrat\u00e9gia Concursos\" \/>\n<meta property=\"article:published_time\" content=\"2020-10-15T12:36:14+00:00\" \/>\n<meta property=\"article:modified_time\" content=\"2023-06-29T12:51:55+00:00\" \/>\n<meta property=\"og:image\" content=\"https:\/\/dhg1h5j42swfq.cloudfront.net\/2020\/10\/15092700\/presidio-mariana.jpg\" \/>\n\t<meta property=\"og:image:width\" content=\"555\" \/>\n\t<meta property=\"og:image:height\" content=\"370\" \/>\n\t<meta property=\"og:image:type\" content=\"image\/jpeg\" \/>\n<meta name=\"author\" content=\"Marcos Gir\u00e3o\" \/>\n<meta name=\"twitter:card\" content=\"summary_large_image\" \/>\n<meta name=\"twitter:creator\" content=\"@EstratConcursos\" \/>\n<meta name=\"twitter:site\" content=\"@EstratConcursos\" \/>\n<meta name=\"twitter:label1\" content=\"Escrito por\" \/>\n\t<meta name=\"twitter:data1\" content=\"Marcos Gir\u00e3o\" \/>\n\t<meta name=\"twitter:label2\" content=\"Est. tempo de leitura\" \/>\n\t<meta name=\"twitter:data2\" content=\"3 minutos\" \/>\n<script type=\"application\/ld+json\" class=\"yoast-schema-graph\">{\"@context\":\"https:\/\/schema.org\",\"@graph\":[{\"@type\":\"NewsArticle\",\"@id\":\"https:\/\/www.estrategiaconcursos.com.br\/blog\/nanuque-e-mariana-pss\/#article\",\"isPartOf\":{\"@id\":\"https:\/\/www.estrategiaconcursos.com.br\/blog\/nanuque-e-mariana-pss\/\"},\"author\":{\"name\":\"Marcos Gir\u00e3o\",\"@id\":\"https:\/\/www.estrategiaconcursos.com.br\/blog\/#\/schema\/person\/6be195b7a02a8ca214472b848686bb37\"},\"headline\":\"Nanuque e Mariana lan\u00e7am editais para tempor\u00e1rios em Unidades Prisionais!\",\"datePublished\":\"2020-10-15T12:36:14+00:00\",\"dateModified\":\"2023-06-29T12:51:55+00:00\",\"mainEntityOfPage\":{\"@id\":\"https:\/\/www.estrategiaconcursos.com.br\/blog\/nanuque-e-mariana-pss\/\"},\"wordCount\":694,\"commentCount\":0,\"publisher\":{\"@id\":\"https:\/\/www.estrategiaconcursos.com.br\/blog\/#organization\"},\"image\":{\"@id\":\"https:\/\/www.estrategiaconcursos.com.br\/blog\/nanuque-e-mariana-pss\/#primaryimage\"},\"thumbnailUrl\":\"https:\/\/dhg1h5j42swfq.cloudfront.net\/2020\/10\/15092700\/presidio-mariana.jpg\",\"articleSection\":[\"Concursos P\u00fablicos\"],\"inLanguage\":\"pt-BR\",\"potentialAction\":[{\"@type\":\"CommentAction\",\"name\":\"Comment\",\"target\":[\"https:\/\/www.estrategiaconcursos.com.br\/blog\/nanuque-e-mariana-pss\/#respond\"]}],\"copyrightYear\":\"2020\",\"copyrightHolder\":{\"@id\":\"https:\/\/www.estrategiaconcursos.com.br\/blog\/#organization\"}},{\"@type\":\"WebPage\",\"@id\":\"https:\/\/www.estrategiaconcursos.com.br\/blog\/nanuque-e-mariana-pss\/\",\"url\":\"https:\/\/www.estrategiaconcursos.com.br\/blog\/nanuque-e-mariana-pss\/\",\"name\":\"Nanuque e Mariana lan\u00e7am editais para tempor\u00e1rios em Unidades Prisionais!\",\"isPartOf\":{\"@id\":\"https:\/\/www.estrategiaconcursos.com.br\/blog\/#website\"},\"primaryImageOfPage\":{\"@id\":\"https:\/\/www.estrategiaconcursos.com.br\/blog\/nanuque-e-mariana-pss\/#primaryimage\"},\"image\":{\"@id\":\"https:\/\/www.estrategiaconcursos.com.br\/blog\/nanuque-e-mariana-pss\/#primaryimage\"},\"thumbnailUrl\":\"https:\/\/dhg1h5j42swfq.cloudfront.net\/2020\/10\/15092700\/presidio-mariana.jpg\",\"datePublished\":\"2020-10-15T12:36:14+00:00\",\"dateModified\":\"2023-06-29T12:51:55+00:00\",\"description\":\"Foram publicados dois editais de processo seletivo para as Unidades Prisionais de Mariana e Nanuque. Os dois ofertam 146 vagas! CONFIRA!\",\"breadcrumb\":{\"@id\":\"https:\/\/www.estrategiaconcursos.com.br\/blog\/nanuque-e-mariana-pss\/#breadcrumb\"},\"inLanguage\":\"pt-BR\",\"potentialAction\":[{\"@type\":\"ReadAction\",\"target\":[\"https:\/\/www.estrategiaconcursos.com.br\/blog\/nanuque-e-mariana-pss\/\"]}]},{\"@type\":\"ImageObject\",\"inLanguage\":\"pt-BR\",\"@id\":\"https:\/\/www.estrategiaconcursos.com.br\/blog\/nanuque-e-mariana-pss\/#primaryimage\",\"url\":\"https:\/\/dhg1h5j42swfq.cloudfront.net\/2020\/10\/15092700\/presidio-mariana.jpg\",\"contentUrl\":\"https:\/\/dhg1h5j42swfq.cloudfront.net\/2020\/10\/15092700\/presidio-mariana.jpg\",\"width\":555,\"height\":370,\"caption\":\"pol\u00edcia penal\"},{\"@type\":\"BreadcrumbList\",\"@id\":\"https:\/\/www.estrategiaconcursos.com.br\/blog\/nanuque-e-mariana-pss\/#breadcrumb\",\"itemListElement\":[{\"@type\":\"ListItem\",\"position\":1,\"name\":\"In\u00edcio\",\"item\":\"https:\/\/www.estrategiaconcursos.com.br\/blog\/\"},{\"@type\":\"ListItem\",\"position\":2,\"name\":\"Nanuque e Mariana lan\u00e7am editais para tempor\u00e1rios em Unidades Prisionais!\"}]},{\"@type\":\"WebSite\",\"@id\":\"https:\/\/www.estrategiaconcursos.com.br\/blog\/#website\",\"url\":\"https:\/\/www.estrategiaconcursos.com.br\/blog\/\",\"name\":\"Estrat\u00e9gia Concursos\",\"description\":\"O blog da Estrat\u00e9gia Concursos traz not\u00edcias sobre concursos e artigos de professores oferecendo cursos para concursos (pdf + videaulas) no site.\",\"publisher\":{\"@id\":\"https:\/\/www.estrategiaconcursos.com.br\/blog\/#organization\"},\"potentialAction\":[{\"@type\":\"SearchAction\",\"target\":{\"@type\":\"EntryPoint\",\"urlTemplate\":\"https:\/\/www.estrategiaconcursos.com.br\/blog\/?s={search_term_string}\"},\"query-input\":{\"@type\":\"PropertyValueSpecification\",\"valueRequired\":true,\"valueName\":\"search_term_string\"}}],\"inLanguage\":\"pt-BR\"},{\"@type\":\"Organization\",\"@id\":\"https:\/\/www.estrategiaconcursos.com.br\/blog\/#organization\",\"name\":\"Estrat\u00e9gia Concursos\",\"url\":\"https:\/\/www.estrategiaconcursos.com.br\/blog\/\",\"logo\":{\"@type\":\"ImageObject\",\"inLanguage\":\"pt-BR\",\"@id\":\"https:\/\/www.estrategiaconcursos.com.br\/blog\/#\/schema\/logo\/image\/\",\"url\":\"https:\/\/dhg1h5j42swfq.cloudfront.net\/2025\/06\/03203428\/logo_concursos-1.jpg\",\"contentUrl\":\"https:\/\/dhg1h5j42swfq.cloudfront.net\/2025\/06\/03203428\/logo_concursos-1.jpg\",\"width\":230,\"height\":60,\"caption\":\"Estrat\u00e9gia Concursos\"},\"image\":{\"@id\":\"https:\/\/www.estrategiaconcursos.com.br\/blog\/#\/schema\/logo\/image\/\"},\"sameAs\":[\"https:\/\/x.com\/EstratConcursos\"]},{\"@type\":\"Person\",\"@id\":\"https:\/\/www.estrategiaconcursos.com.br\/blog\/#\/schema\/person\/6be195b7a02a8ca214472b848686bb37\",\"name\":\"Marcos Gir\u00e3o\",\"image\":{\"@type\":\"ImageObject\",\"inLanguage\":\"pt-BR\",\"@id\":\"https:\/\/secure.gravatar.com\/avatar\/ac5b9a36e2c99a8280e07b5763e3b764471d5b861c47521bfd2edffdfbb06fbd?s=96&d=mm&r=g\",\"url\":\"https:\/\/secure.gravatar.com\/avatar\/ac5b9a36e2c99a8280e07b5763e3b764471d5b861c47521bfd2edffdfbb06fbd?s=96&d=mm&r=g\",\"contentUrl\":\"https:\/\/secure.gravatar.com\/avatar\/ac5b9a36e2c99a8280e07b5763e3b764471d5b861c47521bfd2edffdfbb06fbd?s=96&d=mm&r=g\",\"caption\":\"Marcos Gir\u00e3o\"},\"url\":\"https:\/\/www.estrategiaconcursos.com.br\/blog\/author\/marcosgiraoestrategiaconcursos-com-br\/\"}]}<\/script>\n<!-- \/ Yoast SEO Premium plugin. -->","yoast_head_json":{"title":"Nanuque e Mariana lan\u00e7am editais para tempor\u00e1rios em Unidades Prisionais!","description":"Foram publicados dois editais de processo seletivo para as Unidades Prisionais de Mariana e Nanuque. Os dois ofertam 146 vagas! CONFIRA!","robots":{"index":"index","follow":"follow","max-snippet":"max-snippet:-1","max-image-preview":"max-image-preview:large","max-video-preview":"max-video-preview:-1"},"canonical":"https:\/\/www.estrategiaconcursos.com.br\/blog\/nanuque-e-mariana-pss\/","og_locale":"pt_BR","og_type":"article","og_title":"Nanuque e Mariana lan\u00e7am editais para tempor\u00e1rios em Unidades Prisionais!","og_description":"Foram publicados dois editais de processo seletivo para as Unidades Prisionais de Mariana e Nanuque. Os dois ofertam 146 vagas! CONFIRA!","og_url":"https:\/\/www.estrategiaconcursos.com.br\/blog\/nanuque-e-mariana-pss\/","og_site_name":"Estrat\u00e9gia Concursos","article_published_time":"2020-10-15T12:36:14+00:00","article_modified_time":"2023-06-29T12:51:55+00:00","og_image":[{"width":555,"height":370,"url":"https:\/\/dhg1h5j42swfq.cloudfront.net\/2020\/10\/15092700\/presidio-mariana.jpg","type":"image\/jpeg"}],"author":"Marcos Gir\u00e3o","twitter_card":"summary_large_image","twitter_creator":"@EstratConcursos","twitter_site":"@EstratConcursos","twitter_misc":{"Escrito por":"Marcos Gir\u00e3o","Est. tempo de leitura":"3 minutos"},"schema":{"@context":"https:\/\/schema.org","@graph":[{"@type":"NewsArticle","@id":"https:\/\/www.estrategiaconcursos.com.br\/blog\/nanuque-e-mariana-pss\/#article","isPartOf":{"@id":"https:\/\/www.estrategiaconcursos.com.br\/blog\/nanuque-e-mariana-pss\/"},"author":{"name":"Marcos Gir\u00e3o","@id":"https:\/\/www.estrategiaconcursos.com.br\/blog\/#\/schema\/person\/6be195b7a02a8ca214472b848686bb37"},"headline":"Nanuque e Mariana lan\u00e7am editais para tempor\u00e1rios em Unidades Prisionais!","datePublished":"2020-10-15T12:36:14+00:00","dateModified":"2023-06-29T12:51:55+00:00","mainEntityOfPage":{"@id":"https:\/\/www.estrategiaconcursos.com.br\/blog\/nanuque-e-mariana-pss\/"},"wordCount":694,"commentCount":0,"publisher":{"@id":"https:\/\/www.estrategiaconcursos.com.br\/blog\/#organization"},"image":{"@id":"https:\/\/www.estrategiaconcursos.com.br\/blog\/nanuque-e-mariana-pss\/#primaryimage"},"thumbnailUrl":"https:\/\/dhg1h5j42swfq.cloudfront.net\/2020\/10\/15092700\/presidio-mariana.jpg","articleSection":["Concursos P\u00fablicos"],"inLanguage":"pt-BR","potentialAction":[{"@type":"CommentAction","name":"Comment","target":["https:\/\/www.estrategiaconcursos.com.br\/blog\/nanuque-e-mariana-pss\/#respond"]}],"copyrightYear":"2020","copyrightHolder":{"@id":"https:\/\/www.estrategiaconcursos.com.br\/blog\/#organization"}},{"@type":"WebPage","@id":"https:\/\/www.estrategiaconcursos.com.br\/blog\/nanuque-e-mariana-pss\/","url":"https:\/\/www.estrategiaconcursos.com.br\/blog\/nanuque-e-mariana-pss\/","name":"Nanuque e Mariana lan\u00e7am editais para tempor\u00e1rios em Unidades Prisionais!","isPartOf":{"@id":"https:\/\/www.estrategiaconcursos.com.br\/blog\/#website"},"primaryImageOfPage":{"@id":"https:\/\/www.estrategiaconcursos.com.br\/blog\/nanuque-e-mariana-pss\/#primaryimage"},"image":{"@id":"https:\/\/www.estrategiaconcursos.com.br\/blog\/nanuque-e-mariana-pss\/#primaryimage"},"thumbnailUrl":"https:\/\/dhg1h5j42swfq.cloudfront.net\/2020\/10\/15092700\/presidio-mariana.jpg","datePublished":"2020-10-15T12:36:14+00:00","dateModified":"2023-06-29T12:51:55+00:00","description":"Foram publicados dois editais de processo seletivo para as Unidades Prisionais de Mariana e Nanuque. Os dois ofertam 146 vagas! CONFIRA!","breadcrumb":{"@id":"https:\/\/www.estrategiaconcursos.com.br\/blog\/nanuque-e-mariana-pss\/#breadcrumb"},"inLanguage":"pt-BR","potentialAction":[{"@type":"ReadAction","target":["https:\/\/www.estrategiaconcursos.com.br\/blog\/nanuque-e-mariana-pss\/"]}]},{"@type":"ImageObject","inLanguage":"pt-BR","@id":"https:\/\/www.estrategiaconcursos.com.br\/blog\/nanuque-e-mariana-pss\/#primaryimage","url":"https:\/\/dhg1h5j42swfq.cloudfront.net\/2020\/10\/15092700\/presidio-mariana.jpg","contentUrl":"https:\/\/dhg1h5j42swfq.cloudfront.net\/2020\/10\/15092700\/presidio-mariana.jpg","width":555,"height":370,"caption":"pol\u00edcia penal"},{"@type":"BreadcrumbList","@id":"https:\/\/www.estrategiaconcursos.com.br\/blog\/nanuque-e-mariana-pss\/#breadcrumb","itemListElement":[{"@type":"ListItem","position":1,"name":"In\u00edcio","item":"https:\/\/www.estrategiaconcursos.com.br\/blog\/"},{"@type":"ListItem","position":2,"name":"Nanuque e Mariana lan\u00e7am editais para tempor\u00e1rios em Unidades Prisionais!"}]},{"@type":"WebSite","@id":"https:\/\/www.estrategiaconcursos.com.br\/blog\/#website","url":"https:\/\/www.estrategiaconcursos.com.br\/blog\/","name":"Estrat\u00e9gia Concursos","description":"O blog da Estrat\u00e9gia Concursos traz not\u00edcias sobre concursos e artigos de professores oferecendo cursos para concursos (pdf + videaulas) no site.","publisher":{"@id":"https:\/\/www.estrategiaconcursos.com.br\/blog\/#organization"},"potentialAction":[{"@type":"SearchAction","target":{"@type":"EntryPoint","urlTemplate":"https:\/\/www.estrategiaconcursos.com.br\/blog\/?s={search_term_string}"},"query-input":{"@type":"PropertyValueSpecification","valueRequired":true,"valueName":"search_term_string"}}],"inLanguage":"pt-BR"},{"@type":"Organization","@id":"https:\/\/www.estrategiaconcursos.com.br\/blog\/#organization","name":"Estrat\u00e9gia Concursos","url":"https:\/\/www.estrategiaconcursos.com.br\/blog\/","logo":{"@type":"ImageObject","inLanguage":"pt-BR","@id":"https:\/\/www.estrategiaconcursos.com.br\/blog\/#\/schema\/logo\/image\/","url":"https:\/\/dhg1h5j42swfq.cloudfront.net\/2025\/06\/03203428\/logo_concursos-1.jpg","contentUrl":"https:\/\/dhg1h5j42swfq.cloudfront.net\/2025\/06\/03203428\/logo_concursos-1.jpg","width":230,"height":60,"caption":"Estrat\u00e9gia Concursos"},"image":{"@id":"https:\/\/www.estrategiaconcursos.com.br\/blog\/#\/schema\/logo\/image\/"},"sameAs":["https:\/\/x.com\/EstratConcursos"]},{"@type":"Person","@id":"https:\/\/www.estrategiaconcursos.com.br\/blog\/#\/schema\/person\/6be195b7a02a8ca214472b848686bb37","name":"Marcos Gir\u00e3o","image":{"@type":"ImageObject","inLanguage":"pt-BR","@id":"https:\/\/secure.gravatar.com\/avatar\/ac5b9a36e2c99a8280e07b5763e3b764471d5b861c47521bfd2edffdfbb06fbd?s=96&d=mm&r=g","url":"https:\/\/secure.gravatar.com\/avatar\/ac5b9a36e2c99a8280e07b5763e3b764471d5b861c47521bfd2edffdfbb06fbd?s=96&d=mm&r=g","contentUrl":"https:\/\/secure.gravatar.com\/avatar\/ac5b9a36e2c99a8280e07b5763e3b764471d5b861c47521bfd2edffdfbb06fbd?s=96&d=mm&r=g","caption":"Marcos Gir\u00e3o"},"url":"https:\/\/www.estrategiaconcursos.com.br\/blog\/author\/marcosgiraoestrategiaconcursos-com-br\/"}]}},"_links":{"self":[{"href":"https:\/\/www.estrategiaconcursos.com.br\/blog\/wp-json\/wp\/v2\/posts\/588945","targetHints":{"allow":["GET"]}}],"collection":[{"href":"https:\/\/www.estrategiaconcursos.com.br\/blog\/wp-json\/wp\/v2\/posts"}],"about":[{"href":"https:\/\/www.estrategiaconcursos.com.br\/blog\/wp-json\/wp\/v2\/types\/post"}],"author":[{"embeddable":true,"href":"https:\/\/www.estrategiaconcursos.com.br\/blog\/wp-json\/wp\/v2\/users\/248"}],"replies":[{"embeddable":true,"href":"https:\/\/www.estrategiaconcursos.com.br\/blog\/wp-json\/wp\/v2\/comments?post=588945"}],"version-history":[{"count":8,"href":"https:\/\/www.estrategiaconcursos.com.br\/blog\/wp-json\/wp\/v2\/posts\/588945\/revisions"}],"predecessor-version":[{"id":1240826,"href":"https:\/\/www.estrategiaconcursos.com.br\/blog\/wp-json\/wp\/v2\/posts\/588945\/revisions\/1240826"}],"wp:featuredmedia":[{"embeddable":true,"href":"https:\/\/www.estrategiaconcursos.com.br\/blog\/wp-json\/wp\/v2\/media\/589005"}],"wp:attachment":[{"href":"https:\/\/www.estrategiaconcursos.com.br\/blog\/wp-json\/wp\/v2\/media?parent=588945"}],"wp:term":[{"taxonomy":"category","embeddable":true,"href":"https:\/\/www.estrategiaconcursos.com.br\/blog\/wp-json\/wp\/v2\/categories?post=588945"},{"taxonomy":"post_tag","embeddable":true,"href":"https:\/\/www.estrategiaconcursos.com.br\/blog\/wp-json\/wp\/v2\/tags?post=588945"},{"taxonomy":"tax_estado","embeddable":true,"href":"https:\/\/www.estrategiaconcursos.com.br\/blog\/wp-json\/wp\/v2\/tax_estado?post=588945"}],"curies":[{"name":"wp","href":"https:\/\/api.w.org\/{rel}","templated":true}]}}