{"id":58857,"date":"2026-08-03T22:20:11","date_gmt":"2026-08-04T01:20:11","guid":{"rendered":"https:\/\/blog-estrategia.mystagingwebsite.com\/blog\/?p=58857"},"modified":"2026-08-03T22:20:32","modified_gmt":"2026-08-04T01:20:32","slug":"concurso-pmerj","status":"publish","type":"post","link":"https:\/\/www.estrategiaconcursos.com.br\/blog\/concurso-pmerj\/","title":{"rendered":"Concurso PMERJ: edital com 2,1 mil vagas em 2026!"},"content":{"rendered":"\n<p class=\"wp-block-paragraph\" style=\"font-size:clamp(15.197px, 0.95rem + ((1vw - 3.2px) * 0.765), 23px);\"><em><strong>Novo edital do concurso PMERJ \u00e9 previsto para o segundo semestre de 2026; ser\u00e3o 2.000 vagas para Soldado e 100 para Oficial!<\/strong><\/em><\/p>\n\n\n\n<div style=\"height:20px\" aria-hidden=\"true\" class=\"wp-block-spacer\"><\/div>\n\n\n\n<hr class=\"wp-block-separator has-alpha-channel-opacity\"\/>\n\n\n<a id=\"cta-icon\" href=\"https:\/\/www.redirectmais.com\/wpp\/pme-rj-grupo\" target=\"blank\" style=\"background:rgb(41,166,26)\">\n            <img decoding=\"async\" src=\"https:\/\/dhg1h5j42swfq.cloudfront.net\/2023\/12\/07154107\/whatsapp_13851.png\" alt=\"logo grupo whatsapp estrat\u00e9gia concursos\" alt=\"whatsapp_1385[1]\"><span > Acesse agora o Grupo de Estudos para o Concurso PMERJ<\/span><\/a>\n\n\n\n<div style=\"height:20px\" aria-hidden=\"true\" class=\"wp-block-spacer\"><\/div>\n\n\n\n<p class=\"wp-block-paragraph\">A Funda\u00e7\u00e3o Getulio Vargas (FGV) foi confirmada como banca do <strong>concurso PMERJ <\/strong>(<a href=\"https:\/\/www.estrategiaconcursos.com.br\/cursosPorConcurso\/policia-militar-do-rio-de-janeiro-pm-rj\/\">Pol\u00edcia Militar do Estado do Rio de Janeiro<\/a>) para provimento de 100 vagas do cargo de Oficial.<\/p>\n\n\n\n<figure class=\"wp-block-image aligncenter size-large\"><img loading=\"lazy\" decoding=\"async\" width=\"1024\" height=\"437\" src=\"https:\/\/dhg1h5j42swfq.cloudfront.net\/2026\/07\/03221629\/screenshot-2026-08-03-at-22-16-25-portal-nacional-de-contratacoes-publicas-1024x437.png\" alt=\"\" class=\"wp-image-1786105\" srcset=\"https:\/\/dhg1h5j42swfq.cloudfront.net\/2026\/07\/03221629\/screenshot-2026-08-03-at-22-16-25-portal-nacional-de-contratacoes-publicas-1024x437.png 1024w, https:\/\/dhg1h5j42swfq.cloudfront.net\/2026\/07\/03221629\/screenshot-2026-08-03-at-22-16-25-portal-nacional-de-contratacoes-publicas-300x128.png 300w, https:\/\/dhg1h5j42swfq.cloudfront.net\/2026\/07\/03221629\/screenshot-2026-08-03-at-22-16-25-portal-nacional-de-contratacoes-publicas-768x328.png 768w, https:\/\/dhg1h5j42swfq.cloudfront.net\/2026\/07\/03221629\/screenshot-2026-08-03-at-22-16-25-portal-nacional-de-contratacoes-publicas-1536x655.png 1536w, https:\/\/dhg1h5j42swfq.cloudfront.net\/2026\/07\/03221629\/screenshot-2026-08-03-at-22-16-25-portal-nacional-de-contratacoes-publicas-150x64.png 150w, https:\/\/dhg1h5j42swfq.cloudfront.net\/2026\/07\/03221629\/screenshot-2026-08-03-at-22-16-25-portal-nacional-de-contratacoes-publicas.png 1641w\" sizes=\"auto, (max-width: 1024px) 100vw, 1024px\" \/><figcaption class=\"wp-element-caption\">FGV \u00e9 confirmada como banca do Concurso PMERJ Oficial<\/figcaption><\/figure>\n\n\n\n<p class=\"wp-block-paragraph\">Ademais, tivemos acesso ao termo de refer\u00eancia, que trouxe detalhes sobre o novo edital. De acordo com o documento, os candidatos ser\u00e3o avaliados por meio de at\u00e9 9 etapas.<\/p>\n\n\n\n<ul class=\"wp-block-list\">\n<li><a href=\"https:\/\/dhg1h5j42swfq.cloudfront.net\/2026\/08\/03221611\/sei_135968127_termo_de_referencia_de_material_servico.pdf\" target=\"_blank\" rel=\"noreferrer noopener nofollow\">Termo de refer\u00eancia &#8211; Concurso PMERJ Oficial<\/a><\/li>\n<\/ul>\n\n\n\n<p class=\"wp-block-paragraph\">Vale lembrar que, segundo o comandante-geral da corpora\u00e7\u00e3o, coronel Menezes, e o ex-governador Cl\u00e1udio Castro, est\u00e3o previstas&nbsp;<a href=\"https:\/\/www.estrategiaconcursos.com.br\/blog\/concurso-pmerj-governador-soldado-edital-2026\/\">2 mil vagas para o cargo de Soldado<\/a>. Os editais seguem previstos para o segundo semestre.<\/p>\n\n\n\n<p class=\"wp-block-paragraph\">Lembrando que, recentemente, o\u00a0<a href=\"https:\/\/www.estrategiaconcursos.com.br\/blog\/concurso-pmerj-auxilio-alimentacao-reajustado\/\">aux\u00edlio-alimenta\u00e7\u00e3o da PMERJ foi reajustado<\/a>\u00a0e passou de R$ 162,00 para R$ 433,00 mensais, representando um aumento de 162%.<\/p>\n\n\n\n<ul class=\"wp-block-list has-very-light-gray-to-cyan-bluish-gray-gradient-background has-background\">\n<li><strong>Concurso PMERJ &#8211; Soldado e Oficial<\/strong><\/li>\n\n\n\n<li><strong>Situa\u00e7\u00e3o<\/strong>: banca definida (Oficial) | Previsto (Soldado)<\/li>\n\n\n\n<li><strong>Banca<\/strong>: FGV (Oficial) | A definir (Soldado)<\/li>\n\n\n\n<li><strong>Vagas<\/strong>: 2.100<\/li>\n\n\n\n<li><strong>Sal\u00e1rios<\/strong>: R$ 5.233,88 a R$ 10.348,18 <\/li>\n\n\n\n<li><strong>\u00daltimo edital<\/strong>: <a href=\"https:\/\/dhg1h5j42swfq.cloudfront.net\/2023\/06\/07153322\/79a1ad31acc34600b3c5e3f91d02f77f.pdf\" target=\"_blank\" rel=\"noreferrer noopener nofollow\">PMERJ 2023 &#8211; Soldado<\/a> | <a href=\"https:\/\/dhg1h5j42swfq.cloudfront.net\/2024\/01\/09091856\/2a-retificacao-pmerj-2024-revisada_drsp_versao_final_doerj.pdf\" target=\"_blank\" rel=\"noreferrer noopener nofollow\">Edital de retifica\u00e7\u00e3o &#8211; FGV<\/a><\/li>\n\n\n\n<li><strong><\/strong><strong>\u00daltimo <\/strong>edital: <a href=\"https:\/\/dhg1h5j42swfq.cloudfront.net\/2024\/04\/19234723\/edital_cfo_2024_versao_final_site_0.pdf\" target=\"_blank\" rel=\"noreferrer noopener nofollow\">PMERJ Oficial 2024<\/a><\/li>\n<\/ul>\n\n\n\n<figure style=\"margin: 0;\">\r\n<iframe\r\n    title=\"Mapa de Concursos P\u00fablicos\"\r\n    id=\"mapa-concursos-ga4\"\r\n    src=\"https:\/\/www.estrategiaconcursos.com.br\/blog\/mapa-concursos\/embed?situacoes=Inscri%C3%A7%C3%B5es+abertas%2CEdital+em+breve&#038;areas=Policial\"\r\n    width=\"100%\"\r\n    height=\"400\"\r\n    style=\"border: none; display: block;\"\r\n    loading=\"lazy\">\r\n<\/iframe>\r\n\r\n   <figcaption style=\"\r\n        text-align: center; \r\n        margin-top: 5px;  \r\n        font-size: 1.0em; \r\n        color: #000000;\r\n        font-family: Arial, Helvetica, sans-serif;\r\n    \">\r\n       <b>Conhe\u00e7a o Mapa de Concursos do Estrat\u00e9gia e veja os certames com inscri\u00e7\u00f5es abertas e editais em breve na \u00e1rea Policial<\/b>\r\n    <\/figcaption>\r\n<\/figure>\n\n\n\n<p class=\"wp-block-paragraph\">A fim de te deixar sempre bem informado, elaboramos este artigo com as principais informa\u00e7\u00f5es e novidades sobre o concurso. Acompanhe os t\u00f3picos abaixo e n\u00e3o perca nenhum detalhe!<\/p>\n\n\n\n<ul id=\"indice\" class=\"wp-block-list\">\n<li><a href=\"#situ\">Situa\u00e7\u00e3o atual do novo concurso<\/a>\n<ul class=\"wp-block-list\">\n<li><a href=\"#banca\">Banca definida<\/a><\/li>\n\n\n\n<li><a href=\"#autorizado-oficial\">Concurso autorizado<\/a><\/li>\n\n\n\n<li><a href=\"#2026\">Anunciado para 2026<\/a><\/li>\n<\/ul>\n<\/li>\n\n\n\n<li><a href=\"#novo-edital-oficial\">Edital para Oficial<\/a>\n<ul class=\"wp-block-list\">\n<li><a href=\"#cargos-oficial\">Cargos e vagas<\/a><\/li>\n\n\n\n<li><a href=\"#etapas-oficial\">Etapas e provas<\/a><\/li>\n<\/ul>\n<\/li>\n\n\n\n<li><a href=\"#h-concurso-pmerj-edital-para-soldado\">Edital para Soldado<\/a>\n<ul class=\"wp-block-list\">\n<li><a href=\"#h-banca-organizadora\">Banca organizadora<\/a><\/li>\n\n\n\n<li><a href=\"#cargos-vagas-soldado\">Cargos e vagas<\/a><\/li>\n\n\n\n<li><a href=\"#etapas-soldado\">Etapas e provas<\/a><\/li>\n<\/ul>\n<\/li>\n\n\n\n<li><a href=\"#carreira-policial-pmerj\">Carreira de Policial<\/a>\n<ul class=\"wp-block-list\">\n<li><a href=\"#requisitos\">Requisitos<\/a><\/li>\n\n\n\n<li><a href=\"#salarial\">Tabela salarial<\/a><\/li>\n\n\n\n<li><a href=\"#atri\">Atribui\u00e7\u00f5es<\/a><\/li>\n<\/ul>\n<\/li>\n\n\n\n<li><a href=\"#ultimos\">\u00daltimos concursos<\/a> \n\n\n\n\n\n\n\n\n\n\n\n\n\n\n\n\n\n\n\n\n\n\n\n\n\n\n\n\n\n\n\n\n\n\n\n\n\n\n\n\n\n\n\n\n\n\n\n\n\n\n\n\n\n\n\n\n\n\n\n\n\n\n\n\n\n\n\n\n\n\n\n\n\n\n\n\n\n\n\n\n\n\n\n\n\n\n\n\n\n\n\n\n\n\n\n\n\n\n\n\n\n\n\n\n\n\n\n\n\n\n\n\n\n\n\n\n\n\n\n\n\n\n\n\n\n\n\n\n<ul class=\"wp-block-list\">\n<li><a href=\"#edital-oficial-2021\">Edital Oficial 2021<\/a><\/li>\n<\/ul>\n\n\n\n<ul class=\"wp-block-list\">\n<li><a href=\"#soldado-2014\">Edital Soldado &#8211; 2014<\/a><\/li>\n<\/ul>\n<\/li>\n\n\n\n<li><a href=\"#guia\">Guia de Estudos<\/a><\/li>\n\n\n\n<li><a href=\"#cursos-assinatura\">Cursos e assinaturas<\/a><\/li>\n\n\n\n<li><span style=\"text-decoration: underline;\"><a href=\"#ficha\">Ficha t\u00e9cnica<\/a><\/span><\/li>\n<\/ul>\n\n\n\n<div class=\"container\" id=\"boxes\">\n  <div class=\"row\">\n\n    <div class=\"col-sm\">\n      <div class=\"banner-policia-militar\" id=\"box-assinatura\">\n        <h3 class=\"titulo-assinatura\">Concurso PMERJ<\/h3>\n        <p class=\"subtitulo-assinatura\">Rumo \u00e0 carreira policial dos seus sonhos!<\/p>\n        <div class=\"box-botao\">\n          <a class=\"btn-assinatura\" target=\"_blank\" href=\"https:\/\/www.estrategiaconcursos.com.br\/cursosPorConcurso\/policia-militar-do-rio-de-janeiro-pm-rj\/?utm_source=blog&#038;utm_medium=banner&#038;utm_campaign=pmerj-conv-x-ec-tp\" role=\"button\" rel=\"noopener noreferrer\">INICIAR AGORA<\/a>\n        <\/div>\n      <\/div>\n      \n    <\/div>\n\n  <\/div>\n<\/div>\n\n\n\n<h2 id=\"situ\" class=\"wp-block-heading has-cyan-bluish-gray-background-color has-background\">Concurso PMERJ: situa\u00e7\u00e3o atual<\/h2>\n\n\n\n<p class=\"wp-block-paragraph\">Veja as informa\u00e7\u00f5es mais importantes sobre o Concurso Pol\u00edcia Militar do RJ:<\/p>\n\n\n\n<h3 id=\"h-banca-definida-para-oficial\" class=\"wp-block-heading\">Banca definida para Oficial<\/h3>\n\n\n\n<p class=\"wp-block-paragraph\">A Funda\u00e7\u00e3o Getulio Vargas (FGV) foi oficialmente confirmada como banca organizadora do novo concurso da Pol\u00edcia Militar do Estado do Rio de Janeiro (PMERJ) para o provimento de 100 vagas no cargo de Oficial.<\/p>\n\n\n\n<p class=\"wp-block-paragraph\">Tamb\u00e9m tivemos acesso ao termo de refer\u00eancia da sele\u00e7\u00e3o, documento que antecipa importantes informa\u00e7\u00f5es sobre o edital. <\/p>\n\n\n\n<p class=\"wp-block-paragraph\">Conforme o documento, os candidatos ser\u00e3o submetidos a at\u00e9 nove etapas de avalia\u00e7\u00e3o ao longo do certame.<\/p>\n\n\n\n<ul class=\"wp-block-list\">\n<li><a href=\"https:\/\/dhg1h5j42swfq.cloudfront.net\/2026\/08\/03221611\/sei_135968127_termo_de_referencia_de_material_servico.pdf\" target=\"_blank\" rel=\"noreferrer noopener nofollow\">Termo de refer\u00eancia &#8211; Concurso PMERJ Oficial<\/a><\/li>\n<\/ul>\n\n\n\n<h3 id=\"autorizado-oficial\" class=\"wp-block-heading\">Concurso autorizado para Oficial<\/h3>\n\n\n\n<p class=\"wp-block-paragraph\">O Governo do Estado do Rio de Janeiro autorizou a realiza\u00e7\u00e3o de novo concurso para&nbsp;provimento de <strong>100 Oficiais da Pol\u00edcia Militar do Estado do Rio de Janeiro<\/strong>.<\/p>\n\n\n\n<p class=\"wp-block-paragraph\">De acordo com o documento, as vagas ser\u00e3o destinadas ao cargo de&nbsp;<strong>Oficial do Quadro de Oficiais Policiais Militares (QOPM)<\/strong>, com ingresso previsto para o ano de&nbsp;<strong>2027<\/strong>. <\/p>\n\n\n\n<figure class=\"wp-block-image aligncenter\"><img loading=\"lazy\" decoding=\"async\" width=\"671\" height=\"303\" src=\"https:\/\/dhg1h5j42swfq.cloudfront.net\/2026\/06\/01084621\/autroizacao-pmerj-oficial-2026.png\" alt=\"Concurso PMERJ autorizado com 100 vagas do cargo de Oficial\" class=\"wp-image-1765399\" srcset=\"https:\/\/dhg1h5j42swfq.cloudfront.net\/2026\/06\/01084621\/autroizacao-pmerj-oficial-2026.png 671w, https:\/\/dhg1h5j42swfq.cloudfront.net\/2026\/06\/01084621\/autroizacao-pmerj-oficial-2026-300x135.png 300w, https:\/\/dhg1h5j42swfq.cloudfront.net\/2026\/06\/01084621\/autroizacao-pmerj-oficial-2026-150x68.png 150w\" sizes=\"auto, (max-width: 671px) 100vw, 671px\" \/><figcaption class=\"wp-element-caption\">Concurso PMERJ autorizado com 100 vagas do cargo de Oficial<\/figcaption><\/figure>\n\n\n\n<h3 id=\"h-novo-edital-da-pmerj-anunciado-para-2026\" class=\"wp-block-heading\">Novo edital da PMERJ anunciado para 2026<\/h3>\n\n\n\n<p class=\"wp-block-paragraph\">Um novo concurso para a Pol\u00edcia Militar do Estado do Rio de Janeiro foi confirmado em <strong>2026<\/strong>. <\/p>\n\n\n\n<p class=\"wp-block-paragraph\">Ser\u00e3o ofertadas 2 mil vagas para o cargo de Soldado e 100 para Oficial, ambos com ingresso em 2027.<\/p>\n\n\n\n<blockquote class=\"instagram-media\" data-instgrm-captioned data-instgrm-permalink=\"https:\/\/www.instagram.com\/reel\/DUQs72eERq2\/?utm_source=ig_embed&amp;utm_campaign=loading\" data-instgrm-version=\"14\" style=\" background:#FFF; border:0; border-radius:3px; box-shadow:0 0 1px 0 rgba(0,0,0,0.5),0 1px 10px 0 rgba(0,0,0,0.15); margin: 1px; max-width:540px; min-width:326px; padding:0; width:99.375%; width:-webkit-calc(100% - 2px); width:calc(100% - 2px);\"><div style=\"padding:16px;\"> <a href=\"https:\/\/www.instagram.com\/reel\/DUQs72eERq2\/?utm_source=ig_embed&amp;utm_campaign=loading\" style=\" background:#FFFFFF; line-height:0; padding:0 0; text-align:center; text-decoration:none; width:100%;\" target=\"_blank\"> <div style=\" display: flex; flex-direction: row; align-items: center;\"> <div style=\"background-color: #F4F4F4; border-radius: 50%; flex-grow: 0; height: 40px; margin-right: 14px; width: 40px;\"><\/div> <div style=\"display: flex; flex-direction: column; flex-grow: 1; justify-content: center;\"> <div style=\" background-color: #F4F4F4; border-radius: 4px; flex-grow: 0; height: 14px; margin-bottom: 6px; width: 100px;\"><\/div> <div style=\" background-color: #F4F4F4; border-radius: 4px; flex-grow: 0; height: 14px; width: 60px;\"><\/div><\/div><\/div><div style=\"padding: 19% 0;\"><\/div> <div style=\"display:block; height:50px; margin:0 auto 12px; width:50px;\"><svg width=\"50px\" height=\"50px\" viewBox=\"0 0 60 60\" version=\"1.1\" xmlns=\"https:\/\/www.w3.org\/2000\/svg\" xmlns:xlink=\"https:\/\/www.w3.org\/1999\/xlink\"><g stroke=\"none\" stroke-width=\"1\" fill=\"none\" fill-rule=\"evenodd\"><\/g><g transform=\"translate(-511.000000, -20.000000)\" fill=\"#000000\"><\/g><g><path d=\"M556.869,30.41 C554.814,30.41 553.148,32.076 553.148,34.131 C553.148,36.186 554.814,37.852 556.869,37.852 C558.924,37.852 560.59,36.186 560.59,34.131 C560.59,32.076 558.924,30.41 556.869,30.41 M541,60.657 C535.114,60.657 530.342,55.887 530.342,50 C530.342,44.114 535.114,39.342 541,39.342 C546.887,39.342 551.658,44.114 551.658,50 C551.658,55.887 546.887,60.657 541,60.657 M541,33.886 C532.1,33.886 524.886,41.1 524.886,50 C524.886,58.899 532.1,66.113 541,66.113 C549.9,66.113 557.115,58.899 557.115,50 C557.115,41.1 549.9,33.886 541,33.886 M565.378,62.101 C565.244,65.022 564.756,66.606 564.346,67.663 C563.803,69.06 563.154,70.057 562.106,71.106 C561.058,72.155 560.06,72.803 558.662,73.347 C557.607,73.757 556.021,74.244 553.102,74.378 C549.944,74.521 548.997,74.552 541,74.552 C533.003,74.552 532.056,74.521 528.898,74.378 C525.979,74.244 524.393,73.757 523.338,73.347 C521.94,72.803 520.942,72.155 519.894,71.106 C518.846,70.057 518.197,69.06 517.654,67.663 C517.244,66.606 516.755,65.022 516.623,62.101 C516.479,58.943 516.448,57.996 516.448,50 C516.448,42.003 516.479,41.056 516.623,37.899 C516.755,34.978 517.244,33.391 517.654,32.338 C518.197,30.938 518.846,29.942 519.894,28.894 C520.942,27.846 521.94,27.196 523.338,26.654 C524.393,26.244 525.979,25.756 528.898,25.623 C532.057,25.479 533.004,25.448 541,25.448 C548.997,25.448 549.943,25.479 553.102,25.623 C556.021,25.756 557.607,26.244 558.662,26.654 C560.06,27.196 561.058,27.846 562.106,28.894 C563.154,29.942 563.803,30.938 564.346,32.338 C564.756,33.391 565.244,34.978 565.378,37.899 C565.522,41.056 565.552,42.003 565.552,50 C565.552,57.996 565.522,58.943 565.378,62.101 M570.82,37.631 C570.674,34.438 570.167,32.258 569.425,30.349 C568.659,28.377 567.633,26.702 565.965,25.035 C564.297,23.368 562.623,22.342 560.652,21.575 C558.743,20.834 556.562,20.326 553.369,20.18 C550.169,20.033 549.148,20 541,20 C532.853,20 531.831,20.033 528.631,20.18 C525.438,20.326 523.257,20.834 521.349,21.575 C519.376,22.342 517.703,23.368 516.035,25.035 C514.368,26.702 513.342,28.377 512.574,30.349 C511.834,32.258 511.326,34.438 511.181,37.631 C511.035,40.831 511,41.851 511,50 C511,58.147 511.035,59.17 511.181,62.369 C511.326,65.562 511.834,67.743 512.574,69.651 C513.342,71.625 514.368,73.296 516.035,74.965 C517.703,76.634 519.376,77.658 521.349,78.425 C523.257,79.167 525.438,79.673 528.631,79.82 C531.831,79.965 532.853,80.001 541,80.001 C549.148,80.001 550.169,79.965 553.369,79.82 C556.562,79.673 558.743,79.167 560.652,78.425 C562.623,77.658 564.297,76.634 565.965,74.965 C567.633,73.296 568.659,71.625 569.425,69.651 C570.167,67.743 570.674,65.562 570.82,62.369 C570.966,59.17 571,58.147 571,50 C571,41.851 570.966,40.831 570.82,37.631\"><\/path><\/g><\/svg><\/div><div style=\"padding-top: 8px;\"> <div style=\" color:#3897f0; font-family:Arial,sans-serif; font-size:14px; font-style:normal; font-weight:550; line-height:18px;\">Ver essa foto no Instagram<\/div><\/div><div style=\"padding: 12.5% 0;\"><\/div> <div style=\"display: flex; flex-direction: row; margin-bottom: 14px; align-items: center;\"><div> <div style=\"background-color: #F4F4F4; border-radius: 50%; height: 12.5px; width: 12.5px; transform: translateX(0px) translateY(7px);\"><\/div> <div style=\"background-color: #F4F4F4; height: 12.5px; transform: rotate(-45deg) translateX(3px) translateY(1px); width: 12.5px; flex-grow: 0; margin-right: 14px; margin-left: 2px;\"><\/div> <div style=\"background-color: #F4F4F4; border-radius: 50%; height: 12.5px; width: 12.5px; transform: translateX(9px) translateY(-18px);\"><\/div><\/div><div style=\"margin-left: 8px;\"> <div style=\" background-color: #F4F4F4; border-radius: 50%; flex-grow: 0; height: 20px; width: 20px;\"><\/div> <div style=\" width: 0; height: 0; border-top: 2px solid transparent; border-left: 6px solid #f4f4f4; border-bottom: 2px solid transparent; transform: translateX(16px) translateY(-4px) rotate(30deg)\"><\/div><\/div><div style=\"margin-left: auto;\"> <div style=\" width: 0px; border-top: 8px solid #F4F4F4; border-right: 8px solid transparent; transform: translateY(16px);\"><\/div> <div style=\" background-color: #F4F4F4; flex-grow: 0; height: 12px; width: 16px; transform: translateY(-4px);\"><\/div> <div style=\" width: 0; height: 0; border-top: 8px solid #F4F4F4; border-left: 8px solid transparent; transform: translateY(-4px) translateX(8px);\"><\/div><\/div><\/div> <div style=\"display: flex; flex-direction: column; flex-grow: 1; justify-content: center; margin-bottom: 24px;\"> <div style=\" background-color: #F4F4F4; border-radius: 4px; flex-grow: 0; height: 14px; margin-bottom: 6px; width: 224px;\"><\/div> <div style=\" background-color: #F4F4F4; border-radius: 4px; flex-grow: 0; height: 14px; width: 144px;\"><\/div><\/div><\/a><p style=\" color:#c9c8cd; font-family:Arial,sans-serif; font-size:14px; line-height:17px; margin-bottom:0; margin-top:8px; overflow:hidden; padding:8px 0 7px; text-align:center; text-overflow:ellipsis; white-space:nowrap;\"><a href=\"https:\/\/www.instagram.com\/reel\/DUQs72eERq2\/?utm_source=ig_embed&amp;utm_campaign=loading\" style=\" color:#c9c8cd; font-family:Arial,sans-serif; font-size:14px; font-style:normal; font-weight:normal; line-height:17px; text-decoration:none;\" target=\"_blank\">Um post compartilhado por Tenente Wallace (@wallace_tenente)<\/a><\/p><\/div><\/blockquote>\n<script async src=\"\/\/www.instagram.com\/embed.js\"><\/script>\n\n\n\n<p class=\"wp-block-paragraph\">Vale lembrar que o governador do Estado j\u00e1 havia confirmado a realiza\u00e7\u00e3o do novo certame para Soldado. A informa\u00e7\u00e3o foi refor\u00e7ada em entrevista ao Podcast &#8216;Fala, Guerreiro&#8221;.<\/p>\n\n\n\n<blockquote class=\"instagram-media\" data-instgrm-captioned data-instgrm-permalink=\"https:\/\/www.instagram.com\/reel\/DJaNXXKyOh2\/?utm_source=ig_embed&amp;utm_campaign=loading\" data-instgrm-version=\"14\" style=\" background:#FFF; border:0; border-radius:3px; box-shadow:0 0 1px 0 rgba(0,0,0,0.5),0 1px 10px 0 rgba(0,0,0,0.15); margin: 1px; max-width:540px; min-width:326px; padding:0; width:99.375%; width:-webkit-calc(100% - 2px); width:calc(100% - 2px);\"><div style=\"padding:16px;\"> <a href=\"https:\/\/www.instagram.com\/reel\/DJaNXXKyOh2\/?utm_source=ig_embed&amp;utm_campaign=loading\" style=\" background:#FFFFFF; line-height:0; padding:0 0; text-align:center; text-decoration:none; width:100%;\" target=\"_blank\"> <div style=\" display: flex; flex-direction: row; align-items: center;\"> <div style=\"background-color: #F4F4F4; border-radius: 50%; flex-grow: 0; height: 40px; margin-right: 14px; width: 40px;\"><\/div> <div style=\"display: flex; flex-direction: column; flex-grow: 1; justify-content: center;\"> <div style=\" background-color: #F4F4F4; border-radius: 4px; flex-grow: 0; height: 14px; margin-bottom: 6px; width: 100px;\"><\/div> <div style=\" background-color: #F4F4F4; border-radius: 4px; flex-grow: 0; height: 14px; width: 60px;\"><\/div><\/div><\/div><div style=\"padding: 19% 0;\"><\/div> <div style=\"display:block; height:50px; margin:0 auto 12px; width:50px;\"><svg width=\"50px\" height=\"50px\" viewBox=\"0 0 60 60\" version=\"1.1\" xmlns=\"https:\/\/www.w3.org\/2000\/svg\" xmlns:xlink=\"https:\/\/www.w3.org\/1999\/xlink\"><g stroke=\"none\" stroke-width=\"1\" fill=\"none\" fill-rule=\"evenodd\"><\/g><g transform=\"translate(-511.000000, -20.000000)\" fill=\"#000000\"><\/g><g><path d=\"M556.869,30.41 C554.814,30.41 553.148,32.076 553.148,34.131 C553.148,36.186 554.814,37.852 556.869,37.852 C558.924,37.852 560.59,36.186 560.59,34.131 C560.59,32.076 558.924,30.41 556.869,30.41 M541,60.657 C535.114,60.657 530.342,55.887 530.342,50 C530.342,44.114 535.114,39.342 541,39.342 C546.887,39.342 551.658,44.114 551.658,50 C551.658,55.887 546.887,60.657 541,60.657 M541,33.886 C532.1,33.886 524.886,41.1 524.886,50 C524.886,58.899 532.1,66.113 541,66.113 C549.9,66.113 557.115,58.899 557.115,50 C557.115,41.1 549.9,33.886 541,33.886 M565.378,62.101 C565.244,65.022 564.756,66.606 564.346,67.663 C563.803,69.06 563.154,70.057 562.106,71.106 C561.058,72.155 560.06,72.803 558.662,73.347 C557.607,73.757 556.021,74.244 553.102,74.378 C549.944,74.521 548.997,74.552 541,74.552 C533.003,74.552 532.056,74.521 528.898,74.378 C525.979,74.244 524.393,73.757 523.338,73.347 C521.94,72.803 520.942,72.155 519.894,71.106 C518.846,70.057 518.197,69.06 517.654,67.663 C517.244,66.606 516.755,65.022 516.623,62.101 C516.479,58.943 516.448,57.996 516.448,50 C516.448,42.003 516.479,41.056 516.623,37.899 C516.755,34.978 517.244,33.391 517.654,32.338 C518.197,30.938 518.846,29.942 519.894,28.894 C520.942,27.846 521.94,27.196 523.338,26.654 C524.393,26.244 525.979,25.756 528.898,25.623 C532.057,25.479 533.004,25.448 541,25.448 C548.997,25.448 549.943,25.479 553.102,25.623 C556.021,25.756 557.607,26.244 558.662,26.654 C560.06,27.196 561.058,27.846 562.106,28.894 C563.154,29.942 563.803,30.938 564.346,32.338 C564.756,33.391 565.244,34.978 565.378,37.899 C565.522,41.056 565.552,42.003 565.552,50 C565.552,57.996 565.522,58.943 565.378,62.101 M570.82,37.631 C570.674,34.438 570.167,32.258 569.425,30.349 C568.659,28.377 567.633,26.702 565.965,25.035 C564.297,23.368 562.623,22.342 560.652,21.575 C558.743,20.834 556.562,20.326 553.369,20.18 C550.169,20.033 549.148,20 541,20 C532.853,20 531.831,20.033 528.631,20.18 C525.438,20.326 523.257,20.834 521.349,21.575 C519.376,22.342 517.703,23.368 516.035,25.035 C514.368,26.702 513.342,28.377 512.574,30.349 C511.834,32.258 511.326,34.438 511.181,37.631 C511.035,40.831 511,41.851 511,50 C511,58.147 511.035,59.17 511.181,62.369 C511.326,65.562 511.834,67.743 512.574,69.651 C513.342,71.625 514.368,73.296 516.035,74.965 C517.703,76.634 519.376,77.658 521.349,78.425 C523.257,79.167 525.438,79.673 528.631,79.82 C531.831,79.965 532.853,80.001 541,80.001 C549.148,80.001 550.169,79.965 553.369,79.82 C556.562,79.673 558.743,79.167 560.652,78.425 C562.623,77.658 564.297,76.634 565.965,74.965 C567.633,73.296 568.659,71.625 569.425,69.651 C570.167,67.743 570.674,65.562 570.82,62.369 C570.966,59.17 571,58.147 571,50 C571,41.851 570.966,40.831 570.82,37.631\"><\/path><\/g><\/svg><\/div><div style=\"padding-top: 8px;\"> <div style=\" color:#3897f0; font-family:Arial,sans-serif; font-size:14px; font-style:normal; font-weight:550; line-height:18px;\">Ver essa foto no Instagram<\/div><\/div><div style=\"padding: 12.5% 0;\"><\/div> <div style=\"display: flex; flex-direction: row; margin-bottom: 14px; align-items: center;\"><div> <div style=\"background-color: #F4F4F4; border-radius: 50%; height: 12.5px; width: 12.5px; transform: translateX(0px) translateY(7px);\"><\/div> <div style=\"background-color: #F4F4F4; height: 12.5px; transform: rotate(-45deg) translateX(3px) translateY(1px); width: 12.5px; flex-grow: 0; margin-right: 14px; margin-left: 2px;\"><\/div> <div style=\"background-color: #F4F4F4; border-radius: 50%; height: 12.5px; width: 12.5px; transform: translateX(9px) translateY(-18px);\"><\/div><\/div><div style=\"margin-left: 8px;\"> <div style=\" background-color: #F4F4F4; border-radius: 50%; flex-grow: 0; height: 20px; width: 20px;\"><\/div> <div style=\" width: 0; height: 0; border-top: 2px solid transparent; border-left: 6px solid #f4f4f4; border-bottom: 2px solid transparent; transform: translateX(16px) translateY(-4px) rotate(30deg)\"><\/div><\/div><div style=\"margin-left: auto;\"> <div style=\" width: 0px; border-top: 8px solid #F4F4F4; border-right: 8px solid transparent; transform: translateY(16px);\"><\/div> <div style=\" background-color: #F4F4F4; flex-grow: 0; height: 12px; width: 16px; transform: translateY(-4px);\"><\/div> <div style=\" width: 0; height: 0; border-top: 8px solid #F4F4F4; border-left: 8px solid transparent; transform: translateY(-4px) translateX(8px);\"><\/div><\/div><\/div> <div style=\"display: flex; flex-direction: column; flex-grow: 1; justify-content: center; margin-bottom: 24px;\"> <div style=\" background-color: #F4F4F4; border-radius: 4px; flex-grow: 0; height: 14px; margin-bottom: 6px; width: 224px;\"><\/div> <div style=\" background-color: #F4F4F4; border-radius: 4px; flex-grow: 0; height: 14px; width: 144px;\"><\/div><\/div><\/a><p style=\" color:#c9c8cd; font-family:Arial,sans-serif; font-size:14px; line-height:17px; margin-bottom:0; margin-top:8px; overflow:hidden; padding:8px 0 7px; text-align:center; text-overflow:ellipsis; white-space:nowrap;\"><a href=\"https:\/\/www.instagram.com\/reel\/DJaNXXKyOh2\/?utm_source=ig_embed&amp;utm_campaign=loading\" style=\" color:#c9c8cd; font-family:Arial,sans-serif; font-size:14px; font-style:normal; font-weight:normal; line-height:17px; text-decoration:none;\" target=\"_blank\">Uma publica\u00e7\u00e3o compartilhada por Cla\u0301udio Castro (@claudiocastrorj)<\/a><\/p><\/div><\/blockquote>\n<script async src=\"\/\/www.instagram.com\/embed.js\"><\/script>\n\n\n\n<h2 id=\"novo-edital-oficial\" class=\"wp-block-heading has-cyan-bluish-gray-background-color has-background\">Concurso PMERJ: edital Oficial (2024)<\/h2>\n\n\n\n<p class=\"wp-block-paragraph\">Veja abaixo as informa\u00e7\u00f5es mais importantes sobre o Concurso PMERJ:<\/p>\n\n\n\n<h3 id=\"cargos-oficial\" class=\"wp-block-heading\">Cargos e vagas do concurso PMERJ Oficial<\/h3>\n\n\n\n<p class=\"wp-block-paragraph\"><strong>N\u00edvel superior<\/strong><\/p>\n\n\n\n<figure class=\"wp-block-table is-style-stripes\"><table class=\"has-cyan-bluish-gray-background-color has-background has-fixed-layout\"><thead><tr><th class=\"has-text-align-center\" data-align=\"center\">Cargo<\/th><th class=\"has-text-align-center\" data-align=\"center\">Ampla concorr\u00eancia<\/th><th class=\"has-text-align-center\" data-align=\"center\">Negros e ind\u00edgenas<\/th><th class=\"has-text-align-center\" data-align=\"center\">Hipossuficientes<\/th><th class=\"has-text-align-center\" data-align=\"center\">Sal\u00e1rio inicial<\/th><\/tr><\/thead><tbody><tr><td class=\"has-text-align-center\" data-align=\"center\">Oficial da PM (QOPM)<\/td><td class=\"has-text-align-center\" data-align=\"center\">70<\/td><td class=\"has-text-align-center\" data-align=\"center\">20<\/td><td class=\"has-text-align-center\" data-align=\"center\">10<\/td><td class=\"has-text-align-center\" data-align=\"center\">R$ 10.348,18 (2\u00ba Tenente)<\/td><\/tr><\/tbody><\/table><figcaption class=\"wp-element-caption\">Cargo, vagas e sal\u00e1rios<\/figcaption><\/figure>\n\n\n\n<figure class=\"wp-block-image aligncenter size-full\"><img loading=\"lazy\" decoding=\"async\" width=\"870\" height=\"188\" src=\"https:\/\/dhg1h5j42swfq.cloudfront.net\/2024\/04\/19235212\/image-450.png\" alt=\"remunera\u00e7\u00e3o do concurso PMERJ Oficial 2024\" class=\"wp-image-1387351\" srcset=\"https:\/\/dhg1h5j42swfq.cloudfront.net\/2024\/04\/19235212\/image-450.png 870w, https:\/\/dhg1h5j42swfq.cloudfront.net\/2024\/04\/19235212\/image-450-300x65.png 300w, https:\/\/dhg1h5j42swfq.cloudfront.net\/2024\/04\/19235212\/image-450-768x166.png 768w, https:\/\/dhg1h5j42swfq.cloudfront.net\/2024\/04\/19235212\/image-450-610x132.png 610w, https:\/\/dhg1h5j42swfq.cloudfront.net\/2024\/04\/19235212\/image-450-150x32.png 150w\" sizes=\"auto, (max-width: 870px) 100vw, 870px\" \/><figcaption class=\"wp-element-caption\">Quadro de remunera\u00e7\u00f5es por cargo do certame PMERJ<\/figcaption><\/figure>\n\n\n\n<h3 id=\"etapas-oficial\" class=\"wp-block-heading\">Etapas e provas do concurso Pol\u00edcia Militar RJ<\/h3>\n\n\n\n<p class=\"wp-block-paragraph\">Os candidatos do concurso PMERJ foram avaliados por meio das seguintes etapas!<\/p>\n\n\n\n<ul class=\"wp-block-list\">\n<li><strong>1\u00aa Etapa: Prova Objetiva<\/strong>, de car\u00e1ter classificat\u00f3rio e eliminat\u00f3rio;<\/li>\n\n\n\n<li><strong>2\u00aa Etapa: Prova Discursiva<\/strong>, de car\u00e1ter classificat\u00f3rio e eliminat\u00f3rio;<\/li>\n\n\n\n<li><strong>3\u00aa Etapa: Preenchimento da FIC e verifica\u00e7\u00e3o de requisitos para inscri\u00e7\u00e3o, <\/strong>de car\u00e1ter eliminat\u00f3rio;<\/li>\n\n\n\n<li><strong>4\u00aa Etapa: Exame Antropom\u00e9trico, <\/strong>de car\u00e1ter eliminat\u00f3rio;<\/li>\n\n\n\n<li><strong>5\u00aa Etapa: Teste de Aptid\u00e3o F\u00edsica, <\/strong>de car\u00e1ter eliminat\u00f3rio;<\/li>\n\n\n\n<li><strong>6\u00aa Etapa: Exame Psicol\u00f3gico,<\/strong> de car\u00e1ter eliminat\u00f3rio,;<\/li>\n\n\n\n<li><strong>7\u00aa Etapa: Exame de Sa\u00fade,<\/strong> de car\u00e1ter eliminat\u00f3rio;<\/li>\n\n\n\n<li><strong>8\u00aa Etapa: Exame Social e Toxicol\u00f3gico,<\/strong> de car\u00e1ter eliminat\u00f3rio; e<\/li>\n\n\n\n<li><strong>9\u00aa Etapa: Avalia\u00e7\u00e3o Documental,<\/strong> de car\u00e1ter eliminat\u00f3rio.<\/li>\n<\/ul>\n\n\n\n<h4 id=\"prova-objetiva\" class=\"wp-block-heading\">Prova Objetiva<\/h4>\n\n\n\n<p class=\"wp-block-paragraph\">A prova objetiva foi aplicada na data de <strong>14 de julho<\/strong>, no per\u00edodo da tarde (13h \u00e0s 18h). A avalia\u00e7\u00e3o foi composta de <strong>80 quest\u00f5es<\/strong> de m\u00faltipla escolha, com cinco alternativas de resposta, assim distribu\u00eddas:<\/p>\n\n\n\n<ul class=\"wp-block-list\">\n<li>Direito Administrativo: 15 quest\u00f5es<\/li>\n\n\n\n<li>Direito Constitucional: 15 quest\u00f5es<\/li>\n\n\n\n<li>Direito Penal: 15 quest\u00f5es<\/li>\n\n\n\n<li>Direito Processual Penal: 15 quest\u00f5es<\/li>\n\n\n\n<li>Direito Penal Militar: 10 quest\u00f5es<\/li>\n\n\n\n<li>Direitos Humanos: 10 quest\u00f5es<\/li>\n<\/ul>\n\n\n\n<p class=\"wp-block-paragraph\">Foi considerado aprovado o candidato que obteve, concomitantemente, no m\u00ednimo 40 pontos da prova objetiva e n\u00e3o zerou em nenhuma das disciplinas.<\/p>\n\n\n\n<h4 id=\"h-prova-discursiva\" class=\"wp-block-heading\">Prova Discursiva<\/h4>\n\n\n\n<p class=\"wp-block-paragraph\">A prova discursiva do concurso PMERJ Oficial foi aplicada em<strong> 15 de setembro<\/strong>, com dura\u00e7\u00e3o de 3 horas. A avalia\u00e7\u00e3o abordou os conte\u00fados de Direito Administrativo, Direito Constitucional, Direito Penal e Processual Penal.<\/p>\n\n\n\n<p class=\"wp-block-paragraph\">A etapa foi avaliada em 20 pontos no m\u00e1ximo e conteve 4 quest\u00f5es dissertativas de at\u00e9 30 linhas, com valor m\u00e1ximo de 5 pontos. Foi aprovado o candidato que obteve 50% de acertos em cada quest\u00e3o.<\/p>\n\n\n\n<h4 id=\"avaliacao-de-titulos\" class=\"wp-block-heading\">Teste de Aptid\u00e3o F\u00edsica<\/h4>\n\n\n\n<p class=\"wp-block-paragraph\">O Teste de Aptid\u00e3o F\u00edsica (<a href=\"https:\/\/www.estrategiaconcursos.com.br\/blog\/preparacao-teste-aptidao-fisica\/\" target=\"_blank\" rel=\"noreferrer noopener\">TAF<\/a>) do concurso PMERJ Oficial foi composto pelos seguintes exerc\u00edcios:<\/p>\n\n\n\n<ul class=\"wp-block-list\">\n<li><strong><span style=\"text-decoration: underline;\">CANDIDATOS DO SEXO MASCULINO<\/span><\/strong>\n<ul class=\"wp-block-list\">\n<li>I &#8211; Teste de Flex\u00e3o Abdominal: &gt; ou = 36 repeti\u00e7\u00f5es em 60 segundos;<\/li>\n\n\n\n<li>II &#8211; Teste de flex\u00e3o em barra fixa: &gt; ou = 3 repeti\u00e7\u00f5es; e<\/li>\n\n\n\n<li>III &#8211; Corrida de 2.400m: &lt; ou = 12 minutos.<\/li>\n<\/ul>\n<\/li>\n<\/ul>\n\n\n\n<ul class=\"wp-block-list\">\n<li><strong><span style=\"text-decoration: underline;\">CANDIDATAS DO SEXO FEMININO<\/span><\/strong>\n<ul class=\"wp-block-list\">\n<li>I &#8211; Teste de Flex\u00e3o Abdominal: &gt; ou = 26 repeti\u00e7\u00f5es em 60 segundos;<\/li>\n\n\n\n<li>II &#8211; Teste de Tempo de suspens\u00e3o em barra fixa: &gt; ou = 8 segundos; e<\/li>\n\n\n\n<li>III &#8211; Corrida de 2.400m: &lt; ou = 14 minutos.<\/li>\n<\/ul>\n<\/li>\n<\/ul>\n\n\n\n<h2 id=\"h-concurso-pmerj-edital-para-soldado-2023\" class=\"wp-block-heading has-cyan-bluish-gray-background-color has-background\">Concurso PMERJ: edital para Soldado (2023)<\/h2>\n\n\n\n<h3 id=\"h-banca-organizadora\" class=\"wp-block-heading\">Banca organizadora<\/h3>\n\n\n\n<p class=\"wp-block-paragraph\">Ap\u00f3s a rescis\u00e3o do contrato com a banca IBADE, a Funda\u00e7\u00e3o Getulio Vargas (FGV) foi definida como nova organizadora da sele\u00e7\u00e3o para <strong>reaplica\u00e7\u00e3o das provas Soldado<\/strong>. <\/p>\n\n\n\n<p class=\"wp-block-paragraph\">O edital foi republicado e a sele\u00e7\u00e3o teve suas provas reaplicadas, sem reabertura de inscri\u00e7\u00f5es.<\/p>\n\n\n\n<figure class=\"wp-block-image aligncenter size-full\"><img loading=\"lazy\" decoding=\"async\" width=\"392\" height=\"369\" src=\"https:\/\/dhg1h5j42swfq.cloudfront.net\/2023\/12\/04090330\/image-1-1.png\" alt=\"FGV \u00e9 a nova banca para Soldado do Concurso PMERJ 2023\" class=\"wp-image-1315618\" srcset=\"https:\/\/dhg1h5j42swfq.cloudfront.net\/2023\/12\/04090330\/image-1-1.png 392w, https:\/\/dhg1h5j42swfq.cloudfront.net\/2023\/12\/04090330\/image-1-1-300x282.png 300w, https:\/\/dhg1h5j42swfq.cloudfront.net\/2023\/12\/04090330\/image-1-1-150x141.png 150w\" sizes=\"auto, (max-width: 392px) 100vw, 392px\" \/><figcaption class=\"wp-element-caption\">FGV \u00e9 a nova banca para Soldado<\/figcaption><\/figure>\n\n\n\n<ul class=\"wp-block-list\">\n<li><strong><a href=\"https:\/\/dhg1h5j42swfq.cloudfront.net\/2023\/11\/17153750\/tr-cfsd-pmerj.pdf\" target=\"_blank\" rel=\"noreferrer noopener nofollow\">Confira o termo de refer\u00eancia<\/a><\/strong><\/li>\n\n\n\n<li><a href=\"https:\/\/dhg1h5j42swfq.cloudfront.net\/2024\/01\/09091856\/2a-retificacao-pmerj-2024-revisada_drsp_versao_final_doerj.pdf\" target=\"_blank\" rel=\"noreferrer noopener nofollow\"><strong>Confira o edital de retifica\u00e7\u00e3o &#8211; FGV<\/strong><\/a><\/li>\n<\/ul>\n\n\n\n<h3 id=\"cargos-vagas-soldado\" class=\"wp-block-heading\">Cargos e vagas do concurso PMERJ<\/h3>\n\n\n\n<figure class=\"wp-block-table is-style-stripes\"><table class=\"has-very-light-gray-to-cyan-bluish-gray-gradient-background has-background has-fixed-layout\"><thead><tr><th class=\"has-text-align-center\" data-align=\"center\">CARGO<\/th><th class=\"has-text-align-center\" data-align=\"center\">VAGAS<\/th><th class=\"has-text-align-center\" data-align=\"center\">SAL\u00c1RIO<\/th><\/tr><\/thead><tbody><tr><td class=\"has-text-align-center\" data-align=\"center\">Soldado<\/td><td class=\"has-text-align-center\" data-align=\"center\">4.000 (ampliadas)<\/td><td class=\"has-text-align-center\" data-align=\"center\">R$ 5.233,88<\/td><\/tr><\/tbody><\/table><figcaption class=\"wp-element-caption\">Quadro de vagas do concurso PMERJ<\/figcaption><\/figure>\n\n\n\n<figure class=\"wp-block-image aligncenter size-full\"><img loading=\"lazy\" decoding=\"async\" width=\"921\" height=\"115\" src=\"https:\/\/dhg1h5j42swfq.cloudfront.net\/2024\/01\/09090502\/image-166.png\" alt=\"Quadro de vagas do edital PMERJ para Soldado 2023\" class=\"wp-image-1332247\" srcset=\"https:\/\/dhg1h5j42swfq.cloudfront.net\/2024\/01\/09090502\/image-166.png 921w, https:\/\/dhg1h5j42swfq.cloudfront.net\/2024\/01\/09090502\/image-166-300x37.png 300w, https:\/\/dhg1h5j42swfq.cloudfront.net\/2024\/01\/09090502\/image-166-768x96.png 768w, https:\/\/dhg1h5j42swfq.cloudfront.net\/2024\/01\/09090502\/image-166-610x76.png 610w, https:\/\/dhg1h5j42swfq.cloudfront.net\/2024\/01\/09090502\/image-166-150x19.png 150w\" sizes=\"auto, (max-width: 921px) 100vw, 921px\" \/><figcaption class=\"wp-element-caption\">Quadro de vagas do edital republicado PMERJ para Soldado<\/figcaption><\/figure>\n\n\n\n<p class=\"wp-block-paragraph\"><strong><span style=\"text-decoration: underline;\">Quais os principais requisitos?<\/span><\/strong><\/p>\n\n\n\n<ul class=\"wp-block-list\">\n<li>Ter a idade m\u00ednima de 18 anos completos e a idade m\u00e1xima de 32 anos, at\u00e9 o primeiro dia para o ato de inscri\u00e7\u00e3o no concurso;<\/li>\n\n\n\n<li>Ter conclu\u00eddo a forma\u00e7\u00e3o em n\u00edvel m\u00e9dio em Institui\u00e7\u00e3o de Ensino reconhecida pelo MEC, apresentando o Diploma ou certid\u00e3o de conclus\u00e3o acompanhada do hist\u00f3rico escolar, expedidos por institui\u00e7\u00e3o cujo curso seja devidamente reconhecido pelo MEC;<\/li>\n\n\n\n<li>Possuir Carteira Nacional de Habilita\u00e7\u00e3o (CNH), exceto somente Categoria \u201cA\u201d.<\/li>\n<\/ul>\n\n\n\n<h3 id=\"demanda\" class=\"wp-block-heading\">Demanda de inscritos<\/h3>\n\n\n\n<p class=\"wp-block-paragraph\">A sele\u00e7\u00e3o registrou quase 120 mil inscri\u00e7\u00f5es. Veja abaixo os n\u00fameros na \u00edntegra:<\/p>\n\n\n\n<figure class=\"wp-block-image aligncenter size-full\"><img loading=\"lazy\" decoding=\"async\" width=\"852\" height=\"138\" src=\"https:\/\/dhg1h5j42swfq.cloudfront.net\/2024\/01\/09101115\/image-169.png\" alt=\"Concurso PMERJ 2023 registra quase 120 mil inscri\u00e7\u00f5es para Soldado\" class=\"wp-image-1332291\" srcset=\"https:\/\/dhg1h5j42swfq.cloudfront.net\/2024\/01\/09101115\/image-169.png 852w, https:\/\/dhg1h5j42swfq.cloudfront.net\/2024\/01\/09101115\/image-169-300x49.png 300w, https:\/\/dhg1h5j42swfq.cloudfront.net\/2024\/01\/09101115\/image-169-768x124.png 768w, https:\/\/dhg1h5j42swfq.cloudfront.net\/2024\/01\/09101115\/image-169-610x99.png 610w, https:\/\/dhg1h5j42swfq.cloudfront.net\/2024\/01\/09101115\/image-169-150x24.png 150w\" sizes=\"auto, (max-width: 852px) 100vw, 852px\" \/><figcaption class=\"wp-element-caption\">Concurso PMERJ registra quase 120 mil inscri\u00e7\u00f5es<\/figcaption><\/figure>\n\n\n\n<h3 id=\"etapas-soldado\" class=\"wp-block-heading\">Etapas do concurso PMERJ<\/h3>\n\n\n\n<p class=\"wp-block-paragraph\">O concurso foi constitu\u00eddo pelas seguintes etapas:<\/p>\n\n\n\n<ol class=\"wp-block-list\">\n<li>Prova Escrita Objetiva &#8211; de car\u00e1ter Classificat\u00f3rio e Eliminat\u00f3rio; <\/li>\n\n\n\n<li>Prova Escrita Discursiva (Reda\u00e7\u00e3o) &#8211; de car\u00e1ter Classificat\u00f3rio e Eliminat\u00f3rio; <\/li>\n\n\n\n<li>Preenchimento do FIC e verifica\u00e7\u00e3o dos requisitos para inscri\u00e7\u00e3o no Concurso P\u00fablico &#8211; de car\u00e1ter Eliminat\u00f3rio;<\/li>\n\n\n\n<li>Exame Antropom\u00e9trico &#8211; de car\u00e1ter Eliminat\u00f3rio; <\/li>\n\n\n\n<li>Teste de Aptid\u00e3o F\u00edsica &#8211; de car\u00e1ter Eliminat\u00f3rio;<\/li>\n\n\n\n<li>Exame Psicol\u00f3gico &#8211; de car\u00e1ter Eliminat\u00f3rio;<\/li>\n\n\n\n<li>Exame de Sa\u00fade &#8211; de car\u00e1ter Eliminat\u00f3rio;<\/li>\n\n\n\n<li>Exame Social e Toxicol\u00f3gico &#8211; de car\u00e1ter Eliminat\u00f3rio;<\/li>\n\n\n\n<li>Avalia\u00e7\u00e3o Documental &#8211; de car\u00e1ter Eliminat\u00f3rio.<\/li>\n<\/ol>\n\n\n\n<h4 id=\"h-prova-objetiva\" class=\"wp-block-heading\">Prova Objetiva <\/h4>\n\n\n\n<p class=\"wp-block-paragraph\">A <strong>prova objetiva<\/strong> foi composta por 50 quest\u00f5es de m\u00faltipla escolha, com quatro alternativas. O exame teve dura\u00e7\u00e3o total de 3 horas, aplicada no turno vespertino. <\/p>\n\n\n\n<p class=\"wp-block-paragraph\"><strong><span style=\"text-decoration: underline;\">Disciplinas cobradas<\/span><\/strong><\/p>\n\n\n\n<ul class=\"wp-block-list\">\n<li>L\u00edngua Portuguesa;<\/li>\n\n\n\n<li>Matem\u00e1tica b\u00e1sica;<\/li>\n\n\n\n<li>No\u00e7\u00f5es de Direitos Humanos;<\/li>\n\n\n\n<li>No\u00e7\u00f5es de Direito Administrativo e Legisla\u00e7\u00e3o Aplicada \u00e0 PMERJ; e<\/li>\n\n\n\n<li>No\u00e7\u00f5es de Direito Penal e Processual Penal. <\/li>\n<\/ul>\n\n\n\n<h4 id=\"h-prova-discursiva-0\" class=\"wp-block-heading\">Prova Discursiva <\/h4>\n\n\n\n<p class=\"wp-block-paragraph\">A etapa consistiu na reda\u00e7\u00e3o de um texto dissertativo, de 25 a 30 linhas, desenvolvida em formul\u00e1rio espec\u00edfico (Folha de Resposta), personalizado. Para efeito de avalia\u00e7\u00e3o, foram considerados os elementos abaixo:<\/p>\n\n\n\n<ul class=\"wp-block-list\">\n<li><strong>Aspecto Formal<\/strong> &#8211; Dom\u00ednio da norma culta da l\u00edngua, no seu registro formal; pontua\u00e7\u00e3o, ortografia, concord\u00e2ncia, reg\u00eancia, uso adequado de pronomes, emprego de tempos e modos verbais;<\/li>\n\n\n\n<li><strong>Aspecto Textual<\/strong> &#8211; Respeito \u00e0 estrutura da tipologia textual solicitada, paragrafa\u00e7\u00e3o; uso adequado de conectivos e elementos anaf\u00f3ricos, observ\u00e2ncia da estrutura sint\u00e1tico-sem\u00e2ntica dos per\u00edodos;<\/li>\n\n\n\n<li><strong>Aspecto T\u00e9cnico<\/strong> &#8211; Atendimento \u00e0 proposta tem\u00e1tica, sele\u00e7\u00e3o e organiza\u00e7\u00e3o de argumentos consistentes que fundamentem a tese, progress\u00e3o tem\u00e1tica coerente, propriedade vocabular, clareza, apropria\u00e7\u00e3o produtiva e autoral do recorte tem\u00e1tico.<\/li>\n<\/ul>\n\n\n\n<h4 id=\"h-teste-de-aptidao-fisica-taf\" class=\"wp-block-heading\">Teste de Aptid\u00e3o F\u00edsica (TAF)<\/h4>\n\n\n\n<p class=\"wp-block-paragraph\"><strong>Candidatos do sexo masculino<\/strong><\/p>\n\n\n\n<ul class=\"wp-block-list\">\n<li>I &#8211; Flex\u00e3o Abdominal: 36 repeti\u00e7\u00f5es em 60 segundos;<\/li>\n\n\n\n<li>II &#8211; Flex\u00e3o em barra fixa: 03 repeti\u00e7\u00f5es;<\/li>\n\n\n\n<li>II &#8211; Corrida de 2.400m: em at\u00e9 12 minutos e 00 segundos.<\/li>\n<\/ul>\n\n\n\n<p class=\"wp-block-paragraph\"><strong>Candidatas do sexo feminino<\/strong><\/p>\n\n\n\n<ul class=\"wp-block-list\">\n<li>I &#8211; Flex\u00e3o Abdominal: 26 repeti\u00e7\u00f5es em at\u00e9 60 segundos;<\/li>\n\n\n\n<li>II &#8211; Isometria na barra fixa com os cotovelos flexionados: perman\u00eancia m\u00ednima em suspens\u00e3o de 08 segundos;<\/li>\n\n\n\n<li>III &#8211; Corrida de 2.400m: em at\u00e9 14 minutos e 00 segundos.<\/li>\n<\/ul>\n\n\n\n<h2 id=\"carreira-policial-pmerj\" class=\"wp-block-heading has-cyan-bluish-gray-background-color has-background\">Concurso PMERJ: sobre a carreira Policial <\/h2>\n\n\n\n<h3 id=\"requisitos\" class=\"wp-block-heading\">Principais requisitos<\/h3>\n\n\n\n<p class=\"wp-block-paragraph\"><strong><span style=\"text-decoration: underline;\">Soldado<\/span><\/strong><\/p>\n\n\n\n<ul class=\"wp-block-list\">\n<li>ter conclu\u00eddo a forma\u00e7\u00e3o em n\u00edvel m\u00e9dio em Institui\u00e7\u00e3o de Ensino reconhecida pelo MEC, apresentando o Diploma ou certid\u00e3o de conclus\u00e3o acompanhada do hist\u00f3rico escolar, expedidos por institui\u00e7\u00e3o cujo curso seja devidamente reconhecido pelo MEC;<\/li>\n\n\n\n<li>possuir Carteira Nacional de Habilita\u00e7\u00e3o (CNH), exceto somente Categoria &#8220;A&#8221;;<\/li>\n\n\n\n<li>altura m\u00ednima de 1,65m (homens) e 1,60m (mulheres).<\/li>\n<\/ul>\n\n\n\n<p class=\"wp-block-paragraph\"><span style=\"text-decoration: underline;\"><strong>Oficial<\/strong><\/span><\/p>\n\n\n\n<ul class=\"wp-block-list\">\n<li>n\u00edvel superior de escolaridade, com forma\u00e7\u00e3o espec\u00edfica de Bacharel em Direito;<\/li>\n\n\n\n<li>idade m\u00ednima de 18 anos&nbsp;(at\u00e9 a data da matr\u00edcula no Curso de Forma\u00e7\u00e3o) e m\u00e1xima de 32 anos de idade no ato da inscri\u00e7\u00e3o; e<\/li>\n\n\n\n<li>estatura m\u00ednima de&nbsp;1,65m (se homem) e 1,60m (se mulher).<\/li>\n<\/ul>\n\n\n\n<h3 id=\"salarial\" class=\"wp-block-heading\">Remunera\u00e7\u00f5es<\/h3>\n\n\n\n<figure class=\"wp-block-image aligncenter size-full\"><img loading=\"lazy\" decoding=\"async\" width=\"860\" height=\"771\" src=\"https:\/\/dhg1h5j42swfq.cloudfront.net\/2023\/06\/21171537\/image-246.png\" alt=\"Tabela de remunera\u00e7\u00e3o\" class=\"wp-image-1236675\" srcset=\"https:\/\/dhg1h5j42swfq.cloudfront.net\/2023\/06\/21171537\/image-246.png 860w, https:\/\/dhg1h5j42swfq.cloudfront.net\/2023\/06\/21171537\/image-246-300x269.png 300w, https:\/\/dhg1h5j42swfq.cloudfront.net\/2023\/06\/21171537\/image-246-768x689.png 768w, https:\/\/dhg1h5j42swfq.cloudfront.net\/2023\/06\/21171537\/image-246-610x547.png 610w, https:\/\/dhg1h5j42swfq.cloudfront.net\/2023\/06\/21171537\/image-246-150x134.png 150w\" sizes=\"auto, (max-width: 860px) 100vw, 860px\" \/><figcaption class=\"wp-element-caption\">Tabela de remunera\u00e7\u00e3o da PMERJ<\/figcaption><\/figure>\n\n\n\n<h3 id=\"atri\" class=\"wp-block-heading\">Atribui\u00e7\u00f5es dos cargos da PMERJ<\/h3>\n\n\n\n<p class=\"wp-block-paragraph\"><span style=\"text-decoration: underline;\"><strong>Soldado<\/strong><\/span><\/p>\n\n\n\n<ul class=\"wp-block-list\">\n<li>realizar servi\u00e7o de policiamento ostensivo, incluindo montado, motorizado, embarcado e a p\u00e9;<\/li>\n\n\n\n<li>executar opera\u00e7\u00f5es policiais in loco, em todos os tipos de terreno, incluindo terra, ar e \u00e1gua com a utiliza\u00e7\u00e3o de equipamentos militares, incluindo \u00e1reas de risco e de dif\u00edcil acesso;<\/li>\n\n\n\n<li>executar o policiamento ostensivo, reservado e velado;<\/li>\n\n\n\n<li>exercer fun\u00e7\u00f5es nos diversos setores das Unidades Operacionais e Administrativas da SEPM cujas atividades se referem \u00e0 execu\u00e7\u00e3o de a\u00e7\u00f5es e Opera\u00e7\u00f5es, sob supervis\u00e3o de Oficial PM;<\/li>\n\n\n\n<li>pautar suas a\u00e7\u00f5es em preceitos \u00e9ticos, t\u00e9cnicos e legais;<\/li>\n\n\n\n<li>auxiliar o Oficial PM nos assuntos relacionados \u00e0 sua \u00e1rea espec\u00edfica;<\/li>\n\n\n\n<li>auxiliar na organiza\u00e7\u00e3o dos recursos materiais e log\u00edsticos;<\/li>\n\n\n\n<li>desenvolver processos e procedimentos administrativos;<\/li>\n\n\n\n<li>atentar para o cumprimento de legisla\u00e7\u00f5es, normas, regimentos internos e externos \u00e0 Corpora\u00e7\u00e3o, incluindo as legisla\u00e7\u00f5es aplicadas \u00e0s pol\u00edcias militares;<\/li>\n\n\n\n<li>executar as legisla\u00e7\u00f5es, normas, regimentos internos e externos aplicados \u00e0 gradua\u00e7\u00e3o de Soldado Policial Militar;<\/li>\n\n\n\n<li>executar as demais atribui\u00e7\u00f5es dos regimentos internos e protocolos da Organiza\u00e7\u00e3o Policial Militar da SEPM, em subordina\u00e7\u00e3o ao Comando da Unidade.<\/li>\n<\/ul>\n\n\n\n<p class=\"wp-block-paragraph\"><span style=\"text-decoration: underline;\"><strong>Oficial<\/strong><\/span><\/p>\n\n\n\n<ul class=\"wp-block-list\">\n<li>realizar servi\u00e7o de policiamento ostensivo, incluindo montado, motorizado, embarcado e a p\u00e9;<\/li>\n\n\n\n<li>comandar efetivo militar e tropa;<\/li>\n\n\n\n<li>comandar opera\u00e7\u00f5es policiais in loco, em todos os tipos de terreno, incluindo terra, ar e \u00e1gua com a utiliza\u00e7\u00e3o de equipamentos militares, bem como em \u00e1reas de risco e de dif\u00edcil acesso;<\/li>\n\n\n\n<li>executar o servi\u00e7o de supervis\u00e3o da tropa;<\/li>\n\n\n\n<li>coordenar o policiamento ostensivo, reservado e velado;<\/li>\n\n\n\n<li>participar do planejamento de a\u00e7\u00f5es e opera\u00e7\u00f5es;<\/li>\n\n\n\n<li>pautar suas a\u00e7\u00f5es em preceitos \u00e9ticos, t\u00e9cnicos e legais;<\/li>\n\n\n\n<li>assessorar o comando nos assuntos relacionados \u00e0 sua \u00e1rea espec\u00edfica;<\/li>\n\n\n\n<li>gerenciar recursos humanos e log\u00edsticos;<\/li>\n\n\n\n<li>desenvolver processos e procedimentos administrativos;<\/li>\n\n\n\n<li>operar a legisla\u00e7\u00e3o, normas e regimentos internos e externos \u00e0 Corpora\u00e7\u00e3o, incluindo a legisla\u00e7\u00e3o espec\u00edfica aplicada \u00e0s Pol\u00edcias Militares;<\/li>\n\n\n\n<li>opera\u00e7\u00e3o de legisla\u00e7\u00e3o, normas e regimentos internos aplicados \u00e0s fun\u00e7\u00f5es inerentes ao cargo de<\/li>\n\n\n\n<li>Oficial QOPM;<\/li>\n\n\n\n<li>exerc\u00edcio de atividade jurisdicional no \u00e2mbito da Justi\u00e7a Militar;<\/li>\n\n\n\n<li>condu\u00e7\u00e3o de processos administrativos disciplinares;<\/li>\n\n\n\n<li>condu\u00e7\u00e3o de inqu\u00e9ritos policiais militares e de procedimentos administrativos inerentes ao cargo.<\/li>\n<\/ul>\n\n\n\n<h2 id=\"ultimos\" class=\"wp-block-heading has-cyan-bluish-gray-background-color has-background\">Concurso PMERJ: \u00faltimos editais<\/h2>\n\n\n\n<h3 id=\"edital-oficial-2021\" class=\"wp-block-heading has-very-light-gray-to-cyan-bluish-gray-gradient-background has-background\">Edital Oficial &#8211; 2021<\/h3>\n\n\n\n<ul class=\"wp-block-list\">\n<li><strong>Data<\/strong>: 2021<\/li>\n\n\n\n<li><strong>Vagas<\/strong>: 32<\/li>\n\n\n\n<li><strong>Banca<\/strong>: <a href=\"https:\/\/conhecimento.fgv.br\/concursos\/pmerj21\" target=\"_blank\" rel=\"noreferrer noopener\">FGV<\/a><\/li>\n\n\n\n<li><strong>\u00daltimo edital<\/strong>: <a href=\"https:\/\/dhg1h5j42swfq.cloudfront.net\/2021\/06\/25132531\/cfo_2021_versao_final_24_06_21.pdf\" target=\"_blank\" rel=\"noreferrer noopener nofollow\">CFO &#8211; 2021<\/a><\/li>\n<\/ul>\n\n\n\n<h4 id=\"vagas-oficial\" class=\"wp-block-heading\">Vagas ofertadas<\/h4>\n\n\n\n<figure class=\"wp-block-table is-style-stripes\"><table class=\"has-very-light-gray-to-cyan-bluish-gray-gradient-background has-background has-fixed-layout\"><thead><tr><th class=\"has-text-align-center\" data-align=\"center\">CARGO<\/th><th class=\"has-text-align-center\" data-align=\"center\">VAGAS AC<\/th><th class=\"has-text-align-center\" data-align=\"center\">VAGAS NEGROS<\/th><th class=\"has-text-align-center\" data-align=\"center\">VAGAS HIPOSSUFICIENTES<\/th><\/tr><\/thead><tbody><tr><td class=\"has-text-align-center\" data-align=\"center\">Quadro de Oficiais<\/td><td class=\"has-text-align-center\" data-align=\"center\">23<\/td><td class=\"has-text-align-center\" data-align=\"center\">06<\/td><td class=\"has-text-align-center\" data-align=\"center\">03<\/td><\/tr><\/tbody><\/table><figcaption class=\"wp-element-caption\">Concurso PMERJ: Quadro de vagas para Oficiais<\/figcaption><\/figure>\n\n\n\n<p class=\"wp-block-paragraph\"><strong>Sal\u00e1rios<\/strong>:<\/p>\n\n\n\n<ul class=\"wp-block-list\">\n<li>Vencimento inicial (Aluno Oficial PM): R$ 3.146,42;<\/li>\n\n\n\n<li>Vencimento inicial (Aspirante-a-Oficial PM): R$ 5.947,78;<\/li>\n\n\n\n<li>Vencimento inicial (2\u00ba Tenente PM): <strong>R$ 7.051,94<\/strong>.<\/li>\n<\/ul>\n\n\n\n<p class=\"wp-block-paragraph\"><strong>Validade<\/strong>:<\/p>\n\n\n\n<p class=\"wp-block-paragraph\">A validade do concurso PMERJ ser\u00e1 de 60 dias, a contar da homologa\u00e7\u00e3o do mesmo, com a publica\u00e7\u00e3o da listagem de aprovados e classificados para matr\u00edcula no 1\u00ba ano do Curso de Forma\u00e7\u00e3o de Oficiais da PMERJ\/CFO, em Di\u00e1rio Oficial do Estado do Rio de Janeiro (DOERJ).<\/p>\n\n\n\n<ul class=\"wp-block-list\">\n<li><a href=\"https:\/\/dhg1h5j42swfq.cloudfront.net\/2022\/05\/03091429\/diariooficial-24-27.pdf\" target=\"_blank\" rel=\"noreferrer noopener nofollow\">Resultado final (1\u00aa lista)<\/a><\/li>\n\n\n\n<li><a href=\"https:\/\/dhg1h5j42swfq.cloudfront.net\/2022\/06\/30101807\/diariooficial-pmerj-65.pdf\" target=\"_blank\" rel=\"noreferrer noopener nofollow\">Resultado final (2\u00aa lista)<\/a><\/li>\n<\/ul>\n\n\n\n<h4 id=\"etapas-oficial\" class=\"wp-block-heading\">Etapas e provas do concurso de 2021<\/h4>\n\n\n\n<p class=\"wp-block-paragraph\">Os candidatos do concurso PMERJ 2021 para Oficial foram avaliados por cinco etapas, sendo elas:<\/p>\n\n\n\n<ol class=\"wp-block-list\">\n<li><strong>Exame de Conhecimentos (prova objetiva e discursiva)<\/strong>, de car\u00e1ter classificat\u00f3rio e eliminat\u00f3rio, e responsabilidade da FGV;<\/li>\n\n\n\n<li><strong>Exame Antropom\u00e9trico e Teste de Aptid\u00e3o F\u00edsica (TAF<\/strong>), de car\u00e1ter eliminat\u00f3rio, e responsabilidade da responsabilidade da SEPM;<\/li>\n\n\n\n<li><strong>Exame Psicol\u00f3gico<\/strong>, de car\u00e1ter eliminat\u00f3rio, e responsabilidade da responsabilidade da SEPM;<\/li>\n\n\n\n<li><strong>Exame de Sa\u00fade<\/strong>, de car\u00e1ter eliminat\u00f3rio, e responsabilidade da responsabilidade da SEPM;<\/li>\n\n\n\n<li><strong>Exame Social e Documental<\/strong>, de car\u00e1ter eliminat\u00f3rio, e responsabilidade da responsabilidade da SEPM.<\/li>\n<\/ol>\n\n\n\n<p class=\"wp-block-paragraph\">A Prova Escrita Objetiva e a Prova Escrita Discursiva ocorreram no mesmo dia e hor\u00e1rio, com dura\u00e7\u00e3o de 5 horas.<\/p>\n\n\n\n<h4 id=\"h-prova-objetiva-e-discursiva\" class=\"wp-block-heading\">Prova Objetiva e Discursiva<\/h4>\n\n\n\n<p class=\"wp-block-paragraph\">De car\u00e1ter eliminat\u00f3rio, a <strong>prova objetiva<\/strong> foi composta por 70 quest\u00f5es de m\u00faltipla escolha, contendo cinco alternativas de respostas. Foram eliminados o candidato que n\u00e3o obtiveram, pelo menos, 50% dos pontos e\/ou obtiveram nota 0 (zero) em qualquer uma das \u00e1reas de conhecimentos.<\/p>\n\n\n\n<figure class=\"wp-block-table is-style-stripes\"><table class=\"has-very-light-gray-to-cyan-bluish-gray-gradient-background has-background has-fixed-layout\"><thead><tr><th class=\"has-text-align-center\" data-align=\"center\">Disciplinas<\/th><th class=\"has-text-align-center\" data-align=\"center\">Quest\u00f5es<\/th><th class=\"has-text-align-center\" data-align=\"center\">Peso<\/th><\/tr><\/thead><tbody><tr><td class=\"has-text-align-center\" data-align=\"center\">Direito Administrativo<\/td><td class=\"has-text-align-center\" data-align=\"center\">14<\/td><td class=\"has-text-align-center\" data-align=\"center\">1<\/td><\/tr><tr><td class=\"has-text-align-center\" data-align=\"center\">Direito Constitucional<\/td><td class=\"has-text-align-center\" data-align=\"center\">14<\/td><td class=\"has-text-align-center\" data-align=\"center\">1<\/td><\/tr><tr><td class=\"has-text-align-center\" data-align=\"center\">Direito Penal<\/td><td class=\"has-text-align-center\" data-align=\"center\">14<\/td><td class=\"has-text-align-center\" data-align=\"center\">1<\/td><\/tr><tr><td class=\"has-text-align-center\" data-align=\"center\">Direito Processual Penal<\/td><td class=\"has-text-align-center\" data-align=\"center\">14<\/td><td class=\"has-text-align-center\" data-align=\"center\">1<\/td><\/tr><tr><td class=\"has-text-align-center\" data-align=\"center\">Direito Penal Militar<\/td><td class=\"has-text-align-center\" data-align=\"center\">07<\/td><td class=\"has-text-align-center\" data-align=\"center\">1<\/td><\/tr><tr><td class=\"has-text-align-center\" data-align=\"center\">Direitos Humanos<\/td><td class=\"has-text-align-center\" data-align=\"center\">07<\/td><td class=\"has-text-align-center\" data-align=\"center\">1<\/td><\/tr><\/tbody><\/table><figcaption class=\"wp-element-caption\">Quadro de disciplinas e pesos da prova objetiva<\/figcaption><\/figure>\n\n\n\n<p class=\"wp-block-paragraph\">A <strong>prova discursiva<\/strong>, de car\u00e1ter eliminat\u00f3rio e classificat\u00f3rio, consistiu de 3 quest\u00f5es referentes \u00e0s \u00e1reas de Direito Administrativo, Direito Constitucional, Direito Penal\/Processual Penal. Para serem aprovados, os candidatos tiveram que obter, no m\u00ednimo, 40% de acertos em cada quest\u00e3o.<\/p>\n\n\n\n<h4 id=\"h-teste-de-aptidao-fisica-taf-0\" class=\"wp-block-heading\">Teste de Aptid\u00e3o F\u00edsica (TAF)<\/h4>\n\n\n\n<p class=\"wp-block-paragraph\">O TAF contou com abdominal, teste da barra fixa e corrida. Confira os detalhes:<\/p>\n\n\n\n<ul class=\"wp-block-list\">\n<li>Candidatos do sexo masculino:\n<ul class=\"wp-block-list\">\n<li>Teste de Flex\u00e3o Abdominal: &gt; ou = 36 repeti\u00e7\u00f5es em 60 segundos; <\/li>\n\n\n\n<li>Teste de flex\u00e3o em barra fixa: &gt; ou = 3 repeti\u00e7\u00f5es;<\/li>\n\n\n\n<li>Corrida de 2.400m: &lt; ou = 12 minutos.<\/li>\n<\/ul>\n<\/li>\n<\/ul>\n\n\n\n<ul class=\"wp-block-list\">\n<li>Candidatas do sexo feminino:\n<ul class=\"wp-block-list\">\n<li>Teste de Flex\u00e3o Abdominal: &gt; ou = 26 repeti\u00e7\u00f5es em 60 segundos;<\/li>\n\n\n\n<li>Teste de Tempo de suspens\u00e3o em barra fixa: &gt; ou = 8 segundos;<\/li>\n\n\n\n<li>Corrida de 2.400m: &lt; ou = 14 minutos.<\/li>\n<\/ul>\n<\/li>\n<\/ul>\n\n\n\n<h3 id=\"soldado-2014\" class=\"wp-block-heading has-very-light-gray-to-cyan-bluish-gray-gradient-background has-background\">Edital Soldado &#8211; 2014<\/h3>\n\n\n\n<p class=\"wp-block-paragraph\">O \u00faltimo concurso PMERJ para Soldado ocorreu em 2014 e foi organizado pela empresa&nbsp;Exatus Promotores de Eventos e Consultoria. No \u00faltimo edital, o aluno receberia o valor de R$ 2.213,62 durante o Curso de Forma\u00e7\u00e3o e, ap\u00f3s a formatura, passaria a receber o soldo inicial de R$ 3.452,55.<\/p>\n\n\n\n<p class=\"wp-block-paragraph\">Foram ofertadas 6.000 vagas para Soldados Policiais Militares, sendo distribu\u00eddas da seguinte forma: 5.400 para homens e 600 para mulheres. No total, a banca registrou 105.448 inscritos para participar da sele\u00e7\u00e3o.<\/p>\n\n\n\n<figure class=\"wp-block-table is-style-stripes\"><table class=\"has-very-light-gray-to-cyan-bluish-gray-gradient-background has-background has-fixed-layout\"><thead><tr><th class=\"has-text-align-center\" data-align=\"center\">Homens<\/th><th class=\"has-text-align-center\" data-align=\"center\">Mulheres<\/th><\/tr><\/thead><tbody><tr><td class=\"has-text-align-center\" data-align=\"center\">Inscritos: 83.892<br \/>Vagas: 5.400<br \/>Candidato\/vaga: 15,53<\/td><td class=\"has-text-align-center\" data-align=\"center\">Inscritos: 21.556<br \/>Vagas: 600<br \/>Candidato\/vaga: 35,92<\/td><\/tr><\/tbody><\/table><figcaption class=\"wp-element-caption\">Quadro de inscritos por vagas<\/figcaption><\/figure>\n\n\n\n<ul class=\"wp-block-list\">\n<li><strong>\u00daltimo edital<\/strong>:&nbsp;<a href=\"https:\/\/dhg1h5j42swfq.cloudfront.net\/2019\/12\/03170537\/Edital-PMERJ-2014.pdf\" target=\"_blank\" rel=\"noreferrer noopener nofollow\">Edital Soldado 2014<\/a><\/li>\n<\/ul>\n\n\n\n<p class=\"wp-block-paragraph\">O concurso p\u00fablico da Pol\u00edcia Militar do Rio de Janeiro foi composto pelas seguintes fases:<\/p>\n\n\n\n<ul class=\"wp-block-list\">\n<li>Exame Intelectual \u2013 prova objetiva e reda\u00e7\u00e3o; <\/li>\n\n\n\n<li>Avalia\u00e7\u00e3o Psicol\u00f3gica; <\/li>\n\n\n\n<li>Exame Antropom\u00e9trico; <\/li>\n\n\n\n<li>Teste de Aptid\u00e3o F\u00edsica \u2013 TAF; <\/li>\n\n\n\n<li>Exame Toxicol\u00f3gico;<\/li>\n\n\n\n<li>Exames M\u00e9dicos;<\/li>\n\n\n\n<li>Investiga\u00e7\u00e3o Social e Documental.<\/li>\n<\/ul>\n\n\n\n<h4 id=\"prova-objetiva\" class=\"wp-block-heading\">Prova objetiva<\/h4>\n\n\n\n<p class=\"wp-block-paragraph\">A primeira etapa do concurso PM RJ para Soldado foi a realiza\u00e7\u00e3o da prova objetiva, tipo m\u00faltipla escolha, com 40 quest\u00f5es e o valor de cada quest\u00e3o foi de 1 ponto. O valor total foi de 0 a 40 pontos.<\/p>\n\n\n\n<p class=\"wp-block-paragraph\">Foi eliminado do concurso p\u00fablico, o candidato que obteve nota zero em qualquer disciplinas e n\u00e3o ter atingido o m\u00ednimo de 50% na soma das notas.<\/p>\n\n\n\n<p class=\"wp-block-paragraph\">As provas foram aplicadas nas cidades de: Angra dos Reis, Arraial do Cabo, Campos dos Goytacazes, Itaperuna, Niter\u00f3i, Nova Friburgo, Nova Igua\u00e7u, Rio de Janeiro, S\u00e3o Gon\u00e7alo, Teres\u00f3polis e Volta Redonda.<\/p>\n\n\n\n<figure class=\"wp-block-table is-style-stripes\"><table class=\"has-very-light-gray-to-cyan-bluish-gray-gradient-background has-background has-fixed-layout\"><thead><tr><th class=\"has-text-align-center\" data-align=\"center\">Mat\u00e9rias<\/th><th class=\"has-text-align-center\" data-align=\"center\">Quest\u00f5es<\/th><\/tr><\/thead><tbody><tr><td class=\"has-text-align-center\" data-align=\"center\">Portugu\u00eas<\/td><td class=\"has-text-align-center\" data-align=\"center\">10<\/td><\/tr><tr><td class=\"has-text-align-center\" data-align=\"center\">Hist\u00f3ria<\/td><td class=\"has-text-align-center\" data-align=\"center\">5<\/td><\/tr><tr><td class=\"has-text-align-center\" data-align=\"center\">Geografia<\/td><td class=\"has-text-align-center\" data-align=\"center\">5<\/td><\/tr><tr><td class=\"has-text-align-center\" data-align=\"center\">Sociologia<\/td><td class=\"has-text-align-center\" data-align=\"center\">5<\/td><\/tr><tr><td class=\"has-text-align-center\" data-align=\"center\">Inform\u00e1tica<\/td><td class=\"has-text-align-center\" data-align=\"center\">5<\/td><\/tr><tr><td class=\"has-text-align-center\" data-align=\"center\">Legisla\u00e7\u00e3o de Tr\u00e2nsito<\/td><td class=\"has-text-align-center\" data-align=\"center\">5<\/td><\/tr><tr><td class=\"has-text-align-center\" data-align=\"center\">Direito Humanos<\/td><td class=\"has-text-align-center\" data-align=\"center\">5<\/td><\/tr><\/tbody><tfoot><tr><th class=\"has-text-align-center\" data-align=\"center\">Total<\/th><th class=\"has-text-align-center\" data-align=\"center\">40<\/th><\/tr><\/tfoot><\/table><figcaption class=\"wp-element-caption\">Quadro do total de quest\u00f5es<\/figcaption><\/figure>\n\n\n\n<h4 id=\"prova-discursiva\" class=\"wp-block-heading\">Prova discursiva<\/h4>\n\n\n\n<p class=\"wp-block-paragraph\">Al\u00e9m da prova objetiva, os inscritos no concurso PM RJ tamb\u00e9m tiveram que elaborar um texto de 20 a 30 linhas.<\/p>\n\n\n\n<p class=\"wp-block-paragraph\">Os quesitos avaliados foram quanto aos aspectos:<\/p>\n\n\n\n<ul class=\"wp-block-list\">\n<li>pertin\u00eancia ao tema proposto;<\/li>\n\n\n\n<li>argumenta\u00e7\u00e3o coerente das ideias e informatividade;<\/li>\n\n\n\n<li>adequa\u00e7\u00e3o do uso de articuladores, organiza\u00e7\u00e3o adequada de par\u00e1grafos e propriedade vocabular.<\/li>\n<\/ul>\n\n\n\n<h4 id=\"TAF\" class=\"wp-block-heading\">Teste de Aptid\u00e3o F\u00edsica (TAF)<\/h4>\n\n\n\n<p class=\"wp-block-paragraph\">Nessa etapa do <strong>concurso PMERJ<\/strong>, os candidatos inscritos passaram por exame f\u00edsico, de car\u00e1ter eliminat\u00f3rio, compat\u00edvel com o exerc\u00edcio das atividades f\u00edsica a que ser\u00e3o submetidos durante o<strong>&nbsp;Curso de Forma\u00e7\u00e3o de Soldados&nbsp;<\/strong>e para desempenhar as tarefas t\u00edpicas da categoria funcional. <\/p>\n\n\n\n<p class=\"wp-block-paragraph\">A classifica\u00e7\u00e3o foi de apto ou inapto. Veja os testes abaixo de acordo com o g\u00eanero:<\/p>\n\n\n\n<p class=\"wp-block-paragraph\"><strong>Para homens:<\/strong><\/p>\n\n\n\n<ol class=\"wp-block-list\">\n<li>Tra\u00e7\u00e3o na barra fixa: 2 repeti\u00e7\u00f5es<\/li>\n\n\n\n<li>Abdominal tipo remador: 35 repeti\u00e7\u00f5es<\/li>\n\n\n\n<li>Corrida de 12 minutos por 2.200 metros<\/li>\n<\/ol>\n\n\n\n<p class=\"wp-block-paragraph\"><strong>Para mulheres:<\/strong><\/p>\n\n\n\n<ol class=\"wp-block-list\">\n<li>Flex\u00e3o de bra\u00e7os e antebra\u00e7os: 15 repeti\u00e7\u00f5es<\/li>\n\n\n\n<li>Abdominal tipo remador: 25 repeti\u00e7\u00f5es<\/li>\n\n\n\n<li>Corrida de 12 minutos por 1.800 metros.<\/li>\n<\/ol>\n\n\n\n<p class=\"wp-block-paragraph\">Vale lembrar que todas as provas do exame f\u00edsico do <strong>concurso PMERJ<\/strong> foram filmadas para controle exclusivo da administra\u00e7\u00e3o, sendo fornecida somente em ju\u00edzo.<\/p>\n\n\n\n<h3 id=\"gabarito\" class=\"wp-block-heading\">Concurso PMERJ: provas e gabaritos<\/h3>\n\n\n\n<ul class=\"wp-block-list\">\n<li><strong>Soldado:&nbsp;<a href=\"https:\/\/dhg1h5j42swfq.cloudfront.net\/2020\/04\/06171042\/crsp-pmrj-2009-pm-rj-soldado-da-policia-militar-prova.pdf\" target=\"_blank\" rel=\"noreferrer noopener nofollow\">Prova<\/a>&nbsp;\u2013&nbsp;<a href=\"https:\/\/dhg1h5j42swfq.cloudfront.net\/2020\/04\/06171119\/crsp-pmrj-2009-pm-rj-soldado-da-policia-militar-gabarito.pdf\" target=\"_blank\" rel=\"noreferrer noopener nofollow\">Gabarito<\/a><\/strong><\/li>\n<\/ul>\n\n\n\n<h2 id=\"guia\" class=\"wp-block-heading\">Guia de estudos PMERJ<\/h2>\n\n\n\n<ul class=\"wp-block-list\">\n<li><strong><a href=\"https:\/\/www.estrategiaconcursos.com.br\/blog\/guia-de-estudos-do-concurso-pmerj-oficial-veja-o-conteudo\/\" target=\"_blank\" rel=\"noreferrer noopener nofollow\">Guia de Estudos PMERJ &#8211; Oficial<\/a><\/strong><\/li>\n<\/ul>\n\n\n\n<hr class=\"wp-block-separator has-css-opacity\"\/>\n\n\n\n<p class=\"has-text-align-center wp-block-paragraph\" id=\"h-quer-saber-tudo-sobre-concursos-previstos-confira-nossos-artigos\" style=\"font-size:clamp(18.959px, 1.185rem + ((1vw - 3.2px) * 1.082), 30px);\">Quer saber tudo sobre concursos previstos?<br \/>Confira nossos artigos!<\/p>\n\n\n\n<ul class=\"wp-block-list\">\n<li><a href=\"https:\/\/www.estrategiaconcursos.com.br\/blog\/concurso-pmerj-saude\/\" target=\"_blank\" rel=\"noreferrer noopener\">Concurso PMERJ Sa\u00fade<\/a><\/li>\n\n\n\n<li><a href=\"https:\/\/www.estrategiaconcursos.com.br\/blog\/concursos-policia-militar\" target=\"_blank\" rel=\"noreferrer noopener\">Concursos Pol\u00edcia Militar<\/a><\/li>\n\n\n\n<li><a href=\"https:\/\/www.estrategiaconcursos.com.br\/blog\/concursos-de-policia\/\" target=\"_blank\" rel=\"noreferrer noopener\">Concursos Policiais<\/a><\/li>\n\n\n\n<li><a href=\"https:\/\/www.estrategiaconcursos.com.br\/blog\/concursos-abertos\/\" target=\"_blank\" rel=\"noreferrer noopener\">Concursos abertos<\/a><\/li>\n\n\n\n<li><a href=\"https:\/\/www.estrategiaconcursos.com.br\/blog\/concursos-2026\/\" target=\"_blank\" rel=\"noreferrer noopener\">Concursos 2026<\/a><\/li>\n\n\n\n<li><a href=\"https:\/\/www.estrategiaconcursos.com.br\/blog\/concursos-2027\/\" target=\"_blank\" rel=\"noreferrer noopener\">Concursos 2027<\/a><\/li>\n<\/ul>\n\n\n\n<p class=\"has-text-align-center wp-block-paragraph\" id=\"cursos-assinatura\" style=\"font-size:clamp(18.959px, 1.185rem + ((1vw - 3.2px) * 1.082), 30px);\">Quer estudar para o concurso PMERJ?<\/p>\n\n\n\n<div class=\"container\" id=\"boxes\">\n  <div class=\"row\">\n\n    <div class=\"col-sm\">\n      <div class=\"banner-policia-militar\" id=\"box-assinatura\">\n        <h3 class=\"titulo-assinatura\">Concurso PMERJ<\/h3>\n        <p class=\"subtitulo-assinatura\">Prepara\u00e7\u00e3o completa para a carreira na PMERJ!<\/p>\n        <div class=\"box-botao\">\n          <a class=\"btn-assinatura\" target=\"_blank\" href=\"https:\/\/www.estrategiaconcursos.com.br\/cursosPorConcurso\/policia-militar-do-rio-de-janeiro-pm-rj\/?utm_source=blog&#038;utm_medium=banner&#038;utm_campaign=pmerj-conv-x-ec-fn\" role=\"button\" rel=\"noopener noreferrer\">VER CURSOS<\/a>\n        <\/div>\n      <\/div>\n      \n    <\/div>\n\n  <\/div>\n<\/div>\n\n\n\n<div class=\"container\" id=\"boxes\">\n  <div class=\"row\">\n\n    <div class=\"col-sm\">\n      <div class=\"estrategia\" id=\"box-assinatura\">\n        <h3 class=\"titulo-assinatura\">Assinatura Concursos<\/h3>\n        <p class=\"subtitulo-assinatura\">Assinatura de 1 ano ou 2 anos<\/p>\n        <div class=\"box-botao\">\n          <a class=\"btn-assinatura\" target=\"_blank\" href=\"https:\/\/www.estrategiaconcursos.com.br\/blog\/assinaturas\/\" role=\"button\" rel=\"noopener noreferrer\">ASSINE AGORA<\/a>\n        <\/div>\n      <\/div>\n     \n    <\/div><\/div><\/div>\n\n\n\n<figure class=\"wp-block-image size-large is-resized\"><img loading=\"lazy\" decoding=\"async\" width=\"300\" height=\"185\" src=\"https:\/\/dhg1h5j42swfq.cloudfront.net\/2021\/04\/01163324\/ficha-tecnica-1-300x185-3.png\" alt=\"Ficha t\u00e9cnica\" class=\"wp-image-706822\" style=\"width:280px;height:173px\"\/><\/figure>\n\n\n\n<h3 id=\"ficha\" class=\"wp-block-heading\">Ficha t\u00e9cnica do concurso PMERJ Oficial<\/h3>\n\n\n\n<ul class=\"wp-block-list\">\n<li><strong>Provas<\/strong>: 14\/07\/2024<\/li>\n\n\n\n<li><strong>Vagas<\/strong>: 100<\/li>\n\n\n\n<li><strong>Banca<\/strong>: FGV<\/li>\n\n\n\n<li><strong>Escolaridade<\/strong>: n\u00edvel superior em Direito<\/li>\n\n\n\n<li><strong>Edital: <\/strong><a href=\"https:\/\/dhg1h5j42swfq.cloudfront.net\/2024\/04\/19234723\/edital_cfo_2024_versao_final_site_0.pdf\" target=\"_blank\" rel=\"noreferrer noopener nofollow\">PMERJ Oficial 2024<\/a><\/li>\n<\/ul>\n\n\n\n<h3 id=\"ficha-tecnica-concurso-pmerj-soldado\" class=\"wp-block-heading\">Ficha t\u00e9cnica concurso PMERJ Soldado<\/h3>\n\n\n\n<ul class=\"wp-block-list\">\n<li><strong>Provas<\/strong>: 07\/04\/2024<\/li>\n\n\n\n<li><strong>Vagas<\/strong>: 4.000<\/li>\n\n\n\n<li><strong>Banca<\/strong>: FGV<\/li>\n\n\n\n<li><strong>Escolaridade<\/strong>: n\u00edvel m\u00e9dio<\/li>\n\n\n\n<li><strong>Edital<\/strong>: <a href=\"https:\/\/dhg1h5j42swfq.cloudfront.net\/2023\/06\/07153322\/79a1ad31acc34600b3c5e3f91d02f77f.pdf\" target=\"_blank\" rel=\"noreferrer noopener\">PMERJ 2023 &#8211; Soldado<\/a> | <a href=\"https:\/\/dhg1h5j42swfq.cloudfront.net\/2024\/01\/09091856\/2a-retificacao-pmerj-2024-revisada_drsp_versao_final_doerj.pdf\" target=\"_blank\" rel=\"noreferrer noopener nofollow\">Edital de retifica\u00e7\u00e3o &#8211; FGV<\/a><\/li>\n<\/ul>\n\n\n\n<p class=\"wp-block-paragraph\"><\/p>\n","protected":false},"excerpt":{"rendered":"<p>Novo edital do concurso PMERJ \u00e9 previsto para o segundo semestre de 2026; ser\u00e3o 2.000 vagas para Soldado e 100 para Oficial! A Funda\u00e7\u00e3o Getulio Vargas (FGV) foi confirmada como banca do concurso PMERJ (Pol\u00edcia Militar do Estado do Rio de Janeiro) para provimento de 100 vagas do cargo de Oficial. Ademais, tivemos acesso ao [&hellip;]<\/p>\n","protected":false},"author":1206,"featured_media":777041,"comment_status":"open","ping_status":"open","sticky":false,"template":"","format":"standard","meta":{"_acf_changed":false,"post_tipo":"news_page","footnotes":""},"categories":[220186,220187],"tags":[],"tax_estado":[219982],"class_list":["post-58857","post","type-post","status-publish","format-standard","has-post-thumbnail","hentry","category-policial-oficial","category-policial-pracas","tax_estado-rj"],"acf":[],"yoast_head":"<!-- This site is optimized with the Yoast SEO Premium plugin v28.1 (Yoast SEO v28.1) - https:\/\/yoast.com\/product\/yoast-seo-premium-wordpress\/ -->\n<title>Concurso PMERJ: edital com 2,1 mil vagas em 2026!<\/title>\n<meta name=\"description\" content=\"Novo edital para soldado e oficial do Concurso PMERJ ter\u00e1 2.100 vagas em 2026; veja os detalhes no site do Estrat\u00e9gia!\" \/>\n<meta name=\"robots\" content=\"index, follow, max-snippet:-1, max-image-preview:large, max-video-preview:-1\" \/>\n<link rel=\"canonical\" href=\"https:\/\/www.estrategiaconcursos.com.br\/blog\/concurso-pmerj\/\" \/>\n<meta property=\"og:locale\" content=\"pt_BR\" \/>\n<meta property=\"og:type\" content=\"article\" \/>\n<meta property=\"og:title\" content=\"Concurso PMERJ: edital com 2,1 mil vagas em 2026!\" \/>\n<meta property=\"og:description\" content=\"Novo edital para soldado e oficial do Concurso PMERJ ter\u00e1 2.100 vagas em 2026; veja os detalhes no site do Estrat\u00e9gia!\" \/>\n<meta property=\"og:url\" content=\"https:\/\/www.estrategiaconcursos.com.br\/blog\/concurso-pmerj\/\" \/>\n<meta property=\"og:site_name\" content=\"Estrat\u00e9gia Concursos\" \/>\n<meta property=\"article:published_time\" content=\"2026-08-04T01:20:11+00:00\" \/>\n<meta property=\"article:modified_time\" content=\"2026-08-04T01:20:32+00:00\" \/>\n<meta property=\"og:image\" content=\"https:\/\/dhg1h5j42swfq.cloudfront.net\/2021\/06\/25113231\/pmerj.jpg\" \/>\n\t<meta property=\"og:image:width\" content=\"768\" \/>\n\t<meta property=\"og:image:height\" content=\"432\" \/>\n\t<meta property=\"og:image:type\" content=\"image\/jpeg\" \/>\n<meta name=\"author\" content=\"Bruna de Andrade Fran\u00e7a\" \/>\n<meta name=\"twitter:card\" content=\"summary_large_image\" \/>\n<meta name=\"twitter:creator\" content=\"@EstratConcursos\" \/>\n<meta name=\"twitter:site\" content=\"@EstratConcursos\" \/>\n<meta name=\"twitter:label1\" content=\"Escrito por\" \/>\n\t<meta name=\"twitter:data1\" content=\"Bruna de Andrade Fran\u00e7a\" \/>\n\t<meta name=\"twitter:label2\" content=\"Est. tempo de leitura\" \/>\n\t<meta name=\"twitter:data2\" content=\"11 minutos\" \/>\n<script type=\"application\/ld+json\" class=\"yoast-schema-graph\">{\"@context\":\"https:\\\/\\\/schema.org\",\"@graph\":[{\"@type\":\"NewsArticle\",\"@id\":\"https:\\\/\\\/www.estrategiaconcursos.com.br\\\/blog\\\/concurso-pmerj\\\/#article\",\"isPartOf\":{\"@id\":\"https:\\\/\\\/www.estrategiaconcursos.com.br\\\/blog\\\/concurso-pmerj\\\/\"},\"author\":{\"name\":\"Bruna de Andrade Fran\u00e7a\",\"@id\":\"https:\\\/\\\/blog-estrategia.mystagingwebsite.com\\\/#\\\/schema\\\/person\\\/6630f91134abc08115cca62ce6372855\"},\"headline\":\"Concurso PMERJ: edital com 2,1 mil vagas em 2026!\",\"datePublished\":\"2026-08-04T01:20:11+00:00\",\"dateModified\":\"2026-08-04T01:20:32+00:00\",\"mainEntityOfPage\":{\"@id\":\"https:\\\/\\\/www.estrategiaconcursos.com.br\\\/blog\\\/concurso-pmerj\\\/\"},\"wordCount\":3208,\"commentCount\":0,\"publisher\":{\"@id\":\"https:\\\/\\\/blog-estrategia.mystagingwebsite.com\\\/#organization\"},\"image\":{\"@id\":\"https:\\\/\\\/www.estrategiaconcursos.com.br\\\/blog\\\/concurso-pmerj\\\/#primaryimage\"},\"thumbnailUrl\":\"https:\\\/\\\/dhg1h5j42swfq.cloudfront.net\\\/2021\\\/06\\\/25113231\\\/pmerj.jpg\",\"articleSection\":[\"Policial (PM\\\/BM - Oficial)\",\"Policial (PM\\\/BM - Pra\u00e7as)\"],\"inLanguage\":\"pt-BR\",\"potentialAction\":[{\"@type\":\"CommentAction\",\"name\":\"Comment\",\"target\":[\"https:\\\/\\\/www.estrategiaconcursos.com.br\\\/blog\\\/concurso-pmerj\\\/#respond\"]}],\"copyrightYear\":\"2026\",\"copyrightHolder\":{\"@id\":\"https:\\\/\\\/www.estrategiaconcursos.com.br\\\/blog\\\/#organization\"}},{\"@type\":\"WebPage\",\"@id\":\"https:\\\/\\\/www.estrategiaconcursos.com.br\\\/blog\\\/concurso-pmerj\\\/\",\"url\":\"https:\\\/\\\/www.estrategiaconcursos.com.br\\\/blog\\\/concurso-pmerj\\\/\",\"name\":\"Concurso PMERJ: edital com 2,1 mil vagas em 2026!\",\"isPartOf\":{\"@id\":\"https:\\\/\\\/blog-estrategia.mystagingwebsite.com\\\/#website\"},\"primaryImageOfPage\":{\"@id\":\"https:\\\/\\\/www.estrategiaconcursos.com.br\\\/blog\\\/concurso-pmerj\\\/#primaryimage\"},\"image\":{\"@id\":\"https:\\\/\\\/www.estrategiaconcursos.com.br\\\/blog\\\/concurso-pmerj\\\/#primaryimage\"},\"thumbnailUrl\":\"https:\\\/\\\/dhg1h5j42swfq.cloudfront.net\\\/2021\\\/06\\\/25113231\\\/pmerj.jpg\",\"datePublished\":\"2026-08-04T01:20:11+00:00\",\"dateModified\":\"2026-08-04T01:20:32+00:00\",\"description\":\"Novo edital para soldado e oficial do Concurso PMERJ ter\u00e1 2.100 vagas em 2026; veja os detalhes no site do Estrat\u00e9gia!\",\"breadcrumb\":{\"@id\":\"https:\\\/\\\/www.estrategiaconcursos.com.br\\\/blog\\\/concurso-pmerj\\\/#breadcrumb\"},\"inLanguage\":\"pt-BR\",\"potentialAction\":[{\"@type\":\"ReadAction\",\"target\":[\"https:\\\/\\\/www.estrategiaconcursos.com.br\\\/blog\\\/concurso-pmerj\\\/\"]}]},{\"@type\":\"ImageObject\",\"inLanguage\":\"pt-BR\",\"@id\":\"https:\\\/\\\/www.estrategiaconcursos.com.br\\\/blog\\\/concurso-pmerj\\\/#primaryimage\",\"url\":\"https:\\\/\\\/dhg1h5j42swfq.cloudfront.net\\\/2021\\\/06\\\/25113231\\\/pmerj.jpg\",\"contentUrl\":\"https:\\\/\\\/dhg1h5j42swfq.cloudfront.net\\\/2021\\\/06\\\/25113231\\\/pmerj.jpg\",\"width\":768,\"height\":432,\"caption\":\"concurso pmerj\"},{\"@type\":\"BreadcrumbList\",\"@id\":\"https:\\\/\\\/www.estrategiaconcursos.com.br\\\/blog\\\/concurso-pmerj\\\/#breadcrumb\",\"itemListElement\":[{\"@type\":\"ListItem\",\"position\":1,\"name\":\"In\u00edcio\",\"item\":\"https:\\\/\\\/blog-estrategia.mystagingwebsite.com\\\/\"},{\"@type\":\"ListItem\",\"position\":2,\"name\":\"Concurso PMERJ: edital com 2,1 mil vagas em 2026!\"}]},{\"@type\":\"WebSite\",\"@id\":\"https:\\\/\\\/blog-estrategia.mystagingwebsite.com\\\/#website\",\"url\":\"https:\\\/\\\/blog-estrategia.mystagingwebsite.com\\\/\",\"name\":\"Estrat\u00e9gia Concursos\",\"description\":\"O blog da Estrat\u00e9gia Concursos traz not\u00edcias sobre concursos e artigos de professores oferecendo cursos para concursos (pdf + videaulas) no site.\",\"publisher\":{\"@id\":\"https:\\\/\\\/blog-estrategia.mystagingwebsite.com\\\/#organization\"},\"potentialAction\":[{\"@type\":\"SearchAction\",\"target\":{\"@type\":\"EntryPoint\",\"urlTemplate\":\"https:\\\/\\\/blog-estrategia.mystagingwebsite.com\\\/?s={search_term_string}\"},\"query-input\":{\"@type\":\"PropertyValueSpecification\",\"valueRequired\":true,\"valueName\":\"search_term_string\"}}],\"inLanguage\":\"pt-BR\"},{\"@type\":\"Organization\",\"@id\":\"https:\\\/\\\/blog-estrategia.mystagingwebsite.com\\\/#organization\",\"name\":\"Estrat\u00e9gia Concursos\",\"url\":\"https:\\\/\\\/blog-estrategia.mystagingwebsite.com\\\/\",\"logo\":{\"@type\":\"ImageObject\",\"inLanguage\":\"pt-BR\",\"@id\":\"https:\\\/\\\/blog-estrategia.mystagingwebsite.com\\\/#\\\/schema\\\/logo\\\/image\\\/\",\"url\":\"https:\\\/\\\/dhg1h5j42swfq.cloudfront.net\\\/2025\\\/06\\\/03203428\\\/logo_concursos-1.jpg\",\"contentUrl\":\"https:\\\/\\\/dhg1h5j42swfq.cloudfront.net\\\/2025\\\/06\\\/03203428\\\/logo_concursos-1.jpg\",\"width\":230,\"height\":60,\"caption\":\"Estrat\u00e9gia Concursos\"},\"image\":{\"@id\":\"https:\\\/\\\/blog-estrategia.mystagingwebsite.com\\\/#\\\/schema\\\/logo\\\/image\\\/\"},\"sameAs\":[\"https:\\\/\\\/x.com\\\/EstratConcursos\"]},{\"@type\":\"Person\",\"@id\":\"https:\\\/\\\/blog-estrategia.mystagingwebsite.com\\\/#\\\/schema\\\/person\\\/6630f91134abc08115cca62ce6372855\",\"name\":\"Bruna de Andrade Fran\u00e7a\",\"image\":{\"@type\":\"ImageObject\",\"inLanguage\":\"pt-BR\",\"@id\":\"https:\\\/\\\/secure.gravatar.com\\\/avatar\\\/d6316d36d50cea0fadae28ed3015b8870cc90a2d3d8a95c37b44006af36a00e3?s=96&d=mm&r=g\",\"url\":\"https:\\\/\\\/secure.gravatar.com\\\/avatar\\\/d6316d36d50cea0fadae28ed3015b8870cc90a2d3d8a95c37b44006af36a00e3?s=96&d=mm&r=g\",\"contentUrl\":\"https:\\\/\\\/secure.gravatar.com\\\/avatar\\\/d6316d36d50cea0fadae28ed3015b8870cc90a2d3d8a95c37b44006af36a00e3?s=96&d=mm&r=g\",\"caption\":\"Bruna de Andrade Fran\u00e7a\"},\"description\":\"Bruna de Andrade Fran\u00e7a \u00e9 publicit\u00e1ria, p\u00f3s-graduada em Marketing &amp; Growth, e atua h\u00e1 mais de sete anos no mercado de concursos p\u00fablicos. Atualmente, \u00e9 coordenadora do jornalismo de Carreira Jur\u00eddica e OAB no Estrat\u00e9gia Concursos, liderando a cobertura editorial das principais sele\u00e7\u00f5es do pa\u00eds. Especialista em reda\u00e7\u00e3o, SEO e Copywriting, acumula ampla experi\u00eancia na produ\u00e7\u00e3o e gest\u00e3o de conte\u00fado jornal\u00edstico. Ao longo de sua trajet\u00f3ria, tamb\u00e9m esteve \u00e0 frente da cobertura de concursos policiais, banc\u00e1rios, \u00e1rea legislativa e sa\u00fade.\",\"url\":\"https:\\\/\\\/www.estrategiaconcursos.com.br\\\/blog\\\/author\\\/bruna-andrade\\\/\"}]}<\/script>\n<!-- \/ Yoast SEO Premium plugin. -->","yoast_head_json":{"title":"Concurso PMERJ: edital com 2,1 mil vagas em 2026!","description":"Novo edital para soldado e oficial do Concurso PMERJ ter\u00e1 2.100 vagas em 2026; veja os detalhes no site do Estrat\u00e9gia!","robots":{"index":"index","follow":"follow","max-snippet":"max-snippet:-1","max-image-preview":"max-image-preview:large","max-video-preview":"max-video-preview:-1"},"canonical":"https:\/\/www.estrategiaconcursos.com.br\/blog\/concurso-pmerj\/","og_locale":"pt_BR","og_type":"article","og_title":"Concurso PMERJ: edital com 2,1 mil vagas em 2026!","og_description":"Novo edital para soldado e oficial do Concurso PMERJ ter\u00e1 2.100 vagas em 2026; veja os detalhes no site do Estrat\u00e9gia!","og_url":"https:\/\/www.estrategiaconcursos.com.br\/blog\/concurso-pmerj\/","og_site_name":"Estrat\u00e9gia Concursos","article_published_time":"2026-08-04T01:20:11+00:00","article_modified_time":"2026-08-04T01:20:32+00:00","og_image":[{"width":768,"height":432,"url":"https:\/\/dhg1h5j42swfq.cloudfront.net\/2021\/06\/25113231\/pmerj.jpg","type":"image\/jpeg"}],"author":"Bruna de Andrade Fran\u00e7a","twitter_card":"summary_large_image","twitter_creator":"@EstratConcursos","twitter_site":"@EstratConcursos","twitter_misc":{"Escrito por":"Bruna de Andrade Fran\u00e7a","Est. tempo de leitura":"11 minutos"},"schema":{"@context":"https:\/\/schema.org","@graph":[{"@type":"NewsArticle","@id":"https:\/\/www.estrategiaconcursos.com.br\/blog\/concurso-pmerj\/#article","isPartOf":{"@id":"https:\/\/www.estrategiaconcursos.com.br\/blog\/concurso-pmerj\/"},"author":{"name":"Bruna de Andrade Fran\u00e7a","@id":"https:\/\/blog-estrategia.mystagingwebsite.com\/#\/schema\/person\/6630f91134abc08115cca62ce6372855"},"headline":"Concurso PMERJ: edital com 2,1 mil vagas em 2026!","datePublished":"2026-08-04T01:20:11+00:00","dateModified":"2026-08-04T01:20:32+00:00","mainEntityOfPage":{"@id":"https:\/\/www.estrategiaconcursos.com.br\/blog\/concurso-pmerj\/"},"wordCount":3208,"commentCount":0,"publisher":{"@id":"https:\/\/blog-estrategia.mystagingwebsite.com\/#organization"},"image":{"@id":"https:\/\/www.estrategiaconcursos.com.br\/blog\/concurso-pmerj\/#primaryimage"},"thumbnailUrl":"https:\/\/dhg1h5j42swfq.cloudfront.net\/2021\/06\/25113231\/pmerj.jpg","articleSection":["Policial (PM\/BM - Oficial)","Policial (PM\/BM - Pra\u00e7as)"],"inLanguage":"pt-BR","potentialAction":[{"@type":"CommentAction","name":"Comment","target":["https:\/\/www.estrategiaconcursos.com.br\/blog\/concurso-pmerj\/#respond"]}],"copyrightYear":"2026","copyrightHolder":{"@id":"https:\/\/www.estrategiaconcursos.com.br\/blog\/#organization"}},{"@type":"WebPage","@id":"https:\/\/www.estrategiaconcursos.com.br\/blog\/concurso-pmerj\/","url":"https:\/\/www.estrategiaconcursos.com.br\/blog\/concurso-pmerj\/","name":"Concurso PMERJ: edital com 2,1 mil vagas em 2026!","isPartOf":{"@id":"https:\/\/blog-estrategia.mystagingwebsite.com\/#website"},"primaryImageOfPage":{"@id":"https:\/\/www.estrategiaconcursos.com.br\/blog\/concurso-pmerj\/#primaryimage"},"image":{"@id":"https:\/\/www.estrategiaconcursos.com.br\/blog\/concurso-pmerj\/#primaryimage"},"thumbnailUrl":"https:\/\/dhg1h5j42swfq.cloudfront.net\/2021\/06\/25113231\/pmerj.jpg","datePublished":"2026-08-04T01:20:11+00:00","dateModified":"2026-08-04T01:20:32+00:00","description":"Novo edital para soldado e oficial do Concurso PMERJ ter\u00e1 2.100 vagas em 2026; veja os detalhes no site do Estrat\u00e9gia!","breadcrumb":{"@id":"https:\/\/www.estrategiaconcursos.com.br\/blog\/concurso-pmerj\/#breadcrumb"},"inLanguage":"pt-BR","potentialAction":[{"@type":"ReadAction","target":["https:\/\/www.estrategiaconcursos.com.br\/blog\/concurso-pmerj\/"]}]},{"@type":"ImageObject","inLanguage":"pt-BR","@id":"https:\/\/www.estrategiaconcursos.com.br\/blog\/concurso-pmerj\/#primaryimage","url":"https:\/\/dhg1h5j42swfq.cloudfront.net\/2021\/06\/25113231\/pmerj.jpg","contentUrl":"https:\/\/dhg1h5j42swfq.cloudfront.net\/2021\/06\/25113231\/pmerj.jpg","width":768,"height":432,"caption":"concurso pmerj"},{"@type":"BreadcrumbList","@id":"https:\/\/www.estrategiaconcursos.com.br\/blog\/concurso-pmerj\/#breadcrumb","itemListElement":[{"@type":"ListItem","position":1,"name":"In\u00edcio","item":"https:\/\/blog-estrategia.mystagingwebsite.com\/"},{"@type":"ListItem","position":2,"name":"Concurso PMERJ: edital com 2,1 mil vagas em 2026!"}]},{"@type":"WebSite","@id":"https:\/\/blog-estrategia.mystagingwebsite.com\/#website","url":"https:\/\/blog-estrategia.mystagingwebsite.com\/","name":"Estrat\u00e9gia Concursos","description":"O blog da Estrat\u00e9gia Concursos traz not\u00edcias sobre concursos e artigos de professores oferecendo cursos para concursos (pdf + videaulas) no site.","publisher":{"@id":"https:\/\/blog-estrategia.mystagingwebsite.com\/#organization"},"potentialAction":[{"@type":"SearchAction","target":{"@type":"EntryPoint","urlTemplate":"https:\/\/blog-estrategia.mystagingwebsite.com\/?s={search_term_string}"},"query-input":{"@type":"PropertyValueSpecification","valueRequired":true,"valueName":"search_term_string"}}],"inLanguage":"pt-BR"},{"@type":"Organization","@id":"https:\/\/blog-estrategia.mystagingwebsite.com\/#organization","name":"Estrat\u00e9gia Concursos","url":"https:\/\/blog-estrategia.mystagingwebsite.com\/","logo":{"@type":"ImageObject","inLanguage":"pt-BR","@id":"https:\/\/blog-estrategia.mystagingwebsite.com\/#\/schema\/logo\/image\/","url":"https:\/\/dhg1h5j42swfq.cloudfront.net\/2025\/06\/03203428\/logo_concursos-1.jpg","contentUrl":"https:\/\/dhg1h5j42swfq.cloudfront.net\/2025\/06\/03203428\/logo_concursos-1.jpg","width":230,"height":60,"caption":"Estrat\u00e9gia Concursos"},"image":{"@id":"https:\/\/blog-estrategia.mystagingwebsite.com\/#\/schema\/logo\/image\/"},"sameAs":["https:\/\/x.com\/EstratConcursos"]},{"@type":"Person","@id":"https:\/\/blog-estrategia.mystagingwebsite.com\/#\/schema\/person\/6630f91134abc08115cca62ce6372855","name":"Bruna de Andrade Fran\u00e7a","image":{"@type":"ImageObject","inLanguage":"pt-BR","@id":"https:\/\/secure.gravatar.com\/avatar\/d6316d36d50cea0fadae28ed3015b8870cc90a2d3d8a95c37b44006af36a00e3?s=96&d=mm&r=g","url":"https:\/\/secure.gravatar.com\/avatar\/d6316d36d50cea0fadae28ed3015b8870cc90a2d3d8a95c37b44006af36a00e3?s=96&d=mm&r=g","contentUrl":"https:\/\/secure.gravatar.com\/avatar\/d6316d36d50cea0fadae28ed3015b8870cc90a2d3d8a95c37b44006af36a00e3?s=96&d=mm&r=g","caption":"Bruna de Andrade Fran\u00e7a"},"description":"Bruna de Andrade Fran\u00e7a \u00e9 publicit\u00e1ria, p\u00f3s-graduada em Marketing &amp; Growth, e atua h\u00e1 mais de sete anos no mercado de concursos p\u00fablicos. Atualmente, \u00e9 coordenadora do jornalismo de Carreira Jur\u00eddica e OAB no Estrat\u00e9gia Concursos, liderando a cobertura editorial das principais sele\u00e7\u00f5es do pa\u00eds. Especialista em reda\u00e7\u00e3o, SEO e Copywriting, acumula ampla experi\u00eancia na produ\u00e7\u00e3o e gest\u00e3o de conte\u00fado jornal\u00edstico. Ao longo de sua trajet\u00f3ria, tamb\u00e9m esteve \u00e0 frente da cobertura de concursos policiais, banc\u00e1rios, \u00e1rea legislativa e sa\u00fade.","url":"https:\/\/www.estrategiaconcursos.com.br\/blog\/author\/bruna-andrade\/"}]}},"_links":{"self":[{"href":"https:\/\/www.estrategiaconcursos.com.br\/blog\/wp-json\/wp\/v2\/posts\/58857","targetHints":{"allow":["GET"]}}],"collection":[{"href":"https:\/\/www.estrategiaconcursos.com.br\/blog\/wp-json\/wp\/v2\/posts"}],"about":[{"href":"https:\/\/www.estrategiaconcursos.com.br\/blog\/wp-json\/wp\/v2\/types\/post"}],"author":[{"embeddable":true,"href":"https:\/\/www.estrategiaconcursos.com.br\/blog\/wp-json\/wp\/v2\/users\/1206"}],"replies":[{"embeddable":true,"href":"https:\/\/www.estrategiaconcursos.com.br\/blog\/wp-json\/wp\/v2\/comments?post=58857"}],"version-history":[{"count":3,"href":"https:\/\/www.estrategiaconcursos.com.br\/blog\/wp-json\/wp\/v2\/posts\/58857\/revisions"}],"predecessor-version":[{"id":1786110,"href":"https:\/\/www.estrategiaconcursos.com.br\/blog\/wp-json\/wp\/v2\/posts\/58857\/revisions\/1786110"}],"wp:featuredmedia":[{"embeddable":true,"href":"https:\/\/www.estrategiaconcursos.com.br\/blog\/wp-json\/wp\/v2\/media\/777041"}],"wp:attachment":[{"href":"https:\/\/www.estrategiaconcursos.com.br\/blog\/wp-json\/wp\/v2\/media?parent=58857"}],"wp:term":[{"taxonomy":"category","embeddable":true,"href":"https:\/\/www.estrategiaconcursos.com.br\/blog\/wp-json\/wp\/v2\/categories?post=58857"},{"taxonomy":"post_tag","embeddable":true,"href":"https:\/\/www.estrategiaconcursos.com.br\/blog\/wp-json\/wp\/v2\/tags?post=58857"},{"taxonomy":"tax_estado","embeddable":true,"href":"https:\/\/www.estrategiaconcursos.com.br\/blog\/wp-json\/wp\/v2\/tax_estado?post=58857"}],"curies":[{"name":"wp","href":"https:\/\/api.w.org\/{rel}","templated":true}]}}