{"id":588022,"date":"2020-10-14T08:20:27","date_gmt":"2020-10-14T11:20:27","guid":{"rendered":"https:\/\/www.estrategiaconcursos.com.br\/blog\/?p=588022"},"modified":"2020-10-14T12:20:21","modified_gmt":"2020-10-14T15:20:21","slug":"sancionada-a-lei-que-altera-o-codigo-de-transito-e-publicadas-as-novas-resolucoes-do-contran-para-a-prf-2021","status":"publish","type":"post","link":"https:\/\/www.estrategiaconcursos.com.br\/blog\/sancionada-a-lei-que-altera-o-codigo-de-transito-e-publicadas-as-novas-resolucoes-do-contran-para-a-prf-2021\/","title":{"rendered":"Publicada a lei (14.071\/20) que altera o C\u00f3digo de Tr\u00e2nsito e publicadas as novas Resolu\u00e7\u00f5es do Contran que poder\u00e3o vir na PRF 2021"},"content":{"rendered":"\n<p>Ol\u00e1, amigos!<\/p>\n\n\n\n<p>Foi publicada a lei (14.071\/20) que altera o C\u00f3digo de Tr\u00e2nsito Brasileiro. Cabe lembrar que a vacatio legis (prazo para entrar em vigor) ser\u00e1 de 180 dias. Farei uma live no meu canal no YouTube (professor Alexandre Herculano) e no canal do Estrat\u00e9gia Concursos. Vou divulgar o dia e hora no meu Instagram (@prof_herculano).<\/p>\n\n\n\n<p>Quanto \u00e0s novas Resolu\u00e7\u00f5es do Contran, falei, na semana PRF, em uma aula ao vivo, que estou atualizando nosso curso para a PRF 20\/21. Pois a Resolu\u00e7\u00e3o&nbsp;798\/20 do Contran revogou a 396\/11. Assim, a aula em pdf e as videoaulas ser\u00e3o  alteradas. Essa Resolu\u00e7\u00e3o do Contran s\u00f3 entrar\u00e1 em vigor no dia 01\/11, mas j\u00e1 vou alterar nossa aula.<\/p>\n\n\n\n<p>Outro ponto importante \u00e9 que a Resolu\u00e7\u00e3o 788\/20 do Contran que revogou a 720\/17 eu j\u00e1 alterei, mas entrou em vigor a 793\/20 que alterou o anexo da Resolu\u00e7\u00e3o 788\/20, e j\u00e1 atualizei.<\/p>\n\n\n\n<p>Grande abra\u00e7o e bons estudos!<\/p>\n\n\n\n<p>Alexandre Herculano<\/p>\n\n\n\n<p>Saiba mais sobre o novo concurso para PRF.<a href=\"https:\/\/www.estrategiaconcursos.com.br\/blog\/concurso-prf-3\/\">https:\/\/www.estrategiaconcursos.com.br\/blog\/concurso-prf-3\/<\/a><\/p>\n\n\n\n<p>Instragram: @prof_herculano<\/p>\n\n\n\n<p>Vou deixar aqui o texto de lei sobre as altera\u00e7\u00f5es no CTB.<\/p>\n\n\n\n<p><small><strong><a href=\"http:\/\/legislacao.planalto.gov.br\/legisla\/legislacao.nsf\/Viw_Identificacao\/lei%2014.071-2020?OpenDocument\">LEI N\u00ba 14.071, DE 13 DE OUTUBRO DE 2020.<\/a><\/strong><\/small><\/p>\n\n\n\n<figure class=\"wp-block-table\"><table><tbody><tr><td><a href=\"http:\/\/www.planalto.gov.br\/ccivil_03\/_Ato2019-2022\/2020\/Lei\/L14071.htm#art7\">Vig\u00eancia<\/a><a href=\"http:\/\/www.planalto.gov.br\/ccivil_03\/_Ato2019-2022\/2020\/Msg\/VEP\/VEP-588.htm\">Mensagem de veto<\/a><\/td><td>Altera a Lei n\u00ba 9.503, de 23 de setembro de 1997 (C\u00f3digo de Tr\u00e2nsito Brasileiro), para modificar a composi\u00e7\u00e3o do Conselho Nacional de Tr\u00e2nsito e ampliar o prazo de validade das habilita\u00e7\u00f5es; e d\u00e1 outras provid\u00eancias.<\/td><\/tr><\/tbody><\/table><\/figure>\n\n\n\n<p><strong>O&nbsp;PRESIDENTE DA&nbsp;REP\u00daBLICA<\/strong>&nbsp;Fa\u00e7o saber que o Congresso Nacional decreta e eu sanciono a seguinte Lei:<\/p>\n\n\n\n<p>Art. 1\u00ba &nbsp;A&nbsp;<a href=\"http:\/\/www.planalto.gov.br\/ccivil_03\/LEIS\/L9503.htm\">Lei n\u00ba 9.503, de 23 de setembro de 1997 (C\u00f3digo de Tr\u00e2nsito Brasileiro)<\/a>, passa a vigorar com as seguintes altera\u00e7\u00f5es:<\/p>\n\n\n\n<blockquote class=\"wp-block-quote is-layout-flow wp-block-quote-is-layout-flow\"><p>\u201cArt. &nbsp;10. O Conselho Nacional de Tr\u00e2nsito (Contran), com sede no Distrito Federal, tem a seguinte composi\u00e7\u00e3o:<\/p><p>&#8230;&#8230;&#8230;&#8230;&#8230;&#8230;&#8230;&#8230;&#8230;&#8230;&#8230;&#8230;&#8230;&#8230;&#8230;&#8230;&#8230;&#8230;&#8230;&#8230;&#8230;&#8230;&#8230;&#8230;&#8230;&#8230;&#8230;&#8230;&#8230;&#8230;&#8230;&#8230;&#8230;&#8230;&#8230;&#8230;&#8230;&#8230;&#8230;&#8230;.<\/p><p>II-A &#8211; Ministro de Estado da Infraestrutura, que o presidir\u00e1;<\/p><p>III &#8211; Ministro de Estado da Ci\u00eancia, Tecnologia e Inova\u00e7\u00f5es;<\/p><p>IV &#8211; Ministro de Estado da Educa\u00e7\u00e3o;<\/p><p>V &#8211; Ministro de Estado da Defesa;<\/p><p>VI &#8211; Ministro de Estado do Meio Ambiente;<\/p><p>VII &#8211; (revogado);<\/p><p>&#8230;&#8230;&#8230;&#8230;&#8230;&#8230;&#8230;&#8230;&#8230;&#8230;&#8230;&#8230;&#8230;&#8230;&#8230;&#8230;&#8230;&#8230;&#8230;&#8230;&#8230;&#8230;&#8230;&#8230;&#8230;&#8230;&#8230;&#8230;&#8230;&#8230;&#8230;&#8230;&#8230;&#8230;&#8230;&#8230;&#8230;&#8230;&#8230;&#8230;..<\/p><p>XX &#8211; (revogado);<\/p><p>&#8230;&#8230;&#8230;&#8230;&#8230;&#8230;&#8230;&#8230;&#8230;&#8230;&#8230;&#8230;&#8230;&#8230;&#8230;&#8230;&#8230;&#8230;&#8230;&#8230;&#8230;&#8230;&#8230;&#8230;&#8230;&#8230;&#8230;&#8230;&#8230;&#8230;&#8230;&#8230;&#8230;&#8230;&#8230;&#8230;&#8230;&#8230;&#8230;&#8230;..<\/p><p>XXII &#8211; Ministro de Estado da Sa\u00fade;<\/p><p>XXIII &#8211; Ministro de Estado da Justi\u00e7a e Seguran\u00e7a P\u00fablica;<\/p><p>XXIV &#8211; Ministro de Estado das Rela\u00e7\u00f5es Exteriores;<\/p><p>XXV &#8211; (revogado);<\/p><p>XXVI &#8211; Ministro de Estado da Economia; e<\/p><p>XXVII &#8211; Ministro de Estado da Agricultura, Pecu\u00e1ria e Abastecimento.<\/p><p>&#8230;&#8230;&#8230;&#8230;&#8230;&#8230;&#8230;&#8230;&#8230;&#8230;&#8230;&#8230;&#8230;&#8230;&#8230;&#8230;&#8230;&#8230;&#8230;&#8230;&#8230;&#8230;&#8230;&#8230;&#8230;&#8230;&#8230;&#8230;&#8230;&#8230;&#8230;&#8230;&#8230;&#8230;&#8230;&#8230;&#8230;&#8230;&#8230;&#8230;&#8230;<\/p><p>\u00a7 4\u00ba &nbsp;Os Ministros de Estado dever\u00e3o indicar suplente, que ser\u00e1 servidor de n\u00edvel hier\u00e1rquico igual ou superior ao n\u00edvel 6 do Grupo-Dire\u00e7\u00e3o e Assessoramento Superiores &#8211; DAS ou, no caso do Minist\u00e9rio da Defesa, alternativamente, Oficial-General.<\/p><p>\u00a7 5\u00ba &nbsp;Compete ao dirigente do \u00f3rg\u00e3o m\u00e1ximo executivo de tr\u00e2nsito da Uni\u00e3o atuar como Secret\u00e1rio-Executivo do Contran.<\/p><p>\u00a7 6\u00ba &nbsp;O qu\u00f3rum de vota\u00e7\u00e3o e de aprova\u00e7\u00e3o no Contran \u00e9 o de maioria absoluta.\u201d (NR)<\/p><p>\u201cArt. 10-A. &nbsp;Poder\u00e3o ser convidados a participar de reuni\u00f5es do Contran, sem direito a voto, representantes de \u00f3rg\u00e3os e entidades setoriais respons\u00e1veis ou impactados pelas propostas ou mat\u00e9rias em exame.\u201d<\/p><p>\u201cArt. 12. &#8230;&#8230;&#8230;&#8230;&#8230;&#8230;&#8230;&#8230;&#8230;&#8230;&#8230;&#8230;&#8230;&#8230;&#8230;&#8230;&#8230;&#8230;&#8230;&#8230;&#8230;&#8230;&#8230;&#8230;&#8230;&#8230;&#8230;&#8230;&#8230;&#8230;&#8230;&#8230;&#8230;.<\/p><p>&#8230;&#8230;&#8230;&#8230;&#8230;&#8230;&#8230;&#8230;&#8230;&#8230;&#8230;&#8230;&#8230;&#8230;&#8230;&#8230;&#8230;&#8230;&#8230;&#8230;&#8230;&#8230;&#8230;&#8230;&#8230;&#8230;&#8230;&#8230;&#8230;&#8230;&#8230;&#8230;&#8230;&#8230;&#8230;&#8230;&#8230;&#8230;&#8230;.<\/p><p>VIII &#8211; estabelecer e normatizar os procedimentos para o enquadramento das condutas expressamente referidas neste C\u00f3digo, para a fiscaliza\u00e7\u00e3o e a aplica\u00e7\u00e3o das medidas administrativas e das penalidades por infra\u00e7\u00f5es e para a arrecada\u00e7\u00e3o das multas aplicadas e o repasse dos valores arrecadados;<\/p><p>&#8230;&#8230;&#8230;&#8230;&#8230;&#8230;&#8230;&#8230;&#8230;&#8230;&#8230;&#8230;&#8230;&#8230;&#8230;&#8230;&#8230;&#8230;&#8230;&#8230;&#8230;&#8230;&#8230;&#8230;&#8230;&#8230;&#8230;&#8230;&#8230;&#8230;&#8230;&#8230;&#8230;&#8230;&#8230;&#8230;&#8230;&#8230;&#8230;..<\/p><p>XII &#8211; (revogado);<\/p><p>&#8230;&#8230;&#8230;&#8230;&#8230;&#8230;&#8230;&#8230;&#8230;&#8230;&#8230;&#8230;&#8230;&#8230;&#8230;&#8230;&#8230;&#8230;&#8230;&#8230;&#8230;&#8230;&#8230;&#8230;&#8230;&#8230;&#8230;&#8230;&#8230;&#8230;&#8230;&#8230;&#8230;&#8230;&#8230;&#8230;&#8230;&#8230;&#8230;.<\/p><p>\u00a7 1\u00ba &nbsp;As propostas de normas regulamentares de que trata o inciso I do&nbsp;<strong>caput<\/strong>&nbsp;deste artigo ser\u00e3o submetidas a pr\u00e9via consulta p\u00fablica, por meio da rede mundial de computadores, pelo per\u00edodo m\u00ednimo de 30 (trinta) dias, antes do exame da mat\u00e9ria pelo Contran.<\/p><p>\u00a7 2\u00ba &nbsp;As contribui\u00e7\u00f5es recebidas na consulta p\u00fablica de que trata o \u00a7 1\u00ba deste artigo ficar\u00e3o \u00e0 disposi\u00e7\u00e3o do p\u00fablico pelo prazo de 2 (dois) anos, contado da data de encerramento da consulta p\u00fablica.<\/p><p>\u00a7 3\u00ba &nbsp;Em caso de urg\u00eancia e de relevante interesse p\u00fablico, o Presidente do Contran poder\u00e1 editar delibera\u00e7\u00e3o,&nbsp;<strong>ad referendum<\/strong>&nbsp;do Conselho e com prazo de validade m\u00e1ximo de 90 (noventa) dias, para estabelecer norma regulamentar prevista no inciso I do&nbsp;<strong>caput<\/strong>, dispensado o cumprimento do disposto nos \u00a7\u00a7 1\u00ba e 2\u00ba deste artigo, vedada a reedi\u00e7\u00e3o.<\/p><p>\u00a7 4\u00ba &nbsp;Encerrado o prazo previsto no \u00a7 3\u00ba deste artigo sem o referendo do Contran, a delibera\u00e7\u00e3o perder\u00e1 a sua efic\u00e1cia, e permanecer\u00e3o v\u00e1lidos os efeitos dela decorrentes.<\/p><p>\u00a7 5\u00ba &nbsp;Norma do Contran poder\u00e1 dispor sobre o uso de sinaliza\u00e7\u00e3o horizontal ou vertical que utilize t\u00e9cnicas de est\u00edmulos comportamentais para a redu\u00e7\u00e3o de acidentes de tr\u00e2nsito.\u201d (NR)<\/p><p>\u201cArt. 13. &#8230;&#8230;&#8230;&#8230;&#8230;&#8230;&#8230;&#8230;&#8230;&#8230;&#8230;&#8230;&#8230;&#8230;&#8230;&#8230;&#8230;&#8230;&#8230;&#8230;&#8230;&#8230;&#8230;&#8230;&#8230;&#8230;&#8230;&#8230;&#8230;&#8230;&#8230;&#8230;.<\/p><p>&#8230;&#8230;&#8230;&#8230;&#8230;&#8230;&#8230;&#8230;&#8230;&#8230;&#8230;&#8230;&#8230;&#8230;&#8230;&#8230;&#8230;&#8230;&#8230;&#8230;&#8230;&#8230;&#8230;&#8230;&#8230;&#8230;&#8230;&#8230;&#8230;&#8230;&#8230;&#8230;&#8230;&#8230;&#8230;&#8230;&#8230;&#8230;..<\/p><p>\u00a7 3\u00ba &nbsp;A coordena\u00e7\u00e3o das C\u00e2maras Tem\u00e1ticas ser\u00e1 exercida por representantes do \u00f3rg\u00e3o m\u00e1ximo executivo de tr\u00e2nsito da Uni\u00e3o ou dos Minist\u00e9rios representados no Contran, conforme definido no ato de cria\u00e7\u00e3o de cada C\u00e2mara Tem\u00e1tica.<\/p><p>&#8230;&#8230;&#8230;&#8230;&#8230;&#8230;&#8230;&#8230;&#8230;&#8230;&#8230;&#8230;&#8230;&#8230;&#8230;&#8230;&#8230;&#8230;&#8230;&#8230;&#8230;&#8230;&#8230;&#8230;&#8230;&#8230;&#8230;&#8230;&#8230;&#8230;&#8230;&#8230;&#8230;&#8230;&#8230;. \u201d (NR)<\/p><p>\u201cArt. 19. &#8230;&#8230;&#8230;&#8230;&#8230;&#8230;&#8230;&#8230;&#8230;&#8230;&#8230;&#8230;&#8230;&#8230;&#8230;&#8230;&#8230;&#8230;&#8230;&#8230;&#8230;&#8230;&#8230;&#8230;&#8230;&#8230;&#8230;&#8230;&#8230;&#8230;&#8230;&#8230;<\/p><p>&#8230;&#8230;&#8230;&#8230;&#8230;&#8230;&#8230;&#8230;&#8230;&#8230;&#8230;&#8230;&#8230;&#8230;&#8230;&#8230;&#8230;&#8230;&#8230;&#8230;&#8230;&#8230;&#8230;&#8230;&#8230;&#8230;&#8230;&#8230;&#8230;&#8230;&#8230;&#8230;&#8230;&#8230;&#8230;&#8230;&#8230;&#8230;<\/p><p>XXXI &#8211; organizar, manter e atualizar o Registro Nacional Positivo de Condutores (RNPC).<\/p><p>&#8230;&#8230;&#8230;&#8230;&#8230;&#8230;&#8230;&#8230;&#8230;&#8230;&#8230;&#8230;&#8230;&#8230;&#8230;&#8230;&#8230;&#8230;&#8230;&#8230;&#8230;&#8230;&#8230;&#8230;&#8230;&#8230;&#8230;&#8230;&#8230;&#8230;&#8230;&#8230;&#8230;&#8230;&#8230;.. \u201d (NR)<\/p><p>\u201cArt. 20. &#8230;&#8230;&#8230;&#8230;&#8230;&#8230;&#8230;&#8230;&#8230;&#8230;&#8230;&#8230;&#8230;&#8230;&#8230;&#8230;&#8230;&#8230;&#8230;&#8230;&#8230;&#8230;&#8230;&#8230;&#8230;&#8230;&#8230;&#8230;&#8230;&#8230;&#8230;&#8230;.<\/p><p>&#8230;&#8230;&#8230;&#8230;&#8230;&#8230;&#8230;&#8230;&#8230;&#8230;&#8230;&#8230;&#8230;&#8230;&#8230;&#8230;&#8230;&#8230;&#8230;&#8230;&#8230;&#8230;&#8230;&#8230;&#8230;&#8230;&#8230;&#8230;&#8230;&#8230;&#8230;&#8230;&#8230;&#8230;&#8230;&#8230;&#8230;&#8230;.<\/p><p>III &#8211; executar a fiscaliza\u00e7\u00e3o de tr\u00e2nsito, aplicar as penalidades de advert\u00eancia por escrito e multa e as medidas administrativas cab\u00edveis, com a notifica\u00e7\u00e3o dos infratores e a arrecada\u00e7\u00e3o das multas aplicadas e dos valores provenientes de estadia e remo\u00e7\u00e3o de ve\u00edculos, objetos e animais e de escolta de ve\u00edculos de cargas superdimensionadas ou perigosas;<\/p><p>&#8230;&#8230;&#8230;&#8230;&#8230;&#8230;&#8230;&#8230;&#8230;&#8230;&#8230;&#8230;&#8230;&#8230;&#8230;&#8230;&#8230;&#8230;&#8230;&#8230;&#8230;&#8230;&#8230;&#8230;&#8230;&#8230;&#8230;&#8230;&#8230;&#8230;&#8230;&#8230;&#8230;&#8230;&#8230;&#8230;&#8230;&#8230;&#8230;<\/p><p>XII &#8211; aplicar a penalidade de suspens\u00e3o do direito de dirigir, quando prevista de forma espec\u00edfica para a infra\u00e7\u00e3o cometida, e comunicar a aplica\u00e7\u00e3o da penalidade ao \u00f3rg\u00e3o m\u00e1ximo executivo de tr\u00e2nsito da Uni\u00e3o.\u201d (NR)<\/p><p>\u201cArt. 21. &#8230;&#8230;&#8230;&#8230;&#8230;&#8230;&#8230;&#8230;&#8230;&#8230;&#8230;&#8230;&#8230;&#8230;&#8230;&#8230;&#8230;&#8230;&#8230;&#8230;&#8230;&#8230;&#8230;&#8230;&#8230;&#8230;&#8230;&#8230;&#8230;&#8230;&#8230;&#8230;&#8230;<\/p><p>&#8230;&#8230;&#8230;&#8230;&#8230;&#8230;&#8230;&#8230;&#8230;&#8230;&#8230;&#8230;&#8230;&#8230;&#8230;&#8230;&#8230;&#8230;&#8230;&#8230;&#8230;&#8230;&#8230;&#8230;&#8230;&#8230;&#8230;&#8230;&#8230;&#8230;&#8230;&#8230;&#8230;&#8230;&#8230;&#8230;&#8230;&#8230;&#8230;.<\/p><p>XV &#8211; aplicar a penalidade de suspens\u00e3o do direito de dirigir, quando prevista de forma espec\u00edfica para a infra\u00e7\u00e3o cometida, e comunicar a aplica\u00e7\u00e3o da penalidade ao \u00f3rg\u00e3o m\u00e1ximo executivo de tr\u00e2nsito da Uni\u00e3o.<\/p><p>&#8230;&#8230;&#8230;&#8230;&#8230;&#8230;&#8230;&#8230;&#8230;&#8230;&#8230;&#8230;&#8230;&#8230;&#8230;&#8230;&#8230;&#8230;&#8230;&#8230;&#8230;&#8230;&#8230;&#8230;&#8230;&#8230;&#8230;&#8230;&#8230;&#8230;&#8230;&#8230;&#8230;&#8230;&#8230;&#8230;&#8230;\u201d (NR)<\/p><p>\u201cArt. 22&#8230;&#8230;&#8230;&#8230;&#8230;&#8230;&#8230;&#8230;&#8230;&#8230;&#8230;&#8230;&#8230;&#8230;&#8230;&#8230;&#8230;&#8230;&#8230;&#8230;&#8230;&#8230;&#8230;&#8230;&#8230;&#8230;&#8230;&#8230;&#8230;&#8230;&#8230;&#8230;&#8230;&#8230;<\/p><p>&#8230;&#8230;&#8230;&#8230;&#8230;&#8230;&#8230;&#8230;&#8230;&#8230;&#8230;&#8230;&#8230;&#8230;&#8230;&#8230;&#8230;&#8230;&#8230;&#8230;&#8230;&#8230;&#8230;&#8230;&#8230;&#8230;&#8230;&#8230;&#8230;&#8230;&#8230;&#8230;&#8230;&#8230;&#8230;&#8230;&#8230;&#8230;&#8230;..<\/p><p>II &#8211; realizar, fiscalizar e controlar o processo de forma\u00e7\u00e3o, de aperfei\u00e7oamento, de reciclagem e de suspens\u00e3o de condutores e expedir e cassar Licen\u00e7a de Aprendizagem, Permiss\u00e3o para Dirigir e Carteira Nacional de Habilita\u00e7\u00e3o, mediante delega\u00e7\u00e3o do \u00f3rg\u00e3o m\u00e1ximo executivo de tr\u00e2nsito da Uni\u00e3o;<\/p><p>III &#8211; vistoriar, inspecionar as condi\u00e7\u00f5es de seguran\u00e7a veicular, registrar, emplacar e licenciar ve\u00edculos, com a expedi\u00e7\u00e3o dos Certificados de Registro de Ve\u00edculo e de Licenciamento Anual, mediante delega\u00e7\u00e3o do \u00f3rg\u00e3o m\u00e1ximo executivo de tr\u00e2nsito da Uni\u00e3o;<\/p><p>&#8230;&#8230;&#8230;&#8230;&#8230;&#8230;&#8230;&#8230;&#8230;&#8230;&#8230;&#8230;&#8230;&#8230;&#8230;&#8230;&#8230;&#8230;&#8230;&#8230;&#8230;&#8230;&#8230;&#8230;&#8230;&#8230;&#8230;&#8230;&#8230;&#8230;&#8230;&#8230;&#8230;&#8230;&#8230;&#8230;&#8230;&#8230;&#8230;&#8230;<\/p><p>XVII &#8211; criar, implantar e manter escolas p\u00fablicas de tr\u00e2nsito, destinadas \u00e0 educa\u00e7\u00e3o de crian\u00e7as e adolescentes, por meio de aulas te\u00f3ricas e pr\u00e1ticas sobre legisla\u00e7\u00e3o, sinaliza\u00e7\u00e3o e comportamento no tr\u00e2nsito.<\/p><p>Par\u00e1grafo \u00fanico. As compet\u00eancias descritas no inciso II do&nbsp;<strong>caput<\/strong>&nbsp;deste artigo relativas ao processo de suspens\u00e3o de condutores ser\u00e3o exercidas quando:<\/p><p>I &#8211; o condutor atingir o limite de pontos estabelecido no inciso I do art. 261 deste C\u00f3digo;<\/p><p>II &#8211; a infra\u00e7\u00e3o previr a penalidade de suspens\u00e3o do direito de dirigir de forma espec\u00edfica e a autua\u00e7\u00e3o tiver sido efetuada pelo pr\u00f3prio \u00f3rg\u00e3o executivo estadual de tr\u00e2nsito.\u201d (NR)<\/p><p>\u201cArt. 24&#8230;&#8230;&#8230;&#8230;&#8230;&#8230;&#8230;&#8230;&#8230;&#8230;&#8230;&#8230;&#8230;&#8230;&#8230;&#8230;&#8230;&#8230;&#8230;&#8230;&#8230;&#8230;&#8230;&#8230;&#8230;&#8230;&#8230;&#8230;&#8230;&#8230;&#8230;&#8230;&#8230;..<\/p><p>&#8230;&#8230;&#8230;&#8230;&#8230;&#8230;&#8230;&#8230;&#8230;&#8230;&#8230;&#8230;&#8230;&#8230;&#8230;&#8230;&#8230;&#8230;&#8230;&#8230;&#8230;&#8230;&#8230;&#8230;&#8230;&#8230;&#8230;&#8230;&#8230;&#8230;&#8230;&#8230;&#8230;&#8230;&#8230;&#8230;&#8230;&#8230;&#8230;..<\/p><p>II &#8211; planejar, projetar, regulamentar e operar o tr\u00e2nsito de ve\u00edculos, de pedestres e de animais e promover o desenvolvimento, tempor\u00e1rio ou definitivo, da circula\u00e7\u00e3o, da seguran\u00e7a e das \u00e1reas de prote\u00e7\u00e3o de ciclistas;<\/p><p>&#8230;&#8230;&#8230;&#8230;&#8230;&#8230;&#8230;&#8230;&#8230;&#8230;&#8230;&#8230;&#8230;&#8230;&#8230;&#8230;&#8230;&#8230;&#8230;&#8230;&#8230;&#8230;&#8230;&#8230;&#8230;&#8230;&#8230;&#8230;&#8230;&#8230;&#8230;&#8230;&#8230;&#8230;&#8230;&#8230;&#8230;&#8230;&#8230;&#8230;<\/p><p>XXII &#8211; aplicar a penalidade de suspens\u00e3o do direito de dirigir, quando prevista de forma espec\u00edfica para a infra\u00e7\u00e3o cometida, e comunicar a aplica\u00e7\u00e3o da penalidade ao \u00f3rg\u00e3o m\u00e1ximo executivo de tr\u00e2nsito da Uni\u00e3o;<\/p><p>XXIII &#8211; criar, implantar e manter escolas p\u00fablicas de tr\u00e2nsito, destinadas \u00e0 educa\u00e7\u00e3o de crian\u00e7as e adolescentes, por meio de aulas te\u00f3ricas e pr\u00e1ticas sobre legisla\u00e7\u00e3o, sinaliza\u00e7\u00e3o e comportamento no tr\u00e2nsito.<\/p><p>&#8230;&#8230;&#8230;&#8230;&#8230;&#8230;&#8230;&#8230;&#8230;&#8230;&#8230;&#8230;&#8230;&#8230;&#8230;&#8230;&#8230;&#8230;&#8230;&#8230;&#8230;&#8230;&#8230;&#8230;&#8230;&#8230;&#8230;&#8230;&#8230;&#8230;&#8230;&#8230;&#8230;&#8230;&#8230;&#8230;&#8230;&#8230;&#8230;..<\/p><p>\u00a7 2\u00ba Para exercer as compet\u00eancias estabelecidas neste artigo, os Munic\u00edpios dever\u00e3o integrar-se ao Sistema Nacional de Tr\u00e2nsito, por meio de \u00f3rg\u00e3o ou entidade executivos de tr\u00e2nsito ou diretamente por meio da prefeitura municipal, conforme previsto no art. 333 deste C\u00f3digo.\u201d (NR)<\/p><p>Art. 25. &#8230;&#8230;&#8230;&#8230;&#8230;&#8230;&#8230;&#8230;&#8230;&#8230;&#8230;&#8230;&#8230;&#8230;&#8230;&#8230;&#8230;&#8230;&#8230;&#8230;&#8230;&#8230;&#8230;&#8230;&#8230;&#8230;&#8230;&#8230;&#8230;&#8230;&#8230;&#8230;&#8230;&#8230;<\/p><p>\u00a7 1\u00ba &#8230;&#8230;&#8230;&#8230;&#8230;&#8230;&#8230;&#8230;&#8230;&#8230;&#8230;&#8230;&#8230;&#8230;&#8230;&#8230;&#8230;&#8230;&#8230;&#8230;&#8230;&#8230;&#8230;&#8230;&#8230;&#8230;&#8230;&#8230;&#8230;&#8230;&#8230;&#8230;&#8230;&#8230;&#8230;.<\/p><p>\u00a7 2\u00ba &nbsp;Quando n\u00e3o houver \u00f3rg\u00e3o ou entidade executivos de tr\u00e2nsito no respectivo Munic\u00edpio, o conv\u00eanio de que trata o&nbsp;<strong>caput<\/strong>&nbsp;deste artigo poder\u00e1 ser celebrado diretamente pela prefeitura municipal com \u00f3rg\u00e3o ou entidade que integre o Sistema Nacional de Tr\u00e2nsito, permitido, inclusive, o cons\u00f3rcio com outro ente federativo.\u201d (NR)<\/p><p>\u201cArt. 25-A. &nbsp;Os agentes dos \u00f3rg\u00e3os policiais da C\u00e2mara dos Deputados e do Senado Federal, a que se referem o&nbsp;<a href=\"http:\/\/www.planalto.gov.br\/ccivil_03\/Constituicao\/Constituicao.htm#art51iv\">inciso IV do&nbsp;<strong>caput<\/strong>&nbsp;do art. 51<\/a>&nbsp;e o&nbsp;<a href=\"http:\/\/www.planalto.gov.br\/ccivil_03\/Constituicao\/Constituicao.htm#art52xiii\">inciso XIII do&nbsp;<strong>caput<\/strong>&nbsp;do art. 52 da Constitui\u00e7\u00e3o Federal<\/a>, respectivamente, mediante conv\u00eanio com o \u00f3rg\u00e3o ou entidade de tr\u00e2nsito com circunscri\u00e7\u00e3o sobre a via, poder\u00e3o lavrar auto de infra\u00e7\u00e3o de tr\u00e2nsito e remet\u00ea-lo ao \u00f3rg\u00e3o competente, nos casos em que a infra\u00e7\u00e3o cometida nas adjac\u00eancias do Congresso Nacional ou nos locais sob sua responsabilidade comprometer objetivamente os servi\u00e7os ou colocar em risco a incolumidade das pessoas ou o patrim\u00f4nio das respectivas Casas Legislativas.<\/p><p>Par\u00e1grafo \u00fanico. Para atuarem na fiscaliza\u00e7\u00e3o de tr\u00e2nsito, os agentes mencionados no&nbsp;<strong>caput<\/strong>&nbsp;deste artigo dever\u00e3o receber treinamento espec\u00edfico para o exerc\u00edcio das atividades, conforme regulamenta\u00e7\u00e3o do Contran.\u201d<\/p><p>\u201cArt. 29. &#8230;&#8230;&#8230;&#8230;&#8230;&#8230;&#8230;&#8230;&#8230;&#8230;&#8230;&#8230;&#8230;&#8230;&#8230;&#8230;&#8230;&#8230;&#8230;&#8230;&#8230;&#8230;&#8230;&#8230;&#8230;&#8230;&#8230;&#8230;&#8230;&#8230;&#8230;&#8230;&#8230;<\/p><p>&#8230;&#8230;&#8230;&#8230;&#8230;&#8230;&#8230;&#8230;&#8230;&#8230;&#8230;&#8230;&#8230;&#8230;&#8230;&#8230;&#8230;&#8230;&#8230;&#8230;&#8230;&#8230;&#8230;&#8230;&#8230;&#8230;&#8230;&#8230;&#8230;&#8230;&#8230;&#8230;&#8230;&#8230;&#8230;&#8230;&#8230;&#8230;&#8230;.<\/p><p>VII &#8211; os ve\u00edculos destinados a socorro de inc\u00eandio e salvamento, os de pol\u00edcia, os de fiscaliza\u00e7\u00e3o e opera\u00e7\u00e3o de tr\u00e2nsito e as ambul\u00e2ncias, al\u00e9m de prioridade no tr\u00e2nsito, gozam de livre circula\u00e7\u00e3o, estacionamento e parada, quando em servi\u00e7o de urg\u00eancia, de policiamento ostensivo ou de preserva\u00e7\u00e3o da ordem p\u00fablica, observadas as seguintes disposi\u00e7\u00f5es:<\/p><p>a) quando os dispositivos regulamentares de alarme sonoro e ilumina\u00e7\u00e3o intermitente estiverem acionados, indicando a proximidade dos ve\u00edculos, todos os condutores dever\u00e3o deixar livre a passagem pela faixa da esquerda, indo para a direita da via e parando, se necess\u00e1rio;<\/p><p>b) os pedestres, ao ouvirem o alarme sonoro ou avistarem a luz intermitente, dever\u00e3o aguardar no passeio e somente atravessar a via quando o ve\u00edculo j\u00e1 tiver passado pelo local;<\/p><p>&#8230;&#8230;&#8230;&#8230;&#8230;&#8230;&#8230;&#8230;&#8230;&#8230;&#8230;&#8230;&#8230;&#8230;&#8230;&#8230;&#8230;&#8230;&#8230;&#8230;&#8230;&#8230;&#8230;&#8230;&#8230;&#8230;&#8230;&#8230;&#8230;&#8230;&#8230;&#8230;&#8230;&#8230;&#8230;&#8230;&#8230;&#8230;&#8230;.<\/p><p>e) as prerrogativas de livre circula\u00e7\u00e3o e de parada ser\u00e3o aplicadas somente quando os ve\u00edculos estiverem identificados por dispositivos regulamentares de alarme sonoro e ilumina\u00e7\u00e3o intermitente;<\/p><p>f) a prerrogativa de livre estacionamento ser\u00e1 aplicada somente quando os ve\u00edculos estiverem identificados por dispositivos regulamentares de ilumina\u00e7\u00e3o intermitente;<\/p><p>&#8230;&#8230;&#8230;&#8230;&#8230;&#8230;&#8230;&#8230;&#8230;&#8230;&#8230;&#8230;&#8230;&#8230;&#8230;&#8230;&#8230;&#8230;&#8230;&#8230;&#8230;&#8230;&#8230;&#8230;&#8230;&#8230;&#8230;&#8230;&#8230;&#8230;&#8230;&#8230;&#8230;&#8230;&#8230;&#8230;&#8230;&#8230;&#8230;&#8230;<\/p><p>\u00a7 3\u00ba &nbsp;Compete ao Contran regulamentar os dispositivos de alarme sonoro e ilumina\u00e7\u00e3o intermitente previstos no inciso VII do&nbsp;<strong>caput<\/strong>&nbsp;deste artigo.<\/p><p>\u00a7 4\u00ba &nbsp;Em situa\u00e7\u00f5es especiais, ato da autoridade m\u00e1xima federal de seguran\u00e7a p\u00fablica poder\u00e1 dispor sobre a aplica\u00e7\u00e3o das exce\u00e7\u00f5es tratadas no inciso VII do&nbsp;<strong>caput<\/strong>&nbsp;deste artigo aos ve\u00edculos oficiais descaracterizados.\u201d (NR)<\/p><p>\u201cArt. 40. &#8230;&#8230;&#8230;&#8230;&#8230;&#8230;&#8230;&#8230;&#8230;&#8230;&#8230;&#8230;&#8230;&#8230;&#8230;&#8230;&#8230;&#8230;&#8230;&#8230;&#8230;&#8230;&#8230;&#8230;&#8230;&#8230;&#8230;&#8230;&#8230;&#8230;&#8230;&#8230;&#8230;..<\/p><p>I &#8211; o condutor manter\u00e1 acesos os far\u00f3is do ve\u00edculo, por meio da utiliza\u00e7\u00e3o da luz baixa:<\/p><p>a) \u00e0 noite;<\/p><p>b) mesmo durante o dia, em t\u00faneis e sob chuva, neblina ou cerra\u00e7\u00e3o;<\/p><p>&#8230;&#8230;&#8230;&#8230;&#8230;&#8230;&#8230;&#8230;&#8230;&#8230;&#8230;&#8230;&#8230;&#8230;&#8230;&#8230;&#8230;&#8230;&#8230;&#8230;&#8230;&#8230;&#8230;&#8230;&#8230;&#8230;&#8230;&#8230;&#8230;&#8230;&#8230;&#8230;&#8230;&#8230;&#8230;&#8230;&#8230;&#8230;&#8230;&#8230;<\/p><p>IV &#8211; (revogado);<\/p><p>&#8230;&#8230;&#8230;&#8230;&#8230;&#8230;&#8230;&#8230;&#8230;&#8230;&#8230;&#8230;&#8230;&#8230;&#8230;&#8230;&#8230;&#8230;&#8230;&#8230;&#8230;&#8230;&#8230;&#8230;&#8230;&#8230;&#8230;&#8230;&#8230;&#8230;&#8230;&#8230;&#8230;&#8230;&#8230;&#8230;&#8230;&#8230;&#8230;&#8230;<\/p><p>\u00a7 1\u00ba &nbsp;Os ve\u00edculos de transporte coletivo de passageiros, quando circularem em faixas ou pistas a eles destinadas, e as motocicletas, motonetas e ciclomotores dever\u00e3o utilizar-se de farol de luz baixa durante o dia e \u00e0 noite.<\/p><p>\u00a7 2\u00ba &nbsp;Os ve\u00edculos que n\u00e3o dispuserem de luzes de rodagem diurna dever\u00e3o manter acesos os far\u00f3is nas rodovias de pista simples situadas fora dos per\u00edmetros urbanos, mesmo durante o dia.\u201d (NR)<\/p><p>\u201cArt. 44-A. &nbsp;\u00c9 livre o movimento de convers\u00e3o \u00e0 direita diante de sinal vermelho do sem\u00e1foro onde houver sinaliza\u00e7\u00e3o indicativa que permita essa convers\u00e3o, observados os arts. 44, 45 e 70 deste C\u00f3digo.\u201d<\/p><p>\u201cArt. 56-A. &nbsp;(VETADO).\u201d<\/p><p>\u201cArt. 64. &nbsp;As crian\u00e7as com idade inferior a 10 (dez) anos que n\u00e3o tenham atingido 1,45 m (um metro e quarenta e cinco cent\u00edmetros) de altura devem ser transportadas nos bancos traseiros, em dispositivo de reten\u00e7\u00e3o adequado para cada idade, peso e altura, salvo exce\u00e7\u00f5es relacionadas a tipos espec\u00edficos de ve\u00edculos regulamentadas pelo Contran.<\/p><p>Par\u00e1grafo \u00fanico. O Contran disciplinar\u00e1 o uso excepcional de dispositivos de reten\u00e7\u00e3o no banco dianteiro do ve\u00edculo e as especifica\u00e7\u00f5es t\u00e9cnicas dos dispositivos de reten\u00e7\u00e3o a que se refere o&nbsp;<strong>caput<\/strong>&nbsp;deste artigo.\u201d (NR)<\/p><p>\u201cArt. 98 &#8230;&#8230;&#8230;&#8230;&#8230;&#8230;&#8230;&#8230;&#8230;&#8230;&#8230;&#8230;&#8230;&#8230;&#8230;&#8230;&#8230;&#8230;&#8230;&#8230;&#8230;&#8230;&#8230;&#8230;&#8230;&#8230;&#8230;&#8230;&#8230;&#8230;&#8230;&#8230;&#8230;..<\/p><p>\u00a7 1\u00ba &nbsp;&#8230;&#8230;&#8230;&#8230;&#8230;&#8230;&#8230;&#8230;&#8230;&#8230;&#8230;&#8230;&#8230;&#8230;&#8230;&#8230;&#8230;&#8230;&#8230;&#8230;&#8230;&#8230;&#8230;&#8230;&#8230;&#8230;&#8230;&#8230;&#8230;&#8230;&#8230;&#8230;&#8230;&#8230;&#8230;<\/p><p>\u00a7 2\u00ba &nbsp;Ve\u00edculos classificados na esp\u00e9cie misto, tipo utilit\u00e1rio, carro\u00e7aria jipe poder\u00e3o ter alterado o di\u00e2metro externo do conjunto formado por roda e pneu, observadas restri\u00e7\u00f5es impostas pelo fabricante e exig\u00eancias fixadas pelo Contran.\u201d (NR)<\/p><p>\u201cArt. 101. &nbsp;Ao ve\u00edculo ou \u00e0 combina\u00e7\u00e3o de ve\u00edculos utilizados no transporte de carga que n\u00e3o se enquadre nos limites de peso e dimens\u00f5es estabelecidos pelo Contran, poder\u00e1 ser concedida, pela autoridade com circunscri\u00e7\u00e3o sobre a via, autoriza\u00e7\u00e3o especial de tr\u00e2nsito, com prazo certo, v\u00e1lida para cada viagem ou por per\u00edodo, atendidas as medidas de seguran\u00e7a consideradas necess\u00e1rias, conforme regulamenta\u00e7\u00e3o do Contran.<\/p><p>\u00a7 1\u00ba &nbsp;(VETADO).<\/p><p>&#8230;&#8230;&#8230;&#8230;&#8230;&#8230;&#8230;&#8230;&#8230;&#8230;&#8230;&#8230;&#8230;&#8230;&#8230;&#8230;&#8230;&#8230;&#8230;&#8230;&#8230;&#8230;&#8230;&#8230;&#8230;&#8230;&#8230;&#8230;&#8230;&#8230;&#8230;&#8230;&#8230;&#8230;&#8230;&#8230;.\u201d (NR)<\/p><p>\u201cArt. 105. &#8230;&#8230;&#8230;&#8230;&#8230;&#8230;&#8230;&#8230;&#8230;&#8230;&#8230;&#8230;&#8230;&#8230;&#8230;&#8230;&#8230;&#8230;&#8230;&#8230;&#8230;&#8230;&#8230;&#8230;&#8230;&#8230;&#8230;&#8230;&#8230;&#8230;&#8230;&#8230;<\/p><p>&#8230;&#8230;&#8230;&#8230;&#8230;&#8230;&#8230;&#8230;&#8230;&#8230;&#8230;&#8230;&#8230;&#8230;&#8230;&#8230;&#8230;&#8230;&#8230;&#8230;&#8230;&#8230;&#8230;&#8230;&#8230;&#8230;&#8230;&#8230;&#8230;&#8230;&#8230;&#8230;&#8230;&#8230;&#8230;&#8230;&#8230;&#8230;..<\/p><p>VIII &#8211; luzes de rodagem diurna.<\/p><p>&#8230;&#8230;&#8230;&#8230;&#8230;&#8230;&#8230;&#8230;&#8230;&#8230;&#8230;&#8230;&#8230;&#8230;&#8230;&#8230;&#8230;&#8230;&#8230;&#8230;&#8230;&#8230;&#8230;&#8230;&#8230;&#8230;&#8230;&#8230;&#8230;&#8230;&#8230;&#8230;&#8230;&#8230;&#8230;&#8230;..\u201d (NR)<\/p><p>\u201cArt. 106. &#8230;&#8230;&#8230;&#8230;&#8230;&#8230;&#8230;&#8230;&#8230;&#8230;&#8230;&#8230;&#8230;&#8230;&#8230;&#8230;&#8230;&#8230;&#8230;&#8230;&#8230;&#8230;&#8230;&#8230;&#8230;&#8230;&#8230;&#8230;&#8230;&#8230;&#8230;&#8230;.<\/p><p>Par\u00e1grafo \u00fanico. Quando se tratar de blindagem de ve\u00edculo, n\u00e3o ser\u00e1 exigido qualquer outro documento ou autoriza\u00e7\u00e3o para o registro ou o licenciamento.\u201d (NR)<\/p><p>\u201cArt. 121. &nbsp;Registrado o ve\u00edculo, expedir-se-\u00e1 o Certificado de Registro de Ve\u00edculo (CRV), em meio f\u00edsico e\/ou digital, \u00e0 escolha do propriet\u00e1rio, de acordo com os modelos e com as especifica\u00e7\u00f5es estabelecidos pelo Contran, com as caracter\u00edsticas e as condi\u00e7\u00f5es de invulnerabilidade \u00e0 falsifica\u00e7\u00e3o e \u00e0 adultera\u00e7\u00e3o.\u201d (NR)<\/p><p>\u201cArt. 129-B. &nbsp;O registro de contratos de garantias de aliena\u00e7\u00e3o fiduci\u00e1ria em opera\u00e7\u00f5es financeiras, cons\u00f3rcio, arrendamento mercantil, reserva de dom\u00ednio ou penhor ser\u00e1 realizado nos \u00f3rg\u00e3os ou entidades executivos de tr\u00e2nsito dos Estados e do Distrito Federal, em observ\u00e2ncia ao disposto no&nbsp;<a href=\"http:\/\/www.planalto.gov.br\/ccivil_03\/LEIS\/2002\/L10406.htm#art1361%C2%A71\">\u00a7 1\u00ba do art. 1.361 da Lei n\u00ba 10.406, de 10 de janeiro de 2002 (C\u00f3digo Civil)<\/a>, e na&nbsp;<a href=\"http:\/\/www.planalto.gov.br\/ccivil_03\/_Ato2015-2018\/2018\/Lei\/L13709.htm\">Lei n\u00ba 13.709, de 14 de agosto de 2018 (Lei Geral de Prote\u00e7\u00e3o de Dados Pessoais)<\/a>.\u201d<\/p><p>\u201cArt. 131. &nbsp;O Certificado de Licenciamento Anual ser\u00e1 expedido ao ve\u00edculo licenciado, vinculado ao Certificado de Registro de Ve\u00edculo, em meio f\u00edsico e\/ou digital, \u00e0 escolha do propriet\u00e1rio, de acordo com o modelo e com as especifica\u00e7\u00f5es estabelecidos pelo Contran.<\/p><p>&#8230;&#8230;&#8230;&#8230;&#8230;&#8230;&#8230;&#8230;&#8230;&#8230;&#8230;&#8230;&#8230;&#8230;&#8230;&#8230;&#8230;&#8230;&#8230;&#8230;&#8230;&#8230;&#8230;&#8230;&#8230;&#8230;&#8230;&#8230;&#8230;&#8230;&#8230;&#8230;&#8230;&#8230;&#8230;&#8230;&#8230;&#8230;&#8230;&#8230;<\/p><p>\u00a7 4\u00ba &nbsp;As informa\u00e7\u00f5es referentes \u00e0s campanhas de chamamento de consumidores para substitui\u00e7\u00e3o ou reparo de ve\u00edculos n\u00e3o atendidas no prazo de 1 (um) ano, contado da data de sua comunica\u00e7\u00e3o, dever\u00e3o constar do Certificado de Licenciamento Anual.<\/p><p>\u00a7 5\u00ba &nbsp;Ap\u00f3s a inclus\u00e3o das informa\u00e7\u00f5es de que trata o \u00a7 4\u00ba deste artigo no Certificado de Licenciamento Anual, o ve\u00edculo somente ser\u00e1 licenciado mediante comprova\u00e7\u00e3o do atendimento \u00e0s campanhas de chamamento de consumidores para substitui\u00e7\u00e3o ou reparo de ve\u00edculos.\u201d (NR)<\/p><p>\u201cArt. 134. &nbsp;No caso de transfer\u00eancia de propriedade, expirado o prazo previsto no \u00a7 1\u00ba do art. 123 deste C\u00f3digo sem que o novo propriet\u00e1rio tenha tomado as provid\u00eancias necess\u00e1rias \u00e0 efetiva\u00e7\u00e3o da expedi\u00e7\u00e3o do novo Certificado de Registro de Ve\u00edculo, o antigo propriet\u00e1rio dever\u00e1 encaminhar ao \u00f3rg\u00e3o executivo de tr\u00e2nsito do Estado ou do Distrito Federal, no prazo de 60 (sessenta) dias, c\u00f3pia autenticada do comprovante de transfer\u00eancia de propriedade, devidamente assinado e datado, sob pena de ter que se responsabilizar solidariamente pelas penalidades impostas e suas reincid\u00eancias at\u00e9 a data da comunica\u00e7\u00e3o.<\/p><p>Par\u00e1grafo \u00fanico. O comprovante de transfer\u00eancia de propriedade de que trata o&nbsp;<strong>caput<\/strong>&nbsp;deste artigo poder\u00e1 ser substitu\u00eddo por documento eletr\u00f4nico com assinatura eletr\u00f4nica v\u00e1lida, na forma regulamentada pelo Contran.\u201d (NR)<\/p><p>\u201cArt. 134-A. &nbsp;O Contran especificar\u00e1 as bicicletas motorizadas e equiparados n\u00e3o sujeitos ao registro, ao licenciamento e ao emplacamento para circula\u00e7\u00e3o nas vias\u201d.<\/p><p>\u201cArt. 138. &#8230;&#8230;&#8230;&#8230;&#8230;&#8230;&#8230;&#8230;&#8230;&#8230;&#8230;&#8230;&#8230;&#8230;&#8230;&#8230;&#8230;&#8230;&#8230;&#8230;&#8230;&#8230;&#8230;&#8230;&#8230;&#8230;&#8230;&#8230;&#8230;&#8230;&#8230;&#8230;&#8230;<\/p><p>&#8230;&#8230;&#8230;&#8230;&#8230;&#8230;&#8230;&#8230;&#8230;&#8230;&#8230;&#8230;&#8230;&#8230;&#8230;&#8230;&#8230;&#8230;&#8230;&#8230;&#8230;&#8230;&#8230;&#8230;&#8230;&#8230;&#8230;&#8230;&#8230;&#8230;&#8230;&#8230;&#8230;&#8230;&#8230;&#8230;&#8230;&#8230;&#8230;&#8230;<\/p><p>IV &#8211; n\u00e3o ter cometido mais de uma infra\u00e7\u00e3o grav\u00edssima nos 12 (doze) \u00faltimos meses;<\/p><p>&#8230;&#8230;&#8230;&#8230;&#8230;&#8230;&#8230;&#8230;&#8230;&#8230;&#8230;&#8230;&#8230;&#8230;&#8230;&#8230;&#8230;&#8230;&#8230;&#8230;&#8230;&#8230;&#8230;&#8230;&#8230;&#8230;&#8230;&#8230;&#8230;&#8230;&#8230;&#8230;&#8230;&#8230;&#8230;&#8230;&#8230;..\u201d (NR)<\/p><p>\u201cArt. 145. &#8230;&#8230;&#8230;&#8230;&#8230;&#8230;&#8230;&#8230;&#8230;&#8230;&#8230;&#8230;&#8230;&#8230;&#8230;&#8230;&#8230;&#8230;&#8230;&#8230;&#8230;&#8230;&#8230;&#8230;&#8230;&#8230;&#8230;&#8230;&#8230;&#8230;&#8230;&#8230;&#8230;.<\/p><p>&#8230;&#8230;&#8230;&#8230;&#8230;&#8230;&#8230;&#8230;&#8230;&#8230;&#8230;&#8230;&#8230;&#8230;&#8230;&#8230;&#8230;&#8230;&#8230;&#8230;&#8230;&#8230;&#8230;&#8230;&#8230;&#8230;&#8230;&#8230;&#8230;&#8230;&#8230;&#8230;&#8230;&#8230;&#8230;&#8230;&#8230;&#8230;&#8230;&#8230;.<\/p><p>III &#8211; n\u00e3o ter cometido mais de uma infra\u00e7\u00e3o grav\u00edssima nos \u00faltimos 12 (doze) meses;<\/p><p>&#8230;&#8230;&#8230;&#8230;&#8230;&#8230;&#8230;&#8230;&#8230;&#8230;&#8230;&#8230;&#8230;&#8230;&#8230;&#8230;&#8230;&#8230;&#8230;&#8230;&#8230;&#8230;&#8230;&#8230;&#8230;&#8230;&#8230;&#8230;&#8230;&#8230;&#8230;&#8230;&#8230;&#8230;&#8230;&#8230;&#8230;.\u201d (NR)<\/p><p>\u201cArt. 147. &nbsp;(VETADO):<\/p><p>&#8230;&#8230;&#8230;&#8230;&#8230;&#8230;&#8230;&#8230;&#8230;&#8230;&#8230;&#8230;&#8230;&#8230;&#8230;&#8230;&#8230;&#8230;&#8230;&#8230;&#8230;&#8230;&#8230;&#8230;&#8230;&#8230;&#8230;&#8230;&#8230;&#8230;&#8230;&#8230;&#8230;&#8230;&#8230;&#8230;&#8230;..<\/p><p>\u00a7 2\u00ba &nbsp;O exame de aptid\u00e3o f\u00edsica e mental, a ser realizado no local de resid\u00eancia ou domic\u00edlio do examinado, ser\u00e1 preliminar e renov\u00e1vel com a seguinte periodicidade:<\/p><p>I &#8211; a cada 10 (dez) anos, para condutores com idade inferior a 50 (cinquenta) anos;<\/p><p>II &#8211; a cada 5 (cinco) anos, para condutores com idade igual ou superior a 50 (cinquenta) anos e inferior a 70 (setenta) anos;<\/p><p>III &#8211; a cada 3 (tr\u00eas) anos, para condutores com idade igual ou superior a 70 (setenta) anos.<\/p><p>&#8230;&#8230;&#8230;&#8230;&#8230;&#8230;&#8230;&#8230;&#8230;&#8230;&#8230;&#8230;&#8230;&#8230;&#8230;&#8230;&#8230;&#8230;&#8230;&#8230;&#8230;&#8230;&#8230;&#8230;&#8230;&#8230;&#8230;&#8230;&#8230;&#8230;&#8230;&#8230;&#8230;&#8230;&#8230;&#8230;&#8230;&#8230;&#8230;..<\/p><p>\u00a7 4\u00ba &nbsp;Quando houver ind\u00edcios de defici\u00eancia f\u00edsica ou mental, ou de progressividade de doen\u00e7a que possa diminuir a capacidade para conduzir o ve\u00edculo, os prazos previstos nos incisos I, II e III do \u00a7 2\u00ba deste artigo poder\u00e3o ser diminu\u00eddos por proposta do perito examinador.<\/p><p>&#8230;&#8230;&#8230;&#8230;&#8230;&#8230;&#8230;&#8230;&#8230;&#8230;&#8230;&#8230;&#8230;&#8230;&#8230;&#8230;&#8230;&#8230;&#8230;&#8230;&#8230;&#8230;&#8230;&#8230;&#8230;&#8230;&#8230;&#8230;&#8230;&#8230;&#8230;&#8230;&#8230;&#8230;&#8230;&#8230;&#8230;&#8230;&#8230;..<\/p><p>\u00a7 6\u00ba &nbsp;Os exames de aptid\u00e3o f\u00edsica e mental e a avalia\u00e7\u00e3o psicol\u00f3gica dever\u00e3o ser analisados objetivamente pelos examinados, limitados aos aspectos t\u00e9cnicos dos procedimentos realizados, conforme regulamenta\u00e7\u00e3o do Contran, e subsidiar\u00e3o a fiscaliza\u00e7\u00e3o prevista no \u00a7 7\u00ba deste artigo.<\/p><p>\u00a7 7\u00ba &nbsp;Os \u00f3rg\u00e3os ou entidades executivos de tr\u00e2nsito dos Estados e do Distrito Federal, com a colabora\u00e7\u00e3o dos conselhos profissionais de medicina e psicologia, dever\u00e3o fiscalizar as entidades e os profissionais respons\u00e1veis pelos exames de aptid\u00e3o f\u00edsica e mental e pela avalia\u00e7\u00e3o psicol\u00f3gica no m\u00ednimo 1 (uma) vez por ano.\u201d (NR)<\/p><p>\u201cArt. 148-A. &nbsp;Os condutores das categorias C, D e E dever\u00e3o comprovar resultado negativo em exame toxicol\u00f3gico para a obten\u00e7\u00e3o e a renova\u00e7\u00e3o da Carteira Nacional de Habilita\u00e7\u00e3o.<\/p><p>&#8230;&#8230;&#8230;&#8230;&#8230;&#8230;&#8230;&#8230;&#8230;&#8230;&#8230;&#8230;&#8230;&#8230;&#8230;&#8230;&#8230;&#8230;&#8230;&#8230;&#8230;&#8230;&#8230;&#8230;&#8230;&#8230;&#8230;&#8230;&#8230;&#8230;&#8230;&#8230;&#8230;&#8230;&#8230;&#8230;&#8230;&#8230;&#8230;..<\/p><p>\u00a7 2\u00ba &nbsp;Al\u00e9m da realiza\u00e7\u00e3o do exame previsto no&nbsp;<strong>caput<\/strong>&nbsp;deste artigo, os condutores das categorias C, D e E com idade inferior a 70 (setenta) anos ser\u00e3o submetidos a novo exame a cada per\u00edodo de 2 (dois) anos e 6 (seis) meses, a partir da obten\u00e7\u00e3o ou renova\u00e7\u00e3o da Carteira Nacional de Habilita\u00e7\u00e3o, independentemente da validade dos demais exames de que trata o inciso I do&nbsp;<strong>caput<\/strong>&nbsp;do art. 147 deste C\u00f3digo.<\/p><p>\u00a7 3\u00ba &nbsp;(Revogado).<\/p><p>\u00a7 4\u00ba &nbsp;\u00c9 garantido o direito de contraprova e de recurso administrativo, sem efeito suspensivo, no caso de resultado positivo para os exames de que trata este artigo, nos termos das normas do Contran.<\/p><p>\u00a7 5\u00ba &nbsp;O resultado positivo no exame previsto no \u00a7 2\u00ba deste artigo acarretar\u00e1 a suspens\u00e3o do direito de dirigir pelo per\u00edodo de 3 (tr\u00eas) meses, condicionado o levantamento da suspens\u00e3o \u00e0 inclus\u00e3o, no Renach, de resultado negativo em novo exame, e vedada a aplica\u00e7\u00e3o de outras penalidades, ainda que acess\u00f3rias.<\/p><p>&#8230;&#8230;&#8230;&#8230;&#8230;&#8230;&#8230;&#8230;&#8230;&#8230;&#8230;&#8230;&#8230;&#8230;&#8230;&#8230;&#8230;&#8230;&#8230;&#8230;&#8230;&#8230;&#8230;&#8230;&#8230;&#8230;&#8230;&#8230;&#8230;&#8230;&#8230;&#8230;&#8230;&#8230;&#8230;&#8230;&#8230;.\u201d (NR)<\/p><p>\u201cArt. 159. &nbsp;A Carteira Nacional de Habilita\u00e7\u00e3o, expedida em meio f\u00edsico e\/ou digital, \u00e0 escolha do condutor, em modelo \u00fanico e de acordo com as especifica\u00e7\u00f5es do Contran, atendidos os pr\u00e9-requisitos estabelecidos neste C\u00f3digo, conter\u00e1 fotografia, identifica\u00e7\u00e3o e n\u00famero de inscri\u00e7\u00e3o no Cadastro de Pessoas F\u00edsicas (CPF) do condutor, ter\u00e1 f\u00e9 p\u00fablica e equivaler\u00e1 a documento de identidade em todo o territ\u00f3rio nacional.<\/p><p>&#8230;&#8230;&#8230;&#8230;&#8230;&#8230;&#8230;&#8230;&#8230;&#8230;&#8230;&#8230;&#8230;&#8230;&#8230;&#8230;&#8230;&#8230;&#8230;&#8230;&#8230;&#8230;&#8230;&#8230;&#8230;&#8230;&#8230;&#8230;&#8230;&#8230;&#8230;&#8230;&#8230;&#8230;&#8230;&#8230;&#8230;&#8230;&#8230;&#8230;<\/p><p>\u00a7 1\u00ba-A &nbsp;O porte do documento de habilita\u00e7\u00e3o ser\u00e1 dispensado quando, no momento da fiscaliza\u00e7\u00e3o, for poss\u00edvel ter acesso ao sistema informatizado para verificar se o condutor est\u00e1 habilitado.<\/p><p>&#8230;&#8230;&#8230;&#8230;&#8230;&#8230;&#8230;&#8230;&#8230;&#8230;&#8230;&#8230;&#8230;&#8230;&#8230;&#8230;&#8230;&#8230;&#8230;&#8230;&#8230;&#8230;&#8230;&#8230;&#8230;&#8230;&#8230;&#8230;&#8230;&#8230;&#8230;&#8230;&#8230;&#8230;&#8230;&#8230;&#8230;&#8230;&#8230;&#8230;..<\/p><p>\u00a7 11. (Revogado).<\/p><p>\u00a7 12. &nbsp;Os \u00f3rg\u00e3os ou entidades executivos de tr\u00e2nsito dos Estados e do Distrito Federal enviar\u00e3o por meio eletr\u00f4nico, com 30 (trinta) dias de anteced\u00eancia, aviso de vencimento da validade da Carteira Nacional de Habilita\u00e7\u00e3o a todos os condutores cadastrados no Renach com endere\u00e7o na respectiva unidade da Federa\u00e7\u00e3o.\u201d (NR)<\/p><p>\u201cArt. 161. &nbsp;Constitui infra\u00e7\u00e3o de tr\u00e2nsito a inobserv\u00e2ncia de qualquer preceito deste C\u00f3digo ou da legisla\u00e7\u00e3o complementar, e o infrator sujeita-se \u00e0s penalidades e \u00e0s medidas administrativas indicadas em cada artigo deste Cap\u00edtulo e \u00e0s puni\u00e7\u00f5es previstas no Cap\u00edtulo XIX deste C\u00f3digo.<\/p><p>Par\u00e1grafo \u00fanico. (Revogado).\u201d (NR)<\/p><p>\u201cArt. 165-B. &nbsp;Conduzir ve\u00edculo para o qual seja exigida habilita\u00e7\u00e3o nas categorias C, D ou E sem realizar o exame toxicol\u00f3gico previsto no \u00a7 2\u00ba do art. 148-A deste C\u00f3digo, ap\u00f3s 30 (trinta) dias do vencimento do prazo estabelecido:<\/p><p>Infra\u00e7\u00e3o &#8211; grav\u00edssima;<\/p><p>Penalidade &#8211; multa (cinco vezes) e suspens\u00e3o do direito de dirigir por 3 (tr\u00eas) meses, condicionado o levantamento da suspens\u00e3o \u00e0 inclus\u00e3o no Renach de resultado negativo em novo exame.<\/p><p>Par\u00e1grafo \u00fanico. Incorre na mesma penalidade o condutor que exerce atividade remunerada ao ve\u00edculo e n\u00e3o comprova a realiza\u00e7\u00e3o de exame toxicol\u00f3gico peri\u00f3dico exigido pelo \u00a7 2\u00ba do art. 148-A deste C\u00f3digo por ocasi\u00e3o da renova\u00e7\u00e3o do documento de habilita\u00e7\u00e3o nas categorias C, D ou E.\u201d<\/p><p>\u201cArt. 182. &#8230;&#8230;&#8230;&#8230;&#8230;&#8230;&#8230;&#8230;&#8230;&#8230;&#8230;&#8230;&#8230;&#8230;&#8230;&#8230;&#8230;&#8230;&#8230;&#8230;&#8230;&#8230;&#8230;&#8230;&#8230;&#8230;&#8230;&#8230;&#8230;&#8230;&#8230;&#8230;..<\/p><p>&#8230;&#8230;&#8230;&#8230;&#8230;&#8230;&#8230;&#8230;&#8230;&#8230;&#8230;&#8230;&#8230;&#8230;&#8230;&#8230;&#8230;&#8230;&#8230;&#8230;&#8230;&#8230;&#8230;&#8230;&#8230;&#8230;&#8230;&#8230;&#8230;&#8230;&#8230;&#8230;&#8230;&#8230;&#8230;&#8230;&#8230;&#8230;&#8230;..<\/p><p>XI &#8211; sobre ciclovia ou ciclofaixa:<\/p><p>Infra\u00e7\u00e3o &#8211; grave;<\/p><p>Penalidade &#8211; multa.\u201d (NR)<\/p><p>\u201cArt. 208. &nbsp;Avan\u00e7ar o sinal vermelho do sem\u00e1foro ou o de parada obrigat\u00f3ria, exceto onde houver sinaliza\u00e7\u00e3o que permita a livre convers\u00e3o \u00e0 direita prevista no art. 44-A deste C\u00f3digo:<\/p><p>&#8230;&#8230;&#8230;&#8230;&#8230;&#8230;&#8230;&#8230;&#8230;&#8230;&#8230;&#8230;&#8230;&#8230;&#8230;&#8230;&#8230;&#8230;&#8230;&#8230;&#8230;&#8230;&#8230;&#8230;&#8230;&#8230;&#8230;&#8230;&#8230;&#8230;&#8230;&#8230;&#8230;&#8230;&#8230;&#8230;..\u201d (NR)<\/p><p>\u201cArt. 211. &#8230;&#8230;&#8230;&#8230;&#8230;&#8230;&#8230;&#8230;&#8230;&#8230;&#8230;&#8230;&#8230;&#8230;&#8230;&#8230;&#8230;&#8230;&#8230;&#8230;&#8230;&#8230;&#8230;&#8230;&#8230;&#8230;&#8230;&#8230;&#8230;&#8230;&#8230;&#8230;.<\/p><p>Par\u00e1grafo \u00fanico. (VETADO).\u201d &nbsp;(NR)<\/p><p>\u201cArt. 218. &#8230;&#8230;&#8230;&#8230;&#8230;&#8230;&#8230;&#8230;&#8230;&#8230;&#8230;&#8230;&#8230;&#8230;&#8230;&#8230;&#8230;&#8230;&#8230;&#8230;&#8230;&#8230;&#8230;&#8230;&#8230;&#8230;&#8230;&#8230;&#8230;&#8230;&#8230;&#8230;<\/p><p>&#8230;&#8230;&#8230;&#8230;&#8230;&#8230;&#8230;&#8230;&#8230;&#8230;&#8230;&#8230;&#8230;&#8230;&#8230;&#8230;&#8230;&#8230;&#8230;&#8230;&#8230;&#8230;&#8230;&#8230;&#8230;&#8230;&#8230;&#8230;&#8230;&#8230;&#8230;&#8230;&#8230;&#8230;&#8230;&#8230;&#8230;&#8230;&#8230;<\/p><p>III &#8211; &#8230;&#8230;&#8230;&#8230;&#8230;&#8230;&#8230;&#8230;&#8230;&#8230;&#8230;&#8230;&#8230;&#8230;&#8230;&#8230;&#8230;&#8230;&#8230;&#8230;&#8230;&#8230;&#8230;&#8230;&#8230;&#8230;&#8230;&#8230;&#8230;&#8230;&#8230;&#8230;&#8230;&#8230;&#8230;.<\/p><p>Infra\u00e7\u00e3o &#8211; grav\u00edssima;<\/p><p>Penalidade &#8211; multa (tr\u00eas vezes) e suspens\u00e3o do direito de dirigir.\u201d (NR)<\/p><p>\u201cArt. 220. &#8230;&#8230;&#8230;&#8230;&#8230;&#8230;&#8230;&#8230;&#8230;&#8230;&#8230;&#8230;&#8230;&#8230;&#8230;&#8230;&#8230;&#8230;&#8230;&#8230;&#8230;&#8230;&#8230;&#8230;&#8230;&#8230;&#8230;&#8230;&#8230;&#8230;&#8230;&#8230;.<\/p><p>&#8230;&#8230;&#8230;&#8230;&#8230;&#8230;&#8230;&#8230;&#8230;&#8230;&#8230;&#8230;&#8230;&#8230;&#8230;&#8230;&#8230;&#8230;&#8230;&#8230;&#8230;&#8230;&#8230;&#8230;&#8230;&#8230;&#8230;&#8230;&#8230;&#8230;&#8230;&#8230;&#8230;&#8230;&#8230;&#8230;&#8230;&#8230;&#8230;<\/p><p>XII &#8211; &#8230;&#8230;&#8230;&#8230;&#8230;&#8230;&#8230;&#8230;&#8230;&#8230;&#8230;&#8230;&#8230;&#8230;&#8230;&#8230;&#8230;&#8230;&#8230;&#8230;&#8230;&#8230;&#8230;&#8230;&#8230;&#8230;&#8230;&#8230;&#8230;&#8230;&#8230;&#8230;&#8230;&#8230;&#8230;<\/p><p>Infra\u00e7\u00e3o &#8211; grave;<\/p><p>Penalidade &#8211; multa;<\/p><p>XIII &#8211; &#8230;&#8230;&#8230;&#8230;&#8230;&#8230;&#8230;&#8230;&#8230;&#8230;&#8230;&#8230;&#8230;&#8230;&#8230;&#8230;&#8230;&#8230;&#8230;&#8230;&#8230;&#8230;&#8230;&#8230;&#8230;&#8230;&#8230;&#8230;&#8230;&#8230;&#8230;&#8230;&#8230;&#8230;&#8230;<\/p><p>Infra\u00e7\u00e3o &#8211; grav\u00edssima;<\/p><p>Penalidade &#8211; multa;<\/p><p>&#8230;&#8230;&#8230;&#8230;&#8230;&#8230;&#8230;&#8230;&#8230;&#8230;&#8230;&#8230;&#8230;&#8230;&#8230;&#8230;&#8230;&#8230;&#8230;&#8230;&#8230;&#8230;&#8230;&#8230;&#8230;&#8230;&#8230;&#8230;&#8230;&#8230;&#8230;&#8230;&#8230;&#8230;&#8230;&#8230;&#8230;\u201d (NR)<\/p><p>\u201cArt. 233. &#8230;&#8230;&#8230;&#8230;&#8230;&#8230;&#8230;&#8230;&#8230;&#8230;&#8230;&#8230;&#8230;&#8230;&#8230;&#8230;&#8230;&#8230;&#8230;&#8230;&#8230;&#8230;&#8230;&#8230;&#8230;&#8230;&#8230;&#8230;&#8230;&#8230;&#8230;&#8230;..<\/p><p>Infra\u00e7\u00e3o &#8211; m\u00e9dia;<\/p><p>Penalidade &#8211; multa;<\/p><p>Medida administrativa &#8211; remo\u00e7\u00e3o do ve\u00edculo.\u201d&nbsp;(NR)<\/p><p>\u201cArt. 233-A. &nbsp;(VETADO).\u201d<\/p><p>\u201cArt. 244.&nbsp;Conduzir motocicleta, motoneta ou ciclomotor:<\/p><p>I &#8211; sem usar capacete de seguran\u00e7a ou vestu\u00e1rio de acordo com as normas e as especifica\u00e7\u00f5es aprovadas pelo Contran;<\/p><p>&#8230;&#8230;&#8230;&#8230;&#8230;&#8230;&#8230;&#8230;&#8230;&#8230;&#8230;&#8230;&#8230;&#8230;&#8230;&#8230;&#8230;&#8230;&#8230;&#8230;&#8230;&#8230;&#8230;&#8230;&#8230;&#8230;&#8230;&#8230;&#8230;&#8230;&#8230;&#8230;&#8230;&#8230;&#8230;&#8230;&#8230;&#8230;&#8230;..<\/p><p>IV &#8211; (revogado);<\/p><p>V &#8211; transportando crian\u00e7a menor de 10 (dez) anos de idade ou que n\u00e3o tenha, nas circunst\u00e2ncias, condi\u00e7\u00f5es de cuidar da pr\u00f3pria seguran\u00e7a:<\/p><p>Infra\u00e7\u00e3o &#8211; grav\u00edssima;<\/p><p>Penalidade &#8211; multa e suspens\u00e3o do direito de dirigir;<\/p><p>Medida administrativa &#8211; reten\u00e7\u00e3o do ve\u00edculo at\u00e9 regulariza\u00e7\u00e3o e recolhimento do documento de habilita\u00e7\u00e3o;<\/p><p>&#8230;&#8230;&#8230;&#8230;&#8230;&#8230;&#8230;&#8230;&#8230;&#8230;&#8230;&#8230;&#8230;&#8230;&#8230;&#8230;&#8230;&#8230;&#8230;&#8230;&#8230;&#8230;&#8230;&#8230;&#8230;&#8230;&#8230;&#8230;&#8230;&#8230;&#8230;&#8230;&#8230;&#8230;&#8230;&#8230;&#8230;&#8230;&#8230;&#8230;..<\/p><p>X &#8211; com a utiliza\u00e7\u00e3o de capacete de seguran\u00e7a sem viseira ou \u00f3culos de prote\u00e7\u00e3o ou com viseira ou \u00f3culos de prote\u00e7\u00e3o em desacordo com a regulamenta\u00e7\u00e3o do Contran;<\/p><p>XI &#8211; transportando passageiro com o capacete de seguran\u00e7a utilizado na forma prevista no inciso X do&nbsp;<strong>caput<\/strong>&nbsp;deste artigo:<\/p><p>Infra\u00e7\u00e3o &#8211; m\u00e9dia;<\/p><p>Penalidade &#8211; multa;<\/p><p>Medida administrativa &#8211; reten\u00e7\u00e3o do ve\u00edculo at\u00e9 regulariza\u00e7\u00e3o;<\/p><p>XII \u2013 (VETADO).<\/p><p>&#8230;&#8230;&#8230;&#8230;&#8230;&#8230;&#8230;&#8230;&#8230;&#8230;&#8230;&#8230;&#8230;&#8230;&#8230;&#8230;&#8230;&#8230;&#8230;&#8230;&#8230;&#8230;&#8230;&#8230;&#8230;&#8230;&#8230;&#8230;&#8230;&#8230;&#8230;&#8230;&#8230;&#8230;&#8230;&#8230;&#8230;..\u201d (NR)<\/p><p>\u201cArt. 250. &#8230;&#8230;&#8230;&#8230;&#8230;&#8230;&#8230;&#8230;&#8230;&#8230;&#8230;&#8230;&#8230;&#8230;&#8230;&#8230;&#8230;&#8230;&#8230;&#8230;&#8230;&#8230;&#8230;&#8230;&#8230;&#8230;&#8230;&#8230;&#8230;&#8230;&#8230;&#8230;&#8230;<\/p><p>I &#8211; &#8230;&#8230;&#8230;&#8230;&#8230;&#8230;&#8230;&#8230;&#8230;&#8230;&#8230;&#8230;&#8230;&#8230;&#8230;&#8230;&#8230;&#8230;&#8230;&#8230;&#8230;&#8230;&#8230;&#8230;&#8230;&#8230;&#8230;&#8230;&#8230;&#8230;&#8230;&#8230;&#8230;&#8230;&#8230;&#8230;..<\/p><p>&#8230;&#8230;&#8230;&#8230;&#8230;&#8230;&#8230;&#8230;&#8230;&#8230;&#8230;&#8230;&#8230;&#8230;&#8230;&#8230;&#8230;&#8230;&#8230;&#8230;&#8230;&#8230;&#8230;&#8230;&#8230;&#8230;&#8230;&#8230;&#8230;&#8230;&#8230;&#8230;&#8230;&#8230;&#8230;&#8230;&#8230;&#8230;&#8230;..<\/p><p>b) &nbsp;de dia, em t\u00faneis e sob chuva, neblina ou cerra\u00e7\u00e3o;<\/p><p>c) &nbsp;de dia, no caso de ve\u00edculos de transporte coletivo de passageiros em circula\u00e7\u00e3o em faixas ou pistas a eles destinadas;<\/p><p>d) &nbsp;de dia, no caso de motocicletas, motonetas e ciclomotores;<\/p><p>e) &nbsp;de dia, em rodovias de pista simples situadas fora dos per\u00edmetros urbanos, no caso de ve\u00edculos desprovidos de luzes de rodagem diurna;<\/p><p>II &#8211; (revogado);<\/p><p>&#8230;&#8230;&#8230;&#8230;&#8230;&#8230;&#8230;&#8230;&#8230;&#8230;&#8230;&#8230;&#8230;&#8230;&#8230;&#8230;&#8230;&#8230;&#8230;&#8230;&#8230;&#8230;&#8230;&#8230;&#8230;&#8230;&#8230;&#8230;&#8230;&#8230;&#8230;&#8230;&#8230;&#8230;&#8230;&#8230;&#8230;&#8230;\u201d (NR)<\/p><p>\u201cArt. 257. &#8230;&#8230;&#8230;&#8230;&#8230;&#8230;&#8230;&#8230;&#8230;&#8230;&#8230;&#8230;&#8230;&#8230;&#8230;&#8230;&#8230;&#8230;&#8230;&#8230;&#8230;&#8230;&#8230;&#8230;&#8230;&#8230;&#8230;&#8230;&#8230;&#8230;&#8230;&#8230;&#8230;..<\/p><p>&#8230;&#8230;&#8230;&#8230;&#8230;&#8230;&#8230;&#8230;&#8230;&#8230;&#8230;&#8230;&#8230;&#8230;&#8230;&#8230;&#8230;&#8230;&#8230;&#8230;&#8230;&#8230;&#8230;&#8230;&#8230;&#8230;&#8230;&#8230;&#8230;&#8230;&#8230;&#8230;&#8230;&#8230;&#8230;&#8230;&#8230;&#8230;&#8230;&#8230;.<\/p><p>\u00a7 7\u00ba &nbsp;Quando n\u00e3o for imediata a identifica\u00e7\u00e3o do infrator, o principal condutor ou o propriet\u00e1rio do ve\u00edculo ter\u00e1 o prazo de 30 (trinta) dias, contado da notifica\u00e7\u00e3o da autua\u00e7\u00e3o, para apresent\u00e1-lo, na forma em que dispuser o Contran, e, transcorrido o prazo, se n\u00e3o o fizer, ser\u00e1 considerado respons\u00e1vel pela infra\u00e7\u00e3o o principal condutor ou, em sua aus\u00eancia, o propriet\u00e1rio do ve\u00edculo.<\/p><p>&#8230;&#8230;&#8230;&#8230;&#8230;&#8230;&#8230;&#8230;&#8230;&#8230;&#8230;&#8230;&#8230;&#8230;&#8230;&#8230;&#8230;&#8230;&#8230;&#8230;&#8230;&#8230;&#8230;&#8230;&#8230;&#8230;&#8230;&#8230;&#8230;&#8230;&#8230;&#8230;&#8230;&#8230;&#8230;&#8230;&#8230;..\u201d (NR)<\/p><p>\u201cArt. 259. &#8230;&#8230;&#8230;&#8230;&#8230;&#8230;&#8230;&#8230;&#8230;&#8230;&#8230;&#8230;&#8230;&#8230;&#8230;&#8230;&#8230;&#8230;&#8230;&#8230;&#8230;&#8230;&#8230;&#8230;&#8230;&#8230;&#8230;&#8230;&#8230;&#8230;&#8230;&#8230;&#8230;.<\/p><p>&#8230;&#8230;&#8230;&#8230;&#8230;&#8230;&#8230;&#8230;&#8230;&#8230;&#8230;&#8230;&#8230;&#8230;&#8230;&#8230;&#8230;&#8230;&#8230;&#8230;&#8230;&#8230;&#8230;&#8230;&#8230;&#8230;&#8230;&#8230;&#8230;&#8230;&#8230;&#8230;&#8230;&#8230;&#8230;&#8230;&#8230;&#8230;&#8230;&#8230;<\/p><p>\u00a7 4\u00ba &nbsp;Ao condutor identificado ser\u00e1 atribu\u00edda pontua\u00e7\u00e3o pelas infra\u00e7\u00f5es de sua responsabilidade, nos termos previstos no \u00a7 3\u00ba do art. 257 deste C\u00f3digo, exceto aquelas:<\/p><p>I &#8211; praticadas por passageiros usu\u00e1rios do servi\u00e7o de transporte rodovi\u00e1rio de passageiros em viagens de longa dist\u00e2ncia transitando em rodovias com a utiliza\u00e7\u00e3o de \u00f4nibus, em linhas regulares intermunicipal, interestadual, internacional e aquelas em viagem de longa dist\u00e2ncia por fretamento e turismo ou de qualquer modalidade, exclu\u00eddas as situa\u00e7\u00f5es regulamentadas pelo Contran conforme disposto no art. 65 deste C\u00f3digo;<\/p><p>II &#8211; previstas no art. 221, nos incisos VII e XXI do art. 230 e nos arts. 232, 233, 233-A, 240 e 241 deste C\u00f3digo, sem preju\u00edzo da aplica\u00e7\u00e3o das penalidades e medidas administrativas cab\u00edveis;<\/p><p>III &#8211; pun\u00edveis de forma espec\u00edfica com suspens\u00e3o do direito de dirigir.\u201d (NR)<\/p><p>\u201cArt. 261. &#8230;&#8230;&#8230;&#8230;&#8230;&#8230;&#8230;&#8230;&#8230;&#8230;&#8230;&#8230;&#8230;&#8230;&#8230;&#8230;&#8230;&#8230;&#8230;&#8230;&#8230;&#8230;&#8230;&#8230;&#8230;&#8230;&#8230;&#8230;&#8230;&#8230;&#8230;&#8230;&#8230;<\/p><p>I &#8211; sempre que, conforme a pontua\u00e7\u00e3o prevista no art. 259 deste C\u00f3digo, o infrator atingir, no per\u00edodo de 12 (doze) meses, a seguinte contagem de pontos:<\/p><p>a) &nbsp;20 (vinte) pontos, caso constem 2 (duas) ou mais infra\u00e7\u00f5es grav\u00edssimas na pontua\u00e7\u00e3o;<\/p><p>b) &nbsp;30 (trinta) pontos, caso conste 1 (uma) infra\u00e7\u00e3o grav\u00edssima na pontua\u00e7\u00e3o;<\/p><p>c) &nbsp;40 (quarenta) pontos, caso n\u00e3o conste nenhuma infra\u00e7\u00e3o grav\u00edssima na pontua\u00e7\u00e3o;<\/p><p>&#8230;&#8230;&#8230;&#8230;&#8230;&#8230;&#8230;&#8230;&#8230;&#8230;&#8230;&#8230;&#8230;&#8230;&#8230;&#8230;&#8230;&#8230;&#8230;&#8230;&#8230;&#8230;&#8230;&#8230;&#8230;&#8230;&#8230;&#8230;&#8230;&#8230;&#8230;&#8230;&#8230;&#8230;&#8230;&#8230;&#8230;&#8230;&#8230;&#8230;&#8230;<\/p><p>\u00a7 3\u00ba &nbsp;A imposi\u00e7\u00e3o da penalidade de suspens\u00e3o do direito de dirigir elimina a quantidade de pontos computados, prevista no inciso I do&nbsp;<strong>caput<\/strong>&nbsp;ou no \u00a7 5\u00ba deste artigo, para fins de contagem subsequente.<\/p><p>&#8230;&#8230;&#8230;&#8230;&#8230;&#8230;&#8230;&#8230;&#8230;&#8230;&#8230;&#8230;&#8230;&#8230;&#8230;&#8230;&#8230;&#8230;&#8230;&#8230;&#8230;&#8230;&#8230;&#8230;&#8230;&#8230;&#8230;&#8230;&#8230;&#8230;&#8230;&#8230;&#8230;&#8230;&#8230;&#8230;&#8230;&#8230;&#8230;&#8230;&#8230;<\/p><p>\u00a7 5\u00ba &nbsp;No caso do condutor que exerce atividade remunerada ao ve\u00edculo, a penalidade de suspens\u00e3o do direito de dirigir de que trata o&nbsp;<strong>caput<\/strong>&nbsp;deste artigo ser\u00e1 imposta quando o infrator atingir o limite de pontos previsto na al\u00ednea&nbsp;<em>c<\/em>&nbsp;do inciso I do&nbsp;<strong>caput<\/strong>&nbsp;deste artigo, independentemente da natureza das infra\u00e7\u00f5es cometidas, facultado a ele participar de curso preventivo de reciclagem sempre que, no per\u00edodo de 12 (doze) meses, atingir 30 (trinta) pontos, conforme regulamenta\u00e7\u00e3o do Contran.<\/p><p>&#8230;&#8230;&#8230;&#8230;&#8230;&#8230;&#8230;&#8230;&#8230;&#8230;&#8230;&#8230;&#8230;&#8230;&#8230;&#8230;&#8230;&#8230;&#8230;&#8230;&#8230;&#8230;&#8230;&#8230;&#8230;&#8230;&#8230;&#8230;&#8230;&#8230;&#8230;&#8230;&#8230;&#8230;&#8230;&#8230;&#8230;&#8230;&#8230;&#8230;.<\/p><p>\u00a7 10. &nbsp;O processo de suspens\u00e3o do direito de dirigir a que se refere o inciso II do&nbsp;<strong>caput<\/strong>&nbsp;deste artigo dever\u00e1 ser instaurado concomitantemente ao processo de aplica\u00e7\u00e3o da penalidade de multa, e ambos ser\u00e3o de compet\u00eancia do \u00f3rg\u00e3o ou entidade respons\u00e1vel pela aplica\u00e7\u00e3o da multa, na forma definida pelo Contran.<\/p><p>&#8230;&#8230;&#8230;&#8230;&#8230;&#8230;&#8230;&#8230;&#8230;&#8230;&#8230;&#8230;&#8230;&#8230;&#8230;&#8230;&#8230;&#8230;&#8230;&#8230;&#8230;&#8230;&#8230;&#8230;&#8230;&#8230;&#8230;&#8230;&#8230;&#8230;&#8230;&#8230;&#8230;&#8230;&#8230;&#8230;&#8230;&#8230;\u201d (NR)<\/p><p>\u201cArt. 267. &nbsp;Dever\u00e1 ser imposta a penalidade de advert\u00eancia por escrito \u00e0 infra\u00e7\u00e3o de natureza leve ou m\u00e9dia, pass\u00edvel de ser punida com multa, caso o infrator n\u00e3o tenha cometido nenhuma outra infra\u00e7\u00e3o nos \u00faltimos 12 (doze) meses.<\/p><p>\u00a7 1\u00ba (Revogado).<\/p><p>\u00a7 2\u00ba (Revogado).\u201d (NR)<\/p><p>\u201cArt. 268. &#8230;&#8230;&#8230;&#8230;&#8230;&#8230;&#8230;&#8230;&#8230;&#8230;&#8230;&#8230;&#8230;&#8230;&#8230;&#8230;&#8230;&#8230;&#8230;&#8230;&#8230;&#8230;&#8230;&#8230;&#8230;&#8230;&#8230;&#8230;&#8230;&#8230;&#8230;&#8230;&#8230;&#8230;.<\/p><p>I &#8211; (revogado);<\/p><p>&#8230;&#8230;&#8230;&#8230;&#8230;&#8230;&#8230;&#8230;&#8230;&#8230;&#8230;&#8230;&#8230;&#8230;&#8230;&#8230;&#8230;&#8230;&#8230;&#8230;&#8230;&#8230;&#8230;&#8230;&#8230;&#8230;&#8230;&#8230;&#8230;&#8230;&#8230;&#8230;&#8230;&#8230;&#8230;&#8230;&#8230;&#8230;&#8230;&#8230;&#8230;.<\/p><p>VI &#8211; (revogado).<\/p><p>Par\u00e1grafo \u00fanico. (VETADO).\u201d (NR)<\/p><p>\u201cArt. 268-A. &nbsp;Fica criado o Registro Nacional Positivo de Condutores (RNPC), administrado pelo \u00f3rg\u00e3o m\u00e1ximo executivo de tr\u00e2nsito da Uni\u00e3o, com a finalidade de cadastrar os condutores que n\u00e3o cometeram infra\u00e7\u00e3o de tr\u00e2nsito sujeita \u00e0 pontua\u00e7\u00e3o prevista no art. 259 deste C\u00f3digo, nos \u00faltimos 12 (doze) meses, conforme regulamenta\u00e7\u00e3o do Contran.<\/p><p>\u00a7 1\u00ba &nbsp;O RNPC dever\u00e1 ser atualizado mensalmente.<\/p><p>\u00a7 2\u00ba &nbsp;A abertura de cadastro requer autoriza\u00e7\u00e3o pr\u00e9via e expressa do potencial cadastrado.<\/p><p>\u00a7 3\u00ba &nbsp;Ap\u00f3s a abertura do cadastro, a anota\u00e7\u00e3o de informa\u00e7\u00e3o no RNPC independe de autoriza\u00e7\u00e3o e de comunica\u00e7\u00e3o ao cadastrado.<\/p><p>\u00a7 4\u00ba &nbsp;A exclus\u00e3o do RNPC dar-se-\u00e1:<\/p><p>I &#8211; por solicita\u00e7\u00e3o do cadastrado;<\/p><p>II &#8211; quando for atribu\u00edda ao cadastrado pontua\u00e7\u00e3o por infra\u00e7\u00e3o;<\/p><p>III &#8211; quando o cadastrado tiver o direito de dirigir suspenso;<\/p><p>IV &#8211; quando a Carteira Nacional de Habilita\u00e7\u00e3o do cadastrado estiver cassada ou com validade vencida h\u00e1 mais de 30 (trinta) dias;<\/p><p>V &#8211; quando o cadastrado estiver cumprindo pena privativa de liberdade.<\/p><p>\u00a7 5\u00ba &nbsp;A consulta ao RNPC \u00e9 garantida a todos os cidad\u00e3os, nos termos da regulamenta\u00e7\u00e3o do Contran.<\/p><p>\u00a7 6\u00ba &nbsp;A Uni\u00e3o, os Estados, o Distrito Federal e os Munic\u00edpios poder\u00e3o utilizar o RNPC para conceder benef\u00edcios fiscais ou tarif\u00e1rios aos condutores cadastrados, na forma da legisla\u00e7\u00e3o espec\u00edfica de cada ente da Federa\u00e7\u00e3o.\u201d<\/p><p>\u201cArt. 269. &#8230;&#8230;&#8230;&#8230;&#8230;&#8230;&#8230;&#8230;&#8230;&#8230;&#8230;&#8230;&#8230;&#8230;&#8230;&#8230;&#8230;&#8230;&#8230;&#8230;&#8230;&#8230;&#8230;&#8230;&#8230;&#8230;&#8230;&#8230;&#8230;&#8230;&#8230;&#8230;&#8230;<\/p><p>&#8230;&#8230;&#8230;&#8230;&#8230;&#8230;&#8230;&#8230;&#8230;&#8230;&#8230;&#8230;&#8230;&#8230;&#8230;&#8230;&#8230;&#8230;&#8230;&#8230;&#8230;&#8230;&#8230;&#8230;&#8230;&#8230;&#8230;&#8230;&#8230;&#8230;&#8230;&#8230;&#8230;&#8230;&#8230;&#8230;&#8230;&#8230;&#8230;..<\/p><p>\u00a7 5\u00ba &nbsp;No caso de documentos em meio digital, as medidas administrativas previstas nos incisos III, IV, V e VI do&nbsp;<strong>caput<\/strong>&nbsp;deste artigo ser\u00e3o realizadas por meio de registro no Renach ou Renavam, conforme o caso, na forma estabelecida pelo Contran.\u201d (NR)<\/p><p>\u201cArt. 270. &#8230;&#8230;&#8230;&#8230;&#8230;&#8230;&#8230;&#8230;&#8230;&#8230;&#8230;&#8230;&#8230;&#8230;&#8230;&#8230;&#8230;&#8230;&#8230;&#8230;&#8230;&#8230;&#8230;&#8230;&#8230;&#8230;&#8230;&#8230;&#8230;&#8230;&#8230;&#8230;&#8230;<\/p><p>&#8230;&#8230;&#8230;&#8230;&#8230;&#8230;&#8230;&#8230;&#8230;&#8230;&#8230;&#8230;&#8230;&#8230;&#8230;&#8230;&#8230;&#8230;&#8230;&#8230;&#8230;&#8230;&#8230;&#8230;&#8230;&#8230;&#8230;&#8230;&#8230;&#8230;&#8230;&#8230;&#8230;&#8230;&#8230;&#8230;&#8230;&#8230;&#8230;&#8230;<\/p><p>\u00a7 2\u00ba &nbsp;Quando n\u00e3o for poss\u00edvel sanar a falha no local da infra\u00e7\u00e3o, o ve\u00edculo, desde que ofere\u00e7a condi\u00e7\u00f5es de seguran\u00e7a para circula\u00e7\u00e3o, dever\u00e1 ser liberado e entregue a condutor regularmente habilitado, mediante recolhimento do Certificado de Licenciamento Anual, contra apresenta\u00e7\u00e3o de recibo, assinalando-se ao condutor prazo razo\u00e1vel, n\u00e3o superior a 30 (trinta) dias, para regularizar a situa\u00e7\u00e3o, e ser\u00e1 considerado notificado para essa finalidade na mesma ocasi\u00e3o.<\/p><p>&#8230;&#8230;&#8230;&#8230;&#8230;&#8230;&#8230;&#8230;&#8230;&#8230;&#8230;&#8230;&#8230;&#8230;&#8230;&#8230;&#8230;&#8230;&#8230;&#8230;&#8230;&#8230;&#8230;&#8230;&#8230;&#8230;&#8230;&#8230;&#8230;&#8230;&#8230;&#8230;&#8230;&#8230;&#8230;&#8230;&#8230;..\u201d (NR)<\/p><p>\u201cArt. 271. &#8230;&#8230;&#8230;&#8230;&#8230;&#8230;&#8230;&#8230;&#8230;&#8230;&#8230;&#8230;&#8230;&#8230;&#8230;&#8230;&#8230;&#8230;&#8230;&#8230;&#8230;&#8230;&#8230;&#8230;&#8230;&#8230;&#8230;&#8230;&#8230;&#8230;&#8230;&#8230;&#8230;.<\/p><p>&#8230;&#8230;&#8230;&#8230;&#8230;&#8230;&#8230;&#8230;&#8230;&#8230;&#8230;&#8230;&#8230;&#8230;&#8230;&#8230;&#8230;&#8230;&#8230;&#8230;&#8230;&#8230;&#8230;&#8230;&#8230;&#8230;&#8230;&#8230;&#8230;&#8230;&#8230;&#8230;&#8230;&#8230;&#8230;&#8230;&#8230;&#8230;&#8230;&#8230;.<\/p><p>\u00a7 9\u00ba &nbsp;N\u00e3o caber\u00e1 remo\u00e7\u00e3o nos casos em que a irregularidade for sanada no local da infra\u00e7\u00e3o.<\/p><p>&#8230;&#8230;&#8230;&#8230;&#8230;&#8230;&#8230;&#8230;&#8230;&#8230;&#8230;&#8230;&#8230;&#8230;&#8230;&#8230;&#8230;&#8230;&#8230;&#8230;&#8230;&#8230;&#8230;&#8230;&#8230;&#8230;&#8230;&#8230;&#8230;&#8230;&#8230;&#8230;&#8230;&#8230;&#8230;&#8230;&#8230;..\u201d (NR)<\/p><p>\u201cArt. 281-A. &nbsp;Na notifica\u00e7\u00e3o de autua\u00e7\u00e3o e no auto de infra\u00e7\u00e3o, quando valer como notifica\u00e7\u00e3o de autua\u00e7\u00e3o, dever\u00e1 constar o prazo para apresenta\u00e7\u00e3o de defesa pr\u00e9via, que n\u00e3o ser\u00e1 inferior a 30 (trinta) dias, contado da data de expedi\u00e7\u00e3o da notifica\u00e7\u00e3o.\u201d<\/p><p>\u201cArt. 282. &nbsp;Caso a defesa pr\u00e9via seja indeferida ou n\u00e3o seja apresentada no prazo estabelecido, ser\u00e1 aplicada a penalidade e expedida notifica\u00e7\u00e3o ao propriet\u00e1rio do ve\u00edculo ou ao infrator, no prazo m\u00e1ximo de 180 (cento e oitenta) dias, contado da data do cometimento da infra\u00e7\u00e3o, por remessa postal ou por qualquer outro meio tecnol\u00f3gico h\u00e1bil que assegure a ci\u00eancia da imposi\u00e7\u00e3o da penalidade.<\/p><p>&#8230;&#8230;&#8230;&#8230;&#8230;&#8230;&#8230;&#8230;&#8230;&#8230;&#8230;&#8230;&#8230;&#8230;&#8230;&#8230;&#8230;&#8230;&#8230;&#8230;&#8230;&#8230;&#8230;&#8230;&#8230;&#8230;&#8230;&#8230;&#8230;&#8230;&#8230;&#8230;&#8230;&#8230;&#8230;&#8230;&#8230;&#8230;&#8230;&#8230;<\/p><p>\u00a7 6\u00ba &nbsp;Em caso de apresenta\u00e7\u00e3o da defesa pr\u00e9via em tempo h\u00e1bil, o prazo previsto no&nbsp;<strong>caput<\/strong>&nbsp;deste artigo ser\u00e1 de 360 (trezentos e sessenta) dias.<\/p><p>\u00a7 7\u00ba &nbsp;O descumprimento dos prazos previstos no&nbsp;<strong>caput<\/strong>&nbsp;ou no \u00a7 6\u00ba deste artigo implicar\u00e1 a decad\u00eancia do direito de aplicar a penalidade.\u201d (NR)<\/p><p>\u201cArt. 282-A. &nbsp;O \u00f3rg\u00e3o do Sistema Nacional de Tr\u00e2nsito respons\u00e1vel pela autua\u00e7\u00e3o dever\u00e1 oferecer ao propriet\u00e1rio do ve\u00edculo ou ao condutor autuado a op\u00e7\u00e3o de notifica\u00e7\u00e3o por meio eletr\u00f4nico, na forma definida pelo Contran.<\/p><p>\u00a7 1\u00ba &nbsp;O propriet\u00e1rio e o condutor autuado dever\u00e3o manter seu cadastro atualizado no \u00f3rg\u00e3o executivo de tr\u00e2nsito do Estado ou do Distrito Federal.<\/p><p>\u00a7 2\u00ba &nbsp;Na hip\u00f3tese de notifica\u00e7\u00e3o prevista no&nbsp;<strong>caput<\/strong>&nbsp;deste artigo, o propriet\u00e1rio ou o condutor autuado ser\u00e1 considerado notificado 30 (trinta) dias ap\u00f3s a inclus\u00e3o da informa\u00e7\u00e3o no sistema eletr\u00f4nico e do envio da respectiva mensagem.<\/p><p>&#8230;&#8230;&#8230;&#8230;&#8230;&#8230;&#8230;&#8230;&#8230;&#8230;&#8230;&#8230;&#8230;&#8230;&#8230;&#8230;&#8230;&#8230;&#8230;&#8230;&#8230;&#8230;&#8230;&#8230;&#8230;&#8230;&#8230;&#8230;&#8230;&#8230;&#8230;&#8230;&#8230;&#8230;&#8230;&#8230;&#8230;&#8230;\u201d (NR)<\/p><p>\u201cArt. 284. &#8230;&#8230;&#8230;&#8230;&#8230;&#8230;&#8230;&#8230;&#8230;&#8230;&#8230;&#8230;&#8230;&#8230;&#8230;&#8230;&#8230;&#8230;&#8230;&#8230;&#8230;&#8230;&#8230;&#8230;&#8230;&#8230;&#8230;&#8230;&#8230;&#8230;&#8230;&#8230;&#8230;..<\/p><p>&#8230;&#8230;&#8230;&#8230;&#8230;&#8230;&#8230;&#8230;&#8230;&#8230;&#8230;&#8230;&#8230;&#8230;&#8230;&#8230;&#8230;&#8230;&#8230;&#8230;&#8230;&#8230;&#8230;&#8230;&#8230;&#8230;&#8230;&#8230;&#8230;&#8230;&#8230;&#8230;&#8230;&#8230;&#8230;&#8230;&#8230;&#8230;&#8230;&#8230;.<\/p><p>\u00a7 1\u00ba &nbsp;Caso o infrator opte pelo sistema de notifica\u00e7\u00e3o eletr\u00f4nica, conforme regulamenta\u00e7\u00e3o do Contran, e opte por n\u00e3o apresentar defesa pr\u00e9via nem recurso, reconhecendo o cometimento da infra\u00e7\u00e3o, poder\u00e1 efetuar o pagamento da multa por 60% (sessenta por cento) do seu valor, em qualquer fase do processo, at\u00e9 o vencimento da multa.<\/p><p>&#8230;&#8230;&#8230;&#8230;&#8230;&#8230;&#8230;&#8230;&#8230;&#8230;&#8230;&#8230;&#8230;&#8230;&#8230;&#8230;&#8230;&#8230;&#8230;&#8230;&#8230;&#8230;&#8230;&#8230;&#8230;&#8230;&#8230;&#8230;&#8230;&#8230;&#8230;&#8230;&#8230;&#8230;&#8230;&#8230;&#8230;&#8230;&#8230;&#8230;.<\/p><p>\u00a7 5\u00ba &nbsp;O sistema de notifica\u00e7\u00e3o eletr\u00f4nica, referido no \u00a7 1\u00ba deste artigo, deve disponibilizar, na mesma plataforma, campo destinado \u00e0 apresenta\u00e7\u00e3o de defesa pr\u00e9via e de recurso, quando o condutor n\u00e3o reconhecer o cometimento da infra\u00e7\u00e3o, na forma regulamentada pelo Contran.\u201d (NR)<\/p><p>\u201cArt. 285. &#8230;&#8230;&#8230;&#8230;&#8230;&#8230;&#8230;&#8230;&#8230;&#8230;&#8230;&#8230;&#8230;&#8230;&#8230;&#8230;&#8230;&#8230;&#8230;&#8230;&#8230;&#8230;&#8230;&#8230;&#8230;&#8230;&#8230;&#8230;&#8230;&#8230;&#8230;&#8230;&#8230;.<\/p><p>&#8230;&#8230;&#8230;&#8230;&#8230;&#8230;&#8230;&#8230;&#8230;&#8230;&#8230;&#8230;&#8230;&#8230;&#8230;&#8230;&#8230;&#8230;&#8230;&#8230;&#8230;&#8230;&#8230;&#8230;&#8230;&#8230;&#8230;&#8230;&#8230;&#8230;&#8230;&#8230;&#8230;&#8230;&#8230;&#8230;&#8230;&#8230;&#8230;&#8230;<\/p><p>\u00a7 4\u00ba &nbsp;Na apresenta\u00e7\u00e3o de defesa ou recurso, em qualquer fase do processo, para efeitos de admissibilidade, n\u00e3o ser\u00e3o exigidos documentos ou c\u00f3pia de documentos emitidos pelo \u00f3rg\u00e3o respons\u00e1vel pela autua\u00e7\u00e3o.\u201d (NR)<\/p><p>\u201cArt. 289. &#8230;&#8230;&#8230;&#8230;&#8230;&#8230;&#8230;&#8230;&#8230;&#8230;&#8230;&#8230;&#8230;&#8230;&#8230;&#8230;&#8230;&#8230;&#8230;&#8230;&#8230;&#8230;&#8230;&#8230;&#8230;&#8230;&#8230;&#8230;&#8230;&#8230;&#8230;&#8230;&#8230;<\/p><p>I &#8211; tratando-se de penalidade imposta por \u00f3rg\u00e3o ou entidade da Uni\u00e3o, por colegiado especial integrado pelo Coordenador-Geral da Jari, pelo Presidente da Junta que apreciou o recurso e por mais um Presidente de Junta;<\/p><p>a) (revogada);<\/p><p>b) (revogada);<\/p><p>&#8230;&#8230;&#8230;&#8230;&#8230;&#8230;&#8230;&#8230;&#8230;&#8230;&#8230;&#8230;&#8230;&#8230;&#8230;&#8230;&#8230;&#8230;&#8230;&#8230;&#8230;&#8230;&#8230;&#8230;&#8230;&#8230;&#8230;&#8230;&#8230;&#8230;&#8230;&#8230;&#8230;&#8230;&#8230;&#8230;&#8230;&#8230;&#8230;&#8230;..<\/p><p>Par\u00e1grafo \u00fanico. No caso do inciso I do&nbsp;<strong>caput<\/strong>&nbsp;deste artigo, quando houver apenas uma Jari, o recurso ser\u00e1 julgado por seus membros.\u201d (NR)<\/p><p>\u201cArt. 312-B. Aos crimes previstos no \u00a7 3\u00ba do art. 302 e no \u00a7 2\u00ba do art. 303 deste C\u00f3digo n\u00e3o se aplica o disposto no&nbsp;<a href=\"http:\/\/www.planalto.gov.br\/ccivil_03\/Decreto-Lei\/Del2848.htm#art44i\">inciso I do&nbsp;<strong>caput<\/strong>&nbsp;do art. 44 do Decreto-Lei n\u00ba 2.848, de 7 de dezembro de 1940 (C\u00f3digo Penal)<\/a>.\u201d<\/p><\/blockquote>\n\n\n\n<p>Art. 2\u00ba &nbsp;O&nbsp;<a href=\"http:\/\/www.planalto.gov.br\/ccivil_03\/LEIS\/L9503.htm#anexoi\">Anexo I da Lei n\u00ba 9.503, de 23 de setembro de 1997<\/a>&nbsp;(C\u00f3digo de Tr\u00e2nsito Brasileiro), passa a vigorar com as&nbsp;altera\u00e7\u00f5es dispostas no Anexo desta Lei.<\/p>\n\n\n\n<p>Art. 3\u00ba &nbsp;As luzes de rodagem diurna, de que trata o&nbsp;<a href=\"http:\/\/www.planalto.gov.br\/ccivil_03\/LEIS\/L9503.htm#art105viii\">inciso VIII do&nbsp;<strong>caput<\/strong>&nbsp;do art. 105 da Lei n\u00ba 9.503, de 23 de setembro de 1997 (C\u00f3digo de Tr\u00e2nsito Brasileiro)<\/a>, ser\u00e3o incorporadas progressivamente aos novos ve\u00edculos automotores, fabricados no Pa\u00eds ou importados, na forma e nos prazos estabelecidos pelo Conselho Nacional de Tr\u00e2nsito (Contran).<\/p>\n\n\n\n<p>Art. 4\u00ba &nbsp;Fica mantido o prazo de validade dos documentos de habilita\u00e7\u00e3o expedidos antes da data de entrada em vigor desta Lei.<\/p>\n\n\n\n<p>Art. 5\u00ba &nbsp;(VETADO).<\/p>\n\n\n\n<p>Art. 6\u00ba &nbsp;Ficam revogados os seguintes dispositivos da&nbsp;<a href=\"http:\/\/www.planalto.gov.br\/ccivil_03\/LEIS\/L9503.htm\">Lei n\u00ba 9.503, de 23 de setembro de 1997 (C\u00f3digo de Tr\u00e2nsito Brasileiro)<\/a>:<\/p>\n\n\n\n<p>I &#8211; incisos VII, XX e XXV do art. 10<a href=\"http:\/\/www.planalto.gov.br\/ccivil_03\/LEIS\/L9503.htm#art105viii\">;<\/a><\/p>\n\n\n\n<p>II &#8211; inciso XII do&nbsp;<strong>caput<\/strong>&nbsp;do art. 12;<\/p>\n\n\n\n<p>III &#8211; inciso IV do&nbsp;<strong>caput<\/strong>&nbsp;do art. 40;<\/p>\n\n\n\n<p>IV &#8211; \u00a7 3\u00ba do art. 148-A;<\/p>\n\n\n\n<p>V &#8211; art. 151;<\/p>\n\n\n\n<p>VI &#8211; \u00a7 2\u00ba do art. 158;<\/p>\n\n\n\n<p>VII &#8211; \u00a7 11 do art. 159;<\/p>\n\n\n\n<p>VIII &#8211; par\u00e1grafo \u00fanico do art. 161;<\/p>\n\n\n\n<p>IX &#8211; inciso IV do&nbsp;<strong>caput<\/strong>&nbsp;do art. 244;<\/p>\n\n\n\n<p>X &#8211; inciso II do&nbsp;<strong>caput<\/strong>&nbsp;do art. 250;<\/p>\n\n\n\n<p>XI &#8211; \u00a7\u00a7 1\u00ba e 2\u00ba do art. 267;<\/p>\n\n\n\n<p>XII &#8211; incisos I e VI do&nbsp;<strong>caput<\/strong>&nbsp;do art. 268; e<\/p>\n\n\n\n<p>XIII &#8211; al\u00edneas&nbsp;<em>a<\/em>&nbsp;e&nbsp;<em>b<\/em>&nbsp;do inciso I do&nbsp;<strong>caput<\/strong>&nbsp;do art. 289.<\/p>\n\n\n\n<p>Art. 7\u00ba &nbsp;Esta Lei entra em vigor ap\u00f3s decorridos 180 (cento e oitenta) dias de sua publica\u00e7\u00e3o oficial.<\/p>\n\n\n\n<p>Bras\u00edlia, &nbsp;13 &nbsp;de outubro de 2020; 199<sup>o<\/sup>&nbsp;da Independ\u00eancia e 132<sup>o<\/sup>&nbsp;da Rep\u00fablica.&nbsp;<\/p>\n\n\n\n<p>JAIR MESSIAS BOLSONARO<\/p>\n\n\n\n<p><em>Paulo Guedes<\/em><\/p>\n\n\n\n<p><em>Tarcisio Gomes de Freitas<\/em><\/p>\n\n\n\n<p><em>Walter Souza Braga Netto<\/em><\/p>\n\n\n\n<p>Este texto n\u00e3o substitui o publicado no DOU de 14.10 de 2020<\/p>\n\n\n\n<p>ANEXO<\/p>\n\n\n\n<p>Altera\u00e7\u00f5es do&nbsp;<a href=\"http:\/\/www.planalto.gov.br\/ccivil_03\/LEIS\/L9503.htm#anexoi\">Anexo I da Lei n\u00ba 9.503, de 23 de setembro de 1997<\/a>&nbsp;(C\u00f3digo de Tr\u00e2nsito Brasileiro)<\/p>\n\n\n\n<p>\u201cANEXO I<\/p>\n\n\n\n<p>DOS CONCEITOS E DEFINI\u00c7\u00d5ES<\/p>\n\n\n\n<p>&#8230;&#8230;&#8230;&#8230;&#8230;&#8230;&#8230;&#8230;&#8230;&#8230;&#8230;&#8230;&#8230;&#8230;&#8230;&#8230;&#8230;&#8230;&#8230;&#8230;&#8230;&#8230;&#8230;&#8230;&#8230;&#8230;&#8230;&#8230;&#8230;&#8230;&#8230;&#8230;&#8230;&#8230;&#8230;&#8230;&#8230;&#8230;..<\/p>\n\n\n\n<p>\u00c1REA DE ESPERA &#8211; \u00e1rea delimitada por 2 (duas) linhas de reten\u00e7\u00e3o, destinada exclusivamente \u00e0 espera de motocicletas, motonetas e ciclomotores, junto \u00e0 aproxima\u00e7\u00e3o semaf\u00f3rica, imediatamente \u00e0 frente da linha de reten\u00e7\u00e3o dos demais ve\u00edculos.<\/p>\n\n\n\n<p>&#8230;&#8230;&#8230;&#8230;&#8230;&#8230;&#8230;&#8230;&#8230;&#8230;&#8230;&#8230;&#8230;&#8230;&#8230;&#8230;&#8230;&#8230;&#8230;&#8230;&#8230;&#8230;&#8230;&#8230;&#8230;&#8230;&#8230;&#8230;&#8230;&#8230;&#8230;&#8230;&#8230;&#8230;&#8230;&#8230;&#8230;&#8230;..<\/p>\n\n\n\n<p>CICLOMOTOR &#8211; ve\u00edculo de 2 (duas) ou 3 (tr\u00eas) rodas, provido de motor de combust\u00e3o interna, cuja cilindrada n\u00e3o exceda a 50 cm<sup>3&nbsp;<\/sup>(cinquenta cent\u00edmetros c\u00fabicos), equivalente a 3,05 pol<sup>3<\/sup>&nbsp;(tr\u00eas polegadas c\u00fabicas e cinco cent\u00e9simos), ou de motor de propuls\u00e3o el\u00e9trica com pot\u00eancia m\u00e1xima de 4 kW (quatro quilowatts), e cuja velocidade m\u00e1xima de fabrica\u00e7\u00e3o n\u00e3o exceda a 50 Km\/h (cinquenta quil\u00f4metros por hora).<\/p>\n\n\n\n<p>&#8230;&#8230;&#8230;&#8230;&#8230;&#8230;&#8230;&#8230;&#8230;&#8230;&#8230;&#8230;&#8230;&#8230;&#8230;&#8230;&#8230;&#8230;&#8230;&#8230;&#8230;&#8230;&#8230;&#8230;&#8230;&#8230;&#8230;&#8230;&#8230;&#8230;&#8230;&#8230;&#8230;&#8230;&#8230;&#8230;&#8230;&#8230;&#8230;<\/p>\n\n\n\n<p>VE\u00cdCULO DE COLE\u00c7\u00c3O &#8211; ve\u00edculo fabricado h\u00e1 mais de 30 (trinta) anos, original ou modificado, que possui valor hist\u00f3rico pr\u00f3prio.<\/p>\n","protected":false},"excerpt":{"rendered":"<p>Ol\u00e1, amigos! Foi publicada a lei (14.071\/20) que altera o C\u00f3digo de Tr\u00e2nsito Brasileiro. Cabe lembrar que a vacatio legis (prazo para entrar em vigor) ser\u00e1 de 180 dias. Farei uma live no meu canal no YouTube (professor Alexandre Herculano) e no canal do Estrat\u00e9gia Concursos. Vou divulgar o dia e hora no meu Instagram [&hellip;]<\/p>\n","protected":false},"author":86,"featured_media":0,"comment_status":"open","ping_status":"closed","sticky":false,"template":"","format":"standard","meta":{"post_tipo":"article","footnotes":""},"categories":[1],"tags":[219907,219908,157735,219906,219909],"tax_estado":[],"class_list":["post-588022","post","type-post","status-publish","format-standard","hentry","category-cursos-e-concursos","tag-carreiraspoliciais","tag-legislacaodetransito","tag-prf-2","tag-prf2020","tag-prf2021"],"acf":[],"yoast_head":"<!-- This site is optimized with the Yoast SEO Premium plugin v27.2 (Yoast SEO v27.2) - https:\/\/yoast.com\/product\/yoast-seo-premium-wordpress\/ -->\n<title>Publicada a lei (14.071\/20) que altera o C\u00f3digo de Tr\u00e2nsito e publicadas as novas Resolu\u00e7\u00f5es do Contran que poder\u00e3o vir na PRF 2021<\/title>\n<meta name=\"robots\" content=\"index, follow, max-snippet:-1, max-image-preview:large, max-video-preview:-1\" \/>\n<link rel=\"canonical\" href=\"https:\/\/www.estrategiaconcursos.com.br\/blog\/sancionada-a-lei-que-altera-o-codigo-de-transito-e-publicadas-as-novas-resolucoes-do-contran-para-a-prf-2021\/\" \/>\n<meta property=\"og:locale\" content=\"pt_BR\" \/>\n<meta property=\"og:type\" content=\"article\" \/>\n<meta property=\"og:title\" content=\"Publicada a lei (14.071\/20) que altera o C\u00f3digo de Tr\u00e2nsito e publicadas as novas Resolu\u00e7\u00f5es do Contran que poder\u00e3o vir na PRF 2021\" \/>\n<meta property=\"og:description\" content=\"Ol\u00e1, amigos! Foi publicada a lei (14.071\/20) que altera o C\u00f3digo de Tr\u00e2nsito Brasileiro. Cabe lembrar que a vacatio legis (prazo para entrar em vigor) ser\u00e1 de 180 dias. Farei uma live no meu canal no YouTube (professor Alexandre Herculano) e no canal do Estrat\u00e9gia Concursos. Vou divulgar o dia e hora no meu Instagram [&hellip;]\" \/>\n<meta property=\"og:url\" content=\"https:\/\/www.estrategiaconcursos.com.br\/blog\/sancionada-a-lei-que-altera-o-codigo-de-transito-e-publicadas-as-novas-resolucoes-do-contran-para-a-prf-2021\/\" \/>\n<meta property=\"og:site_name\" content=\"Estrat\u00e9gia Concursos\" \/>\n<meta property=\"article:published_time\" content=\"2020-10-14T11:20:27+00:00\" \/>\n<meta property=\"article:modified_time\" content=\"2020-10-14T15:20:21+00:00\" \/>\n<meta name=\"author\" content=\"Alexandre Herculano\" \/>\n<meta name=\"twitter:card\" content=\"summary_large_image\" \/>\n<meta name=\"twitter:creator\" content=\"@EstratConcursos\" \/>\n<meta name=\"twitter:site\" content=\"@EstratConcursos\" \/>\n<meta name=\"twitter:label1\" content=\"Escrito por\" \/>\n\t<meta name=\"twitter:data1\" content=\"Alexandre Herculano\" \/>\n\t<meta name=\"twitter:label2\" content=\"Est. tempo de leitura\" \/>\n\t<meta name=\"twitter:data2\" content=\"29 minutos\" \/>\n<script type=\"application\/ld+json\" class=\"yoast-schema-graph\">{\"@context\":\"https:\/\/schema.org\",\"@graph\":[{\"@type\":\"NewsArticle\",\"@id\":\"https:\/\/www.estrategiaconcursos.com.br\/blog\/sancionada-a-lei-que-altera-o-codigo-de-transito-e-publicadas-as-novas-resolucoes-do-contran-para-a-prf-2021\/#article\",\"isPartOf\":{\"@id\":\"https:\/\/www.estrategiaconcursos.com.br\/blog\/sancionada-a-lei-que-altera-o-codigo-de-transito-e-publicadas-as-novas-resolucoes-do-contran-para-a-prf-2021\/\"},\"author\":{\"name\":\"Alexandre Herculano\",\"@id\":\"https:\/\/www.estrategiaconcursos.com.br\/blog\/#\/schema\/person\/edda4e500c7c5065d53cfab276ffa8dd\"},\"headline\":\"Publicada a lei (14.071\/20) que altera o C\u00f3digo de Tr\u00e2nsito e publicadas as novas Resolu\u00e7\u00f5es do Contran que poder\u00e3o vir na PRF 2021\",\"datePublished\":\"2020-10-14T11:20:27+00:00\",\"dateModified\":\"2020-10-14T15:20:21+00:00\",\"mainEntityOfPage\":{\"@id\":\"https:\/\/www.estrategiaconcursos.com.br\/blog\/sancionada-a-lei-que-altera-o-codigo-de-transito-e-publicadas-as-novas-resolucoes-do-contran-para-a-prf-2021\/\"},\"wordCount\":5912,\"commentCount\":0,\"publisher\":{\"@id\":\"https:\/\/www.estrategiaconcursos.com.br\/blog\/#organization\"},\"keywords\":[\"#carreiraspoliciais\",\"#legisla\u00e7\u00e3odetr\u00e2nsito\",\"#PRF\",\"#prf2020\",\"#prf2021\"],\"articleSection\":[\"Concursos P\u00fablicos\"],\"inLanguage\":\"pt-BR\",\"potentialAction\":[{\"@type\":\"CommentAction\",\"name\":\"Comment\",\"target\":[\"https:\/\/www.estrategiaconcursos.com.br\/blog\/sancionada-a-lei-que-altera-o-codigo-de-transito-e-publicadas-as-novas-resolucoes-do-contran-para-a-prf-2021\/#respond\"]}],\"copyrightYear\":\"2020\",\"copyrightHolder\":{\"@id\":\"https:\/\/www.estrategiaconcursos.com.br\/blog\/#organization\"}},{\"@type\":\"WebPage\",\"@id\":\"https:\/\/www.estrategiaconcursos.com.br\/blog\/sancionada-a-lei-que-altera-o-codigo-de-transito-e-publicadas-as-novas-resolucoes-do-contran-para-a-prf-2021\/\",\"url\":\"https:\/\/www.estrategiaconcursos.com.br\/blog\/sancionada-a-lei-que-altera-o-codigo-de-transito-e-publicadas-as-novas-resolucoes-do-contran-para-a-prf-2021\/\",\"name\":\"Publicada a lei (14.071\/20) que altera o C\u00f3digo de Tr\u00e2nsito e publicadas as novas Resolu\u00e7\u00f5es do Contran que poder\u00e3o vir na PRF 2021\",\"isPartOf\":{\"@id\":\"https:\/\/www.estrategiaconcursos.com.br\/blog\/#website\"},\"datePublished\":\"2020-10-14T11:20:27+00:00\",\"dateModified\":\"2020-10-14T15:20:21+00:00\",\"breadcrumb\":{\"@id\":\"https:\/\/www.estrategiaconcursos.com.br\/blog\/sancionada-a-lei-que-altera-o-codigo-de-transito-e-publicadas-as-novas-resolucoes-do-contran-para-a-prf-2021\/#breadcrumb\"},\"inLanguage\":\"pt-BR\",\"potentialAction\":[{\"@type\":\"ReadAction\",\"target\":[\"https:\/\/www.estrategiaconcursos.com.br\/blog\/sancionada-a-lei-que-altera-o-codigo-de-transito-e-publicadas-as-novas-resolucoes-do-contran-para-a-prf-2021\/\"]}]},{\"@type\":\"BreadcrumbList\",\"@id\":\"https:\/\/www.estrategiaconcursos.com.br\/blog\/sancionada-a-lei-que-altera-o-codigo-de-transito-e-publicadas-as-novas-resolucoes-do-contran-para-a-prf-2021\/#breadcrumb\",\"itemListElement\":[{\"@type\":\"ListItem\",\"position\":1,\"name\":\"In\u00edcio\",\"item\":\"https:\/\/www.estrategiaconcursos.com.br\/blog\/\"},{\"@type\":\"ListItem\",\"position\":2,\"name\":\"Publicada a lei (14.071\/20) que altera o C\u00f3digo de Tr\u00e2nsito e publicadas as novas Resolu\u00e7\u00f5es do Contran que poder\u00e3o vir na PRF 2021\"}]},{\"@type\":\"WebSite\",\"@id\":\"https:\/\/www.estrategiaconcursos.com.br\/blog\/#website\",\"url\":\"https:\/\/www.estrategiaconcursos.com.br\/blog\/\",\"name\":\"Estrat\u00e9gia Concursos\",\"description\":\"O blog da Estrat\u00e9gia Concursos traz not\u00edcias sobre concursos e artigos de professores oferecendo cursos para concursos (pdf + videaulas) no site.\",\"publisher\":{\"@id\":\"https:\/\/www.estrategiaconcursos.com.br\/blog\/#organization\"},\"potentialAction\":[{\"@type\":\"SearchAction\",\"target\":{\"@type\":\"EntryPoint\",\"urlTemplate\":\"https:\/\/www.estrategiaconcursos.com.br\/blog\/?s={search_term_string}\"},\"query-input\":{\"@type\":\"PropertyValueSpecification\",\"valueRequired\":true,\"valueName\":\"search_term_string\"}}],\"inLanguage\":\"pt-BR\"},{\"@type\":\"Organization\",\"@id\":\"https:\/\/www.estrategiaconcursos.com.br\/blog\/#organization\",\"name\":\"Estrat\u00e9gia Concursos\",\"url\":\"https:\/\/www.estrategiaconcursos.com.br\/blog\/\",\"logo\":{\"@type\":\"ImageObject\",\"inLanguage\":\"pt-BR\",\"@id\":\"https:\/\/www.estrategiaconcursos.com.br\/blog\/#\/schema\/logo\/image\/\",\"url\":\"https:\/\/dhg1h5j42swfq.cloudfront.net\/2025\/06\/03203428\/logo_concursos-1.jpg\",\"contentUrl\":\"https:\/\/dhg1h5j42swfq.cloudfront.net\/2025\/06\/03203428\/logo_concursos-1.jpg\",\"width\":230,\"height\":60,\"caption\":\"Estrat\u00e9gia Concursos\"},\"image\":{\"@id\":\"https:\/\/www.estrategiaconcursos.com.br\/blog\/#\/schema\/logo\/image\/\"},\"sameAs\":[\"https:\/\/x.com\/EstratConcursos\"]},{\"@type\":\"Person\",\"@id\":\"https:\/\/www.estrategiaconcursos.com.br\/blog\/#\/schema\/person\/edda4e500c7c5065d53cfab276ffa8dd\",\"name\":\"Alexandre Herculano\",\"image\":{\"@type\":\"ImageObject\",\"inLanguage\":\"pt-BR\",\"@id\":\"https:\/\/secure.gravatar.com\/avatar\/38cb0c33a42096a75e0d9cdd0d8f7413cf51bcfdd398eb7a35bdcd48e89060f8?s=96&d=mm&r=g\",\"url\":\"https:\/\/secure.gravatar.com\/avatar\/38cb0c33a42096a75e0d9cdd0d8f7413cf51bcfdd398eb7a35bdcd48e89060f8?s=96&d=mm&r=g\",\"contentUrl\":\"https:\/\/secure.gravatar.com\/avatar\/38cb0c33a42096a75e0d9cdd0d8f7413cf51bcfdd398eb7a35bdcd48e89060f8?s=96&d=mm&r=g\",\"caption\":\"Alexandre Herculano\"},\"url\":\"https:\/\/www.estrategiaconcursos.com.br\/blog\/author\/alexandreherculanoestrategiaconcursos-com-br\/\"}]}<\/script>\n<!-- \/ Yoast SEO Premium plugin. -->","yoast_head_json":{"title":"Publicada a lei (14.071\/20) que altera o C\u00f3digo de Tr\u00e2nsito e publicadas as novas Resolu\u00e7\u00f5es do Contran que poder\u00e3o vir na PRF 2021","robots":{"index":"index","follow":"follow","max-snippet":"max-snippet:-1","max-image-preview":"max-image-preview:large","max-video-preview":"max-video-preview:-1"},"canonical":"https:\/\/www.estrategiaconcursos.com.br\/blog\/sancionada-a-lei-que-altera-o-codigo-de-transito-e-publicadas-as-novas-resolucoes-do-contran-para-a-prf-2021\/","og_locale":"pt_BR","og_type":"article","og_title":"Publicada a lei (14.071\/20) que altera o C\u00f3digo de Tr\u00e2nsito e publicadas as novas Resolu\u00e7\u00f5es do Contran que poder\u00e3o vir na PRF 2021","og_description":"Ol\u00e1, amigos! Foi publicada a lei (14.071\/20) que altera o C\u00f3digo de Tr\u00e2nsito Brasileiro. Cabe lembrar que a vacatio legis (prazo para entrar em vigor) ser\u00e1 de 180 dias. Farei uma live no meu canal no YouTube (professor Alexandre Herculano) e no canal do Estrat\u00e9gia Concursos. Vou divulgar o dia e hora no meu Instagram [&hellip;]","og_url":"https:\/\/www.estrategiaconcursos.com.br\/blog\/sancionada-a-lei-que-altera-o-codigo-de-transito-e-publicadas-as-novas-resolucoes-do-contran-para-a-prf-2021\/","og_site_name":"Estrat\u00e9gia Concursos","article_published_time":"2020-10-14T11:20:27+00:00","article_modified_time":"2020-10-14T15:20:21+00:00","author":"Alexandre Herculano","twitter_card":"summary_large_image","twitter_creator":"@EstratConcursos","twitter_site":"@EstratConcursos","twitter_misc":{"Escrito por":"Alexandre Herculano","Est. tempo de leitura":"29 minutos"},"schema":{"@context":"https:\/\/schema.org","@graph":[{"@type":"NewsArticle","@id":"https:\/\/www.estrategiaconcursos.com.br\/blog\/sancionada-a-lei-que-altera-o-codigo-de-transito-e-publicadas-as-novas-resolucoes-do-contran-para-a-prf-2021\/#article","isPartOf":{"@id":"https:\/\/www.estrategiaconcursos.com.br\/blog\/sancionada-a-lei-que-altera-o-codigo-de-transito-e-publicadas-as-novas-resolucoes-do-contran-para-a-prf-2021\/"},"author":{"name":"Alexandre Herculano","@id":"https:\/\/www.estrategiaconcursos.com.br\/blog\/#\/schema\/person\/edda4e500c7c5065d53cfab276ffa8dd"},"headline":"Publicada a lei (14.071\/20) que altera o C\u00f3digo de Tr\u00e2nsito e publicadas as novas Resolu\u00e7\u00f5es do Contran que poder\u00e3o vir na PRF 2021","datePublished":"2020-10-14T11:20:27+00:00","dateModified":"2020-10-14T15:20:21+00:00","mainEntityOfPage":{"@id":"https:\/\/www.estrategiaconcursos.com.br\/blog\/sancionada-a-lei-que-altera-o-codigo-de-transito-e-publicadas-as-novas-resolucoes-do-contran-para-a-prf-2021\/"},"wordCount":5912,"commentCount":0,"publisher":{"@id":"https:\/\/www.estrategiaconcursos.com.br\/blog\/#organization"},"keywords":["#carreiraspoliciais","#legisla\u00e7\u00e3odetr\u00e2nsito","#PRF","#prf2020","#prf2021"],"articleSection":["Concursos P\u00fablicos"],"inLanguage":"pt-BR","potentialAction":[{"@type":"CommentAction","name":"Comment","target":["https:\/\/www.estrategiaconcursos.com.br\/blog\/sancionada-a-lei-que-altera-o-codigo-de-transito-e-publicadas-as-novas-resolucoes-do-contran-para-a-prf-2021\/#respond"]}],"copyrightYear":"2020","copyrightHolder":{"@id":"https:\/\/www.estrategiaconcursos.com.br\/blog\/#organization"}},{"@type":"WebPage","@id":"https:\/\/www.estrategiaconcursos.com.br\/blog\/sancionada-a-lei-que-altera-o-codigo-de-transito-e-publicadas-as-novas-resolucoes-do-contran-para-a-prf-2021\/","url":"https:\/\/www.estrategiaconcursos.com.br\/blog\/sancionada-a-lei-que-altera-o-codigo-de-transito-e-publicadas-as-novas-resolucoes-do-contran-para-a-prf-2021\/","name":"Publicada a lei (14.071\/20) que altera o C\u00f3digo de Tr\u00e2nsito e publicadas as novas Resolu\u00e7\u00f5es do Contran que poder\u00e3o vir na PRF 2021","isPartOf":{"@id":"https:\/\/www.estrategiaconcursos.com.br\/blog\/#website"},"datePublished":"2020-10-14T11:20:27+00:00","dateModified":"2020-10-14T15:20:21+00:00","breadcrumb":{"@id":"https:\/\/www.estrategiaconcursos.com.br\/blog\/sancionada-a-lei-que-altera-o-codigo-de-transito-e-publicadas-as-novas-resolucoes-do-contran-para-a-prf-2021\/#breadcrumb"},"inLanguage":"pt-BR","potentialAction":[{"@type":"ReadAction","target":["https:\/\/www.estrategiaconcursos.com.br\/blog\/sancionada-a-lei-que-altera-o-codigo-de-transito-e-publicadas-as-novas-resolucoes-do-contran-para-a-prf-2021\/"]}]},{"@type":"BreadcrumbList","@id":"https:\/\/www.estrategiaconcursos.com.br\/blog\/sancionada-a-lei-que-altera-o-codigo-de-transito-e-publicadas-as-novas-resolucoes-do-contran-para-a-prf-2021\/#breadcrumb","itemListElement":[{"@type":"ListItem","position":1,"name":"In\u00edcio","item":"https:\/\/www.estrategiaconcursos.com.br\/blog\/"},{"@type":"ListItem","position":2,"name":"Publicada a lei (14.071\/20) que altera o C\u00f3digo de Tr\u00e2nsito e publicadas as novas Resolu\u00e7\u00f5es do Contran que poder\u00e3o vir na PRF 2021"}]},{"@type":"WebSite","@id":"https:\/\/www.estrategiaconcursos.com.br\/blog\/#website","url":"https:\/\/www.estrategiaconcursos.com.br\/blog\/","name":"Estrat\u00e9gia Concursos","description":"O blog da Estrat\u00e9gia Concursos traz not\u00edcias sobre concursos e artigos de professores oferecendo cursos para concursos (pdf + videaulas) no site.","publisher":{"@id":"https:\/\/www.estrategiaconcursos.com.br\/blog\/#organization"},"potentialAction":[{"@type":"SearchAction","target":{"@type":"EntryPoint","urlTemplate":"https:\/\/www.estrategiaconcursos.com.br\/blog\/?s={search_term_string}"},"query-input":{"@type":"PropertyValueSpecification","valueRequired":true,"valueName":"search_term_string"}}],"inLanguage":"pt-BR"},{"@type":"Organization","@id":"https:\/\/www.estrategiaconcursos.com.br\/blog\/#organization","name":"Estrat\u00e9gia Concursos","url":"https:\/\/www.estrategiaconcursos.com.br\/blog\/","logo":{"@type":"ImageObject","inLanguage":"pt-BR","@id":"https:\/\/www.estrategiaconcursos.com.br\/blog\/#\/schema\/logo\/image\/","url":"https:\/\/dhg1h5j42swfq.cloudfront.net\/2025\/06\/03203428\/logo_concursos-1.jpg","contentUrl":"https:\/\/dhg1h5j42swfq.cloudfront.net\/2025\/06\/03203428\/logo_concursos-1.jpg","width":230,"height":60,"caption":"Estrat\u00e9gia Concursos"},"image":{"@id":"https:\/\/www.estrategiaconcursos.com.br\/blog\/#\/schema\/logo\/image\/"},"sameAs":["https:\/\/x.com\/EstratConcursos"]},{"@type":"Person","@id":"https:\/\/www.estrategiaconcursos.com.br\/blog\/#\/schema\/person\/edda4e500c7c5065d53cfab276ffa8dd","name":"Alexandre Herculano","image":{"@type":"ImageObject","inLanguage":"pt-BR","@id":"https:\/\/secure.gravatar.com\/avatar\/38cb0c33a42096a75e0d9cdd0d8f7413cf51bcfdd398eb7a35bdcd48e89060f8?s=96&d=mm&r=g","url":"https:\/\/secure.gravatar.com\/avatar\/38cb0c33a42096a75e0d9cdd0d8f7413cf51bcfdd398eb7a35bdcd48e89060f8?s=96&d=mm&r=g","contentUrl":"https:\/\/secure.gravatar.com\/avatar\/38cb0c33a42096a75e0d9cdd0d8f7413cf51bcfdd398eb7a35bdcd48e89060f8?s=96&d=mm&r=g","caption":"Alexandre Herculano"},"url":"https:\/\/www.estrategiaconcursos.com.br\/blog\/author\/alexandreherculanoestrategiaconcursos-com-br\/"}]}},"_links":{"self":[{"href":"https:\/\/www.estrategiaconcursos.com.br\/blog\/wp-json\/wp\/v2\/posts\/588022","targetHints":{"allow":["GET"]}}],"collection":[{"href":"https:\/\/www.estrategiaconcursos.com.br\/blog\/wp-json\/wp\/v2\/posts"}],"about":[{"href":"https:\/\/www.estrategiaconcursos.com.br\/blog\/wp-json\/wp\/v2\/types\/post"}],"author":[{"embeddable":true,"href":"https:\/\/www.estrategiaconcursos.com.br\/blog\/wp-json\/wp\/v2\/users\/86"}],"replies":[{"embeddable":true,"href":"https:\/\/www.estrategiaconcursos.com.br\/blog\/wp-json\/wp\/v2\/comments?post=588022"}],"version-history":[{"count":11,"href":"https:\/\/www.estrategiaconcursos.com.br\/blog\/wp-json\/wp\/v2\/posts\/588022\/revisions"}],"predecessor-version":[{"id":588369,"href":"https:\/\/www.estrategiaconcursos.com.br\/blog\/wp-json\/wp\/v2\/posts\/588022\/revisions\/588369"}],"wp:attachment":[{"href":"https:\/\/www.estrategiaconcursos.com.br\/blog\/wp-json\/wp\/v2\/media?parent=588022"}],"wp:term":[{"taxonomy":"category","embeddable":true,"href":"https:\/\/www.estrategiaconcursos.com.br\/blog\/wp-json\/wp\/v2\/categories?post=588022"},{"taxonomy":"post_tag","embeddable":true,"href":"https:\/\/www.estrategiaconcursos.com.br\/blog\/wp-json\/wp\/v2\/tags?post=588022"},{"taxonomy":"tax_estado","embeddable":true,"href":"https:\/\/www.estrategiaconcursos.com.br\/blog\/wp-json\/wp\/v2\/tax_estado?post=588022"}],"curies":[{"name":"wp","href":"https:\/\/api.w.org\/{rel}","templated":true}]}}