{"id":586057,"date":"2020-10-12T14:11:00","date_gmt":"2020-10-12T17:11:00","guid":{"rendered":"https:\/\/www.estrategiaconcursos.com.br\/blog\/?p=586057"},"modified":"2023-06-30T10:06:26","modified_gmt":"2023-06-30T13:06:26","slug":"pc-mg-pedido-de-concurso-com-1-500-vagas-enviado-ao-governador","status":"publish","type":"post","link":"https:\/\/www.estrategiaconcursos.com.br\/blog\/pc-mg-pedido-de-concurso-com-1-500-vagas-enviado-ao-governador\/","title":{"rendered":"PC MG: pedido de concurso com 1.500 vagas \u00e9 enviado ao governador"},"content":{"rendered":"\n<p>O pr\u00f3ximo <a href=\"https:\/\/www.estrategiaconcursos.com.br\/blog\/concurso-pc-mg\/\" target=\"_blank\" rel=\"noreferrer noopener\">concurso PC MG<\/a>, da Pol\u00edcia Civil de Minas Gerais, ofertar\u00e1 at\u00e9 1.514 vagas, segundo informa\u00e7\u00f5es obtidas com exclusividade pelo Estrat\u00e9gia Concursos.<\/p>\n\n\n\n<p>A autoriza\u00e7\u00e3o para as vagas foi solicitada pela institui\u00e7\u00e3o junto ao governador do estado de Minas Gerais, Romeu Zema. As oportunidades ser\u00e3o distribu\u00eddas da seguinte maneira:<\/p>\n\n\n\n<ul class=\"wp-block-list\">\n<li><strong>80 Analistas;<\/strong><\/li>\n\n\n\n<li><strong>201 Delegados;<\/strong><\/li>\n\n\n\n<li><strong>317 Escriv\u00e3es;<\/strong><\/li>\n\n\n\n<li><strong>689 Investigadores;<\/strong><\/li>\n\n\n\n<li><strong>51 Peritos;<\/strong><\/li>\n\n\n\n<li><strong>16 M\u00e9dicos Legistas;<\/strong><\/li>\n\n\n\n<li><strong>160 T\u00e9cnicos Assistentes.<\/strong><\/li>\n<\/ul>\n\n\n\n<p>Se voc\u00ea deseja ser um Policial Civil em Minas Gerais, essa \u00e9 a hora de saber todas as informa\u00e7\u00f5es sobre o pr\u00f3ximo certame!<\/p>\n\n\n\n<p>Para isso, n\u00e3o perca o <strong>webin\u00e1rio<\/strong> que vamos realizar nesta <strong>segunda-feira,<\/strong> <strong>12 de outubro, \u00e0s 19h<\/strong>, com o Delegado Paulo Bilynskyj e as convidadas Luciana Peixoto e Vanessa Oliveira.<\/p>\n\n\n\n<p class=\"has-text-align-center has-background\" style=\"background-color:#ced3d4;font-size:clamp(14.642px, 0.915rem + ((1vw - 3.2px) * 0.721), 22px);px\"><strong><a rel=\"noreferrer noopener\" href=\"https:\/\/www.estrategiaconcursos.com.br\/blog\/concurso-pc-mg\/\" target=\"_blank\">Pol\u00edcia Civil de Minas Gerais<\/a><\/strong><\/p>\n\n\n\n<p class=\"has-text-align-center has-luminous-vivid-amber-background-color has-background\" style=\"font-size:clamp(14.642px, 0.915rem + ((1vw - 3.2px) * 0.721), 22px);px\"><em><strong><a rel=\"noreferrer noopener\" href=\"https:\/\/www.estrategiaconcursos.com.br\/cursosPorConcurso\/policia-civil-de-minas-gerais-pc-mg\/\" target=\"_blank\">Cursos Pol\u00edcia Civil de Minas Gerais<\/a><\/strong><\/em><\/p>\n\n\n\n<p class=\"has-text-align-center\"><em><strong>Assinatura Anual Ilimitada*<\/strong><\/em><\/p>\n\n\n\n<p class=\"has-text-align-center\"><em>Prepare-se com o melhor material e com quem mais aprova em Concursos P\u00fablicos em todo o pa\u00eds. Assine agora a nossa Assinatura Anual e tenha acesso ilimitado* a todos os nossos cursos.<\/em><\/p>\n\n\n\n<p class=\"has-text-align-center has-luminous-vivid-amber-background-color has-background\"><strong>ASSINE AGORA<\/strong>&nbsp;\u2013&nbsp;<strong><a rel=\"noreferrer noopener\" href=\"https:\/\/www.estrategiaconcursos.com.br\/assinaturas\" target=\"_blank\">Assinatura Ilimitada<\/a><\/strong><\/p>\n\n\n\n<p class=\"has-text-align-center\"><strong><em><strong>Sistema de Quest\u00f5es<\/strong><\/em><\/strong><\/p>\n\n\n\n<p class=\"has-text-align-center\"><em>Estrat\u00e9gia Quest\u00f5es nasceu maior do que todos os concorrentes, com mais quest\u00f5es cadastradas e mais solu\u00e7\u00f5es por professores. Ent\u00e3o, confira e aproveite os descontos e b\u00f4nus imperd\u00edveis!<\/em><\/p>\n\n\n\n<p class=\"has-text-align-center has-vivid-green-cyan-background-color has-background\"><strong>ASSINE AGORA \u2013&nbsp;<a rel=\"noreferrer noopener\" href=\"https:\/\/www.estrategiaconcursos.com.br\/cursosPorConcurso\/sistema-de-questoes\/#\/\" target=\"_blank\">Sistema de Quest\u00f5es<\/a><\/strong><\/p>\n\n\n\n<p class=\"has-text-align-center\"><strong><em>Fique por dentro dos concursos em aberto<\/em><\/strong><\/p>\n\n\n\n<p class=\"has-text-align-center has-pale-cyan-blue-background-color has-background\"><a href=\"https:\/\/www.estrategiaconcursos.com.br\/blog\/concursos-abertos\/\" target=\"_blank\" rel=\"noreferrer noopener\"><strong>CONCURSOS ABERTOS<\/strong><\/a><\/p>\n","protected":false},"excerpt":{"rendered":"<p>O pr\u00f3ximo concurso PC MG, da Pol\u00edcia Civil de Minas Gerais, ofertar\u00e1 at\u00e9 1.514 vagas, segundo informa\u00e7\u00f5es obtidas com exclusividade pelo Estrat\u00e9gia Concursos. A autoriza\u00e7\u00e3o para as vagas foi solicitada pela institui\u00e7\u00e3o junto ao governador do estado de Minas Gerais, Romeu Zema. As oportunidades ser\u00e3o distribu\u00eddas da seguinte maneira: Se voc\u00ea deseja ser um Policial [&hellip;]<\/p>\n","protected":false},"author":248,"featured_media":429314,"comment_status":"open","ping_status":"closed","sticky":false,"template":"","format":"standard","meta":{"post_tipo":"article","footnotes":""},"categories":[1],"tags":[],"tax_estado":[],"class_list":["post-586057","post","type-post","status-publish","format-standard","has-post-thumbnail","hentry","category-cursos-e-concursos"],"acf":[],"yoast_head":"<!-- This site is optimized with the Yoast SEO Premium plugin v27.2 (Yoast SEO v27.2) - https:\/\/yoast.com\/product\/yoast-seo-premium-wordpress\/ -->\n<title>PC MG: pedido de concurso com 1.500 vagas \u00e9 enviado ao governador<\/title>\n<meta name=\"robots\" content=\"index, follow, max-snippet:-1, max-image-preview:large, max-video-preview:-1\" \/>\n<link rel=\"canonical\" href=\"https:\/\/www.estrategiaconcursos.com.br\/blog\/pc-mg-pedido-de-concurso-com-1-500-vagas-enviado-ao-governador\/\" \/>\n<meta property=\"og:locale\" content=\"pt_BR\" \/>\n<meta property=\"og:type\" content=\"article\" \/>\n<meta property=\"og:title\" content=\"PC MG: pedido de concurso com 1.500 vagas \u00e9 enviado ao governador\" \/>\n<meta property=\"og:description\" content=\"O pr\u00f3ximo concurso PC MG, da Pol\u00edcia Civil de Minas Gerais, ofertar\u00e1 at\u00e9 1.514 vagas, segundo informa\u00e7\u00f5es obtidas com exclusividade pelo Estrat\u00e9gia Concursos. A autoriza\u00e7\u00e3o para as vagas foi solicitada pela institui\u00e7\u00e3o junto ao governador do estado de Minas Gerais, Romeu Zema. As oportunidades ser\u00e3o distribu\u00eddas da seguinte maneira: Se voc\u00ea deseja ser um Policial [&hellip;]\" \/>\n<meta property=\"og:url\" content=\"https:\/\/www.estrategiaconcursos.com.br\/blog\/pc-mg-pedido-de-concurso-com-1-500-vagas-enviado-ao-governador\/\" \/>\n<meta property=\"og:site_name\" content=\"Estrat\u00e9gia Concursos\" \/>\n<meta property=\"article:published_time\" content=\"2020-10-12T17:11:00+00:00\" \/>\n<meta property=\"article:modified_time\" content=\"2023-06-30T13:06:26+00:00\" \/>\n<meta property=\"og:image\" content=\"https:\/\/dhg1h5j42swfq.cloudfront.net\/2019\/10\/02153710\/concurso-PC-MG.jpg\" \/>\n\t<meta property=\"og:image:width\" content=\"400\" \/>\n\t<meta property=\"og:image:height\" content=\"209\" \/>\n\t<meta property=\"og:image:type\" content=\"image\/jpeg\" \/>\n<meta name=\"author\" content=\"Marcos Gir\u00e3o\" \/>\n<meta name=\"twitter:card\" content=\"summary_large_image\" \/>\n<meta name=\"twitter:creator\" content=\"@EstratConcursos\" \/>\n<meta name=\"twitter:site\" content=\"@EstratConcursos\" \/>\n<meta name=\"twitter:label1\" content=\"Escrito por\" \/>\n\t<meta name=\"twitter:data1\" content=\"Marcos Gir\u00e3o\" \/>\n\t<meta name=\"twitter:label2\" content=\"Est. tempo de leitura\" \/>\n\t<meta name=\"twitter:data2\" content=\"1 minuto\" \/>\n<script type=\"application\/ld+json\" class=\"yoast-schema-graph\">{\"@context\":\"https:\/\/schema.org\",\"@graph\":[{\"@type\":\"NewsArticle\",\"@id\":\"https:\/\/www.estrategiaconcursos.com.br\/blog\/pc-mg-pedido-de-concurso-com-1-500-vagas-enviado-ao-governador\/#article\",\"isPartOf\":{\"@id\":\"https:\/\/www.estrategiaconcursos.com.br\/blog\/pc-mg-pedido-de-concurso-com-1-500-vagas-enviado-ao-governador\/\"},\"author\":{\"name\":\"Marcos Gir\u00e3o\",\"@id\":\"https:\/\/www.estrategiaconcursos.com.br\/blog\/#\/schema\/person\/6be195b7a02a8ca214472b848686bb37\"},\"headline\":\"PC MG: pedido de concurso com 1.500 vagas \u00e9 enviado ao governador\",\"datePublished\":\"2020-10-12T17:11:00+00:00\",\"dateModified\":\"2023-06-30T13:06:26+00:00\",\"mainEntityOfPage\":{\"@id\":\"https:\/\/www.estrategiaconcursos.com.br\/blog\/pc-mg-pedido-de-concurso-com-1-500-vagas-enviado-ao-governador\/\"},\"wordCount\":242,\"commentCount\":0,\"publisher\":{\"@id\":\"https:\/\/www.estrategiaconcursos.com.br\/blog\/#organization\"},\"image\":{\"@id\":\"https:\/\/www.estrategiaconcursos.com.br\/blog\/pc-mg-pedido-de-concurso-com-1-500-vagas-enviado-ao-governador\/#primaryimage\"},\"thumbnailUrl\":\"https:\/\/dhg1h5j42swfq.cloudfront.net\/2019\/10\/02153710\/concurso-PC-MG.jpg\",\"articleSection\":[\"Concursos P\u00fablicos\"],\"inLanguage\":\"pt-BR\",\"potentialAction\":[{\"@type\":\"CommentAction\",\"name\":\"Comment\",\"target\":[\"https:\/\/www.estrategiaconcursos.com.br\/blog\/pc-mg-pedido-de-concurso-com-1-500-vagas-enviado-ao-governador\/#respond\"]}],\"copyrightYear\":\"2020\",\"copyrightHolder\":{\"@id\":\"https:\/\/www.estrategiaconcursos.com.br\/blog\/#organization\"}},{\"@type\":\"WebPage\",\"@id\":\"https:\/\/www.estrategiaconcursos.com.br\/blog\/pc-mg-pedido-de-concurso-com-1-500-vagas-enviado-ao-governador\/\",\"url\":\"https:\/\/www.estrategiaconcursos.com.br\/blog\/pc-mg-pedido-de-concurso-com-1-500-vagas-enviado-ao-governador\/\",\"name\":\"PC MG: pedido de concurso com 1.500 vagas \u00e9 enviado ao governador\",\"isPartOf\":{\"@id\":\"https:\/\/www.estrategiaconcursos.com.br\/blog\/#website\"},\"primaryImageOfPage\":{\"@id\":\"https:\/\/www.estrategiaconcursos.com.br\/blog\/pc-mg-pedido-de-concurso-com-1-500-vagas-enviado-ao-governador\/#primaryimage\"},\"image\":{\"@id\":\"https:\/\/www.estrategiaconcursos.com.br\/blog\/pc-mg-pedido-de-concurso-com-1-500-vagas-enviado-ao-governador\/#primaryimage\"},\"thumbnailUrl\":\"https:\/\/dhg1h5j42swfq.cloudfront.net\/2019\/10\/02153710\/concurso-PC-MG.jpg\",\"datePublished\":\"2020-10-12T17:11:00+00:00\",\"dateModified\":\"2023-06-30T13:06:26+00:00\",\"breadcrumb\":{\"@id\":\"https:\/\/www.estrategiaconcursos.com.br\/blog\/pc-mg-pedido-de-concurso-com-1-500-vagas-enviado-ao-governador\/#breadcrumb\"},\"inLanguage\":\"pt-BR\",\"potentialAction\":[{\"@type\":\"ReadAction\",\"target\":[\"https:\/\/www.estrategiaconcursos.com.br\/blog\/pc-mg-pedido-de-concurso-com-1-500-vagas-enviado-ao-governador\/\"]}]},{\"@type\":\"ImageObject\",\"inLanguage\":\"pt-BR\",\"@id\":\"https:\/\/www.estrategiaconcursos.com.br\/blog\/pc-mg-pedido-de-concurso-com-1-500-vagas-enviado-ao-governador\/#primaryimage\",\"url\":\"https:\/\/dhg1h5j42swfq.cloudfront.net\/2019\/10\/02153710\/concurso-PC-MG.jpg\",\"contentUrl\":\"https:\/\/dhg1h5j42swfq.cloudfront.net\/2019\/10\/02153710\/concurso-PC-MG.jpg\",\"width\":400,\"height\":209,\"caption\":\"concurso PC MG: novos editais para M\u00e9dico Legista e Perito Criminal para 2020 com or\u00e7amento da LDO\"},{\"@type\":\"BreadcrumbList\",\"@id\":\"https:\/\/www.estrategiaconcursos.com.br\/blog\/pc-mg-pedido-de-concurso-com-1-500-vagas-enviado-ao-governador\/#breadcrumb\",\"itemListElement\":[{\"@type\":\"ListItem\",\"position\":1,\"name\":\"In\u00edcio\",\"item\":\"https:\/\/www.estrategiaconcursos.com.br\/blog\/\"},{\"@type\":\"ListItem\",\"position\":2,\"name\":\"PC MG: pedido de concurso com 1.500 vagas \u00e9 enviado ao governador\"}]},{\"@type\":\"WebSite\",\"@id\":\"https:\/\/www.estrategiaconcursos.com.br\/blog\/#website\",\"url\":\"https:\/\/www.estrategiaconcursos.com.br\/blog\/\",\"name\":\"Estrat\u00e9gia Concursos\",\"description\":\"O blog da Estrat\u00e9gia Concursos traz not\u00edcias sobre concursos e artigos de professores oferecendo cursos para concursos (pdf + videaulas) no site.\",\"publisher\":{\"@id\":\"https:\/\/www.estrategiaconcursos.com.br\/blog\/#organization\"},\"potentialAction\":[{\"@type\":\"SearchAction\",\"target\":{\"@type\":\"EntryPoint\",\"urlTemplate\":\"https:\/\/www.estrategiaconcursos.com.br\/blog\/?s={search_term_string}\"},\"query-input\":{\"@type\":\"PropertyValueSpecification\",\"valueRequired\":true,\"valueName\":\"search_term_string\"}}],\"inLanguage\":\"pt-BR\"},{\"@type\":\"Organization\",\"@id\":\"https:\/\/www.estrategiaconcursos.com.br\/blog\/#organization\",\"name\":\"Estrat\u00e9gia Concursos\",\"url\":\"https:\/\/www.estrategiaconcursos.com.br\/blog\/\",\"logo\":{\"@type\":\"ImageObject\",\"inLanguage\":\"pt-BR\",\"@id\":\"https:\/\/www.estrategiaconcursos.com.br\/blog\/#\/schema\/logo\/image\/\",\"url\":\"https:\/\/dhg1h5j42swfq.cloudfront.net\/2025\/06\/03203428\/logo_concursos-1.jpg\",\"contentUrl\":\"https:\/\/dhg1h5j42swfq.cloudfront.net\/2025\/06\/03203428\/logo_concursos-1.jpg\",\"width\":230,\"height\":60,\"caption\":\"Estrat\u00e9gia Concursos\"},\"image\":{\"@id\":\"https:\/\/www.estrategiaconcursos.com.br\/blog\/#\/schema\/logo\/image\/\"},\"sameAs\":[\"https:\/\/x.com\/EstratConcursos\"]},{\"@type\":\"Person\",\"@id\":\"https:\/\/www.estrategiaconcursos.com.br\/blog\/#\/schema\/person\/6be195b7a02a8ca214472b848686bb37\",\"name\":\"Marcos Gir\u00e3o\",\"image\":{\"@type\":\"ImageObject\",\"inLanguage\":\"pt-BR\",\"@id\":\"https:\/\/secure.gravatar.com\/avatar\/ac5b9a36e2c99a8280e07b5763e3b764471d5b861c47521bfd2edffdfbb06fbd?s=96&d=mm&r=g\",\"url\":\"https:\/\/secure.gravatar.com\/avatar\/ac5b9a36e2c99a8280e07b5763e3b764471d5b861c47521bfd2edffdfbb06fbd?s=96&d=mm&r=g\",\"contentUrl\":\"https:\/\/secure.gravatar.com\/avatar\/ac5b9a36e2c99a8280e07b5763e3b764471d5b861c47521bfd2edffdfbb06fbd?s=96&d=mm&r=g\",\"caption\":\"Marcos Gir\u00e3o\"},\"url\":\"https:\/\/www.estrategiaconcursos.com.br\/blog\/author\/marcosgiraoestrategiaconcursos-com-br\/\"}]}<\/script>\n<!-- \/ Yoast SEO Premium plugin. -->","yoast_head_json":{"title":"PC MG: pedido de concurso com 1.500 vagas \u00e9 enviado ao governador","robots":{"index":"index","follow":"follow","max-snippet":"max-snippet:-1","max-image-preview":"max-image-preview:large","max-video-preview":"max-video-preview:-1"},"canonical":"https:\/\/www.estrategiaconcursos.com.br\/blog\/pc-mg-pedido-de-concurso-com-1-500-vagas-enviado-ao-governador\/","og_locale":"pt_BR","og_type":"article","og_title":"PC MG: pedido de concurso com 1.500 vagas \u00e9 enviado ao governador","og_description":"O pr\u00f3ximo concurso PC MG, da Pol\u00edcia Civil de Minas Gerais, ofertar\u00e1 at\u00e9 1.514 vagas, segundo informa\u00e7\u00f5es obtidas com exclusividade pelo Estrat\u00e9gia Concursos. A autoriza\u00e7\u00e3o para as vagas foi solicitada pela institui\u00e7\u00e3o junto ao governador do estado de Minas Gerais, Romeu Zema. As oportunidades ser\u00e3o distribu\u00eddas da seguinte maneira: Se voc\u00ea deseja ser um Policial [&hellip;]","og_url":"https:\/\/www.estrategiaconcursos.com.br\/blog\/pc-mg-pedido-de-concurso-com-1-500-vagas-enviado-ao-governador\/","og_site_name":"Estrat\u00e9gia Concursos","article_published_time":"2020-10-12T17:11:00+00:00","article_modified_time":"2023-06-30T13:06:26+00:00","og_image":[{"width":400,"height":209,"url":"https:\/\/dhg1h5j42swfq.cloudfront.net\/2019\/10\/02153710\/concurso-PC-MG.jpg","type":"image\/jpeg"}],"author":"Marcos Gir\u00e3o","twitter_card":"summary_large_image","twitter_creator":"@EstratConcursos","twitter_site":"@EstratConcursos","twitter_misc":{"Escrito por":"Marcos Gir\u00e3o","Est. tempo de leitura":"1 minuto"},"schema":{"@context":"https:\/\/schema.org","@graph":[{"@type":"NewsArticle","@id":"https:\/\/www.estrategiaconcursos.com.br\/blog\/pc-mg-pedido-de-concurso-com-1-500-vagas-enviado-ao-governador\/#article","isPartOf":{"@id":"https:\/\/www.estrategiaconcursos.com.br\/blog\/pc-mg-pedido-de-concurso-com-1-500-vagas-enviado-ao-governador\/"},"author":{"name":"Marcos Gir\u00e3o","@id":"https:\/\/www.estrategiaconcursos.com.br\/blog\/#\/schema\/person\/6be195b7a02a8ca214472b848686bb37"},"headline":"PC MG: pedido de concurso com 1.500 vagas \u00e9 enviado ao governador","datePublished":"2020-10-12T17:11:00+00:00","dateModified":"2023-06-30T13:06:26+00:00","mainEntityOfPage":{"@id":"https:\/\/www.estrategiaconcursos.com.br\/blog\/pc-mg-pedido-de-concurso-com-1-500-vagas-enviado-ao-governador\/"},"wordCount":242,"commentCount":0,"publisher":{"@id":"https:\/\/www.estrategiaconcursos.com.br\/blog\/#organization"},"image":{"@id":"https:\/\/www.estrategiaconcursos.com.br\/blog\/pc-mg-pedido-de-concurso-com-1-500-vagas-enviado-ao-governador\/#primaryimage"},"thumbnailUrl":"https:\/\/dhg1h5j42swfq.cloudfront.net\/2019\/10\/02153710\/concurso-PC-MG.jpg","articleSection":["Concursos P\u00fablicos"],"inLanguage":"pt-BR","potentialAction":[{"@type":"CommentAction","name":"Comment","target":["https:\/\/www.estrategiaconcursos.com.br\/blog\/pc-mg-pedido-de-concurso-com-1-500-vagas-enviado-ao-governador\/#respond"]}],"copyrightYear":"2020","copyrightHolder":{"@id":"https:\/\/www.estrategiaconcursos.com.br\/blog\/#organization"}},{"@type":"WebPage","@id":"https:\/\/www.estrategiaconcursos.com.br\/blog\/pc-mg-pedido-de-concurso-com-1-500-vagas-enviado-ao-governador\/","url":"https:\/\/www.estrategiaconcursos.com.br\/blog\/pc-mg-pedido-de-concurso-com-1-500-vagas-enviado-ao-governador\/","name":"PC MG: pedido de concurso com 1.500 vagas \u00e9 enviado ao governador","isPartOf":{"@id":"https:\/\/www.estrategiaconcursos.com.br\/blog\/#website"},"primaryImageOfPage":{"@id":"https:\/\/www.estrategiaconcursos.com.br\/blog\/pc-mg-pedido-de-concurso-com-1-500-vagas-enviado-ao-governador\/#primaryimage"},"image":{"@id":"https:\/\/www.estrategiaconcursos.com.br\/blog\/pc-mg-pedido-de-concurso-com-1-500-vagas-enviado-ao-governador\/#primaryimage"},"thumbnailUrl":"https:\/\/dhg1h5j42swfq.cloudfront.net\/2019\/10\/02153710\/concurso-PC-MG.jpg","datePublished":"2020-10-12T17:11:00+00:00","dateModified":"2023-06-30T13:06:26+00:00","breadcrumb":{"@id":"https:\/\/www.estrategiaconcursos.com.br\/blog\/pc-mg-pedido-de-concurso-com-1-500-vagas-enviado-ao-governador\/#breadcrumb"},"inLanguage":"pt-BR","potentialAction":[{"@type":"ReadAction","target":["https:\/\/www.estrategiaconcursos.com.br\/blog\/pc-mg-pedido-de-concurso-com-1-500-vagas-enviado-ao-governador\/"]}]},{"@type":"ImageObject","inLanguage":"pt-BR","@id":"https:\/\/www.estrategiaconcursos.com.br\/blog\/pc-mg-pedido-de-concurso-com-1-500-vagas-enviado-ao-governador\/#primaryimage","url":"https:\/\/dhg1h5j42swfq.cloudfront.net\/2019\/10\/02153710\/concurso-PC-MG.jpg","contentUrl":"https:\/\/dhg1h5j42swfq.cloudfront.net\/2019\/10\/02153710\/concurso-PC-MG.jpg","width":400,"height":209,"caption":"concurso PC MG: novos editais para M\u00e9dico Legista e Perito Criminal para 2020 com or\u00e7amento da LDO"},{"@type":"BreadcrumbList","@id":"https:\/\/www.estrategiaconcursos.com.br\/blog\/pc-mg-pedido-de-concurso-com-1-500-vagas-enviado-ao-governador\/#breadcrumb","itemListElement":[{"@type":"ListItem","position":1,"name":"In\u00edcio","item":"https:\/\/www.estrategiaconcursos.com.br\/blog\/"},{"@type":"ListItem","position":2,"name":"PC MG: pedido de concurso com 1.500 vagas \u00e9 enviado ao governador"}]},{"@type":"WebSite","@id":"https:\/\/www.estrategiaconcursos.com.br\/blog\/#website","url":"https:\/\/www.estrategiaconcursos.com.br\/blog\/","name":"Estrat\u00e9gia Concursos","description":"O blog da Estrat\u00e9gia Concursos traz not\u00edcias sobre concursos e artigos de professores oferecendo cursos para concursos (pdf + videaulas) no site.","publisher":{"@id":"https:\/\/www.estrategiaconcursos.com.br\/blog\/#organization"},"potentialAction":[{"@type":"SearchAction","target":{"@type":"EntryPoint","urlTemplate":"https:\/\/www.estrategiaconcursos.com.br\/blog\/?s={search_term_string}"},"query-input":{"@type":"PropertyValueSpecification","valueRequired":true,"valueName":"search_term_string"}}],"inLanguage":"pt-BR"},{"@type":"Organization","@id":"https:\/\/www.estrategiaconcursos.com.br\/blog\/#organization","name":"Estrat\u00e9gia Concursos","url":"https:\/\/www.estrategiaconcursos.com.br\/blog\/","logo":{"@type":"ImageObject","inLanguage":"pt-BR","@id":"https:\/\/www.estrategiaconcursos.com.br\/blog\/#\/schema\/logo\/image\/","url":"https:\/\/dhg1h5j42swfq.cloudfront.net\/2025\/06\/03203428\/logo_concursos-1.jpg","contentUrl":"https:\/\/dhg1h5j42swfq.cloudfront.net\/2025\/06\/03203428\/logo_concursos-1.jpg","width":230,"height":60,"caption":"Estrat\u00e9gia Concursos"},"image":{"@id":"https:\/\/www.estrategiaconcursos.com.br\/blog\/#\/schema\/logo\/image\/"},"sameAs":["https:\/\/x.com\/EstratConcursos"]},{"@type":"Person","@id":"https:\/\/www.estrategiaconcursos.com.br\/blog\/#\/schema\/person\/6be195b7a02a8ca214472b848686bb37","name":"Marcos Gir\u00e3o","image":{"@type":"ImageObject","inLanguage":"pt-BR","@id":"https:\/\/secure.gravatar.com\/avatar\/ac5b9a36e2c99a8280e07b5763e3b764471d5b861c47521bfd2edffdfbb06fbd?s=96&d=mm&r=g","url":"https:\/\/secure.gravatar.com\/avatar\/ac5b9a36e2c99a8280e07b5763e3b764471d5b861c47521bfd2edffdfbb06fbd?s=96&d=mm&r=g","contentUrl":"https:\/\/secure.gravatar.com\/avatar\/ac5b9a36e2c99a8280e07b5763e3b764471d5b861c47521bfd2edffdfbb06fbd?s=96&d=mm&r=g","caption":"Marcos Gir\u00e3o"},"url":"https:\/\/www.estrategiaconcursos.com.br\/blog\/author\/marcosgiraoestrategiaconcursos-com-br\/"}]}},"_links":{"self":[{"href":"https:\/\/www.estrategiaconcursos.com.br\/blog\/wp-json\/wp\/v2\/posts\/586057","targetHints":{"allow":["GET"]}}],"collection":[{"href":"https:\/\/www.estrategiaconcursos.com.br\/blog\/wp-json\/wp\/v2\/posts"}],"about":[{"href":"https:\/\/www.estrategiaconcursos.com.br\/blog\/wp-json\/wp\/v2\/types\/post"}],"author":[{"embeddable":true,"href":"https:\/\/www.estrategiaconcursos.com.br\/blog\/wp-json\/wp\/v2\/users\/248"}],"replies":[{"embeddable":true,"href":"https:\/\/www.estrategiaconcursos.com.br\/blog\/wp-json\/wp\/v2\/comments?post=586057"}],"version-history":[{"count":6,"href":"https:\/\/www.estrategiaconcursos.com.br\/blog\/wp-json\/wp\/v2\/posts\/586057\/revisions"}],"predecessor-version":[{"id":1241464,"href":"https:\/\/www.estrategiaconcursos.com.br\/blog\/wp-json\/wp\/v2\/posts\/586057\/revisions\/1241464"}],"wp:featuredmedia":[{"embeddable":true,"href":"https:\/\/www.estrategiaconcursos.com.br\/blog\/wp-json\/wp\/v2\/media\/429314"}],"wp:attachment":[{"href":"https:\/\/www.estrategiaconcursos.com.br\/blog\/wp-json\/wp\/v2\/media?parent=586057"}],"wp:term":[{"taxonomy":"category","embeddable":true,"href":"https:\/\/www.estrategiaconcursos.com.br\/blog\/wp-json\/wp\/v2\/categories?post=586057"},{"taxonomy":"post_tag","embeddable":true,"href":"https:\/\/www.estrategiaconcursos.com.br\/blog\/wp-json\/wp\/v2\/tags?post=586057"},{"taxonomy":"tax_estado","embeddable":true,"href":"https:\/\/www.estrategiaconcursos.com.br\/blog\/wp-json\/wp\/v2\/tax_estado?post=586057"}],"curies":[{"name":"wp","href":"https:\/\/api.w.org\/{rel}","templated":true}]}}