{"id":585788,"date":"2020-10-12T18:30:15","date_gmt":"2020-10-12T21:30:15","guid":{"rendered":"https:\/\/www.estrategiaconcursos.com.br\/blog\/?p=585788"},"modified":"2023-06-22T15:12:37","modified_gmt":"2023-06-22T18:12:37","slug":"dp-df-passo-estrategico","status":"publish","type":"post","link":"https:\/\/www.estrategiaconcursos.com.br\/blog\/dp-df-passo-estrategico\/","title":{"rendered":"DP DF: saiba como utilizar o Passo Estrat\u00e9gico nesta segunda (12)"},"content":{"rendered":"\n<p>Voc\u00ea quer se preparar com muito conte\u00fado para o concurso DP DF?  Ent\u00e3o saiba que nossos analistas estudam o perfil da banca, suas estat\u00edsticas de cobran\u00e7a na \u00e1rea espec\u00edfica e quais s\u00e3o os assuntos dentro de cada disciplina que mais caem. Sendo assim, eles desenvolveram uma ferramenta de estudos chamada Passo Estrat\u00e9gico. <\/p>\n\n\n\n<p>Se voc\u00ea quer saber como funciona o Passo Estrat\u00e9gico n\u00e3o perca este evento ao vivo e gratuito que ser\u00e1 ministrado pelos professores Carlos Roberto e Tha\u00eds Rumstain. <\/p>\n\n\n\n<div class=\"container\" id=\"boxes\">\n  <div class=\"row\">\n\n    <div class=\"col-sm\">\n      <div class=\"banner-tribunal\" id=\"box-assinatura\">\n        <h3 class=\"titulo-assinatura\">Cursos para DPDF<\/h3>\n        <p class=\"subtitulo-assinatura\">Conhe\u00e7a os cursos<\/p>\n        <div class=\"box-botao\">\n          <a class=\"btn-assinatura\" target=\"_blank\" href=\"https:\/\/www.estrategiaconcursos.com.br\/cursosPorConcurso\/dpdf-defensoria-publica-do-distrito-federal-diversos-cargos\/\" role=\"button\" rel=\"noopener noreferrer\">Conhe\u00e7a mais<\/a>\n        <\/div>\n      <\/div>\n      <p class=\"texto-auxiliar\">Prepare-se com o melhor material e com quem mais aprova em Concursos P\u00fablicos em todo o pa\u00eds.<\/p>\n    <\/div>\n\n  <\/div>\n<\/div>\n\n\n\n<h3 class=\"wp-block-heading\">DP DF: Cronograma<\/h3>\n\n\n\n<ul class=\"wp-block-list\">\n<li><strong>Data: <\/strong>12 de outubro de 2020<\/li>\n\n\n\n<li><strong>Hor\u00e1rio:<\/strong> 21:00<\/li>\n\n\n\n<li><strong>Onde: <\/strong><a href=\"https:\/\/www.youtube.com\/c\/EstrategiaConcursosBrasil\/videos?view=2&amp;live_view=502\" target=\"_blank\" rel=\"noreferrer noopener\">Canal do Estrat\u00e9gia Concursos no Youtube<\/a><\/li>\n<\/ul>\n\n\n\n<h3 class=\"wp-block-heading\">DP DF: Evento ao vivo<\/h3>\n\n\n\n<p class=\"has-text-align-center has-medium-font-size\"><a href=\"https:\/\/www.youtube.com\/c\/EstrategiaConcursosBrasil\/videos?view=2&amp;live_view=502\" target=\"_blank\" rel=\"noreferrer noopener\">ASSISTA AO VIVO AQUI<\/a><\/p>\n\n\n\n<h3 class=\"wp-block-heading\">DP DF: Curiosidades<\/h3>\n\n\n\n<h4 class=\"wp-block-heading\" id=\"SALARIO-CONCURSO-DPDF\">Qual o sal\u00e1rio de um Analista? <\/h4>\n\n\n\n<p>O sal\u00e1rio inicial do concurso DPDF fixada em lei \u00e9 de <strong><em>R$ 5.241,22<\/em><\/strong>, correspondentes a <strong><em>R$ 4.641,22<\/em><\/strong> de vencimento b\u00e1sico mais <strong><em>R$ 600,00<\/em><\/strong> de gratifica\u00e7\u00e3o judici\u00e1ria.<\/p>\n\n\n\n<h4 class=\"wp-block-heading\">Benef\u00edcios<\/h4>\n\n\n\n<p><strong><em>13\u00ba SAL\u00c1RIO:<\/em><\/strong> o d\u00e9cimo terceiro sal\u00e1rio \u00e9 pago no m\u00eas de anivers\u00e1rio do servidor ocupante de cargo de provimento efetivo, inclu\u00eddo o requisitado da administra\u00e7\u00e3o direta, aut\u00e1rquica ou fundacional de qualquer Poder do Distrito Federal, da Uni\u00e3o, de Estado ou Munic\u00edpio, no m\u00eas do seu anivers\u00e1rio, na propor\u00e7\u00e3o de 1\/12 (um doze avos) por m\u00eas de exerc\u00edcio, gerando diferen\u00e7a no m\u00eas de dezembro nos casos de varia\u00e7\u00e3o de remunera\u00e7\u00e3o ou no caso de exerc\u00edcio ap\u00f3s o m\u00eas de anivers\u00e1rio. No primeiro ano de trabalho ser\u00e1 considerada a proporcionalidade do pagamento, mesmo que este ocorra no ano subsequente<\/p>\n\n\n\n<p><strong><em>Adicional por tempo de Servi\u00e7o &#8211; ATS (anu\u00eanio):<\/em><\/strong> equivalente a 1% (um por cento), para cada ano de efetivo exerc\u00edcio, conforme o art. 88 &#8211; LC n\u00ba 840\/2011<\/p>\n\n\n\n<p><strong><em>Adicional por Servi\u00e7o Extraordin\u00e1rio (horas extras):<\/em><\/strong> acr\u00e9scimo de 50% (cinquenta por cento) no valor da hora contratual, conforme determina o art. 84 &#8211; LC n\u00ba 840\/2011<\/p>\n\n\n\n<p><strong><em>Aux\u00edlio Alimenta\u00e7\u00e3o:<\/em><\/strong> institu\u00eddo pela LC n\u00ba 840\/2011, no valor atual R$ 394,50.<\/p>\n\n\n\n<p><strong><em>Aux\u00edlio Transporte (Vale Transporte):<\/em><\/strong> conforme art. 107 a 110 da LC n\u00ba 840\/2011, com custeio (desconto) de 6% (seis por cento) sobre o vencimento e altera\u00e7\u00f5es conforme a Portaria n\u00b0 124 de 23 de mar\u00e7o de 2018 &#8211; SEPLAG<\/p>\n\n\n\n<p><strong><em>Aux\u00edlio Natalidade:<\/em><\/strong> benef\u00edcio devido \u00e0 servidora por motivo de nascimento de filho, inclusive no caso de natimorto, ou ao c\u00f4njuge ou companheiro servidor p\u00fablico, quando a parturiente n\u00e3o for servidora p\u00fablica distrital, em valor equivalente ao menor vencimento do servi\u00e7o p\u00fablico do Distrito Federal, Art. 96 &#8211; LC n\u00ba 840\/2011<\/p>\n\n\n\n<p><strong><em>Aux\u00edlio Funeral:<\/em><\/strong> disposto nos artigos 97 a 99 &#8211; LC n\u00ba 840\/2011, devido \u00e0 fam\u00edlia do servidor falecido ou a terceiro se tiver custeado o funeral, em valor equivalente a \u00faltima remunera\u00e7\u00e3o ou provento<\/p>\n\n\n\n<p><strong><em>Aux\u00edlio Creche:<\/em><\/strong> institu\u00eddo pela Lei n\u00ba 792\/1994 e regulamentado pelo Decreto n\u00ba 16.409\/1995, o referido benef\u00edcio \u00e9 destinado aos dependentes dos servidores que se encontrem na faixa et\u00e1ria de 0 (zero) a 6 (seis) anos, no valor de R$ 95,00 (noventa e cinco reais) por filho. A cota-parte do servidor ser\u00e1 de 5% (cinco por cento) a 25% (vinte e cinco por cento) e proporcional ao n\u00edvel de remunera\u00e7\u00e3o. De acordo com a Portaria n\u00b0. 63, de 11 de mar\u00e7o de 2016, o benef\u00edcio em quest\u00e3o n\u00e3o ser\u00e1 concedido: I- cumulativamente ao servidor que exer\u00e7a mais de um cargo na Administra\u00e7\u00e3o P\u00fablica; II &#8211; simultaneamente ao servidor e c\u00f4njuge, ou companheiro(a), e; III &#8211; cumulativamente ao servidor que tenha o dependente assistido em creche ou pr\u00e9-escola ou mantida pelo poder p\u00fablico<\/p>\n\n\n\n<p><strong><em>F\u00c9RIAS:<\/em><\/strong> O servidor ocupante de cargo efetivo ou em comiss\u00e3o faz jus a 30 (trinta) dias de f\u00e9rias, consecutivas ou parceladas, ap\u00f3s doze meses de efetivo exerc\u00edcio. As f\u00e9rias poder\u00e3o ser gozadas em at\u00e9 3 (tr\u00eas) per\u00edodos, nenhum inferior a 10 (dez) dias, a crit\u00e9rio da Administra\u00e7\u00e3o. Por ocasi\u00e3o das f\u00e9rias, ser\u00e1 pago ao servidor:<\/p>\n\n\n\n<p>\u2713 O adicional de f\u00e9rias (obrigat\u00f3rio), que corresponde a 1\/3 (um ter\u00e7o) da remunera\u00e7\u00e3o do m\u00eas em que as f\u00e9rias forem iniciadas.<\/p>\n\n\n\n<p>\u2713 O abono pecuni\u00e1rio, se deferido, ap\u00f3s op\u00e7\u00e3o de recebimento.<\/p>\n\n\n\n<p><strong><em>Abono de ponto:<\/em><\/strong> em conformidade com o art. 151, LC n\u00ba 840\/2011, ter\u00e1 direito a 5 (cinco) abonos de ponto anuais, concedidos ao servidor que n\u00e3o tenha tido faltas no per\u00edodo anterior, compreendido entre 1\u00ba de janeiro e 31 de dezembro. Ocorrendo a investidura ap\u00f3s 1\u00ba de janeiro do per\u00edodo aquisitivo, o servidor faz jus a um dia de abono de ponto por bimestre de efetivo exerc\u00edcio, at\u00e9 o limite de cinco dias<\/p>\n\n\n\n<p><strong><em>Licen\u00e7a pr\u00eamio por assiduidade: <\/em><\/strong>disposto nos art. 139 a 143, LC n\u00ba 840\/2011. Corresponde a 3 (tr\u00eas) meses para cada quinqu\u00eanio (cinco anos) de efetivo exerc\u00edcio.<\/p>\n\n\n\n<div class=\"container\" id=\"boxes\">\n  <div class=\"row\">\n\n    <div class=\"col-sm\">\n      <div class=\"banner-tribunal\" id=\"box-assinatura\">\n        <h3 class=\"titulo-assinatura\">Cursos para DPDF<\/h3>\n        <p class=\"subtitulo-assinatura\">Conhe\u00e7a os cursos<\/p>\n        <div class=\"box-botao\">\n          <a class=\"btn-assinatura\" target=\"_blank\" href=\"https:\/\/www.estrategiaconcursos.com.br\/cursosPorConcurso\/dpdf-defensoria-publica-do-distrito-federal-diversos-cargos\/\" role=\"button\" rel=\"noopener noreferrer\">Conhe\u00e7a mais<\/a>\n        <\/div>\n      <\/div>\n      <p class=\"texto-auxiliar\">Prepare-se com o melhor material e com quem mais aprova em Concursos P\u00fablicos em todo o pa\u00eds.<\/p>\n    <\/div>\n\n  <\/div>\n<\/div>\n\n\n\n<div class=\"container\" id=\"boxes\">\n  <div class=\"row\">\n\n    <div class=\"col-sm\">\n      <div class=\"estrategia\" id=\"box-assinatura\">\n        <h3 class=\"titulo-assinatura\">Assinatura Ilimitada<\/h3>\n        <p class=\"subtitulo-assinatura\">Assinatura Anual Ilimitada*<\/p>\n        <div class=\"box-botao\">\n          <a class=\"btn-assinatura\" target=\"_blank\" href=\"https:\/\/www.estrategiaconcursos.com.br\/assinaturas\/\" role=\"button\" rel=\"noopener noreferrer\">ASSINE AGORA<\/a>\n        <\/div>\n      <\/div>\n      <p class=\"texto-auxiliar\">Prepare-se com o melhor material e com quem mais aprova em Concursos P\u00fablicos em todo o pa\u00eds. Assine agora a nossa Assinatura Anual e tenha acesso ilimitado* a todos os nossos cursos.<\/p>\n    <\/div>\n\n    <div class=\"col-sm\">\n      <div class=\"questoes\" id=\"box-assinatura\">\n        <h3 class=\"titulo-assinatura\">Sistema de Quest\u00f5es<\/h3>\n        <p class=\"subtitulo-assinatura\">Assinatura Ilimitada*\n<\/p>\n        <div class=\"box-botao\">\n          <a class=\"btn-assinatura\" target=\"_blank\" href=\"https:\/\/www.estrategiaconcursos.com.br\/cursosPorConcurso\/sistema-de-questoes\/#\/\" role=\"button\" rel=\"noopener noreferrer\">ASSINE AGORA<\/a>\n        <\/div>\n      <\/div>\n      <p class=\"texto-auxiliar\">Estrat\u00e9gia Quest\u00f5es nasceu maior do que todos os concorrentes, com mais quest\u00f5es cadastradas e mais solu\u00e7\u00f5es por professores. Clique no link e aproveite os descontos e b\u00f4nus imperd\u00edveis!<\/p>\n    <\/div>\n  <\/div>\n<\/div>\n","protected":false},"excerpt":{"rendered":"<p>Voc\u00ea quer se preparar com muito conte\u00fado para o concurso DP DF? Ent\u00e3o saiba que nossos analistas estudam o perfil da banca, suas estat\u00edsticas de cobran\u00e7a na \u00e1rea espec\u00edfica e quais s\u00e3o os assuntos dentro de cada disciplina que mais caem. Sendo assim, eles desenvolveram uma ferramenta de estudos chamada Passo Estrat\u00e9gico. Se voc\u00ea quer [&hellip;]<\/p>\n","protected":false},"author":317,"featured_media":572142,"comment_status":"open","ping_status":"closed","sticky":false,"template":"","format":"standard","meta":{"post_tipo":"article","footnotes":""},"categories":[1,1984],"tags":[],"tax_estado":[],"class_list":["post-585788","post","type-post","status-publish","format-standard","has-post-thumbnail","hentry","category-cursos-e-concursos","category-tribunais"],"acf":[],"yoast_head":"<!-- This site is optimized with the Yoast SEO Premium plugin v27.2 (Yoast SEO v27.2) - https:\/\/yoast.com\/product\/yoast-seo-premium-wordpress\/ -->\n<title>DP DF: saiba como utilizar o Passo Estrat\u00e9gico nesta segunda (12)<\/title>\n<meta name=\"description\" content=\"Quer se preparar com o melhor conte\u00fado para o concurso DP DF? Ent\u00e3o n\u00e3o perca este evento ao vivo e gratuito nesta segunda (12).\" \/>\n<meta name=\"robots\" content=\"index, follow, max-snippet:-1, max-image-preview:large, max-video-preview:-1\" \/>\n<link rel=\"canonical\" href=\"https:\/\/www.estrategiaconcursos.com.br\/blog\/dp-df-passo-estrategico\/\" \/>\n<meta property=\"og:locale\" content=\"pt_BR\" \/>\n<meta property=\"og:type\" content=\"article\" \/>\n<meta property=\"og:title\" content=\"DP DF: saiba como utilizar o Passo Estrat\u00e9gico nesta segunda (12)\" \/>\n<meta property=\"og:description\" content=\"Quer se preparar com o melhor conte\u00fado para o concurso DP DF? Ent\u00e3o n\u00e3o perca este evento ao vivo e gratuito nesta segunda (12).\" \/>\n<meta property=\"og:url\" content=\"https:\/\/www.estrategiaconcursos.com.br\/blog\/dp-df-passo-estrategico\/\" \/>\n<meta property=\"og:site_name\" content=\"Estrat\u00e9gia Concursos\" \/>\n<meta property=\"article:author\" content=\"https:\/\/www.facebook.com\/igor.maciel.1420\" \/>\n<meta property=\"article:published_time\" content=\"2020-10-12T21:30:15+00:00\" \/>\n<meta property=\"article:modified_time\" content=\"2023-06-22T18:12:37+00:00\" \/>\n<meta property=\"og:image\" content=\"https:\/\/dhg1h5j42swfq.cloudfront.net\/2020\/09\/15094259\/DP_DF.jpg\" \/>\n\t<meta property=\"og:image:width\" content=\"1200\" \/>\n\t<meta property=\"og:image:height\" content=\"628\" \/>\n\t<meta property=\"og:image:type\" content=\"image\/jpeg\" \/>\n<meta name=\"author\" content=\"Igor Maciel\" \/>\n<meta name=\"twitter:card\" content=\"summary_large_image\" \/>\n<meta name=\"twitter:creator\" content=\"@EstratConcursos\" \/>\n<meta name=\"twitter:site\" content=\"@EstratConcursos\" \/>\n<meta name=\"twitter:label1\" content=\"Escrito por\" \/>\n\t<meta name=\"twitter:data1\" content=\"Igor Maciel\" \/>\n\t<meta name=\"twitter:label2\" content=\"Est. tempo de leitura\" \/>\n\t<meta name=\"twitter:data2\" content=\"5 minutos\" \/>\n<script type=\"application\/ld+json\" class=\"yoast-schema-graph\">{\"@context\":\"https:\/\/schema.org\",\"@graph\":[{\"@type\":\"NewsArticle\",\"@id\":\"https:\/\/www.estrategiaconcursos.com.br\/blog\/dp-df-passo-estrategico\/#article\",\"isPartOf\":{\"@id\":\"https:\/\/www.estrategiaconcursos.com.br\/blog\/dp-df-passo-estrategico\/\"},\"author\":{\"name\":\"Igor Maciel\",\"@id\":\"https:\/\/www.estrategiaconcursos.com.br\/blog\/#\/schema\/person\/024d26d5efb06d95dfc04025d7301591\"},\"headline\":\"DP DF: saiba como utilizar o Passo Estrat\u00e9gico nesta segunda (12)\",\"datePublished\":\"2020-10-12T21:30:15+00:00\",\"dateModified\":\"2023-06-22T18:12:37+00:00\",\"mainEntityOfPage\":{\"@id\":\"https:\/\/www.estrategiaconcursos.com.br\/blog\/dp-df-passo-estrategico\/\"},\"wordCount\":951,\"commentCount\":0,\"publisher\":{\"@id\":\"https:\/\/www.estrategiaconcursos.com.br\/blog\/#organization\"},\"image\":{\"@id\":\"https:\/\/www.estrategiaconcursos.com.br\/blog\/dp-df-passo-estrategico\/#primaryimage\"},\"thumbnailUrl\":\"https:\/\/dhg1h5j42swfq.cloudfront.net\/2020\/09\/15094259\/DP_DF.jpg\",\"articleSection\":[\"Concursos P\u00fablicos\",\"Tribunais\"],\"inLanguage\":\"pt-BR\",\"potentialAction\":[{\"@type\":\"CommentAction\",\"name\":\"Comment\",\"target\":[\"https:\/\/www.estrategiaconcursos.com.br\/blog\/dp-df-passo-estrategico\/#respond\"]}],\"copyrightYear\":\"2020\",\"copyrightHolder\":{\"@id\":\"https:\/\/www.estrategiaconcursos.com.br\/blog\/#organization\"}},{\"@type\":\"WebPage\",\"@id\":\"https:\/\/www.estrategiaconcursos.com.br\/blog\/dp-df-passo-estrategico\/\",\"url\":\"https:\/\/www.estrategiaconcursos.com.br\/blog\/dp-df-passo-estrategico\/\",\"name\":\"DP DF: saiba como utilizar o Passo Estrat\u00e9gico nesta segunda (12)\",\"isPartOf\":{\"@id\":\"https:\/\/www.estrategiaconcursos.com.br\/blog\/#website\"},\"primaryImageOfPage\":{\"@id\":\"https:\/\/www.estrategiaconcursos.com.br\/blog\/dp-df-passo-estrategico\/#primaryimage\"},\"image\":{\"@id\":\"https:\/\/www.estrategiaconcursos.com.br\/blog\/dp-df-passo-estrategico\/#primaryimage\"},\"thumbnailUrl\":\"https:\/\/dhg1h5j42swfq.cloudfront.net\/2020\/09\/15094259\/DP_DF.jpg\",\"datePublished\":\"2020-10-12T21:30:15+00:00\",\"dateModified\":\"2023-06-22T18:12:37+00:00\",\"description\":\"Quer se preparar com o melhor conte\u00fado para o concurso DP DF? Ent\u00e3o n\u00e3o perca este evento ao vivo e gratuito nesta segunda (12).\",\"breadcrumb\":{\"@id\":\"https:\/\/www.estrategiaconcursos.com.br\/blog\/dp-df-passo-estrategico\/#breadcrumb\"},\"inLanguage\":\"pt-BR\",\"potentialAction\":[{\"@type\":\"ReadAction\",\"target\":[\"https:\/\/www.estrategiaconcursos.com.br\/blog\/dp-df-passo-estrategico\/\"]}]},{\"@type\":\"ImageObject\",\"inLanguage\":\"pt-BR\",\"@id\":\"https:\/\/www.estrategiaconcursos.com.br\/blog\/dp-df-passo-estrategico\/#primaryimage\",\"url\":\"https:\/\/dhg1h5j42swfq.cloudfront.net\/2020\/09\/15094259\/DP_DF.jpg\",\"contentUrl\":\"https:\/\/dhg1h5j42swfq.cloudfront.net\/2020\/09\/15094259\/DP_DF.jpg\",\"width\":1200,\"height\":628,\"caption\":\"DPDF\"},{\"@type\":\"BreadcrumbList\",\"@id\":\"https:\/\/www.estrategiaconcursos.com.br\/blog\/dp-df-passo-estrategico\/#breadcrumb\",\"itemListElement\":[{\"@type\":\"ListItem\",\"position\":1,\"name\":\"In\u00edcio\",\"item\":\"https:\/\/www.estrategiaconcursos.com.br\/blog\/\"},{\"@type\":\"ListItem\",\"position\":2,\"name\":\"DP DF: saiba como utilizar o Passo Estrat\u00e9gico nesta segunda (12)\"}]},{\"@type\":\"WebSite\",\"@id\":\"https:\/\/www.estrategiaconcursos.com.br\/blog\/#website\",\"url\":\"https:\/\/www.estrategiaconcursos.com.br\/blog\/\",\"name\":\"Estrat\u00e9gia Concursos\",\"description\":\"O blog da Estrat\u00e9gia Concursos traz not\u00edcias sobre concursos e artigos de professores oferecendo cursos para concursos (pdf + videaulas) no site.\",\"publisher\":{\"@id\":\"https:\/\/www.estrategiaconcursos.com.br\/blog\/#organization\"},\"potentialAction\":[{\"@type\":\"SearchAction\",\"target\":{\"@type\":\"EntryPoint\",\"urlTemplate\":\"https:\/\/www.estrategiaconcursos.com.br\/blog\/?s={search_term_string}\"},\"query-input\":{\"@type\":\"PropertyValueSpecification\",\"valueRequired\":true,\"valueName\":\"search_term_string\"}}],\"inLanguage\":\"pt-BR\"},{\"@type\":\"Organization\",\"@id\":\"https:\/\/www.estrategiaconcursos.com.br\/blog\/#organization\",\"name\":\"Estrat\u00e9gia Concursos\",\"url\":\"https:\/\/www.estrategiaconcursos.com.br\/blog\/\",\"logo\":{\"@type\":\"ImageObject\",\"inLanguage\":\"pt-BR\",\"@id\":\"https:\/\/www.estrategiaconcursos.com.br\/blog\/#\/schema\/logo\/image\/\",\"url\":\"https:\/\/dhg1h5j42swfq.cloudfront.net\/2025\/06\/03203428\/logo_concursos-1.jpg\",\"contentUrl\":\"https:\/\/dhg1h5j42swfq.cloudfront.net\/2025\/06\/03203428\/logo_concursos-1.jpg\",\"width\":230,\"height\":60,\"caption\":\"Estrat\u00e9gia Concursos\"},\"image\":{\"@id\":\"https:\/\/www.estrategiaconcursos.com.br\/blog\/#\/schema\/logo\/image\/\"},\"sameAs\":[\"https:\/\/x.com\/EstratConcursos\"]},{\"@type\":\"Person\",\"@id\":\"https:\/\/www.estrategiaconcursos.com.br\/blog\/#\/schema\/person\/024d26d5efb06d95dfc04025d7301591\",\"name\":\"Igor Maciel\",\"image\":{\"@type\":\"ImageObject\",\"inLanguage\":\"pt-BR\",\"@id\":\"https:\/\/secure.gravatar.com\/avatar\/e983a676af6facf4aebcb2989d49e3bf61b718712d5e7a4b3f355b7fe651bc2f?s=96&d=mm&r=g\",\"url\":\"https:\/\/secure.gravatar.com\/avatar\/e983a676af6facf4aebcb2989d49e3bf61b718712d5e7a4b3f355b7fe651bc2f?s=96&d=mm&r=g\",\"contentUrl\":\"https:\/\/secure.gravatar.com\/avatar\/e983a676af6facf4aebcb2989d49e3bf61b718712d5e7a4b3f355b7fe651bc2f?s=96&d=mm&r=g\",\"caption\":\"Igor Maciel\"},\"description\":\"Graduado na Universidade Federal de Pernambuco, com extens\u00e3o na Universidade de Coimbra\/Portugal. Especialista LLM em Direito Corporativo pelo IBMEC\/RJ. Mestrando em Direito e Pol\u00edticas P\u00fablicas pelo UNICEUB\/DF. Advogado com atua\u00e7\u00e3o profissional centrada no Direito Tribut\u00e1rio e no Direito Administrativo, especialmente na defesa de servidores p\u00fablicos.\",\"sameAs\":[\"http:\/\/www.imaciel.com.br\",\"https:\/\/www.facebook.com\/igor.maciel.1420\"],\"url\":\"https:\/\/www.estrategiaconcursos.com.br\/blog\/author\/contatoimaciel-com-br\/\"}]}<\/script>\n<!-- \/ Yoast SEO Premium plugin. -->","yoast_head_json":{"title":"DP DF: saiba como utilizar o Passo Estrat\u00e9gico nesta segunda (12)","description":"Quer se preparar com o melhor conte\u00fado para o concurso DP DF? Ent\u00e3o n\u00e3o perca este evento ao vivo e gratuito nesta segunda (12).","robots":{"index":"index","follow":"follow","max-snippet":"max-snippet:-1","max-image-preview":"max-image-preview:large","max-video-preview":"max-video-preview:-1"},"canonical":"https:\/\/www.estrategiaconcursos.com.br\/blog\/dp-df-passo-estrategico\/","og_locale":"pt_BR","og_type":"article","og_title":"DP DF: saiba como utilizar o Passo Estrat\u00e9gico nesta segunda (12)","og_description":"Quer se preparar com o melhor conte\u00fado para o concurso DP DF? Ent\u00e3o n\u00e3o perca este evento ao vivo e gratuito nesta segunda (12).","og_url":"https:\/\/www.estrategiaconcursos.com.br\/blog\/dp-df-passo-estrategico\/","og_site_name":"Estrat\u00e9gia Concursos","article_author":"https:\/\/www.facebook.com\/igor.maciel.1420","article_published_time":"2020-10-12T21:30:15+00:00","article_modified_time":"2023-06-22T18:12:37+00:00","og_image":[{"width":1200,"height":628,"url":"https:\/\/dhg1h5j42swfq.cloudfront.net\/2020\/09\/15094259\/DP_DF.jpg","type":"image\/jpeg"}],"author":"Igor Maciel","twitter_card":"summary_large_image","twitter_creator":"@EstratConcursos","twitter_site":"@EstratConcursos","twitter_misc":{"Escrito por":"Igor Maciel","Est. tempo de leitura":"5 minutos"},"schema":{"@context":"https:\/\/schema.org","@graph":[{"@type":"NewsArticle","@id":"https:\/\/www.estrategiaconcursos.com.br\/blog\/dp-df-passo-estrategico\/#article","isPartOf":{"@id":"https:\/\/www.estrategiaconcursos.com.br\/blog\/dp-df-passo-estrategico\/"},"author":{"name":"Igor Maciel","@id":"https:\/\/www.estrategiaconcursos.com.br\/blog\/#\/schema\/person\/024d26d5efb06d95dfc04025d7301591"},"headline":"DP DF: saiba como utilizar o Passo Estrat\u00e9gico nesta segunda (12)","datePublished":"2020-10-12T21:30:15+00:00","dateModified":"2023-06-22T18:12:37+00:00","mainEntityOfPage":{"@id":"https:\/\/www.estrategiaconcursos.com.br\/blog\/dp-df-passo-estrategico\/"},"wordCount":951,"commentCount":0,"publisher":{"@id":"https:\/\/www.estrategiaconcursos.com.br\/blog\/#organization"},"image":{"@id":"https:\/\/www.estrategiaconcursos.com.br\/blog\/dp-df-passo-estrategico\/#primaryimage"},"thumbnailUrl":"https:\/\/dhg1h5j42swfq.cloudfront.net\/2020\/09\/15094259\/DP_DF.jpg","articleSection":["Concursos P\u00fablicos","Tribunais"],"inLanguage":"pt-BR","potentialAction":[{"@type":"CommentAction","name":"Comment","target":["https:\/\/www.estrategiaconcursos.com.br\/blog\/dp-df-passo-estrategico\/#respond"]}],"copyrightYear":"2020","copyrightHolder":{"@id":"https:\/\/www.estrategiaconcursos.com.br\/blog\/#organization"}},{"@type":"WebPage","@id":"https:\/\/www.estrategiaconcursos.com.br\/blog\/dp-df-passo-estrategico\/","url":"https:\/\/www.estrategiaconcursos.com.br\/blog\/dp-df-passo-estrategico\/","name":"DP DF: saiba como utilizar o Passo Estrat\u00e9gico nesta segunda (12)","isPartOf":{"@id":"https:\/\/www.estrategiaconcursos.com.br\/blog\/#website"},"primaryImageOfPage":{"@id":"https:\/\/www.estrategiaconcursos.com.br\/blog\/dp-df-passo-estrategico\/#primaryimage"},"image":{"@id":"https:\/\/www.estrategiaconcursos.com.br\/blog\/dp-df-passo-estrategico\/#primaryimage"},"thumbnailUrl":"https:\/\/dhg1h5j42swfq.cloudfront.net\/2020\/09\/15094259\/DP_DF.jpg","datePublished":"2020-10-12T21:30:15+00:00","dateModified":"2023-06-22T18:12:37+00:00","description":"Quer se preparar com o melhor conte\u00fado para o concurso DP DF? Ent\u00e3o n\u00e3o perca este evento ao vivo e gratuito nesta segunda (12).","breadcrumb":{"@id":"https:\/\/www.estrategiaconcursos.com.br\/blog\/dp-df-passo-estrategico\/#breadcrumb"},"inLanguage":"pt-BR","potentialAction":[{"@type":"ReadAction","target":["https:\/\/www.estrategiaconcursos.com.br\/blog\/dp-df-passo-estrategico\/"]}]},{"@type":"ImageObject","inLanguage":"pt-BR","@id":"https:\/\/www.estrategiaconcursos.com.br\/blog\/dp-df-passo-estrategico\/#primaryimage","url":"https:\/\/dhg1h5j42swfq.cloudfront.net\/2020\/09\/15094259\/DP_DF.jpg","contentUrl":"https:\/\/dhg1h5j42swfq.cloudfront.net\/2020\/09\/15094259\/DP_DF.jpg","width":1200,"height":628,"caption":"DPDF"},{"@type":"BreadcrumbList","@id":"https:\/\/www.estrategiaconcursos.com.br\/blog\/dp-df-passo-estrategico\/#breadcrumb","itemListElement":[{"@type":"ListItem","position":1,"name":"In\u00edcio","item":"https:\/\/www.estrategiaconcursos.com.br\/blog\/"},{"@type":"ListItem","position":2,"name":"DP DF: saiba como utilizar o Passo Estrat\u00e9gico nesta segunda (12)"}]},{"@type":"WebSite","@id":"https:\/\/www.estrategiaconcursos.com.br\/blog\/#website","url":"https:\/\/www.estrategiaconcursos.com.br\/blog\/","name":"Estrat\u00e9gia Concursos","description":"O blog da Estrat\u00e9gia Concursos traz not\u00edcias sobre concursos e artigos de professores oferecendo cursos para concursos (pdf + videaulas) no site.","publisher":{"@id":"https:\/\/www.estrategiaconcursos.com.br\/blog\/#organization"},"potentialAction":[{"@type":"SearchAction","target":{"@type":"EntryPoint","urlTemplate":"https:\/\/www.estrategiaconcursos.com.br\/blog\/?s={search_term_string}"},"query-input":{"@type":"PropertyValueSpecification","valueRequired":true,"valueName":"search_term_string"}}],"inLanguage":"pt-BR"},{"@type":"Organization","@id":"https:\/\/www.estrategiaconcursos.com.br\/blog\/#organization","name":"Estrat\u00e9gia Concursos","url":"https:\/\/www.estrategiaconcursos.com.br\/blog\/","logo":{"@type":"ImageObject","inLanguage":"pt-BR","@id":"https:\/\/www.estrategiaconcursos.com.br\/blog\/#\/schema\/logo\/image\/","url":"https:\/\/dhg1h5j42swfq.cloudfront.net\/2025\/06\/03203428\/logo_concursos-1.jpg","contentUrl":"https:\/\/dhg1h5j42swfq.cloudfront.net\/2025\/06\/03203428\/logo_concursos-1.jpg","width":230,"height":60,"caption":"Estrat\u00e9gia Concursos"},"image":{"@id":"https:\/\/www.estrategiaconcursos.com.br\/blog\/#\/schema\/logo\/image\/"},"sameAs":["https:\/\/x.com\/EstratConcursos"]},{"@type":"Person","@id":"https:\/\/www.estrategiaconcursos.com.br\/blog\/#\/schema\/person\/024d26d5efb06d95dfc04025d7301591","name":"Igor Maciel","image":{"@type":"ImageObject","inLanguage":"pt-BR","@id":"https:\/\/secure.gravatar.com\/avatar\/e983a676af6facf4aebcb2989d49e3bf61b718712d5e7a4b3f355b7fe651bc2f?s=96&d=mm&r=g","url":"https:\/\/secure.gravatar.com\/avatar\/e983a676af6facf4aebcb2989d49e3bf61b718712d5e7a4b3f355b7fe651bc2f?s=96&d=mm&r=g","contentUrl":"https:\/\/secure.gravatar.com\/avatar\/e983a676af6facf4aebcb2989d49e3bf61b718712d5e7a4b3f355b7fe651bc2f?s=96&d=mm&r=g","caption":"Igor Maciel"},"description":"Graduado na Universidade Federal de Pernambuco, com extens\u00e3o na Universidade de Coimbra\/Portugal. Especialista LLM em Direito Corporativo pelo IBMEC\/RJ. Mestrando em Direito e Pol\u00edticas P\u00fablicas pelo UNICEUB\/DF. Advogado com atua\u00e7\u00e3o profissional centrada no Direito Tribut\u00e1rio e no Direito Administrativo, especialmente na defesa de servidores p\u00fablicos.","sameAs":["http:\/\/www.imaciel.com.br","https:\/\/www.facebook.com\/igor.maciel.1420"],"url":"https:\/\/www.estrategiaconcursos.com.br\/blog\/author\/contatoimaciel-com-br\/"}]}},"_links":{"self":[{"href":"https:\/\/www.estrategiaconcursos.com.br\/blog\/wp-json\/wp\/v2\/posts\/585788","targetHints":{"allow":["GET"]}}],"collection":[{"href":"https:\/\/www.estrategiaconcursos.com.br\/blog\/wp-json\/wp\/v2\/posts"}],"about":[{"href":"https:\/\/www.estrategiaconcursos.com.br\/blog\/wp-json\/wp\/v2\/types\/post"}],"author":[{"embeddable":true,"href":"https:\/\/www.estrategiaconcursos.com.br\/blog\/wp-json\/wp\/v2\/users\/317"}],"replies":[{"embeddable":true,"href":"https:\/\/www.estrategiaconcursos.com.br\/blog\/wp-json\/wp\/v2\/comments?post=585788"}],"version-history":[{"count":8,"href":"https:\/\/www.estrategiaconcursos.com.br\/blog\/wp-json\/wp\/v2\/posts\/585788\/revisions"}],"predecessor-version":[{"id":1237388,"href":"https:\/\/www.estrategiaconcursos.com.br\/blog\/wp-json\/wp\/v2\/posts\/585788\/revisions\/1237388"}],"wp:featuredmedia":[{"embeddable":true,"href":"https:\/\/www.estrategiaconcursos.com.br\/blog\/wp-json\/wp\/v2\/media\/572142"}],"wp:attachment":[{"href":"https:\/\/www.estrategiaconcursos.com.br\/blog\/wp-json\/wp\/v2\/media?parent=585788"}],"wp:term":[{"taxonomy":"category","embeddable":true,"href":"https:\/\/www.estrategiaconcursos.com.br\/blog\/wp-json\/wp\/v2\/categories?post=585788"},{"taxonomy":"post_tag","embeddable":true,"href":"https:\/\/www.estrategiaconcursos.com.br\/blog\/wp-json\/wp\/v2\/tags?post=585788"},{"taxonomy":"tax_estado","embeddable":true,"href":"https:\/\/www.estrategiaconcursos.com.br\/blog\/wp-json\/wp\/v2\/tax_estado?post=585788"}],"curies":[{"name":"wp","href":"https:\/\/api.w.org\/{rel}","templated":true}]}}