{"id":585289,"date":"2020-10-09T07:30:19","date_gmt":"2020-10-09T10:30:19","guid":{"rendered":"https:\/\/www.estrategiaconcursos.com.br\/blog\/?p=585289"},"modified":"2020-12-16T10:20:02","modified_gmt":"2020-12-16T13:20:02","slug":"pgm-cabo-frio-5-vagas-inscricoes-ate-dezembro","status":"publish","type":"post","link":"https:\/\/www.estrategiaconcursos.com.br\/blog\/pgm-cabo-frio-5-vagas-inscricoes-ate-dezembro\/","title":{"rendered":"PGM Cabo Frio: OPORTUNIDADE! 5 vagas com inscri\u00e7\u00f5es at\u00e9 dezembro"},"content":{"rendered":"\n<p>O edital do concurso PGM Cabo Frio foi publicado. S\u00e3o ofertadas 5 vagas para Procurador Municipal II, com regime de trabalho de 30 horas semanais e sal\u00e1rio de<strong> R$ 3.764,24<\/strong>.<\/p>\n\n\n\n<p>Programe-se, as inscri\u00e7\u00f5es come\u00e7am na pr\u00f3xima quarta-feira, 14 de outubro e ficar\u00e1 vigente at\u00e9 o dia 13 de dezembro de 2020. <\/p>\n\n\n\n<p> <strong>Ficou interessado(a)?<\/strong>\u00a0Prepare-se com o curso\u00a0que mais aprova no mercado! O Estrat\u00e9gia Concursos possui\u00a0<a rel=\"noreferrer noopener\" href=\"https:\/\/www.estrategiaconcursos.com.br\/cursosPorConcurso\/pgm-cabo-frio-rj\/\" target=\"_blank\">cursos espec\u00edficos para este concurso da PGM CABO FRIO<\/a>. Confira!<\/p>\n\n\n\n<div class=\"col-sm\">\n      <div class=\"banner-tribunal\" id=\"box-assinatura\">\n        <h3 class=\"titulo-assinatura\">Cursos para PGM CABO FRIO<\/h3>\n        <p class=\"subtitulo-assinatura\">Conhe\u00e7a os cursos<\/p>\n        <div class=\"box-botao\">\n          <a class=\"btn-assinatura\" target=\"_blank\" href=\"https:\/\/www.estrategiaconcursos.com.br\/cursosPorConcurso\/pgm-cabo-frio-rj\/\" rel=\"noopener noreferrer\">Conhe\u00e7a mais<\/a>\n        <\/div>\n      <\/div>\n      <p class=\"texto-auxiliar\">Prepare-se com o melhor material e com quem mais aprova em Concursos P\u00fablicos em todo o pa\u00eds.<\/p>\n    <\/div>\n\n\n\n<p><strong>Onde fa\u00e7o a inscri\u00e7\u00e3o?<\/strong> Basta acessar o portal on-line do IBAM, banca organizadora do concurso, efetuar o cadastro e realizar o pagamento da taxa de inscri\u00e7\u00e3o no valor de R$ 60,00. <\/p>\n\n\n\n<p>Caso n\u00e3o possua o valor, n\u00e3o se desespere, voc\u00ea pode solicitar a isen\u00e7\u00e3o da taxa entre os dias 14 a 16 de outubro. Conforme informa\u00e7\u00f5es do edital, a prova objetiva est\u00e1 marcada para o dia<strong>&nbsp;21 de mar\u00e7o de 2021. <\/strong><\/p>\n\n\n\n<p>Al\u00e9m da Prova Objetiva, o concurso tamb\u00e9m ser\u00e1 composto por Prova de T\u00edtulos. Sendo assim, refor\u00e7ar os estudos \u00e9 fundamental para alcan\u00e7ar a t\u00e3o sonhada aprova\u00e7\u00e3o!<\/p>\n\n\n\n<h4 class=\"wp-block-heading\">Sobre o EDITAL<\/h4>\n\n\n\n<p>A PGM Cabo Frio oferta&nbsp;<strong>05 vagas<\/strong>&nbsp;imediatas para o cargo de Procurador Municipal II. \u00c9 exigido que o candidato possua Diploma de conclus\u00e3o de ensino superior de Direito + registro na OAB. <\/p>\n\n\n\n<figure class=\"wp-block-image\"><img loading=\"lazy\" decoding=\"async\" width=\"300\" height=\"102\" src=\"https:\/\/dhg1h5j42swfq.cloudfront.net\/2017\/03\/28152500\/coruja-ficha-tecnica-300x102.png\" alt=\"Ficha t\u00e9cnica \" class=\"wp-image-68542\"\/><\/figure>\n\n\n\n<h4 class=\"wp-block-heading\" id=\"ficha-tecnica\"><strong>Informa\u00e7\u00f5es do Concurso Procurador Cabo Frio<\/strong> &#8211; RJ<\/h4>\n\n\n\n<p>\u25ba<strong>Vagas<\/strong>: 05 vagas<br \/>\u25ba<strong>Cargos<\/strong>: Procurador Municipal II <br \/>\u25ba<strong>Banca<\/strong>: IBAM<br \/>\u25ba<strong>Escolaridade<\/strong>: Diploma de conclus\u00e3o de ensino superior de Direito + registro na OAB.<br \/>\u25ba<strong>Edital<\/strong>:&nbsp;<a href=\"https:\/\/www.estrategiaconcursos.com.br\/blog\/wp-content\/uploads\/2020\/10\/Saiu-Edital-ECJ-3-150x150-1-1-1.png\" target=\"_blank\" rel=\"noreferrer noopener\">Edital PGM Cabo Frio 2020<\/a><\/p>\n\n\n\n<h4 class=\"wp-block-heading\"><strong>Se voc\u00ea deseja saber mais detalhes sobre o concurso da Procurador Cabo Frio, confira nosso artigo completo:<\/strong><\/h4>\n\n\n\n<p class=\"has-text-align-center has-background\" style=\"background-color:#dfdfdf\"><strong>Saiba mais:&nbsp;<a href=\"https:\/\/www.estrategiaconcursos.com.br\/blog\/concurso-pgm-cabo-frio\/\" target=\"_blank\" rel=\"noreferrer noopener\">Concurso PGM CABO FRIO <\/a><\/strong><\/p>\n\n\n\n<div class=\"col-sm\">\n      <div class=\"banner-tribunal\" id=\"box-assinatura\">\n        <h3 class=\"titulo-assinatura\">Cursos para PGM CABO FRIO<\/h3>\n        <p class=\"subtitulo-assinatura\">Conhe\u00e7a os cursos<\/p>\n        <div class=\"box-botao\">\n          <a class=\"btn-assinatura\" target=\"_blank\" href=\"https:\/\/www.estrategiaconcursos.com.br\/cursosPorConcurso\/pgm-cabo-frio-rj\/\" rel=\"noopener noreferrer\">Conhe\u00e7a mais<\/a>\n        <\/div>\n      <\/div>\n      <p class=\"texto-auxiliar\">Prepare-se com o melhor material e com quem mais aprova em Concursos P\u00fablicos em todo o pa\u00eds.<\/p>\n    <\/div>\n\n\n\n<div class=\"container\" id=\"boxes\">\n  <div class=\"row\">\n\n    <div class=\"col-sm\">\n      <div class=\"banner-ecj\" id=\"box-assinatura\">\n        <h3 class=\"titulo-assinatura\">Assinatura Jur\u00eddica <\/h3>\n        <p class=\"subtitulo-assinatura\">Conhe\u00e7a os planos<\/p>\n        <div class=\"box-botao\">\n          <a class=\"btn-assinatura\" target=\"_blank\" href=\"https:\/\/www.estrategiaconcursos.com.br\/assinaturas-ecj\/\" role=\"button\" rel=\"noopener noreferrer\">Conhe\u00e7a mais<\/a>\n        <\/div>\n      <\/div>\n      <p class=\"texto-auxiliar\">Prepare-se com o melhor material e com quem mais aprova em Concursos P\u00fablicos em todo o pa\u00eds. \n<\/p>\n    <\/div>\n\n  <\/div>\n<\/div>\n\n\n\n<div class=\"container\" id=\"boxes\">\n  <div class=\"row\">\n\n    <div class=\"col-sm\" id=\"boxes-concursos\">\n      <div style=\"background-color: #005DAD;\" class=\"conteudo-concursos\" id=\"box-concursos\">\n        <h3 class=\"titulo-assinatura\">Concursos Abertos<\/h3>\n        <p class=\"subtitulo-assinatura\">mais de 15 mil vagas<\/p>\n        <div class=\"box-botao\">\n          <a class=\"btn-assinatura\" target=\"_blank\" href=\"https:\/\/www.estrategiaconcursos.com.br\/blog\/concursos-abertos\/\" role=\"button\" rel=\"noopener noreferrer\">Conhe\u00e7a Agora<\/a>\n        <\/div>\n      <\/div>\n    <\/div>\n\n    <div class=\"col-sm\" id=\"boxes-concursos\">\n      <div style=\"background-color: #1A7ED5;\" class=\"conteudo-concursos\" id=\"box-concursos\">\n        <h3 class=\"titulo-assinatura\">Concursos 2020<\/h3>\n        <p class=\"subtitulo-assinatura\">mais de 11 mil vagas<\/p>\n        <div class=\"box-botao\">\n          <a class=\"btn-assinatura\" target=\"_blank\" href=\"https:\/\/www.estrategiaconcursos.com.br\/blog\/concursos-2020\/\" role=\"button\" rel=\"noopener noreferrer\">Conhe\u00e7a Agora<\/a>\n        <\/div>\n      <\/div>\n    <\/div>\n\n    <div class=\"col-sm\" id=\"boxes-concursos\">\n      <div style=\"background-color: #419FF0;\" class=\"conteudo-concursos\" id=\"box-concursos\">\n        <h3 class=\"titulo-assinatura\">Concursos 2021<\/h3>\n        <p class=\"subtitulo-assinatura\">mais de 17 mil vagas<\/p>\n        <div class=\"box-botao\">\n          <a class=\"btn-assinatura\" target=\"_blank\" href=\"https:\/\/www.estrategiaconcursos.com.br\/blog\/concursos-2021\/\" role=\"button\" rel=\"noopener noreferrer\">Conhe\u00e7a Agora<\/a>\n        <\/div>\n      <\/div>\n    <\/div>\n\n  <\/div>\n<\/div>\n","protected":false},"excerpt":{"rendered":"<p>O edital do concurso PGM Cabo Frio foi publicado. S\u00e3o ofertadas 5 vagas para Procurador Municipal II, com regime de trabalho de 30 horas semanais e sal\u00e1rio de R$ 3.764,24. Programe-se, as inscri\u00e7\u00f5es come\u00e7am na pr\u00f3xima quarta-feira, 14 de outubro e ficar\u00e1 vigente at\u00e9 o dia 13 de dezembro de 2020. Ficou interessado(a)?\u00a0Prepare-se com o [&hellip;]<\/p>\n","protected":false},"author":1,"featured_media":585331,"comment_status":"open","ping_status":"closed","sticky":false,"template":"","format":"standard","meta":{"post_tipo":"news","footnotes":""},"categories":[2185],"tags":[],"tax_estado":[],"class_list":["post-585289","post","type-post","status-publish","format-standard","has-post-thumbnail","hentry","category-carreiras-juridicas"],"acf":[],"yoast_head":"<!-- This site is optimized with the Yoast SEO Premium plugin v27.2 (Yoast SEO v27.2) - https:\/\/yoast.com\/product\/yoast-seo-premium-wordpress\/ -->\n<title>PGM Cabo Frio: OPORTUNIDADE! 5 vagas com inscri\u00e7\u00f5es at\u00e9 dezembro<\/title>\n<meta name=\"description\" content=\"PGM Cabo Frio: s\u00e3o ofertadas 5 vagas para o cargo de Procurador Municipal II. As inscri\u00e7\u00f5es poder\u00e3o ser feitas a partir de 14 de outubro. N\u00e3o perca!\" \/>\n<meta name=\"robots\" content=\"index, follow, max-snippet:-1, max-image-preview:large, max-video-preview:-1\" \/>\n<link rel=\"canonical\" href=\"https:\/\/www.estrategiaconcursos.com.br\/blog\/pgm-cabo-frio-5-vagas-inscricoes-ate-dezembro\/\" \/>\n<meta property=\"og:locale\" content=\"pt_BR\" \/>\n<meta property=\"og:type\" content=\"article\" \/>\n<meta property=\"og:title\" content=\"PGM Cabo Frio: OPORTUNIDADE! 5 vagas com inscri\u00e7\u00f5es at\u00e9 dezembro\" \/>\n<meta property=\"og:description\" content=\"PGM Cabo Frio: s\u00e3o ofertadas 5 vagas para o cargo de Procurador Municipal II. As inscri\u00e7\u00f5es poder\u00e3o ser feitas a partir de 14 de outubro. N\u00e3o perca!\" \/>\n<meta property=\"og:url\" content=\"https:\/\/www.estrategiaconcursos.com.br\/blog\/pgm-cabo-frio-5-vagas-inscricoes-ate-dezembro\/\" \/>\n<meta property=\"og:site_name\" content=\"Estrat\u00e9gia Concursos\" \/>\n<meta property=\"article:author\" content=\"https:\/\/www.facebook.com\/EstrategiaConcursos\" \/>\n<meta property=\"article:published_time\" content=\"2020-10-09T10:30:19+00:00\" \/>\n<meta property=\"article:modified_time\" content=\"2020-12-16T13:20:02+00:00\" \/>\n<meta property=\"og:image\" content=\"https:\/\/dhg1h5j42swfq.cloudfront.net\/2020\/10\/08143345\/PGM_Cabo_Frio_RJ.jpg\" \/>\n\t<meta property=\"og:image:width\" content=\"1200\" \/>\n\t<meta property=\"og:image:height\" content=\"628\" \/>\n\t<meta property=\"og:image:type\" content=\"image\/jpeg\" \/>\n<meta name=\"author\" content=\"Coordena\u00e7\u00e3o\" \/>\n<meta name=\"twitter:card\" content=\"summary_large_image\" \/>\n<meta name=\"twitter:creator\" content=\"@EstratConcursos\" \/>\n<meta name=\"twitter:site\" content=\"@EstratConcursos\" \/>\n<meta name=\"twitter:label1\" content=\"Escrito por\" \/>\n\t<meta name=\"twitter:data1\" content=\"Coordena\u00e7\u00e3o\" \/>\n\t<meta name=\"twitter:label2\" content=\"Est. tempo de leitura\" \/>\n\t<meta name=\"twitter:data2\" content=\"2 minutos\" \/>\n<script type=\"application\/ld+json\" class=\"yoast-schema-graph\">{\"@context\":\"https:\/\/schema.org\",\"@graph\":[{\"@type\":\"NewsArticle\",\"@id\":\"https:\/\/www.estrategiaconcursos.com.br\/blog\/pgm-cabo-frio-5-vagas-inscricoes-ate-dezembro\/#article\",\"isPartOf\":{\"@id\":\"https:\/\/www.estrategiaconcursos.com.br\/blog\/pgm-cabo-frio-5-vagas-inscricoes-ate-dezembro\/\"},\"author\":{\"name\":\"Coordena\u00e7\u00e3o\",\"@id\":\"https:\/\/www.estrategiaconcursos.com.br\/blog\/#\/schema\/person\/b4a388c97673c5f483d72185668afa1f\"},\"headline\":\"PGM Cabo Frio: OPORTUNIDADE! 5 vagas com inscri\u00e7\u00f5es at\u00e9 dezembro\",\"datePublished\":\"2020-10-09T10:30:19+00:00\",\"dateModified\":\"2020-12-16T13:20:02+00:00\",\"mainEntityOfPage\":{\"@id\":\"https:\/\/www.estrategiaconcursos.com.br\/blog\/pgm-cabo-frio-5-vagas-inscricoes-ate-dezembro\/\"},\"wordCount\":407,\"commentCount\":0,\"publisher\":{\"@id\":\"https:\/\/www.estrategiaconcursos.com.br\/blog\/#organization\"},\"image\":{\"@id\":\"https:\/\/www.estrategiaconcursos.com.br\/blog\/pgm-cabo-frio-5-vagas-inscricoes-ate-dezembro\/#primaryimage\"},\"thumbnailUrl\":\"https:\/\/dhg1h5j42swfq.cloudfront.net\/2020\/10\/08143345\/PGM_Cabo_Frio_RJ.jpg\",\"articleSection\":[\"Jur\u00eddico\"],\"inLanguage\":\"pt-BR\",\"potentialAction\":[{\"@type\":\"CommentAction\",\"name\":\"Comment\",\"target\":[\"https:\/\/www.estrategiaconcursos.com.br\/blog\/pgm-cabo-frio-5-vagas-inscricoes-ate-dezembro\/#respond\"]}],\"copyrightYear\":\"2020\",\"copyrightHolder\":{\"@id\":\"https:\/\/www.estrategiaconcursos.com.br\/blog\/#organization\"}},{\"@type\":\"WebPage\",\"@id\":\"https:\/\/www.estrategiaconcursos.com.br\/blog\/pgm-cabo-frio-5-vagas-inscricoes-ate-dezembro\/\",\"url\":\"https:\/\/www.estrategiaconcursos.com.br\/blog\/pgm-cabo-frio-5-vagas-inscricoes-ate-dezembro\/\",\"name\":\"PGM Cabo Frio: OPORTUNIDADE! 5 vagas com inscri\u00e7\u00f5es at\u00e9 dezembro\",\"isPartOf\":{\"@id\":\"https:\/\/www.estrategiaconcursos.com.br\/blog\/#website\"},\"primaryImageOfPage\":{\"@id\":\"https:\/\/www.estrategiaconcursos.com.br\/blog\/pgm-cabo-frio-5-vagas-inscricoes-ate-dezembro\/#primaryimage\"},\"image\":{\"@id\":\"https:\/\/www.estrategiaconcursos.com.br\/blog\/pgm-cabo-frio-5-vagas-inscricoes-ate-dezembro\/#primaryimage\"},\"thumbnailUrl\":\"https:\/\/dhg1h5j42swfq.cloudfront.net\/2020\/10\/08143345\/PGM_Cabo_Frio_RJ.jpg\",\"datePublished\":\"2020-10-09T10:30:19+00:00\",\"dateModified\":\"2020-12-16T13:20:02+00:00\",\"description\":\"PGM Cabo Frio: s\u00e3o ofertadas 5 vagas para o cargo de Procurador Municipal II. As inscri\u00e7\u00f5es poder\u00e3o ser feitas a partir de 14 de outubro. N\u00e3o perca!\",\"breadcrumb\":{\"@id\":\"https:\/\/www.estrategiaconcursos.com.br\/blog\/pgm-cabo-frio-5-vagas-inscricoes-ate-dezembro\/#breadcrumb\"},\"inLanguage\":\"pt-BR\",\"potentialAction\":[{\"@type\":\"ReadAction\",\"target\":[\"https:\/\/www.estrategiaconcursos.com.br\/blog\/pgm-cabo-frio-5-vagas-inscricoes-ate-dezembro\/\"]}]},{\"@type\":\"ImageObject\",\"inLanguage\":\"pt-BR\",\"@id\":\"https:\/\/www.estrategiaconcursos.com.br\/blog\/pgm-cabo-frio-5-vagas-inscricoes-ate-dezembro\/#primaryimage\",\"url\":\"https:\/\/dhg1h5j42swfq.cloudfront.net\/2020\/10\/08143345\/PGM_Cabo_Frio_RJ.jpg\",\"contentUrl\":\"https:\/\/dhg1h5j42swfq.cloudfront.net\/2020\/10\/08143345\/PGM_Cabo_Frio_RJ.jpg\",\"width\":1200,\"height\":628},{\"@type\":\"BreadcrumbList\",\"@id\":\"https:\/\/www.estrategiaconcursos.com.br\/blog\/pgm-cabo-frio-5-vagas-inscricoes-ate-dezembro\/#breadcrumb\",\"itemListElement\":[{\"@type\":\"ListItem\",\"position\":1,\"name\":\"In\u00edcio\",\"item\":\"https:\/\/www.estrategiaconcursos.com.br\/blog\/\"},{\"@type\":\"ListItem\",\"position\":2,\"name\":\"PGM Cabo Frio: OPORTUNIDADE! 5 vagas com inscri\u00e7\u00f5es at\u00e9 dezembro\"}]},{\"@type\":\"WebSite\",\"@id\":\"https:\/\/www.estrategiaconcursos.com.br\/blog\/#website\",\"url\":\"https:\/\/www.estrategiaconcursos.com.br\/blog\/\",\"name\":\"Estrat\u00e9gia Concursos\",\"description\":\"O blog da Estrat\u00e9gia Concursos traz not\u00edcias sobre concursos e artigos de professores oferecendo cursos para concursos (pdf + videaulas) no site.\",\"publisher\":{\"@id\":\"https:\/\/www.estrategiaconcursos.com.br\/blog\/#organization\"},\"potentialAction\":[{\"@type\":\"SearchAction\",\"target\":{\"@type\":\"EntryPoint\",\"urlTemplate\":\"https:\/\/www.estrategiaconcursos.com.br\/blog\/?s={search_term_string}\"},\"query-input\":{\"@type\":\"PropertyValueSpecification\",\"valueRequired\":true,\"valueName\":\"search_term_string\"}}],\"inLanguage\":\"pt-BR\"},{\"@type\":\"Organization\",\"@id\":\"https:\/\/www.estrategiaconcursos.com.br\/blog\/#organization\",\"name\":\"Estrat\u00e9gia Concursos\",\"url\":\"https:\/\/www.estrategiaconcursos.com.br\/blog\/\",\"logo\":{\"@type\":\"ImageObject\",\"inLanguage\":\"pt-BR\",\"@id\":\"https:\/\/www.estrategiaconcursos.com.br\/blog\/#\/schema\/logo\/image\/\",\"url\":\"https:\/\/dhg1h5j42swfq.cloudfront.net\/2025\/06\/03203428\/logo_concursos-1.jpg\",\"contentUrl\":\"https:\/\/dhg1h5j42swfq.cloudfront.net\/2025\/06\/03203428\/logo_concursos-1.jpg\",\"width\":230,\"height\":60,\"caption\":\"Estrat\u00e9gia Concursos\"},\"image\":{\"@id\":\"https:\/\/www.estrategiaconcursos.com.br\/blog\/#\/schema\/logo\/image\/\"},\"sameAs\":[\"https:\/\/x.com\/EstratConcursos\"]},{\"@type\":\"Person\",\"@id\":\"https:\/\/www.estrategiaconcursos.com.br\/blog\/#\/schema\/person\/b4a388c97673c5f483d72185668afa1f\",\"name\":\"Coordena\u00e7\u00e3o\",\"image\":{\"@type\":\"ImageObject\",\"inLanguage\":\"pt-BR\",\"@id\":\"https:\/\/secure.gravatar.com\/avatar\/b720319e4c9a967eb58678d110f4fe35452fc5d5f97b202bac7b8acceb18c6ad?s=96&d=mm&r=g\",\"url\":\"https:\/\/secure.gravatar.com\/avatar\/b720319e4c9a967eb58678d110f4fe35452fc5d5f97b202bac7b8acceb18c6ad?s=96&d=mm&r=g\",\"contentUrl\":\"https:\/\/secure.gravatar.com\/avatar\/b720319e4c9a967eb58678d110f4fe35452fc5d5f97b202bac7b8acceb18c6ad?s=96&d=mm&r=g\",\"caption\":\"Coordena\u00e7\u00e3o\"},\"sameAs\":[\"https:\/\/www.facebook.com\/EstrategiaConcursos\",\"https:\/\/x.com\/EstratConcursos\"],\"url\":\"https:\/\/www.estrategiaconcursos.com.br\/blog\/author\/estrategia2013\/\"}]}<\/script>\n<!-- \/ Yoast SEO Premium plugin. -->","yoast_head_json":{"title":"PGM Cabo Frio: OPORTUNIDADE! 5 vagas com inscri\u00e7\u00f5es at\u00e9 dezembro","description":"PGM Cabo Frio: s\u00e3o ofertadas 5 vagas para o cargo de Procurador Municipal II. As inscri\u00e7\u00f5es poder\u00e3o ser feitas a partir de 14 de outubro. N\u00e3o perca!","robots":{"index":"index","follow":"follow","max-snippet":"max-snippet:-1","max-image-preview":"max-image-preview:large","max-video-preview":"max-video-preview:-1"},"canonical":"https:\/\/www.estrategiaconcursos.com.br\/blog\/pgm-cabo-frio-5-vagas-inscricoes-ate-dezembro\/","og_locale":"pt_BR","og_type":"article","og_title":"PGM Cabo Frio: OPORTUNIDADE! 5 vagas com inscri\u00e7\u00f5es at\u00e9 dezembro","og_description":"PGM Cabo Frio: s\u00e3o ofertadas 5 vagas para o cargo de Procurador Municipal II. As inscri\u00e7\u00f5es poder\u00e3o ser feitas a partir de 14 de outubro. N\u00e3o perca!","og_url":"https:\/\/www.estrategiaconcursos.com.br\/blog\/pgm-cabo-frio-5-vagas-inscricoes-ate-dezembro\/","og_site_name":"Estrat\u00e9gia Concursos","article_author":"https:\/\/www.facebook.com\/EstrategiaConcursos","article_published_time":"2020-10-09T10:30:19+00:00","article_modified_time":"2020-12-16T13:20:02+00:00","og_image":[{"width":1200,"height":628,"url":"https:\/\/dhg1h5j42swfq.cloudfront.net\/2020\/10\/08143345\/PGM_Cabo_Frio_RJ.jpg","type":"image\/jpeg"}],"author":"Coordena\u00e7\u00e3o","twitter_card":"summary_large_image","twitter_creator":"@EstratConcursos","twitter_site":"@EstratConcursos","twitter_misc":{"Escrito por":"Coordena\u00e7\u00e3o","Est. tempo de leitura":"2 minutos"},"schema":{"@context":"https:\/\/schema.org","@graph":[{"@type":"NewsArticle","@id":"https:\/\/www.estrategiaconcursos.com.br\/blog\/pgm-cabo-frio-5-vagas-inscricoes-ate-dezembro\/#article","isPartOf":{"@id":"https:\/\/www.estrategiaconcursos.com.br\/blog\/pgm-cabo-frio-5-vagas-inscricoes-ate-dezembro\/"},"author":{"name":"Coordena\u00e7\u00e3o","@id":"https:\/\/www.estrategiaconcursos.com.br\/blog\/#\/schema\/person\/b4a388c97673c5f483d72185668afa1f"},"headline":"PGM Cabo Frio: OPORTUNIDADE! 5 vagas com inscri\u00e7\u00f5es at\u00e9 dezembro","datePublished":"2020-10-09T10:30:19+00:00","dateModified":"2020-12-16T13:20:02+00:00","mainEntityOfPage":{"@id":"https:\/\/www.estrategiaconcursos.com.br\/blog\/pgm-cabo-frio-5-vagas-inscricoes-ate-dezembro\/"},"wordCount":407,"commentCount":0,"publisher":{"@id":"https:\/\/www.estrategiaconcursos.com.br\/blog\/#organization"},"image":{"@id":"https:\/\/www.estrategiaconcursos.com.br\/blog\/pgm-cabo-frio-5-vagas-inscricoes-ate-dezembro\/#primaryimage"},"thumbnailUrl":"https:\/\/dhg1h5j42swfq.cloudfront.net\/2020\/10\/08143345\/PGM_Cabo_Frio_RJ.jpg","articleSection":["Jur\u00eddico"],"inLanguage":"pt-BR","potentialAction":[{"@type":"CommentAction","name":"Comment","target":["https:\/\/www.estrategiaconcursos.com.br\/blog\/pgm-cabo-frio-5-vagas-inscricoes-ate-dezembro\/#respond"]}],"copyrightYear":"2020","copyrightHolder":{"@id":"https:\/\/www.estrategiaconcursos.com.br\/blog\/#organization"}},{"@type":"WebPage","@id":"https:\/\/www.estrategiaconcursos.com.br\/blog\/pgm-cabo-frio-5-vagas-inscricoes-ate-dezembro\/","url":"https:\/\/www.estrategiaconcursos.com.br\/blog\/pgm-cabo-frio-5-vagas-inscricoes-ate-dezembro\/","name":"PGM Cabo Frio: OPORTUNIDADE! 5 vagas com inscri\u00e7\u00f5es at\u00e9 dezembro","isPartOf":{"@id":"https:\/\/www.estrategiaconcursos.com.br\/blog\/#website"},"primaryImageOfPage":{"@id":"https:\/\/www.estrategiaconcursos.com.br\/blog\/pgm-cabo-frio-5-vagas-inscricoes-ate-dezembro\/#primaryimage"},"image":{"@id":"https:\/\/www.estrategiaconcursos.com.br\/blog\/pgm-cabo-frio-5-vagas-inscricoes-ate-dezembro\/#primaryimage"},"thumbnailUrl":"https:\/\/dhg1h5j42swfq.cloudfront.net\/2020\/10\/08143345\/PGM_Cabo_Frio_RJ.jpg","datePublished":"2020-10-09T10:30:19+00:00","dateModified":"2020-12-16T13:20:02+00:00","description":"PGM Cabo Frio: s\u00e3o ofertadas 5 vagas para o cargo de Procurador Municipal II. As inscri\u00e7\u00f5es poder\u00e3o ser feitas a partir de 14 de outubro. N\u00e3o perca!","breadcrumb":{"@id":"https:\/\/www.estrategiaconcursos.com.br\/blog\/pgm-cabo-frio-5-vagas-inscricoes-ate-dezembro\/#breadcrumb"},"inLanguage":"pt-BR","potentialAction":[{"@type":"ReadAction","target":["https:\/\/www.estrategiaconcursos.com.br\/blog\/pgm-cabo-frio-5-vagas-inscricoes-ate-dezembro\/"]}]},{"@type":"ImageObject","inLanguage":"pt-BR","@id":"https:\/\/www.estrategiaconcursos.com.br\/blog\/pgm-cabo-frio-5-vagas-inscricoes-ate-dezembro\/#primaryimage","url":"https:\/\/dhg1h5j42swfq.cloudfront.net\/2020\/10\/08143345\/PGM_Cabo_Frio_RJ.jpg","contentUrl":"https:\/\/dhg1h5j42swfq.cloudfront.net\/2020\/10\/08143345\/PGM_Cabo_Frio_RJ.jpg","width":1200,"height":628},{"@type":"BreadcrumbList","@id":"https:\/\/www.estrategiaconcursos.com.br\/blog\/pgm-cabo-frio-5-vagas-inscricoes-ate-dezembro\/#breadcrumb","itemListElement":[{"@type":"ListItem","position":1,"name":"In\u00edcio","item":"https:\/\/www.estrategiaconcursos.com.br\/blog\/"},{"@type":"ListItem","position":2,"name":"PGM Cabo Frio: OPORTUNIDADE! 5 vagas com inscri\u00e7\u00f5es at\u00e9 dezembro"}]},{"@type":"WebSite","@id":"https:\/\/www.estrategiaconcursos.com.br\/blog\/#website","url":"https:\/\/www.estrategiaconcursos.com.br\/blog\/","name":"Estrat\u00e9gia Concursos","description":"O blog da Estrat\u00e9gia Concursos traz not\u00edcias sobre concursos e artigos de professores oferecendo cursos para concursos (pdf + videaulas) no site.","publisher":{"@id":"https:\/\/www.estrategiaconcursos.com.br\/blog\/#organization"},"potentialAction":[{"@type":"SearchAction","target":{"@type":"EntryPoint","urlTemplate":"https:\/\/www.estrategiaconcursos.com.br\/blog\/?s={search_term_string}"},"query-input":{"@type":"PropertyValueSpecification","valueRequired":true,"valueName":"search_term_string"}}],"inLanguage":"pt-BR"},{"@type":"Organization","@id":"https:\/\/www.estrategiaconcursos.com.br\/blog\/#organization","name":"Estrat\u00e9gia Concursos","url":"https:\/\/www.estrategiaconcursos.com.br\/blog\/","logo":{"@type":"ImageObject","inLanguage":"pt-BR","@id":"https:\/\/www.estrategiaconcursos.com.br\/blog\/#\/schema\/logo\/image\/","url":"https:\/\/dhg1h5j42swfq.cloudfront.net\/2025\/06\/03203428\/logo_concursos-1.jpg","contentUrl":"https:\/\/dhg1h5j42swfq.cloudfront.net\/2025\/06\/03203428\/logo_concursos-1.jpg","width":230,"height":60,"caption":"Estrat\u00e9gia Concursos"},"image":{"@id":"https:\/\/www.estrategiaconcursos.com.br\/blog\/#\/schema\/logo\/image\/"},"sameAs":["https:\/\/x.com\/EstratConcursos"]},{"@type":"Person","@id":"https:\/\/www.estrategiaconcursos.com.br\/blog\/#\/schema\/person\/b4a388c97673c5f483d72185668afa1f","name":"Coordena\u00e7\u00e3o","image":{"@type":"ImageObject","inLanguage":"pt-BR","@id":"https:\/\/secure.gravatar.com\/avatar\/b720319e4c9a967eb58678d110f4fe35452fc5d5f97b202bac7b8acceb18c6ad?s=96&d=mm&r=g","url":"https:\/\/secure.gravatar.com\/avatar\/b720319e4c9a967eb58678d110f4fe35452fc5d5f97b202bac7b8acceb18c6ad?s=96&d=mm&r=g","contentUrl":"https:\/\/secure.gravatar.com\/avatar\/b720319e4c9a967eb58678d110f4fe35452fc5d5f97b202bac7b8acceb18c6ad?s=96&d=mm&r=g","caption":"Coordena\u00e7\u00e3o"},"sameAs":["https:\/\/www.facebook.com\/EstrategiaConcursos","https:\/\/x.com\/EstratConcursos"],"url":"https:\/\/www.estrategiaconcursos.com.br\/blog\/author\/estrategia2013\/"}]}},"_links":{"self":[{"href":"https:\/\/www.estrategiaconcursos.com.br\/blog\/wp-json\/wp\/v2\/posts\/585289","targetHints":{"allow":["GET"]}}],"collection":[{"href":"https:\/\/www.estrategiaconcursos.com.br\/blog\/wp-json\/wp\/v2\/posts"}],"about":[{"href":"https:\/\/www.estrategiaconcursos.com.br\/blog\/wp-json\/wp\/v2\/types\/post"}],"author":[{"embeddable":true,"href":"https:\/\/www.estrategiaconcursos.com.br\/blog\/wp-json\/wp\/v2\/users\/1"}],"replies":[{"embeddable":true,"href":"https:\/\/www.estrategiaconcursos.com.br\/blog\/wp-json\/wp\/v2\/comments?post=585289"}],"version-history":[{"count":26,"href":"https:\/\/www.estrategiaconcursos.com.br\/blog\/wp-json\/wp\/v2\/posts\/585289\/revisions"}],"predecessor-version":[{"id":585543,"href":"https:\/\/www.estrategiaconcursos.com.br\/blog\/wp-json\/wp\/v2\/posts\/585289\/revisions\/585543"}],"wp:featuredmedia":[{"embeddable":true,"href":"https:\/\/www.estrategiaconcursos.com.br\/blog\/wp-json\/wp\/v2\/media\/585331"}],"wp:attachment":[{"href":"https:\/\/www.estrategiaconcursos.com.br\/blog\/wp-json\/wp\/v2\/media?parent=585289"}],"wp:term":[{"taxonomy":"category","embeddable":true,"href":"https:\/\/www.estrategiaconcursos.com.br\/blog\/wp-json\/wp\/v2\/categories?post=585289"},{"taxonomy":"post_tag","embeddable":true,"href":"https:\/\/www.estrategiaconcursos.com.br\/blog\/wp-json\/wp\/v2\/tags?post=585289"},{"taxonomy":"tax_estado","embeddable":true,"href":"https:\/\/www.estrategiaconcursos.com.br\/blog\/wp-json\/wp\/v2\/tax_estado?post=585289"}],"curies":[{"name":"wp","href":"https:\/\/api.w.org\/{rel}","templated":true}]}}