{"id":585066,"date":"2020-10-08T10:40:14","date_gmt":"2020-10-08T13:40:14","guid":{"rendered":"https:\/\/www.estrategiaconcursos.com.br\/blog\/?p=585066"},"modified":"2023-05-30T11:04:38","modified_gmt":"2023-05-30T14:04:38","slug":"novo-anuncio-bolsonaro-pf","status":"publish","type":"post","link":"https:\/\/www.estrategiaconcursos.com.br\/blog\/novo-anuncio-bolsonaro-pf\/","title":{"rendered":"Em novo an\u00fancio, Bolsonaro confirma 2 MIL VAGAS para a PF!"},"content":{"rendered":"\n<p>O Presidente Jair Messias Bolsonaro reafirmou a autoriza\u00e7\u00e3o de <strong>2 MIL VAGAS<\/strong> para o <strong>concurso PF<\/strong>. O an\u00fancio foi registrado na formatura do CFP da Pol\u00edcia Federal, nesta quinta-feira (08).<\/p>\n\n\n\n<p>Lembrando que Bolsonaro j\u00e1 havia confirmado a autoriza\u00e7\u00e3o, em live nas redes sociais. <\/p>\n\n\n\n<p>Anteriormente, o diretor-executivo da Pol\u00edcia Federal, Rolando Alexandre de Souza, voltou a falar sobre o novo concurso PF. De acordo com o diretor, se tudo der certo, o&nbsp;<strong>edital ser\u00e1 publicado ainda em 2020<\/strong>. <\/p>\n\n\n\n<p>Souza tamb\u00e9m citou o planejamento de realizar o certame a cada dois anos, em um formato menor, permitindo uma \u2018oxigena\u00e7\u00e3o cont\u00ednua\u2019 na institui\u00e7\u00e3o.<\/p>\n\n\n\n<div class=\"container\" id=\"boxes\">\n  <div class=\"row\">\n\n    <div class=\"col-sm\">\n      <div class=\"banner-policial\" id=\"box-assinatura\">\n        <h3 class=\"titulo-assinatura\">Promo\u00e7\u00e3o: Cursos PF e PRF<\/h3>\n        <p class=\"subtitulo-assinatura\">40% de desconto at\u00e9 15\/10\/2020 <\/p>\n        <div class=\"box-botao\">\n          <a class=\"btn-assinatura\" target=\"_blank\" href=\"https:\/\/www.estrategiaconcursos.com.br\/cursosPorConcurso\/promocao-pacotes-completos-pf-e-prf\/\" role=\"button\" rel=\"noopener noreferrer\">Conhe\u00e7a mais<\/a>\n        <\/div>\n      <\/div>\n      <p class=\"texto-auxiliar\">Prepare-se com o melhor material e com quem mais aprova em Concursos P\u00fablicos em todo o pa\u00eds. <\/p>\n    <\/div>\n\n  <\/div>\n<\/div>\n\n\n\n<h2 class=\"wp-block-heading\">Webn\u00e1rio: Saiba tudo sobre o an\u00fancio de mais 2 mil vagas!<\/h2>\n\n\n\n<p>Para te ajudar a entender todos os pontos desse an\u00fancio e do andamento do concurso PF, faremos uma aula especial nesta <strong>quinta-feira, 08 de outubro, \u00e0s 12h, <\/strong>com o <strong><em>professor<\/em><\/strong> <em><strong>Paulo Bilynskyj<\/strong><\/em>. <em>Assista a tramiss\u00e3o abaixo:<\/em><\/p>\n\n\n\n<h2 class=\"wp-block-heading\" id=\"vagas\">Vagas e cronograma do edital PF 2020<\/h2>\n\n\n\n<p>Abaixo voc\u00ea confere a distribui\u00e7\u00e3o prevista das vagas do novo edital da Pol\u00edcia Federal:<\/p>\n\n\n\n<ul class=\"wp-block-list\" id=\"block-950834a4-fd07-43a2-b402-3bbb8358fb65\">\n<li><em><strong>1.016 vagas \u2013 Agente<\/strong><\/em><\/li>\n\n\n\n<li><em><strong>300 vagas \u2013 Delegado<\/strong><\/em><\/li>\n\n\n\n<li><em><strong>600 vagas \u2013 Escriv\u00e3o<\/strong><\/em><\/li>\n\n\n\n<li><em><strong>84 vagas \u2013 Papiloscopista<\/strong><\/em><\/li>\n<\/ul>\n\n\n\n<p>A expectativa \u00e9 que o edital seja publicado at\u00e9&nbsp;<strong>08 de dezembro de 2020<\/strong>. Confira o&nbsp;cronograma estimado&nbsp;de execu\u00e7\u00e3o do concurso p\u00fablico da Pol\u00edcia Federal:<\/p>\n\n\n\n<ul class=\"wp-block-list\">\n<li><strong><em>Assinatura do contrato com a banca: 23 de novembro de 2020<\/em><\/strong><\/li>\n\n\n\n<li><strong><em>Publica\u00e7\u00e3o do edital: 08 dezembro de 2020<\/em><\/strong><\/li>\n\n\n\n<li><strong><em>Provas objetivas e discursivas: 11 de abril de 2021<\/em><\/strong><\/li>\n\n\n\n<li><strong><em>Teste de Aptid\u00e3o F\u00edsica (TAF): 12 a 13 de junho de 2021<\/em><\/strong><\/li>\n\n\n\n<li><strong><em>Exame m\u00e9dico: 17 e 18 de julho de 2021<\/em><\/strong><\/li>\n\n\n\n<li><strong><em>Prova de digita\u00e7\u00e3o: 22 de agosto de 2021<\/em><\/strong><\/li>\n\n\n\n<li><strong><em>Avalia\u00e7\u00e3o psicol\u00f3gica: 26 de setembro de 2021<\/em><\/strong><\/li>\n\n\n\n<li><strong><em>Heteroidentifica\u00e7\u00e3o: 31 de outubro de 2021<\/em><\/strong><\/li>\n\n\n\n<li><strong><em>Avalia\u00e7\u00e3o de t\u00edtulos: 22 a 26 de novembro de 2021<\/em><\/strong><\/li>\n\n\n\n<li><strong><em>Resultado final: 21 de dezembro de 2021<\/em><\/strong><\/li>\n\n\n\n<li><strong><em>1\u00ba Curso de Forma\u00e7\u00e3o: janeiro de 2022<\/em><\/strong><\/li>\n\n\n\n<li><strong><em>2\u00ba Curso de Forma\u00e7\u00e3o: julho de 2022<\/em><\/strong><\/li>\n\n\n\n<li><strong><em>3\u00ba Curso de Forma\u00e7\u00e3o: janeiro de 2023<\/em><\/strong><\/li>\n\n\n\n<li><strong><em>4\u00ba Curso de Forma\u00e7\u00e3o: julho de 2023<\/em><\/strong><\/li>\n<\/ul>\n\n\n\n<h2 class=\"wp-block-heading\" id=\"ultimo\">Quando foi o \u00faltimo concurso Pol\u00edcia Federal?<\/h2>\n\n\n\n<p>Com edital publicado em 2018, o \u00faltimo concurso da Pol\u00edcia Federal foi organizado pelo Cebraspe, o certame ofertou inicialmente 500 vagas para todos os cargos da carreira e contou com&nbsp;147.744 inscritos. Posteriormente, mais 547 excedentes foram nomeados.<\/p>\n\n\n\n<p class=\"has-text-align-center\" style=\"font-size:clamp(14.642px, 0.915rem + ((1vw - 3.2px) * 0.721), 22px);px\"><strong>Aproveite a promo\u00e7\u00e3o e garanta 40% de desconto nos cursos para a PF e PRF at\u00e9 dia 15\/10<\/strong>!!!<\/p>\n\n\n\n<p class=\"has-text-align-center has-vivid-green-cyan-background-color has-background\" style=\"font-size:clamp(16.293px, 1.018rem + ((1vw - 3.2px) * 0.854), 25px);px\"><strong><a href=\"https:\/\/www.estrategiaconcursos.com.br\/cursosPorConcurso\/promocao-pacotes-completos-pf-e-prf\/\" target=\"_blank\" rel=\"noreferrer noopener\">Curso PF e PRF<\/a><\/strong><\/p>\n\n\n\n<p class=\"has-text-align-center has-very-light-gray-background-color has-background\" style=\"font-size:clamp(14.642px, 0.915rem + ((1vw - 3.2px) * 0.721), 22px);px\"><strong>Saiba mais: <a href=\"https:\/\/www.estrategiaconcursos.com.br\/blog\/concurso-policia-federal\/\" target=\"_blank\" rel=\"noreferrer noopener\">Concurso PF<\/a><\/strong><\/p>\n\n\n\n<p class=\"has-text-align-center has-medium-font-size\"><strong><em><strong>Sistema de Quest\u00f5es<\/strong><\/em><\/strong><\/p>\n\n\n\n<p class=\"has-text-align-center\">Estrat\u00e9gia Quest\u00f5es nasceu maior do que todos os concorrentes, com mais quest\u00f5es cadastradas e mais solu\u00e7\u00f5es por professores. Clique no link e aproveite os descontos e b\u00f4nus imperd\u00edveis!<\/p>\n\n\n\n<p class=\"has-text-align-center has-very-dark-gray-color has-vivid-green-cyan-background-color has-text-color has-background\" style=\"font-size:clamp(14.642px, 0.915rem + ((1vw - 3.2px) * 0.721), 22px);px\"><strong>ASSINE AGORA &#8211; <a href=\"https:\/\/www.estrategiaconcursos.com.br\/cursosPorConcurso\/sistema-de-questoes\/#\/\" target=\"_blank\" rel=\"noreferrer noopener\">Sistema de Quest\u00f5es<\/a><\/strong><\/p>\n\n\n\n<p class=\"has-text-align-center\" style=\"font-size:clamp(14.642px, 0.915rem + ((1vw - 3.2px) * 0.721), 22px);px\"><em><strong>Assinatura Anual Ilimitada*<\/strong><\/em><\/p>\n\n\n\n<p class=\"has-text-align-center\"><em>Prepare-se com o melhor material e com quem mais aprova em&nbsp;Concursos P\u00fablicos de todo o pa\u00eds. Assine agora a nossa Assinatura Anual e tenha acesso ilimitado* a todos os nossos cursos.<\/em><\/p>\n\n\n\n<p class=\"has-text-align-center has-luminous-vivid-amber-background-color has-background\" style=\"font-size:clamp(16.293px, 1.018rem + ((1vw - 3.2px) * 0.854), 25px);px\"><strong>ASSINE AGORA &#8211; <\/strong><span style=\"text-decoration: underline;\"><a rel=\"noreferrer noopener\" aria-label=\"Assinatura Ilimitada (abre numa nova aba)\" href=\"https:\/\/www.estrategiaconcursos.com.br\/assinaturas\" target=\"_blank\"><strong>Assinatura Ilimitada<\/strong><\/a><\/span><\/p>\n\n\n\n<p class=\"has-text-align-center has-very-dark-gray-color has-pale-cyan-blue-background-color has-text-color has-background has-medium-font-size\"><strong><a href=\"https:\/\/www.estrategiaconcursos.com.br\/blog\/concursos-abertos\/\">CONCURSOS ABERTOS<\/a><\/strong><\/p>\n\n\n\n<p class=\"has-text-align-center has-very-dark-gray-color has-pale-cyan-blue-background-color has-text-color has-background has-medium-font-size\"><a href=\"https:\/\/www.estrategiaconcursos.com.br\/blog\/concursos-2020\/\"><strong>CONCURSOS<\/strong><\/a><strong><a href=\"https:\/\/www.estrategiaconcursos.com.br\/blog\/concursos-2020\/\">&nbsp;2020<\/a><\/strong><\/p>\n\n\n\n<p class=\"has-text-align-center has-very-dark-gray-color has-pale-cyan-blue-background-color has-text-color has-background has-medium-font-size\"><strong><a href=\"https:\/\/www.estrategiaconcursos.com.br\/blog\/concursos-2021\/\" target=\"_blank\" rel=\"noreferrer noopener\">Concursos 2021<\/a><\/strong><\/p>\n","protected":false},"excerpt":{"rendered":"<p>O Presidente Jair Messias Bolsonaro reafirmou a autoriza\u00e7\u00e3o de 2 MIL VAGAS para o concurso PF. O an\u00fancio foi registrado na formatura do CFP da Pol\u00edcia Federal, nesta quinta-feira (08). Lembrando que Bolsonaro j\u00e1 havia confirmado a autoriza\u00e7\u00e3o, em live nas redes sociais. Anteriormente, o diretor-executivo da Pol\u00edcia Federal, Rolando Alexandre de Souza, voltou a [&hellip;]<\/p>\n","protected":false},"author":552,"featured_media":377575,"comment_status":"open","ping_status":"closed","sticky":false,"template":"","format":"standard","meta":{"post_tipo":"article","footnotes":""},"categories":[1],"tags":[],"tax_estado":[],"class_list":["post-585066","post","type-post","status-publish","format-standard","has-post-thumbnail","hentry","category-cursos-e-concursos"],"acf":[],"yoast_head":"<!-- This site is optimized with the Yoast SEO Premium plugin v27.2 (Yoast SEO v27.2) - https:\/\/yoast.com\/product\/yoast-seo-premium-wordpress\/ -->\n<title>Em novo an\u00fancio, Bolsonaro confirma 2 MIL VAGAS para a PF!<\/title>\n<meta name=\"description\" content=\"O Presidente Jair Messias Bolsonaro, reafirmou a autoriza\u00e7\u00e3o de 2 MIL VAGAS para o concurso PF. Veja todas as NOVIDADES do pr\u00f3ximo certame AQUI!\" \/>\n<meta name=\"robots\" content=\"index, follow, max-snippet:-1, max-image-preview:large, max-video-preview:-1\" \/>\n<link rel=\"canonical\" href=\"https:\/\/www.estrategiaconcursos.com.br\/blog\/novo-anuncio-bolsonaro-pf\/\" \/>\n<meta property=\"og:locale\" content=\"pt_BR\" \/>\n<meta property=\"og:type\" content=\"article\" \/>\n<meta property=\"og:title\" content=\"Em novo an\u00fancio, Bolsonaro confirma 2 MIL VAGAS para a PF!\" \/>\n<meta property=\"og:description\" content=\"O Presidente Jair Messias Bolsonaro, reafirmou a autoriza\u00e7\u00e3o de 2 MIL VAGAS para o concurso PF. Veja todas as NOVIDADES do pr\u00f3ximo certame AQUI!\" \/>\n<meta property=\"og:url\" content=\"https:\/\/www.estrategiaconcursos.com.br\/blog\/novo-anuncio-bolsonaro-pf\/\" \/>\n<meta property=\"og:site_name\" content=\"Estrat\u00e9gia Concursos\" \/>\n<meta property=\"article:published_time\" content=\"2020-10-08T13:40:14+00:00\" \/>\n<meta property=\"article:modified_time\" content=\"2023-05-30T14:04:38+00:00\" \/>\n<meta property=\"og:image\" content=\"https:\/\/dhg1h5j42swfq.cloudfront.net\/2019\/05\/24134705\/Policia-Federal-e1495658573155.jpg\" \/>\n\t<meta property=\"og:image:width\" content=\"400\" \/>\n\t<meta property=\"og:image:height\" content=\"209\" \/>\n\t<meta property=\"og:image:type\" content=\"image\/jpeg\" \/>\n<meta name=\"author\" content=\"Paulo Bilynskyj\" \/>\n<meta name=\"twitter:card\" content=\"summary_large_image\" \/>\n<meta name=\"twitter:creator\" content=\"@EstratConcursos\" \/>\n<meta name=\"twitter:site\" content=\"@EstratConcursos\" \/>\n<meta name=\"twitter:label1\" content=\"Escrito por\" \/>\n\t<meta name=\"twitter:data1\" content=\"Paulo Bilynskyj\" \/>\n\t<meta name=\"twitter:label2\" content=\"Est. tempo de leitura\" \/>\n\t<meta name=\"twitter:data2\" content=\"3 minutos\" \/>\n<script type=\"application\/ld+json\" class=\"yoast-schema-graph\">{\"@context\":\"https:\/\/schema.org\",\"@graph\":[{\"@type\":\"NewsArticle\",\"@id\":\"https:\/\/www.estrategiaconcursos.com.br\/blog\/novo-anuncio-bolsonaro-pf\/#article\",\"isPartOf\":{\"@id\":\"https:\/\/www.estrategiaconcursos.com.br\/blog\/novo-anuncio-bolsonaro-pf\/\"},\"author\":{\"name\":\"Paulo Bilynskyj\",\"@id\":\"https:\/\/www.estrategiaconcursos.com.br\/blog\/#\/schema\/person\/a630b15e36f45b4c21fed01219843cb5\"},\"headline\":\"Em novo an\u00fancio, Bolsonaro confirma 2 MIL VAGAS para a PF!\",\"datePublished\":\"2020-10-08T13:40:14+00:00\",\"dateModified\":\"2023-05-30T14:04:38+00:00\",\"mainEntityOfPage\":{\"@id\":\"https:\/\/www.estrategiaconcursos.com.br\/blog\/novo-anuncio-bolsonaro-pf\/\"},\"wordCount\":517,\"commentCount\":0,\"publisher\":{\"@id\":\"https:\/\/www.estrategiaconcursos.com.br\/blog\/#organization\"},\"image\":{\"@id\":\"https:\/\/www.estrategiaconcursos.com.br\/blog\/novo-anuncio-bolsonaro-pf\/#primaryimage\"},\"thumbnailUrl\":\"https:\/\/dhg1h5j42swfq.cloudfront.net\/2019\/05\/24134705\/Policia-Federal-e1495658573155.jpg\",\"articleSection\":[\"Concursos P\u00fablicos\"],\"inLanguage\":\"pt-BR\",\"potentialAction\":[{\"@type\":\"CommentAction\",\"name\":\"Comment\",\"target\":[\"https:\/\/www.estrategiaconcursos.com.br\/blog\/novo-anuncio-bolsonaro-pf\/#respond\"]}],\"copyrightYear\":\"2020\",\"copyrightHolder\":{\"@id\":\"https:\/\/www.estrategiaconcursos.com.br\/blog\/#organization\"}},{\"@type\":\"WebPage\",\"@id\":\"https:\/\/www.estrategiaconcursos.com.br\/blog\/novo-anuncio-bolsonaro-pf\/\",\"url\":\"https:\/\/www.estrategiaconcursos.com.br\/blog\/novo-anuncio-bolsonaro-pf\/\",\"name\":\"Em novo an\u00fancio, Bolsonaro confirma 2 MIL VAGAS para a PF!\",\"isPartOf\":{\"@id\":\"https:\/\/www.estrategiaconcursos.com.br\/blog\/#website\"},\"primaryImageOfPage\":{\"@id\":\"https:\/\/www.estrategiaconcursos.com.br\/blog\/novo-anuncio-bolsonaro-pf\/#primaryimage\"},\"image\":{\"@id\":\"https:\/\/www.estrategiaconcursos.com.br\/blog\/novo-anuncio-bolsonaro-pf\/#primaryimage\"},\"thumbnailUrl\":\"https:\/\/dhg1h5j42swfq.cloudfront.net\/2019\/05\/24134705\/Policia-Federal-e1495658573155.jpg\",\"datePublished\":\"2020-10-08T13:40:14+00:00\",\"dateModified\":\"2023-05-30T14:04:38+00:00\",\"description\":\"O Presidente Jair Messias Bolsonaro, reafirmou a autoriza\u00e7\u00e3o de 2 MIL VAGAS para o concurso PF. Veja todas as NOVIDADES do pr\u00f3ximo certame AQUI!\",\"breadcrumb\":{\"@id\":\"https:\/\/www.estrategiaconcursos.com.br\/blog\/novo-anuncio-bolsonaro-pf\/#breadcrumb\"},\"inLanguage\":\"pt-BR\",\"potentialAction\":[{\"@type\":\"ReadAction\",\"target\":[\"https:\/\/www.estrategiaconcursos.com.br\/blog\/novo-anuncio-bolsonaro-pf\/\"]}]},{\"@type\":\"ImageObject\",\"inLanguage\":\"pt-BR\",\"@id\":\"https:\/\/www.estrategiaconcursos.com.br\/blog\/novo-anuncio-bolsonaro-pf\/#primaryimage\",\"url\":\"https:\/\/dhg1h5j42swfq.cloudfront.net\/2019\/05\/24134705\/Policia-Federal-e1495658573155.jpg\",\"contentUrl\":\"https:\/\/dhg1h5j42swfq.cloudfront.net\/2019\/05\/24134705\/Policia-Federal-e1495658573155.jpg\",\"width\":400,\"height\":209,\"caption\":\"Reta Final PF\"},{\"@type\":\"BreadcrumbList\",\"@id\":\"https:\/\/www.estrategiaconcursos.com.br\/blog\/novo-anuncio-bolsonaro-pf\/#breadcrumb\",\"itemListElement\":[{\"@type\":\"ListItem\",\"position\":1,\"name\":\"In\u00edcio\",\"item\":\"https:\/\/www.estrategiaconcursos.com.br\/blog\/\"},{\"@type\":\"ListItem\",\"position\":2,\"name\":\"Em novo an\u00fancio, Bolsonaro confirma 2 MIL VAGAS para a PF!\"}]},{\"@type\":\"WebSite\",\"@id\":\"https:\/\/www.estrategiaconcursos.com.br\/blog\/#website\",\"url\":\"https:\/\/www.estrategiaconcursos.com.br\/blog\/\",\"name\":\"Estrat\u00e9gia Concursos\",\"description\":\"O blog da Estrat\u00e9gia Concursos traz not\u00edcias sobre concursos e artigos de professores oferecendo cursos para concursos (pdf + videaulas) no site.\",\"publisher\":{\"@id\":\"https:\/\/www.estrategiaconcursos.com.br\/blog\/#organization\"},\"potentialAction\":[{\"@type\":\"SearchAction\",\"target\":{\"@type\":\"EntryPoint\",\"urlTemplate\":\"https:\/\/www.estrategiaconcursos.com.br\/blog\/?s={search_term_string}\"},\"query-input\":{\"@type\":\"PropertyValueSpecification\",\"valueRequired\":true,\"valueName\":\"search_term_string\"}}],\"inLanguage\":\"pt-BR\"},{\"@type\":\"Organization\",\"@id\":\"https:\/\/www.estrategiaconcursos.com.br\/blog\/#organization\",\"name\":\"Estrat\u00e9gia Concursos\",\"url\":\"https:\/\/www.estrategiaconcursos.com.br\/blog\/\",\"logo\":{\"@type\":\"ImageObject\",\"inLanguage\":\"pt-BR\",\"@id\":\"https:\/\/www.estrategiaconcursos.com.br\/blog\/#\/schema\/logo\/image\/\",\"url\":\"https:\/\/dhg1h5j42swfq.cloudfront.net\/2025\/06\/03203428\/logo_concursos-1.jpg\",\"contentUrl\":\"https:\/\/dhg1h5j42swfq.cloudfront.net\/2025\/06\/03203428\/logo_concursos-1.jpg\",\"width\":230,\"height\":60,\"caption\":\"Estrat\u00e9gia Concursos\"},\"image\":{\"@id\":\"https:\/\/www.estrategiaconcursos.com.br\/blog\/#\/schema\/logo\/image\/\"},\"sameAs\":[\"https:\/\/x.com\/EstratConcursos\"]},{\"@type\":\"Person\",\"@id\":\"https:\/\/www.estrategiaconcursos.com.br\/blog\/#\/schema\/person\/a630b15e36f45b4c21fed01219843cb5\",\"name\":\"Paulo Bilynskyj\",\"image\":{\"@type\":\"ImageObject\",\"inLanguage\":\"pt-BR\",\"@id\":\"https:\/\/secure.gravatar.com\/avatar\/37e21f70c9042e7456beffdc6d31fe051f3f6dcbf252f69343a791b144852057?s=96&d=mm&r=g\",\"url\":\"https:\/\/secure.gravatar.com\/avatar\/37e21f70c9042e7456beffdc6d31fe051f3f6dcbf252f69343a791b144852057?s=96&d=mm&r=g\",\"contentUrl\":\"https:\/\/secure.gravatar.com\/avatar\/37e21f70c9042e7456beffdc6d31fe051f3f6dcbf252f69343a791b144852057?s=96&d=mm&r=g\",\"caption\":\"Paulo Bilynskyj\"},\"url\":\"https:\/\/www.estrategiaconcursos.com.br\/blog\/author\/pbilynskyjgmail-com\/\"}]}<\/script>\n<!-- \/ Yoast SEO Premium plugin. -->","yoast_head_json":{"title":"Em novo an\u00fancio, Bolsonaro confirma 2 MIL VAGAS para a PF!","description":"O Presidente Jair Messias Bolsonaro, reafirmou a autoriza\u00e7\u00e3o de 2 MIL VAGAS para o concurso PF. Veja todas as NOVIDADES do pr\u00f3ximo certame AQUI!","robots":{"index":"index","follow":"follow","max-snippet":"max-snippet:-1","max-image-preview":"max-image-preview:large","max-video-preview":"max-video-preview:-1"},"canonical":"https:\/\/www.estrategiaconcursos.com.br\/blog\/novo-anuncio-bolsonaro-pf\/","og_locale":"pt_BR","og_type":"article","og_title":"Em novo an\u00fancio, Bolsonaro confirma 2 MIL VAGAS para a PF!","og_description":"O Presidente Jair Messias Bolsonaro, reafirmou a autoriza\u00e7\u00e3o de 2 MIL VAGAS para o concurso PF. Veja todas as NOVIDADES do pr\u00f3ximo certame AQUI!","og_url":"https:\/\/www.estrategiaconcursos.com.br\/blog\/novo-anuncio-bolsonaro-pf\/","og_site_name":"Estrat\u00e9gia Concursos","article_published_time":"2020-10-08T13:40:14+00:00","article_modified_time":"2023-05-30T14:04:38+00:00","og_image":[{"width":400,"height":209,"url":"https:\/\/dhg1h5j42swfq.cloudfront.net\/2019\/05\/24134705\/Policia-Federal-e1495658573155.jpg","type":"image\/jpeg"}],"author":"Paulo Bilynskyj","twitter_card":"summary_large_image","twitter_creator":"@EstratConcursos","twitter_site":"@EstratConcursos","twitter_misc":{"Escrito por":"Paulo Bilynskyj","Est. tempo de leitura":"3 minutos"},"schema":{"@context":"https:\/\/schema.org","@graph":[{"@type":"NewsArticle","@id":"https:\/\/www.estrategiaconcursos.com.br\/blog\/novo-anuncio-bolsonaro-pf\/#article","isPartOf":{"@id":"https:\/\/www.estrategiaconcursos.com.br\/blog\/novo-anuncio-bolsonaro-pf\/"},"author":{"name":"Paulo Bilynskyj","@id":"https:\/\/www.estrategiaconcursos.com.br\/blog\/#\/schema\/person\/a630b15e36f45b4c21fed01219843cb5"},"headline":"Em novo an\u00fancio, Bolsonaro confirma 2 MIL VAGAS para a PF!","datePublished":"2020-10-08T13:40:14+00:00","dateModified":"2023-05-30T14:04:38+00:00","mainEntityOfPage":{"@id":"https:\/\/www.estrategiaconcursos.com.br\/blog\/novo-anuncio-bolsonaro-pf\/"},"wordCount":517,"commentCount":0,"publisher":{"@id":"https:\/\/www.estrategiaconcursos.com.br\/blog\/#organization"},"image":{"@id":"https:\/\/www.estrategiaconcursos.com.br\/blog\/novo-anuncio-bolsonaro-pf\/#primaryimage"},"thumbnailUrl":"https:\/\/dhg1h5j42swfq.cloudfront.net\/2019\/05\/24134705\/Policia-Federal-e1495658573155.jpg","articleSection":["Concursos P\u00fablicos"],"inLanguage":"pt-BR","potentialAction":[{"@type":"CommentAction","name":"Comment","target":["https:\/\/www.estrategiaconcursos.com.br\/blog\/novo-anuncio-bolsonaro-pf\/#respond"]}],"copyrightYear":"2020","copyrightHolder":{"@id":"https:\/\/www.estrategiaconcursos.com.br\/blog\/#organization"}},{"@type":"WebPage","@id":"https:\/\/www.estrategiaconcursos.com.br\/blog\/novo-anuncio-bolsonaro-pf\/","url":"https:\/\/www.estrategiaconcursos.com.br\/blog\/novo-anuncio-bolsonaro-pf\/","name":"Em novo an\u00fancio, Bolsonaro confirma 2 MIL VAGAS para a PF!","isPartOf":{"@id":"https:\/\/www.estrategiaconcursos.com.br\/blog\/#website"},"primaryImageOfPage":{"@id":"https:\/\/www.estrategiaconcursos.com.br\/blog\/novo-anuncio-bolsonaro-pf\/#primaryimage"},"image":{"@id":"https:\/\/www.estrategiaconcursos.com.br\/blog\/novo-anuncio-bolsonaro-pf\/#primaryimage"},"thumbnailUrl":"https:\/\/dhg1h5j42swfq.cloudfront.net\/2019\/05\/24134705\/Policia-Federal-e1495658573155.jpg","datePublished":"2020-10-08T13:40:14+00:00","dateModified":"2023-05-30T14:04:38+00:00","description":"O Presidente Jair Messias Bolsonaro, reafirmou a autoriza\u00e7\u00e3o de 2 MIL VAGAS para o concurso PF. Veja todas as NOVIDADES do pr\u00f3ximo certame AQUI!","breadcrumb":{"@id":"https:\/\/www.estrategiaconcursos.com.br\/blog\/novo-anuncio-bolsonaro-pf\/#breadcrumb"},"inLanguage":"pt-BR","potentialAction":[{"@type":"ReadAction","target":["https:\/\/www.estrategiaconcursos.com.br\/blog\/novo-anuncio-bolsonaro-pf\/"]}]},{"@type":"ImageObject","inLanguage":"pt-BR","@id":"https:\/\/www.estrategiaconcursos.com.br\/blog\/novo-anuncio-bolsonaro-pf\/#primaryimage","url":"https:\/\/dhg1h5j42swfq.cloudfront.net\/2019\/05\/24134705\/Policia-Federal-e1495658573155.jpg","contentUrl":"https:\/\/dhg1h5j42swfq.cloudfront.net\/2019\/05\/24134705\/Policia-Federal-e1495658573155.jpg","width":400,"height":209,"caption":"Reta Final PF"},{"@type":"BreadcrumbList","@id":"https:\/\/www.estrategiaconcursos.com.br\/blog\/novo-anuncio-bolsonaro-pf\/#breadcrumb","itemListElement":[{"@type":"ListItem","position":1,"name":"In\u00edcio","item":"https:\/\/www.estrategiaconcursos.com.br\/blog\/"},{"@type":"ListItem","position":2,"name":"Em novo an\u00fancio, Bolsonaro confirma 2 MIL VAGAS para a PF!"}]},{"@type":"WebSite","@id":"https:\/\/www.estrategiaconcursos.com.br\/blog\/#website","url":"https:\/\/www.estrategiaconcursos.com.br\/blog\/","name":"Estrat\u00e9gia Concursos","description":"O blog da Estrat\u00e9gia Concursos traz not\u00edcias sobre concursos e artigos de professores oferecendo cursos para concursos (pdf + videaulas) no site.","publisher":{"@id":"https:\/\/www.estrategiaconcursos.com.br\/blog\/#organization"},"potentialAction":[{"@type":"SearchAction","target":{"@type":"EntryPoint","urlTemplate":"https:\/\/www.estrategiaconcursos.com.br\/blog\/?s={search_term_string}"},"query-input":{"@type":"PropertyValueSpecification","valueRequired":true,"valueName":"search_term_string"}}],"inLanguage":"pt-BR"},{"@type":"Organization","@id":"https:\/\/www.estrategiaconcursos.com.br\/blog\/#organization","name":"Estrat\u00e9gia Concursos","url":"https:\/\/www.estrategiaconcursos.com.br\/blog\/","logo":{"@type":"ImageObject","inLanguage":"pt-BR","@id":"https:\/\/www.estrategiaconcursos.com.br\/blog\/#\/schema\/logo\/image\/","url":"https:\/\/dhg1h5j42swfq.cloudfront.net\/2025\/06\/03203428\/logo_concursos-1.jpg","contentUrl":"https:\/\/dhg1h5j42swfq.cloudfront.net\/2025\/06\/03203428\/logo_concursos-1.jpg","width":230,"height":60,"caption":"Estrat\u00e9gia Concursos"},"image":{"@id":"https:\/\/www.estrategiaconcursos.com.br\/blog\/#\/schema\/logo\/image\/"},"sameAs":["https:\/\/x.com\/EstratConcursos"]},{"@type":"Person","@id":"https:\/\/www.estrategiaconcursos.com.br\/blog\/#\/schema\/person\/a630b15e36f45b4c21fed01219843cb5","name":"Paulo Bilynskyj","image":{"@type":"ImageObject","inLanguage":"pt-BR","@id":"https:\/\/secure.gravatar.com\/avatar\/37e21f70c9042e7456beffdc6d31fe051f3f6dcbf252f69343a791b144852057?s=96&d=mm&r=g","url":"https:\/\/secure.gravatar.com\/avatar\/37e21f70c9042e7456beffdc6d31fe051f3f6dcbf252f69343a791b144852057?s=96&d=mm&r=g","contentUrl":"https:\/\/secure.gravatar.com\/avatar\/37e21f70c9042e7456beffdc6d31fe051f3f6dcbf252f69343a791b144852057?s=96&d=mm&r=g","caption":"Paulo Bilynskyj"},"url":"https:\/\/www.estrategiaconcursos.com.br\/blog\/author\/pbilynskyjgmail-com\/"}]}},"_links":{"self":[{"href":"https:\/\/www.estrategiaconcursos.com.br\/blog\/wp-json\/wp\/v2\/posts\/585066","targetHints":{"allow":["GET"]}}],"collection":[{"href":"https:\/\/www.estrategiaconcursos.com.br\/blog\/wp-json\/wp\/v2\/posts"}],"about":[{"href":"https:\/\/www.estrategiaconcursos.com.br\/blog\/wp-json\/wp\/v2\/types\/post"}],"author":[{"embeddable":true,"href":"https:\/\/www.estrategiaconcursos.com.br\/blog\/wp-json\/wp\/v2\/users\/552"}],"replies":[{"embeddable":true,"href":"https:\/\/www.estrategiaconcursos.com.br\/blog\/wp-json\/wp\/v2\/comments?post=585066"}],"version-history":[{"count":19,"href":"https:\/\/www.estrategiaconcursos.com.br\/blog\/wp-json\/wp\/v2\/posts\/585066\/revisions"}],"predecessor-version":[{"id":1224315,"href":"https:\/\/www.estrategiaconcursos.com.br\/blog\/wp-json\/wp\/v2\/posts\/585066\/revisions\/1224315"}],"wp:featuredmedia":[{"embeddable":true,"href":"https:\/\/www.estrategiaconcursos.com.br\/blog\/wp-json\/wp\/v2\/media\/377575"}],"wp:attachment":[{"href":"https:\/\/www.estrategiaconcursos.com.br\/blog\/wp-json\/wp\/v2\/media?parent=585066"}],"wp:term":[{"taxonomy":"category","embeddable":true,"href":"https:\/\/www.estrategiaconcursos.com.br\/blog\/wp-json\/wp\/v2\/categories?post=585066"},{"taxonomy":"post_tag","embeddable":true,"href":"https:\/\/www.estrategiaconcursos.com.br\/blog\/wp-json\/wp\/v2\/tags?post=585066"},{"taxonomy":"tax_estado","embeddable":true,"href":"https:\/\/www.estrategiaconcursos.com.br\/blog\/wp-json\/wp\/v2\/tax_estado?post=585066"}],"curies":[{"name":"wp","href":"https:\/\/api.w.org\/{rel}","templated":true}]}}