{"id":585005,"date":"2020-10-08T09:34:46","date_gmt":"2020-10-08T12:34:46","guid":{"rendered":"https:\/\/www.estrategiaconcursos.com.br\/blog\/?p=585005"},"modified":"2020-10-08T17:41:14","modified_gmt":"2020-10-08T20:41:14","slug":"cargo-odontologo-suspenso-concurso-de-bandeirantes","status":"publish","type":"post","link":"https:\/\/www.estrategiaconcursos.com.br\/blog\/cargo-odontologo-suspenso-concurso-de-bandeirantes\/","title":{"rendered":"Cargo de Odont\u00f3logo \u00e9 suspenso do concurso de Bandeirantes"},"content":{"rendered":"\n<p>Foi divulgada uma nova retifica\u00e7\u00e3o do concurso p\u00fablico da Prefeitura de Bandeirantes, localizada no estado do Mato Grosso do Sul. Segundo o documento, desta vez, a altera\u00e7\u00e3o se d\u00e1 na <strong>suspens\u00e3o<\/strong>, por tempo indeterminado, do cargo de Odont\u00f3logo, por determina\u00e7\u00e3o judicial.<\/p>\n\n\n\n<p>Dessa forma, os candidatos inscritos, que j\u00e1 efetuaram o pagamento do boleto banc\u00e1rio, podem solicitar a devolu\u00e7\u00e3o do valor pago, conforme procedimentos abaixo:<\/p>\n\n\n\n<ul class=\"wp-block-list\"><li><strong>a) <\/strong>Preencher e assinar o \u201cFormul\u00e1rio de Ressarcimento da Taxa de Inscri\u00e7\u00e3o\u201d, dispon\u00edvel no site da FAPEC;<\/li><li><strong>b)<\/strong> Anexar os comprovantes de pagamentos;<\/li><li><strong>c) <\/strong>Enviar para o e-mail: concurso@fapec.org.<\/li><\/ul>\n\n\n\n<p>Importante ressaltar que, ao encaminhar o formul\u00e1rio, ser\u00e1 necess\u00e1rio anexar a c\u00f3pia do comprovante de pagamento, para instruir o devido processo administrativo. Todo este processo deve ser realizado at\u00e9 o dia <strong>14 de outubro<\/strong>. Confira abaixo mais detalhes sobre a retifica\u00e7\u00e3o em quest\u00e3o:<\/p>\n\n\n\n<p class=\"has-text-align-center has-background has-medium-font-size\" style=\"background-color:#e5e6e7\"><a rel=\"noreferrer noopener\" href=\"https:\/\/dhg1h5j42swfq.cloudfront.net\/2020\/10\/08090245\/1102257FR.pdf\" target=\"_blank\"><strong>Retifica\u00e7\u00e3o<\/strong><\/a><\/p>\n\n\n\n<p>Com isso, o concurso da Prefeitura de Bandeirantes passa a ofertar duas vagas a menos, ou seja, agora s\u00e3o <strong>contempladas 124 vagas<\/strong>. As oportunidades s\u00e3o distribu\u00eddas para cargos de n\u00edvel fundamental, m\u00e9dio,\u00a0t\u00e9cnico\u00a0e superior, com sal\u00e1rios de at\u00e9 R$ 12.485,48.<\/p>\n\n\n\n<p>Com <strong>inscri\u00e7\u00f5es abertas<\/strong>, os interessados t\u00eam at\u00e9 o dia <strong>15 de novembro<\/strong> para garantir sua candidatura, atrav\u00e9s do site da&nbsp;FAPEC. J\u00e1 as provas, de acordo com o novo cronograma, devem ocorrer na data prevista de 06 de dezembro.<\/p>\n\n\n\n<p class=\"has-text-align-center has-background has-medium-font-size\" style=\"background-color:#e5e6e7\"><strong>Saiba mais: <a rel=\"noreferrer noopener\" href=\"https:\/\/www.estrategiaconcursos.com.br\/blog\/concurso-prefeitura-de-bandeirantes\/\" target=\"_blank\">Concurso Prefeitura de Bandeirantes<\/a><\/strong><\/p>\n\n\n\n<hr class=\"wp-block-separator\"\/>\n\n\n\n<p class=\"has-text-align-center has-medium-font-size\"><em><strong>Assinatura Anual Ilimitada*<\/strong><\/em><\/p>\n\n\n\n<p class=\"has-text-align-center\"><em>Prepare-se com o melhor material e com quem mais aprova em Concursos P\u00fablicos em todo o pa\u00eds. Assine agora a nossa Assinatura Anual e tenha acesso ilimitado* a todos os nossos cursos.<\/em><\/p>\n\n\n\n<p class=\"has-text-align-center has-light-green-cyan-background-color has-background\" style=\"font-size:clamp(14.642px, 0.915rem + ((1vw - 3.2px) * 0.721), 22px);px\"><strong>ASSINE AGORA<\/strong>&nbsp;\u2013&nbsp;<strong><a rel=\"noreferrer noopener\" href=\"https:\/\/www.estrategiaconcursos.com.br\/assinaturas\" target=\"_blank\">Assinatura Ilimitada<\/a><\/strong><\/p>\n\n\n\n<p class=\"has-text-align-center has-medium-font-size\"><strong><em><strong>Sistema de Quest\u00f5es<\/strong><\/em><\/strong><\/p>\n\n\n\n<p class=\"has-text-align-center\"><em>Estrat\u00e9gia Quest\u00f5es nasceu maior do que todos os concorrentes, com mais quest\u00f5es cadastradas e mais solu\u00e7\u00f5es por professores. Ent\u00e3o, confira e aproveite os descontos e b\u00f4nus imperd\u00edveis!<\/em><\/p>\n\n\n\n<p class=\"has-text-align-center has-vivid-green-cyan-background-color has-background\" style=\"font-size:clamp(14.642px, 0.915rem + ((1vw - 3.2px) * 0.721), 22px);px\"><strong>ASSINE AGORA \u2013&nbsp;<a rel=\"noreferrer noopener\" href=\"https:\/\/www.estrategiaconcursos.com.br\/cursosPorConcurso\/sistema-de-questoes\/#\/\" target=\"_blank\">Sistema de Quest\u00f5es<\/a><\/strong><\/p>\n\n\n\n<p class=\"has-text-align-center has-medium-font-size\"><strong><em>Fique por dentro dos concursos em aberto<\/em><\/strong><\/p>\n\n\n\n<p class=\"has-text-align-center has-pale-cyan-blue-background-color has-background\" style=\"font-size:clamp(14.642px, 0.915rem + ((1vw - 3.2px) * 0.721), 22px);px\"><a rel=\"noreferrer noopener\" href=\"https:\/\/www.estrategiaconcursos.com.br\/blog\/concursos-abertos\/\" target=\"_blank\"><strong>CONCURSOS ABERTOS<\/strong><\/a><\/p>\n\n\n\n<p class=\"has-text-align-center has-medium-font-size\"><strong><em>As oportunidades previstas<\/em><\/strong><\/p>\n\n\n\n<p class=\"has-text-align-center has-pale-cyan-blue-background-color has-background\" style=\"font-size:clamp(14.642px, 0.915rem + ((1vw - 3.2px) * 0.721), 22px);px\"><a rel=\"noreferrer noopener\" href=\"https:\/\/www.estrategiaconcursos.com.br\/blog\/concursos-2020\/\" target=\"_blank\"><strong>CONCURSOS&nbsp;2020<\/strong><\/a><\/p>\n\n\n\n<p class=\"has-text-align-center has-pale-cyan-blue-background-color has-background\" style=\"font-size:clamp(14.642px, 0.915rem + ((1vw - 3.2px) * 0.721), 22px);px\"><a rel=\"noreferrer noopener\" href=\"https:\/\/www.estrategiaconcursos.com.br\/blog\/concursos-2021\/\" target=\"_blank\"><strong>CONCURSOS 2021<\/strong><\/a><\/p>\n","protected":false},"excerpt":{"rendered":"<p>Foi divulgada uma nova retifica\u00e7\u00e3o do concurso p\u00fablico da Prefeitura de Bandeirantes, localizada no estado do Mato Grosso do Sul. Segundo o documento, desta vez, a altera\u00e7\u00e3o se d\u00e1 na suspens\u00e3o, por tempo indeterminado, do cargo de Odont\u00f3logo, por determina\u00e7\u00e3o judicial. Dessa forma, os candidatos inscritos, que j\u00e1 efetuaram o pagamento do boleto banc\u00e1rio, podem [&hellip;]<\/p>\n","protected":false},"author":388,"featured_media":548799,"comment_status":"open","ping_status":"closed","sticky":false,"template":"","format":"standard","meta":{"post_tipo":"article","footnotes":""},"categories":[1],"tags":[],"tax_estado":[],"class_list":["post-585005","post","type-post","status-publish","format-standard","has-post-thumbnail","hentry","category-cursos-e-concursos"],"acf":[],"yoast_head":"<!-- This site is optimized with the Yoast SEO Premium plugin v27.2 (Yoast SEO v27.2) - https:\/\/yoast.com\/product\/yoast-seo-premium-wordpress\/ -->\n<title>Cargo de Odont\u00f3logo \u00e9 suspenso do concurso de Bandeirantes<\/title>\n<meta name=\"description\" content=\"Cargo de Odont\u00f3logo \u00e9 suspenso do concurso da Prefeitura de Bandeirantes-MS, por determina\u00e7\u00e3o judicial. Saiba mais detalhes!\" \/>\n<meta name=\"robots\" content=\"index, follow, max-snippet:-1, max-image-preview:large, max-video-preview:-1\" \/>\n<link rel=\"canonical\" href=\"https:\/\/www.estrategiaconcursos.com.br\/blog\/cargo-odontologo-suspenso-concurso-de-bandeirantes\/\" \/>\n<meta property=\"og:locale\" content=\"pt_BR\" \/>\n<meta property=\"og:type\" content=\"article\" \/>\n<meta property=\"og:title\" content=\"Cargo de Odont\u00f3logo \u00e9 suspenso do concurso de Bandeirantes\" \/>\n<meta property=\"og:description\" content=\"Cargo de Odont\u00f3logo \u00e9 suspenso do concurso da Prefeitura de Bandeirantes-MS, por determina\u00e7\u00e3o judicial. Saiba mais detalhes!\" \/>\n<meta property=\"og:url\" content=\"https:\/\/www.estrategiaconcursos.com.br\/blog\/cargo-odontologo-suspenso-concurso-de-bandeirantes\/\" \/>\n<meta property=\"og:site_name\" content=\"Estrat\u00e9gia Concursos\" \/>\n<meta property=\"article:published_time\" content=\"2020-10-08T12:34:46+00:00\" \/>\n<meta property=\"article:modified_time\" content=\"2020-10-08T20:41:14+00:00\" \/>\n<meta property=\"og:image\" content=\"https:\/\/dhg1h5j42swfq.cloudfront.net\/2020\/07\/29150615\/Prefeitura-de-Bandeirantes-MS.jpg\" \/>\n\t<meta property=\"og:image:width\" content=\"1200\" \/>\n\t<meta property=\"og:image:height\" content=\"628\" \/>\n\t<meta property=\"og:image:type\" content=\"image\/jpeg\" \/>\n<meta name=\"author\" content=\"Tiago Zanolla\" \/>\n<meta name=\"twitter:card\" content=\"summary_large_image\" \/>\n<meta name=\"twitter:creator\" content=\"@EstratConcursos\" \/>\n<meta name=\"twitter:site\" content=\"@EstratConcursos\" \/>\n<meta name=\"twitter:label1\" content=\"Escrito por\" \/>\n\t<meta name=\"twitter:data1\" content=\"Tiago Zanolla\" \/>\n\t<meta name=\"twitter:label2\" content=\"Est. tempo de leitura\" \/>\n\t<meta name=\"twitter:data2\" content=\"2 minutos\" \/>\n<script type=\"application\/ld+json\" class=\"yoast-schema-graph\">{\"@context\":\"https:\/\/schema.org\",\"@graph\":[{\"@type\":\"NewsArticle\",\"@id\":\"https:\/\/www.estrategiaconcursos.com.br\/blog\/cargo-odontologo-suspenso-concurso-de-bandeirantes\/#article\",\"isPartOf\":{\"@id\":\"https:\/\/www.estrategiaconcursos.com.br\/blog\/cargo-odontologo-suspenso-concurso-de-bandeirantes\/\"},\"author\":{\"name\":\"Tiago Zanolla\",\"@id\":\"https:\/\/www.estrategiaconcursos.com.br\/blog\/#\/schema\/person\/1509739fd92a40c9b52116de04a90310\"},\"headline\":\"Cargo de Odont\u00f3logo \u00e9 suspenso do concurso de Bandeirantes\",\"datePublished\":\"2020-10-08T12:34:46+00:00\",\"dateModified\":\"2020-10-08T20:41:14+00:00\",\"mainEntityOfPage\":{\"@id\":\"https:\/\/www.estrategiaconcursos.com.br\/blog\/cargo-odontologo-suspenso-concurso-de-bandeirantes\/\"},\"wordCount\":360,\"commentCount\":0,\"publisher\":{\"@id\":\"https:\/\/www.estrategiaconcursos.com.br\/blog\/#organization\"},\"image\":{\"@id\":\"https:\/\/www.estrategiaconcursos.com.br\/blog\/cargo-odontologo-suspenso-concurso-de-bandeirantes\/#primaryimage\"},\"thumbnailUrl\":\"https:\/\/dhg1h5j42swfq.cloudfront.net\/2020\/07\/29150615\/Prefeitura-de-Bandeirantes-MS.jpg\",\"articleSection\":[\"Concursos P\u00fablicos\"],\"inLanguage\":\"pt-BR\",\"potentialAction\":[{\"@type\":\"CommentAction\",\"name\":\"Comment\",\"target\":[\"https:\/\/www.estrategiaconcursos.com.br\/blog\/cargo-odontologo-suspenso-concurso-de-bandeirantes\/#respond\"]}],\"copyrightYear\":\"2020\",\"copyrightHolder\":{\"@id\":\"https:\/\/www.estrategiaconcursos.com.br\/blog\/#organization\"}},{\"@type\":\"WebPage\",\"@id\":\"https:\/\/www.estrategiaconcursos.com.br\/blog\/cargo-odontologo-suspenso-concurso-de-bandeirantes\/\",\"url\":\"https:\/\/www.estrategiaconcursos.com.br\/blog\/cargo-odontologo-suspenso-concurso-de-bandeirantes\/\",\"name\":\"Cargo de Odont\u00f3logo \u00e9 suspenso do concurso de Bandeirantes\",\"isPartOf\":{\"@id\":\"https:\/\/www.estrategiaconcursos.com.br\/blog\/#website\"},\"primaryImageOfPage\":{\"@id\":\"https:\/\/www.estrategiaconcursos.com.br\/blog\/cargo-odontologo-suspenso-concurso-de-bandeirantes\/#primaryimage\"},\"image\":{\"@id\":\"https:\/\/www.estrategiaconcursos.com.br\/blog\/cargo-odontologo-suspenso-concurso-de-bandeirantes\/#primaryimage\"},\"thumbnailUrl\":\"https:\/\/dhg1h5j42swfq.cloudfront.net\/2020\/07\/29150615\/Prefeitura-de-Bandeirantes-MS.jpg\",\"datePublished\":\"2020-10-08T12:34:46+00:00\",\"dateModified\":\"2020-10-08T20:41:14+00:00\",\"description\":\"Cargo de Odont\u00f3logo \u00e9 suspenso do concurso da Prefeitura de Bandeirantes-MS, por determina\u00e7\u00e3o judicial. Saiba mais detalhes!\",\"breadcrumb\":{\"@id\":\"https:\/\/www.estrategiaconcursos.com.br\/blog\/cargo-odontologo-suspenso-concurso-de-bandeirantes\/#breadcrumb\"},\"inLanguage\":\"pt-BR\",\"potentialAction\":[{\"@type\":\"ReadAction\",\"target\":[\"https:\/\/www.estrategiaconcursos.com.br\/blog\/cargo-odontologo-suspenso-concurso-de-bandeirantes\/\"]}]},{\"@type\":\"ImageObject\",\"inLanguage\":\"pt-BR\",\"@id\":\"https:\/\/www.estrategiaconcursos.com.br\/blog\/cargo-odontologo-suspenso-concurso-de-bandeirantes\/#primaryimage\",\"url\":\"https:\/\/dhg1h5j42swfq.cloudfront.net\/2020\/07\/29150615\/Prefeitura-de-Bandeirantes-MS.jpg\",\"contentUrl\":\"https:\/\/dhg1h5j42swfq.cloudfront.net\/2020\/07\/29150615\/Prefeitura-de-Bandeirantes-MS.jpg\",\"width\":1200,\"height\":628,\"caption\":\"Prefeitura de Bandeirantes\"},{\"@type\":\"BreadcrumbList\",\"@id\":\"https:\/\/www.estrategiaconcursos.com.br\/blog\/cargo-odontologo-suspenso-concurso-de-bandeirantes\/#breadcrumb\",\"itemListElement\":[{\"@type\":\"ListItem\",\"position\":1,\"name\":\"In\u00edcio\",\"item\":\"https:\/\/www.estrategiaconcursos.com.br\/blog\/\"},{\"@type\":\"ListItem\",\"position\":2,\"name\":\"Cargo de Odont\u00f3logo \u00e9 suspenso do concurso de Bandeirantes\"}]},{\"@type\":\"WebSite\",\"@id\":\"https:\/\/www.estrategiaconcursos.com.br\/blog\/#website\",\"url\":\"https:\/\/www.estrategiaconcursos.com.br\/blog\/\",\"name\":\"Estrat\u00e9gia Concursos\",\"description\":\"O blog da Estrat\u00e9gia Concursos traz not\u00edcias sobre concursos e artigos de professores oferecendo cursos para concursos (pdf + videaulas) no site.\",\"publisher\":{\"@id\":\"https:\/\/www.estrategiaconcursos.com.br\/blog\/#organization\"},\"potentialAction\":[{\"@type\":\"SearchAction\",\"target\":{\"@type\":\"EntryPoint\",\"urlTemplate\":\"https:\/\/www.estrategiaconcursos.com.br\/blog\/?s={search_term_string}\"},\"query-input\":{\"@type\":\"PropertyValueSpecification\",\"valueRequired\":true,\"valueName\":\"search_term_string\"}}],\"inLanguage\":\"pt-BR\"},{\"@type\":\"Organization\",\"@id\":\"https:\/\/www.estrategiaconcursos.com.br\/blog\/#organization\",\"name\":\"Estrat\u00e9gia Concursos\",\"url\":\"https:\/\/www.estrategiaconcursos.com.br\/blog\/\",\"logo\":{\"@type\":\"ImageObject\",\"inLanguage\":\"pt-BR\",\"@id\":\"https:\/\/www.estrategiaconcursos.com.br\/blog\/#\/schema\/logo\/image\/\",\"url\":\"https:\/\/dhg1h5j42swfq.cloudfront.net\/2025\/06\/03203428\/logo_concursos-1.jpg\",\"contentUrl\":\"https:\/\/dhg1h5j42swfq.cloudfront.net\/2025\/06\/03203428\/logo_concursos-1.jpg\",\"width\":230,\"height\":60,\"caption\":\"Estrat\u00e9gia Concursos\"},\"image\":{\"@id\":\"https:\/\/www.estrategiaconcursos.com.br\/blog\/#\/schema\/logo\/image\/\"},\"sameAs\":[\"https:\/\/x.com\/EstratConcursos\"]},{\"@type\":\"Person\",\"@id\":\"https:\/\/www.estrategiaconcursos.com.br\/blog\/#\/schema\/person\/1509739fd92a40c9b52116de04a90310\",\"name\":\"Tiago Zanolla\",\"image\":{\"@type\":\"ImageObject\",\"inLanguage\":\"pt-BR\",\"@id\":\"https:\/\/secure.gravatar.com\/avatar\/e647cb200c21008603a1760df42f3f713d32dd977761568b5689c47f0b1747ee?s=96&d=mm&r=g\",\"url\":\"https:\/\/secure.gravatar.com\/avatar\/e647cb200c21008603a1760df42f3f713d32dd977761568b5689c47f0b1747ee?s=96&d=mm&r=g\",\"contentUrl\":\"https:\/\/secure.gravatar.com\/avatar\/e647cb200c21008603a1760df42f3f713d32dd977761568b5689c47f0b1747ee?s=96&d=mm&r=g\",\"caption\":\"Tiago Zanolla\"},\"url\":\"https:\/\/www.estrategiaconcursos.com.br\/blog\/author\/zanolla-estrategiagmail-com\/\"}]}<\/script>\n<!-- \/ Yoast SEO Premium plugin. -->","yoast_head_json":{"title":"Cargo de Odont\u00f3logo \u00e9 suspenso do concurso de Bandeirantes","description":"Cargo de Odont\u00f3logo \u00e9 suspenso do concurso da Prefeitura de Bandeirantes-MS, por determina\u00e7\u00e3o judicial. Saiba mais detalhes!","robots":{"index":"index","follow":"follow","max-snippet":"max-snippet:-1","max-image-preview":"max-image-preview:large","max-video-preview":"max-video-preview:-1"},"canonical":"https:\/\/www.estrategiaconcursos.com.br\/blog\/cargo-odontologo-suspenso-concurso-de-bandeirantes\/","og_locale":"pt_BR","og_type":"article","og_title":"Cargo de Odont\u00f3logo \u00e9 suspenso do concurso de Bandeirantes","og_description":"Cargo de Odont\u00f3logo \u00e9 suspenso do concurso da Prefeitura de Bandeirantes-MS, por determina\u00e7\u00e3o judicial. Saiba mais detalhes!","og_url":"https:\/\/www.estrategiaconcursos.com.br\/blog\/cargo-odontologo-suspenso-concurso-de-bandeirantes\/","og_site_name":"Estrat\u00e9gia Concursos","article_published_time":"2020-10-08T12:34:46+00:00","article_modified_time":"2020-10-08T20:41:14+00:00","og_image":[{"width":1200,"height":628,"url":"https:\/\/dhg1h5j42swfq.cloudfront.net\/2020\/07\/29150615\/Prefeitura-de-Bandeirantes-MS.jpg","type":"image\/jpeg"}],"author":"Tiago Zanolla","twitter_card":"summary_large_image","twitter_creator":"@EstratConcursos","twitter_site":"@EstratConcursos","twitter_misc":{"Escrito por":"Tiago Zanolla","Est. tempo de leitura":"2 minutos"},"schema":{"@context":"https:\/\/schema.org","@graph":[{"@type":"NewsArticle","@id":"https:\/\/www.estrategiaconcursos.com.br\/blog\/cargo-odontologo-suspenso-concurso-de-bandeirantes\/#article","isPartOf":{"@id":"https:\/\/www.estrategiaconcursos.com.br\/blog\/cargo-odontologo-suspenso-concurso-de-bandeirantes\/"},"author":{"name":"Tiago Zanolla","@id":"https:\/\/www.estrategiaconcursos.com.br\/blog\/#\/schema\/person\/1509739fd92a40c9b52116de04a90310"},"headline":"Cargo de Odont\u00f3logo \u00e9 suspenso do concurso de Bandeirantes","datePublished":"2020-10-08T12:34:46+00:00","dateModified":"2020-10-08T20:41:14+00:00","mainEntityOfPage":{"@id":"https:\/\/www.estrategiaconcursos.com.br\/blog\/cargo-odontologo-suspenso-concurso-de-bandeirantes\/"},"wordCount":360,"commentCount":0,"publisher":{"@id":"https:\/\/www.estrategiaconcursos.com.br\/blog\/#organization"},"image":{"@id":"https:\/\/www.estrategiaconcursos.com.br\/blog\/cargo-odontologo-suspenso-concurso-de-bandeirantes\/#primaryimage"},"thumbnailUrl":"https:\/\/dhg1h5j42swfq.cloudfront.net\/2020\/07\/29150615\/Prefeitura-de-Bandeirantes-MS.jpg","articleSection":["Concursos P\u00fablicos"],"inLanguage":"pt-BR","potentialAction":[{"@type":"CommentAction","name":"Comment","target":["https:\/\/www.estrategiaconcursos.com.br\/blog\/cargo-odontologo-suspenso-concurso-de-bandeirantes\/#respond"]}],"copyrightYear":"2020","copyrightHolder":{"@id":"https:\/\/www.estrategiaconcursos.com.br\/blog\/#organization"}},{"@type":"WebPage","@id":"https:\/\/www.estrategiaconcursos.com.br\/blog\/cargo-odontologo-suspenso-concurso-de-bandeirantes\/","url":"https:\/\/www.estrategiaconcursos.com.br\/blog\/cargo-odontologo-suspenso-concurso-de-bandeirantes\/","name":"Cargo de Odont\u00f3logo \u00e9 suspenso do concurso de Bandeirantes","isPartOf":{"@id":"https:\/\/www.estrategiaconcursos.com.br\/blog\/#website"},"primaryImageOfPage":{"@id":"https:\/\/www.estrategiaconcursos.com.br\/blog\/cargo-odontologo-suspenso-concurso-de-bandeirantes\/#primaryimage"},"image":{"@id":"https:\/\/www.estrategiaconcursos.com.br\/blog\/cargo-odontologo-suspenso-concurso-de-bandeirantes\/#primaryimage"},"thumbnailUrl":"https:\/\/dhg1h5j42swfq.cloudfront.net\/2020\/07\/29150615\/Prefeitura-de-Bandeirantes-MS.jpg","datePublished":"2020-10-08T12:34:46+00:00","dateModified":"2020-10-08T20:41:14+00:00","description":"Cargo de Odont\u00f3logo \u00e9 suspenso do concurso da Prefeitura de Bandeirantes-MS, por determina\u00e7\u00e3o judicial. Saiba mais detalhes!","breadcrumb":{"@id":"https:\/\/www.estrategiaconcursos.com.br\/blog\/cargo-odontologo-suspenso-concurso-de-bandeirantes\/#breadcrumb"},"inLanguage":"pt-BR","potentialAction":[{"@type":"ReadAction","target":["https:\/\/www.estrategiaconcursos.com.br\/blog\/cargo-odontologo-suspenso-concurso-de-bandeirantes\/"]}]},{"@type":"ImageObject","inLanguage":"pt-BR","@id":"https:\/\/www.estrategiaconcursos.com.br\/blog\/cargo-odontologo-suspenso-concurso-de-bandeirantes\/#primaryimage","url":"https:\/\/dhg1h5j42swfq.cloudfront.net\/2020\/07\/29150615\/Prefeitura-de-Bandeirantes-MS.jpg","contentUrl":"https:\/\/dhg1h5j42swfq.cloudfront.net\/2020\/07\/29150615\/Prefeitura-de-Bandeirantes-MS.jpg","width":1200,"height":628,"caption":"Prefeitura de Bandeirantes"},{"@type":"BreadcrumbList","@id":"https:\/\/www.estrategiaconcursos.com.br\/blog\/cargo-odontologo-suspenso-concurso-de-bandeirantes\/#breadcrumb","itemListElement":[{"@type":"ListItem","position":1,"name":"In\u00edcio","item":"https:\/\/www.estrategiaconcursos.com.br\/blog\/"},{"@type":"ListItem","position":2,"name":"Cargo de Odont\u00f3logo \u00e9 suspenso do concurso de Bandeirantes"}]},{"@type":"WebSite","@id":"https:\/\/www.estrategiaconcursos.com.br\/blog\/#website","url":"https:\/\/www.estrategiaconcursos.com.br\/blog\/","name":"Estrat\u00e9gia Concursos","description":"O blog da Estrat\u00e9gia Concursos traz not\u00edcias sobre concursos e artigos de professores oferecendo cursos para concursos (pdf + videaulas) no site.","publisher":{"@id":"https:\/\/www.estrategiaconcursos.com.br\/blog\/#organization"},"potentialAction":[{"@type":"SearchAction","target":{"@type":"EntryPoint","urlTemplate":"https:\/\/www.estrategiaconcursos.com.br\/blog\/?s={search_term_string}"},"query-input":{"@type":"PropertyValueSpecification","valueRequired":true,"valueName":"search_term_string"}}],"inLanguage":"pt-BR"},{"@type":"Organization","@id":"https:\/\/www.estrategiaconcursos.com.br\/blog\/#organization","name":"Estrat\u00e9gia Concursos","url":"https:\/\/www.estrategiaconcursos.com.br\/blog\/","logo":{"@type":"ImageObject","inLanguage":"pt-BR","@id":"https:\/\/www.estrategiaconcursos.com.br\/blog\/#\/schema\/logo\/image\/","url":"https:\/\/dhg1h5j42swfq.cloudfront.net\/2025\/06\/03203428\/logo_concursos-1.jpg","contentUrl":"https:\/\/dhg1h5j42swfq.cloudfront.net\/2025\/06\/03203428\/logo_concursos-1.jpg","width":230,"height":60,"caption":"Estrat\u00e9gia Concursos"},"image":{"@id":"https:\/\/www.estrategiaconcursos.com.br\/blog\/#\/schema\/logo\/image\/"},"sameAs":["https:\/\/x.com\/EstratConcursos"]},{"@type":"Person","@id":"https:\/\/www.estrategiaconcursos.com.br\/blog\/#\/schema\/person\/1509739fd92a40c9b52116de04a90310","name":"Tiago Zanolla","image":{"@type":"ImageObject","inLanguage":"pt-BR","@id":"https:\/\/secure.gravatar.com\/avatar\/e647cb200c21008603a1760df42f3f713d32dd977761568b5689c47f0b1747ee?s=96&d=mm&r=g","url":"https:\/\/secure.gravatar.com\/avatar\/e647cb200c21008603a1760df42f3f713d32dd977761568b5689c47f0b1747ee?s=96&d=mm&r=g","contentUrl":"https:\/\/secure.gravatar.com\/avatar\/e647cb200c21008603a1760df42f3f713d32dd977761568b5689c47f0b1747ee?s=96&d=mm&r=g","caption":"Tiago Zanolla"},"url":"https:\/\/www.estrategiaconcursos.com.br\/blog\/author\/zanolla-estrategiagmail-com\/"}]}},"_links":{"self":[{"href":"https:\/\/www.estrategiaconcursos.com.br\/blog\/wp-json\/wp\/v2\/posts\/585005","targetHints":{"allow":["GET"]}}],"collection":[{"href":"https:\/\/www.estrategiaconcursos.com.br\/blog\/wp-json\/wp\/v2\/posts"}],"about":[{"href":"https:\/\/www.estrategiaconcursos.com.br\/blog\/wp-json\/wp\/v2\/types\/post"}],"author":[{"embeddable":true,"href":"https:\/\/www.estrategiaconcursos.com.br\/blog\/wp-json\/wp\/v2\/users\/388"}],"replies":[{"embeddable":true,"href":"https:\/\/www.estrategiaconcursos.com.br\/blog\/wp-json\/wp\/v2\/comments?post=585005"}],"version-history":[{"count":4,"href":"https:\/\/www.estrategiaconcursos.com.br\/blog\/wp-json\/wp\/v2\/posts\/585005\/revisions"}],"predecessor-version":[{"id":585546,"href":"https:\/\/www.estrategiaconcursos.com.br\/blog\/wp-json\/wp\/v2\/posts\/585005\/revisions\/585546"}],"wp:featuredmedia":[{"embeddable":true,"href":"https:\/\/www.estrategiaconcursos.com.br\/blog\/wp-json\/wp\/v2\/media\/548799"}],"wp:attachment":[{"href":"https:\/\/www.estrategiaconcursos.com.br\/blog\/wp-json\/wp\/v2\/media?parent=585005"}],"wp:term":[{"taxonomy":"category","embeddable":true,"href":"https:\/\/www.estrategiaconcursos.com.br\/blog\/wp-json\/wp\/v2\/categories?post=585005"},{"taxonomy":"post_tag","embeddable":true,"href":"https:\/\/www.estrategiaconcursos.com.br\/blog\/wp-json\/wp\/v2\/tags?post=585005"},{"taxonomy":"tax_estado","embeddable":true,"href":"https:\/\/www.estrategiaconcursos.com.br\/blog\/wp-json\/wp\/v2\/tax_estado?post=585005"}],"curies":[{"name":"wp","href":"https:\/\/api.w.org\/{rel}","templated":true}]}}