{"id":584967,"date":"2020-10-08T09:44:40","date_gmt":"2020-10-08T12:44:40","guid":{"rendered":"https:\/\/www.estrategiaconcursos.com.br\/blog\/?p=584967"},"modified":"2025-10-15T11:03:08","modified_gmt":"2025-10-15T14:03:08","slug":"edital-processo-seletivo-ses-sc","status":"publish","type":"post","link":"https:\/\/www.estrategiaconcursos.com.br\/blog\/edital-processo-seletivo-ses-sc\/","title":{"rendered":"Edital do Processo Seletivo SES SC \u00e9 publicado! Veja aqui!"},"content":{"rendered":"\n<p>Foi publicado, no Di\u00e1rio Oficial, o edital do processo seletivo da <strong>Secretaria de Estado da Sa\u00fade de Santa Catarina<\/strong> (SES SC). O documento oferta <strong>8 vagas<\/strong> para cargos na \u00e1rea da sa\u00fade.<\/p>\n\n\n\n<p>Os candidatos poder\u00e3o se inscrever neste certame via internet, por meio do site&nbsp;da <a rel=\"noreferrer noopener\" href=\"https:\/\/www.saude.sc.gov.br\/index.php\/documentos\/informacoes-gerais\/concursos-e-selecoes\/processos-seletivos\" target=\"_blank\"><strong>SES SC<\/strong><\/a>, entre os dias <strong>07 e 21 de outubro de 2020<\/strong>. N\u00e3o ser\u00e1 cobrada taxa de inscri\u00e7\u00e3o.<\/p>\n\n\n\n<h2 class=\"wp-block-heading\">Cargos, vagas e remunera\u00e7\u00e3o do edital SES SC<\/h2>\n\n\n\n<p>O processo seletivo oferta <strong>8 vagas<\/strong> para os n\u00edveis T\u00e9cnico e Superior. A carga hor\u00e1ria prevista no edital \u00e9 de 30 horas semanais para todos os cargos. Veja os detalhes das vagas e remunera\u00e7\u00f5es a seguir:<\/p>\n\n\n\n<figure class=\"wp-block-table is-style-stripes\"><table><tbody><tr><td><strong>CARGOS<\/strong><\/td><td><strong>VAGAS<\/strong><\/td><td><strong>REMUNERA\u00c7\u00c3O<\/strong><\/td><\/tr><tr><td>AGENTE AUXILIAR DE SA\u00daDE<br \/>P\u00daBLICA<\/td><td>04<\/td><td>2.648,80<\/td><\/tr><tr><td>BI\u00d3LOGO<\/td><td>04<\/td><td>3.602,14<\/td><\/tr><\/tbody><\/table><\/figure>\n\n\n\n<p><em>As oportunidades ser\u00e3o para as seguintes regi\u00f5es de Santa Catarina:<\/em><\/p>\n\n\n\n<ul class=\"wp-block-list\">\n<li><em><strong>CHAPEC\u00d3<\/strong><\/em><\/li>\n\n\n\n<li><em><strong>GRANDE FLORIAN\u00d3POLIS<\/strong><\/em><\/li>\n\n\n\n<li><em><strong>ITAJA\u00cd<\/strong><\/em><\/li>\n\n\n\n<li><em><strong>S\u00c3O LOUREN\u00c7O DO OESTE<\/strong><\/em><\/li>\n\n\n\n<li><em><strong>VIDEIRA<\/strong><\/em><\/li>\n\n\n\n<li><em><strong>XANXER\u00ca<\/strong><\/em><\/li>\n<\/ul>\n\n\n\n<h2 class=\"wp-block-heading\">Etapas do Processo Seletivo<\/h2>\n\n\n\n<p>O processo seletivo ter\u00e1 apenas uma etapa, que ser\u00e1 de Avalia\u00e7\u00e3o de T\u00edtulos. A classifica\u00e7\u00e3o ser\u00e1 por somat\u00f3rio de pontos da contagem de t\u00edtulos e da experi\u00eancia comprovada.<\/p>\n\n\n\n<p><em>Veja abaixo as tabelas de pontua\u00e7\u00e3o:<\/em><\/p>\n\n\n\n<p><strong>N\u00cdVEL T\u00c9CNICO\/M\u00c9DIO<\/strong><\/p>\n\n\n\n<figure class=\"wp-block-image size-large\"><img loading=\"lazy\" decoding=\"async\" width=\"572\" height=\"158\" src=\"https:\/\/dhg1h5j42swfq.cloudfront.net\/2020\/10\/08091758\/image-63.png\" alt=\"\" class=\"wp-image-585007\" srcset=\"https:\/\/dhg1h5j42swfq.cloudfront.net\/2020\/10\/08091758\/image-63.png 572w, https:\/\/dhg1h5j42swfq.cloudfront.net\/2020\/10\/08091758\/image-63-300x83.png 300w\" sizes=\"auto, (max-width: 572px) 100vw, 572px\" \/><\/figure>\n\n\n\n<p><strong>N\u00cdVEL SUPERIOR<\/strong><\/p>\n\n\n\n<figure class=\"wp-block-image size-large\"><img loading=\"lazy\" decoding=\"async\" width=\"573\" height=\"189\" src=\"https:\/\/dhg1h5j42swfq.cloudfront.net\/2020\/10\/08092017\/image-64.png\" alt=\"\" class=\"wp-image-585008\" srcset=\"https:\/\/dhg1h5j42swfq.cloudfront.net\/2020\/10\/08092017\/image-64.png 573w, https:\/\/dhg1h5j42swfq.cloudfront.net\/2020\/10\/08092017\/image-64-300x99.png 300w\" sizes=\"auto, (max-width: 573px) 100vw, 573px\" \/><\/figure>\n\n\n\n<p class=\"has-text-align-center\"><em><strong>Assinatura Anual Ilimitada*<\/strong><\/em><\/p>\n\n\n\n<p class=\"has-text-align-center\"><em>Prepare-se com o melhor material e com quem mais aprova em Concursos P\u00fablicos em todo o pa\u00eds. Assine agora a nossa Assinatura Anual e tenha acesso ilimitado* a todos os nossos cursos.<\/em><\/p>\n\n\n\n<p class=\"has-text-align-center has-light-green-cyan-background-color has-background\"><strong>ASSINE AGORA<\/strong>&nbsp;\u2013&nbsp;<strong><a rel=\"noreferrer noopener\" href=\"https:\/\/www.estrategiaconcursos.com.br\/assinaturas\" target=\"_blank\">Assinatura Ilimitada<\/a><\/strong><\/p>\n\n\n\n<p class=\"has-text-align-center\"><strong><em>Sistema de Quest\u00f5es<\/em><\/strong><\/p>\n\n\n\n<p class=\"has-text-align-center\"><em>Estrat\u00e9gia Quest\u00f5es nasceu maior do que todos os concorrentes, com mais quest\u00f5es cadastradas e mais solu\u00e7\u00f5es por professores. Clique no link e aproveite os descontos e b\u00f4nus imperd\u00edveis!<\/em><\/p>\n\n\n\n<p class=\"has-text-align-center has-light-green-cyan-background-color has-background\"><strong>ASSINE AGORA \u2013&nbsp;<a href=\"https:\/\/www.estrategiaconcursos.com.br\/cursosPorConcurso\/sistema-de-questoes\/#\/\" target=\"_blank\" rel=\"noreferrer noopener\">Sistema de Quest\u00f5es<\/a><\/strong><\/p>\n\n\n\n<p class=\"has-text-align-center\"><strong><em>Fique por dentro de todos os concursos<\/em><\/strong><\/p>\n\n\n\n<p class=\"has-text-align-center has-pale-cyan-blue-background-color has-background\"><a href=\"https:\/\/www.estrategiaconcursos.com.br\/blog\/concursos-abertos\/\" target=\"_blank\" rel=\"noreferrer noopener\"><strong>CONCURSOS ABERTOS<\/strong><\/a><\/p>\n\n\n\n<figure class=\"wp-block-image\"><img loading=\"lazy\" decoding=\"async\" width=\"300\" height=\"102\" src=\"https:\/\/dhg1h5j42swfq.cloudfront.net\/2019\/05\/29143052\/coruja-ficha-tecnica-300x1025.png\" alt=\"Ficha T\u00e9cnica \" class=\"wp-image-380136\"\/><\/figure>\n\n\n\n<h4 class=\"wp-block-heading\" id=\"ficha\"><strong>Informa\u00e7\u00f5es do PSS<\/strong> SES SC<\/h4>\n\n\n\n<p>\u25ba<strong>Vagas<\/strong>: 08<br \/>\u25ba<strong>Cargos:<\/strong>&nbsp;Agente Auxiliar de Sa\u00fade e Biologo<br \/>\u25ba<strong>Escolaridade<\/strong>: m\u00e9dio e superior<br \/>\u25ba<strong>Edital&nbsp;<\/strong>:&nbsp;<strong><a href=\"https:\/\/dhg1h5j42swfq.cloudfront.net\/2020\/10\/08093752\/EDITAL-PSS-030-2020-Outras-Regi.pdf\" target=\"_blank\" rel=\"noreferrer noopener\">SES SC<\/a><\/strong><\/p>\n","protected":false},"excerpt":{"rendered":"<p>Foi publicado, no Di\u00e1rio Oficial, o edital do processo seletivo da Secretaria de Estado da Sa\u00fade de Santa Catarina (SES SC). O documento oferta 8 vagas para cargos na \u00e1rea da sa\u00fade. Os candidatos poder\u00e3o se inscrever neste certame via internet, por meio do site&nbsp;da SES SC, entre os dias 07 e 21 de outubro [&hellip;]<\/p>\n","protected":false},"author":561,"featured_media":585029,"comment_status":"open","ping_status":"closed","sticky":false,"template":"","format":"standard","meta":{"post_tipo":"article","footnotes":""},"categories":[1],"tags":[],"tax_estado":[],"class_list":["post-584967","post","type-post","status-publish","format-standard","has-post-thumbnail","hentry","category-cursos-e-concursos"],"acf":[],"yoast_head":"<!-- This site is optimized with the Yoast SEO Premium plugin v27.2 (Yoast SEO v27.2) - https:\/\/yoast.com\/product\/yoast-seo-premium-wordpress\/ -->\n<title>Edital do Processo Seletivo SES SC \u00e9 publicado! Veja aqui!<\/title>\n<meta name=\"description\" content=\"Foi publicado no Di\u00e1rio Oficial o edital do processo seletivo da Secretaria de Estado da Sa\u00fade de Santa Catarina. O documento oferta 8 vagas! VEJA!\" \/>\n<meta name=\"robots\" content=\"index, follow, max-snippet:-1, max-image-preview:large, max-video-preview:-1\" \/>\n<link rel=\"canonical\" href=\"https:\/\/www.estrategiaconcursos.com.br\/blog\/edital-processo-seletivo-ses-sc\/\" \/>\n<meta property=\"og:locale\" content=\"pt_BR\" \/>\n<meta property=\"og:type\" content=\"article\" \/>\n<meta property=\"og:title\" content=\"Edital do Processo Seletivo SES SC \u00e9 publicado! Veja aqui!\" \/>\n<meta property=\"og:description\" content=\"Foi publicado no Di\u00e1rio Oficial o edital do processo seletivo da Secretaria de Estado da Sa\u00fade de Santa Catarina. O documento oferta 8 vagas! VEJA!\" \/>\n<meta property=\"og:url\" content=\"https:\/\/www.estrategiaconcursos.com.br\/blog\/edital-processo-seletivo-ses-sc\/\" \/>\n<meta property=\"og:site_name\" content=\"Estrat\u00e9gia Concursos\" \/>\n<meta property=\"article:published_time\" content=\"2020-10-08T12:44:40+00:00\" \/>\n<meta property=\"article:modified_time\" content=\"2025-10-15T14:03:08+00:00\" \/>\n<meta property=\"og:image\" content=\"https:\/\/dhg1h5j42swfq.cloudfront.net\/2020\/10\/08093906\/ses-sc-secretaria-de-estado-da-saude-de-santa-catarina.png\" \/>\n\t<meta property=\"og:image:width\" content=\"990\" \/>\n\t<meta property=\"og:image:height\" content=\"774\" \/>\n\t<meta property=\"og:image:type\" content=\"image\/png\" \/>\n<meta name=\"author\" content=\"Ligia Carvalheiro Fernandes\" \/>\n<meta name=\"twitter:card\" content=\"summary_large_image\" \/>\n<meta name=\"twitter:creator\" content=\"@EstratConcursos\" \/>\n<meta name=\"twitter:site\" content=\"@EstratConcursos\" \/>\n<meta name=\"twitter:label1\" content=\"Escrito por\" \/>\n\t<meta name=\"twitter:data1\" content=\"Ligia Carvalheiro Fernandes\" \/>\n\t<meta name=\"twitter:label2\" content=\"Est. tempo de leitura\" \/>\n\t<meta name=\"twitter:data2\" content=\"2 minutos\" \/>\n<script type=\"application\/ld+json\" class=\"yoast-schema-graph\">{\"@context\":\"https:\/\/schema.org\",\"@graph\":[{\"@type\":\"NewsArticle\",\"@id\":\"https:\/\/www.estrategiaconcursos.com.br\/blog\/edital-processo-seletivo-ses-sc\/#article\",\"isPartOf\":{\"@id\":\"https:\/\/www.estrategiaconcursos.com.br\/blog\/edital-processo-seletivo-ses-sc\/\"},\"author\":{\"name\":\"Ligia Carvalheiro Fernandes\",\"@id\":\"https:\/\/www.estrategiaconcursos.com.br\/blog\/#\/schema\/person\/cc76e9dac392d5e35e7d00c493eee792\"},\"headline\":\"Edital do Processo Seletivo SES SC \u00e9 publicado! Veja aqui!\",\"datePublished\":\"2020-10-08T12:44:40+00:00\",\"dateModified\":\"2025-10-15T14:03:08+00:00\",\"mainEntityOfPage\":{\"@id\":\"https:\/\/www.estrategiaconcursos.com.br\/blog\/edital-processo-seletivo-ses-sc\/\"},\"wordCount\":336,\"commentCount\":0,\"publisher\":{\"@id\":\"https:\/\/www.estrategiaconcursos.com.br\/blog\/#organization\"},\"image\":{\"@id\":\"https:\/\/www.estrategiaconcursos.com.br\/blog\/edital-processo-seletivo-ses-sc\/#primaryimage\"},\"thumbnailUrl\":\"https:\/\/dhg1h5j42swfq.cloudfront.net\/2020\/10\/08093906\/ses-sc-secretaria-de-estado-da-saude-de-santa-catarina.png\",\"articleSection\":[\"Concursos P\u00fablicos\"],\"inLanguage\":\"pt-BR\",\"potentialAction\":[{\"@type\":\"CommentAction\",\"name\":\"Comment\",\"target\":[\"https:\/\/www.estrategiaconcursos.com.br\/blog\/edital-processo-seletivo-ses-sc\/#respond\"]}],\"copyrightYear\":\"2020\",\"copyrightHolder\":{\"@id\":\"https:\/\/www.estrategiaconcursos.com.br\/blog\/#organization\"}},{\"@type\":\"WebPage\",\"@id\":\"https:\/\/www.estrategiaconcursos.com.br\/blog\/edital-processo-seletivo-ses-sc\/\",\"url\":\"https:\/\/www.estrategiaconcursos.com.br\/blog\/edital-processo-seletivo-ses-sc\/\",\"name\":\"Edital do Processo Seletivo SES SC \u00e9 publicado! Veja aqui!\",\"isPartOf\":{\"@id\":\"https:\/\/www.estrategiaconcursos.com.br\/blog\/#website\"},\"primaryImageOfPage\":{\"@id\":\"https:\/\/www.estrategiaconcursos.com.br\/blog\/edital-processo-seletivo-ses-sc\/#primaryimage\"},\"image\":{\"@id\":\"https:\/\/www.estrategiaconcursos.com.br\/blog\/edital-processo-seletivo-ses-sc\/#primaryimage\"},\"thumbnailUrl\":\"https:\/\/dhg1h5j42swfq.cloudfront.net\/2020\/10\/08093906\/ses-sc-secretaria-de-estado-da-saude-de-santa-catarina.png\",\"datePublished\":\"2020-10-08T12:44:40+00:00\",\"dateModified\":\"2025-10-15T14:03:08+00:00\",\"description\":\"Foi publicado no Di\u00e1rio Oficial o edital do processo seletivo da Secretaria de Estado da Sa\u00fade de Santa Catarina. O documento oferta 8 vagas! VEJA!\",\"breadcrumb\":{\"@id\":\"https:\/\/www.estrategiaconcursos.com.br\/blog\/edital-processo-seletivo-ses-sc\/#breadcrumb\"},\"inLanguage\":\"pt-BR\",\"potentialAction\":[{\"@type\":\"ReadAction\",\"target\":[\"https:\/\/www.estrategiaconcursos.com.br\/blog\/edital-processo-seletivo-ses-sc\/\"]}]},{\"@type\":\"ImageObject\",\"inLanguage\":\"pt-BR\",\"@id\":\"https:\/\/www.estrategiaconcursos.com.br\/blog\/edital-processo-seletivo-ses-sc\/#primaryimage\",\"url\":\"https:\/\/dhg1h5j42swfq.cloudfront.net\/2020\/10\/08093906\/ses-sc-secretaria-de-estado-da-saude-de-santa-catarina.png\",\"contentUrl\":\"https:\/\/dhg1h5j42swfq.cloudfront.net\/2020\/10\/08093906\/ses-sc-secretaria-de-estado-da-saude-de-santa-catarina.png\",\"width\":990,\"height\":774},{\"@type\":\"BreadcrumbList\",\"@id\":\"https:\/\/www.estrategiaconcursos.com.br\/blog\/edital-processo-seletivo-ses-sc\/#breadcrumb\",\"itemListElement\":[{\"@type\":\"ListItem\",\"position\":1,\"name\":\"In\u00edcio\",\"item\":\"https:\/\/www.estrategiaconcursos.com.br\/blog\/\"},{\"@type\":\"ListItem\",\"position\":2,\"name\":\"Edital do Processo Seletivo SES SC \u00e9 publicado! Veja aqui!\"}]},{\"@type\":\"WebSite\",\"@id\":\"https:\/\/www.estrategiaconcursos.com.br\/blog\/#website\",\"url\":\"https:\/\/www.estrategiaconcursos.com.br\/blog\/\",\"name\":\"Estrat\u00e9gia Concursos\",\"description\":\"O blog da Estrat\u00e9gia Concursos traz not\u00edcias sobre concursos e artigos de professores oferecendo cursos para concursos (pdf + videaulas) no site.\",\"publisher\":{\"@id\":\"https:\/\/www.estrategiaconcursos.com.br\/blog\/#organization\"},\"potentialAction\":[{\"@type\":\"SearchAction\",\"target\":{\"@type\":\"EntryPoint\",\"urlTemplate\":\"https:\/\/www.estrategiaconcursos.com.br\/blog\/?s={search_term_string}\"},\"query-input\":{\"@type\":\"PropertyValueSpecification\",\"valueRequired\":true,\"valueName\":\"search_term_string\"}}],\"inLanguage\":\"pt-BR\"},{\"@type\":\"Organization\",\"@id\":\"https:\/\/www.estrategiaconcursos.com.br\/blog\/#organization\",\"name\":\"Estrat\u00e9gia Concursos\",\"url\":\"https:\/\/www.estrategiaconcursos.com.br\/blog\/\",\"logo\":{\"@type\":\"ImageObject\",\"inLanguage\":\"pt-BR\",\"@id\":\"https:\/\/www.estrategiaconcursos.com.br\/blog\/#\/schema\/logo\/image\/\",\"url\":\"https:\/\/dhg1h5j42swfq.cloudfront.net\/2025\/06\/03203428\/logo_concursos-1.jpg\",\"contentUrl\":\"https:\/\/dhg1h5j42swfq.cloudfront.net\/2025\/06\/03203428\/logo_concursos-1.jpg\",\"width\":230,\"height\":60,\"caption\":\"Estrat\u00e9gia Concursos\"},\"image\":{\"@id\":\"https:\/\/www.estrategiaconcursos.com.br\/blog\/#\/schema\/logo\/image\/\"},\"sameAs\":[\"https:\/\/x.com\/EstratConcursos\"]},{\"@type\":\"Person\",\"@id\":\"https:\/\/www.estrategiaconcursos.com.br\/blog\/#\/schema\/person\/cc76e9dac392d5e35e7d00c493eee792\",\"name\":\"Ligia Carvalheiro Fernandes\",\"image\":{\"@type\":\"ImageObject\",\"inLanguage\":\"pt-BR\",\"@id\":\"https:\/\/secure.gravatar.com\/avatar\/26e4636c44dabc043eaf634f767ecd1d80505b210d3981d4ebd176a3f373e3ec?s=96&d=mm&r=g\",\"url\":\"https:\/\/secure.gravatar.com\/avatar\/26e4636c44dabc043eaf634f767ecd1d80505b210d3981d4ebd176a3f373e3ec?s=96&d=mm&r=g\",\"contentUrl\":\"https:\/\/secure.gravatar.com\/avatar\/26e4636c44dabc043eaf634f767ecd1d80505b210d3981d4ebd176a3f373e3ec?s=96&d=mm&r=g\",\"caption\":\"Ligia Carvalheiro Fernandes\"},\"url\":\"https:\/\/www.estrategiaconcursos.com.br\/blog\/author\/licarfegmail-com\/\"}]}<\/script>\n<!-- \/ Yoast SEO Premium plugin. -->","yoast_head_json":{"title":"Edital do Processo Seletivo SES SC \u00e9 publicado! Veja aqui!","description":"Foi publicado no Di\u00e1rio Oficial o edital do processo seletivo da Secretaria de Estado da Sa\u00fade de Santa Catarina. O documento oferta 8 vagas! VEJA!","robots":{"index":"index","follow":"follow","max-snippet":"max-snippet:-1","max-image-preview":"max-image-preview:large","max-video-preview":"max-video-preview:-1"},"canonical":"https:\/\/www.estrategiaconcursos.com.br\/blog\/edital-processo-seletivo-ses-sc\/","og_locale":"pt_BR","og_type":"article","og_title":"Edital do Processo Seletivo SES SC \u00e9 publicado! Veja aqui!","og_description":"Foi publicado no Di\u00e1rio Oficial o edital do processo seletivo da Secretaria de Estado da Sa\u00fade de Santa Catarina. O documento oferta 8 vagas! VEJA!","og_url":"https:\/\/www.estrategiaconcursos.com.br\/blog\/edital-processo-seletivo-ses-sc\/","og_site_name":"Estrat\u00e9gia Concursos","article_published_time":"2020-10-08T12:44:40+00:00","article_modified_time":"2025-10-15T14:03:08+00:00","og_image":[{"width":990,"height":774,"url":"https:\/\/dhg1h5j42swfq.cloudfront.net\/2020\/10\/08093906\/ses-sc-secretaria-de-estado-da-saude-de-santa-catarina.png","type":"image\/png"}],"author":"Ligia Carvalheiro Fernandes","twitter_card":"summary_large_image","twitter_creator":"@EstratConcursos","twitter_site":"@EstratConcursos","twitter_misc":{"Escrito por":"Ligia Carvalheiro Fernandes","Est. tempo de leitura":"2 minutos"},"schema":{"@context":"https:\/\/schema.org","@graph":[{"@type":"NewsArticle","@id":"https:\/\/www.estrategiaconcursos.com.br\/blog\/edital-processo-seletivo-ses-sc\/#article","isPartOf":{"@id":"https:\/\/www.estrategiaconcursos.com.br\/blog\/edital-processo-seletivo-ses-sc\/"},"author":{"name":"Ligia Carvalheiro Fernandes","@id":"https:\/\/www.estrategiaconcursos.com.br\/blog\/#\/schema\/person\/cc76e9dac392d5e35e7d00c493eee792"},"headline":"Edital do Processo Seletivo SES SC \u00e9 publicado! Veja aqui!","datePublished":"2020-10-08T12:44:40+00:00","dateModified":"2025-10-15T14:03:08+00:00","mainEntityOfPage":{"@id":"https:\/\/www.estrategiaconcursos.com.br\/blog\/edital-processo-seletivo-ses-sc\/"},"wordCount":336,"commentCount":0,"publisher":{"@id":"https:\/\/www.estrategiaconcursos.com.br\/blog\/#organization"},"image":{"@id":"https:\/\/www.estrategiaconcursos.com.br\/blog\/edital-processo-seletivo-ses-sc\/#primaryimage"},"thumbnailUrl":"https:\/\/dhg1h5j42swfq.cloudfront.net\/2020\/10\/08093906\/ses-sc-secretaria-de-estado-da-saude-de-santa-catarina.png","articleSection":["Concursos P\u00fablicos"],"inLanguage":"pt-BR","potentialAction":[{"@type":"CommentAction","name":"Comment","target":["https:\/\/www.estrategiaconcursos.com.br\/blog\/edital-processo-seletivo-ses-sc\/#respond"]}],"copyrightYear":"2020","copyrightHolder":{"@id":"https:\/\/www.estrategiaconcursos.com.br\/blog\/#organization"}},{"@type":"WebPage","@id":"https:\/\/www.estrategiaconcursos.com.br\/blog\/edital-processo-seletivo-ses-sc\/","url":"https:\/\/www.estrategiaconcursos.com.br\/blog\/edital-processo-seletivo-ses-sc\/","name":"Edital do Processo Seletivo SES SC \u00e9 publicado! Veja aqui!","isPartOf":{"@id":"https:\/\/www.estrategiaconcursos.com.br\/blog\/#website"},"primaryImageOfPage":{"@id":"https:\/\/www.estrategiaconcursos.com.br\/blog\/edital-processo-seletivo-ses-sc\/#primaryimage"},"image":{"@id":"https:\/\/www.estrategiaconcursos.com.br\/blog\/edital-processo-seletivo-ses-sc\/#primaryimage"},"thumbnailUrl":"https:\/\/dhg1h5j42swfq.cloudfront.net\/2020\/10\/08093906\/ses-sc-secretaria-de-estado-da-saude-de-santa-catarina.png","datePublished":"2020-10-08T12:44:40+00:00","dateModified":"2025-10-15T14:03:08+00:00","description":"Foi publicado no Di\u00e1rio Oficial o edital do processo seletivo da Secretaria de Estado da Sa\u00fade de Santa Catarina. O documento oferta 8 vagas! VEJA!","breadcrumb":{"@id":"https:\/\/www.estrategiaconcursos.com.br\/blog\/edital-processo-seletivo-ses-sc\/#breadcrumb"},"inLanguage":"pt-BR","potentialAction":[{"@type":"ReadAction","target":["https:\/\/www.estrategiaconcursos.com.br\/blog\/edital-processo-seletivo-ses-sc\/"]}]},{"@type":"ImageObject","inLanguage":"pt-BR","@id":"https:\/\/www.estrategiaconcursos.com.br\/blog\/edital-processo-seletivo-ses-sc\/#primaryimage","url":"https:\/\/dhg1h5j42swfq.cloudfront.net\/2020\/10\/08093906\/ses-sc-secretaria-de-estado-da-saude-de-santa-catarina.png","contentUrl":"https:\/\/dhg1h5j42swfq.cloudfront.net\/2020\/10\/08093906\/ses-sc-secretaria-de-estado-da-saude-de-santa-catarina.png","width":990,"height":774},{"@type":"BreadcrumbList","@id":"https:\/\/www.estrategiaconcursos.com.br\/blog\/edital-processo-seletivo-ses-sc\/#breadcrumb","itemListElement":[{"@type":"ListItem","position":1,"name":"In\u00edcio","item":"https:\/\/www.estrategiaconcursos.com.br\/blog\/"},{"@type":"ListItem","position":2,"name":"Edital do Processo Seletivo SES SC \u00e9 publicado! Veja aqui!"}]},{"@type":"WebSite","@id":"https:\/\/www.estrategiaconcursos.com.br\/blog\/#website","url":"https:\/\/www.estrategiaconcursos.com.br\/blog\/","name":"Estrat\u00e9gia Concursos","description":"O blog da Estrat\u00e9gia Concursos traz not\u00edcias sobre concursos e artigos de professores oferecendo cursos para concursos (pdf + videaulas) no site.","publisher":{"@id":"https:\/\/www.estrategiaconcursos.com.br\/blog\/#organization"},"potentialAction":[{"@type":"SearchAction","target":{"@type":"EntryPoint","urlTemplate":"https:\/\/www.estrategiaconcursos.com.br\/blog\/?s={search_term_string}"},"query-input":{"@type":"PropertyValueSpecification","valueRequired":true,"valueName":"search_term_string"}}],"inLanguage":"pt-BR"},{"@type":"Organization","@id":"https:\/\/www.estrategiaconcursos.com.br\/blog\/#organization","name":"Estrat\u00e9gia Concursos","url":"https:\/\/www.estrategiaconcursos.com.br\/blog\/","logo":{"@type":"ImageObject","inLanguage":"pt-BR","@id":"https:\/\/www.estrategiaconcursos.com.br\/blog\/#\/schema\/logo\/image\/","url":"https:\/\/dhg1h5j42swfq.cloudfront.net\/2025\/06\/03203428\/logo_concursos-1.jpg","contentUrl":"https:\/\/dhg1h5j42swfq.cloudfront.net\/2025\/06\/03203428\/logo_concursos-1.jpg","width":230,"height":60,"caption":"Estrat\u00e9gia Concursos"},"image":{"@id":"https:\/\/www.estrategiaconcursos.com.br\/blog\/#\/schema\/logo\/image\/"},"sameAs":["https:\/\/x.com\/EstratConcursos"]},{"@type":"Person","@id":"https:\/\/www.estrategiaconcursos.com.br\/blog\/#\/schema\/person\/cc76e9dac392d5e35e7d00c493eee792","name":"Ligia Carvalheiro Fernandes","image":{"@type":"ImageObject","inLanguage":"pt-BR","@id":"https:\/\/secure.gravatar.com\/avatar\/26e4636c44dabc043eaf634f767ecd1d80505b210d3981d4ebd176a3f373e3ec?s=96&d=mm&r=g","url":"https:\/\/secure.gravatar.com\/avatar\/26e4636c44dabc043eaf634f767ecd1d80505b210d3981d4ebd176a3f373e3ec?s=96&d=mm&r=g","contentUrl":"https:\/\/secure.gravatar.com\/avatar\/26e4636c44dabc043eaf634f767ecd1d80505b210d3981d4ebd176a3f373e3ec?s=96&d=mm&r=g","caption":"Ligia Carvalheiro Fernandes"},"url":"https:\/\/www.estrategiaconcursos.com.br\/blog\/author\/licarfegmail-com\/"}]}},"_links":{"self":[{"href":"https:\/\/www.estrategiaconcursos.com.br\/blog\/wp-json\/wp\/v2\/posts\/584967","targetHints":{"allow":["GET"]}}],"collection":[{"href":"https:\/\/www.estrategiaconcursos.com.br\/blog\/wp-json\/wp\/v2\/posts"}],"about":[{"href":"https:\/\/www.estrategiaconcursos.com.br\/blog\/wp-json\/wp\/v2\/types\/post"}],"author":[{"embeddable":true,"href":"https:\/\/www.estrategiaconcursos.com.br\/blog\/wp-json\/wp\/v2\/users\/561"}],"replies":[{"embeddable":true,"href":"https:\/\/www.estrategiaconcursos.com.br\/blog\/wp-json\/wp\/v2\/comments?post=584967"}],"version-history":[{"count":5,"href":"https:\/\/www.estrategiaconcursos.com.br\/blog\/wp-json\/wp\/v2\/posts\/584967\/revisions"}],"predecessor-version":[{"id":1239006,"href":"https:\/\/www.estrategiaconcursos.com.br\/blog\/wp-json\/wp\/v2\/posts\/584967\/revisions\/1239006"}],"wp:featuredmedia":[{"embeddable":true,"href":"https:\/\/www.estrategiaconcursos.com.br\/blog\/wp-json\/wp\/v2\/media\/585029"}],"wp:attachment":[{"href":"https:\/\/www.estrategiaconcursos.com.br\/blog\/wp-json\/wp\/v2\/media?parent=584967"}],"wp:term":[{"taxonomy":"category","embeddable":true,"href":"https:\/\/www.estrategiaconcursos.com.br\/blog\/wp-json\/wp\/v2\/categories?post=584967"},{"taxonomy":"post_tag","embeddable":true,"href":"https:\/\/www.estrategiaconcursos.com.br\/blog\/wp-json\/wp\/v2\/tags?post=584967"},{"taxonomy":"tax_estado","embeddable":true,"href":"https:\/\/www.estrategiaconcursos.com.br\/blog\/wp-json\/wp\/v2\/tax_estado?post=584967"}],"curies":[{"name":"wp","href":"https:\/\/api.w.org\/{rel}","templated":true}]}}