{"id":584924,"date":"2020-10-08T08:30:00","date_gmt":"2020-10-08T11:30:00","guid":{"rendered":"https:\/\/www.estrategiaconcursos.com.br\/blog\/?p=584924"},"modified":"2020-10-07T23:36:15","modified_gmt":"2020-10-08T02:36:15","slug":"remarcacao-das-provas-entenda","status":"publish","type":"post","link":"https:\/\/www.estrategiaconcursos.com.br\/blog\/remarcacao-das-provas-entenda\/","title":{"rendered":"Remarca\u00e7\u00e3o das provas. Entenda!"},"content":{"rendered":"\n<p style=\"font-size:clamp(14.642px, 0.915rem + ((1vw - 3.2px) * 0.721), 22px);px\"><strong>Vejas as condi\u00e7\u00f5es para que ocorra a remarca\u00e7\u00e3o das provas!<\/strong><\/p>\n\n\n<figure class=\"wp-block-embed-youtube wp-block-embed is-type-video is-provider-youtube wp-embed-aspect-16-9 wp-has-aspect-ratio\"><div class=\"lyte-wrapper\" style=\"width:853px;max-width:100%;margin:5px;\"><div class=\"lyMe\" id=\"WYL_m6Bd5II5tq0\"><div id=\"lyte_m6Bd5II5tq0\" data-src=\"\/\/i.ytimg.com\/vi\/m6Bd5II5tq0\/hqdefault.jpg\" class=\"pL\"><div class=\"tC\"><div class=\"tT\"><\/div><\/div><div class=\"play\"><\/div><div class=\"ctrl\"><div class=\"Lctrl\"><\/div><div class=\"Rctrl\"><\/div><\/div><\/div><noscript><a href=\"https:\/\/youtu.be\/m6Bd5II5tq0\" rel=\"nofollow\"><img loading=\"lazy\" decoding=\"async\" src=\"https:\/\/i.ytimg.com\/vi\/m6Bd5II5tq0\/0.jpg\" alt=\"YouTube video thumbnail\" width=\"853\" height=\"460\" \/><br \/>Assista a este v\u00eddeo no YouTube<\/a><\/noscript><\/div><\/div><div class=\"lL\" style=\"max-width:100%;width:853px;margin:5px;\"><\/div><figcaption><\/figcaption><\/figure>\n\n\n<p>Eu entendo que duas condi\u00e7\u00f5es devem ser satisfeitas para a remarca\u00e7\u00e3o das provas: <\/p>\n\n\n\n<p style=\"font-size:clamp(14px, 0.875rem + ((1vw - 3.2px) * 0.392), 18px);px\"><strong>1) Protocolo rigoroso para a Covid-19 <\/strong><\/p>\n\n\n\n<p>Veja o <a href=\"https:\/\/www.cebraspe.org.br\/contents\/data\/2020\/09\/Manual_de_Procedimentos_Prevencao_COVID_Candidatos.pdf\" target=\"_blank\" rel=\"noreferrer noopener\">protocolo do Cespe\/Cebraspe: <\/a><\/p>\n\n\n\n<p style=\"font-size:clamp(14px, 0.875rem + ((1vw - 3.2px) * 0.392), 18px);px\"><strong>2) Condi\u00e7\u00f5es adequadas do sistema de sa\u00fade dos locais de realiza\u00e7\u00e3o das provas. <\/strong><\/p>\n\n\n\n<p>Em rela\u00e7\u00e3o \u00e0 evolu\u00e7\u00e3o da Covid-19, aten\u00e7\u00e3o especial para a m\u00e9trica mortes por semana. <\/p>\n\n\n\n<p>Pelo site <a rel=\"noreferrer noopener\" href=\"https:\/\/zerobias.info\/\" target=\"_blank\">zero bias<\/a>, vemos que a Covid-19 est\u00e1 freando no Brasil (estar\u00edamos caminhando para a &#8220;imunidade de rebanho&#8221;)? <\/p>\n\n\n\n<p>Um outro indicador relevante \u00e9 a volta as aulas presenciais. <\/p>\n\n\n\n<p>Caso essa retomada seja tranquila em Outubro, eu entendo que as provas poder\u00e3o a ser remarcadas a partir de Novembro.<\/p>\n\n\n\n<p> E voc\u00ea, como est\u00e1 se preparando diante dessas indefini\u00e7\u00f5es?<\/p>\n\n\n\n<p><\/p>\n","protected":false},"excerpt":{"rendered":"<p>Vejas as condi\u00e7\u00f5es para que ocorra a remarca\u00e7\u00e3o das provas! Eu entendo que duas condi\u00e7\u00f5es devem ser satisfeitas para a remarca\u00e7\u00e3o das provas: 1) Protocolo rigoroso para a Covid-19 Veja o protocolo do Cespe\/Cebraspe: 2) Condi\u00e7\u00f5es adequadas do sistema de sa\u00fade dos locais de realiza\u00e7\u00e3o das provas. Em rela\u00e7\u00e3o \u00e0 evolu\u00e7\u00e3o da Covid-19, aten\u00e7\u00e3o especial [&hellip;]<\/p>\n","protected":false},"author":461,"featured_media":584928,"comment_status":"open","ping_status":"closed","sticky":false,"template":"","format":"standard","meta":{"post_tipo":"article","footnotes":""},"categories":[1],"tags":[],"tax_estado":[],"class_list":["post-584924","post","type-post","status-publish","format-standard","has-post-thumbnail","hentry","category-cursos-e-concursos"],"acf":[],"yoast_head":"<!-- This site is optimized with the Yoast SEO Premium plugin v27.2 (Yoast SEO v27.2) - https:\/\/yoast.com\/product\/yoast-seo-premium-wordpress\/ -->\n<title>Remarca\u00e7\u00e3o das provas. Entenda o racional da remarca\u00e7\u00e3o das datas!<\/title>\n<meta name=\"description\" content=\"A remarca\u00e7\u00e3o das provas est\u00e1 condicionada a um protocolo rigoroso pelas bancas e pela evolu\u00e7\u00e3o da pandemia. Entenda quando as provas devam ser remarcadas!\" \/>\n<meta name=\"robots\" content=\"index, follow, max-snippet:-1, max-image-preview:large, max-video-preview:-1\" \/>\n<link rel=\"canonical\" href=\"https:\/\/www.estrategiaconcursos.com.br\/blog\/remarcacao-das-provas-entenda\/\" \/>\n<meta property=\"og:locale\" content=\"pt_BR\" \/>\n<meta property=\"og:type\" content=\"article\" \/>\n<meta property=\"og:title\" content=\"Remarca\u00e7\u00e3o das provas. Entenda!\" \/>\n<meta property=\"og:description\" content=\"A remarca\u00e7\u00e3o das provas est\u00e1 condicionada a um protocolo rigoroso pelas bancas e pela evolu\u00e7\u00e3o da pandemia. Entenda quando as provas devam ser remarcadas!\" \/>\n<meta property=\"og:url\" content=\"https:\/\/www.estrategiaconcursos.com.br\/blog\/remarcacao-das-provas-entenda\/\" \/>\n<meta property=\"og:site_name\" content=\"Estrat\u00e9gia Concursos\" \/>\n<meta property=\"article:published_time\" content=\"2020-10-08T11:30:00+00:00\" \/>\n<meta property=\"og:image\" content=\"https:\/\/dhg1h5j42swfq.cloudfront.net\/2020\/10\/07233547\/Remarcacao-de-provas-minuatura.jpg\" \/>\n\t<meta property=\"og:image:width\" content=\"150\" \/>\n\t<meta property=\"og:image:height\" content=\"150\" \/>\n\t<meta property=\"og:image:type\" content=\"image\/jpeg\" \/>\n<meta name=\"author\" content=\"Guilherme Solino\" \/>\n<meta name=\"twitter:card\" content=\"summary_large_image\" \/>\n<meta name=\"twitter:creator\" content=\"@EstratConcursos\" \/>\n<meta name=\"twitter:site\" content=\"@EstratConcursos\" \/>\n<meta name=\"twitter:label1\" content=\"Escrito por\" \/>\n\t<meta name=\"twitter:data1\" content=\"Guilherme Solino\" \/>\n\t<meta name=\"twitter:label2\" content=\"Est. tempo de leitura\" \/>\n\t<meta name=\"twitter:data2\" content=\"1 minuto\" \/>\n<script type=\"application\/ld+json\" class=\"yoast-schema-graph\">{\"@context\":\"https:\/\/schema.org\",\"@graph\":[{\"@type\":\"NewsArticle\",\"@id\":\"https:\/\/www.estrategiaconcursos.com.br\/blog\/remarcacao-das-provas-entenda\/#article\",\"isPartOf\":{\"@id\":\"https:\/\/www.estrategiaconcursos.com.br\/blog\/remarcacao-das-provas-entenda\/\"},\"author\":{\"name\":\"Guilherme Solino\",\"@id\":\"https:\/\/www.estrategiaconcursos.com.br\/blog\/#\/schema\/person\/815879a5d53ac95e15b4315289247ae3\"},\"headline\":\"Remarca\u00e7\u00e3o das provas. Entenda!\",\"datePublished\":\"2020-10-08T11:30:00+00:00\",\"mainEntityOfPage\":{\"@id\":\"https:\/\/www.estrategiaconcursos.com.br\/blog\/remarcacao-das-provas-entenda\/\"},\"wordCount\":142,\"commentCount\":0,\"publisher\":{\"@id\":\"https:\/\/www.estrategiaconcursos.com.br\/blog\/#organization\"},\"image\":{\"@id\":\"https:\/\/www.estrategiaconcursos.com.br\/blog\/remarcacao-das-provas-entenda\/#primaryimage\"},\"thumbnailUrl\":\"https:\/\/dhg1h5j42swfq.cloudfront.net\/2020\/10\/07233547\/Remarcacao-de-provas-minuatura.jpg\",\"articleSection\":[\"Concursos P\u00fablicos\"],\"inLanguage\":\"pt-BR\",\"potentialAction\":[{\"@type\":\"CommentAction\",\"name\":\"Comment\",\"target\":[\"https:\/\/www.estrategiaconcursos.com.br\/blog\/remarcacao-das-provas-entenda\/#respond\"]}],\"copyrightYear\":\"2020\",\"copyrightHolder\":{\"@id\":\"https:\/\/www.estrategiaconcursos.com.br\/blog\/#organization\"}},{\"@type\":\"WebPage\",\"@id\":\"https:\/\/www.estrategiaconcursos.com.br\/blog\/remarcacao-das-provas-entenda\/\",\"url\":\"https:\/\/www.estrategiaconcursos.com.br\/blog\/remarcacao-das-provas-entenda\/\",\"name\":\"Remarca\u00e7\u00e3o das provas. Entenda o racional da remarca\u00e7\u00e3o das datas!\",\"isPartOf\":{\"@id\":\"https:\/\/www.estrategiaconcursos.com.br\/blog\/#website\"},\"primaryImageOfPage\":{\"@id\":\"https:\/\/www.estrategiaconcursos.com.br\/blog\/remarcacao-das-provas-entenda\/#primaryimage\"},\"image\":{\"@id\":\"https:\/\/www.estrategiaconcursos.com.br\/blog\/remarcacao-das-provas-entenda\/#primaryimage\"},\"thumbnailUrl\":\"https:\/\/dhg1h5j42swfq.cloudfront.net\/2020\/10\/07233547\/Remarcacao-de-provas-minuatura.jpg\",\"datePublished\":\"2020-10-08T11:30:00+00:00\",\"description\":\"A remarca\u00e7\u00e3o das provas est\u00e1 condicionada a um protocolo rigoroso pelas bancas e pela evolu\u00e7\u00e3o da pandemia. Entenda quando as provas devam ser remarcadas!\",\"breadcrumb\":{\"@id\":\"https:\/\/www.estrategiaconcursos.com.br\/blog\/remarcacao-das-provas-entenda\/#breadcrumb\"},\"inLanguage\":\"pt-BR\",\"potentialAction\":[{\"@type\":\"ReadAction\",\"target\":[\"https:\/\/www.estrategiaconcursos.com.br\/blog\/remarcacao-das-provas-entenda\/\"]}]},{\"@type\":\"ImageObject\",\"inLanguage\":\"pt-BR\",\"@id\":\"https:\/\/www.estrategiaconcursos.com.br\/blog\/remarcacao-das-provas-entenda\/#primaryimage\",\"url\":\"https:\/\/dhg1h5j42swfq.cloudfront.net\/2020\/10\/07233547\/Remarcacao-de-provas-minuatura.jpg\",\"contentUrl\":\"https:\/\/dhg1h5j42swfq.cloudfront.net\/2020\/10\/07233547\/Remarcacao-de-provas-minuatura.jpg\",\"width\":150,\"height\":150},{\"@type\":\"BreadcrumbList\",\"@id\":\"https:\/\/www.estrategiaconcursos.com.br\/blog\/remarcacao-das-provas-entenda\/#breadcrumb\",\"itemListElement\":[{\"@type\":\"ListItem\",\"position\":1,\"name\":\"In\u00edcio\",\"item\":\"https:\/\/www.estrategiaconcursos.com.br\/blog\/\"},{\"@type\":\"ListItem\",\"position\":2,\"name\":\"Remarca\u00e7\u00e3o das provas. Entenda!\"}]},{\"@type\":\"WebSite\",\"@id\":\"https:\/\/www.estrategiaconcursos.com.br\/blog\/#website\",\"url\":\"https:\/\/www.estrategiaconcursos.com.br\/blog\/\",\"name\":\"Estrat\u00e9gia Concursos\",\"description\":\"O blog da Estrat\u00e9gia Concursos traz not\u00edcias sobre concursos e artigos de professores oferecendo cursos para concursos (pdf + videaulas) no site.\",\"publisher\":{\"@id\":\"https:\/\/www.estrategiaconcursos.com.br\/blog\/#organization\"},\"potentialAction\":[{\"@type\":\"SearchAction\",\"target\":{\"@type\":\"EntryPoint\",\"urlTemplate\":\"https:\/\/www.estrategiaconcursos.com.br\/blog\/?s={search_term_string}\"},\"query-input\":{\"@type\":\"PropertyValueSpecification\",\"valueRequired\":true,\"valueName\":\"search_term_string\"}}],\"inLanguage\":\"pt-BR\"},{\"@type\":\"Organization\",\"@id\":\"https:\/\/www.estrategiaconcursos.com.br\/blog\/#organization\",\"name\":\"Estrat\u00e9gia Concursos\",\"url\":\"https:\/\/www.estrategiaconcursos.com.br\/blog\/\",\"logo\":{\"@type\":\"ImageObject\",\"inLanguage\":\"pt-BR\",\"@id\":\"https:\/\/www.estrategiaconcursos.com.br\/blog\/#\/schema\/logo\/image\/\",\"url\":\"https:\/\/dhg1h5j42swfq.cloudfront.net\/2025\/06\/03203428\/logo_concursos-1.jpg\",\"contentUrl\":\"https:\/\/dhg1h5j42swfq.cloudfront.net\/2025\/06\/03203428\/logo_concursos-1.jpg\",\"width\":230,\"height\":60,\"caption\":\"Estrat\u00e9gia Concursos\"},\"image\":{\"@id\":\"https:\/\/www.estrategiaconcursos.com.br\/blog\/#\/schema\/logo\/image\/\"},\"sameAs\":[\"https:\/\/x.com\/EstratConcursos\"]},{\"@type\":\"Person\",\"@id\":\"https:\/\/www.estrategiaconcursos.com.br\/blog\/#\/schema\/person\/815879a5d53ac95e15b4315289247ae3\",\"name\":\"Guilherme Solino\",\"image\":{\"@type\":\"ImageObject\",\"inLanguage\":\"pt-BR\",\"@id\":\"https:\/\/secure.gravatar.com\/avatar\/06ac0810928deff27d59cfeff6b64e903348c45b69d786c38178631f5982feea?s=96&d=mm&r=g\",\"url\":\"https:\/\/secure.gravatar.com\/avatar\/06ac0810928deff27d59cfeff6b64e903348c45b69d786c38178631f5982feea?s=96&d=mm&r=g\",\"contentUrl\":\"https:\/\/secure.gravatar.com\/avatar\/06ac0810928deff27d59cfeff6b64e903348c45b69d786c38178631f5982feea?s=96&d=mm&r=g\",\"caption\":\"Guilherme Solino\"},\"sameAs\":[\"https:\/\/www.instagram.com\/professor.solino\/\",\"https:\/\/www.youtube.com\/channel\/UC4IK4cNzz26eQ9CbgwX0J3Q\"],\"url\":\"https:\/\/www.estrategiaconcursos.com.br\/blog\/author\/guilhermesolinoestrategiaconcursos-com-br\/\"}]}<\/script>\n<!-- \/ Yoast SEO Premium plugin. -->","yoast_head_json":{"title":"Remarca\u00e7\u00e3o das provas. Entenda o racional da remarca\u00e7\u00e3o das datas!","description":"A remarca\u00e7\u00e3o das provas est\u00e1 condicionada a um protocolo rigoroso pelas bancas e pela evolu\u00e7\u00e3o da pandemia. Entenda quando as provas devam ser remarcadas!","robots":{"index":"index","follow":"follow","max-snippet":"max-snippet:-1","max-image-preview":"max-image-preview:large","max-video-preview":"max-video-preview:-1"},"canonical":"https:\/\/www.estrategiaconcursos.com.br\/blog\/remarcacao-das-provas-entenda\/","og_locale":"pt_BR","og_type":"article","og_title":"Remarca\u00e7\u00e3o das provas. Entenda!","og_description":"A remarca\u00e7\u00e3o das provas est\u00e1 condicionada a um protocolo rigoroso pelas bancas e pela evolu\u00e7\u00e3o da pandemia. Entenda quando as provas devam ser remarcadas!","og_url":"https:\/\/www.estrategiaconcursos.com.br\/blog\/remarcacao-das-provas-entenda\/","og_site_name":"Estrat\u00e9gia Concursos","article_published_time":"2020-10-08T11:30:00+00:00","og_image":[{"width":150,"height":150,"url":"https:\/\/dhg1h5j42swfq.cloudfront.net\/2020\/10\/07233547\/Remarcacao-de-provas-minuatura.jpg","type":"image\/jpeg"}],"author":"Guilherme Solino","twitter_card":"summary_large_image","twitter_creator":"@EstratConcursos","twitter_site":"@EstratConcursos","twitter_misc":{"Escrito por":"Guilherme Solino","Est. tempo de leitura":"1 minuto"},"schema":{"@context":"https:\/\/schema.org","@graph":[{"@type":"NewsArticle","@id":"https:\/\/www.estrategiaconcursos.com.br\/blog\/remarcacao-das-provas-entenda\/#article","isPartOf":{"@id":"https:\/\/www.estrategiaconcursos.com.br\/blog\/remarcacao-das-provas-entenda\/"},"author":{"name":"Guilherme Solino","@id":"https:\/\/www.estrategiaconcursos.com.br\/blog\/#\/schema\/person\/815879a5d53ac95e15b4315289247ae3"},"headline":"Remarca\u00e7\u00e3o das provas. Entenda!","datePublished":"2020-10-08T11:30:00+00:00","mainEntityOfPage":{"@id":"https:\/\/www.estrategiaconcursos.com.br\/blog\/remarcacao-das-provas-entenda\/"},"wordCount":142,"commentCount":0,"publisher":{"@id":"https:\/\/www.estrategiaconcursos.com.br\/blog\/#organization"},"image":{"@id":"https:\/\/www.estrategiaconcursos.com.br\/blog\/remarcacao-das-provas-entenda\/#primaryimage"},"thumbnailUrl":"https:\/\/dhg1h5j42swfq.cloudfront.net\/2020\/10\/07233547\/Remarcacao-de-provas-minuatura.jpg","articleSection":["Concursos P\u00fablicos"],"inLanguage":"pt-BR","potentialAction":[{"@type":"CommentAction","name":"Comment","target":["https:\/\/www.estrategiaconcursos.com.br\/blog\/remarcacao-das-provas-entenda\/#respond"]}],"copyrightYear":"2020","copyrightHolder":{"@id":"https:\/\/www.estrategiaconcursos.com.br\/blog\/#organization"}},{"@type":"WebPage","@id":"https:\/\/www.estrategiaconcursos.com.br\/blog\/remarcacao-das-provas-entenda\/","url":"https:\/\/www.estrategiaconcursos.com.br\/blog\/remarcacao-das-provas-entenda\/","name":"Remarca\u00e7\u00e3o das provas. Entenda o racional da remarca\u00e7\u00e3o das datas!","isPartOf":{"@id":"https:\/\/www.estrategiaconcursos.com.br\/blog\/#website"},"primaryImageOfPage":{"@id":"https:\/\/www.estrategiaconcursos.com.br\/blog\/remarcacao-das-provas-entenda\/#primaryimage"},"image":{"@id":"https:\/\/www.estrategiaconcursos.com.br\/blog\/remarcacao-das-provas-entenda\/#primaryimage"},"thumbnailUrl":"https:\/\/dhg1h5j42swfq.cloudfront.net\/2020\/10\/07233547\/Remarcacao-de-provas-minuatura.jpg","datePublished":"2020-10-08T11:30:00+00:00","description":"A remarca\u00e7\u00e3o das provas est\u00e1 condicionada a um protocolo rigoroso pelas bancas e pela evolu\u00e7\u00e3o da pandemia. Entenda quando as provas devam ser remarcadas!","breadcrumb":{"@id":"https:\/\/www.estrategiaconcursos.com.br\/blog\/remarcacao-das-provas-entenda\/#breadcrumb"},"inLanguage":"pt-BR","potentialAction":[{"@type":"ReadAction","target":["https:\/\/www.estrategiaconcursos.com.br\/blog\/remarcacao-das-provas-entenda\/"]}]},{"@type":"ImageObject","inLanguage":"pt-BR","@id":"https:\/\/www.estrategiaconcursos.com.br\/blog\/remarcacao-das-provas-entenda\/#primaryimage","url":"https:\/\/dhg1h5j42swfq.cloudfront.net\/2020\/10\/07233547\/Remarcacao-de-provas-minuatura.jpg","contentUrl":"https:\/\/dhg1h5j42swfq.cloudfront.net\/2020\/10\/07233547\/Remarcacao-de-provas-minuatura.jpg","width":150,"height":150},{"@type":"BreadcrumbList","@id":"https:\/\/www.estrategiaconcursos.com.br\/blog\/remarcacao-das-provas-entenda\/#breadcrumb","itemListElement":[{"@type":"ListItem","position":1,"name":"In\u00edcio","item":"https:\/\/www.estrategiaconcursos.com.br\/blog\/"},{"@type":"ListItem","position":2,"name":"Remarca\u00e7\u00e3o das provas. Entenda!"}]},{"@type":"WebSite","@id":"https:\/\/www.estrategiaconcursos.com.br\/blog\/#website","url":"https:\/\/www.estrategiaconcursos.com.br\/blog\/","name":"Estrat\u00e9gia Concursos","description":"O blog da Estrat\u00e9gia Concursos traz not\u00edcias sobre concursos e artigos de professores oferecendo cursos para concursos (pdf + videaulas) no site.","publisher":{"@id":"https:\/\/www.estrategiaconcursos.com.br\/blog\/#organization"},"potentialAction":[{"@type":"SearchAction","target":{"@type":"EntryPoint","urlTemplate":"https:\/\/www.estrategiaconcursos.com.br\/blog\/?s={search_term_string}"},"query-input":{"@type":"PropertyValueSpecification","valueRequired":true,"valueName":"search_term_string"}}],"inLanguage":"pt-BR"},{"@type":"Organization","@id":"https:\/\/www.estrategiaconcursos.com.br\/blog\/#organization","name":"Estrat\u00e9gia Concursos","url":"https:\/\/www.estrategiaconcursos.com.br\/blog\/","logo":{"@type":"ImageObject","inLanguage":"pt-BR","@id":"https:\/\/www.estrategiaconcursos.com.br\/blog\/#\/schema\/logo\/image\/","url":"https:\/\/dhg1h5j42swfq.cloudfront.net\/2025\/06\/03203428\/logo_concursos-1.jpg","contentUrl":"https:\/\/dhg1h5j42swfq.cloudfront.net\/2025\/06\/03203428\/logo_concursos-1.jpg","width":230,"height":60,"caption":"Estrat\u00e9gia Concursos"},"image":{"@id":"https:\/\/www.estrategiaconcursos.com.br\/blog\/#\/schema\/logo\/image\/"},"sameAs":["https:\/\/x.com\/EstratConcursos"]},{"@type":"Person","@id":"https:\/\/www.estrategiaconcursos.com.br\/blog\/#\/schema\/person\/815879a5d53ac95e15b4315289247ae3","name":"Guilherme Solino","image":{"@type":"ImageObject","inLanguage":"pt-BR","@id":"https:\/\/secure.gravatar.com\/avatar\/06ac0810928deff27d59cfeff6b64e903348c45b69d786c38178631f5982feea?s=96&d=mm&r=g","url":"https:\/\/secure.gravatar.com\/avatar\/06ac0810928deff27d59cfeff6b64e903348c45b69d786c38178631f5982feea?s=96&d=mm&r=g","contentUrl":"https:\/\/secure.gravatar.com\/avatar\/06ac0810928deff27d59cfeff6b64e903348c45b69d786c38178631f5982feea?s=96&d=mm&r=g","caption":"Guilherme Solino"},"sameAs":["https:\/\/www.instagram.com\/professor.solino\/","https:\/\/www.youtube.com\/channel\/UC4IK4cNzz26eQ9CbgwX0J3Q"],"url":"https:\/\/www.estrategiaconcursos.com.br\/blog\/author\/guilhermesolinoestrategiaconcursos-com-br\/"}]}},"_links":{"self":[{"href":"https:\/\/www.estrategiaconcursos.com.br\/blog\/wp-json\/wp\/v2\/posts\/584924","targetHints":{"allow":["GET"]}}],"collection":[{"href":"https:\/\/www.estrategiaconcursos.com.br\/blog\/wp-json\/wp\/v2\/posts"}],"about":[{"href":"https:\/\/www.estrategiaconcursos.com.br\/blog\/wp-json\/wp\/v2\/types\/post"}],"author":[{"embeddable":true,"href":"https:\/\/www.estrategiaconcursos.com.br\/blog\/wp-json\/wp\/v2\/users\/461"}],"replies":[{"embeddable":true,"href":"https:\/\/www.estrategiaconcursos.com.br\/blog\/wp-json\/wp\/v2\/comments?post=584924"}],"version-history":[{"count":2,"href":"https:\/\/www.estrategiaconcursos.com.br\/blog\/wp-json\/wp\/v2\/posts\/584924\/revisions"}],"predecessor-version":[{"id":584927,"href":"https:\/\/www.estrategiaconcursos.com.br\/blog\/wp-json\/wp\/v2\/posts\/584924\/revisions\/584927"}],"wp:featuredmedia":[{"embeddable":true,"href":"https:\/\/www.estrategiaconcursos.com.br\/blog\/wp-json\/wp\/v2\/media\/584928"}],"wp:attachment":[{"href":"https:\/\/www.estrategiaconcursos.com.br\/blog\/wp-json\/wp\/v2\/media?parent=584924"}],"wp:term":[{"taxonomy":"category","embeddable":true,"href":"https:\/\/www.estrategiaconcursos.com.br\/blog\/wp-json\/wp\/v2\/categories?post=584924"},{"taxonomy":"post_tag","embeddable":true,"href":"https:\/\/www.estrategiaconcursos.com.br\/blog\/wp-json\/wp\/v2\/tags?post=584924"},{"taxonomy":"tax_estado","embeddable":true,"href":"https:\/\/www.estrategiaconcursos.com.br\/blog\/wp-json\/wp\/v2\/tax_estado?post=584924"}],"curies":[{"name":"wp","href":"https:\/\/api.w.org\/{rel}","templated":true}]}}