{"id":584417,"date":"2020-10-07T17:09:23","date_gmt":"2020-10-07T20:09:23","guid":{"rendered":"https:\/\/www.estrategiaconcursos.com.br\/blog\/?p=584417"},"modified":"2023-06-21T11:14:39","modified_gmt":"2023-06-21T14:14:39","slug":"concursos-do-espirito-santo","status":"publish","type":"post","link":"https:\/\/www.estrategiaconcursos.com.br\/blog\/concursos-do-espirito-santo\/","title":{"rendered":"Concursos Esp\u00edrito Santo: convocados pela Justi\u00e7a Eleitoral ter\u00e3o isen\u00e7\u00e3o"},"content":{"rendered":"\n<p>E a semana segue cheia de novidades n\u00e3o s\u00f3 para os concursos do Esp\u00edrito Santo, como para os <strong>concurseiros convocados e nomeados pela Justi\u00e7a Eleitoral<\/strong>. Isso porque o governador Renato Casagrande sancionou a Lei que disp\u00f5e sobre a <strong>isen\u00e7\u00e3o do pagamento da taxa fixada<\/strong> nos concursos p\u00fablicos para estes candidatos. <\/p>\n\n\n\n<p>Sendo assim, os<strong> convocados e nomeados pela Justi\u00e7a Eleitoral<\/strong> ficam isentos do pagamentos de valores a t\u00edtulo de inscri\u00e7\u00e3o em concursos realizados pela Administra\u00e7\u00e3o P\u00fablica Direta e Indireta, Autarquias, Funda\u00e7\u00f5es P\u00fablicas e Entidades mantidas pelo poder p\u00fablico estadual.<\/p>\n\n\n\n<h3 class=\"wp-block-heading\" id=\"h-quem-serao-considerados-eleitores-convocados-e-nomeados\">Quem ser\u00e3o considerados eleitores convocados e nomeados?<\/h3>\n\n\n\n<p>Importante destacar que s\u00e3o considerados como eleitores convocados e nomeados aqueles que prestarem servi\u00e7os no per\u00edodo eleitoral; visando \u00e0 prepara\u00e7\u00e3o, \u00e0 execu\u00e7\u00e3o e a apura\u00e7\u00e3o de elei\u00e7\u00f5es oficiais, plebiscitos ou referendos nas condi\u00e7\u00f5es de:<\/p>\n\n\n\n<ul class=\"wp-block-list\">\n<li>Presidente de Mesa, primeiro e segundo mes\u00e1rios, secret\u00e1rios e suplentes;<\/li>\n\n\n\n<li>Membro, escrutinador e auxiliar de Junta Eleitoral;<\/li>\n\n\n\n<li>Coordenador de Se\u00e7\u00e3o Eleitoral;<\/li>\n\n\n\n<li>Secret\u00e1rio de Pr\u00e9dio e auxiliar de ju\u00edzo;<\/li>\n\n\n\n<li>Designados para auxiliar os trabalhos da Justi\u00e7a Eleitoral, inclusive aqueles destinados \u00e0 prepara\u00e7\u00e3o e montagem dos locais de vota\u00e7\u00e3o.<\/li>\n<\/ul>\n\n\n\n<h3 class=\"wp-block-heading\" id=\"h-como-sera-possivel-comprovar-o-servico-prestado\">Como ser\u00e1 poss\u00edvel comprovar o servi\u00e7o prestado?<\/h3>\n\n\n\n<p>Para ter direito \u00e0 isen\u00e7\u00e3o do valor, o eleitor convocado ter\u00e1 que comprovar o servi\u00e7o prestado \u00e0 Justi\u00e7a Eleitoral por, no m\u00ednimo, dois eventos eleitorais (elei\u00e7\u00e3o, plebiscito ou referendo), consecutivos ou n\u00e3o.<\/p>\n\n\n\n<p>Entretanto, a comprova\u00e7\u00e3o do servi\u00e7o prestado ser\u00e1 efetuada por meio da apresenta\u00e7\u00e3o, no ato de inscri\u00e7\u00e3o, de documento expedido pela Justi\u00e7a Eleitoral, contendo o nome completo do eleitor, a fun\u00e7\u00e3o desempenhada, o turno e a data da elei\u00e7\u00e3o<\/p>\n\n\n\n<p>Por fim, o benef\u00edcio de que se trata esta lei \u00e9 v\u00e1lido por um per\u00edodo de dois anos, a contar da data em que a ele fez jus. A mesma ser\u00e1 regulamentada no prazo m\u00e1ximo de 30 dias.<\/p>\n\n\n\n<h3 class=\"wp-block-heading\" id=\"h-5-concursos-previstos-para-o-estado-do-espirito-santo\">5 concursos previstos para o estado do Espirito Santo<\/h3>\n\n\n\n<p>Como mencionado no in\u00edcio deste artigo, os concurseiros do estado est\u00e3o cheios de motivos para comemorar. Al\u00e9m da isen\u00e7\u00e3o do valor da taxa de inscri\u00e7\u00e3o para os candidatos convocados pela Justi\u00e7a Eleitoral, existem editais previstos para o Esp\u00edrito Santo. <\/p>\n\n\n\n<p>A novidade foi anunciada ap\u00f3s o Projeto da Lei Or\u00e7ament\u00e1ria Anual para o ano de 2021 ter sido encaminhado pelo Governo do Estado, para aprecia\u00e7\u00e3o e vota\u00e7\u00e3o da Assembleia Legislativa. <\/p>\n\n\n\n<p>De acordo com o documento, os concursos previstos no PLOA s\u00e3o:<\/p>\n\n\n\n<ul class=\"wp-block-list\">\n<li><strong>Secretaria da Fazenda;<\/strong><\/li>\n\n\n\n<li><strong>Secretaria da Educa\u00e7\u00e3o;<\/strong><\/li>\n\n\n\n<li><strong>Secretaria da Justi\u00e7a;<\/strong><\/li>\n\n\n\n<li><strong>Pol\u00edcia Civil;<\/strong><\/li>\n\n\n\n<li><strong>Instituto de Atendimento Socioeducativo do Esp\u00edrito Santo.<\/strong><\/li>\n<\/ul>\n\n\n\n<p>Para saber mais detalhes sobre os editais previstos no PLOA 2021 \u00e9 s\u00f3 acessar o link abaixo e conferir <strong>TUDO <\/strong>na \u00edntegra!!<\/p>\n\n\n\n<p class=\"has-text-align-center has-cyan-bluish-gray-background-color has-background\" style=\"font-size:clamp(14.642px, 0.915rem + ((1vw - 3.2px) * 0.721), 22px);px\"><strong>Saiba mais: <a rel=\"noreferrer noopener\" href=\"https:\/\/www.estrategiaconcursos.com.br\/blog\/concursos-es\/\" target=\"_blank\">Concursos ES<\/a><\/strong><\/p>\n\n\n\n<p class=\"has-text-align-center has-medium-font-size\"><em><strong>Caso voc\u00ea queira acompanhar de perto as novidades nos concursos p\u00fablicos, recomendamos visitar TAMB\u00c9M os seguintes artigos:<\/strong><\/em><\/p>\n\n\n\n<p class=\"has-text-align-center has-pale-cyan-blue-background-color has-background has-medium-font-size\"><strong><a href=\"https:\/\/www.estrategiaconcursos.com.br\/blog\/concursos-abertos\/\" target=\"_blank\" rel=\"noreferrer noopener\">CONCURSOS ABERTOS<\/a><\/strong><\/p>\n\n\n\n<p class=\"has-text-align-center has-medium-font-size\"><em><strong>Assinatura Anual Ilimitada*<\/strong><\/em><\/p>\n\n\n\n<p class=\"has-text-align-center\"><em>Prepare-se com o melhor material e com quem mais aprova em&nbsp;Concursos P\u00fablicos de todo o pa\u00eds. Assine agora a nossa Assinatura Anual e tenha acesso ilimitado* a todos os nossos cursos.<\/em><\/p>\n\n\n\n<p class=\"has-text-align-center has-light-green-cyan-background-color has-background\" style=\"font-size:clamp(14.642px, 0.915rem + ((1vw - 3.2px) * 0.721), 22px);px\"><strong>ASSINE AGORA<\/strong>&nbsp;\u2013&nbsp;<a rel=\"noreferrer noopener\" href=\"https:\/\/www.estrategiaconcursos.com.br\/assinaturas\" target=\"_blank\"><strong>Assinatura Ilimitada<\/strong><\/a><\/p>\n\n\n\n<p class=\"has-text-align-center has-medium-font-size\"><strong><em><strong>Sistema de Quest\u00f5es<\/strong><\/em><\/strong><\/p>\n\n\n\n<p class=\"has-text-align-center\">Estrat\u00e9gia Quest\u00f5es nasceu maior do que todos os concorrentes, com mais quest\u00f5es cadastradas e mais solu\u00e7\u00f5es por professores. Clique no link e aproveite os descontos e b\u00f4nus imperd\u00edveis!<\/p>\n\n\n\n<p class=\"has-text-align-center has-vivid-green-cyan-background-color has-background\" style=\"font-size:clamp(14.642px, 0.915rem + ((1vw - 3.2px) * 0.721), 22px);px\"><strong>ASSINE AGORA &#8211; <a href=\"https:\/\/questoes.estrategiaconcursos.com.br\/\" target=\"_blank\" rel=\"noreferrer noopener\">Sistema de Quest\u00f5es<\/a><\/strong><\/p>\n","protected":false},"excerpt":{"rendered":"<p>E a semana segue cheia de novidades n\u00e3o s\u00f3 para os concursos do Esp\u00edrito Santo, como para os concurseiros convocados e nomeados pela Justi\u00e7a Eleitoral. Isso porque o governador Renato Casagrande sancionou a Lei que disp\u00f5e sobre a isen\u00e7\u00e3o do pagamento da taxa fixada nos concursos p\u00fablicos para estes candidatos. Sendo assim, os convocados e [&hellip;]<\/p>\n","protected":false},"author":442,"featured_media":547560,"comment_status":"closed","ping_status":"closed","sticky":false,"template":"","format":"standard","meta":{"post_tipo":"article","footnotes":""},"categories":[1,1983],"tags":[],"tax_estado":[],"class_list":["post-584417","post","type-post","status-publish","format-standard","has-post-thumbnail","hentry","category-cursos-e-concursos","category-fiscal-estadual"],"acf":[],"yoast_head":"<!-- This site is optimized with the Yoast SEO Premium plugin v27.2 (Yoast SEO v27.2) - https:\/\/yoast.com\/product\/yoast-seo-premium-wordpress\/ -->\n<title>Concursos Esp\u00edrito Santo: convocados pela Justi\u00e7a Eleitoral ter\u00e3o isen\u00e7\u00e3o<\/title>\n<meta name=\"description\" content=\"Concursos do Esp\u00edrito Santo: CONVOCADOS E NOMEADOS pela Justi\u00e7a Eleitoral ter\u00e3o isen\u00e7\u00e3o no valor da taxa fixada. CONFIRA AQUI!\" \/>\n<meta name=\"robots\" content=\"index, follow, max-snippet:-1, max-image-preview:large, max-video-preview:-1\" \/>\n<link rel=\"canonical\" href=\"https:\/\/www.estrategiaconcursos.com.br\/blog\/concursos-do-espirito-santo\/\" \/>\n<meta property=\"og:locale\" content=\"pt_BR\" \/>\n<meta property=\"og:type\" content=\"article\" \/>\n<meta property=\"og:title\" content=\"Concursos Esp\u00edrito Santo: convocados pela Justi\u00e7a Eleitoral ter\u00e3o isen\u00e7\u00e3o\" \/>\n<meta property=\"og:description\" content=\"Concursos do Esp\u00edrito Santo: CONVOCADOS E NOMEADOS pela Justi\u00e7a Eleitoral ter\u00e3o isen\u00e7\u00e3o no valor da taxa fixada. CONFIRA AQUI!\" \/>\n<meta property=\"og:url\" content=\"https:\/\/www.estrategiaconcursos.com.br\/blog\/concursos-do-espirito-santo\/\" \/>\n<meta property=\"og:site_name\" content=\"Estrat\u00e9gia Concursos\" \/>\n<meta property=\"article:published_time\" content=\"2020-10-07T20:09:23+00:00\" \/>\n<meta property=\"article:modified_time\" content=\"2023-06-21T14:14:39+00:00\" \/>\n<meta property=\"og:image\" content=\"https:\/\/dhg1h5j42swfq.cloudfront.net\/2020\/07\/27112256\/concursos.jpg\" \/>\n\t<meta property=\"og:image:width\" content=\"1024\" \/>\n\t<meta property=\"og:image:height\" content=\"536\" \/>\n\t<meta property=\"og:image:type\" content=\"image\/jpeg\" \/>\n<meta name=\"author\" content=\"Eduardo Da Rocha\" \/>\n<meta name=\"twitter:card\" content=\"summary_large_image\" \/>\n<meta name=\"twitter:creator\" content=\"@EstratConcursos\" \/>\n<meta name=\"twitter:site\" content=\"@EstratConcursos\" \/>\n<meta name=\"twitter:label1\" content=\"Escrito por\" \/>\n\t<meta name=\"twitter:data1\" content=\"Eduardo Da Rocha\" \/>\n\t<meta name=\"twitter:label2\" content=\"Est. tempo de leitura\" \/>\n\t<meta name=\"twitter:data2\" content=\"3 minutos\" \/>\n<script type=\"application\/ld+json\" class=\"yoast-schema-graph\">{\"@context\":\"https:\/\/schema.org\",\"@graph\":[{\"@type\":\"NewsArticle\",\"@id\":\"https:\/\/www.estrategiaconcursos.com.br\/blog\/concursos-do-espirito-santo\/#article\",\"isPartOf\":{\"@id\":\"https:\/\/www.estrategiaconcursos.com.br\/blog\/concursos-do-espirito-santo\/\"},\"author\":{\"name\":\"Eduardo Da Rocha\",\"@id\":\"https:\/\/www.estrategiaconcursos.com.br\/blog\/#\/schema\/person\/72dcc3ee857256affea7a386e5ab8d95\"},\"headline\":\"Concursos Esp\u00edrito Santo: convocados pela Justi\u00e7a Eleitoral ter\u00e3o isen\u00e7\u00e3o\",\"datePublished\":\"2020-10-07T20:09:23+00:00\",\"dateModified\":\"2023-06-21T14:14:39+00:00\",\"mainEntityOfPage\":{\"@id\":\"https:\/\/www.estrategiaconcursos.com.br\/blog\/concursos-do-espirito-santo\/\"},\"wordCount\":604,\"publisher\":{\"@id\":\"https:\/\/www.estrategiaconcursos.com.br\/blog\/#organization\"},\"image\":{\"@id\":\"https:\/\/www.estrategiaconcursos.com.br\/blog\/concursos-do-espirito-santo\/#primaryimage\"},\"thumbnailUrl\":\"https:\/\/dhg1h5j42swfq.cloudfront.net\/2020\/07\/27112256\/concursos.jpg\",\"articleSection\":[\"Concursos P\u00fablicos\",\"Fiscal - Estadual (ICMS)\"],\"inLanguage\":\"pt-BR\",\"copyrightYear\":\"2020\",\"copyrightHolder\":{\"@id\":\"https:\/\/www.estrategiaconcursos.com.br\/blog\/#organization\"}},{\"@type\":\"WebPage\",\"@id\":\"https:\/\/www.estrategiaconcursos.com.br\/blog\/concursos-do-espirito-santo\/\",\"url\":\"https:\/\/www.estrategiaconcursos.com.br\/blog\/concursos-do-espirito-santo\/\",\"name\":\"Concursos Esp\u00edrito Santo: convocados pela Justi\u00e7a Eleitoral ter\u00e3o isen\u00e7\u00e3o\",\"isPartOf\":{\"@id\":\"https:\/\/www.estrategiaconcursos.com.br\/blog\/#website\"},\"primaryImageOfPage\":{\"@id\":\"https:\/\/www.estrategiaconcursos.com.br\/blog\/concursos-do-espirito-santo\/#primaryimage\"},\"image\":{\"@id\":\"https:\/\/www.estrategiaconcursos.com.br\/blog\/concursos-do-espirito-santo\/#primaryimage\"},\"thumbnailUrl\":\"https:\/\/dhg1h5j42swfq.cloudfront.net\/2020\/07\/27112256\/concursos.jpg\",\"datePublished\":\"2020-10-07T20:09:23+00:00\",\"dateModified\":\"2023-06-21T14:14:39+00:00\",\"description\":\"Concursos do Esp\u00edrito Santo: CONVOCADOS E NOMEADOS pela Justi\u00e7a Eleitoral ter\u00e3o isen\u00e7\u00e3o no valor da taxa fixada. CONFIRA AQUI!\",\"breadcrumb\":{\"@id\":\"https:\/\/www.estrategiaconcursos.com.br\/blog\/concursos-do-espirito-santo\/#breadcrumb\"},\"inLanguage\":\"pt-BR\",\"potentialAction\":[{\"@type\":\"ReadAction\",\"target\":[\"https:\/\/www.estrategiaconcursos.com.br\/blog\/concursos-do-espirito-santo\/\"]}]},{\"@type\":\"ImageObject\",\"inLanguage\":\"pt-BR\",\"@id\":\"https:\/\/www.estrategiaconcursos.com.br\/blog\/concursos-do-espirito-santo\/#primaryimage\",\"url\":\"https:\/\/dhg1h5j42swfq.cloudfront.net\/2020\/07\/27112256\/concursos.jpg\",\"contentUrl\":\"https:\/\/dhg1h5j42swfq.cloudfront.net\/2020\/07\/27112256\/concursos.jpg\",\"width\":1024,\"height\":536,\"caption\":\"Concursos do Esp\u00edrito do Santo\"},{\"@type\":\"BreadcrumbList\",\"@id\":\"https:\/\/www.estrategiaconcursos.com.br\/blog\/concursos-do-espirito-santo\/#breadcrumb\",\"itemListElement\":[{\"@type\":\"ListItem\",\"position\":1,\"name\":\"In\u00edcio\",\"item\":\"https:\/\/www.estrategiaconcursos.com.br\/blog\/\"},{\"@type\":\"ListItem\",\"position\":2,\"name\":\"Concursos Esp\u00edrito Santo: convocados pela Justi\u00e7a Eleitoral ter\u00e3o isen\u00e7\u00e3o\"}]},{\"@type\":\"WebSite\",\"@id\":\"https:\/\/www.estrategiaconcursos.com.br\/blog\/#website\",\"url\":\"https:\/\/www.estrategiaconcursos.com.br\/blog\/\",\"name\":\"Estrat\u00e9gia Concursos\",\"description\":\"O blog da Estrat\u00e9gia Concursos traz not\u00edcias sobre concursos e artigos de professores oferecendo cursos para concursos (pdf + videaulas) no site.\",\"publisher\":{\"@id\":\"https:\/\/www.estrategiaconcursos.com.br\/blog\/#organization\"},\"potentialAction\":[{\"@type\":\"SearchAction\",\"target\":{\"@type\":\"EntryPoint\",\"urlTemplate\":\"https:\/\/www.estrategiaconcursos.com.br\/blog\/?s={search_term_string}\"},\"query-input\":{\"@type\":\"PropertyValueSpecification\",\"valueRequired\":true,\"valueName\":\"search_term_string\"}}],\"inLanguage\":\"pt-BR\"},{\"@type\":\"Organization\",\"@id\":\"https:\/\/www.estrategiaconcursos.com.br\/blog\/#organization\",\"name\":\"Estrat\u00e9gia Concursos\",\"url\":\"https:\/\/www.estrategiaconcursos.com.br\/blog\/\",\"logo\":{\"@type\":\"ImageObject\",\"inLanguage\":\"pt-BR\",\"@id\":\"https:\/\/www.estrategiaconcursos.com.br\/blog\/#\/schema\/logo\/image\/\",\"url\":\"https:\/\/dhg1h5j42swfq.cloudfront.net\/2025\/06\/03203428\/logo_concursos-1.jpg\",\"contentUrl\":\"https:\/\/dhg1h5j42swfq.cloudfront.net\/2025\/06\/03203428\/logo_concursos-1.jpg\",\"width\":230,\"height\":60,\"caption\":\"Estrat\u00e9gia Concursos\"},\"image\":{\"@id\":\"https:\/\/www.estrategiaconcursos.com.br\/blog\/#\/schema\/logo\/image\/\"},\"sameAs\":[\"https:\/\/x.com\/EstratConcursos\"]},{\"@type\":\"Person\",\"@id\":\"https:\/\/www.estrategiaconcursos.com.br\/blog\/#\/schema\/person\/72dcc3ee857256affea7a386e5ab8d95\",\"name\":\"Eduardo Da Rocha\",\"image\":{\"@type\":\"ImageObject\",\"inLanguage\":\"pt-BR\",\"@id\":\"https:\/\/secure.gravatar.com\/avatar\/dc38a9509db389e7f37ec942aa45a2cdcc18df4d080e47bc2e407cc634ca1a14?s=96&d=mm&r=g\",\"url\":\"https:\/\/secure.gravatar.com\/avatar\/dc38a9509db389e7f37ec942aa45a2cdcc18df4d080e47bc2e407cc634ca1a14?s=96&d=mm&r=g\",\"contentUrl\":\"https:\/\/secure.gravatar.com\/avatar\/dc38a9509db389e7f37ec942aa45a2cdcc18df4d080e47bc2e407cc634ca1a14?s=96&d=mm&r=g\",\"caption\":\"Eduardo Da Rocha\"},\"url\":\"https:\/\/www.estrategiaconcursos.com.br\/blog\/author\/eduardodarochaestrategiaconcursos-com-br\/\"}]}<\/script>\n<!-- \/ Yoast SEO Premium plugin. -->","yoast_head_json":{"title":"Concursos Esp\u00edrito Santo: convocados pela Justi\u00e7a Eleitoral ter\u00e3o isen\u00e7\u00e3o","description":"Concursos do Esp\u00edrito Santo: CONVOCADOS E NOMEADOS pela Justi\u00e7a Eleitoral ter\u00e3o isen\u00e7\u00e3o no valor da taxa fixada. CONFIRA AQUI!","robots":{"index":"index","follow":"follow","max-snippet":"max-snippet:-1","max-image-preview":"max-image-preview:large","max-video-preview":"max-video-preview:-1"},"canonical":"https:\/\/www.estrategiaconcursos.com.br\/blog\/concursos-do-espirito-santo\/","og_locale":"pt_BR","og_type":"article","og_title":"Concursos Esp\u00edrito Santo: convocados pela Justi\u00e7a Eleitoral ter\u00e3o isen\u00e7\u00e3o","og_description":"Concursos do Esp\u00edrito Santo: CONVOCADOS E NOMEADOS pela Justi\u00e7a Eleitoral ter\u00e3o isen\u00e7\u00e3o no valor da taxa fixada. CONFIRA AQUI!","og_url":"https:\/\/www.estrategiaconcursos.com.br\/blog\/concursos-do-espirito-santo\/","og_site_name":"Estrat\u00e9gia Concursos","article_published_time":"2020-10-07T20:09:23+00:00","article_modified_time":"2023-06-21T14:14:39+00:00","og_image":[{"width":1024,"height":536,"url":"https:\/\/dhg1h5j42swfq.cloudfront.net\/2020\/07\/27112256\/concursos.jpg","type":"image\/jpeg"}],"author":"Eduardo Da Rocha","twitter_card":"summary_large_image","twitter_creator":"@EstratConcursos","twitter_site":"@EstratConcursos","twitter_misc":{"Escrito por":"Eduardo Da Rocha","Est. tempo de leitura":"3 minutos"},"schema":{"@context":"https:\/\/schema.org","@graph":[{"@type":"NewsArticle","@id":"https:\/\/www.estrategiaconcursos.com.br\/blog\/concursos-do-espirito-santo\/#article","isPartOf":{"@id":"https:\/\/www.estrategiaconcursos.com.br\/blog\/concursos-do-espirito-santo\/"},"author":{"name":"Eduardo Da Rocha","@id":"https:\/\/www.estrategiaconcursos.com.br\/blog\/#\/schema\/person\/72dcc3ee857256affea7a386e5ab8d95"},"headline":"Concursos Esp\u00edrito Santo: convocados pela Justi\u00e7a Eleitoral ter\u00e3o isen\u00e7\u00e3o","datePublished":"2020-10-07T20:09:23+00:00","dateModified":"2023-06-21T14:14:39+00:00","mainEntityOfPage":{"@id":"https:\/\/www.estrategiaconcursos.com.br\/blog\/concursos-do-espirito-santo\/"},"wordCount":604,"publisher":{"@id":"https:\/\/www.estrategiaconcursos.com.br\/blog\/#organization"},"image":{"@id":"https:\/\/www.estrategiaconcursos.com.br\/blog\/concursos-do-espirito-santo\/#primaryimage"},"thumbnailUrl":"https:\/\/dhg1h5j42swfq.cloudfront.net\/2020\/07\/27112256\/concursos.jpg","articleSection":["Concursos P\u00fablicos","Fiscal - Estadual (ICMS)"],"inLanguage":"pt-BR","copyrightYear":"2020","copyrightHolder":{"@id":"https:\/\/www.estrategiaconcursos.com.br\/blog\/#organization"}},{"@type":"WebPage","@id":"https:\/\/www.estrategiaconcursos.com.br\/blog\/concursos-do-espirito-santo\/","url":"https:\/\/www.estrategiaconcursos.com.br\/blog\/concursos-do-espirito-santo\/","name":"Concursos Esp\u00edrito Santo: convocados pela Justi\u00e7a Eleitoral ter\u00e3o isen\u00e7\u00e3o","isPartOf":{"@id":"https:\/\/www.estrategiaconcursos.com.br\/blog\/#website"},"primaryImageOfPage":{"@id":"https:\/\/www.estrategiaconcursos.com.br\/blog\/concursos-do-espirito-santo\/#primaryimage"},"image":{"@id":"https:\/\/www.estrategiaconcursos.com.br\/blog\/concursos-do-espirito-santo\/#primaryimage"},"thumbnailUrl":"https:\/\/dhg1h5j42swfq.cloudfront.net\/2020\/07\/27112256\/concursos.jpg","datePublished":"2020-10-07T20:09:23+00:00","dateModified":"2023-06-21T14:14:39+00:00","description":"Concursos do Esp\u00edrito Santo: CONVOCADOS E NOMEADOS pela Justi\u00e7a Eleitoral ter\u00e3o isen\u00e7\u00e3o no valor da taxa fixada. CONFIRA AQUI!","breadcrumb":{"@id":"https:\/\/www.estrategiaconcursos.com.br\/blog\/concursos-do-espirito-santo\/#breadcrumb"},"inLanguage":"pt-BR","potentialAction":[{"@type":"ReadAction","target":["https:\/\/www.estrategiaconcursos.com.br\/blog\/concursos-do-espirito-santo\/"]}]},{"@type":"ImageObject","inLanguage":"pt-BR","@id":"https:\/\/www.estrategiaconcursos.com.br\/blog\/concursos-do-espirito-santo\/#primaryimage","url":"https:\/\/dhg1h5j42swfq.cloudfront.net\/2020\/07\/27112256\/concursos.jpg","contentUrl":"https:\/\/dhg1h5j42swfq.cloudfront.net\/2020\/07\/27112256\/concursos.jpg","width":1024,"height":536,"caption":"Concursos do Esp\u00edrito do Santo"},{"@type":"BreadcrumbList","@id":"https:\/\/www.estrategiaconcursos.com.br\/blog\/concursos-do-espirito-santo\/#breadcrumb","itemListElement":[{"@type":"ListItem","position":1,"name":"In\u00edcio","item":"https:\/\/www.estrategiaconcursos.com.br\/blog\/"},{"@type":"ListItem","position":2,"name":"Concursos Esp\u00edrito Santo: convocados pela Justi\u00e7a Eleitoral ter\u00e3o isen\u00e7\u00e3o"}]},{"@type":"WebSite","@id":"https:\/\/www.estrategiaconcursos.com.br\/blog\/#website","url":"https:\/\/www.estrategiaconcursos.com.br\/blog\/","name":"Estrat\u00e9gia Concursos","description":"O blog da Estrat\u00e9gia Concursos traz not\u00edcias sobre concursos e artigos de professores oferecendo cursos para concursos (pdf + videaulas) no site.","publisher":{"@id":"https:\/\/www.estrategiaconcursos.com.br\/blog\/#organization"},"potentialAction":[{"@type":"SearchAction","target":{"@type":"EntryPoint","urlTemplate":"https:\/\/www.estrategiaconcursos.com.br\/blog\/?s={search_term_string}"},"query-input":{"@type":"PropertyValueSpecification","valueRequired":true,"valueName":"search_term_string"}}],"inLanguage":"pt-BR"},{"@type":"Organization","@id":"https:\/\/www.estrategiaconcursos.com.br\/blog\/#organization","name":"Estrat\u00e9gia Concursos","url":"https:\/\/www.estrategiaconcursos.com.br\/blog\/","logo":{"@type":"ImageObject","inLanguage":"pt-BR","@id":"https:\/\/www.estrategiaconcursos.com.br\/blog\/#\/schema\/logo\/image\/","url":"https:\/\/dhg1h5j42swfq.cloudfront.net\/2025\/06\/03203428\/logo_concursos-1.jpg","contentUrl":"https:\/\/dhg1h5j42swfq.cloudfront.net\/2025\/06\/03203428\/logo_concursos-1.jpg","width":230,"height":60,"caption":"Estrat\u00e9gia Concursos"},"image":{"@id":"https:\/\/www.estrategiaconcursos.com.br\/blog\/#\/schema\/logo\/image\/"},"sameAs":["https:\/\/x.com\/EstratConcursos"]},{"@type":"Person","@id":"https:\/\/www.estrategiaconcursos.com.br\/blog\/#\/schema\/person\/72dcc3ee857256affea7a386e5ab8d95","name":"Eduardo Da Rocha","image":{"@type":"ImageObject","inLanguage":"pt-BR","@id":"https:\/\/secure.gravatar.com\/avatar\/dc38a9509db389e7f37ec942aa45a2cdcc18df4d080e47bc2e407cc634ca1a14?s=96&d=mm&r=g","url":"https:\/\/secure.gravatar.com\/avatar\/dc38a9509db389e7f37ec942aa45a2cdcc18df4d080e47bc2e407cc634ca1a14?s=96&d=mm&r=g","contentUrl":"https:\/\/secure.gravatar.com\/avatar\/dc38a9509db389e7f37ec942aa45a2cdcc18df4d080e47bc2e407cc634ca1a14?s=96&d=mm&r=g","caption":"Eduardo Da Rocha"},"url":"https:\/\/www.estrategiaconcursos.com.br\/blog\/author\/eduardodarochaestrategiaconcursos-com-br\/"}]}},"_links":{"self":[{"href":"https:\/\/www.estrategiaconcursos.com.br\/blog\/wp-json\/wp\/v2\/posts\/584417","targetHints":{"allow":["GET"]}}],"collection":[{"href":"https:\/\/www.estrategiaconcursos.com.br\/blog\/wp-json\/wp\/v2\/posts"}],"about":[{"href":"https:\/\/www.estrategiaconcursos.com.br\/blog\/wp-json\/wp\/v2\/types\/post"}],"author":[{"embeddable":true,"href":"https:\/\/www.estrategiaconcursos.com.br\/blog\/wp-json\/wp\/v2\/users\/442"}],"replies":[{"embeddable":true,"href":"https:\/\/www.estrategiaconcursos.com.br\/blog\/wp-json\/wp\/v2\/comments?post=584417"}],"version-history":[{"count":17,"href":"https:\/\/www.estrategiaconcursos.com.br\/blog\/wp-json\/wp\/v2\/posts\/584417\/revisions"}],"predecessor-version":[{"id":1236313,"href":"https:\/\/www.estrategiaconcursos.com.br\/blog\/wp-json\/wp\/v2\/posts\/584417\/revisions\/1236313"}],"wp:featuredmedia":[{"embeddable":true,"href":"https:\/\/www.estrategiaconcursos.com.br\/blog\/wp-json\/wp\/v2\/media\/547560"}],"wp:attachment":[{"href":"https:\/\/www.estrategiaconcursos.com.br\/blog\/wp-json\/wp\/v2\/media?parent=584417"}],"wp:term":[{"taxonomy":"category","embeddable":true,"href":"https:\/\/www.estrategiaconcursos.com.br\/blog\/wp-json\/wp\/v2\/categories?post=584417"},{"taxonomy":"post_tag","embeddable":true,"href":"https:\/\/www.estrategiaconcursos.com.br\/blog\/wp-json\/wp\/v2\/tags?post=584417"},{"taxonomy":"tax_estado","embeddable":true,"href":"https:\/\/www.estrategiaconcursos.com.br\/blog\/wp-json\/wp\/v2\/tax_estado?post=584417"}],"curies":[{"name":"wp","href":"https:\/\/api.w.org\/{rel}","templated":true}]}}