{"id":584333,"date":"2021-03-31T00:00:00","date_gmt":"2021-03-31T03:00:00","guid":{"rendered":"https:\/\/www.estrategiaconcursos.com.br\/blog\/?p=584333"},"modified":"2021-04-01T16:59:59","modified_gmt":"2021-04-01T19:59:59","slug":"concurso-guarda-municipal-de-crato","status":"publish","type":"post","link":"https:\/\/www.estrategiaconcursos.com.br\/blog\/concurso-guarda-municipal-de-crato\/","title":{"rendered":"Concurso Guarda de Crato: inscri\u00e7\u00f5es encerradas!"},"content":{"rendered":"\n<p>As inscri\u00e7\u00f5es para o <strong>concurso da Guarda Municipal de Crato<\/strong>, no estado do Cear\u00e1, est\u00e3o encerradas. Os candidatos interessados em ingressar na institui\u00e7\u00e3o puderam se inscrever at\u00e9 <strong>31 de mar\u00e7o de 2021<\/strong>, no site da URCA.<\/p>\n\n\n\n<p>Recentemente, foram feitas modifica\u00e7\u00f5es no cronograma do edital. Veja as mudan\u00e7as clicando <strong><a href=\"https:\/\/dhg1h5j42swfq.cloudfront.net\/2021\/02\/11162601\/anexo_ii_novocronograma_2021-1.pdf\" target=\"_blank\" rel=\"noreferrer noopener\">AQUI<\/a><\/strong>! <\/p>\n\n\n\n<p>S\u00e3o ofertadas 54 vagas imediatas, al\u00e9m de 162 para forma\u00e7\u00e3o de cadastro reserva ao cargo de Guarda Municipal, de n\u00edvel m\u00e9dio e sal\u00e1rio de R$ 1.147,41. A aplica\u00e7\u00e3o da prova objetiva est\u00e1 prevista para a 1\u00aa quinzena do m\u00eas de junho.<\/p>\n\n\n\n<p>A fim de te deixar sempre bem informado, elaboramos neste artigo as principais informa\u00e7\u00f5es e novidades sobre o concurso Guarda Municipal de Crato. Acompanhe os t\u00f3picos abaixo e n\u00e3o perca nenhum detalhe:<\/p>\n\n\n\n<ul class=\"wp-block-list\"><li><strong><em><a href=\"#principais\">Principais datas<\/a><\/em><\/strong><\/li><li><strong><em><a href=\"#cargos\">Cargos, vagas e remunera\u00e7\u00e3o<\/a><\/em><\/strong><\/li><li><strong><em><a href=\"#etapas\">Etapas e provas do concurso<\/a><\/em><\/strong><\/li><li><strong><em><a href=\"#assinatura\">Assinatura Ilimitada<\/a><\/em><\/strong><\/li><\/ul>\n\n\n\n<h2 class=\"wp-block-heading\" id=\"principais\">Principais datas do concurso Guarda Municipal de Crato <\/h2>\n\n\n\n<p class=\"has-cyan-bluish-gray-background-color has-background\"><strong>Inscri\u00e7\u00f5es<\/strong>:<s> 03 de novembro de 2020 a 31 de mar\u00e7o de 2021<\/s><br \/><strong>Isen\u00e7\u00e3o da taxa<\/strong>: <s>13 a 15 de outubro de 2020<\/s><br \/><strong>\u00daltimo dia para pagamento<\/strong>: 10 de fevereiro de 2021<br \/><strong>Prova<\/strong>: 04 julho de 2021<\/p>\n\n\n\n<h2 class=\"wp-block-heading\" id=\"cargos\">Cargos, vagas e remunera\u00e7\u00e3o do concurso Guarda Municipal de Crato <\/h2>\n\n\n\n<p>O certame oferta 54 vagas imediatas mais 162 vagas para forma\u00e7\u00e3o de cadastro reserva para Guarda Municipal. Os candidatos devem ter n\u00edvel m\u00e9dio completo e CNH m\u00ednima AB para concorrer a uma das oportunidade. Veja os detalhes abaixo:<\/p>\n\n\n\n<figure class=\"wp-block-table is-style-stripes\"><table class=\"has-subtle-pale-blue-background-color has-fixed-layout has-background\"><tbody><tr><td><strong>CARGO<\/strong><\/td><td><strong>VAGAS <\/strong><\/td><td><strong>REMUNERA\u00c7\u00c3O<\/strong><\/td><\/tr><tr><td>Guarda Municipal<\/td><td>54 + 162 CR<\/td><td>1.147,41<\/td><\/tr><\/tbody><\/table><\/figure>\n\n\n\n<h2 class=\"wp-block-heading\" id=\"etapas\">Etapas e provas do concurso Prefeitura de Guarda Municipal de Crato<\/h2>\n\n\n\n<p>O concurso Guarda Municipal de Crato ser\u00e1 constitu\u00eddo das seguintes etapas:<\/p>\n\n\n\n<p><em>1\u00aa fase: <strong>Prova Escrita Objetiva<\/strong>&nbsp;\u2013 de car\u00e1ter eliminat\u00f3rio e classificat\u00f3rio;<\/em><\/p>\n\n\n\n<p><em>2\u00aa fase: &nbsp;<strong>Teste de Aptid\u00e3o F\u00edsica, Teste de Aptid\u00e3o Psicol\u00f3gica e Curso de Forma\u00e7\u00e3o<\/strong> &#8211; de car\u00e1ter classificat\u00f3rio.<\/em><\/p>\n\n\n\n<h3 class=\"wp-block-heading\">Prova Objetiva<\/h3>\n\n\n\n<p>Com dura\u00e7\u00e3o de quatro horas, a prova escrita objetiva do concurso Prefeitura de Crato constar\u00e1 de quest\u00f5es do tipo m\u00faltipla escolha, cada uma com cinco alternativas (A, B, C, D e E), com uma \u00fanica resposta correta.<\/p>\n\n\n\n<p>A data da aplica\u00e7\u00e3o da prova objetiva ser\u00e1 divulgada atrav\u00e9s de ordem de servi\u00e7o no prazo de pelo menos&nbsp;<strong>30 dias de anteced\u00eancia da aplica\u00e7\u00e3o,<\/strong>&nbsp;com previs\u00e3o para o primeiro semestre de 2021. Fique atento!<\/p>\n\n\n\n<ul class=\"wp-block-list\"><li><strong>CARGO DE N\u00cdVEL M\u00c9DIO:<\/strong><ul><li><em>Portugu\u00eas \u2013 10 quest\u00f5es<\/em><\/li><li><em>Conhecimento l\u00f3gico matem\u00e1tico \u2013 05 quest\u00f5es<\/em><\/li><li><em>Compet\u00eancia socio-emocional \u2013 05 quest\u00f5es<\/em><\/li><li><em>Conhecimentos em inform\u00e1tica \u2013 05 quest\u00f5es<\/em><\/li><li><em>Conhecimentos Gerais \u2013 05 quest\u00f5es<\/em><\/li><li><em>Conhecimentos espec\u00edficos \u2013 15 quest\u00f5es<\/em><\/li><\/ul><\/li><\/ul>\n\n\n\n<h3 class=\"wp-block-heading\"><strong>Teste de Aptid\u00e3o F\u00edsica, Teste de Aptid\u00e3o Psicol\u00f3gica e Curso de Forma\u00e7\u00e3o<\/strong><\/h3>\n\n\n\n<p>A 2\u00aa fase do certame ser\u00e1 de car\u00e1ter classificat\u00f3rio. Nos Testes de Aptid\u00e3o Psicol\u00f3gica (TAP), Testes de Aptid\u00e3o F\u00edsica (TAF), nos Cursos de Capacita\u00e7\u00e3o e de Forma\u00e7\u00e3o, o candidato dever\u00e1 obter a condi\u00e7\u00e3o de APTO.<\/p>\n\n\n\n<h2 class=\"has-text-align-center wp-block-heading\" id=\"cursos-assinatura\">Quer estudar para o concurso Guarda de Crato?<\/h2>\n\n\n\n<div class=\"container\" id=\"boxes\">\n  <div class=\"row\">\n\n    <div class=\"col-sm\">\n      <div class=\"banner-policial\" id=\"box-assinatura\">\n        <h3 class=\"titulo-assinatura\">Guarda de Crato<\/h3>\n        <p class=\"subtitulo-assinatura\">Conhe\u00e7a os cursos<\/p>\n        <div class=\"box-botao\">\n          <a class=\"btn-assinatura\" target=\"_blank\" href=\"https:\/\/www.estrategiaconcursos.com.br\/cursosPorConcurso\/prefeitura-municipal-de-crato-ce-guarda-municipal\/\" role=\"button\" rel=\"noopener noreferrer\">Conhe\u00e7a mais<\/a>\n        <\/div>\n      <\/div>\n      <p class=\"texto-auxiliar\">Prepare-se com o melhor material e com quem mais aprova em Concursos P\u00fablicos em todo o pa\u00eds. <\/p>\n    <\/div>\n\n  <\/div>\n<\/div>\n\n\n\n<div class=\"container\" id=\"boxes\">\n  <div class=\"row\">\n\n    <div class=\"col-sm\">\n      <div class=\"estrategia\" id=\"box-assinatura\">\n        <h3 class=\"titulo-assinatura\">Assinatura de Concursos<\/h3>\n        <p class=\"subtitulo-assinatura\">Assinatura 1 ou 2 anos<\/p>\n        <div class=\"box-botao\">\n          <a class=\"btn-assinatura\" target=\"_blank\" href=\"https:\/\/www.estrategiaconcursos.com.br\/assinaturas\/\" role=\"button\" rel=\"noopener noreferrer\">ASSINE AGORA<\/a>\n        <\/div>\n      <\/div>\n      <p class=\"texto-auxiliar\"><\/p>\n    <\/div>\n\n    <div class=\"col-sm\">\n      <div class=\"questoes\" id=\"box-assinatura\">\n        <h3 class=\"titulo-assinatura\">Sistema de Quest\u00f5es<\/h3>\n        <p class=\"subtitulo-assinatura\">Assinatura de 1 ou 2 anos<\/p>\n        <div class=\"box-botao\">\n          <a class=\"btn-assinatura\" target=\"_blank\" href=\"https:\/\/www.estrategiaconcursos.com.br\/cursosPorConcurso\/sistema-de-questoes\/#\/\" role=\"button\" rel=\"noopener noreferrer\">ASSINE AGORA<\/a>\n        <\/div>\n      <\/div>\n      <p class=\"texto-auxiliar\"><\/p>\n    <\/div>\n  <\/div>\n<\/div>\n\n\n\n<div class=\"container\" id=\"boxes\">\n  <div class=\"row\">\n\n    <div class=\"col-sm\" id=\"boxes-concursos\">\n      <div style=\"background-color: #005DAD;\" class=\"conteudo-concursos\" id=\"box-concursos\">\n        <h3 class=\"titulo-assinatura\">Concursos Abertos<\/h3>\n        <p class=\"subtitulo-assinatura\">mais de 15 mil vagas<\/p>\n        <div class=\"box-botao\">\n          <a class=\"btn-assinatura\" target=\"_blank\" href=\"https:\/\/www.estrategiaconcursos.com.br\/blog\/concursos-abertos\/\" role=\"button\" rel=\"noopener noreferrer\">Conhe\u00e7a Agora<\/a>\n        <\/div>\n      <\/div>\n    <\/div>\n\n    <div class=\"col-sm\" id=\"boxes-concursos\">\n      <div style=\"background-color: #419FF0;\" class=\"conteudo-concursos\" id=\"box-concursos\">\n        <h3 class=\"titulo-assinatura\">Concursos 2021<\/h3>\n        <p class=\"subtitulo-assinatura\">mais de 17 mil vagas<\/p>\n        <div class=\"box-botao\">\n          <a class=\"btn-assinatura\" target=\"_blank\" href=\"https:\/\/www.estrategiaconcursos.com.br\/blog\/concursos-2021\/\" role=\"button\" rel=\"noopener noreferrer\">Conhe\u00e7a Agora<\/a>\n        <\/div>\n      <\/div>\n    <\/div>\n\n  <\/div>\n<\/div>\n\n\n\n<figure class=\"wp-block-image size-large is-resized\"><img loading=\"lazy\" decoding=\"async\" src=\"https:\/\/dhg1h5j42swfq.cloudfront.net\/2021\/04\/01082041\/ficha-tecnica-1024x632.png\" alt=\"concurso Guarda de Crato CE\" class=\"wp-image-706057\" width=\"291\" height=\"180\" srcset=\"https:\/\/dhg1h5j42swfq.cloudfront.net\/2021\/04\/01082041\/ficha-tecnica-1024x632.png 1024w, https:\/\/dhg1h5j42swfq.cloudfront.net\/2021\/04\/01082041\/ficha-tecnica-300x185.png 300w, https:\/\/dhg1h5j42swfq.cloudfront.net\/2021\/04\/01082041\/ficha-tecnica-768x474.png 768w, https:\/\/dhg1h5j42swfq.cloudfront.net\/2021\/04\/01082041\/ficha-tecnica-1536x948.png 1536w, https:\/\/dhg1h5j42swfq.cloudfront.net\/2021\/04\/01082041\/ficha-tecnica-610x377.png 610w, https:\/\/dhg1h5j42swfq.cloudfront.net\/2021\/04\/01082041\/ficha-tecnica.png 1571w\" sizes=\"auto, (max-width: 291px) 100vw, 291px\" \/><\/figure>\n\n\n\n<h3 class=\"wp-block-heading\" id=\"ficha\">Informa\u00e7\u00f5es do concurso Guarda de Crato CE<\/h3>\n\n\n\n<ul class=\"wp-block-list\"><li><strong>Provas<\/strong>: 04 de julho de 2021<\/li><li><strong>Vagas<\/strong>: 54 + 162 CR<\/li><li><strong>Cargos<\/strong>: Guarda Municipal<\/li><li><strong>Banca<\/strong>: URCA<\/li><li><strong>Escolaridade<\/strong>: N\u00edvel m\u00e9dio<\/li><li><strong>Edital<\/strong>:&nbsp;<a rel=\"noreferrer noopener\" href=\"https:\/\/dhg1h5j42swfq.cloudfront.net\/2020\/10\/01121910\/EDITAL-PREFEITURA-DE-CRATO-CE.pdf\" target=\"_blank\">Guarda de Crato<\/a><\/li><\/ul>\n","protected":false},"excerpt":{"rendered":"<p>As inscri\u00e7\u00f5es para o concurso da Guarda Municipal de Crato, no estado do Cear\u00e1, est\u00e3o encerradas. Os candidatos interessados em ingressar na institui\u00e7\u00e3o puderam se inscrever at\u00e9 31 de mar\u00e7o de 2021, no site da URCA. Recentemente, foram feitas modifica\u00e7\u00f5es no cronograma do edital. Veja as mudan\u00e7as clicando AQUI! S\u00e3o ofertadas 54 vagas imediatas, al\u00e9m [&hellip;]<\/p>\n","protected":false},"author":1,"featured_media":634550,"comment_status":"open","ping_status":"closed","sticky":false,"template":"","format":"standard","meta":{"post_tipo":"news_page","footnotes":""},"categories":[1988],"tags":[],"tax_estado":[219969],"class_list":["post-584333","post","type-post","status-publish","format-standard","has-post-thumbnail","hentry","category-policia","tax_estado-ce"],"acf":[],"yoast_head":"<!-- This site is optimized with the Yoast SEO Premium plugin v27.2 (Yoast SEO v27.2) - https:\/\/yoast.com\/product\/yoast-seo-premium-wordpress\/ -->\n<title>Concurso Guarda de Crato: inscri\u00e7\u00f5es encerradas!<\/title>\n<meta name=\"description\" content=\"Concurso Guarda Municipal de Crato: Edital da Prefeitura de Crato oferta 54 vagas para Guarda Municipal. Provas previstas para junho!\" \/>\n<meta name=\"robots\" content=\"index, follow, max-snippet:-1, max-image-preview:large, max-video-preview:-1\" \/>\n<link rel=\"canonical\" href=\"https:\/\/www.estrategiaconcursos.com.br\/blog\/concurso-guarda-municipal-de-crato\/\" \/>\n<meta property=\"og:locale\" content=\"pt_BR\" \/>\n<meta property=\"og:type\" content=\"article\" \/>\n<meta property=\"og:title\" content=\"Concurso Guarda de Crato: inscri\u00e7\u00f5es encerradas!\" \/>\n<meta property=\"og:description\" content=\"Concurso Guarda Municipal de Crato: Edital da Prefeitura de Crato oferta 54 vagas para Guarda Municipal. Provas previstas para junho!\" \/>\n<meta property=\"og:url\" content=\"https:\/\/www.estrategiaconcursos.com.br\/blog\/concurso-guarda-municipal-de-crato\/\" \/>\n<meta property=\"og:site_name\" content=\"Estrat\u00e9gia Concursos\" \/>\n<meta property=\"article:author\" content=\"https:\/\/www.facebook.com\/EstrategiaConcursos\" \/>\n<meta property=\"article:published_time\" content=\"2021-03-31T03:00:00+00:00\" \/>\n<meta property=\"article:modified_time\" content=\"2021-04-01T19:59:59+00:00\" \/>\n<meta property=\"og:image\" content=\"https:\/\/dhg1h5j42swfq.cloudfront.net\/2020\/10\/19101439\/guarda_municipal_de_crato_ce.jpg\" \/>\n\t<meta property=\"og:image:width\" content=\"1200\" \/>\n\t<meta property=\"og:image:height\" content=\"628\" \/>\n\t<meta property=\"og:image:type\" content=\"image\/jpeg\" \/>\n<meta name=\"author\" content=\"Coordena\u00e7\u00e3o\" \/>\n<meta name=\"twitter:card\" content=\"summary_large_image\" \/>\n<meta name=\"twitter:creator\" content=\"@EstratConcursos\" \/>\n<meta name=\"twitter:site\" content=\"@EstratConcursos\" \/>\n<meta name=\"twitter:label1\" content=\"Escrito por\" \/>\n\t<meta name=\"twitter:data1\" content=\"Coordena\u00e7\u00e3o\" \/>\n\t<meta name=\"twitter:label2\" content=\"Est. tempo de leitura\" \/>\n\t<meta name=\"twitter:data2\" content=\"3 minutos\" \/>\n<script type=\"application\/ld+json\" class=\"yoast-schema-graph\">{\"@context\":\"https:\/\/schema.org\",\"@graph\":[{\"@type\":\"NewsArticle\",\"@id\":\"https:\/\/www.estrategiaconcursos.com.br\/blog\/concurso-guarda-municipal-de-crato\/#article\",\"isPartOf\":{\"@id\":\"https:\/\/www.estrategiaconcursos.com.br\/blog\/concurso-guarda-municipal-de-crato\/\"},\"author\":{\"name\":\"Coordena\u00e7\u00e3o\",\"@id\":\"https:\/\/www.estrategiaconcursos.com.br\/blog\/#\/schema\/person\/b4a388c97673c5f483d72185668afa1f\"},\"headline\":\"Concurso Guarda de Crato: inscri\u00e7\u00f5es encerradas!\",\"datePublished\":\"2021-03-31T03:00:00+00:00\",\"dateModified\":\"2021-04-01T19:59:59+00:00\",\"mainEntityOfPage\":{\"@id\":\"https:\/\/www.estrategiaconcursos.com.br\/blog\/concurso-guarda-municipal-de-crato\/\"},\"wordCount\":590,\"commentCount\":1,\"publisher\":{\"@id\":\"https:\/\/www.estrategiaconcursos.com.br\/blog\/#organization\"},\"image\":{\"@id\":\"https:\/\/www.estrategiaconcursos.com.br\/blog\/concurso-guarda-municipal-de-crato\/#primaryimage\"},\"thumbnailUrl\":\"https:\/\/dhg1h5j42swfq.cloudfront.net\/2020\/10\/19101439\/guarda_municipal_de_crato_ce.jpg\",\"articleSection\":[\"Policial (Agente, Escriv\u00e3o e Investigador)\"],\"inLanguage\":\"pt-BR\",\"potentialAction\":[{\"@type\":\"CommentAction\",\"name\":\"Comment\",\"target\":[\"https:\/\/www.estrategiaconcursos.com.br\/blog\/concurso-guarda-municipal-de-crato\/#respond\"]}],\"copyrightYear\":\"2021\",\"copyrightHolder\":{\"@id\":\"https:\/\/www.estrategiaconcursos.com.br\/blog\/#organization\"}},{\"@type\":\"WebPage\",\"@id\":\"https:\/\/www.estrategiaconcursos.com.br\/blog\/concurso-guarda-municipal-de-crato\/\",\"url\":\"https:\/\/www.estrategiaconcursos.com.br\/blog\/concurso-guarda-municipal-de-crato\/\",\"name\":\"Concurso Guarda de Crato: inscri\u00e7\u00f5es encerradas!\",\"isPartOf\":{\"@id\":\"https:\/\/www.estrategiaconcursos.com.br\/blog\/#website\"},\"primaryImageOfPage\":{\"@id\":\"https:\/\/www.estrategiaconcursos.com.br\/blog\/concurso-guarda-municipal-de-crato\/#primaryimage\"},\"image\":{\"@id\":\"https:\/\/www.estrategiaconcursos.com.br\/blog\/concurso-guarda-municipal-de-crato\/#primaryimage\"},\"thumbnailUrl\":\"https:\/\/dhg1h5j42swfq.cloudfront.net\/2020\/10\/19101439\/guarda_municipal_de_crato_ce.jpg\",\"datePublished\":\"2021-03-31T03:00:00+00:00\",\"dateModified\":\"2021-04-01T19:59:59+00:00\",\"description\":\"Concurso Guarda Municipal de Crato: Edital da Prefeitura de Crato oferta 54 vagas para Guarda Municipal. Provas previstas para junho!\",\"breadcrumb\":{\"@id\":\"https:\/\/www.estrategiaconcursos.com.br\/blog\/concurso-guarda-municipal-de-crato\/#breadcrumb\"},\"inLanguage\":\"pt-BR\",\"potentialAction\":[{\"@type\":\"ReadAction\",\"target\":[\"https:\/\/www.estrategiaconcursos.com.br\/blog\/concurso-guarda-municipal-de-crato\/\"]}]},{\"@type\":\"ImageObject\",\"inLanguage\":\"pt-BR\",\"@id\":\"https:\/\/www.estrategiaconcursos.com.br\/blog\/concurso-guarda-municipal-de-crato\/#primaryimage\",\"url\":\"https:\/\/dhg1h5j42swfq.cloudfront.net\/2020\/10\/19101439\/guarda_municipal_de_crato_ce.jpg\",\"contentUrl\":\"https:\/\/dhg1h5j42swfq.cloudfront.net\/2020\/10\/19101439\/guarda_municipal_de_crato_ce.jpg\",\"width\":1200,\"height\":628},{\"@type\":\"BreadcrumbList\",\"@id\":\"https:\/\/www.estrategiaconcursos.com.br\/blog\/concurso-guarda-municipal-de-crato\/#breadcrumb\",\"itemListElement\":[{\"@type\":\"ListItem\",\"position\":1,\"name\":\"In\u00edcio\",\"item\":\"https:\/\/www.estrategiaconcursos.com.br\/blog\/\"},{\"@type\":\"ListItem\",\"position\":2,\"name\":\"Concurso Guarda de Crato: inscri\u00e7\u00f5es encerradas!\"}]},{\"@type\":\"WebSite\",\"@id\":\"https:\/\/www.estrategiaconcursos.com.br\/blog\/#website\",\"url\":\"https:\/\/www.estrategiaconcursos.com.br\/blog\/\",\"name\":\"Estrat\u00e9gia Concursos\",\"description\":\"O blog da Estrat\u00e9gia Concursos traz not\u00edcias sobre concursos e artigos de professores oferecendo cursos para concursos (pdf + videaulas) no site.\",\"publisher\":{\"@id\":\"https:\/\/www.estrategiaconcursos.com.br\/blog\/#organization\"},\"potentialAction\":[{\"@type\":\"SearchAction\",\"target\":{\"@type\":\"EntryPoint\",\"urlTemplate\":\"https:\/\/www.estrategiaconcursos.com.br\/blog\/?s={search_term_string}\"},\"query-input\":{\"@type\":\"PropertyValueSpecification\",\"valueRequired\":true,\"valueName\":\"search_term_string\"}}],\"inLanguage\":\"pt-BR\"},{\"@type\":\"Organization\",\"@id\":\"https:\/\/www.estrategiaconcursos.com.br\/blog\/#organization\",\"name\":\"Estrat\u00e9gia Concursos\",\"url\":\"https:\/\/www.estrategiaconcursos.com.br\/blog\/\",\"logo\":{\"@type\":\"ImageObject\",\"inLanguage\":\"pt-BR\",\"@id\":\"https:\/\/www.estrategiaconcursos.com.br\/blog\/#\/schema\/logo\/image\/\",\"url\":\"https:\/\/dhg1h5j42swfq.cloudfront.net\/2025\/06\/03203428\/logo_concursos-1.jpg\",\"contentUrl\":\"https:\/\/dhg1h5j42swfq.cloudfront.net\/2025\/06\/03203428\/logo_concursos-1.jpg\",\"width\":230,\"height\":60,\"caption\":\"Estrat\u00e9gia Concursos\"},\"image\":{\"@id\":\"https:\/\/www.estrategiaconcursos.com.br\/blog\/#\/schema\/logo\/image\/\"},\"sameAs\":[\"https:\/\/x.com\/EstratConcursos\"]},{\"@type\":\"Person\",\"@id\":\"https:\/\/www.estrategiaconcursos.com.br\/blog\/#\/schema\/person\/b4a388c97673c5f483d72185668afa1f\",\"name\":\"Coordena\u00e7\u00e3o\",\"image\":{\"@type\":\"ImageObject\",\"inLanguage\":\"pt-BR\",\"@id\":\"https:\/\/secure.gravatar.com\/avatar\/b720319e4c9a967eb58678d110f4fe35452fc5d5f97b202bac7b8acceb18c6ad?s=96&d=mm&r=g\",\"url\":\"https:\/\/secure.gravatar.com\/avatar\/b720319e4c9a967eb58678d110f4fe35452fc5d5f97b202bac7b8acceb18c6ad?s=96&d=mm&r=g\",\"contentUrl\":\"https:\/\/secure.gravatar.com\/avatar\/b720319e4c9a967eb58678d110f4fe35452fc5d5f97b202bac7b8acceb18c6ad?s=96&d=mm&r=g\",\"caption\":\"Coordena\u00e7\u00e3o\"},\"sameAs\":[\"https:\/\/www.facebook.com\/EstrategiaConcursos\",\"https:\/\/x.com\/EstratConcursos\"],\"url\":\"https:\/\/www.estrategiaconcursos.com.br\/blog\/author\/estrategia2013\/\"}]}<\/script>\n<!-- \/ Yoast SEO Premium plugin. -->","yoast_head_json":{"title":"Concurso Guarda de Crato: inscri\u00e7\u00f5es encerradas!","description":"Concurso Guarda Municipal de Crato: Edital da Prefeitura de Crato oferta 54 vagas para Guarda Municipal. Provas previstas para junho!","robots":{"index":"index","follow":"follow","max-snippet":"max-snippet:-1","max-image-preview":"max-image-preview:large","max-video-preview":"max-video-preview:-1"},"canonical":"https:\/\/www.estrategiaconcursos.com.br\/blog\/concurso-guarda-municipal-de-crato\/","og_locale":"pt_BR","og_type":"article","og_title":"Concurso Guarda de Crato: inscri\u00e7\u00f5es encerradas!","og_description":"Concurso Guarda Municipal de Crato: Edital da Prefeitura de Crato oferta 54 vagas para Guarda Municipal. Provas previstas para junho!","og_url":"https:\/\/www.estrategiaconcursos.com.br\/blog\/concurso-guarda-municipal-de-crato\/","og_site_name":"Estrat\u00e9gia Concursos","article_author":"https:\/\/www.facebook.com\/EstrategiaConcursos","article_published_time":"2021-03-31T03:00:00+00:00","article_modified_time":"2021-04-01T19:59:59+00:00","og_image":[{"width":1200,"height":628,"url":"https:\/\/dhg1h5j42swfq.cloudfront.net\/2020\/10\/19101439\/guarda_municipal_de_crato_ce.jpg","type":"image\/jpeg"}],"author":"Coordena\u00e7\u00e3o","twitter_card":"summary_large_image","twitter_creator":"@EstratConcursos","twitter_site":"@EstratConcursos","twitter_misc":{"Escrito por":"Coordena\u00e7\u00e3o","Est. tempo de leitura":"3 minutos"},"schema":{"@context":"https:\/\/schema.org","@graph":[{"@type":"NewsArticle","@id":"https:\/\/www.estrategiaconcursos.com.br\/blog\/concurso-guarda-municipal-de-crato\/#article","isPartOf":{"@id":"https:\/\/www.estrategiaconcursos.com.br\/blog\/concurso-guarda-municipal-de-crato\/"},"author":{"name":"Coordena\u00e7\u00e3o","@id":"https:\/\/www.estrategiaconcursos.com.br\/blog\/#\/schema\/person\/b4a388c97673c5f483d72185668afa1f"},"headline":"Concurso Guarda de Crato: inscri\u00e7\u00f5es encerradas!","datePublished":"2021-03-31T03:00:00+00:00","dateModified":"2021-04-01T19:59:59+00:00","mainEntityOfPage":{"@id":"https:\/\/www.estrategiaconcursos.com.br\/blog\/concurso-guarda-municipal-de-crato\/"},"wordCount":590,"commentCount":1,"publisher":{"@id":"https:\/\/www.estrategiaconcursos.com.br\/blog\/#organization"},"image":{"@id":"https:\/\/www.estrategiaconcursos.com.br\/blog\/concurso-guarda-municipal-de-crato\/#primaryimage"},"thumbnailUrl":"https:\/\/dhg1h5j42swfq.cloudfront.net\/2020\/10\/19101439\/guarda_municipal_de_crato_ce.jpg","articleSection":["Policial (Agente, Escriv\u00e3o e Investigador)"],"inLanguage":"pt-BR","potentialAction":[{"@type":"CommentAction","name":"Comment","target":["https:\/\/www.estrategiaconcursos.com.br\/blog\/concurso-guarda-municipal-de-crato\/#respond"]}],"copyrightYear":"2021","copyrightHolder":{"@id":"https:\/\/www.estrategiaconcursos.com.br\/blog\/#organization"}},{"@type":"WebPage","@id":"https:\/\/www.estrategiaconcursos.com.br\/blog\/concurso-guarda-municipal-de-crato\/","url":"https:\/\/www.estrategiaconcursos.com.br\/blog\/concurso-guarda-municipal-de-crato\/","name":"Concurso Guarda de Crato: inscri\u00e7\u00f5es encerradas!","isPartOf":{"@id":"https:\/\/www.estrategiaconcursos.com.br\/blog\/#website"},"primaryImageOfPage":{"@id":"https:\/\/www.estrategiaconcursos.com.br\/blog\/concurso-guarda-municipal-de-crato\/#primaryimage"},"image":{"@id":"https:\/\/www.estrategiaconcursos.com.br\/blog\/concurso-guarda-municipal-de-crato\/#primaryimage"},"thumbnailUrl":"https:\/\/dhg1h5j42swfq.cloudfront.net\/2020\/10\/19101439\/guarda_municipal_de_crato_ce.jpg","datePublished":"2021-03-31T03:00:00+00:00","dateModified":"2021-04-01T19:59:59+00:00","description":"Concurso Guarda Municipal de Crato: Edital da Prefeitura de Crato oferta 54 vagas para Guarda Municipal. Provas previstas para junho!","breadcrumb":{"@id":"https:\/\/www.estrategiaconcursos.com.br\/blog\/concurso-guarda-municipal-de-crato\/#breadcrumb"},"inLanguage":"pt-BR","potentialAction":[{"@type":"ReadAction","target":["https:\/\/www.estrategiaconcursos.com.br\/blog\/concurso-guarda-municipal-de-crato\/"]}]},{"@type":"ImageObject","inLanguage":"pt-BR","@id":"https:\/\/www.estrategiaconcursos.com.br\/blog\/concurso-guarda-municipal-de-crato\/#primaryimage","url":"https:\/\/dhg1h5j42swfq.cloudfront.net\/2020\/10\/19101439\/guarda_municipal_de_crato_ce.jpg","contentUrl":"https:\/\/dhg1h5j42swfq.cloudfront.net\/2020\/10\/19101439\/guarda_municipal_de_crato_ce.jpg","width":1200,"height":628},{"@type":"BreadcrumbList","@id":"https:\/\/www.estrategiaconcursos.com.br\/blog\/concurso-guarda-municipal-de-crato\/#breadcrumb","itemListElement":[{"@type":"ListItem","position":1,"name":"In\u00edcio","item":"https:\/\/www.estrategiaconcursos.com.br\/blog\/"},{"@type":"ListItem","position":2,"name":"Concurso Guarda de Crato: inscri\u00e7\u00f5es encerradas!"}]},{"@type":"WebSite","@id":"https:\/\/www.estrategiaconcursos.com.br\/blog\/#website","url":"https:\/\/www.estrategiaconcursos.com.br\/blog\/","name":"Estrat\u00e9gia Concursos","description":"O blog da Estrat\u00e9gia Concursos traz not\u00edcias sobre concursos e artigos de professores oferecendo cursos para concursos (pdf + videaulas) no site.","publisher":{"@id":"https:\/\/www.estrategiaconcursos.com.br\/blog\/#organization"},"potentialAction":[{"@type":"SearchAction","target":{"@type":"EntryPoint","urlTemplate":"https:\/\/www.estrategiaconcursos.com.br\/blog\/?s={search_term_string}"},"query-input":{"@type":"PropertyValueSpecification","valueRequired":true,"valueName":"search_term_string"}}],"inLanguage":"pt-BR"},{"@type":"Organization","@id":"https:\/\/www.estrategiaconcursos.com.br\/blog\/#organization","name":"Estrat\u00e9gia Concursos","url":"https:\/\/www.estrategiaconcursos.com.br\/blog\/","logo":{"@type":"ImageObject","inLanguage":"pt-BR","@id":"https:\/\/www.estrategiaconcursos.com.br\/blog\/#\/schema\/logo\/image\/","url":"https:\/\/dhg1h5j42swfq.cloudfront.net\/2025\/06\/03203428\/logo_concursos-1.jpg","contentUrl":"https:\/\/dhg1h5j42swfq.cloudfront.net\/2025\/06\/03203428\/logo_concursos-1.jpg","width":230,"height":60,"caption":"Estrat\u00e9gia Concursos"},"image":{"@id":"https:\/\/www.estrategiaconcursos.com.br\/blog\/#\/schema\/logo\/image\/"},"sameAs":["https:\/\/x.com\/EstratConcursos"]},{"@type":"Person","@id":"https:\/\/www.estrategiaconcursos.com.br\/blog\/#\/schema\/person\/b4a388c97673c5f483d72185668afa1f","name":"Coordena\u00e7\u00e3o","image":{"@type":"ImageObject","inLanguage":"pt-BR","@id":"https:\/\/secure.gravatar.com\/avatar\/b720319e4c9a967eb58678d110f4fe35452fc5d5f97b202bac7b8acceb18c6ad?s=96&d=mm&r=g","url":"https:\/\/secure.gravatar.com\/avatar\/b720319e4c9a967eb58678d110f4fe35452fc5d5f97b202bac7b8acceb18c6ad?s=96&d=mm&r=g","contentUrl":"https:\/\/secure.gravatar.com\/avatar\/b720319e4c9a967eb58678d110f4fe35452fc5d5f97b202bac7b8acceb18c6ad?s=96&d=mm&r=g","caption":"Coordena\u00e7\u00e3o"},"sameAs":["https:\/\/www.facebook.com\/EstrategiaConcursos","https:\/\/x.com\/EstratConcursos"],"url":"https:\/\/www.estrategiaconcursos.com.br\/blog\/author\/estrategia2013\/"}]}},"_links":{"self":[{"href":"https:\/\/www.estrategiaconcursos.com.br\/blog\/wp-json\/wp\/v2\/posts\/584333","targetHints":{"allow":["GET"]}}],"collection":[{"href":"https:\/\/www.estrategiaconcursos.com.br\/blog\/wp-json\/wp\/v2\/posts"}],"about":[{"href":"https:\/\/www.estrategiaconcursos.com.br\/blog\/wp-json\/wp\/v2\/types\/post"}],"author":[{"embeddable":true,"href":"https:\/\/www.estrategiaconcursos.com.br\/blog\/wp-json\/wp\/v2\/users\/1"}],"replies":[{"embeddable":true,"href":"https:\/\/www.estrategiaconcursos.com.br\/blog\/wp-json\/wp\/v2\/comments?post=584333"}],"version-history":[{"count":16,"href":"https:\/\/www.estrategiaconcursos.com.br\/blog\/wp-json\/wp\/v2\/posts\/584333\/revisions"}],"predecessor-version":[{"id":706888,"href":"https:\/\/www.estrategiaconcursos.com.br\/blog\/wp-json\/wp\/v2\/posts\/584333\/revisions\/706888"}],"wp:featuredmedia":[{"embeddable":true,"href":"https:\/\/www.estrategiaconcursos.com.br\/blog\/wp-json\/wp\/v2\/media\/634550"}],"wp:attachment":[{"href":"https:\/\/www.estrategiaconcursos.com.br\/blog\/wp-json\/wp\/v2\/media?parent=584333"}],"wp:term":[{"taxonomy":"category","embeddable":true,"href":"https:\/\/www.estrategiaconcursos.com.br\/blog\/wp-json\/wp\/v2\/categories?post=584333"},{"taxonomy":"post_tag","embeddable":true,"href":"https:\/\/www.estrategiaconcursos.com.br\/blog\/wp-json\/wp\/v2\/tags?post=584333"},{"taxonomy":"tax_estado","embeddable":true,"href":"https:\/\/www.estrategiaconcursos.com.br\/blog\/wp-json\/wp\/v2\/tax_estado?post=584333"}],"curies":[{"name":"wp","href":"https:\/\/api.w.org\/{rel}","templated":true}]}}